{"id":135625,"date":"2019-12-30T18:33:25","date_gmt":"2019-12-30T18:33:25","guid":{"rendered":"http:\/\/candas365.es\/noticias\/?p=135625"},"modified":"2019-12-30T18:33:25","modified_gmt":"2019-12-30T18:33:25","slug":"los-herederos-de-la-familia-aja-formalizaran-la-renovacion-del-deposito-de-tres-obras-de-anton","status":"publish","type":"post","link":"https:\/\/candas365.es\/noticias\/los-herederos-de-la-familia-aja-formalizaran-la-renovacion-del-deposito-de-tres-obras-de-anton\/","title":{"rendered":"Los herederos de la familia Aja formalizar\u00e1n la renovaci\u00f3n del dep\u00f3sito de tres obras de Ant\u00f3n"},"content":{"rendered":"<p><img fetchpriority=\"high\" decoding=\"async\" class=\"alignleft size-medium wp-image-11794\" src=\"https:\/\/candas365.es\/noticias\/wp-content\/uploads\/2015\/06\/museo-322x300.jpg\" alt=\"\" width=\"322\" height=\"300\" srcset=\"https:\/\/candas365.es\/noticias\/wp-content\/uploads\/2015\/06\/museo-322x300.jpg 322w, https:\/\/candas365.es\/noticias\/wp-content\/uploads\/2015\/06\/museo-516x480.jpg 516w, https:\/\/candas365.es\/noticias\/wp-content\/uploads\/2015\/06\/museo-768x715.jpg 768w, https:\/\/candas365.es\/noticias\/wp-content\/uploads\/2015\/06\/museo-1536x1430.jpg 1536w, https:\/\/candas365.es\/noticias\/wp-content\/uploads\/2015\/06\/museo-150x140.jpg 150w, https:\/\/candas365.es\/noticias\/wp-content\/uploads\/2015\/06\/museo-450x419.jpg 450w, https:\/\/candas365.es\/noticias\/wp-content\/uploads\/2015\/06\/museo-1200x1117.jpg 1200w, https:\/\/candas365.es\/noticias\/wp-content\/uploads\/2015\/06\/museo-696x648.jpg 696w, https:\/\/candas365.es\/noticias\/wp-content\/uploads\/2015\/06\/museo-1068x994.jpg 1068w, https:\/\/candas365.es\/noticias\/wp-content\/uploads\/2015\/06\/museo-451x420.jpg 451w, https:\/\/candas365.es\/noticias\/wp-content\/uploads\/2015\/06\/museo.jpg 1904w\" sizes=\"(max-width: 322px) 100vw, 322px\" \/>El Ayuntamiento de Carre\u00f1o inform\u00f3 que hoy, lunes, 30 de diciembre, a las 11 horas, los herederos de la familia Aja formalizar\u00e1n la renovaci\u00f3n del dep\u00f3sito de tres obras de Ant\u00f3n de su propiedad, que se conservan en el Museo, desde el a\u00f1o 1992.<\/p>\n<p>Este dep\u00f3sito lo forman las siguientes obras:<\/p>\n<ul>\n<li>Retrato de Jes\u00fas Aja, 1931. Escayola. 23 x 19 x 26 cm.<\/li>\n<li>Retrato de M\u00aa Jes\u00fas Aja, 1931. Escayola. 41 x 30 x 22 cm.<\/li>\n<li>Retrato de dama, 1935. \u00d3leo sobre tabla, 1931, 15 x 12 cm.<\/li>\n<\/ul>\n<p>Los dos retratos, como los que se conservan en los fondos museogr\u00e1ficos son de un extremado realismo debido a su aguda caracterizaci\u00f3n psicol\u00f3gica y fison\u00f3mica. En cuanto a la pintura, de formato ovalado, representa el retrato imaginario de una mujer. Todas estas obras enriquecen enormemente la colecci\u00f3n que conserva el Museo.<\/p>\n<p>Desde el Museo Ant\u00f3n se quiere agradecer la generosidad y altura de miras los herederos de la familia Aja por el dep\u00f3sito realizado, que supone una prueba tangible de la aportaci\u00f3n esencial e inestimable que representa para el Museo y para el desarrollo de su colecci\u00f3n.<\/p>\n<p>Por su otra parte, tambi\u00e9n es de destacar la extraordinaria esplendidez de la familia depositante, que ha planteado en todo momento una entrega sin contrapartidas de ninguna clase, con el \u00fanico deseo de reforzar lo mejor y al m\u00e1ximo posible los fondos del museo para disfrute tanto del vecindario de Carre\u00f1o como de sus visitantes.<\/p>\n","protected":false},"excerpt":{"rendered":"<p>El Ayuntamiento de Carre\u00f1o inform\u00f3 que hoy, lunes, 30 de diciembre, a las 11 horas, los herederos de la familia Aja formalizar\u00e1n la renovaci\u00f3n del dep\u00f3sito de tres obras de Ant\u00f3n de su propiedad, que se conservan en el Museo, desde el a\u00f1o 1992. Este dep\u00f3sito lo forman las siguientes obras: Retrato de Jes\u00fas Aja,<\/p>\n","protected":false},"author":1,"featured_media":11794,"comment_status":"closed","ping_status":"closed","sticky":false,"template":"","format":"standard","meta":{"footnotes":""},"categories":[2],"tags":[],"class_list":{"0":"post-135625","1":"post","2":"type-post","3":"status-publish","4":"format-standard","5":"has-post-thumbnail","7":"category-noticias-carreno"},"aioseo_notices":[],"aioseo_head":"\n\t\t<!-- All in One SEO Pro 4.9.6.2 - aioseo.com -->\n\t<meta name=\"description\" content=\"El Ayuntamiento de Carre\u00f1o inform\u00f3 que hoy, lunes, 30 de diciembre, a las 11 horas, los herederos de la familia Aja formalizar\u00e1n la renovaci\u00f3n del dep\u00f3sito de tres obras de Ant\u00f3n de su propiedad, que se conservan en el Museo, desde el a\u00f1o 1992. Este dep\u00f3sito lo forman las siguientes obras: Retrato de Jes\u00fas Aja,\" \/>\n\t<meta name=\"robots\" content=\"max-image-preview:large\" \/>\n\t<meta name=\"author\" content=\"Cand\u00e1s 365\"\/>\n\t<meta name=\"google-site-verification\" content=\"UA-32230408-1\" \/>\n\t<meta name=\"msvalidate.01\" content=\"354F3CDFB2DA171B47FBE9ABF1F88D5\" \/>\n\t<meta name=\"keywords\" content=\"noticias carre\u00f1o\" \/>\n\t<link rel=\"canonical\" href=\"https:\/\/candas365.es\/noticias\/los-herederos-de-la-familia-aja-formalizaran-la-renovacion-del-deposito-de-tres-obras-de-anton\/\" \/>\n\t<meta name=\"generator\" content=\"All in One SEO Pro (AIOSEO) 4.9.6.2\" \/>\n\t\t<meta property=\"og:locale\" content=\"es_ES\" \/>\n\t\t<meta property=\"og:site_name\" content=\"Cand\u00e1s 365\" \/>\n\t\t<meta property=\"og:type\" content=\"article\" \/>\n\t\t<meta property=\"og:title\" content=\"Los herederos de la familia Aja formalizar\u00e1n la renovaci\u00f3n del dep\u00f3sito de tres obras de Ant\u00f3n | Cand\u00e1s 365\" \/>\n\t\t<meta property=\"og:description\" content=\"El Ayuntamiento de Carre\u00f1o inform\u00f3 que hoy, lunes, 30 de diciembre, a las 11 horas, los herederos de la familia Aja formalizar\u00e1n la renovaci\u00f3n del dep\u00f3sito de tres obras de Ant\u00f3n de su propiedad, que se conservan en el Museo, desde el a\u00f1o 1992. Este dep\u00f3sito lo forman las siguientes obras: Retrato de Jes\u00fas Aja,\" \/>\n\t\t<meta property=\"og:url\" content=\"https:\/\/candas365.es\/noticias\/los-herederos-de-la-familia-aja-formalizaran-la-renovacion-del-deposito-de-tres-obras-de-anton\/\" \/>\n\t\t<meta property=\"og:image\" content=\"https:\/\/candas365.es\/noticias\/wp-content\/uploads\/2015\/06\/museo.jpg\" \/>\n\t\t<meta property=\"og:image:secure_url\" content=\"https:\/\/candas365.es\/noticias\/wp-content\/uploads\/2015\/06\/museo.jpg\" \/>\n\t\t<meta property=\"og:image:width\" content=\"1904\" \/>\n\t\t<meta property=\"og:image:height\" content=\"1772\" \/>\n\t\t<meta property=\"article:published_time\" content=\"2019-12-30T18:33:25+00:00\" \/>\n\t\t<meta property=\"article:modified_time\" content=\"2019-12-30T18:33:25+00:00\" \/>\n\t\t<meta property=\"article:publisher\" content=\"https:\/\/www.facebook.com\/Nachofdezber\" \/>\n\t\t<meta property=\"article:author\" content=\"https:\/\/www.facebook.com\/carrenoactualidad\" \/>\n\t\t<meta name=\"twitter:card\" content=\"summary_large_image\" \/>\n\t\t<meta name=\"twitter:site\" content=\"@NabercoDigital\" \/>\n\t\t<meta name=\"twitter:title\" content=\"Los herederos de la familia Aja formalizar\u00e1n la renovaci\u00f3n del dep\u00f3sito de tres obras de Ant\u00f3n | Cand\u00e1s 365\" \/>\n\t\t<meta name=\"twitter:description\" content=\"El Ayuntamiento de Carre\u00f1o inform\u00f3 que hoy, lunes, 30 de diciembre, a las 11 horas, los herederos de la familia Aja formalizar\u00e1n la renovaci\u00f3n del dep\u00f3sito de tres obras de Ant\u00f3n de su propiedad, que se conservan en el Museo, desde el a\u00f1o 1992. Este dep\u00f3sito lo forman las siguientes obras: Retrato de Jes\u00fas Aja,\" \/>\n\t\t<meta name=\"twitter:creator\" content=\"@nbasturias\" \/>\n\t\t<meta name=\"twitter:image\" content=\"https:\/\/candas365.es\/noticias\/wp-content\/uploads\/2015\/06\/museo.jpg\" \/>\n\t\t<meta name=\"twitter:label1\" content=\"Escrito por\" \/>\n\t\t<meta name=\"twitter:data1\" content=\"Cand\u00e1s 365\" \/>\n\t\t<meta name=\"twitter:label2\" content=\"Tiempo de lectura estimado\" \/>\n\t\t<meta name=\"twitter:data2\" content=\"1 minuto\" \/>\n\t\t<script type=\"application\/ld+json\" class=\"aioseo-schema\">\n\t\t\t{\"@context\":\"https:\\\/\\\/schema.org\",\"@graph\":[{\"@type\":\"BreadcrumbList\",\"@id\":\"https:\\\/\\\/candas365.es\\\/noticias\\\/los-herederos-de-la-familia-aja-formalizaran-la-renovacion-del-deposito-de-tres-obras-de-anton\\\/#breadcrumblist\",\"itemListElement\":[{\"@type\":\"ListItem\",\"@id\":\"https:\\\/\\\/candas365.es\\\/noticias#listItem\",\"position\":1,\"name\":\"Home\",\"item\":\"https:\\\/\\\/candas365.es\\\/noticias\",\"nextItem\":{\"@type\":\"ListItem\",\"@id\":\"https:\\\/\\\/candas365.es\\\/noticias\\\/category\\\/noticias-carreno\\\/#listItem\",\"name\":\"Noticias Carre\\u00f1o\"}},{\"@type\":\"ListItem\",\"@id\":\"https:\\\/\\\/candas365.es\\\/noticias\\\/category\\\/noticias-carreno\\\/#listItem\",\"position\":2,\"name\":\"Noticias Carre\\u00f1o\",\"item\":\"https:\\\/\\\/candas365.es\\\/noticias\\\/category\\\/noticias-carreno\\\/\",\"nextItem\":{\"@type\":\"ListItem\",\"@id\":\"https:\\\/\\\/candas365.es\\\/noticias\\\/los-herederos-de-la-familia-aja-formalizaran-la-renovacion-del-deposito-de-tres-obras-de-anton\\\/#listItem\",\"name\":\"Los herederos de la familia Aja formalizar\\u00e1n la renovaci\\u00f3n del dep\\u00f3sito de tres obras de Ant\\u00f3n\"},\"previousItem\":{\"@type\":\"ListItem\",\"@id\":\"https:\\\/\\\/candas365.es\\\/noticias#listItem\",\"name\":\"Home\"}},{\"@type\":\"ListItem\",\"@id\":\"https:\\\/\\\/candas365.es\\\/noticias\\\/los-herederos-de-la-familia-aja-formalizaran-la-renovacion-del-deposito-de-tres-obras-de-anton\\\/#listItem\",\"position\":3,\"name\":\"Los herederos de la familia Aja formalizar\\u00e1n la renovaci\\u00f3n del dep\\u00f3sito de tres obras de Ant\\u00f3n\",\"previousItem\":{\"@type\":\"ListItem\",\"@id\":\"https:\\\/\\\/candas365.es\\\/noticias\\\/category\\\/noticias-carreno\\\/#listItem\",\"name\":\"Noticias Carre\\u00f1o\"}}]},{\"@type\":\"NewsArticle\",\"@id\":\"https:\\\/\\\/candas365.es\\\/noticias\\\/los-herederos-de-la-familia-aja-formalizaran-la-renovacion-del-deposito-de-tres-obras-de-anton\\\/#newsarticle\",\"name\":\"Los herederos de la familia Aja formalizar\\u00e1n la renovaci\\u00f3n del dep\\u00f3sito de tres obras de Ant\\u00f3n | Cand\\u00e1s 365\",\"headline\":\"Los herederos de la familia Aja formalizar\\u00e1n la renovaci\\u00f3n del dep\\u00f3sito de tres obras de Ant\\u00f3n\",\"author\":{\"@id\":\"https:\\\/\\\/candas365.es\\\/noticias\\\/author\\\/admin\\\/#author\"},\"publisher\":{\"@id\":\"https:\\\/\\\/candas365.es\\\/noticias\\\/#organization\"},\"image\":{\"@type\":\"ImageObject\",\"url\":\"https:\\\/\\\/candas365.es\\\/noticias\\\/wp-content\\\/uploads\\\/2015\\\/06\\\/museo.jpg\",\"width\":1904,\"height\":1772},\"datePublished\":\"2019-12-30T18:33:25+01:00\",\"dateModified\":\"2019-12-30T18:33:25+01:00\",\"inLanguage\":\"es-ES\",\"mainEntityOfPage\":{\"@id\":\"https:\\\/\\\/candas365.es\\\/noticias\\\/los-herederos-de-la-familia-aja-formalizaran-la-renovacion-del-deposito-de-tres-obras-de-anton\\\/#webpage\"},\"isPartOf\":{\"@id\":\"https:\\\/\\\/candas365.es\\\/noticias\\\/los-herederos-de-la-familia-aja-formalizaran-la-renovacion-del-deposito-de-tres-obras-de-anton\\\/#webpage\"},\"articleSection\":\"Noticias Carre\\u00f1o\",\"dateline\":\"Publicado el diciembre 30, 2019.\"},{\"@type\":\"Organization\",\"@id\":\"https:\\\/\\\/candas365.es\\\/noticias\\\/#organization\",\"name\":\"Cand\\u00e1s 365\",\"description\":\"Cand\\u00e1s 365 es un diario digital independiente, fundado en 2012, con base en Asturias. Informamos con rigor sobre actualidad, sociedad, cultura y ocio, con una mirada local y global.\",\"url\":\"https:\\\/\\\/candas365.es\\\/noticias\\\/\",\"email\":\"info@candas365.es\",\"telephone\":\"+34652131393\",\"foundingDate\":\"2012-06-10\",\"logo\":{\"@type\":\"ImageObject\",\"url\":\"https:\\\/\\\/candas365.es\\\/noticias\\\/wp-content\\\/uploads\\\/2024\\\/09\\\/Candas-365-Redes.jpg\",\"@id\":\"https:\\\/\\\/candas365.es\\\/noticias\\\/los-herederos-de-la-familia-aja-formalizaran-la-renovacion-del-deposito-de-tres-obras-de-anton\\\/#organizationLogo\",\"width\":1152,\"height\":864,\"caption\":\"Cand\\u00e1s 365 Redes\"},\"image\":{\"@id\":\"https:\\\/\\\/candas365.es\\\/noticias\\\/los-herederos-de-la-familia-aja-formalizaran-la-renovacion-del-deposito-de-tres-obras-de-anton\\\/#organizationLogo\"},\"sameAs\":[\"https:\\\/\\\/www.facebook.com\\\/Nachofdezber\",\"https:\\\/\\\/x.com\\\/NabercoDigital\",\"https:\\\/\\\/www.instagram.com\\\/nachofdezber\\\/\",\"https:\\\/\\\/www.youtube.com\\\/channel\\\/UCZP-2wLEB9Rv6erhFmqVnvg\"],\"address\":{\"@id\":\"https:\\\/\\\/candas365.es\\\/noticias\\\/#postaladdress\",\"@type\":\"PostalAddress\",\"streetAddress\":\"san antonio 4, san antonio 4\",\"postalCode\":\"33430\",\"addressLocality\":\"Cand\\u00e1s\",\"addressRegion\":\"Asturias\",\"addressCountry\":\"ES\"}},{\"@type\":\"Person\",\"@id\":\"https:\\\/\\\/candas365.es\\\/noticias\\\/author\\\/admin\\\/#author\",\"url\":\"https:\\\/\\\/candas365.es\\\/noticias\\\/author\\\/admin\\\/\",\"name\":\"Cand\\u00e1s 365\",\"image\":{\"@type\":\"ImageObject\",\"@id\":\"https:\\\/\\\/candas365.es\\\/noticias\\\/los-herederos-de-la-familia-aja-formalizaran-la-renovacion-del-deposito-de-tres-obras-de-anton\\\/#authorImage\",\"url\":\"https:\\\/\\\/secure.gravatar.com\\\/avatar\\\/496a8e03d0c493ede1718b7934145dbdf8d89be1036b0eec9544e1094c9de390?s=96&d=mm&r=g\",\"width\":96,\"height\":96,\"caption\":\"Cand\\u00e1s 365\"},\"sameAs\":[\"https:\\\/\\\/www.facebook.com\\\/carrenoactualidad\",\"https:\\\/\\\/twitter.com\\\/nbasturias\",\"https:\\\/\\\/www.instagram.com\\\/nachofdezber\\\/\",\"https:\\\/\\\/www.youtube.com\\\/channel\\\/UCZP-2wLEB9Rv6erhFmqVnvg\"]},{\"@type\":\"WebPage\",\"@id\":\"https:\\\/\\\/candas365.es\\\/noticias\\\/los-herederos-de-la-familia-aja-formalizaran-la-renovacion-del-deposito-de-tres-obras-de-anton\\\/#webpage\",\"url\":\"https:\\\/\\\/candas365.es\\\/noticias\\\/los-herederos-de-la-familia-aja-formalizaran-la-renovacion-del-deposito-de-tres-obras-de-anton\\\/\",\"name\":\"Los herederos de la familia Aja formalizar\\u00e1n la renovaci\\u00f3n del dep\\u00f3sito de tres obras de Ant\\u00f3n | Cand\\u00e1s 365\",\"description\":\"El Ayuntamiento de Carre\\u00f1o inform\\u00f3 que hoy, lunes, 30 de diciembre, a las 11 horas, los herederos de la familia Aja formalizar\\u00e1n la renovaci\\u00f3n del dep\\u00f3sito de tres obras de Ant\\u00f3n de su propiedad, que se conservan en el Museo, desde el a\\u00f1o 1992. Este dep\\u00f3sito lo forman las siguientes obras: Retrato de Jes\\u00fas Aja,\",\"inLanguage\":\"es-ES\",\"isPartOf\":{\"@id\":\"https:\\\/\\\/candas365.es\\\/noticias\\\/#website\"},\"breadcrumb\":{\"@id\":\"https:\\\/\\\/candas365.es\\\/noticias\\\/los-herederos-de-la-familia-aja-formalizaran-la-renovacion-del-deposito-de-tres-obras-de-anton\\\/#breadcrumblist\"},\"author\":{\"@id\":\"https:\\\/\\\/candas365.es\\\/noticias\\\/author\\\/admin\\\/#author\"},\"creator\":{\"@id\":\"https:\\\/\\\/candas365.es\\\/noticias\\\/author\\\/admin\\\/#author\"},\"image\":{\"@type\":\"ImageObject\",\"url\":\"https:\\\/\\\/candas365.es\\\/noticias\\\/wp-content\\\/uploads\\\/2015\\\/06\\\/museo.jpg\",\"@id\":\"https:\\\/\\\/candas365.es\\\/noticias\\\/los-herederos-de-la-familia-aja-formalizaran-la-renovacion-del-deposito-de-tres-obras-de-anton\\\/#mainImage\",\"width\":1904,\"height\":1772},\"primaryImageOfPage\":{\"@id\":\"https:\\\/\\\/candas365.es\\\/noticias\\\/los-herederos-de-la-familia-aja-formalizaran-la-renovacion-del-deposito-de-tres-obras-de-anton\\\/#mainImage\"},\"datePublished\":\"2019-12-30T18:33:25+01:00\",\"dateModified\":\"2019-12-30T18:33:25+01:00\"},{\"@type\":\"WebSite\",\"@id\":\"https:\\\/\\\/candas365.es\\\/noticias\\\/#website\",\"url\":\"https:\\\/\\\/candas365.es\\\/noticias\\\/\",\"name\":\"Cand\\u00e1s 365\",\"alternateName\":\"Cand\\u00e1s 365 Noticias\",\"description\":\"Actualidad desde Carre\\u00f1o para el mundo\",\"inLanguage\":\"es-ES\",\"publisher\":{\"@id\":\"https:\\\/\\\/candas365.es\\\/noticias\\\/#organization\"}}]}\n\t\t<\/script>\n\t\t<!-- All in One SEO Pro -->\r\n\t\t<title>Los herederos de la familia Aja formalizar\u00e1n la renovaci\u00f3n del dep\u00f3sito de tres obras de Ant\u00f3n | Cand\u00e1s 365<\/title>\n\n","aioseo_head_json":{"title":"Los herederos de la familia Aja formalizar\u00e1n la renovaci\u00f3n del dep\u00f3sito de tres obras de Ant\u00f3n | Cand\u00e1s 365","description":"El Ayuntamiento de Carre\u00f1o inform\u00f3 que hoy, lunes, 30 de diciembre, a las 11 horas, los herederos de la familia Aja formalizar\u00e1n la renovaci\u00f3n del dep\u00f3sito de tres obras de Ant\u00f3n de su propiedad, que se conservan en el Museo, desde el a\u00f1o 1992. Este dep\u00f3sito lo forman las siguientes obras: Retrato de Jes\u00fas Aja,","canonical_url":"https:\/\/candas365.es\/noticias\/los-herederos-de-la-familia-aja-formalizaran-la-renovacion-del-deposito-de-tres-obras-de-anton\/","robots":"max-image-preview:large","keywords":"noticias carre\u00f1o","webmasterTools":{"google-site-verification":"UA-32230408-1","msvalidate.01":"354F3CDFB2DA171B47FBE9ABF1F88D5","miscellaneous":""},"schema":{"@context":"https:\/\/schema.org","@graph":[{"@type":"BreadcrumbList","@id":"https:\/\/candas365.es\/noticias\/los-herederos-de-la-familia-aja-formalizaran-la-renovacion-del-deposito-de-tres-obras-de-anton\/#breadcrumblist","itemListElement":[{"@type":"ListItem","@id":"https:\/\/candas365.es\/noticias#listItem","position":1,"name":"Home","item":"https:\/\/candas365.es\/noticias","nextItem":{"@type":"ListItem","@id":"https:\/\/candas365.es\/noticias\/category\/noticias-carreno\/#listItem","name":"Noticias Carre\u00f1o"}},{"@type":"ListItem","@id":"https:\/\/candas365.es\/noticias\/category\/noticias-carreno\/#listItem","position":2,"name":"Noticias Carre\u00f1o","item":"https:\/\/candas365.es\/noticias\/category\/noticias-carreno\/","nextItem":{"@type":"ListItem","@id":"https:\/\/candas365.es\/noticias\/los-herederos-de-la-familia-aja-formalizaran-la-renovacion-del-deposito-de-tres-obras-de-anton\/#listItem","name":"Los herederos de la familia Aja formalizar\u00e1n la renovaci\u00f3n del dep\u00f3sito de tres obras de Ant\u00f3n"},"previousItem":{"@type":"ListItem","@id":"https:\/\/candas365.es\/noticias#listItem","name":"Home"}},{"@type":"ListItem","@id":"https:\/\/candas365.es\/noticias\/los-herederos-de-la-familia-aja-formalizaran-la-renovacion-del-deposito-de-tres-obras-de-anton\/#listItem","position":3,"name":"Los herederos de la familia Aja formalizar\u00e1n la renovaci\u00f3n del dep\u00f3sito de tres obras de Ant\u00f3n","previousItem":{"@type":"ListItem","@id":"https:\/\/candas365.es\/noticias\/category\/noticias-carreno\/#listItem","name":"Noticias Carre\u00f1o"}}]},{"@type":"NewsArticle","@id":"https:\/\/candas365.es\/noticias\/los-herederos-de-la-familia-aja-formalizaran-la-renovacion-del-deposito-de-tres-obras-de-anton\/#newsarticle","name":"Los herederos de la familia Aja formalizar\u00e1n la renovaci\u00f3n del dep\u00f3sito de tres obras de Ant\u00f3n | Cand\u00e1s 365","headline":"Los herederos de la familia Aja formalizar\u00e1n la renovaci\u00f3n del dep\u00f3sito de tres obras de Ant\u00f3n","author":{"@id":"https:\/\/candas365.es\/noticias\/author\/admin\/#author"},"publisher":{"@id":"https:\/\/candas365.es\/noticias\/#organization"},"image":{"@type":"ImageObject","url":"https:\/\/candas365.es\/noticias\/wp-content\/uploads\/2015\/06\/museo.jpg","width":1904,"height":1772},"datePublished":"2019-12-30T18:33:25+01:00","dateModified":"2019-12-30T18:33:25+01:00","inLanguage":"es-ES","mainEntityOfPage":{"@id":"https:\/\/candas365.es\/noticias\/los-herederos-de-la-familia-aja-formalizaran-la-renovacion-del-deposito-de-tres-obras-de-anton\/#webpage"},"isPartOf":{"@id":"https:\/\/candas365.es\/noticias\/los-herederos-de-la-familia-aja-formalizaran-la-renovacion-del-deposito-de-tres-obras-de-anton\/#webpage"},"articleSection":"Noticias Carre\u00f1o","dateline":"Publicado el diciembre 30, 2019."},{"@type":"Organization","@id":"https:\/\/candas365.es\/noticias\/#organization","name":"Cand\u00e1s 365","description":"Cand\u00e1s 365 es un diario digital independiente, fundado en 2012, con base en Asturias. Informamos con rigor sobre actualidad, sociedad, cultura y ocio, con una mirada local y global.","url":"https:\/\/candas365.es\/noticias\/","email":"info@candas365.es","telephone":"+34652131393","foundingDate":"2012-06-10","logo":{"@type":"ImageObject","url":"https:\/\/candas365.es\/noticias\/wp-content\/uploads\/2024\/09\/Candas-365-Redes.jpg","@id":"https:\/\/candas365.es\/noticias\/los-herederos-de-la-familia-aja-formalizaran-la-renovacion-del-deposito-de-tres-obras-de-anton\/#organizationLogo","width":1152,"height":864,"caption":"Cand\u00e1s 365 Redes"},"image":{"@id":"https:\/\/candas365.es\/noticias\/los-herederos-de-la-familia-aja-formalizaran-la-renovacion-del-deposito-de-tres-obras-de-anton\/#organizationLogo"},"sameAs":["https:\/\/www.facebook.com\/Nachofdezber","https:\/\/x.com\/NabercoDigital","https:\/\/www.instagram.com\/nachofdezber\/","https:\/\/www.youtube.com\/channel\/UCZP-2wLEB9Rv6erhFmqVnvg"],"address":{"@id":"https:\/\/candas365.es\/noticias\/#postaladdress","@type":"PostalAddress","streetAddress":"san antonio 4, san antonio 4","postalCode":"33430","addressLocality":"Cand\u00e1s","addressRegion":"Asturias","addressCountry":"ES"}},{"@type":"Person","@id":"https:\/\/candas365.es\/noticias\/author\/admin\/#author","url":"https:\/\/candas365.es\/noticias\/author\/admin\/","name":"Cand\u00e1s 365","image":{"@type":"ImageObject","@id":"https:\/\/candas365.es\/noticias\/los-herederos-de-la-familia-aja-formalizaran-la-renovacion-del-deposito-de-tres-obras-de-anton\/#authorImage","url":"https:\/\/secure.gravatar.com\/avatar\/496a8e03d0c493ede1718b7934145dbdf8d89be1036b0eec9544e1094c9de390?s=96&d=mm&r=g","width":96,"height":96,"caption":"Cand\u00e1s 365"},"sameAs":["https:\/\/www.facebook.com\/carrenoactualidad","https:\/\/twitter.com\/nbasturias","https:\/\/www.instagram.com\/nachofdezber\/","https:\/\/www.youtube.com\/channel\/UCZP-2wLEB9Rv6erhFmqVnvg"]},{"@type":"WebPage","@id":"https:\/\/candas365.es\/noticias\/los-herederos-de-la-familia-aja-formalizaran-la-renovacion-del-deposito-de-tres-obras-de-anton\/#webpage","url":"https:\/\/candas365.es\/noticias\/los-herederos-de-la-familia-aja-formalizaran-la-renovacion-del-deposito-de-tres-obras-de-anton\/","name":"Los herederos de la familia Aja formalizar\u00e1n la renovaci\u00f3n del dep\u00f3sito de tres obras de Ant\u00f3n | Cand\u00e1s 365","description":"El Ayuntamiento de Carre\u00f1o inform\u00f3 que hoy, lunes, 30 de diciembre, a las 11 horas, los herederos de la familia Aja formalizar\u00e1n la renovaci\u00f3n del dep\u00f3sito de tres obras de Ant\u00f3n de su propiedad, que se conservan en el Museo, desde el a\u00f1o 1992. Este dep\u00f3sito lo forman las siguientes obras: Retrato de Jes\u00fas Aja,","inLanguage":"es-ES","isPartOf":{"@id":"https:\/\/candas365.es\/noticias\/#website"},"breadcrumb":{"@id":"https:\/\/candas365.es\/noticias\/los-herederos-de-la-familia-aja-formalizaran-la-renovacion-del-deposito-de-tres-obras-de-anton\/#breadcrumblist"},"author":{"@id":"https:\/\/candas365.es\/noticias\/author\/admin\/#author"},"creator":{"@id":"https:\/\/candas365.es\/noticias\/author\/admin\/#author"},"image":{"@type":"ImageObject","url":"https:\/\/candas365.es\/noticias\/wp-content\/uploads\/2015\/06\/museo.jpg","@id":"https:\/\/candas365.es\/noticias\/los-herederos-de-la-familia-aja-formalizaran-la-renovacion-del-deposito-de-tres-obras-de-anton\/#mainImage","width":1904,"height":1772},"primaryImageOfPage":{"@id":"https:\/\/candas365.es\/noticias\/los-herederos-de-la-familia-aja-formalizaran-la-renovacion-del-deposito-de-tres-obras-de-anton\/#mainImage"},"datePublished":"2019-12-30T18:33:25+01:00","dateModified":"2019-12-30T18:33:25+01:00"},{"@type":"WebSite","@id":"https:\/\/candas365.es\/noticias\/#website","url":"https:\/\/candas365.es\/noticias\/","name":"Cand\u00e1s 365","alternateName":"Cand\u00e1s 365 Noticias","description":"Actualidad desde Carre\u00f1o para el mundo","inLanguage":"es-ES","publisher":{"@id":"https:\/\/candas365.es\/noticias\/#organization"}}]},"og:locale":"es_ES","og:site_name":"Cand\u00e1s 365","og:type":"article","og:title":"Los herederos de la familia Aja formalizar\u00e1n la renovaci\u00f3n del dep\u00f3sito de tres obras de Ant\u00f3n | Cand\u00e1s 365","og:description":"El Ayuntamiento de Carre\u00f1o inform\u00f3 que hoy, lunes, 30 de diciembre, a las 11 horas, los herederos de la familia Aja formalizar\u00e1n la renovaci\u00f3n del dep\u00f3sito de tres obras de Ant\u00f3n de su propiedad, que se conservan en el Museo, desde el a\u00f1o 1992. Este dep\u00f3sito lo forman las siguientes obras: Retrato de Jes\u00fas Aja,","og:url":"https:\/\/candas365.es\/noticias\/los-herederos-de-la-familia-aja-formalizaran-la-renovacion-del-deposito-de-tres-obras-de-anton\/","og:image":"https:\/\/candas365.es\/noticias\/wp-content\/uploads\/2015\/06\/museo.jpg","og:image:secure_url":"https:\/\/candas365.es\/noticias\/wp-content\/uploads\/2015\/06\/museo.jpg","og:image:width":1904,"og:image:height":1772,"article:published_time":"2019-12-30T18:33:25+00:00","article:modified_time":"2019-12-30T18:33:25+00:00","article:publisher":"https:\/\/www.facebook.com\/Nachofdezber","article:author":"https:\/\/www.facebook.com\/carrenoactualidad","twitter:card":"summary_large_image","twitter:site":"@NabercoDigital","twitter:title":"Los herederos de la familia Aja formalizar\u00e1n la renovaci\u00f3n del dep\u00f3sito de tres obras de Ant\u00f3n | Cand\u00e1s 365","twitter:description":"El Ayuntamiento de Carre\u00f1o inform\u00f3 que hoy, lunes, 30 de diciembre, a las 11 horas, los herederos de la familia Aja formalizar\u00e1n la renovaci\u00f3n del dep\u00f3sito de tres obras de Ant\u00f3n de su propiedad, que se conservan en el Museo, desde el a\u00f1o 1992. Este dep\u00f3sito lo forman las siguientes obras: Retrato de Jes\u00fas Aja,","twitter:creator":"@nbasturias","twitter:image":"https:\/\/candas365.es\/noticias\/wp-content\/uploads\/2015\/06\/museo.jpg","twitter:label1":"Escrito por","twitter:data1":"Cand\u00e1s 365","twitter:label2":"Tiempo de lectura estimado","twitter:data2":"1 minuto"},"aioseo_meta_data":{"post_id":"135625","title":null,"description":null,"keywords":null,"keyphrases":null,"primary_term":null,"canonical_url":null,"og_title":null,"og_description":null,"og_object_type":"default","og_image_type":"default","og_image_url":null,"og_image_width":null,"og_image_height":null,"og_image_custom_url":null,"og_image_custom_fields":null,"og_video":null,"og_custom_url":null,"og_article_section":null,"og_article_tags":null,"twitter_use_og":false,"twitter_card":"default","twitter_image_type":"default","twitter_image_url":null,"twitter_image_custom_url":null,"twitter_image_custom_fields":null,"twitter_title":null,"twitter_description":null,"schema":{"blockGraphs":[],"customGraphs":[],"default":{"data":{"Article":[],"Course":[],"Dataset":[],"FAQPage":[],"Movie":[],"Person":[],"Product":[],"ProductReview":[],"Car":[],"Recipe":[],"Service":[],"SoftwareApplication":[],"WebPage":[]},"graphName":"","isEnabled":true},"graphs":[]},"schema_type":null,"schema_type_options":null,"pillar_content":false,"robots_default":true,"robots_noindex":false,"robots_noarchive":false,"robots_nosnippet":false,"robots_nofollow":false,"robots_noimageindex":false,"robots_noodp":false,"robots_notranslate":false,"robots_max_snippet":null,"robots_max_videopreview":null,"robots_max_imagepreview":"large","priority":null,"frequency":null,"location":null,"local_seo":null,"seo_analyzer_scan_date":"2025-08-30 20:37:25","breadcrumb_settings":null,"limit_modified_date":false,"reviewed_by":null,"open_ai":null,"ai":null,"created":"2020-12-21 10:48:44","updated":"2025-08-30 20:37:25"},"aioseo_breadcrumb":"<div class=\"aioseo-breadcrumbs\"><span class=\"aioseo-breadcrumb\">\n\t<a href=\"https:\/\/candas365.es\/noticias\" title=\"Home\">Home<\/a>\n<\/span><span class=\"aioseo-breadcrumb-separator\">&ndash;<\/span><span class=\"aioseo-breadcrumb\">\n\t<a href=\"https:\/\/candas365.es\/noticias\/category\/noticias-carreno\/\" title=\"Noticias Carre\u00f1o\">Noticias Carre\u00f1o<\/a>\n<\/span><span class=\"aioseo-breadcrumb-separator\">&ndash;<\/span><span class=\"aioseo-breadcrumb\">\n\tLos herederos de la familia Aja formalizar\u00e1n la renovaci\u00f3n del dep\u00f3sito de tres obras de Ant\u00f3n\n<\/span><\/div>","aioseo_breadcrumb_json":[{"label":"Home","link":"https:\/\/candas365.es\/noticias"},{"label":"Noticias Carre\u00f1o","link":"https:\/\/candas365.es\/noticias\/category\/noticias-carreno\/"},{"label":"Los herederos de la familia Aja formalizar\u00e1n la renovaci\u00f3n del dep\u00f3sito de tres obras de Ant\u00f3n","link":"https:\/\/candas365.es\/noticias\/los-herederos-de-la-familia-aja-formalizaran-la-renovacion-del-deposito-de-tres-obras-de-anton\/"}],"_links":{"self":[{"href":"https:\/\/candas365.es\/noticias\/wp-json\/wp\/v2\/posts\/135625","targetHints":{"allow":["GET"]}}],"collection":[{"href":"https:\/\/candas365.es\/noticias\/wp-json\/wp\/v2\/posts"}],"about":[{"href":"https:\/\/candas365.es\/noticias\/wp-json\/wp\/v2\/types\/post"}],"author":[{"embeddable":true,"href":"https:\/\/candas365.es\/noticias\/wp-json\/wp\/v2\/users\/1"}],"replies":[{"embeddable":true,"href":"https:\/\/candas365.es\/noticias\/wp-json\/wp\/v2\/comments?post=135625"}],"version-history":[{"count":0,"href":"https:\/\/candas365.es\/noticias\/wp-json\/wp\/v2\/posts\/135625\/revisions"}],"wp:featuredmedia":[{"embeddable":true,"href":"https:\/\/candas365.es\/noticias\/wp-json\/wp\/v2\/media\/11794"}],"wp:attachment":[{"href":"https:\/\/candas365.es\/noticias\/wp-json\/wp\/v2\/media?parent=135625"}],"wp:term":[{"taxonomy":"category","embeddable":true,"href":"https:\/\/candas365.es\/noticias\/wp-json\/wp\/v2\/categories?post=135625"},{"taxonomy":"post_tag","embeddable":true,"href":"https:\/\/candas365.es\/noticias\/wp-json\/wp\/v2\/tags?post=135625"}],"curies":[{"name":"wp","href":"https:\/\/api.w.org\/{rel}","templated":true}]}}