{"id":135620,"date":"2019-12-30T18:27:44","date_gmt":"2019-12-30T18:27:44","guid":{"rendered":"http:\/\/candas365.es\/noticias\/?p=135620"},"modified":"2019-12-30T18:27:44","modified_gmt":"2019-12-30T18:27:44","slug":"alvarez-rouco-vox-nunca-va-a-blanquear-un-presupuesto-catastrofico-para-el-futuro-de-asturias","status":"publish","type":"post","link":"https:\/\/candas365.es\/noticias\/alvarez-rouco-vox-nunca-va-a-blanquear-un-presupuesto-catastrofico-para-el-futuro-de-asturias\/","title":{"rendered":"\u00c1lvarez Rouco: \u00abVOX nunca va a blanquear un Presupuesto catastr\u00f3fico para el futuro de Asturias\u00bb"},"content":{"rendered":"<p><img fetchpriority=\"high\" decoding=\"async\" class=\"alignleft size-medium wp-image-132842\" src=\"https:\/\/candas365.es\/noticias\/wp-content\/uploads\/2019\/11\/Rouco-VOX-360x240.jpg\" alt=\"\" width=\"360\" height=\"240\" srcset=\"https:\/\/candas365.es\/noticias\/wp-content\/uploads\/2019\/11\/Rouco-VOX-360x240.jpg 360w, https:\/\/candas365.es\/noticias\/wp-content\/uploads\/2019\/11\/Rouco-VOX-768x511.jpg 768w, https:\/\/candas365.es\/noticias\/wp-content\/uploads\/2019\/11\/Rouco-VOX-655x436.jpg 655w, https:\/\/candas365.es\/noticias\/wp-content\/uploads\/2019\/11\/Rouco-VOX-696x463.jpg 696w, https:\/\/candas365.es\/noticias\/wp-content\/uploads\/2019\/11\/Rouco-VOX-631x420.jpg 631w, https:\/\/candas365.es\/noticias\/wp-content\/uploads\/2019\/11\/Rouco-VOX.jpg 1059w\" sizes=\"(max-width: 360px) 100vw, 360px\" \/>Los diputados de VOX en la Junta General del Principado, Ignacio Blanco y Sara \u00c1lvarez Rouco lamentaron esta ma\u00f1ana la aprobaci\u00f3n de un \u201cnefasto\u201d Presupuesto del Principado para 2020 \u201cque no traer\u00e1 progreso para Asturias, sino m\u00e1s recesi\u00f3n para todos los asturianos\u201d. Durante su intervenci\u00f3n en la sesi\u00f3n plenaria donde se sometieron a votaci\u00f3n las m\u00e1s de 200 enmiendas presentadas por el resto de grupos parlamentarios, \u00c1lvarez Rouco dej\u00f3 claro la postura de VOX \u201cque no present\u00f3 enmiendas parciales porque nunca va a ser c\u00f3mplice de unas cuentas letales para Asturias, no va a participar en este lamentable circo\u201d y record\u00f3 a los partidos que han apoyando las cuentas regionales que \u201csolo tratan de maquillar una realidad lesiva para nuestra comunidad aut\u00f3noma. Lo que necesita Asturias es un giro y no una continuidad\u201d, recalc\u00f3.<\/p>\n<p>En su discurso en la sesi\u00f3n plenaria, la diputada expuso la postura de VOX que \u201cdefiende el bienestar de los asturianos que solo se alcanzar\u00e1 con un aumento de la inversi\u00f3n, con una mejora en la gesti\u00f3n, con una disminuci\u00f3n de la presi\u00f3n fiscal y con una desaparici\u00f3n del gasto improductivo\u201d. En este sentido, remarc\u00f3 que \u201cVOX es la \u00fanica oposici\u00f3n firme al Gobierno regional\u201d y lo es, porque \u201cno nos vendemos al poder como hace el resto de los grupos parlamentarios que presentan enmiendas parciales sin futuro que suponen cambios insignificantes, el 2,2% de un presupuesto que asciende a 4.757 millones de euros, es decir, apenas 104 millones de euros\u201d. De esta manera, se\u00f1al\u00f3 \u00c1lvarez Rouco, \u201cdemuestran cu\u00e1l es su forma de hacer y de entender la pol\u00edtica. Nosotros lo tenemos claro. No vamos a blanquear nunca un presupuesto catastr\u00f3fico para el futuro de Asturias y de los asturianos\u201d.<\/p>\n<p>En este sentido, continu\u00f3 la diputada, \u201choy en el Parlamento asturiano hemos comprobado que convivimos, hoy m\u00e1s que nunca, con la veleta de Ciudadanos que ya incluso su formaci\u00f3n en Madrid no encuentra sentido a su apoyo a los socialistas y ahora se desdice; con el irrelevante Podemos, que obliga por mandato legal a ser solidarios con quienes ellos quieren, y lo demuestran una vez m\u00e1s destinando 580.000 euros al chiringuito de la Llingua; con el nuevo grupo mixto, Foro, una formaci\u00f3n a la que no sabemos a qui\u00e9n debemos dirigirnos, si a Adri\u00e1n Pumares, a Pedro Leal, a Carmen Moriy\u00f3n o a Francisco \u00c1lvarez Cascos; con el eterno aspirante, el Partido Popular, el partido del parip\u00e9 presupuestario como nos han demostrado desde que comenz\u00f3 el tr\u00e1mite presupuestario. Estamos convencidos de que son capaces de respaldar unas cuentas que calificaron como c\u00e1ncer para Asturias si dan salida a todas sus enmiendas parciales; y con IU, el empleado del PSOE\u201d, se\u00f1al\u00f3 la diputada.<\/p>\n<p>\u201cCon estos presupuestos, -indic\u00f3 \u00c1lvarez Rouco-, \u201cvan a conseguir que la idea de \u2018Mejor Asturias\u2019 que intenta \u2018vender\u2019 el PSOE a los asturianos se quedar\u00e1 en lo que viene siendo la realidad en los \u00faltimos 30 a\u00f1os, su Asturias, una comunidad gris, en declive y con un futuro tan negro como el carb\u00f3n que sal\u00eda de las cuencas que no han sabido reconvertir y que hoy llevan el camino de convertirse en un desierto\u201d.<\/p>\n<p>Para acabar con la \u201casfixia\u201d a la que \u201csometen a nuestra regi\u00f3n\u201d VOX se mantiene firme en su postura y defender\u00e1 y solo respaldar\u00e1 \u201cunos presupuestos que sean v\u00e1lidos para relanzar nuestra econom\u00eda. Por lo que no vamos a maquillar un cad\u00e1ver, un cad\u00e1ver que es una losa para Asturias\u201d. Por todo ello, continu\u00f3 la diputada, \u201cdesde VOX proponemos una mejora en la gesti\u00f3n del gastos que permita disponer de m\u00e1s recursos y reducir la presi\u00f3n fiscal evitando la fuga de empresarios a otras comunidades con un planteamiento fiscal m\u00e1s favorable. Defendemos la desaparici\u00f3n del gasto improductivo y la eliminaci\u00f3n del aparato p\u00fablico, la cantidad de organismos y asociaciones que consumen partidas important\u00edsimas y que solo valen para mantener en el puesto a sus amigos\u201d, concluy\u00f3 \u00c1lvarez Rouco.<\/p>\n","protected":false},"excerpt":{"rendered":"<p>Los diputados de VOX en la Junta General del Principado, Ignacio Blanco y Sara \u00c1lvarez Rouco lamentaron esta ma\u00f1ana la aprobaci\u00f3n de un \u201cnefasto\u201d Presupuesto del Principado para 2020 \u201cque no traer\u00e1 progreso para Asturias, sino m\u00e1s recesi\u00f3n para todos los asturianos\u201d. Durante su intervenci\u00f3n en la sesi\u00f3n plenaria donde se sometieron a votaci\u00f3n las<\/p>\n","protected":false},"author":1,"featured_media":132842,"comment_status":"closed","ping_status":"closed","sticky":false,"template":"","format":"standard","meta":{"footnotes":""},"categories":[7],"tags":[],"class_list":{"0":"post-135620","1":"post","2":"type-post","3":"status-publish","4":"format-standard","5":"has-post-thumbnail","7":"category-asturias"},"aioseo_notices":[],"aioseo_head":"\n\t\t<!-- All in One SEO Pro 4.9.6.2 - aioseo.com -->\n\t<meta name=\"description\" content=\"Los diputados de VOX en la Junta General del Principado, Ignacio Blanco y Sara \u00c1lvarez Rouco lamentaron esta ma\u00f1ana la aprobaci\u00f3n de un \u201cnefasto\u201d Presupuesto del Principado para 2020 \u201cque no traer\u00e1 progreso para Asturias, sino m\u00e1s recesi\u00f3n para todos los asturianos\u201d. Durante su intervenci\u00f3n en la sesi\u00f3n plenaria donde se sometieron a votaci\u00f3n las\" \/>\n\t<meta name=\"robots\" content=\"max-image-preview:large\" \/>\n\t<meta name=\"author\" content=\"Cand\u00e1s 365\"\/>\n\t<meta name=\"google-site-verification\" content=\"UA-32230408-1\" \/>\n\t<meta name=\"msvalidate.01\" content=\"354F3CDFB2DA171B47FBE9ABF1F88D5\" \/>\n\t<meta name=\"keywords\" content=\"asturias\" \/>\n\t<link rel=\"canonical\" href=\"https:\/\/candas365.es\/noticias\/alvarez-rouco-vox-nunca-va-a-blanquear-un-presupuesto-catastrofico-para-el-futuro-de-asturias\/\" \/>\n\t<meta name=\"generator\" content=\"All in One SEO Pro (AIOSEO) 4.9.6.2\" \/>\n\t\t<meta property=\"og:locale\" content=\"es_ES\" \/>\n\t\t<meta property=\"og:site_name\" content=\"Cand\u00e1s 365\" \/>\n\t\t<meta property=\"og:type\" content=\"article\" \/>\n\t\t<meta property=\"og:title\" content=\"\u00c1lvarez Rouco: \u00abVOX nunca va a blanquear un Presupuesto catastr\u00f3fico para el futuro de Asturias\u00bb | Cand\u00e1s 365\" \/>\n\t\t<meta property=\"og:description\" content=\"Los diputados de VOX en la Junta General del Principado, Ignacio Blanco y Sara \u00c1lvarez Rouco lamentaron esta ma\u00f1ana la aprobaci\u00f3n de un \u201cnefasto\u201d Presupuesto del Principado para 2020 \u201cque no traer\u00e1 progreso para Asturias, sino m\u00e1s recesi\u00f3n para todos los asturianos\u201d. Durante su intervenci\u00f3n en la sesi\u00f3n plenaria donde se sometieron a votaci\u00f3n las\" \/>\n\t\t<meta property=\"og:url\" content=\"https:\/\/candas365.es\/noticias\/alvarez-rouco-vox-nunca-va-a-blanquear-un-presupuesto-catastrofico-para-el-futuro-de-asturias\/\" \/>\n\t\t<meta property=\"og:image\" content=\"https:\/\/candas365.es\/noticias\/wp-content\/uploads\/2019\/11\/Rouco-VOX.jpg\" \/>\n\t\t<meta property=\"og:image:secure_url\" content=\"https:\/\/candas365.es\/noticias\/wp-content\/uploads\/2019\/11\/Rouco-VOX.jpg\" \/>\n\t\t<meta property=\"og:image:width\" content=\"1059\" \/>\n\t\t<meta property=\"og:image:height\" content=\"705\" \/>\n\t\t<meta property=\"article:published_time\" content=\"2019-12-30T18:27:44+00:00\" \/>\n\t\t<meta property=\"article:modified_time\" content=\"2019-12-30T18:27:44+00:00\" \/>\n\t\t<meta property=\"article:publisher\" content=\"https:\/\/www.facebook.com\/Nachofdezber\" \/>\n\t\t<meta property=\"article:author\" content=\"https:\/\/www.facebook.com\/carrenoactualidad\" \/>\n\t\t<meta name=\"twitter:card\" content=\"summary_large_image\" \/>\n\t\t<meta name=\"twitter:site\" content=\"@NabercoDigital\" \/>\n\t\t<meta name=\"twitter:title\" content=\"\u00c1lvarez Rouco: \u00abVOX nunca va a blanquear un Presupuesto catastr\u00f3fico para el futuro de Asturias\u00bb | Cand\u00e1s 365\" \/>\n\t\t<meta name=\"twitter:description\" content=\"Los diputados de VOX en la Junta General del Principado, Ignacio Blanco y Sara \u00c1lvarez Rouco lamentaron esta ma\u00f1ana la aprobaci\u00f3n de un \u201cnefasto\u201d Presupuesto del Principado para 2020 \u201cque no traer\u00e1 progreso para Asturias, sino m\u00e1s recesi\u00f3n para todos los asturianos\u201d. Durante su intervenci\u00f3n en la sesi\u00f3n plenaria donde se sometieron a votaci\u00f3n las\" \/>\n\t\t<meta name=\"twitter:creator\" content=\"@nbasturias\" \/>\n\t\t<meta name=\"twitter:image\" content=\"https:\/\/candas365.es\/noticias\/wp-content\/uploads\/2019\/11\/Rouco-VOX.jpg\" \/>\n\t\t<meta name=\"twitter:label1\" content=\"Escrito por\" \/>\n\t\t<meta name=\"twitter:data1\" content=\"Cand\u00e1s 365\" \/>\n\t\t<meta name=\"twitter:label2\" content=\"Tiempo de lectura estimado\" \/>\n\t\t<meta name=\"twitter:data2\" content=\"3 minutos\" \/>\n\t\t<script type=\"application\/ld+json\" class=\"aioseo-schema\">\n\t\t\t{\"@context\":\"https:\\\/\\\/schema.org\",\"@graph\":[{\"@type\":\"BreadcrumbList\",\"@id\":\"https:\\\/\\\/candas365.es\\\/noticias\\\/alvarez-rouco-vox-nunca-va-a-blanquear-un-presupuesto-catastrofico-para-el-futuro-de-asturias\\\/#breadcrumblist\",\"itemListElement\":[{\"@type\":\"ListItem\",\"@id\":\"https:\\\/\\\/candas365.es\\\/noticias#listItem\",\"position\":1,\"name\":\"Home\",\"item\":\"https:\\\/\\\/candas365.es\\\/noticias\",\"nextItem\":{\"@type\":\"ListItem\",\"@id\":\"https:\\\/\\\/candas365.es\\\/noticias\\\/category\\\/asturias\\\/#listItem\",\"name\":\"Asturias\"}},{\"@type\":\"ListItem\",\"@id\":\"https:\\\/\\\/candas365.es\\\/noticias\\\/category\\\/asturias\\\/#listItem\",\"position\":2,\"name\":\"Asturias\",\"item\":\"https:\\\/\\\/candas365.es\\\/noticias\\\/category\\\/asturias\\\/\",\"nextItem\":{\"@type\":\"ListItem\",\"@id\":\"https:\\\/\\\/candas365.es\\\/noticias\\\/alvarez-rouco-vox-nunca-va-a-blanquear-un-presupuesto-catastrofico-para-el-futuro-de-asturias\\\/#listItem\",\"name\":\"\\u00c1lvarez Rouco: \\u00abVOX nunca va a blanquear un Presupuesto catastr\\u00f3fico para el futuro de Asturias\\u00bb\"},\"previousItem\":{\"@type\":\"ListItem\",\"@id\":\"https:\\\/\\\/candas365.es\\\/noticias#listItem\",\"name\":\"Home\"}},{\"@type\":\"ListItem\",\"@id\":\"https:\\\/\\\/candas365.es\\\/noticias\\\/alvarez-rouco-vox-nunca-va-a-blanquear-un-presupuesto-catastrofico-para-el-futuro-de-asturias\\\/#listItem\",\"position\":3,\"name\":\"\\u00c1lvarez Rouco: \\u00abVOX nunca va a blanquear un Presupuesto catastr\\u00f3fico para el futuro de Asturias\\u00bb\",\"previousItem\":{\"@type\":\"ListItem\",\"@id\":\"https:\\\/\\\/candas365.es\\\/noticias\\\/category\\\/asturias\\\/#listItem\",\"name\":\"Asturias\"}}]},{\"@type\":\"NewsArticle\",\"@id\":\"https:\\\/\\\/candas365.es\\\/noticias\\\/alvarez-rouco-vox-nunca-va-a-blanquear-un-presupuesto-catastrofico-para-el-futuro-de-asturias\\\/#newsarticle\",\"name\":\"\\u00c1lvarez Rouco: \\u00abVOX nunca va a blanquear un Presupuesto catastr\\u00f3fico para el futuro de Asturias\\u00bb | Cand\\u00e1s 365\",\"headline\":\"\\u00c1lvarez Rouco: \\u00abVOX nunca va a blanquear un Presupuesto catastr\\u00f3fico para el futuro de Asturias\\u00bb\",\"author\":{\"@id\":\"https:\\\/\\\/candas365.es\\\/noticias\\\/author\\\/admin\\\/#author\"},\"publisher\":{\"@id\":\"https:\\\/\\\/candas365.es\\\/noticias\\\/#organization\"},\"image\":{\"@type\":\"ImageObject\",\"url\":\"https:\\\/\\\/candas365.es\\\/noticias\\\/wp-content\\\/uploads\\\/2019\\\/11\\\/Rouco-VOX.jpg\",\"width\":1059,\"height\":705},\"datePublished\":\"2019-12-30T18:27:44+01:00\",\"dateModified\":\"2019-12-30T18:27:44+01:00\",\"inLanguage\":\"es-ES\",\"mainEntityOfPage\":{\"@id\":\"https:\\\/\\\/candas365.es\\\/noticias\\\/alvarez-rouco-vox-nunca-va-a-blanquear-un-presupuesto-catastrofico-para-el-futuro-de-asturias\\\/#webpage\"},\"isPartOf\":{\"@id\":\"https:\\\/\\\/candas365.es\\\/noticias\\\/alvarez-rouco-vox-nunca-va-a-blanquear-un-presupuesto-catastrofico-para-el-futuro-de-asturias\\\/#webpage\"},\"articleSection\":\"Asturias\",\"dateline\":\"Publicado el diciembre 30, 2019.\"},{\"@type\":\"Organization\",\"@id\":\"https:\\\/\\\/candas365.es\\\/noticias\\\/#organization\",\"name\":\"Cand\\u00e1s 365\",\"description\":\"Cand\\u00e1s 365 es un diario digital independiente, fundado en 2012, con base en Asturias. Informamos con rigor sobre actualidad, sociedad, cultura y ocio, con una mirada local y global.\",\"url\":\"https:\\\/\\\/candas365.es\\\/noticias\\\/\",\"email\":\"info@candas365.es\",\"telephone\":\"+34652131393\",\"foundingDate\":\"2012-06-10\",\"logo\":{\"@type\":\"ImageObject\",\"url\":\"https:\\\/\\\/candas365.es\\\/noticias\\\/wp-content\\\/uploads\\\/2024\\\/09\\\/Candas-365-Redes.jpg\",\"@id\":\"https:\\\/\\\/candas365.es\\\/noticias\\\/alvarez-rouco-vox-nunca-va-a-blanquear-un-presupuesto-catastrofico-para-el-futuro-de-asturias\\\/#organizationLogo\",\"width\":1152,\"height\":864,\"caption\":\"Cand\\u00e1s 365 Redes\"},\"image\":{\"@id\":\"https:\\\/\\\/candas365.es\\\/noticias\\\/alvarez-rouco-vox-nunca-va-a-blanquear-un-presupuesto-catastrofico-para-el-futuro-de-asturias\\\/#organizationLogo\"},\"sameAs\":[\"https:\\\/\\\/www.facebook.com\\\/Nachofdezber\",\"https:\\\/\\\/x.com\\\/NabercoDigital\",\"https:\\\/\\\/www.instagram.com\\\/nachofdezber\\\/\",\"https:\\\/\\\/www.youtube.com\\\/channel\\\/UCZP-2wLEB9Rv6erhFmqVnvg\"],\"address\":{\"@id\":\"https:\\\/\\\/candas365.es\\\/noticias\\\/#postaladdress\",\"@type\":\"PostalAddress\",\"streetAddress\":\"san antonio 4, san antonio 4\",\"postalCode\":\"33430\",\"addressLocality\":\"Cand\\u00e1s\",\"addressRegion\":\"Asturias\",\"addressCountry\":\"ES\"}},{\"@type\":\"Person\",\"@id\":\"https:\\\/\\\/candas365.es\\\/noticias\\\/author\\\/admin\\\/#author\",\"url\":\"https:\\\/\\\/candas365.es\\\/noticias\\\/author\\\/admin\\\/\",\"name\":\"Cand\\u00e1s 365\",\"image\":{\"@type\":\"ImageObject\",\"@id\":\"https:\\\/\\\/candas365.es\\\/noticias\\\/alvarez-rouco-vox-nunca-va-a-blanquear-un-presupuesto-catastrofico-para-el-futuro-de-asturias\\\/#authorImage\",\"url\":\"https:\\\/\\\/secure.gravatar.com\\\/avatar\\\/496a8e03d0c493ede1718b7934145dbdf8d89be1036b0eec9544e1094c9de390?s=96&d=mm&r=g\",\"width\":96,\"height\":96,\"caption\":\"Cand\\u00e1s 365\"},\"sameAs\":[\"https:\\\/\\\/www.facebook.com\\\/carrenoactualidad\",\"https:\\\/\\\/twitter.com\\\/nbasturias\",\"https:\\\/\\\/www.instagram.com\\\/nachofdezber\\\/\",\"https:\\\/\\\/www.youtube.com\\\/channel\\\/UCZP-2wLEB9Rv6erhFmqVnvg\"]},{\"@type\":\"WebPage\",\"@id\":\"https:\\\/\\\/candas365.es\\\/noticias\\\/alvarez-rouco-vox-nunca-va-a-blanquear-un-presupuesto-catastrofico-para-el-futuro-de-asturias\\\/#webpage\",\"url\":\"https:\\\/\\\/candas365.es\\\/noticias\\\/alvarez-rouco-vox-nunca-va-a-blanquear-un-presupuesto-catastrofico-para-el-futuro-de-asturias\\\/\",\"name\":\"\\u00c1lvarez Rouco: \\u00abVOX nunca va a blanquear un Presupuesto catastr\\u00f3fico para el futuro de Asturias\\u00bb | Cand\\u00e1s 365\",\"description\":\"Los diputados de VOX en la Junta General del Principado, Ignacio Blanco y Sara \\u00c1lvarez Rouco lamentaron esta ma\\u00f1ana la aprobaci\\u00f3n de un \\u201cnefasto\\u201d Presupuesto del Principado para 2020 \\u201cque no traer\\u00e1 progreso para Asturias, sino m\\u00e1s recesi\\u00f3n para todos los asturianos\\u201d. Durante su intervenci\\u00f3n en la sesi\\u00f3n plenaria donde se sometieron a votaci\\u00f3n las\",\"inLanguage\":\"es-ES\",\"isPartOf\":{\"@id\":\"https:\\\/\\\/candas365.es\\\/noticias\\\/#website\"},\"breadcrumb\":{\"@id\":\"https:\\\/\\\/candas365.es\\\/noticias\\\/alvarez-rouco-vox-nunca-va-a-blanquear-un-presupuesto-catastrofico-para-el-futuro-de-asturias\\\/#breadcrumblist\"},\"author\":{\"@id\":\"https:\\\/\\\/candas365.es\\\/noticias\\\/author\\\/admin\\\/#author\"},\"creator\":{\"@id\":\"https:\\\/\\\/candas365.es\\\/noticias\\\/author\\\/admin\\\/#author\"},\"image\":{\"@type\":\"ImageObject\",\"url\":\"https:\\\/\\\/candas365.es\\\/noticias\\\/wp-content\\\/uploads\\\/2019\\\/11\\\/Rouco-VOX.jpg\",\"@id\":\"https:\\\/\\\/candas365.es\\\/noticias\\\/alvarez-rouco-vox-nunca-va-a-blanquear-un-presupuesto-catastrofico-para-el-futuro-de-asturias\\\/#mainImage\",\"width\":1059,\"height\":705},\"primaryImageOfPage\":{\"@id\":\"https:\\\/\\\/candas365.es\\\/noticias\\\/alvarez-rouco-vox-nunca-va-a-blanquear-un-presupuesto-catastrofico-para-el-futuro-de-asturias\\\/#mainImage\"},\"datePublished\":\"2019-12-30T18:27:44+01:00\",\"dateModified\":\"2019-12-30T18:27:44+01:00\"},{\"@type\":\"WebSite\",\"@id\":\"https:\\\/\\\/candas365.es\\\/noticias\\\/#website\",\"url\":\"https:\\\/\\\/candas365.es\\\/noticias\\\/\",\"name\":\"Cand\\u00e1s 365\",\"alternateName\":\"Cand\\u00e1s 365 Noticias\",\"description\":\"Actualidad desde Carre\\u00f1o para el mundo\",\"inLanguage\":\"es-ES\",\"publisher\":{\"@id\":\"https:\\\/\\\/candas365.es\\\/noticias\\\/#organization\"}}]}\n\t\t<\/script>\n\t\t<!-- All in One SEO Pro -->\r\n\t\t<title>\u00c1lvarez Rouco: \u00abVOX nunca va a blanquear un Presupuesto catastr\u00f3fico para el futuro de Asturias\u00bb | Cand\u00e1s 365<\/title>\n\n","aioseo_head_json":{"title":"\u00c1lvarez Rouco: \u00abVOX nunca va a blanquear un Presupuesto catastr\u00f3fico para el futuro de Asturias\u00bb | Cand\u00e1s 365","description":"Los diputados de VOX en la Junta General del Principado, Ignacio Blanco y Sara \u00c1lvarez Rouco lamentaron esta ma\u00f1ana la aprobaci\u00f3n de un \u201cnefasto\u201d Presupuesto del Principado para 2020 \u201cque no traer\u00e1 progreso para Asturias, sino m\u00e1s recesi\u00f3n para todos los asturianos\u201d. Durante su intervenci\u00f3n en la sesi\u00f3n plenaria donde se sometieron a votaci\u00f3n las","canonical_url":"https:\/\/candas365.es\/noticias\/alvarez-rouco-vox-nunca-va-a-blanquear-un-presupuesto-catastrofico-para-el-futuro-de-asturias\/","robots":"max-image-preview:large","keywords":"asturias","webmasterTools":{"google-site-verification":"UA-32230408-1","msvalidate.01":"354F3CDFB2DA171B47FBE9ABF1F88D5","miscellaneous":""},"schema":{"@context":"https:\/\/schema.org","@graph":[{"@type":"BreadcrumbList","@id":"https:\/\/candas365.es\/noticias\/alvarez-rouco-vox-nunca-va-a-blanquear-un-presupuesto-catastrofico-para-el-futuro-de-asturias\/#breadcrumblist","itemListElement":[{"@type":"ListItem","@id":"https:\/\/candas365.es\/noticias#listItem","position":1,"name":"Home","item":"https:\/\/candas365.es\/noticias","nextItem":{"@type":"ListItem","@id":"https:\/\/candas365.es\/noticias\/category\/asturias\/#listItem","name":"Asturias"}},{"@type":"ListItem","@id":"https:\/\/candas365.es\/noticias\/category\/asturias\/#listItem","position":2,"name":"Asturias","item":"https:\/\/candas365.es\/noticias\/category\/asturias\/","nextItem":{"@type":"ListItem","@id":"https:\/\/candas365.es\/noticias\/alvarez-rouco-vox-nunca-va-a-blanquear-un-presupuesto-catastrofico-para-el-futuro-de-asturias\/#listItem","name":"\u00c1lvarez Rouco: \u00abVOX nunca va a blanquear un Presupuesto catastr\u00f3fico para el futuro de Asturias\u00bb"},"previousItem":{"@type":"ListItem","@id":"https:\/\/candas365.es\/noticias#listItem","name":"Home"}},{"@type":"ListItem","@id":"https:\/\/candas365.es\/noticias\/alvarez-rouco-vox-nunca-va-a-blanquear-un-presupuesto-catastrofico-para-el-futuro-de-asturias\/#listItem","position":3,"name":"\u00c1lvarez Rouco: \u00abVOX nunca va a blanquear un Presupuesto catastr\u00f3fico para el futuro de Asturias\u00bb","previousItem":{"@type":"ListItem","@id":"https:\/\/candas365.es\/noticias\/category\/asturias\/#listItem","name":"Asturias"}}]},{"@type":"NewsArticle","@id":"https:\/\/candas365.es\/noticias\/alvarez-rouco-vox-nunca-va-a-blanquear-un-presupuesto-catastrofico-para-el-futuro-de-asturias\/#newsarticle","name":"\u00c1lvarez Rouco: \u00abVOX nunca va a blanquear un Presupuesto catastr\u00f3fico para el futuro de Asturias\u00bb | Cand\u00e1s 365","headline":"\u00c1lvarez Rouco: \u00abVOX nunca va a blanquear un Presupuesto catastr\u00f3fico para el futuro de Asturias\u00bb","author":{"@id":"https:\/\/candas365.es\/noticias\/author\/admin\/#author"},"publisher":{"@id":"https:\/\/candas365.es\/noticias\/#organization"},"image":{"@type":"ImageObject","url":"https:\/\/candas365.es\/noticias\/wp-content\/uploads\/2019\/11\/Rouco-VOX.jpg","width":1059,"height":705},"datePublished":"2019-12-30T18:27:44+01:00","dateModified":"2019-12-30T18:27:44+01:00","inLanguage":"es-ES","mainEntityOfPage":{"@id":"https:\/\/candas365.es\/noticias\/alvarez-rouco-vox-nunca-va-a-blanquear-un-presupuesto-catastrofico-para-el-futuro-de-asturias\/#webpage"},"isPartOf":{"@id":"https:\/\/candas365.es\/noticias\/alvarez-rouco-vox-nunca-va-a-blanquear-un-presupuesto-catastrofico-para-el-futuro-de-asturias\/#webpage"},"articleSection":"Asturias","dateline":"Publicado el diciembre 30, 2019."},{"@type":"Organization","@id":"https:\/\/candas365.es\/noticias\/#organization","name":"Cand\u00e1s 365","description":"Cand\u00e1s 365 es un diario digital independiente, fundado en 2012, con base en Asturias. Informamos con rigor sobre actualidad, sociedad, cultura y ocio, con una mirada local y global.","url":"https:\/\/candas365.es\/noticias\/","email":"info@candas365.es","telephone":"+34652131393","foundingDate":"2012-06-10","logo":{"@type":"ImageObject","url":"https:\/\/candas365.es\/noticias\/wp-content\/uploads\/2024\/09\/Candas-365-Redes.jpg","@id":"https:\/\/candas365.es\/noticias\/alvarez-rouco-vox-nunca-va-a-blanquear-un-presupuesto-catastrofico-para-el-futuro-de-asturias\/#organizationLogo","width":1152,"height":864,"caption":"Cand\u00e1s 365 Redes"},"image":{"@id":"https:\/\/candas365.es\/noticias\/alvarez-rouco-vox-nunca-va-a-blanquear-un-presupuesto-catastrofico-para-el-futuro-de-asturias\/#organizationLogo"},"sameAs":["https:\/\/www.facebook.com\/Nachofdezber","https:\/\/x.com\/NabercoDigital","https:\/\/www.instagram.com\/nachofdezber\/","https:\/\/www.youtube.com\/channel\/UCZP-2wLEB9Rv6erhFmqVnvg"],"address":{"@id":"https:\/\/candas365.es\/noticias\/#postaladdress","@type":"PostalAddress","streetAddress":"san antonio 4, san antonio 4","postalCode":"33430","addressLocality":"Cand\u00e1s","addressRegion":"Asturias","addressCountry":"ES"}},{"@type":"Person","@id":"https:\/\/candas365.es\/noticias\/author\/admin\/#author","url":"https:\/\/candas365.es\/noticias\/author\/admin\/","name":"Cand\u00e1s 365","image":{"@type":"ImageObject","@id":"https:\/\/candas365.es\/noticias\/alvarez-rouco-vox-nunca-va-a-blanquear-un-presupuesto-catastrofico-para-el-futuro-de-asturias\/#authorImage","url":"https:\/\/secure.gravatar.com\/avatar\/496a8e03d0c493ede1718b7934145dbdf8d89be1036b0eec9544e1094c9de390?s=96&d=mm&r=g","width":96,"height":96,"caption":"Cand\u00e1s 365"},"sameAs":["https:\/\/www.facebook.com\/carrenoactualidad","https:\/\/twitter.com\/nbasturias","https:\/\/www.instagram.com\/nachofdezber\/","https:\/\/www.youtube.com\/channel\/UCZP-2wLEB9Rv6erhFmqVnvg"]},{"@type":"WebPage","@id":"https:\/\/candas365.es\/noticias\/alvarez-rouco-vox-nunca-va-a-blanquear-un-presupuesto-catastrofico-para-el-futuro-de-asturias\/#webpage","url":"https:\/\/candas365.es\/noticias\/alvarez-rouco-vox-nunca-va-a-blanquear-un-presupuesto-catastrofico-para-el-futuro-de-asturias\/","name":"\u00c1lvarez Rouco: \u00abVOX nunca va a blanquear un Presupuesto catastr\u00f3fico para el futuro de Asturias\u00bb | Cand\u00e1s 365","description":"Los diputados de VOX en la Junta General del Principado, Ignacio Blanco y Sara \u00c1lvarez Rouco lamentaron esta ma\u00f1ana la aprobaci\u00f3n de un \u201cnefasto\u201d Presupuesto del Principado para 2020 \u201cque no traer\u00e1 progreso para Asturias, sino m\u00e1s recesi\u00f3n para todos los asturianos\u201d. Durante su intervenci\u00f3n en la sesi\u00f3n plenaria donde se sometieron a votaci\u00f3n las","inLanguage":"es-ES","isPartOf":{"@id":"https:\/\/candas365.es\/noticias\/#website"},"breadcrumb":{"@id":"https:\/\/candas365.es\/noticias\/alvarez-rouco-vox-nunca-va-a-blanquear-un-presupuesto-catastrofico-para-el-futuro-de-asturias\/#breadcrumblist"},"author":{"@id":"https:\/\/candas365.es\/noticias\/author\/admin\/#author"},"creator":{"@id":"https:\/\/candas365.es\/noticias\/author\/admin\/#author"},"image":{"@type":"ImageObject","url":"https:\/\/candas365.es\/noticias\/wp-content\/uploads\/2019\/11\/Rouco-VOX.jpg","@id":"https:\/\/candas365.es\/noticias\/alvarez-rouco-vox-nunca-va-a-blanquear-un-presupuesto-catastrofico-para-el-futuro-de-asturias\/#mainImage","width":1059,"height":705},"primaryImageOfPage":{"@id":"https:\/\/candas365.es\/noticias\/alvarez-rouco-vox-nunca-va-a-blanquear-un-presupuesto-catastrofico-para-el-futuro-de-asturias\/#mainImage"},"datePublished":"2019-12-30T18:27:44+01:00","dateModified":"2019-12-30T18:27:44+01:00"},{"@type":"WebSite","@id":"https:\/\/candas365.es\/noticias\/#website","url":"https:\/\/candas365.es\/noticias\/","name":"Cand\u00e1s 365","alternateName":"Cand\u00e1s 365 Noticias","description":"Actualidad desde Carre\u00f1o para el mundo","inLanguage":"es-ES","publisher":{"@id":"https:\/\/candas365.es\/noticias\/#organization"}}]},"og:locale":"es_ES","og:site_name":"Cand\u00e1s 365","og:type":"article","og:title":"\u00c1lvarez Rouco: \u00abVOX nunca va a blanquear un Presupuesto catastr\u00f3fico para el futuro de Asturias\u00bb | Cand\u00e1s 365","og:description":"Los diputados de VOX en la Junta General del Principado, Ignacio Blanco y Sara \u00c1lvarez Rouco lamentaron esta ma\u00f1ana la aprobaci\u00f3n de un \u201cnefasto\u201d Presupuesto del Principado para 2020 \u201cque no traer\u00e1 progreso para Asturias, sino m\u00e1s recesi\u00f3n para todos los asturianos\u201d. Durante su intervenci\u00f3n en la sesi\u00f3n plenaria donde se sometieron a votaci\u00f3n las","og:url":"https:\/\/candas365.es\/noticias\/alvarez-rouco-vox-nunca-va-a-blanquear-un-presupuesto-catastrofico-para-el-futuro-de-asturias\/","og:image":"https:\/\/candas365.es\/noticias\/wp-content\/uploads\/2019\/11\/Rouco-VOX.jpg","og:image:secure_url":"https:\/\/candas365.es\/noticias\/wp-content\/uploads\/2019\/11\/Rouco-VOX.jpg","og:image:width":1059,"og:image:height":705,"article:published_time":"2019-12-30T18:27:44+00:00","article:modified_time":"2019-12-30T18:27:44+00:00","article:publisher":"https:\/\/www.facebook.com\/Nachofdezber","article:author":"https:\/\/www.facebook.com\/carrenoactualidad","twitter:card":"summary_large_image","twitter:site":"@NabercoDigital","twitter:title":"\u00c1lvarez Rouco: \u00abVOX nunca va a blanquear un Presupuesto catastr\u00f3fico para el futuro de Asturias\u00bb | Cand\u00e1s 365","twitter:description":"Los diputados de VOX en la Junta General del Principado, Ignacio Blanco y Sara \u00c1lvarez Rouco lamentaron esta ma\u00f1ana la aprobaci\u00f3n de un \u201cnefasto\u201d Presupuesto del Principado para 2020 \u201cque no traer\u00e1 progreso para Asturias, sino m\u00e1s recesi\u00f3n para todos los asturianos\u201d. Durante su intervenci\u00f3n en la sesi\u00f3n plenaria donde se sometieron a votaci\u00f3n las","twitter:creator":"@nbasturias","twitter:image":"https:\/\/candas365.es\/noticias\/wp-content\/uploads\/2019\/11\/Rouco-VOX.jpg","twitter:label1":"Escrito por","twitter:data1":"Cand\u00e1s 365","twitter:label2":"Tiempo de lectura estimado","twitter:data2":"3 minutos"},"aioseo_meta_data":{"post_id":"135620","title":null,"description":null,"keywords":null,"keyphrases":null,"primary_term":null,"canonical_url":null,"og_title":null,"og_description":null,"og_object_type":"default","og_image_type":"default","og_image_url":null,"og_image_width":null,"og_image_height":null,"og_image_custom_url":null,"og_image_custom_fields":null,"og_video":null,"og_custom_url":null,"og_article_section":null,"og_article_tags":null,"twitter_use_og":false,"twitter_card":"default","twitter_image_type":"default","twitter_image_url":null,"twitter_image_custom_url":null,"twitter_image_custom_fields":null,"twitter_title":null,"twitter_description":null,"schema":{"blockGraphs":[],"customGraphs":[],"default":{"data":{"Article":[],"Course":[],"Dataset":[],"FAQPage":[],"Movie":[],"Person":[],"Product":[],"ProductReview":[],"Car":[],"Recipe":[],"Service":[],"SoftwareApplication":[],"WebPage":[]},"graphName":"","isEnabled":true},"graphs":[]},"schema_type":null,"schema_type_options":null,"pillar_content":false,"robots_default":true,"robots_noindex":false,"robots_noarchive":false,"robots_nosnippet":false,"robots_nofollow":false,"robots_noimageindex":false,"robots_noodp":false,"robots_notranslate":false,"robots_max_snippet":null,"robots_max_videopreview":null,"robots_max_imagepreview":"large","priority":null,"frequency":null,"location":null,"local_seo":null,"seo_analyzer_scan_date":"2025-08-30 20:36:19","breadcrumb_settings":null,"limit_modified_date":false,"reviewed_by":null,"open_ai":null,"ai":null,"created":"2020-12-21 10:48:44","updated":"2025-08-30 20:36:19"},"aioseo_breadcrumb":"<div class=\"aioseo-breadcrumbs\"><span class=\"aioseo-breadcrumb\">\n\t<a href=\"https:\/\/candas365.es\/noticias\" title=\"Home\">Home<\/a>\n<\/span><span class=\"aioseo-breadcrumb-separator\">&ndash;<\/span><span class=\"aioseo-breadcrumb\">\n\t<a href=\"https:\/\/candas365.es\/noticias\/category\/asturias\/\" title=\"Asturias\">Asturias<\/a>\n<\/span><span class=\"aioseo-breadcrumb-separator\">&ndash;<\/span><span class=\"aioseo-breadcrumb\">\n\t\u00c1lvarez Rouco: \u00abVOX nunca va a blanquear un Presupuesto catastr\u00f3fico para el futuro de Asturias\u00bb\n<\/span><\/div>","aioseo_breadcrumb_json":[{"label":"Home","link":"https:\/\/candas365.es\/noticias"},{"label":"Asturias","link":"https:\/\/candas365.es\/noticias\/category\/asturias\/"},{"label":"\u00c1lvarez Rouco: \u00abVOX nunca va a blanquear un Presupuesto catastr\u00f3fico para el futuro de Asturias\u00bb","link":"https:\/\/candas365.es\/noticias\/alvarez-rouco-vox-nunca-va-a-blanquear-un-presupuesto-catastrofico-para-el-futuro-de-asturias\/"}],"_links":{"self":[{"href":"https:\/\/candas365.es\/noticias\/wp-json\/wp\/v2\/posts\/135620","targetHints":{"allow":["GET"]}}],"collection":[{"href":"https:\/\/candas365.es\/noticias\/wp-json\/wp\/v2\/posts"}],"about":[{"href":"https:\/\/candas365.es\/noticias\/wp-json\/wp\/v2\/types\/post"}],"author":[{"embeddable":true,"href":"https:\/\/candas365.es\/noticias\/wp-json\/wp\/v2\/users\/1"}],"replies":[{"embeddable":true,"href":"https:\/\/candas365.es\/noticias\/wp-json\/wp\/v2\/comments?post=135620"}],"version-history":[{"count":0,"href":"https:\/\/candas365.es\/noticias\/wp-json\/wp\/v2\/posts\/135620\/revisions"}],"wp:featuredmedia":[{"embeddable":true,"href":"https:\/\/candas365.es\/noticias\/wp-json\/wp\/v2\/media\/132842"}],"wp:attachment":[{"href":"https:\/\/candas365.es\/noticias\/wp-json\/wp\/v2\/media?parent=135620"}],"wp:term":[{"taxonomy":"category","embeddable":true,"href":"https:\/\/candas365.es\/noticias\/wp-json\/wp\/v2\/categories?post=135620"},{"taxonomy":"post_tag","embeddable":true,"href":"https:\/\/candas365.es\/noticias\/wp-json\/wp\/v2\/tags?post=135620"}],"curies":[{"name":"wp","href":"https:\/\/api.w.org\/{rel}","templated":true}]}}