{"id":135617,"date":"2019-12-30T18:24:45","date_gmt":"2019-12-30T18:24:45","guid":{"rendered":"http:\/\/candas365.es\/noticias\/?p=135617"},"modified":"2019-12-30T18:24:45","modified_gmt":"2019-12-30T18:24:45","slug":"asturias-solicita-al-ministerio-de-economia-que-agilice-el-cambio-de-canales-de-comunicacion-con-francia","status":"publish","type":"post","link":"https:\/\/candas365.es\/noticias\/asturias-solicita-al-ministerio-de-economia-que-agilice-el-cambio-de-canales-de-comunicacion-con-francia\/","title":{"rendered":"Asturias solicita al Ministerio de Econom\u00eda que agilice el cambio de canales de comunicaci\u00f3n con Francia"},"content":{"rendered":"<p><img fetchpriority=\"high\" decoding=\"async\" class=\"alignleft size-medium wp-image-135618\" src=\"https:\/\/candas365.es\/noticias\/wp-content\/uploads\/2019\/12\/cantabrico-360x237.jpg\" alt=\"\" width=\"360\" height=\"237\" srcset=\"https:\/\/candas365.es\/noticias\/wp-content\/uploads\/2019\/12\/cantabrico-360x237.jpg 360w, https:\/\/candas365.es\/noticias\/wp-content\/uploads\/2019\/12\/cantabrico-655x432.jpg 655w, https:\/\/candas365.es\/noticias\/wp-content\/uploads\/2019\/12\/cantabrico-768x506.jpg 768w, https:\/\/candas365.es\/noticias\/wp-content\/uploads\/2019\/12\/cantabrico-696x459.jpg 696w, https:\/\/candas365.es\/noticias\/wp-content\/uploads\/2019\/12\/cantabrico-637x420.jpg 637w, https:\/\/candas365.es\/noticias\/wp-content\/uploads\/2019\/12\/cantabrico-741x486.jpg 741w, https:\/\/candas365.es\/noticias\/wp-content\/uploads\/2019\/12\/cantabrico.jpg 960w\" sizes=\"(max-width: 360px) 100vw, 360px\" \/>La Direcci\u00f3n General de Innovaci\u00f3n, Investigaci\u00f3n y Transformaci\u00f3n Digital se ha puesto en contacto con el Ministerio de Econom\u00eda y Empresa para que gestione y agilice un cambio en los canales de comunicaci\u00f3n con Francia dadas las interferencias que se registran ocasionalmente en la costa asturiana y que se han agudizado durante la jornada de hoy. Debido a la situaci\u00f3n meteorol\u00f3gica de los \u00faltimos d\u00edas, con un anticicl\u00f3n en el norte del pa\u00eds, todo el litoral cant\u00e1brico est\u00e1 soportando problemas en las se\u00f1ales de TDT y radio.<\/p>\n<p>A lo largo de la ma\u00f1ana, diferentes alcaldes de los concejos costeros del Principado, especialmente del \u00e1rea occidental, as\u00ed como ciudadanos de diferentes zonas de la regi\u00f3n, han informado al departamento, dependiente de la Consejer\u00eda de Ciencia, Innovaci\u00f3n y Universidad, de las importantes interferencias que estaban afectando a todos los canales televisivos y radiof\u00f3nicos. Inmediatamente, el titular de la direcci\u00f3n general, Iv\u00e1n Aitor Lucas del Amo, ha contactado con las empresas adjudicatarias del servicio de mantenimiento de las telecomunicaciones, cuyo contrato se ha ampliado recientemente. Los t\u00e9cnicos han comprobado que no existe ninguna aver\u00eda en las antenas asturianas.<\/p>\n<p>Asimismo, Lucas del Amo ha hablado con algunas de las comunidades del norte que tambi\u00e9n est\u00e1n padeciendo la misma incidencia. El motivo se debe a las condiciones meteorol\u00f3gicas. La ausencia de lluvias y nubes hace que las ondas reflejar en el mar y generen las interferencias entre Francia y Espa\u00f1a, un problema que es bidireccional.<\/p>\n<p>Dadas las circunstancias, el Principado se ha puesto en contacto con la Direcci\u00f3n General de Telecomunicaciones y Tecnolog\u00edas dependiente del Ministerio de Econom\u00eda y Empresa para solicitar que se aceleren los tr\u00e1mites entre ambos pa\u00edses para solucionar el problema con un reajuste en el reparto de canales de telecomunicaciones.<\/p>\n<p>De este modo, el Gobierno de Asturias ha realizado todos los pasos para exigir una soluci\u00f3n al problema que depende del Ministerio y que podr\u00eda repetirse ante nuevos episodios de baja presi\u00f3n atmosf\u00e9rica. En todo caso, se prev\u00e9 que la situaci\u00f3n var\u00ede en las pr\u00f3ximas horas y que las interferencias desaparezcan ma\u00f1ana.<\/p>\n<p>El personal de la Direcci\u00f3n General de Innovaci\u00f3n est\u00e1 contestando a todas las incidencias comunicadas y permanece vigilante ante la evoluci\u00f3n de los nuevos contratiempos que puedan registrarse.<\/p>\n","protected":false},"excerpt":{"rendered":"<p>La Direcci\u00f3n General de Innovaci\u00f3n, Investigaci\u00f3n y Transformaci\u00f3n Digital se ha puesto en contacto con el Ministerio de Econom\u00eda y Empresa para que gestione y agilice un cambio en los canales de comunicaci\u00f3n con Francia dadas las interferencias que se registran ocasionalmente en la costa asturiana y que se han agudizado durante la jornada de<\/p>\n","protected":false},"author":1,"featured_media":135618,"comment_status":"closed","ping_status":"closed","sticky":false,"template":"","format":"standard","meta":{"footnotes":""},"categories":[7],"tags":[],"class_list":{"0":"post-135617","1":"post","2":"type-post","3":"status-publish","4":"format-standard","5":"has-post-thumbnail","7":"category-asturias"},"aioseo_notices":[],"aioseo_head":"\n\t\t<!-- All in One SEO Pro 4.9.6.2 - aioseo.com -->\n\t<meta name=\"description\" content=\"La Direcci\u00f3n General de Innovaci\u00f3n, Investigaci\u00f3n y Transformaci\u00f3n Digital se ha puesto en contacto con el Ministerio de Econom\u00eda y Empresa para que gestione y agilice un cambio en los canales de comunicaci\u00f3n con Francia dadas las interferencias que se registran ocasionalmente en la costa asturiana y que se han agudizado durante la jornada de\" \/>\n\t<meta name=\"robots\" content=\"max-image-preview:large\" \/>\n\t<meta name=\"author\" content=\"Cand\u00e1s 365\"\/>\n\t<meta name=\"google-site-verification\" content=\"UA-32230408-1\" \/>\n\t<meta name=\"msvalidate.01\" content=\"354F3CDFB2DA171B47FBE9ABF1F88D5\" \/>\n\t<meta name=\"keywords\" content=\"asturias\" \/>\n\t<link rel=\"canonical\" href=\"https:\/\/candas365.es\/noticias\/asturias-solicita-al-ministerio-de-economia-que-agilice-el-cambio-de-canales-de-comunicacion-con-francia\/\" \/>\n\t<meta name=\"generator\" content=\"All in One SEO Pro (AIOSEO) 4.9.6.2\" \/>\n\t\t<meta property=\"og:locale\" content=\"es_ES\" \/>\n\t\t<meta property=\"og:site_name\" content=\"Cand\u00e1s 365\" \/>\n\t\t<meta property=\"og:type\" content=\"article\" \/>\n\t\t<meta property=\"og:title\" content=\"Asturias solicita al Ministerio de Econom\u00eda que agilice el cambio de canales de comunicaci\u00f3n con Francia | Cand\u00e1s 365\" \/>\n\t\t<meta property=\"og:description\" content=\"La Direcci\u00f3n General de Innovaci\u00f3n, Investigaci\u00f3n y Transformaci\u00f3n Digital se ha puesto en contacto con el Ministerio de Econom\u00eda y Empresa para que gestione y agilice un cambio en los canales de comunicaci\u00f3n con Francia dadas las interferencias que se registran ocasionalmente en la costa asturiana y que se han agudizado durante la jornada de\" \/>\n\t\t<meta property=\"og:url\" content=\"https:\/\/candas365.es\/noticias\/asturias-solicita-al-ministerio-de-economia-que-agilice-el-cambio-de-canales-de-comunicacion-con-francia\/\" \/>\n\t\t<meta property=\"og:image\" content=\"https:\/\/candas365.es\/noticias\/wp-content\/uploads\/2019\/12\/cantabrico.jpg\" \/>\n\t\t<meta property=\"og:image:secure_url\" content=\"https:\/\/candas365.es\/noticias\/wp-content\/uploads\/2019\/12\/cantabrico.jpg\" \/>\n\t\t<meta property=\"og:image:width\" content=\"960\" \/>\n\t\t<meta property=\"og:image:height\" content=\"633\" \/>\n\t\t<meta property=\"article:published_time\" content=\"2019-12-30T18:24:45+00:00\" \/>\n\t\t<meta property=\"article:modified_time\" content=\"2019-12-30T18:24:45+00:00\" \/>\n\t\t<meta property=\"article:publisher\" content=\"https:\/\/www.facebook.com\/Nachofdezber\" \/>\n\t\t<meta property=\"article:author\" content=\"https:\/\/www.facebook.com\/carrenoactualidad\" \/>\n\t\t<meta name=\"twitter:card\" content=\"summary_large_image\" \/>\n\t\t<meta name=\"twitter:site\" content=\"@NabercoDigital\" \/>\n\t\t<meta name=\"twitter:title\" content=\"Asturias solicita al Ministerio de Econom\u00eda que agilice el cambio de canales de comunicaci\u00f3n con Francia | Cand\u00e1s 365\" \/>\n\t\t<meta name=\"twitter:description\" content=\"La Direcci\u00f3n General de Innovaci\u00f3n, Investigaci\u00f3n y Transformaci\u00f3n Digital se ha puesto en contacto con el Ministerio de Econom\u00eda y Empresa para que gestione y agilice un cambio en los canales de comunicaci\u00f3n con Francia dadas las interferencias que se registran ocasionalmente en la costa asturiana y que se han agudizado durante la jornada de\" \/>\n\t\t<meta name=\"twitter:creator\" content=\"@nbasturias\" \/>\n\t\t<meta name=\"twitter:image\" content=\"https:\/\/candas365.es\/noticias\/wp-content\/uploads\/2019\/12\/cantabrico.jpg\" \/>\n\t\t<meta name=\"twitter:label1\" content=\"Escrito por\" \/>\n\t\t<meta name=\"twitter:data1\" content=\"Cand\u00e1s 365\" \/>\n\t\t<meta name=\"twitter:label2\" content=\"Tiempo de lectura estimado\" \/>\n\t\t<meta name=\"twitter:data2\" content=\"2 minutos\" \/>\n\t\t<script type=\"application\/ld+json\" class=\"aioseo-schema\">\n\t\t\t{\"@context\":\"https:\\\/\\\/schema.org\",\"@graph\":[{\"@type\":\"BreadcrumbList\",\"@id\":\"https:\\\/\\\/candas365.es\\\/noticias\\\/asturias-solicita-al-ministerio-de-economia-que-agilice-el-cambio-de-canales-de-comunicacion-con-francia\\\/#breadcrumblist\",\"itemListElement\":[{\"@type\":\"ListItem\",\"@id\":\"https:\\\/\\\/candas365.es\\\/noticias#listItem\",\"position\":1,\"name\":\"Home\",\"item\":\"https:\\\/\\\/candas365.es\\\/noticias\",\"nextItem\":{\"@type\":\"ListItem\",\"@id\":\"https:\\\/\\\/candas365.es\\\/noticias\\\/category\\\/asturias\\\/#listItem\",\"name\":\"Asturias\"}},{\"@type\":\"ListItem\",\"@id\":\"https:\\\/\\\/candas365.es\\\/noticias\\\/category\\\/asturias\\\/#listItem\",\"position\":2,\"name\":\"Asturias\",\"item\":\"https:\\\/\\\/candas365.es\\\/noticias\\\/category\\\/asturias\\\/\",\"nextItem\":{\"@type\":\"ListItem\",\"@id\":\"https:\\\/\\\/candas365.es\\\/noticias\\\/asturias-solicita-al-ministerio-de-economia-que-agilice-el-cambio-de-canales-de-comunicacion-con-francia\\\/#listItem\",\"name\":\"Asturias solicita al Ministerio de Econom\\u00eda que agilice el cambio de canales de comunicaci\\u00f3n con Francia\"},\"previousItem\":{\"@type\":\"ListItem\",\"@id\":\"https:\\\/\\\/candas365.es\\\/noticias#listItem\",\"name\":\"Home\"}},{\"@type\":\"ListItem\",\"@id\":\"https:\\\/\\\/candas365.es\\\/noticias\\\/asturias-solicita-al-ministerio-de-economia-que-agilice-el-cambio-de-canales-de-comunicacion-con-francia\\\/#listItem\",\"position\":3,\"name\":\"Asturias solicita al Ministerio de Econom\\u00eda que agilice el cambio de canales de comunicaci\\u00f3n con Francia\",\"previousItem\":{\"@type\":\"ListItem\",\"@id\":\"https:\\\/\\\/candas365.es\\\/noticias\\\/category\\\/asturias\\\/#listItem\",\"name\":\"Asturias\"}}]},{\"@type\":\"NewsArticle\",\"@id\":\"https:\\\/\\\/candas365.es\\\/noticias\\\/asturias-solicita-al-ministerio-de-economia-que-agilice-el-cambio-de-canales-de-comunicacion-con-francia\\\/#newsarticle\",\"name\":\"Asturias solicita al Ministerio de Econom\\u00eda que agilice el cambio de canales de comunicaci\\u00f3n con Francia | Cand\\u00e1s 365\",\"headline\":\"Asturias solicita al Ministerio de Econom\\u00eda que agilice el cambio de canales de comunicaci\\u00f3n con Francia\",\"author\":{\"@id\":\"https:\\\/\\\/candas365.es\\\/noticias\\\/author\\\/admin\\\/#author\"},\"publisher\":{\"@id\":\"https:\\\/\\\/candas365.es\\\/noticias\\\/#organization\"},\"image\":{\"@type\":\"ImageObject\",\"url\":\"https:\\\/\\\/candas365.es\\\/noticias\\\/wp-content\\\/uploads\\\/2019\\\/12\\\/cantabrico.jpg\",\"width\":960,\"height\":633},\"datePublished\":\"2019-12-30T18:24:45+01:00\",\"dateModified\":\"2019-12-30T18:24:45+01:00\",\"inLanguage\":\"es-ES\",\"mainEntityOfPage\":{\"@id\":\"https:\\\/\\\/candas365.es\\\/noticias\\\/asturias-solicita-al-ministerio-de-economia-que-agilice-el-cambio-de-canales-de-comunicacion-con-francia\\\/#webpage\"},\"isPartOf\":{\"@id\":\"https:\\\/\\\/candas365.es\\\/noticias\\\/asturias-solicita-al-ministerio-de-economia-que-agilice-el-cambio-de-canales-de-comunicacion-con-francia\\\/#webpage\"},\"articleSection\":\"Asturias\",\"dateline\":\"Publicado el diciembre 30, 2019.\"},{\"@type\":\"Organization\",\"@id\":\"https:\\\/\\\/candas365.es\\\/noticias\\\/#organization\",\"name\":\"Cand\\u00e1s 365\",\"description\":\"Cand\\u00e1s 365 es un diario digital independiente, fundado en 2012, con base en Asturias. Informamos con rigor sobre actualidad, sociedad, cultura y ocio, con una mirada local y global.\",\"url\":\"https:\\\/\\\/candas365.es\\\/noticias\\\/\",\"email\":\"info@candas365.es\",\"telephone\":\"+34652131393\",\"foundingDate\":\"2012-06-10\",\"logo\":{\"@type\":\"ImageObject\",\"url\":\"https:\\\/\\\/candas365.es\\\/noticias\\\/wp-content\\\/uploads\\\/2024\\\/09\\\/Candas-365-Redes.jpg\",\"@id\":\"https:\\\/\\\/candas365.es\\\/noticias\\\/asturias-solicita-al-ministerio-de-economia-que-agilice-el-cambio-de-canales-de-comunicacion-con-francia\\\/#organizationLogo\",\"width\":1152,\"height\":864,\"caption\":\"Cand\\u00e1s 365 Redes\"},\"image\":{\"@id\":\"https:\\\/\\\/candas365.es\\\/noticias\\\/asturias-solicita-al-ministerio-de-economia-que-agilice-el-cambio-de-canales-de-comunicacion-con-francia\\\/#organizationLogo\"},\"sameAs\":[\"https:\\\/\\\/www.facebook.com\\\/Nachofdezber\",\"https:\\\/\\\/x.com\\\/NabercoDigital\",\"https:\\\/\\\/www.instagram.com\\\/nachofdezber\\\/\",\"https:\\\/\\\/www.youtube.com\\\/channel\\\/UCZP-2wLEB9Rv6erhFmqVnvg\"],\"address\":{\"@id\":\"https:\\\/\\\/candas365.es\\\/noticias\\\/#postaladdress\",\"@type\":\"PostalAddress\",\"streetAddress\":\"san antonio 4, san antonio 4\",\"postalCode\":\"33430\",\"addressLocality\":\"Cand\\u00e1s\",\"addressRegion\":\"Asturias\",\"addressCountry\":\"ES\"}},{\"@type\":\"Person\",\"@id\":\"https:\\\/\\\/candas365.es\\\/noticias\\\/author\\\/admin\\\/#author\",\"url\":\"https:\\\/\\\/candas365.es\\\/noticias\\\/author\\\/admin\\\/\",\"name\":\"Cand\\u00e1s 365\",\"image\":{\"@type\":\"ImageObject\",\"@id\":\"https:\\\/\\\/candas365.es\\\/noticias\\\/asturias-solicita-al-ministerio-de-economia-que-agilice-el-cambio-de-canales-de-comunicacion-con-francia\\\/#authorImage\",\"url\":\"https:\\\/\\\/secure.gravatar.com\\\/avatar\\\/496a8e03d0c493ede1718b7934145dbdf8d89be1036b0eec9544e1094c9de390?s=96&d=mm&r=g\",\"width\":96,\"height\":96,\"caption\":\"Cand\\u00e1s 365\"},\"sameAs\":[\"https:\\\/\\\/www.facebook.com\\\/carrenoactualidad\",\"https:\\\/\\\/twitter.com\\\/nbasturias\",\"https:\\\/\\\/www.instagram.com\\\/nachofdezber\\\/\",\"https:\\\/\\\/www.youtube.com\\\/channel\\\/UCZP-2wLEB9Rv6erhFmqVnvg\"]},{\"@type\":\"WebPage\",\"@id\":\"https:\\\/\\\/candas365.es\\\/noticias\\\/asturias-solicita-al-ministerio-de-economia-que-agilice-el-cambio-de-canales-de-comunicacion-con-francia\\\/#webpage\",\"url\":\"https:\\\/\\\/candas365.es\\\/noticias\\\/asturias-solicita-al-ministerio-de-economia-que-agilice-el-cambio-de-canales-de-comunicacion-con-francia\\\/\",\"name\":\"Asturias solicita al Ministerio de Econom\\u00eda que agilice el cambio de canales de comunicaci\\u00f3n con Francia | Cand\\u00e1s 365\",\"description\":\"La Direcci\\u00f3n General de Innovaci\\u00f3n, Investigaci\\u00f3n y Transformaci\\u00f3n Digital se ha puesto en contacto con el Ministerio de Econom\\u00eda y Empresa para que gestione y agilice un cambio en los canales de comunicaci\\u00f3n con Francia dadas las interferencias que se registran ocasionalmente en la costa asturiana y que se han agudizado durante la jornada de\",\"inLanguage\":\"es-ES\",\"isPartOf\":{\"@id\":\"https:\\\/\\\/candas365.es\\\/noticias\\\/#website\"},\"breadcrumb\":{\"@id\":\"https:\\\/\\\/candas365.es\\\/noticias\\\/asturias-solicita-al-ministerio-de-economia-que-agilice-el-cambio-de-canales-de-comunicacion-con-francia\\\/#breadcrumblist\"},\"author\":{\"@id\":\"https:\\\/\\\/candas365.es\\\/noticias\\\/author\\\/admin\\\/#author\"},\"creator\":{\"@id\":\"https:\\\/\\\/candas365.es\\\/noticias\\\/author\\\/admin\\\/#author\"},\"image\":{\"@type\":\"ImageObject\",\"url\":\"https:\\\/\\\/candas365.es\\\/noticias\\\/wp-content\\\/uploads\\\/2019\\\/12\\\/cantabrico.jpg\",\"@id\":\"https:\\\/\\\/candas365.es\\\/noticias\\\/asturias-solicita-al-ministerio-de-economia-que-agilice-el-cambio-de-canales-de-comunicacion-con-francia\\\/#mainImage\",\"width\":960,\"height\":633},\"primaryImageOfPage\":{\"@id\":\"https:\\\/\\\/candas365.es\\\/noticias\\\/asturias-solicita-al-ministerio-de-economia-que-agilice-el-cambio-de-canales-de-comunicacion-con-francia\\\/#mainImage\"},\"datePublished\":\"2019-12-30T18:24:45+01:00\",\"dateModified\":\"2019-12-30T18:24:45+01:00\"},{\"@type\":\"WebSite\",\"@id\":\"https:\\\/\\\/candas365.es\\\/noticias\\\/#website\",\"url\":\"https:\\\/\\\/candas365.es\\\/noticias\\\/\",\"name\":\"Cand\\u00e1s 365\",\"alternateName\":\"Cand\\u00e1s 365 Noticias\",\"description\":\"Actualidad desde Carre\\u00f1o para el mundo\",\"inLanguage\":\"es-ES\",\"publisher\":{\"@id\":\"https:\\\/\\\/candas365.es\\\/noticias\\\/#organization\"}}]}\n\t\t<\/script>\n\t\t<!-- All in One SEO Pro -->\r\n\t\t<title>Asturias solicita al Ministerio de Econom\u00eda que agilice el cambio de canales de comunicaci\u00f3n con Francia | Cand\u00e1s 365<\/title>\n\n","aioseo_head_json":{"title":"Asturias solicita al Ministerio de Econom\u00eda que agilice el cambio de canales de comunicaci\u00f3n con Francia | Cand\u00e1s 365","description":"La Direcci\u00f3n General de Innovaci\u00f3n, Investigaci\u00f3n y Transformaci\u00f3n Digital se ha puesto en contacto con el Ministerio de Econom\u00eda y Empresa para que gestione y agilice un cambio en los canales de comunicaci\u00f3n con Francia dadas las interferencias que se registran ocasionalmente en la costa asturiana y que se han agudizado durante la jornada de","canonical_url":"https:\/\/candas365.es\/noticias\/asturias-solicita-al-ministerio-de-economia-que-agilice-el-cambio-de-canales-de-comunicacion-con-francia\/","robots":"max-image-preview:large","keywords":"asturias","webmasterTools":{"google-site-verification":"UA-32230408-1","msvalidate.01":"354F3CDFB2DA171B47FBE9ABF1F88D5","miscellaneous":""},"schema":{"@context":"https:\/\/schema.org","@graph":[{"@type":"BreadcrumbList","@id":"https:\/\/candas365.es\/noticias\/asturias-solicita-al-ministerio-de-economia-que-agilice-el-cambio-de-canales-de-comunicacion-con-francia\/#breadcrumblist","itemListElement":[{"@type":"ListItem","@id":"https:\/\/candas365.es\/noticias#listItem","position":1,"name":"Home","item":"https:\/\/candas365.es\/noticias","nextItem":{"@type":"ListItem","@id":"https:\/\/candas365.es\/noticias\/category\/asturias\/#listItem","name":"Asturias"}},{"@type":"ListItem","@id":"https:\/\/candas365.es\/noticias\/category\/asturias\/#listItem","position":2,"name":"Asturias","item":"https:\/\/candas365.es\/noticias\/category\/asturias\/","nextItem":{"@type":"ListItem","@id":"https:\/\/candas365.es\/noticias\/asturias-solicita-al-ministerio-de-economia-que-agilice-el-cambio-de-canales-de-comunicacion-con-francia\/#listItem","name":"Asturias solicita al Ministerio de Econom\u00eda que agilice el cambio de canales de comunicaci\u00f3n con Francia"},"previousItem":{"@type":"ListItem","@id":"https:\/\/candas365.es\/noticias#listItem","name":"Home"}},{"@type":"ListItem","@id":"https:\/\/candas365.es\/noticias\/asturias-solicita-al-ministerio-de-economia-que-agilice-el-cambio-de-canales-de-comunicacion-con-francia\/#listItem","position":3,"name":"Asturias solicita al Ministerio de Econom\u00eda que agilice el cambio de canales de comunicaci\u00f3n con Francia","previousItem":{"@type":"ListItem","@id":"https:\/\/candas365.es\/noticias\/category\/asturias\/#listItem","name":"Asturias"}}]},{"@type":"NewsArticle","@id":"https:\/\/candas365.es\/noticias\/asturias-solicita-al-ministerio-de-economia-que-agilice-el-cambio-de-canales-de-comunicacion-con-francia\/#newsarticle","name":"Asturias solicita al Ministerio de Econom\u00eda que agilice el cambio de canales de comunicaci\u00f3n con Francia | Cand\u00e1s 365","headline":"Asturias solicita al Ministerio de Econom\u00eda que agilice el cambio de canales de comunicaci\u00f3n con Francia","author":{"@id":"https:\/\/candas365.es\/noticias\/author\/admin\/#author"},"publisher":{"@id":"https:\/\/candas365.es\/noticias\/#organization"},"image":{"@type":"ImageObject","url":"https:\/\/candas365.es\/noticias\/wp-content\/uploads\/2019\/12\/cantabrico.jpg","width":960,"height":633},"datePublished":"2019-12-30T18:24:45+01:00","dateModified":"2019-12-30T18:24:45+01:00","inLanguage":"es-ES","mainEntityOfPage":{"@id":"https:\/\/candas365.es\/noticias\/asturias-solicita-al-ministerio-de-economia-que-agilice-el-cambio-de-canales-de-comunicacion-con-francia\/#webpage"},"isPartOf":{"@id":"https:\/\/candas365.es\/noticias\/asturias-solicita-al-ministerio-de-economia-que-agilice-el-cambio-de-canales-de-comunicacion-con-francia\/#webpage"},"articleSection":"Asturias","dateline":"Publicado el diciembre 30, 2019."},{"@type":"Organization","@id":"https:\/\/candas365.es\/noticias\/#organization","name":"Cand\u00e1s 365","description":"Cand\u00e1s 365 es un diario digital independiente, fundado en 2012, con base en Asturias. Informamos con rigor sobre actualidad, sociedad, cultura y ocio, con una mirada local y global.","url":"https:\/\/candas365.es\/noticias\/","email":"info@candas365.es","telephone":"+34652131393","foundingDate":"2012-06-10","logo":{"@type":"ImageObject","url":"https:\/\/candas365.es\/noticias\/wp-content\/uploads\/2024\/09\/Candas-365-Redes.jpg","@id":"https:\/\/candas365.es\/noticias\/asturias-solicita-al-ministerio-de-economia-que-agilice-el-cambio-de-canales-de-comunicacion-con-francia\/#organizationLogo","width":1152,"height":864,"caption":"Cand\u00e1s 365 Redes"},"image":{"@id":"https:\/\/candas365.es\/noticias\/asturias-solicita-al-ministerio-de-economia-que-agilice-el-cambio-de-canales-de-comunicacion-con-francia\/#organizationLogo"},"sameAs":["https:\/\/www.facebook.com\/Nachofdezber","https:\/\/x.com\/NabercoDigital","https:\/\/www.instagram.com\/nachofdezber\/","https:\/\/www.youtube.com\/channel\/UCZP-2wLEB9Rv6erhFmqVnvg"],"address":{"@id":"https:\/\/candas365.es\/noticias\/#postaladdress","@type":"PostalAddress","streetAddress":"san antonio 4, san antonio 4","postalCode":"33430","addressLocality":"Cand\u00e1s","addressRegion":"Asturias","addressCountry":"ES"}},{"@type":"Person","@id":"https:\/\/candas365.es\/noticias\/author\/admin\/#author","url":"https:\/\/candas365.es\/noticias\/author\/admin\/","name":"Cand\u00e1s 365","image":{"@type":"ImageObject","@id":"https:\/\/candas365.es\/noticias\/asturias-solicita-al-ministerio-de-economia-que-agilice-el-cambio-de-canales-de-comunicacion-con-francia\/#authorImage","url":"https:\/\/secure.gravatar.com\/avatar\/496a8e03d0c493ede1718b7934145dbdf8d89be1036b0eec9544e1094c9de390?s=96&d=mm&r=g","width":96,"height":96,"caption":"Cand\u00e1s 365"},"sameAs":["https:\/\/www.facebook.com\/carrenoactualidad","https:\/\/twitter.com\/nbasturias","https:\/\/www.instagram.com\/nachofdezber\/","https:\/\/www.youtube.com\/channel\/UCZP-2wLEB9Rv6erhFmqVnvg"]},{"@type":"WebPage","@id":"https:\/\/candas365.es\/noticias\/asturias-solicita-al-ministerio-de-economia-que-agilice-el-cambio-de-canales-de-comunicacion-con-francia\/#webpage","url":"https:\/\/candas365.es\/noticias\/asturias-solicita-al-ministerio-de-economia-que-agilice-el-cambio-de-canales-de-comunicacion-con-francia\/","name":"Asturias solicita al Ministerio de Econom\u00eda que agilice el cambio de canales de comunicaci\u00f3n con Francia | Cand\u00e1s 365","description":"La Direcci\u00f3n General de Innovaci\u00f3n, Investigaci\u00f3n y Transformaci\u00f3n Digital se ha puesto en contacto con el Ministerio de Econom\u00eda y Empresa para que gestione y agilice un cambio en los canales de comunicaci\u00f3n con Francia dadas las interferencias que se registran ocasionalmente en la costa asturiana y que se han agudizado durante la jornada de","inLanguage":"es-ES","isPartOf":{"@id":"https:\/\/candas365.es\/noticias\/#website"},"breadcrumb":{"@id":"https:\/\/candas365.es\/noticias\/asturias-solicita-al-ministerio-de-economia-que-agilice-el-cambio-de-canales-de-comunicacion-con-francia\/#breadcrumblist"},"author":{"@id":"https:\/\/candas365.es\/noticias\/author\/admin\/#author"},"creator":{"@id":"https:\/\/candas365.es\/noticias\/author\/admin\/#author"},"image":{"@type":"ImageObject","url":"https:\/\/candas365.es\/noticias\/wp-content\/uploads\/2019\/12\/cantabrico.jpg","@id":"https:\/\/candas365.es\/noticias\/asturias-solicita-al-ministerio-de-economia-que-agilice-el-cambio-de-canales-de-comunicacion-con-francia\/#mainImage","width":960,"height":633},"primaryImageOfPage":{"@id":"https:\/\/candas365.es\/noticias\/asturias-solicita-al-ministerio-de-economia-que-agilice-el-cambio-de-canales-de-comunicacion-con-francia\/#mainImage"},"datePublished":"2019-12-30T18:24:45+01:00","dateModified":"2019-12-30T18:24:45+01:00"},{"@type":"WebSite","@id":"https:\/\/candas365.es\/noticias\/#website","url":"https:\/\/candas365.es\/noticias\/","name":"Cand\u00e1s 365","alternateName":"Cand\u00e1s 365 Noticias","description":"Actualidad desde Carre\u00f1o para el mundo","inLanguage":"es-ES","publisher":{"@id":"https:\/\/candas365.es\/noticias\/#organization"}}]},"og:locale":"es_ES","og:site_name":"Cand\u00e1s 365","og:type":"article","og:title":"Asturias solicita al Ministerio de Econom\u00eda que agilice el cambio de canales de comunicaci\u00f3n con Francia | Cand\u00e1s 365","og:description":"La Direcci\u00f3n General de Innovaci\u00f3n, Investigaci\u00f3n y Transformaci\u00f3n Digital se ha puesto en contacto con el Ministerio de Econom\u00eda y Empresa para que gestione y agilice un cambio en los canales de comunicaci\u00f3n con Francia dadas las interferencias que se registran ocasionalmente en la costa asturiana y que se han agudizado durante la jornada de","og:url":"https:\/\/candas365.es\/noticias\/asturias-solicita-al-ministerio-de-economia-que-agilice-el-cambio-de-canales-de-comunicacion-con-francia\/","og:image":"https:\/\/candas365.es\/noticias\/wp-content\/uploads\/2019\/12\/cantabrico.jpg","og:image:secure_url":"https:\/\/candas365.es\/noticias\/wp-content\/uploads\/2019\/12\/cantabrico.jpg","og:image:width":960,"og:image:height":633,"article:published_time":"2019-12-30T18:24:45+00:00","article:modified_time":"2019-12-30T18:24:45+00:00","article:publisher":"https:\/\/www.facebook.com\/Nachofdezber","article:author":"https:\/\/www.facebook.com\/carrenoactualidad","twitter:card":"summary_large_image","twitter:site":"@NabercoDigital","twitter:title":"Asturias solicita al Ministerio de Econom\u00eda que agilice el cambio de canales de comunicaci\u00f3n con Francia | Cand\u00e1s 365","twitter:description":"La Direcci\u00f3n General de Innovaci\u00f3n, Investigaci\u00f3n y Transformaci\u00f3n Digital se ha puesto en contacto con el Ministerio de Econom\u00eda y Empresa para que gestione y agilice un cambio en los canales de comunicaci\u00f3n con Francia dadas las interferencias que se registran ocasionalmente en la costa asturiana y que se han agudizado durante la jornada de","twitter:creator":"@nbasturias","twitter:image":"https:\/\/candas365.es\/noticias\/wp-content\/uploads\/2019\/12\/cantabrico.jpg","twitter:label1":"Escrito por","twitter:data1":"Cand\u00e1s 365","twitter:label2":"Tiempo de lectura estimado","twitter:data2":"2 minutos"},"aioseo_meta_data":{"post_id":"135617","title":null,"description":null,"keywords":null,"keyphrases":null,"primary_term":null,"canonical_url":null,"og_title":null,"og_description":null,"og_object_type":"default","og_image_type":"default","og_image_url":null,"og_image_width":null,"og_image_height":null,"og_image_custom_url":null,"og_image_custom_fields":null,"og_video":null,"og_custom_url":null,"og_article_section":null,"og_article_tags":null,"twitter_use_og":false,"twitter_card":"default","twitter_image_type":"default","twitter_image_url":null,"twitter_image_custom_url":null,"twitter_image_custom_fields":null,"twitter_title":null,"twitter_description":null,"schema":{"blockGraphs":[],"customGraphs":[],"default":{"data":{"Article":[],"Course":[],"Dataset":[],"FAQPage":[],"Movie":[],"Person":[],"Product":[],"ProductReview":[],"Car":[],"Recipe":[],"Service":[],"SoftwareApplication":[],"WebPage":[]},"graphName":"","isEnabled":true},"graphs":[],"defaultGraph":"","defaultPostTypeGraph":""},"schema_type":null,"schema_type_options":null,"pillar_content":false,"robots_default":true,"robots_noindex":false,"robots_noarchive":false,"robots_nosnippet":false,"robots_nofollow":false,"robots_noimageindex":false,"robots_noodp":false,"robots_notranslate":false,"robots_max_snippet":null,"robots_max_videopreview":null,"robots_max_imagepreview":"large","priority":null,"frequency":null,"location":null,"local_seo":null,"seo_analyzer_scan_date":"2025-08-30 20:36:18","breadcrumb_settings":null,"limit_modified_date":false,"reviewed_by":null,"open_ai":null,"ai":null,"created":"2020-12-21 10:48:44","updated":"2025-08-30 20:36:19"},"aioseo_breadcrumb":"<div class=\"aioseo-breadcrumbs\"><span class=\"aioseo-breadcrumb\">\n\t<a href=\"https:\/\/candas365.es\/noticias\" title=\"Home\">Home<\/a>\n<\/span><span class=\"aioseo-breadcrumb-separator\">&ndash;<\/span><span class=\"aioseo-breadcrumb\">\n\t<a href=\"https:\/\/candas365.es\/noticias\/category\/asturias\/\" title=\"Asturias\">Asturias<\/a>\n<\/span><span class=\"aioseo-breadcrumb-separator\">&ndash;<\/span><span class=\"aioseo-breadcrumb\">\n\tAsturias solicita al Ministerio de Econom\u00eda que agilice el cambio de canales de comunicaci\u00f3n con Francia\n<\/span><\/div>","aioseo_breadcrumb_json":[{"label":"Home","link":"https:\/\/candas365.es\/noticias"},{"label":"Asturias","link":"https:\/\/candas365.es\/noticias\/category\/asturias\/"},{"label":"Asturias solicita al Ministerio de Econom\u00eda que agilice el cambio de canales de comunicaci\u00f3n con Francia","link":"https:\/\/candas365.es\/noticias\/asturias-solicita-al-ministerio-de-economia-que-agilice-el-cambio-de-canales-de-comunicacion-con-francia\/"}],"_links":{"self":[{"href":"https:\/\/candas365.es\/noticias\/wp-json\/wp\/v2\/posts\/135617","targetHints":{"allow":["GET"]}}],"collection":[{"href":"https:\/\/candas365.es\/noticias\/wp-json\/wp\/v2\/posts"}],"about":[{"href":"https:\/\/candas365.es\/noticias\/wp-json\/wp\/v2\/types\/post"}],"author":[{"embeddable":true,"href":"https:\/\/candas365.es\/noticias\/wp-json\/wp\/v2\/users\/1"}],"replies":[{"embeddable":true,"href":"https:\/\/candas365.es\/noticias\/wp-json\/wp\/v2\/comments?post=135617"}],"version-history":[{"count":0,"href":"https:\/\/candas365.es\/noticias\/wp-json\/wp\/v2\/posts\/135617\/revisions"}],"wp:featuredmedia":[{"embeddable":true,"href":"https:\/\/candas365.es\/noticias\/wp-json\/wp\/v2\/media\/135618"}],"wp:attachment":[{"href":"https:\/\/candas365.es\/noticias\/wp-json\/wp\/v2\/media?parent=135617"}],"wp:term":[{"taxonomy":"category","embeddable":true,"href":"https:\/\/candas365.es\/noticias\/wp-json\/wp\/v2\/categories?post=135617"},{"taxonomy":"post_tag","embeddable":true,"href":"https:\/\/candas365.es\/noticias\/wp-json\/wp\/v2\/tags?post=135617"}],"curies":[{"name":"wp","href":"https:\/\/api.w.org\/{rel}","templated":true}]}}