{"id":135595,"date":"2019-12-29T23:04:15","date_gmt":"2019-12-29T23:04:15","guid":{"rendered":"http:\/\/candas365.es\/noticias\/?p=135595"},"modified":"2019-12-29T23:04:15","modified_gmt":"2019-12-29T23:04:15","slug":"mas-de-40-peliculas-se-proyectaran-entre-el-6-y-el-31-de-enero-en-asturias","status":"publish","type":"post","link":"https:\/\/candas365.es\/noticias\/mas-de-40-peliculas-se-proyectaran-entre-el-6-y-el-31-de-enero-en-asturias\/","title":{"rendered":"M\u00e1s de 40 pel\u00edculas se proyectar\u00e1n entre el 6 y el 31 de enero en Asturias"},"content":{"rendered":"<p><img fetchpriority=\"high\" decoding=\"async\" class=\"alignleft size-medium wp-image-135600\" src=\"https:\/\/candas365.es\/noticias\/wp-content\/uploads\/2019\/12\/Musoc-Asturias-360x261.jpg\" alt=\"\" width=\"360\" height=\"261\" srcset=\"https:\/\/candas365.es\/noticias\/wp-content\/uploads\/2019\/12\/Musoc-Asturias-360x261.jpg 360w, https:\/\/candas365.es\/noticias\/wp-content\/uploads\/2019\/12\/Musoc-Asturias-655x474.jpg 655w, https:\/\/candas365.es\/noticias\/wp-content\/uploads\/2019\/12\/Musoc-Asturias-768x556.jpg 768w, https:\/\/candas365.es\/noticias\/wp-content\/uploads\/2019\/12\/Musoc-Asturias-696x504.jpg 696w, https:\/\/candas365.es\/noticias\/wp-content\/uploads\/2019\/12\/Musoc-Asturias-1068x773.jpg 1068w, https:\/\/candas365.es\/noticias\/wp-content\/uploads\/2019\/12\/Musoc-Asturias-580x420.jpg 580w, https:\/\/candas365.es\/noticias\/wp-content\/uploads\/2019\/12\/Musoc-Asturias-324x235.jpg 324w, https:\/\/candas365.es\/noticias\/wp-content\/uploads\/2019\/12\/Musoc-Asturias.jpg 1073w\" sizes=\"(max-width: 360px) 100vw, 360px\" \/>La Muestra de Cine Social y Derechos Humanos de Asturias (Musoc), una iniciativa de Acci\u00f3n en Red Asturias que cuenta con el respaldo de la Agencia Asturiana de Cooperaci\u00f3n al Desarrollo, entre otras entidades, ha programado m\u00e1s de 40 pel\u00edculas que se proyectar\u00e1n entre el 6 y el 31 de enero en 18 sedes diferentes de Avil\u00e9s, Cangas de On\u00eds, Castrill\u00f3n, Gij\u00f3n, Langreo, Oviedo, Pola de Siero, Navia y Villaviciosa.<\/p>\n<p>Musoc Asturias es un espacio de encuentro entre el cine, el activismo social y el pensamiento cr\u00edtico que busca ahondar en el conocimiento de los derechos humanos y la cultura de paz mediante la difusi\u00f3n de la situaci\u00f3n de los pa\u00edses m\u00e1s desfavorecidos y de los grupos sociales m\u00e1s vulnerables. Esta iniciativa, ya consolidada en el panorama cinematogr\u00e1fico asturiano, cont\u00f3 m\u00e1s de 5.000 asistentes en la \u00faltima edici\u00f3n.<\/p>\n<p>El programa cuenta con una ayuda de 12.000 euros de la Agencia Asturiana de Cooperaci\u00f3n al Desarrollo y es uno de los 17 proyectos de educaci\u00f3n para el desarrollo y sensibilizaci\u00f3n aprobados este a\u00f1o.<\/p>\n<p>La directora de la agencia, Beatriz Coto, destaca la importancia de iniciativas como \u00e9sta, que \u201ccontribuyen a construir una ciudadan\u00eda solidaria con los derechos humanos, promueven una actitud cr\u00edtica frente a las desigualdades y generan un compromiso activo con la justicia social y la lucha contra la pobreza\u201d.<\/p>\n<p>Coto se\u00f1ala que \u201cel cine es una herramienta vehicular muy importante para concienciar sobre la cultura de paz y los derechos humanos; y trasladar el debate sobre estos conceptos al espacio educativo a trav\u00e9s de Musoc Educa es otro de los grandes valores de la muestra\u201d.<\/p>\n<p>En esta edici\u00f3n, cineastas emergentes configuran el grueso de la programaci\u00f3n, con una selecci\u00f3n de t\u00edtulos de ficci\u00f3n, documental y animaci\u00f3n encuadrados en cuatro secciones tem\u00e1ticas: Periferias, Otra estaci\u00f3n, Tr\u00e1nsitos y Creadoras mirando al Sur.<\/p>\n<p>La mayor parte de las pel\u00edculas ser\u00e1n estreno en Asturias y se contar\u00e1 con la presencia de una buena parte de sus directores.<\/p>\n<p>Adem\u00e1s de la proyecci\u00f3n de las pel\u00edculas, Musoc incluye una serie de actividades paralelas como los Di\u00e1logos visibles, un coloquio entre cineastas, activistas y el p\u00fablico asistente.<\/p>\n<p>De forma paralela al certamen tambi\u00e9n se desarrolla la actividad Musoc Educa, un proyecto pedag\u00f3gico que permite difundir los derechos humanos y la cultura de paz entre los centros educativos, en colaboraci\u00f3n con el Centro de Profesorado y Recursos (CPR) de Gij\u00f3n-Oriente.<\/p>\n","protected":false},"excerpt":{"rendered":"<p>La Muestra de Cine Social y Derechos Humanos de Asturias (Musoc), una iniciativa de Acci\u00f3n en Red Asturias que cuenta con el respaldo de la Agencia Asturiana de Cooperaci\u00f3n al Desarrollo, entre otras entidades, ha programado m\u00e1s de 40 pel\u00edculas que se proyectar\u00e1n entre el 6 y el 31 de enero en 18 sedes diferentes<\/p>\n","protected":false},"author":1,"featured_media":135600,"comment_status":"closed","ping_status":"closed","sticky":false,"template":"","format":"standard","meta":{"footnotes":""},"categories":[7],"tags":[],"class_list":{"0":"post-135595","1":"post","2":"type-post","3":"status-publish","4":"format-standard","5":"has-post-thumbnail","7":"category-asturias"},"aioseo_notices":[],"aioseo_head":"\n\t\t<!-- All in One SEO Pro 4.9.6.2 - aioseo.com -->\n\t<meta name=\"description\" content=\"La Muestra de Cine Social y Derechos Humanos de Asturias (Musoc), una iniciativa de Acci\u00f3n en Red Asturias que cuenta con el respaldo de la Agencia Asturiana de Cooperaci\u00f3n al Desarrollo, entre otras entidades, ha programado m\u00e1s de 40 pel\u00edculas que se proyectar\u00e1n entre el 6 y el 31 de enero en 18 sedes diferentes\" \/>\n\t<meta name=\"robots\" content=\"max-image-preview:large\" \/>\n\t<meta name=\"author\" content=\"Cand\u00e1s 365\"\/>\n\t<meta name=\"google-site-verification\" content=\"UA-32230408-1\" \/>\n\t<meta name=\"msvalidate.01\" content=\"354F3CDFB2DA171B47FBE9ABF1F88D5\" \/>\n\t<meta name=\"keywords\" content=\"asturias\" \/>\n\t<link rel=\"canonical\" href=\"https:\/\/candas365.es\/noticias\/mas-de-40-peliculas-se-proyectaran-entre-el-6-y-el-31-de-enero-en-asturias\/\" \/>\n\t<meta name=\"generator\" content=\"All in One SEO Pro (AIOSEO) 4.9.6.2\" \/>\n\t\t<meta property=\"og:locale\" content=\"es_ES\" \/>\n\t\t<meta property=\"og:site_name\" content=\"Cand\u00e1s 365\" \/>\n\t\t<meta property=\"og:type\" content=\"article\" \/>\n\t\t<meta property=\"og:title\" content=\"M\u00e1s de 40 pel\u00edculas se proyectar\u00e1n entre el 6 y el 31 de enero en Asturias | Cand\u00e1s 365\" \/>\n\t\t<meta property=\"og:description\" content=\"La Muestra de Cine Social y Derechos Humanos de Asturias (Musoc), una iniciativa de Acci\u00f3n en Red Asturias que cuenta con el respaldo de la Agencia Asturiana de Cooperaci\u00f3n al Desarrollo, entre otras entidades, ha programado m\u00e1s de 40 pel\u00edculas que se proyectar\u00e1n entre el 6 y el 31 de enero en 18 sedes diferentes\" \/>\n\t\t<meta property=\"og:url\" content=\"https:\/\/candas365.es\/noticias\/mas-de-40-peliculas-se-proyectaran-entre-el-6-y-el-31-de-enero-en-asturias\/\" \/>\n\t\t<meta property=\"og:image\" content=\"https:\/\/candas365.es\/noticias\/wp-content\/uploads\/2019\/12\/Musoc-Asturias.jpg\" \/>\n\t\t<meta property=\"og:image:secure_url\" content=\"https:\/\/candas365.es\/noticias\/wp-content\/uploads\/2019\/12\/Musoc-Asturias.jpg\" \/>\n\t\t<meta property=\"og:image:width\" content=\"1073\" \/>\n\t\t<meta property=\"og:image:height\" content=\"777\" \/>\n\t\t<meta property=\"article:published_time\" content=\"2019-12-29T23:04:15+00:00\" \/>\n\t\t<meta property=\"article:modified_time\" content=\"2019-12-29T23:04:15+00:00\" \/>\n\t\t<meta property=\"article:publisher\" content=\"https:\/\/www.facebook.com\/Nachofdezber\" \/>\n\t\t<meta property=\"article:author\" content=\"https:\/\/www.facebook.com\/carrenoactualidad\" \/>\n\t\t<meta name=\"twitter:card\" content=\"summary_large_image\" \/>\n\t\t<meta name=\"twitter:site\" content=\"@NabercoDigital\" \/>\n\t\t<meta name=\"twitter:title\" content=\"M\u00e1s de 40 pel\u00edculas se proyectar\u00e1n entre el 6 y el 31 de enero en Asturias | Cand\u00e1s 365\" \/>\n\t\t<meta name=\"twitter:description\" content=\"La Muestra de Cine Social y Derechos Humanos de Asturias (Musoc), una iniciativa de Acci\u00f3n en Red Asturias que cuenta con el respaldo de la Agencia Asturiana de Cooperaci\u00f3n al Desarrollo, entre otras entidades, ha programado m\u00e1s de 40 pel\u00edculas que se proyectar\u00e1n entre el 6 y el 31 de enero en 18 sedes diferentes\" \/>\n\t\t<meta name=\"twitter:creator\" content=\"@nbasturias\" \/>\n\t\t<meta name=\"twitter:image\" content=\"https:\/\/candas365.es\/noticias\/wp-content\/uploads\/2019\/12\/Musoc-Asturias.jpg\" \/>\n\t\t<meta name=\"twitter:label1\" content=\"Escrito por\" \/>\n\t\t<meta name=\"twitter:data1\" content=\"Cand\u00e1s 365\" \/>\n\t\t<meta name=\"twitter:label2\" content=\"Tiempo de lectura estimado\" \/>\n\t\t<meta name=\"twitter:data2\" content=\"2 minutos\" \/>\n\t\t<script type=\"application\/ld+json\" class=\"aioseo-schema\">\n\t\t\t{\"@context\":\"https:\\\/\\\/schema.org\",\"@graph\":[{\"@type\":\"BreadcrumbList\",\"@id\":\"https:\\\/\\\/candas365.es\\\/noticias\\\/mas-de-40-peliculas-se-proyectaran-entre-el-6-y-el-31-de-enero-en-asturias\\\/#breadcrumblist\",\"itemListElement\":[{\"@type\":\"ListItem\",\"@id\":\"https:\\\/\\\/candas365.es\\\/noticias#listItem\",\"position\":1,\"name\":\"Home\",\"item\":\"https:\\\/\\\/candas365.es\\\/noticias\",\"nextItem\":{\"@type\":\"ListItem\",\"@id\":\"https:\\\/\\\/candas365.es\\\/noticias\\\/category\\\/asturias\\\/#listItem\",\"name\":\"Asturias\"}},{\"@type\":\"ListItem\",\"@id\":\"https:\\\/\\\/candas365.es\\\/noticias\\\/category\\\/asturias\\\/#listItem\",\"position\":2,\"name\":\"Asturias\",\"item\":\"https:\\\/\\\/candas365.es\\\/noticias\\\/category\\\/asturias\\\/\",\"nextItem\":{\"@type\":\"ListItem\",\"@id\":\"https:\\\/\\\/candas365.es\\\/noticias\\\/mas-de-40-peliculas-se-proyectaran-entre-el-6-y-el-31-de-enero-en-asturias\\\/#listItem\",\"name\":\"M\\u00e1s de 40 pel\\u00edculas se proyectar\\u00e1n entre el 6 y el 31 de enero en Asturias\"},\"previousItem\":{\"@type\":\"ListItem\",\"@id\":\"https:\\\/\\\/candas365.es\\\/noticias#listItem\",\"name\":\"Home\"}},{\"@type\":\"ListItem\",\"@id\":\"https:\\\/\\\/candas365.es\\\/noticias\\\/mas-de-40-peliculas-se-proyectaran-entre-el-6-y-el-31-de-enero-en-asturias\\\/#listItem\",\"position\":3,\"name\":\"M\\u00e1s de 40 pel\\u00edculas se proyectar\\u00e1n entre el 6 y el 31 de enero en Asturias\",\"previousItem\":{\"@type\":\"ListItem\",\"@id\":\"https:\\\/\\\/candas365.es\\\/noticias\\\/category\\\/asturias\\\/#listItem\",\"name\":\"Asturias\"}}]},{\"@type\":\"NewsArticle\",\"@id\":\"https:\\\/\\\/candas365.es\\\/noticias\\\/mas-de-40-peliculas-se-proyectaran-entre-el-6-y-el-31-de-enero-en-asturias\\\/#newsarticle\",\"name\":\"M\\u00e1s de 40 pel\\u00edculas se proyectar\\u00e1n entre el 6 y el 31 de enero en Asturias | Cand\\u00e1s 365\",\"headline\":\"M\\u00e1s de 40 pel\\u00edculas se proyectar\\u00e1n entre el 6 y el 31 de enero en Asturias\",\"author\":{\"@id\":\"https:\\\/\\\/candas365.es\\\/noticias\\\/author\\\/admin\\\/#author\"},\"publisher\":{\"@id\":\"https:\\\/\\\/candas365.es\\\/noticias\\\/#organization\"},\"image\":{\"@type\":\"ImageObject\",\"url\":\"https:\\\/\\\/candas365.es\\\/noticias\\\/wp-content\\\/uploads\\\/2019\\\/12\\\/Musoc-Asturias.jpg\",\"width\":1073,\"height\":777},\"datePublished\":\"2019-12-29T23:04:15+01:00\",\"dateModified\":\"2019-12-29T23:04:15+01:00\",\"inLanguage\":\"es-ES\",\"mainEntityOfPage\":{\"@id\":\"https:\\\/\\\/candas365.es\\\/noticias\\\/mas-de-40-peliculas-se-proyectaran-entre-el-6-y-el-31-de-enero-en-asturias\\\/#webpage\"},\"isPartOf\":{\"@id\":\"https:\\\/\\\/candas365.es\\\/noticias\\\/mas-de-40-peliculas-se-proyectaran-entre-el-6-y-el-31-de-enero-en-asturias\\\/#webpage\"},\"articleSection\":\"Asturias\",\"dateline\":\"Publicado el diciembre 29, 2019.\"},{\"@type\":\"Organization\",\"@id\":\"https:\\\/\\\/candas365.es\\\/noticias\\\/#organization\",\"name\":\"Cand\\u00e1s 365\",\"description\":\"Cand\\u00e1s 365 es un diario digital independiente, fundado en 2012, con base en Asturias. Informamos con rigor sobre actualidad, sociedad, cultura y ocio, con una mirada local y global.\",\"url\":\"https:\\\/\\\/candas365.es\\\/noticias\\\/\",\"email\":\"info@candas365.es\",\"telephone\":\"+34652131393\",\"foundingDate\":\"2012-06-10\",\"logo\":{\"@type\":\"ImageObject\",\"url\":\"https:\\\/\\\/candas365.es\\\/noticias\\\/wp-content\\\/uploads\\\/2024\\\/09\\\/Candas-365-Redes.jpg\",\"@id\":\"https:\\\/\\\/candas365.es\\\/noticias\\\/mas-de-40-peliculas-se-proyectaran-entre-el-6-y-el-31-de-enero-en-asturias\\\/#organizationLogo\",\"width\":1152,\"height\":864,\"caption\":\"Cand\\u00e1s 365 Redes\"},\"image\":{\"@id\":\"https:\\\/\\\/candas365.es\\\/noticias\\\/mas-de-40-peliculas-se-proyectaran-entre-el-6-y-el-31-de-enero-en-asturias\\\/#organizationLogo\"},\"sameAs\":[\"https:\\\/\\\/www.facebook.com\\\/Nachofdezber\",\"https:\\\/\\\/x.com\\\/NabercoDigital\",\"https:\\\/\\\/www.instagram.com\\\/nachofdezber\\\/\",\"https:\\\/\\\/www.youtube.com\\\/channel\\\/UCZP-2wLEB9Rv6erhFmqVnvg\"],\"address\":{\"@id\":\"https:\\\/\\\/candas365.es\\\/noticias\\\/#postaladdress\",\"@type\":\"PostalAddress\",\"streetAddress\":\"san antonio 4, san antonio 4\",\"postalCode\":\"33430\",\"addressLocality\":\"Cand\\u00e1s\",\"addressRegion\":\"Asturias\",\"addressCountry\":\"ES\"}},{\"@type\":\"Person\",\"@id\":\"https:\\\/\\\/candas365.es\\\/noticias\\\/author\\\/admin\\\/#author\",\"url\":\"https:\\\/\\\/candas365.es\\\/noticias\\\/author\\\/admin\\\/\",\"name\":\"Cand\\u00e1s 365\",\"image\":{\"@type\":\"ImageObject\",\"@id\":\"https:\\\/\\\/candas365.es\\\/noticias\\\/mas-de-40-peliculas-se-proyectaran-entre-el-6-y-el-31-de-enero-en-asturias\\\/#authorImage\",\"url\":\"https:\\\/\\\/secure.gravatar.com\\\/avatar\\\/496a8e03d0c493ede1718b7934145dbdf8d89be1036b0eec9544e1094c9de390?s=96&d=mm&r=g\",\"width\":96,\"height\":96,\"caption\":\"Cand\\u00e1s 365\"},\"sameAs\":[\"https:\\\/\\\/www.facebook.com\\\/carrenoactualidad\",\"https:\\\/\\\/twitter.com\\\/nbasturias\",\"https:\\\/\\\/www.instagram.com\\\/nachofdezber\\\/\",\"https:\\\/\\\/www.youtube.com\\\/channel\\\/UCZP-2wLEB9Rv6erhFmqVnvg\"]},{\"@type\":\"WebPage\",\"@id\":\"https:\\\/\\\/candas365.es\\\/noticias\\\/mas-de-40-peliculas-se-proyectaran-entre-el-6-y-el-31-de-enero-en-asturias\\\/#webpage\",\"url\":\"https:\\\/\\\/candas365.es\\\/noticias\\\/mas-de-40-peliculas-se-proyectaran-entre-el-6-y-el-31-de-enero-en-asturias\\\/\",\"name\":\"M\\u00e1s de 40 pel\\u00edculas se proyectar\\u00e1n entre el 6 y el 31 de enero en Asturias | Cand\\u00e1s 365\",\"description\":\"La Muestra de Cine Social y Derechos Humanos de Asturias (Musoc), una iniciativa de Acci\\u00f3n en Red Asturias que cuenta con el respaldo de la Agencia Asturiana de Cooperaci\\u00f3n al Desarrollo, entre otras entidades, ha programado m\\u00e1s de 40 pel\\u00edculas que se proyectar\\u00e1n entre el 6 y el 31 de enero en 18 sedes diferentes\",\"inLanguage\":\"es-ES\",\"isPartOf\":{\"@id\":\"https:\\\/\\\/candas365.es\\\/noticias\\\/#website\"},\"breadcrumb\":{\"@id\":\"https:\\\/\\\/candas365.es\\\/noticias\\\/mas-de-40-peliculas-se-proyectaran-entre-el-6-y-el-31-de-enero-en-asturias\\\/#breadcrumblist\"},\"author\":{\"@id\":\"https:\\\/\\\/candas365.es\\\/noticias\\\/author\\\/admin\\\/#author\"},\"creator\":{\"@id\":\"https:\\\/\\\/candas365.es\\\/noticias\\\/author\\\/admin\\\/#author\"},\"image\":{\"@type\":\"ImageObject\",\"url\":\"https:\\\/\\\/candas365.es\\\/noticias\\\/wp-content\\\/uploads\\\/2019\\\/12\\\/Musoc-Asturias.jpg\",\"@id\":\"https:\\\/\\\/candas365.es\\\/noticias\\\/mas-de-40-peliculas-se-proyectaran-entre-el-6-y-el-31-de-enero-en-asturias\\\/#mainImage\",\"width\":1073,\"height\":777},\"primaryImageOfPage\":{\"@id\":\"https:\\\/\\\/candas365.es\\\/noticias\\\/mas-de-40-peliculas-se-proyectaran-entre-el-6-y-el-31-de-enero-en-asturias\\\/#mainImage\"},\"datePublished\":\"2019-12-29T23:04:15+01:00\",\"dateModified\":\"2019-12-29T23:04:15+01:00\"},{\"@type\":\"WebSite\",\"@id\":\"https:\\\/\\\/candas365.es\\\/noticias\\\/#website\",\"url\":\"https:\\\/\\\/candas365.es\\\/noticias\\\/\",\"name\":\"Cand\\u00e1s 365\",\"alternateName\":\"Cand\\u00e1s 365 Noticias\",\"description\":\"Actualidad desde Carre\\u00f1o para el mundo\",\"inLanguage\":\"es-ES\",\"publisher\":{\"@id\":\"https:\\\/\\\/candas365.es\\\/noticias\\\/#organization\"}}]}\n\t\t<\/script>\n\t\t<!-- All in One SEO Pro -->\r\n\t\t<title>M\u00e1s de 40 pel\u00edculas se proyectar\u00e1n entre el 6 y el 31 de enero en Asturias | Cand\u00e1s 365<\/title>\n\n","aioseo_head_json":{"title":"M\u00e1s de 40 pel\u00edculas se proyectar\u00e1n entre el 6 y el 31 de enero en Asturias | Cand\u00e1s 365","description":"La Muestra de Cine Social y Derechos Humanos de Asturias (Musoc), una iniciativa de Acci\u00f3n en Red Asturias que cuenta con el respaldo de la Agencia Asturiana de Cooperaci\u00f3n al Desarrollo, entre otras entidades, ha programado m\u00e1s de 40 pel\u00edculas que se proyectar\u00e1n entre el 6 y el 31 de enero en 18 sedes diferentes","canonical_url":"https:\/\/candas365.es\/noticias\/mas-de-40-peliculas-se-proyectaran-entre-el-6-y-el-31-de-enero-en-asturias\/","robots":"max-image-preview:large","keywords":"asturias","webmasterTools":{"google-site-verification":"UA-32230408-1","msvalidate.01":"354F3CDFB2DA171B47FBE9ABF1F88D5","miscellaneous":""},"schema":{"@context":"https:\/\/schema.org","@graph":[{"@type":"BreadcrumbList","@id":"https:\/\/candas365.es\/noticias\/mas-de-40-peliculas-se-proyectaran-entre-el-6-y-el-31-de-enero-en-asturias\/#breadcrumblist","itemListElement":[{"@type":"ListItem","@id":"https:\/\/candas365.es\/noticias#listItem","position":1,"name":"Home","item":"https:\/\/candas365.es\/noticias","nextItem":{"@type":"ListItem","@id":"https:\/\/candas365.es\/noticias\/category\/asturias\/#listItem","name":"Asturias"}},{"@type":"ListItem","@id":"https:\/\/candas365.es\/noticias\/category\/asturias\/#listItem","position":2,"name":"Asturias","item":"https:\/\/candas365.es\/noticias\/category\/asturias\/","nextItem":{"@type":"ListItem","@id":"https:\/\/candas365.es\/noticias\/mas-de-40-peliculas-se-proyectaran-entre-el-6-y-el-31-de-enero-en-asturias\/#listItem","name":"M\u00e1s de 40 pel\u00edculas se proyectar\u00e1n entre el 6 y el 31 de enero en Asturias"},"previousItem":{"@type":"ListItem","@id":"https:\/\/candas365.es\/noticias#listItem","name":"Home"}},{"@type":"ListItem","@id":"https:\/\/candas365.es\/noticias\/mas-de-40-peliculas-se-proyectaran-entre-el-6-y-el-31-de-enero-en-asturias\/#listItem","position":3,"name":"M\u00e1s de 40 pel\u00edculas se proyectar\u00e1n entre el 6 y el 31 de enero en Asturias","previousItem":{"@type":"ListItem","@id":"https:\/\/candas365.es\/noticias\/category\/asturias\/#listItem","name":"Asturias"}}]},{"@type":"NewsArticle","@id":"https:\/\/candas365.es\/noticias\/mas-de-40-peliculas-se-proyectaran-entre-el-6-y-el-31-de-enero-en-asturias\/#newsarticle","name":"M\u00e1s de 40 pel\u00edculas se proyectar\u00e1n entre el 6 y el 31 de enero en Asturias | Cand\u00e1s 365","headline":"M\u00e1s de 40 pel\u00edculas se proyectar\u00e1n entre el 6 y el 31 de enero en Asturias","author":{"@id":"https:\/\/candas365.es\/noticias\/author\/admin\/#author"},"publisher":{"@id":"https:\/\/candas365.es\/noticias\/#organization"},"image":{"@type":"ImageObject","url":"https:\/\/candas365.es\/noticias\/wp-content\/uploads\/2019\/12\/Musoc-Asturias.jpg","width":1073,"height":777},"datePublished":"2019-12-29T23:04:15+01:00","dateModified":"2019-12-29T23:04:15+01:00","inLanguage":"es-ES","mainEntityOfPage":{"@id":"https:\/\/candas365.es\/noticias\/mas-de-40-peliculas-se-proyectaran-entre-el-6-y-el-31-de-enero-en-asturias\/#webpage"},"isPartOf":{"@id":"https:\/\/candas365.es\/noticias\/mas-de-40-peliculas-se-proyectaran-entre-el-6-y-el-31-de-enero-en-asturias\/#webpage"},"articleSection":"Asturias","dateline":"Publicado el diciembre 29, 2019."},{"@type":"Organization","@id":"https:\/\/candas365.es\/noticias\/#organization","name":"Cand\u00e1s 365","description":"Cand\u00e1s 365 es un diario digital independiente, fundado en 2012, con base en Asturias. Informamos con rigor sobre actualidad, sociedad, cultura y ocio, con una mirada local y global.","url":"https:\/\/candas365.es\/noticias\/","email":"info@candas365.es","telephone":"+34652131393","foundingDate":"2012-06-10","logo":{"@type":"ImageObject","url":"https:\/\/candas365.es\/noticias\/wp-content\/uploads\/2024\/09\/Candas-365-Redes.jpg","@id":"https:\/\/candas365.es\/noticias\/mas-de-40-peliculas-se-proyectaran-entre-el-6-y-el-31-de-enero-en-asturias\/#organizationLogo","width":1152,"height":864,"caption":"Cand\u00e1s 365 Redes"},"image":{"@id":"https:\/\/candas365.es\/noticias\/mas-de-40-peliculas-se-proyectaran-entre-el-6-y-el-31-de-enero-en-asturias\/#organizationLogo"},"sameAs":["https:\/\/www.facebook.com\/Nachofdezber","https:\/\/x.com\/NabercoDigital","https:\/\/www.instagram.com\/nachofdezber\/","https:\/\/www.youtube.com\/channel\/UCZP-2wLEB9Rv6erhFmqVnvg"],"address":{"@id":"https:\/\/candas365.es\/noticias\/#postaladdress","@type":"PostalAddress","streetAddress":"san antonio 4, san antonio 4","postalCode":"33430","addressLocality":"Cand\u00e1s","addressRegion":"Asturias","addressCountry":"ES"}},{"@type":"Person","@id":"https:\/\/candas365.es\/noticias\/author\/admin\/#author","url":"https:\/\/candas365.es\/noticias\/author\/admin\/","name":"Cand\u00e1s 365","image":{"@type":"ImageObject","@id":"https:\/\/candas365.es\/noticias\/mas-de-40-peliculas-se-proyectaran-entre-el-6-y-el-31-de-enero-en-asturias\/#authorImage","url":"https:\/\/secure.gravatar.com\/avatar\/496a8e03d0c493ede1718b7934145dbdf8d89be1036b0eec9544e1094c9de390?s=96&d=mm&r=g","width":96,"height":96,"caption":"Cand\u00e1s 365"},"sameAs":["https:\/\/www.facebook.com\/carrenoactualidad","https:\/\/twitter.com\/nbasturias","https:\/\/www.instagram.com\/nachofdezber\/","https:\/\/www.youtube.com\/channel\/UCZP-2wLEB9Rv6erhFmqVnvg"]},{"@type":"WebPage","@id":"https:\/\/candas365.es\/noticias\/mas-de-40-peliculas-se-proyectaran-entre-el-6-y-el-31-de-enero-en-asturias\/#webpage","url":"https:\/\/candas365.es\/noticias\/mas-de-40-peliculas-se-proyectaran-entre-el-6-y-el-31-de-enero-en-asturias\/","name":"M\u00e1s de 40 pel\u00edculas se proyectar\u00e1n entre el 6 y el 31 de enero en Asturias | Cand\u00e1s 365","description":"La Muestra de Cine Social y Derechos Humanos de Asturias (Musoc), una iniciativa de Acci\u00f3n en Red Asturias que cuenta con el respaldo de la Agencia Asturiana de Cooperaci\u00f3n al Desarrollo, entre otras entidades, ha programado m\u00e1s de 40 pel\u00edculas que se proyectar\u00e1n entre el 6 y el 31 de enero en 18 sedes diferentes","inLanguage":"es-ES","isPartOf":{"@id":"https:\/\/candas365.es\/noticias\/#website"},"breadcrumb":{"@id":"https:\/\/candas365.es\/noticias\/mas-de-40-peliculas-se-proyectaran-entre-el-6-y-el-31-de-enero-en-asturias\/#breadcrumblist"},"author":{"@id":"https:\/\/candas365.es\/noticias\/author\/admin\/#author"},"creator":{"@id":"https:\/\/candas365.es\/noticias\/author\/admin\/#author"},"image":{"@type":"ImageObject","url":"https:\/\/candas365.es\/noticias\/wp-content\/uploads\/2019\/12\/Musoc-Asturias.jpg","@id":"https:\/\/candas365.es\/noticias\/mas-de-40-peliculas-se-proyectaran-entre-el-6-y-el-31-de-enero-en-asturias\/#mainImage","width":1073,"height":777},"primaryImageOfPage":{"@id":"https:\/\/candas365.es\/noticias\/mas-de-40-peliculas-se-proyectaran-entre-el-6-y-el-31-de-enero-en-asturias\/#mainImage"},"datePublished":"2019-12-29T23:04:15+01:00","dateModified":"2019-12-29T23:04:15+01:00"},{"@type":"WebSite","@id":"https:\/\/candas365.es\/noticias\/#website","url":"https:\/\/candas365.es\/noticias\/","name":"Cand\u00e1s 365","alternateName":"Cand\u00e1s 365 Noticias","description":"Actualidad desde Carre\u00f1o para el mundo","inLanguage":"es-ES","publisher":{"@id":"https:\/\/candas365.es\/noticias\/#organization"}}]},"og:locale":"es_ES","og:site_name":"Cand\u00e1s 365","og:type":"article","og:title":"M\u00e1s de 40 pel\u00edculas se proyectar\u00e1n entre el 6 y el 31 de enero en Asturias | Cand\u00e1s 365","og:description":"La Muestra de Cine Social y Derechos Humanos de Asturias (Musoc), una iniciativa de Acci\u00f3n en Red Asturias que cuenta con el respaldo de la Agencia Asturiana de Cooperaci\u00f3n al Desarrollo, entre otras entidades, ha programado m\u00e1s de 40 pel\u00edculas que se proyectar\u00e1n entre el 6 y el 31 de enero en 18 sedes diferentes","og:url":"https:\/\/candas365.es\/noticias\/mas-de-40-peliculas-se-proyectaran-entre-el-6-y-el-31-de-enero-en-asturias\/","og:image":"https:\/\/candas365.es\/noticias\/wp-content\/uploads\/2019\/12\/Musoc-Asturias.jpg","og:image:secure_url":"https:\/\/candas365.es\/noticias\/wp-content\/uploads\/2019\/12\/Musoc-Asturias.jpg","og:image:width":1073,"og:image:height":777,"article:published_time":"2019-12-29T23:04:15+00:00","article:modified_time":"2019-12-29T23:04:15+00:00","article:publisher":"https:\/\/www.facebook.com\/Nachofdezber","article:author":"https:\/\/www.facebook.com\/carrenoactualidad","twitter:card":"summary_large_image","twitter:site":"@NabercoDigital","twitter:title":"M\u00e1s de 40 pel\u00edculas se proyectar\u00e1n entre el 6 y el 31 de enero en Asturias | Cand\u00e1s 365","twitter:description":"La Muestra de Cine Social y Derechos Humanos de Asturias (Musoc), una iniciativa de Acci\u00f3n en Red Asturias que cuenta con el respaldo de la Agencia Asturiana de Cooperaci\u00f3n al Desarrollo, entre otras entidades, ha programado m\u00e1s de 40 pel\u00edculas que se proyectar\u00e1n entre el 6 y el 31 de enero en 18 sedes diferentes","twitter:creator":"@nbasturias","twitter:image":"https:\/\/candas365.es\/noticias\/wp-content\/uploads\/2019\/12\/Musoc-Asturias.jpg","twitter:label1":"Escrito por","twitter:data1":"Cand\u00e1s 365","twitter:label2":"Tiempo de lectura estimado","twitter:data2":"2 minutos"},"aioseo_meta_data":{"post_id":"135595","title":null,"description":null,"keywords":null,"keyphrases":null,"primary_term":null,"canonical_url":null,"og_title":null,"og_description":null,"og_object_type":"default","og_image_type":"default","og_image_url":null,"og_image_width":null,"og_image_height":null,"og_image_custom_url":null,"og_image_custom_fields":null,"og_video":null,"og_custom_url":null,"og_article_section":null,"og_article_tags":null,"twitter_use_og":false,"twitter_card":"default","twitter_image_type":"default","twitter_image_url":null,"twitter_image_custom_url":null,"twitter_image_custom_fields":null,"twitter_title":null,"twitter_description":null,"schema":{"blockGraphs":[],"customGraphs":[],"default":{"data":{"Article":[],"Course":[],"Dataset":[],"FAQPage":[],"Movie":[],"Person":[],"Product":[],"ProductReview":[],"Car":[],"Recipe":[],"Service":[],"SoftwareApplication":[],"WebPage":[]},"graphName":"","isEnabled":true},"graphs":[]},"schema_type":null,"schema_type_options":null,"pillar_content":false,"robots_default":true,"robots_noindex":false,"robots_noarchive":false,"robots_nosnippet":false,"robots_nofollow":false,"robots_noimageindex":false,"robots_noodp":false,"robots_notranslate":false,"robots_max_snippet":null,"robots_max_videopreview":null,"robots_max_imagepreview":"large","priority":null,"frequency":null,"location":null,"local_seo":null,"seo_analyzer_scan_date":"2025-08-30 20:36:11","breadcrumb_settings":null,"limit_modified_date":false,"reviewed_by":null,"open_ai":null,"ai":null,"created":"2020-12-21 10:48:44","updated":"2025-08-30 20:36:11"},"aioseo_breadcrumb":"<div class=\"aioseo-breadcrumbs\"><span class=\"aioseo-breadcrumb\">\n\t<a href=\"https:\/\/candas365.es\/noticias\" title=\"Home\">Home<\/a>\n<\/span><span class=\"aioseo-breadcrumb-separator\">&ndash;<\/span><span class=\"aioseo-breadcrumb\">\n\t<a href=\"https:\/\/candas365.es\/noticias\/category\/asturias\/\" title=\"Asturias\">Asturias<\/a>\n<\/span><span class=\"aioseo-breadcrumb-separator\">&ndash;<\/span><span class=\"aioseo-breadcrumb\">\n\tM\u00e1s de 40 pel\u00edculas se proyectar\u00e1n entre el 6 y el 31 de enero en Asturias\n<\/span><\/div>","aioseo_breadcrumb_json":[{"label":"Home","link":"https:\/\/candas365.es\/noticias"},{"label":"Asturias","link":"https:\/\/candas365.es\/noticias\/category\/asturias\/"},{"label":"M\u00e1s de 40 pel\u00edculas se proyectar\u00e1n entre el 6 y el 31 de enero en Asturias","link":"https:\/\/candas365.es\/noticias\/mas-de-40-peliculas-se-proyectaran-entre-el-6-y-el-31-de-enero-en-asturias\/"}],"_links":{"self":[{"href":"https:\/\/candas365.es\/noticias\/wp-json\/wp\/v2\/posts\/135595","targetHints":{"allow":["GET"]}}],"collection":[{"href":"https:\/\/candas365.es\/noticias\/wp-json\/wp\/v2\/posts"}],"about":[{"href":"https:\/\/candas365.es\/noticias\/wp-json\/wp\/v2\/types\/post"}],"author":[{"embeddable":true,"href":"https:\/\/candas365.es\/noticias\/wp-json\/wp\/v2\/users\/1"}],"replies":[{"embeddable":true,"href":"https:\/\/candas365.es\/noticias\/wp-json\/wp\/v2\/comments?post=135595"}],"version-history":[{"count":0,"href":"https:\/\/candas365.es\/noticias\/wp-json\/wp\/v2\/posts\/135595\/revisions"}],"wp:featuredmedia":[{"embeddable":true,"href":"https:\/\/candas365.es\/noticias\/wp-json\/wp\/v2\/media\/135600"}],"wp:attachment":[{"href":"https:\/\/candas365.es\/noticias\/wp-json\/wp\/v2\/media?parent=135595"}],"wp:term":[{"taxonomy":"category","embeddable":true,"href":"https:\/\/candas365.es\/noticias\/wp-json\/wp\/v2\/categories?post=135595"},{"taxonomy":"post_tag","embeddable":true,"href":"https:\/\/candas365.es\/noticias\/wp-json\/wp\/v2\/tags?post=135595"}],"curies":[{"name":"wp","href":"https:\/\/api.w.org\/{rel}","templated":true}]}}