{"id":135576,"date":"2019-12-29T20:43:23","date_gmt":"2019-12-29T20:43:23","guid":{"rendered":"http:\/\/candas365.es\/noticias\/?p=135576"},"modified":"2019-12-29T20:43:23","modified_gmt":"2019-12-29T20:43:23","slug":"colocan-75-000-stolperstein-en-honor-a-victimas-de-los-nazis","status":"publish","type":"post","link":"https:\/\/candas365.es\/noticias\/colocan-75-000-stolperstein-en-honor-a-victimas-de-los-nazis\/","title":{"rendered":"Colocan 75.000 \u00abStolperstein\u00bb en honor a v\u00edctimas de los nazis"},"content":{"rendered":"<figure id=\"attachment_135577\" aria-describedby=\"caption-attachment-135577\" style=\"width: 360px\" class=\"wp-caption alignleft\"><img fetchpriority=\"high\" decoding=\"async\" class=\"size-medium wp-image-135577\" src=\"https:\/\/candas365.es\/noticias\/wp-content\/uploads\/2019\/12\/Stolpersteine-dpa-360x218.jpg\" alt=\"\" width=\"360\" height=\"218\" srcset=\"https:\/\/candas365.es\/noticias\/wp-content\/uploads\/2019\/12\/Stolpersteine-dpa-360x218.jpg 360w, https:\/\/candas365.es\/noticias\/wp-content\/uploads\/2019\/12\/Stolpersteine-dpa-655x396.jpg 655w, https:\/\/candas365.es\/noticias\/wp-content\/uploads\/2019\/12\/Stolpersteine-dpa-768x465.jpg 768w, https:\/\/candas365.es\/noticias\/wp-content\/uploads\/2019\/12\/Stolpersteine-dpa-696x421.jpg 696w, https:\/\/candas365.es\/noticias\/wp-content\/uploads\/2019\/12\/Stolpersteine-dpa-1068x646.jpg 1068w, https:\/\/candas365.es\/noticias\/wp-content\/uploads\/2019\/12\/Stolpersteine-dpa-694x420.jpg 694w, https:\/\/candas365.es\/noticias\/wp-content\/uploads\/2019\/12\/Stolpersteine-dpa.jpg 1111w\" sizes=\"(max-width: 360px) 100vw, 360px\" \/><figcaption id=\"caption-attachment-135577\" class=\"wp-caption-text\">Foto: Stefan Puchner\/dpa<\/figcaption><\/figure>\n<p>Memmingen (Alemania), 29 dic (dpa) &#8211; Gunter Demnig, el creador de las llamadas \u00abStolpersteine\u00bb, piedras-obst\u00e1culo que en Alemania recuerdan a las v\u00edctimas del nazismo, coloc\u00f3 hoy la piedra conmemorativa n\u00famero 75.000 en la ciudad de Memmingen al oeste del estado federado de Baviera.<\/p>\n<p>Las \u00abStolpersteine\u00bb, que en alem\u00e1n significa \u00abpiedras en el camino que pueden hacer tropezar\u00bb, recuerdan a jud\u00edos, sinti y roma, activistas pol\u00edticos, homosexuales o personas con discapacidades perseguidos o asesinados por el r\u00e9gimen nazi.<\/p>\n<p>La conmemoraci\u00f3n n\u00famero 75.000, con otras dos \u00abStolpersteine\u00bb, recordar\u00e1 a futuro el destino corrido por la familia jud\u00eda Rosenbaum, inform\u00f3 la asociaci\u00f3n Stolpersteine en Memmingen. Las dos piedras fueron colocadas frente a la antigua casa de Martha y Benno Rosenbaum.<\/p>\n<p>Las \u00abStolpersteine\u00bb est\u00e1n provistas adem\u00e1s de una peque\u00f1a placa que contiene los datos biogr\u00e1ficos de las v\u00edctimas del nazismo. Se las coloca en las aceras delante de las antiguas viviendas de los perseguidos por el r\u00e9gimen nazi.<\/p>\n<p>Demnig trabaja en el proyecto desde 1990. De acuerdo con los datos proporcionados por el artista, estas placas conmemorativas ya han sido colocadas en m\u00e1s de 1.250 comunidades en Alemania.<\/p>\n<p>En Memmingen se instalaron \u00abStolpersteine\u00bb desde 2014 y actualmente pueden encontrarse m\u00e1s de 100 en toda la ciudad. Durante el pogromo del 10 de noviembre de 1938, los nazis devastaron la vivienda de la acomodada familia Rosenbaum, en ausencia del matrimonio.<\/p>\n<p>La pareja huy\u00f3 en 1941 a Montevideo, la capital de Uruguay, y el hombre se suicid\u00f3 all\u00ed tres a\u00f1os m\u00e1s tarde. Seg\u00fan explic\u00f3 la asociaci\u00f3n de Memmingen, Benno Rosenbaum no pudo soportar la partida obligada de su ciudad natal.<\/p>\n<p>Demnig, de 72 a\u00f1os y nacido en Berl\u00edn, nunca imagin\u00f3 al colocar la primera piedra de tropiezo a principios de 1990 que esta acci\u00f3n iba a extenderse de tal manera, hasta Austria, B\u00e9lgica, Francia, Italia, Noruega, Polonia y los Pa\u00edses Bajos, entre otras naciones de Europa.<\/p>\n<p>Su proyecto, sin embargo, tambi\u00e9n ha generado cr\u00edticas. Algunas personas opinan que no es una forma conmemorativa adecuada, porque se pisa los nombres de las v\u00edctimas del nazismo.<\/p>\n<p>Este es el motivo por el cual la ciudad de M\u00fanich lo rechaza. En vez de \u00abStolpersteine\u00bb, la capital b\u00e1vara recuerda a las v\u00edctimas del Holocausto con estelas y pizarras.<\/p>\n","protected":false},"excerpt":{"rendered":"<p>Memmingen (Alemania), 29 dic (dpa) &#8211; Gunter Demnig, el creador de las llamadas \u00abStolpersteine\u00bb, piedras-obst\u00e1culo que en Alemania recuerdan a las v\u00edctimas del nazismo, coloc\u00f3 hoy la piedra conmemorativa n\u00famero 75.000 en la ciudad de Memmingen al oeste del estado federado de Baviera. Las \u00abStolpersteine\u00bb, que en alem\u00e1n significa \u00abpiedras en el camino que pueden<\/p>\n","protected":false},"author":1,"featured_media":135577,"comment_status":"closed","ping_status":"closed","sticky":false,"template":"","format":"standard","meta":{"footnotes":""},"categories":[343],"tags":[],"class_list":{"0":"post-135576","1":"post","2":"type-post","3":"status-publish","4":"format-standard","5":"has-post-thumbnail","7":"category-actualidad"},"aioseo_notices":[],"aioseo_head":"\n\t\t<!-- All in One SEO Pro 4.9.6.2 - aioseo.com -->\n\t<meta name=\"description\" content=\"Memmingen (Alemania), 29 dic (dpa) - Gunter Demnig, el creador de las llamadas &quot;Stolpersteine&quot;, piedras-obst\u00e1culo que en Alemania recuerdan a las v\u00edctimas del nazismo, coloc\u00f3 hoy la piedra conmemorativa n\u00famero 75.000 en la ciudad de Memmingen al oeste del estado federado de Baviera. Las &quot;Stolpersteine&quot;, que en alem\u00e1n significa &quot;piedras en el camino que pueden\" \/>\n\t<meta name=\"robots\" content=\"max-image-preview:large\" \/>\n\t<meta name=\"author\" content=\"Cand\u00e1s 365\"\/>\n\t<meta name=\"google-site-verification\" content=\"UA-32230408-1\" \/>\n\t<meta name=\"msvalidate.01\" content=\"354F3CDFB2DA171B47FBE9ABF1F88D5\" \/>\n\t<meta name=\"keywords\" content=\"actualidad\" \/>\n\t<link rel=\"canonical\" href=\"https:\/\/candas365.es\/noticias\/colocan-75-000-stolperstein-en-honor-a-victimas-de-los-nazis\/\" \/>\n\t<meta name=\"generator\" content=\"All in One SEO Pro (AIOSEO) 4.9.6.2\" \/>\n\t\t<meta property=\"og:locale\" content=\"es_ES\" \/>\n\t\t<meta property=\"og:site_name\" content=\"Cand\u00e1s 365\" \/>\n\t\t<meta property=\"og:type\" content=\"article\" \/>\n\t\t<meta property=\"og:title\" content=\"Colocan 75.000 \u00abStolperstein\u00bb en honor a v\u00edctimas de los nazis | Cand\u00e1s 365\" \/>\n\t\t<meta property=\"og:description\" content=\"Memmingen (Alemania), 29 dic (dpa) - Gunter Demnig, el creador de las llamadas &quot;Stolpersteine&quot;, piedras-obst\u00e1culo que en Alemania recuerdan a las v\u00edctimas del nazismo, coloc\u00f3 hoy la piedra conmemorativa n\u00famero 75.000 en la ciudad de Memmingen al oeste del estado federado de Baviera. Las &quot;Stolpersteine&quot;, que en alem\u00e1n significa &quot;piedras en el camino que pueden\" \/>\n\t\t<meta property=\"og:url\" content=\"https:\/\/candas365.es\/noticias\/colocan-75-000-stolperstein-en-honor-a-victimas-de-los-nazis\/\" \/>\n\t\t<meta property=\"og:image\" content=\"https:\/\/candas365.es\/noticias\/wp-content\/uploads\/2019\/12\/Stolpersteine-dpa.jpg\" \/>\n\t\t<meta property=\"og:image:secure_url\" content=\"https:\/\/candas365.es\/noticias\/wp-content\/uploads\/2019\/12\/Stolpersteine-dpa.jpg\" \/>\n\t\t<meta property=\"og:image:width\" content=\"1111\" \/>\n\t\t<meta property=\"og:image:height\" content=\"672\" \/>\n\t\t<meta property=\"article:published_time\" content=\"2019-12-29T20:43:23+00:00\" \/>\n\t\t<meta property=\"article:modified_time\" content=\"2019-12-29T20:43:23+00:00\" \/>\n\t\t<meta property=\"article:publisher\" content=\"https:\/\/www.facebook.com\/Nachofdezber\" \/>\n\t\t<meta property=\"article:author\" content=\"https:\/\/www.facebook.com\/carrenoactualidad\" \/>\n\t\t<meta name=\"twitter:card\" content=\"summary_large_image\" \/>\n\t\t<meta name=\"twitter:site\" content=\"@NabercoDigital\" \/>\n\t\t<meta name=\"twitter:title\" content=\"Colocan 75.000 \u00abStolperstein\u00bb en honor a v\u00edctimas de los nazis | Cand\u00e1s 365\" \/>\n\t\t<meta name=\"twitter:description\" content=\"Memmingen (Alemania), 29 dic (dpa) - Gunter Demnig, el creador de las llamadas &quot;Stolpersteine&quot;, piedras-obst\u00e1culo que en Alemania recuerdan a las v\u00edctimas del nazismo, coloc\u00f3 hoy la piedra conmemorativa n\u00famero 75.000 en la ciudad de Memmingen al oeste del estado federado de Baviera. Las &quot;Stolpersteine&quot;, que en alem\u00e1n significa &quot;piedras en el camino que pueden\" \/>\n\t\t<meta name=\"twitter:creator\" content=\"@nbasturias\" \/>\n\t\t<meta name=\"twitter:image\" content=\"https:\/\/candas365.es\/noticias\/wp-content\/uploads\/2019\/12\/Stolpersteine-dpa.jpg\" \/>\n\t\t<meta name=\"twitter:label1\" content=\"Escrito por\" \/>\n\t\t<meta name=\"twitter:data1\" content=\"Cand\u00e1s 365\" \/>\n\t\t<meta name=\"twitter:label2\" content=\"Tiempo de lectura estimado\" \/>\n\t\t<meta name=\"twitter:data2\" content=\"2 minutos\" \/>\n\t\t<script type=\"application\/ld+json\" class=\"aioseo-schema\">\n\t\t\t{\"@context\":\"https:\\\/\\\/schema.org\",\"@graph\":[{\"@type\":\"BreadcrumbList\",\"@id\":\"https:\\\/\\\/candas365.es\\\/noticias\\\/colocan-75-000-stolperstein-en-honor-a-victimas-de-los-nazis\\\/#breadcrumblist\",\"itemListElement\":[{\"@type\":\"ListItem\",\"@id\":\"https:\\\/\\\/candas365.es\\\/noticias#listItem\",\"position\":1,\"name\":\"Home\",\"item\":\"https:\\\/\\\/candas365.es\\\/noticias\",\"nextItem\":{\"@type\":\"ListItem\",\"@id\":\"https:\\\/\\\/candas365.es\\\/noticias\\\/category\\\/actualidad\\\/#listItem\",\"name\":\"Actualidad\"}},{\"@type\":\"ListItem\",\"@id\":\"https:\\\/\\\/candas365.es\\\/noticias\\\/category\\\/actualidad\\\/#listItem\",\"position\":2,\"name\":\"Actualidad\",\"item\":\"https:\\\/\\\/candas365.es\\\/noticias\\\/category\\\/actualidad\\\/\",\"nextItem\":{\"@type\":\"ListItem\",\"@id\":\"https:\\\/\\\/candas365.es\\\/noticias\\\/colocan-75-000-stolperstein-en-honor-a-victimas-de-los-nazis\\\/#listItem\",\"name\":\"Colocan 75.000 \\u00abStolperstein\\u00bb en honor a v\\u00edctimas de los nazis\"},\"previousItem\":{\"@type\":\"ListItem\",\"@id\":\"https:\\\/\\\/candas365.es\\\/noticias#listItem\",\"name\":\"Home\"}},{\"@type\":\"ListItem\",\"@id\":\"https:\\\/\\\/candas365.es\\\/noticias\\\/colocan-75-000-stolperstein-en-honor-a-victimas-de-los-nazis\\\/#listItem\",\"position\":3,\"name\":\"Colocan 75.000 \\u00abStolperstein\\u00bb en honor a v\\u00edctimas de los nazis\",\"previousItem\":{\"@type\":\"ListItem\",\"@id\":\"https:\\\/\\\/candas365.es\\\/noticias\\\/category\\\/actualidad\\\/#listItem\",\"name\":\"Actualidad\"}}]},{\"@type\":\"NewsArticle\",\"@id\":\"https:\\\/\\\/candas365.es\\\/noticias\\\/colocan-75-000-stolperstein-en-honor-a-victimas-de-los-nazis\\\/#newsarticle\",\"name\":\"Colocan 75.000 \\u00abStolperstein\\u00bb en honor a v\\u00edctimas de los nazis | Cand\\u00e1s 365\",\"headline\":\"Colocan 75.000 \\u00abStolperstein\\u00bb en honor a v\\u00edctimas de los nazis\",\"author\":{\"@id\":\"https:\\\/\\\/candas365.es\\\/noticias\\\/author\\\/admin\\\/#author\"},\"publisher\":{\"@id\":\"https:\\\/\\\/candas365.es\\\/noticias\\\/#organization\"},\"image\":{\"@type\":\"ImageObject\",\"url\":\"https:\\\/\\\/candas365.es\\\/noticias\\\/wp-content\\\/uploads\\\/2019\\\/12\\\/Stolpersteine-dpa.jpg\",\"width\":1111,\"height\":672,\"caption\":\"Foto: Stefan Puchner\\\/dpa\"},\"datePublished\":\"2019-12-29T20:43:23+01:00\",\"dateModified\":\"2019-12-29T20:43:23+01:00\",\"inLanguage\":\"es-ES\",\"mainEntityOfPage\":{\"@id\":\"https:\\\/\\\/candas365.es\\\/noticias\\\/colocan-75-000-stolperstein-en-honor-a-victimas-de-los-nazis\\\/#webpage\"},\"isPartOf\":{\"@id\":\"https:\\\/\\\/candas365.es\\\/noticias\\\/colocan-75-000-stolperstein-en-honor-a-victimas-de-los-nazis\\\/#webpage\"},\"articleSection\":\"Actualidad\",\"dateline\":\"Publicado el diciembre 29, 2019.\"},{\"@type\":\"Organization\",\"@id\":\"https:\\\/\\\/candas365.es\\\/noticias\\\/#organization\",\"name\":\"Cand\\u00e1s 365\",\"description\":\"Cand\\u00e1s 365 es un diario digital independiente, fundado en 2012, con base en Asturias. Informamos con rigor sobre actualidad, sociedad, cultura y ocio, con una mirada local y global.\",\"url\":\"https:\\\/\\\/candas365.es\\\/noticias\\\/\",\"email\":\"info@candas365.es\",\"telephone\":\"+34652131393\",\"foundingDate\":\"2012-06-10\",\"logo\":{\"@type\":\"ImageObject\",\"url\":\"https:\\\/\\\/candas365.es\\\/noticias\\\/wp-content\\\/uploads\\\/2024\\\/09\\\/Candas-365-Redes.jpg\",\"@id\":\"https:\\\/\\\/candas365.es\\\/noticias\\\/colocan-75-000-stolperstein-en-honor-a-victimas-de-los-nazis\\\/#organizationLogo\",\"width\":1152,\"height\":864,\"caption\":\"Cand\\u00e1s 365 Redes\"},\"image\":{\"@id\":\"https:\\\/\\\/candas365.es\\\/noticias\\\/colocan-75-000-stolperstein-en-honor-a-victimas-de-los-nazis\\\/#organizationLogo\"},\"sameAs\":[\"https:\\\/\\\/www.facebook.com\\\/Nachofdezber\",\"https:\\\/\\\/x.com\\\/NabercoDigital\",\"https:\\\/\\\/www.instagram.com\\\/nachofdezber\\\/\",\"https:\\\/\\\/www.youtube.com\\\/channel\\\/UCZP-2wLEB9Rv6erhFmqVnvg\"],\"address\":{\"@id\":\"https:\\\/\\\/candas365.es\\\/noticias\\\/#postaladdress\",\"@type\":\"PostalAddress\",\"streetAddress\":\"san antonio 4, san antonio 4\",\"postalCode\":\"33430\",\"addressLocality\":\"Cand\\u00e1s\",\"addressRegion\":\"Asturias\",\"addressCountry\":\"ES\"}},{\"@type\":\"Person\",\"@id\":\"https:\\\/\\\/candas365.es\\\/noticias\\\/author\\\/admin\\\/#author\",\"url\":\"https:\\\/\\\/candas365.es\\\/noticias\\\/author\\\/admin\\\/\",\"name\":\"Cand\\u00e1s 365\",\"image\":{\"@type\":\"ImageObject\",\"@id\":\"https:\\\/\\\/candas365.es\\\/noticias\\\/colocan-75-000-stolperstein-en-honor-a-victimas-de-los-nazis\\\/#authorImage\",\"url\":\"https:\\\/\\\/secure.gravatar.com\\\/avatar\\\/496a8e03d0c493ede1718b7934145dbdf8d89be1036b0eec9544e1094c9de390?s=96&d=mm&r=g\",\"width\":96,\"height\":96,\"caption\":\"Cand\\u00e1s 365\"},\"sameAs\":[\"https:\\\/\\\/www.facebook.com\\\/carrenoactualidad\",\"https:\\\/\\\/twitter.com\\\/nbasturias\",\"https:\\\/\\\/www.instagram.com\\\/nachofdezber\\\/\",\"https:\\\/\\\/www.youtube.com\\\/channel\\\/UCZP-2wLEB9Rv6erhFmqVnvg\"]},{\"@type\":\"WebPage\",\"@id\":\"https:\\\/\\\/candas365.es\\\/noticias\\\/colocan-75-000-stolperstein-en-honor-a-victimas-de-los-nazis\\\/#webpage\",\"url\":\"https:\\\/\\\/candas365.es\\\/noticias\\\/colocan-75-000-stolperstein-en-honor-a-victimas-de-los-nazis\\\/\",\"name\":\"Colocan 75.000 \\u00abStolperstein\\u00bb en honor a v\\u00edctimas de los nazis | Cand\\u00e1s 365\",\"description\":\"Memmingen (Alemania), 29 dic (dpa) - Gunter Demnig, el creador de las llamadas \\\"Stolpersteine\\\", piedras-obst\\u00e1culo que en Alemania recuerdan a las v\\u00edctimas del nazismo, coloc\\u00f3 hoy la piedra conmemorativa n\\u00famero 75.000 en la ciudad de Memmingen al oeste del estado federado de Baviera. Las \\\"Stolpersteine\\\", que en alem\\u00e1n significa \\\"piedras en el camino que pueden\",\"inLanguage\":\"es-ES\",\"isPartOf\":{\"@id\":\"https:\\\/\\\/candas365.es\\\/noticias\\\/#website\"},\"breadcrumb\":{\"@id\":\"https:\\\/\\\/candas365.es\\\/noticias\\\/colocan-75-000-stolperstein-en-honor-a-victimas-de-los-nazis\\\/#breadcrumblist\"},\"author\":{\"@id\":\"https:\\\/\\\/candas365.es\\\/noticias\\\/author\\\/admin\\\/#author\"},\"creator\":{\"@id\":\"https:\\\/\\\/candas365.es\\\/noticias\\\/author\\\/admin\\\/#author\"},\"image\":{\"@type\":\"ImageObject\",\"url\":\"https:\\\/\\\/candas365.es\\\/noticias\\\/wp-content\\\/uploads\\\/2019\\\/12\\\/Stolpersteine-dpa.jpg\",\"@id\":\"https:\\\/\\\/candas365.es\\\/noticias\\\/colocan-75-000-stolperstein-en-honor-a-victimas-de-los-nazis\\\/#mainImage\",\"width\":1111,\"height\":672,\"caption\":\"Foto: Stefan Puchner\\\/dpa\"},\"primaryImageOfPage\":{\"@id\":\"https:\\\/\\\/candas365.es\\\/noticias\\\/colocan-75-000-stolperstein-en-honor-a-victimas-de-los-nazis\\\/#mainImage\"},\"datePublished\":\"2019-12-29T20:43:23+01:00\",\"dateModified\":\"2019-12-29T20:43:23+01:00\"},{\"@type\":\"WebSite\",\"@id\":\"https:\\\/\\\/candas365.es\\\/noticias\\\/#website\",\"url\":\"https:\\\/\\\/candas365.es\\\/noticias\\\/\",\"name\":\"Cand\\u00e1s 365\",\"alternateName\":\"Cand\\u00e1s 365 Noticias\",\"description\":\"Actualidad desde Carre\\u00f1o para el mundo\",\"inLanguage\":\"es-ES\",\"publisher\":{\"@id\":\"https:\\\/\\\/candas365.es\\\/noticias\\\/#organization\"}}]}\n\t\t<\/script>\n\t\t<!-- All in One SEO Pro -->\r\n\t\t<title>Colocan 75.000 \u00abStolperstein\u00bb en honor a v\u00edctimas de los nazis | Cand\u00e1s 365<\/title>\n\n","aioseo_head_json":{"title":"Colocan 75.000 \u00abStolperstein\u00bb en honor a v\u00edctimas de los nazis | Cand\u00e1s 365","description":"Memmingen (Alemania), 29 dic (dpa) - Gunter Demnig, el creador de las llamadas \"Stolpersteine\", piedras-obst\u00e1culo que en Alemania recuerdan a las v\u00edctimas del nazismo, coloc\u00f3 hoy la piedra conmemorativa n\u00famero 75.000 en la ciudad de Memmingen al oeste del estado federado de Baviera. Las \"Stolpersteine\", que en alem\u00e1n significa \"piedras en el camino que pueden","canonical_url":"https:\/\/candas365.es\/noticias\/colocan-75-000-stolperstein-en-honor-a-victimas-de-los-nazis\/","robots":"max-image-preview:large","keywords":"actualidad","webmasterTools":{"google-site-verification":"UA-32230408-1","msvalidate.01":"354F3CDFB2DA171B47FBE9ABF1F88D5","miscellaneous":""},"schema":{"@context":"https:\/\/schema.org","@graph":[{"@type":"BreadcrumbList","@id":"https:\/\/candas365.es\/noticias\/colocan-75-000-stolperstein-en-honor-a-victimas-de-los-nazis\/#breadcrumblist","itemListElement":[{"@type":"ListItem","@id":"https:\/\/candas365.es\/noticias#listItem","position":1,"name":"Home","item":"https:\/\/candas365.es\/noticias","nextItem":{"@type":"ListItem","@id":"https:\/\/candas365.es\/noticias\/category\/actualidad\/#listItem","name":"Actualidad"}},{"@type":"ListItem","@id":"https:\/\/candas365.es\/noticias\/category\/actualidad\/#listItem","position":2,"name":"Actualidad","item":"https:\/\/candas365.es\/noticias\/category\/actualidad\/","nextItem":{"@type":"ListItem","@id":"https:\/\/candas365.es\/noticias\/colocan-75-000-stolperstein-en-honor-a-victimas-de-los-nazis\/#listItem","name":"Colocan 75.000 \u00abStolperstein\u00bb en honor a v\u00edctimas de los nazis"},"previousItem":{"@type":"ListItem","@id":"https:\/\/candas365.es\/noticias#listItem","name":"Home"}},{"@type":"ListItem","@id":"https:\/\/candas365.es\/noticias\/colocan-75-000-stolperstein-en-honor-a-victimas-de-los-nazis\/#listItem","position":3,"name":"Colocan 75.000 \u00abStolperstein\u00bb en honor a v\u00edctimas de los nazis","previousItem":{"@type":"ListItem","@id":"https:\/\/candas365.es\/noticias\/category\/actualidad\/#listItem","name":"Actualidad"}}]},{"@type":"NewsArticle","@id":"https:\/\/candas365.es\/noticias\/colocan-75-000-stolperstein-en-honor-a-victimas-de-los-nazis\/#newsarticle","name":"Colocan 75.000 \u00abStolperstein\u00bb en honor a v\u00edctimas de los nazis | Cand\u00e1s 365","headline":"Colocan 75.000 \u00abStolperstein\u00bb en honor a v\u00edctimas de los nazis","author":{"@id":"https:\/\/candas365.es\/noticias\/author\/admin\/#author"},"publisher":{"@id":"https:\/\/candas365.es\/noticias\/#organization"},"image":{"@type":"ImageObject","url":"https:\/\/candas365.es\/noticias\/wp-content\/uploads\/2019\/12\/Stolpersteine-dpa.jpg","width":1111,"height":672,"caption":"Foto: Stefan Puchner\/dpa"},"datePublished":"2019-12-29T20:43:23+01:00","dateModified":"2019-12-29T20:43:23+01:00","inLanguage":"es-ES","mainEntityOfPage":{"@id":"https:\/\/candas365.es\/noticias\/colocan-75-000-stolperstein-en-honor-a-victimas-de-los-nazis\/#webpage"},"isPartOf":{"@id":"https:\/\/candas365.es\/noticias\/colocan-75-000-stolperstein-en-honor-a-victimas-de-los-nazis\/#webpage"},"articleSection":"Actualidad","dateline":"Publicado el diciembre 29, 2019."},{"@type":"Organization","@id":"https:\/\/candas365.es\/noticias\/#organization","name":"Cand\u00e1s 365","description":"Cand\u00e1s 365 es un diario digital independiente, fundado en 2012, con base en Asturias. Informamos con rigor sobre actualidad, sociedad, cultura y ocio, con una mirada local y global.","url":"https:\/\/candas365.es\/noticias\/","email":"info@candas365.es","telephone":"+34652131393","foundingDate":"2012-06-10","logo":{"@type":"ImageObject","url":"https:\/\/candas365.es\/noticias\/wp-content\/uploads\/2024\/09\/Candas-365-Redes.jpg","@id":"https:\/\/candas365.es\/noticias\/colocan-75-000-stolperstein-en-honor-a-victimas-de-los-nazis\/#organizationLogo","width":1152,"height":864,"caption":"Cand\u00e1s 365 Redes"},"image":{"@id":"https:\/\/candas365.es\/noticias\/colocan-75-000-stolperstein-en-honor-a-victimas-de-los-nazis\/#organizationLogo"},"sameAs":["https:\/\/www.facebook.com\/Nachofdezber","https:\/\/x.com\/NabercoDigital","https:\/\/www.instagram.com\/nachofdezber\/","https:\/\/www.youtube.com\/channel\/UCZP-2wLEB9Rv6erhFmqVnvg"],"address":{"@id":"https:\/\/candas365.es\/noticias\/#postaladdress","@type":"PostalAddress","streetAddress":"san antonio 4, san antonio 4","postalCode":"33430","addressLocality":"Cand\u00e1s","addressRegion":"Asturias","addressCountry":"ES"}},{"@type":"Person","@id":"https:\/\/candas365.es\/noticias\/author\/admin\/#author","url":"https:\/\/candas365.es\/noticias\/author\/admin\/","name":"Cand\u00e1s 365","image":{"@type":"ImageObject","@id":"https:\/\/candas365.es\/noticias\/colocan-75-000-stolperstein-en-honor-a-victimas-de-los-nazis\/#authorImage","url":"https:\/\/secure.gravatar.com\/avatar\/496a8e03d0c493ede1718b7934145dbdf8d89be1036b0eec9544e1094c9de390?s=96&d=mm&r=g","width":96,"height":96,"caption":"Cand\u00e1s 365"},"sameAs":["https:\/\/www.facebook.com\/carrenoactualidad","https:\/\/twitter.com\/nbasturias","https:\/\/www.instagram.com\/nachofdezber\/","https:\/\/www.youtube.com\/channel\/UCZP-2wLEB9Rv6erhFmqVnvg"]},{"@type":"WebPage","@id":"https:\/\/candas365.es\/noticias\/colocan-75-000-stolperstein-en-honor-a-victimas-de-los-nazis\/#webpage","url":"https:\/\/candas365.es\/noticias\/colocan-75-000-stolperstein-en-honor-a-victimas-de-los-nazis\/","name":"Colocan 75.000 \u00abStolperstein\u00bb en honor a v\u00edctimas de los nazis | Cand\u00e1s 365","description":"Memmingen (Alemania), 29 dic (dpa) - Gunter Demnig, el creador de las llamadas \"Stolpersteine\", piedras-obst\u00e1culo que en Alemania recuerdan a las v\u00edctimas del nazismo, coloc\u00f3 hoy la piedra conmemorativa n\u00famero 75.000 en la ciudad de Memmingen al oeste del estado federado de Baviera. Las \"Stolpersteine\", que en alem\u00e1n significa \"piedras en el camino que pueden","inLanguage":"es-ES","isPartOf":{"@id":"https:\/\/candas365.es\/noticias\/#website"},"breadcrumb":{"@id":"https:\/\/candas365.es\/noticias\/colocan-75-000-stolperstein-en-honor-a-victimas-de-los-nazis\/#breadcrumblist"},"author":{"@id":"https:\/\/candas365.es\/noticias\/author\/admin\/#author"},"creator":{"@id":"https:\/\/candas365.es\/noticias\/author\/admin\/#author"},"image":{"@type":"ImageObject","url":"https:\/\/candas365.es\/noticias\/wp-content\/uploads\/2019\/12\/Stolpersteine-dpa.jpg","@id":"https:\/\/candas365.es\/noticias\/colocan-75-000-stolperstein-en-honor-a-victimas-de-los-nazis\/#mainImage","width":1111,"height":672,"caption":"Foto: Stefan Puchner\/dpa"},"primaryImageOfPage":{"@id":"https:\/\/candas365.es\/noticias\/colocan-75-000-stolperstein-en-honor-a-victimas-de-los-nazis\/#mainImage"},"datePublished":"2019-12-29T20:43:23+01:00","dateModified":"2019-12-29T20:43:23+01:00"},{"@type":"WebSite","@id":"https:\/\/candas365.es\/noticias\/#website","url":"https:\/\/candas365.es\/noticias\/","name":"Cand\u00e1s 365","alternateName":"Cand\u00e1s 365 Noticias","description":"Actualidad desde Carre\u00f1o para el mundo","inLanguage":"es-ES","publisher":{"@id":"https:\/\/candas365.es\/noticias\/#organization"}}]},"og:locale":"es_ES","og:site_name":"Cand\u00e1s 365","og:type":"article","og:title":"Colocan 75.000 \u00abStolperstein\u00bb en honor a v\u00edctimas de los nazis | Cand\u00e1s 365","og:description":"Memmingen (Alemania), 29 dic (dpa) - Gunter Demnig, el creador de las llamadas &quot;Stolpersteine&quot;, piedras-obst\u00e1culo que en Alemania recuerdan a las v\u00edctimas del nazismo, coloc\u00f3 hoy la piedra conmemorativa n\u00famero 75.000 en la ciudad de Memmingen al oeste del estado federado de Baviera. Las &quot;Stolpersteine&quot;, que en alem\u00e1n significa &quot;piedras en el camino que pueden","og:url":"https:\/\/candas365.es\/noticias\/colocan-75-000-stolperstein-en-honor-a-victimas-de-los-nazis\/","og:image":"https:\/\/candas365.es\/noticias\/wp-content\/uploads\/2019\/12\/Stolpersteine-dpa.jpg","og:image:secure_url":"https:\/\/candas365.es\/noticias\/wp-content\/uploads\/2019\/12\/Stolpersteine-dpa.jpg","og:image:width":1111,"og:image:height":672,"article:published_time":"2019-12-29T20:43:23+00:00","article:modified_time":"2019-12-29T20:43:23+00:00","article:publisher":"https:\/\/www.facebook.com\/Nachofdezber","article:author":"https:\/\/www.facebook.com\/carrenoactualidad","twitter:card":"summary_large_image","twitter:site":"@NabercoDigital","twitter:title":"Colocan 75.000 \u00abStolperstein\u00bb en honor a v\u00edctimas de los nazis | Cand\u00e1s 365","twitter:description":"Memmingen (Alemania), 29 dic (dpa) - Gunter Demnig, el creador de las llamadas &quot;Stolpersteine&quot;, piedras-obst\u00e1culo que en Alemania recuerdan a las v\u00edctimas del nazismo, coloc\u00f3 hoy la piedra conmemorativa n\u00famero 75.000 en la ciudad de Memmingen al oeste del estado federado de Baviera. Las &quot;Stolpersteine&quot;, que en alem\u00e1n significa &quot;piedras en el camino que pueden","twitter:creator":"@nbasturias","twitter:image":"https:\/\/candas365.es\/noticias\/wp-content\/uploads\/2019\/12\/Stolpersteine-dpa.jpg","twitter:label1":"Escrito por","twitter:data1":"Cand\u00e1s 365","twitter:label2":"Tiempo de lectura estimado","twitter:data2":"2 minutos"},"aioseo_meta_data":{"post_id":"135576","title":null,"description":null,"keywords":null,"keyphrases":null,"primary_term":null,"canonical_url":null,"og_title":null,"og_description":null,"og_object_type":"default","og_image_type":"default","og_image_url":null,"og_image_width":null,"og_image_height":null,"og_image_custom_url":null,"og_image_custom_fields":null,"og_video":null,"og_custom_url":null,"og_article_section":null,"og_article_tags":null,"twitter_use_og":false,"twitter_card":"default","twitter_image_type":"default","twitter_image_url":null,"twitter_image_custom_url":null,"twitter_image_custom_fields":null,"twitter_title":null,"twitter_description":null,"schema":{"blockGraphs":[],"customGraphs":[],"default":{"data":{"Article":[],"Course":[],"Dataset":[],"FAQPage":[],"Movie":[],"Person":[],"Product":[],"ProductReview":[],"Car":[],"Recipe":[],"Service":[],"SoftwareApplication":[],"WebPage":[]},"graphName":"","isEnabled":true},"graphs":[],"defaultGraph":"","defaultPostTypeGraph":""},"schema_type":null,"schema_type_options":null,"pillar_content":false,"robots_default":true,"robots_noindex":false,"robots_noarchive":false,"robots_nosnippet":false,"robots_nofollow":false,"robots_noimageindex":false,"robots_noodp":false,"robots_notranslate":false,"robots_max_snippet":null,"robots_max_videopreview":null,"robots_max_imagepreview":"large","priority":null,"frequency":null,"location":null,"local_seo":null,"seo_analyzer_scan_date":"2025-08-30 20:34:16","breadcrumb_settings":null,"limit_modified_date":false,"reviewed_by":null,"open_ai":null,"ai":null,"created":"2020-12-21 10:48:44","updated":"2025-08-30 20:34:16"},"aioseo_breadcrumb":"<div class=\"aioseo-breadcrumbs\"><span class=\"aioseo-breadcrumb\">\n\t<a href=\"https:\/\/candas365.es\/noticias\" title=\"Home\">Home<\/a>\n<\/span><span class=\"aioseo-breadcrumb-separator\">&ndash;<\/span><span class=\"aioseo-breadcrumb\">\n\t<a href=\"https:\/\/candas365.es\/noticias\/category\/actualidad\/\" title=\"Actualidad\">Actualidad<\/a>\n<\/span><span class=\"aioseo-breadcrumb-separator\">&ndash;<\/span><span class=\"aioseo-breadcrumb\">\n\tColocan 75.000 \u00abStolperstein\u00bb en honor a v\u00edctimas de los nazis\n<\/span><\/div>","aioseo_breadcrumb_json":[{"label":"Home","link":"https:\/\/candas365.es\/noticias"},{"label":"Actualidad","link":"https:\/\/candas365.es\/noticias\/category\/actualidad\/"},{"label":"Colocan 75.000 \u00abStolperstein\u00bb en honor a v\u00edctimas de los nazis","link":"https:\/\/candas365.es\/noticias\/colocan-75-000-stolperstein-en-honor-a-victimas-de-los-nazis\/"}],"_links":{"self":[{"href":"https:\/\/candas365.es\/noticias\/wp-json\/wp\/v2\/posts\/135576","targetHints":{"allow":["GET"]}}],"collection":[{"href":"https:\/\/candas365.es\/noticias\/wp-json\/wp\/v2\/posts"}],"about":[{"href":"https:\/\/candas365.es\/noticias\/wp-json\/wp\/v2\/types\/post"}],"author":[{"embeddable":true,"href":"https:\/\/candas365.es\/noticias\/wp-json\/wp\/v2\/users\/1"}],"replies":[{"embeddable":true,"href":"https:\/\/candas365.es\/noticias\/wp-json\/wp\/v2\/comments?post=135576"}],"version-history":[{"count":0,"href":"https:\/\/candas365.es\/noticias\/wp-json\/wp\/v2\/posts\/135576\/revisions"}],"wp:featuredmedia":[{"embeddable":true,"href":"https:\/\/candas365.es\/noticias\/wp-json\/wp\/v2\/media\/135577"}],"wp:attachment":[{"href":"https:\/\/candas365.es\/noticias\/wp-json\/wp\/v2\/media?parent=135576"}],"wp:term":[{"taxonomy":"category","embeddable":true,"href":"https:\/\/candas365.es\/noticias\/wp-json\/wp\/v2\/categories?post=135576"},{"taxonomy":"post_tag","embeddable":true,"href":"https:\/\/candas365.es\/noticias\/wp-json\/wp\/v2\/tags?post=135576"}],"curies":[{"name":"wp","href":"https:\/\/api.w.org\/{rel}","templated":true}]}}