{"id":135403,"date":"2019-12-27T13:10:57","date_gmt":"2019-12-27T13:10:57","guid":{"rendered":"http:\/\/candas365.es\/noticias\/?p=135403"},"modified":"2019-12-27T13:10:57","modified_gmt":"2019-12-27T13:10:57","slug":"nuevo-reglamento-de-la-carrera-horizontal-de-los-funcionarios-de-la-administracion-del-principado","status":"publish","type":"post","link":"https:\/\/candas365.es\/noticias\/nuevo-reglamento-de-la-carrera-horizontal-de-los-funcionarios-de-la-administracion-del-principado\/","title":{"rendered":"Nuevo reglamento de la carrera horizontal de los funcionarios de la Administraci\u00f3n del Principado"},"content":{"rendered":"<p><img fetchpriority=\"high\" decoding=\"async\" class=\"alignleft size-medium wp-image-12661\" src=\"https:\/\/candas365.es\/noticias\/wp-content\/uploads\/2015\/07\/principado-360x198.jpg\" alt=\"\" width=\"360\" height=\"198\" srcset=\"https:\/\/candas365.es\/noticias\/wp-content\/uploads\/2015\/07\/principado-360x198.jpg 360w, https:\/\/candas365.es\/noticias\/wp-content\/uploads\/2015\/07\/principado-650x357.jpg 650w, https:\/\/candas365.es\/noticias\/wp-content\/uploads\/2015\/07\/principado-150x82.jpg 150w, https:\/\/candas365.es\/noticias\/wp-content\/uploads\/2015\/07\/principado-450x247.jpg 450w, https:\/\/candas365.es\/noticias\/wp-content\/uploads\/2015\/07\/principado.jpg 655w\" sizes=\"(max-width: 360px) 100vw, 360px\" \/>El Gobierno ha aprobado el decreto que modifica el reglamento de la carrera horizontal de los funcionarios de la Administraci\u00f3n del Principado. Es el tr\u00e1mite definitivo para aplicar el compromiso del Ejecutivo de incorporar a la carrera profesional al personal interino y a los funcionarios de carrera de otras administraciones p\u00fablicas que ocupan alg\u00fan puesto en el Principado, aunque sin destino definitivo en la comunidad. Esta medida entrar\u00e1 en vigor con efectos del 1 de enero de 2019 y supondr\u00e1 un desembolso de unos 12 millones.<\/p>\n<p>Los cambios que se introducen en el reglamento permiten adaptar el modelo a las singularidades del personal interino, principalmente de quienes tienen varios nombramientos de corta duraci\u00f3n a lo largo del a\u00f1o. Esto implica, por ejemplo, una reducci\u00f3n del per\u00edodo m\u00ednimo de observaci\u00f3n exigido para la realizaci\u00f3n de la evaluaci\u00f3n del desempe\u00f1o y el cumplimiento de objetivos.<\/p>\n<p>Tambi\u00e9n se desarrolla el mandato de la disposici\u00f3n transitoria de la Ley del Principado 7\/2018, de 24 de julio, que otorga a los funcionarios que acrediten cinco a\u00f1os de ejercicio profesional el acceso extraordinario a la primera categor\u00eda personal y se fijan los plazos a partir de los que se hace efectivo el reconocimiento de los derechos administrativos y econ\u00f3micos que conlleva esta categor\u00eda.<\/p>\n<p>Finalmente, se introducen cambios orientados a subsanar carencias detectadas en la actual regulaci\u00f3n, tras varios a\u00f1os de implantaci\u00f3n del sistema de carrera, y se incorporan situaciones administrativas que no exist\u00edan a la fecha de aprobaci\u00f3n del reglamento. Todo ello permitir\u00eda avanzar en las soluciones jur\u00eddico-administrativas necesarias para poder abonar la carrera profesional al personal interino.<\/p>\n<p>&nbsp;<\/p>\n","protected":false},"excerpt":{"rendered":"<p>El Gobierno ha aprobado el decreto que modifica el reglamento de la carrera horizontal de los funcionarios de la Administraci\u00f3n del Principado. Es el tr\u00e1mite definitivo para aplicar el compromiso del Ejecutivo de incorporar a la carrera profesional al personal interino y a los funcionarios de carrera de otras administraciones p\u00fablicas que ocupan alg\u00fan puesto<\/p>\n","protected":false},"author":1,"featured_media":12661,"comment_status":"closed","ping_status":"closed","sticky":false,"template":"","format":"standard","meta":{"footnotes":""},"categories":[7],"tags":[],"class_list":{"0":"post-135403","1":"post","2":"type-post","3":"status-publish","4":"format-standard","5":"has-post-thumbnail","7":"category-asturias"},"aioseo_notices":[],"aioseo_head":"\n\t\t<!-- All in One SEO Pro 4.9.6.2 - aioseo.com -->\n\t<meta name=\"description\" content=\"El Gobierno ha aprobado el decreto que modifica el reglamento de la carrera horizontal de los funcionarios de la Administraci\u00f3n del Principado. Es el tr\u00e1mite definitivo para aplicar el compromiso del Ejecutivo de incorporar a la carrera profesional al personal interino y a los funcionarios de carrera de otras administraciones p\u00fablicas que ocupan alg\u00fan puesto\" \/>\n\t<meta name=\"robots\" content=\"max-image-preview:large\" \/>\n\t<meta name=\"author\" content=\"Cand\u00e1s 365\"\/>\n\t<meta name=\"google-site-verification\" content=\"UA-32230408-1\" \/>\n\t<meta name=\"msvalidate.01\" content=\"354F3CDFB2DA171B47FBE9ABF1F88D5\" \/>\n\t<meta name=\"keywords\" content=\"asturias\" \/>\n\t<link rel=\"canonical\" href=\"https:\/\/candas365.es\/noticias\/nuevo-reglamento-de-la-carrera-horizontal-de-los-funcionarios-de-la-administracion-del-principado\/\" \/>\n\t<meta name=\"generator\" content=\"All in One SEO Pro (AIOSEO) 4.9.6.2\" \/>\n\t\t<meta property=\"og:locale\" content=\"es_ES\" \/>\n\t\t<meta property=\"og:site_name\" content=\"Cand\u00e1s 365\" \/>\n\t\t<meta property=\"og:type\" content=\"article\" \/>\n\t\t<meta property=\"og:title\" content=\"Nuevo reglamento de la carrera horizontal de los funcionarios de la Administraci\u00f3n del Principado | Cand\u00e1s 365\" \/>\n\t\t<meta property=\"og:description\" content=\"El Gobierno ha aprobado el decreto que modifica el reglamento de la carrera horizontal de los funcionarios de la Administraci\u00f3n del Principado. Es el tr\u00e1mite definitivo para aplicar el compromiso del Ejecutivo de incorporar a la carrera profesional al personal interino y a los funcionarios de carrera de otras administraciones p\u00fablicas que ocupan alg\u00fan puesto\" \/>\n\t\t<meta property=\"og:url\" content=\"https:\/\/candas365.es\/noticias\/nuevo-reglamento-de-la-carrera-horizontal-de-los-funcionarios-de-la-administracion-del-principado\/\" \/>\n\t\t<meta property=\"og:image\" content=\"https:\/\/candas365.es\/noticias\/wp-content\/uploads\/2015\/07\/principado.jpg\" \/>\n\t\t<meta property=\"og:image:secure_url\" content=\"https:\/\/candas365.es\/noticias\/wp-content\/uploads\/2015\/07\/principado.jpg\" \/>\n\t\t<meta property=\"og:image:width\" content=\"655\" \/>\n\t\t<meta property=\"og:image:height\" content=\"360\" \/>\n\t\t<meta property=\"article:published_time\" content=\"2019-12-27T13:10:57+00:00\" \/>\n\t\t<meta property=\"article:modified_time\" content=\"2019-12-27T13:10:57+00:00\" \/>\n\t\t<meta property=\"article:publisher\" content=\"https:\/\/www.facebook.com\/Nachofdezber\" \/>\n\t\t<meta property=\"article:author\" content=\"https:\/\/www.facebook.com\/carrenoactualidad\" \/>\n\t\t<meta name=\"twitter:card\" content=\"summary_large_image\" \/>\n\t\t<meta name=\"twitter:site\" content=\"@NabercoDigital\" \/>\n\t\t<meta name=\"twitter:title\" content=\"Nuevo reglamento de la carrera horizontal de los funcionarios de la Administraci\u00f3n del Principado | Cand\u00e1s 365\" \/>\n\t\t<meta name=\"twitter:description\" content=\"El Gobierno ha aprobado el decreto que modifica el reglamento de la carrera horizontal de los funcionarios de la Administraci\u00f3n del Principado. Es el tr\u00e1mite definitivo para aplicar el compromiso del Ejecutivo de incorporar a la carrera profesional al personal interino y a los funcionarios de carrera de otras administraciones p\u00fablicas que ocupan alg\u00fan puesto\" \/>\n\t\t<meta name=\"twitter:creator\" content=\"@nbasturias\" \/>\n\t\t<meta name=\"twitter:image\" content=\"https:\/\/candas365.es\/noticias\/wp-content\/uploads\/2015\/07\/principado.jpg\" \/>\n\t\t<meta name=\"twitter:label1\" content=\"Escrito por\" \/>\n\t\t<meta name=\"twitter:data1\" content=\"Cand\u00e1s 365\" \/>\n\t\t<meta name=\"twitter:label2\" content=\"Tiempo de lectura estimado\" \/>\n\t\t<meta name=\"twitter:data2\" content=\"1 minuto\" \/>\n\t\t<script type=\"application\/ld+json\" class=\"aioseo-schema\">\n\t\t\t{\"@context\":\"https:\\\/\\\/schema.org\",\"@graph\":[{\"@type\":\"BreadcrumbList\",\"@id\":\"https:\\\/\\\/candas365.es\\\/noticias\\\/nuevo-reglamento-de-la-carrera-horizontal-de-los-funcionarios-de-la-administracion-del-principado\\\/#breadcrumblist\",\"itemListElement\":[{\"@type\":\"ListItem\",\"@id\":\"https:\\\/\\\/candas365.es\\\/noticias#listItem\",\"position\":1,\"name\":\"Home\",\"item\":\"https:\\\/\\\/candas365.es\\\/noticias\",\"nextItem\":{\"@type\":\"ListItem\",\"@id\":\"https:\\\/\\\/candas365.es\\\/noticias\\\/category\\\/asturias\\\/#listItem\",\"name\":\"Asturias\"}},{\"@type\":\"ListItem\",\"@id\":\"https:\\\/\\\/candas365.es\\\/noticias\\\/category\\\/asturias\\\/#listItem\",\"position\":2,\"name\":\"Asturias\",\"item\":\"https:\\\/\\\/candas365.es\\\/noticias\\\/category\\\/asturias\\\/\",\"nextItem\":{\"@type\":\"ListItem\",\"@id\":\"https:\\\/\\\/candas365.es\\\/noticias\\\/nuevo-reglamento-de-la-carrera-horizontal-de-los-funcionarios-de-la-administracion-del-principado\\\/#listItem\",\"name\":\"Nuevo reglamento de la carrera horizontal de los funcionarios de la Administraci\\u00f3n del Principado\"},\"previousItem\":{\"@type\":\"ListItem\",\"@id\":\"https:\\\/\\\/candas365.es\\\/noticias#listItem\",\"name\":\"Home\"}},{\"@type\":\"ListItem\",\"@id\":\"https:\\\/\\\/candas365.es\\\/noticias\\\/nuevo-reglamento-de-la-carrera-horizontal-de-los-funcionarios-de-la-administracion-del-principado\\\/#listItem\",\"position\":3,\"name\":\"Nuevo reglamento de la carrera horizontal de los funcionarios de la Administraci\\u00f3n del Principado\",\"previousItem\":{\"@type\":\"ListItem\",\"@id\":\"https:\\\/\\\/candas365.es\\\/noticias\\\/category\\\/asturias\\\/#listItem\",\"name\":\"Asturias\"}}]},{\"@type\":\"NewsArticle\",\"@id\":\"https:\\\/\\\/candas365.es\\\/noticias\\\/nuevo-reglamento-de-la-carrera-horizontal-de-los-funcionarios-de-la-administracion-del-principado\\\/#newsarticle\",\"name\":\"Nuevo reglamento de la carrera horizontal de los funcionarios de la Administraci\\u00f3n del Principado | Cand\\u00e1s 365\",\"headline\":\"Nuevo reglamento de la carrera horizontal de los funcionarios de la Administraci\\u00f3n del Principado\",\"author\":{\"@id\":\"https:\\\/\\\/candas365.es\\\/noticias\\\/author\\\/admin\\\/#author\"},\"publisher\":{\"@id\":\"https:\\\/\\\/candas365.es\\\/noticias\\\/#organization\"},\"image\":{\"@type\":\"ImageObject\",\"url\":\"https:\\\/\\\/candas365.es\\\/noticias\\\/wp-content\\\/uploads\\\/2015\\\/07\\\/principado.jpg\",\"width\":655,\"height\":360},\"datePublished\":\"2019-12-27T13:10:57+01:00\",\"dateModified\":\"2019-12-27T13:10:57+01:00\",\"inLanguage\":\"es-ES\",\"mainEntityOfPage\":{\"@id\":\"https:\\\/\\\/candas365.es\\\/noticias\\\/nuevo-reglamento-de-la-carrera-horizontal-de-los-funcionarios-de-la-administracion-del-principado\\\/#webpage\"},\"isPartOf\":{\"@id\":\"https:\\\/\\\/candas365.es\\\/noticias\\\/nuevo-reglamento-de-la-carrera-horizontal-de-los-funcionarios-de-la-administracion-del-principado\\\/#webpage\"},\"articleSection\":\"Asturias\",\"dateline\":\"Publicado el diciembre 27, 2019.\"},{\"@type\":\"Organization\",\"@id\":\"https:\\\/\\\/candas365.es\\\/noticias\\\/#organization\",\"name\":\"Cand\\u00e1s 365\",\"description\":\"Cand\\u00e1s 365 es un diario digital independiente, fundado en 2012, con base en Asturias. Informamos con rigor sobre actualidad, sociedad, cultura y ocio, con una mirada local y global.\",\"url\":\"https:\\\/\\\/candas365.es\\\/noticias\\\/\",\"email\":\"info@candas365.es\",\"telephone\":\"+34652131393\",\"foundingDate\":\"2012-06-10\",\"logo\":{\"@type\":\"ImageObject\",\"url\":\"https:\\\/\\\/candas365.es\\\/noticias\\\/wp-content\\\/uploads\\\/2024\\\/09\\\/Candas-365-Redes.jpg\",\"@id\":\"https:\\\/\\\/candas365.es\\\/noticias\\\/nuevo-reglamento-de-la-carrera-horizontal-de-los-funcionarios-de-la-administracion-del-principado\\\/#organizationLogo\",\"width\":1152,\"height\":864,\"caption\":\"Cand\\u00e1s 365 Redes\"},\"image\":{\"@id\":\"https:\\\/\\\/candas365.es\\\/noticias\\\/nuevo-reglamento-de-la-carrera-horizontal-de-los-funcionarios-de-la-administracion-del-principado\\\/#organizationLogo\"},\"sameAs\":[\"https:\\\/\\\/www.facebook.com\\\/Nachofdezber\",\"https:\\\/\\\/x.com\\\/NabercoDigital\",\"https:\\\/\\\/www.instagram.com\\\/nachofdezber\\\/\",\"https:\\\/\\\/www.youtube.com\\\/channel\\\/UCZP-2wLEB9Rv6erhFmqVnvg\"],\"address\":{\"@id\":\"https:\\\/\\\/candas365.es\\\/noticias\\\/#postaladdress\",\"@type\":\"PostalAddress\",\"streetAddress\":\"san antonio 4, san antonio 4\",\"postalCode\":\"33430\",\"addressLocality\":\"Cand\\u00e1s\",\"addressRegion\":\"Asturias\",\"addressCountry\":\"ES\"}},{\"@type\":\"Person\",\"@id\":\"https:\\\/\\\/candas365.es\\\/noticias\\\/author\\\/admin\\\/#author\",\"url\":\"https:\\\/\\\/candas365.es\\\/noticias\\\/author\\\/admin\\\/\",\"name\":\"Cand\\u00e1s 365\",\"image\":{\"@type\":\"ImageObject\",\"@id\":\"https:\\\/\\\/candas365.es\\\/noticias\\\/nuevo-reglamento-de-la-carrera-horizontal-de-los-funcionarios-de-la-administracion-del-principado\\\/#authorImage\",\"url\":\"https:\\\/\\\/secure.gravatar.com\\\/avatar\\\/496a8e03d0c493ede1718b7934145dbdf8d89be1036b0eec9544e1094c9de390?s=96&d=mm&r=g\",\"width\":96,\"height\":96,\"caption\":\"Cand\\u00e1s 365\"},\"sameAs\":[\"https:\\\/\\\/www.facebook.com\\\/carrenoactualidad\",\"https:\\\/\\\/twitter.com\\\/nbasturias\",\"https:\\\/\\\/www.instagram.com\\\/nachofdezber\\\/\",\"https:\\\/\\\/www.youtube.com\\\/channel\\\/UCZP-2wLEB9Rv6erhFmqVnvg\"]},{\"@type\":\"WebPage\",\"@id\":\"https:\\\/\\\/candas365.es\\\/noticias\\\/nuevo-reglamento-de-la-carrera-horizontal-de-los-funcionarios-de-la-administracion-del-principado\\\/#webpage\",\"url\":\"https:\\\/\\\/candas365.es\\\/noticias\\\/nuevo-reglamento-de-la-carrera-horizontal-de-los-funcionarios-de-la-administracion-del-principado\\\/\",\"name\":\"Nuevo reglamento de la carrera horizontal de los funcionarios de la Administraci\\u00f3n del Principado | Cand\\u00e1s 365\",\"description\":\"El Gobierno ha aprobado el decreto que modifica el reglamento de la carrera horizontal de los funcionarios de la Administraci\\u00f3n del Principado. Es el tr\\u00e1mite definitivo para aplicar el compromiso del Ejecutivo de incorporar a la carrera profesional al personal interino y a los funcionarios de carrera de otras administraciones p\\u00fablicas que ocupan alg\\u00fan puesto\",\"inLanguage\":\"es-ES\",\"isPartOf\":{\"@id\":\"https:\\\/\\\/candas365.es\\\/noticias\\\/#website\"},\"breadcrumb\":{\"@id\":\"https:\\\/\\\/candas365.es\\\/noticias\\\/nuevo-reglamento-de-la-carrera-horizontal-de-los-funcionarios-de-la-administracion-del-principado\\\/#breadcrumblist\"},\"author\":{\"@id\":\"https:\\\/\\\/candas365.es\\\/noticias\\\/author\\\/admin\\\/#author\"},\"creator\":{\"@id\":\"https:\\\/\\\/candas365.es\\\/noticias\\\/author\\\/admin\\\/#author\"},\"image\":{\"@type\":\"ImageObject\",\"url\":\"https:\\\/\\\/candas365.es\\\/noticias\\\/wp-content\\\/uploads\\\/2015\\\/07\\\/principado.jpg\",\"@id\":\"https:\\\/\\\/candas365.es\\\/noticias\\\/nuevo-reglamento-de-la-carrera-horizontal-de-los-funcionarios-de-la-administracion-del-principado\\\/#mainImage\",\"width\":655,\"height\":360},\"primaryImageOfPage\":{\"@id\":\"https:\\\/\\\/candas365.es\\\/noticias\\\/nuevo-reglamento-de-la-carrera-horizontal-de-los-funcionarios-de-la-administracion-del-principado\\\/#mainImage\"},\"datePublished\":\"2019-12-27T13:10:57+01:00\",\"dateModified\":\"2019-12-27T13:10:57+01:00\"},{\"@type\":\"WebSite\",\"@id\":\"https:\\\/\\\/candas365.es\\\/noticias\\\/#website\",\"url\":\"https:\\\/\\\/candas365.es\\\/noticias\\\/\",\"name\":\"Cand\\u00e1s 365\",\"alternateName\":\"Cand\\u00e1s 365 Noticias\",\"description\":\"Actualidad desde Carre\\u00f1o para el mundo\",\"inLanguage\":\"es-ES\",\"publisher\":{\"@id\":\"https:\\\/\\\/candas365.es\\\/noticias\\\/#organization\"}}]}\n\t\t<\/script>\n\t\t<!-- All in One SEO Pro -->\r\n\t\t<title>Nuevo reglamento de la carrera horizontal de los funcionarios de la Administraci\u00f3n del Principado | Cand\u00e1s 365<\/title>\n\n","aioseo_head_json":{"title":"Nuevo reglamento de la carrera horizontal de los funcionarios de la Administraci\u00f3n del Principado | Cand\u00e1s 365","description":"El Gobierno ha aprobado el decreto que modifica el reglamento de la carrera horizontal de los funcionarios de la Administraci\u00f3n del Principado. Es el tr\u00e1mite definitivo para aplicar el compromiso del Ejecutivo de incorporar a la carrera profesional al personal interino y a los funcionarios de carrera de otras administraciones p\u00fablicas que ocupan alg\u00fan puesto","canonical_url":"https:\/\/candas365.es\/noticias\/nuevo-reglamento-de-la-carrera-horizontal-de-los-funcionarios-de-la-administracion-del-principado\/","robots":"max-image-preview:large","keywords":"asturias","webmasterTools":{"google-site-verification":"UA-32230408-1","msvalidate.01":"354F3CDFB2DA171B47FBE9ABF1F88D5","miscellaneous":""},"schema":{"@context":"https:\/\/schema.org","@graph":[{"@type":"BreadcrumbList","@id":"https:\/\/candas365.es\/noticias\/nuevo-reglamento-de-la-carrera-horizontal-de-los-funcionarios-de-la-administracion-del-principado\/#breadcrumblist","itemListElement":[{"@type":"ListItem","@id":"https:\/\/candas365.es\/noticias#listItem","position":1,"name":"Home","item":"https:\/\/candas365.es\/noticias","nextItem":{"@type":"ListItem","@id":"https:\/\/candas365.es\/noticias\/category\/asturias\/#listItem","name":"Asturias"}},{"@type":"ListItem","@id":"https:\/\/candas365.es\/noticias\/category\/asturias\/#listItem","position":2,"name":"Asturias","item":"https:\/\/candas365.es\/noticias\/category\/asturias\/","nextItem":{"@type":"ListItem","@id":"https:\/\/candas365.es\/noticias\/nuevo-reglamento-de-la-carrera-horizontal-de-los-funcionarios-de-la-administracion-del-principado\/#listItem","name":"Nuevo reglamento de la carrera horizontal de los funcionarios de la Administraci\u00f3n del Principado"},"previousItem":{"@type":"ListItem","@id":"https:\/\/candas365.es\/noticias#listItem","name":"Home"}},{"@type":"ListItem","@id":"https:\/\/candas365.es\/noticias\/nuevo-reglamento-de-la-carrera-horizontal-de-los-funcionarios-de-la-administracion-del-principado\/#listItem","position":3,"name":"Nuevo reglamento de la carrera horizontal de los funcionarios de la Administraci\u00f3n del Principado","previousItem":{"@type":"ListItem","@id":"https:\/\/candas365.es\/noticias\/category\/asturias\/#listItem","name":"Asturias"}}]},{"@type":"NewsArticle","@id":"https:\/\/candas365.es\/noticias\/nuevo-reglamento-de-la-carrera-horizontal-de-los-funcionarios-de-la-administracion-del-principado\/#newsarticle","name":"Nuevo reglamento de la carrera horizontal de los funcionarios de la Administraci\u00f3n del Principado | Cand\u00e1s 365","headline":"Nuevo reglamento de la carrera horizontal de los funcionarios de la Administraci\u00f3n del Principado","author":{"@id":"https:\/\/candas365.es\/noticias\/author\/admin\/#author"},"publisher":{"@id":"https:\/\/candas365.es\/noticias\/#organization"},"image":{"@type":"ImageObject","url":"https:\/\/candas365.es\/noticias\/wp-content\/uploads\/2015\/07\/principado.jpg","width":655,"height":360},"datePublished":"2019-12-27T13:10:57+01:00","dateModified":"2019-12-27T13:10:57+01:00","inLanguage":"es-ES","mainEntityOfPage":{"@id":"https:\/\/candas365.es\/noticias\/nuevo-reglamento-de-la-carrera-horizontal-de-los-funcionarios-de-la-administracion-del-principado\/#webpage"},"isPartOf":{"@id":"https:\/\/candas365.es\/noticias\/nuevo-reglamento-de-la-carrera-horizontal-de-los-funcionarios-de-la-administracion-del-principado\/#webpage"},"articleSection":"Asturias","dateline":"Publicado el diciembre 27, 2019."},{"@type":"Organization","@id":"https:\/\/candas365.es\/noticias\/#organization","name":"Cand\u00e1s 365","description":"Cand\u00e1s 365 es un diario digital independiente, fundado en 2012, con base en Asturias. Informamos con rigor sobre actualidad, sociedad, cultura y ocio, con una mirada local y global.","url":"https:\/\/candas365.es\/noticias\/","email":"info@candas365.es","telephone":"+34652131393","foundingDate":"2012-06-10","logo":{"@type":"ImageObject","url":"https:\/\/candas365.es\/noticias\/wp-content\/uploads\/2024\/09\/Candas-365-Redes.jpg","@id":"https:\/\/candas365.es\/noticias\/nuevo-reglamento-de-la-carrera-horizontal-de-los-funcionarios-de-la-administracion-del-principado\/#organizationLogo","width":1152,"height":864,"caption":"Cand\u00e1s 365 Redes"},"image":{"@id":"https:\/\/candas365.es\/noticias\/nuevo-reglamento-de-la-carrera-horizontal-de-los-funcionarios-de-la-administracion-del-principado\/#organizationLogo"},"sameAs":["https:\/\/www.facebook.com\/Nachofdezber","https:\/\/x.com\/NabercoDigital","https:\/\/www.instagram.com\/nachofdezber\/","https:\/\/www.youtube.com\/channel\/UCZP-2wLEB9Rv6erhFmqVnvg"],"address":{"@id":"https:\/\/candas365.es\/noticias\/#postaladdress","@type":"PostalAddress","streetAddress":"san antonio 4, san antonio 4","postalCode":"33430","addressLocality":"Cand\u00e1s","addressRegion":"Asturias","addressCountry":"ES"}},{"@type":"Person","@id":"https:\/\/candas365.es\/noticias\/author\/admin\/#author","url":"https:\/\/candas365.es\/noticias\/author\/admin\/","name":"Cand\u00e1s 365","image":{"@type":"ImageObject","@id":"https:\/\/candas365.es\/noticias\/nuevo-reglamento-de-la-carrera-horizontal-de-los-funcionarios-de-la-administracion-del-principado\/#authorImage","url":"https:\/\/secure.gravatar.com\/avatar\/496a8e03d0c493ede1718b7934145dbdf8d89be1036b0eec9544e1094c9de390?s=96&d=mm&r=g","width":96,"height":96,"caption":"Cand\u00e1s 365"},"sameAs":["https:\/\/www.facebook.com\/carrenoactualidad","https:\/\/twitter.com\/nbasturias","https:\/\/www.instagram.com\/nachofdezber\/","https:\/\/www.youtube.com\/channel\/UCZP-2wLEB9Rv6erhFmqVnvg"]},{"@type":"WebPage","@id":"https:\/\/candas365.es\/noticias\/nuevo-reglamento-de-la-carrera-horizontal-de-los-funcionarios-de-la-administracion-del-principado\/#webpage","url":"https:\/\/candas365.es\/noticias\/nuevo-reglamento-de-la-carrera-horizontal-de-los-funcionarios-de-la-administracion-del-principado\/","name":"Nuevo reglamento de la carrera horizontal de los funcionarios de la Administraci\u00f3n del Principado | Cand\u00e1s 365","description":"El Gobierno ha aprobado el decreto que modifica el reglamento de la carrera horizontal de los funcionarios de la Administraci\u00f3n del Principado. Es el tr\u00e1mite definitivo para aplicar el compromiso del Ejecutivo de incorporar a la carrera profesional al personal interino y a los funcionarios de carrera de otras administraciones p\u00fablicas que ocupan alg\u00fan puesto","inLanguage":"es-ES","isPartOf":{"@id":"https:\/\/candas365.es\/noticias\/#website"},"breadcrumb":{"@id":"https:\/\/candas365.es\/noticias\/nuevo-reglamento-de-la-carrera-horizontal-de-los-funcionarios-de-la-administracion-del-principado\/#breadcrumblist"},"author":{"@id":"https:\/\/candas365.es\/noticias\/author\/admin\/#author"},"creator":{"@id":"https:\/\/candas365.es\/noticias\/author\/admin\/#author"},"image":{"@type":"ImageObject","url":"https:\/\/candas365.es\/noticias\/wp-content\/uploads\/2015\/07\/principado.jpg","@id":"https:\/\/candas365.es\/noticias\/nuevo-reglamento-de-la-carrera-horizontal-de-los-funcionarios-de-la-administracion-del-principado\/#mainImage","width":655,"height":360},"primaryImageOfPage":{"@id":"https:\/\/candas365.es\/noticias\/nuevo-reglamento-de-la-carrera-horizontal-de-los-funcionarios-de-la-administracion-del-principado\/#mainImage"},"datePublished":"2019-12-27T13:10:57+01:00","dateModified":"2019-12-27T13:10:57+01:00"},{"@type":"WebSite","@id":"https:\/\/candas365.es\/noticias\/#website","url":"https:\/\/candas365.es\/noticias\/","name":"Cand\u00e1s 365","alternateName":"Cand\u00e1s 365 Noticias","description":"Actualidad desde Carre\u00f1o para el mundo","inLanguage":"es-ES","publisher":{"@id":"https:\/\/candas365.es\/noticias\/#organization"}}]},"og:locale":"es_ES","og:site_name":"Cand\u00e1s 365","og:type":"article","og:title":"Nuevo reglamento de la carrera horizontal de los funcionarios de la Administraci\u00f3n del Principado | Cand\u00e1s 365","og:description":"El Gobierno ha aprobado el decreto que modifica el reglamento de la carrera horizontal de los funcionarios de la Administraci\u00f3n del Principado. Es el tr\u00e1mite definitivo para aplicar el compromiso del Ejecutivo de incorporar a la carrera profesional al personal interino y a los funcionarios de carrera de otras administraciones p\u00fablicas que ocupan alg\u00fan puesto","og:url":"https:\/\/candas365.es\/noticias\/nuevo-reglamento-de-la-carrera-horizontal-de-los-funcionarios-de-la-administracion-del-principado\/","og:image":"https:\/\/candas365.es\/noticias\/wp-content\/uploads\/2015\/07\/principado.jpg","og:image:secure_url":"https:\/\/candas365.es\/noticias\/wp-content\/uploads\/2015\/07\/principado.jpg","og:image:width":655,"og:image:height":360,"article:published_time":"2019-12-27T13:10:57+00:00","article:modified_time":"2019-12-27T13:10:57+00:00","article:publisher":"https:\/\/www.facebook.com\/Nachofdezber","article:author":"https:\/\/www.facebook.com\/carrenoactualidad","twitter:card":"summary_large_image","twitter:site":"@NabercoDigital","twitter:title":"Nuevo reglamento de la carrera horizontal de los funcionarios de la Administraci\u00f3n del Principado | Cand\u00e1s 365","twitter:description":"El Gobierno ha aprobado el decreto que modifica el reglamento de la carrera horizontal de los funcionarios de la Administraci\u00f3n del Principado. Es el tr\u00e1mite definitivo para aplicar el compromiso del Ejecutivo de incorporar a la carrera profesional al personal interino y a los funcionarios de carrera de otras administraciones p\u00fablicas que ocupan alg\u00fan puesto","twitter:creator":"@nbasturias","twitter:image":"https:\/\/candas365.es\/noticias\/wp-content\/uploads\/2015\/07\/principado.jpg","twitter:label1":"Escrito por","twitter:data1":"Cand\u00e1s 365","twitter:label2":"Tiempo de lectura estimado","twitter:data2":"1 minuto"},"aioseo_meta_data":{"post_id":"135403","title":null,"description":null,"keywords":null,"keyphrases":null,"primary_term":null,"canonical_url":null,"og_title":null,"og_description":null,"og_object_type":"default","og_image_type":"default","og_image_url":null,"og_image_width":null,"og_image_height":null,"og_image_custom_url":null,"og_image_custom_fields":null,"og_video":null,"og_custom_url":null,"og_article_section":null,"og_article_tags":null,"twitter_use_og":false,"twitter_card":"default","twitter_image_type":"default","twitter_image_url":null,"twitter_image_custom_url":null,"twitter_image_custom_fields":null,"twitter_title":null,"twitter_description":null,"schema":{"blockGraphs":[],"customGraphs":[],"default":{"data":{"Article":[],"Course":[],"Dataset":[],"FAQPage":[],"Movie":[],"Person":[],"Product":[],"ProductReview":[],"Car":[],"Recipe":[],"Service":[],"SoftwareApplication":[],"WebPage":[]},"graphName":"","isEnabled":true},"graphs":[]},"schema_type":null,"schema_type_options":null,"pillar_content":false,"robots_default":true,"robots_noindex":false,"robots_noarchive":false,"robots_nosnippet":false,"robots_nofollow":false,"robots_noimageindex":false,"robots_noodp":false,"robots_notranslate":false,"robots_max_snippet":null,"robots_max_videopreview":null,"robots_max_imagepreview":"large","priority":null,"frequency":null,"location":null,"local_seo":null,"seo_analyzer_scan_date":"2025-08-30 20:25:09","breadcrumb_settings":null,"limit_modified_date":false,"reviewed_by":null,"open_ai":null,"ai":null,"created":"2020-12-21 10:48:45","updated":"2025-08-30 20:25:09"},"aioseo_breadcrumb":"<div class=\"aioseo-breadcrumbs\"><span class=\"aioseo-breadcrumb\">\n\t<a href=\"https:\/\/candas365.es\/noticias\" title=\"Home\">Home<\/a>\n<\/span><span class=\"aioseo-breadcrumb-separator\">&ndash;<\/span><span class=\"aioseo-breadcrumb\">\n\t<a href=\"https:\/\/candas365.es\/noticias\/category\/asturias\/\" title=\"Asturias\">Asturias<\/a>\n<\/span><span class=\"aioseo-breadcrumb-separator\">&ndash;<\/span><span class=\"aioseo-breadcrumb\">\n\tNuevo reglamento de la carrera horizontal de los funcionarios de la Administraci\u00f3n del Principado\n<\/span><\/div>","aioseo_breadcrumb_json":[{"label":"Home","link":"https:\/\/candas365.es\/noticias"},{"label":"Asturias","link":"https:\/\/candas365.es\/noticias\/category\/asturias\/"},{"label":"Nuevo reglamento de la carrera horizontal de los funcionarios de la Administraci\u00f3n del Principado","link":"https:\/\/candas365.es\/noticias\/nuevo-reglamento-de-la-carrera-horizontal-de-los-funcionarios-de-la-administracion-del-principado\/"}],"_links":{"self":[{"href":"https:\/\/candas365.es\/noticias\/wp-json\/wp\/v2\/posts\/135403","targetHints":{"allow":["GET"]}}],"collection":[{"href":"https:\/\/candas365.es\/noticias\/wp-json\/wp\/v2\/posts"}],"about":[{"href":"https:\/\/candas365.es\/noticias\/wp-json\/wp\/v2\/types\/post"}],"author":[{"embeddable":true,"href":"https:\/\/candas365.es\/noticias\/wp-json\/wp\/v2\/users\/1"}],"replies":[{"embeddable":true,"href":"https:\/\/candas365.es\/noticias\/wp-json\/wp\/v2\/comments?post=135403"}],"version-history":[{"count":0,"href":"https:\/\/candas365.es\/noticias\/wp-json\/wp\/v2\/posts\/135403\/revisions"}],"wp:featuredmedia":[{"embeddable":true,"href":"https:\/\/candas365.es\/noticias\/wp-json\/wp\/v2\/media\/12661"}],"wp:attachment":[{"href":"https:\/\/candas365.es\/noticias\/wp-json\/wp\/v2\/media?parent=135403"}],"wp:term":[{"taxonomy":"category","embeddable":true,"href":"https:\/\/candas365.es\/noticias\/wp-json\/wp\/v2\/categories?post=135403"},{"taxonomy":"post_tag","embeddable":true,"href":"https:\/\/candas365.es\/noticias\/wp-json\/wp\/v2\/tags?post=135403"}],"curies":[{"name":"wp","href":"https:\/\/api.w.org\/{rel}","templated":true}]}}