{"id":135326,"date":"2019-12-24T22:07:54","date_gmt":"2019-12-24T22:07:54","guid":{"rendered":"http:\/\/candas365.es\/noticias\/?p=135326"},"modified":"2019-12-24T22:07:54","modified_gmt":"2019-12-24T22:07:54","slug":"christian-prokop-tenemos-ganas-de-una-medalla","status":"publish","type":"post","link":"https:\/\/candas365.es\/noticias\/christian-prokop-tenemos-ganas-de-una-medalla\/","title":{"rendered":"Christian Prokop: \u00abTenemos ganas de una medalla\u00bb"},"content":{"rendered":"<p>Leipzig (Alemania), 24 dic (dpa) &#8211; El entrenador de la selecci\u00f3n alemana de balomnano, Christian Prokop, cree que su equipo se encuentra bien posicionado para la lucha de medallas en el Campeonato Europeo de Balonmano de 2020.<\/p>\n<p>\u00abPercibo al cien por cien el ans\u00eda y el deseo del equipo por una medalla, pero hay siete u ocho equipos que tambi\u00e9n pueden ganar\u00bb, dijo el t\u00e9cnico en declaraciones que publica hoy el diario \u00abLeipziger Volkszeitung\u00bb.<\/p>\n<p>\u00abNuestro objetivo es llegar a las semifinales, como en la Copa Mundial jugada en casa. Pero juntos todav\u00eda no hemos podido completar el siguiente paso, eso es lo que queremos lograr. Esa recompensa falt\u00f3 en la Copa Mundial\u00bb, consider\u00f3 el entrenador de 41 a\u00f1os.<\/p>\n<p>En el Mundial de este a\u00f1o, el equipo alem\u00e1n perdi\u00f3 por poco el partido por el tercer puesto contra Francia.<\/p>\n<p>La selecci\u00f3n afronta el Europeo con las ausencias de Martin Strobel, Steffen Weinhold, Fabian Wiede, Tim Suton y Simon Ernst, cinco jugadores de atr\u00e1s que pod\u00edan ejercer como centrales y directores de juego.<\/p>\n<p>El torneo comienza para el equipo alem\u00e1n el 9 de enero con el partido contra Holanda. \u00abPuedo decir que me siento muy bien, estoy deseando ver al equipo de nuevo en enero. Estoy muy seguro de que este equipo tiene apetito de \u00e9xito\u00bb, dijo Prokop, quien se ha visto sometido a una fuerte presi\u00f3n tras el fracaso de la Eurocopa de 2018.<\/p>\n","protected":false},"excerpt":{"rendered":"<p>Leipzig (Alemania), 24 dic (dpa) &#8211; El entrenador de la selecci\u00f3n alemana de balomnano, Christian Prokop, cree que su equipo se encuentra bien posicionado para la lucha de medallas en el Campeonato Europeo de Balonmano de 2020. \u00abPercibo al cien por cien el ans\u00eda y el deseo del equipo por una medalla, pero hay siete<\/p>\n","protected":false},"author":1,"featured_media":91170,"comment_status":"closed","ping_status":"closed","sticky":false,"template":"","format":"standard","meta":{"footnotes":""},"categories":[319],"tags":[],"class_list":{"0":"post-135326","1":"post","2":"type-post","3":"status-publish","4":"format-standard","5":"has-post-thumbnail","7":"category-deporte"},"aioseo_notices":[],"aioseo_head":"\n\t\t<!-- All in One SEO Pro 4.9.6.2 - aioseo.com -->\n\t<meta name=\"description\" content=\"Leipzig (Alemania), 24 dic (dpa) - El entrenador de la selecci\u00f3n alemana de balomnano, Christian Prokop, cree que su equipo se encuentra bien posicionado para la lucha de medallas en el Campeonato Europeo de Balonmano de 2020. &quot;Percibo al cien por cien el ans\u00eda y el deseo del equipo por una medalla, pero hay siete\" \/>\n\t<meta name=\"robots\" content=\"max-image-preview:large\" \/>\n\t<meta name=\"author\" content=\"Cand\u00e1s 365\"\/>\n\t<meta name=\"google-site-verification\" content=\"UA-32230408-1\" \/>\n\t<meta name=\"msvalidate.01\" content=\"354F3CDFB2DA171B47FBE9ABF1F88D5\" \/>\n\t<meta name=\"keywords\" content=\"deporte\" \/>\n\t<link rel=\"canonical\" href=\"https:\/\/candas365.es\/noticias\/christian-prokop-tenemos-ganas-de-una-medalla\/\" \/>\n\t<meta name=\"generator\" content=\"All in One SEO Pro (AIOSEO) 4.9.6.2\" \/>\n\t\t<meta property=\"og:locale\" content=\"es_ES\" \/>\n\t\t<meta property=\"og:site_name\" content=\"Cand\u00e1s 365\" \/>\n\t\t<meta property=\"og:type\" content=\"article\" \/>\n\t\t<meta property=\"og:title\" content=\"Christian Prokop: \u00abTenemos ganas de una medalla\u00bb | Cand\u00e1s 365\" \/>\n\t\t<meta property=\"og:description\" content=\"Leipzig (Alemania), 24 dic (dpa) - El entrenador de la selecci\u00f3n alemana de balomnano, Christian Prokop, cree que su equipo se encuentra bien posicionado para la lucha de medallas en el Campeonato Europeo de Balonmano de 2020. &quot;Percibo al cien por cien el ans\u00eda y el deseo del equipo por una medalla, pero hay siete\" \/>\n\t\t<meta property=\"og:url\" content=\"https:\/\/candas365.es\/noticias\/christian-prokop-tenemos-ganas-de-una-medalla\/\" \/>\n\t\t<meta property=\"og:image\" content=\"https:\/\/candas365.es\/noticias\/wp-content\/uploads\/2018\/03\/technology-785742_1280.jpg\" \/>\n\t\t<meta property=\"og:image:secure_url\" content=\"https:\/\/candas365.es\/noticias\/wp-content\/uploads\/2018\/03\/technology-785742_1280.jpg\" \/>\n\t\t<meta property=\"og:image:width\" content=\"1280\" \/>\n\t\t<meta property=\"og:image:height\" content=\"853\" \/>\n\t\t<meta property=\"article:published_time\" content=\"2019-12-24T22:07:54+00:00\" \/>\n\t\t<meta property=\"article:modified_time\" content=\"2019-12-24T22:07:54+00:00\" \/>\n\t\t<meta property=\"article:publisher\" content=\"https:\/\/www.facebook.com\/Nachofdezber\" \/>\n\t\t<meta property=\"article:author\" content=\"https:\/\/www.facebook.com\/carrenoactualidad\" \/>\n\t\t<meta name=\"twitter:card\" content=\"summary_large_image\" \/>\n\t\t<meta name=\"twitter:site\" content=\"@NabercoDigital\" \/>\n\t\t<meta name=\"twitter:title\" content=\"Christian Prokop: \u00abTenemos ganas de una medalla\u00bb | Cand\u00e1s 365\" \/>\n\t\t<meta name=\"twitter:description\" content=\"Leipzig (Alemania), 24 dic (dpa) - El entrenador de la selecci\u00f3n alemana de balomnano, Christian Prokop, cree que su equipo se encuentra bien posicionado para la lucha de medallas en el Campeonato Europeo de Balonmano de 2020. &quot;Percibo al cien por cien el ans\u00eda y el deseo del equipo por una medalla, pero hay siete\" \/>\n\t\t<meta name=\"twitter:creator\" content=\"@nbasturias\" \/>\n\t\t<meta name=\"twitter:image\" content=\"https:\/\/candas365.es\/noticias\/wp-content\/uploads\/2018\/03\/technology-785742_1280.jpg\" \/>\n\t\t<meta name=\"twitter:label1\" content=\"Escrito por\" \/>\n\t\t<meta name=\"twitter:data1\" content=\"Cand\u00e1s 365\" \/>\n\t\t<meta name=\"twitter:label2\" content=\"Tiempo de lectura estimado\" \/>\n\t\t<meta name=\"twitter:data2\" content=\"1 minuto\" \/>\n\t\t<script type=\"application\/ld+json\" class=\"aioseo-schema\">\n\t\t\t{\"@context\":\"https:\\\/\\\/schema.org\",\"@graph\":[{\"@type\":\"BreadcrumbList\",\"@id\":\"https:\\\/\\\/candas365.es\\\/noticias\\\/christian-prokop-tenemos-ganas-de-una-medalla\\\/#breadcrumblist\",\"itemListElement\":[{\"@type\":\"ListItem\",\"@id\":\"https:\\\/\\\/candas365.es\\\/noticias#listItem\",\"position\":1,\"name\":\"Home\",\"item\":\"https:\\\/\\\/candas365.es\\\/noticias\",\"nextItem\":{\"@type\":\"ListItem\",\"@id\":\"https:\\\/\\\/candas365.es\\\/noticias\\\/category\\\/deporte\\\/#listItem\",\"name\":\"Deporte\"}},{\"@type\":\"ListItem\",\"@id\":\"https:\\\/\\\/candas365.es\\\/noticias\\\/category\\\/deporte\\\/#listItem\",\"position\":2,\"name\":\"Deporte\",\"item\":\"https:\\\/\\\/candas365.es\\\/noticias\\\/category\\\/deporte\\\/\",\"nextItem\":{\"@type\":\"ListItem\",\"@id\":\"https:\\\/\\\/candas365.es\\\/noticias\\\/christian-prokop-tenemos-ganas-de-una-medalla\\\/#listItem\",\"name\":\"Christian Prokop: \\u00abTenemos ganas de una medalla\\u00bb\"},\"previousItem\":{\"@type\":\"ListItem\",\"@id\":\"https:\\\/\\\/candas365.es\\\/noticias#listItem\",\"name\":\"Home\"}},{\"@type\":\"ListItem\",\"@id\":\"https:\\\/\\\/candas365.es\\\/noticias\\\/christian-prokop-tenemos-ganas-de-una-medalla\\\/#listItem\",\"position\":3,\"name\":\"Christian Prokop: \\u00abTenemos ganas de una medalla\\u00bb\",\"previousItem\":{\"@type\":\"ListItem\",\"@id\":\"https:\\\/\\\/candas365.es\\\/noticias\\\/category\\\/deporte\\\/#listItem\",\"name\":\"Deporte\"}}]},{\"@type\":\"NewsArticle\",\"@id\":\"https:\\\/\\\/candas365.es\\\/noticias\\\/christian-prokop-tenemos-ganas-de-una-medalla\\\/#newsarticle\",\"name\":\"Christian Prokop: \\u00abTenemos ganas de una medalla\\u00bb | Cand\\u00e1s 365\",\"headline\":\"Christian Prokop: \\u00abTenemos ganas de una medalla\\u00bb\",\"author\":{\"@id\":\"https:\\\/\\\/candas365.es\\\/noticias\\\/author\\\/admin\\\/#author\"},\"publisher\":{\"@id\":\"https:\\\/\\\/candas365.es\\\/noticias\\\/#organization\"},\"image\":{\"@type\":\"ImageObject\",\"url\":\"https:\\\/\\\/candas365.es\\\/noticias\\\/wp-content\\\/uploads\\\/2018\\\/03\\\/technology-785742_1280.jpg\",\"width\":1280,\"height\":853},\"datePublished\":\"2019-12-24T22:07:54+01:00\",\"dateModified\":\"2019-12-24T22:07:54+01:00\",\"inLanguage\":\"es-ES\",\"mainEntityOfPage\":{\"@id\":\"https:\\\/\\\/candas365.es\\\/noticias\\\/christian-prokop-tenemos-ganas-de-una-medalla\\\/#webpage\"},\"isPartOf\":{\"@id\":\"https:\\\/\\\/candas365.es\\\/noticias\\\/christian-prokop-tenemos-ganas-de-una-medalla\\\/#webpage\"},\"articleSection\":\"Deporte\",\"dateline\":\"Publicado el diciembre 24, 2019.\"},{\"@type\":\"Organization\",\"@id\":\"https:\\\/\\\/candas365.es\\\/noticias\\\/#organization\",\"name\":\"Cand\\u00e1s 365\",\"description\":\"Cand\\u00e1s 365 es un diario digital independiente, fundado en 2012, con base en Asturias. Informamos con rigor sobre actualidad, sociedad, cultura y ocio, con una mirada local y global.\",\"url\":\"https:\\\/\\\/candas365.es\\\/noticias\\\/\",\"email\":\"info@candas365.es\",\"telephone\":\"+34652131393\",\"foundingDate\":\"2012-06-10\",\"logo\":{\"@type\":\"ImageObject\",\"url\":\"https:\\\/\\\/candas365.es\\\/noticias\\\/wp-content\\\/uploads\\\/2024\\\/09\\\/Candas-365-Redes.jpg\",\"@id\":\"https:\\\/\\\/candas365.es\\\/noticias\\\/christian-prokop-tenemos-ganas-de-una-medalla\\\/#organizationLogo\",\"width\":1152,\"height\":864,\"caption\":\"Cand\\u00e1s 365 Redes\"},\"image\":{\"@id\":\"https:\\\/\\\/candas365.es\\\/noticias\\\/christian-prokop-tenemos-ganas-de-una-medalla\\\/#organizationLogo\"},\"sameAs\":[\"https:\\\/\\\/www.facebook.com\\\/Nachofdezber\",\"https:\\\/\\\/x.com\\\/NabercoDigital\",\"https:\\\/\\\/www.instagram.com\\\/nachofdezber\\\/\",\"https:\\\/\\\/www.youtube.com\\\/channel\\\/UCZP-2wLEB9Rv6erhFmqVnvg\"],\"address\":{\"@id\":\"https:\\\/\\\/candas365.es\\\/noticias\\\/#postaladdress\",\"@type\":\"PostalAddress\",\"streetAddress\":\"san antonio 4, san antonio 4\",\"postalCode\":\"33430\",\"addressLocality\":\"Cand\\u00e1s\",\"addressRegion\":\"Asturias\",\"addressCountry\":\"ES\"}},{\"@type\":\"Person\",\"@id\":\"https:\\\/\\\/candas365.es\\\/noticias\\\/author\\\/admin\\\/#author\",\"url\":\"https:\\\/\\\/candas365.es\\\/noticias\\\/author\\\/admin\\\/\",\"name\":\"Cand\\u00e1s 365\",\"image\":{\"@type\":\"ImageObject\",\"@id\":\"https:\\\/\\\/candas365.es\\\/noticias\\\/christian-prokop-tenemos-ganas-de-una-medalla\\\/#authorImage\",\"url\":\"https:\\\/\\\/secure.gravatar.com\\\/avatar\\\/496a8e03d0c493ede1718b7934145dbdf8d89be1036b0eec9544e1094c9de390?s=96&d=mm&r=g\",\"width\":96,\"height\":96,\"caption\":\"Cand\\u00e1s 365\"},\"sameAs\":[\"https:\\\/\\\/www.facebook.com\\\/carrenoactualidad\",\"https:\\\/\\\/twitter.com\\\/nbasturias\",\"https:\\\/\\\/www.instagram.com\\\/nachofdezber\\\/\",\"https:\\\/\\\/www.youtube.com\\\/channel\\\/UCZP-2wLEB9Rv6erhFmqVnvg\"]},{\"@type\":\"WebPage\",\"@id\":\"https:\\\/\\\/candas365.es\\\/noticias\\\/christian-prokop-tenemos-ganas-de-una-medalla\\\/#webpage\",\"url\":\"https:\\\/\\\/candas365.es\\\/noticias\\\/christian-prokop-tenemos-ganas-de-una-medalla\\\/\",\"name\":\"Christian Prokop: \\u00abTenemos ganas de una medalla\\u00bb | Cand\\u00e1s 365\",\"description\":\"Leipzig (Alemania), 24 dic (dpa) - El entrenador de la selecci\\u00f3n alemana de balomnano, Christian Prokop, cree que su equipo se encuentra bien posicionado para la lucha de medallas en el Campeonato Europeo de Balonmano de 2020. \\\"Percibo al cien por cien el ans\\u00eda y el deseo del equipo por una medalla, pero hay siete\",\"inLanguage\":\"es-ES\",\"isPartOf\":{\"@id\":\"https:\\\/\\\/candas365.es\\\/noticias\\\/#website\"},\"breadcrumb\":{\"@id\":\"https:\\\/\\\/candas365.es\\\/noticias\\\/christian-prokop-tenemos-ganas-de-una-medalla\\\/#breadcrumblist\"},\"author\":{\"@id\":\"https:\\\/\\\/candas365.es\\\/noticias\\\/author\\\/admin\\\/#author\"},\"creator\":{\"@id\":\"https:\\\/\\\/candas365.es\\\/noticias\\\/author\\\/admin\\\/#author\"},\"image\":{\"@type\":\"ImageObject\",\"url\":\"https:\\\/\\\/candas365.es\\\/noticias\\\/wp-content\\\/uploads\\\/2018\\\/03\\\/technology-785742_1280.jpg\",\"@id\":\"https:\\\/\\\/candas365.es\\\/noticias\\\/christian-prokop-tenemos-ganas-de-una-medalla\\\/#mainImage\",\"width\":1280,\"height\":853},\"primaryImageOfPage\":{\"@id\":\"https:\\\/\\\/candas365.es\\\/noticias\\\/christian-prokop-tenemos-ganas-de-una-medalla\\\/#mainImage\"},\"datePublished\":\"2019-12-24T22:07:54+01:00\",\"dateModified\":\"2019-12-24T22:07:54+01:00\"},{\"@type\":\"WebSite\",\"@id\":\"https:\\\/\\\/candas365.es\\\/noticias\\\/#website\",\"url\":\"https:\\\/\\\/candas365.es\\\/noticias\\\/\",\"name\":\"Cand\\u00e1s 365\",\"alternateName\":\"Cand\\u00e1s 365 Noticias\",\"description\":\"Actualidad desde Carre\\u00f1o para el mundo\",\"inLanguage\":\"es-ES\",\"publisher\":{\"@id\":\"https:\\\/\\\/candas365.es\\\/noticias\\\/#organization\"}}]}\n\t\t<\/script>\n\t\t<!-- All in One SEO Pro -->\r\n\t\t<title>Christian Prokop: \u00abTenemos ganas de una medalla\u00bb | Cand\u00e1s 365<\/title>\n\n","aioseo_head_json":{"title":"Christian Prokop: \u00abTenemos ganas de una medalla\u00bb | Cand\u00e1s 365","description":"Leipzig (Alemania), 24 dic (dpa) - El entrenador de la selecci\u00f3n alemana de balomnano, Christian Prokop, cree que su equipo se encuentra bien posicionado para la lucha de medallas en el Campeonato Europeo de Balonmano de 2020. \"Percibo al cien por cien el ans\u00eda y el deseo del equipo por una medalla, pero hay siete","canonical_url":"https:\/\/candas365.es\/noticias\/christian-prokop-tenemos-ganas-de-una-medalla\/","robots":"max-image-preview:large","keywords":"deporte","webmasterTools":{"google-site-verification":"UA-32230408-1","msvalidate.01":"354F3CDFB2DA171B47FBE9ABF1F88D5","miscellaneous":""},"schema":{"@context":"https:\/\/schema.org","@graph":[{"@type":"BreadcrumbList","@id":"https:\/\/candas365.es\/noticias\/christian-prokop-tenemos-ganas-de-una-medalla\/#breadcrumblist","itemListElement":[{"@type":"ListItem","@id":"https:\/\/candas365.es\/noticias#listItem","position":1,"name":"Home","item":"https:\/\/candas365.es\/noticias","nextItem":{"@type":"ListItem","@id":"https:\/\/candas365.es\/noticias\/category\/deporte\/#listItem","name":"Deporte"}},{"@type":"ListItem","@id":"https:\/\/candas365.es\/noticias\/category\/deporte\/#listItem","position":2,"name":"Deporte","item":"https:\/\/candas365.es\/noticias\/category\/deporte\/","nextItem":{"@type":"ListItem","@id":"https:\/\/candas365.es\/noticias\/christian-prokop-tenemos-ganas-de-una-medalla\/#listItem","name":"Christian Prokop: \u00abTenemos ganas de una medalla\u00bb"},"previousItem":{"@type":"ListItem","@id":"https:\/\/candas365.es\/noticias#listItem","name":"Home"}},{"@type":"ListItem","@id":"https:\/\/candas365.es\/noticias\/christian-prokop-tenemos-ganas-de-una-medalla\/#listItem","position":3,"name":"Christian Prokop: \u00abTenemos ganas de una medalla\u00bb","previousItem":{"@type":"ListItem","@id":"https:\/\/candas365.es\/noticias\/category\/deporte\/#listItem","name":"Deporte"}}]},{"@type":"NewsArticle","@id":"https:\/\/candas365.es\/noticias\/christian-prokop-tenemos-ganas-de-una-medalla\/#newsarticle","name":"Christian Prokop: \u00abTenemos ganas de una medalla\u00bb | Cand\u00e1s 365","headline":"Christian Prokop: \u00abTenemos ganas de una medalla\u00bb","author":{"@id":"https:\/\/candas365.es\/noticias\/author\/admin\/#author"},"publisher":{"@id":"https:\/\/candas365.es\/noticias\/#organization"},"image":{"@type":"ImageObject","url":"https:\/\/candas365.es\/noticias\/wp-content\/uploads\/2018\/03\/technology-785742_1280.jpg","width":1280,"height":853},"datePublished":"2019-12-24T22:07:54+01:00","dateModified":"2019-12-24T22:07:54+01:00","inLanguage":"es-ES","mainEntityOfPage":{"@id":"https:\/\/candas365.es\/noticias\/christian-prokop-tenemos-ganas-de-una-medalla\/#webpage"},"isPartOf":{"@id":"https:\/\/candas365.es\/noticias\/christian-prokop-tenemos-ganas-de-una-medalla\/#webpage"},"articleSection":"Deporte","dateline":"Publicado el diciembre 24, 2019."},{"@type":"Organization","@id":"https:\/\/candas365.es\/noticias\/#organization","name":"Cand\u00e1s 365","description":"Cand\u00e1s 365 es un diario digital independiente, fundado en 2012, con base en Asturias. Informamos con rigor sobre actualidad, sociedad, cultura y ocio, con una mirada local y global.","url":"https:\/\/candas365.es\/noticias\/","email":"info@candas365.es","telephone":"+34652131393","foundingDate":"2012-06-10","logo":{"@type":"ImageObject","url":"https:\/\/candas365.es\/noticias\/wp-content\/uploads\/2024\/09\/Candas-365-Redes.jpg","@id":"https:\/\/candas365.es\/noticias\/christian-prokop-tenemos-ganas-de-una-medalla\/#organizationLogo","width":1152,"height":864,"caption":"Cand\u00e1s 365 Redes"},"image":{"@id":"https:\/\/candas365.es\/noticias\/christian-prokop-tenemos-ganas-de-una-medalla\/#organizationLogo"},"sameAs":["https:\/\/www.facebook.com\/Nachofdezber","https:\/\/x.com\/NabercoDigital","https:\/\/www.instagram.com\/nachofdezber\/","https:\/\/www.youtube.com\/channel\/UCZP-2wLEB9Rv6erhFmqVnvg"],"address":{"@id":"https:\/\/candas365.es\/noticias\/#postaladdress","@type":"PostalAddress","streetAddress":"san antonio 4, san antonio 4","postalCode":"33430","addressLocality":"Cand\u00e1s","addressRegion":"Asturias","addressCountry":"ES"}},{"@type":"Person","@id":"https:\/\/candas365.es\/noticias\/author\/admin\/#author","url":"https:\/\/candas365.es\/noticias\/author\/admin\/","name":"Cand\u00e1s 365","image":{"@type":"ImageObject","@id":"https:\/\/candas365.es\/noticias\/christian-prokop-tenemos-ganas-de-una-medalla\/#authorImage","url":"https:\/\/secure.gravatar.com\/avatar\/496a8e03d0c493ede1718b7934145dbdf8d89be1036b0eec9544e1094c9de390?s=96&d=mm&r=g","width":96,"height":96,"caption":"Cand\u00e1s 365"},"sameAs":["https:\/\/www.facebook.com\/carrenoactualidad","https:\/\/twitter.com\/nbasturias","https:\/\/www.instagram.com\/nachofdezber\/","https:\/\/www.youtube.com\/channel\/UCZP-2wLEB9Rv6erhFmqVnvg"]},{"@type":"WebPage","@id":"https:\/\/candas365.es\/noticias\/christian-prokop-tenemos-ganas-de-una-medalla\/#webpage","url":"https:\/\/candas365.es\/noticias\/christian-prokop-tenemos-ganas-de-una-medalla\/","name":"Christian Prokop: \u00abTenemos ganas de una medalla\u00bb | Cand\u00e1s 365","description":"Leipzig (Alemania), 24 dic (dpa) - El entrenador de la selecci\u00f3n alemana de balomnano, Christian Prokop, cree que su equipo se encuentra bien posicionado para la lucha de medallas en el Campeonato Europeo de Balonmano de 2020. \"Percibo al cien por cien el ans\u00eda y el deseo del equipo por una medalla, pero hay siete","inLanguage":"es-ES","isPartOf":{"@id":"https:\/\/candas365.es\/noticias\/#website"},"breadcrumb":{"@id":"https:\/\/candas365.es\/noticias\/christian-prokop-tenemos-ganas-de-una-medalla\/#breadcrumblist"},"author":{"@id":"https:\/\/candas365.es\/noticias\/author\/admin\/#author"},"creator":{"@id":"https:\/\/candas365.es\/noticias\/author\/admin\/#author"},"image":{"@type":"ImageObject","url":"https:\/\/candas365.es\/noticias\/wp-content\/uploads\/2018\/03\/technology-785742_1280.jpg","@id":"https:\/\/candas365.es\/noticias\/christian-prokop-tenemos-ganas-de-una-medalla\/#mainImage","width":1280,"height":853},"primaryImageOfPage":{"@id":"https:\/\/candas365.es\/noticias\/christian-prokop-tenemos-ganas-de-una-medalla\/#mainImage"},"datePublished":"2019-12-24T22:07:54+01:00","dateModified":"2019-12-24T22:07:54+01:00"},{"@type":"WebSite","@id":"https:\/\/candas365.es\/noticias\/#website","url":"https:\/\/candas365.es\/noticias\/","name":"Cand\u00e1s 365","alternateName":"Cand\u00e1s 365 Noticias","description":"Actualidad desde Carre\u00f1o para el mundo","inLanguage":"es-ES","publisher":{"@id":"https:\/\/candas365.es\/noticias\/#organization"}}]},"og:locale":"es_ES","og:site_name":"Cand\u00e1s 365","og:type":"article","og:title":"Christian Prokop: \u00abTenemos ganas de una medalla\u00bb | Cand\u00e1s 365","og:description":"Leipzig (Alemania), 24 dic (dpa) - El entrenador de la selecci\u00f3n alemana de balomnano, Christian Prokop, cree que su equipo se encuentra bien posicionado para la lucha de medallas en el Campeonato Europeo de Balonmano de 2020. &quot;Percibo al cien por cien el ans\u00eda y el deseo del equipo por una medalla, pero hay siete","og:url":"https:\/\/candas365.es\/noticias\/christian-prokop-tenemos-ganas-de-una-medalla\/","og:image":"https:\/\/candas365.es\/noticias\/wp-content\/uploads\/2018\/03\/technology-785742_1280.jpg","og:image:secure_url":"https:\/\/candas365.es\/noticias\/wp-content\/uploads\/2018\/03\/technology-785742_1280.jpg","og:image:width":1280,"og:image:height":853,"article:published_time":"2019-12-24T22:07:54+00:00","article:modified_time":"2019-12-24T22:07:54+00:00","article:publisher":"https:\/\/www.facebook.com\/Nachofdezber","article:author":"https:\/\/www.facebook.com\/carrenoactualidad","twitter:card":"summary_large_image","twitter:site":"@NabercoDigital","twitter:title":"Christian Prokop: \u00abTenemos ganas de una medalla\u00bb | Cand\u00e1s 365","twitter:description":"Leipzig (Alemania), 24 dic (dpa) - El entrenador de la selecci\u00f3n alemana de balomnano, Christian Prokop, cree que su equipo se encuentra bien posicionado para la lucha de medallas en el Campeonato Europeo de Balonmano de 2020. &quot;Percibo al cien por cien el ans\u00eda y el deseo del equipo por una medalla, pero hay siete","twitter:creator":"@nbasturias","twitter:image":"https:\/\/candas365.es\/noticias\/wp-content\/uploads\/2018\/03\/technology-785742_1280.jpg","twitter:label1":"Escrito por","twitter:data1":"Cand\u00e1s 365","twitter:label2":"Tiempo de lectura estimado","twitter:data2":"1 minuto"},"aioseo_meta_data":{"post_id":"135326","title":null,"description":null,"keywords":null,"keyphrases":null,"primary_term":null,"canonical_url":null,"og_title":null,"og_description":null,"og_object_type":"default","og_image_type":"default","og_image_url":null,"og_image_width":null,"og_image_height":null,"og_image_custom_url":null,"og_image_custom_fields":null,"og_video":null,"og_custom_url":null,"og_article_section":null,"og_article_tags":null,"twitter_use_og":false,"twitter_card":"default","twitter_image_type":"default","twitter_image_url":null,"twitter_image_custom_url":null,"twitter_image_custom_fields":null,"twitter_title":null,"twitter_description":null,"schema":{"blockGraphs":[],"customGraphs":[],"default":{"data":{"Article":[],"Course":[],"Dataset":[],"FAQPage":[],"Movie":[],"Person":[],"Product":[],"ProductReview":[],"Car":[],"Recipe":[],"Service":[],"SoftwareApplication":[],"WebPage":[]},"graphName":"","isEnabled":true},"graphs":[]},"schema_type":null,"schema_type_options":null,"pillar_content":false,"robots_default":true,"robots_noindex":false,"robots_noarchive":false,"robots_nosnippet":false,"robots_nofollow":false,"robots_noimageindex":false,"robots_noodp":false,"robots_notranslate":false,"robots_max_snippet":null,"robots_max_videopreview":null,"robots_max_imagepreview":"large","priority":null,"frequency":null,"location":null,"local_seo":null,"seo_analyzer_scan_date":"2025-08-30 20:19:10","breadcrumb_settings":null,"limit_modified_date":false,"reviewed_by":null,"open_ai":null,"ai":null,"created":"2020-12-21 10:48:50","updated":"2025-08-30 20:19:10"},"aioseo_breadcrumb":"<div class=\"aioseo-breadcrumbs\"><span class=\"aioseo-breadcrumb\">\n\t<a href=\"https:\/\/candas365.es\/noticias\" title=\"Home\">Home<\/a>\n<\/span><span class=\"aioseo-breadcrumb-separator\">&ndash;<\/span><span class=\"aioseo-breadcrumb\">\n\t<a href=\"https:\/\/candas365.es\/noticias\/category\/deporte\/\" title=\"Deporte\">Deporte<\/a>\n<\/span><span class=\"aioseo-breadcrumb-separator\">&ndash;<\/span><span class=\"aioseo-breadcrumb\">\n\tChristian Prokop: \u00abTenemos ganas de una medalla\u00bb\n<\/span><\/div>","aioseo_breadcrumb_json":[{"label":"Home","link":"https:\/\/candas365.es\/noticias"},{"label":"Deporte","link":"https:\/\/candas365.es\/noticias\/category\/deporte\/"},{"label":"Christian Prokop: \u00abTenemos ganas de una medalla\u00bb","link":"https:\/\/candas365.es\/noticias\/christian-prokop-tenemos-ganas-de-una-medalla\/"}],"_links":{"self":[{"href":"https:\/\/candas365.es\/noticias\/wp-json\/wp\/v2\/posts\/135326","targetHints":{"allow":["GET"]}}],"collection":[{"href":"https:\/\/candas365.es\/noticias\/wp-json\/wp\/v2\/posts"}],"about":[{"href":"https:\/\/candas365.es\/noticias\/wp-json\/wp\/v2\/types\/post"}],"author":[{"embeddable":true,"href":"https:\/\/candas365.es\/noticias\/wp-json\/wp\/v2\/users\/1"}],"replies":[{"embeddable":true,"href":"https:\/\/candas365.es\/noticias\/wp-json\/wp\/v2\/comments?post=135326"}],"version-history":[{"count":0,"href":"https:\/\/candas365.es\/noticias\/wp-json\/wp\/v2\/posts\/135326\/revisions"}],"wp:featuredmedia":[{"embeddable":true,"href":"https:\/\/candas365.es\/noticias\/wp-json\/wp\/v2\/media\/91170"}],"wp:attachment":[{"href":"https:\/\/candas365.es\/noticias\/wp-json\/wp\/v2\/media?parent=135326"}],"wp:term":[{"taxonomy":"category","embeddable":true,"href":"https:\/\/candas365.es\/noticias\/wp-json\/wp\/v2\/categories?post=135326"},{"taxonomy":"post_tag","embeddable":true,"href":"https:\/\/candas365.es\/noticias\/wp-json\/wp\/v2\/tags?post=135326"}],"curies":[{"name":"wp","href":"https:\/\/api.w.org\/{rel}","templated":true}]}}