{"id":135313,"date":"2019-12-24T21:38:55","date_gmt":"2019-12-24T21:38:55","guid":{"rendered":"http:\/\/candas365.es\/noticias\/?p=135313"},"modified":"2019-12-24T21:38:55","modified_gmt":"2019-12-24T21:38:55","slug":"jugadores-del-leipzig-es-la-mejor-temporada-de-los-ultimos-anos","status":"publish","type":"post","link":"https:\/\/candas365.es\/noticias\/jugadores-del-leipzig-es-la-mejor-temporada-de-los-ultimos-anos\/","title":{"rendered":"Jugadores del Leipzig: \u00abEs la mejor temporada de los \u00faltimos a\u00f1os\u00bb"},"content":{"rendered":"<figure id=\"attachment_135314\" aria-describedby=\"caption-attachment-135314\" style=\"width: 360px\" class=\"wp-caption alignleft\"><img fetchpriority=\"high\" decoding=\"async\" class=\"size-medium wp-image-135314\" src=\"https:\/\/candas365.es\/noticias\/wp-content\/uploads\/2019\/12\/Leipzig-dpa-1-360x236.jpg\" alt=\"\" width=\"360\" height=\"236\" srcset=\"https:\/\/candas365.es\/noticias\/wp-content\/uploads\/2019\/12\/Leipzig-dpa-1-360x236.jpg 360w, https:\/\/candas365.es\/noticias\/wp-content\/uploads\/2019\/12\/Leipzig-dpa-1-655x429.jpg 655w, https:\/\/candas365.es\/noticias\/wp-content\/uploads\/2019\/12\/Leipzig-dpa-1-768x503.jpg 768w, https:\/\/candas365.es\/noticias\/wp-content\/uploads\/2019\/12\/Leipzig-dpa-1-696x456.jpg 696w, https:\/\/candas365.es\/noticias\/wp-content\/uploads\/2019\/12\/Leipzig-dpa-1-641x420.jpg 641w, https:\/\/candas365.es\/noticias\/wp-content\/uploads\/2019\/12\/Leipzig-dpa-1-741x486.jpg 741w, https:\/\/candas365.es\/noticias\/wp-content\/uploads\/2019\/12\/Leipzig-dpa-1.jpg 1016w\" sizes=\"(max-width: 360px) 100vw, 360px\" \/><figcaption id=\"caption-attachment-135314\" class=\"wp-caption-text\">Foto: Guido Kirchner\/dpa<\/figcaption><\/figure>\n<p>Leipzig (Alemania), 24 dic (dpa) &#8211; Los centrocampistas defensivos del Leipzig, Diego Demme y Konrad Laimer, nunca han visto mejor a su club, el actual campe\u00f3n de invierno de la Bundesliga, el Leipzig, seg\u00fan declararon al diario \u00abBild\u00bb.<\/p>\n<p>\u00abLa primera vuelta del Leipzig fue muy buena\u00bb, dijo Demme, de 28 a\u00f1os. \u00abSobre todo porque en la Liga de Campeones y en la Copa tambi\u00e9n hemos estado bien. Por eso creo que somos el mejor Leipzig que ha habido en los \u00faltimos a\u00f1os\u00bb, a\u00f1adi\u00f3.<\/p>\n<p>El Leipzig concluy\u00f3 como l\u00edder de la primera vuelta de la Liga alemana por primera vez en su historia, mientras que se clasific\u00f3 a los octavos de final de la Champions League tambi\u00e9n de manera in\u00e9dita, donde se enfrentar\u00e1 al Tottenham. Respecto a la Copa alemana, disputar\u00e1 la tercera ronda contra el Frankfurt.<\/p>\n<p>\u00abNo creo que hayamos conseguido rendir tan bien en las tres competiciones en los dos primeros a\u00f1os\u00bb, dijo por su parte el austriaco Laimer, de 22 a\u00f1os.<\/p>\n<p>\u00abEste a\u00f1o nos las arreglamos para llevar bien el ritmo de tres d\u00edas\u00bb, quien acot\u00f3 que esto tambi\u00e9n se debe al hecho de que la plantilla ya no comete los errores que pudo cometer en los \u00faltimos a\u00f1os.<\/p>\n<p>\u00abTodos nos conocemos desde hace mucho tiempo. Eso tambi\u00e9n ayuda a un equipo\u00bb, explic\u00f3 Laimer.<\/p>\n","protected":false},"excerpt":{"rendered":"<p>Leipzig (Alemania), 24 dic (dpa) &#8211; Los centrocampistas defensivos del Leipzig, Diego Demme y Konrad Laimer, nunca han visto mejor a su club, el actual campe\u00f3n de invierno de la Bundesliga, el Leipzig, seg\u00fan declararon al diario \u00abBild\u00bb. \u00abLa primera vuelta del Leipzig fue muy buena\u00bb, dijo Demme, de 28 a\u00f1os. \u00abSobre todo porque en<\/p>\n","protected":false},"author":1,"featured_media":135314,"comment_status":"closed","ping_status":"closed","sticky":false,"template":"","format":"standard","meta":{"footnotes":""},"categories":[319],"tags":[],"class_list":{"0":"post-135313","1":"post","2":"type-post","3":"status-publish","4":"format-standard","5":"has-post-thumbnail","7":"category-deporte"},"aioseo_notices":[],"aioseo_head":"\n\t\t<!-- All in One SEO Pro 4.9.6.2 - aioseo.com -->\n\t<meta name=\"description\" content=\"Leipzig (Alemania), 24 dic (dpa) - Los centrocampistas defensivos del Leipzig, Diego Demme y Konrad Laimer, nunca han visto mejor a su club, el actual campe\u00f3n de invierno de la Bundesliga, el Leipzig, seg\u00fan declararon al diario &quot;Bild&quot;. &quot;La primera vuelta del Leipzig fue muy buena&quot;, dijo Demme, de 28 a\u00f1os. &quot;Sobre todo porque en\" \/>\n\t<meta name=\"robots\" content=\"max-image-preview:large\" \/>\n\t<meta name=\"author\" content=\"Cand\u00e1s 365\"\/>\n\t<meta name=\"google-site-verification\" content=\"UA-32230408-1\" \/>\n\t<meta name=\"msvalidate.01\" content=\"354F3CDFB2DA171B47FBE9ABF1F88D5\" \/>\n\t<meta name=\"keywords\" content=\"deporte\" \/>\n\t<link rel=\"canonical\" href=\"https:\/\/candas365.es\/noticias\/jugadores-del-leipzig-es-la-mejor-temporada-de-los-ultimos-anos\/\" \/>\n\t<meta name=\"generator\" content=\"All in One SEO Pro (AIOSEO) 4.9.6.2\" \/>\n\t\t<meta property=\"og:locale\" content=\"es_ES\" \/>\n\t\t<meta property=\"og:site_name\" content=\"Cand\u00e1s 365\" \/>\n\t\t<meta property=\"og:type\" content=\"article\" \/>\n\t\t<meta property=\"og:title\" content=\"Jugadores del Leipzig: \u00abEs la mejor temporada de los \u00faltimos a\u00f1os\u00bb | Cand\u00e1s 365\" \/>\n\t\t<meta property=\"og:description\" content=\"Leipzig (Alemania), 24 dic (dpa) - Los centrocampistas defensivos del Leipzig, Diego Demme y Konrad Laimer, nunca han visto mejor a su club, el actual campe\u00f3n de invierno de la Bundesliga, el Leipzig, seg\u00fan declararon al diario &quot;Bild&quot;. &quot;La primera vuelta del Leipzig fue muy buena&quot;, dijo Demme, de 28 a\u00f1os. &quot;Sobre todo porque en\" \/>\n\t\t<meta property=\"og:url\" content=\"https:\/\/candas365.es\/noticias\/jugadores-del-leipzig-es-la-mejor-temporada-de-los-ultimos-anos\/\" \/>\n\t\t<meta property=\"og:image\" content=\"https:\/\/candas365.es\/noticias\/wp-content\/uploads\/2019\/12\/Leipzig-dpa-1.jpg\" \/>\n\t\t<meta property=\"og:image:secure_url\" content=\"https:\/\/candas365.es\/noticias\/wp-content\/uploads\/2019\/12\/Leipzig-dpa-1.jpg\" \/>\n\t\t<meta property=\"og:image:width\" content=\"1016\" \/>\n\t\t<meta property=\"og:image:height\" content=\"666\" \/>\n\t\t<meta property=\"article:published_time\" content=\"2019-12-24T21:38:55+00:00\" \/>\n\t\t<meta property=\"article:modified_time\" content=\"2019-12-24T21:38:55+00:00\" \/>\n\t\t<meta property=\"article:publisher\" content=\"https:\/\/www.facebook.com\/Nachofdezber\" \/>\n\t\t<meta property=\"article:author\" content=\"https:\/\/www.facebook.com\/carrenoactualidad\" \/>\n\t\t<meta name=\"twitter:card\" content=\"summary_large_image\" \/>\n\t\t<meta name=\"twitter:site\" content=\"@NabercoDigital\" \/>\n\t\t<meta name=\"twitter:title\" content=\"Jugadores del Leipzig: \u00abEs la mejor temporada de los \u00faltimos a\u00f1os\u00bb | Cand\u00e1s 365\" \/>\n\t\t<meta name=\"twitter:description\" content=\"Leipzig (Alemania), 24 dic (dpa) - Los centrocampistas defensivos del Leipzig, Diego Demme y Konrad Laimer, nunca han visto mejor a su club, el actual campe\u00f3n de invierno de la Bundesliga, el Leipzig, seg\u00fan declararon al diario &quot;Bild&quot;. &quot;La primera vuelta del Leipzig fue muy buena&quot;, dijo Demme, de 28 a\u00f1os. &quot;Sobre todo porque en\" \/>\n\t\t<meta name=\"twitter:creator\" content=\"@nbasturias\" \/>\n\t\t<meta name=\"twitter:image\" content=\"https:\/\/candas365.es\/noticias\/wp-content\/uploads\/2019\/12\/Leipzig-dpa-1.jpg\" \/>\n\t\t<meta name=\"twitter:label1\" content=\"Escrito por\" \/>\n\t\t<meta name=\"twitter:data1\" content=\"Cand\u00e1s 365\" \/>\n\t\t<meta name=\"twitter:label2\" content=\"Tiempo de lectura estimado\" \/>\n\t\t<meta name=\"twitter:data2\" content=\"1 minuto\" \/>\n\t\t<script type=\"application\/ld+json\" class=\"aioseo-schema\">\n\t\t\t{\"@context\":\"https:\\\/\\\/schema.org\",\"@graph\":[{\"@type\":\"BreadcrumbList\",\"@id\":\"https:\\\/\\\/candas365.es\\\/noticias\\\/jugadores-del-leipzig-es-la-mejor-temporada-de-los-ultimos-anos\\\/#breadcrumblist\",\"itemListElement\":[{\"@type\":\"ListItem\",\"@id\":\"https:\\\/\\\/candas365.es\\\/noticias#listItem\",\"position\":1,\"name\":\"Home\",\"item\":\"https:\\\/\\\/candas365.es\\\/noticias\",\"nextItem\":{\"@type\":\"ListItem\",\"@id\":\"https:\\\/\\\/candas365.es\\\/noticias\\\/category\\\/deporte\\\/#listItem\",\"name\":\"Deporte\"}},{\"@type\":\"ListItem\",\"@id\":\"https:\\\/\\\/candas365.es\\\/noticias\\\/category\\\/deporte\\\/#listItem\",\"position\":2,\"name\":\"Deporte\",\"item\":\"https:\\\/\\\/candas365.es\\\/noticias\\\/category\\\/deporte\\\/\",\"nextItem\":{\"@type\":\"ListItem\",\"@id\":\"https:\\\/\\\/candas365.es\\\/noticias\\\/jugadores-del-leipzig-es-la-mejor-temporada-de-los-ultimos-anos\\\/#listItem\",\"name\":\"Jugadores del Leipzig: \\u00abEs la mejor temporada de los \\u00faltimos a\\u00f1os\\u00bb\"},\"previousItem\":{\"@type\":\"ListItem\",\"@id\":\"https:\\\/\\\/candas365.es\\\/noticias#listItem\",\"name\":\"Home\"}},{\"@type\":\"ListItem\",\"@id\":\"https:\\\/\\\/candas365.es\\\/noticias\\\/jugadores-del-leipzig-es-la-mejor-temporada-de-los-ultimos-anos\\\/#listItem\",\"position\":3,\"name\":\"Jugadores del Leipzig: \\u00abEs la mejor temporada de los \\u00faltimos a\\u00f1os\\u00bb\",\"previousItem\":{\"@type\":\"ListItem\",\"@id\":\"https:\\\/\\\/candas365.es\\\/noticias\\\/category\\\/deporte\\\/#listItem\",\"name\":\"Deporte\"}}]},{\"@type\":\"NewsArticle\",\"@id\":\"https:\\\/\\\/candas365.es\\\/noticias\\\/jugadores-del-leipzig-es-la-mejor-temporada-de-los-ultimos-anos\\\/#newsarticle\",\"name\":\"Jugadores del Leipzig: \\u00abEs la mejor temporada de los \\u00faltimos a\\u00f1os\\u00bb | Cand\\u00e1s 365\",\"headline\":\"Jugadores del Leipzig: \\u00abEs la mejor temporada de los \\u00faltimos a\\u00f1os\\u00bb\",\"author\":{\"@id\":\"https:\\\/\\\/candas365.es\\\/noticias\\\/author\\\/admin\\\/#author\"},\"publisher\":{\"@id\":\"https:\\\/\\\/candas365.es\\\/noticias\\\/#organization\"},\"image\":{\"@type\":\"ImageObject\",\"url\":\"https:\\\/\\\/candas365.es\\\/noticias\\\/wp-content\\\/uploads\\\/2019\\\/12\\\/Leipzig-dpa-1.jpg\",\"width\":1016,\"height\":666,\"caption\":\"Foto: Guido Kirchner\\\/dpa\"},\"datePublished\":\"2019-12-24T21:38:55+01:00\",\"dateModified\":\"2019-12-24T21:38:55+01:00\",\"inLanguage\":\"es-ES\",\"mainEntityOfPage\":{\"@id\":\"https:\\\/\\\/candas365.es\\\/noticias\\\/jugadores-del-leipzig-es-la-mejor-temporada-de-los-ultimos-anos\\\/#webpage\"},\"isPartOf\":{\"@id\":\"https:\\\/\\\/candas365.es\\\/noticias\\\/jugadores-del-leipzig-es-la-mejor-temporada-de-los-ultimos-anos\\\/#webpage\"},\"articleSection\":\"Deporte\",\"dateline\":\"Publicado el diciembre 24, 2019.\"},{\"@type\":\"Organization\",\"@id\":\"https:\\\/\\\/candas365.es\\\/noticias\\\/#organization\",\"name\":\"Cand\\u00e1s 365\",\"description\":\"Cand\\u00e1s 365 es un diario digital independiente, fundado en 2012, con base en Asturias. Informamos con rigor sobre actualidad, sociedad, cultura y ocio, con una mirada local y global.\",\"url\":\"https:\\\/\\\/candas365.es\\\/noticias\\\/\",\"email\":\"info@candas365.es\",\"telephone\":\"+34652131393\",\"foundingDate\":\"2012-06-10\",\"logo\":{\"@type\":\"ImageObject\",\"url\":\"https:\\\/\\\/candas365.es\\\/noticias\\\/wp-content\\\/uploads\\\/2024\\\/09\\\/Candas-365-Redes.jpg\",\"@id\":\"https:\\\/\\\/candas365.es\\\/noticias\\\/jugadores-del-leipzig-es-la-mejor-temporada-de-los-ultimos-anos\\\/#organizationLogo\",\"width\":1152,\"height\":864,\"caption\":\"Cand\\u00e1s 365 Redes\"},\"image\":{\"@id\":\"https:\\\/\\\/candas365.es\\\/noticias\\\/jugadores-del-leipzig-es-la-mejor-temporada-de-los-ultimos-anos\\\/#organizationLogo\"},\"sameAs\":[\"https:\\\/\\\/www.facebook.com\\\/Nachofdezber\",\"https:\\\/\\\/x.com\\\/NabercoDigital\",\"https:\\\/\\\/www.instagram.com\\\/nachofdezber\\\/\",\"https:\\\/\\\/www.youtube.com\\\/channel\\\/UCZP-2wLEB9Rv6erhFmqVnvg\"],\"address\":{\"@id\":\"https:\\\/\\\/candas365.es\\\/noticias\\\/#postaladdress\",\"@type\":\"PostalAddress\",\"streetAddress\":\"san antonio 4, san antonio 4\",\"postalCode\":\"33430\",\"addressLocality\":\"Cand\\u00e1s\",\"addressRegion\":\"Asturias\",\"addressCountry\":\"ES\"}},{\"@type\":\"Person\",\"@id\":\"https:\\\/\\\/candas365.es\\\/noticias\\\/author\\\/admin\\\/#author\",\"url\":\"https:\\\/\\\/candas365.es\\\/noticias\\\/author\\\/admin\\\/\",\"name\":\"Cand\\u00e1s 365\",\"image\":{\"@type\":\"ImageObject\",\"@id\":\"https:\\\/\\\/candas365.es\\\/noticias\\\/jugadores-del-leipzig-es-la-mejor-temporada-de-los-ultimos-anos\\\/#authorImage\",\"url\":\"https:\\\/\\\/secure.gravatar.com\\\/avatar\\\/496a8e03d0c493ede1718b7934145dbdf8d89be1036b0eec9544e1094c9de390?s=96&d=mm&r=g\",\"width\":96,\"height\":96,\"caption\":\"Cand\\u00e1s 365\"},\"sameAs\":[\"https:\\\/\\\/www.facebook.com\\\/carrenoactualidad\",\"https:\\\/\\\/twitter.com\\\/nbasturias\",\"https:\\\/\\\/www.instagram.com\\\/nachofdezber\\\/\",\"https:\\\/\\\/www.youtube.com\\\/channel\\\/UCZP-2wLEB9Rv6erhFmqVnvg\"]},{\"@type\":\"WebPage\",\"@id\":\"https:\\\/\\\/candas365.es\\\/noticias\\\/jugadores-del-leipzig-es-la-mejor-temporada-de-los-ultimos-anos\\\/#webpage\",\"url\":\"https:\\\/\\\/candas365.es\\\/noticias\\\/jugadores-del-leipzig-es-la-mejor-temporada-de-los-ultimos-anos\\\/\",\"name\":\"Jugadores del Leipzig: \\u00abEs la mejor temporada de los \\u00faltimos a\\u00f1os\\u00bb | Cand\\u00e1s 365\",\"description\":\"Leipzig (Alemania), 24 dic (dpa) - Los centrocampistas defensivos del Leipzig, Diego Demme y Konrad Laimer, nunca han visto mejor a su club, el actual campe\\u00f3n de invierno de la Bundesliga, el Leipzig, seg\\u00fan declararon al diario \\\"Bild\\\". \\\"La primera vuelta del Leipzig fue muy buena\\\", dijo Demme, de 28 a\\u00f1os. \\\"Sobre todo porque en\",\"inLanguage\":\"es-ES\",\"isPartOf\":{\"@id\":\"https:\\\/\\\/candas365.es\\\/noticias\\\/#website\"},\"breadcrumb\":{\"@id\":\"https:\\\/\\\/candas365.es\\\/noticias\\\/jugadores-del-leipzig-es-la-mejor-temporada-de-los-ultimos-anos\\\/#breadcrumblist\"},\"author\":{\"@id\":\"https:\\\/\\\/candas365.es\\\/noticias\\\/author\\\/admin\\\/#author\"},\"creator\":{\"@id\":\"https:\\\/\\\/candas365.es\\\/noticias\\\/author\\\/admin\\\/#author\"},\"image\":{\"@type\":\"ImageObject\",\"url\":\"https:\\\/\\\/candas365.es\\\/noticias\\\/wp-content\\\/uploads\\\/2019\\\/12\\\/Leipzig-dpa-1.jpg\",\"@id\":\"https:\\\/\\\/candas365.es\\\/noticias\\\/jugadores-del-leipzig-es-la-mejor-temporada-de-los-ultimos-anos\\\/#mainImage\",\"width\":1016,\"height\":666,\"caption\":\"Foto: Guido Kirchner\\\/dpa\"},\"primaryImageOfPage\":{\"@id\":\"https:\\\/\\\/candas365.es\\\/noticias\\\/jugadores-del-leipzig-es-la-mejor-temporada-de-los-ultimos-anos\\\/#mainImage\"},\"datePublished\":\"2019-12-24T21:38:55+01:00\",\"dateModified\":\"2019-12-24T21:38:55+01:00\"},{\"@type\":\"WebSite\",\"@id\":\"https:\\\/\\\/candas365.es\\\/noticias\\\/#website\",\"url\":\"https:\\\/\\\/candas365.es\\\/noticias\\\/\",\"name\":\"Cand\\u00e1s 365\",\"alternateName\":\"Cand\\u00e1s 365 Noticias\",\"description\":\"Actualidad desde Carre\\u00f1o para el mundo\",\"inLanguage\":\"es-ES\",\"publisher\":{\"@id\":\"https:\\\/\\\/candas365.es\\\/noticias\\\/#organization\"}}]}\n\t\t<\/script>\n\t\t<!-- All in One SEO Pro -->\r\n\t\t<title>Jugadores del Leipzig: \u00abEs la mejor temporada de los \u00faltimos a\u00f1os\u00bb | Cand\u00e1s 365<\/title>\n\n","aioseo_head_json":{"title":"Jugadores del Leipzig: \u00abEs la mejor temporada de los \u00faltimos a\u00f1os\u00bb | Cand\u00e1s 365","description":"Leipzig (Alemania), 24 dic (dpa) - Los centrocampistas defensivos del Leipzig, Diego Demme y Konrad Laimer, nunca han visto mejor a su club, el actual campe\u00f3n de invierno de la Bundesliga, el Leipzig, seg\u00fan declararon al diario \"Bild\". \"La primera vuelta del Leipzig fue muy buena\", dijo Demme, de 28 a\u00f1os. \"Sobre todo porque en","canonical_url":"https:\/\/candas365.es\/noticias\/jugadores-del-leipzig-es-la-mejor-temporada-de-los-ultimos-anos\/","robots":"max-image-preview:large","keywords":"deporte","webmasterTools":{"google-site-verification":"UA-32230408-1","msvalidate.01":"354F3CDFB2DA171B47FBE9ABF1F88D5","miscellaneous":""},"schema":{"@context":"https:\/\/schema.org","@graph":[{"@type":"BreadcrumbList","@id":"https:\/\/candas365.es\/noticias\/jugadores-del-leipzig-es-la-mejor-temporada-de-los-ultimos-anos\/#breadcrumblist","itemListElement":[{"@type":"ListItem","@id":"https:\/\/candas365.es\/noticias#listItem","position":1,"name":"Home","item":"https:\/\/candas365.es\/noticias","nextItem":{"@type":"ListItem","@id":"https:\/\/candas365.es\/noticias\/category\/deporte\/#listItem","name":"Deporte"}},{"@type":"ListItem","@id":"https:\/\/candas365.es\/noticias\/category\/deporte\/#listItem","position":2,"name":"Deporte","item":"https:\/\/candas365.es\/noticias\/category\/deporte\/","nextItem":{"@type":"ListItem","@id":"https:\/\/candas365.es\/noticias\/jugadores-del-leipzig-es-la-mejor-temporada-de-los-ultimos-anos\/#listItem","name":"Jugadores del Leipzig: \u00abEs la mejor temporada de los \u00faltimos a\u00f1os\u00bb"},"previousItem":{"@type":"ListItem","@id":"https:\/\/candas365.es\/noticias#listItem","name":"Home"}},{"@type":"ListItem","@id":"https:\/\/candas365.es\/noticias\/jugadores-del-leipzig-es-la-mejor-temporada-de-los-ultimos-anos\/#listItem","position":3,"name":"Jugadores del Leipzig: \u00abEs la mejor temporada de los \u00faltimos a\u00f1os\u00bb","previousItem":{"@type":"ListItem","@id":"https:\/\/candas365.es\/noticias\/category\/deporte\/#listItem","name":"Deporte"}}]},{"@type":"NewsArticle","@id":"https:\/\/candas365.es\/noticias\/jugadores-del-leipzig-es-la-mejor-temporada-de-los-ultimos-anos\/#newsarticle","name":"Jugadores del Leipzig: \u00abEs la mejor temporada de los \u00faltimos a\u00f1os\u00bb | Cand\u00e1s 365","headline":"Jugadores del Leipzig: \u00abEs la mejor temporada de los \u00faltimos a\u00f1os\u00bb","author":{"@id":"https:\/\/candas365.es\/noticias\/author\/admin\/#author"},"publisher":{"@id":"https:\/\/candas365.es\/noticias\/#organization"},"image":{"@type":"ImageObject","url":"https:\/\/candas365.es\/noticias\/wp-content\/uploads\/2019\/12\/Leipzig-dpa-1.jpg","width":1016,"height":666,"caption":"Foto: Guido Kirchner\/dpa"},"datePublished":"2019-12-24T21:38:55+01:00","dateModified":"2019-12-24T21:38:55+01:00","inLanguage":"es-ES","mainEntityOfPage":{"@id":"https:\/\/candas365.es\/noticias\/jugadores-del-leipzig-es-la-mejor-temporada-de-los-ultimos-anos\/#webpage"},"isPartOf":{"@id":"https:\/\/candas365.es\/noticias\/jugadores-del-leipzig-es-la-mejor-temporada-de-los-ultimos-anos\/#webpage"},"articleSection":"Deporte","dateline":"Publicado el diciembre 24, 2019."},{"@type":"Organization","@id":"https:\/\/candas365.es\/noticias\/#organization","name":"Cand\u00e1s 365","description":"Cand\u00e1s 365 es un diario digital independiente, fundado en 2012, con base en Asturias. Informamos con rigor sobre actualidad, sociedad, cultura y ocio, con una mirada local y global.","url":"https:\/\/candas365.es\/noticias\/","email":"info@candas365.es","telephone":"+34652131393","foundingDate":"2012-06-10","logo":{"@type":"ImageObject","url":"https:\/\/candas365.es\/noticias\/wp-content\/uploads\/2024\/09\/Candas-365-Redes.jpg","@id":"https:\/\/candas365.es\/noticias\/jugadores-del-leipzig-es-la-mejor-temporada-de-los-ultimos-anos\/#organizationLogo","width":1152,"height":864,"caption":"Cand\u00e1s 365 Redes"},"image":{"@id":"https:\/\/candas365.es\/noticias\/jugadores-del-leipzig-es-la-mejor-temporada-de-los-ultimos-anos\/#organizationLogo"},"sameAs":["https:\/\/www.facebook.com\/Nachofdezber","https:\/\/x.com\/NabercoDigital","https:\/\/www.instagram.com\/nachofdezber\/","https:\/\/www.youtube.com\/channel\/UCZP-2wLEB9Rv6erhFmqVnvg"],"address":{"@id":"https:\/\/candas365.es\/noticias\/#postaladdress","@type":"PostalAddress","streetAddress":"san antonio 4, san antonio 4","postalCode":"33430","addressLocality":"Cand\u00e1s","addressRegion":"Asturias","addressCountry":"ES"}},{"@type":"Person","@id":"https:\/\/candas365.es\/noticias\/author\/admin\/#author","url":"https:\/\/candas365.es\/noticias\/author\/admin\/","name":"Cand\u00e1s 365","image":{"@type":"ImageObject","@id":"https:\/\/candas365.es\/noticias\/jugadores-del-leipzig-es-la-mejor-temporada-de-los-ultimos-anos\/#authorImage","url":"https:\/\/secure.gravatar.com\/avatar\/496a8e03d0c493ede1718b7934145dbdf8d89be1036b0eec9544e1094c9de390?s=96&d=mm&r=g","width":96,"height":96,"caption":"Cand\u00e1s 365"},"sameAs":["https:\/\/www.facebook.com\/carrenoactualidad","https:\/\/twitter.com\/nbasturias","https:\/\/www.instagram.com\/nachofdezber\/","https:\/\/www.youtube.com\/channel\/UCZP-2wLEB9Rv6erhFmqVnvg"]},{"@type":"WebPage","@id":"https:\/\/candas365.es\/noticias\/jugadores-del-leipzig-es-la-mejor-temporada-de-los-ultimos-anos\/#webpage","url":"https:\/\/candas365.es\/noticias\/jugadores-del-leipzig-es-la-mejor-temporada-de-los-ultimos-anos\/","name":"Jugadores del Leipzig: \u00abEs la mejor temporada de los \u00faltimos a\u00f1os\u00bb | Cand\u00e1s 365","description":"Leipzig (Alemania), 24 dic (dpa) - Los centrocampistas defensivos del Leipzig, Diego Demme y Konrad Laimer, nunca han visto mejor a su club, el actual campe\u00f3n de invierno de la Bundesliga, el Leipzig, seg\u00fan declararon al diario \"Bild\". \"La primera vuelta del Leipzig fue muy buena\", dijo Demme, de 28 a\u00f1os. \"Sobre todo porque en","inLanguage":"es-ES","isPartOf":{"@id":"https:\/\/candas365.es\/noticias\/#website"},"breadcrumb":{"@id":"https:\/\/candas365.es\/noticias\/jugadores-del-leipzig-es-la-mejor-temporada-de-los-ultimos-anos\/#breadcrumblist"},"author":{"@id":"https:\/\/candas365.es\/noticias\/author\/admin\/#author"},"creator":{"@id":"https:\/\/candas365.es\/noticias\/author\/admin\/#author"},"image":{"@type":"ImageObject","url":"https:\/\/candas365.es\/noticias\/wp-content\/uploads\/2019\/12\/Leipzig-dpa-1.jpg","@id":"https:\/\/candas365.es\/noticias\/jugadores-del-leipzig-es-la-mejor-temporada-de-los-ultimos-anos\/#mainImage","width":1016,"height":666,"caption":"Foto: Guido Kirchner\/dpa"},"primaryImageOfPage":{"@id":"https:\/\/candas365.es\/noticias\/jugadores-del-leipzig-es-la-mejor-temporada-de-los-ultimos-anos\/#mainImage"},"datePublished":"2019-12-24T21:38:55+01:00","dateModified":"2019-12-24T21:38:55+01:00"},{"@type":"WebSite","@id":"https:\/\/candas365.es\/noticias\/#website","url":"https:\/\/candas365.es\/noticias\/","name":"Cand\u00e1s 365","alternateName":"Cand\u00e1s 365 Noticias","description":"Actualidad desde Carre\u00f1o para el mundo","inLanguage":"es-ES","publisher":{"@id":"https:\/\/candas365.es\/noticias\/#organization"}}]},"og:locale":"es_ES","og:site_name":"Cand\u00e1s 365","og:type":"article","og:title":"Jugadores del Leipzig: \u00abEs la mejor temporada de los \u00faltimos a\u00f1os\u00bb | Cand\u00e1s 365","og:description":"Leipzig (Alemania), 24 dic (dpa) - Los centrocampistas defensivos del Leipzig, Diego Demme y Konrad Laimer, nunca han visto mejor a su club, el actual campe\u00f3n de invierno de la Bundesliga, el Leipzig, seg\u00fan declararon al diario &quot;Bild&quot;. &quot;La primera vuelta del Leipzig fue muy buena&quot;, dijo Demme, de 28 a\u00f1os. &quot;Sobre todo porque en","og:url":"https:\/\/candas365.es\/noticias\/jugadores-del-leipzig-es-la-mejor-temporada-de-los-ultimos-anos\/","og:image":"https:\/\/candas365.es\/noticias\/wp-content\/uploads\/2019\/12\/Leipzig-dpa-1.jpg","og:image:secure_url":"https:\/\/candas365.es\/noticias\/wp-content\/uploads\/2019\/12\/Leipzig-dpa-1.jpg","og:image:width":1016,"og:image:height":666,"article:published_time":"2019-12-24T21:38:55+00:00","article:modified_time":"2019-12-24T21:38:55+00:00","article:publisher":"https:\/\/www.facebook.com\/Nachofdezber","article:author":"https:\/\/www.facebook.com\/carrenoactualidad","twitter:card":"summary_large_image","twitter:site":"@NabercoDigital","twitter:title":"Jugadores del Leipzig: \u00abEs la mejor temporada de los \u00faltimos a\u00f1os\u00bb | Cand\u00e1s 365","twitter:description":"Leipzig (Alemania), 24 dic (dpa) - Los centrocampistas defensivos del Leipzig, Diego Demme y Konrad Laimer, nunca han visto mejor a su club, el actual campe\u00f3n de invierno de la Bundesliga, el Leipzig, seg\u00fan declararon al diario &quot;Bild&quot;. &quot;La primera vuelta del Leipzig fue muy buena&quot;, dijo Demme, de 28 a\u00f1os. &quot;Sobre todo porque en","twitter:creator":"@nbasturias","twitter:image":"https:\/\/candas365.es\/noticias\/wp-content\/uploads\/2019\/12\/Leipzig-dpa-1.jpg","twitter:label1":"Escrito por","twitter:data1":"Cand\u00e1s 365","twitter:label2":"Tiempo de lectura estimado","twitter:data2":"1 minuto"},"aioseo_meta_data":{"post_id":"135313","title":null,"description":null,"keywords":null,"keyphrases":null,"primary_term":null,"canonical_url":null,"og_title":null,"og_description":null,"og_object_type":"default","og_image_type":"default","og_image_url":null,"og_image_width":null,"og_image_height":null,"og_image_custom_url":null,"og_image_custom_fields":null,"og_video":null,"og_custom_url":null,"og_article_section":null,"og_article_tags":null,"twitter_use_og":false,"twitter_card":"default","twitter_image_type":"default","twitter_image_url":null,"twitter_image_custom_url":null,"twitter_image_custom_fields":null,"twitter_title":null,"twitter_description":null,"schema":{"blockGraphs":[],"customGraphs":[],"default":{"data":{"Article":[],"Course":[],"Dataset":[],"FAQPage":[],"Movie":[],"Person":[],"Product":[],"ProductReview":[],"Car":[],"Recipe":[],"Service":[],"SoftwareApplication":[],"WebPage":[]},"graphName":"","isEnabled":true},"graphs":[],"defaultGraph":"","defaultPostTypeGraph":""},"schema_type":null,"schema_type_options":null,"pillar_content":false,"robots_default":true,"robots_noindex":false,"robots_noarchive":false,"robots_nosnippet":false,"robots_nofollow":false,"robots_noimageindex":false,"robots_noodp":false,"robots_notranslate":false,"robots_max_snippet":null,"robots_max_videopreview":null,"robots_max_imagepreview":"large","priority":null,"frequency":null,"location":null,"local_seo":null,"seo_analyzer_scan_date":"2025-08-30 20:17:15","breadcrumb_settings":null,"limit_modified_date":false,"reviewed_by":null,"open_ai":null,"ai":null,"created":"2020-12-21 10:48:50","updated":"2025-08-30 20:17:15"},"aioseo_breadcrumb":"<div class=\"aioseo-breadcrumbs\"><span class=\"aioseo-breadcrumb\">\n\t<a href=\"https:\/\/candas365.es\/noticias\" title=\"Home\">Home<\/a>\n<\/span><span class=\"aioseo-breadcrumb-separator\">&ndash;<\/span><span class=\"aioseo-breadcrumb\">\n\t<a href=\"https:\/\/candas365.es\/noticias\/category\/deporte\/\" title=\"Deporte\">Deporte<\/a>\n<\/span><span class=\"aioseo-breadcrumb-separator\">&ndash;<\/span><span class=\"aioseo-breadcrumb\">\n\tJugadores del Leipzig: \u00abEs la mejor temporada de los \u00faltimos a\u00f1os\u00bb\n<\/span><\/div>","aioseo_breadcrumb_json":[{"label":"Home","link":"https:\/\/candas365.es\/noticias"},{"label":"Deporte","link":"https:\/\/candas365.es\/noticias\/category\/deporte\/"},{"label":"Jugadores del Leipzig: \u00abEs la mejor temporada de los \u00faltimos a\u00f1os\u00bb","link":"https:\/\/candas365.es\/noticias\/jugadores-del-leipzig-es-la-mejor-temporada-de-los-ultimos-anos\/"}],"_links":{"self":[{"href":"https:\/\/candas365.es\/noticias\/wp-json\/wp\/v2\/posts\/135313","targetHints":{"allow":["GET"]}}],"collection":[{"href":"https:\/\/candas365.es\/noticias\/wp-json\/wp\/v2\/posts"}],"about":[{"href":"https:\/\/candas365.es\/noticias\/wp-json\/wp\/v2\/types\/post"}],"author":[{"embeddable":true,"href":"https:\/\/candas365.es\/noticias\/wp-json\/wp\/v2\/users\/1"}],"replies":[{"embeddable":true,"href":"https:\/\/candas365.es\/noticias\/wp-json\/wp\/v2\/comments?post=135313"}],"version-history":[{"count":0,"href":"https:\/\/candas365.es\/noticias\/wp-json\/wp\/v2\/posts\/135313\/revisions"}],"wp:featuredmedia":[{"embeddable":true,"href":"https:\/\/candas365.es\/noticias\/wp-json\/wp\/v2\/media\/135314"}],"wp:attachment":[{"href":"https:\/\/candas365.es\/noticias\/wp-json\/wp\/v2\/media?parent=135313"}],"wp:term":[{"taxonomy":"category","embeddable":true,"href":"https:\/\/candas365.es\/noticias\/wp-json\/wp\/v2\/categories?post=135313"},{"taxonomy":"post_tag","embeddable":true,"href":"https:\/\/candas365.es\/noticias\/wp-json\/wp\/v2\/tags?post=135313"}],"curies":[{"name":"wp","href":"https:\/\/api.w.org\/{rel}","templated":true}]}}