{"id":135295,"date":"2019-12-24T21:19:17","date_gmt":"2019-12-24T21:19:17","guid":{"rendered":"http:\/\/candas365.es\/noticias\/?p=135295"},"modified":"2019-12-24T21:19:17","modified_gmt":"2019-12-24T21:19:17","slug":"matthaus-opina-que-flick-es-la-mejor-transferencia-del-bayern","status":"publish","type":"post","link":"https:\/\/candas365.es\/noticias\/matthaus-opina-que-flick-es-la-mejor-transferencia-del-bayern\/","title":{"rendered":"Matth\u00e4us opina que Flick es la \u00abmejor transferencia del Bayern\u00bb"},"content":{"rendered":"<p><img fetchpriority=\"high\" decoding=\"async\" class=\"alignleft size-medium wp-image-94574\" src=\"https:\/\/candas365.es\/noticias\/wp-content\/uploads\/2018\/04\/arena-1181668_960_720-360x240.jpg\" alt=\"\" width=\"360\" height=\"240\" srcset=\"https:\/\/candas365.es\/noticias\/wp-content\/uploads\/2018\/04\/arena-1181668_960_720-360x240.jpg 360w, https:\/\/candas365.es\/noticias\/wp-content\/uploads\/2018\/04\/arena-1181668_960_720-768x512.jpg 768w, https:\/\/candas365.es\/noticias\/wp-content\/uploads\/2018\/04\/arena-1181668_960_720-655x437.jpg 655w, https:\/\/candas365.es\/noticias\/wp-content\/uploads\/2018\/04\/arena-1181668_960_720-696x464.jpg 696w, https:\/\/candas365.es\/noticias\/wp-content\/uploads\/2018\/04\/arena-1181668_960_720-630x420.jpg 630w, https:\/\/candas365.es\/noticias\/wp-content\/uploads\/2018\/04\/arena-1181668_960_720.jpg 960w\" sizes=\"(max-width: 360px) 100vw, 360px\" \/>M\u00fanich, 23 dic (dpa) &#8211; La leyenda del f\u00fatbol alem\u00e1n, Lothar Matth\u00e4us, se\u00f1al\u00f3, en una entrevista que publicar\u00e1n ma\u00f1ana los peri\u00f3dicos \u00abM\u00fcnchner Merkur\u00bb y \u00abtz\u00bb, que considera absolutamente sensato mantener a Hansi Flick como entrenador del Bayern M\u00fanich.<\/p>\n<p>\u00abYa lo dije antes de la temporada: el mejor traspaso que ha hecho (el Bayern) es el de Hansi Flick\u00bb, dijo el veterano profesional del Bayern.<\/p>\n<p>\u00abEst\u00e1 haciendo un buen trabajo y actualmente no hay alternativa\u00bb, dijo el t\u00e9cnico, de 58 a\u00f1os, como reacci\u00f3n a la decisi\u00f3n tomada por los directivos del club muniquense el domingo de \u00abal menos\u00bb permanecer con Flick como entrenador principal hasta el final de la temporada.<\/p>\n<p>\u00abLuego habr\u00e1 que saber: \u00bfSe quiere continuar con Hansi Flick, un nombre menos conocido que el de aquellos a quienes el Bayern ha estado acostumbrado en el pasado? Yo solo me guiar\u00eda por los aspectos deportivos y de estados de \u00e1nimo, y confiar\u00eda eso a Hansi para que siga haciendo lo mismo muchos a\u00f1os m\u00e1s\u00bb, opin\u00f3.<\/p>\n<p>\u00abSi los \u00e9xitos se mantienen hasta el verano (boreal), yo continuar\u00eda con \u00e9l\u00bb, asever\u00f3.<\/p>\n<p>En el campeonato alem\u00e1n, Matth\u00e4us cuenta con una lucha de cuatro equipos en la segunda mitad de la Bundesliga. \u00abMe prepar\u00e9 para una lucha de tres equipos antes de la temporada\u00bb, dijo el campe\u00f3n del mundo de 1990, con vistas al campe\u00f3n de oto\u00f1o, el Leipzig, y a los defensores del t\u00edtulo, el Bayern M\u00fanich y el Borussia Dortmund.<\/p>\n<p>\u00abPero ahora que el Gladbach ha abandonado la liga europea, creo en un enfrentamiento de cuatro equipos. Ahora (el Gladbach) es el \u00fanico equipo que puede concentrarse en una competici\u00f3n\u00bb, dijo el ex profesional del Gladbach.<\/p>\n<p>\u00abTen\u00eda a los otros tres en mi lista desde el principio, incluyendo al Leipzig. Despu\u00e9s de las transferencias del verano (boreal), muchos solo hablaban del Dortmund y del M\u00fanich, pero el Leipzig ha mejorado continuamente, a\u00f1o a a\u00f1o y, ahora con, Julian Nagelsmann (como entrenador) avanzaron m\u00e1s\u00bb, se\u00f1al\u00f3 Matth\u00e4us.<\/p>\n","protected":false},"excerpt":{"rendered":"<p>M\u00fanich, 23 dic (dpa) &#8211; La leyenda del f\u00fatbol alem\u00e1n, Lothar Matth\u00e4us, se\u00f1al\u00f3, en una entrevista que publicar\u00e1n ma\u00f1ana los peri\u00f3dicos \u00abM\u00fcnchner Merkur\u00bb y \u00abtz\u00bb, que considera absolutamente sensato mantener a Hansi Flick como entrenador del Bayern M\u00fanich. \u00abYa lo dije antes de la temporada: el mejor traspaso que ha hecho (el Bayern) es el<\/p>\n","protected":false},"author":1,"featured_media":94574,"comment_status":"closed","ping_status":"closed","sticky":false,"template":"","format":"standard","meta":{"footnotes":""},"categories":[319],"tags":[],"class_list":{"0":"post-135295","1":"post","2":"type-post","3":"status-publish","4":"format-standard","5":"has-post-thumbnail","7":"category-deporte"},"aioseo_notices":[],"aioseo_head":"\n\t\t<!-- All in One SEO Pro 4.9.6.2 - aioseo.com -->\n\t<meta name=\"description\" content=\"M\u00fanich, 23 dic (dpa) - La leyenda del f\u00fatbol alem\u00e1n, Lothar Matth\u00e4us, se\u00f1al\u00f3, en una entrevista que publicar\u00e1n ma\u00f1ana los peri\u00f3dicos &quot;M\u00fcnchner Merkur&quot; y &quot;tz&quot;, que considera absolutamente sensato mantener a Hansi Flick como entrenador del Bayern M\u00fanich. &quot;Ya lo dije antes de la temporada: el mejor traspaso que ha hecho (el Bayern) es el\" \/>\n\t<meta name=\"robots\" content=\"max-image-preview:large\" \/>\n\t<meta name=\"author\" content=\"Cand\u00e1s 365\"\/>\n\t<meta name=\"google-site-verification\" content=\"UA-32230408-1\" \/>\n\t<meta name=\"msvalidate.01\" content=\"354F3CDFB2DA171B47FBE9ABF1F88D5\" \/>\n\t<meta name=\"keywords\" content=\"deporte\" \/>\n\t<link rel=\"canonical\" href=\"https:\/\/candas365.es\/noticias\/matthaus-opina-que-flick-es-la-mejor-transferencia-del-bayern\/\" \/>\n\t<meta name=\"generator\" content=\"All in One SEO Pro (AIOSEO) 4.9.6.2\" \/>\n\t\t<meta property=\"og:locale\" content=\"es_ES\" \/>\n\t\t<meta property=\"og:site_name\" content=\"Cand\u00e1s 365\" \/>\n\t\t<meta property=\"og:type\" content=\"article\" \/>\n\t\t<meta property=\"og:title\" content=\"Matth\u00e4us opina que Flick es la \u00abmejor transferencia del Bayern\u00bb | Cand\u00e1s 365\" \/>\n\t\t<meta property=\"og:description\" content=\"M\u00fanich, 23 dic (dpa) - La leyenda del f\u00fatbol alem\u00e1n, Lothar Matth\u00e4us, se\u00f1al\u00f3, en una entrevista que publicar\u00e1n ma\u00f1ana los peri\u00f3dicos &quot;M\u00fcnchner Merkur&quot; y &quot;tz&quot;, que considera absolutamente sensato mantener a Hansi Flick como entrenador del Bayern M\u00fanich. &quot;Ya lo dije antes de la temporada: el mejor traspaso que ha hecho (el Bayern) es el\" \/>\n\t\t<meta property=\"og:url\" content=\"https:\/\/candas365.es\/noticias\/matthaus-opina-que-flick-es-la-mejor-transferencia-del-bayern\/\" \/>\n\t\t<meta property=\"og:image\" content=\"https:\/\/candas365.es\/noticias\/wp-content\/uploads\/2018\/04\/arena-1181668_960_720.jpg\" \/>\n\t\t<meta property=\"og:image:secure_url\" content=\"https:\/\/candas365.es\/noticias\/wp-content\/uploads\/2018\/04\/arena-1181668_960_720.jpg\" \/>\n\t\t<meta property=\"og:image:width\" content=\"960\" \/>\n\t\t<meta property=\"og:image:height\" content=\"640\" \/>\n\t\t<meta property=\"article:published_time\" content=\"2019-12-24T21:19:17+00:00\" \/>\n\t\t<meta property=\"article:modified_time\" content=\"2019-12-24T21:19:17+00:00\" \/>\n\t\t<meta property=\"article:publisher\" content=\"https:\/\/www.facebook.com\/Nachofdezber\" \/>\n\t\t<meta property=\"article:author\" content=\"https:\/\/www.facebook.com\/carrenoactualidad\" \/>\n\t\t<meta name=\"twitter:card\" content=\"summary_large_image\" \/>\n\t\t<meta name=\"twitter:site\" content=\"@NabercoDigital\" \/>\n\t\t<meta name=\"twitter:title\" content=\"Matth\u00e4us opina que Flick es la \u00abmejor transferencia del Bayern\u00bb | Cand\u00e1s 365\" \/>\n\t\t<meta name=\"twitter:description\" content=\"M\u00fanich, 23 dic (dpa) - La leyenda del f\u00fatbol alem\u00e1n, Lothar Matth\u00e4us, se\u00f1al\u00f3, en una entrevista que publicar\u00e1n ma\u00f1ana los peri\u00f3dicos &quot;M\u00fcnchner Merkur&quot; y &quot;tz&quot;, que considera absolutamente sensato mantener a Hansi Flick como entrenador del Bayern M\u00fanich. &quot;Ya lo dije antes de la temporada: el mejor traspaso que ha hecho (el Bayern) es el\" \/>\n\t\t<meta name=\"twitter:creator\" content=\"@nbasturias\" \/>\n\t\t<meta name=\"twitter:image\" content=\"https:\/\/candas365.es\/noticias\/wp-content\/uploads\/2018\/04\/arena-1181668_960_720.jpg\" \/>\n\t\t<meta name=\"twitter:label1\" content=\"Escrito por\" \/>\n\t\t<meta name=\"twitter:data1\" content=\"Cand\u00e1s 365\" \/>\n\t\t<meta name=\"twitter:label2\" content=\"Tiempo de lectura estimado\" \/>\n\t\t<meta name=\"twitter:data2\" content=\"2 minutos\" \/>\n\t\t<script type=\"application\/ld+json\" class=\"aioseo-schema\">\n\t\t\t{\"@context\":\"https:\\\/\\\/schema.org\",\"@graph\":[{\"@type\":\"BreadcrumbList\",\"@id\":\"https:\\\/\\\/candas365.es\\\/noticias\\\/matthaus-opina-que-flick-es-la-mejor-transferencia-del-bayern\\\/#breadcrumblist\",\"itemListElement\":[{\"@type\":\"ListItem\",\"@id\":\"https:\\\/\\\/candas365.es\\\/noticias#listItem\",\"position\":1,\"name\":\"Home\",\"item\":\"https:\\\/\\\/candas365.es\\\/noticias\",\"nextItem\":{\"@type\":\"ListItem\",\"@id\":\"https:\\\/\\\/candas365.es\\\/noticias\\\/category\\\/deporte\\\/#listItem\",\"name\":\"Deporte\"}},{\"@type\":\"ListItem\",\"@id\":\"https:\\\/\\\/candas365.es\\\/noticias\\\/category\\\/deporte\\\/#listItem\",\"position\":2,\"name\":\"Deporte\",\"item\":\"https:\\\/\\\/candas365.es\\\/noticias\\\/category\\\/deporte\\\/\",\"nextItem\":{\"@type\":\"ListItem\",\"@id\":\"https:\\\/\\\/candas365.es\\\/noticias\\\/matthaus-opina-que-flick-es-la-mejor-transferencia-del-bayern\\\/#listItem\",\"name\":\"Matth\\u00e4us opina que Flick es la \\u00abmejor transferencia del Bayern\\u00bb\"},\"previousItem\":{\"@type\":\"ListItem\",\"@id\":\"https:\\\/\\\/candas365.es\\\/noticias#listItem\",\"name\":\"Home\"}},{\"@type\":\"ListItem\",\"@id\":\"https:\\\/\\\/candas365.es\\\/noticias\\\/matthaus-opina-que-flick-es-la-mejor-transferencia-del-bayern\\\/#listItem\",\"position\":3,\"name\":\"Matth\\u00e4us opina que Flick es la \\u00abmejor transferencia del Bayern\\u00bb\",\"previousItem\":{\"@type\":\"ListItem\",\"@id\":\"https:\\\/\\\/candas365.es\\\/noticias\\\/category\\\/deporte\\\/#listItem\",\"name\":\"Deporte\"}}]},{\"@type\":\"NewsArticle\",\"@id\":\"https:\\\/\\\/candas365.es\\\/noticias\\\/matthaus-opina-que-flick-es-la-mejor-transferencia-del-bayern\\\/#newsarticle\",\"name\":\"Matth\\u00e4us opina que Flick es la \\u00abmejor transferencia del Bayern\\u00bb | Cand\\u00e1s 365\",\"headline\":\"Matth\\u00e4us opina que Flick es la \\u00abmejor transferencia del Bayern\\u00bb\",\"author\":{\"@id\":\"https:\\\/\\\/candas365.es\\\/noticias\\\/author\\\/admin\\\/#author\"},\"publisher\":{\"@id\":\"https:\\\/\\\/candas365.es\\\/noticias\\\/#organization\"},\"image\":{\"@type\":\"ImageObject\",\"url\":\"https:\\\/\\\/candas365.es\\\/noticias\\\/wp-content\\\/uploads\\\/2018\\\/04\\\/arena-1181668_960_720.jpg\",\"width\":960,\"height\":640},\"datePublished\":\"2019-12-24T21:19:17+01:00\",\"dateModified\":\"2019-12-24T21:19:17+01:00\",\"inLanguage\":\"es-ES\",\"mainEntityOfPage\":{\"@id\":\"https:\\\/\\\/candas365.es\\\/noticias\\\/matthaus-opina-que-flick-es-la-mejor-transferencia-del-bayern\\\/#webpage\"},\"isPartOf\":{\"@id\":\"https:\\\/\\\/candas365.es\\\/noticias\\\/matthaus-opina-que-flick-es-la-mejor-transferencia-del-bayern\\\/#webpage\"},\"articleSection\":\"Deporte\",\"dateline\":\"Publicado el diciembre 24, 2019.\"},{\"@type\":\"Organization\",\"@id\":\"https:\\\/\\\/candas365.es\\\/noticias\\\/#organization\",\"name\":\"Cand\\u00e1s 365\",\"description\":\"Cand\\u00e1s 365 es un diario digital independiente, fundado en 2012, con base en Asturias. Informamos con rigor sobre actualidad, sociedad, cultura y ocio, con una mirada local y global.\",\"url\":\"https:\\\/\\\/candas365.es\\\/noticias\\\/\",\"email\":\"info@candas365.es\",\"telephone\":\"+34652131393\",\"foundingDate\":\"2012-06-10\",\"logo\":{\"@type\":\"ImageObject\",\"url\":\"https:\\\/\\\/candas365.es\\\/noticias\\\/wp-content\\\/uploads\\\/2024\\\/09\\\/Candas-365-Redes.jpg\",\"@id\":\"https:\\\/\\\/candas365.es\\\/noticias\\\/matthaus-opina-que-flick-es-la-mejor-transferencia-del-bayern\\\/#organizationLogo\",\"width\":1152,\"height\":864,\"caption\":\"Cand\\u00e1s 365 Redes\"},\"image\":{\"@id\":\"https:\\\/\\\/candas365.es\\\/noticias\\\/matthaus-opina-que-flick-es-la-mejor-transferencia-del-bayern\\\/#organizationLogo\"},\"sameAs\":[\"https:\\\/\\\/www.facebook.com\\\/Nachofdezber\",\"https:\\\/\\\/x.com\\\/NabercoDigital\",\"https:\\\/\\\/www.instagram.com\\\/nachofdezber\\\/\",\"https:\\\/\\\/www.youtube.com\\\/channel\\\/UCZP-2wLEB9Rv6erhFmqVnvg\"],\"address\":{\"@id\":\"https:\\\/\\\/candas365.es\\\/noticias\\\/#postaladdress\",\"@type\":\"PostalAddress\",\"streetAddress\":\"san antonio 4, san antonio 4\",\"postalCode\":\"33430\",\"addressLocality\":\"Cand\\u00e1s\",\"addressRegion\":\"Asturias\",\"addressCountry\":\"ES\"}},{\"@type\":\"Person\",\"@id\":\"https:\\\/\\\/candas365.es\\\/noticias\\\/author\\\/admin\\\/#author\",\"url\":\"https:\\\/\\\/candas365.es\\\/noticias\\\/author\\\/admin\\\/\",\"name\":\"Cand\\u00e1s 365\",\"image\":{\"@type\":\"ImageObject\",\"@id\":\"https:\\\/\\\/candas365.es\\\/noticias\\\/matthaus-opina-que-flick-es-la-mejor-transferencia-del-bayern\\\/#authorImage\",\"url\":\"https:\\\/\\\/secure.gravatar.com\\\/avatar\\\/496a8e03d0c493ede1718b7934145dbdf8d89be1036b0eec9544e1094c9de390?s=96&d=mm&r=g\",\"width\":96,\"height\":96,\"caption\":\"Cand\\u00e1s 365\"},\"sameAs\":[\"https:\\\/\\\/www.facebook.com\\\/carrenoactualidad\",\"https:\\\/\\\/twitter.com\\\/nbasturias\",\"https:\\\/\\\/www.instagram.com\\\/nachofdezber\\\/\",\"https:\\\/\\\/www.youtube.com\\\/channel\\\/UCZP-2wLEB9Rv6erhFmqVnvg\"]},{\"@type\":\"WebPage\",\"@id\":\"https:\\\/\\\/candas365.es\\\/noticias\\\/matthaus-opina-que-flick-es-la-mejor-transferencia-del-bayern\\\/#webpage\",\"url\":\"https:\\\/\\\/candas365.es\\\/noticias\\\/matthaus-opina-que-flick-es-la-mejor-transferencia-del-bayern\\\/\",\"name\":\"Matth\\u00e4us opina que Flick es la \\u00abmejor transferencia del Bayern\\u00bb | Cand\\u00e1s 365\",\"description\":\"M\\u00fanich, 23 dic (dpa) - La leyenda del f\\u00fatbol alem\\u00e1n, Lothar Matth\\u00e4us, se\\u00f1al\\u00f3, en una entrevista que publicar\\u00e1n ma\\u00f1ana los peri\\u00f3dicos \\\"M\\u00fcnchner Merkur\\\" y \\\"tz\\\", que considera absolutamente sensato mantener a Hansi Flick como entrenador del Bayern M\\u00fanich. \\\"Ya lo dije antes de la temporada: el mejor traspaso que ha hecho (el Bayern) es el\",\"inLanguage\":\"es-ES\",\"isPartOf\":{\"@id\":\"https:\\\/\\\/candas365.es\\\/noticias\\\/#website\"},\"breadcrumb\":{\"@id\":\"https:\\\/\\\/candas365.es\\\/noticias\\\/matthaus-opina-que-flick-es-la-mejor-transferencia-del-bayern\\\/#breadcrumblist\"},\"author\":{\"@id\":\"https:\\\/\\\/candas365.es\\\/noticias\\\/author\\\/admin\\\/#author\"},\"creator\":{\"@id\":\"https:\\\/\\\/candas365.es\\\/noticias\\\/author\\\/admin\\\/#author\"},\"image\":{\"@type\":\"ImageObject\",\"url\":\"https:\\\/\\\/candas365.es\\\/noticias\\\/wp-content\\\/uploads\\\/2018\\\/04\\\/arena-1181668_960_720.jpg\",\"@id\":\"https:\\\/\\\/candas365.es\\\/noticias\\\/matthaus-opina-que-flick-es-la-mejor-transferencia-del-bayern\\\/#mainImage\",\"width\":960,\"height\":640},\"primaryImageOfPage\":{\"@id\":\"https:\\\/\\\/candas365.es\\\/noticias\\\/matthaus-opina-que-flick-es-la-mejor-transferencia-del-bayern\\\/#mainImage\"},\"datePublished\":\"2019-12-24T21:19:17+01:00\",\"dateModified\":\"2019-12-24T21:19:17+01:00\"},{\"@type\":\"WebSite\",\"@id\":\"https:\\\/\\\/candas365.es\\\/noticias\\\/#website\",\"url\":\"https:\\\/\\\/candas365.es\\\/noticias\\\/\",\"name\":\"Cand\\u00e1s 365\",\"alternateName\":\"Cand\\u00e1s 365 Noticias\",\"description\":\"Actualidad desde Carre\\u00f1o para el mundo\",\"inLanguage\":\"es-ES\",\"publisher\":{\"@id\":\"https:\\\/\\\/candas365.es\\\/noticias\\\/#organization\"}}]}\n\t\t<\/script>\n\t\t<!-- All in One SEO Pro -->\r\n\t\t<title>Matth\u00e4us opina que Flick es la \u00abmejor transferencia del Bayern\u00bb | Cand\u00e1s 365<\/title>\n\n","aioseo_head_json":{"title":"Matth\u00e4us opina que Flick es la \u00abmejor transferencia del Bayern\u00bb | Cand\u00e1s 365","description":"M\u00fanich, 23 dic (dpa) - La leyenda del f\u00fatbol alem\u00e1n, Lothar Matth\u00e4us, se\u00f1al\u00f3, en una entrevista que publicar\u00e1n ma\u00f1ana los peri\u00f3dicos \"M\u00fcnchner Merkur\" y \"tz\", que considera absolutamente sensato mantener a Hansi Flick como entrenador del Bayern M\u00fanich. \"Ya lo dije antes de la temporada: el mejor traspaso que ha hecho (el Bayern) es el","canonical_url":"https:\/\/candas365.es\/noticias\/matthaus-opina-que-flick-es-la-mejor-transferencia-del-bayern\/","robots":"max-image-preview:large","keywords":"deporte","webmasterTools":{"google-site-verification":"UA-32230408-1","msvalidate.01":"354F3CDFB2DA171B47FBE9ABF1F88D5","miscellaneous":""},"schema":{"@context":"https:\/\/schema.org","@graph":[{"@type":"BreadcrumbList","@id":"https:\/\/candas365.es\/noticias\/matthaus-opina-que-flick-es-la-mejor-transferencia-del-bayern\/#breadcrumblist","itemListElement":[{"@type":"ListItem","@id":"https:\/\/candas365.es\/noticias#listItem","position":1,"name":"Home","item":"https:\/\/candas365.es\/noticias","nextItem":{"@type":"ListItem","@id":"https:\/\/candas365.es\/noticias\/category\/deporte\/#listItem","name":"Deporte"}},{"@type":"ListItem","@id":"https:\/\/candas365.es\/noticias\/category\/deporte\/#listItem","position":2,"name":"Deporte","item":"https:\/\/candas365.es\/noticias\/category\/deporte\/","nextItem":{"@type":"ListItem","@id":"https:\/\/candas365.es\/noticias\/matthaus-opina-que-flick-es-la-mejor-transferencia-del-bayern\/#listItem","name":"Matth\u00e4us opina que Flick es la \u00abmejor transferencia del Bayern\u00bb"},"previousItem":{"@type":"ListItem","@id":"https:\/\/candas365.es\/noticias#listItem","name":"Home"}},{"@type":"ListItem","@id":"https:\/\/candas365.es\/noticias\/matthaus-opina-que-flick-es-la-mejor-transferencia-del-bayern\/#listItem","position":3,"name":"Matth\u00e4us opina que Flick es la \u00abmejor transferencia del Bayern\u00bb","previousItem":{"@type":"ListItem","@id":"https:\/\/candas365.es\/noticias\/category\/deporte\/#listItem","name":"Deporte"}}]},{"@type":"NewsArticle","@id":"https:\/\/candas365.es\/noticias\/matthaus-opina-que-flick-es-la-mejor-transferencia-del-bayern\/#newsarticle","name":"Matth\u00e4us opina que Flick es la \u00abmejor transferencia del Bayern\u00bb | Cand\u00e1s 365","headline":"Matth\u00e4us opina que Flick es la \u00abmejor transferencia del Bayern\u00bb","author":{"@id":"https:\/\/candas365.es\/noticias\/author\/admin\/#author"},"publisher":{"@id":"https:\/\/candas365.es\/noticias\/#organization"},"image":{"@type":"ImageObject","url":"https:\/\/candas365.es\/noticias\/wp-content\/uploads\/2018\/04\/arena-1181668_960_720.jpg","width":960,"height":640},"datePublished":"2019-12-24T21:19:17+01:00","dateModified":"2019-12-24T21:19:17+01:00","inLanguage":"es-ES","mainEntityOfPage":{"@id":"https:\/\/candas365.es\/noticias\/matthaus-opina-que-flick-es-la-mejor-transferencia-del-bayern\/#webpage"},"isPartOf":{"@id":"https:\/\/candas365.es\/noticias\/matthaus-opina-que-flick-es-la-mejor-transferencia-del-bayern\/#webpage"},"articleSection":"Deporte","dateline":"Publicado el diciembre 24, 2019."},{"@type":"Organization","@id":"https:\/\/candas365.es\/noticias\/#organization","name":"Cand\u00e1s 365","description":"Cand\u00e1s 365 es un diario digital independiente, fundado en 2012, con base en Asturias. Informamos con rigor sobre actualidad, sociedad, cultura y ocio, con una mirada local y global.","url":"https:\/\/candas365.es\/noticias\/","email":"info@candas365.es","telephone":"+34652131393","foundingDate":"2012-06-10","logo":{"@type":"ImageObject","url":"https:\/\/candas365.es\/noticias\/wp-content\/uploads\/2024\/09\/Candas-365-Redes.jpg","@id":"https:\/\/candas365.es\/noticias\/matthaus-opina-que-flick-es-la-mejor-transferencia-del-bayern\/#organizationLogo","width":1152,"height":864,"caption":"Cand\u00e1s 365 Redes"},"image":{"@id":"https:\/\/candas365.es\/noticias\/matthaus-opina-que-flick-es-la-mejor-transferencia-del-bayern\/#organizationLogo"},"sameAs":["https:\/\/www.facebook.com\/Nachofdezber","https:\/\/x.com\/NabercoDigital","https:\/\/www.instagram.com\/nachofdezber\/","https:\/\/www.youtube.com\/channel\/UCZP-2wLEB9Rv6erhFmqVnvg"],"address":{"@id":"https:\/\/candas365.es\/noticias\/#postaladdress","@type":"PostalAddress","streetAddress":"san antonio 4, san antonio 4","postalCode":"33430","addressLocality":"Cand\u00e1s","addressRegion":"Asturias","addressCountry":"ES"}},{"@type":"Person","@id":"https:\/\/candas365.es\/noticias\/author\/admin\/#author","url":"https:\/\/candas365.es\/noticias\/author\/admin\/","name":"Cand\u00e1s 365","image":{"@type":"ImageObject","@id":"https:\/\/candas365.es\/noticias\/matthaus-opina-que-flick-es-la-mejor-transferencia-del-bayern\/#authorImage","url":"https:\/\/secure.gravatar.com\/avatar\/496a8e03d0c493ede1718b7934145dbdf8d89be1036b0eec9544e1094c9de390?s=96&d=mm&r=g","width":96,"height":96,"caption":"Cand\u00e1s 365"},"sameAs":["https:\/\/www.facebook.com\/carrenoactualidad","https:\/\/twitter.com\/nbasturias","https:\/\/www.instagram.com\/nachofdezber\/","https:\/\/www.youtube.com\/channel\/UCZP-2wLEB9Rv6erhFmqVnvg"]},{"@type":"WebPage","@id":"https:\/\/candas365.es\/noticias\/matthaus-opina-que-flick-es-la-mejor-transferencia-del-bayern\/#webpage","url":"https:\/\/candas365.es\/noticias\/matthaus-opina-que-flick-es-la-mejor-transferencia-del-bayern\/","name":"Matth\u00e4us opina que Flick es la \u00abmejor transferencia del Bayern\u00bb | Cand\u00e1s 365","description":"M\u00fanich, 23 dic (dpa) - La leyenda del f\u00fatbol alem\u00e1n, Lothar Matth\u00e4us, se\u00f1al\u00f3, en una entrevista que publicar\u00e1n ma\u00f1ana los peri\u00f3dicos \"M\u00fcnchner Merkur\" y \"tz\", que considera absolutamente sensato mantener a Hansi Flick como entrenador del Bayern M\u00fanich. \"Ya lo dije antes de la temporada: el mejor traspaso que ha hecho (el Bayern) es el","inLanguage":"es-ES","isPartOf":{"@id":"https:\/\/candas365.es\/noticias\/#website"},"breadcrumb":{"@id":"https:\/\/candas365.es\/noticias\/matthaus-opina-que-flick-es-la-mejor-transferencia-del-bayern\/#breadcrumblist"},"author":{"@id":"https:\/\/candas365.es\/noticias\/author\/admin\/#author"},"creator":{"@id":"https:\/\/candas365.es\/noticias\/author\/admin\/#author"},"image":{"@type":"ImageObject","url":"https:\/\/candas365.es\/noticias\/wp-content\/uploads\/2018\/04\/arena-1181668_960_720.jpg","@id":"https:\/\/candas365.es\/noticias\/matthaus-opina-que-flick-es-la-mejor-transferencia-del-bayern\/#mainImage","width":960,"height":640},"primaryImageOfPage":{"@id":"https:\/\/candas365.es\/noticias\/matthaus-opina-que-flick-es-la-mejor-transferencia-del-bayern\/#mainImage"},"datePublished":"2019-12-24T21:19:17+01:00","dateModified":"2019-12-24T21:19:17+01:00"},{"@type":"WebSite","@id":"https:\/\/candas365.es\/noticias\/#website","url":"https:\/\/candas365.es\/noticias\/","name":"Cand\u00e1s 365","alternateName":"Cand\u00e1s 365 Noticias","description":"Actualidad desde Carre\u00f1o para el mundo","inLanguage":"es-ES","publisher":{"@id":"https:\/\/candas365.es\/noticias\/#organization"}}]},"og:locale":"es_ES","og:site_name":"Cand\u00e1s 365","og:type":"article","og:title":"Matth\u00e4us opina que Flick es la \u00abmejor transferencia del Bayern\u00bb | Cand\u00e1s 365","og:description":"M\u00fanich, 23 dic (dpa) - La leyenda del f\u00fatbol alem\u00e1n, Lothar Matth\u00e4us, se\u00f1al\u00f3, en una entrevista que publicar\u00e1n ma\u00f1ana los peri\u00f3dicos &quot;M\u00fcnchner Merkur&quot; y &quot;tz&quot;, que considera absolutamente sensato mantener a Hansi Flick como entrenador del Bayern M\u00fanich. &quot;Ya lo dije antes de la temporada: el mejor traspaso que ha hecho (el Bayern) es el","og:url":"https:\/\/candas365.es\/noticias\/matthaus-opina-que-flick-es-la-mejor-transferencia-del-bayern\/","og:image":"https:\/\/candas365.es\/noticias\/wp-content\/uploads\/2018\/04\/arena-1181668_960_720.jpg","og:image:secure_url":"https:\/\/candas365.es\/noticias\/wp-content\/uploads\/2018\/04\/arena-1181668_960_720.jpg","og:image:width":960,"og:image:height":640,"article:published_time":"2019-12-24T21:19:17+00:00","article:modified_time":"2019-12-24T21:19:17+00:00","article:publisher":"https:\/\/www.facebook.com\/Nachofdezber","article:author":"https:\/\/www.facebook.com\/carrenoactualidad","twitter:card":"summary_large_image","twitter:site":"@NabercoDigital","twitter:title":"Matth\u00e4us opina que Flick es la \u00abmejor transferencia del Bayern\u00bb | Cand\u00e1s 365","twitter:description":"M\u00fanich, 23 dic (dpa) - La leyenda del f\u00fatbol alem\u00e1n, Lothar Matth\u00e4us, se\u00f1al\u00f3, en una entrevista que publicar\u00e1n ma\u00f1ana los peri\u00f3dicos &quot;M\u00fcnchner Merkur&quot; y &quot;tz&quot;, que considera absolutamente sensato mantener a Hansi Flick como entrenador del Bayern M\u00fanich. &quot;Ya lo dije antes de la temporada: el mejor traspaso que ha hecho (el Bayern) es el","twitter:creator":"@nbasturias","twitter:image":"https:\/\/candas365.es\/noticias\/wp-content\/uploads\/2018\/04\/arena-1181668_960_720.jpg","twitter:label1":"Escrito por","twitter:data1":"Cand\u00e1s 365","twitter:label2":"Tiempo de lectura estimado","twitter:data2":"2 minutos"},"aioseo_meta_data":{"post_id":"135295","title":null,"description":null,"keywords":null,"keyphrases":null,"primary_term":null,"canonical_url":null,"og_title":null,"og_description":null,"og_object_type":"default","og_image_type":"default","og_image_url":null,"og_image_width":null,"og_image_height":null,"og_image_custom_url":null,"og_image_custom_fields":null,"og_video":null,"og_custom_url":null,"og_article_section":null,"og_article_tags":null,"twitter_use_og":false,"twitter_card":"default","twitter_image_type":"default","twitter_image_url":null,"twitter_image_custom_url":null,"twitter_image_custom_fields":null,"twitter_title":null,"twitter_description":null,"schema":{"blockGraphs":[],"customGraphs":[],"default":{"data":{"Article":[],"Course":[],"Dataset":[],"FAQPage":[],"Movie":[],"Person":[],"Product":[],"ProductReview":[],"Car":[],"Recipe":[],"Service":[],"SoftwareApplication":[],"WebPage":[]},"graphName":"","isEnabled":true},"graphs":[]},"schema_type":null,"schema_type_options":null,"pillar_content":false,"robots_default":true,"robots_noindex":false,"robots_noarchive":false,"robots_nosnippet":false,"robots_nofollow":false,"robots_noimageindex":false,"robots_noodp":false,"robots_notranslate":false,"robots_max_snippet":null,"robots_max_videopreview":null,"robots_max_imagepreview":"large","priority":null,"frequency":null,"location":null,"local_seo":null,"seo_analyzer_scan_date":"2025-08-30 20:15:22","breadcrumb_settings":null,"limit_modified_date":false,"reviewed_by":null,"open_ai":null,"ai":null,"created":"2020-12-21 10:48:51","updated":"2025-08-30 20:15:22"},"aioseo_breadcrumb":"<div class=\"aioseo-breadcrumbs\"><span class=\"aioseo-breadcrumb\">\n\t<a href=\"https:\/\/candas365.es\/noticias\" title=\"Home\">Home<\/a>\n<\/span><span class=\"aioseo-breadcrumb-separator\">&ndash;<\/span><span class=\"aioseo-breadcrumb\">\n\t<a href=\"https:\/\/candas365.es\/noticias\/category\/deporte\/\" title=\"Deporte\">Deporte<\/a>\n<\/span><span class=\"aioseo-breadcrumb-separator\">&ndash;<\/span><span class=\"aioseo-breadcrumb\">\n\tMatth\u00e4us opina que Flick es la \u00abmejor transferencia del Bayern\u00bb\n<\/span><\/div>","aioseo_breadcrumb_json":[{"label":"Home","link":"https:\/\/candas365.es\/noticias"},{"label":"Deporte","link":"https:\/\/candas365.es\/noticias\/category\/deporte\/"},{"label":"Matth\u00e4us opina que Flick es la \u00abmejor transferencia del Bayern\u00bb","link":"https:\/\/candas365.es\/noticias\/matthaus-opina-que-flick-es-la-mejor-transferencia-del-bayern\/"}],"_links":{"self":[{"href":"https:\/\/candas365.es\/noticias\/wp-json\/wp\/v2\/posts\/135295","targetHints":{"allow":["GET"]}}],"collection":[{"href":"https:\/\/candas365.es\/noticias\/wp-json\/wp\/v2\/posts"}],"about":[{"href":"https:\/\/candas365.es\/noticias\/wp-json\/wp\/v2\/types\/post"}],"author":[{"embeddable":true,"href":"https:\/\/candas365.es\/noticias\/wp-json\/wp\/v2\/users\/1"}],"replies":[{"embeddable":true,"href":"https:\/\/candas365.es\/noticias\/wp-json\/wp\/v2\/comments?post=135295"}],"version-history":[{"count":0,"href":"https:\/\/candas365.es\/noticias\/wp-json\/wp\/v2\/posts\/135295\/revisions"}],"wp:featuredmedia":[{"embeddable":true,"href":"https:\/\/candas365.es\/noticias\/wp-json\/wp\/v2\/media\/94574"}],"wp:attachment":[{"href":"https:\/\/candas365.es\/noticias\/wp-json\/wp\/v2\/media?parent=135295"}],"wp:term":[{"taxonomy":"category","embeddable":true,"href":"https:\/\/candas365.es\/noticias\/wp-json\/wp\/v2\/categories?post=135295"},{"taxonomy":"post_tag","embeddable":true,"href":"https:\/\/candas365.es\/noticias\/wp-json\/wp\/v2\/tags?post=135295"}],"curies":[{"name":"wp","href":"https:\/\/api.w.org\/{rel}","templated":true}]}}