{"id":135259,"date":"2019-12-24T20:53:43","date_gmt":"2019-12-24T20:53:43","guid":{"rendered":"http:\/\/candas365.es\/noticias\/?p=135259"},"modified":"2019-12-24T20:53:43","modified_gmt":"2019-12-24T20:53:43","slug":"asociacion-de-futbol-de-berlin-forma-a-refugiados-como-arbitros","status":"publish","type":"post","link":"https:\/\/candas365.es\/noticias\/asociacion-de-futbol-de-berlin-forma-a-refugiados-como-arbitros\/","title":{"rendered":"Asociaci\u00f3n de F\u00fatbol de Berl\u00edn forma a refugiados como \u00e1rbitros"},"content":{"rendered":"<p><img fetchpriority=\"high\" decoding=\"async\" class=\"alignleft size-medium wp-image-98026\" src=\"https:\/\/candas365.es\/noticias\/wp-content\/uploads\/2018\/06\/football-1406106_960_720-1-360x241.jpg\" alt=\"\" width=\"360\" height=\"241\" srcset=\"https:\/\/candas365.es\/noticias\/wp-content\/uploads\/2018\/06\/football-1406106_960_720-1-360x241.jpg 360w, https:\/\/candas365.es\/noticias\/wp-content\/uploads\/2018\/06\/football-1406106_960_720-1-768x514.jpg 768w, https:\/\/candas365.es\/noticias\/wp-content\/uploads\/2018\/06\/football-1406106_960_720-1-655x439.jpg 655w, https:\/\/candas365.es\/noticias\/wp-content\/uploads\/2018\/06\/football-1406106_960_720-1-696x466.jpg 696w, https:\/\/candas365.es\/noticias\/wp-content\/uploads\/2018\/06\/football-1406106_960_720-1-627x420.jpg 627w, https:\/\/candas365.es\/noticias\/wp-content\/uploads\/2018\/06\/football-1406106_960_720-1.jpg 960w\" sizes=\"(max-width: 360px) 100vw, 360px\" \/>Berl\u00edn, 23 dic (dpa) \u2013 La Asociaci\u00f3n de F\u00fatbol de Berl\u00edn (BFV) est\u00e1 a favor de continuar impartiendo a los refugiados cursos de formaci\u00f3n como \u00e1rbitros de f\u00fatbol.<\/p>\n<p>\u00abMientras haya demanda, ofreceremos cursos de arbitraje\u00bb, dijo Karlos al Khatib, quien como jefe del proyecto \u00abF\u00fatbol sin fronteras\u00bb de la BFV dise\u00f1\u00f3 el curso.<\/p>\n<p>Desde principios de diciembre, 14 refugiados est\u00e1n siendo entrenados como r\u00e9feris en la Casa del F\u00fatbol. El curso se imparte en total en once tardes hasta finales de enero, y es ya el segundo organizado por la BFV.<\/p>\n<p>Los resultados de la primera vuelta, que fue completada con \u00e9xito a principios de 2019 por los 13 integrantes, hacen patente que hay demanda para hacer esta formaci\u00f3n.<\/p>\n<p>\u00abDiez de ellos est\u00e1n activos como \u00e1rbitros, otros dos est\u00e1n involucrados en proyectos sociales como r\u00e9feris\u00bb, declar\u00f3 al Khatib.<\/p>\n<p>\u00abEl f\u00fatbol es el mejor curso de alem\u00e1n\u00bb, coment\u00f3 Murtaza, uno de los participantes. Para asegurar que los refugiados no se pierdan el contenido de la materia, la asociaci\u00f3n cuenta con dos int\u00e9rpretes, uno para el \u00e1rabe y otro para el dari, una variante de la lengua persa hablada en Afganist\u00e1n.<\/p>\n<p>Pero el director del proyecto al Khatib pronto podr\u00e1 prescindir de los dos int\u00e9rpretes: \u00abEn realidad, no los necesitamos, sobre todo los afganos hablan bien el alem\u00e1n\u00bb.<\/p>\n","protected":false},"excerpt":{"rendered":"<p>Berl\u00edn, 23 dic (dpa) \u2013 La Asociaci\u00f3n de F\u00fatbol de Berl\u00edn (BFV) est\u00e1 a favor de continuar impartiendo a los refugiados cursos de formaci\u00f3n como \u00e1rbitros de f\u00fatbol. \u00abMientras haya demanda, ofreceremos cursos de arbitraje\u00bb, dijo Karlos al Khatib, quien como jefe del proyecto \u00abF\u00fatbol sin fronteras\u00bb de la BFV dise\u00f1\u00f3 el curso. Desde principios<\/p>\n","protected":false},"author":1,"featured_media":98026,"comment_status":"closed","ping_status":"closed","sticky":false,"template":"","format":"standard","meta":{"footnotes":""},"categories":[319],"tags":[],"class_list":{"0":"post-135259","1":"post","2":"type-post","3":"status-publish","4":"format-standard","5":"has-post-thumbnail","7":"category-deporte"},"aioseo_notices":[],"aioseo_head":"\n\t\t<!-- All in One SEO Pro 4.9.6.2 - aioseo.com -->\n\t<meta name=\"description\" content=\"Berl\u00edn, 23 dic (dpa) \u2013 La Asociaci\u00f3n de F\u00fatbol de Berl\u00edn (BFV) est\u00e1 a favor de continuar impartiendo a los refugiados cursos de formaci\u00f3n como \u00e1rbitros de f\u00fatbol. &quot;Mientras haya demanda, ofreceremos cursos de arbitraje&quot;, dijo Karlos al Khatib, quien como jefe del proyecto &quot;F\u00fatbol sin fronteras&quot; de la BFV dise\u00f1\u00f3 el curso. Desde principios\" \/>\n\t<meta name=\"robots\" content=\"max-image-preview:large\" \/>\n\t<meta name=\"author\" content=\"Cand\u00e1s 365\"\/>\n\t<meta name=\"google-site-verification\" content=\"UA-32230408-1\" \/>\n\t<meta name=\"msvalidate.01\" content=\"354F3CDFB2DA171B47FBE9ABF1F88D5\" \/>\n\t<meta name=\"keywords\" content=\"deporte\" \/>\n\t<link rel=\"canonical\" href=\"https:\/\/candas365.es\/noticias\/asociacion-de-futbol-de-berlin-forma-a-refugiados-como-arbitros\/\" \/>\n\t<meta name=\"generator\" content=\"All in One SEO Pro (AIOSEO) 4.9.6.2\" \/>\n\t\t<meta property=\"og:locale\" content=\"es_ES\" \/>\n\t\t<meta property=\"og:site_name\" content=\"Cand\u00e1s 365\" \/>\n\t\t<meta property=\"og:type\" content=\"article\" \/>\n\t\t<meta property=\"og:title\" content=\"Asociaci\u00f3n de F\u00fatbol de Berl\u00edn forma a refugiados como \u00e1rbitros | Cand\u00e1s 365\" \/>\n\t\t<meta property=\"og:description\" content=\"Berl\u00edn, 23 dic (dpa) \u2013 La Asociaci\u00f3n de F\u00fatbol de Berl\u00edn (BFV) est\u00e1 a favor de continuar impartiendo a los refugiados cursos de formaci\u00f3n como \u00e1rbitros de f\u00fatbol. &quot;Mientras haya demanda, ofreceremos cursos de arbitraje&quot;, dijo Karlos al Khatib, quien como jefe del proyecto &quot;F\u00fatbol sin fronteras&quot; de la BFV dise\u00f1\u00f3 el curso. Desde principios\" \/>\n\t\t<meta property=\"og:url\" content=\"https:\/\/candas365.es\/noticias\/asociacion-de-futbol-de-berlin-forma-a-refugiados-como-arbitros\/\" \/>\n\t\t<meta property=\"og:image\" content=\"https:\/\/candas365.es\/noticias\/wp-content\/uploads\/2018\/06\/football-1406106_960_720-1.jpg\" \/>\n\t\t<meta property=\"og:image:secure_url\" content=\"https:\/\/candas365.es\/noticias\/wp-content\/uploads\/2018\/06\/football-1406106_960_720-1.jpg\" \/>\n\t\t<meta property=\"og:image:width\" content=\"960\" \/>\n\t\t<meta property=\"og:image:height\" content=\"643\" \/>\n\t\t<meta property=\"article:published_time\" content=\"2019-12-24T20:53:43+00:00\" \/>\n\t\t<meta property=\"article:modified_time\" content=\"2019-12-24T20:53:43+00:00\" \/>\n\t\t<meta property=\"article:publisher\" content=\"https:\/\/www.facebook.com\/Nachofdezber\" \/>\n\t\t<meta property=\"article:author\" content=\"https:\/\/www.facebook.com\/carrenoactualidad\" \/>\n\t\t<meta name=\"twitter:card\" content=\"summary_large_image\" \/>\n\t\t<meta name=\"twitter:site\" content=\"@NabercoDigital\" \/>\n\t\t<meta name=\"twitter:title\" content=\"Asociaci\u00f3n de F\u00fatbol de Berl\u00edn forma a refugiados como \u00e1rbitros | Cand\u00e1s 365\" \/>\n\t\t<meta name=\"twitter:description\" content=\"Berl\u00edn, 23 dic (dpa) \u2013 La Asociaci\u00f3n de F\u00fatbol de Berl\u00edn (BFV) est\u00e1 a favor de continuar impartiendo a los refugiados cursos de formaci\u00f3n como \u00e1rbitros de f\u00fatbol. &quot;Mientras haya demanda, ofreceremos cursos de arbitraje&quot;, dijo Karlos al Khatib, quien como jefe del proyecto &quot;F\u00fatbol sin fronteras&quot; de la BFV dise\u00f1\u00f3 el curso. Desde principios\" \/>\n\t\t<meta name=\"twitter:creator\" content=\"@nbasturias\" \/>\n\t\t<meta name=\"twitter:image\" content=\"https:\/\/candas365.es\/noticias\/wp-content\/uploads\/2018\/06\/football-1406106_960_720-1.jpg\" \/>\n\t\t<meta name=\"twitter:label1\" content=\"Escrito por\" \/>\n\t\t<meta name=\"twitter:data1\" content=\"Cand\u00e1s 365\" \/>\n\t\t<meta name=\"twitter:label2\" content=\"Tiempo de lectura estimado\" \/>\n\t\t<meta name=\"twitter:data2\" content=\"1 minuto\" \/>\n\t\t<script type=\"application\/ld+json\" class=\"aioseo-schema\">\n\t\t\t{\"@context\":\"https:\\\/\\\/schema.org\",\"@graph\":[{\"@type\":\"BreadcrumbList\",\"@id\":\"https:\\\/\\\/candas365.es\\\/noticias\\\/asociacion-de-futbol-de-berlin-forma-a-refugiados-como-arbitros\\\/#breadcrumblist\",\"itemListElement\":[{\"@type\":\"ListItem\",\"@id\":\"https:\\\/\\\/candas365.es\\\/noticias#listItem\",\"position\":1,\"name\":\"Home\",\"item\":\"https:\\\/\\\/candas365.es\\\/noticias\",\"nextItem\":{\"@type\":\"ListItem\",\"@id\":\"https:\\\/\\\/candas365.es\\\/noticias\\\/category\\\/deporte\\\/#listItem\",\"name\":\"Deporte\"}},{\"@type\":\"ListItem\",\"@id\":\"https:\\\/\\\/candas365.es\\\/noticias\\\/category\\\/deporte\\\/#listItem\",\"position\":2,\"name\":\"Deporte\",\"item\":\"https:\\\/\\\/candas365.es\\\/noticias\\\/category\\\/deporte\\\/\",\"nextItem\":{\"@type\":\"ListItem\",\"@id\":\"https:\\\/\\\/candas365.es\\\/noticias\\\/asociacion-de-futbol-de-berlin-forma-a-refugiados-como-arbitros\\\/#listItem\",\"name\":\"Asociaci\\u00f3n de F\\u00fatbol de Berl\\u00edn forma a refugiados como \\u00e1rbitros\"},\"previousItem\":{\"@type\":\"ListItem\",\"@id\":\"https:\\\/\\\/candas365.es\\\/noticias#listItem\",\"name\":\"Home\"}},{\"@type\":\"ListItem\",\"@id\":\"https:\\\/\\\/candas365.es\\\/noticias\\\/asociacion-de-futbol-de-berlin-forma-a-refugiados-como-arbitros\\\/#listItem\",\"position\":3,\"name\":\"Asociaci\\u00f3n de F\\u00fatbol de Berl\\u00edn forma a refugiados como \\u00e1rbitros\",\"previousItem\":{\"@type\":\"ListItem\",\"@id\":\"https:\\\/\\\/candas365.es\\\/noticias\\\/category\\\/deporte\\\/#listItem\",\"name\":\"Deporte\"}}]},{\"@type\":\"NewsArticle\",\"@id\":\"https:\\\/\\\/candas365.es\\\/noticias\\\/asociacion-de-futbol-de-berlin-forma-a-refugiados-como-arbitros\\\/#newsarticle\",\"name\":\"Asociaci\\u00f3n de F\\u00fatbol de Berl\\u00edn forma a refugiados como \\u00e1rbitros | Cand\\u00e1s 365\",\"headline\":\"Asociaci\\u00f3n de F\\u00fatbol de Berl\\u00edn forma a refugiados como \\u00e1rbitros\",\"author\":{\"@id\":\"https:\\\/\\\/candas365.es\\\/noticias\\\/author\\\/admin\\\/#author\"},\"publisher\":{\"@id\":\"https:\\\/\\\/candas365.es\\\/noticias\\\/#organization\"},\"image\":{\"@type\":\"ImageObject\",\"url\":\"https:\\\/\\\/candas365.es\\\/noticias\\\/wp-content\\\/uploads\\\/2018\\\/06\\\/football-1406106_960_720-1.jpg\",\"width\":960,\"height\":643},\"datePublished\":\"2019-12-24T20:53:43+01:00\",\"dateModified\":\"2019-12-24T20:53:43+01:00\",\"inLanguage\":\"es-ES\",\"mainEntityOfPage\":{\"@id\":\"https:\\\/\\\/candas365.es\\\/noticias\\\/asociacion-de-futbol-de-berlin-forma-a-refugiados-como-arbitros\\\/#webpage\"},\"isPartOf\":{\"@id\":\"https:\\\/\\\/candas365.es\\\/noticias\\\/asociacion-de-futbol-de-berlin-forma-a-refugiados-como-arbitros\\\/#webpage\"},\"articleSection\":\"Deporte\",\"dateline\":\"Publicado el diciembre 24, 2019.\"},{\"@type\":\"Organization\",\"@id\":\"https:\\\/\\\/candas365.es\\\/noticias\\\/#organization\",\"name\":\"Cand\\u00e1s 365\",\"description\":\"Cand\\u00e1s 365 es un diario digital independiente, fundado en 2012, con base en Asturias. Informamos con rigor sobre actualidad, sociedad, cultura y ocio, con una mirada local y global.\",\"url\":\"https:\\\/\\\/candas365.es\\\/noticias\\\/\",\"email\":\"info@candas365.es\",\"telephone\":\"+34652131393\",\"foundingDate\":\"2012-06-10\",\"logo\":{\"@type\":\"ImageObject\",\"url\":\"https:\\\/\\\/candas365.es\\\/noticias\\\/wp-content\\\/uploads\\\/2024\\\/09\\\/Candas-365-Redes.jpg\",\"@id\":\"https:\\\/\\\/candas365.es\\\/noticias\\\/asociacion-de-futbol-de-berlin-forma-a-refugiados-como-arbitros\\\/#organizationLogo\",\"width\":1152,\"height\":864,\"caption\":\"Cand\\u00e1s 365 Redes\"},\"image\":{\"@id\":\"https:\\\/\\\/candas365.es\\\/noticias\\\/asociacion-de-futbol-de-berlin-forma-a-refugiados-como-arbitros\\\/#organizationLogo\"},\"sameAs\":[\"https:\\\/\\\/www.facebook.com\\\/Nachofdezber\",\"https:\\\/\\\/x.com\\\/NabercoDigital\",\"https:\\\/\\\/www.instagram.com\\\/nachofdezber\\\/\",\"https:\\\/\\\/www.youtube.com\\\/channel\\\/UCZP-2wLEB9Rv6erhFmqVnvg\"],\"address\":{\"@id\":\"https:\\\/\\\/candas365.es\\\/noticias\\\/#postaladdress\",\"@type\":\"PostalAddress\",\"streetAddress\":\"san antonio 4, san antonio 4\",\"postalCode\":\"33430\",\"addressLocality\":\"Cand\\u00e1s\",\"addressRegion\":\"Asturias\",\"addressCountry\":\"ES\"}},{\"@type\":\"Person\",\"@id\":\"https:\\\/\\\/candas365.es\\\/noticias\\\/author\\\/admin\\\/#author\",\"url\":\"https:\\\/\\\/candas365.es\\\/noticias\\\/author\\\/admin\\\/\",\"name\":\"Cand\\u00e1s 365\",\"image\":{\"@type\":\"ImageObject\",\"@id\":\"https:\\\/\\\/candas365.es\\\/noticias\\\/asociacion-de-futbol-de-berlin-forma-a-refugiados-como-arbitros\\\/#authorImage\",\"url\":\"https:\\\/\\\/secure.gravatar.com\\\/avatar\\\/496a8e03d0c493ede1718b7934145dbdf8d89be1036b0eec9544e1094c9de390?s=96&d=mm&r=g\",\"width\":96,\"height\":96,\"caption\":\"Cand\\u00e1s 365\"},\"sameAs\":[\"https:\\\/\\\/www.facebook.com\\\/carrenoactualidad\",\"https:\\\/\\\/twitter.com\\\/nbasturias\",\"https:\\\/\\\/www.instagram.com\\\/nachofdezber\\\/\",\"https:\\\/\\\/www.youtube.com\\\/channel\\\/UCZP-2wLEB9Rv6erhFmqVnvg\"]},{\"@type\":\"WebPage\",\"@id\":\"https:\\\/\\\/candas365.es\\\/noticias\\\/asociacion-de-futbol-de-berlin-forma-a-refugiados-como-arbitros\\\/#webpage\",\"url\":\"https:\\\/\\\/candas365.es\\\/noticias\\\/asociacion-de-futbol-de-berlin-forma-a-refugiados-como-arbitros\\\/\",\"name\":\"Asociaci\\u00f3n de F\\u00fatbol de Berl\\u00edn forma a refugiados como \\u00e1rbitros | Cand\\u00e1s 365\",\"description\":\"Berl\\u00edn, 23 dic (dpa) \\u2013 La Asociaci\\u00f3n de F\\u00fatbol de Berl\\u00edn (BFV) est\\u00e1 a favor de continuar impartiendo a los refugiados cursos de formaci\\u00f3n como \\u00e1rbitros de f\\u00fatbol. \\\"Mientras haya demanda, ofreceremos cursos de arbitraje\\\", dijo Karlos al Khatib, quien como jefe del proyecto \\\"F\\u00fatbol sin fronteras\\\" de la BFV dise\\u00f1\\u00f3 el curso. Desde principios\",\"inLanguage\":\"es-ES\",\"isPartOf\":{\"@id\":\"https:\\\/\\\/candas365.es\\\/noticias\\\/#website\"},\"breadcrumb\":{\"@id\":\"https:\\\/\\\/candas365.es\\\/noticias\\\/asociacion-de-futbol-de-berlin-forma-a-refugiados-como-arbitros\\\/#breadcrumblist\"},\"author\":{\"@id\":\"https:\\\/\\\/candas365.es\\\/noticias\\\/author\\\/admin\\\/#author\"},\"creator\":{\"@id\":\"https:\\\/\\\/candas365.es\\\/noticias\\\/author\\\/admin\\\/#author\"},\"image\":{\"@type\":\"ImageObject\",\"url\":\"https:\\\/\\\/candas365.es\\\/noticias\\\/wp-content\\\/uploads\\\/2018\\\/06\\\/football-1406106_960_720-1.jpg\",\"@id\":\"https:\\\/\\\/candas365.es\\\/noticias\\\/asociacion-de-futbol-de-berlin-forma-a-refugiados-como-arbitros\\\/#mainImage\",\"width\":960,\"height\":643},\"primaryImageOfPage\":{\"@id\":\"https:\\\/\\\/candas365.es\\\/noticias\\\/asociacion-de-futbol-de-berlin-forma-a-refugiados-como-arbitros\\\/#mainImage\"},\"datePublished\":\"2019-12-24T20:53:43+01:00\",\"dateModified\":\"2019-12-24T20:53:43+01:00\"},{\"@type\":\"WebSite\",\"@id\":\"https:\\\/\\\/candas365.es\\\/noticias\\\/#website\",\"url\":\"https:\\\/\\\/candas365.es\\\/noticias\\\/\",\"name\":\"Cand\\u00e1s 365\",\"alternateName\":\"Cand\\u00e1s 365 Noticias\",\"description\":\"Actualidad desde Carre\\u00f1o para el mundo\",\"inLanguage\":\"es-ES\",\"publisher\":{\"@id\":\"https:\\\/\\\/candas365.es\\\/noticias\\\/#organization\"}}]}\n\t\t<\/script>\n\t\t<!-- All in One SEO Pro -->\r\n\t\t<title>Asociaci\u00f3n de F\u00fatbol de Berl\u00edn forma a refugiados como \u00e1rbitros | Cand\u00e1s 365<\/title>\n\n","aioseo_head_json":{"title":"Asociaci\u00f3n de F\u00fatbol de Berl\u00edn forma a refugiados como \u00e1rbitros | Cand\u00e1s 365","description":"Berl\u00edn, 23 dic (dpa) \u2013 La Asociaci\u00f3n de F\u00fatbol de Berl\u00edn (BFV) est\u00e1 a favor de continuar impartiendo a los refugiados cursos de formaci\u00f3n como \u00e1rbitros de f\u00fatbol. \"Mientras haya demanda, ofreceremos cursos de arbitraje\", dijo Karlos al Khatib, quien como jefe del proyecto \"F\u00fatbol sin fronteras\" de la BFV dise\u00f1\u00f3 el curso. Desde principios","canonical_url":"https:\/\/candas365.es\/noticias\/asociacion-de-futbol-de-berlin-forma-a-refugiados-como-arbitros\/","robots":"max-image-preview:large","keywords":"deporte","webmasterTools":{"google-site-verification":"UA-32230408-1","msvalidate.01":"354F3CDFB2DA171B47FBE9ABF1F88D5","miscellaneous":""},"schema":{"@context":"https:\/\/schema.org","@graph":[{"@type":"BreadcrumbList","@id":"https:\/\/candas365.es\/noticias\/asociacion-de-futbol-de-berlin-forma-a-refugiados-como-arbitros\/#breadcrumblist","itemListElement":[{"@type":"ListItem","@id":"https:\/\/candas365.es\/noticias#listItem","position":1,"name":"Home","item":"https:\/\/candas365.es\/noticias","nextItem":{"@type":"ListItem","@id":"https:\/\/candas365.es\/noticias\/category\/deporte\/#listItem","name":"Deporte"}},{"@type":"ListItem","@id":"https:\/\/candas365.es\/noticias\/category\/deporte\/#listItem","position":2,"name":"Deporte","item":"https:\/\/candas365.es\/noticias\/category\/deporte\/","nextItem":{"@type":"ListItem","@id":"https:\/\/candas365.es\/noticias\/asociacion-de-futbol-de-berlin-forma-a-refugiados-como-arbitros\/#listItem","name":"Asociaci\u00f3n de F\u00fatbol de Berl\u00edn forma a refugiados como \u00e1rbitros"},"previousItem":{"@type":"ListItem","@id":"https:\/\/candas365.es\/noticias#listItem","name":"Home"}},{"@type":"ListItem","@id":"https:\/\/candas365.es\/noticias\/asociacion-de-futbol-de-berlin-forma-a-refugiados-como-arbitros\/#listItem","position":3,"name":"Asociaci\u00f3n de F\u00fatbol de Berl\u00edn forma a refugiados como \u00e1rbitros","previousItem":{"@type":"ListItem","@id":"https:\/\/candas365.es\/noticias\/category\/deporte\/#listItem","name":"Deporte"}}]},{"@type":"NewsArticle","@id":"https:\/\/candas365.es\/noticias\/asociacion-de-futbol-de-berlin-forma-a-refugiados-como-arbitros\/#newsarticle","name":"Asociaci\u00f3n de F\u00fatbol de Berl\u00edn forma a refugiados como \u00e1rbitros | Cand\u00e1s 365","headline":"Asociaci\u00f3n de F\u00fatbol de Berl\u00edn forma a refugiados como \u00e1rbitros","author":{"@id":"https:\/\/candas365.es\/noticias\/author\/admin\/#author"},"publisher":{"@id":"https:\/\/candas365.es\/noticias\/#organization"},"image":{"@type":"ImageObject","url":"https:\/\/candas365.es\/noticias\/wp-content\/uploads\/2018\/06\/football-1406106_960_720-1.jpg","width":960,"height":643},"datePublished":"2019-12-24T20:53:43+01:00","dateModified":"2019-12-24T20:53:43+01:00","inLanguage":"es-ES","mainEntityOfPage":{"@id":"https:\/\/candas365.es\/noticias\/asociacion-de-futbol-de-berlin-forma-a-refugiados-como-arbitros\/#webpage"},"isPartOf":{"@id":"https:\/\/candas365.es\/noticias\/asociacion-de-futbol-de-berlin-forma-a-refugiados-como-arbitros\/#webpage"},"articleSection":"Deporte","dateline":"Publicado el diciembre 24, 2019."},{"@type":"Organization","@id":"https:\/\/candas365.es\/noticias\/#organization","name":"Cand\u00e1s 365","description":"Cand\u00e1s 365 es un diario digital independiente, fundado en 2012, con base en Asturias. Informamos con rigor sobre actualidad, sociedad, cultura y ocio, con una mirada local y global.","url":"https:\/\/candas365.es\/noticias\/","email":"info@candas365.es","telephone":"+34652131393","foundingDate":"2012-06-10","logo":{"@type":"ImageObject","url":"https:\/\/candas365.es\/noticias\/wp-content\/uploads\/2024\/09\/Candas-365-Redes.jpg","@id":"https:\/\/candas365.es\/noticias\/asociacion-de-futbol-de-berlin-forma-a-refugiados-como-arbitros\/#organizationLogo","width":1152,"height":864,"caption":"Cand\u00e1s 365 Redes"},"image":{"@id":"https:\/\/candas365.es\/noticias\/asociacion-de-futbol-de-berlin-forma-a-refugiados-como-arbitros\/#organizationLogo"},"sameAs":["https:\/\/www.facebook.com\/Nachofdezber","https:\/\/x.com\/NabercoDigital","https:\/\/www.instagram.com\/nachofdezber\/","https:\/\/www.youtube.com\/channel\/UCZP-2wLEB9Rv6erhFmqVnvg"],"address":{"@id":"https:\/\/candas365.es\/noticias\/#postaladdress","@type":"PostalAddress","streetAddress":"san antonio 4, san antonio 4","postalCode":"33430","addressLocality":"Cand\u00e1s","addressRegion":"Asturias","addressCountry":"ES"}},{"@type":"Person","@id":"https:\/\/candas365.es\/noticias\/author\/admin\/#author","url":"https:\/\/candas365.es\/noticias\/author\/admin\/","name":"Cand\u00e1s 365","image":{"@type":"ImageObject","@id":"https:\/\/candas365.es\/noticias\/asociacion-de-futbol-de-berlin-forma-a-refugiados-como-arbitros\/#authorImage","url":"https:\/\/secure.gravatar.com\/avatar\/496a8e03d0c493ede1718b7934145dbdf8d89be1036b0eec9544e1094c9de390?s=96&d=mm&r=g","width":96,"height":96,"caption":"Cand\u00e1s 365"},"sameAs":["https:\/\/www.facebook.com\/carrenoactualidad","https:\/\/twitter.com\/nbasturias","https:\/\/www.instagram.com\/nachofdezber\/","https:\/\/www.youtube.com\/channel\/UCZP-2wLEB9Rv6erhFmqVnvg"]},{"@type":"WebPage","@id":"https:\/\/candas365.es\/noticias\/asociacion-de-futbol-de-berlin-forma-a-refugiados-como-arbitros\/#webpage","url":"https:\/\/candas365.es\/noticias\/asociacion-de-futbol-de-berlin-forma-a-refugiados-como-arbitros\/","name":"Asociaci\u00f3n de F\u00fatbol de Berl\u00edn forma a refugiados como \u00e1rbitros | Cand\u00e1s 365","description":"Berl\u00edn, 23 dic (dpa) \u2013 La Asociaci\u00f3n de F\u00fatbol de Berl\u00edn (BFV) est\u00e1 a favor de continuar impartiendo a los refugiados cursos de formaci\u00f3n como \u00e1rbitros de f\u00fatbol. \"Mientras haya demanda, ofreceremos cursos de arbitraje\", dijo Karlos al Khatib, quien como jefe del proyecto \"F\u00fatbol sin fronteras\" de la BFV dise\u00f1\u00f3 el curso. Desde principios","inLanguage":"es-ES","isPartOf":{"@id":"https:\/\/candas365.es\/noticias\/#website"},"breadcrumb":{"@id":"https:\/\/candas365.es\/noticias\/asociacion-de-futbol-de-berlin-forma-a-refugiados-como-arbitros\/#breadcrumblist"},"author":{"@id":"https:\/\/candas365.es\/noticias\/author\/admin\/#author"},"creator":{"@id":"https:\/\/candas365.es\/noticias\/author\/admin\/#author"},"image":{"@type":"ImageObject","url":"https:\/\/candas365.es\/noticias\/wp-content\/uploads\/2018\/06\/football-1406106_960_720-1.jpg","@id":"https:\/\/candas365.es\/noticias\/asociacion-de-futbol-de-berlin-forma-a-refugiados-como-arbitros\/#mainImage","width":960,"height":643},"primaryImageOfPage":{"@id":"https:\/\/candas365.es\/noticias\/asociacion-de-futbol-de-berlin-forma-a-refugiados-como-arbitros\/#mainImage"},"datePublished":"2019-12-24T20:53:43+01:00","dateModified":"2019-12-24T20:53:43+01:00"},{"@type":"WebSite","@id":"https:\/\/candas365.es\/noticias\/#website","url":"https:\/\/candas365.es\/noticias\/","name":"Cand\u00e1s 365","alternateName":"Cand\u00e1s 365 Noticias","description":"Actualidad desde Carre\u00f1o para el mundo","inLanguage":"es-ES","publisher":{"@id":"https:\/\/candas365.es\/noticias\/#organization"}}]},"og:locale":"es_ES","og:site_name":"Cand\u00e1s 365","og:type":"article","og:title":"Asociaci\u00f3n de F\u00fatbol de Berl\u00edn forma a refugiados como \u00e1rbitros | Cand\u00e1s 365","og:description":"Berl\u00edn, 23 dic (dpa) \u2013 La Asociaci\u00f3n de F\u00fatbol de Berl\u00edn (BFV) est\u00e1 a favor de continuar impartiendo a los refugiados cursos de formaci\u00f3n como \u00e1rbitros de f\u00fatbol. &quot;Mientras haya demanda, ofreceremos cursos de arbitraje&quot;, dijo Karlos al Khatib, quien como jefe del proyecto &quot;F\u00fatbol sin fronteras&quot; de la BFV dise\u00f1\u00f3 el curso. Desde principios","og:url":"https:\/\/candas365.es\/noticias\/asociacion-de-futbol-de-berlin-forma-a-refugiados-como-arbitros\/","og:image":"https:\/\/candas365.es\/noticias\/wp-content\/uploads\/2018\/06\/football-1406106_960_720-1.jpg","og:image:secure_url":"https:\/\/candas365.es\/noticias\/wp-content\/uploads\/2018\/06\/football-1406106_960_720-1.jpg","og:image:width":960,"og:image:height":643,"article:published_time":"2019-12-24T20:53:43+00:00","article:modified_time":"2019-12-24T20:53:43+00:00","article:publisher":"https:\/\/www.facebook.com\/Nachofdezber","article:author":"https:\/\/www.facebook.com\/carrenoactualidad","twitter:card":"summary_large_image","twitter:site":"@NabercoDigital","twitter:title":"Asociaci\u00f3n de F\u00fatbol de Berl\u00edn forma a refugiados como \u00e1rbitros | Cand\u00e1s 365","twitter:description":"Berl\u00edn, 23 dic (dpa) \u2013 La Asociaci\u00f3n de F\u00fatbol de Berl\u00edn (BFV) est\u00e1 a favor de continuar impartiendo a los refugiados cursos de formaci\u00f3n como \u00e1rbitros de f\u00fatbol. &quot;Mientras haya demanda, ofreceremos cursos de arbitraje&quot;, dijo Karlos al Khatib, quien como jefe del proyecto &quot;F\u00fatbol sin fronteras&quot; de la BFV dise\u00f1\u00f3 el curso. Desde principios","twitter:creator":"@nbasturias","twitter:image":"https:\/\/candas365.es\/noticias\/wp-content\/uploads\/2018\/06\/football-1406106_960_720-1.jpg","twitter:label1":"Escrito por","twitter:data1":"Cand\u00e1s 365","twitter:label2":"Tiempo de lectura estimado","twitter:data2":"1 minuto"},"aioseo_meta_data":{"post_id":"135259","title":null,"description":null,"keywords":null,"keyphrases":null,"primary_term":null,"canonical_url":null,"og_title":null,"og_description":null,"og_object_type":"default","og_image_type":"default","og_image_url":null,"og_image_width":null,"og_image_height":null,"og_image_custom_url":null,"og_image_custom_fields":null,"og_video":null,"og_custom_url":null,"og_article_section":null,"og_article_tags":null,"twitter_use_og":false,"twitter_card":"default","twitter_image_type":"default","twitter_image_url":null,"twitter_image_custom_url":null,"twitter_image_custom_fields":null,"twitter_title":null,"twitter_description":null,"schema":{"blockGraphs":[],"customGraphs":[],"default":{"data":{"Article":[],"Course":[],"Dataset":[],"FAQPage":[],"Movie":[],"Person":[],"Product":[],"ProductReview":[],"Car":[],"Recipe":[],"Service":[],"SoftwareApplication":[],"WebPage":[]},"graphName":"","isEnabled":true},"graphs":[]},"schema_type":null,"schema_type_options":null,"pillar_content":false,"robots_default":true,"robots_noindex":false,"robots_noarchive":false,"robots_nosnippet":false,"robots_nofollow":false,"robots_noimageindex":false,"robots_noodp":false,"robots_notranslate":false,"robots_max_snippet":null,"robots_max_videopreview":null,"robots_max_imagepreview":"large","priority":null,"frequency":null,"location":null,"local_seo":null,"seo_analyzer_scan_date":"2025-08-30 20:13:15","breadcrumb_settings":null,"limit_modified_date":false,"reviewed_by":null,"open_ai":null,"ai":null,"created":"2020-12-21 10:48:51","updated":"2025-08-30 20:13:15"},"aioseo_breadcrumb":"<div class=\"aioseo-breadcrumbs\"><span class=\"aioseo-breadcrumb\">\n\t<a href=\"https:\/\/candas365.es\/noticias\" title=\"Home\">Home<\/a>\n<\/span><span class=\"aioseo-breadcrumb-separator\">&ndash;<\/span><span class=\"aioseo-breadcrumb\">\n\t<a href=\"https:\/\/candas365.es\/noticias\/category\/deporte\/\" title=\"Deporte\">Deporte<\/a>\n<\/span><span class=\"aioseo-breadcrumb-separator\">&ndash;<\/span><span class=\"aioseo-breadcrumb\">\n\tAsociaci\u00f3n de F\u00fatbol de Berl\u00edn forma a refugiados como \u00e1rbitros\n<\/span><\/div>","aioseo_breadcrumb_json":[{"label":"Home","link":"https:\/\/candas365.es\/noticias"},{"label":"Deporte","link":"https:\/\/candas365.es\/noticias\/category\/deporte\/"},{"label":"Asociaci\u00f3n de F\u00fatbol de Berl\u00edn forma a refugiados como \u00e1rbitros","link":"https:\/\/candas365.es\/noticias\/asociacion-de-futbol-de-berlin-forma-a-refugiados-como-arbitros\/"}],"_links":{"self":[{"href":"https:\/\/candas365.es\/noticias\/wp-json\/wp\/v2\/posts\/135259","targetHints":{"allow":["GET"]}}],"collection":[{"href":"https:\/\/candas365.es\/noticias\/wp-json\/wp\/v2\/posts"}],"about":[{"href":"https:\/\/candas365.es\/noticias\/wp-json\/wp\/v2\/types\/post"}],"author":[{"embeddable":true,"href":"https:\/\/candas365.es\/noticias\/wp-json\/wp\/v2\/users\/1"}],"replies":[{"embeddable":true,"href":"https:\/\/candas365.es\/noticias\/wp-json\/wp\/v2\/comments?post=135259"}],"version-history":[{"count":0,"href":"https:\/\/candas365.es\/noticias\/wp-json\/wp\/v2\/posts\/135259\/revisions"}],"wp:featuredmedia":[{"embeddable":true,"href":"https:\/\/candas365.es\/noticias\/wp-json\/wp\/v2\/media\/98026"}],"wp:attachment":[{"href":"https:\/\/candas365.es\/noticias\/wp-json\/wp\/v2\/media?parent=135259"}],"wp:term":[{"taxonomy":"category","embeddable":true,"href":"https:\/\/candas365.es\/noticias\/wp-json\/wp\/v2\/categories?post=135259"},{"taxonomy":"post_tag","embeddable":true,"href":"https:\/\/candas365.es\/noticias\/wp-json\/wp\/v2\/tags?post=135259"}],"curies":[{"name":"wp","href":"https:\/\/api.w.org\/{rel}","templated":true}]}}