{"id":135164,"date":"2019-12-22T20:01:32","date_gmt":"2019-12-22T20:01:32","guid":{"rendered":"http:\/\/candas365.es\/noticias\/?p=135164"},"modified":"2019-12-22T20:01:32","modified_gmt":"2019-12-22T20:01:32","slug":"flick-continuara-como-tecnico-del-bayern-hasta-final-de-temporada","status":"publish","type":"post","link":"https:\/\/candas365.es\/noticias\/flick-continuara-como-tecnico-del-bayern-hasta-final-de-temporada\/","title":{"rendered":"Flick continuar\u00e1 como t\u00e9cnico del Bayern hasta final de temporada"},"content":{"rendered":"<figure id=\"attachment_135165\" aria-describedby=\"caption-attachment-135165\" style=\"width: 360px\" class=\"wp-caption alignleft\"><img fetchpriority=\"high\" decoding=\"async\" class=\"size-medium wp-image-135165\" src=\"https:\/\/candas365.es\/noticias\/wp-content\/uploads\/2019\/12\/Hansi-Flick-dpa-1-360x244.jpg\" alt=\"\" width=\"360\" height=\"244\" srcset=\"https:\/\/candas365.es\/noticias\/wp-content\/uploads\/2019\/12\/Hansi-Flick-dpa-1-360x244.jpg 360w, https:\/\/candas365.es\/noticias\/wp-content\/uploads\/2019\/12\/Hansi-Flick-dpa-1-655x444.jpg 655w, https:\/\/candas365.es\/noticias\/wp-content\/uploads\/2019\/12\/Hansi-Flick-dpa-1-768x521.jpg 768w, https:\/\/candas365.es\/noticias\/wp-content\/uploads\/2019\/12\/Hansi-Flick-dpa-1-696x472.jpg 696w, https:\/\/candas365.es\/noticias\/wp-content\/uploads\/2019\/12\/Hansi-Flick-dpa-1-619x420.jpg 619w, https:\/\/candas365.es\/noticias\/wp-content\/uploads\/2019\/12\/Hansi-Flick-dpa-1.jpg 976w\" sizes=\"(max-width: 360px) 100vw, 360px\" \/><figcaption id=\"caption-attachment-135165\" class=\"wp-caption-text\">Foto: Marius Becker\/dpa<\/figcaption><\/figure>\n<p>M\u00fanich, 22 dic (dpa) &#8211; Hansi Flick continuar\u00e1 como t\u00e9cnico del Bayern M\u00fanich \u00abcomo m\u00ednimo\u00bb hasta el final de la presente temporada, inform\u00f3 hoy el actual campe\u00f3n de la Bundesliga mediante un comunicado.<\/p>\n<p><strong>\u00abM\u00e1s all\u00e1 de esa fecha, mantener a Hansi Flick como entrenador principal es una opci\u00f3n expresamente muy concebible para el Bayern\u00bb<\/strong>, agrega el informe.<\/p>\n<p>La permanencia de Flick como t\u00e9cnico ya se perfil\u00f3 antes de la \u00faltima reuni\u00f3n entre el entrenador de 54 a\u00f1os, el presidente de la junta directiva del Bayern, Karl-Heinz Rummenigge, y el director deportivo del club, Hasan Salihamidzic.<\/p>\n<p>\u00abEl Bayern est\u00e1 muy satisfecho con el trabajo de Hansi Flick. Bajo su direcci\u00f3n, el desarrollo deportivo es excelente, tanto en lo que respecta a la calidad de nuestro juego como a los resultados que hemos conseguido\u00bb, explic\u00f3 Rummenigge.<\/p>\n<p>Por su parte, Flick agradeci\u00f3 la confianza del club. \u00abDisfruto mucho trabajando con el plantel y con el equipo de t\u00e9cnicos\u00bb, coment\u00f3, agregando que tras el receso invernal intentar\u00e1 \u00abtraer a M\u00fanich el mayor n\u00famero posible de victorias y t\u00edtulos\u00bb.<\/p>\n<p>El ex jugador del Bayern se hizo cargo de la direcci\u00f3n del plantel a comienzos de noviembre, tras el abrupto despido de Nico Kovac como t\u00e9cnico, de quien Flick era asistente.<\/p>\n<p>&nbsp;<\/p>\n","protected":false},"excerpt":{"rendered":"<p>M\u00fanich, 22 dic (dpa) &#8211; Hansi Flick continuar\u00e1 como t\u00e9cnico del Bayern M\u00fanich \u00abcomo m\u00ednimo\u00bb hasta el final de la presente temporada, inform\u00f3 hoy el actual campe\u00f3n de la Bundesliga mediante un comunicado. \u00abM\u00e1s all\u00e1 de esa fecha, mantener a Hansi Flick como entrenador principal es una opci\u00f3n expresamente muy concebible para el Bayern\u00bb, agrega<\/p>\n","protected":false},"author":1,"featured_media":135165,"comment_status":"closed","ping_status":"closed","sticky":false,"template":"","format":"standard","meta":{"footnotes":""},"categories":[319],"tags":[],"class_list":{"0":"post-135164","1":"post","2":"type-post","3":"status-publish","4":"format-standard","5":"has-post-thumbnail","7":"category-deporte"},"aioseo_notices":[],"aioseo_head":"\n\t\t<!-- All in One SEO Pro 4.9.6.2 - aioseo.com -->\n\t<meta name=\"description\" content=\"M\u00fanich, 22 dic (dpa) - Hansi Flick continuar\u00e1 como t\u00e9cnico del Bayern M\u00fanich &quot;como m\u00ednimo&quot; hasta el final de la presente temporada, inform\u00f3 hoy el actual campe\u00f3n de la Bundesliga mediante un comunicado. &quot;M\u00e1s all\u00e1 de esa fecha, mantener a Hansi Flick como entrenador principal es una opci\u00f3n expresamente muy concebible para el Bayern&quot;, agrega\" \/>\n\t<meta name=\"robots\" content=\"max-image-preview:large\" \/>\n\t<meta name=\"author\" content=\"Cand\u00e1s 365\"\/>\n\t<meta name=\"google-site-verification\" content=\"UA-32230408-1\" \/>\n\t<meta name=\"msvalidate.01\" content=\"354F3CDFB2DA171B47FBE9ABF1F88D5\" \/>\n\t<meta name=\"keywords\" content=\"deporte\" \/>\n\t<link rel=\"canonical\" href=\"https:\/\/candas365.es\/noticias\/flick-continuara-como-tecnico-del-bayern-hasta-final-de-temporada\/\" \/>\n\t<meta name=\"generator\" content=\"All in One SEO Pro (AIOSEO) 4.9.6.2\" \/>\n\t\t<meta property=\"og:locale\" content=\"es_ES\" \/>\n\t\t<meta property=\"og:site_name\" content=\"Cand\u00e1s 365\" \/>\n\t\t<meta property=\"og:type\" content=\"article\" \/>\n\t\t<meta property=\"og:title\" content=\"Flick continuar\u00e1 como t\u00e9cnico del Bayern hasta final de temporada | Cand\u00e1s 365\" \/>\n\t\t<meta property=\"og:description\" content=\"M\u00fanich, 22 dic (dpa) - Hansi Flick continuar\u00e1 como t\u00e9cnico del Bayern M\u00fanich &quot;como m\u00ednimo&quot; hasta el final de la presente temporada, inform\u00f3 hoy el actual campe\u00f3n de la Bundesliga mediante un comunicado. &quot;M\u00e1s all\u00e1 de esa fecha, mantener a Hansi Flick como entrenador principal es una opci\u00f3n expresamente muy concebible para el Bayern&quot;, agrega\" \/>\n\t\t<meta property=\"og:url\" content=\"https:\/\/candas365.es\/noticias\/flick-continuara-como-tecnico-del-bayern-hasta-final-de-temporada\/\" \/>\n\t\t<meta property=\"og:image\" content=\"https:\/\/candas365.es\/noticias\/wp-content\/uploads\/2019\/12\/Hansi-Flick-dpa-1.jpg\" \/>\n\t\t<meta property=\"og:image:secure_url\" content=\"https:\/\/candas365.es\/noticias\/wp-content\/uploads\/2019\/12\/Hansi-Flick-dpa-1.jpg\" \/>\n\t\t<meta property=\"og:image:width\" content=\"976\" \/>\n\t\t<meta property=\"og:image:height\" content=\"662\" \/>\n\t\t<meta property=\"article:published_time\" content=\"2019-12-22T20:01:32+00:00\" \/>\n\t\t<meta property=\"article:modified_time\" content=\"2019-12-22T20:01:32+00:00\" \/>\n\t\t<meta property=\"article:publisher\" content=\"https:\/\/www.facebook.com\/Nachofdezber\" \/>\n\t\t<meta property=\"article:author\" content=\"https:\/\/www.facebook.com\/carrenoactualidad\" \/>\n\t\t<meta name=\"twitter:card\" content=\"summary_large_image\" \/>\n\t\t<meta name=\"twitter:site\" content=\"@NabercoDigital\" \/>\n\t\t<meta name=\"twitter:title\" content=\"Flick continuar\u00e1 como t\u00e9cnico del Bayern hasta final de temporada | Cand\u00e1s 365\" \/>\n\t\t<meta name=\"twitter:description\" content=\"M\u00fanich, 22 dic (dpa) - Hansi Flick continuar\u00e1 como t\u00e9cnico del Bayern M\u00fanich &quot;como m\u00ednimo&quot; hasta el final de la presente temporada, inform\u00f3 hoy el actual campe\u00f3n de la Bundesliga mediante un comunicado. &quot;M\u00e1s all\u00e1 de esa fecha, mantener a Hansi Flick como entrenador principal es una opci\u00f3n expresamente muy concebible para el Bayern&quot;, agrega\" \/>\n\t\t<meta name=\"twitter:creator\" content=\"@nbasturias\" \/>\n\t\t<meta name=\"twitter:image\" content=\"https:\/\/candas365.es\/noticias\/wp-content\/uploads\/2019\/12\/Hansi-Flick-dpa-1.jpg\" \/>\n\t\t<meta name=\"twitter:label1\" content=\"Escrito por\" \/>\n\t\t<meta name=\"twitter:data1\" content=\"Cand\u00e1s 365\" \/>\n\t\t<meta name=\"twitter:label2\" content=\"Tiempo de lectura estimado\" \/>\n\t\t<meta name=\"twitter:data2\" content=\"1 minuto\" \/>\n\t\t<script type=\"application\/ld+json\" class=\"aioseo-schema\">\n\t\t\t{\"@context\":\"https:\\\/\\\/schema.org\",\"@graph\":[{\"@type\":\"BreadcrumbList\",\"@id\":\"https:\\\/\\\/candas365.es\\\/noticias\\\/flick-continuara-como-tecnico-del-bayern-hasta-final-de-temporada\\\/#breadcrumblist\",\"itemListElement\":[{\"@type\":\"ListItem\",\"@id\":\"https:\\\/\\\/candas365.es\\\/noticias#listItem\",\"position\":1,\"name\":\"Home\",\"item\":\"https:\\\/\\\/candas365.es\\\/noticias\",\"nextItem\":{\"@type\":\"ListItem\",\"@id\":\"https:\\\/\\\/candas365.es\\\/noticias\\\/category\\\/deporte\\\/#listItem\",\"name\":\"Deporte\"}},{\"@type\":\"ListItem\",\"@id\":\"https:\\\/\\\/candas365.es\\\/noticias\\\/category\\\/deporte\\\/#listItem\",\"position\":2,\"name\":\"Deporte\",\"item\":\"https:\\\/\\\/candas365.es\\\/noticias\\\/category\\\/deporte\\\/\",\"nextItem\":{\"@type\":\"ListItem\",\"@id\":\"https:\\\/\\\/candas365.es\\\/noticias\\\/flick-continuara-como-tecnico-del-bayern-hasta-final-de-temporada\\\/#listItem\",\"name\":\"Flick continuar\\u00e1 como t\\u00e9cnico del Bayern hasta final de temporada\"},\"previousItem\":{\"@type\":\"ListItem\",\"@id\":\"https:\\\/\\\/candas365.es\\\/noticias#listItem\",\"name\":\"Home\"}},{\"@type\":\"ListItem\",\"@id\":\"https:\\\/\\\/candas365.es\\\/noticias\\\/flick-continuara-como-tecnico-del-bayern-hasta-final-de-temporada\\\/#listItem\",\"position\":3,\"name\":\"Flick continuar\\u00e1 como t\\u00e9cnico del Bayern hasta final de temporada\",\"previousItem\":{\"@type\":\"ListItem\",\"@id\":\"https:\\\/\\\/candas365.es\\\/noticias\\\/category\\\/deporte\\\/#listItem\",\"name\":\"Deporte\"}}]},{\"@type\":\"NewsArticle\",\"@id\":\"https:\\\/\\\/candas365.es\\\/noticias\\\/flick-continuara-como-tecnico-del-bayern-hasta-final-de-temporada\\\/#newsarticle\",\"name\":\"Flick continuar\\u00e1 como t\\u00e9cnico del Bayern hasta final de temporada | Cand\\u00e1s 365\",\"headline\":\"Flick continuar\\u00e1 como t\\u00e9cnico del Bayern hasta final de temporada\",\"author\":{\"@id\":\"https:\\\/\\\/candas365.es\\\/noticias\\\/author\\\/admin\\\/#author\"},\"publisher\":{\"@id\":\"https:\\\/\\\/candas365.es\\\/noticias\\\/#organization\"},\"image\":{\"@type\":\"ImageObject\",\"url\":\"https:\\\/\\\/candas365.es\\\/noticias\\\/wp-content\\\/uploads\\\/2019\\\/12\\\/Hansi-Flick-dpa-1.jpg\",\"width\":976,\"height\":662,\"caption\":\"Foto: Marius Becker\\\/dpa\"},\"datePublished\":\"2019-12-22T20:01:32+01:00\",\"dateModified\":\"2019-12-22T20:01:32+01:00\",\"inLanguage\":\"es-ES\",\"mainEntityOfPage\":{\"@id\":\"https:\\\/\\\/candas365.es\\\/noticias\\\/flick-continuara-como-tecnico-del-bayern-hasta-final-de-temporada\\\/#webpage\"},\"isPartOf\":{\"@id\":\"https:\\\/\\\/candas365.es\\\/noticias\\\/flick-continuara-como-tecnico-del-bayern-hasta-final-de-temporada\\\/#webpage\"},\"articleSection\":\"Deporte\",\"dateline\":\"Publicado el diciembre 22, 2019.\"},{\"@type\":\"Organization\",\"@id\":\"https:\\\/\\\/candas365.es\\\/noticias\\\/#organization\",\"name\":\"Cand\\u00e1s 365\",\"description\":\"Cand\\u00e1s 365 es un diario digital independiente, fundado en 2012, con base en Asturias. Informamos con rigor sobre actualidad, sociedad, cultura y ocio, con una mirada local y global.\",\"url\":\"https:\\\/\\\/candas365.es\\\/noticias\\\/\",\"email\":\"info@candas365.es\",\"telephone\":\"+34652131393\",\"foundingDate\":\"2012-06-10\",\"logo\":{\"@type\":\"ImageObject\",\"url\":\"https:\\\/\\\/candas365.es\\\/noticias\\\/wp-content\\\/uploads\\\/2024\\\/09\\\/Candas-365-Redes.jpg\",\"@id\":\"https:\\\/\\\/candas365.es\\\/noticias\\\/flick-continuara-como-tecnico-del-bayern-hasta-final-de-temporada\\\/#organizationLogo\",\"width\":1152,\"height\":864,\"caption\":\"Cand\\u00e1s 365 Redes\"},\"image\":{\"@id\":\"https:\\\/\\\/candas365.es\\\/noticias\\\/flick-continuara-como-tecnico-del-bayern-hasta-final-de-temporada\\\/#organizationLogo\"},\"sameAs\":[\"https:\\\/\\\/www.facebook.com\\\/Nachofdezber\",\"https:\\\/\\\/x.com\\\/NabercoDigital\",\"https:\\\/\\\/www.instagram.com\\\/nachofdezber\\\/\",\"https:\\\/\\\/www.youtube.com\\\/channel\\\/UCZP-2wLEB9Rv6erhFmqVnvg\"],\"address\":{\"@id\":\"https:\\\/\\\/candas365.es\\\/noticias\\\/#postaladdress\",\"@type\":\"PostalAddress\",\"streetAddress\":\"san antonio 4, san antonio 4\",\"postalCode\":\"33430\",\"addressLocality\":\"Cand\\u00e1s\",\"addressRegion\":\"Asturias\",\"addressCountry\":\"ES\"}},{\"@type\":\"Person\",\"@id\":\"https:\\\/\\\/candas365.es\\\/noticias\\\/author\\\/admin\\\/#author\",\"url\":\"https:\\\/\\\/candas365.es\\\/noticias\\\/author\\\/admin\\\/\",\"name\":\"Cand\\u00e1s 365\",\"image\":{\"@type\":\"ImageObject\",\"@id\":\"https:\\\/\\\/candas365.es\\\/noticias\\\/flick-continuara-como-tecnico-del-bayern-hasta-final-de-temporada\\\/#authorImage\",\"url\":\"https:\\\/\\\/secure.gravatar.com\\\/avatar\\\/496a8e03d0c493ede1718b7934145dbdf8d89be1036b0eec9544e1094c9de390?s=96&d=mm&r=g\",\"width\":96,\"height\":96,\"caption\":\"Cand\\u00e1s 365\"},\"sameAs\":[\"https:\\\/\\\/www.facebook.com\\\/carrenoactualidad\",\"https:\\\/\\\/twitter.com\\\/nbasturias\",\"https:\\\/\\\/www.instagram.com\\\/nachofdezber\\\/\",\"https:\\\/\\\/www.youtube.com\\\/channel\\\/UCZP-2wLEB9Rv6erhFmqVnvg\"]},{\"@type\":\"WebPage\",\"@id\":\"https:\\\/\\\/candas365.es\\\/noticias\\\/flick-continuara-como-tecnico-del-bayern-hasta-final-de-temporada\\\/#webpage\",\"url\":\"https:\\\/\\\/candas365.es\\\/noticias\\\/flick-continuara-como-tecnico-del-bayern-hasta-final-de-temporada\\\/\",\"name\":\"Flick continuar\\u00e1 como t\\u00e9cnico del Bayern hasta final de temporada | Cand\\u00e1s 365\",\"description\":\"M\\u00fanich, 22 dic (dpa) - Hansi Flick continuar\\u00e1 como t\\u00e9cnico del Bayern M\\u00fanich \\\"como m\\u00ednimo\\\" hasta el final de la presente temporada, inform\\u00f3 hoy el actual campe\\u00f3n de la Bundesliga mediante un comunicado. \\\"M\\u00e1s all\\u00e1 de esa fecha, mantener a Hansi Flick como entrenador principal es una opci\\u00f3n expresamente muy concebible para el Bayern\\\", agrega\",\"inLanguage\":\"es-ES\",\"isPartOf\":{\"@id\":\"https:\\\/\\\/candas365.es\\\/noticias\\\/#website\"},\"breadcrumb\":{\"@id\":\"https:\\\/\\\/candas365.es\\\/noticias\\\/flick-continuara-como-tecnico-del-bayern-hasta-final-de-temporada\\\/#breadcrumblist\"},\"author\":{\"@id\":\"https:\\\/\\\/candas365.es\\\/noticias\\\/author\\\/admin\\\/#author\"},\"creator\":{\"@id\":\"https:\\\/\\\/candas365.es\\\/noticias\\\/author\\\/admin\\\/#author\"},\"image\":{\"@type\":\"ImageObject\",\"url\":\"https:\\\/\\\/candas365.es\\\/noticias\\\/wp-content\\\/uploads\\\/2019\\\/12\\\/Hansi-Flick-dpa-1.jpg\",\"@id\":\"https:\\\/\\\/candas365.es\\\/noticias\\\/flick-continuara-como-tecnico-del-bayern-hasta-final-de-temporada\\\/#mainImage\",\"width\":976,\"height\":662,\"caption\":\"Foto: Marius Becker\\\/dpa\"},\"primaryImageOfPage\":{\"@id\":\"https:\\\/\\\/candas365.es\\\/noticias\\\/flick-continuara-como-tecnico-del-bayern-hasta-final-de-temporada\\\/#mainImage\"},\"datePublished\":\"2019-12-22T20:01:32+01:00\",\"dateModified\":\"2019-12-22T20:01:32+01:00\"},{\"@type\":\"WebSite\",\"@id\":\"https:\\\/\\\/candas365.es\\\/noticias\\\/#website\",\"url\":\"https:\\\/\\\/candas365.es\\\/noticias\\\/\",\"name\":\"Cand\\u00e1s 365\",\"alternateName\":\"Cand\\u00e1s 365 Noticias\",\"description\":\"Actualidad desde Carre\\u00f1o para el mundo\",\"inLanguage\":\"es-ES\",\"publisher\":{\"@id\":\"https:\\\/\\\/candas365.es\\\/noticias\\\/#organization\"}}]}\n\t\t<\/script>\n\t\t<!-- All in One SEO Pro -->\r\n\t\t<title>Flick continuar\u00e1 como t\u00e9cnico del Bayern hasta final de temporada | Cand\u00e1s 365<\/title>\n\n","aioseo_head_json":{"title":"Flick continuar\u00e1 como t\u00e9cnico del Bayern hasta final de temporada | Cand\u00e1s 365","description":"M\u00fanich, 22 dic (dpa) - Hansi Flick continuar\u00e1 como t\u00e9cnico del Bayern M\u00fanich \"como m\u00ednimo\" hasta el final de la presente temporada, inform\u00f3 hoy el actual campe\u00f3n de la Bundesliga mediante un comunicado. \"M\u00e1s all\u00e1 de esa fecha, mantener a Hansi Flick como entrenador principal es una opci\u00f3n expresamente muy concebible para el Bayern\", agrega","canonical_url":"https:\/\/candas365.es\/noticias\/flick-continuara-como-tecnico-del-bayern-hasta-final-de-temporada\/","robots":"max-image-preview:large","keywords":"deporte","webmasterTools":{"google-site-verification":"UA-32230408-1","msvalidate.01":"354F3CDFB2DA171B47FBE9ABF1F88D5","miscellaneous":""},"schema":{"@context":"https:\/\/schema.org","@graph":[{"@type":"BreadcrumbList","@id":"https:\/\/candas365.es\/noticias\/flick-continuara-como-tecnico-del-bayern-hasta-final-de-temporada\/#breadcrumblist","itemListElement":[{"@type":"ListItem","@id":"https:\/\/candas365.es\/noticias#listItem","position":1,"name":"Home","item":"https:\/\/candas365.es\/noticias","nextItem":{"@type":"ListItem","@id":"https:\/\/candas365.es\/noticias\/category\/deporte\/#listItem","name":"Deporte"}},{"@type":"ListItem","@id":"https:\/\/candas365.es\/noticias\/category\/deporte\/#listItem","position":2,"name":"Deporte","item":"https:\/\/candas365.es\/noticias\/category\/deporte\/","nextItem":{"@type":"ListItem","@id":"https:\/\/candas365.es\/noticias\/flick-continuara-como-tecnico-del-bayern-hasta-final-de-temporada\/#listItem","name":"Flick continuar\u00e1 como t\u00e9cnico del Bayern hasta final de temporada"},"previousItem":{"@type":"ListItem","@id":"https:\/\/candas365.es\/noticias#listItem","name":"Home"}},{"@type":"ListItem","@id":"https:\/\/candas365.es\/noticias\/flick-continuara-como-tecnico-del-bayern-hasta-final-de-temporada\/#listItem","position":3,"name":"Flick continuar\u00e1 como t\u00e9cnico del Bayern hasta final de temporada","previousItem":{"@type":"ListItem","@id":"https:\/\/candas365.es\/noticias\/category\/deporte\/#listItem","name":"Deporte"}}]},{"@type":"NewsArticle","@id":"https:\/\/candas365.es\/noticias\/flick-continuara-como-tecnico-del-bayern-hasta-final-de-temporada\/#newsarticle","name":"Flick continuar\u00e1 como t\u00e9cnico del Bayern hasta final de temporada | Cand\u00e1s 365","headline":"Flick continuar\u00e1 como t\u00e9cnico del Bayern hasta final de temporada","author":{"@id":"https:\/\/candas365.es\/noticias\/author\/admin\/#author"},"publisher":{"@id":"https:\/\/candas365.es\/noticias\/#organization"},"image":{"@type":"ImageObject","url":"https:\/\/candas365.es\/noticias\/wp-content\/uploads\/2019\/12\/Hansi-Flick-dpa-1.jpg","width":976,"height":662,"caption":"Foto: Marius Becker\/dpa"},"datePublished":"2019-12-22T20:01:32+01:00","dateModified":"2019-12-22T20:01:32+01:00","inLanguage":"es-ES","mainEntityOfPage":{"@id":"https:\/\/candas365.es\/noticias\/flick-continuara-como-tecnico-del-bayern-hasta-final-de-temporada\/#webpage"},"isPartOf":{"@id":"https:\/\/candas365.es\/noticias\/flick-continuara-como-tecnico-del-bayern-hasta-final-de-temporada\/#webpage"},"articleSection":"Deporte","dateline":"Publicado el diciembre 22, 2019."},{"@type":"Organization","@id":"https:\/\/candas365.es\/noticias\/#organization","name":"Cand\u00e1s 365","description":"Cand\u00e1s 365 es un diario digital independiente, fundado en 2012, con base en Asturias. Informamos con rigor sobre actualidad, sociedad, cultura y ocio, con una mirada local y global.","url":"https:\/\/candas365.es\/noticias\/","email":"info@candas365.es","telephone":"+34652131393","foundingDate":"2012-06-10","logo":{"@type":"ImageObject","url":"https:\/\/candas365.es\/noticias\/wp-content\/uploads\/2024\/09\/Candas-365-Redes.jpg","@id":"https:\/\/candas365.es\/noticias\/flick-continuara-como-tecnico-del-bayern-hasta-final-de-temporada\/#organizationLogo","width":1152,"height":864,"caption":"Cand\u00e1s 365 Redes"},"image":{"@id":"https:\/\/candas365.es\/noticias\/flick-continuara-como-tecnico-del-bayern-hasta-final-de-temporada\/#organizationLogo"},"sameAs":["https:\/\/www.facebook.com\/Nachofdezber","https:\/\/x.com\/NabercoDigital","https:\/\/www.instagram.com\/nachofdezber\/","https:\/\/www.youtube.com\/channel\/UCZP-2wLEB9Rv6erhFmqVnvg"],"address":{"@id":"https:\/\/candas365.es\/noticias\/#postaladdress","@type":"PostalAddress","streetAddress":"san antonio 4, san antonio 4","postalCode":"33430","addressLocality":"Cand\u00e1s","addressRegion":"Asturias","addressCountry":"ES"}},{"@type":"Person","@id":"https:\/\/candas365.es\/noticias\/author\/admin\/#author","url":"https:\/\/candas365.es\/noticias\/author\/admin\/","name":"Cand\u00e1s 365","image":{"@type":"ImageObject","@id":"https:\/\/candas365.es\/noticias\/flick-continuara-como-tecnico-del-bayern-hasta-final-de-temporada\/#authorImage","url":"https:\/\/secure.gravatar.com\/avatar\/496a8e03d0c493ede1718b7934145dbdf8d89be1036b0eec9544e1094c9de390?s=96&d=mm&r=g","width":96,"height":96,"caption":"Cand\u00e1s 365"},"sameAs":["https:\/\/www.facebook.com\/carrenoactualidad","https:\/\/twitter.com\/nbasturias","https:\/\/www.instagram.com\/nachofdezber\/","https:\/\/www.youtube.com\/channel\/UCZP-2wLEB9Rv6erhFmqVnvg"]},{"@type":"WebPage","@id":"https:\/\/candas365.es\/noticias\/flick-continuara-como-tecnico-del-bayern-hasta-final-de-temporada\/#webpage","url":"https:\/\/candas365.es\/noticias\/flick-continuara-como-tecnico-del-bayern-hasta-final-de-temporada\/","name":"Flick continuar\u00e1 como t\u00e9cnico del Bayern hasta final de temporada | Cand\u00e1s 365","description":"M\u00fanich, 22 dic (dpa) - Hansi Flick continuar\u00e1 como t\u00e9cnico del Bayern M\u00fanich \"como m\u00ednimo\" hasta el final de la presente temporada, inform\u00f3 hoy el actual campe\u00f3n de la Bundesliga mediante un comunicado. \"M\u00e1s all\u00e1 de esa fecha, mantener a Hansi Flick como entrenador principal es una opci\u00f3n expresamente muy concebible para el Bayern\", agrega","inLanguage":"es-ES","isPartOf":{"@id":"https:\/\/candas365.es\/noticias\/#website"},"breadcrumb":{"@id":"https:\/\/candas365.es\/noticias\/flick-continuara-como-tecnico-del-bayern-hasta-final-de-temporada\/#breadcrumblist"},"author":{"@id":"https:\/\/candas365.es\/noticias\/author\/admin\/#author"},"creator":{"@id":"https:\/\/candas365.es\/noticias\/author\/admin\/#author"},"image":{"@type":"ImageObject","url":"https:\/\/candas365.es\/noticias\/wp-content\/uploads\/2019\/12\/Hansi-Flick-dpa-1.jpg","@id":"https:\/\/candas365.es\/noticias\/flick-continuara-como-tecnico-del-bayern-hasta-final-de-temporada\/#mainImage","width":976,"height":662,"caption":"Foto: Marius Becker\/dpa"},"primaryImageOfPage":{"@id":"https:\/\/candas365.es\/noticias\/flick-continuara-como-tecnico-del-bayern-hasta-final-de-temporada\/#mainImage"},"datePublished":"2019-12-22T20:01:32+01:00","dateModified":"2019-12-22T20:01:32+01:00"},{"@type":"WebSite","@id":"https:\/\/candas365.es\/noticias\/#website","url":"https:\/\/candas365.es\/noticias\/","name":"Cand\u00e1s 365","alternateName":"Cand\u00e1s 365 Noticias","description":"Actualidad desde Carre\u00f1o para el mundo","inLanguage":"es-ES","publisher":{"@id":"https:\/\/candas365.es\/noticias\/#organization"}}]},"og:locale":"es_ES","og:site_name":"Cand\u00e1s 365","og:type":"article","og:title":"Flick continuar\u00e1 como t\u00e9cnico del Bayern hasta final de temporada | Cand\u00e1s 365","og:description":"M\u00fanich, 22 dic (dpa) - Hansi Flick continuar\u00e1 como t\u00e9cnico del Bayern M\u00fanich &quot;como m\u00ednimo&quot; hasta el final de la presente temporada, inform\u00f3 hoy el actual campe\u00f3n de la Bundesliga mediante un comunicado. &quot;M\u00e1s all\u00e1 de esa fecha, mantener a Hansi Flick como entrenador principal es una opci\u00f3n expresamente muy concebible para el Bayern&quot;, agrega","og:url":"https:\/\/candas365.es\/noticias\/flick-continuara-como-tecnico-del-bayern-hasta-final-de-temporada\/","og:image":"https:\/\/candas365.es\/noticias\/wp-content\/uploads\/2019\/12\/Hansi-Flick-dpa-1.jpg","og:image:secure_url":"https:\/\/candas365.es\/noticias\/wp-content\/uploads\/2019\/12\/Hansi-Flick-dpa-1.jpg","og:image:width":976,"og:image:height":662,"article:published_time":"2019-12-22T20:01:32+00:00","article:modified_time":"2019-12-22T20:01:32+00:00","article:publisher":"https:\/\/www.facebook.com\/Nachofdezber","article:author":"https:\/\/www.facebook.com\/carrenoactualidad","twitter:card":"summary_large_image","twitter:site":"@NabercoDigital","twitter:title":"Flick continuar\u00e1 como t\u00e9cnico del Bayern hasta final de temporada | Cand\u00e1s 365","twitter:description":"M\u00fanich, 22 dic (dpa) - Hansi Flick continuar\u00e1 como t\u00e9cnico del Bayern M\u00fanich &quot;como m\u00ednimo&quot; hasta el final de la presente temporada, inform\u00f3 hoy el actual campe\u00f3n de la Bundesliga mediante un comunicado. &quot;M\u00e1s all\u00e1 de esa fecha, mantener a Hansi Flick como entrenador principal es una opci\u00f3n expresamente muy concebible para el Bayern&quot;, agrega","twitter:creator":"@nbasturias","twitter:image":"https:\/\/candas365.es\/noticias\/wp-content\/uploads\/2019\/12\/Hansi-Flick-dpa-1.jpg","twitter:label1":"Escrito por","twitter:data1":"Cand\u00e1s 365","twitter:label2":"Tiempo de lectura estimado","twitter:data2":"1 minuto"},"aioseo_meta_data":{"post_id":"135164","title":null,"description":null,"keywords":null,"keyphrases":null,"primary_term":null,"canonical_url":null,"og_title":null,"og_description":null,"og_object_type":"default","og_image_type":"default","og_image_url":null,"og_image_width":null,"og_image_height":null,"og_image_custom_url":null,"og_image_custom_fields":null,"og_video":null,"og_custom_url":null,"og_article_section":null,"og_article_tags":null,"twitter_use_og":false,"twitter_card":"default","twitter_image_type":"default","twitter_image_url":null,"twitter_image_custom_url":null,"twitter_image_custom_fields":null,"twitter_title":null,"twitter_description":null,"schema":{"blockGraphs":[],"customGraphs":[],"default":{"data":{"Article":[],"Course":[],"Dataset":[],"FAQPage":[],"Movie":[],"Person":[],"Product":[],"ProductReview":[],"Car":[],"Recipe":[],"Service":[],"SoftwareApplication":[],"WebPage":[]},"graphName":"","isEnabled":true},"graphs":[],"defaultGraph":"","defaultPostTypeGraph":""},"schema_type":null,"schema_type_options":null,"pillar_content":false,"robots_default":true,"robots_noindex":false,"robots_noarchive":false,"robots_nosnippet":false,"robots_nofollow":false,"robots_noimageindex":false,"robots_noodp":false,"robots_notranslate":false,"robots_max_snippet":null,"robots_max_videopreview":null,"robots_max_imagepreview":"large","priority":null,"frequency":null,"location":null,"local_seo":null,"seo_analyzer_scan_date":"2025-08-30 20:06:32","breadcrumb_settings":null,"limit_modified_date":false,"reviewed_by":null,"open_ai":null,"ai":null,"created":"2020-12-21 10:49:01","updated":"2025-08-30 20:06:32"},"aioseo_breadcrumb":"<div class=\"aioseo-breadcrumbs\"><span class=\"aioseo-breadcrumb\">\n\t<a href=\"https:\/\/candas365.es\/noticias\" title=\"Home\">Home<\/a>\n<\/span><span class=\"aioseo-breadcrumb-separator\">&ndash;<\/span><span class=\"aioseo-breadcrumb\">\n\t<a href=\"https:\/\/candas365.es\/noticias\/category\/deporte\/\" title=\"Deporte\">Deporte<\/a>\n<\/span><span class=\"aioseo-breadcrumb-separator\">&ndash;<\/span><span class=\"aioseo-breadcrumb\">\n\tFlick continuar\u00e1 como t\u00e9cnico del Bayern hasta final de temporada\n<\/span><\/div>","aioseo_breadcrumb_json":[{"label":"Home","link":"https:\/\/candas365.es\/noticias"},{"label":"Deporte","link":"https:\/\/candas365.es\/noticias\/category\/deporte\/"},{"label":"Flick continuar\u00e1 como t\u00e9cnico del Bayern hasta final de temporada","link":"https:\/\/candas365.es\/noticias\/flick-continuara-como-tecnico-del-bayern-hasta-final-de-temporada\/"}],"_links":{"self":[{"href":"https:\/\/candas365.es\/noticias\/wp-json\/wp\/v2\/posts\/135164","targetHints":{"allow":["GET"]}}],"collection":[{"href":"https:\/\/candas365.es\/noticias\/wp-json\/wp\/v2\/posts"}],"about":[{"href":"https:\/\/candas365.es\/noticias\/wp-json\/wp\/v2\/types\/post"}],"author":[{"embeddable":true,"href":"https:\/\/candas365.es\/noticias\/wp-json\/wp\/v2\/users\/1"}],"replies":[{"embeddable":true,"href":"https:\/\/candas365.es\/noticias\/wp-json\/wp\/v2\/comments?post=135164"}],"version-history":[{"count":0,"href":"https:\/\/candas365.es\/noticias\/wp-json\/wp\/v2\/posts\/135164\/revisions"}],"wp:featuredmedia":[{"embeddable":true,"href":"https:\/\/candas365.es\/noticias\/wp-json\/wp\/v2\/media\/135165"}],"wp:attachment":[{"href":"https:\/\/candas365.es\/noticias\/wp-json\/wp\/v2\/media?parent=135164"}],"wp:term":[{"taxonomy":"category","embeddable":true,"href":"https:\/\/candas365.es\/noticias\/wp-json\/wp\/v2\/categories?post=135164"},{"taxonomy":"post_tag","embeddable":true,"href":"https:\/\/candas365.es\/noticias\/wp-json\/wp\/v2\/tags?post=135164"}],"curies":[{"name":"wp","href":"https:\/\/api.w.org\/{rel}","templated":true}]}}