{"id":135125,"date":"2019-12-22T18:12:15","date_gmt":"2019-12-22T18:12:15","guid":{"rendered":"http:\/\/candas365.es\/noticias\/?p=135125"},"modified":"2019-12-22T18:12:15","modified_gmt":"2019-12-22T18:12:15","slug":"el-entrenador-del-gladbach-elogia-al-leipzig","status":"publish","type":"post","link":"https:\/\/candas365.es\/noticias\/el-entrenador-del-gladbach-elogia-al-leipzig\/","title":{"rendered":"El entrenador del Gladbach elogia al Leipzig"},"content":{"rendered":"<figure id=\"attachment_135126\" aria-describedby=\"caption-attachment-135126\" style=\"width: 360px\" class=\"wp-caption alignleft\"><img fetchpriority=\"high\" decoding=\"async\" class=\"size-medium wp-image-135126\" src=\"https:\/\/candas365.es\/noticias\/wp-content\/uploads\/2019\/12\/Marco-Rose-dpa-360x212.jpg\" alt=\"\" width=\"360\" height=\"212\" srcset=\"https:\/\/candas365.es\/noticias\/wp-content\/uploads\/2019\/12\/Marco-Rose-dpa-360x212.jpg 360w, https:\/\/candas365.es\/noticias\/wp-content\/uploads\/2019\/12\/Marco-Rose-dpa-655x386.jpg 655w, https:\/\/candas365.es\/noticias\/wp-content\/uploads\/2019\/12\/Marco-Rose-dpa-768x452.jpg 768w, https:\/\/candas365.es\/noticias\/wp-content\/uploads\/2019\/12\/Marco-Rose-dpa-696x410.jpg 696w, https:\/\/candas365.es\/noticias\/wp-content\/uploads\/2019\/12\/Marco-Rose-dpa-1068x629.jpg 1068w, https:\/\/candas365.es\/noticias\/wp-content\/uploads\/2019\/12\/Marco-Rose-dpa-713x420.jpg 713w, https:\/\/candas365.es\/noticias\/wp-content\/uploads\/2019\/12\/Marco-Rose-dpa.jpg 1099w\" sizes=\"(max-width: 360px) 100vw, 360px\" \/><figcaption id=\"caption-attachment-135126\" class=\"wp-caption-text\">Foto: Andreas Gora\/dpa<\/figcaption><\/figure>\n<p>Berl\u00edn, 22 dic (dpa) &#8211; El entrenador del Borussia M\u00f6nchengladbach, Marco Rose, elogi\u00f3 al Leipzig, reci\u00e9n coronado campe\u00f3n invernal de la Bundesliga, y se alegra de la actual competencia por alcanzar la cima de la tabla, seg\u00fan declar\u00f3 tras el empate sin goles del Gladbach contra el Hertha Berl\u00edn.<\/p>\n<p>Rose destac\u00f3 que el Leipzig cuenta con \u00abun equipo excepcional, un muy buen entrenador y una infraestructura de primera calidad. Ese es un club que se merece estar donde est\u00e1 y que tambi\u00e9n tiene derecho a aspirar a esta posici\u00f3n\u00bb.<\/p>\n<p>\u00abNosotros queremos continuar haciendo presi\u00f3n aqu\u00ed y all\u00e1 y seguir siendo inc\u00f3modos, eso es algo que hemos logrado\u00bb, agreg\u00f3 Rose.<\/p>\n<p>Por primera vez desde la temporada 2009-2010, el campe\u00f3n invernal de la Bundesliga no se llama Bayern M\u00fanich ni Borussia Dortmund.<\/p>\n<p>El Gladbach pasar\u00e1 el receso de fin de a\u00f1o dos puntos detr\u00e1s del Leipzig.<\/p>\n<p>\u00abNadie tiene que preocuparse por los dem\u00e1s equipos\u00bb, opin\u00f3 Rose.<\/p>\n<p>\u00ab(El entrenador del Leipzig) Julian Nagelsmann lo expres\u00f3 muy bien: hace uno o dos a\u00f1os, la Bundesliga era poco emocionante y todos protestaban por esto. Ahora es emocionante y ya aparecen algunos que se preocupan por la calidad de la liga. Hay que tomarlo como es, yo me siento muy a gusto en este momento\u00bb, a\u00f1adi\u00f3.<\/p>\n<p>Bajo la direcci\u00f3n de Rose en su primer a\u00f1o como t\u00e9cnico del Gladbach, el club termina la primera ronda de una temporada en la mejor posici\u00f3n desde 1976-1977, cuando se adjudic\u00f3 el campeonato.<\/p>\n","protected":false},"excerpt":{"rendered":"<p>Berl\u00edn, 22 dic (dpa) &#8211; El entrenador del Borussia M\u00f6nchengladbach, Marco Rose, elogi\u00f3 al Leipzig, reci\u00e9n coronado campe\u00f3n invernal de la Bundesliga, y se alegra de la actual competencia por alcanzar la cima de la tabla, seg\u00fan declar\u00f3 tras el empate sin goles del Gladbach contra el Hertha Berl\u00edn. Rose destac\u00f3 que el Leipzig cuenta<\/p>\n","protected":false},"author":1,"featured_media":135126,"comment_status":"closed","ping_status":"closed","sticky":false,"template":"","format":"standard","meta":{"footnotes":""},"categories":[319],"tags":[],"class_list":{"0":"post-135125","1":"post","2":"type-post","3":"status-publish","4":"format-standard","5":"has-post-thumbnail","7":"category-deporte"},"aioseo_notices":[],"aioseo_head":"\n\t\t<!-- All in One SEO Pro 4.9.6.2 - aioseo.com -->\n\t<meta name=\"description\" content=\"Berl\u00edn, 22 dic (dpa) - El entrenador del Borussia M\u00f6nchengladbach, Marco Rose, elogi\u00f3 al Leipzig, reci\u00e9n coronado campe\u00f3n invernal de la Bundesliga, y se alegra de la actual competencia por alcanzar la cima de la tabla, seg\u00fan declar\u00f3 tras el empate sin goles del Gladbach contra el Hertha Berl\u00edn. Rose destac\u00f3 que el Leipzig cuenta\" \/>\n\t<meta name=\"robots\" content=\"max-image-preview:large\" \/>\n\t<meta name=\"author\" content=\"Cand\u00e1s 365\"\/>\n\t<meta name=\"google-site-verification\" content=\"UA-32230408-1\" \/>\n\t<meta name=\"msvalidate.01\" content=\"354F3CDFB2DA171B47FBE9ABF1F88D5\" \/>\n\t<meta name=\"keywords\" content=\"deporte\" \/>\n\t<link rel=\"canonical\" href=\"https:\/\/candas365.es\/noticias\/el-entrenador-del-gladbach-elogia-al-leipzig\/\" \/>\n\t<meta name=\"generator\" content=\"All in One SEO Pro (AIOSEO) 4.9.6.2\" \/>\n\t\t<meta property=\"og:locale\" content=\"es_ES\" \/>\n\t\t<meta property=\"og:site_name\" content=\"Cand\u00e1s 365\" \/>\n\t\t<meta property=\"og:type\" content=\"article\" \/>\n\t\t<meta property=\"og:title\" content=\"El entrenador del Gladbach elogia al Leipzig | Cand\u00e1s 365\" \/>\n\t\t<meta property=\"og:description\" content=\"Berl\u00edn, 22 dic (dpa) - El entrenador del Borussia M\u00f6nchengladbach, Marco Rose, elogi\u00f3 al Leipzig, reci\u00e9n coronado campe\u00f3n invernal de la Bundesliga, y se alegra de la actual competencia por alcanzar la cima de la tabla, seg\u00fan declar\u00f3 tras el empate sin goles del Gladbach contra el Hertha Berl\u00edn. Rose destac\u00f3 que el Leipzig cuenta\" \/>\n\t\t<meta property=\"og:url\" content=\"https:\/\/candas365.es\/noticias\/el-entrenador-del-gladbach-elogia-al-leipzig\/\" \/>\n\t\t<meta property=\"og:image\" content=\"https:\/\/candas365.es\/noticias\/wp-content\/uploads\/2019\/12\/Marco-Rose-dpa.jpg\" \/>\n\t\t<meta property=\"og:image:secure_url\" content=\"https:\/\/candas365.es\/noticias\/wp-content\/uploads\/2019\/12\/Marco-Rose-dpa.jpg\" \/>\n\t\t<meta property=\"og:image:width\" content=\"1099\" \/>\n\t\t<meta property=\"og:image:height\" content=\"647\" \/>\n\t\t<meta property=\"article:published_time\" content=\"2019-12-22T18:12:15+00:00\" \/>\n\t\t<meta property=\"article:modified_time\" content=\"2019-12-22T18:12:15+00:00\" \/>\n\t\t<meta property=\"article:publisher\" content=\"https:\/\/www.facebook.com\/Nachofdezber\" \/>\n\t\t<meta property=\"article:author\" content=\"https:\/\/www.facebook.com\/carrenoactualidad\" \/>\n\t\t<meta name=\"twitter:card\" content=\"summary_large_image\" \/>\n\t\t<meta name=\"twitter:site\" content=\"@NabercoDigital\" \/>\n\t\t<meta name=\"twitter:title\" content=\"El entrenador del Gladbach elogia al Leipzig | Cand\u00e1s 365\" \/>\n\t\t<meta name=\"twitter:description\" content=\"Berl\u00edn, 22 dic (dpa) - El entrenador del Borussia M\u00f6nchengladbach, Marco Rose, elogi\u00f3 al Leipzig, reci\u00e9n coronado campe\u00f3n invernal de la Bundesliga, y se alegra de la actual competencia por alcanzar la cima de la tabla, seg\u00fan declar\u00f3 tras el empate sin goles del Gladbach contra el Hertha Berl\u00edn. Rose destac\u00f3 que el Leipzig cuenta\" \/>\n\t\t<meta name=\"twitter:creator\" content=\"@nbasturias\" \/>\n\t\t<meta name=\"twitter:image\" content=\"https:\/\/candas365.es\/noticias\/wp-content\/uploads\/2019\/12\/Marco-Rose-dpa.jpg\" \/>\n\t\t<meta name=\"twitter:label1\" content=\"Escrito por\" \/>\n\t\t<meta name=\"twitter:data1\" content=\"Cand\u00e1s 365\" \/>\n\t\t<meta name=\"twitter:label2\" content=\"Tiempo de lectura estimado\" \/>\n\t\t<meta name=\"twitter:data2\" content=\"1 minuto\" \/>\n\t\t<script type=\"application\/ld+json\" class=\"aioseo-schema\">\n\t\t\t{\"@context\":\"https:\\\/\\\/schema.org\",\"@graph\":[{\"@type\":\"BreadcrumbList\",\"@id\":\"https:\\\/\\\/candas365.es\\\/noticias\\\/el-entrenador-del-gladbach-elogia-al-leipzig\\\/#breadcrumblist\",\"itemListElement\":[{\"@type\":\"ListItem\",\"@id\":\"https:\\\/\\\/candas365.es\\\/noticias#listItem\",\"position\":1,\"name\":\"Home\",\"item\":\"https:\\\/\\\/candas365.es\\\/noticias\",\"nextItem\":{\"@type\":\"ListItem\",\"@id\":\"https:\\\/\\\/candas365.es\\\/noticias\\\/category\\\/deporte\\\/#listItem\",\"name\":\"Deporte\"}},{\"@type\":\"ListItem\",\"@id\":\"https:\\\/\\\/candas365.es\\\/noticias\\\/category\\\/deporte\\\/#listItem\",\"position\":2,\"name\":\"Deporte\",\"item\":\"https:\\\/\\\/candas365.es\\\/noticias\\\/category\\\/deporte\\\/\",\"nextItem\":{\"@type\":\"ListItem\",\"@id\":\"https:\\\/\\\/candas365.es\\\/noticias\\\/el-entrenador-del-gladbach-elogia-al-leipzig\\\/#listItem\",\"name\":\"El entrenador del Gladbach elogia al Leipzig\"},\"previousItem\":{\"@type\":\"ListItem\",\"@id\":\"https:\\\/\\\/candas365.es\\\/noticias#listItem\",\"name\":\"Home\"}},{\"@type\":\"ListItem\",\"@id\":\"https:\\\/\\\/candas365.es\\\/noticias\\\/el-entrenador-del-gladbach-elogia-al-leipzig\\\/#listItem\",\"position\":3,\"name\":\"El entrenador del Gladbach elogia al Leipzig\",\"previousItem\":{\"@type\":\"ListItem\",\"@id\":\"https:\\\/\\\/candas365.es\\\/noticias\\\/category\\\/deporte\\\/#listItem\",\"name\":\"Deporte\"}}]},{\"@type\":\"NewsArticle\",\"@id\":\"https:\\\/\\\/candas365.es\\\/noticias\\\/el-entrenador-del-gladbach-elogia-al-leipzig\\\/#newsarticle\",\"name\":\"El entrenador del Gladbach elogia al Leipzig | Cand\\u00e1s 365\",\"headline\":\"El entrenador del Gladbach elogia al Leipzig\",\"author\":{\"@id\":\"https:\\\/\\\/candas365.es\\\/noticias\\\/author\\\/admin\\\/#author\"},\"publisher\":{\"@id\":\"https:\\\/\\\/candas365.es\\\/noticias\\\/#organization\"},\"image\":{\"@type\":\"ImageObject\",\"url\":\"https:\\\/\\\/candas365.es\\\/noticias\\\/wp-content\\\/uploads\\\/2019\\\/12\\\/Marco-Rose-dpa.jpg\",\"width\":1099,\"height\":647,\"caption\":\"Foto: Andreas Gora\\\/dpa\"},\"datePublished\":\"2019-12-22T18:12:15+01:00\",\"dateModified\":\"2019-12-22T18:12:15+01:00\",\"inLanguage\":\"es-ES\",\"mainEntityOfPage\":{\"@id\":\"https:\\\/\\\/candas365.es\\\/noticias\\\/el-entrenador-del-gladbach-elogia-al-leipzig\\\/#webpage\"},\"isPartOf\":{\"@id\":\"https:\\\/\\\/candas365.es\\\/noticias\\\/el-entrenador-del-gladbach-elogia-al-leipzig\\\/#webpage\"},\"articleSection\":\"Deporte\",\"dateline\":\"Publicado el diciembre 22, 2019.\"},{\"@type\":\"Organization\",\"@id\":\"https:\\\/\\\/candas365.es\\\/noticias\\\/#organization\",\"name\":\"Cand\\u00e1s 365\",\"description\":\"Cand\\u00e1s 365 es un diario digital independiente, fundado en 2012, con base en Asturias. Informamos con rigor sobre actualidad, sociedad, cultura y ocio, con una mirada local y global.\",\"url\":\"https:\\\/\\\/candas365.es\\\/noticias\\\/\",\"email\":\"info@candas365.es\",\"telephone\":\"+34652131393\",\"foundingDate\":\"2012-06-10\",\"logo\":{\"@type\":\"ImageObject\",\"url\":\"https:\\\/\\\/candas365.es\\\/noticias\\\/wp-content\\\/uploads\\\/2024\\\/09\\\/Candas-365-Redes.jpg\",\"@id\":\"https:\\\/\\\/candas365.es\\\/noticias\\\/el-entrenador-del-gladbach-elogia-al-leipzig\\\/#organizationLogo\",\"width\":1152,\"height\":864,\"caption\":\"Cand\\u00e1s 365 Redes\"},\"image\":{\"@id\":\"https:\\\/\\\/candas365.es\\\/noticias\\\/el-entrenador-del-gladbach-elogia-al-leipzig\\\/#organizationLogo\"},\"sameAs\":[\"https:\\\/\\\/www.facebook.com\\\/Nachofdezber\",\"https:\\\/\\\/x.com\\\/NabercoDigital\",\"https:\\\/\\\/www.instagram.com\\\/nachofdezber\\\/\",\"https:\\\/\\\/www.youtube.com\\\/channel\\\/UCZP-2wLEB9Rv6erhFmqVnvg\"],\"address\":{\"@id\":\"https:\\\/\\\/candas365.es\\\/noticias\\\/#postaladdress\",\"@type\":\"PostalAddress\",\"streetAddress\":\"san antonio 4, san antonio 4\",\"postalCode\":\"33430\",\"addressLocality\":\"Cand\\u00e1s\",\"addressRegion\":\"Asturias\",\"addressCountry\":\"ES\"}},{\"@type\":\"Person\",\"@id\":\"https:\\\/\\\/candas365.es\\\/noticias\\\/author\\\/admin\\\/#author\",\"url\":\"https:\\\/\\\/candas365.es\\\/noticias\\\/author\\\/admin\\\/\",\"name\":\"Cand\\u00e1s 365\",\"image\":{\"@type\":\"ImageObject\",\"@id\":\"https:\\\/\\\/candas365.es\\\/noticias\\\/el-entrenador-del-gladbach-elogia-al-leipzig\\\/#authorImage\",\"url\":\"https:\\\/\\\/secure.gravatar.com\\\/avatar\\\/496a8e03d0c493ede1718b7934145dbdf8d89be1036b0eec9544e1094c9de390?s=96&d=mm&r=g\",\"width\":96,\"height\":96,\"caption\":\"Cand\\u00e1s 365\"},\"sameAs\":[\"https:\\\/\\\/www.facebook.com\\\/carrenoactualidad\",\"https:\\\/\\\/twitter.com\\\/nbasturias\",\"https:\\\/\\\/www.instagram.com\\\/nachofdezber\\\/\",\"https:\\\/\\\/www.youtube.com\\\/channel\\\/UCZP-2wLEB9Rv6erhFmqVnvg\"]},{\"@type\":\"WebPage\",\"@id\":\"https:\\\/\\\/candas365.es\\\/noticias\\\/el-entrenador-del-gladbach-elogia-al-leipzig\\\/#webpage\",\"url\":\"https:\\\/\\\/candas365.es\\\/noticias\\\/el-entrenador-del-gladbach-elogia-al-leipzig\\\/\",\"name\":\"El entrenador del Gladbach elogia al Leipzig | Cand\\u00e1s 365\",\"description\":\"Berl\\u00edn, 22 dic (dpa) - El entrenador del Borussia M\\u00f6nchengladbach, Marco Rose, elogi\\u00f3 al Leipzig, reci\\u00e9n coronado campe\\u00f3n invernal de la Bundesliga, y se alegra de la actual competencia por alcanzar la cima de la tabla, seg\\u00fan declar\\u00f3 tras el empate sin goles del Gladbach contra el Hertha Berl\\u00edn. Rose destac\\u00f3 que el Leipzig cuenta\",\"inLanguage\":\"es-ES\",\"isPartOf\":{\"@id\":\"https:\\\/\\\/candas365.es\\\/noticias\\\/#website\"},\"breadcrumb\":{\"@id\":\"https:\\\/\\\/candas365.es\\\/noticias\\\/el-entrenador-del-gladbach-elogia-al-leipzig\\\/#breadcrumblist\"},\"author\":{\"@id\":\"https:\\\/\\\/candas365.es\\\/noticias\\\/author\\\/admin\\\/#author\"},\"creator\":{\"@id\":\"https:\\\/\\\/candas365.es\\\/noticias\\\/author\\\/admin\\\/#author\"},\"image\":{\"@type\":\"ImageObject\",\"url\":\"https:\\\/\\\/candas365.es\\\/noticias\\\/wp-content\\\/uploads\\\/2019\\\/12\\\/Marco-Rose-dpa.jpg\",\"@id\":\"https:\\\/\\\/candas365.es\\\/noticias\\\/el-entrenador-del-gladbach-elogia-al-leipzig\\\/#mainImage\",\"width\":1099,\"height\":647,\"caption\":\"Foto: Andreas Gora\\\/dpa\"},\"primaryImageOfPage\":{\"@id\":\"https:\\\/\\\/candas365.es\\\/noticias\\\/el-entrenador-del-gladbach-elogia-al-leipzig\\\/#mainImage\"},\"datePublished\":\"2019-12-22T18:12:15+01:00\",\"dateModified\":\"2019-12-22T18:12:15+01:00\"},{\"@type\":\"WebSite\",\"@id\":\"https:\\\/\\\/candas365.es\\\/noticias\\\/#website\",\"url\":\"https:\\\/\\\/candas365.es\\\/noticias\\\/\",\"name\":\"Cand\\u00e1s 365\",\"alternateName\":\"Cand\\u00e1s 365 Noticias\",\"description\":\"Actualidad desde Carre\\u00f1o para el mundo\",\"inLanguage\":\"es-ES\",\"publisher\":{\"@id\":\"https:\\\/\\\/candas365.es\\\/noticias\\\/#organization\"}}]}\n\t\t<\/script>\n\t\t<!-- All in One SEO Pro -->\r\n\t\t<title>El entrenador del Gladbach elogia al Leipzig | Cand\u00e1s 365<\/title>\n\n","aioseo_head_json":{"title":"El entrenador del Gladbach elogia al Leipzig | Cand\u00e1s 365","description":"Berl\u00edn, 22 dic (dpa) - El entrenador del Borussia M\u00f6nchengladbach, Marco Rose, elogi\u00f3 al Leipzig, reci\u00e9n coronado campe\u00f3n invernal de la Bundesliga, y se alegra de la actual competencia por alcanzar la cima de la tabla, seg\u00fan declar\u00f3 tras el empate sin goles del Gladbach contra el Hertha Berl\u00edn. Rose destac\u00f3 que el Leipzig cuenta","canonical_url":"https:\/\/candas365.es\/noticias\/el-entrenador-del-gladbach-elogia-al-leipzig\/","robots":"max-image-preview:large","keywords":"deporte","webmasterTools":{"google-site-verification":"UA-32230408-1","msvalidate.01":"354F3CDFB2DA171B47FBE9ABF1F88D5","miscellaneous":""},"schema":{"@context":"https:\/\/schema.org","@graph":[{"@type":"BreadcrumbList","@id":"https:\/\/candas365.es\/noticias\/el-entrenador-del-gladbach-elogia-al-leipzig\/#breadcrumblist","itemListElement":[{"@type":"ListItem","@id":"https:\/\/candas365.es\/noticias#listItem","position":1,"name":"Home","item":"https:\/\/candas365.es\/noticias","nextItem":{"@type":"ListItem","@id":"https:\/\/candas365.es\/noticias\/category\/deporte\/#listItem","name":"Deporte"}},{"@type":"ListItem","@id":"https:\/\/candas365.es\/noticias\/category\/deporte\/#listItem","position":2,"name":"Deporte","item":"https:\/\/candas365.es\/noticias\/category\/deporte\/","nextItem":{"@type":"ListItem","@id":"https:\/\/candas365.es\/noticias\/el-entrenador-del-gladbach-elogia-al-leipzig\/#listItem","name":"El entrenador del Gladbach elogia al Leipzig"},"previousItem":{"@type":"ListItem","@id":"https:\/\/candas365.es\/noticias#listItem","name":"Home"}},{"@type":"ListItem","@id":"https:\/\/candas365.es\/noticias\/el-entrenador-del-gladbach-elogia-al-leipzig\/#listItem","position":3,"name":"El entrenador del Gladbach elogia al Leipzig","previousItem":{"@type":"ListItem","@id":"https:\/\/candas365.es\/noticias\/category\/deporte\/#listItem","name":"Deporte"}}]},{"@type":"NewsArticle","@id":"https:\/\/candas365.es\/noticias\/el-entrenador-del-gladbach-elogia-al-leipzig\/#newsarticle","name":"El entrenador del Gladbach elogia al Leipzig | Cand\u00e1s 365","headline":"El entrenador del Gladbach elogia al Leipzig","author":{"@id":"https:\/\/candas365.es\/noticias\/author\/admin\/#author"},"publisher":{"@id":"https:\/\/candas365.es\/noticias\/#organization"},"image":{"@type":"ImageObject","url":"https:\/\/candas365.es\/noticias\/wp-content\/uploads\/2019\/12\/Marco-Rose-dpa.jpg","width":1099,"height":647,"caption":"Foto: Andreas Gora\/dpa"},"datePublished":"2019-12-22T18:12:15+01:00","dateModified":"2019-12-22T18:12:15+01:00","inLanguage":"es-ES","mainEntityOfPage":{"@id":"https:\/\/candas365.es\/noticias\/el-entrenador-del-gladbach-elogia-al-leipzig\/#webpage"},"isPartOf":{"@id":"https:\/\/candas365.es\/noticias\/el-entrenador-del-gladbach-elogia-al-leipzig\/#webpage"},"articleSection":"Deporte","dateline":"Publicado el diciembre 22, 2019."},{"@type":"Organization","@id":"https:\/\/candas365.es\/noticias\/#organization","name":"Cand\u00e1s 365","description":"Cand\u00e1s 365 es un diario digital independiente, fundado en 2012, con base en Asturias. Informamos con rigor sobre actualidad, sociedad, cultura y ocio, con una mirada local y global.","url":"https:\/\/candas365.es\/noticias\/","email":"info@candas365.es","telephone":"+34652131393","foundingDate":"2012-06-10","logo":{"@type":"ImageObject","url":"https:\/\/candas365.es\/noticias\/wp-content\/uploads\/2024\/09\/Candas-365-Redes.jpg","@id":"https:\/\/candas365.es\/noticias\/el-entrenador-del-gladbach-elogia-al-leipzig\/#organizationLogo","width":1152,"height":864,"caption":"Cand\u00e1s 365 Redes"},"image":{"@id":"https:\/\/candas365.es\/noticias\/el-entrenador-del-gladbach-elogia-al-leipzig\/#organizationLogo"},"sameAs":["https:\/\/www.facebook.com\/Nachofdezber","https:\/\/x.com\/NabercoDigital","https:\/\/www.instagram.com\/nachofdezber\/","https:\/\/www.youtube.com\/channel\/UCZP-2wLEB9Rv6erhFmqVnvg"],"address":{"@id":"https:\/\/candas365.es\/noticias\/#postaladdress","@type":"PostalAddress","streetAddress":"san antonio 4, san antonio 4","postalCode":"33430","addressLocality":"Cand\u00e1s","addressRegion":"Asturias","addressCountry":"ES"}},{"@type":"Person","@id":"https:\/\/candas365.es\/noticias\/author\/admin\/#author","url":"https:\/\/candas365.es\/noticias\/author\/admin\/","name":"Cand\u00e1s 365","image":{"@type":"ImageObject","@id":"https:\/\/candas365.es\/noticias\/el-entrenador-del-gladbach-elogia-al-leipzig\/#authorImage","url":"https:\/\/secure.gravatar.com\/avatar\/496a8e03d0c493ede1718b7934145dbdf8d89be1036b0eec9544e1094c9de390?s=96&d=mm&r=g","width":96,"height":96,"caption":"Cand\u00e1s 365"},"sameAs":["https:\/\/www.facebook.com\/carrenoactualidad","https:\/\/twitter.com\/nbasturias","https:\/\/www.instagram.com\/nachofdezber\/","https:\/\/www.youtube.com\/channel\/UCZP-2wLEB9Rv6erhFmqVnvg"]},{"@type":"WebPage","@id":"https:\/\/candas365.es\/noticias\/el-entrenador-del-gladbach-elogia-al-leipzig\/#webpage","url":"https:\/\/candas365.es\/noticias\/el-entrenador-del-gladbach-elogia-al-leipzig\/","name":"El entrenador del Gladbach elogia al Leipzig | Cand\u00e1s 365","description":"Berl\u00edn, 22 dic (dpa) - El entrenador del Borussia M\u00f6nchengladbach, Marco Rose, elogi\u00f3 al Leipzig, reci\u00e9n coronado campe\u00f3n invernal de la Bundesliga, y se alegra de la actual competencia por alcanzar la cima de la tabla, seg\u00fan declar\u00f3 tras el empate sin goles del Gladbach contra el Hertha Berl\u00edn. Rose destac\u00f3 que el Leipzig cuenta","inLanguage":"es-ES","isPartOf":{"@id":"https:\/\/candas365.es\/noticias\/#website"},"breadcrumb":{"@id":"https:\/\/candas365.es\/noticias\/el-entrenador-del-gladbach-elogia-al-leipzig\/#breadcrumblist"},"author":{"@id":"https:\/\/candas365.es\/noticias\/author\/admin\/#author"},"creator":{"@id":"https:\/\/candas365.es\/noticias\/author\/admin\/#author"},"image":{"@type":"ImageObject","url":"https:\/\/candas365.es\/noticias\/wp-content\/uploads\/2019\/12\/Marco-Rose-dpa.jpg","@id":"https:\/\/candas365.es\/noticias\/el-entrenador-del-gladbach-elogia-al-leipzig\/#mainImage","width":1099,"height":647,"caption":"Foto: Andreas Gora\/dpa"},"primaryImageOfPage":{"@id":"https:\/\/candas365.es\/noticias\/el-entrenador-del-gladbach-elogia-al-leipzig\/#mainImage"},"datePublished":"2019-12-22T18:12:15+01:00","dateModified":"2019-12-22T18:12:15+01:00"},{"@type":"WebSite","@id":"https:\/\/candas365.es\/noticias\/#website","url":"https:\/\/candas365.es\/noticias\/","name":"Cand\u00e1s 365","alternateName":"Cand\u00e1s 365 Noticias","description":"Actualidad desde Carre\u00f1o para el mundo","inLanguage":"es-ES","publisher":{"@id":"https:\/\/candas365.es\/noticias\/#organization"}}]},"og:locale":"es_ES","og:site_name":"Cand\u00e1s 365","og:type":"article","og:title":"El entrenador del Gladbach elogia al Leipzig | Cand\u00e1s 365","og:description":"Berl\u00edn, 22 dic (dpa) - El entrenador del Borussia M\u00f6nchengladbach, Marco Rose, elogi\u00f3 al Leipzig, reci\u00e9n coronado campe\u00f3n invernal de la Bundesliga, y se alegra de la actual competencia por alcanzar la cima de la tabla, seg\u00fan declar\u00f3 tras el empate sin goles del Gladbach contra el Hertha Berl\u00edn. Rose destac\u00f3 que el Leipzig cuenta","og:url":"https:\/\/candas365.es\/noticias\/el-entrenador-del-gladbach-elogia-al-leipzig\/","og:image":"https:\/\/candas365.es\/noticias\/wp-content\/uploads\/2019\/12\/Marco-Rose-dpa.jpg","og:image:secure_url":"https:\/\/candas365.es\/noticias\/wp-content\/uploads\/2019\/12\/Marco-Rose-dpa.jpg","og:image:width":1099,"og:image:height":647,"article:published_time":"2019-12-22T18:12:15+00:00","article:modified_time":"2019-12-22T18:12:15+00:00","article:publisher":"https:\/\/www.facebook.com\/Nachofdezber","article:author":"https:\/\/www.facebook.com\/carrenoactualidad","twitter:card":"summary_large_image","twitter:site":"@NabercoDigital","twitter:title":"El entrenador del Gladbach elogia al Leipzig | Cand\u00e1s 365","twitter:description":"Berl\u00edn, 22 dic (dpa) - El entrenador del Borussia M\u00f6nchengladbach, Marco Rose, elogi\u00f3 al Leipzig, reci\u00e9n coronado campe\u00f3n invernal de la Bundesliga, y se alegra de la actual competencia por alcanzar la cima de la tabla, seg\u00fan declar\u00f3 tras el empate sin goles del Gladbach contra el Hertha Berl\u00edn. Rose destac\u00f3 que el Leipzig cuenta","twitter:creator":"@nbasturias","twitter:image":"https:\/\/candas365.es\/noticias\/wp-content\/uploads\/2019\/12\/Marco-Rose-dpa.jpg","twitter:label1":"Escrito por","twitter:data1":"Cand\u00e1s 365","twitter:label2":"Tiempo de lectura estimado","twitter:data2":"1 minuto"},"aioseo_meta_data":{"post_id":"135125","title":null,"description":null,"keywords":null,"keyphrases":null,"primary_term":null,"canonical_url":null,"og_title":null,"og_description":null,"og_object_type":"default","og_image_type":"default","og_image_url":null,"og_image_width":null,"og_image_height":null,"og_image_custom_url":null,"og_image_custom_fields":null,"og_video":null,"og_custom_url":null,"og_article_section":null,"og_article_tags":null,"twitter_use_og":false,"twitter_card":"default","twitter_image_type":"default","twitter_image_url":null,"twitter_image_custom_url":null,"twitter_image_custom_fields":null,"twitter_title":null,"twitter_description":null,"schema":{"blockGraphs":[],"customGraphs":[],"default":{"data":{"Article":[],"Course":[],"Dataset":[],"FAQPage":[],"Movie":[],"Person":[],"Product":[],"ProductReview":[],"Car":[],"Recipe":[],"Service":[],"SoftwareApplication":[],"WebPage":[]},"graphName":"","isEnabled":true},"graphs":[]},"schema_type":null,"schema_type_options":null,"pillar_content":false,"robots_default":true,"robots_noindex":false,"robots_noarchive":false,"robots_nosnippet":false,"robots_nofollow":false,"robots_noimageindex":false,"robots_noodp":false,"robots_notranslate":false,"robots_max_snippet":null,"robots_max_videopreview":null,"robots_max_imagepreview":"large","priority":null,"frequency":null,"location":null,"local_seo":null,"seo_analyzer_scan_date":"2025-08-30 20:03:13","breadcrumb_settings":null,"limit_modified_date":false,"reviewed_by":null,"open_ai":null,"ai":null,"created":"2020-12-21 10:49:01","updated":"2025-08-30 20:03:13"},"aioseo_breadcrumb":"<div class=\"aioseo-breadcrumbs\"><span class=\"aioseo-breadcrumb\">\n\t<a href=\"https:\/\/candas365.es\/noticias\" title=\"Home\">Home<\/a>\n<\/span><span class=\"aioseo-breadcrumb-separator\">&ndash;<\/span><span class=\"aioseo-breadcrumb\">\n\t<a href=\"https:\/\/candas365.es\/noticias\/category\/deporte\/\" title=\"Deporte\">Deporte<\/a>\n<\/span><span class=\"aioseo-breadcrumb-separator\">&ndash;<\/span><span class=\"aioseo-breadcrumb\">\n\tEl entrenador del Gladbach elogia al Leipzig\n<\/span><\/div>","aioseo_breadcrumb_json":[{"label":"Home","link":"https:\/\/candas365.es\/noticias"},{"label":"Deporte","link":"https:\/\/candas365.es\/noticias\/category\/deporte\/"},{"label":"El entrenador del Gladbach elogia al Leipzig","link":"https:\/\/candas365.es\/noticias\/el-entrenador-del-gladbach-elogia-al-leipzig\/"}],"_links":{"self":[{"href":"https:\/\/candas365.es\/noticias\/wp-json\/wp\/v2\/posts\/135125","targetHints":{"allow":["GET"]}}],"collection":[{"href":"https:\/\/candas365.es\/noticias\/wp-json\/wp\/v2\/posts"}],"about":[{"href":"https:\/\/candas365.es\/noticias\/wp-json\/wp\/v2\/types\/post"}],"author":[{"embeddable":true,"href":"https:\/\/candas365.es\/noticias\/wp-json\/wp\/v2\/users\/1"}],"replies":[{"embeddable":true,"href":"https:\/\/candas365.es\/noticias\/wp-json\/wp\/v2\/comments?post=135125"}],"version-history":[{"count":0,"href":"https:\/\/candas365.es\/noticias\/wp-json\/wp\/v2\/posts\/135125\/revisions"}],"wp:featuredmedia":[{"embeddable":true,"href":"https:\/\/candas365.es\/noticias\/wp-json\/wp\/v2\/media\/135126"}],"wp:attachment":[{"href":"https:\/\/candas365.es\/noticias\/wp-json\/wp\/v2\/media?parent=135125"}],"wp:term":[{"taxonomy":"category","embeddable":true,"href":"https:\/\/candas365.es\/noticias\/wp-json\/wp\/v2\/categories?post=135125"},{"taxonomy":"post_tag","embeddable":true,"href":"https:\/\/candas365.es\/noticias\/wp-json\/wp\/v2\/tags?post=135125"}],"curies":[{"name":"wp","href":"https:\/\/api.w.org\/{rel}","templated":true}]}}