{"id":135057,"date":"2019-12-21T12:08:32","date_gmt":"2019-12-21T12:08:32","guid":{"rendered":"http:\/\/candas365.es\/noticias\/?p=135057"},"modified":"2019-12-21T12:08:32","modified_gmt":"2019-12-21T12:08:32","slug":"asturias-pendiente-del-nuevo-temporal","status":"publish","type":"post","link":"https:\/\/candas365.es\/noticias\/asturias-pendiente-del-nuevo-temporal\/","title":{"rendered":"Asturias pendiente del nuevo temporal"},"content":{"rendered":"<p><img fetchpriority=\"high\" decoding=\"async\" class=\"alignleft size-medium wp-image-133896\" src=\"https:\/\/candas365.es\/noticias\/wp-content\/uploads\/2019\/11\/beach-768587_1280-360x210.jpg\" alt=\"\" width=\"360\" height=\"210\" srcset=\"https:\/\/candas365.es\/noticias\/wp-content\/uploads\/2019\/11\/beach-768587_1280-360x210.jpg 360w, https:\/\/candas365.es\/noticias\/wp-content\/uploads\/2019\/11\/beach-768587_1280-655x382.jpg 655w, https:\/\/candas365.es\/noticias\/wp-content\/uploads\/2019\/11\/beach-768587_1280-768x448.jpg 768w, https:\/\/candas365.es\/noticias\/wp-content\/uploads\/2019\/11\/beach-768587_1280-696x406.jpg 696w, https:\/\/candas365.es\/noticias\/wp-content\/uploads\/2019\/11\/beach-768587_1280-1068x623.jpg 1068w, https:\/\/candas365.es\/noticias\/wp-content\/uploads\/2019\/11\/beach-768587_1280-720x420.jpg 720w, https:\/\/candas365.es\/noticias\/wp-content\/uploads\/2019\/11\/beach-768587_1280.jpg 1280w\" sizes=\"(max-width: 360px) 100vw, 360px\" \/>Ante las previsiones de la Agencia Estatal de Meteorolog\u00eda (AEMET) para las pr\u00f3ximas horas de hoy s\u00e1bado, 21 de diciembre, por fuertes rachas de viento, que pueden ser de hasta 140 km\/h en el suroccidente asturiano, la Consejera de Presidencia, Rita Camblor, ha activado el Plan Territorial de Protecci\u00f3n Civil del Principado de Asturias (PLATERPA), en fase de alerta 1, a las 9:06 horas de hoy s\u00e1bado.<\/p>\n<p>Se declara esta fase cuando se realizan medidas de seguimiento de los par\u00e1metros que provocan la alerta y de las zonas, bienes y poblaci\u00f3n que se pudiera ver afectada.<\/p>\n<p>La Agencia Estatal de Meteorolog\u00eda (AEMET) ha emitido un aviso rojo por viento para el suroccidente de Asturias, para hoy s\u00e1bado 21 de diciembre, desde las 15 horas hasta las 00.00 del domingo 22. El aviso rojo tambi\u00e9n es por fen\u00f3menos costeros para hoy y ma\u00f1ana domingo.<\/p>\n<p>La AEMET tambi\u00e9n ha emitido un aviso naranja por rachas de viento de 120 kil\u00f3metros en el suroccidente asturiano, desde las 6 hasta las 15 horas de hoy s\u00e1bado, y desde las 12 hasta las 00.00 horas de ma\u00f1ana domingo, en la Cordillera y Picos de Europa y rachas de 110 kil\u00f3metros desde las 12 hasta las 00.00 horas de ma\u00f1ana domingo, en el litoral occidental asturiano.<\/p>\n<p>Ante esta situaci\u00f3n desde el Servicio de Emergencias del Principado de Asturias (SEPA) se reitera a la poblaci\u00f3n que extremen las precauciones. No se acerquen a los acantilados, paseos mar\u00edtimos y zonas peligrosas donde las fuertes rachas de viento pueden provocar ca\u00eddas y en la costa pueden resultar arrastrados por un golpe de mar. Eviten los desplazamientos por carretera y, si es necesario hacerlos, presten especial atenci\u00f3n ante la posible presencia de obst\u00e1culos en la v\u00eda; en su vivienda revise los anclajes de los elementos fijados en el exterior del edificio y si tiene que salir preste especial atenci\u00f3n ante el peligro de desprendimientos de cornisas u otros materiales que puedan caer de altura.<\/p>\n<p>&nbsp;<\/p>\n","protected":false},"excerpt":{"rendered":"<p>Ante las previsiones de la Agencia Estatal de Meteorolog\u00eda (AEMET) para las pr\u00f3ximas horas de hoy s\u00e1bado, 21 de diciembre, por fuertes rachas de viento, que pueden ser de hasta 140 km\/h en el suroccidente asturiano, la Consejera de Presidencia, Rita Camblor, ha activado el Plan Territorial de Protecci\u00f3n Civil del Principado de Asturias (PLATERPA),<\/p>\n","protected":false},"author":1,"featured_media":133896,"comment_status":"closed","ping_status":"closed","sticky":false,"template":"","format":"standard","meta":{"footnotes":""},"categories":[1],"tags":[],"class_list":{"0":"post-135057","1":"post","2":"type-post","3":"status-publish","4":"format-standard","5":"has-post-thumbnail","7":"category-agenda"},"aioseo_notices":[],"aioseo_head":"\n\t\t<!-- All in One SEO Pro 4.9.6.2 - aioseo.com -->\n\t<meta name=\"description\" content=\"Ante las previsiones de la Agencia Estatal de Meteorolog\u00eda (AEMET) para las pr\u00f3ximas horas de hoy s\u00e1bado, 21 de diciembre, por fuertes rachas de viento, que pueden ser de hasta 140 km\/h en el suroccidente asturiano, la Consejera de Presidencia, Rita Camblor, ha activado el Plan Territorial de Protecci\u00f3n Civil del Principado de Asturias (PLATERPA),\" \/>\n\t<meta name=\"robots\" content=\"max-image-preview:large\" \/>\n\t<meta name=\"author\" content=\"Cand\u00e1s 365\"\/>\n\t<meta name=\"google-site-verification\" content=\"UA-32230408-1\" \/>\n\t<meta name=\"msvalidate.01\" content=\"354F3CDFB2DA171B47FBE9ABF1F88D5\" \/>\n\t<meta name=\"keywords\" content=\"agenda\" \/>\n\t<link rel=\"canonical\" href=\"https:\/\/candas365.es\/noticias\/asturias-pendiente-del-nuevo-temporal\/\" \/>\n\t<meta name=\"generator\" content=\"All in One SEO Pro (AIOSEO) 4.9.6.2\" \/>\n\t\t<meta property=\"og:locale\" content=\"es_ES\" \/>\n\t\t<meta property=\"og:site_name\" content=\"Cand\u00e1s 365\" \/>\n\t\t<meta property=\"og:type\" content=\"article\" \/>\n\t\t<meta property=\"og:title\" content=\"Asturias pendiente del nuevo temporal | Cand\u00e1s 365\" \/>\n\t\t<meta property=\"og:description\" content=\"Ante las previsiones de la Agencia Estatal de Meteorolog\u00eda (AEMET) para las pr\u00f3ximas horas de hoy s\u00e1bado, 21 de diciembre, por fuertes rachas de viento, que pueden ser de hasta 140 km\/h en el suroccidente asturiano, la Consejera de Presidencia, Rita Camblor, ha activado el Plan Territorial de Protecci\u00f3n Civil del Principado de Asturias (PLATERPA),\" \/>\n\t\t<meta property=\"og:url\" content=\"https:\/\/candas365.es\/noticias\/asturias-pendiente-del-nuevo-temporal\/\" \/>\n\t\t<meta property=\"og:image\" content=\"https:\/\/candas365.es\/noticias\/wp-content\/uploads\/2019\/11\/beach-768587_1280.jpg\" \/>\n\t\t<meta property=\"og:image:secure_url\" content=\"https:\/\/candas365.es\/noticias\/wp-content\/uploads\/2019\/11\/beach-768587_1280.jpg\" \/>\n\t\t<meta property=\"og:image:width\" content=\"1280\" \/>\n\t\t<meta property=\"og:image:height\" content=\"747\" \/>\n\t\t<meta property=\"article:published_time\" content=\"2019-12-21T12:08:32+00:00\" \/>\n\t\t<meta property=\"article:modified_time\" content=\"2019-12-21T12:08:32+00:00\" \/>\n\t\t<meta property=\"article:publisher\" content=\"https:\/\/www.facebook.com\/Nachofdezber\" \/>\n\t\t<meta property=\"article:author\" content=\"https:\/\/www.facebook.com\/carrenoactualidad\" \/>\n\t\t<meta name=\"twitter:card\" content=\"summary_large_image\" \/>\n\t\t<meta name=\"twitter:site\" content=\"@NabercoDigital\" \/>\n\t\t<meta name=\"twitter:title\" content=\"Asturias pendiente del nuevo temporal | Cand\u00e1s 365\" \/>\n\t\t<meta name=\"twitter:description\" content=\"Ante las previsiones de la Agencia Estatal de Meteorolog\u00eda (AEMET) para las pr\u00f3ximas horas de hoy s\u00e1bado, 21 de diciembre, por fuertes rachas de viento, que pueden ser de hasta 140 km\/h en el suroccidente asturiano, la Consejera de Presidencia, Rita Camblor, ha activado el Plan Territorial de Protecci\u00f3n Civil del Principado de Asturias (PLATERPA),\" \/>\n\t\t<meta name=\"twitter:creator\" content=\"@nbasturias\" \/>\n\t\t<meta name=\"twitter:image\" content=\"https:\/\/candas365.es\/noticias\/wp-content\/uploads\/2019\/11\/beach-768587_1280.jpg\" \/>\n\t\t<meta name=\"twitter:label1\" content=\"Escrito por\" \/>\n\t\t<meta name=\"twitter:data1\" content=\"Cand\u00e1s 365\" \/>\n\t\t<meta name=\"twitter:label2\" content=\"Tiempo de lectura estimado\" \/>\n\t\t<meta name=\"twitter:data2\" content=\"2 minutos\" \/>\n\t\t<script type=\"application\/ld+json\" class=\"aioseo-schema\">\n\t\t\t{\"@context\":\"https:\\\/\\\/schema.org\",\"@graph\":[{\"@type\":\"BreadcrumbList\",\"@id\":\"https:\\\/\\\/candas365.es\\\/noticias\\\/asturias-pendiente-del-nuevo-temporal\\\/#breadcrumblist\",\"itemListElement\":[{\"@type\":\"ListItem\",\"@id\":\"https:\\\/\\\/candas365.es\\\/noticias#listItem\",\"position\":1,\"name\":\"Home\",\"item\":\"https:\\\/\\\/candas365.es\\\/noticias\",\"nextItem\":{\"@type\":\"ListItem\",\"@id\":\"https:\\\/\\\/candas365.es\\\/noticias\\\/category\\\/agenda\\\/#listItem\",\"name\":\"Agenda\"}},{\"@type\":\"ListItem\",\"@id\":\"https:\\\/\\\/candas365.es\\\/noticias\\\/category\\\/agenda\\\/#listItem\",\"position\":2,\"name\":\"Agenda\",\"item\":\"https:\\\/\\\/candas365.es\\\/noticias\\\/category\\\/agenda\\\/\",\"nextItem\":{\"@type\":\"ListItem\",\"@id\":\"https:\\\/\\\/candas365.es\\\/noticias\\\/asturias-pendiente-del-nuevo-temporal\\\/#listItem\",\"name\":\"Asturias pendiente del nuevo temporal\"},\"previousItem\":{\"@type\":\"ListItem\",\"@id\":\"https:\\\/\\\/candas365.es\\\/noticias#listItem\",\"name\":\"Home\"}},{\"@type\":\"ListItem\",\"@id\":\"https:\\\/\\\/candas365.es\\\/noticias\\\/asturias-pendiente-del-nuevo-temporal\\\/#listItem\",\"position\":3,\"name\":\"Asturias pendiente del nuevo temporal\",\"previousItem\":{\"@type\":\"ListItem\",\"@id\":\"https:\\\/\\\/candas365.es\\\/noticias\\\/category\\\/agenda\\\/#listItem\",\"name\":\"Agenda\"}}]},{\"@type\":\"NewsArticle\",\"@id\":\"https:\\\/\\\/candas365.es\\\/noticias\\\/asturias-pendiente-del-nuevo-temporal\\\/#newsarticle\",\"name\":\"Asturias pendiente del nuevo temporal | Cand\\u00e1s 365\",\"headline\":\"Asturias pendiente del nuevo temporal\",\"author\":{\"@id\":\"https:\\\/\\\/candas365.es\\\/noticias\\\/author\\\/admin\\\/#author\"},\"publisher\":{\"@id\":\"https:\\\/\\\/candas365.es\\\/noticias\\\/#organization\"},\"image\":{\"@type\":\"ImageObject\",\"url\":\"https:\\\/\\\/candas365.es\\\/noticias\\\/wp-content\\\/uploads\\\/2019\\\/11\\\/beach-768587_1280.jpg\",\"width\":1280,\"height\":747},\"datePublished\":\"2019-12-21T12:08:32+01:00\",\"dateModified\":\"2019-12-21T12:08:32+01:00\",\"inLanguage\":\"es-ES\",\"mainEntityOfPage\":{\"@id\":\"https:\\\/\\\/candas365.es\\\/noticias\\\/asturias-pendiente-del-nuevo-temporal\\\/#webpage\"},\"isPartOf\":{\"@id\":\"https:\\\/\\\/candas365.es\\\/noticias\\\/asturias-pendiente-del-nuevo-temporal\\\/#webpage\"},\"articleSection\":\"Agenda\",\"dateline\":\"Publicado el diciembre 21, 2019.\"},{\"@type\":\"Organization\",\"@id\":\"https:\\\/\\\/candas365.es\\\/noticias\\\/#organization\",\"name\":\"Cand\\u00e1s 365\",\"description\":\"Cand\\u00e1s 365 es un diario digital independiente, fundado en 2012, con base en Asturias. Informamos con rigor sobre actualidad, sociedad, cultura y ocio, con una mirada local y global.\",\"url\":\"https:\\\/\\\/candas365.es\\\/noticias\\\/\",\"email\":\"info@candas365.es\",\"telephone\":\"+34652131393\",\"foundingDate\":\"2012-06-10\",\"logo\":{\"@type\":\"ImageObject\",\"url\":\"https:\\\/\\\/candas365.es\\\/noticias\\\/wp-content\\\/uploads\\\/2024\\\/09\\\/Candas-365-Redes.jpg\",\"@id\":\"https:\\\/\\\/candas365.es\\\/noticias\\\/asturias-pendiente-del-nuevo-temporal\\\/#organizationLogo\",\"width\":1152,\"height\":864,\"caption\":\"Cand\\u00e1s 365 Redes\"},\"image\":{\"@id\":\"https:\\\/\\\/candas365.es\\\/noticias\\\/asturias-pendiente-del-nuevo-temporal\\\/#organizationLogo\"},\"sameAs\":[\"https:\\\/\\\/www.facebook.com\\\/Nachofdezber\",\"https:\\\/\\\/x.com\\\/NabercoDigital\",\"https:\\\/\\\/www.instagram.com\\\/nachofdezber\\\/\",\"https:\\\/\\\/www.youtube.com\\\/channel\\\/UCZP-2wLEB9Rv6erhFmqVnvg\"],\"address\":{\"@id\":\"https:\\\/\\\/candas365.es\\\/noticias\\\/#postaladdress\",\"@type\":\"PostalAddress\",\"streetAddress\":\"san antonio 4, san antonio 4\",\"postalCode\":\"33430\",\"addressLocality\":\"Cand\\u00e1s\",\"addressRegion\":\"Asturias\",\"addressCountry\":\"ES\"}},{\"@type\":\"Person\",\"@id\":\"https:\\\/\\\/candas365.es\\\/noticias\\\/author\\\/admin\\\/#author\",\"url\":\"https:\\\/\\\/candas365.es\\\/noticias\\\/author\\\/admin\\\/\",\"name\":\"Cand\\u00e1s 365\",\"image\":{\"@type\":\"ImageObject\",\"@id\":\"https:\\\/\\\/candas365.es\\\/noticias\\\/asturias-pendiente-del-nuevo-temporal\\\/#authorImage\",\"url\":\"https:\\\/\\\/secure.gravatar.com\\\/avatar\\\/496a8e03d0c493ede1718b7934145dbdf8d89be1036b0eec9544e1094c9de390?s=96&d=mm&r=g\",\"width\":96,\"height\":96,\"caption\":\"Cand\\u00e1s 365\"},\"sameAs\":[\"https:\\\/\\\/www.facebook.com\\\/carrenoactualidad\",\"https:\\\/\\\/twitter.com\\\/nbasturias\",\"https:\\\/\\\/www.instagram.com\\\/nachofdezber\\\/\",\"https:\\\/\\\/www.youtube.com\\\/channel\\\/UCZP-2wLEB9Rv6erhFmqVnvg\"]},{\"@type\":\"WebPage\",\"@id\":\"https:\\\/\\\/candas365.es\\\/noticias\\\/asturias-pendiente-del-nuevo-temporal\\\/#webpage\",\"url\":\"https:\\\/\\\/candas365.es\\\/noticias\\\/asturias-pendiente-del-nuevo-temporal\\\/\",\"name\":\"Asturias pendiente del nuevo temporal | Cand\\u00e1s 365\",\"description\":\"Ante las previsiones de la Agencia Estatal de Meteorolog\\u00eda (AEMET) para las pr\\u00f3ximas horas de hoy s\\u00e1bado, 21 de diciembre, por fuertes rachas de viento, que pueden ser de hasta 140 km\\\/h en el suroccidente asturiano, la Consejera de Presidencia, Rita Camblor, ha activado el Plan Territorial de Protecci\\u00f3n Civil del Principado de Asturias (PLATERPA),\",\"inLanguage\":\"es-ES\",\"isPartOf\":{\"@id\":\"https:\\\/\\\/candas365.es\\\/noticias\\\/#website\"},\"breadcrumb\":{\"@id\":\"https:\\\/\\\/candas365.es\\\/noticias\\\/asturias-pendiente-del-nuevo-temporal\\\/#breadcrumblist\"},\"author\":{\"@id\":\"https:\\\/\\\/candas365.es\\\/noticias\\\/author\\\/admin\\\/#author\"},\"creator\":{\"@id\":\"https:\\\/\\\/candas365.es\\\/noticias\\\/author\\\/admin\\\/#author\"},\"image\":{\"@type\":\"ImageObject\",\"url\":\"https:\\\/\\\/candas365.es\\\/noticias\\\/wp-content\\\/uploads\\\/2019\\\/11\\\/beach-768587_1280.jpg\",\"@id\":\"https:\\\/\\\/candas365.es\\\/noticias\\\/asturias-pendiente-del-nuevo-temporal\\\/#mainImage\",\"width\":1280,\"height\":747},\"primaryImageOfPage\":{\"@id\":\"https:\\\/\\\/candas365.es\\\/noticias\\\/asturias-pendiente-del-nuevo-temporal\\\/#mainImage\"},\"datePublished\":\"2019-12-21T12:08:32+01:00\",\"dateModified\":\"2019-12-21T12:08:32+01:00\"},{\"@type\":\"WebSite\",\"@id\":\"https:\\\/\\\/candas365.es\\\/noticias\\\/#website\",\"url\":\"https:\\\/\\\/candas365.es\\\/noticias\\\/\",\"name\":\"Cand\\u00e1s 365\",\"alternateName\":\"Cand\\u00e1s 365 Noticias\",\"description\":\"Actualidad desde Carre\\u00f1o para el mundo\",\"inLanguage\":\"es-ES\",\"publisher\":{\"@id\":\"https:\\\/\\\/candas365.es\\\/noticias\\\/#organization\"}}]}\n\t\t<\/script>\n\t\t<!-- All in One SEO Pro -->\r\n\t\t<title>Asturias pendiente del nuevo temporal | Cand\u00e1s 365<\/title>\n\n","aioseo_head_json":{"title":"Asturias pendiente del nuevo temporal | Cand\u00e1s 365","description":"Ante las previsiones de la Agencia Estatal de Meteorolog\u00eda (AEMET) para las pr\u00f3ximas horas de hoy s\u00e1bado, 21 de diciembre, por fuertes rachas de viento, que pueden ser de hasta 140 km\/h en el suroccidente asturiano, la Consejera de Presidencia, Rita Camblor, ha activado el Plan Territorial de Protecci\u00f3n Civil del Principado de Asturias (PLATERPA),","canonical_url":"https:\/\/candas365.es\/noticias\/asturias-pendiente-del-nuevo-temporal\/","robots":"max-image-preview:large","keywords":"agenda","webmasterTools":{"google-site-verification":"UA-32230408-1","msvalidate.01":"354F3CDFB2DA171B47FBE9ABF1F88D5","miscellaneous":""},"schema":{"@context":"https:\/\/schema.org","@graph":[{"@type":"BreadcrumbList","@id":"https:\/\/candas365.es\/noticias\/asturias-pendiente-del-nuevo-temporal\/#breadcrumblist","itemListElement":[{"@type":"ListItem","@id":"https:\/\/candas365.es\/noticias#listItem","position":1,"name":"Home","item":"https:\/\/candas365.es\/noticias","nextItem":{"@type":"ListItem","@id":"https:\/\/candas365.es\/noticias\/category\/agenda\/#listItem","name":"Agenda"}},{"@type":"ListItem","@id":"https:\/\/candas365.es\/noticias\/category\/agenda\/#listItem","position":2,"name":"Agenda","item":"https:\/\/candas365.es\/noticias\/category\/agenda\/","nextItem":{"@type":"ListItem","@id":"https:\/\/candas365.es\/noticias\/asturias-pendiente-del-nuevo-temporal\/#listItem","name":"Asturias pendiente del nuevo temporal"},"previousItem":{"@type":"ListItem","@id":"https:\/\/candas365.es\/noticias#listItem","name":"Home"}},{"@type":"ListItem","@id":"https:\/\/candas365.es\/noticias\/asturias-pendiente-del-nuevo-temporal\/#listItem","position":3,"name":"Asturias pendiente del nuevo temporal","previousItem":{"@type":"ListItem","@id":"https:\/\/candas365.es\/noticias\/category\/agenda\/#listItem","name":"Agenda"}}]},{"@type":"NewsArticle","@id":"https:\/\/candas365.es\/noticias\/asturias-pendiente-del-nuevo-temporal\/#newsarticle","name":"Asturias pendiente del nuevo temporal | Cand\u00e1s 365","headline":"Asturias pendiente del nuevo temporal","author":{"@id":"https:\/\/candas365.es\/noticias\/author\/admin\/#author"},"publisher":{"@id":"https:\/\/candas365.es\/noticias\/#organization"},"image":{"@type":"ImageObject","url":"https:\/\/candas365.es\/noticias\/wp-content\/uploads\/2019\/11\/beach-768587_1280.jpg","width":1280,"height":747},"datePublished":"2019-12-21T12:08:32+01:00","dateModified":"2019-12-21T12:08:32+01:00","inLanguage":"es-ES","mainEntityOfPage":{"@id":"https:\/\/candas365.es\/noticias\/asturias-pendiente-del-nuevo-temporal\/#webpage"},"isPartOf":{"@id":"https:\/\/candas365.es\/noticias\/asturias-pendiente-del-nuevo-temporal\/#webpage"},"articleSection":"Agenda","dateline":"Publicado el diciembre 21, 2019."},{"@type":"Organization","@id":"https:\/\/candas365.es\/noticias\/#organization","name":"Cand\u00e1s 365","description":"Cand\u00e1s 365 es un diario digital independiente, fundado en 2012, con base en Asturias. Informamos con rigor sobre actualidad, sociedad, cultura y ocio, con una mirada local y global.","url":"https:\/\/candas365.es\/noticias\/","email":"info@candas365.es","telephone":"+34652131393","foundingDate":"2012-06-10","logo":{"@type":"ImageObject","url":"https:\/\/candas365.es\/noticias\/wp-content\/uploads\/2024\/09\/Candas-365-Redes.jpg","@id":"https:\/\/candas365.es\/noticias\/asturias-pendiente-del-nuevo-temporal\/#organizationLogo","width":1152,"height":864,"caption":"Cand\u00e1s 365 Redes"},"image":{"@id":"https:\/\/candas365.es\/noticias\/asturias-pendiente-del-nuevo-temporal\/#organizationLogo"},"sameAs":["https:\/\/www.facebook.com\/Nachofdezber","https:\/\/x.com\/NabercoDigital","https:\/\/www.instagram.com\/nachofdezber\/","https:\/\/www.youtube.com\/channel\/UCZP-2wLEB9Rv6erhFmqVnvg"],"address":{"@id":"https:\/\/candas365.es\/noticias\/#postaladdress","@type":"PostalAddress","streetAddress":"san antonio 4, san antonio 4","postalCode":"33430","addressLocality":"Cand\u00e1s","addressRegion":"Asturias","addressCountry":"ES"}},{"@type":"Person","@id":"https:\/\/candas365.es\/noticias\/author\/admin\/#author","url":"https:\/\/candas365.es\/noticias\/author\/admin\/","name":"Cand\u00e1s 365","image":{"@type":"ImageObject","@id":"https:\/\/candas365.es\/noticias\/asturias-pendiente-del-nuevo-temporal\/#authorImage","url":"https:\/\/secure.gravatar.com\/avatar\/496a8e03d0c493ede1718b7934145dbdf8d89be1036b0eec9544e1094c9de390?s=96&d=mm&r=g","width":96,"height":96,"caption":"Cand\u00e1s 365"},"sameAs":["https:\/\/www.facebook.com\/carrenoactualidad","https:\/\/twitter.com\/nbasturias","https:\/\/www.instagram.com\/nachofdezber\/","https:\/\/www.youtube.com\/channel\/UCZP-2wLEB9Rv6erhFmqVnvg"]},{"@type":"WebPage","@id":"https:\/\/candas365.es\/noticias\/asturias-pendiente-del-nuevo-temporal\/#webpage","url":"https:\/\/candas365.es\/noticias\/asturias-pendiente-del-nuevo-temporal\/","name":"Asturias pendiente del nuevo temporal | Cand\u00e1s 365","description":"Ante las previsiones de la Agencia Estatal de Meteorolog\u00eda (AEMET) para las pr\u00f3ximas horas de hoy s\u00e1bado, 21 de diciembre, por fuertes rachas de viento, que pueden ser de hasta 140 km\/h en el suroccidente asturiano, la Consejera de Presidencia, Rita Camblor, ha activado el Plan Territorial de Protecci\u00f3n Civil del Principado de Asturias (PLATERPA),","inLanguage":"es-ES","isPartOf":{"@id":"https:\/\/candas365.es\/noticias\/#website"},"breadcrumb":{"@id":"https:\/\/candas365.es\/noticias\/asturias-pendiente-del-nuevo-temporal\/#breadcrumblist"},"author":{"@id":"https:\/\/candas365.es\/noticias\/author\/admin\/#author"},"creator":{"@id":"https:\/\/candas365.es\/noticias\/author\/admin\/#author"},"image":{"@type":"ImageObject","url":"https:\/\/candas365.es\/noticias\/wp-content\/uploads\/2019\/11\/beach-768587_1280.jpg","@id":"https:\/\/candas365.es\/noticias\/asturias-pendiente-del-nuevo-temporal\/#mainImage","width":1280,"height":747},"primaryImageOfPage":{"@id":"https:\/\/candas365.es\/noticias\/asturias-pendiente-del-nuevo-temporal\/#mainImage"},"datePublished":"2019-12-21T12:08:32+01:00","dateModified":"2019-12-21T12:08:32+01:00"},{"@type":"WebSite","@id":"https:\/\/candas365.es\/noticias\/#website","url":"https:\/\/candas365.es\/noticias\/","name":"Cand\u00e1s 365","alternateName":"Cand\u00e1s 365 Noticias","description":"Actualidad desde Carre\u00f1o para el mundo","inLanguage":"es-ES","publisher":{"@id":"https:\/\/candas365.es\/noticias\/#organization"}}]},"og:locale":"es_ES","og:site_name":"Cand\u00e1s 365","og:type":"article","og:title":"Asturias pendiente del nuevo temporal | Cand\u00e1s 365","og:description":"Ante las previsiones de la Agencia Estatal de Meteorolog\u00eda (AEMET) para las pr\u00f3ximas horas de hoy s\u00e1bado, 21 de diciembre, por fuertes rachas de viento, que pueden ser de hasta 140 km\/h en el suroccidente asturiano, la Consejera de Presidencia, Rita Camblor, ha activado el Plan Territorial de Protecci\u00f3n Civil del Principado de Asturias (PLATERPA),","og:url":"https:\/\/candas365.es\/noticias\/asturias-pendiente-del-nuevo-temporal\/","og:image":"https:\/\/candas365.es\/noticias\/wp-content\/uploads\/2019\/11\/beach-768587_1280.jpg","og:image:secure_url":"https:\/\/candas365.es\/noticias\/wp-content\/uploads\/2019\/11\/beach-768587_1280.jpg","og:image:width":1280,"og:image:height":747,"article:published_time":"2019-12-21T12:08:32+00:00","article:modified_time":"2019-12-21T12:08:32+00:00","article:publisher":"https:\/\/www.facebook.com\/Nachofdezber","article:author":"https:\/\/www.facebook.com\/carrenoactualidad","twitter:card":"summary_large_image","twitter:site":"@NabercoDigital","twitter:title":"Asturias pendiente del nuevo temporal | Cand\u00e1s 365","twitter:description":"Ante las previsiones de la Agencia Estatal de Meteorolog\u00eda (AEMET) para las pr\u00f3ximas horas de hoy s\u00e1bado, 21 de diciembre, por fuertes rachas de viento, que pueden ser de hasta 140 km\/h en el suroccidente asturiano, la Consejera de Presidencia, Rita Camblor, ha activado el Plan Territorial de Protecci\u00f3n Civil del Principado de Asturias (PLATERPA),","twitter:creator":"@nbasturias","twitter:image":"https:\/\/candas365.es\/noticias\/wp-content\/uploads\/2019\/11\/beach-768587_1280.jpg","twitter:label1":"Escrito por","twitter:data1":"Cand\u00e1s 365","twitter:label2":"Tiempo de lectura estimado","twitter:data2":"2 minutos"},"aioseo_meta_data":{"post_id":"135057","title":null,"description":null,"keywords":null,"keyphrases":null,"primary_term":null,"canonical_url":null,"og_title":null,"og_description":null,"og_object_type":"default","og_image_type":"default","og_image_url":null,"og_image_width":null,"og_image_height":null,"og_image_custom_url":null,"og_image_custom_fields":null,"og_video":null,"og_custom_url":null,"og_article_section":null,"og_article_tags":null,"twitter_use_og":false,"twitter_card":"default","twitter_image_type":"default","twitter_image_url":null,"twitter_image_custom_url":null,"twitter_image_custom_fields":null,"twitter_title":null,"twitter_description":null,"schema":{"blockGraphs":[],"customGraphs":[],"default":{"data":{"Article":[],"Course":[],"Dataset":[],"FAQPage":[],"Movie":[],"Person":[],"Product":[],"ProductReview":[],"Car":[],"Recipe":[],"Service":[],"SoftwareApplication":[],"WebPage":[]},"graphName":"","isEnabled":true},"graphs":[],"defaultGraph":"","defaultPostTypeGraph":""},"schema_type":null,"schema_type_options":null,"pillar_content":false,"robots_default":true,"robots_noindex":false,"robots_noarchive":false,"robots_nosnippet":false,"robots_nofollow":false,"robots_noimageindex":false,"robots_noodp":false,"robots_notranslate":false,"robots_max_snippet":null,"robots_max_videopreview":null,"robots_max_imagepreview":"large","priority":null,"frequency":null,"location":null,"local_seo":null,"seo_analyzer_scan_date":"2025-08-30 19:57:14","breadcrumb_settings":null,"limit_modified_date":false,"reviewed_by":null,"open_ai":null,"ai":null,"created":"2020-12-21 10:49:02","updated":"2025-08-30 19:57:14"},"aioseo_breadcrumb":"<div class=\"aioseo-breadcrumbs\"><span class=\"aioseo-breadcrumb\">\n\t<a href=\"https:\/\/candas365.es\/noticias\" title=\"Home\">Home<\/a>\n<\/span><span class=\"aioseo-breadcrumb-separator\">&ndash;<\/span><span class=\"aioseo-breadcrumb\">\n\t<a href=\"https:\/\/candas365.es\/noticias\/category\/agenda\/\" title=\"Agenda\">Agenda<\/a>\n<\/span><span class=\"aioseo-breadcrumb-separator\">&ndash;<\/span><span class=\"aioseo-breadcrumb\">\n\tAsturias pendiente del nuevo temporal\n<\/span><\/div>","aioseo_breadcrumb_json":[{"label":"Home","link":"https:\/\/candas365.es\/noticias"},{"label":"Agenda","link":"https:\/\/candas365.es\/noticias\/category\/agenda\/"},{"label":"Asturias pendiente del nuevo temporal","link":"https:\/\/candas365.es\/noticias\/asturias-pendiente-del-nuevo-temporal\/"}],"_links":{"self":[{"href":"https:\/\/candas365.es\/noticias\/wp-json\/wp\/v2\/posts\/135057","targetHints":{"allow":["GET"]}}],"collection":[{"href":"https:\/\/candas365.es\/noticias\/wp-json\/wp\/v2\/posts"}],"about":[{"href":"https:\/\/candas365.es\/noticias\/wp-json\/wp\/v2\/types\/post"}],"author":[{"embeddable":true,"href":"https:\/\/candas365.es\/noticias\/wp-json\/wp\/v2\/users\/1"}],"replies":[{"embeddable":true,"href":"https:\/\/candas365.es\/noticias\/wp-json\/wp\/v2\/comments?post=135057"}],"version-history":[{"count":0,"href":"https:\/\/candas365.es\/noticias\/wp-json\/wp\/v2\/posts\/135057\/revisions"}],"wp:featuredmedia":[{"embeddable":true,"href":"https:\/\/candas365.es\/noticias\/wp-json\/wp\/v2\/media\/133896"}],"wp:attachment":[{"href":"https:\/\/candas365.es\/noticias\/wp-json\/wp\/v2\/media?parent=135057"}],"wp:term":[{"taxonomy":"category","embeddable":true,"href":"https:\/\/candas365.es\/noticias\/wp-json\/wp\/v2\/categories?post=135057"},{"taxonomy":"post_tag","embeddable":true,"href":"https:\/\/candas365.es\/noticias\/wp-json\/wp\/v2\/tags?post=135057"}],"curies":[{"name":"wp","href":"https:\/\/api.w.org\/{rel}","templated":true}]}}