{"id":135013,"date":"2019-12-20T13:42:20","date_gmt":"2019-12-20T13:42:20","guid":{"rendered":"http:\/\/candas365.es\/noticias\/?p=135013"},"modified":"2019-12-20T13:42:20","modified_gmt":"2019-12-20T13:42:20","slug":"laboral-ciudad-de-la-cultura-acogera-hoy-el-encuentro-regional-de-mujeres-de-carreno","status":"publish","type":"post","link":"https:\/\/candas365.es\/noticias\/laboral-ciudad-de-la-cultura-acogera-hoy-el-encuentro-regional-de-mujeres-de-carreno\/","title":{"rendered":"Laboral Ciudad de la Cultura acoger\u00e1 hoy el Encuentro Regional de Mujeres de Carre\u00f1o"},"content":{"rendered":"<p><img fetchpriority=\"high\" decoding=\"async\" class=\"alignleft size-medium wp-image-80268\" src=\"https:\/\/candas365.es\/noticias\/wp-content\/uploads\/2017\/09\/Laboral-360x239.jpg\" alt=\"\" width=\"360\" height=\"239\" srcset=\"https:\/\/candas365.es\/noticias\/wp-content\/uploads\/2017\/09\/Laboral-360x239.jpg 360w, https:\/\/candas365.es\/noticias\/wp-content\/uploads\/2017\/09\/Laboral-768x511.jpg 768w, https:\/\/candas365.es\/noticias\/wp-content\/uploads\/2017\/09\/Laboral-655x435.jpg 655w, https:\/\/candas365.es\/noticias\/wp-content\/uploads\/2017\/09\/Laboral-696x463.jpg 696w, https:\/\/candas365.es\/noticias\/wp-content\/uploads\/2017\/09\/Laboral-1068x710.jpg 1068w, https:\/\/candas365.es\/noticias\/wp-content\/uploads\/2017\/09\/Laboral-632x420.jpg 632w, https:\/\/candas365.es\/noticias\/wp-content\/uploads\/2017\/09\/Laboral-84x55.jpg 84w, https:\/\/candas365.es\/noticias\/wp-content\/uploads\/2017\/09\/Laboral.jpg 1280w\" sizes=\"(max-width: 360px) 100vw, 360px\" \/>Habitantes del Ayuntamiento de Carre\u00f1o participar\u00e1n este viernes 20 de diciembre en el Encuentro Regional de Mujeres con el que finalizar\u00e1 el programa \u201cTiempo Propio\u201d 2019.<\/p>\n<p>El encuentro que tendr\u00e1 en el centro \u201cLaboral Ciudad de la Cultura\u201d de Gij\u00f3n, dar\u00e1 comienzo a las 16:00 horas, teniendo una duraci\u00f3n aproximada de dos horas y media.<\/p>\n<p>El programa \u201cTiempo Propio\u201d es un programa dirigido a mujeres mayores de 50 a\u00f1os promovido por el Instituto Asturiano de la Mujer en colaboraci\u00f3n con las Concejal\u00edas de Igualdad de los Ayuntamientos asturianos con menos de 50.000 habitantes y la Fundaci\u00f3n Metal, la cual es la encargada de la gesti\u00f3n y coordinaci\u00f3n del mismo.<\/p>\n<p>Desde el a\u00f1o 2003 viene realiz\u00e1ndose esta experiencia en Carre\u00f1o, pionera en nuestro pa\u00eds, que fomenta la participaci\u00f3n social de las mujeres mayores de 50 a\u00f1os, ampliando y consolidando sus relaciones sociales a trav\u00e9s del aprendizaje y las alternativas de ocio, ofreci\u00e9ndoles un espacio de encuentro a trav\u00e9s de actividades de intercambio y de formaci\u00f3n en los \u00e1mbitos de la salud, cultura y las nuevas tecnolog\u00edas.<\/p>\n<p>Favoreciendo, adem\u00e1s, un cambio en la imagen social del envejecimiento de las mujeres. Pasando de un envejecimiento pasivo como proceso de vida a un envejecimiento activo donde las participantes, las verdaderas protagonistas del programa, aprenden a recuperar un tiempo propio para la mejora de su bienestar y calidad de vida a trav\u00e9s de la participaci\u00f3n social.<\/p>\n","protected":false},"excerpt":{"rendered":"<p>Habitantes del Ayuntamiento de Carre\u00f1o participar\u00e1n este viernes 20 de diciembre en el Encuentro Regional de Mujeres con el que finalizar\u00e1 el programa \u201cTiempo Propio\u201d 2019. El encuentro que tendr\u00e1 en el centro \u201cLaboral Ciudad de la Cultura\u201d de Gij\u00f3n, dar\u00e1 comienzo a las 16:00 horas, teniendo una duraci\u00f3n aproximada de dos horas y media.<\/p>\n","protected":false},"author":1,"featured_media":80268,"comment_status":"closed","ping_status":"closed","sticky":false,"template":"","format":"standard","meta":{"footnotes":""},"categories":[2],"tags":[],"class_list":{"0":"post-135013","1":"post","2":"type-post","3":"status-publish","4":"format-standard","5":"has-post-thumbnail","7":"category-noticias-carreno"},"aioseo_notices":[],"aioseo_head":"\n\t\t<!-- All in One SEO Pro 4.9.6.2 - aioseo.com -->\n\t<meta name=\"description\" content=\"Habitantes del Ayuntamiento de Carre\u00f1o participar\u00e1n este viernes 20 de diciembre en el Encuentro Regional de Mujeres con el que finalizar\u00e1 el programa \u201cTiempo Propio\u201d 2019. El encuentro que tendr\u00e1 en el centro \u201cLaboral Ciudad de la Cultura\u201d de Gij\u00f3n, dar\u00e1 comienzo a las 16:00 horas, teniendo una duraci\u00f3n aproximada de dos horas y media.\" \/>\n\t<meta name=\"robots\" content=\"max-image-preview:large\" \/>\n\t<meta name=\"author\" content=\"Cand\u00e1s 365\"\/>\n\t<meta name=\"google-site-verification\" content=\"UA-32230408-1\" \/>\n\t<meta name=\"msvalidate.01\" content=\"354F3CDFB2DA171B47FBE9ABF1F88D5\" \/>\n\t<meta name=\"keywords\" content=\"noticias carre\u00f1o\" \/>\n\t<link rel=\"canonical\" href=\"https:\/\/candas365.es\/noticias\/laboral-ciudad-de-la-cultura-acogera-hoy-el-encuentro-regional-de-mujeres-de-carreno\/\" \/>\n\t<meta name=\"generator\" content=\"All in One SEO Pro (AIOSEO) 4.9.6.2\" \/>\n\t\t<meta property=\"og:locale\" content=\"es_ES\" \/>\n\t\t<meta property=\"og:site_name\" content=\"Cand\u00e1s 365\" \/>\n\t\t<meta property=\"og:type\" content=\"article\" \/>\n\t\t<meta property=\"og:title\" content=\"Laboral Ciudad de la Cultura acoger\u00e1 hoy el Encuentro Regional de Mujeres de Carre\u00f1o | Cand\u00e1s 365\" \/>\n\t\t<meta property=\"og:description\" content=\"Habitantes del Ayuntamiento de Carre\u00f1o participar\u00e1n este viernes 20 de diciembre en el Encuentro Regional de Mujeres con el que finalizar\u00e1 el programa \u201cTiempo Propio\u201d 2019. El encuentro que tendr\u00e1 en el centro \u201cLaboral Ciudad de la Cultura\u201d de Gij\u00f3n, dar\u00e1 comienzo a las 16:00 horas, teniendo una duraci\u00f3n aproximada de dos horas y media.\" \/>\n\t\t<meta property=\"og:url\" content=\"https:\/\/candas365.es\/noticias\/laboral-ciudad-de-la-cultura-acogera-hoy-el-encuentro-regional-de-mujeres-de-carreno\/\" \/>\n\t\t<meta property=\"og:image\" content=\"https:\/\/candas365.es\/noticias\/wp-content\/uploads\/2017\/09\/Laboral.jpg\" \/>\n\t\t<meta property=\"og:image:secure_url\" content=\"https:\/\/candas365.es\/noticias\/wp-content\/uploads\/2017\/09\/Laboral.jpg\" \/>\n\t\t<meta property=\"og:image:width\" content=\"1280\" \/>\n\t\t<meta property=\"og:image:height\" content=\"851\" \/>\n\t\t<meta property=\"article:published_time\" content=\"2019-12-20T13:42:20+00:00\" \/>\n\t\t<meta property=\"article:modified_time\" content=\"2019-12-20T13:42:20+00:00\" \/>\n\t\t<meta property=\"article:publisher\" content=\"https:\/\/www.facebook.com\/Nachofdezber\" \/>\n\t\t<meta property=\"article:author\" content=\"https:\/\/www.facebook.com\/carrenoactualidad\" \/>\n\t\t<meta name=\"twitter:card\" content=\"summary_large_image\" \/>\n\t\t<meta name=\"twitter:site\" content=\"@NabercoDigital\" \/>\n\t\t<meta name=\"twitter:title\" content=\"Laboral Ciudad de la Cultura acoger\u00e1 hoy el Encuentro Regional de Mujeres de Carre\u00f1o | Cand\u00e1s 365\" \/>\n\t\t<meta name=\"twitter:description\" content=\"Habitantes del Ayuntamiento de Carre\u00f1o participar\u00e1n este viernes 20 de diciembre en el Encuentro Regional de Mujeres con el que finalizar\u00e1 el programa \u201cTiempo Propio\u201d 2019. El encuentro que tendr\u00e1 en el centro \u201cLaboral Ciudad de la Cultura\u201d de Gij\u00f3n, dar\u00e1 comienzo a las 16:00 horas, teniendo una duraci\u00f3n aproximada de dos horas y media.\" \/>\n\t\t<meta name=\"twitter:creator\" content=\"@nbasturias\" \/>\n\t\t<meta name=\"twitter:image\" content=\"https:\/\/candas365.es\/noticias\/wp-content\/uploads\/2017\/09\/Laboral.jpg\" \/>\n\t\t<meta name=\"twitter:label1\" content=\"Escrito por\" \/>\n\t\t<meta name=\"twitter:data1\" content=\"Cand\u00e1s 365\" \/>\n\t\t<meta name=\"twitter:label2\" content=\"Tiempo de lectura estimado\" \/>\n\t\t<meta name=\"twitter:data2\" content=\"1 minuto\" \/>\n\t\t<script type=\"application\/ld+json\" class=\"aioseo-schema\">\n\t\t\t{\"@context\":\"https:\\\/\\\/schema.org\",\"@graph\":[{\"@type\":\"BreadcrumbList\",\"@id\":\"https:\\\/\\\/candas365.es\\\/noticias\\\/laboral-ciudad-de-la-cultura-acogera-hoy-el-encuentro-regional-de-mujeres-de-carreno\\\/#breadcrumblist\",\"itemListElement\":[{\"@type\":\"ListItem\",\"@id\":\"https:\\\/\\\/candas365.es\\\/noticias#listItem\",\"position\":1,\"name\":\"Home\",\"item\":\"https:\\\/\\\/candas365.es\\\/noticias\",\"nextItem\":{\"@type\":\"ListItem\",\"@id\":\"https:\\\/\\\/candas365.es\\\/noticias\\\/category\\\/noticias-carreno\\\/#listItem\",\"name\":\"Noticias Carre\\u00f1o\"}},{\"@type\":\"ListItem\",\"@id\":\"https:\\\/\\\/candas365.es\\\/noticias\\\/category\\\/noticias-carreno\\\/#listItem\",\"position\":2,\"name\":\"Noticias Carre\\u00f1o\",\"item\":\"https:\\\/\\\/candas365.es\\\/noticias\\\/category\\\/noticias-carreno\\\/\",\"nextItem\":{\"@type\":\"ListItem\",\"@id\":\"https:\\\/\\\/candas365.es\\\/noticias\\\/laboral-ciudad-de-la-cultura-acogera-hoy-el-encuentro-regional-de-mujeres-de-carreno\\\/#listItem\",\"name\":\"Laboral Ciudad de la Cultura acoger\\u00e1 hoy el Encuentro Regional de Mujeres de Carre\\u00f1o\"},\"previousItem\":{\"@type\":\"ListItem\",\"@id\":\"https:\\\/\\\/candas365.es\\\/noticias#listItem\",\"name\":\"Home\"}},{\"@type\":\"ListItem\",\"@id\":\"https:\\\/\\\/candas365.es\\\/noticias\\\/laboral-ciudad-de-la-cultura-acogera-hoy-el-encuentro-regional-de-mujeres-de-carreno\\\/#listItem\",\"position\":3,\"name\":\"Laboral Ciudad de la Cultura acoger\\u00e1 hoy el Encuentro Regional de Mujeres de Carre\\u00f1o\",\"previousItem\":{\"@type\":\"ListItem\",\"@id\":\"https:\\\/\\\/candas365.es\\\/noticias\\\/category\\\/noticias-carreno\\\/#listItem\",\"name\":\"Noticias Carre\\u00f1o\"}}]},{\"@type\":\"NewsArticle\",\"@id\":\"https:\\\/\\\/candas365.es\\\/noticias\\\/laboral-ciudad-de-la-cultura-acogera-hoy-el-encuentro-regional-de-mujeres-de-carreno\\\/#newsarticle\",\"name\":\"Laboral Ciudad de la Cultura acoger\\u00e1 hoy el Encuentro Regional de Mujeres de Carre\\u00f1o | Cand\\u00e1s 365\",\"headline\":\"Laboral Ciudad de la Cultura acoger\\u00e1 hoy el Encuentro Regional de Mujeres de Carre\\u00f1o\",\"author\":{\"@id\":\"https:\\\/\\\/candas365.es\\\/noticias\\\/author\\\/admin\\\/#author\"},\"publisher\":{\"@id\":\"https:\\\/\\\/candas365.es\\\/noticias\\\/#organization\"},\"image\":{\"@type\":\"ImageObject\",\"url\":\"https:\\\/\\\/candas365.es\\\/noticias\\\/wp-content\\\/uploads\\\/2017\\\/09\\\/Laboral.jpg\",\"width\":1280,\"height\":851},\"datePublished\":\"2019-12-20T13:42:20+01:00\",\"dateModified\":\"2019-12-20T13:42:20+01:00\",\"inLanguage\":\"es-ES\",\"mainEntityOfPage\":{\"@id\":\"https:\\\/\\\/candas365.es\\\/noticias\\\/laboral-ciudad-de-la-cultura-acogera-hoy-el-encuentro-regional-de-mujeres-de-carreno\\\/#webpage\"},\"isPartOf\":{\"@id\":\"https:\\\/\\\/candas365.es\\\/noticias\\\/laboral-ciudad-de-la-cultura-acogera-hoy-el-encuentro-regional-de-mujeres-de-carreno\\\/#webpage\"},\"articleSection\":\"Noticias Carre\\u00f1o\",\"dateline\":\"Publicado el diciembre 20, 2019.\"},{\"@type\":\"Organization\",\"@id\":\"https:\\\/\\\/candas365.es\\\/noticias\\\/#organization\",\"name\":\"Cand\\u00e1s 365\",\"description\":\"Cand\\u00e1s 365 es un diario digital independiente, fundado en 2012, con base en Asturias. Informamos con rigor sobre actualidad, sociedad, cultura y ocio, con una mirada local y global.\",\"url\":\"https:\\\/\\\/candas365.es\\\/noticias\\\/\",\"email\":\"info@candas365.es\",\"telephone\":\"+34652131393\",\"foundingDate\":\"2012-06-10\",\"logo\":{\"@type\":\"ImageObject\",\"url\":\"https:\\\/\\\/candas365.es\\\/noticias\\\/wp-content\\\/uploads\\\/2024\\\/09\\\/Candas-365-Redes.jpg\",\"@id\":\"https:\\\/\\\/candas365.es\\\/noticias\\\/laboral-ciudad-de-la-cultura-acogera-hoy-el-encuentro-regional-de-mujeres-de-carreno\\\/#organizationLogo\",\"width\":1152,\"height\":864,\"caption\":\"Cand\\u00e1s 365 Redes\"},\"image\":{\"@id\":\"https:\\\/\\\/candas365.es\\\/noticias\\\/laboral-ciudad-de-la-cultura-acogera-hoy-el-encuentro-regional-de-mujeres-de-carreno\\\/#organizationLogo\"},\"sameAs\":[\"https:\\\/\\\/www.facebook.com\\\/Nachofdezber\",\"https:\\\/\\\/x.com\\\/NabercoDigital\",\"https:\\\/\\\/www.instagram.com\\\/nachofdezber\\\/\",\"https:\\\/\\\/www.youtube.com\\\/channel\\\/UCZP-2wLEB9Rv6erhFmqVnvg\"],\"address\":{\"@id\":\"https:\\\/\\\/candas365.es\\\/noticias\\\/#postaladdress\",\"@type\":\"PostalAddress\",\"streetAddress\":\"san antonio 4, san antonio 4\",\"postalCode\":\"33430\",\"addressLocality\":\"Cand\\u00e1s\",\"addressRegion\":\"Asturias\",\"addressCountry\":\"ES\"}},{\"@type\":\"Person\",\"@id\":\"https:\\\/\\\/candas365.es\\\/noticias\\\/author\\\/admin\\\/#author\",\"url\":\"https:\\\/\\\/candas365.es\\\/noticias\\\/author\\\/admin\\\/\",\"name\":\"Cand\\u00e1s 365\",\"image\":{\"@type\":\"ImageObject\",\"@id\":\"https:\\\/\\\/candas365.es\\\/noticias\\\/laboral-ciudad-de-la-cultura-acogera-hoy-el-encuentro-regional-de-mujeres-de-carreno\\\/#authorImage\",\"url\":\"https:\\\/\\\/secure.gravatar.com\\\/avatar\\\/496a8e03d0c493ede1718b7934145dbdf8d89be1036b0eec9544e1094c9de390?s=96&d=mm&r=g\",\"width\":96,\"height\":96,\"caption\":\"Cand\\u00e1s 365\"},\"sameAs\":[\"https:\\\/\\\/www.facebook.com\\\/carrenoactualidad\",\"https:\\\/\\\/twitter.com\\\/nbasturias\",\"https:\\\/\\\/www.instagram.com\\\/nachofdezber\\\/\",\"https:\\\/\\\/www.youtube.com\\\/channel\\\/UCZP-2wLEB9Rv6erhFmqVnvg\"]},{\"@type\":\"WebPage\",\"@id\":\"https:\\\/\\\/candas365.es\\\/noticias\\\/laboral-ciudad-de-la-cultura-acogera-hoy-el-encuentro-regional-de-mujeres-de-carreno\\\/#webpage\",\"url\":\"https:\\\/\\\/candas365.es\\\/noticias\\\/laboral-ciudad-de-la-cultura-acogera-hoy-el-encuentro-regional-de-mujeres-de-carreno\\\/\",\"name\":\"Laboral Ciudad de la Cultura acoger\\u00e1 hoy el Encuentro Regional de Mujeres de Carre\\u00f1o | Cand\\u00e1s 365\",\"description\":\"Habitantes del Ayuntamiento de Carre\\u00f1o participar\\u00e1n este viernes 20 de diciembre en el Encuentro Regional de Mujeres con el que finalizar\\u00e1 el programa \\u201cTiempo Propio\\u201d 2019. El encuentro que tendr\\u00e1 en el centro \\u201cLaboral Ciudad de la Cultura\\u201d de Gij\\u00f3n, dar\\u00e1 comienzo a las 16:00 horas, teniendo una duraci\\u00f3n aproximada de dos horas y media.\",\"inLanguage\":\"es-ES\",\"isPartOf\":{\"@id\":\"https:\\\/\\\/candas365.es\\\/noticias\\\/#website\"},\"breadcrumb\":{\"@id\":\"https:\\\/\\\/candas365.es\\\/noticias\\\/laboral-ciudad-de-la-cultura-acogera-hoy-el-encuentro-regional-de-mujeres-de-carreno\\\/#breadcrumblist\"},\"author\":{\"@id\":\"https:\\\/\\\/candas365.es\\\/noticias\\\/author\\\/admin\\\/#author\"},\"creator\":{\"@id\":\"https:\\\/\\\/candas365.es\\\/noticias\\\/author\\\/admin\\\/#author\"},\"image\":{\"@type\":\"ImageObject\",\"url\":\"https:\\\/\\\/candas365.es\\\/noticias\\\/wp-content\\\/uploads\\\/2017\\\/09\\\/Laboral.jpg\",\"@id\":\"https:\\\/\\\/candas365.es\\\/noticias\\\/laboral-ciudad-de-la-cultura-acogera-hoy-el-encuentro-regional-de-mujeres-de-carreno\\\/#mainImage\",\"width\":1280,\"height\":851},\"primaryImageOfPage\":{\"@id\":\"https:\\\/\\\/candas365.es\\\/noticias\\\/laboral-ciudad-de-la-cultura-acogera-hoy-el-encuentro-regional-de-mujeres-de-carreno\\\/#mainImage\"},\"datePublished\":\"2019-12-20T13:42:20+01:00\",\"dateModified\":\"2019-12-20T13:42:20+01:00\"},{\"@type\":\"WebSite\",\"@id\":\"https:\\\/\\\/candas365.es\\\/noticias\\\/#website\",\"url\":\"https:\\\/\\\/candas365.es\\\/noticias\\\/\",\"name\":\"Cand\\u00e1s 365\",\"alternateName\":\"Cand\\u00e1s 365 Noticias\",\"description\":\"Actualidad desde Carre\\u00f1o para el mundo\",\"inLanguage\":\"es-ES\",\"publisher\":{\"@id\":\"https:\\\/\\\/candas365.es\\\/noticias\\\/#organization\"}}]}\n\t\t<\/script>\n\t\t<!-- All in One SEO Pro -->\r\n\t\t<title>Laboral Ciudad de la Cultura acoger\u00e1 hoy el Encuentro Regional de Mujeres de Carre\u00f1o | Cand\u00e1s 365<\/title>\n\n","aioseo_head_json":{"title":"Laboral Ciudad de la Cultura acoger\u00e1 hoy el Encuentro Regional de Mujeres de Carre\u00f1o | Cand\u00e1s 365","description":"Habitantes del Ayuntamiento de Carre\u00f1o participar\u00e1n este viernes 20 de diciembre en el Encuentro Regional de Mujeres con el que finalizar\u00e1 el programa \u201cTiempo Propio\u201d 2019. El encuentro que tendr\u00e1 en el centro \u201cLaboral Ciudad de la Cultura\u201d de Gij\u00f3n, dar\u00e1 comienzo a las 16:00 horas, teniendo una duraci\u00f3n aproximada de dos horas y media.","canonical_url":"https:\/\/candas365.es\/noticias\/laboral-ciudad-de-la-cultura-acogera-hoy-el-encuentro-regional-de-mujeres-de-carreno\/","robots":"max-image-preview:large","keywords":"noticias carre\u00f1o","webmasterTools":{"google-site-verification":"UA-32230408-1","msvalidate.01":"354F3CDFB2DA171B47FBE9ABF1F88D5","miscellaneous":""},"schema":{"@context":"https:\/\/schema.org","@graph":[{"@type":"BreadcrumbList","@id":"https:\/\/candas365.es\/noticias\/laboral-ciudad-de-la-cultura-acogera-hoy-el-encuentro-regional-de-mujeres-de-carreno\/#breadcrumblist","itemListElement":[{"@type":"ListItem","@id":"https:\/\/candas365.es\/noticias#listItem","position":1,"name":"Home","item":"https:\/\/candas365.es\/noticias","nextItem":{"@type":"ListItem","@id":"https:\/\/candas365.es\/noticias\/category\/noticias-carreno\/#listItem","name":"Noticias Carre\u00f1o"}},{"@type":"ListItem","@id":"https:\/\/candas365.es\/noticias\/category\/noticias-carreno\/#listItem","position":2,"name":"Noticias Carre\u00f1o","item":"https:\/\/candas365.es\/noticias\/category\/noticias-carreno\/","nextItem":{"@type":"ListItem","@id":"https:\/\/candas365.es\/noticias\/laboral-ciudad-de-la-cultura-acogera-hoy-el-encuentro-regional-de-mujeres-de-carreno\/#listItem","name":"Laboral Ciudad de la Cultura acoger\u00e1 hoy el Encuentro Regional de Mujeres de Carre\u00f1o"},"previousItem":{"@type":"ListItem","@id":"https:\/\/candas365.es\/noticias#listItem","name":"Home"}},{"@type":"ListItem","@id":"https:\/\/candas365.es\/noticias\/laboral-ciudad-de-la-cultura-acogera-hoy-el-encuentro-regional-de-mujeres-de-carreno\/#listItem","position":3,"name":"Laboral Ciudad de la Cultura acoger\u00e1 hoy el Encuentro Regional de Mujeres de Carre\u00f1o","previousItem":{"@type":"ListItem","@id":"https:\/\/candas365.es\/noticias\/category\/noticias-carreno\/#listItem","name":"Noticias Carre\u00f1o"}}]},{"@type":"NewsArticle","@id":"https:\/\/candas365.es\/noticias\/laboral-ciudad-de-la-cultura-acogera-hoy-el-encuentro-regional-de-mujeres-de-carreno\/#newsarticle","name":"Laboral Ciudad de la Cultura acoger\u00e1 hoy el Encuentro Regional de Mujeres de Carre\u00f1o | Cand\u00e1s 365","headline":"Laboral Ciudad de la Cultura acoger\u00e1 hoy el Encuentro Regional de Mujeres de Carre\u00f1o","author":{"@id":"https:\/\/candas365.es\/noticias\/author\/admin\/#author"},"publisher":{"@id":"https:\/\/candas365.es\/noticias\/#organization"},"image":{"@type":"ImageObject","url":"https:\/\/candas365.es\/noticias\/wp-content\/uploads\/2017\/09\/Laboral.jpg","width":1280,"height":851},"datePublished":"2019-12-20T13:42:20+01:00","dateModified":"2019-12-20T13:42:20+01:00","inLanguage":"es-ES","mainEntityOfPage":{"@id":"https:\/\/candas365.es\/noticias\/laboral-ciudad-de-la-cultura-acogera-hoy-el-encuentro-regional-de-mujeres-de-carreno\/#webpage"},"isPartOf":{"@id":"https:\/\/candas365.es\/noticias\/laboral-ciudad-de-la-cultura-acogera-hoy-el-encuentro-regional-de-mujeres-de-carreno\/#webpage"},"articleSection":"Noticias Carre\u00f1o","dateline":"Publicado el diciembre 20, 2019."},{"@type":"Organization","@id":"https:\/\/candas365.es\/noticias\/#organization","name":"Cand\u00e1s 365","description":"Cand\u00e1s 365 es un diario digital independiente, fundado en 2012, con base en Asturias. Informamos con rigor sobre actualidad, sociedad, cultura y ocio, con una mirada local y global.","url":"https:\/\/candas365.es\/noticias\/","email":"info@candas365.es","telephone":"+34652131393","foundingDate":"2012-06-10","logo":{"@type":"ImageObject","url":"https:\/\/candas365.es\/noticias\/wp-content\/uploads\/2024\/09\/Candas-365-Redes.jpg","@id":"https:\/\/candas365.es\/noticias\/laboral-ciudad-de-la-cultura-acogera-hoy-el-encuentro-regional-de-mujeres-de-carreno\/#organizationLogo","width":1152,"height":864,"caption":"Cand\u00e1s 365 Redes"},"image":{"@id":"https:\/\/candas365.es\/noticias\/laboral-ciudad-de-la-cultura-acogera-hoy-el-encuentro-regional-de-mujeres-de-carreno\/#organizationLogo"},"sameAs":["https:\/\/www.facebook.com\/Nachofdezber","https:\/\/x.com\/NabercoDigital","https:\/\/www.instagram.com\/nachofdezber\/","https:\/\/www.youtube.com\/channel\/UCZP-2wLEB9Rv6erhFmqVnvg"],"address":{"@id":"https:\/\/candas365.es\/noticias\/#postaladdress","@type":"PostalAddress","streetAddress":"san antonio 4, san antonio 4","postalCode":"33430","addressLocality":"Cand\u00e1s","addressRegion":"Asturias","addressCountry":"ES"}},{"@type":"Person","@id":"https:\/\/candas365.es\/noticias\/author\/admin\/#author","url":"https:\/\/candas365.es\/noticias\/author\/admin\/","name":"Cand\u00e1s 365","image":{"@type":"ImageObject","@id":"https:\/\/candas365.es\/noticias\/laboral-ciudad-de-la-cultura-acogera-hoy-el-encuentro-regional-de-mujeres-de-carreno\/#authorImage","url":"https:\/\/secure.gravatar.com\/avatar\/496a8e03d0c493ede1718b7934145dbdf8d89be1036b0eec9544e1094c9de390?s=96&d=mm&r=g","width":96,"height":96,"caption":"Cand\u00e1s 365"},"sameAs":["https:\/\/www.facebook.com\/carrenoactualidad","https:\/\/twitter.com\/nbasturias","https:\/\/www.instagram.com\/nachofdezber\/","https:\/\/www.youtube.com\/channel\/UCZP-2wLEB9Rv6erhFmqVnvg"]},{"@type":"WebPage","@id":"https:\/\/candas365.es\/noticias\/laboral-ciudad-de-la-cultura-acogera-hoy-el-encuentro-regional-de-mujeres-de-carreno\/#webpage","url":"https:\/\/candas365.es\/noticias\/laboral-ciudad-de-la-cultura-acogera-hoy-el-encuentro-regional-de-mujeres-de-carreno\/","name":"Laboral Ciudad de la Cultura acoger\u00e1 hoy el Encuentro Regional de Mujeres de Carre\u00f1o | Cand\u00e1s 365","description":"Habitantes del Ayuntamiento de Carre\u00f1o participar\u00e1n este viernes 20 de diciembre en el Encuentro Regional de Mujeres con el que finalizar\u00e1 el programa \u201cTiempo Propio\u201d 2019. El encuentro que tendr\u00e1 en el centro \u201cLaboral Ciudad de la Cultura\u201d de Gij\u00f3n, dar\u00e1 comienzo a las 16:00 horas, teniendo una duraci\u00f3n aproximada de dos horas y media.","inLanguage":"es-ES","isPartOf":{"@id":"https:\/\/candas365.es\/noticias\/#website"},"breadcrumb":{"@id":"https:\/\/candas365.es\/noticias\/laboral-ciudad-de-la-cultura-acogera-hoy-el-encuentro-regional-de-mujeres-de-carreno\/#breadcrumblist"},"author":{"@id":"https:\/\/candas365.es\/noticias\/author\/admin\/#author"},"creator":{"@id":"https:\/\/candas365.es\/noticias\/author\/admin\/#author"},"image":{"@type":"ImageObject","url":"https:\/\/candas365.es\/noticias\/wp-content\/uploads\/2017\/09\/Laboral.jpg","@id":"https:\/\/candas365.es\/noticias\/laboral-ciudad-de-la-cultura-acogera-hoy-el-encuentro-regional-de-mujeres-de-carreno\/#mainImage","width":1280,"height":851},"primaryImageOfPage":{"@id":"https:\/\/candas365.es\/noticias\/laboral-ciudad-de-la-cultura-acogera-hoy-el-encuentro-regional-de-mujeres-de-carreno\/#mainImage"},"datePublished":"2019-12-20T13:42:20+01:00","dateModified":"2019-12-20T13:42:20+01:00"},{"@type":"WebSite","@id":"https:\/\/candas365.es\/noticias\/#website","url":"https:\/\/candas365.es\/noticias\/","name":"Cand\u00e1s 365","alternateName":"Cand\u00e1s 365 Noticias","description":"Actualidad desde Carre\u00f1o para el mundo","inLanguage":"es-ES","publisher":{"@id":"https:\/\/candas365.es\/noticias\/#organization"}}]},"og:locale":"es_ES","og:site_name":"Cand\u00e1s 365","og:type":"article","og:title":"Laboral Ciudad de la Cultura acoger\u00e1 hoy el Encuentro Regional de Mujeres de Carre\u00f1o | Cand\u00e1s 365","og:description":"Habitantes del Ayuntamiento de Carre\u00f1o participar\u00e1n este viernes 20 de diciembre en el Encuentro Regional de Mujeres con el que finalizar\u00e1 el programa \u201cTiempo Propio\u201d 2019. El encuentro que tendr\u00e1 en el centro \u201cLaboral Ciudad de la Cultura\u201d de Gij\u00f3n, dar\u00e1 comienzo a las 16:00 horas, teniendo una duraci\u00f3n aproximada de dos horas y media.","og:url":"https:\/\/candas365.es\/noticias\/laboral-ciudad-de-la-cultura-acogera-hoy-el-encuentro-regional-de-mujeres-de-carreno\/","og:image":"https:\/\/candas365.es\/noticias\/wp-content\/uploads\/2017\/09\/Laboral.jpg","og:image:secure_url":"https:\/\/candas365.es\/noticias\/wp-content\/uploads\/2017\/09\/Laboral.jpg","og:image:width":1280,"og:image:height":851,"article:published_time":"2019-12-20T13:42:20+00:00","article:modified_time":"2019-12-20T13:42:20+00:00","article:publisher":"https:\/\/www.facebook.com\/Nachofdezber","article:author":"https:\/\/www.facebook.com\/carrenoactualidad","twitter:card":"summary_large_image","twitter:site":"@NabercoDigital","twitter:title":"Laboral Ciudad de la Cultura acoger\u00e1 hoy el Encuentro Regional de Mujeres de Carre\u00f1o | Cand\u00e1s 365","twitter:description":"Habitantes del Ayuntamiento de Carre\u00f1o participar\u00e1n este viernes 20 de diciembre en el Encuentro Regional de Mujeres con el que finalizar\u00e1 el programa \u201cTiempo Propio\u201d 2019. El encuentro que tendr\u00e1 en el centro \u201cLaboral Ciudad de la Cultura\u201d de Gij\u00f3n, dar\u00e1 comienzo a las 16:00 horas, teniendo una duraci\u00f3n aproximada de dos horas y media.","twitter:creator":"@nbasturias","twitter:image":"https:\/\/candas365.es\/noticias\/wp-content\/uploads\/2017\/09\/Laboral.jpg","twitter:label1":"Escrito por","twitter:data1":"Cand\u00e1s 365","twitter:label2":"Tiempo de lectura estimado","twitter:data2":"1 minuto"},"aioseo_meta_data":{"post_id":"135013","title":null,"description":null,"keywords":null,"keyphrases":null,"primary_term":null,"canonical_url":null,"og_title":null,"og_description":null,"og_object_type":"default","og_image_type":"default","og_image_url":null,"og_image_width":null,"og_image_height":null,"og_image_custom_url":null,"og_image_custom_fields":null,"og_video":null,"og_custom_url":null,"og_article_section":null,"og_article_tags":null,"twitter_use_og":false,"twitter_card":"default","twitter_image_type":"default","twitter_image_url":null,"twitter_image_custom_url":null,"twitter_image_custom_fields":null,"twitter_title":null,"twitter_description":null,"schema":{"blockGraphs":[],"customGraphs":[],"default":{"data":{"Article":[],"Course":[],"Dataset":[],"FAQPage":[],"Movie":[],"Person":[],"Product":[],"ProductReview":[],"Car":[],"Recipe":[],"Service":[],"SoftwareApplication":[],"WebPage":[]},"graphName":"","isEnabled":true},"graphs":[],"defaultGraph":"","defaultPostTypeGraph":""},"schema_type":null,"schema_type_options":null,"pillar_content":false,"robots_default":true,"robots_noindex":false,"robots_noarchive":false,"robots_nosnippet":false,"robots_nofollow":false,"robots_noimageindex":false,"robots_noodp":false,"robots_notranslate":false,"robots_max_snippet":null,"robots_max_videopreview":null,"robots_max_imagepreview":"large","priority":null,"frequency":null,"location":null,"local_seo":null,"seo_analyzer_scan_date":"2025-08-30 19:53:15","breadcrumb_settings":null,"limit_modified_date":false,"reviewed_by":null,"open_ai":null,"ai":null,"created":"2020-12-21 10:49:07","updated":"2025-08-30 19:53:15"},"aioseo_breadcrumb":"<div class=\"aioseo-breadcrumbs\"><span class=\"aioseo-breadcrumb\">\n\t<a href=\"https:\/\/candas365.es\/noticias\" title=\"Home\">Home<\/a>\n<\/span><span class=\"aioseo-breadcrumb-separator\">&ndash;<\/span><span class=\"aioseo-breadcrumb\">\n\t<a href=\"https:\/\/candas365.es\/noticias\/category\/noticias-carreno\/\" title=\"Noticias Carre\u00f1o\">Noticias Carre\u00f1o<\/a>\n<\/span><span class=\"aioseo-breadcrumb-separator\">&ndash;<\/span><span class=\"aioseo-breadcrumb\">\n\tLaboral Ciudad de la Cultura acoger\u00e1 hoy el Encuentro Regional de Mujeres de Carre\u00f1o\n<\/span><\/div>","aioseo_breadcrumb_json":[{"label":"Home","link":"https:\/\/candas365.es\/noticias"},{"label":"Noticias Carre\u00f1o","link":"https:\/\/candas365.es\/noticias\/category\/noticias-carreno\/"},{"label":"Laboral Ciudad de la Cultura acoger\u00e1 hoy el Encuentro Regional de Mujeres de Carre\u00f1o","link":"https:\/\/candas365.es\/noticias\/laboral-ciudad-de-la-cultura-acogera-hoy-el-encuentro-regional-de-mujeres-de-carreno\/"}],"_links":{"self":[{"href":"https:\/\/candas365.es\/noticias\/wp-json\/wp\/v2\/posts\/135013","targetHints":{"allow":["GET"]}}],"collection":[{"href":"https:\/\/candas365.es\/noticias\/wp-json\/wp\/v2\/posts"}],"about":[{"href":"https:\/\/candas365.es\/noticias\/wp-json\/wp\/v2\/types\/post"}],"author":[{"embeddable":true,"href":"https:\/\/candas365.es\/noticias\/wp-json\/wp\/v2\/users\/1"}],"replies":[{"embeddable":true,"href":"https:\/\/candas365.es\/noticias\/wp-json\/wp\/v2\/comments?post=135013"}],"version-history":[{"count":0,"href":"https:\/\/candas365.es\/noticias\/wp-json\/wp\/v2\/posts\/135013\/revisions"}],"wp:featuredmedia":[{"embeddable":true,"href":"https:\/\/candas365.es\/noticias\/wp-json\/wp\/v2\/media\/80268"}],"wp:attachment":[{"href":"https:\/\/candas365.es\/noticias\/wp-json\/wp\/v2\/media?parent=135013"}],"wp:term":[{"taxonomy":"category","embeddable":true,"href":"https:\/\/candas365.es\/noticias\/wp-json\/wp\/v2\/categories?post=135013"},{"taxonomy":"post_tag","embeddable":true,"href":"https:\/\/candas365.es\/noticias\/wp-json\/wp\/v2\/tags?post=135013"}],"curies":[{"name":"wp","href":"https:\/\/api.w.org\/{rel}","templated":true}]}}