{"id":135011,"date":"2019-12-20T13:35:57","date_gmt":"2019-12-20T13:35:57","guid":{"rendered":"http:\/\/candas365.es\/noticias\/?p=135011"},"modified":"2019-12-20T13:35:57","modified_gmt":"2019-12-20T13:35:57","slug":"carreno-aprueba-la-oferta-de-empleo-publico-del-ano-2020","status":"publish","type":"post","link":"https:\/\/candas365.es\/noticias\/carreno-aprueba-la-oferta-de-empleo-publico-del-ano-2020\/","title":{"rendered":"Carre\u00f1o aprueba la Oferta de Empleo P\u00fablico del a\u00f1o 2020"},"content":{"rendered":"<p><img fetchpriority=\"high\" decoding=\"async\" class=\"alignleft size-medium wp-image-6453\" src=\"https:\/\/candas365.es\/noticias\/wp-content\/uploads\/2015\/01\/ayuntamiento-360x270.jpg\" alt=\"\" width=\"360\" height=\"270\" srcset=\"https:\/\/candas365.es\/noticias\/wp-content\/uploads\/2015\/01\/ayuntamiento-360x270.jpg 360w, https:\/\/candas365.es\/noticias\/wp-content\/uploads\/2015\/01\/ayuntamiento-640x480.jpg 640w, https:\/\/candas365.es\/noticias\/wp-content\/uploads\/2015\/01\/ayuntamiento-768x576.jpg 768w, https:\/\/candas365.es\/noticias\/wp-content\/uploads\/2015\/01\/ayuntamiento-150x113.jpg 150w, https:\/\/candas365.es\/noticias\/wp-content\/uploads\/2015\/01\/ayuntamiento-450x338.jpg 450w, https:\/\/candas365.es\/noticias\/wp-content\/uploads\/2015\/01\/ayuntamiento-80x60.jpg 80w, https:\/\/candas365.es\/noticias\/wp-content\/uploads\/2015\/01\/ayuntamiento-265x198.jpg 265w, https:\/\/candas365.es\/noticias\/wp-content\/uploads\/2015\/01\/ayuntamiento-696x522.jpg 696w, https:\/\/candas365.es\/noticias\/wp-content\/uploads\/2015\/01\/ayuntamiento-560x420.jpg 560w, https:\/\/candas365.es\/noticias\/wp-content\/uploads\/2015\/01\/ayuntamiento-90x67.jpg 90w, https:\/\/candas365.es\/noticias\/wp-content\/uploads\/2015\/01\/ayuntamiento.jpg 800w\" sizes=\"(max-width: 360px) 100vw, 360px\" \/>El Gobierno Municipal Socialista de Carre\u00f1o ha aprobado la Oferta de Empleo P\u00fablico del a\u00f1o 2020 con una relaci\u00f3n de 8 puestos de trabajo en los diferentes departamentos.<\/p>\n<p>\u201cLa Propuesta del Gobierno que se ha presentado esta ma\u00f1ana, para su aprobaci\u00f3n, a los diferentes grupos de la oposici\u00f3n en la Comisi\u00f3n de Recursos Humanos. Tras las explicaciones oportunas Somos-Carre\u00f1o ha decidido apoyar la Oferta de Empleo P\u00fablico , mientras que Izquierda Unida se ha abstenido. Una propuesta negociada con la representaci\u00f3n sindical del Consistorio en las diferentes Mesas de Negociaci\u00f3n\u201dse\u00f1al\u00f3 CeciliaTasc\u00f3n-Concejala de Recursos Humanos.<\/p>\n<p>\u201cEs una Oferta que intenta dar repuesta a las necesidades que las jefaturas de servicios nos han ido trasladando a lo largo de este a\u00f1o 2019. Dando continuidad a una linea de trabajo marcada al principio de la pasada legislatura en la que se apostaba por una consolidaci\u00f3n y estabilizaci\u00f3n del empleo p\u00fablico. Pero no un empleo p\u00fablico a cualquier precio, si no que uno que se rija bajo los par\u00e1metros de empleo de calidad y de servicio a la ciudadan\u00eda, y en el que a trav\u00e9s de la convocatoria de pruebas de acceso p\u00fablicas, todas las personas se encuentren en igualdad de condiciones y tengan las mismas oportunidades a la hora de concurrir a los procesos de selecci\u00f3n\u201d coment\u00f3 la Concejala.<\/p>\n<p>\u201cEn los \u00faltimos a\u00f1os por ejemplo, en el servicio de obras se llev\u00f3 a cabo un gran proceso de promoci\u00f3n interna con la convocatoria en el 2015 de 8 puestos de Oficial de Oficios, dando oportunidad a todas aquellas personas que ocupaban puestos de categor\u00eda inferior a seguir progresando en su faceta profesional. Ese mismo a\u00f1o se convocaron 5 plazas de agente de polic\u00eda libre, adem\u00e1s de la plaza de subinspector por el procedimiento de promoci\u00f3n interna. En el 2016 se consolida el puesto de T\u00e9cnico\/a de la Administraci\u00f3n. Y ya en el 2017, fieles a nuestro proyecto, seguimos avanzando en el proceso de consolidaci\u00f3n del empleo p\u00fablico con la convocatoria de 2 plazas de promoci\u00f3n interna, otras 2 plazas con el objetivo de estabilizar el empleo temporal y 3 plazas por el sistema de oposici\u00f3n. En el 2018 fueron convocadas 20 puestos\u201d prosigui\u00f3 Tasc\u00f3n.<\/p>\n<p>\u201cA la hora de redactar la propuesta de Oferta de Empleo P\u00fablico del 2020, aprobada en la ma\u00f1ana de hoy, desde la Concejal\u00eda de Recursos Humanos se ha trabajado, partiendo de un nuevo precepto incorporado al Real Decreto 211\/2019 de 29 de marzo por el que se aprueba la Oferta de Empleo P\u00fablico formulada por la Administraci\u00f3n General del Estado para el a\u00f1o 2020, la Disposici\u00f3n Adicional Primera que bajo el t\u00edtulo Oferta de Empleo de las Corporaciones Locales permite la aprobaci\u00f3n de tal OEP restando los criterios que tienen car\u00e1cter b\u00e1sico y conforme a lo se\u00f1alado en art\u00edculo 19 de la Ley 3\/2017, de junio, Ley de Presupuestos Generales del Estado para el 2017. Estas ley es la que a\u00f1o a a\u00f1o sienta las bases ante la posibilidad de incorporar personal de nuevo ingreso en la Administraci\u00f3n o la posibilidad de ir a procesos de consolidaci\u00f3n del empleo temporal restringiendo o ampli\u00e1ndolas. Permitiendo una habilitaci\u00f3n legal para proceder a la aprobaci\u00f3n de la OEP del Consistorio para 2020, evitando con ello el grave da\u00f1o que supondr\u00eda no aprobarla con la consiguiente p\u00e9rdida de plazas\u201drelat\u00f3 la edil.<\/p>\n<p>\u201cEn esta nueva oferta se sigue apostando por el personal municipal con la convocatoria de una nueva promoci\u00f3n interna, como una forma de dar respuesta a las inquietudes de las personas desde el punto de vista profesional. Se consolida empleo p\u00fablico con la aprobaci\u00f3n de plazas de estabilizaci\u00f3n del empleo temporal, mejorando la calidad de vida de las personas y dando cumplimiento a uno de los derechos fundamentales que nos marca la Constituci\u00f3n Espa\u00f1ola como es el Derecho el Trabajo; y se ofertan todas las plazas que la Ley nos permite ofertar por el procedimiento de oposici\u00f3n\u201d reflej\u00f3 la Responsable<\/p>\n","protected":false},"excerpt":{"rendered":"<p>El Gobierno Municipal Socialista de Carre\u00f1o ha aprobado la Oferta de Empleo P\u00fablico del a\u00f1o 2020 con una relaci\u00f3n de 8 puestos de trabajo en los diferentes departamentos. \u201cLa Propuesta del Gobierno que se ha presentado esta ma\u00f1ana, para su aprobaci\u00f3n, a los diferentes grupos de la oposici\u00f3n en la Comisi\u00f3n de Recursos Humanos. Tras<\/p>\n","protected":false},"author":1,"featured_media":6453,"comment_status":"closed","ping_status":"closed","sticky":false,"template":"","format":"standard","meta":{"footnotes":""},"categories":[2],"tags":[],"class_list":{"0":"post-135011","1":"post","2":"type-post","3":"status-publish","4":"format-standard","5":"has-post-thumbnail","7":"category-noticias-carreno"},"aioseo_notices":[],"aioseo_head":"\n\t\t<!-- All in One SEO Pro 4.9.6.2 - aioseo.com -->\n\t<meta name=\"description\" content=\"El Gobierno Municipal Socialista de Carre\u00f1o ha aprobado la Oferta de Empleo P\u00fablico del a\u00f1o 2020 con una relaci\u00f3n de 8 puestos de trabajo en los diferentes departamentos. \u201cLa Propuesta del Gobierno que se ha presentado esta ma\u00f1ana, para su aprobaci\u00f3n, a los diferentes grupos de la oposici\u00f3n en la Comisi\u00f3n de Recursos Humanos. Tras\" \/>\n\t<meta name=\"robots\" content=\"max-image-preview:large\" \/>\n\t<meta name=\"author\" content=\"Cand\u00e1s 365\"\/>\n\t<meta name=\"google-site-verification\" content=\"UA-32230408-1\" \/>\n\t<meta name=\"msvalidate.01\" content=\"354F3CDFB2DA171B47FBE9ABF1F88D5\" \/>\n\t<meta name=\"keywords\" content=\"noticias carre\u00f1o\" \/>\n\t<link rel=\"canonical\" href=\"https:\/\/candas365.es\/noticias\/carreno-aprueba-la-oferta-de-empleo-publico-del-ano-2020\/\" \/>\n\t<meta name=\"generator\" content=\"All in One SEO Pro (AIOSEO) 4.9.6.2\" \/>\n\t\t<meta property=\"og:locale\" content=\"es_ES\" \/>\n\t\t<meta property=\"og:site_name\" content=\"Cand\u00e1s 365\" \/>\n\t\t<meta property=\"og:type\" content=\"article\" \/>\n\t\t<meta property=\"og:title\" content=\"Carre\u00f1o aprueba la Oferta de Empleo P\u00fablico del a\u00f1o 2020 | Cand\u00e1s 365\" \/>\n\t\t<meta property=\"og:description\" content=\"El Gobierno Municipal Socialista de Carre\u00f1o ha aprobado la Oferta de Empleo P\u00fablico del a\u00f1o 2020 con una relaci\u00f3n de 8 puestos de trabajo en los diferentes departamentos. \u201cLa Propuesta del Gobierno que se ha presentado esta ma\u00f1ana, para su aprobaci\u00f3n, a los diferentes grupos de la oposici\u00f3n en la Comisi\u00f3n de Recursos Humanos. Tras\" \/>\n\t\t<meta property=\"og:url\" content=\"https:\/\/candas365.es\/noticias\/carreno-aprueba-la-oferta-de-empleo-publico-del-ano-2020\/\" \/>\n\t\t<meta property=\"og:image\" content=\"https:\/\/candas365.es\/noticias\/wp-content\/uploads\/2015\/01\/ayuntamiento.jpg\" \/>\n\t\t<meta property=\"og:image:secure_url\" content=\"https:\/\/candas365.es\/noticias\/wp-content\/uploads\/2015\/01\/ayuntamiento.jpg\" \/>\n\t\t<meta property=\"og:image:width\" content=\"800\" \/>\n\t\t<meta property=\"og:image:height\" content=\"600\" \/>\n\t\t<meta property=\"article:published_time\" content=\"2019-12-20T13:35:57+00:00\" \/>\n\t\t<meta property=\"article:modified_time\" content=\"2019-12-20T13:35:57+00:00\" \/>\n\t\t<meta property=\"article:publisher\" content=\"https:\/\/www.facebook.com\/Nachofdezber\" \/>\n\t\t<meta property=\"article:author\" content=\"https:\/\/www.facebook.com\/carrenoactualidad\" \/>\n\t\t<meta name=\"twitter:card\" content=\"summary_large_image\" \/>\n\t\t<meta name=\"twitter:site\" content=\"@NabercoDigital\" \/>\n\t\t<meta name=\"twitter:title\" content=\"Carre\u00f1o aprueba la Oferta de Empleo P\u00fablico del a\u00f1o 2020 | Cand\u00e1s 365\" \/>\n\t\t<meta name=\"twitter:description\" content=\"El Gobierno Municipal Socialista de Carre\u00f1o ha aprobado la Oferta de Empleo P\u00fablico del a\u00f1o 2020 con una relaci\u00f3n de 8 puestos de trabajo en los diferentes departamentos. \u201cLa Propuesta del Gobierno que se ha presentado esta ma\u00f1ana, para su aprobaci\u00f3n, a los diferentes grupos de la oposici\u00f3n en la Comisi\u00f3n de Recursos Humanos. Tras\" \/>\n\t\t<meta name=\"twitter:creator\" content=\"@nbasturias\" \/>\n\t\t<meta name=\"twitter:image\" content=\"https:\/\/candas365.es\/noticias\/wp-content\/uploads\/2015\/01\/ayuntamiento.jpg\" \/>\n\t\t<meta name=\"twitter:label1\" content=\"Escrito por\" \/>\n\t\t<meta name=\"twitter:data1\" content=\"Cand\u00e1s 365\" \/>\n\t\t<meta name=\"twitter:label2\" content=\"Tiempo de lectura estimado\" \/>\n\t\t<meta name=\"twitter:data2\" content=\"3 minutos\" \/>\n\t\t<script type=\"application\/ld+json\" class=\"aioseo-schema\">\n\t\t\t{\"@context\":\"https:\\\/\\\/schema.org\",\"@graph\":[{\"@type\":\"BreadcrumbList\",\"@id\":\"https:\\\/\\\/candas365.es\\\/noticias\\\/carreno-aprueba-la-oferta-de-empleo-publico-del-ano-2020\\\/#breadcrumblist\",\"itemListElement\":[{\"@type\":\"ListItem\",\"@id\":\"https:\\\/\\\/candas365.es\\\/noticias#listItem\",\"position\":1,\"name\":\"Home\",\"item\":\"https:\\\/\\\/candas365.es\\\/noticias\",\"nextItem\":{\"@type\":\"ListItem\",\"@id\":\"https:\\\/\\\/candas365.es\\\/noticias\\\/category\\\/noticias-carreno\\\/#listItem\",\"name\":\"Noticias Carre\\u00f1o\"}},{\"@type\":\"ListItem\",\"@id\":\"https:\\\/\\\/candas365.es\\\/noticias\\\/category\\\/noticias-carreno\\\/#listItem\",\"position\":2,\"name\":\"Noticias Carre\\u00f1o\",\"item\":\"https:\\\/\\\/candas365.es\\\/noticias\\\/category\\\/noticias-carreno\\\/\",\"nextItem\":{\"@type\":\"ListItem\",\"@id\":\"https:\\\/\\\/candas365.es\\\/noticias\\\/carreno-aprueba-la-oferta-de-empleo-publico-del-ano-2020\\\/#listItem\",\"name\":\"Carre\\u00f1o aprueba la Oferta de Empleo P\\u00fablico del a\\u00f1o 2020\"},\"previousItem\":{\"@type\":\"ListItem\",\"@id\":\"https:\\\/\\\/candas365.es\\\/noticias#listItem\",\"name\":\"Home\"}},{\"@type\":\"ListItem\",\"@id\":\"https:\\\/\\\/candas365.es\\\/noticias\\\/carreno-aprueba-la-oferta-de-empleo-publico-del-ano-2020\\\/#listItem\",\"position\":3,\"name\":\"Carre\\u00f1o aprueba la Oferta de Empleo P\\u00fablico del a\\u00f1o 2020\",\"previousItem\":{\"@type\":\"ListItem\",\"@id\":\"https:\\\/\\\/candas365.es\\\/noticias\\\/category\\\/noticias-carreno\\\/#listItem\",\"name\":\"Noticias Carre\\u00f1o\"}}]},{\"@type\":\"NewsArticle\",\"@id\":\"https:\\\/\\\/candas365.es\\\/noticias\\\/carreno-aprueba-la-oferta-de-empleo-publico-del-ano-2020\\\/#newsarticle\",\"name\":\"Carre\\u00f1o aprueba la Oferta de Empleo P\\u00fablico del a\\u00f1o 2020 | Cand\\u00e1s 365\",\"headline\":\"Carre\\u00f1o aprueba la Oferta de Empleo P\\u00fablico del a\\u00f1o 2020\",\"author\":{\"@id\":\"https:\\\/\\\/candas365.es\\\/noticias\\\/author\\\/admin\\\/#author\"},\"publisher\":{\"@id\":\"https:\\\/\\\/candas365.es\\\/noticias\\\/#organization\"},\"image\":{\"@type\":\"ImageObject\",\"url\":\"https:\\\/\\\/candas365.es\\\/noticias\\\/wp-content\\\/uploads\\\/2015\\\/01\\\/ayuntamiento.jpg\",\"width\":800,\"height\":600,\"caption\":\"Carre\\u00f1o\"},\"datePublished\":\"2019-12-20T13:35:57+01:00\",\"dateModified\":\"2019-12-20T13:35:57+01:00\",\"inLanguage\":\"es-ES\",\"mainEntityOfPage\":{\"@id\":\"https:\\\/\\\/candas365.es\\\/noticias\\\/carreno-aprueba-la-oferta-de-empleo-publico-del-ano-2020\\\/#webpage\"},\"isPartOf\":{\"@id\":\"https:\\\/\\\/candas365.es\\\/noticias\\\/carreno-aprueba-la-oferta-de-empleo-publico-del-ano-2020\\\/#webpage\"},\"articleSection\":\"Noticias Carre\\u00f1o\",\"dateline\":\"Publicado el diciembre 20, 2019.\"},{\"@type\":\"Organization\",\"@id\":\"https:\\\/\\\/candas365.es\\\/noticias\\\/#organization\",\"name\":\"Cand\\u00e1s 365\",\"description\":\"Cand\\u00e1s 365 es un diario digital independiente, fundado en 2012, con base en Asturias. Informamos con rigor sobre actualidad, sociedad, cultura y ocio, con una mirada local y global.\",\"url\":\"https:\\\/\\\/candas365.es\\\/noticias\\\/\",\"email\":\"info@candas365.es\",\"telephone\":\"+34652131393\",\"foundingDate\":\"2012-06-10\",\"logo\":{\"@type\":\"ImageObject\",\"url\":\"https:\\\/\\\/candas365.es\\\/noticias\\\/wp-content\\\/uploads\\\/2024\\\/09\\\/Candas-365-Redes.jpg\",\"@id\":\"https:\\\/\\\/candas365.es\\\/noticias\\\/carreno-aprueba-la-oferta-de-empleo-publico-del-ano-2020\\\/#organizationLogo\",\"width\":1152,\"height\":864,\"caption\":\"Cand\\u00e1s 365 Redes\"},\"image\":{\"@id\":\"https:\\\/\\\/candas365.es\\\/noticias\\\/carreno-aprueba-la-oferta-de-empleo-publico-del-ano-2020\\\/#organizationLogo\"},\"sameAs\":[\"https:\\\/\\\/www.facebook.com\\\/Nachofdezber\",\"https:\\\/\\\/x.com\\\/NabercoDigital\",\"https:\\\/\\\/www.instagram.com\\\/nachofdezber\\\/\",\"https:\\\/\\\/www.youtube.com\\\/channel\\\/UCZP-2wLEB9Rv6erhFmqVnvg\"],\"address\":{\"@id\":\"https:\\\/\\\/candas365.es\\\/noticias\\\/#postaladdress\",\"@type\":\"PostalAddress\",\"streetAddress\":\"san antonio 4, san antonio 4\",\"postalCode\":\"33430\",\"addressLocality\":\"Cand\\u00e1s\",\"addressRegion\":\"Asturias\",\"addressCountry\":\"ES\"}},{\"@type\":\"Person\",\"@id\":\"https:\\\/\\\/candas365.es\\\/noticias\\\/author\\\/admin\\\/#author\",\"url\":\"https:\\\/\\\/candas365.es\\\/noticias\\\/author\\\/admin\\\/\",\"name\":\"Cand\\u00e1s 365\",\"image\":{\"@type\":\"ImageObject\",\"@id\":\"https:\\\/\\\/candas365.es\\\/noticias\\\/carreno-aprueba-la-oferta-de-empleo-publico-del-ano-2020\\\/#authorImage\",\"url\":\"https:\\\/\\\/secure.gravatar.com\\\/avatar\\\/496a8e03d0c493ede1718b7934145dbdf8d89be1036b0eec9544e1094c9de390?s=96&d=mm&r=g\",\"width\":96,\"height\":96,\"caption\":\"Cand\\u00e1s 365\"},\"sameAs\":[\"https:\\\/\\\/www.facebook.com\\\/carrenoactualidad\",\"https:\\\/\\\/twitter.com\\\/nbasturias\",\"https:\\\/\\\/www.instagram.com\\\/nachofdezber\\\/\",\"https:\\\/\\\/www.youtube.com\\\/channel\\\/UCZP-2wLEB9Rv6erhFmqVnvg\"]},{\"@type\":\"WebPage\",\"@id\":\"https:\\\/\\\/candas365.es\\\/noticias\\\/carreno-aprueba-la-oferta-de-empleo-publico-del-ano-2020\\\/#webpage\",\"url\":\"https:\\\/\\\/candas365.es\\\/noticias\\\/carreno-aprueba-la-oferta-de-empleo-publico-del-ano-2020\\\/\",\"name\":\"Carre\\u00f1o aprueba la Oferta de Empleo P\\u00fablico del a\\u00f1o 2020 | Cand\\u00e1s 365\",\"description\":\"El Gobierno Municipal Socialista de Carre\\u00f1o ha aprobado la Oferta de Empleo P\\u00fablico del a\\u00f1o 2020 con una relaci\\u00f3n de 8 puestos de trabajo en los diferentes departamentos. \\u201cLa Propuesta del Gobierno que se ha presentado esta ma\\u00f1ana, para su aprobaci\\u00f3n, a los diferentes grupos de la oposici\\u00f3n en la Comisi\\u00f3n de Recursos Humanos. Tras\",\"inLanguage\":\"es-ES\",\"isPartOf\":{\"@id\":\"https:\\\/\\\/candas365.es\\\/noticias\\\/#website\"},\"breadcrumb\":{\"@id\":\"https:\\\/\\\/candas365.es\\\/noticias\\\/carreno-aprueba-la-oferta-de-empleo-publico-del-ano-2020\\\/#breadcrumblist\"},\"author\":{\"@id\":\"https:\\\/\\\/candas365.es\\\/noticias\\\/author\\\/admin\\\/#author\"},\"creator\":{\"@id\":\"https:\\\/\\\/candas365.es\\\/noticias\\\/author\\\/admin\\\/#author\"},\"image\":{\"@type\":\"ImageObject\",\"url\":\"https:\\\/\\\/candas365.es\\\/noticias\\\/wp-content\\\/uploads\\\/2015\\\/01\\\/ayuntamiento.jpg\",\"@id\":\"https:\\\/\\\/candas365.es\\\/noticias\\\/carreno-aprueba-la-oferta-de-empleo-publico-del-ano-2020\\\/#mainImage\",\"width\":800,\"height\":600,\"caption\":\"Carre\\u00f1o\"},\"primaryImageOfPage\":{\"@id\":\"https:\\\/\\\/candas365.es\\\/noticias\\\/carreno-aprueba-la-oferta-de-empleo-publico-del-ano-2020\\\/#mainImage\"},\"datePublished\":\"2019-12-20T13:35:57+01:00\",\"dateModified\":\"2019-12-20T13:35:57+01:00\"},{\"@type\":\"WebSite\",\"@id\":\"https:\\\/\\\/candas365.es\\\/noticias\\\/#website\",\"url\":\"https:\\\/\\\/candas365.es\\\/noticias\\\/\",\"name\":\"Cand\\u00e1s 365\",\"alternateName\":\"Cand\\u00e1s 365 Noticias\",\"description\":\"Actualidad desde Carre\\u00f1o para el mundo\",\"inLanguage\":\"es-ES\",\"publisher\":{\"@id\":\"https:\\\/\\\/candas365.es\\\/noticias\\\/#organization\"}}]}\n\t\t<\/script>\n\t\t<!-- All in One SEO Pro -->\r\n\t\t<title>Carre\u00f1o aprueba la Oferta de Empleo P\u00fablico del a\u00f1o 2020 | Cand\u00e1s 365<\/title>\n\n","aioseo_head_json":{"title":"Carre\u00f1o aprueba la Oferta de Empleo P\u00fablico del a\u00f1o 2020 | Cand\u00e1s 365","description":"El Gobierno Municipal Socialista de Carre\u00f1o ha aprobado la Oferta de Empleo P\u00fablico del a\u00f1o 2020 con una relaci\u00f3n de 8 puestos de trabajo en los diferentes departamentos. \u201cLa Propuesta del Gobierno que se ha presentado esta ma\u00f1ana, para su aprobaci\u00f3n, a los diferentes grupos de la oposici\u00f3n en la Comisi\u00f3n de Recursos Humanos. Tras","canonical_url":"https:\/\/candas365.es\/noticias\/carreno-aprueba-la-oferta-de-empleo-publico-del-ano-2020\/","robots":"max-image-preview:large","keywords":"noticias carre\u00f1o","webmasterTools":{"google-site-verification":"UA-32230408-1","msvalidate.01":"354F3CDFB2DA171B47FBE9ABF1F88D5","miscellaneous":""},"schema":{"@context":"https:\/\/schema.org","@graph":[{"@type":"BreadcrumbList","@id":"https:\/\/candas365.es\/noticias\/carreno-aprueba-la-oferta-de-empleo-publico-del-ano-2020\/#breadcrumblist","itemListElement":[{"@type":"ListItem","@id":"https:\/\/candas365.es\/noticias#listItem","position":1,"name":"Home","item":"https:\/\/candas365.es\/noticias","nextItem":{"@type":"ListItem","@id":"https:\/\/candas365.es\/noticias\/category\/noticias-carreno\/#listItem","name":"Noticias Carre\u00f1o"}},{"@type":"ListItem","@id":"https:\/\/candas365.es\/noticias\/category\/noticias-carreno\/#listItem","position":2,"name":"Noticias Carre\u00f1o","item":"https:\/\/candas365.es\/noticias\/category\/noticias-carreno\/","nextItem":{"@type":"ListItem","@id":"https:\/\/candas365.es\/noticias\/carreno-aprueba-la-oferta-de-empleo-publico-del-ano-2020\/#listItem","name":"Carre\u00f1o aprueba la Oferta de Empleo P\u00fablico del a\u00f1o 2020"},"previousItem":{"@type":"ListItem","@id":"https:\/\/candas365.es\/noticias#listItem","name":"Home"}},{"@type":"ListItem","@id":"https:\/\/candas365.es\/noticias\/carreno-aprueba-la-oferta-de-empleo-publico-del-ano-2020\/#listItem","position":3,"name":"Carre\u00f1o aprueba la Oferta de Empleo P\u00fablico del a\u00f1o 2020","previousItem":{"@type":"ListItem","@id":"https:\/\/candas365.es\/noticias\/category\/noticias-carreno\/#listItem","name":"Noticias Carre\u00f1o"}}]},{"@type":"NewsArticle","@id":"https:\/\/candas365.es\/noticias\/carreno-aprueba-la-oferta-de-empleo-publico-del-ano-2020\/#newsarticle","name":"Carre\u00f1o aprueba la Oferta de Empleo P\u00fablico del a\u00f1o 2020 | Cand\u00e1s 365","headline":"Carre\u00f1o aprueba la Oferta de Empleo P\u00fablico del a\u00f1o 2020","author":{"@id":"https:\/\/candas365.es\/noticias\/author\/admin\/#author"},"publisher":{"@id":"https:\/\/candas365.es\/noticias\/#organization"},"image":{"@type":"ImageObject","url":"https:\/\/candas365.es\/noticias\/wp-content\/uploads\/2015\/01\/ayuntamiento.jpg","width":800,"height":600,"caption":"Carre\u00f1o"},"datePublished":"2019-12-20T13:35:57+01:00","dateModified":"2019-12-20T13:35:57+01:00","inLanguage":"es-ES","mainEntityOfPage":{"@id":"https:\/\/candas365.es\/noticias\/carreno-aprueba-la-oferta-de-empleo-publico-del-ano-2020\/#webpage"},"isPartOf":{"@id":"https:\/\/candas365.es\/noticias\/carreno-aprueba-la-oferta-de-empleo-publico-del-ano-2020\/#webpage"},"articleSection":"Noticias Carre\u00f1o","dateline":"Publicado el diciembre 20, 2019."},{"@type":"Organization","@id":"https:\/\/candas365.es\/noticias\/#organization","name":"Cand\u00e1s 365","description":"Cand\u00e1s 365 es un diario digital independiente, fundado en 2012, con base en Asturias. Informamos con rigor sobre actualidad, sociedad, cultura y ocio, con una mirada local y global.","url":"https:\/\/candas365.es\/noticias\/","email":"info@candas365.es","telephone":"+34652131393","foundingDate":"2012-06-10","logo":{"@type":"ImageObject","url":"https:\/\/candas365.es\/noticias\/wp-content\/uploads\/2024\/09\/Candas-365-Redes.jpg","@id":"https:\/\/candas365.es\/noticias\/carreno-aprueba-la-oferta-de-empleo-publico-del-ano-2020\/#organizationLogo","width":1152,"height":864,"caption":"Cand\u00e1s 365 Redes"},"image":{"@id":"https:\/\/candas365.es\/noticias\/carreno-aprueba-la-oferta-de-empleo-publico-del-ano-2020\/#organizationLogo"},"sameAs":["https:\/\/www.facebook.com\/Nachofdezber","https:\/\/x.com\/NabercoDigital","https:\/\/www.instagram.com\/nachofdezber\/","https:\/\/www.youtube.com\/channel\/UCZP-2wLEB9Rv6erhFmqVnvg"],"address":{"@id":"https:\/\/candas365.es\/noticias\/#postaladdress","@type":"PostalAddress","streetAddress":"san antonio 4, san antonio 4","postalCode":"33430","addressLocality":"Cand\u00e1s","addressRegion":"Asturias","addressCountry":"ES"}},{"@type":"Person","@id":"https:\/\/candas365.es\/noticias\/author\/admin\/#author","url":"https:\/\/candas365.es\/noticias\/author\/admin\/","name":"Cand\u00e1s 365","image":{"@type":"ImageObject","@id":"https:\/\/candas365.es\/noticias\/carreno-aprueba-la-oferta-de-empleo-publico-del-ano-2020\/#authorImage","url":"https:\/\/secure.gravatar.com\/avatar\/496a8e03d0c493ede1718b7934145dbdf8d89be1036b0eec9544e1094c9de390?s=96&d=mm&r=g","width":96,"height":96,"caption":"Cand\u00e1s 365"},"sameAs":["https:\/\/www.facebook.com\/carrenoactualidad","https:\/\/twitter.com\/nbasturias","https:\/\/www.instagram.com\/nachofdezber\/","https:\/\/www.youtube.com\/channel\/UCZP-2wLEB9Rv6erhFmqVnvg"]},{"@type":"WebPage","@id":"https:\/\/candas365.es\/noticias\/carreno-aprueba-la-oferta-de-empleo-publico-del-ano-2020\/#webpage","url":"https:\/\/candas365.es\/noticias\/carreno-aprueba-la-oferta-de-empleo-publico-del-ano-2020\/","name":"Carre\u00f1o aprueba la Oferta de Empleo P\u00fablico del a\u00f1o 2020 | Cand\u00e1s 365","description":"El Gobierno Municipal Socialista de Carre\u00f1o ha aprobado la Oferta de Empleo P\u00fablico del a\u00f1o 2020 con una relaci\u00f3n de 8 puestos de trabajo en los diferentes departamentos. \u201cLa Propuesta del Gobierno que se ha presentado esta ma\u00f1ana, para su aprobaci\u00f3n, a los diferentes grupos de la oposici\u00f3n en la Comisi\u00f3n de Recursos Humanos. Tras","inLanguage":"es-ES","isPartOf":{"@id":"https:\/\/candas365.es\/noticias\/#website"},"breadcrumb":{"@id":"https:\/\/candas365.es\/noticias\/carreno-aprueba-la-oferta-de-empleo-publico-del-ano-2020\/#breadcrumblist"},"author":{"@id":"https:\/\/candas365.es\/noticias\/author\/admin\/#author"},"creator":{"@id":"https:\/\/candas365.es\/noticias\/author\/admin\/#author"},"image":{"@type":"ImageObject","url":"https:\/\/candas365.es\/noticias\/wp-content\/uploads\/2015\/01\/ayuntamiento.jpg","@id":"https:\/\/candas365.es\/noticias\/carreno-aprueba-la-oferta-de-empleo-publico-del-ano-2020\/#mainImage","width":800,"height":600,"caption":"Carre\u00f1o"},"primaryImageOfPage":{"@id":"https:\/\/candas365.es\/noticias\/carreno-aprueba-la-oferta-de-empleo-publico-del-ano-2020\/#mainImage"},"datePublished":"2019-12-20T13:35:57+01:00","dateModified":"2019-12-20T13:35:57+01:00"},{"@type":"WebSite","@id":"https:\/\/candas365.es\/noticias\/#website","url":"https:\/\/candas365.es\/noticias\/","name":"Cand\u00e1s 365","alternateName":"Cand\u00e1s 365 Noticias","description":"Actualidad desde Carre\u00f1o para el mundo","inLanguage":"es-ES","publisher":{"@id":"https:\/\/candas365.es\/noticias\/#organization"}}]},"og:locale":"es_ES","og:site_name":"Cand\u00e1s 365","og:type":"article","og:title":"Carre\u00f1o aprueba la Oferta de Empleo P\u00fablico del a\u00f1o 2020 | Cand\u00e1s 365","og:description":"El Gobierno Municipal Socialista de Carre\u00f1o ha aprobado la Oferta de Empleo P\u00fablico del a\u00f1o 2020 con una relaci\u00f3n de 8 puestos de trabajo en los diferentes departamentos. \u201cLa Propuesta del Gobierno que se ha presentado esta ma\u00f1ana, para su aprobaci\u00f3n, a los diferentes grupos de la oposici\u00f3n en la Comisi\u00f3n de Recursos Humanos. Tras","og:url":"https:\/\/candas365.es\/noticias\/carreno-aprueba-la-oferta-de-empleo-publico-del-ano-2020\/","og:image":"https:\/\/candas365.es\/noticias\/wp-content\/uploads\/2015\/01\/ayuntamiento.jpg","og:image:secure_url":"https:\/\/candas365.es\/noticias\/wp-content\/uploads\/2015\/01\/ayuntamiento.jpg","og:image:width":800,"og:image:height":600,"article:published_time":"2019-12-20T13:35:57+00:00","article:modified_time":"2019-12-20T13:35:57+00:00","article:publisher":"https:\/\/www.facebook.com\/Nachofdezber","article:author":"https:\/\/www.facebook.com\/carrenoactualidad","twitter:card":"summary_large_image","twitter:site":"@NabercoDigital","twitter:title":"Carre\u00f1o aprueba la Oferta de Empleo P\u00fablico del a\u00f1o 2020 | Cand\u00e1s 365","twitter:description":"El Gobierno Municipal Socialista de Carre\u00f1o ha aprobado la Oferta de Empleo P\u00fablico del a\u00f1o 2020 con una relaci\u00f3n de 8 puestos de trabajo en los diferentes departamentos. \u201cLa Propuesta del Gobierno que se ha presentado esta ma\u00f1ana, para su aprobaci\u00f3n, a los diferentes grupos de la oposici\u00f3n en la Comisi\u00f3n de Recursos Humanos. Tras","twitter:creator":"@nbasturias","twitter:image":"https:\/\/candas365.es\/noticias\/wp-content\/uploads\/2015\/01\/ayuntamiento.jpg","twitter:label1":"Escrito por","twitter:data1":"Cand\u00e1s 365","twitter:label2":"Tiempo de lectura estimado","twitter:data2":"3 minutos"},"aioseo_meta_data":{"post_id":"135011","title":null,"description":null,"keywords":null,"keyphrases":null,"primary_term":null,"canonical_url":null,"og_title":null,"og_description":null,"og_object_type":"default","og_image_type":"default","og_image_url":null,"og_image_width":null,"og_image_height":null,"og_image_custom_url":null,"og_image_custom_fields":null,"og_video":null,"og_custom_url":null,"og_article_section":null,"og_article_tags":null,"twitter_use_og":false,"twitter_card":"default","twitter_image_type":"default","twitter_image_url":null,"twitter_image_custom_url":null,"twitter_image_custom_fields":null,"twitter_title":null,"twitter_description":null,"schema":{"blockGraphs":[],"customGraphs":[],"default":{"data":{"Article":[],"Course":[],"Dataset":[],"FAQPage":[],"Movie":[],"Person":[],"Product":[],"ProductReview":[],"Car":[],"Recipe":[],"Service":[],"SoftwareApplication":[],"WebPage":[]},"graphName":"","isEnabled":true},"graphs":[],"defaultGraph":"","defaultPostTypeGraph":""},"schema_type":null,"schema_type_options":null,"pillar_content":false,"robots_default":true,"robots_noindex":false,"robots_noarchive":false,"robots_nosnippet":false,"robots_nofollow":false,"robots_noimageindex":false,"robots_noodp":false,"robots_notranslate":false,"robots_max_snippet":null,"robots_max_videopreview":null,"robots_max_imagepreview":"large","priority":null,"frequency":null,"location":null,"local_seo":null,"seo_analyzer_scan_date":"2025-08-30 19:53:14","breadcrumb_settings":null,"limit_modified_date":false,"reviewed_by":null,"open_ai":null,"ai":null,"created":"2020-12-21 10:49:07","updated":"2025-08-30 19:53:14"},"aioseo_breadcrumb":"<div class=\"aioseo-breadcrumbs\"><span class=\"aioseo-breadcrumb\">\n\t<a href=\"https:\/\/candas365.es\/noticias\" title=\"Home\">Home<\/a>\n<\/span><span class=\"aioseo-breadcrumb-separator\">&ndash;<\/span><span class=\"aioseo-breadcrumb\">\n\t<a href=\"https:\/\/candas365.es\/noticias\/category\/noticias-carreno\/\" title=\"Noticias Carre\u00f1o\">Noticias Carre\u00f1o<\/a>\n<\/span><span class=\"aioseo-breadcrumb-separator\">&ndash;<\/span><span class=\"aioseo-breadcrumb\">\n\tCarre\u00f1o aprueba la Oferta de Empleo P\u00fablico del a\u00f1o 2020\n<\/span><\/div>","aioseo_breadcrumb_json":[{"label":"Home","link":"https:\/\/candas365.es\/noticias"},{"label":"Noticias Carre\u00f1o","link":"https:\/\/candas365.es\/noticias\/category\/noticias-carreno\/"},{"label":"Carre\u00f1o aprueba la Oferta de Empleo P\u00fablico del a\u00f1o 2020","link":"https:\/\/candas365.es\/noticias\/carreno-aprueba-la-oferta-de-empleo-publico-del-ano-2020\/"}],"_links":{"self":[{"href":"https:\/\/candas365.es\/noticias\/wp-json\/wp\/v2\/posts\/135011","targetHints":{"allow":["GET"]}}],"collection":[{"href":"https:\/\/candas365.es\/noticias\/wp-json\/wp\/v2\/posts"}],"about":[{"href":"https:\/\/candas365.es\/noticias\/wp-json\/wp\/v2\/types\/post"}],"author":[{"embeddable":true,"href":"https:\/\/candas365.es\/noticias\/wp-json\/wp\/v2\/users\/1"}],"replies":[{"embeddable":true,"href":"https:\/\/candas365.es\/noticias\/wp-json\/wp\/v2\/comments?post=135011"}],"version-history":[{"count":0,"href":"https:\/\/candas365.es\/noticias\/wp-json\/wp\/v2\/posts\/135011\/revisions"}],"wp:featuredmedia":[{"embeddable":true,"href":"https:\/\/candas365.es\/noticias\/wp-json\/wp\/v2\/media\/6453"}],"wp:attachment":[{"href":"https:\/\/candas365.es\/noticias\/wp-json\/wp\/v2\/media?parent=135011"}],"wp:term":[{"taxonomy":"category","embeddable":true,"href":"https:\/\/candas365.es\/noticias\/wp-json\/wp\/v2\/categories?post=135011"},{"taxonomy":"post_tag","embeddable":true,"href":"https:\/\/candas365.es\/noticias\/wp-json\/wp\/v2\/tags?post=135011"}],"curies":[{"name":"wp","href":"https:\/\/api.w.org\/{rel}","templated":true}]}}