{"id":135006,"date":"2019-12-20T12:29:34","date_gmt":"2019-12-20T12:29:34","guid":{"rendered":"http:\/\/candas365.es\/noticias\/?p=135006"},"modified":"2019-12-20T12:29:34","modified_gmt":"2019-12-20T12:29:34","slug":"carreno-es-reconocido-por-su-compromiso-en-favor-de-la-actividad-comercial","status":"publish","type":"post","link":"https:\/\/candas365.es\/noticias\/carreno-es-reconocido-por-su-compromiso-en-favor-de-la-actividad-comercial\/","title":{"rendered":"Carre\u00f1o es reconocido por su compromiso en favor de la actividad comercial"},"content":{"rendered":"<p><img fetchpriority=\"high\" decoding=\"async\" class=\"alignleft size-medium wp-image-135007\" src=\"https:\/\/candas365.es\/noticias\/wp-content\/uploads\/2019\/12\/ndp-ayto-1-360x248.jpg\" alt=\"\" width=\"360\" height=\"248\" srcset=\"https:\/\/candas365.es\/noticias\/wp-content\/uploads\/2019\/12\/ndp-ayto-1-360x248.jpg 360w, https:\/\/candas365.es\/noticias\/wp-content\/uploads\/2019\/12\/ndp-ayto-1-655x451.jpg 655w, https:\/\/candas365.es\/noticias\/wp-content\/uploads\/2019\/12\/ndp-ayto-1-768x528.jpg 768w, https:\/\/candas365.es\/noticias\/wp-content\/uploads\/2019\/12\/ndp-ayto-1-218x150.jpg 218w, https:\/\/candas365.es\/noticias\/wp-content\/uploads\/2019\/12\/ndp-ayto-1-696x479.jpg 696w, https:\/\/candas365.es\/noticias\/wp-content\/uploads\/2019\/12\/ndp-ayto-1-610x420.jpg 610w, https:\/\/candas365.es\/noticias\/wp-content\/uploads\/2019\/12\/ndp-ayto-1-100x70.jpg 100w, https:\/\/candas365.es\/noticias\/wp-content\/uploads\/2019\/12\/ndp-ayto-1.jpg 888w\" sizes=\"(max-width: 360px) 100vw, 360px\" \/>La Ministra de Industria, Comercio y Turismo en funciones, Reyes Maroto Illera, ha entregado esta ma\u00f1ana a la Alcaldesa de Carre\u00f1o, Amelia Fern\u00e1ndez, el galard\u00f3n del 1re Premio de Comercio Interior 2019, que el Ministerio ha concedido al Ayuntamiento de Carre\u00f1o en reconocimiento de su compromiso en favor de la actividad comercial en el concejo.<\/p>\n<p>En el acto, celebrado en la sede el Ministerio, tambi\u00e9n fue entregado el segundo premio, que le correspondi\u00f3 al Ayuntamiento de Madrid y una menci\u00f3n especial en la categor\u00eda de administraci\u00f3n local que este a\u00f1o recay\u00f3 en el Ayuntamiento de Corvera.<\/p>\n<p>El Ayuntamiento de Carre\u00f1o lleva a\u00f1os apostando por el peque\u00f1o comercio, por su evidente papel en la lucha contra el desempleo. Esa apuesta se plasma en la colaboraci\u00f3n que el Ayuntamiento viene desarrollando desde el a\u00f1o 2008 con la Uni\u00f3n de Comerciantes del Principado de Asturias, y que dio lugar a creaci\u00f3n del Centro Comercial Abierto de Cand\u00e1s.<\/p>\n<p>\u201cCarre\u00f1o es el \u00fanico municipio de Asturias de menos de 70.000 habitantes que ha puesto en funcionamiento y mantiene, despu\u00e9s de 10 a\u00f1os, un Centro Comercial Abierto. Este detalle ha contribuido sin duda al reconocimiento por parte del Ministerio, del mismo modo que las inversiones en mejora de accesibilidad, las aplicaciones tecnol\u00f3gicas, o las campa\u00f1as de promoci\u00f3n de la actividad comercial, cuyo marco \u00f3ptimo ha sido el Centro Comercial Abierto\u201d, se\u00f1al\u00f3 la regidora carre\u00f1ense.<\/p>\n<p>Con motivo del acto de entrega del Premio, Amelia Fern\u00e1ndez tambi\u00e9n present\u00f3 a la Ministra el proyecto de fomento del comercio a domicilio, que el Ayuntamiento de Carre\u00f1o planea poner en marcha como experiencia piloto en los pr\u00f3ximos meses.<\/p>\n","protected":false},"excerpt":{"rendered":"<p>La Ministra de Industria, Comercio y Turismo en funciones, Reyes Maroto Illera, ha entregado esta ma\u00f1ana a la Alcaldesa de Carre\u00f1o, Amelia Fern\u00e1ndez, el galard\u00f3n del 1re Premio de Comercio Interior 2019, que el Ministerio ha concedido al Ayuntamiento de Carre\u00f1o en reconocimiento de su compromiso en favor de la actividad comercial en el concejo.<\/p>\n","protected":false},"author":1,"featured_media":135007,"comment_status":"closed","ping_status":"closed","sticky":false,"template":"","format":"standard","meta":{"footnotes":""},"categories":[2],"tags":[],"class_list":{"0":"post-135006","1":"post","2":"type-post","3":"status-publish","4":"format-standard","5":"has-post-thumbnail","7":"category-noticias-carreno"},"aioseo_notices":[],"aioseo_head":"\n\t\t<!-- All in One SEO Pro 4.9.6.2 - aioseo.com -->\n\t<meta name=\"description\" content=\"La Ministra de Industria, Comercio y Turismo en funciones, Reyes Maroto Illera, ha entregado esta ma\u00f1ana a la Alcaldesa de Carre\u00f1o, Amelia Fern\u00e1ndez, el galard\u00f3n del 1re Premio de Comercio Interior 2019, que el Ministerio ha concedido al Ayuntamiento de Carre\u00f1o en reconocimiento de su compromiso en favor de la actividad comercial en el concejo.\" \/>\n\t<meta name=\"robots\" content=\"max-image-preview:large\" \/>\n\t<meta name=\"author\" content=\"Cand\u00e1s 365\"\/>\n\t<meta name=\"google-site-verification\" content=\"UA-32230408-1\" \/>\n\t<meta name=\"msvalidate.01\" content=\"354F3CDFB2DA171B47FBE9ABF1F88D5\" \/>\n\t<meta name=\"keywords\" content=\"noticias carre\u00f1o\" \/>\n\t<link rel=\"canonical\" href=\"https:\/\/candas365.es\/noticias\/carreno-es-reconocido-por-su-compromiso-en-favor-de-la-actividad-comercial\/\" \/>\n\t<meta name=\"generator\" content=\"All in One SEO Pro (AIOSEO) 4.9.6.2\" \/>\n\t\t<meta property=\"og:locale\" content=\"es_ES\" \/>\n\t\t<meta property=\"og:site_name\" content=\"Cand\u00e1s 365\" \/>\n\t\t<meta property=\"og:type\" content=\"article\" \/>\n\t\t<meta property=\"og:title\" content=\"Carre\u00f1o es reconocido por su compromiso en favor de la actividad comercial | Cand\u00e1s 365\" \/>\n\t\t<meta property=\"og:description\" content=\"La Ministra de Industria, Comercio y Turismo en funciones, Reyes Maroto Illera, ha entregado esta ma\u00f1ana a la Alcaldesa de Carre\u00f1o, Amelia Fern\u00e1ndez, el galard\u00f3n del 1re Premio de Comercio Interior 2019, que el Ministerio ha concedido al Ayuntamiento de Carre\u00f1o en reconocimiento de su compromiso en favor de la actividad comercial en el concejo.\" \/>\n\t\t<meta property=\"og:url\" content=\"https:\/\/candas365.es\/noticias\/carreno-es-reconocido-por-su-compromiso-en-favor-de-la-actividad-comercial\/\" \/>\n\t\t<meta property=\"og:image\" content=\"https:\/\/candas365.es\/noticias\/wp-content\/uploads\/2019\/12\/ndp-ayto-1.jpg\" \/>\n\t\t<meta property=\"og:image:secure_url\" content=\"https:\/\/candas365.es\/noticias\/wp-content\/uploads\/2019\/12\/ndp-ayto-1.jpg\" \/>\n\t\t<meta property=\"og:image:width\" content=\"888\" \/>\n\t\t<meta property=\"og:image:height\" content=\"611\" \/>\n\t\t<meta property=\"article:published_time\" content=\"2019-12-20T12:29:34+00:00\" \/>\n\t\t<meta property=\"article:modified_time\" content=\"2019-12-20T12:29:34+00:00\" \/>\n\t\t<meta property=\"article:publisher\" content=\"https:\/\/www.facebook.com\/Nachofdezber\" \/>\n\t\t<meta property=\"article:author\" content=\"https:\/\/www.facebook.com\/carrenoactualidad\" \/>\n\t\t<meta name=\"twitter:card\" content=\"summary_large_image\" \/>\n\t\t<meta name=\"twitter:site\" content=\"@NabercoDigital\" \/>\n\t\t<meta name=\"twitter:title\" content=\"Carre\u00f1o es reconocido por su compromiso en favor de la actividad comercial | Cand\u00e1s 365\" \/>\n\t\t<meta name=\"twitter:description\" content=\"La Ministra de Industria, Comercio y Turismo en funciones, Reyes Maroto Illera, ha entregado esta ma\u00f1ana a la Alcaldesa de Carre\u00f1o, Amelia Fern\u00e1ndez, el galard\u00f3n del 1re Premio de Comercio Interior 2019, que el Ministerio ha concedido al Ayuntamiento de Carre\u00f1o en reconocimiento de su compromiso en favor de la actividad comercial en el concejo.\" \/>\n\t\t<meta name=\"twitter:creator\" content=\"@nbasturias\" \/>\n\t\t<meta name=\"twitter:image\" content=\"https:\/\/candas365.es\/noticias\/wp-content\/uploads\/2019\/12\/ndp-ayto-1.jpg\" \/>\n\t\t<meta name=\"twitter:label1\" content=\"Escrito por\" \/>\n\t\t<meta name=\"twitter:data1\" content=\"Cand\u00e1s 365\" \/>\n\t\t<meta name=\"twitter:label2\" content=\"Tiempo de lectura estimado\" \/>\n\t\t<meta name=\"twitter:data2\" content=\"1 minuto\" \/>\n\t\t<script type=\"application\/ld+json\" class=\"aioseo-schema\">\n\t\t\t{\"@context\":\"https:\\\/\\\/schema.org\",\"@graph\":[{\"@type\":\"BreadcrumbList\",\"@id\":\"https:\\\/\\\/candas365.es\\\/noticias\\\/carreno-es-reconocido-por-su-compromiso-en-favor-de-la-actividad-comercial\\\/#breadcrumblist\",\"itemListElement\":[{\"@type\":\"ListItem\",\"@id\":\"https:\\\/\\\/candas365.es\\\/noticias#listItem\",\"position\":1,\"name\":\"Home\",\"item\":\"https:\\\/\\\/candas365.es\\\/noticias\",\"nextItem\":{\"@type\":\"ListItem\",\"@id\":\"https:\\\/\\\/candas365.es\\\/noticias\\\/category\\\/noticias-carreno\\\/#listItem\",\"name\":\"Noticias Carre\\u00f1o\"}},{\"@type\":\"ListItem\",\"@id\":\"https:\\\/\\\/candas365.es\\\/noticias\\\/category\\\/noticias-carreno\\\/#listItem\",\"position\":2,\"name\":\"Noticias Carre\\u00f1o\",\"item\":\"https:\\\/\\\/candas365.es\\\/noticias\\\/category\\\/noticias-carreno\\\/\",\"nextItem\":{\"@type\":\"ListItem\",\"@id\":\"https:\\\/\\\/candas365.es\\\/noticias\\\/carreno-es-reconocido-por-su-compromiso-en-favor-de-la-actividad-comercial\\\/#listItem\",\"name\":\"Carre\\u00f1o es reconocido por su compromiso en favor de la actividad comercial\"},\"previousItem\":{\"@type\":\"ListItem\",\"@id\":\"https:\\\/\\\/candas365.es\\\/noticias#listItem\",\"name\":\"Home\"}},{\"@type\":\"ListItem\",\"@id\":\"https:\\\/\\\/candas365.es\\\/noticias\\\/carreno-es-reconocido-por-su-compromiso-en-favor-de-la-actividad-comercial\\\/#listItem\",\"position\":3,\"name\":\"Carre\\u00f1o es reconocido por su compromiso en favor de la actividad comercial\",\"previousItem\":{\"@type\":\"ListItem\",\"@id\":\"https:\\\/\\\/candas365.es\\\/noticias\\\/category\\\/noticias-carreno\\\/#listItem\",\"name\":\"Noticias Carre\\u00f1o\"}}]},{\"@type\":\"NewsArticle\",\"@id\":\"https:\\\/\\\/candas365.es\\\/noticias\\\/carreno-es-reconocido-por-su-compromiso-en-favor-de-la-actividad-comercial\\\/#newsarticle\",\"name\":\"Carre\\u00f1o es reconocido por su compromiso en favor de la actividad comercial | Cand\\u00e1s 365\",\"headline\":\"Carre\\u00f1o es reconocido por su compromiso en favor de la actividad comercial\",\"author\":{\"@id\":\"https:\\\/\\\/candas365.es\\\/noticias\\\/author\\\/admin\\\/#author\"},\"publisher\":{\"@id\":\"https:\\\/\\\/candas365.es\\\/noticias\\\/#organization\"},\"image\":{\"@type\":\"ImageObject\",\"url\":\"https:\\\/\\\/candas365.es\\\/noticias\\\/wp-content\\\/uploads\\\/2019\\\/12\\\/ndp-ayto-1.jpg\",\"width\":888,\"height\":611},\"datePublished\":\"2019-12-20T12:29:34+01:00\",\"dateModified\":\"2019-12-20T12:29:34+01:00\",\"inLanguage\":\"es-ES\",\"mainEntityOfPage\":{\"@id\":\"https:\\\/\\\/candas365.es\\\/noticias\\\/carreno-es-reconocido-por-su-compromiso-en-favor-de-la-actividad-comercial\\\/#webpage\"},\"isPartOf\":{\"@id\":\"https:\\\/\\\/candas365.es\\\/noticias\\\/carreno-es-reconocido-por-su-compromiso-en-favor-de-la-actividad-comercial\\\/#webpage\"},\"articleSection\":\"Noticias Carre\\u00f1o\",\"dateline\":\"Publicado el diciembre 20, 2019.\"},{\"@type\":\"Organization\",\"@id\":\"https:\\\/\\\/candas365.es\\\/noticias\\\/#organization\",\"name\":\"Cand\\u00e1s 365\",\"description\":\"Cand\\u00e1s 365 es un diario digital independiente, fundado en 2012, con base en Asturias. Informamos con rigor sobre actualidad, sociedad, cultura y ocio, con una mirada local y global.\",\"url\":\"https:\\\/\\\/candas365.es\\\/noticias\\\/\",\"email\":\"info@candas365.es\",\"telephone\":\"+34652131393\",\"foundingDate\":\"2012-06-10\",\"logo\":{\"@type\":\"ImageObject\",\"url\":\"https:\\\/\\\/candas365.es\\\/noticias\\\/wp-content\\\/uploads\\\/2024\\\/09\\\/Candas-365-Redes.jpg\",\"@id\":\"https:\\\/\\\/candas365.es\\\/noticias\\\/carreno-es-reconocido-por-su-compromiso-en-favor-de-la-actividad-comercial\\\/#organizationLogo\",\"width\":1152,\"height\":864,\"caption\":\"Cand\\u00e1s 365 Redes\"},\"image\":{\"@id\":\"https:\\\/\\\/candas365.es\\\/noticias\\\/carreno-es-reconocido-por-su-compromiso-en-favor-de-la-actividad-comercial\\\/#organizationLogo\"},\"sameAs\":[\"https:\\\/\\\/www.facebook.com\\\/Nachofdezber\",\"https:\\\/\\\/x.com\\\/NabercoDigital\",\"https:\\\/\\\/www.instagram.com\\\/nachofdezber\\\/\",\"https:\\\/\\\/www.youtube.com\\\/channel\\\/UCZP-2wLEB9Rv6erhFmqVnvg\"],\"address\":{\"@id\":\"https:\\\/\\\/candas365.es\\\/noticias\\\/#postaladdress\",\"@type\":\"PostalAddress\",\"streetAddress\":\"san antonio 4, san antonio 4\",\"postalCode\":\"33430\",\"addressLocality\":\"Cand\\u00e1s\",\"addressRegion\":\"Asturias\",\"addressCountry\":\"ES\"}},{\"@type\":\"Person\",\"@id\":\"https:\\\/\\\/candas365.es\\\/noticias\\\/author\\\/admin\\\/#author\",\"url\":\"https:\\\/\\\/candas365.es\\\/noticias\\\/author\\\/admin\\\/\",\"name\":\"Cand\\u00e1s 365\",\"image\":{\"@type\":\"ImageObject\",\"@id\":\"https:\\\/\\\/candas365.es\\\/noticias\\\/carreno-es-reconocido-por-su-compromiso-en-favor-de-la-actividad-comercial\\\/#authorImage\",\"url\":\"https:\\\/\\\/secure.gravatar.com\\\/avatar\\\/496a8e03d0c493ede1718b7934145dbdf8d89be1036b0eec9544e1094c9de390?s=96&d=mm&r=g\",\"width\":96,\"height\":96,\"caption\":\"Cand\\u00e1s 365\"},\"sameAs\":[\"https:\\\/\\\/www.facebook.com\\\/carrenoactualidad\",\"https:\\\/\\\/twitter.com\\\/nbasturias\",\"https:\\\/\\\/www.instagram.com\\\/nachofdezber\\\/\",\"https:\\\/\\\/www.youtube.com\\\/channel\\\/UCZP-2wLEB9Rv6erhFmqVnvg\"]},{\"@type\":\"WebPage\",\"@id\":\"https:\\\/\\\/candas365.es\\\/noticias\\\/carreno-es-reconocido-por-su-compromiso-en-favor-de-la-actividad-comercial\\\/#webpage\",\"url\":\"https:\\\/\\\/candas365.es\\\/noticias\\\/carreno-es-reconocido-por-su-compromiso-en-favor-de-la-actividad-comercial\\\/\",\"name\":\"Carre\\u00f1o es reconocido por su compromiso en favor de la actividad comercial | Cand\\u00e1s 365\",\"description\":\"La Ministra de Industria, Comercio y Turismo en funciones, Reyes Maroto Illera, ha entregado esta ma\\u00f1ana a la Alcaldesa de Carre\\u00f1o, Amelia Fern\\u00e1ndez, el galard\\u00f3n del 1re Premio de Comercio Interior 2019, que el Ministerio ha concedido al Ayuntamiento de Carre\\u00f1o en reconocimiento de su compromiso en favor de la actividad comercial en el concejo.\",\"inLanguage\":\"es-ES\",\"isPartOf\":{\"@id\":\"https:\\\/\\\/candas365.es\\\/noticias\\\/#website\"},\"breadcrumb\":{\"@id\":\"https:\\\/\\\/candas365.es\\\/noticias\\\/carreno-es-reconocido-por-su-compromiso-en-favor-de-la-actividad-comercial\\\/#breadcrumblist\"},\"author\":{\"@id\":\"https:\\\/\\\/candas365.es\\\/noticias\\\/author\\\/admin\\\/#author\"},\"creator\":{\"@id\":\"https:\\\/\\\/candas365.es\\\/noticias\\\/author\\\/admin\\\/#author\"},\"image\":{\"@type\":\"ImageObject\",\"url\":\"https:\\\/\\\/candas365.es\\\/noticias\\\/wp-content\\\/uploads\\\/2019\\\/12\\\/ndp-ayto-1.jpg\",\"@id\":\"https:\\\/\\\/candas365.es\\\/noticias\\\/carreno-es-reconocido-por-su-compromiso-en-favor-de-la-actividad-comercial\\\/#mainImage\",\"width\":888,\"height\":611},\"primaryImageOfPage\":{\"@id\":\"https:\\\/\\\/candas365.es\\\/noticias\\\/carreno-es-reconocido-por-su-compromiso-en-favor-de-la-actividad-comercial\\\/#mainImage\"},\"datePublished\":\"2019-12-20T12:29:34+01:00\",\"dateModified\":\"2019-12-20T12:29:34+01:00\"},{\"@type\":\"WebSite\",\"@id\":\"https:\\\/\\\/candas365.es\\\/noticias\\\/#website\",\"url\":\"https:\\\/\\\/candas365.es\\\/noticias\\\/\",\"name\":\"Cand\\u00e1s 365\",\"alternateName\":\"Cand\\u00e1s 365 Noticias\",\"description\":\"Actualidad desde Carre\\u00f1o para el mundo\",\"inLanguage\":\"es-ES\",\"publisher\":{\"@id\":\"https:\\\/\\\/candas365.es\\\/noticias\\\/#organization\"}}]}\n\t\t<\/script>\n\t\t<!-- All in One SEO Pro -->\r\n\t\t<title>Carre\u00f1o es reconocido por su compromiso en favor de la actividad comercial | Cand\u00e1s 365<\/title>\n\n","aioseo_head_json":{"title":"Carre\u00f1o es reconocido por su compromiso en favor de la actividad comercial | Cand\u00e1s 365","description":"La Ministra de Industria, Comercio y Turismo en funciones, Reyes Maroto Illera, ha entregado esta ma\u00f1ana a la Alcaldesa de Carre\u00f1o, Amelia Fern\u00e1ndez, el galard\u00f3n del 1re Premio de Comercio Interior 2019, que el Ministerio ha concedido al Ayuntamiento de Carre\u00f1o en reconocimiento de su compromiso en favor de la actividad comercial en el concejo.","canonical_url":"https:\/\/candas365.es\/noticias\/carreno-es-reconocido-por-su-compromiso-en-favor-de-la-actividad-comercial\/","robots":"max-image-preview:large","keywords":"noticias carre\u00f1o","webmasterTools":{"google-site-verification":"UA-32230408-1","msvalidate.01":"354F3CDFB2DA171B47FBE9ABF1F88D5","miscellaneous":""},"schema":{"@context":"https:\/\/schema.org","@graph":[{"@type":"BreadcrumbList","@id":"https:\/\/candas365.es\/noticias\/carreno-es-reconocido-por-su-compromiso-en-favor-de-la-actividad-comercial\/#breadcrumblist","itemListElement":[{"@type":"ListItem","@id":"https:\/\/candas365.es\/noticias#listItem","position":1,"name":"Home","item":"https:\/\/candas365.es\/noticias","nextItem":{"@type":"ListItem","@id":"https:\/\/candas365.es\/noticias\/category\/noticias-carreno\/#listItem","name":"Noticias Carre\u00f1o"}},{"@type":"ListItem","@id":"https:\/\/candas365.es\/noticias\/category\/noticias-carreno\/#listItem","position":2,"name":"Noticias Carre\u00f1o","item":"https:\/\/candas365.es\/noticias\/category\/noticias-carreno\/","nextItem":{"@type":"ListItem","@id":"https:\/\/candas365.es\/noticias\/carreno-es-reconocido-por-su-compromiso-en-favor-de-la-actividad-comercial\/#listItem","name":"Carre\u00f1o es reconocido por su compromiso en favor de la actividad comercial"},"previousItem":{"@type":"ListItem","@id":"https:\/\/candas365.es\/noticias#listItem","name":"Home"}},{"@type":"ListItem","@id":"https:\/\/candas365.es\/noticias\/carreno-es-reconocido-por-su-compromiso-en-favor-de-la-actividad-comercial\/#listItem","position":3,"name":"Carre\u00f1o es reconocido por su compromiso en favor de la actividad comercial","previousItem":{"@type":"ListItem","@id":"https:\/\/candas365.es\/noticias\/category\/noticias-carreno\/#listItem","name":"Noticias Carre\u00f1o"}}]},{"@type":"NewsArticle","@id":"https:\/\/candas365.es\/noticias\/carreno-es-reconocido-por-su-compromiso-en-favor-de-la-actividad-comercial\/#newsarticle","name":"Carre\u00f1o es reconocido por su compromiso en favor de la actividad comercial | Cand\u00e1s 365","headline":"Carre\u00f1o es reconocido por su compromiso en favor de la actividad comercial","author":{"@id":"https:\/\/candas365.es\/noticias\/author\/admin\/#author"},"publisher":{"@id":"https:\/\/candas365.es\/noticias\/#organization"},"image":{"@type":"ImageObject","url":"https:\/\/candas365.es\/noticias\/wp-content\/uploads\/2019\/12\/ndp-ayto-1.jpg","width":888,"height":611},"datePublished":"2019-12-20T12:29:34+01:00","dateModified":"2019-12-20T12:29:34+01:00","inLanguage":"es-ES","mainEntityOfPage":{"@id":"https:\/\/candas365.es\/noticias\/carreno-es-reconocido-por-su-compromiso-en-favor-de-la-actividad-comercial\/#webpage"},"isPartOf":{"@id":"https:\/\/candas365.es\/noticias\/carreno-es-reconocido-por-su-compromiso-en-favor-de-la-actividad-comercial\/#webpage"},"articleSection":"Noticias Carre\u00f1o","dateline":"Publicado el diciembre 20, 2019."},{"@type":"Organization","@id":"https:\/\/candas365.es\/noticias\/#organization","name":"Cand\u00e1s 365","description":"Cand\u00e1s 365 es un diario digital independiente, fundado en 2012, con base en Asturias. Informamos con rigor sobre actualidad, sociedad, cultura y ocio, con una mirada local y global.","url":"https:\/\/candas365.es\/noticias\/","email":"info@candas365.es","telephone":"+34652131393","foundingDate":"2012-06-10","logo":{"@type":"ImageObject","url":"https:\/\/candas365.es\/noticias\/wp-content\/uploads\/2024\/09\/Candas-365-Redes.jpg","@id":"https:\/\/candas365.es\/noticias\/carreno-es-reconocido-por-su-compromiso-en-favor-de-la-actividad-comercial\/#organizationLogo","width":1152,"height":864,"caption":"Cand\u00e1s 365 Redes"},"image":{"@id":"https:\/\/candas365.es\/noticias\/carreno-es-reconocido-por-su-compromiso-en-favor-de-la-actividad-comercial\/#organizationLogo"},"sameAs":["https:\/\/www.facebook.com\/Nachofdezber","https:\/\/x.com\/NabercoDigital","https:\/\/www.instagram.com\/nachofdezber\/","https:\/\/www.youtube.com\/channel\/UCZP-2wLEB9Rv6erhFmqVnvg"],"address":{"@id":"https:\/\/candas365.es\/noticias\/#postaladdress","@type":"PostalAddress","streetAddress":"san antonio 4, san antonio 4","postalCode":"33430","addressLocality":"Cand\u00e1s","addressRegion":"Asturias","addressCountry":"ES"}},{"@type":"Person","@id":"https:\/\/candas365.es\/noticias\/author\/admin\/#author","url":"https:\/\/candas365.es\/noticias\/author\/admin\/","name":"Cand\u00e1s 365","image":{"@type":"ImageObject","@id":"https:\/\/candas365.es\/noticias\/carreno-es-reconocido-por-su-compromiso-en-favor-de-la-actividad-comercial\/#authorImage","url":"https:\/\/secure.gravatar.com\/avatar\/496a8e03d0c493ede1718b7934145dbdf8d89be1036b0eec9544e1094c9de390?s=96&d=mm&r=g","width":96,"height":96,"caption":"Cand\u00e1s 365"},"sameAs":["https:\/\/www.facebook.com\/carrenoactualidad","https:\/\/twitter.com\/nbasturias","https:\/\/www.instagram.com\/nachofdezber\/","https:\/\/www.youtube.com\/channel\/UCZP-2wLEB9Rv6erhFmqVnvg"]},{"@type":"WebPage","@id":"https:\/\/candas365.es\/noticias\/carreno-es-reconocido-por-su-compromiso-en-favor-de-la-actividad-comercial\/#webpage","url":"https:\/\/candas365.es\/noticias\/carreno-es-reconocido-por-su-compromiso-en-favor-de-la-actividad-comercial\/","name":"Carre\u00f1o es reconocido por su compromiso en favor de la actividad comercial | Cand\u00e1s 365","description":"La Ministra de Industria, Comercio y Turismo en funciones, Reyes Maroto Illera, ha entregado esta ma\u00f1ana a la Alcaldesa de Carre\u00f1o, Amelia Fern\u00e1ndez, el galard\u00f3n del 1re Premio de Comercio Interior 2019, que el Ministerio ha concedido al Ayuntamiento de Carre\u00f1o en reconocimiento de su compromiso en favor de la actividad comercial en el concejo.","inLanguage":"es-ES","isPartOf":{"@id":"https:\/\/candas365.es\/noticias\/#website"},"breadcrumb":{"@id":"https:\/\/candas365.es\/noticias\/carreno-es-reconocido-por-su-compromiso-en-favor-de-la-actividad-comercial\/#breadcrumblist"},"author":{"@id":"https:\/\/candas365.es\/noticias\/author\/admin\/#author"},"creator":{"@id":"https:\/\/candas365.es\/noticias\/author\/admin\/#author"},"image":{"@type":"ImageObject","url":"https:\/\/candas365.es\/noticias\/wp-content\/uploads\/2019\/12\/ndp-ayto-1.jpg","@id":"https:\/\/candas365.es\/noticias\/carreno-es-reconocido-por-su-compromiso-en-favor-de-la-actividad-comercial\/#mainImage","width":888,"height":611},"primaryImageOfPage":{"@id":"https:\/\/candas365.es\/noticias\/carreno-es-reconocido-por-su-compromiso-en-favor-de-la-actividad-comercial\/#mainImage"},"datePublished":"2019-12-20T12:29:34+01:00","dateModified":"2019-12-20T12:29:34+01:00"},{"@type":"WebSite","@id":"https:\/\/candas365.es\/noticias\/#website","url":"https:\/\/candas365.es\/noticias\/","name":"Cand\u00e1s 365","alternateName":"Cand\u00e1s 365 Noticias","description":"Actualidad desde Carre\u00f1o para el mundo","inLanguage":"es-ES","publisher":{"@id":"https:\/\/candas365.es\/noticias\/#organization"}}]},"og:locale":"es_ES","og:site_name":"Cand\u00e1s 365","og:type":"article","og:title":"Carre\u00f1o es reconocido por su compromiso en favor de la actividad comercial | Cand\u00e1s 365","og:description":"La Ministra de Industria, Comercio y Turismo en funciones, Reyes Maroto Illera, ha entregado esta ma\u00f1ana a la Alcaldesa de Carre\u00f1o, Amelia Fern\u00e1ndez, el galard\u00f3n del 1re Premio de Comercio Interior 2019, que el Ministerio ha concedido al Ayuntamiento de Carre\u00f1o en reconocimiento de su compromiso en favor de la actividad comercial en el concejo.","og:url":"https:\/\/candas365.es\/noticias\/carreno-es-reconocido-por-su-compromiso-en-favor-de-la-actividad-comercial\/","og:image":"https:\/\/candas365.es\/noticias\/wp-content\/uploads\/2019\/12\/ndp-ayto-1.jpg","og:image:secure_url":"https:\/\/candas365.es\/noticias\/wp-content\/uploads\/2019\/12\/ndp-ayto-1.jpg","og:image:width":888,"og:image:height":611,"article:published_time":"2019-12-20T12:29:34+00:00","article:modified_time":"2019-12-20T12:29:34+00:00","article:publisher":"https:\/\/www.facebook.com\/Nachofdezber","article:author":"https:\/\/www.facebook.com\/carrenoactualidad","twitter:card":"summary_large_image","twitter:site":"@NabercoDigital","twitter:title":"Carre\u00f1o es reconocido por su compromiso en favor de la actividad comercial | Cand\u00e1s 365","twitter:description":"La Ministra de Industria, Comercio y Turismo en funciones, Reyes Maroto Illera, ha entregado esta ma\u00f1ana a la Alcaldesa de Carre\u00f1o, Amelia Fern\u00e1ndez, el galard\u00f3n del 1re Premio de Comercio Interior 2019, que el Ministerio ha concedido al Ayuntamiento de Carre\u00f1o en reconocimiento de su compromiso en favor de la actividad comercial en el concejo.","twitter:creator":"@nbasturias","twitter:image":"https:\/\/candas365.es\/noticias\/wp-content\/uploads\/2019\/12\/ndp-ayto-1.jpg","twitter:label1":"Escrito por","twitter:data1":"Cand\u00e1s 365","twitter:label2":"Tiempo de lectura estimado","twitter:data2":"1 minuto"},"aioseo_meta_data":{"post_id":"135006","title":null,"description":null,"keywords":null,"keyphrases":null,"primary_term":null,"canonical_url":null,"og_title":null,"og_description":null,"og_object_type":"default","og_image_type":"default","og_image_url":null,"og_image_width":null,"og_image_height":null,"og_image_custom_url":null,"og_image_custom_fields":null,"og_video":null,"og_custom_url":null,"og_article_section":null,"og_article_tags":null,"twitter_use_og":false,"twitter_card":"default","twitter_image_type":"default","twitter_image_url":null,"twitter_image_custom_url":null,"twitter_image_custom_fields":null,"twitter_title":null,"twitter_description":null,"schema":{"blockGraphs":[],"customGraphs":[],"default":{"data":{"Article":[],"Course":[],"Dataset":[],"FAQPage":[],"Movie":[],"Person":[],"Product":[],"ProductReview":[],"Car":[],"Recipe":[],"Service":[],"SoftwareApplication":[],"WebPage":[]},"graphName":"","isEnabled":true},"graphs":[],"defaultGraph":"","defaultPostTypeGraph":""},"schema_type":null,"schema_type_options":null,"pillar_content":false,"robots_default":true,"robots_noindex":false,"robots_noarchive":false,"robots_nosnippet":false,"robots_nofollow":false,"robots_noimageindex":false,"robots_noodp":false,"robots_notranslate":false,"robots_max_snippet":null,"robots_max_videopreview":null,"robots_max_imagepreview":"large","priority":null,"frequency":null,"location":null,"local_seo":null,"seo_analyzer_scan_date":"2025-08-30 19:53:14","breadcrumb_settings":null,"limit_modified_date":false,"reviewed_by":null,"open_ai":null,"ai":null,"created":"2020-12-21 10:49:07","updated":"2025-08-30 19:53:14"},"aioseo_breadcrumb":"<div class=\"aioseo-breadcrumbs\"><span class=\"aioseo-breadcrumb\">\n\t<a href=\"https:\/\/candas365.es\/noticias\" title=\"Home\">Home<\/a>\n<\/span><span class=\"aioseo-breadcrumb-separator\">&ndash;<\/span><span class=\"aioseo-breadcrumb\">\n\t<a href=\"https:\/\/candas365.es\/noticias\/category\/noticias-carreno\/\" title=\"Noticias Carre\u00f1o\">Noticias Carre\u00f1o<\/a>\n<\/span><span class=\"aioseo-breadcrumb-separator\">&ndash;<\/span><span class=\"aioseo-breadcrumb\">\n\tCarre\u00f1o es reconocido por su compromiso en favor de la actividad comercial\n<\/span><\/div>","aioseo_breadcrumb_json":[{"label":"Home","link":"https:\/\/candas365.es\/noticias"},{"label":"Noticias Carre\u00f1o","link":"https:\/\/candas365.es\/noticias\/category\/noticias-carreno\/"},{"label":"Carre\u00f1o es reconocido por su compromiso en favor de la actividad comercial","link":"https:\/\/candas365.es\/noticias\/carreno-es-reconocido-por-su-compromiso-en-favor-de-la-actividad-comercial\/"}],"_links":{"self":[{"href":"https:\/\/candas365.es\/noticias\/wp-json\/wp\/v2\/posts\/135006","targetHints":{"allow":["GET"]}}],"collection":[{"href":"https:\/\/candas365.es\/noticias\/wp-json\/wp\/v2\/posts"}],"about":[{"href":"https:\/\/candas365.es\/noticias\/wp-json\/wp\/v2\/types\/post"}],"author":[{"embeddable":true,"href":"https:\/\/candas365.es\/noticias\/wp-json\/wp\/v2\/users\/1"}],"replies":[{"embeddable":true,"href":"https:\/\/candas365.es\/noticias\/wp-json\/wp\/v2\/comments?post=135006"}],"version-history":[{"count":0,"href":"https:\/\/candas365.es\/noticias\/wp-json\/wp\/v2\/posts\/135006\/revisions"}],"wp:featuredmedia":[{"embeddable":true,"href":"https:\/\/candas365.es\/noticias\/wp-json\/wp\/v2\/media\/135007"}],"wp:attachment":[{"href":"https:\/\/candas365.es\/noticias\/wp-json\/wp\/v2\/media?parent=135006"}],"wp:term":[{"taxonomy":"category","embeddable":true,"href":"https:\/\/candas365.es\/noticias\/wp-json\/wp\/v2\/categories?post=135006"},{"taxonomy":"post_tag","embeddable":true,"href":"https:\/\/candas365.es\/noticias\/wp-json\/wp\/v2\/tags?post=135006"}],"curies":[{"name":"wp","href":"https:\/\/api.w.org\/{rel}","templated":true}]}}