{"id":135000,"date":"2019-12-20T12:19:10","date_gmt":"2019-12-20T12:19:10","guid":{"rendered":"http:\/\/candas365.es\/noticias\/?p=135000"},"modified":"2019-12-20T12:25:02","modified_gmt":"2019-12-20T12:25:02","slug":"cambios-en-el-horario-de-recogida-de-basura-los-dias-25-de-diciembre-y-1-de-enero-en-carreno","status":"publish","type":"post","link":"https:\/\/candas365.es\/noticias\/cambios-en-el-horario-de-recogida-de-basura-los-dias-25-de-diciembre-y-1-de-enero-en-carreno\/","title":{"rendered":"Cambios en el horario de recogida de basura los d\u00edas 25 de diciembre y 1 de enero en Carre\u00f1o"},"content":{"rendered":"<p><img fetchpriority=\"high\" decoding=\"async\" class=\"alignleft size-medium wp-image-135001\" src=\"https:\/\/candas365.es\/noticias\/wp-content\/uploads\/2019\/12\/basura-1-360x240.jpg\" alt=\"\" width=\"360\" height=\"240\" srcset=\"https:\/\/candas365.es\/noticias\/wp-content\/uploads\/2019\/12\/basura-1-360x240.jpg 360w, https:\/\/candas365.es\/noticias\/wp-content\/uploads\/2019\/12\/basura-1-655x436.jpg 655w, https:\/\/candas365.es\/noticias\/wp-content\/uploads\/2019\/12\/basura-1-696x463.jpg 696w, https:\/\/candas365.es\/noticias\/wp-content\/uploads\/2019\/12\/basura-1-631x420.jpg 631w, https:\/\/candas365.es\/noticias\/wp-content\/uploads\/2019\/12\/basura-1.jpg 700w\" sizes=\"(max-width: 360px) 100vw, 360px\" \/>El Ayuntamiento de Carre\u00f1o inform\u00f3 recientemente que como todos los a\u00f1os, con el fin de conciliar la vida familiar del personal de COGERSA en los d\u00edas festivos m\u00e1s se\u00f1alados de la Navidad; los horarios de la recogida de cubos de basura del d\u00eda 25 de diciembre y 01 de enero tendr\u00e1n los siguientes cambios:<\/p>\n<p>La recogida de cubos que habitualmente se iniciar\u00eda a las 23 horas del 24 de diciembre, se retrasa para recoger la basura de los cubos aproximadamente a las 5.00 horas del d\u00eda 25 de diciembre.<\/p>\n<p>El mismo cambio de horario se har\u00e1 el d\u00eda 31 de diciembre en el que se retrasar\u00e1 la recogida de cubos a las 5.00 horas del d\u00eda 1 de enero de 2020.<\/p>\n<p>La colocaci\u00f3n de cubos no sufre variaci\u00f3n, se seguir\u00e1n colocando todos los d\u00edas a partir de la 18 horas.<\/p>\n","protected":false},"excerpt":{"rendered":"<p>El Ayuntamiento de Carre\u00f1o inform\u00f3 recientemente que como todos los a\u00f1os, con el fin de conciliar la vida familiar del personal de COGERSA en los d\u00edas festivos m\u00e1s se\u00f1alados de la Navidad; los horarios de la recogida de cubos de basura del d\u00eda 25 de diciembre y 01 de enero tendr\u00e1n los siguientes cambios: La<\/p>\n","protected":false},"author":1,"featured_media":135001,"comment_status":"closed","ping_status":"closed","sticky":false,"template":"","format":"standard","meta":{"footnotes":""},"categories":[2],"tags":[],"class_list":{"0":"post-135000","1":"post","2":"type-post","3":"status-publish","4":"format-standard","5":"has-post-thumbnail","7":"category-noticias-carreno"},"aioseo_notices":[],"aioseo_head":"\n\t\t<!-- All in One SEO Pro 4.9.6.2 - aioseo.com -->\n\t<meta name=\"description\" content=\"El Ayuntamiento de Carre\u00f1o inform\u00f3 recientemente que como todos los a\u00f1os, con el fin de conciliar la vida familiar del personal de COGERSA en los d\u00edas festivos m\u00e1s se\u00f1alados de la Navidad; los horarios de la recogida de cubos de basura del d\u00eda 25 de diciembre y 01 de enero tendr\u00e1n los siguientes cambios: La\" \/>\n\t<meta name=\"robots\" content=\"max-image-preview:large\" \/>\n\t<meta name=\"author\" content=\"Cand\u00e1s 365\"\/>\n\t<meta name=\"google-site-verification\" content=\"UA-32230408-1\" \/>\n\t<meta name=\"msvalidate.01\" content=\"354F3CDFB2DA171B47FBE9ABF1F88D5\" \/>\n\t<meta name=\"keywords\" content=\"noticias carre\u00f1o\" \/>\n\t<link rel=\"canonical\" href=\"https:\/\/candas365.es\/noticias\/cambios-en-el-horario-de-recogida-de-basura-los-dias-25-de-diciembre-y-1-de-enero-en-carreno\/\" \/>\n\t<meta name=\"generator\" content=\"All in One SEO Pro (AIOSEO) 4.9.6.2\" \/>\n\t\t<meta property=\"og:locale\" content=\"es_ES\" \/>\n\t\t<meta property=\"og:site_name\" content=\"Cand\u00e1s 365\" \/>\n\t\t<meta property=\"og:type\" content=\"article\" \/>\n\t\t<meta property=\"og:title\" content=\"Cambios en el horario de recogida de basura los d\u00edas 25 de diciembre y 1 de enero en Carre\u00f1o | Cand\u00e1s 365\" \/>\n\t\t<meta property=\"og:description\" content=\"El Ayuntamiento de Carre\u00f1o inform\u00f3 recientemente que como todos los a\u00f1os, con el fin de conciliar la vida familiar del personal de COGERSA en los d\u00edas festivos m\u00e1s se\u00f1alados de la Navidad; los horarios de la recogida de cubos de basura del d\u00eda 25 de diciembre y 01 de enero tendr\u00e1n los siguientes cambios: La\" \/>\n\t\t<meta property=\"og:url\" content=\"https:\/\/candas365.es\/noticias\/cambios-en-el-horario-de-recogida-de-basura-los-dias-25-de-diciembre-y-1-de-enero-en-carreno\/\" \/>\n\t\t<meta property=\"og:image\" content=\"https:\/\/candas365.es\/noticias\/wp-content\/uploads\/2019\/12\/basura-1.jpg\" \/>\n\t\t<meta property=\"og:image:secure_url\" content=\"https:\/\/candas365.es\/noticias\/wp-content\/uploads\/2019\/12\/basura-1.jpg\" \/>\n\t\t<meta property=\"og:image:width\" content=\"700\" \/>\n\t\t<meta property=\"og:image:height\" content=\"466\" \/>\n\t\t<meta property=\"article:published_time\" content=\"2019-12-20T12:19:10+00:00\" \/>\n\t\t<meta property=\"article:modified_time\" content=\"2019-12-20T12:25:02+00:00\" \/>\n\t\t<meta property=\"article:publisher\" content=\"https:\/\/www.facebook.com\/Nachofdezber\" \/>\n\t\t<meta property=\"article:author\" content=\"https:\/\/www.facebook.com\/carrenoactualidad\" \/>\n\t\t<meta name=\"twitter:card\" content=\"summary_large_image\" \/>\n\t\t<meta name=\"twitter:site\" content=\"@NabercoDigital\" \/>\n\t\t<meta name=\"twitter:title\" content=\"Cambios en el horario de recogida de basura los d\u00edas 25 de diciembre y 1 de enero en Carre\u00f1o | Cand\u00e1s 365\" \/>\n\t\t<meta name=\"twitter:description\" content=\"El Ayuntamiento de Carre\u00f1o inform\u00f3 recientemente que como todos los a\u00f1os, con el fin de conciliar la vida familiar del personal de COGERSA en los d\u00edas festivos m\u00e1s se\u00f1alados de la Navidad; los horarios de la recogida de cubos de basura del d\u00eda 25 de diciembre y 01 de enero tendr\u00e1n los siguientes cambios: La\" \/>\n\t\t<meta name=\"twitter:creator\" content=\"@nbasturias\" \/>\n\t\t<meta name=\"twitter:image\" content=\"https:\/\/candas365.es\/noticias\/wp-content\/uploads\/2019\/12\/basura-1.jpg\" \/>\n\t\t<meta name=\"twitter:label1\" content=\"Escrito por\" \/>\n\t\t<meta name=\"twitter:data1\" content=\"Cand\u00e1s 365\" \/>\n\t\t<meta name=\"twitter:label2\" content=\"Tiempo de lectura estimado\" \/>\n\t\t<meta name=\"twitter:data2\" content=\"1 minuto\" \/>\n\t\t<script type=\"application\/ld+json\" class=\"aioseo-schema\">\n\t\t\t{\"@context\":\"https:\\\/\\\/schema.org\",\"@graph\":[{\"@type\":\"BreadcrumbList\",\"@id\":\"https:\\\/\\\/candas365.es\\\/noticias\\\/cambios-en-el-horario-de-recogida-de-basura-los-dias-25-de-diciembre-y-1-de-enero-en-carreno\\\/#breadcrumblist\",\"itemListElement\":[{\"@type\":\"ListItem\",\"@id\":\"https:\\\/\\\/candas365.es\\\/noticias#listItem\",\"position\":1,\"name\":\"Home\",\"item\":\"https:\\\/\\\/candas365.es\\\/noticias\",\"nextItem\":{\"@type\":\"ListItem\",\"@id\":\"https:\\\/\\\/candas365.es\\\/noticias\\\/category\\\/noticias-carreno\\\/#listItem\",\"name\":\"Noticias Carre\\u00f1o\"}},{\"@type\":\"ListItem\",\"@id\":\"https:\\\/\\\/candas365.es\\\/noticias\\\/category\\\/noticias-carreno\\\/#listItem\",\"position\":2,\"name\":\"Noticias Carre\\u00f1o\",\"item\":\"https:\\\/\\\/candas365.es\\\/noticias\\\/category\\\/noticias-carreno\\\/\",\"nextItem\":{\"@type\":\"ListItem\",\"@id\":\"https:\\\/\\\/candas365.es\\\/noticias\\\/cambios-en-el-horario-de-recogida-de-basura-los-dias-25-de-diciembre-y-1-de-enero-en-carreno\\\/#listItem\",\"name\":\"Cambios en el horario de recogida de basura los d\\u00edas 25 de diciembre y 1 de enero en Carre\\u00f1o\"},\"previousItem\":{\"@type\":\"ListItem\",\"@id\":\"https:\\\/\\\/candas365.es\\\/noticias#listItem\",\"name\":\"Home\"}},{\"@type\":\"ListItem\",\"@id\":\"https:\\\/\\\/candas365.es\\\/noticias\\\/cambios-en-el-horario-de-recogida-de-basura-los-dias-25-de-diciembre-y-1-de-enero-en-carreno\\\/#listItem\",\"position\":3,\"name\":\"Cambios en el horario de recogida de basura los d\\u00edas 25 de diciembre y 1 de enero en Carre\\u00f1o\",\"previousItem\":{\"@type\":\"ListItem\",\"@id\":\"https:\\\/\\\/candas365.es\\\/noticias\\\/category\\\/noticias-carreno\\\/#listItem\",\"name\":\"Noticias Carre\\u00f1o\"}}]},{\"@type\":\"NewsArticle\",\"@id\":\"https:\\\/\\\/candas365.es\\\/noticias\\\/cambios-en-el-horario-de-recogida-de-basura-los-dias-25-de-diciembre-y-1-de-enero-en-carreno\\\/#newsarticle\",\"name\":\"Cambios en el horario de recogida de basura los d\\u00edas 25 de diciembre y 1 de enero en Carre\\u00f1o | Cand\\u00e1s 365\",\"headline\":\"Cambios en el horario de recogida de basura los d\\u00edas 25 de diciembre y 1 de enero en Carre\\u00f1o\",\"author\":{\"@id\":\"https:\\\/\\\/candas365.es\\\/noticias\\\/author\\\/admin\\\/#author\"},\"publisher\":{\"@id\":\"https:\\\/\\\/candas365.es\\\/noticias\\\/#organization\"},\"image\":{\"@type\":\"ImageObject\",\"url\":\"https:\\\/\\\/candas365.es\\\/noticias\\\/wp-content\\\/uploads\\\/2019\\\/12\\\/basura-1.jpg\",\"width\":700,\"height\":466},\"datePublished\":\"2019-12-20T12:19:10+01:00\",\"dateModified\":\"2019-12-20T12:25:02+01:00\",\"inLanguage\":\"es-ES\",\"mainEntityOfPage\":{\"@id\":\"https:\\\/\\\/candas365.es\\\/noticias\\\/cambios-en-el-horario-de-recogida-de-basura-los-dias-25-de-diciembre-y-1-de-enero-en-carreno\\\/#webpage\"},\"isPartOf\":{\"@id\":\"https:\\\/\\\/candas365.es\\\/noticias\\\/cambios-en-el-horario-de-recogida-de-basura-los-dias-25-de-diciembre-y-1-de-enero-en-carreno\\\/#webpage\"},\"articleSection\":\"Noticias Carre\\u00f1o\",\"dateline\":\"Publicado el diciembre 20, 2019.\"},{\"@type\":\"Organization\",\"@id\":\"https:\\\/\\\/candas365.es\\\/noticias\\\/#organization\",\"name\":\"Cand\\u00e1s 365\",\"description\":\"Cand\\u00e1s 365 es un diario digital independiente, fundado en 2012, con base en Asturias. Informamos con rigor sobre actualidad, sociedad, cultura y ocio, con una mirada local y global.\",\"url\":\"https:\\\/\\\/candas365.es\\\/noticias\\\/\",\"email\":\"info@candas365.es\",\"telephone\":\"+34652131393\",\"foundingDate\":\"2012-06-10\",\"logo\":{\"@type\":\"ImageObject\",\"url\":\"https:\\\/\\\/candas365.es\\\/noticias\\\/wp-content\\\/uploads\\\/2024\\\/09\\\/Candas-365-Redes.jpg\",\"@id\":\"https:\\\/\\\/candas365.es\\\/noticias\\\/cambios-en-el-horario-de-recogida-de-basura-los-dias-25-de-diciembre-y-1-de-enero-en-carreno\\\/#organizationLogo\",\"width\":1152,\"height\":864,\"caption\":\"Cand\\u00e1s 365 Redes\"},\"image\":{\"@id\":\"https:\\\/\\\/candas365.es\\\/noticias\\\/cambios-en-el-horario-de-recogida-de-basura-los-dias-25-de-diciembre-y-1-de-enero-en-carreno\\\/#organizationLogo\"},\"sameAs\":[\"https:\\\/\\\/www.facebook.com\\\/Nachofdezber\",\"https:\\\/\\\/x.com\\\/NabercoDigital\",\"https:\\\/\\\/www.instagram.com\\\/nachofdezber\\\/\",\"https:\\\/\\\/www.youtube.com\\\/channel\\\/UCZP-2wLEB9Rv6erhFmqVnvg\"],\"address\":{\"@id\":\"https:\\\/\\\/candas365.es\\\/noticias\\\/#postaladdress\",\"@type\":\"PostalAddress\",\"streetAddress\":\"san antonio 4, san antonio 4\",\"postalCode\":\"33430\",\"addressLocality\":\"Cand\\u00e1s\",\"addressRegion\":\"Asturias\",\"addressCountry\":\"ES\"}},{\"@type\":\"Person\",\"@id\":\"https:\\\/\\\/candas365.es\\\/noticias\\\/author\\\/admin\\\/#author\",\"url\":\"https:\\\/\\\/candas365.es\\\/noticias\\\/author\\\/admin\\\/\",\"name\":\"Cand\\u00e1s 365\",\"image\":{\"@type\":\"ImageObject\",\"@id\":\"https:\\\/\\\/candas365.es\\\/noticias\\\/cambios-en-el-horario-de-recogida-de-basura-los-dias-25-de-diciembre-y-1-de-enero-en-carreno\\\/#authorImage\",\"url\":\"https:\\\/\\\/secure.gravatar.com\\\/avatar\\\/496a8e03d0c493ede1718b7934145dbdf8d89be1036b0eec9544e1094c9de390?s=96&d=mm&r=g\",\"width\":96,\"height\":96,\"caption\":\"Cand\\u00e1s 365\"},\"sameAs\":[\"https:\\\/\\\/www.facebook.com\\\/carrenoactualidad\",\"https:\\\/\\\/twitter.com\\\/nbasturias\",\"https:\\\/\\\/www.instagram.com\\\/nachofdezber\\\/\",\"https:\\\/\\\/www.youtube.com\\\/channel\\\/UCZP-2wLEB9Rv6erhFmqVnvg\"]},{\"@type\":\"WebPage\",\"@id\":\"https:\\\/\\\/candas365.es\\\/noticias\\\/cambios-en-el-horario-de-recogida-de-basura-los-dias-25-de-diciembre-y-1-de-enero-en-carreno\\\/#webpage\",\"url\":\"https:\\\/\\\/candas365.es\\\/noticias\\\/cambios-en-el-horario-de-recogida-de-basura-los-dias-25-de-diciembre-y-1-de-enero-en-carreno\\\/\",\"name\":\"Cambios en el horario de recogida de basura los d\\u00edas 25 de diciembre y 1 de enero en Carre\\u00f1o | Cand\\u00e1s 365\",\"description\":\"El Ayuntamiento de Carre\\u00f1o inform\\u00f3 recientemente que como todos los a\\u00f1os, con el fin de conciliar la vida familiar del personal de COGERSA en los d\\u00edas festivos m\\u00e1s se\\u00f1alados de la Navidad; los horarios de la recogida de cubos de basura del d\\u00eda 25 de diciembre y 01 de enero tendr\\u00e1n los siguientes cambios: La\",\"inLanguage\":\"es-ES\",\"isPartOf\":{\"@id\":\"https:\\\/\\\/candas365.es\\\/noticias\\\/#website\"},\"breadcrumb\":{\"@id\":\"https:\\\/\\\/candas365.es\\\/noticias\\\/cambios-en-el-horario-de-recogida-de-basura-los-dias-25-de-diciembre-y-1-de-enero-en-carreno\\\/#breadcrumblist\"},\"author\":{\"@id\":\"https:\\\/\\\/candas365.es\\\/noticias\\\/author\\\/admin\\\/#author\"},\"creator\":{\"@id\":\"https:\\\/\\\/candas365.es\\\/noticias\\\/author\\\/admin\\\/#author\"},\"image\":{\"@type\":\"ImageObject\",\"url\":\"https:\\\/\\\/candas365.es\\\/noticias\\\/wp-content\\\/uploads\\\/2019\\\/12\\\/basura-1.jpg\",\"@id\":\"https:\\\/\\\/candas365.es\\\/noticias\\\/cambios-en-el-horario-de-recogida-de-basura-los-dias-25-de-diciembre-y-1-de-enero-en-carreno\\\/#mainImage\",\"width\":700,\"height\":466},\"primaryImageOfPage\":{\"@id\":\"https:\\\/\\\/candas365.es\\\/noticias\\\/cambios-en-el-horario-de-recogida-de-basura-los-dias-25-de-diciembre-y-1-de-enero-en-carreno\\\/#mainImage\"},\"datePublished\":\"2019-12-20T12:19:10+01:00\",\"dateModified\":\"2019-12-20T12:25:02+01:00\"},{\"@type\":\"WebSite\",\"@id\":\"https:\\\/\\\/candas365.es\\\/noticias\\\/#website\",\"url\":\"https:\\\/\\\/candas365.es\\\/noticias\\\/\",\"name\":\"Cand\\u00e1s 365\",\"alternateName\":\"Cand\\u00e1s 365 Noticias\",\"description\":\"Actualidad desde Carre\\u00f1o para el mundo\",\"inLanguage\":\"es-ES\",\"publisher\":{\"@id\":\"https:\\\/\\\/candas365.es\\\/noticias\\\/#organization\"}}]}\n\t\t<\/script>\n\t\t<!-- All in One SEO Pro -->\r\n\t\t<title>Cambios en el horario de recogida de basura los d\u00edas 25 de diciembre y 1 de enero en Carre\u00f1o | Cand\u00e1s 365<\/title>\n\n","aioseo_head_json":{"title":"Cambios en el horario de recogida de basura los d\u00edas 25 de diciembre y 1 de enero en Carre\u00f1o | Cand\u00e1s 365","description":"El Ayuntamiento de Carre\u00f1o inform\u00f3 recientemente que como todos los a\u00f1os, con el fin de conciliar la vida familiar del personal de COGERSA en los d\u00edas festivos m\u00e1s se\u00f1alados de la Navidad; los horarios de la recogida de cubos de basura del d\u00eda 25 de diciembre y 01 de enero tendr\u00e1n los siguientes cambios: La","canonical_url":"https:\/\/candas365.es\/noticias\/cambios-en-el-horario-de-recogida-de-basura-los-dias-25-de-diciembre-y-1-de-enero-en-carreno\/","robots":"max-image-preview:large","keywords":"noticias carre\u00f1o","webmasterTools":{"google-site-verification":"UA-32230408-1","msvalidate.01":"354F3CDFB2DA171B47FBE9ABF1F88D5","miscellaneous":""},"schema":{"@context":"https:\/\/schema.org","@graph":[{"@type":"BreadcrumbList","@id":"https:\/\/candas365.es\/noticias\/cambios-en-el-horario-de-recogida-de-basura-los-dias-25-de-diciembre-y-1-de-enero-en-carreno\/#breadcrumblist","itemListElement":[{"@type":"ListItem","@id":"https:\/\/candas365.es\/noticias#listItem","position":1,"name":"Home","item":"https:\/\/candas365.es\/noticias","nextItem":{"@type":"ListItem","@id":"https:\/\/candas365.es\/noticias\/category\/noticias-carreno\/#listItem","name":"Noticias Carre\u00f1o"}},{"@type":"ListItem","@id":"https:\/\/candas365.es\/noticias\/category\/noticias-carreno\/#listItem","position":2,"name":"Noticias Carre\u00f1o","item":"https:\/\/candas365.es\/noticias\/category\/noticias-carreno\/","nextItem":{"@type":"ListItem","@id":"https:\/\/candas365.es\/noticias\/cambios-en-el-horario-de-recogida-de-basura-los-dias-25-de-diciembre-y-1-de-enero-en-carreno\/#listItem","name":"Cambios en el horario de recogida de basura los d\u00edas 25 de diciembre y 1 de enero en Carre\u00f1o"},"previousItem":{"@type":"ListItem","@id":"https:\/\/candas365.es\/noticias#listItem","name":"Home"}},{"@type":"ListItem","@id":"https:\/\/candas365.es\/noticias\/cambios-en-el-horario-de-recogida-de-basura-los-dias-25-de-diciembre-y-1-de-enero-en-carreno\/#listItem","position":3,"name":"Cambios en el horario de recogida de basura los d\u00edas 25 de diciembre y 1 de enero en Carre\u00f1o","previousItem":{"@type":"ListItem","@id":"https:\/\/candas365.es\/noticias\/category\/noticias-carreno\/#listItem","name":"Noticias Carre\u00f1o"}}]},{"@type":"NewsArticle","@id":"https:\/\/candas365.es\/noticias\/cambios-en-el-horario-de-recogida-de-basura-los-dias-25-de-diciembre-y-1-de-enero-en-carreno\/#newsarticle","name":"Cambios en el horario de recogida de basura los d\u00edas 25 de diciembre y 1 de enero en Carre\u00f1o | Cand\u00e1s 365","headline":"Cambios en el horario de recogida de basura los d\u00edas 25 de diciembre y 1 de enero en Carre\u00f1o","author":{"@id":"https:\/\/candas365.es\/noticias\/author\/admin\/#author"},"publisher":{"@id":"https:\/\/candas365.es\/noticias\/#organization"},"image":{"@type":"ImageObject","url":"https:\/\/candas365.es\/noticias\/wp-content\/uploads\/2019\/12\/basura-1.jpg","width":700,"height":466},"datePublished":"2019-12-20T12:19:10+01:00","dateModified":"2019-12-20T12:25:02+01:00","inLanguage":"es-ES","mainEntityOfPage":{"@id":"https:\/\/candas365.es\/noticias\/cambios-en-el-horario-de-recogida-de-basura-los-dias-25-de-diciembre-y-1-de-enero-en-carreno\/#webpage"},"isPartOf":{"@id":"https:\/\/candas365.es\/noticias\/cambios-en-el-horario-de-recogida-de-basura-los-dias-25-de-diciembre-y-1-de-enero-en-carreno\/#webpage"},"articleSection":"Noticias Carre\u00f1o","dateline":"Publicado el diciembre 20, 2019."},{"@type":"Organization","@id":"https:\/\/candas365.es\/noticias\/#organization","name":"Cand\u00e1s 365","description":"Cand\u00e1s 365 es un diario digital independiente, fundado en 2012, con base en Asturias. Informamos con rigor sobre actualidad, sociedad, cultura y ocio, con una mirada local y global.","url":"https:\/\/candas365.es\/noticias\/","email":"info@candas365.es","telephone":"+34652131393","foundingDate":"2012-06-10","logo":{"@type":"ImageObject","url":"https:\/\/candas365.es\/noticias\/wp-content\/uploads\/2024\/09\/Candas-365-Redes.jpg","@id":"https:\/\/candas365.es\/noticias\/cambios-en-el-horario-de-recogida-de-basura-los-dias-25-de-diciembre-y-1-de-enero-en-carreno\/#organizationLogo","width":1152,"height":864,"caption":"Cand\u00e1s 365 Redes"},"image":{"@id":"https:\/\/candas365.es\/noticias\/cambios-en-el-horario-de-recogida-de-basura-los-dias-25-de-diciembre-y-1-de-enero-en-carreno\/#organizationLogo"},"sameAs":["https:\/\/www.facebook.com\/Nachofdezber","https:\/\/x.com\/NabercoDigital","https:\/\/www.instagram.com\/nachofdezber\/","https:\/\/www.youtube.com\/channel\/UCZP-2wLEB9Rv6erhFmqVnvg"],"address":{"@id":"https:\/\/candas365.es\/noticias\/#postaladdress","@type":"PostalAddress","streetAddress":"san antonio 4, san antonio 4","postalCode":"33430","addressLocality":"Cand\u00e1s","addressRegion":"Asturias","addressCountry":"ES"}},{"@type":"Person","@id":"https:\/\/candas365.es\/noticias\/author\/admin\/#author","url":"https:\/\/candas365.es\/noticias\/author\/admin\/","name":"Cand\u00e1s 365","image":{"@type":"ImageObject","@id":"https:\/\/candas365.es\/noticias\/cambios-en-el-horario-de-recogida-de-basura-los-dias-25-de-diciembre-y-1-de-enero-en-carreno\/#authorImage","url":"https:\/\/secure.gravatar.com\/avatar\/496a8e03d0c493ede1718b7934145dbdf8d89be1036b0eec9544e1094c9de390?s=96&d=mm&r=g","width":96,"height":96,"caption":"Cand\u00e1s 365"},"sameAs":["https:\/\/www.facebook.com\/carrenoactualidad","https:\/\/twitter.com\/nbasturias","https:\/\/www.instagram.com\/nachofdezber\/","https:\/\/www.youtube.com\/channel\/UCZP-2wLEB9Rv6erhFmqVnvg"]},{"@type":"WebPage","@id":"https:\/\/candas365.es\/noticias\/cambios-en-el-horario-de-recogida-de-basura-los-dias-25-de-diciembre-y-1-de-enero-en-carreno\/#webpage","url":"https:\/\/candas365.es\/noticias\/cambios-en-el-horario-de-recogida-de-basura-los-dias-25-de-diciembre-y-1-de-enero-en-carreno\/","name":"Cambios en el horario de recogida de basura los d\u00edas 25 de diciembre y 1 de enero en Carre\u00f1o | Cand\u00e1s 365","description":"El Ayuntamiento de Carre\u00f1o inform\u00f3 recientemente que como todos los a\u00f1os, con el fin de conciliar la vida familiar del personal de COGERSA en los d\u00edas festivos m\u00e1s se\u00f1alados de la Navidad; los horarios de la recogida de cubos de basura del d\u00eda 25 de diciembre y 01 de enero tendr\u00e1n los siguientes cambios: La","inLanguage":"es-ES","isPartOf":{"@id":"https:\/\/candas365.es\/noticias\/#website"},"breadcrumb":{"@id":"https:\/\/candas365.es\/noticias\/cambios-en-el-horario-de-recogida-de-basura-los-dias-25-de-diciembre-y-1-de-enero-en-carreno\/#breadcrumblist"},"author":{"@id":"https:\/\/candas365.es\/noticias\/author\/admin\/#author"},"creator":{"@id":"https:\/\/candas365.es\/noticias\/author\/admin\/#author"},"image":{"@type":"ImageObject","url":"https:\/\/candas365.es\/noticias\/wp-content\/uploads\/2019\/12\/basura-1.jpg","@id":"https:\/\/candas365.es\/noticias\/cambios-en-el-horario-de-recogida-de-basura-los-dias-25-de-diciembre-y-1-de-enero-en-carreno\/#mainImage","width":700,"height":466},"primaryImageOfPage":{"@id":"https:\/\/candas365.es\/noticias\/cambios-en-el-horario-de-recogida-de-basura-los-dias-25-de-diciembre-y-1-de-enero-en-carreno\/#mainImage"},"datePublished":"2019-12-20T12:19:10+01:00","dateModified":"2019-12-20T12:25:02+01:00"},{"@type":"WebSite","@id":"https:\/\/candas365.es\/noticias\/#website","url":"https:\/\/candas365.es\/noticias\/","name":"Cand\u00e1s 365","alternateName":"Cand\u00e1s 365 Noticias","description":"Actualidad desde Carre\u00f1o para el mundo","inLanguage":"es-ES","publisher":{"@id":"https:\/\/candas365.es\/noticias\/#organization"}}]},"og:locale":"es_ES","og:site_name":"Cand\u00e1s 365","og:type":"article","og:title":"Cambios en el horario de recogida de basura los d\u00edas 25 de diciembre y 1 de enero en Carre\u00f1o | Cand\u00e1s 365","og:description":"El Ayuntamiento de Carre\u00f1o inform\u00f3 recientemente que como todos los a\u00f1os, con el fin de conciliar la vida familiar del personal de COGERSA en los d\u00edas festivos m\u00e1s se\u00f1alados de la Navidad; los horarios de la recogida de cubos de basura del d\u00eda 25 de diciembre y 01 de enero tendr\u00e1n los siguientes cambios: La","og:url":"https:\/\/candas365.es\/noticias\/cambios-en-el-horario-de-recogida-de-basura-los-dias-25-de-diciembre-y-1-de-enero-en-carreno\/","og:image":"https:\/\/candas365.es\/noticias\/wp-content\/uploads\/2019\/12\/basura-1.jpg","og:image:secure_url":"https:\/\/candas365.es\/noticias\/wp-content\/uploads\/2019\/12\/basura-1.jpg","og:image:width":700,"og:image:height":466,"article:published_time":"2019-12-20T12:19:10+00:00","article:modified_time":"2019-12-20T12:25:02+00:00","article:publisher":"https:\/\/www.facebook.com\/Nachofdezber","article:author":"https:\/\/www.facebook.com\/carrenoactualidad","twitter:card":"summary_large_image","twitter:site":"@NabercoDigital","twitter:title":"Cambios en el horario de recogida de basura los d\u00edas 25 de diciembre y 1 de enero en Carre\u00f1o | Cand\u00e1s 365","twitter:description":"El Ayuntamiento de Carre\u00f1o inform\u00f3 recientemente que como todos los a\u00f1os, con el fin de conciliar la vida familiar del personal de COGERSA en los d\u00edas festivos m\u00e1s se\u00f1alados de la Navidad; los horarios de la recogida de cubos de basura del d\u00eda 25 de diciembre y 01 de enero tendr\u00e1n los siguientes cambios: La","twitter:creator":"@nbasturias","twitter:image":"https:\/\/candas365.es\/noticias\/wp-content\/uploads\/2019\/12\/basura-1.jpg","twitter:label1":"Escrito por","twitter:data1":"Cand\u00e1s 365","twitter:label2":"Tiempo de lectura estimado","twitter:data2":"1 minuto"},"aioseo_meta_data":{"post_id":"135000","title":null,"description":null,"keywords":null,"keyphrases":null,"primary_term":null,"canonical_url":null,"og_title":null,"og_description":null,"og_object_type":"default","og_image_type":"default","og_image_url":null,"og_image_width":null,"og_image_height":null,"og_image_custom_url":null,"og_image_custom_fields":null,"og_video":null,"og_custom_url":null,"og_article_section":null,"og_article_tags":null,"twitter_use_og":false,"twitter_card":"default","twitter_image_type":"default","twitter_image_url":null,"twitter_image_custom_url":null,"twitter_image_custom_fields":null,"twitter_title":null,"twitter_description":null,"schema":{"blockGraphs":[],"customGraphs":[],"default":{"data":{"Article":[],"Course":[],"Dataset":[],"FAQPage":[],"Movie":[],"Person":[],"Product":[],"ProductReview":[],"Car":[],"Recipe":[],"Service":[],"SoftwareApplication":[],"WebPage":[]},"graphName":"","isEnabled":true},"graphs":[],"defaultGraph":"","defaultPostTypeGraph":""},"schema_type":null,"schema_type_options":null,"pillar_content":false,"robots_default":true,"robots_noindex":false,"robots_noarchive":false,"robots_nosnippet":false,"robots_nofollow":false,"robots_noimageindex":false,"robots_noodp":false,"robots_notranslate":false,"robots_max_snippet":null,"robots_max_videopreview":null,"robots_max_imagepreview":"large","priority":null,"frequency":null,"location":null,"local_seo":null,"seo_analyzer_scan_date":"2025-08-30 19:51:28","breadcrumb_settings":null,"limit_modified_date":false,"reviewed_by":null,"open_ai":null,"ai":null,"created":"2020-12-21 10:49:07","updated":"2025-08-30 19:51:28"},"aioseo_breadcrumb":"<div class=\"aioseo-breadcrumbs\"><span class=\"aioseo-breadcrumb\">\n\t<a href=\"https:\/\/candas365.es\/noticias\" title=\"Home\">Home<\/a>\n<\/span><span class=\"aioseo-breadcrumb-separator\">&ndash;<\/span><span class=\"aioseo-breadcrumb\">\n\t<a href=\"https:\/\/candas365.es\/noticias\/category\/noticias-carreno\/\" title=\"Noticias Carre\u00f1o\">Noticias Carre\u00f1o<\/a>\n<\/span><span class=\"aioseo-breadcrumb-separator\">&ndash;<\/span><span class=\"aioseo-breadcrumb\">\n\tCambios en el horario de recogida de basura los d\u00edas 25 de diciembre y 1 de enero en Carre\u00f1o\n<\/span><\/div>","aioseo_breadcrumb_json":[{"label":"Home","link":"https:\/\/candas365.es\/noticias"},{"label":"Noticias Carre\u00f1o","link":"https:\/\/candas365.es\/noticias\/category\/noticias-carreno\/"},{"label":"Cambios en el horario de recogida de basura los d\u00edas 25 de diciembre y 1 de enero en Carre\u00f1o","link":"https:\/\/candas365.es\/noticias\/cambios-en-el-horario-de-recogida-de-basura-los-dias-25-de-diciembre-y-1-de-enero-en-carreno\/"}],"_links":{"self":[{"href":"https:\/\/candas365.es\/noticias\/wp-json\/wp\/v2\/posts\/135000","targetHints":{"allow":["GET"]}}],"collection":[{"href":"https:\/\/candas365.es\/noticias\/wp-json\/wp\/v2\/posts"}],"about":[{"href":"https:\/\/candas365.es\/noticias\/wp-json\/wp\/v2\/types\/post"}],"author":[{"embeddable":true,"href":"https:\/\/candas365.es\/noticias\/wp-json\/wp\/v2\/users\/1"}],"replies":[{"embeddable":true,"href":"https:\/\/candas365.es\/noticias\/wp-json\/wp\/v2\/comments?post=135000"}],"version-history":[{"count":0,"href":"https:\/\/candas365.es\/noticias\/wp-json\/wp\/v2\/posts\/135000\/revisions"}],"wp:featuredmedia":[{"embeddable":true,"href":"https:\/\/candas365.es\/noticias\/wp-json\/wp\/v2\/media\/135001"}],"wp:attachment":[{"href":"https:\/\/candas365.es\/noticias\/wp-json\/wp\/v2\/media?parent=135000"}],"wp:term":[{"taxonomy":"category","embeddable":true,"href":"https:\/\/candas365.es\/noticias\/wp-json\/wp\/v2\/categories?post=135000"},{"taxonomy":"post_tag","embeddable":true,"href":"https:\/\/candas365.es\/noticias\/wp-json\/wp\/v2\/tags?post=135000"}],"curies":[{"name":"wp","href":"https:\/\/api.w.org\/{rel}","templated":true}]}}