{"id":134909,"date":"2019-12-18T10:14:11","date_gmt":"2019-12-18T10:14:11","guid":{"rendered":"http:\/\/candas365.es\/noticias\/?p=134909"},"modified":"2019-12-18T10:14:11","modified_gmt":"2019-12-18T10:14:11","slug":"monchengladbach-rose-aun-aspira-al-titulo-de-campeon-de-invierno","status":"publish","type":"post","link":"https:\/\/candas365.es\/noticias\/monchengladbach-rose-aun-aspira-al-titulo-de-campeon-de-invierno\/","title":{"rendered":"M\u00f6nchengladbach: Rose a\u00fan aspira al t\u00edtulo de campe\u00f3n de invierno"},"content":{"rendered":"<p><img fetchpriority=\"high\" decoding=\"async\" class=\"alignleft size-medium wp-image-98026\" src=\"https:\/\/candas365.es\/noticias\/wp-content\/uploads\/2018\/06\/football-1406106_960_720-1-360x241.jpg\" alt=\"\" width=\"360\" height=\"241\" srcset=\"https:\/\/candas365.es\/noticias\/wp-content\/uploads\/2018\/06\/football-1406106_960_720-1-360x241.jpg 360w, https:\/\/candas365.es\/noticias\/wp-content\/uploads\/2018\/06\/football-1406106_960_720-1-768x514.jpg 768w, https:\/\/candas365.es\/noticias\/wp-content\/uploads\/2018\/06\/football-1406106_960_720-1-655x439.jpg 655w, https:\/\/candas365.es\/noticias\/wp-content\/uploads\/2018\/06\/football-1406106_960_720-1-696x466.jpg 696w, https:\/\/candas365.es\/noticias\/wp-content\/uploads\/2018\/06\/football-1406106_960_720-1-627x420.jpg 627w, https:\/\/candas365.es\/noticias\/wp-content\/uploads\/2018\/06\/football-1406106_960_720-1.jpg 960w\" sizes=\"(max-width: 360px) 100vw, 360px\" \/>M\u00f6nchengladbach (Alemania), 17 dic (dpa) &#8211; El entrenador del Borussia M\u00f6nchengladbach, Marco Rose, todav\u00eda no renuncia al t\u00edtulo de campe\u00f3n de invierno de la Bundesliga, a pesar de haber perdido la primera posici\u00f3n de la tabla, seg\u00fan dijo hoy.<\/p>\n<p>\u00abEs importante para nosotros, porque se nos pregunta por ello. No hablamos mucho entre nosotros, pero si todav\u00eda podemos conseguirlo, lo intentaremos\u00bb, dijo Rose.<\/p>\n<p>Tras la derrota sufrida en el \u00faltimo minuto ante el Wolfsburgo el domingo por 2-1, el equipo de Rose cedi\u00f3 el liderato al Leipzig, abandonando lo m\u00e1s alto de la clasificaci\u00f3n tras dos meses estando al frente.<\/p>\n<p>Rose exigi\u00f3 una reacci\u00f3n a sus jugadores en los dos \u00faltimos partidos de este a\u00f1o, ma\u00f1ana como anfitri\u00f3n contra el Paderborn y el s\u00e1bado frente al Hertha en Berl\u00edn.<\/p>\n<p>\u00abTenemos que volver a generar energ\u00eda positiva. Para esto necesitamos otra vez luchar hasta el final\u00bb, dijo el t\u00e9cnico. El pasado jueves, el Borussia cay\u00f3 derrotado contra el Basaksehir Estambul (1-2) y qued\u00f3 fuera de la Liga Europea por culpa de un gol encajado en el tiempo a\u00f1adido, igual que frente al Wolfsburgo.<\/p>\n<p>Ante el Paderborn, el M\u00f6nchengladbach probablemente tendr\u00e1 que prescindir de Stefan Lainer por primera vez en esta temporada. El lateral derecho austriaco sufri\u00f3 una contusi\u00f3n en la rodilla en Wolfsburgo. Rose calific\u00f3 de \u00abmuy cuestionable\u00bb que pueda contar con \u00e9l.<\/p>\n<p>En el partido de ma\u00f1ana, la victoria es obligada. \u00abSe trata de obtener un buen resultado. Queremos mejorar nuestra situaci\u00f3n\u00bb, dijo Rose. \u00abSi pisamos el acelerador, tendremos \u00e9xito\u00bb, sentenci\u00f3.<\/p>\n","protected":false},"excerpt":{"rendered":"<p>M\u00f6nchengladbach (Alemania), 17 dic (dpa) &#8211; El entrenador del Borussia M\u00f6nchengladbach, Marco Rose, todav\u00eda no renuncia al t\u00edtulo de campe\u00f3n de invierno de la Bundesliga, a pesar de haber perdido la primera posici\u00f3n de la tabla, seg\u00fan dijo hoy. \u00abEs importante para nosotros, porque se nos pregunta por ello. No hablamos mucho entre nosotros, pero<\/p>\n","protected":false},"author":1,"featured_media":98004,"comment_status":"closed","ping_status":"closed","sticky":false,"template":"","format":"standard","meta":{"footnotes":""},"categories":[319],"tags":[],"class_list":{"0":"post-134909","1":"post","2":"type-post","3":"status-publish","4":"format-standard","5":"has-post-thumbnail","7":"category-deporte"},"aioseo_notices":[],"aioseo_head":"\n\t\t<!-- All in One SEO Pro 4.9.6.2 - aioseo.com -->\n\t<meta name=\"description\" content=\"M\u00f6nchengladbach (Alemania), 17 dic (dpa) - El entrenador del Borussia M\u00f6nchengladbach, Marco Rose, todav\u00eda no renuncia al t\u00edtulo de campe\u00f3n de invierno de la Bundesliga, a pesar de haber perdido la primera posici\u00f3n de la tabla, seg\u00fan dijo hoy. &quot;Es importante para nosotros, porque se nos pregunta por ello. No hablamos mucho entre nosotros, pero\" \/>\n\t<meta name=\"robots\" content=\"max-image-preview:large\" \/>\n\t<meta name=\"author\" content=\"Cand\u00e1s 365\"\/>\n\t<meta name=\"google-site-verification\" content=\"UA-32230408-1\" \/>\n\t<meta name=\"msvalidate.01\" content=\"354F3CDFB2DA171B47FBE9ABF1F88D5\" \/>\n\t<meta name=\"keywords\" content=\"deporte\" \/>\n\t<link rel=\"canonical\" href=\"https:\/\/candas365.es\/noticias\/monchengladbach-rose-aun-aspira-al-titulo-de-campeon-de-invierno\/\" \/>\n\t<meta name=\"generator\" content=\"All in One SEO Pro (AIOSEO) 4.9.6.2\" \/>\n\t\t<meta property=\"og:locale\" content=\"es_ES\" \/>\n\t\t<meta property=\"og:site_name\" content=\"Cand\u00e1s 365\" \/>\n\t\t<meta property=\"og:type\" content=\"article\" \/>\n\t\t<meta property=\"og:title\" content=\"M\u00f6nchengladbach: Rose a\u00fan aspira al t\u00edtulo de campe\u00f3n de invierno | Cand\u00e1s 365\" \/>\n\t\t<meta property=\"og:description\" content=\"M\u00f6nchengladbach (Alemania), 17 dic (dpa) - El entrenador del Borussia M\u00f6nchengladbach, Marco Rose, todav\u00eda no renuncia al t\u00edtulo de campe\u00f3n de invierno de la Bundesliga, a pesar de haber perdido la primera posici\u00f3n de la tabla, seg\u00fan dijo hoy. &quot;Es importante para nosotros, porque se nos pregunta por ello. No hablamos mucho entre nosotros, pero\" \/>\n\t\t<meta property=\"og:url\" content=\"https:\/\/candas365.es\/noticias\/monchengladbach-rose-aun-aspira-al-titulo-de-campeon-de-invierno\/\" \/>\n\t\t<meta property=\"og:image\" content=\"https:\/\/candas365.es\/noticias\/wp-content\/uploads\/2018\/06\/football-1406106_960_720.jpg\" \/>\n\t\t<meta property=\"og:image:secure_url\" content=\"https:\/\/candas365.es\/noticias\/wp-content\/uploads\/2018\/06\/football-1406106_960_720.jpg\" \/>\n\t\t<meta property=\"og:image:width\" content=\"960\" \/>\n\t\t<meta property=\"og:image:height\" content=\"643\" \/>\n\t\t<meta property=\"article:published_time\" content=\"2019-12-18T10:14:11+00:00\" \/>\n\t\t<meta property=\"article:modified_time\" content=\"2019-12-18T10:14:11+00:00\" \/>\n\t\t<meta property=\"article:publisher\" content=\"https:\/\/www.facebook.com\/Nachofdezber\" \/>\n\t\t<meta property=\"article:author\" content=\"https:\/\/www.facebook.com\/carrenoactualidad\" \/>\n\t\t<meta name=\"twitter:card\" content=\"summary_large_image\" \/>\n\t\t<meta name=\"twitter:site\" content=\"@NabercoDigital\" \/>\n\t\t<meta name=\"twitter:title\" content=\"M\u00f6nchengladbach: Rose a\u00fan aspira al t\u00edtulo de campe\u00f3n de invierno | Cand\u00e1s 365\" \/>\n\t\t<meta name=\"twitter:description\" content=\"M\u00f6nchengladbach (Alemania), 17 dic (dpa) - El entrenador del Borussia M\u00f6nchengladbach, Marco Rose, todav\u00eda no renuncia al t\u00edtulo de campe\u00f3n de invierno de la Bundesliga, a pesar de haber perdido la primera posici\u00f3n de la tabla, seg\u00fan dijo hoy. &quot;Es importante para nosotros, porque se nos pregunta por ello. No hablamos mucho entre nosotros, pero\" \/>\n\t\t<meta name=\"twitter:creator\" content=\"@nbasturias\" \/>\n\t\t<meta name=\"twitter:image\" content=\"https:\/\/candas365.es\/noticias\/wp-content\/uploads\/2018\/06\/football-1406106_960_720.jpg\" \/>\n\t\t<meta name=\"twitter:label1\" content=\"Escrito por\" \/>\n\t\t<meta name=\"twitter:data1\" content=\"Cand\u00e1s 365\" \/>\n\t\t<meta name=\"twitter:label2\" content=\"Tiempo de lectura estimado\" \/>\n\t\t<meta name=\"twitter:data2\" content=\"1 minuto\" \/>\n\t\t<script type=\"application\/ld+json\" class=\"aioseo-schema\">\n\t\t\t{\"@context\":\"https:\\\/\\\/schema.org\",\"@graph\":[{\"@type\":\"BreadcrumbList\",\"@id\":\"https:\\\/\\\/candas365.es\\\/noticias\\\/monchengladbach-rose-aun-aspira-al-titulo-de-campeon-de-invierno\\\/#breadcrumblist\",\"itemListElement\":[{\"@type\":\"ListItem\",\"@id\":\"https:\\\/\\\/candas365.es\\\/noticias#listItem\",\"position\":1,\"name\":\"Home\",\"item\":\"https:\\\/\\\/candas365.es\\\/noticias\",\"nextItem\":{\"@type\":\"ListItem\",\"@id\":\"https:\\\/\\\/candas365.es\\\/noticias\\\/category\\\/deporte\\\/#listItem\",\"name\":\"Deporte\"}},{\"@type\":\"ListItem\",\"@id\":\"https:\\\/\\\/candas365.es\\\/noticias\\\/category\\\/deporte\\\/#listItem\",\"position\":2,\"name\":\"Deporte\",\"item\":\"https:\\\/\\\/candas365.es\\\/noticias\\\/category\\\/deporte\\\/\",\"nextItem\":{\"@type\":\"ListItem\",\"@id\":\"https:\\\/\\\/candas365.es\\\/noticias\\\/monchengladbach-rose-aun-aspira-al-titulo-de-campeon-de-invierno\\\/#listItem\",\"name\":\"M\\u00f6nchengladbach: Rose a\\u00fan aspira al t\\u00edtulo de campe\\u00f3n de invierno\"},\"previousItem\":{\"@type\":\"ListItem\",\"@id\":\"https:\\\/\\\/candas365.es\\\/noticias#listItem\",\"name\":\"Home\"}},{\"@type\":\"ListItem\",\"@id\":\"https:\\\/\\\/candas365.es\\\/noticias\\\/monchengladbach-rose-aun-aspira-al-titulo-de-campeon-de-invierno\\\/#listItem\",\"position\":3,\"name\":\"M\\u00f6nchengladbach: Rose a\\u00fan aspira al t\\u00edtulo de campe\\u00f3n de invierno\",\"previousItem\":{\"@type\":\"ListItem\",\"@id\":\"https:\\\/\\\/candas365.es\\\/noticias\\\/category\\\/deporte\\\/#listItem\",\"name\":\"Deporte\"}}]},{\"@type\":\"NewsArticle\",\"@id\":\"https:\\\/\\\/candas365.es\\\/noticias\\\/monchengladbach-rose-aun-aspira-al-titulo-de-campeon-de-invierno\\\/#newsarticle\",\"name\":\"M\\u00f6nchengladbach: Rose a\\u00fan aspira al t\\u00edtulo de campe\\u00f3n de invierno | Cand\\u00e1s 365\",\"headline\":\"M\\u00f6nchengladbach: Rose a\\u00fan aspira al t\\u00edtulo de campe\\u00f3n de invierno\",\"author\":{\"@id\":\"https:\\\/\\\/candas365.es\\\/noticias\\\/author\\\/admin\\\/#author\"},\"publisher\":{\"@id\":\"https:\\\/\\\/candas365.es\\\/noticias\\\/#organization\"},\"image\":{\"@type\":\"ImageObject\",\"url\":\"https:\\\/\\\/candas365.es\\\/noticias\\\/wp-content\\\/uploads\\\/2018\\\/06\\\/football-1406106_960_720.jpg\",\"width\":960,\"height\":643},\"datePublished\":\"2019-12-18T10:14:11+01:00\",\"dateModified\":\"2019-12-18T10:14:11+01:00\",\"inLanguage\":\"es-ES\",\"mainEntityOfPage\":{\"@id\":\"https:\\\/\\\/candas365.es\\\/noticias\\\/monchengladbach-rose-aun-aspira-al-titulo-de-campeon-de-invierno\\\/#webpage\"},\"isPartOf\":{\"@id\":\"https:\\\/\\\/candas365.es\\\/noticias\\\/monchengladbach-rose-aun-aspira-al-titulo-de-campeon-de-invierno\\\/#webpage\"},\"articleSection\":\"Deporte\",\"dateline\":\"Publicado el diciembre 18, 2019.\"},{\"@type\":\"Organization\",\"@id\":\"https:\\\/\\\/candas365.es\\\/noticias\\\/#organization\",\"name\":\"Cand\\u00e1s 365\",\"description\":\"Cand\\u00e1s 365 es un diario digital independiente, fundado en 2012, con base en Asturias. Informamos con rigor sobre actualidad, sociedad, cultura y ocio, con una mirada local y global.\",\"url\":\"https:\\\/\\\/candas365.es\\\/noticias\\\/\",\"email\":\"info@candas365.es\",\"telephone\":\"+34652131393\",\"foundingDate\":\"2012-06-10\",\"logo\":{\"@type\":\"ImageObject\",\"url\":\"https:\\\/\\\/candas365.es\\\/noticias\\\/wp-content\\\/uploads\\\/2024\\\/09\\\/Candas-365-Redes.jpg\",\"@id\":\"https:\\\/\\\/candas365.es\\\/noticias\\\/monchengladbach-rose-aun-aspira-al-titulo-de-campeon-de-invierno\\\/#organizationLogo\",\"width\":1152,\"height\":864,\"caption\":\"Cand\\u00e1s 365 Redes\"},\"image\":{\"@id\":\"https:\\\/\\\/candas365.es\\\/noticias\\\/monchengladbach-rose-aun-aspira-al-titulo-de-campeon-de-invierno\\\/#organizationLogo\"},\"sameAs\":[\"https:\\\/\\\/www.facebook.com\\\/Nachofdezber\",\"https:\\\/\\\/x.com\\\/NabercoDigital\",\"https:\\\/\\\/www.instagram.com\\\/nachofdezber\\\/\",\"https:\\\/\\\/www.youtube.com\\\/channel\\\/UCZP-2wLEB9Rv6erhFmqVnvg\"],\"address\":{\"@id\":\"https:\\\/\\\/candas365.es\\\/noticias\\\/#postaladdress\",\"@type\":\"PostalAddress\",\"streetAddress\":\"san antonio 4, san antonio 4\",\"postalCode\":\"33430\",\"addressLocality\":\"Cand\\u00e1s\",\"addressRegion\":\"Asturias\",\"addressCountry\":\"ES\"}},{\"@type\":\"Person\",\"@id\":\"https:\\\/\\\/candas365.es\\\/noticias\\\/author\\\/admin\\\/#author\",\"url\":\"https:\\\/\\\/candas365.es\\\/noticias\\\/author\\\/admin\\\/\",\"name\":\"Cand\\u00e1s 365\",\"image\":{\"@type\":\"ImageObject\",\"@id\":\"https:\\\/\\\/candas365.es\\\/noticias\\\/monchengladbach-rose-aun-aspira-al-titulo-de-campeon-de-invierno\\\/#authorImage\",\"url\":\"https:\\\/\\\/secure.gravatar.com\\\/avatar\\\/496a8e03d0c493ede1718b7934145dbdf8d89be1036b0eec9544e1094c9de390?s=96&d=mm&r=g\",\"width\":96,\"height\":96,\"caption\":\"Cand\\u00e1s 365\"},\"sameAs\":[\"https:\\\/\\\/www.facebook.com\\\/carrenoactualidad\",\"https:\\\/\\\/twitter.com\\\/nbasturias\",\"https:\\\/\\\/www.instagram.com\\\/nachofdezber\\\/\",\"https:\\\/\\\/www.youtube.com\\\/channel\\\/UCZP-2wLEB9Rv6erhFmqVnvg\"]},{\"@type\":\"WebPage\",\"@id\":\"https:\\\/\\\/candas365.es\\\/noticias\\\/monchengladbach-rose-aun-aspira-al-titulo-de-campeon-de-invierno\\\/#webpage\",\"url\":\"https:\\\/\\\/candas365.es\\\/noticias\\\/monchengladbach-rose-aun-aspira-al-titulo-de-campeon-de-invierno\\\/\",\"name\":\"M\\u00f6nchengladbach: Rose a\\u00fan aspira al t\\u00edtulo de campe\\u00f3n de invierno | Cand\\u00e1s 365\",\"description\":\"M\\u00f6nchengladbach (Alemania), 17 dic (dpa) - El entrenador del Borussia M\\u00f6nchengladbach, Marco Rose, todav\\u00eda no renuncia al t\\u00edtulo de campe\\u00f3n de invierno de la Bundesliga, a pesar de haber perdido la primera posici\\u00f3n de la tabla, seg\\u00fan dijo hoy. \\\"Es importante para nosotros, porque se nos pregunta por ello. No hablamos mucho entre nosotros, pero\",\"inLanguage\":\"es-ES\",\"isPartOf\":{\"@id\":\"https:\\\/\\\/candas365.es\\\/noticias\\\/#website\"},\"breadcrumb\":{\"@id\":\"https:\\\/\\\/candas365.es\\\/noticias\\\/monchengladbach-rose-aun-aspira-al-titulo-de-campeon-de-invierno\\\/#breadcrumblist\"},\"author\":{\"@id\":\"https:\\\/\\\/candas365.es\\\/noticias\\\/author\\\/admin\\\/#author\"},\"creator\":{\"@id\":\"https:\\\/\\\/candas365.es\\\/noticias\\\/author\\\/admin\\\/#author\"},\"image\":{\"@type\":\"ImageObject\",\"url\":\"https:\\\/\\\/candas365.es\\\/noticias\\\/wp-content\\\/uploads\\\/2018\\\/06\\\/football-1406106_960_720.jpg\",\"@id\":\"https:\\\/\\\/candas365.es\\\/noticias\\\/monchengladbach-rose-aun-aspira-al-titulo-de-campeon-de-invierno\\\/#mainImage\",\"width\":960,\"height\":643},\"primaryImageOfPage\":{\"@id\":\"https:\\\/\\\/candas365.es\\\/noticias\\\/monchengladbach-rose-aun-aspira-al-titulo-de-campeon-de-invierno\\\/#mainImage\"},\"datePublished\":\"2019-12-18T10:14:11+01:00\",\"dateModified\":\"2019-12-18T10:14:11+01:00\"},{\"@type\":\"WebSite\",\"@id\":\"https:\\\/\\\/candas365.es\\\/noticias\\\/#website\",\"url\":\"https:\\\/\\\/candas365.es\\\/noticias\\\/\",\"name\":\"Cand\\u00e1s 365\",\"alternateName\":\"Cand\\u00e1s 365 Noticias\",\"description\":\"Actualidad desde Carre\\u00f1o para el mundo\",\"inLanguage\":\"es-ES\",\"publisher\":{\"@id\":\"https:\\\/\\\/candas365.es\\\/noticias\\\/#organization\"}}]}\n\t\t<\/script>\n\t\t<!-- All in One SEO Pro -->\r\n\t\t<title>M\u00f6nchengladbach: Rose a\u00fan aspira al t\u00edtulo de campe\u00f3n de invierno | Cand\u00e1s 365<\/title>\n\n","aioseo_head_json":{"title":"M\u00f6nchengladbach: Rose a\u00fan aspira al t\u00edtulo de campe\u00f3n de invierno | Cand\u00e1s 365","description":"M\u00f6nchengladbach (Alemania), 17 dic (dpa) - El entrenador del Borussia M\u00f6nchengladbach, Marco Rose, todav\u00eda no renuncia al t\u00edtulo de campe\u00f3n de invierno de la Bundesliga, a pesar de haber perdido la primera posici\u00f3n de la tabla, seg\u00fan dijo hoy. \"Es importante para nosotros, porque se nos pregunta por ello. No hablamos mucho entre nosotros, pero","canonical_url":"https:\/\/candas365.es\/noticias\/monchengladbach-rose-aun-aspira-al-titulo-de-campeon-de-invierno\/","robots":"max-image-preview:large","keywords":"deporte","webmasterTools":{"google-site-verification":"UA-32230408-1","msvalidate.01":"354F3CDFB2DA171B47FBE9ABF1F88D5","miscellaneous":""},"schema":{"@context":"https:\/\/schema.org","@graph":[{"@type":"BreadcrumbList","@id":"https:\/\/candas365.es\/noticias\/monchengladbach-rose-aun-aspira-al-titulo-de-campeon-de-invierno\/#breadcrumblist","itemListElement":[{"@type":"ListItem","@id":"https:\/\/candas365.es\/noticias#listItem","position":1,"name":"Home","item":"https:\/\/candas365.es\/noticias","nextItem":{"@type":"ListItem","@id":"https:\/\/candas365.es\/noticias\/category\/deporte\/#listItem","name":"Deporte"}},{"@type":"ListItem","@id":"https:\/\/candas365.es\/noticias\/category\/deporte\/#listItem","position":2,"name":"Deporte","item":"https:\/\/candas365.es\/noticias\/category\/deporte\/","nextItem":{"@type":"ListItem","@id":"https:\/\/candas365.es\/noticias\/monchengladbach-rose-aun-aspira-al-titulo-de-campeon-de-invierno\/#listItem","name":"M\u00f6nchengladbach: Rose a\u00fan aspira al t\u00edtulo de campe\u00f3n de invierno"},"previousItem":{"@type":"ListItem","@id":"https:\/\/candas365.es\/noticias#listItem","name":"Home"}},{"@type":"ListItem","@id":"https:\/\/candas365.es\/noticias\/monchengladbach-rose-aun-aspira-al-titulo-de-campeon-de-invierno\/#listItem","position":3,"name":"M\u00f6nchengladbach: Rose a\u00fan aspira al t\u00edtulo de campe\u00f3n de invierno","previousItem":{"@type":"ListItem","@id":"https:\/\/candas365.es\/noticias\/category\/deporte\/#listItem","name":"Deporte"}}]},{"@type":"NewsArticle","@id":"https:\/\/candas365.es\/noticias\/monchengladbach-rose-aun-aspira-al-titulo-de-campeon-de-invierno\/#newsarticle","name":"M\u00f6nchengladbach: Rose a\u00fan aspira al t\u00edtulo de campe\u00f3n de invierno | Cand\u00e1s 365","headline":"M\u00f6nchengladbach: Rose a\u00fan aspira al t\u00edtulo de campe\u00f3n de invierno","author":{"@id":"https:\/\/candas365.es\/noticias\/author\/admin\/#author"},"publisher":{"@id":"https:\/\/candas365.es\/noticias\/#organization"},"image":{"@type":"ImageObject","url":"https:\/\/candas365.es\/noticias\/wp-content\/uploads\/2018\/06\/football-1406106_960_720.jpg","width":960,"height":643},"datePublished":"2019-12-18T10:14:11+01:00","dateModified":"2019-12-18T10:14:11+01:00","inLanguage":"es-ES","mainEntityOfPage":{"@id":"https:\/\/candas365.es\/noticias\/monchengladbach-rose-aun-aspira-al-titulo-de-campeon-de-invierno\/#webpage"},"isPartOf":{"@id":"https:\/\/candas365.es\/noticias\/monchengladbach-rose-aun-aspira-al-titulo-de-campeon-de-invierno\/#webpage"},"articleSection":"Deporte","dateline":"Publicado el diciembre 18, 2019."},{"@type":"Organization","@id":"https:\/\/candas365.es\/noticias\/#organization","name":"Cand\u00e1s 365","description":"Cand\u00e1s 365 es un diario digital independiente, fundado en 2012, con base en Asturias. Informamos con rigor sobre actualidad, sociedad, cultura y ocio, con una mirada local y global.","url":"https:\/\/candas365.es\/noticias\/","email":"info@candas365.es","telephone":"+34652131393","foundingDate":"2012-06-10","logo":{"@type":"ImageObject","url":"https:\/\/candas365.es\/noticias\/wp-content\/uploads\/2024\/09\/Candas-365-Redes.jpg","@id":"https:\/\/candas365.es\/noticias\/monchengladbach-rose-aun-aspira-al-titulo-de-campeon-de-invierno\/#organizationLogo","width":1152,"height":864,"caption":"Cand\u00e1s 365 Redes"},"image":{"@id":"https:\/\/candas365.es\/noticias\/monchengladbach-rose-aun-aspira-al-titulo-de-campeon-de-invierno\/#organizationLogo"},"sameAs":["https:\/\/www.facebook.com\/Nachofdezber","https:\/\/x.com\/NabercoDigital","https:\/\/www.instagram.com\/nachofdezber\/","https:\/\/www.youtube.com\/channel\/UCZP-2wLEB9Rv6erhFmqVnvg"],"address":{"@id":"https:\/\/candas365.es\/noticias\/#postaladdress","@type":"PostalAddress","streetAddress":"san antonio 4, san antonio 4","postalCode":"33430","addressLocality":"Cand\u00e1s","addressRegion":"Asturias","addressCountry":"ES"}},{"@type":"Person","@id":"https:\/\/candas365.es\/noticias\/author\/admin\/#author","url":"https:\/\/candas365.es\/noticias\/author\/admin\/","name":"Cand\u00e1s 365","image":{"@type":"ImageObject","@id":"https:\/\/candas365.es\/noticias\/monchengladbach-rose-aun-aspira-al-titulo-de-campeon-de-invierno\/#authorImage","url":"https:\/\/secure.gravatar.com\/avatar\/496a8e03d0c493ede1718b7934145dbdf8d89be1036b0eec9544e1094c9de390?s=96&d=mm&r=g","width":96,"height":96,"caption":"Cand\u00e1s 365"},"sameAs":["https:\/\/www.facebook.com\/carrenoactualidad","https:\/\/twitter.com\/nbasturias","https:\/\/www.instagram.com\/nachofdezber\/","https:\/\/www.youtube.com\/channel\/UCZP-2wLEB9Rv6erhFmqVnvg"]},{"@type":"WebPage","@id":"https:\/\/candas365.es\/noticias\/monchengladbach-rose-aun-aspira-al-titulo-de-campeon-de-invierno\/#webpage","url":"https:\/\/candas365.es\/noticias\/monchengladbach-rose-aun-aspira-al-titulo-de-campeon-de-invierno\/","name":"M\u00f6nchengladbach: Rose a\u00fan aspira al t\u00edtulo de campe\u00f3n de invierno | Cand\u00e1s 365","description":"M\u00f6nchengladbach (Alemania), 17 dic (dpa) - El entrenador del Borussia M\u00f6nchengladbach, Marco Rose, todav\u00eda no renuncia al t\u00edtulo de campe\u00f3n de invierno de la Bundesliga, a pesar de haber perdido la primera posici\u00f3n de la tabla, seg\u00fan dijo hoy. \"Es importante para nosotros, porque se nos pregunta por ello. No hablamos mucho entre nosotros, pero","inLanguage":"es-ES","isPartOf":{"@id":"https:\/\/candas365.es\/noticias\/#website"},"breadcrumb":{"@id":"https:\/\/candas365.es\/noticias\/monchengladbach-rose-aun-aspira-al-titulo-de-campeon-de-invierno\/#breadcrumblist"},"author":{"@id":"https:\/\/candas365.es\/noticias\/author\/admin\/#author"},"creator":{"@id":"https:\/\/candas365.es\/noticias\/author\/admin\/#author"},"image":{"@type":"ImageObject","url":"https:\/\/candas365.es\/noticias\/wp-content\/uploads\/2018\/06\/football-1406106_960_720.jpg","@id":"https:\/\/candas365.es\/noticias\/monchengladbach-rose-aun-aspira-al-titulo-de-campeon-de-invierno\/#mainImage","width":960,"height":643},"primaryImageOfPage":{"@id":"https:\/\/candas365.es\/noticias\/monchengladbach-rose-aun-aspira-al-titulo-de-campeon-de-invierno\/#mainImage"},"datePublished":"2019-12-18T10:14:11+01:00","dateModified":"2019-12-18T10:14:11+01:00"},{"@type":"WebSite","@id":"https:\/\/candas365.es\/noticias\/#website","url":"https:\/\/candas365.es\/noticias\/","name":"Cand\u00e1s 365","alternateName":"Cand\u00e1s 365 Noticias","description":"Actualidad desde Carre\u00f1o para el mundo","inLanguage":"es-ES","publisher":{"@id":"https:\/\/candas365.es\/noticias\/#organization"}}]},"og:locale":"es_ES","og:site_name":"Cand\u00e1s 365","og:type":"article","og:title":"M\u00f6nchengladbach: Rose a\u00fan aspira al t\u00edtulo de campe\u00f3n de invierno | Cand\u00e1s 365","og:description":"M\u00f6nchengladbach (Alemania), 17 dic (dpa) - El entrenador del Borussia M\u00f6nchengladbach, Marco Rose, todav\u00eda no renuncia al t\u00edtulo de campe\u00f3n de invierno de la Bundesliga, a pesar de haber perdido la primera posici\u00f3n de la tabla, seg\u00fan dijo hoy. &quot;Es importante para nosotros, porque se nos pregunta por ello. No hablamos mucho entre nosotros, pero","og:url":"https:\/\/candas365.es\/noticias\/monchengladbach-rose-aun-aspira-al-titulo-de-campeon-de-invierno\/","og:image":"https:\/\/candas365.es\/noticias\/wp-content\/uploads\/2018\/06\/football-1406106_960_720.jpg","og:image:secure_url":"https:\/\/candas365.es\/noticias\/wp-content\/uploads\/2018\/06\/football-1406106_960_720.jpg","og:image:width":960,"og:image:height":643,"article:published_time":"2019-12-18T10:14:11+00:00","article:modified_time":"2019-12-18T10:14:11+00:00","article:publisher":"https:\/\/www.facebook.com\/Nachofdezber","article:author":"https:\/\/www.facebook.com\/carrenoactualidad","twitter:card":"summary_large_image","twitter:site":"@NabercoDigital","twitter:title":"M\u00f6nchengladbach: Rose a\u00fan aspira al t\u00edtulo de campe\u00f3n de invierno | Cand\u00e1s 365","twitter:description":"M\u00f6nchengladbach (Alemania), 17 dic (dpa) - El entrenador del Borussia M\u00f6nchengladbach, Marco Rose, todav\u00eda no renuncia al t\u00edtulo de campe\u00f3n de invierno de la Bundesliga, a pesar de haber perdido la primera posici\u00f3n de la tabla, seg\u00fan dijo hoy. &quot;Es importante para nosotros, porque se nos pregunta por ello. No hablamos mucho entre nosotros, pero","twitter:creator":"@nbasturias","twitter:image":"https:\/\/candas365.es\/noticias\/wp-content\/uploads\/2018\/06\/football-1406106_960_720.jpg","twitter:label1":"Escrito por","twitter:data1":"Cand\u00e1s 365","twitter:label2":"Tiempo de lectura estimado","twitter:data2":"1 minuto"},"aioseo_meta_data":{"post_id":"134909","title":null,"description":null,"keywords":null,"keyphrases":null,"primary_term":null,"canonical_url":null,"og_title":null,"og_description":null,"og_object_type":"default","og_image_type":"default","og_image_url":null,"og_image_width":null,"og_image_height":null,"og_image_custom_url":null,"og_image_custom_fields":null,"og_video":null,"og_custom_url":null,"og_article_section":null,"og_article_tags":null,"twitter_use_og":false,"twitter_card":"default","twitter_image_type":"default","twitter_image_url":null,"twitter_image_custom_url":null,"twitter_image_custom_fields":null,"twitter_title":null,"twitter_description":null,"schema":{"blockGraphs":[],"customGraphs":[],"default":{"data":{"Article":[],"Course":[],"Dataset":[],"FAQPage":[],"Movie":[],"Person":[],"Product":[],"ProductReview":[],"Car":[],"Recipe":[],"Service":[],"SoftwareApplication":[],"WebPage":[]},"graphName":"","isEnabled":true},"graphs":[],"defaultGraph":"","defaultPostTypeGraph":""},"schema_type":null,"schema_type_options":null,"pillar_content":false,"robots_default":true,"robots_noindex":false,"robots_noarchive":false,"robots_nosnippet":false,"robots_nofollow":false,"robots_noimageindex":false,"robots_noodp":false,"robots_notranslate":false,"robots_max_snippet":null,"robots_max_videopreview":null,"robots_max_imagepreview":"large","priority":null,"frequency":null,"location":null,"local_seo":null,"seo_analyzer_scan_date":"2025-08-30 19:47:07","breadcrumb_settings":null,"limit_modified_date":false,"reviewed_by":null,"open_ai":null,"ai":null,"created":"2020-12-21 10:49:08","updated":"2025-08-30 19:47:07"},"aioseo_breadcrumb":"<div class=\"aioseo-breadcrumbs\"><span class=\"aioseo-breadcrumb\">\n\t<a href=\"https:\/\/candas365.es\/noticias\" title=\"Home\">Home<\/a>\n<\/span><span class=\"aioseo-breadcrumb-separator\">&ndash;<\/span><span class=\"aioseo-breadcrumb\">\n\t<a href=\"https:\/\/candas365.es\/noticias\/category\/deporte\/\" title=\"Deporte\">Deporte<\/a>\n<\/span><span class=\"aioseo-breadcrumb-separator\">&ndash;<\/span><span class=\"aioseo-breadcrumb\">\n\tM\u00f6nchengladbach: Rose a\u00fan aspira al t\u00edtulo de campe\u00f3n de invierno\n<\/span><\/div>","aioseo_breadcrumb_json":[{"label":"Home","link":"https:\/\/candas365.es\/noticias"},{"label":"Deporte","link":"https:\/\/candas365.es\/noticias\/category\/deporte\/"},{"label":"M\u00f6nchengladbach: Rose a\u00fan aspira al t\u00edtulo de campe\u00f3n de invierno","link":"https:\/\/candas365.es\/noticias\/monchengladbach-rose-aun-aspira-al-titulo-de-campeon-de-invierno\/"}],"_links":{"self":[{"href":"https:\/\/candas365.es\/noticias\/wp-json\/wp\/v2\/posts\/134909","targetHints":{"allow":["GET"]}}],"collection":[{"href":"https:\/\/candas365.es\/noticias\/wp-json\/wp\/v2\/posts"}],"about":[{"href":"https:\/\/candas365.es\/noticias\/wp-json\/wp\/v2\/types\/post"}],"author":[{"embeddable":true,"href":"https:\/\/candas365.es\/noticias\/wp-json\/wp\/v2\/users\/1"}],"replies":[{"embeddable":true,"href":"https:\/\/candas365.es\/noticias\/wp-json\/wp\/v2\/comments?post=134909"}],"version-history":[{"count":0,"href":"https:\/\/candas365.es\/noticias\/wp-json\/wp\/v2\/posts\/134909\/revisions"}],"wp:featuredmedia":[{"embeddable":true,"href":"https:\/\/candas365.es\/noticias\/wp-json\/wp\/v2\/media\/98004"}],"wp:attachment":[{"href":"https:\/\/candas365.es\/noticias\/wp-json\/wp\/v2\/media?parent=134909"}],"wp:term":[{"taxonomy":"category","embeddable":true,"href":"https:\/\/candas365.es\/noticias\/wp-json\/wp\/v2\/categories?post=134909"},{"taxonomy":"post_tag","embeddable":true,"href":"https:\/\/candas365.es\/noticias\/wp-json\/wp\/v2\/tags?post=134909"}],"curies":[{"name":"wp","href":"https:\/\/api.w.org\/{rel}","templated":true}]}}