{"id":134899,"date":"2019-12-18T09:58:45","date_gmt":"2019-12-18T09:58:45","guid":{"rendered":"http:\/\/candas365.es\/noticias\/?p=134899"},"modified":"2019-12-18T09:58:45","modified_gmt":"2019-12-18T09:58:45","slug":"ter-stegen-entusiasmado-ante-la-buena-temporada-del-monchengladbach","status":"publish","type":"post","link":"https:\/\/candas365.es\/noticias\/ter-stegen-entusiasmado-ante-la-buena-temporada-del-monchengladbach\/","title":{"rendered":"Ter Stegen entusiasmado ante la buena temporada del M\u00f6nchengladbach"},"content":{"rendered":"<p><img fetchpriority=\"high\" decoding=\"async\" class=\"alignleft size-medium wp-image-98026\" src=\"https:\/\/candas365.es\/noticias\/wp-content\/uploads\/2018\/06\/football-1406106_960_720-1-360x241.jpg\" alt=\"\" width=\"360\" height=\"241\" srcset=\"https:\/\/candas365.es\/noticias\/wp-content\/uploads\/2018\/06\/football-1406106_960_720-1-360x241.jpg 360w, https:\/\/candas365.es\/noticias\/wp-content\/uploads\/2018\/06\/football-1406106_960_720-1-768x514.jpg 768w, https:\/\/candas365.es\/noticias\/wp-content\/uploads\/2018\/06\/football-1406106_960_720-1-655x439.jpg 655w, https:\/\/candas365.es\/noticias\/wp-content\/uploads\/2018\/06\/football-1406106_960_720-1-696x466.jpg 696w, https:\/\/candas365.es\/noticias\/wp-content\/uploads\/2018\/06\/football-1406106_960_720-1-627x420.jpg 627w, https:\/\/candas365.es\/noticias\/wp-content\/uploads\/2018\/06\/football-1406106_960_720-1.jpg 960w\" sizes=\"(max-width: 360px) 100vw, 360px\" \/>M\u00f6nchengladbach (Alemania), 17 dic (dpa) &#8211; El portero del FC Barcelona y de la selecci\u00f3n alemana de f\u00fatbol Marc-Andr\u00e9 ter Stegen se mostr\u00f3 entusiasmado con el actual desempe\u00f1o de su antiguo club, el Borussia M\u00f6nchengladbach, en una entrevista emitida hoy por el canal deportivo DAZN y el portal digital spox.com.<\/p>\n<p>\u00abEstoy muy orgulloso de lo que sucede en el Borussia\u00bb, asegur\u00f3. \u00abSe ha hecho mucho en t\u00e9rminos de infraestructura y Max Eberl hizo un excelente trabajo con los fichajes. Tambi\u00e9n creo que Marco Rose est\u00e1 haciendo un gran trabajo\u00bb, alab\u00f3 ter Stegen la labor del director deportivo y del entrenador de su ex club.<\/p>\n<p>Nacido en la misma ciudad de M\u00f6nchengladbach, el portero internacional de 27 a\u00f1os, inici\u00f3 su carrera en las categor\u00edas inferiores del club, con el que jug\u00f3 en la Bundesliga hasta 2014, antes de trasladarse a Barcelona por unos 12 millones de euros (unos 13,4 millones de d\u00f3lares).<\/p>\n<p>Como portero n\u00famero dos alem\u00e1n, por detr\u00e1s de Manuel Neuer, ter Stegen es considerado uno de los mejores guardametas del mundo. \u00abEstoy muy contento de haber formado parte de este club y de que el Borussia haya seguido su camino\u00bb, prosigui\u00f3 el actual portero titular del FC Barcelona.<\/p>\n<p>Bajo la direcci\u00f3n del nuevo t\u00e9cnico, el M\u00f6nchengladbach lleva disputada casi la primera parte de la actual temporada con un \u00e9xito inesperado. Hasta el pasado fin de semana, el club se situ\u00f3 como l\u00edder de la Bundesliga durante m\u00e1s de dos meses.<\/p>\n<p>\u00abEl hecho de que est\u00e9n en lo alto de la tabla es un verdadero \u00e9xito. Hay que disfrutar de esta situaci\u00f3n y aprovechar el impulso. Espero que el M\u00f6nchengladbach acabe en la Liga de Campeones\u00bb, dese\u00f3 Ter Stegen.<\/p>\n","protected":false},"excerpt":{"rendered":"<p>M\u00f6nchengladbach (Alemania), 17 dic (dpa) &#8211; El portero del FC Barcelona y de la selecci\u00f3n alemana de f\u00fatbol Marc-Andr\u00e9 ter Stegen se mostr\u00f3 entusiasmado con el actual desempe\u00f1o de su antiguo club, el Borussia M\u00f6nchengladbach, en una entrevista emitida hoy por el canal deportivo DAZN y el portal digital spox.com. \u00abEstoy muy orgulloso de lo<\/p>\n","protected":false},"author":1,"featured_media":98026,"comment_status":"closed","ping_status":"closed","sticky":false,"template":"","format":"standard","meta":{"footnotes":""},"categories":[319],"tags":[],"class_list":{"0":"post-134899","1":"post","2":"type-post","3":"status-publish","4":"format-standard","5":"has-post-thumbnail","7":"category-deporte"},"aioseo_notices":[],"aioseo_head":"\n\t\t<!-- All in One SEO Pro 4.9.6.2 - aioseo.com -->\n\t<meta name=\"description\" content=\"M\u00f6nchengladbach (Alemania), 17 dic (dpa) - El portero del FC Barcelona y de la selecci\u00f3n alemana de f\u00fatbol Marc-Andr\u00e9 ter Stegen se mostr\u00f3 entusiasmado con el actual desempe\u00f1o de su antiguo club, el Borussia M\u00f6nchengladbach, en una entrevista emitida hoy por el canal deportivo DAZN y el portal digital spox.com. &quot;Estoy muy orgulloso de lo\" \/>\n\t<meta name=\"robots\" content=\"max-image-preview:large\" \/>\n\t<meta name=\"author\" content=\"Cand\u00e1s 365\"\/>\n\t<meta name=\"google-site-verification\" content=\"UA-32230408-1\" \/>\n\t<meta name=\"msvalidate.01\" content=\"354F3CDFB2DA171B47FBE9ABF1F88D5\" \/>\n\t<meta name=\"keywords\" content=\"deporte\" \/>\n\t<link rel=\"canonical\" href=\"https:\/\/candas365.es\/noticias\/ter-stegen-entusiasmado-ante-la-buena-temporada-del-monchengladbach\/\" \/>\n\t<meta name=\"generator\" content=\"All in One SEO Pro (AIOSEO) 4.9.6.2\" \/>\n\t\t<meta property=\"og:locale\" content=\"es_ES\" \/>\n\t\t<meta property=\"og:site_name\" content=\"Cand\u00e1s 365\" \/>\n\t\t<meta property=\"og:type\" content=\"article\" \/>\n\t\t<meta property=\"og:title\" content=\"Ter Stegen entusiasmado ante la buena temporada del M\u00f6nchengladbach | Cand\u00e1s 365\" \/>\n\t\t<meta property=\"og:description\" content=\"M\u00f6nchengladbach (Alemania), 17 dic (dpa) - El portero del FC Barcelona y de la selecci\u00f3n alemana de f\u00fatbol Marc-Andr\u00e9 ter Stegen se mostr\u00f3 entusiasmado con el actual desempe\u00f1o de su antiguo club, el Borussia M\u00f6nchengladbach, en una entrevista emitida hoy por el canal deportivo DAZN y el portal digital spox.com. &quot;Estoy muy orgulloso de lo\" \/>\n\t\t<meta property=\"og:url\" content=\"https:\/\/candas365.es\/noticias\/ter-stegen-entusiasmado-ante-la-buena-temporada-del-monchengladbach\/\" \/>\n\t\t<meta property=\"og:image\" content=\"https:\/\/candas365.es\/noticias\/wp-content\/uploads\/2018\/06\/football-1406106_960_720-1.jpg\" \/>\n\t\t<meta property=\"og:image:secure_url\" content=\"https:\/\/candas365.es\/noticias\/wp-content\/uploads\/2018\/06\/football-1406106_960_720-1.jpg\" \/>\n\t\t<meta property=\"og:image:width\" content=\"960\" \/>\n\t\t<meta property=\"og:image:height\" content=\"643\" \/>\n\t\t<meta property=\"article:published_time\" content=\"2019-12-18T09:58:45+00:00\" \/>\n\t\t<meta property=\"article:modified_time\" content=\"2019-12-18T09:58:45+00:00\" \/>\n\t\t<meta property=\"article:publisher\" content=\"https:\/\/www.facebook.com\/Nachofdezber\" \/>\n\t\t<meta property=\"article:author\" content=\"https:\/\/www.facebook.com\/carrenoactualidad\" \/>\n\t\t<meta name=\"twitter:card\" content=\"summary_large_image\" \/>\n\t\t<meta name=\"twitter:site\" content=\"@NabercoDigital\" \/>\n\t\t<meta name=\"twitter:title\" content=\"Ter Stegen entusiasmado ante la buena temporada del M\u00f6nchengladbach | Cand\u00e1s 365\" \/>\n\t\t<meta name=\"twitter:description\" content=\"M\u00f6nchengladbach (Alemania), 17 dic (dpa) - El portero del FC Barcelona y de la selecci\u00f3n alemana de f\u00fatbol Marc-Andr\u00e9 ter Stegen se mostr\u00f3 entusiasmado con el actual desempe\u00f1o de su antiguo club, el Borussia M\u00f6nchengladbach, en una entrevista emitida hoy por el canal deportivo DAZN y el portal digital spox.com. &quot;Estoy muy orgulloso de lo\" \/>\n\t\t<meta name=\"twitter:creator\" content=\"@nbasturias\" \/>\n\t\t<meta name=\"twitter:image\" content=\"https:\/\/candas365.es\/noticias\/wp-content\/uploads\/2018\/06\/football-1406106_960_720-1.jpg\" \/>\n\t\t<meta name=\"twitter:label1\" content=\"Escrito por\" \/>\n\t\t<meta name=\"twitter:data1\" content=\"Cand\u00e1s 365\" \/>\n\t\t<meta name=\"twitter:label2\" content=\"Tiempo de lectura estimado\" \/>\n\t\t<meta name=\"twitter:data2\" content=\"1 minuto\" \/>\n\t\t<script type=\"application\/ld+json\" class=\"aioseo-schema\">\n\t\t\t{\"@context\":\"https:\\\/\\\/schema.org\",\"@graph\":[{\"@type\":\"BreadcrumbList\",\"@id\":\"https:\\\/\\\/candas365.es\\\/noticias\\\/ter-stegen-entusiasmado-ante-la-buena-temporada-del-monchengladbach\\\/#breadcrumblist\",\"itemListElement\":[{\"@type\":\"ListItem\",\"@id\":\"https:\\\/\\\/candas365.es\\\/noticias#listItem\",\"position\":1,\"name\":\"Home\",\"item\":\"https:\\\/\\\/candas365.es\\\/noticias\",\"nextItem\":{\"@type\":\"ListItem\",\"@id\":\"https:\\\/\\\/candas365.es\\\/noticias\\\/category\\\/deporte\\\/#listItem\",\"name\":\"Deporte\"}},{\"@type\":\"ListItem\",\"@id\":\"https:\\\/\\\/candas365.es\\\/noticias\\\/category\\\/deporte\\\/#listItem\",\"position\":2,\"name\":\"Deporte\",\"item\":\"https:\\\/\\\/candas365.es\\\/noticias\\\/category\\\/deporte\\\/\",\"nextItem\":{\"@type\":\"ListItem\",\"@id\":\"https:\\\/\\\/candas365.es\\\/noticias\\\/ter-stegen-entusiasmado-ante-la-buena-temporada-del-monchengladbach\\\/#listItem\",\"name\":\"Ter Stegen entusiasmado ante la buena temporada del M\\u00f6nchengladbach\"},\"previousItem\":{\"@type\":\"ListItem\",\"@id\":\"https:\\\/\\\/candas365.es\\\/noticias#listItem\",\"name\":\"Home\"}},{\"@type\":\"ListItem\",\"@id\":\"https:\\\/\\\/candas365.es\\\/noticias\\\/ter-stegen-entusiasmado-ante-la-buena-temporada-del-monchengladbach\\\/#listItem\",\"position\":3,\"name\":\"Ter Stegen entusiasmado ante la buena temporada del M\\u00f6nchengladbach\",\"previousItem\":{\"@type\":\"ListItem\",\"@id\":\"https:\\\/\\\/candas365.es\\\/noticias\\\/category\\\/deporte\\\/#listItem\",\"name\":\"Deporte\"}}]},{\"@type\":\"NewsArticle\",\"@id\":\"https:\\\/\\\/candas365.es\\\/noticias\\\/ter-stegen-entusiasmado-ante-la-buena-temporada-del-monchengladbach\\\/#newsarticle\",\"name\":\"Ter Stegen entusiasmado ante la buena temporada del M\\u00f6nchengladbach | Cand\\u00e1s 365\",\"headline\":\"Ter Stegen entusiasmado ante la buena temporada del M\\u00f6nchengladbach\",\"author\":{\"@id\":\"https:\\\/\\\/candas365.es\\\/noticias\\\/author\\\/admin\\\/#author\"},\"publisher\":{\"@id\":\"https:\\\/\\\/candas365.es\\\/noticias\\\/#organization\"},\"image\":{\"@type\":\"ImageObject\",\"url\":\"https:\\\/\\\/candas365.es\\\/noticias\\\/wp-content\\\/uploads\\\/2018\\\/06\\\/football-1406106_960_720-1.jpg\",\"width\":960,\"height\":643},\"datePublished\":\"2019-12-18T09:58:45+01:00\",\"dateModified\":\"2019-12-18T09:58:45+01:00\",\"inLanguage\":\"es-ES\",\"mainEntityOfPage\":{\"@id\":\"https:\\\/\\\/candas365.es\\\/noticias\\\/ter-stegen-entusiasmado-ante-la-buena-temporada-del-monchengladbach\\\/#webpage\"},\"isPartOf\":{\"@id\":\"https:\\\/\\\/candas365.es\\\/noticias\\\/ter-stegen-entusiasmado-ante-la-buena-temporada-del-monchengladbach\\\/#webpage\"},\"articleSection\":\"Deporte\",\"dateline\":\"Publicado el diciembre 18, 2019.\"},{\"@type\":\"Organization\",\"@id\":\"https:\\\/\\\/candas365.es\\\/noticias\\\/#organization\",\"name\":\"Cand\\u00e1s 365\",\"description\":\"Cand\\u00e1s 365 es un diario digital independiente, fundado en 2012, con base en Asturias. Informamos con rigor sobre actualidad, sociedad, cultura y ocio, con una mirada local y global.\",\"url\":\"https:\\\/\\\/candas365.es\\\/noticias\\\/\",\"email\":\"info@candas365.es\",\"telephone\":\"+34652131393\",\"foundingDate\":\"2012-06-10\",\"logo\":{\"@type\":\"ImageObject\",\"url\":\"https:\\\/\\\/candas365.es\\\/noticias\\\/wp-content\\\/uploads\\\/2024\\\/09\\\/Candas-365-Redes.jpg\",\"@id\":\"https:\\\/\\\/candas365.es\\\/noticias\\\/ter-stegen-entusiasmado-ante-la-buena-temporada-del-monchengladbach\\\/#organizationLogo\",\"width\":1152,\"height\":864,\"caption\":\"Cand\\u00e1s 365 Redes\"},\"image\":{\"@id\":\"https:\\\/\\\/candas365.es\\\/noticias\\\/ter-stegen-entusiasmado-ante-la-buena-temporada-del-monchengladbach\\\/#organizationLogo\"},\"sameAs\":[\"https:\\\/\\\/www.facebook.com\\\/Nachofdezber\",\"https:\\\/\\\/x.com\\\/NabercoDigital\",\"https:\\\/\\\/www.instagram.com\\\/nachofdezber\\\/\",\"https:\\\/\\\/www.youtube.com\\\/channel\\\/UCZP-2wLEB9Rv6erhFmqVnvg\"],\"address\":{\"@id\":\"https:\\\/\\\/candas365.es\\\/noticias\\\/#postaladdress\",\"@type\":\"PostalAddress\",\"streetAddress\":\"san antonio 4, san antonio 4\",\"postalCode\":\"33430\",\"addressLocality\":\"Cand\\u00e1s\",\"addressRegion\":\"Asturias\",\"addressCountry\":\"ES\"}},{\"@type\":\"Person\",\"@id\":\"https:\\\/\\\/candas365.es\\\/noticias\\\/author\\\/admin\\\/#author\",\"url\":\"https:\\\/\\\/candas365.es\\\/noticias\\\/author\\\/admin\\\/\",\"name\":\"Cand\\u00e1s 365\",\"image\":{\"@type\":\"ImageObject\",\"@id\":\"https:\\\/\\\/candas365.es\\\/noticias\\\/ter-stegen-entusiasmado-ante-la-buena-temporada-del-monchengladbach\\\/#authorImage\",\"url\":\"https:\\\/\\\/secure.gravatar.com\\\/avatar\\\/496a8e03d0c493ede1718b7934145dbdf8d89be1036b0eec9544e1094c9de390?s=96&d=mm&r=g\",\"width\":96,\"height\":96,\"caption\":\"Cand\\u00e1s 365\"},\"sameAs\":[\"https:\\\/\\\/www.facebook.com\\\/carrenoactualidad\",\"https:\\\/\\\/twitter.com\\\/nbasturias\",\"https:\\\/\\\/www.instagram.com\\\/nachofdezber\\\/\",\"https:\\\/\\\/www.youtube.com\\\/channel\\\/UCZP-2wLEB9Rv6erhFmqVnvg\"]},{\"@type\":\"WebPage\",\"@id\":\"https:\\\/\\\/candas365.es\\\/noticias\\\/ter-stegen-entusiasmado-ante-la-buena-temporada-del-monchengladbach\\\/#webpage\",\"url\":\"https:\\\/\\\/candas365.es\\\/noticias\\\/ter-stegen-entusiasmado-ante-la-buena-temporada-del-monchengladbach\\\/\",\"name\":\"Ter Stegen entusiasmado ante la buena temporada del M\\u00f6nchengladbach | Cand\\u00e1s 365\",\"description\":\"M\\u00f6nchengladbach (Alemania), 17 dic (dpa) - El portero del FC Barcelona y de la selecci\\u00f3n alemana de f\\u00fatbol Marc-Andr\\u00e9 ter Stegen se mostr\\u00f3 entusiasmado con el actual desempe\\u00f1o de su antiguo club, el Borussia M\\u00f6nchengladbach, en una entrevista emitida hoy por el canal deportivo DAZN y el portal digital spox.com. \\\"Estoy muy orgulloso de lo\",\"inLanguage\":\"es-ES\",\"isPartOf\":{\"@id\":\"https:\\\/\\\/candas365.es\\\/noticias\\\/#website\"},\"breadcrumb\":{\"@id\":\"https:\\\/\\\/candas365.es\\\/noticias\\\/ter-stegen-entusiasmado-ante-la-buena-temporada-del-monchengladbach\\\/#breadcrumblist\"},\"author\":{\"@id\":\"https:\\\/\\\/candas365.es\\\/noticias\\\/author\\\/admin\\\/#author\"},\"creator\":{\"@id\":\"https:\\\/\\\/candas365.es\\\/noticias\\\/author\\\/admin\\\/#author\"},\"image\":{\"@type\":\"ImageObject\",\"url\":\"https:\\\/\\\/candas365.es\\\/noticias\\\/wp-content\\\/uploads\\\/2018\\\/06\\\/football-1406106_960_720-1.jpg\",\"@id\":\"https:\\\/\\\/candas365.es\\\/noticias\\\/ter-stegen-entusiasmado-ante-la-buena-temporada-del-monchengladbach\\\/#mainImage\",\"width\":960,\"height\":643},\"primaryImageOfPage\":{\"@id\":\"https:\\\/\\\/candas365.es\\\/noticias\\\/ter-stegen-entusiasmado-ante-la-buena-temporada-del-monchengladbach\\\/#mainImage\"},\"datePublished\":\"2019-12-18T09:58:45+01:00\",\"dateModified\":\"2019-12-18T09:58:45+01:00\"},{\"@type\":\"WebSite\",\"@id\":\"https:\\\/\\\/candas365.es\\\/noticias\\\/#website\",\"url\":\"https:\\\/\\\/candas365.es\\\/noticias\\\/\",\"name\":\"Cand\\u00e1s 365\",\"alternateName\":\"Cand\\u00e1s 365 Noticias\",\"description\":\"Actualidad desde Carre\\u00f1o para el mundo\",\"inLanguage\":\"es-ES\",\"publisher\":{\"@id\":\"https:\\\/\\\/candas365.es\\\/noticias\\\/#organization\"}}]}\n\t\t<\/script>\n\t\t<!-- All in One SEO Pro -->\r\n\t\t<title>Ter Stegen entusiasmado ante la buena temporada del M\u00f6nchengladbach | Cand\u00e1s 365<\/title>\n\n","aioseo_head_json":{"title":"Ter Stegen entusiasmado ante la buena temporada del M\u00f6nchengladbach | Cand\u00e1s 365","description":"M\u00f6nchengladbach (Alemania), 17 dic (dpa) - El portero del FC Barcelona y de la selecci\u00f3n alemana de f\u00fatbol Marc-Andr\u00e9 ter Stegen se mostr\u00f3 entusiasmado con el actual desempe\u00f1o de su antiguo club, el Borussia M\u00f6nchengladbach, en una entrevista emitida hoy por el canal deportivo DAZN y el portal digital spox.com. \"Estoy muy orgulloso de lo","canonical_url":"https:\/\/candas365.es\/noticias\/ter-stegen-entusiasmado-ante-la-buena-temporada-del-monchengladbach\/","robots":"max-image-preview:large","keywords":"deporte","webmasterTools":{"google-site-verification":"UA-32230408-1","msvalidate.01":"354F3CDFB2DA171B47FBE9ABF1F88D5","miscellaneous":""},"schema":{"@context":"https:\/\/schema.org","@graph":[{"@type":"BreadcrumbList","@id":"https:\/\/candas365.es\/noticias\/ter-stegen-entusiasmado-ante-la-buena-temporada-del-monchengladbach\/#breadcrumblist","itemListElement":[{"@type":"ListItem","@id":"https:\/\/candas365.es\/noticias#listItem","position":1,"name":"Home","item":"https:\/\/candas365.es\/noticias","nextItem":{"@type":"ListItem","@id":"https:\/\/candas365.es\/noticias\/category\/deporte\/#listItem","name":"Deporte"}},{"@type":"ListItem","@id":"https:\/\/candas365.es\/noticias\/category\/deporte\/#listItem","position":2,"name":"Deporte","item":"https:\/\/candas365.es\/noticias\/category\/deporte\/","nextItem":{"@type":"ListItem","@id":"https:\/\/candas365.es\/noticias\/ter-stegen-entusiasmado-ante-la-buena-temporada-del-monchengladbach\/#listItem","name":"Ter Stegen entusiasmado ante la buena temporada del M\u00f6nchengladbach"},"previousItem":{"@type":"ListItem","@id":"https:\/\/candas365.es\/noticias#listItem","name":"Home"}},{"@type":"ListItem","@id":"https:\/\/candas365.es\/noticias\/ter-stegen-entusiasmado-ante-la-buena-temporada-del-monchengladbach\/#listItem","position":3,"name":"Ter Stegen entusiasmado ante la buena temporada del M\u00f6nchengladbach","previousItem":{"@type":"ListItem","@id":"https:\/\/candas365.es\/noticias\/category\/deporte\/#listItem","name":"Deporte"}}]},{"@type":"NewsArticle","@id":"https:\/\/candas365.es\/noticias\/ter-stegen-entusiasmado-ante-la-buena-temporada-del-monchengladbach\/#newsarticle","name":"Ter Stegen entusiasmado ante la buena temporada del M\u00f6nchengladbach | Cand\u00e1s 365","headline":"Ter Stegen entusiasmado ante la buena temporada del M\u00f6nchengladbach","author":{"@id":"https:\/\/candas365.es\/noticias\/author\/admin\/#author"},"publisher":{"@id":"https:\/\/candas365.es\/noticias\/#organization"},"image":{"@type":"ImageObject","url":"https:\/\/candas365.es\/noticias\/wp-content\/uploads\/2018\/06\/football-1406106_960_720-1.jpg","width":960,"height":643},"datePublished":"2019-12-18T09:58:45+01:00","dateModified":"2019-12-18T09:58:45+01:00","inLanguage":"es-ES","mainEntityOfPage":{"@id":"https:\/\/candas365.es\/noticias\/ter-stegen-entusiasmado-ante-la-buena-temporada-del-monchengladbach\/#webpage"},"isPartOf":{"@id":"https:\/\/candas365.es\/noticias\/ter-stegen-entusiasmado-ante-la-buena-temporada-del-monchengladbach\/#webpage"},"articleSection":"Deporte","dateline":"Publicado el diciembre 18, 2019."},{"@type":"Organization","@id":"https:\/\/candas365.es\/noticias\/#organization","name":"Cand\u00e1s 365","description":"Cand\u00e1s 365 es un diario digital independiente, fundado en 2012, con base en Asturias. Informamos con rigor sobre actualidad, sociedad, cultura y ocio, con una mirada local y global.","url":"https:\/\/candas365.es\/noticias\/","email":"info@candas365.es","telephone":"+34652131393","foundingDate":"2012-06-10","logo":{"@type":"ImageObject","url":"https:\/\/candas365.es\/noticias\/wp-content\/uploads\/2024\/09\/Candas-365-Redes.jpg","@id":"https:\/\/candas365.es\/noticias\/ter-stegen-entusiasmado-ante-la-buena-temporada-del-monchengladbach\/#organizationLogo","width":1152,"height":864,"caption":"Cand\u00e1s 365 Redes"},"image":{"@id":"https:\/\/candas365.es\/noticias\/ter-stegen-entusiasmado-ante-la-buena-temporada-del-monchengladbach\/#organizationLogo"},"sameAs":["https:\/\/www.facebook.com\/Nachofdezber","https:\/\/x.com\/NabercoDigital","https:\/\/www.instagram.com\/nachofdezber\/","https:\/\/www.youtube.com\/channel\/UCZP-2wLEB9Rv6erhFmqVnvg"],"address":{"@id":"https:\/\/candas365.es\/noticias\/#postaladdress","@type":"PostalAddress","streetAddress":"san antonio 4, san antonio 4","postalCode":"33430","addressLocality":"Cand\u00e1s","addressRegion":"Asturias","addressCountry":"ES"}},{"@type":"Person","@id":"https:\/\/candas365.es\/noticias\/author\/admin\/#author","url":"https:\/\/candas365.es\/noticias\/author\/admin\/","name":"Cand\u00e1s 365","image":{"@type":"ImageObject","@id":"https:\/\/candas365.es\/noticias\/ter-stegen-entusiasmado-ante-la-buena-temporada-del-monchengladbach\/#authorImage","url":"https:\/\/secure.gravatar.com\/avatar\/496a8e03d0c493ede1718b7934145dbdf8d89be1036b0eec9544e1094c9de390?s=96&d=mm&r=g","width":96,"height":96,"caption":"Cand\u00e1s 365"},"sameAs":["https:\/\/www.facebook.com\/carrenoactualidad","https:\/\/twitter.com\/nbasturias","https:\/\/www.instagram.com\/nachofdezber\/","https:\/\/www.youtube.com\/channel\/UCZP-2wLEB9Rv6erhFmqVnvg"]},{"@type":"WebPage","@id":"https:\/\/candas365.es\/noticias\/ter-stegen-entusiasmado-ante-la-buena-temporada-del-monchengladbach\/#webpage","url":"https:\/\/candas365.es\/noticias\/ter-stegen-entusiasmado-ante-la-buena-temporada-del-monchengladbach\/","name":"Ter Stegen entusiasmado ante la buena temporada del M\u00f6nchengladbach | Cand\u00e1s 365","description":"M\u00f6nchengladbach (Alemania), 17 dic (dpa) - El portero del FC Barcelona y de la selecci\u00f3n alemana de f\u00fatbol Marc-Andr\u00e9 ter Stegen se mostr\u00f3 entusiasmado con el actual desempe\u00f1o de su antiguo club, el Borussia M\u00f6nchengladbach, en una entrevista emitida hoy por el canal deportivo DAZN y el portal digital spox.com. \"Estoy muy orgulloso de lo","inLanguage":"es-ES","isPartOf":{"@id":"https:\/\/candas365.es\/noticias\/#website"},"breadcrumb":{"@id":"https:\/\/candas365.es\/noticias\/ter-stegen-entusiasmado-ante-la-buena-temporada-del-monchengladbach\/#breadcrumblist"},"author":{"@id":"https:\/\/candas365.es\/noticias\/author\/admin\/#author"},"creator":{"@id":"https:\/\/candas365.es\/noticias\/author\/admin\/#author"},"image":{"@type":"ImageObject","url":"https:\/\/candas365.es\/noticias\/wp-content\/uploads\/2018\/06\/football-1406106_960_720-1.jpg","@id":"https:\/\/candas365.es\/noticias\/ter-stegen-entusiasmado-ante-la-buena-temporada-del-monchengladbach\/#mainImage","width":960,"height":643},"primaryImageOfPage":{"@id":"https:\/\/candas365.es\/noticias\/ter-stegen-entusiasmado-ante-la-buena-temporada-del-monchengladbach\/#mainImage"},"datePublished":"2019-12-18T09:58:45+01:00","dateModified":"2019-12-18T09:58:45+01:00"},{"@type":"WebSite","@id":"https:\/\/candas365.es\/noticias\/#website","url":"https:\/\/candas365.es\/noticias\/","name":"Cand\u00e1s 365","alternateName":"Cand\u00e1s 365 Noticias","description":"Actualidad desde Carre\u00f1o para el mundo","inLanguage":"es-ES","publisher":{"@id":"https:\/\/candas365.es\/noticias\/#organization"}}]},"og:locale":"es_ES","og:site_name":"Cand\u00e1s 365","og:type":"article","og:title":"Ter Stegen entusiasmado ante la buena temporada del M\u00f6nchengladbach | Cand\u00e1s 365","og:description":"M\u00f6nchengladbach (Alemania), 17 dic (dpa) - El portero del FC Barcelona y de la selecci\u00f3n alemana de f\u00fatbol Marc-Andr\u00e9 ter Stegen se mostr\u00f3 entusiasmado con el actual desempe\u00f1o de su antiguo club, el Borussia M\u00f6nchengladbach, en una entrevista emitida hoy por el canal deportivo DAZN y el portal digital spox.com. &quot;Estoy muy orgulloso de lo","og:url":"https:\/\/candas365.es\/noticias\/ter-stegen-entusiasmado-ante-la-buena-temporada-del-monchengladbach\/","og:image":"https:\/\/candas365.es\/noticias\/wp-content\/uploads\/2018\/06\/football-1406106_960_720-1.jpg","og:image:secure_url":"https:\/\/candas365.es\/noticias\/wp-content\/uploads\/2018\/06\/football-1406106_960_720-1.jpg","og:image:width":960,"og:image:height":643,"article:published_time":"2019-12-18T09:58:45+00:00","article:modified_time":"2019-12-18T09:58:45+00:00","article:publisher":"https:\/\/www.facebook.com\/Nachofdezber","article:author":"https:\/\/www.facebook.com\/carrenoactualidad","twitter:card":"summary_large_image","twitter:site":"@NabercoDigital","twitter:title":"Ter Stegen entusiasmado ante la buena temporada del M\u00f6nchengladbach | Cand\u00e1s 365","twitter:description":"M\u00f6nchengladbach (Alemania), 17 dic (dpa) - El portero del FC Barcelona y de la selecci\u00f3n alemana de f\u00fatbol Marc-Andr\u00e9 ter Stegen se mostr\u00f3 entusiasmado con el actual desempe\u00f1o de su antiguo club, el Borussia M\u00f6nchengladbach, en una entrevista emitida hoy por el canal deportivo DAZN y el portal digital spox.com. &quot;Estoy muy orgulloso de lo","twitter:creator":"@nbasturias","twitter:image":"https:\/\/candas365.es\/noticias\/wp-content\/uploads\/2018\/06\/football-1406106_960_720-1.jpg","twitter:label1":"Escrito por","twitter:data1":"Cand\u00e1s 365","twitter:label2":"Tiempo de lectura estimado","twitter:data2":"1 minuto"},"aioseo_meta_data":{"post_id":"134899","title":null,"description":null,"keywords":null,"keyphrases":null,"primary_term":null,"canonical_url":null,"og_title":null,"og_description":null,"og_object_type":"default","og_image_type":"default","og_image_url":null,"og_image_width":null,"og_image_height":null,"og_image_custom_url":null,"og_image_custom_fields":null,"og_video":null,"og_custom_url":null,"og_article_section":null,"og_article_tags":null,"twitter_use_og":false,"twitter_card":"default","twitter_image_type":"default","twitter_image_url":null,"twitter_image_custom_url":null,"twitter_image_custom_fields":null,"twitter_title":null,"twitter_description":null,"schema":{"blockGraphs":[],"customGraphs":[],"default":{"data":{"Article":[],"Course":[],"Dataset":[],"FAQPage":[],"Movie":[],"Person":[],"Product":[],"ProductReview":[],"Car":[],"Recipe":[],"Service":[],"SoftwareApplication":[],"WebPage":[]},"graphName":"","isEnabled":true},"graphs":[],"defaultGraph":"","defaultPostTypeGraph":""},"schema_type":null,"schema_type_options":null,"pillar_content":false,"robots_default":true,"robots_noindex":false,"robots_noarchive":false,"robots_nosnippet":false,"robots_nofollow":false,"robots_noimageindex":false,"robots_noodp":false,"robots_notranslate":false,"robots_max_snippet":null,"robots_max_videopreview":null,"robots_max_imagepreview":"large","priority":null,"frequency":null,"location":null,"local_seo":null,"seo_analyzer_scan_date":"2025-08-30 19:45:20","breadcrumb_settings":null,"limit_modified_date":false,"reviewed_by":null,"open_ai":null,"ai":null,"created":"2020-12-21 10:49:08","updated":"2025-08-30 19:45:20"},"aioseo_breadcrumb":"<div class=\"aioseo-breadcrumbs\"><span class=\"aioseo-breadcrumb\">\n\t<a href=\"https:\/\/candas365.es\/noticias\" title=\"Home\">Home<\/a>\n<\/span><span class=\"aioseo-breadcrumb-separator\">&ndash;<\/span><span class=\"aioseo-breadcrumb\">\n\t<a href=\"https:\/\/candas365.es\/noticias\/category\/deporte\/\" title=\"Deporte\">Deporte<\/a>\n<\/span><span class=\"aioseo-breadcrumb-separator\">&ndash;<\/span><span class=\"aioseo-breadcrumb\">\n\tTer Stegen entusiasmado ante la buena temporada del M\u00f6nchengladbach\n<\/span><\/div>","aioseo_breadcrumb_json":[{"label":"Home","link":"https:\/\/candas365.es\/noticias"},{"label":"Deporte","link":"https:\/\/candas365.es\/noticias\/category\/deporte\/"},{"label":"Ter Stegen entusiasmado ante la buena temporada del M\u00f6nchengladbach","link":"https:\/\/candas365.es\/noticias\/ter-stegen-entusiasmado-ante-la-buena-temporada-del-monchengladbach\/"}],"_links":{"self":[{"href":"https:\/\/candas365.es\/noticias\/wp-json\/wp\/v2\/posts\/134899","targetHints":{"allow":["GET"]}}],"collection":[{"href":"https:\/\/candas365.es\/noticias\/wp-json\/wp\/v2\/posts"}],"about":[{"href":"https:\/\/candas365.es\/noticias\/wp-json\/wp\/v2\/types\/post"}],"author":[{"embeddable":true,"href":"https:\/\/candas365.es\/noticias\/wp-json\/wp\/v2\/users\/1"}],"replies":[{"embeddable":true,"href":"https:\/\/candas365.es\/noticias\/wp-json\/wp\/v2\/comments?post=134899"}],"version-history":[{"count":0,"href":"https:\/\/candas365.es\/noticias\/wp-json\/wp\/v2\/posts\/134899\/revisions"}],"wp:featuredmedia":[{"embeddable":true,"href":"https:\/\/candas365.es\/noticias\/wp-json\/wp\/v2\/media\/98026"}],"wp:attachment":[{"href":"https:\/\/candas365.es\/noticias\/wp-json\/wp\/v2\/media?parent=134899"}],"wp:term":[{"taxonomy":"category","embeddable":true,"href":"https:\/\/candas365.es\/noticias\/wp-json\/wp\/v2\/categories?post=134899"},{"taxonomy":"post_tag","embeddable":true,"href":"https:\/\/candas365.es\/noticias\/wp-json\/wp\/v2\/tags?post=134899"}],"curies":[{"name":"wp","href":"https:\/\/api.w.org\/{rel}","templated":true}]}}