{"id":134839,"date":"2019-12-17T09:03:43","date_gmt":"2019-12-17T09:03:43","guid":{"rendered":"http:\/\/candas365.es\/noticias\/?p=134839"},"modified":"2019-12-17T09:03:43","modified_gmt":"2019-12-17T09:03:43","slug":"nubel-se-disculpa-por-la-patada-estilo-kung-fu","status":"publish","type":"post","link":"https:\/\/candas365.es\/noticias\/nubel-se-disculpa-por-la-patada-estilo-kung-fu\/","title":{"rendered":"N\u00fcbel se disculpa por \u00abla patada\u00bb estilo kung fu"},"content":{"rendered":"<figure id=\"attachment_134840\" aria-describedby=\"caption-attachment-134840\" style=\"width: 357px\" class=\"wp-caption alignleft\"><img fetchpriority=\"high\" decoding=\"async\" class=\"size-medium wp-image-134840\" src=\"https:\/\/candas365.es\/noticias\/wp-content\/uploads\/2019\/12\/Alexander-Nubel-357x300.jpg\" alt=\"\" width=\"357\" height=\"300\" srcset=\"https:\/\/candas365.es\/noticias\/wp-content\/uploads\/2019\/12\/Alexander-Nubel-357x300.jpg 357w, https:\/\/candas365.es\/noticias\/wp-content\/uploads\/2019\/12\/Alexander-Nubel-571x480.jpg 571w, https:\/\/candas365.es\/noticias\/wp-content\/uploads\/2019\/12\/Alexander-Nubel-768x646.jpg 768w, https:\/\/candas365.es\/noticias\/wp-content\/uploads\/2019\/12\/Alexander-Nubel-696x585.jpg 696w, https:\/\/candas365.es\/noticias\/wp-content\/uploads\/2019\/12\/Alexander-Nubel-500x420.jpg 500w, https:\/\/candas365.es\/noticias\/wp-content\/uploads\/2019\/12\/Alexander-Nubel.jpg 778w\" sizes=\"(max-width: 357px) 100vw, 357px\" \/><figcaption id=\"caption-attachment-134840\" class=\"wp-caption-text\">Foto: Rolf Vennenbernd\/dpa<\/figcaption><\/figure>\n<p>Gelsenkirchen (Alemania), 16 dic (dpa) &#8211; Alexander N\u00fcbel, portero del Schalke alem\u00e1n, se disculp\u00f3 personal y p\u00fablicamente con Mijat Gacinovic del Eintracht Frankfurt por una patada estilo kung fu que le asest\u00f3 en las costillas en el partido del domingo.<\/p>\n<p>\u00abLo siento much\u00edsimo por el jugador. No le quer\u00eda dar a \u00e9l, quer\u00eda darle al bal\u00f3n\u00bb, dijo el arquero de 23 a\u00f1os un d\u00eda despu\u00e9s del choque en campo del Schalke.<\/p>\n<p>El domingo llam\u00f3 por tel\u00e9fono a Gacinovic para preguntarle \u00absi estaba todo bien\u00bb, cont\u00f3 N\u00fcbel, quien recibi\u00f3 por la acci\u00f3n tarjeta roja en el minuto 66 del partido.<\/p>\n<p>\u00abMe dijo que las costillas estaban bastante magulladas y que le dol\u00eda much\u00edsimo. Acept\u00f3 mis disculpas. Me pareci\u00f3 muy admirable de su parte\u00bb, dijo el jugador.<\/p>\n<p>N\u00fcbel describi\u00f3 la escena de la siguiente manera: \u00abEl bal\u00f3n lleg\u00f3 e intent\u00e9 salir. El problema es que no hay mucho tiempo para pensar. Hay que decidir en un segundo. Por eso, en el momento me dio igual si me sacaban tarjeta roja o no\u00bb.<\/p>\n<p>\u00abA lo mejor no tendr\u00eda que haber salido, hab\u00eda suficientes jugadores. Siempre me esfuerzo en jugar de manera ofensiva\u00bb, continu\u00f3. El ex portero de la selecci\u00f3n alemana sub-21 desconoce la magnitud que podr\u00eda tener la sanci\u00f3n. \u00abA\u00fan no lo he pensado\u00bb, dijo N\u00fcbel, \u00abNo s\u00e9 cuantos juegos te sancionan por esto\u00bb.<\/p>\n<p>&nbsp;<\/p>\n","protected":false},"excerpt":{"rendered":"<p>Gelsenkirchen (Alemania), 16 dic (dpa) &#8211; Alexander N\u00fcbel, portero del Schalke alem\u00e1n, se disculp\u00f3 personal y p\u00fablicamente con Mijat Gacinovic del Eintracht Frankfurt por una patada estilo kung fu que le asest\u00f3 en las costillas en el partido del domingo. \u00abLo siento much\u00edsimo por el jugador. No le quer\u00eda dar a \u00e9l, quer\u00eda darle al<\/p>\n","protected":false},"author":1,"featured_media":134840,"comment_status":"closed","ping_status":"closed","sticky":false,"template":"","format":"standard","meta":{"footnotes":""},"categories":[319],"tags":[],"class_list":{"0":"post-134839","1":"post","2":"type-post","3":"status-publish","4":"format-standard","5":"has-post-thumbnail","7":"category-deporte"},"aioseo_notices":[],"aioseo_head":"\n\t\t<!-- All in One SEO Pro 4.9.6.2 - aioseo.com -->\n\t<meta name=\"description\" content=\"Gelsenkirchen (Alemania), 16 dic (dpa) - Alexander N\u00fcbel, portero del Schalke alem\u00e1n, se disculp\u00f3 personal y p\u00fablicamente con Mijat Gacinovic del Eintracht Frankfurt por una patada estilo kung fu que le asest\u00f3 en las costillas en el partido del domingo. &quot;Lo siento much\u00edsimo por el jugador. No le quer\u00eda dar a \u00e9l, quer\u00eda darle al\" \/>\n\t<meta name=\"robots\" content=\"max-image-preview:large\" \/>\n\t<meta name=\"author\" content=\"Cand\u00e1s 365\"\/>\n\t<meta name=\"google-site-verification\" content=\"UA-32230408-1\" \/>\n\t<meta name=\"msvalidate.01\" content=\"354F3CDFB2DA171B47FBE9ABF1F88D5\" \/>\n\t<meta name=\"keywords\" content=\"deporte\" \/>\n\t<link rel=\"canonical\" href=\"https:\/\/candas365.es\/noticias\/nubel-se-disculpa-por-la-patada-estilo-kung-fu\/\" \/>\n\t<meta name=\"generator\" content=\"All in One SEO Pro (AIOSEO) 4.9.6.2\" \/>\n\t\t<meta property=\"og:locale\" content=\"es_ES\" \/>\n\t\t<meta property=\"og:site_name\" content=\"Cand\u00e1s 365\" \/>\n\t\t<meta property=\"og:type\" content=\"article\" \/>\n\t\t<meta property=\"og:title\" content=\"N\u00fcbel se disculpa por \u00abla patada\u00bb estilo kung fu | Cand\u00e1s 365\" \/>\n\t\t<meta property=\"og:description\" content=\"Gelsenkirchen (Alemania), 16 dic (dpa) - Alexander N\u00fcbel, portero del Schalke alem\u00e1n, se disculp\u00f3 personal y p\u00fablicamente con Mijat Gacinovic del Eintracht Frankfurt por una patada estilo kung fu que le asest\u00f3 en las costillas en el partido del domingo. &quot;Lo siento much\u00edsimo por el jugador. No le quer\u00eda dar a \u00e9l, quer\u00eda darle al\" \/>\n\t\t<meta property=\"og:url\" content=\"https:\/\/candas365.es\/noticias\/nubel-se-disculpa-por-la-patada-estilo-kung-fu\/\" \/>\n\t\t<meta property=\"og:image\" content=\"https:\/\/candas365.es\/noticias\/wp-content\/uploads\/2019\/12\/Alexander-Nubel.jpg\" \/>\n\t\t<meta property=\"og:image:secure_url\" content=\"https:\/\/candas365.es\/noticias\/wp-content\/uploads\/2019\/12\/Alexander-Nubel.jpg\" \/>\n\t\t<meta property=\"og:image:width\" content=\"778\" \/>\n\t\t<meta property=\"og:image:height\" content=\"654\" \/>\n\t\t<meta property=\"article:published_time\" content=\"2019-12-17T09:03:43+00:00\" \/>\n\t\t<meta property=\"article:modified_time\" content=\"2019-12-17T09:03:43+00:00\" \/>\n\t\t<meta property=\"article:publisher\" content=\"https:\/\/www.facebook.com\/Nachofdezber\" \/>\n\t\t<meta property=\"article:author\" content=\"https:\/\/www.facebook.com\/carrenoactualidad\" \/>\n\t\t<meta name=\"twitter:card\" content=\"summary_large_image\" \/>\n\t\t<meta name=\"twitter:site\" content=\"@NabercoDigital\" \/>\n\t\t<meta name=\"twitter:title\" content=\"N\u00fcbel se disculpa por \u00abla patada\u00bb estilo kung fu | Cand\u00e1s 365\" \/>\n\t\t<meta name=\"twitter:description\" content=\"Gelsenkirchen (Alemania), 16 dic (dpa) - Alexander N\u00fcbel, portero del Schalke alem\u00e1n, se disculp\u00f3 personal y p\u00fablicamente con Mijat Gacinovic del Eintracht Frankfurt por una patada estilo kung fu que le asest\u00f3 en las costillas en el partido del domingo. &quot;Lo siento much\u00edsimo por el jugador. No le quer\u00eda dar a \u00e9l, quer\u00eda darle al\" \/>\n\t\t<meta name=\"twitter:creator\" content=\"@nbasturias\" \/>\n\t\t<meta name=\"twitter:image\" content=\"https:\/\/candas365.es\/noticias\/wp-content\/uploads\/2019\/12\/Alexander-Nubel.jpg\" \/>\n\t\t<meta name=\"twitter:label1\" content=\"Escrito por\" \/>\n\t\t<meta name=\"twitter:data1\" content=\"Cand\u00e1s 365\" \/>\n\t\t<meta name=\"twitter:label2\" content=\"Tiempo de lectura estimado\" \/>\n\t\t<meta name=\"twitter:data2\" content=\"1 minuto\" \/>\n\t\t<script type=\"application\/ld+json\" class=\"aioseo-schema\">\n\t\t\t{\"@context\":\"https:\\\/\\\/schema.org\",\"@graph\":[{\"@type\":\"BreadcrumbList\",\"@id\":\"https:\\\/\\\/candas365.es\\\/noticias\\\/nubel-se-disculpa-por-la-patada-estilo-kung-fu\\\/#breadcrumblist\",\"itemListElement\":[{\"@type\":\"ListItem\",\"@id\":\"https:\\\/\\\/candas365.es\\\/noticias#listItem\",\"position\":1,\"name\":\"Home\",\"item\":\"https:\\\/\\\/candas365.es\\\/noticias\",\"nextItem\":{\"@type\":\"ListItem\",\"@id\":\"https:\\\/\\\/candas365.es\\\/noticias\\\/category\\\/deporte\\\/#listItem\",\"name\":\"Deporte\"}},{\"@type\":\"ListItem\",\"@id\":\"https:\\\/\\\/candas365.es\\\/noticias\\\/category\\\/deporte\\\/#listItem\",\"position\":2,\"name\":\"Deporte\",\"item\":\"https:\\\/\\\/candas365.es\\\/noticias\\\/category\\\/deporte\\\/\",\"nextItem\":{\"@type\":\"ListItem\",\"@id\":\"https:\\\/\\\/candas365.es\\\/noticias\\\/nubel-se-disculpa-por-la-patada-estilo-kung-fu\\\/#listItem\",\"name\":\"N\\u00fcbel se disculpa por \\u00abla patada\\u00bb estilo kung fu\"},\"previousItem\":{\"@type\":\"ListItem\",\"@id\":\"https:\\\/\\\/candas365.es\\\/noticias#listItem\",\"name\":\"Home\"}},{\"@type\":\"ListItem\",\"@id\":\"https:\\\/\\\/candas365.es\\\/noticias\\\/nubel-se-disculpa-por-la-patada-estilo-kung-fu\\\/#listItem\",\"position\":3,\"name\":\"N\\u00fcbel se disculpa por \\u00abla patada\\u00bb estilo kung fu\",\"previousItem\":{\"@type\":\"ListItem\",\"@id\":\"https:\\\/\\\/candas365.es\\\/noticias\\\/category\\\/deporte\\\/#listItem\",\"name\":\"Deporte\"}}]},{\"@type\":\"NewsArticle\",\"@id\":\"https:\\\/\\\/candas365.es\\\/noticias\\\/nubel-se-disculpa-por-la-patada-estilo-kung-fu\\\/#newsarticle\",\"name\":\"N\\u00fcbel se disculpa por \\u00abla patada\\u00bb estilo kung fu | Cand\\u00e1s 365\",\"headline\":\"N\\u00fcbel se disculpa por \\u00abla patada\\u00bb estilo kung fu\",\"author\":{\"@id\":\"https:\\\/\\\/candas365.es\\\/noticias\\\/author\\\/admin\\\/#author\"},\"publisher\":{\"@id\":\"https:\\\/\\\/candas365.es\\\/noticias\\\/#organization\"},\"image\":{\"@type\":\"ImageObject\",\"url\":\"https:\\\/\\\/candas365.es\\\/noticias\\\/wp-content\\\/uploads\\\/2019\\\/12\\\/Alexander-Nubel.jpg\",\"width\":778,\"height\":654,\"caption\":\"Foto: Rolf Vennenbernd\\\/dpa\"},\"datePublished\":\"2019-12-17T09:03:43+01:00\",\"dateModified\":\"2019-12-17T09:03:43+01:00\",\"inLanguage\":\"es-ES\",\"mainEntityOfPage\":{\"@id\":\"https:\\\/\\\/candas365.es\\\/noticias\\\/nubel-se-disculpa-por-la-patada-estilo-kung-fu\\\/#webpage\"},\"isPartOf\":{\"@id\":\"https:\\\/\\\/candas365.es\\\/noticias\\\/nubel-se-disculpa-por-la-patada-estilo-kung-fu\\\/#webpage\"},\"articleSection\":\"Deporte\",\"dateline\":\"Publicado el diciembre 17, 2019.\"},{\"@type\":\"Organization\",\"@id\":\"https:\\\/\\\/candas365.es\\\/noticias\\\/#organization\",\"name\":\"Cand\\u00e1s 365\",\"description\":\"Cand\\u00e1s 365 es un diario digital independiente, fundado en 2012, con base en Asturias. Informamos con rigor sobre actualidad, sociedad, cultura y ocio, con una mirada local y global.\",\"url\":\"https:\\\/\\\/candas365.es\\\/noticias\\\/\",\"email\":\"info@candas365.es\",\"telephone\":\"+34652131393\",\"foundingDate\":\"2012-06-10\",\"logo\":{\"@type\":\"ImageObject\",\"url\":\"https:\\\/\\\/candas365.es\\\/noticias\\\/wp-content\\\/uploads\\\/2024\\\/09\\\/Candas-365-Redes.jpg\",\"@id\":\"https:\\\/\\\/candas365.es\\\/noticias\\\/nubel-se-disculpa-por-la-patada-estilo-kung-fu\\\/#organizationLogo\",\"width\":1152,\"height\":864,\"caption\":\"Cand\\u00e1s 365 Redes\"},\"image\":{\"@id\":\"https:\\\/\\\/candas365.es\\\/noticias\\\/nubel-se-disculpa-por-la-patada-estilo-kung-fu\\\/#organizationLogo\"},\"sameAs\":[\"https:\\\/\\\/www.facebook.com\\\/Nachofdezber\",\"https:\\\/\\\/x.com\\\/NabercoDigital\",\"https:\\\/\\\/www.instagram.com\\\/nachofdezber\\\/\",\"https:\\\/\\\/www.youtube.com\\\/channel\\\/UCZP-2wLEB9Rv6erhFmqVnvg\"],\"address\":{\"@id\":\"https:\\\/\\\/candas365.es\\\/noticias\\\/#postaladdress\",\"@type\":\"PostalAddress\",\"streetAddress\":\"san antonio 4, san antonio 4\",\"postalCode\":\"33430\",\"addressLocality\":\"Cand\\u00e1s\",\"addressRegion\":\"Asturias\",\"addressCountry\":\"ES\"}},{\"@type\":\"Person\",\"@id\":\"https:\\\/\\\/candas365.es\\\/noticias\\\/author\\\/admin\\\/#author\",\"url\":\"https:\\\/\\\/candas365.es\\\/noticias\\\/author\\\/admin\\\/\",\"name\":\"Cand\\u00e1s 365\",\"image\":{\"@type\":\"ImageObject\",\"@id\":\"https:\\\/\\\/candas365.es\\\/noticias\\\/nubel-se-disculpa-por-la-patada-estilo-kung-fu\\\/#authorImage\",\"url\":\"https:\\\/\\\/secure.gravatar.com\\\/avatar\\\/496a8e03d0c493ede1718b7934145dbdf8d89be1036b0eec9544e1094c9de390?s=96&d=mm&r=g\",\"width\":96,\"height\":96,\"caption\":\"Cand\\u00e1s 365\"},\"sameAs\":[\"https:\\\/\\\/www.facebook.com\\\/carrenoactualidad\",\"https:\\\/\\\/twitter.com\\\/nbasturias\",\"https:\\\/\\\/www.instagram.com\\\/nachofdezber\\\/\",\"https:\\\/\\\/www.youtube.com\\\/channel\\\/UCZP-2wLEB9Rv6erhFmqVnvg\"]},{\"@type\":\"WebPage\",\"@id\":\"https:\\\/\\\/candas365.es\\\/noticias\\\/nubel-se-disculpa-por-la-patada-estilo-kung-fu\\\/#webpage\",\"url\":\"https:\\\/\\\/candas365.es\\\/noticias\\\/nubel-se-disculpa-por-la-patada-estilo-kung-fu\\\/\",\"name\":\"N\\u00fcbel se disculpa por \\u00abla patada\\u00bb estilo kung fu | Cand\\u00e1s 365\",\"description\":\"Gelsenkirchen (Alemania), 16 dic (dpa) - Alexander N\\u00fcbel, portero del Schalke alem\\u00e1n, se disculp\\u00f3 personal y p\\u00fablicamente con Mijat Gacinovic del Eintracht Frankfurt por una patada estilo kung fu que le asest\\u00f3 en las costillas en el partido del domingo. \\\"Lo siento much\\u00edsimo por el jugador. No le quer\\u00eda dar a \\u00e9l, quer\\u00eda darle al\",\"inLanguage\":\"es-ES\",\"isPartOf\":{\"@id\":\"https:\\\/\\\/candas365.es\\\/noticias\\\/#website\"},\"breadcrumb\":{\"@id\":\"https:\\\/\\\/candas365.es\\\/noticias\\\/nubel-se-disculpa-por-la-patada-estilo-kung-fu\\\/#breadcrumblist\"},\"author\":{\"@id\":\"https:\\\/\\\/candas365.es\\\/noticias\\\/author\\\/admin\\\/#author\"},\"creator\":{\"@id\":\"https:\\\/\\\/candas365.es\\\/noticias\\\/author\\\/admin\\\/#author\"},\"image\":{\"@type\":\"ImageObject\",\"url\":\"https:\\\/\\\/candas365.es\\\/noticias\\\/wp-content\\\/uploads\\\/2019\\\/12\\\/Alexander-Nubel.jpg\",\"@id\":\"https:\\\/\\\/candas365.es\\\/noticias\\\/nubel-se-disculpa-por-la-patada-estilo-kung-fu\\\/#mainImage\",\"width\":778,\"height\":654,\"caption\":\"Foto: Rolf Vennenbernd\\\/dpa\"},\"primaryImageOfPage\":{\"@id\":\"https:\\\/\\\/candas365.es\\\/noticias\\\/nubel-se-disculpa-por-la-patada-estilo-kung-fu\\\/#mainImage\"},\"datePublished\":\"2019-12-17T09:03:43+01:00\",\"dateModified\":\"2019-12-17T09:03:43+01:00\"},{\"@type\":\"WebSite\",\"@id\":\"https:\\\/\\\/candas365.es\\\/noticias\\\/#website\",\"url\":\"https:\\\/\\\/candas365.es\\\/noticias\\\/\",\"name\":\"Cand\\u00e1s 365\",\"alternateName\":\"Cand\\u00e1s 365 Noticias\",\"description\":\"Actualidad desde Carre\\u00f1o para el mundo\",\"inLanguage\":\"es-ES\",\"publisher\":{\"@id\":\"https:\\\/\\\/candas365.es\\\/noticias\\\/#organization\"}}]}\n\t\t<\/script>\n\t\t<!-- All in One SEO Pro -->\r\n\t\t<title>N\u00fcbel se disculpa por \u00abla patada\u00bb estilo kung fu | Cand\u00e1s 365<\/title>\n\n","aioseo_head_json":{"title":"N\u00fcbel se disculpa por \u00abla patada\u00bb estilo kung fu | Cand\u00e1s 365","description":"Gelsenkirchen (Alemania), 16 dic (dpa) - Alexander N\u00fcbel, portero del Schalke alem\u00e1n, se disculp\u00f3 personal y p\u00fablicamente con Mijat Gacinovic del Eintracht Frankfurt por una patada estilo kung fu que le asest\u00f3 en las costillas en el partido del domingo. \"Lo siento much\u00edsimo por el jugador. No le quer\u00eda dar a \u00e9l, quer\u00eda darle al","canonical_url":"https:\/\/candas365.es\/noticias\/nubel-se-disculpa-por-la-patada-estilo-kung-fu\/","robots":"max-image-preview:large","keywords":"deporte","webmasterTools":{"google-site-verification":"UA-32230408-1","msvalidate.01":"354F3CDFB2DA171B47FBE9ABF1F88D5","miscellaneous":""},"schema":{"@context":"https:\/\/schema.org","@graph":[{"@type":"BreadcrumbList","@id":"https:\/\/candas365.es\/noticias\/nubel-se-disculpa-por-la-patada-estilo-kung-fu\/#breadcrumblist","itemListElement":[{"@type":"ListItem","@id":"https:\/\/candas365.es\/noticias#listItem","position":1,"name":"Home","item":"https:\/\/candas365.es\/noticias","nextItem":{"@type":"ListItem","@id":"https:\/\/candas365.es\/noticias\/category\/deporte\/#listItem","name":"Deporte"}},{"@type":"ListItem","@id":"https:\/\/candas365.es\/noticias\/category\/deporte\/#listItem","position":2,"name":"Deporte","item":"https:\/\/candas365.es\/noticias\/category\/deporte\/","nextItem":{"@type":"ListItem","@id":"https:\/\/candas365.es\/noticias\/nubel-se-disculpa-por-la-patada-estilo-kung-fu\/#listItem","name":"N\u00fcbel se disculpa por \u00abla patada\u00bb estilo kung fu"},"previousItem":{"@type":"ListItem","@id":"https:\/\/candas365.es\/noticias#listItem","name":"Home"}},{"@type":"ListItem","@id":"https:\/\/candas365.es\/noticias\/nubel-se-disculpa-por-la-patada-estilo-kung-fu\/#listItem","position":3,"name":"N\u00fcbel se disculpa por \u00abla patada\u00bb estilo kung fu","previousItem":{"@type":"ListItem","@id":"https:\/\/candas365.es\/noticias\/category\/deporte\/#listItem","name":"Deporte"}}]},{"@type":"NewsArticle","@id":"https:\/\/candas365.es\/noticias\/nubel-se-disculpa-por-la-patada-estilo-kung-fu\/#newsarticle","name":"N\u00fcbel se disculpa por \u00abla patada\u00bb estilo kung fu | Cand\u00e1s 365","headline":"N\u00fcbel se disculpa por \u00abla patada\u00bb estilo kung fu","author":{"@id":"https:\/\/candas365.es\/noticias\/author\/admin\/#author"},"publisher":{"@id":"https:\/\/candas365.es\/noticias\/#organization"},"image":{"@type":"ImageObject","url":"https:\/\/candas365.es\/noticias\/wp-content\/uploads\/2019\/12\/Alexander-Nubel.jpg","width":778,"height":654,"caption":"Foto: Rolf Vennenbernd\/dpa"},"datePublished":"2019-12-17T09:03:43+01:00","dateModified":"2019-12-17T09:03:43+01:00","inLanguage":"es-ES","mainEntityOfPage":{"@id":"https:\/\/candas365.es\/noticias\/nubel-se-disculpa-por-la-patada-estilo-kung-fu\/#webpage"},"isPartOf":{"@id":"https:\/\/candas365.es\/noticias\/nubel-se-disculpa-por-la-patada-estilo-kung-fu\/#webpage"},"articleSection":"Deporte","dateline":"Publicado el diciembre 17, 2019."},{"@type":"Organization","@id":"https:\/\/candas365.es\/noticias\/#organization","name":"Cand\u00e1s 365","description":"Cand\u00e1s 365 es un diario digital independiente, fundado en 2012, con base en Asturias. Informamos con rigor sobre actualidad, sociedad, cultura y ocio, con una mirada local y global.","url":"https:\/\/candas365.es\/noticias\/","email":"info@candas365.es","telephone":"+34652131393","foundingDate":"2012-06-10","logo":{"@type":"ImageObject","url":"https:\/\/candas365.es\/noticias\/wp-content\/uploads\/2024\/09\/Candas-365-Redes.jpg","@id":"https:\/\/candas365.es\/noticias\/nubel-se-disculpa-por-la-patada-estilo-kung-fu\/#organizationLogo","width":1152,"height":864,"caption":"Cand\u00e1s 365 Redes"},"image":{"@id":"https:\/\/candas365.es\/noticias\/nubel-se-disculpa-por-la-patada-estilo-kung-fu\/#organizationLogo"},"sameAs":["https:\/\/www.facebook.com\/Nachofdezber","https:\/\/x.com\/NabercoDigital","https:\/\/www.instagram.com\/nachofdezber\/","https:\/\/www.youtube.com\/channel\/UCZP-2wLEB9Rv6erhFmqVnvg"],"address":{"@id":"https:\/\/candas365.es\/noticias\/#postaladdress","@type":"PostalAddress","streetAddress":"san antonio 4, san antonio 4","postalCode":"33430","addressLocality":"Cand\u00e1s","addressRegion":"Asturias","addressCountry":"ES"}},{"@type":"Person","@id":"https:\/\/candas365.es\/noticias\/author\/admin\/#author","url":"https:\/\/candas365.es\/noticias\/author\/admin\/","name":"Cand\u00e1s 365","image":{"@type":"ImageObject","@id":"https:\/\/candas365.es\/noticias\/nubel-se-disculpa-por-la-patada-estilo-kung-fu\/#authorImage","url":"https:\/\/secure.gravatar.com\/avatar\/496a8e03d0c493ede1718b7934145dbdf8d89be1036b0eec9544e1094c9de390?s=96&d=mm&r=g","width":96,"height":96,"caption":"Cand\u00e1s 365"},"sameAs":["https:\/\/www.facebook.com\/carrenoactualidad","https:\/\/twitter.com\/nbasturias","https:\/\/www.instagram.com\/nachofdezber\/","https:\/\/www.youtube.com\/channel\/UCZP-2wLEB9Rv6erhFmqVnvg"]},{"@type":"WebPage","@id":"https:\/\/candas365.es\/noticias\/nubel-se-disculpa-por-la-patada-estilo-kung-fu\/#webpage","url":"https:\/\/candas365.es\/noticias\/nubel-se-disculpa-por-la-patada-estilo-kung-fu\/","name":"N\u00fcbel se disculpa por \u00abla patada\u00bb estilo kung fu | Cand\u00e1s 365","description":"Gelsenkirchen (Alemania), 16 dic (dpa) - Alexander N\u00fcbel, portero del Schalke alem\u00e1n, se disculp\u00f3 personal y p\u00fablicamente con Mijat Gacinovic del Eintracht Frankfurt por una patada estilo kung fu que le asest\u00f3 en las costillas en el partido del domingo. \"Lo siento much\u00edsimo por el jugador. No le quer\u00eda dar a \u00e9l, quer\u00eda darle al","inLanguage":"es-ES","isPartOf":{"@id":"https:\/\/candas365.es\/noticias\/#website"},"breadcrumb":{"@id":"https:\/\/candas365.es\/noticias\/nubel-se-disculpa-por-la-patada-estilo-kung-fu\/#breadcrumblist"},"author":{"@id":"https:\/\/candas365.es\/noticias\/author\/admin\/#author"},"creator":{"@id":"https:\/\/candas365.es\/noticias\/author\/admin\/#author"},"image":{"@type":"ImageObject","url":"https:\/\/candas365.es\/noticias\/wp-content\/uploads\/2019\/12\/Alexander-Nubel.jpg","@id":"https:\/\/candas365.es\/noticias\/nubel-se-disculpa-por-la-patada-estilo-kung-fu\/#mainImage","width":778,"height":654,"caption":"Foto: Rolf Vennenbernd\/dpa"},"primaryImageOfPage":{"@id":"https:\/\/candas365.es\/noticias\/nubel-se-disculpa-por-la-patada-estilo-kung-fu\/#mainImage"},"datePublished":"2019-12-17T09:03:43+01:00","dateModified":"2019-12-17T09:03:43+01:00"},{"@type":"WebSite","@id":"https:\/\/candas365.es\/noticias\/#website","url":"https:\/\/candas365.es\/noticias\/","name":"Cand\u00e1s 365","alternateName":"Cand\u00e1s 365 Noticias","description":"Actualidad desde Carre\u00f1o para el mundo","inLanguage":"es-ES","publisher":{"@id":"https:\/\/candas365.es\/noticias\/#organization"}}]},"og:locale":"es_ES","og:site_name":"Cand\u00e1s 365","og:type":"article","og:title":"N\u00fcbel se disculpa por \u00abla patada\u00bb estilo kung fu | Cand\u00e1s 365","og:description":"Gelsenkirchen (Alemania), 16 dic (dpa) - Alexander N\u00fcbel, portero del Schalke alem\u00e1n, se disculp\u00f3 personal y p\u00fablicamente con Mijat Gacinovic del Eintracht Frankfurt por una patada estilo kung fu que le asest\u00f3 en las costillas en el partido del domingo. &quot;Lo siento much\u00edsimo por el jugador. No le quer\u00eda dar a \u00e9l, quer\u00eda darle al","og:url":"https:\/\/candas365.es\/noticias\/nubel-se-disculpa-por-la-patada-estilo-kung-fu\/","og:image":"https:\/\/candas365.es\/noticias\/wp-content\/uploads\/2019\/12\/Alexander-Nubel.jpg","og:image:secure_url":"https:\/\/candas365.es\/noticias\/wp-content\/uploads\/2019\/12\/Alexander-Nubel.jpg","og:image:width":778,"og:image:height":654,"article:published_time":"2019-12-17T09:03:43+00:00","article:modified_time":"2019-12-17T09:03:43+00:00","article:publisher":"https:\/\/www.facebook.com\/Nachofdezber","article:author":"https:\/\/www.facebook.com\/carrenoactualidad","twitter:card":"summary_large_image","twitter:site":"@NabercoDigital","twitter:title":"N\u00fcbel se disculpa por \u00abla patada\u00bb estilo kung fu | Cand\u00e1s 365","twitter:description":"Gelsenkirchen (Alemania), 16 dic (dpa) - Alexander N\u00fcbel, portero del Schalke alem\u00e1n, se disculp\u00f3 personal y p\u00fablicamente con Mijat Gacinovic del Eintracht Frankfurt por una patada estilo kung fu que le asest\u00f3 en las costillas en el partido del domingo. &quot;Lo siento much\u00edsimo por el jugador. No le quer\u00eda dar a \u00e9l, quer\u00eda darle al","twitter:creator":"@nbasturias","twitter:image":"https:\/\/candas365.es\/noticias\/wp-content\/uploads\/2019\/12\/Alexander-Nubel.jpg","twitter:label1":"Escrito por","twitter:data1":"Cand\u00e1s 365","twitter:label2":"Tiempo de lectura estimado","twitter:data2":"1 minuto"},"aioseo_meta_data":{"post_id":"134839","title":null,"description":null,"keywords":null,"keyphrases":null,"primary_term":null,"canonical_url":null,"og_title":null,"og_description":null,"og_object_type":"default","og_image_type":"default","og_image_url":null,"og_image_width":null,"og_image_height":null,"og_image_custom_url":null,"og_image_custom_fields":null,"og_video":null,"og_custom_url":null,"og_article_section":null,"og_article_tags":null,"twitter_use_og":false,"twitter_card":"default","twitter_image_type":"default","twitter_image_url":null,"twitter_image_custom_url":null,"twitter_image_custom_fields":null,"twitter_title":null,"twitter_description":null,"schema":{"blockGraphs":[],"customGraphs":[],"default":{"data":{"Article":[],"Course":[],"Dataset":[],"FAQPage":[],"Movie":[],"Person":[],"Product":[],"ProductReview":[],"Car":[],"Recipe":[],"Service":[],"SoftwareApplication":[],"WebPage":[]},"graphName":"","isEnabled":true},"graphs":[],"defaultGraph":"","defaultPostTypeGraph":""},"schema_type":null,"schema_type_options":null,"pillar_content":false,"robots_default":true,"robots_noindex":false,"robots_noarchive":false,"robots_nosnippet":false,"robots_nofollow":false,"robots_noimageindex":false,"robots_noodp":false,"robots_notranslate":false,"robots_max_snippet":null,"robots_max_videopreview":null,"robots_max_imagepreview":"large","priority":null,"frequency":null,"location":null,"local_seo":null,"seo_analyzer_scan_date":"2025-08-30 19:41:11","breadcrumb_settings":null,"limit_modified_date":false,"reviewed_by":null,"open_ai":null,"ai":null,"created":"2020-12-21 10:49:08","updated":"2025-08-30 19:41:11"},"aioseo_breadcrumb":"<div class=\"aioseo-breadcrumbs\"><span class=\"aioseo-breadcrumb\">\n\t<a href=\"https:\/\/candas365.es\/noticias\" title=\"Home\">Home<\/a>\n<\/span><span class=\"aioseo-breadcrumb-separator\">&ndash;<\/span><span class=\"aioseo-breadcrumb\">\n\t<a href=\"https:\/\/candas365.es\/noticias\/category\/deporte\/\" title=\"Deporte\">Deporte<\/a>\n<\/span><span class=\"aioseo-breadcrumb-separator\">&ndash;<\/span><span class=\"aioseo-breadcrumb\">\n\tN\u00fcbel se disculpa por \u00abla patada\u00bb estilo kung fu\n<\/span><\/div>","aioseo_breadcrumb_json":[{"label":"Home","link":"https:\/\/candas365.es\/noticias"},{"label":"Deporte","link":"https:\/\/candas365.es\/noticias\/category\/deporte\/"},{"label":"N\u00fcbel se disculpa por \u00abla patada\u00bb estilo kung fu","link":"https:\/\/candas365.es\/noticias\/nubel-se-disculpa-por-la-patada-estilo-kung-fu\/"}],"_links":{"self":[{"href":"https:\/\/candas365.es\/noticias\/wp-json\/wp\/v2\/posts\/134839","targetHints":{"allow":["GET"]}}],"collection":[{"href":"https:\/\/candas365.es\/noticias\/wp-json\/wp\/v2\/posts"}],"about":[{"href":"https:\/\/candas365.es\/noticias\/wp-json\/wp\/v2\/types\/post"}],"author":[{"embeddable":true,"href":"https:\/\/candas365.es\/noticias\/wp-json\/wp\/v2\/users\/1"}],"replies":[{"embeddable":true,"href":"https:\/\/candas365.es\/noticias\/wp-json\/wp\/v2\/comments?post=134839"}],"version-history":[{"count":0,"href":"https:\/\/candas365.es\/noticias\/wp-json\/wp\/v2\/posts\/134839\/revisions"}],"wp:featuredmedia":[{"embeddable":true,"href":"https:\/\/candas365.es\/noticias\/wp-json\/wp\/v2\/media\/134840"}],"wp:attachment":[{"href":"https:\/\/candas365.es\/noticias\/wp-json\/wp\/v2\/media?parent=134839"}],"wp:term":[{"taxonomy":"category","embeddable":true,"href":"https:\/\/candas365.es\/noticias\/wp-json\/wp\/v2\/categories?post=134839"},{"taxonomy":"post_tag","embeddable":true,"href":"https:\/\/candas365.es\/noticias\/wp-json\/wp\/v2\/tags?post=134839"}],"curies":[{"name":"wp","href":"https:\/\/api.w.org\/{rel}","templated":true}]}}