{"id":134722,"date":"2019-12-13T17:08:34","date_gmt":"2019-12-13T17:08:34","guid":{"rendered":"http:\/\/candas365.es\/noticias\/?p=134722"},"modified":"2019-12-13T17:08:34","modified_gmt":"2019-12-13T17:08:34","slug":"bundesliga-presion-en-munich-mientras-se-lucha-arriba-y-abajo","status":"publish","type":"post","link":"https:\/\/candas365.es\/noticias\/bundesliga-presion-en-munich-mientras-se-lucha-arriba-y-abajo\/","title":{"rendered":"Bundesliga: Presi\u00f3n en M\u00fanich, mientras se lucha arriba y abajo"},"content":{"rendered":"<p>Berl\u00edn, 13 dic (dpa) \u2013 El Bayern M\u00fanich est\u00e1 sometido a una gran presi\u00f3n tras sumar dos derrotas consecutivas en la Bundesliga, mientras el M\u00f6nchengladbach y el Lepzig son los m\u00e1s firmes candidatos a proclamarse campe\u00f3n de invierno y en las posiciones m\u00e1s bajas de la tabla empieza a cundir el nerviosismo antes de Navidad.<\/p>\n<p><img fetchpriority=\"high\" decoding=\"async\" class=\"aligncenter wp-image-94574 size-large\" src=\"https:\/\/candas365.es\/noticias\/wp-content\/uploads\/2018\/04\/arena-1181668_960_720-655x437.jpg\" alt=\"\" width=\"655\" height=\"437\" srcset=\"https:\/\/candas365.es\/noticias\/wp-content\/uploads\/2018\/04\/arena-1181668_960_720-655x437.jpg 655w, https:\/\/candas365.es\/noticias\/wp-content\/uploads\/2018\/04\/arena-1181668_960_720-360x240.jpg 360w, https:\/\/candas365.es\/noticias\/wp-content\/uploads\/2018\/04\/arena-1181668_960_720-768x512.jpg 768w, https:\/\/candas365.es\/noticias\/wp-content\/uploads\/2018\/04\/arena-1181668_960_720-696x464.jpg 696w, https:\/\/candas365.es\/noticias\/wp-content\/uploads\/2018\/04\/arena-1181668_960_720-630x420.jpg 630w, https:\/\/candas365.es\/noticias\/wp-content\/uploads\/2018\/04\/arena-1181668_960_720.jpg 960w\" sizes=\"(max-width: 655px) 100vw, 655px\" \/><\/p>\n<h3><strong>La presi\u00f3n<\/strong><\/h3>\n<p>El Bayern M\u00fanich encontr\u00f3 en la Liga de Campeones su v\u00e1lvula de escape a la frustraci\u00f3n que parece producirle la competici\u00f3n liguera esta temporada. Tras derrotar por 3-1 al Tottenham en el cierre de la fase de grupos, ma\u00f1ana le espera la visita del Werder Bremen.<\/p>\n<p>El equipo del entrenador interino Hansi Flick debe ganar casi por obligaci\u00f3n, ya que de lo contrario sumar\u00eda tres partidos seguidos sin ganar, lo que en las estad\u00edsticas no es habitual para el club b\u00e1varo, ni tampoco de su gusto.<\/p>\n<p>El director general Karl-Heinz Rummenigge se\u00f1al\u00f3 un \u00abdesequilibrio\u00bb que debe ser corregido.<\/p>\n<h3><strong>Campe\u00f3n de invierno<\/strong><\/h3>\n<p>Es muy poco probable que el Bayern M\u00fanich pueda luchar por conseguir el t\u00edtulo honor\u00edfico de campe\u00f3n de invierno antes del par\u00f3n navide\u00f1o.<\/p>\n<p>Las opciones m\u00e1s claras son para el l\u00edder de la clasificaci\u00f3n, el Borussia M\u00f6nchengladbach, que visita al Wolfsburgo el domingo, y para el segundo, el Leipzig, que jugar\u00e1 ma\u00f1ana ante el Fortuna en D\u00fcsseldorf y podr\u00eda liderar provisionalmente la tabla a la espera de lo que ocurra el d\u00eda siguiente.<\/p>\n<p>El M\u00f6nchengladbach lidera la liga con un punto de ventaja sobre el Leipzig, mientras que el Borussia Dortmund, que juega tambi\u00e9n ma\u00f1ana en casa del Mainz, est\u00e1 cuatro puntos por detr\u00e1s. Hay nueve puntos en juego antes del par\u00f3n invernal.<\/p>\n<h3><strong>El final de la tabla<\/strong><\/h3>\n<p>La clasificaci\u00f3n la cierra el Colonia, que el s\u00e1bado recibe al Leverkusen, el pen\u00faltimo es el Paderborn y juega como local frente al Uni\u00f3n Berl\u00edn. Por su parte, el Fortuna D\u00fcsseldorf es el tercero por la cola y tiene la oportunidad de mejorar su precaria situaci\u00f3n en casa.<\/p>\n<p>El Hertha Berl\u00edn tambi\u00e9n deber\u00eda celebrar ma\u00f1ana su primera victoria contra el Freiburg bajo la batuta del entrenador J\u00fcrgen Klinsmann para evitar que la situaci\u00f3n del club capitalino, cuarto por el final, siga siendo explosiva.<\/p>\n<h3><strong>Derechos de retransmisi\u00f3n<\/strong><\/h3>\n<p>Paralelamente a la lucha en los terrenos de juego, los derechos televisivos entran en la recta final de su propia competici\u00f3n, como parece ocurrir con los de la Liga de Campeones, aunque se vislumbra la batalla con los de la Bundesliga.<\/p>\n<p>En Alemania, el canal de pago Sky es el primer gran perdedor ya que las transmisiones de la m\u00e1xima competici\u00f3n a partir de 2021 podr\u00edan ser casi exclusivamente a trav\u00e9s de Internet.<\/p>\n<p>Pero, \u00bfqu\u00e9 pasar\u00e1 con la Bundesliga? La Liga Alemana de F\u00fatbol tiene previsto adjudicar los derechos a partir de 2021 dentro de poco, y Sky tratar\u00e1 por todos los medios no perder otra de las grandes bazas de su programaci\u00f3n.<\/p>\n<p>&nbsp;<\/p>\n","protected":false},"excerpt":{"rendered":"<p>Berl\u00edn, 13 dic (dpa) \u2013 El Bayern M\u00fanich est\u00e1 sometido a una gran presi\u00f3n tras sumar dos derrotas consecutivas en la Bundesliga, mientras el M\u00f6nchengladbach y el Lepzig son los m\u00e1s firmes candidatos a proclamarse campe\u00f3n de invierno y en las posiciones m\u00e1s bajas de la tabla empieza a cundir el nerviosismo antes de Navidad.<\/p>\n","protected":false},"author":1,"featured_media":95698,"comment_status":"closed","ping_status":"closed","sticky":false,"template":"","format":"standard","meta":{"footnotes":""},"categories":[319],"tags":[],"class_list":{"0":"post-134722","1":"post","2":"type-post","3":"status-publish","4":"format-standard","5":"has-post-thumbnail","7":"category-deporte"},"aioseo_notices":[],"aioseo_head":"\n\t\t<!-- All in One SEO Pro 4.9.6.2 - aioseo.com -->\n\t<meta name=\"description\" content=\"Berl\u00edn, 13 dic (dpa) \u2013 El Bayern M\u00fanich est\u00e1 sometido a una gran presi\u00f3n tras sumar dos derrotas consecutivas en la Bundesliga, mientras el M\u00f6nchengladbach y el Lepzig son los m\u00e1s firmes candidatos a proclamarse campe\u00f3n de invierno y en las posiciones m\u00e1s bajas de la tabla empieza a cundir el nerviosismo antes de Navidad.\" \/>\n\t<meta name=\"robots\" content=\"max-image-preview:large\" \/>\n\t<meta name=\"author\" content=\"Cand\u00e1s 365\"\/>\n\t<meta name=\"google-site-verification\" content=\"UA-32230408-1\" \/>\n\t<meta name=\"msvalidate.01\" content=\"354F3CDFB2DA171B47FBE9ABF1F88D5\" \/>\n\t<meta name=\"keywords\" content=\"deporte\" \/>\n\t<link rel=\"canonical\" href=\"https:\/\/candas365.es\/noticias\/bundesliga-presion-en-munich-mientras-se-lucha-arriba-y-abajo\/\" \/>\n\t<meta name=\"generator\" content=\"All in One SEO Pro (AIOSEO) 4.9.6.2\" \/>\n\t\t<meta property=\"og:locale\" content=\"es_ES\" \/>\n\t\t<meta property=\"og:site_name\" content=\"Cand\u00e1s 365\" \/>\n\t\t<meta property=\"og:type\" content=\"article\" \/>\n\t\t<meta property=\"og:title\" content=\"Bundesliga: Presi\u00f3n en M\u00fanich, mientras se lucha arriba y abajo | Cand\u00e1s 365\" \/>\n\t\t<meta property=\"og:description\" content=\"Berl\u00edn, 13 dic (dpa) \u2013 El Bayern M\u00fanich est\u00e1 sometido a una gran presi\u00f3n tras sumar dos derrotas consecutivas en la Bundesliga, mientras el M\u00f6nchengladbach y el Lepzig son los m\u00e1s firmes candidatos a proclamarse campe\u00f3n de invierno y en las posiciones m\u00e1s bajas de la tabla empieza a cundir el nerviosismo antes de Navidad.\" \/>\n\t\t<meta property=\"og:url\" content=\"https:\/\/candas365.es\/noticias\/bundesliga-presion-en-munich-mientras-se-lucha-arriba-y-abajo\/\" \/>\n\t\t<meta property=\"og:image\" content=\"https:\/\/candas365.es\/noticias\/wp-content\/uploads\/2018\/05\/football-fans-797383_960_720.jpg\" \/>\n\t\t<meta property=\"og:image:secure_url\" content=\"https:\/\/candas365.es\/noticias\/wp-content\/uploads\/2018\/05\/football-fans-797383_960_720.jpg\" \/>\n\t\t<meta property=\"og:image:width\" content=\"753\" \/>\n\t\t<meta property=\"og:image:height\" content=\"720\" \/>\n\t\t<meta property=\"article:published_time\" content=\"2019-12-13T17:08:34+00:00\" \/>\n\t\t<meta property=\"article:modified_time\" content=\"2019-12-13T17:08:34+00:00\" \/>\n\t\t<meta property=\"article:publisher\" content=\"https:\/\/www.facebook.com\/Nachofdezber\" \/>\n\t\t<meta property=\"article:author\" content=\"https:\/\/www.facebook.com\/carrenoactualidad\" \/>\n\t\t<meta name=\"twitter:card\" content=\"summary_large_image\" \/>\n\t\t<meta name=\"twitter:site\" content=\"@NabercoDigital\" \/>\n\t\t<meta name=\"twitter:title\" content=\"Bundesliga: Presi\u00f3n en M\u00fanich, mientras se lucha arriba y abajo | Cand\u00e1s 365\" \/>\n\t\t<meta name=\"twitter:description\" content=\"Berl\u00edn, 13 dic (dpa) \u2013 El Bayern M\u00fanich est\u00e1 sometido a una gran presi\u00f3n tras sumar dos derrotas consecutivas en la Bundesliga, mientras el M\u00f6nchengladbach y el Lepzig son los m\u00e1s firmes candidatos a proclamarse campe\u00f3n de invierno y en las posiciones m\u00e1s bajas de la tabla empieza a cundir el nerviosismo antes de Navidad.\" \/>\n\t\t<meta name=\"twitter:creator\" content=\"@nbasturias\" \/>\n\t\t<meta name=\"twitter:image\" content=\"https:\/\/candas365.es\/noticias\/wp-content\/uploads\/2018\/05\/football-fans-797383_960_720.jpg\" \/>\n\t\t<meta name=\"twitter:label1\" content=\"Escrito por\" \/>\n\t\t<meta name=\"twitter:data1\" content=\"Cand\u00e1s 365\" \/>\n\t\t<meta name=\"twitter:label2\" content=\"Tiempo de lectura estimado\" \/>\n\t\t<meta name=\"twitter:data2\" content=\"3 minutos\" \/>\n\t\t<script type=\"application\/ld+json\" class=\"aioseo-schema\">\n\t\t\t{\"@context\":\"https:\\\/\\\/schema.org\",\"@graph\":[{\"@type\":\"BreadcrumbList\",\"@id\":\"https:\\\/\\\/candas365.es\\\/noticias\\\/bundesliga-presion-en-munich-mientras-se-lucha-arriba-y-abajo\\\/#breadcrumblist\",\"itemListElement\":[{\"@type\":\"ListItem\",\"@id\":\"https:\\\/\\\/candas365.es\\\/noticias#listItem\",\"position\":1,\"name\":\"Home\",\"item\":\"https:\\\/\\\/candas365.es\\\/noticias\",\"nextItem\":{\"@type\":\"ListItem\",\"@id\":\"https:\\\/\\\/candas365.es\\\/noticias\\\/category\\\/deporte\\\/#listItem\",\"name\":\"Deporte\"}},{\"@type\":\"ListItem\",\"@id\":\"https:\\\/\\\/candas365.es\\\/noticias\\\/category\\\/deporte\\\/#listItem\",\"position\":2,\"name\":\"Deporte\",\"item\":\"https:\\\/\\\/candas365.es\\\/noticias\\\/category\\\/deporte\\\/\",\"nextItem\":{\"@type\":\"ListItem\",\"@id\":\"https:\\\/\\\/candas365.es\\\/noticias\\\/bundesliga-presion-en-munich-mientras-se-lucha-arriba-y-abajo\\\/#listItem\",\"name\":\"Bundesliga: Presi\\u00f3n en M\\u00fanich, mientras se lucha arriba y abajo\"},\"previousItem\":{\"@type\":\"ListItem\",\"@id\":\"https:\\\/\\\/candas365.es\\\/noticias#listItem\",\"name\":\"Home\"}},{\"@type\":\"ListItem\",\"@id\":\"https:\\\/\\\/candas365.es\\\/noticias\\\/bundesliga-presion-en-munich-mientras-se-lucha-arriba-y-abajo\\\/#listItem\",\"position\":3,\"name\":\"Bundesliga: Presi\\u00f3n en M\\u00fanich, mientras se lucha arriba y abajo\",\"previousItem\":{\"@type\":\"ListItem\",\"@id\":\"https:\\\/\\\/candas365.es\\\/noticias\\\/category\\\/deporte\\\/#listItem\",\"name\":\"Deporte\"}}]},{\"@type\":\"NewsArticle\",\"@id\":\"https:\\\/\\\/candas365.es\\\/noticias\\\/bundesliga-presion-en-munich-mientras-se-lucha-arriba-y-abajo\\\/#newsarticle\",\"name\":\"Bundesliga: Presi\\u00f3n en M\\u00fanich, mientras se lucha arriba y abajo | Cand\\u00e1s 365\",\"headline\":\"Bundesliga: Presi\\u00f3n en M\\u00fanich, mientras se lucha arriba y abajo\",\"author\":{\"@id\":\"https:\\\/\\\/candas365.es\\\/noticias\\\/author\\\/admin\\\/#author\"},\"publisher\":{\"@id\":\"https:\\\/\\\/candas365.es\\\/noticias\\\/#organization\"},\"image\":{\"@type\":\"ImageObject\",\"url\":\"https:\\\/\\\/candas365.es\\\/noticias\\\/wp-content\\\/uploads\\\/2018\\\/05\\\/football-fans-797383_960_720.jpg\",\"width\":753,\"height\":720},\"datePublished\":\"2019-12-13T17:08:34+01:00\",\"dateModified\":\"2019-12-13T17:08:34+01:00\",\"inLanguage\":\"es-ES\",\"mainEntityOfPage\":{\"@id\":\"https:\\\/\\\/candas365.es\\\/noticias\\\/bundesliga-presion-en-munich-mientras-se-lucha-arriba-y-abajo\\\/#webpage\"},\"isPartOf\":{\"@id\":\"https:\\\/\\\/candas365.es\\\/noticias\\\/bundesliga-presion-en-munich-mientras-se-lucha-arriba-y-abajo\\\/#webpage\"},\"articleSection\":\"Deporte\",\"dateline\":\"Publicado el diciembre 13, 2019.\"},{\"@type\":\"Organization\",\"@id\":\"https:\\\/\\\/candas365.es\\\/noticias\\\/#organization\",\"name\":\"Cand\\u00e1s 365\",\"description\":\"Cand\\u00e1s 365 es un diario digital independiente, fundado en 2012, con base en Asturias. Informamos con rigor sobre actualidad, sociedad, cultura y ocio, con una mirada local y global.\",\"url\":\"https:\\\/\\\/candas365.es\\\/noticias\\\/\",\"email\":\"info@candas365.es\",\"telephone\":\"+34652131393\",\"foundingDate\":\"2012-06-10\",\"logo\":{\"@type\":\"ImageObject\",\"url\":\"https:\\\/\\\/candas365.es\\\/noticias\\\/wp-content\\\/uploads\\\/2024\\\/09\\\/Candas-365-Redes.jpg\",\"@id\":\"https:\\\/\\\/candas365.es\\\/noticias\\\/bundesliga-presion-en-munich-mientras-se-lucha-arriba-y-abajo\\\/#organizationLogo\",\"width\":1152,\"height\":864,\"caption\":\"Cand\\u00e1s 365 Redes\"},\"image\":{\"@id\":\"https:\\\/\\\/candas365.es\\\/noticias\\\/bundesliga-presion-en-munich-mientras-se-lucha-arriba-y-abajo\\\/#organizationLogo\"},\"sameAs\":[\"https:\\\/\\\/www.facebook.com\\\/Nachofdezber\",\"https:\\\/\\\/x.com\\\/NabercoDigital\",\"https:\\\/\\\/www.instagram.com\\\/nachofdezber\\\/\",\"https:\\\/\\\/www.youtube.com\\\/channel\\\/UCZP-2wLEB9Rv6erhFmqVnvg\"],\"address\":{\"@id\":\"https:\\\/\\\/candas365.es\\\/noticias\\\/#postaladdress\",\"@type\":\"PostalAddress\",\"streetAddress\":\"san antonio 4, san antonio 4\",\"postalCode\":\"33430\",\"addressLocality\":\"Cand\\u00e1s\",\"addressRegion\":\"Asturias\",\"addressCountry\":\"ES\"}},{\"@type\":\"Person\",\"@id\":\"https:\\\/\\\/candas365.es\\\/noticias\\\/author\\\/admin\\\/#author\",\"url\":\"https:\\\/\\\/candas365.es\\\/noticias\\\/author\\\/admin\\\/\",\"name\":\"Cand\\u00e1s 365\",\"image\":{\"@type\":\"ImageObject\",\"@id\":\"https:\\\/\\\/candas365.es\\\/noticias\\\/bundesliga-presion-en-munich-mientras-se-lucha-arriba-y-abajo\\\/#authorImage\",\"url\":\"https:\\\/\\\/secure.gravatar.com\\\/avatar\\\/496a8e03d0c493ede1718b7934145dbdf8d89be1036b0eec9544e1094c9de390?s=96&d=mm&r=g\",\"width\":96,\"height\":96,\"caption\":\"Cand\\u00e1s 365\"},\"sameAs\":[\"https:\\\/\\\/www.facebook.com\\\/carrenoactualidad\",\"https:\\\/\\\/twitter.com\\\/nbasturias\",\"https:\\\/\\\/www.instagram.com\\\/nachofdezber\\\/\",\"https:\\\/\\\/www.youtube.com\\\/channel\\\/UCZP-2wLEB9Rv6erhFmqVnvg\"]},{\"@type\":\"WebPage\",\"@id\":\"https:\\\/\\\/candas365.es\\\/noticias\\\/bundesliga-presion-en-munich-mientras-se-lucha-arriba-y-abajo\\\/#webpage\",\"url\":\"https:\\\/\\\/candas365.es\\\/noticias\\\/bundesliga-presion-en-munich-mientras-se-lucha-arriba-y-abajo\\\/\",\"name\":\"Bundesliga: Presi\\u00f3n en M\\u00fanich, mientras se lucha arriba y abajo | Cand\\u00e1s 365\",\"description\":\"Berl\\u00edn, 13 dic (dpa) \\u2013 El Bayern M\\u00fanich est\\u00e1 sometido a una gran presi\\u00f3n tras sumar dos derrotas consecutivas en la Bundesliga, mientras el M\\u00f6nchengladbach y el Lepzig son los m\\u00e1s firmes candidatos a proclamarse campe\\u00f3n de invierno y en las posiciones m\\u00e1s bajas de la tabla empieza a cundir el nerviosismo antes de Navidad.\",\"inLanguage\":\"es-ES\",\"isPartOf\":{\"@id\":\"https:\\\/\\\/candas365.es\\\/noticias\\\/#website\"},\"breadcrumb\":{\"@id\":\"https:\\\/\\\/candas365.es\\\/noticias\\\/bundesliga-presion-en-munich-mientras-se-lucha-arriba-y-abajo\\\/#breadcrumblist\"},\"author\":{\"@id\":\"https:\\\/\\\/candas365.es\\\/noticias\\\/author\\\/admin\\\/#author\"},\"creator\":{\"@id\":\"https:\\\/\\\/candas365.es\\\/noticias\\\/author\\\/admin\\\/#author\"},\"image\":{\"@type\":\"ImageObject\",\"url\":\"https:\\\/\\\/candas365.es\\\/noticias\\\/wp-content\\\/uploads\\\/2018\\\/05\\\/football-fans-797383_960_720.jpg\",\"@id\":\"https:\\\/\\\/candas365.es\\\/noticias\\\/bundesliga-presion-en-munich-mientras-se-lucha-arriba-y-abajo\\\/#mainImage\",\"width\":753,\"height\":720},\"primaryImageOfPage\":{\"@id\":\"https:\\\/\\\/candas365.es\\\/noticias\\\/bundesliga-presion-en-munich-mientras-se-lucha-arriba-y-abajo\\\/#mainImage\"},\"datePublished\":\"2019-12-13T17:08:34+01:00\",\"dateModified\":\"2019-12-13T17:08:34+01:00\"},{\"@type\":\"WebSite\",\"@id\":\"https:\\\/\\\/candas365.es\\\/noticias\\\/#website\",\"url\":\"https:\\\/\\\/candas365.es\\\/noticias\\\/\",\"name\":\"Cand\\u00e1s 365\",\"alternateName\":\"Cand\\u00e1s 365 Noticias\",\"description\":\"Actualidad desde Carre\\u00f1o para el mundo\",\"inLanguage\":\"es-ES\",\"publisher\":{\"@id\":\"https:\\\/\\\/candas365.es\\\/noticias\\\/#organization\"}}]}\n\t\t<\/script>\n\t\t<!-- All in One SEO Pro -->\r\n\t\t<title>Bundesliga: Presi\u00f3n en M\u00fanich, mientras se lucha arriba y abajo | Cand\u00e1s 365<\/title>\n\n","aioseo_head_json":{"title":"Bundesliga: Presi\u00f3n en M\u00fanich, mientras se lucha arriba y abajo | Cand\u00e1s 365","description":"Berl\u00edn, 13 dic (dpa) \u2013 El Bayern M\u00fanich est\u00e1 sometido a una gran presi\u00f3n tras sumar dos derrotas consecutivas en la Bundesliga, mientras el M\u00f6nchengladbach y el Lepzig son los m\u00e1s firmes candidatos a proclamarse campe\u00f3n de invierno y en las posiciones m\u00e1s bajas de la tabla empieza a cundir el nerviosismo antes de Navidad.","canonical_url":"https:\/\/candas365.es\/noticias\/bundesliga-presion-en-munich-mientras-se-lucha-arriba-y-abajo\/","robots":"max-image-preview:large","keywords":"deporte","webmasterTools":{"google-site-verification":"UA-32230408-1","msvalidate.01":"354F3CDFB2DA171B47FBE9ABF1F88D5","miscellaneous":""},"schema":{"@context":"https:\/\/schema.org","@graph":[{"@type":"BreadcrumbList","@id":"https:\/\/candas365.es\/noticias\/bundesliga-presion-en-munich-mientras-se-lucha-arriba-y-abajo\/#breadcrumblist","itemListElement":[{"@type":"ListItem","@id":"https:\/\/candas365.es\/noticias#listItem","position":1,"name":"Home","item":"https:\/\/candas365.es\/noticias","nextItem":{"@type":"ListItem","@id":"https:\/\/candas365.es\/noticias\/category\/deporte\/#listItem","name":"Deporte"}},{"@type":"ListItem","@id":"https:\/\/candas365.es\/noticias\/category\/deporte\/#listItem","position":2,"name":"Deporte","item":"https:\/\/candas365.es\/noticias\/category\/deporte\/","nextItem":{"@type":"ListItem","@id":"https:\/\/candas365.es\/noticias\/bundesliga-presion-en-munich-mientras-se-lucha-arriba-y-abajo\/#listItem","name":"Bundesliga: Presi\u00f3n en M\u00fanich, mientras se lucha arriba y abajo"},"previousItem":{"@type":"ListItem","@id":"https:\/\/candas365.es\/noticias#listItem","name":"Home"}},{"@type":"ListItem","@id":"https:\/\/candas365.es\/noticias\/bundesliga-presion-en-munich-mientras-se-lucha-arriba-y-abajo\/#listItem","position":3,"name":"Bundesliga: Presi\u00f3n en M\u00fanich, mientras se lucha arriba y abajo","previousItem":{"@type":"ListItem","@id":"https:\/\/candas365.es\/noticias\/category\/deporte\/#listItem","name":"Deporte"}}]},{"@type":"NewsArticle","@id":"https:\/\/candas365.es\/noticias\/bundesliga-presion-en-munich-mientras-se-lucha-arriba-y-abajo\/#newsarticle","name":"Bundesliga: Presi\u00f3n en M\u00fanich, mientras se lucha arriba y abajo | Cand\u00e1s 365","headline":"Bundesliga: Presi\u00f3n en M\u00fanich, mientras se lucha arriba y abajo","author":{"@id":"https:\/\/candas365.es\/noticias\/author\/admin\/#author"},"publisher":{"@id":"https:\/\/candas365.es\/noticias\/#organization"},"image":{"@type":"ImageObject","url":"https:\/\/candas365.es\/noticias\/wp-content\/uploads\/2018\/05\/football-fans-797383_960_720.jpg","width":753,"height":720},"datePublished":"2019-12-13T17:08:34+01:00","dateModified":"2019-12-13T17:08:34+01:00","inLanguage":"es-ES","mainEntityOfPage":{"@id":"https:\/\/candas365.es\/noticias\/bundesliga-presion-en-munich-mientras-se-lucha-arriba-y-abajo\/#webpage"},"isPartOf":{"@id":"https:\/\/candas365.es\/noticias\/bundesliga-presion-en-munich-mientras-se-lucha-arriba-y-abajo\/#webpage"},"articleSection":"Deporte","dateline":"Publicado el diciembre 13, 2019."},{"@type":"Organization","@id":"https:\/\/candas365.es\/noticias\/#organization","name":"Cand\u00e1s 365","description":"Cand\u00e1s 365 es un diario digital independiente, fundado en 2012, con base en Asturias. Informamos con rigor sobre actualidad, sociedad, cultura y ocio, con una mirada local y global.","url":"https:\/\/candas365.es\/noticias\/","email":"info@candas365.es","telephone":"+34652131393","foundingDate":"2012-06-10","logo":{"@type":"ImageObject","url":"https:\/\/candas365.es\/noticias\/wp-content\/uploads\/2024\/09\/Candas-365-Redes.jpg","@id":"https:\/\/candas365.es\/noticias\/bundesliga-presion-en-munich-mientras-se-lucha-arriba-y-abajo\/#organizationLogo","width":1152,"height":864,"caption":"Cand\u00e1s 365 Redes"},"image":{"@id":"https:\/\/candas365.es\/noticias\/bundesliga-presion-en-munich-mientras-se-lucha-arriba-y-abajo\/#organizationLogo"},"sameAs":["https:\/\/www.facebook.com\/Nachofdezber","https:\/\/x.com\/NabercoDigital","https:\/\/www.instagram.com\/nachofdezber\/","https:\/\/www.youtube.com\/channel\/UCZP-2wLEB9Rv6erhFmqVnvg"],"address":{"@id":"https:\/\/candas365.es\/noticias\/#postaladdress","@type":"PostalAddress","streetAddress":"san antonio 4, san antonio 4","postalCode":"33430","addressLocality":"Cand\u00e1s","addressRegion":"Asturias","addressCountry":"ES"}},{"@type":"Person","@id":"https:\/\/candas365.es\/noticias\/author\/admin\/#author","url":"https:\/\/candas365.es\/noticias\/author\/admin\/","name":"Cand\u00e1s 365","image":{"@type":"ImageObject","@id":"https:\/\/candas365.es\/noticias\/bundesliga-presion-en-munich-mientras-se-lucha-arriba-y-abajo\/#authorImage","url":"https:\/\/secure.gravatar.com\/avatar\/496a8e03d0c493ede1718b7934145dbdf8d89be1036b0eec9544e1094c9de390?s=96&d=mm&r=g","width":96,"height":96,"caption":"Cand\u00e1s 365"},"sameAs":["https:\/\/www.facebook.com\/carrenoactualidad","https:\/\/twitter.com\/nbasturias","https:\/\/www.instagram.com\/nachofdezber\/","https:\/\/www.youtube.com\/channel\/UCZP-2wLEB9Rv6erhFmqVnvg"]},{"@type":"WebPage","@id":"https:\/\/candas365.es\/noticias\/bundesliga-presion-en-munich-mientras-se-lucha-arriba-y-abajo\/#webpage","url":"https:\/\/candas365.es\/noticias\/bundesliga-presion-en-munich-mientras-se-lucha-arriba-y-abajo\/","name":"Bundesliga: Presi\u00f3n en M\u00fanich, mientras se lucha arriba y abajo | Cand\u00e1s 365","description":"Berl\u00edn, 13 dic (dpa) \u2013 El Bayern M\u00fanich est\u00e1 sometido a una gran presi\u00f3n tras sumar dos derrotas consecutivas en la Bundesliga, mientras el M\u00f6nchengladbach y el Lepzig son los m\u00e1s firmes candidatos a proclamarse campe\u00f3n de invierno y en las posiciones m\u00e1s bajas de la tabla empieza a cundir el nerviosismo antes de Navidad.","inLanguage":"es-ES","isPartOf":{"@id":"https:\/\/candas365.es\/noticias\/#website"},"breadcrumb":{"@id":"https:\/\/candas365.es\/noticias\/bundesliga-presion-en-munich-mientras-se-lucha-arriba-y-abajo\/#breadcrumblist"},"author":{"@id":"https:\/\/candas365.es\/noticias\/author\/admin\/#author"},"creator":{"@id":"https:\/\/candas365.es\/noticias\/author\/admin\/#author"},"image":{"@type":"ImageObject","url":"https:\/\/candas365.es\/noticias\/wp-content\/uploads\/2018\/05\/football-fans-797383_960_720.jpg","@id":"https:\/\/candas365.es\/noticias\/bundesliga-presion-en-munich-mientras-se-lucha-arriba-y-abajo\/#mainImage","width":753,"height":720},"primaryImageOfPage":{"@id":"https:\/\/candas365.es\/noticias\/bundesliga-presion-en-munich-mientras-se-lucha-arriba-y-abajo\/#mainImage"},"datePublished":"2019-12-13T17:08:34+01:00","dateModified":"2019-12-13T17:08:34+01:00"},{"@type":"WebSite","@id":"https:\/\/candas365.es\/noticias\/#website","url":"https:\/\/candas365.es\/noticias\/","name":"Cand\u00e1s 365","alternateName":"Cand\u00e1s 365 Noticias","description":"Actualidad desde Carre\u00f1o para el mundo","inLanguage":"es-ES","publisher":{"@id":"https:\/\/candas365.es\/noticias\/#organization"}}]},"og:locale":"es_ES","og:site_name":"Cand\u00e1s 365","og:type":"article","og:title":"Bundesliga: Presi\u00f3n en M\u00fanich, mientras se lucha arriba y abajo | Cand\u00e1s 365","og:description":"Berl\u00edn, 13 dic (dpa) \u2013 El Bayern M\u00fanich est\u00e1 sometido a una gran presi\u00f3n tras sumar dos derrotas consecutivas en la Bundesliga, mientras el M\u00f6nchengladbach y el Lepzig son los m\u00e1s firmes candidatos a proclamarse campe\u00f3n de invierno y en las posiciones m\u00e1s bajas de la tabla empieza a cundir el nerviosismo antes de Navidad.","og:url":"https:\/\/candas365.es\/noticias\/bundesliga-presion-en-munich-mientras-se-lucha-arriba-y-abajo\/","og:image":"https:\/\/candas365.es\/noticias\/wp-content\/uploads\/2018\/05\/football-fans-797383_960_720.jpg","og:image:secure_url":"https:\/\/candas365.es\/noticias\/wp-content\/uploads\/2018\/05\/football-fans-797383_960_720.jpg","og:image:width":753,"og:image:height":720,"article:published_time":"2019-12-13T17:08:34+00:00","article:modified_time":"2019-12-13T17:08:34+00:00","article:publisher":"https:\/\/www.facebook.com\/Nachofdezber","article:author":"https:\/\/www.facebook.com\/carrenoactualidad","twitter:card":"summary_large_image","twitter:site":"@NabercoDigital","twitter:title":"Bundesliga: Presi\u00f3n en M\u00fanich, mientras se lucha arriba y abajo | Cand\u00e1s 365","twitter:description":"Berl\u00edn, 13 dic (dpa) \u2013 El Bayern M\u00fanich est\u00e1 sometido a una gran presi\u00f3n tras sumar dos derrotas consecutivas en la Bundesliga, mientras el M\u00f6nchengladbach y el Lepzig son los m\u00e1s firmes candidatos a proclamarse campe\u00f3n de invierno y en las posiciones m\u00e1s bajas de la tabla empieza a cundir el nerviosismo antes de Navidad.","twitter:creator":"@nbasturias","twitter:image":"https:\/\/candas365.es\/noticias\/wp-content\/uploads\/2018\/05\/football-fans-797383_960_720.jpg","twitter:label1":"Escrito por","twitter:data1":"Cand\u00e1s 365","twitter:label2":"Tiempo de lectura estimado","twitter:data2":"3 minutos"},"aioseo_meta_data":{"post_id":"134722","title":null,"description":null,"keywords":null,"keyphrases":null,"primary_term":null,"canonical_url":null,"og_title":null,"og_description":null,"og_object_type":"default","og_image_type":"default","og_image_url":null,"og_image_width":null,"og_image_height":null,"og_image_custom_url":null,"og_image_custom_fields":null,"og_video":null,"og_custom_url":null,"og_article_section":null,"og_article_tags":null,"twitter_use_og":false,"twitter_card":"default","twitter_image_type":"default","twitter_image_url":null,"twitter_image_custom_url":null,"twitter_image_custom_fields":null,"twitter_title":null,"twitter_description":null,"schema":{"blockGraphs":[],"customGraphs":[],"default":{"data":{"Article":[],"Course":[],"Dataset":[],"FAQPage":[],"Movie":[],"Person":[],"Product":[],"ProductReview":[],"Car":[],"Recipe":[],"Service":[],"SoftwareApplication":[],"WebPage":[]},"graphName":"","isEnabled":true},"graphs":[],"defaultGraph":"","defaultPostTypeGraph":""},"schema_type":null,"schema_type_options":null,"pillar_content":false,"robots_default":true,"robots_noindex":false,"robots_noarchive":false,"robots_nosnippet":false,"robots_nofollow":false,"robots_noimageindex":false,"robots_noodp":false,"robots_notranslate":false,"robots_max_snippet":null,"robots_max_videopreview":null,"robots_max_imagepreview":"large","priority":null,"frequency":null,"location":null,"local_seo":null,"seo_analyzer_scan_date":"2025-08-30 19:34:15","breadcrumb_settings":null,"limit_modified_date":false,"reviewed_by":null,"open_ai":null,"ai":null,"created":"2020-12-21 10:49:18","updated":"2025-08-30 19:34:15"},"aioseo_breadcrumb":"<div class=\"aioseo-breadcrumbs\"><span class=\"aioseo-breadcrumb\">\n\t<a href=\"https:\/\/candas365.es\/noticias\" title=\"Home\">Home<\/a>\n<\/span><span class=\"aioseo-breadcrumb-separator\">&ndash;<\/span><span class=\"aioseo-breadcrumb\">\n\t<a href=\"https:\/\/candas365.es\/noticias\/category\/deporte\/\" title=\"Deporte\">Deporte<\/a>\n<\/span><span class=\"aioseo-breadcrumb-separator\">&ndash;<\/span><span class=\"aioseo-breadcrumb\">\n\tBundesliga: Presi\u00f3n en M\u00fanich, mientras se lucha arriba y abajo\n<\/span><\/div>","aioseo_breadcrumb_json":[{"label":"Home","link":"https:\/\/candas365.es\/noticias"},{"label":"Deporte","link":"https:\/\/candas365.es\/noticias\/category\/deporte\/"},{"label":"Bundesliga: Presi\u00f3n en M\u00fanich, mientras se lucha arriba y abajo","link":"https:\/\/candas365.es\/noticias\/bundesliga-presion-en-munich-mientras-se-lucha-arriba-y-abajo\/"}],"_links":{"self":[{"href":"https:\/\/candas365.es\/noticias\/wp-json\/wp\/v2\/posts\/134722","targetHints":{"allow":["GET"]}}],"collection":[{"href":"https:\/\/candas365.es\/noticias\/wp-json\/wp\/v2\/posts"}],"about":[{"href":"https:\/\/candas365.es\/noticias\/wp-json\/wp\/v2\/types\/post"}],"author":[{"embeddable":true,"href":"https:\/\/candas365.es\/noticias\/wp-json\/wp\/v2\/users\/1"}],"replies":[{"embeddable":true,"href":"https:\/\/candas365.es\/noticias\/wp-json\/wp\/v2\/comments?post=134722"}],"version-history":[{"count":0,"href":"https:\/\/candas365.es\/noticias\/wp-json\/wp\/v2\/posts\/134722\/revisions"}],"wp:featuredmedia":[{"embeddable":true,"href":"https:\/\/candas365.es\/noticias\/wp-json\/wp\/v2\/media\/95698"}],"wp:attachment":[{"href":"https:\/\/candas365.es\/noticias\/wp-json\/wp\/v2\/media?parent=134722"}],"wp:term":[{"taxonomy":"category","embeddable":true,"href":"https:\/\/candas365.es\/noticias\/wp-json\/wp\/v2\/categories?post=134722"},{"taxonomy":"post_tag","embeddable":true,"href":"https:\/\/candas365.es\/noticias\/wp-json\/wp\/v2\/tags?post=134722"}],"curies":[{"name":"wp","href":"https:\/\/api.w.org\/{rel}","templated":true}]}}