{"id":134717,"date":"2019-12-13T17:04:51","date_gmt":"2019-12-13T17:04:51","guid":{"rendered":"http:\/\/candas365.es\/noticias\/?p=134717"},"modified":"2019-12-13T17:04:51","modified_gmt":"2019-12-13T17:04:51","slug":"borussia-monchengladbach-aun-lamenta-su-eliminacion-europea","status":"publish","type":"post","link":"https:\/\/candas365.es\/noticias\/borussia-monchengladbach-aun-lamenta-su-eliminacion-europea\/","title":{"rendered":"Borussia M\u00f6nchengladbach a\u00fan lamenta su eliminaci\u00f3n europea"},"content":{"rendered":"<figure id=\"attachment_134718\" aria-describedby=\"caption-attachment-134718\" style=\"width: 360px\" class=\"wp-caption alignleft\"><img fetchpriority=\"high\" decoding=\"async\" class=\"size-medium wp-image-134718\" src=\"https:\/\/candas365.es\/noticias\/wp-content\/uploads\/2019\/12\/Gladbach-dpa-360x241.jpg\" alt=\"\" width=\"360\" height=\"241\" srcset=\"https:\/\/candas365.es\/noticias\/wp-content\/uploads\/2019\/12\/Gladbach-dpa-360x241.jpg 360w, https:\/\/candas365.es\/noticias\/wp-content\/uploads\/2019\/12\/Gladbach-dpa-655x438.jpg 655w, https:\/\/candas365.es\/noticias\/wp-content\/uploads\/2019\/12\/Gladbach-dpa-768x514.jpg 768w, https:\/\/candas365.es\/noticias\/wp-content\/uploads\/2019\/12\/Gladbach-dpa-696x466.jpg 696w, https:\/\/candas365.es\/noticias\/wp-content\/uploads\/2019\/12\/Gladbach-dpa-627x420.jpg 627w, https:\/\/candas365.es\/noticias\/wp-content\/uploads\/2019\/12\/Gladbach-dpa.jpg 998w\" sizes=\"(max-width: 360px) 100vw, 360px\" \/><figcaption id=\"caption-attachment-134718\" class=\"wp-caption-text\">Foto: Marius Becker\/dpa<\/figcaption><\/figure>\n<p>M\u00f6nchengladbach (Alemania), 13 dic (dpa) &#8211; Los jugadores del Borussia M\u00f6nchengladbach todav\u00eda deben sentir verg\u00fcenza tras ver c\u00f3mo su rival, el Basaksehir de Estambul, le derrotaba en casa por 2-1 y lo dejaba fuera de la competici\u00f3n en el \u00faltimo partido de la fase de grupos de la Europa League.<\/p>\n<p>Mientras el M\u00f6nchengladbach lidera la Bundesliga, la amarga derrota fue interpretada por el lateral derecho Stefan Lainer: \u00abQuiz\u00e1s ya hab\u00edamos agotado nuestra suerte en esta competici\u00f3n\u00bb.<\/p>\n<p>El equipo turco se impuso a los alemanes en el minuto 90 de partido gracias a un gol de Enzo Crivelli, que adem\u00e1s le vali\u00f3 a su equipo el primer puesto del grupo J y a los alemanes la tercera posici\u00f3n y la eliminaci\u00f3n.<\/p>\n<p>Anteriormente, el M\u00f6nchengladbach hab\u00eda tenido la suerte de mantenerse vivo en la competici\u00f3n gracias a marcar en los \u00faltimos minutos de algunos de sus partidos: contra su rival turco en Estambul, que supuso el empate 1-1, y en dos ocasiones contra la Roma, que le report\u00f3 al equipo alem\u00e1n un empate 1-1 y una victoria 2-1.<\/p>\n<p>El l\u00edder de la Bundesliga llegaba a la jornada europea despu\u00e9s de demostrar su mentalidad ganadora frente al Bayern M\u00fanich, al que se impuso el pasado s\u00e1bado por 2-1, gracias a un gol de Ramy Bensebaini conseguido en el tiempo a\u00f1adido. Y ahora sucede esto.<\/p>\n<p>\u00abEso fue completamente innecesario\u00bb, se lamentaron Lainer y su compa\u00f1ero Patrick Herrmann. Contra los turcos, que durante gran parte del partido se mostraron totalmente inofensivos, el M\u00f6nchengladbach fue claramente superior y mostro m\u00e1s decisi\u00f3n.<\/p>\n<p>M\u00e1s all\u00e1 de la ventaja del gol de Marcus Thuram, en el minuto 33, el equipo alem\u00e1n apenas tuvo m\u00e1s oportunidades de gol, sobre todo porque se malograba el pase decisivo ante la porter\u00eda. Sin embargo, el liderato del grupo estuvo en sus manos, ya que al mismo tiempo la Roma jugaba contra el Wolfsberger austriaco, que acab\u00f3 en empate 2-2.<\/p>\n<p>A diferencia de lo ocurrido en muchos partidos en lo que va de temporada, al M\u00f6nchengladbach le salieron mal muchas cosas. El portero Yann Sommer, muy decisivo en lo va de temporada, cometi\u00f3 un error crucial antes de que Irfan Can Kahveci lograra el empate en el minuto 44.<\/p>\n<p>El gol que supuso el 2-1 definitivo fue precedido por una probable falta del equipo turco, y despu\u00e9s a los jugadores alemanes se les neg\u00f3 un penal.<\/p>\n<p>\u00abNo conseguimos nuestro objetivo. Eso no sienta bien y es una gran decepci\u00f3n\u00bb, se quej\u00f3 el t\u00e9cnico Marco Rose, que sumaba as\u00ed un nuevo fracaso con su equipo, tras la eliminaci\u00f3n en la Copa Alemana frente al Borussia Dortmund. Antes del par\u00f3n invernal, el objetivo era pasar a la siguiente ronda en ambas competiciones.<\/p>\n<p>La Bundesliga es ahora decisiva para el M\u00f6nchengladbach, empezando por el partido que disputa el domingo en el campo del Wolfsburgo, y se espera una reacci\u00f3n como ocurri\u00f3 varias veces esta temporada tras un rev\u00e9s.<\/p>\n<p>Tras el viaje a Wolfsburgo, el M\u00f6nchengladbach recibe al Paderborn y luego visita al Hertha Berl\u00edn antes de la pausa invernal. Si el equipo no recupera su buena racha, la euforia podr\u00eda convertirse r\u00e1pidamente en decepci\u00f3n.<\/p>\n<p>Pero Herrmann avisa: \u00abYa demostramos esta temporada que sabemos contraatacar\u00bb.<\/p>\n","protected":false},"excerpt":{"rendered":"<p>M\u00f6nchengladbach (Alemania), 13 dic (dpa) &#8211; Los jugadores del Borussia M\u00f6nchengladbach todav\u00eda deben sentir verg\u00fcenza tras ver c\u00f3mo su rival, el Basaksehir de Estambul, le derrotaba en casa por 2-1 y lo dejaba fuera de la competici\u00f3n en el \u00faltimo partido de la fase de grupos de la Europa League. Mientras el M\u00f6nchengladbach lidera la<\/p>\n","protected":false},"author":1,"featured_media":134718,"comment_status":"closed","ping_status":"closed","sticky":false,"template":"","format":"standard","meta":{"footnotes":""},"categories":[319],"tags":[],"class_list":{"0":"post-134717","1":"post","2":"type-post","3":"status-publish","4":"format-standard","5":"has-post-thumbnail","7":"category-deporte"},"aioseo_notices":[],"aioseo_head":"\n\t\t<!-- All in One SEO Pro 4.9.6.2 - aioseo.com -->\n\t<meta name=\"description\" content=\"M\u00f6nchengladbach (Alemania), 13 dic (dpa) - Los jugadores del Borussia M\u00f6nchengladbach todav\u00eda deben sentir verg\u00fcenza tras ver c\u00f3mo su rival, el Basaksehir de Estambul, le derrotaba en casa por 2-1 y lo dejaba fuera de la competici\u00f3n en el \u00faltimo partido de la fase de grupos de la Europa League. Mientras el M\u00f6nchengladbach lidera la\" \/>\n\t<meta name=\"robots\" content=\"max-image-preview:large\" \/>\n\t<meta name=\"author\" content=\"Cand\u00e1s 365\"\/>\n\t<meta name=\"google-site-verification\" content=\"UA-32230408-1\" \/>\n\t<meta name=\"msvalidate.01\" content=\"354F3CDFB2DA171B47FBE9ABF1F88D5\" \/>\n\t<meta name=\"keywords\" content=\"deporte\" \/>\n\t<link rel=\"canonical\" href=\"https:\/\/candas365.es\/noticias\/borussia-monchengladbach-aun-lamenta-su-eliminacion-europea\/\" \/>\n\t<meta name=\"generator\" content=\"All in One SEO Pro (AIOSEO) 4.9.6.2\" \/>\n\t\t<meta property=\"og:locale\" content=\"es_ES\" \/>\n\t\t<meta property=\"og:site_name\" content=\"Cand\u00e1s 365\" \/>\n\t\t<meta property=\"og:type\" content=\"article\" \/>\n\t\t<meta property=\"og:title\" content=\"Borussia M\u00f6nchengladbach a\u00fan lamenta su eliminaci\u00f3n europea | Cand\u00e1s 365\" \/>\n\t\t<meta property=\"og:description\" content=\"M\u00f6nchengladbach (Alemania), 13 dic (dpa) - Los jugadores del Borussia M\u00f6nchengladbach todav\u00eda deben sentir verg\u00fcenza tras ver c\u00f3mo su rival, el Basaksehir de Estambul, le derrotaba en casa por 2-1 y lo dejaba fuera de la competici\u00f3n en el \u00faltimo partido de la fase de grupos de la Europa League. Mientras el M\u00f6nchengladbach lidera la\" \/>\n\t\t<meta property=\"og:url\" content=\"https:\/\/candas365.es\/noticias\/borussia-monchengladbach-aun-lamenta-su-eliminacion-europea\/\" \/>\n\t\t<meta property=\"og:image\" content=\"https:\/\/candas365.es\/noticias\/wp-content\/uploads\/2019\/12\/Gladbach-dpa.jpg\" \/>\n\t\t<meta property=\"og:image:secure_url\" content=\"https:\/\/candas365.es\/noticias\/wp-content\/uploads\/2019\/12\/Gladbach-dpa.jpg\" \/>\n\t\t<meta property=\"og:image:width\" content=\"998\" \/>\n\t\t<meta property=\"og:image:height\" content=\"668\" \/>\n\t\t<meta property=\"article:published_time\" content=\"2019-12-13T17:04:51+00:00\" \/>\n\t\t<meta property=\"article:modified_time\" content=\"2019-12-13T17:04:51+00:00\" \/>\n\t\t<meta property=\"article:publisher\" content=\"https:\/\/www.facebook.com\/Nachofdezber\" \/>\n\t\t<meta property=\"article:author\" content=\"https:\/\/www.facebook.com\/carrenoactualidad\" \/>\n\t\t<meta name=\"twitter:card\" content=\"summary_large_image\" \/>\n\t\t<meta name=\"twitter:site\" content=\"@NabercoDigital\" \/>\n\t\t<meta name=\"twitter:title\" content=\"Borussia M\u00f6nchengladbach a\u00fan lamenta su eliminaci\u00f3n europea | Cand\u00e1s 365\" \/>\n\t\t<meta name=\"twitter:description\" content=\"M\u00f6nchengladbach (Alemania), 13 dic (dpa) - Los jugadores del Borussia M\u00f6nchengladbach todav\u00eda deben sentir verg\u00fcenza tras ver c\u00f3mo su rival, el Basaksehir de Estambul, le derrotaba en casa por 2-1 y lo dejaba fuera de la competici\u00f3n en el \u00faltimo partido de la fase de grupos de la Europa League. Mientras el M\u00f6nchengladbach lidera la\" \/>\n\t\t<meta name=\"twitter:creator\" content=\"@nbasturias\" \/>\n\t\t<meta name=\"twitter:image\" content=\"https:\/\/candas365.es\/noticias\/wp-content\/uploads\/2019\/12\/Gladbach-dpa.jpg\" \/>\n\t\t<meta name=\"twitter:label1\" content=\"Escrito por\" \/>\n\t\t<meta name=\"twitter:data1\" content=\"Cand\u00e1s 365\" \/>\n\t\t<meta name=\"twitter:label2\" content=\"Tiempo de lectura estimado\" \/>\n\t\t<meta name=\"twitter:data2\" content=\"3 minutos\" \/>\n\t\t<script type=\"application\/ld+json\" class=\"aioseo-schema\">\n\t\t\t{\"@context\":\"https:\\\/\\\/schema.org\",\"@graph\":[{\"@type\":\"BreadcrumbList\",\"@id\":\"https:\\\/\\\/candas365.es\\\/noticias\\\/borussia-monchengladbach-aun-lamenta-su-eliminacion-europea\\\/#breadcrumblist\",\"itemListElement\":[{\"@type\":\"ListItem\",\"@id\":\"https:\\\/\\\/candas365.es\\\/noticias#listItem\",\"position\":1,\"name\":\"Home\",\"item\":\"https:\\\/\\\/candas365.es\\\/noticias\",\"nextItem\":{\"@type\":\"ListItem\",\"@id\":\"https:\\\/\\\/candas365.es\\\/noticias\\\/category\\\/deporte\\\/#listItem\",\"name\":\"Deporte\"}},{\"@type\":\"ListItem\",\"@id\":\"https:\\\/\\\/candas365.es\\\/noticias\\\/category\\\/deporte\\\/#listItem\",\"position\":2,\"name\":\"Deporte\",\"item\":\"https:\\\/\\\/candas365.es\\\/noticias\\\/category\\\/deporte\\\/\",\"nextItem\":{\"@type\":\"ListItem\",\"@id\":\"https:\\\/\\\/candas365.es\\\/noticias\\\/borussia-monchengladbach-aun-lamenta-su-eliminacion-europea\\\/#listItem\",\"name\":\"Borussia M\\u00f6nchengladbach a\\u00fan lamenta su eliminaci\\u00f3n europea\"},\"previousItem\":{\"@type\":\"ListItem\",\"@id\":\"https:\\\/\\\/candas365.es\\\/noticias#listItem\",\"name\":\"Home\"}},{\"@type\":\"ListItem\",\"@id\":\"https:\\\/\\\/candas365.es\\\/noticias\\\/borussia-monchengladbach-aun-lamenta-su-eliminacion-europea\\\/#listItem\",\"position\":3,\"name\":\"Borussia M\\u00f6nchengladbach a\\u00fan lamenta su eliminaci\\u00f3n europea\",\"previousItem\":{\"@type\":\"ListItem\",\"@id\":\"https:\\\/\\\/candas365.es\\\/noticias\\\/category\\\/deporte\\\/#listItem\",\"name\":\"Deporte\"}}]},{\"@type\":\"NewsArticle\",\"@id\":\"https:\\\/\\\/candas365.es\\\/noticias\\\/borussia-monchengladbach-aun-lamenta-su-eliminacion-europea\\\/#newsarticle\",\"name\":\"Borussia M\\u00f6nchengladbach a\\u00fan lamenta su eliminaci\\u00f3n europea | Cand\\u00e1s 365\",\"headline\":\"Borussia M\\u00f6nchengladbach a\\u00fan lamenta su eliminaci\\u00f3n europea\",\"author\":{\"@id\":\"https:\\\/\\\/candas365.es\\\/noticias\\\/author\\\/admin\\\/#author\"},\"publisher\":{\"@id\":\"https:\\\/\\\/candas365.es\\\/noticias\\\/#organization\"},\"image\":{\"@type\":\"ImageObject\",\"url\":\"https:\\\/\\\/candas365.es\\\/noticias\\\/wp-content\\\/uploads\\\/2019\\\/12\\\/Gladbach-dpa.jpg\",\"width\":998,\"height\":668,\"caption\":\"Foto: Marius Becker\\\/dpa\"},\"datePublished\":\"2019-12-13T17:04:51+01:00\",\"dateModified\":\"2019-12-13T17:04:51+01:00\",\"inLanguage\":\"es-ES\",\"mainEntityOfPage\":{\"@id\":\"https:\\\/\\\/candas365.es\\\/noticias\\\/borussia-monchengladbach-aun-lamenta-su-eliminacion-europea\\\/#webpage\"},\"isPartOf\":{\"@id\":\"https:\\\/\\\/candas365.es\\\/noticias\\\/borussia-monchengladbach-aun-lamenta-su-eliminacion-europea\\\/#webpage\"},\"articleSection\":\"Deporte\",\"dateline\":\"Publicado el diciembre 13, 2019.\"},{\"@type\":\"Organization\",\"@id\":\"https:\\\/\\\/candas365.es\\\/noticias\\\/#organization\",\"name\":\"Cand\\u00e1s 365\",\"description\":\"Cand\\u00e1s 365 es un diario digital independiente, fundado en 2012, con base en Asturias. Informamos con rigor sobre actualidad, sociedad, cultura y ocio, con una mirada local y global.\",\"url\":\"https:\\\/\\\/candas365.es\\\/noticias\\\/\",\"email\":\"info@candas365.es\",\"telephone\":\"+34652131393\",\"foundingDate\":\"2012-06-10\",\"logo\":{\"@type\":\"ImageObject\",\"url\":\"https:\\\/\\\/candas365.es\\\/noticias\\\/wp-content\\\/uploads\\\/2024\\\/09\\\/Candas-365-Redes.jpg\",\"@id\":\"https:\\\/\\\/candas365.es\\\/noticias\\\/borussia-monchengladbach-aun-lamenta-su-eliminacion-europea\\\/#organizationLogo\",\"width\":1152,\"height\":864,\"caption\":\"Cand\\u00e1s 365 Redes\"},\"image\":{\"@id\":\"https:\\\/\\\/candas365.es\\\/noticias\\\/borussia-monchengladbach-aun-lamenta-su-eliminacion-europea\\\/#organizationLogo\"},\"sameAs\":[\"https:\\\/\\\/www.facebook.com\\\/Nachofdezber\",\"https:\\\/\\\/x.com\\\/NabercoDigital\",\"https:\\\/\\\/www.instagram.com\\\/nachofdezber\\\/\",\"https:\\\/\\\/www.youtube.com\\\/channel\\\/UCZP-2wLEB9Rv6erhFmqVnvg\"],\"address\":{\"@id\":\"https:\\\/\\\/candas365.es\\\/noticias\\\/#postaladdress\",\"@type\":\"PostalAddress\",\"streetAddress\":\"san antonio 4, san antonio 4\",\"postalCode\":\"33430\",\"addressLocality\":\"Cand\\u00e1s\",\"addressRegion\":\"Asturias\",\"addressCountry\":\"ES\"}},{\"@type\":\"Person\",\"@id\":\"https:\\\/\\\/candas365.es\\\/noticias\\\/author\\\/admin\\\/#author\",\"url\":\"https:\\\/\\\/candas365.es\\\/noticias\\\/author\\\/admin\\\/\",\"name\":\"Cand\\u00e1s 365\",\"image\":{\"@type\":\"ImageObject\",\"@id\":\"https:\\\/\\\/candas365.es\\\/noticias\\\/borussia-monchengladbach-aun-lamenta-su-eliminacion-europea\\\/#authorImage\",\"url\":\"https:\\\/\\\/secure.gravatar.com\\\/avatar\\\/496a8e03d0c493ede1718b7934145dbdf8d89be1036b0eec9544e1094c9de390?s=96&d=mm&r=g\",\"width\":96,\"height\":96,\"caption\":\"Cand\\u00e1s 365\"},\"sameAs\":[\"https:\\\/\\\/www.facebook.com\\\/carrenoactualidad\",\"https:\\\/\\\/twitter.com\\\/nbasturias\",\"https:\\\/\\\/www.instagram.com\\\/nachofdezber\\\/\",\"https:\\\/\\\/www.youtube.com\\\/channel\\\/UCZP-2wLEB9Rv6erhFmqVnvg\"]},{\"@type\":\"WebPage\",\"@id\":\"https:\\\/\\\/candas365.es\\\/noticias\\\/borussia-monchengladbach-aun-lamenta-su-eliminacion-europea\\\/#webpage\",\"url\":\"https:\\\/\\\/candas365.es\\\/noticias\\\/borussia-monchengladbach-aun-lamenta-su-eliminacion-europea\\\/\",\"name\":\"Borussia M\\u00f6nchengladbach a\\u00fan lamenta su eliminaci\\u00f3n europea | Cand\\u00e1s 365\",\"description\":\"M\\u00f6nchengladbach (Alemania), 13 dic (dpa) - Los jugadores del Borussia M\\u00f6nchengladbach todav\\u00eda deben sentir verg\\u00fcenza tras ver c\\u00f3mo su rival, el Basaksehir de Estambul, le derrotaba en casa por 2-1 y lo dejaba fuera de la competici\\u00f3n en el \\u00faltimo partido de la fase de grupos de la Europa League. Mientras el M\\u00f6nchengladbach lidera la\",\"inLanguage\":\"es-ES\",\"isPartOf\":{\"@id\":\"https:\\\/\\\/candas365.es\\\/noticias\\\/#website\"},\"breadcrumb\":{\"@id\":\"https:\\\/\\\/candas365.es\\\/noticias\\\/borussia-monchengladbach-aun-lamenta-su-eliminacion-europea\\\/#breadcrumblist\"},\"author\":{\"@id\":\"https:\\\/\\\/candas365.es\\\/noticias\\\/author\\\/admin\\\/#author\"},\"creator\":{\"@id\":\"https:\\\/\\\/candas365.es\\\/noticias\\\/author\\\/admin\\\/#author\"},\"image\":{\"@type\":\"ImageObject\",\"url\":\"https:\\\/\\\/candas365.es\\\/noticias\\\/wp-content\\\/uploads\\\/2019\\\/12\\\/Gladbach-dpa.jpg\",\"@id\":\"https:\\\/\\\/candas365.es\\\/noticias\\\/borussia-monchengladbach-aun-lamenta-su-eliminacion-europea\\\/#mainImage\",\"width\":998,\"height\":668,\"caption\":\"Foto: Marius Becker\\\/dpa\"},\"primaryImageOfPage\":{\"@id\":\"https:\\\/\\\/candas365.es\\\/noticias\\\/borussia-monchengladbach-aun-lamenta-su-eliminacion-europea\\\/#mainImage\"},\"datePublished\":\"2019-12-13T17:04:51+01:00\",\"dateModified\":\"2019-12-13T17:04:51+01:00\"},{\"@type\":\"WebSite\",\"@id\":\"https:\\\/\\\/candas365.es\\\/noticias\\\/#website\",\"url\":\"https:\\\/\\\/candas365.es\\\/noticias\\\/\",\"name\":\"Cand\\u00e1s 365\",\"alternateName\":\"Cand\\u00e1s 365 Noticias\",\"description\":\"Actualidad desde Carre\\u00f1o para el mundo\",\"inLanguage\":\"es-ES\",\"publisher\":{\"@id\":\"https:\\\/\\\/candas365.es\\\/noticias\\\/#organization\"}}]}\n\t\t<\/script>\n\t\t<!-- All in One SEO Pro -->\r\n\t\t<title>Borussia M\u00f6nchengladbach a\u00fan lamenta su eliminaci\u00f3n europea | Cand\u00e1s 365<\/title>\n\n","aioseo_head_json":{"title":"Borussia M\u00f6nchengladbach a\u00fan lamenta su eliminaci\u00f3n europea | Cand\u00e1s 365","description":"M\u00f6nchengladbach (Alemania), 13 dic (dpa) - Los jugadores del Borussia M\u00f6nchengladbach todav\u00eda deben sentir verg\u00fcenza tras ver c\u00f3mo su rival, el Basaksehir de Estambul, le derrotaba en casa por 2-1 y lo dejaba fuera de la competici\u00f3n en el \u00faltimo partido de la fase de grupos de la Europa League. Mientras el M\u00f6nchengladbach lidera la","canonical_url":"https:\/\/candas365.es\/noticias\/borussia-monchengladbach-aun-lamenta-su-eliminacion-europea\/","robots":"max-image-preview:large","keywords":"deporte","webmasterTools":{"google-site-verification":"UA-32230408-1","msvalidate.01":"354F3CDFB2DA171B47FBE9ABF1F88D5","miscellaneous":""},"schema":{"@context":"https:\/\/schema.org","@graph":[{"@type":"BreadcrumbList","@id":"https:\/\/candas365.es\/noticias\/borussia-monchengladbach-aun-lamenta-su-eliminacion-europea\/#breadcrumblist","itemListElement":[{"@type":"ListItem","@id":"https:\/\/candas365.es\/noticias#listItem","position":1,"name":"Home","item":"https:\/\/candas365.es\/noticias","nextItem":{"@type":"ListItem","@id":"https:\/\/candas365.es\/noticias\/category\/deporte\/#listItem","name":"Deporte"}},{"@type":"ListItem","@id":"https:\/\/candas365.es\/noticias\/category\/deporte\/#listItem","position":2,"name":"Deporte","item":"https:\/\/candas365.es\/noticias\/category\/deporte\/","nextItem":{"@type":"ListItem","@id":"https:\/\/candas365.es\/noticias\/borussia-monchengladbach-aun-lamenta-su-eliminacion-europea\/#listItem","name":"Borussia M\u00f6nchengladbach a\u00fan lamenta su eliminaci\u00f3n europea"},"previousItem":{"@type":"ListItem","@id":"https:\/\/candas365.es\/noticias#listItem","name":"Home"}},{"@type":"ListItem","@id":"https:\/\/candas365.es\/noticias\/borussia-monchengladbach-aun-lamenta-su-eliminacion-europea\/#listItem","position":3,"name":"Borussia M\u00f6nchengladbach a\u00fan lamenta su eliminaci\u00f3n europea","previousItem":{"@type":"ListItem","@id":"https:\/\/candas365.es\/noticias\/category\/deporte\/#listItem","name":"Deporte"}}]},{"@type":"NewsArticle","@id":"https:\/\/candas365.es\/noticias\/borussia-monchengladbach-aun-lamenta-su-eliminacion-europea\/#newsarticle","name":"Borussia M\u00f6nchengladbach a\u00fan lamenta su eliminaci\u00f3n europea | Cand\u00e1s 365","headline":"Borussia M\u00f6nchengladbach a\u00fan lamenta su eliminaci\u00f3n europea","author":{"@id":"https:\/\/candas365.es\/noticias\/author\/admin\/#author"},"publisher":{"@id":"https:\/\/candas365.es\/noticias\/#organization"},"image":{"@type":"ImageObject","url":"https:\/\/candas365.es\/noticias\/wp-content\/uploads\/2019\/12\/Gladbach-dpa.jpg","width":998,"height":668,"caption":"Foto: Marius Becker\/dpa"},"datePublished":"2019-12-13T17:04:51+01:00","dateModified":"2019-12-13T17:04:51+01:00","inLanguage":"es-ES","mainEntityOfPage":{"@id":"https:\/\/candas365.es\/noticias\/borussia-monchengladbach-aun-lamenta-su-eliminacion-europea\/#webpage"},"isPartOf":{"@id":"https:\/\/candas365.es\/noticias\/borussia-monchengladbach-aun-lamenta-su-eliminacion-europea\/#webpage"},"articleSection":"Deporte","dateline":"Publicado el diciembre 13, 2019."},{"@type":"Organization","@id":"https:\/\/candas365.es\/noticias\/#organization","name":"Cand\u00e1s 365","description":"Cand\u00e1s 365 es un diario digital independiente, fundado en 2012, con base en Asturias. Informamos con rigor sobre actualidad, sociedad, cultura y ocio, con una mirada local y global.","url":"https:\/\/candas365.es\/noticias\/","email":"info@candas365.es","telephone":"+34652131393","foundingDate":"2012-06-10","logo":{"@type":"ImageObject","url":"https:\/\/candas365.es\/noticias\/wp-content\/uploads\/2024\/09\/Candas-365-Redes.jpg","@id":"https:\/\/candas365.es\/noticias\/borussia-monchengladbach-aun-lamenta-su-eliminacion-europea\/#organizationLogo","width":1152,"height":864,"caption":"Cand\u00e1s 365 Redes"},"image":{"@id":"https:\/\/candas365.es\/noticias\/borussia-monchengladbach-aun-lamenta-su-eliminacion-europea\/#organizationLogo"},"sameAs":["https:\/\/www.facebook.com\/Nachofdezber","https:\/\/x.com\/NabercoDigital","https:\/\/www.instagram.com\/nachofdezber\/","https:\/\/www.youtube.com\/channel\/UCZP-2wLEB9Rv6erhFmqVnvg"],"address":{"@id":"https:\/\/candas365.es\/noticias\/#postaladdress","@type":"PostalAddress","streetAddress":"san antonio 4, san antonio 4","postalCode":"33430","addressLocality":"Cand\u00e1s","addressRegion":"Asturias","addressCountry":"ES"}},{"@type":"Person","@id":"https:\/\/candas365.es\/noticias\/author\/admin\/#author","url":"https:\/\/candas365.es\/noticias\/author\/admin\/","name":"Cand\u00e1s 365","image":{"@type":"ImageObject","@id":"https:\/\/candas365.es\/noticias\/borussia-monchengladbach-aun-lamenta-su-eliminacion-europea\/#authorImage","url":"https:\/\/secure.gravatar.com\/avatar\/496a8e03d0c493ede1718b7934145dbdf8d89be1036b0eec9544e1094c9de390?s=96&d=mm&r=g","width":96,"height":96,"caption":"Cand\u00e1s 365"},"sameAs":["https:\/\/www.facebook.com\/carrenoactualidad","https:\/\/twitter.com\/nbasturias","https:\/\/www.instagram.com\/nachofdezber\/","https:\/\/www.youtube.com\/channel\/UCZP-2wLEB9Rv6erhFmqVnvg"]},{"@type":"WebPage","@id":"https:\/\/candas365.es\/noticias\/borussia-monchengladbach-aun-lamenta-su-eliminacion-europea\/#webpage","url":"https:\/\/candas365.es\/noticias\/borussia-monchengladbach-aun-lamenta-su-eliminacion-europea\/","name":"Borussia M\u00f6nchengladbach a\u00fan lamenta su eliminaci\u00f3n europea | Cand\u00e1s 365","description":"M\u00f6nchengladbach (Alemania), 13 dic (dpa) - Los jugadores del Borussia M\u00f6nchengladbach todav\u00eda deben sentir verg\u00fcenza tras ver c\u00f3mo su rival, el Basaksehir de Estambul, le derrotaba en casa por 2-1 y lo dejaba fuera de la competici\u00f3n en el \u00faltimo partido de la fase de grupos de la Europa League. Mientras el M\u00f6nchengladbach lidera la","inLanguage":"es-ES","isPartOf":{"@id":"https:\/\/candas365.es\/noticias\/#website"},"breadcrumb":{"@id":"https:\/\/candas365.es\/noticias\/borussia-monchengladbach-aun-lamenta-su-eliminacion-europea\/#breadcrumblist"},"author":{"@id":"https:\/\/candas365.es\/noticias\/author\/admin\/#author"},"creator":{"@id":"https:\/\/candas365.es\/noticias\/author\/admin\/#author"},"image":{"@type":"ImageObject","url":"https:\/\/candas365.es\/noticias\/wp-content\/uploads\/2019\/12\/Gladbach-dpa.jpg","@id":"https:\/\/candas365.es\/noticias\/borussia-monchengladbach-aun-lamenta-su-eliminacion-europea\/#mainImage","width":998,"height":668,"caption":"Foto: Marius Becker\/dpa"},"primaryImageOfPage":{"@id":"https:\/\/candas365.es\/noticias\/borussia-monchengladbach-aun-lamenta-su-eliminacion-europea\/#mainImage"},"datePublished":"2019-12-13T17:04:51+01:00","dateModified":"2019-12-13T17:04:51+01:00"},{"@type":"WebSite","@id":"https:\/\/candas365.es\/noticias\/#website","url":"https:\/\/candas365.es\/noticias\/","name":"Cand\u00e1s 365","alternateName":"Cand\u00e1s 365 Noticias","description":"Actualidad desde Carre\u00f1o para el mundo","inLanguage":"es-ES","publisher":{"@id":"https:\/\/candas365.es\/noticias\/#organization"}}]},"og:locale":"es_ES","og:site_name":"Cand\u00e1s 365","og:type":"article","og:title":"Borussia M\u00f6nchengladbach a\u00fan lamenta su eliminaci\u00f3n europea | Cand\u00e1s 365","og:description":"M\u00f6nchengladbach (Alemania), 13 dic (dpa) - Los jugadores del Borussia M\u00f6nchengladbach todav\u00eda deben sentir verg\u00fcenza tras ver c\u00f3mo su rival, el Basaksehir de Estambul, le derrotaba en casa por 2-1 y lo dejaba fuera de la competici\u00f3n en el \u00faltimo partido de la fase de grupos de la Europa League. Mientras el M\u00f6nchengladbach lidera la","og:url":"https:\/\/candas365.es\/noticias\/borussia-monchengladbach-aun-lamenta-su-eliminacion-europea\/","og:image":"https:\/\/candas365.es\/noticias\/wp-content\/uploads\/2019\/12\/Gladbach-dpa.jpg","og:image:secure_url":"https:\/\/candas365.es\/noticias\/wp-content\/uploads\/2019\/12\/Gladbach-dpa.jpg","og:image:width":998,"og:image:height":668,"article:published_time":"2019-12-13T17:04:51+00:00","article:modified_time":"2019-12-13T17:04:51+00:00","article:publisher":"https:\/\/www.facebook.com\/Nachofdezber","article:author":"https:\/\/www.facebook.com\/carrenoactualidad","twitter:card":"summary_large_image","twitter:site":"@NabercoDigital","twitter:title":"Borussia M\u00f6nchengladbach a\u00fan lamenta su eliminaci\u00f3n europea | Cand\u00e1s 365","twitter:description":"M\u00f6nchengladbach (Alemania), 13 dic (dpa) - Los jugadores del Borussia M\u00f6nchengladbach todav\u00eda deben sentir verg\u00fcenza tras ver c\u00f3mo su rival, el Basaksehir de Estambul, le derrotaba en casa por 2-1 y lo dejaba fuera de la competici\u00f3n en el \u00faltimo partido de la fase de grupos de la Europa League. Mientras el M\u00f6nchengladbach lidera la","twitter:creator":"@nbasturias","twitter:image":"https:\/\/candas365.es\/noticias\/wp-content\/uploads\/2019\/12\/Gladbach-dpa.jpg","twitter:label1":"Escrito por","twitter:data1":"Cand\u00e1s 365","twitter:label2":"Tiempo de lectura estimado","twitter:data2":"3 minutos"},"aioseo_meta_data":{"post_id":"134717","title":null,"description":null,"keywords":null,"keyphrases":null,"primary_term":null,"canonical_url":null,"og_title":null,"og_description":null,"og_object_type":"default","og_image_type":"default","og_image_url":null,"og_image_width":null,"og_image_height":null,"og_image_custom_url":null,"og_image_custom_fields":null,"og_video":null,"og_custom_url":null,"og_article_section":null,"og_article_tags":null,"twitter_use_og":false,"twitter_card":"default","twitter_image_type":"default","twitter_image_url":null,"twitter_image_custom_url":null,"twitter_image_custom_fields":null,"twitter_title":null,"twitter_description":null,"schema":{"blockGraphs":[],"customGraphs":[],"default":{"data":{"Article":[],"Course":[],"Dataset":[],"FAQPage":[],"Movie":[],"Person":[],"Product":[],"ProductReview":[],"Car":[],"Recipe":[],"Service":[],"SoftwareApplication":[],"WebPage":[]},"graphName":"","isEnabled":true},"graphs":[],"defaultGraph":"","defaultPostTypeGraph":""},"schema_type":null,"schema_type_options":null,"pillar_content":false,"robots_default":true,"robots_noindex":false,"robots_noarchive":false,"robots_nosnippet":false,"robots_nofollow":false,"robots_noimageindex":false,"robots_noodp":false,"robots_notranslate":false,"robots_max_snippet":null,"robots_max_videopreview":null,"robots_max_imagepreview":"large","priority":null,"frequency":null,"location":null,"local_seo":null,"seo_analyzer_scan_date":"2025-08-30 19:33:15","breadcrumb_settings":null,"limit_modified_date":false,"reviewed_by":null,"open_ai":null,"ai":null,"created":"2020-12-21 10:49:18","updated":"2025-08-30 19:33:15"},"aioseo_breadcrumb":"<div class=\"aioseo-breadcrumbs\"><span class=\"aioseo-breadcrumb\">\n\t<a href=\"https:\/\/candas365.es\/noticias\" title=\"Home\">Home<\/a>\n<\/span><span class=\"aioseo-breadcrumb-separator\">&ndash;<\/span><span class=\"aioseo-breadcrumb\">\n\t<a href=\"https:\/\/candas365.es\/noticias\/category\/deporte\/\" title=\"Deporte\">Deporte<\/a>\n<\/span><span class=\"aioseo-breadcrumb-separator\">&ndash;<\/span><span class=\"aioseo-breadcrumb\">\n\tBorussia M\u00f6nchengladbach a\u00fan lamenta su eliminaci\u00f3n europea\n<\/span><\/div>","aioseo_breadcrumb_json":[{"label":"Home","link":"https:\/\/candas365.es\/noticias"},{"label":"Deporte","link":"https:\/\/candas365.es\/noticias\/category\/deporte\/"},{"label":"Borussia M\u00f6nchengladbach a\u00fan lamenta su eliminaci\u00f3n europea","link":"https:\/\/candas365.es\/noticias\/borussia-monchengladbach-aun-lamenta-su-eliminacion-europea\/"}],"_links":{"self":[{"href":"https:\/\/candas365.es\/noticias\/wp-json\/wp\/v2\/posts\/134717","targetHints":{"allow":["GET"]}}],"collection":[{"href":"https:\/\/candas365.es\/noticias\/wp-json\/wp\/v2\/posts"}],"about":[{"href":"https:\/\/candas365.es\/noticias\/wp-json\/wp\/v2\/types\/post"}],"author":[{"embeddable":true,"href":"https:\/\/candas365.es\/noticias\/wp-json\/wp\/v2\/users\/1"}],"replies":[{"embeddable":true,"href":"https:\/\/candas365.es\/noticias\/wp-json\/wp\/v2\/comments?post=134717"}],"version-history":[{"count":0,"href":"https:\/\/candas365.es\/noticias\/wp-json\/wp\/v2\/posts\/134717\/revisions"}],"wp:featuredmedia":[{"embeddable":true,"href":"https:\/\/candas365.es\/noticias\/wp-json\/wp\/v2\/media\/134718"}],"wp:attachment":[{"href":"https:\/\/candas365.es\/noticias\/wp-json\/wp\/v2\/media?parent=134717"}],"wp:term":[{"taxonomy":"category","embeddable":true,"href":"https:\/\/candas365.es\/noticias\/wp-json\/wp\/v2\/categories?post=134717"},{"taxonomy":"post_tag","embeddable":true,"href":"https:\/\/candas365.es\/noticias\/wp-json\/wp\/v2\/tags?post=134717"}],"curies":[{"name":"wp","href":"https:\/\/api.w.org\/{rel}","templated":true}]}}