{"id":134695,"date":"2019-12-13T13:19:41","date_gmt":"2019-12-13T13:19:41","guid":{"rendered":"http:\/\/candas365.es\/noticias\/?p=134695"},"modified":"2019-12-13T13:19:41","modified_gmt":"2019-12-13T13:19:41","slug":"carreno-estrenara-segadora","status":"publish","type":"post","link":"https:\/\/candas365.es\/noticias\/carreno-estrenara-segadora\/","title":{"rendered":"Carre\u00f1o \u201cestrenar\u00e1\u201d segadora"},"content":{"rendered":"<p><img fetchpriority=\"high\" decoding=\"async\" class=\"alignleft size-medium wp-image-134696\" src=\"https:\/\/candas365.es\/noticias\/wp-content\/uploads\/2019\/12\/Segadora-en-Candas-283x300.jpg\" alt=\"\" width=\"283\" height=\"300\" srcset=\"https:\/\/candas365.es\/noticias\/wp-content\/uploads\/2019\/12\/Segadora-en-Candas-283x300.jpg 283w, https:\/\/candas365.es\/noticias\/wp-content\/uploads\/2019\/12\/Segadora-en-Candas-453x480.jpg 453w, https:\/\/candas365.es\/noticias\/wp-content\/uploads\/2019\/12\/Segadora-en-Candas-397x420.jpg 397w, https:\/\/candas365.es\/noticias\/wp-content\/uploads\/2019\/12\/Segadora-en-Candas.jpg 612w\" sizes=\"(max-width: 283px) 100vw, 283px\" \/>El <strong>Ayuntamiento de Carre\u00f1o<\/strong>, en el marco de la subvenci\u00f3n LEADER impulsa, la mejora el Servicio Municipal de Obras con la dotaci\u00f3n de nueva maquinaria para favorecer el mantenimiento de los espacios p\u00fablicos municipales, entre las que se encuentra una segadora (tractor-cortacesped) de la casa John Deere<\/p>\n<p>Tras la presentaci\u00f3n del Proyecto LEADER 2019-2020 <strong><em>\u201cAdquisici\u00f3n de veh\u00edculo y maquinaria para mantenimiento zona rural\u201d<\/em><\/strong> a la convocatoria de los Fondos Leader 2019, de la Consejer\u00eda de Desarrollo Rural y Recursos Naturales, el Ayuntamiento de Carre\u00f1o obtuvo una subvenci\u00f3n plurianual de 32.384,37 \u20ac a tal fin.<\/p>\n<p>El proyecto subvencionado contemplaba la adquisici\u00f3n de una serie de maquinaria y herramientas, que facilitasenel mantenimiento, la restauraci\u00f3n y la mejora del patrimonio natural y del paisaje rural del concejo de Carre\u00f1o.<\/p>\n<p>\u201cDe esta forma, al ser una subvenci\u00f3n plurianual, se contempl\u00f3 la compra en este a\u00f1o 2019 de una segadora, mientras que para el a\u00f1o 2020 de adquirir\u00e1 una furgoneta el\u00e9ctrica sin carnet con cargo a la concesi\u00f3n de estos fondos. La adquisici\u00f3n de estas herramientas, en el a\u00f1o 2019-2020, para el servicio de obras ser\u00e1 financiada al 62 % con cargo a los fondos Leader y el 38 % ser\u00e1 aportado por el Ayuntamiento de Carre\u00f1o\u201d coment\u00f3 Manuel Noceda-Concejal de Medio Rural.<\/p>\n<p>\u201cPlanteamos concurrir con proyecto a los Fondos europeos Leader 2019-2020, habiendo trabajado previsiblemente con el Servicio Municipal de Obras. Nos trasladaron la necesidad adquirir una serie de maquinaria para poder seguir prestando el servicio de mantenimiento en \u00f3ptimas condiciones. Como por ejemplo una nueva segadora, al tener la actual una antig\u00fcedad de 14 a\u00f1os, con continuas aver\u00edas debido a la fatiga por la edad y a su uso. Adem\u00e1s se nos traslad\u00f3 la idoneidad de adquirir una peque\u00f1a furgoneta el\u00e9ctrica sin carnet. As\u00ed fuimos fijando nuestras prioridades\u201d se\u00f1al\u00f3 Noceda.<\/p>\n<p>\u201cLa nueva segadora cuenta con un motor di\u00e9sel de 23.3 \u00a9v, anchura de corte de 122 cm y descarga en altura y descarga normal. Ser\u00e1 apta para trabajos en hierba alta, h\u00fameda o en pendientes pronunciadas. Tendr\u00e1 un m\u00ednimo radio de giro que facilitar\u00e1 los trabajos en esquinas estrechas y giros pronunciados y pedal de control HS que permite dejar las manos libres para la conducci\u00f3n\u201d finaliz\u00f3 el Concejal.<\/p>\n<p>&nbsp;<\/p>\n","protected":false},"excerpt":{"rendered":"<p>El Ayuntamiento de Carre\u00f1o, en el marco de la subvenci\u00f3n LEADER impulsa, la mejora el Servicio Municipal de Obras con la dotaci\u00f3n de nueva maquinaria para favorecer el mantenimiento de los espacios p\u00fablicos municipales, entre las que se encuentra una segadora (tractor-cortacesped) de la casa John Deere Tras la presentaci\u00f3n del Proyecto LEADER 2019-2020 \u201cAdquisici\u00f3n<\/p>\n","protected":false},"author":1,"featured_media":134696,"comment_status":"closed","ping_status":"closed","sticky":false,"template":"","format":"standard","meta":{"footnotes":""},"categories":[2],"tags":[],"class_list":{"0":"post-134695","1":"post","2":"type-post","3":"status-publish","4":"format-standard","5":"has-post-thumbnail","7":"category-noticias-carreno"},"aioseo_notices":[],"aioseo_head":"\n\t\t<!-- All in One SEO Pro 4.9.6.2 - aioseo.com -->\n\t<meta name=\"description\" content=\"El Ayuntamiento de Carre\u00f1o, en el marco de la subvenci\u00f3n LEADER impulsa, la mejora el Servicio Municipal de Obras con la dotaci\u00f3n de nueva maquinaria para favorecer el mantenimiento de los espacios p\u00fablicos municipales, entre las que se encuentra una segadora (tractor-cortacesped) de la casa John Deere Tras la presentaci\u00f3n del Proyecto LEADER 2019-2020 \u201cAdquisici\u00f3n\" \/>\n\t<meta name=\"robots\" content=\"max-image-preview:large\" \/>\n\t<meta name=\"author\" content=\"Cand\u00e1s 365\"\/>\n\t<meta name=\"google-site-verification\" content=\"UA-32230408-1\" \/>\n\t<meta name=\"msvalidate.01\" content=\"354F3CDFB2DA171B47FBE9ABF1F88D5\" \/>\n\t<meta name=\"keywords\" content=\"noticias carre\u00f1o\" \/>\n\t<link rel=\"canonical\" href=\"https:\/\/candas365.es\/noticias\/carreno-estrenara-segadora\/\" \/>\n\t<meta name=\"generator\" content=\"All in One SEO Pro (AIOSEO) 4.9.6.2\" \/>\n\t\t<meta property=\"og:locale\" content=\"es_ES\" \/>\n\t\t<meta property=\"og:site_name\" content=\"Cand\u00e1s 365\" \/>\n\t\t<meta property=\"og:type\" content=\"article\" \/>\n\t\t<meta property=\"og:title\" content=\"Carre\u00f1o \u201cestrenar\u00e1\u201d segadora | Cand\u00e1s 365\" \/>\n\t\t<meta property=\"og:description\" content=\"El Ayuntamiento de Carre\u00f1o, en el marco de la subvenci\u00f3n LEADER impulsa, la mejora el Servicio Municipal de Obras con la dotaci\u00f3n de nueva maquinaria para favorecer el mantenimiento de los espacios p\u00fablicos municipales, entre las que se encuentra una segadora (tractor-cortacesped) de la casa John Deere Tras la presentaci\u00f3n del Proyecto LEADER 2019-2020 \u201cAdquisici\u00f3n\" \/>\n\t\t<meta property=\"og:url\" content=\"https:\/\/candas365.es\/noticias\/carreno-estrenara-segadora\/\" \/>\n\t\t<meta property=\"og:image\" content=\"https:\/\/candas365.es\/noticias\/wp-content\/uploads\/2019\/12\/Segadora-en-Candas.jpg\" \/>\n\t\t<meta property=\"og:image:secure_url\" content=\"https:\/\/candas365.es\/noticias\/wp-content\/uploads\/2019\/12\/Segadora-en-Candas.jpg\" \/>\n\t\t<meta property=\"og:image:width\" content=\"612\" \/>\n\t\t<meta property=\"og:image:height\" content=\"648\" \/>\n\t\t<meta property=\"article:published_time\" content=\"2019-12-13T13:19:41+00:00\" \/>\n\t\t<meta property=\"article:modified_time\" content=\"2019-12-13T13:19:41+00:00\" \/>\n\t\t<meta property=\"article:publisher\" content=\"https:\/\/www.facebook.com\/Nachofdezber\" \/>\n\t\t<meta property=\"article:author\" content=\"https:\/\/www.facebook.com\/carrenoactualidad\" \/>\n\t\t<meta name=\"twitter:card\" content=\"summary_large_image\" \/>\n\t\t<meta name=\"twitter:site\" content=\"@NabercoDigital\" \/>\n\t\t<meta name=\"twitter:title\" content=\"Carre\u00f1o \u201cestrenar\u00e1\u201d segadora | Cand\u00e1s 365\" \/>\n\t\t<meta name=\"twitter:description\" content=\"El Ayuntamiento de Carre\u00f1o, en el marco de la subvenci\u00f3n LEADER impulsa, la mejora el Servicio Municipal de Obras con la dotaci\u00f3n de nueva maquinaria para favorecer el mantenimiento de los espacios p\u00fablicos municipales, entre las que se encuentra una segadora (tractor-cortacesped) de la casa John Deere Tras la presentaci\u00f3n del Proyecto LEADER 2019-2020 \u201cAdquisici\u00f3n\" \/>\n\t\t<meta name=\"twitter:creator\" content=\"@nbasturias\" \/>\n\t\t<meta name=\"twitter:image\" content=\"https:\/\/candas365.es\/noticias\/wp-content\/uploads\/2019\/12\/Segadora-en-Candas.jpg\" \/>\n\t\t<meta name=\"twitter:label1\" content=\"Escrito por\" \/>\n\t\t<meta name=\"twitter:data1\" content=\"Cand\u00e1s 365\" \/>\n\t\t<meta name=\"twitter:label2\" content=\"Tiempo de lectura estimado\" \/>\n\t\t<meta name=\"twitter:data2\" content=\"2 minutos\" \/>\n\t\t<script type=\"application\/ld+json\" class=\"aioseo-schema\">\n\t\t\t{\"@context\":\"https:\\\/\\\/schema.org\",\"@graph\":[{\"@type\":\"BreadcrumbList\",\"@id\":\"https:\\\/\\\/candas365.es\\\/noticias\\\/carreno-estrenara-segadora\\\/#breadcrumblist\",\"itemListElement\":[{\"@type\":\"ListItem\",\"@id\":\"https:\\\/\\\/candas365.es\\\/noticias#listItem\",\"position\":1,\"name\":\"Home\",\"item\":\"https:\\\/\\\/candas365.es\\\/noticias\",\"nextItem\":{\"@type\":\"ListItem\",\"@id\":\"https:\\\/\\\/candas365.es\\\/noticias\\\/category\\\/noticias-carreno\\\/#listItem\",\"name\":\"Noticias Carre\\u00f1o\"}},{\"@type\":\"ListItem\",\"@id\":\"https:\\\/\\\/candas365.es\\\/noticias\\\/category\\\/noticias-carreno\\\/#listItem\",\"position\":2,\"name\":\"Noticias Carre\\u00f1o\",\"item\":\"https:\\\/\\\/candas365.es\\\/noticias\\\/category\\\/noticias-carreno\\\/\",\"nextItem\":{\"@type\":\"ListItem\",\"@id\":\"https:\\\/\\\/candas365.es\\\/noticias\\\/carreno-estrenara-segadora\\\/#listItem\",\"name\":\"Carre\\u00f1o \\u201cestrenar\\u00e1\\u201d segadora\"},\"previousItem\":{\"@type\":\"ListItem\",\"@id\":\"https:\\\/\\\/candas365.es\\\/noticias#listItem\",\"name\":\"Home\"}},{\"@type\":\"ListItem\",\"@id\":\"https:\\\/\\\/candas365.es\\\/noticias\\\/carreno-estrenara-segadora\\\/#listItem\",\"position\":3,\"name\":\"Carre\\u00f1o \\u201cestrenar\\u00e1\\u201d segadora\",\"previousItem\":{\"@type\":\"ListItem\",\"@id\":\"https:\\\/\\\/candas365.es\\\/noticias\\\/category\\\/noticias-carreno\\\/#listItem\",\"name\":\"Noticias Carre\\u00f1o\"}}]},{\"@type\":\"NewsArticle\",\"@id\":\"https:\\\/\\\/candas365.es\\\/noticias\\\/carreno-estrenara-segadora\\\/#newsarticle\",\"name\":\"Carre\\u00f1o \\u201cestrenar\\u00e1\\u201d segadora | Cand\\u00e1s 365\",\"headline\":\"Carre\\u00f1o \\u201cestrenar\\u00e1\\u201d segadora\",\"author\":{\"@id\":\"https:\\\/\\\/candas365.es\\\/noticias\\\/author\\\/admin\\\/#author\"},\"publisher\":{\"@id\":\"https:\\\/\\\/candas365.es\\\/noticias\\\/#organization\"},\"image\":{\"@type\":\"ImageObject\",\"url\":\"https:\\\/\\\/candas365.es\\\/noticias\\\/wp-content\\\/uploads\\\/2019\\\/12\\\/Segadora-en-Candas.jpg\",\"width\":612,\"height\":648},\"datePublished\":\"2019-12-13T13:19:41+01:00\",\"dateModified\":\"2019-12-13T13:19:41+01:00\",\"inLanguage\":\"es-ES\",\"mainEntityOfPage\":{\"@id\":\"https:\\\/\\\/candas365.es\\\/noticias\\\/carreno-estrenara-segadora\\\/#webpage\"},\"isPartOf\":{\"@id\":\"https:\\\/\\\/candas365.es\\\/noticias\\\/carreno-estrenara-segadora\\\/#webpage\"},\"articleSection\":\"Noticias Carre\\u00f1o\",\"dateline\":\"Publicado el diciembre 13, 2019.\"},{\"@type\":\"Organization\",\"@id\":\"https:\\\/\\\/candas365.es\\\/noticias\\\/#organization\",\"name\":\"Cand\\u00e1s 365\",\"description\":\"Cand\\u00e1s 365 es un diario digital independiente, fundado en 2012, con base en Asturias. Informamos con rigor sobre actualidad, sociedad, cultura y ocio, con una mirada local y global.\",\"url\":\"https:\\\/\\\/candas365.es\\\/noticias\\\/\",\"email\":\"info@candas365.es\",\"telephone\":\"+34652131393\",\"foundingDate\":\"2012-06-10\",\"logo\":{\"@type\":\"ImageObject\",\"url\":\"https:\\\/\\\/candas365.es\\\/noticias\\\/wp-content\\\/uploads\\\/2024\\\/09\\\/Candas-365-Redes.jpg\",\"@id\":\"https:\\\/\\\/candas365.es\\\/noticias\\\/carreno-estrenara-segadora\\\/#organizationLogo\",\"width\":1152,\"height\":864,\"caption\":\"Cand\\u00e1s 365 Redes\"},\"image\":{\"@id\":\"https:\\\/\\\/candas365.es\\\/noticias\\\/carreno-estrenara-segadora\\\/#organizationLogo\"},\"sameAs\":[\"https:\\\/\\\/www.facebook.com\\\/Nachofdezber\",\"https:\\\/\\\/x.com\\\/NabercoDigital\",\"https:\\\/\\\/www.instagram.com\\\/nachofdezber\\\/\",\"https:\\\/\\\/www.youtube.com\\\/channel\\\/UCZP-2wLEB9Rv6erhFmqVnvg\"],\"address\":{\"@id\":\"https:\\\/\\\/candas365.es\\\/noticias\\\/#postaladdress\",\"@type\":\"PostalAddress\",\"streetAddress\":\"san antonio 4, san antonio 4\",\"postalCode\":\"33430\",\"addressLocality\":\"Cand\\u00e1s\",\"addressRegion\":\"Asturias\",\"addressCountry\":\"ES\"}},{\"@type\":\"Person\",\"@id\":\"https:\\\/\\\/candas365.es\\\/noticias\\\/author\\\/admin\\\/#author\",\"url\":\"https:\\\/\\\/candas365.es\\\/noticias\\\/author\\\/admin\\\/\",\"name\":\"Cand\\u00e1s 365\",\"image\":{\"@type\":\"ImageObject\",\"@id\":\"https:\\\/\\\/candas365.es\\\/noticias\\\/carreno-estrenara-segadora\\\/#authorImage\",\"url\":\"https:\\\/\\\/secure.gravatar.com\\\/avatar\\\/496a8e03d0c493ede1718b7934145dbdf8d89be1036b0eec9544e1094c9de390?s=96&d=mm&r=g\",\"width\":96,\"height\":96,\"caption\":\"Cand\\u00e1s 365\"},\"sameAs\":[\"https:\\\/\\\/www.facebook.com\\\/carrenoactualidad\",\"https:\\\/\\\/twitter.com\\\/nbasturias\",\"https:\\\/\\\/www.instagram.com\\\/nachofdezber\\\/\",\"https:\\\/\\\/www.youtube.com\\\/channel\\\/UCZP-2wLEB9Rv6erhFmqVnvg\"]},{\"@type\":\"WebPage\",\"@id\":\"https:\\\/\\\/candas365.es\\\/noticias\\\/carreno-estrenara-segadora\\\/#webpage\",\"url\":\"https:\\\/\\\/candas365.es\\\/noticias\\\/carreno-estrenara-segadora\\\/\",\"name\":\"Carre\\u00f1o \\u201cestrenar\\u00e1\\u201d segadora | Cand\\u00e1s 365\",\"description\":\"El Ayuntamiento de Carre\\u00f1o, en el marco de la subvenci\\u00f3n LEADER impulsa, la mejora el Servicio Municipal de Obras con la dotaci\\u00f3n de nueva maquinaria para favorecer el mantenimiento de los espacios p\\u00fablicos municipales, entre las que se encuentra una segadora (tractor-cortacesped) de la casa John Deere Tras la presentaci\\u00f3n del Proyecto LEADER 2019-2020 \\u201cAdquisici\\u00f3n\",\"inLanguage\":\"es-ES\",\"isPartOf\":{\"@id\":\"https:\\\/\\\/candas365.es\\\/noticias\\\/#website\"},\"breadcrumb\":{\"@id\":\"https:\\\/\\\/candas365.es\\\/noticias\\\/carreno-estrenara-segadora\\\/#breadcrumblist\"},\"author\":{\"@id\":\"https:\\\/\\\/candas365.es\\\/noticias\\\/author\\\/admin\\\/#author\"},\"creator\":{\"@id\":\"https:\\\/\\\/candas365.es\\\/noticias\\\/author\\\/admin\\\/#author\"},\"image\":{\"@type\":\"ImageObject\",\"url\":\"https:\\\/\\\/candas365.es\\\/noticias\\\/wp-content\\\/uploads\\\/2019\\\/12\\\/Segadora-en-Candas.jpg\",\"@id\":\"https:\\\/\\\/candas365.es\\\/noticias\\\/carreno-estrenara-segadora\\\/#mainImage\",\"width\":612,\"height\":648},\"primaryImageOfPage\":{\"@id\":\"https:\\\/\\\/candas365.es\\\/noticias\\\/carreno-estrenara-segadora\\\/#mainImage\"},\"datePublished\":\"2019-12-13T13:19:41+01:00\",\"dateModified\":\"2019-12-13T13:19:41+01:00\"},{\"@type\":\"WebSite\",\"@id\":\"https:\\\/\\\/candas365.es\\\/noticias\\\/#website\",\"url\":\"https:\\\/\\\/candas365.es\\\/noticias\\\/\",\"name\":\"Cand\\u00e1s 365\",\"alternateName\":\"Cand\\u00e1s 365 Noticias\",\"description\":\"Actualidad desde Carre\\u00f1o para el mundo\",\"inLanguage\":\"es-ES\",\"publisher\":{\"@id\":\"https:\\\/\\\/candas365.es\\\/noticias\\\/#organization\"}}]}\n\t\t<\/script>\n\t\t<!-- All in One SEO Pro -->\r\n\t\t<title>Carre\u00f1o \u201cestrenar\u00e1\u201d segadora | Cand\u00e1s 365<\/title>\n\n","aioseo_head_json":{"title":"Carre\u00f1o \u201cestrenar\u00e1\u201d segadora | Cand\u00e1s 365","description":"El Ayuntamiento de Carre\u00f1o, en el marco de la subvenci\u00f3n LEADER impulsa, la mejora el Servicio Municipal de Obras con la dotaci\u00f3n de nueva maquinaria para favorecer el mantenimiento de los espacios p\u00fablicos municipales, entre las que se encuentra una segadora (tractor-cortacesped) de la casa John Deere Tras la presentaci\u00f3n del Proyecto LEADER 2019-2020 \u201cAdquisici\u00f3n","canonical_url":"https:\/\/candas365.es\/noticias\/carreno-estrenara-segadora\/","robots":"max-image-preview:large","keywords":"noticias carre\u00f1o","webmasterTools":{"google-site-verification":"UA-32230408-1","msvalidate.01":"354F3CDFB2DA171B47FBE9ABF1F88D5","miscellaneous":""},"schema":{"@context":"https:\/\/schema.org","@graph":[{"@type":"BreadcrumbList","@id":"https:\/\/candas365.es\/noticias\/carreno-estrenara-segadora\/#breadcrumblist","itemListElement":[{"@type":"ListItem","@id":"https:\/\/candas365.es\/noticias#listItem","position":1,"name":"Home","item":"https:\/\/candas365.es\/noticias","nextItem":{"@type":"ListItem","@id":"https:\/\/candas365.es\/noticias\/category\/noticias-carreno\/#listItem","name":"Noticias Carre\u00f1o"}},{"@type":"ListItem","@id":"https:\/\/candas365.es\/noticias\/category\/noticias-carreno\/#listItem","position":2,"name":"Noticias Carre\u00f1o","item":"https:\/\/candas365.es\/noticias\/category\/noticias-carreno\/","nextItem":{"@type":"ListItem","@id":"https:\/\/candas365.es\/noticias\/carreno-estrenara-segadora\/#listItem","name":"Carre\u00f1o \u201cestrenar\u00e1\u201d segadora"},"previousItem":{"@type":"ListItem","@id":"https:\/\/candas365.es\/noticias#listItem","name":"Home"}},{"@type":"ListItem","@id":"https:\/\/candas365.es\/noticias\/carreno-estrenara-segadora\/#listItem","position":3,"name":"Carre\u00f1o \u201cestrenar\u00e1\u201d segadora","previousItem":{"@type":"ListItem","@id":"https:\/\/candas365.es\/noticias\/category\/noticias-carreno\/#listItem","name":"Noticias Carre\u00f1o"}}]},{"@type":"NewsArticle","@id":"https:\/\/candas365.es\/noticias\/carreno-estrenara-segadora\/#newsarticle","name":"Carre\u00f1o \u201cestrenar\u00e1\u201d segadora | Cand\u00e1s 365","headline":"Carre\u00f1o \u201cestrenar\u00e1\u201d segadora","author":{"@id":"https:\/\/candas365.es\/noticias\/author\/admin\/#author"},"publisher":{"@id":"https:\/\/candas365.es\/noticias\/#organization"},"image":{"@type":"ImageObject","url":"https:\/\/candas365.es\/noticias\/wp-content\/uploads\/2019\/12\/Segadora-en-Candas.jpg","width":612,"height":648},"datePublished":"2019-12-13T13:19:41+01:00","dateModified":"2019-12-13T13:19:41+01:00","inLanguage":"es-ES","mainEntityOfPage":{"@id":"https:\/\/candas365.es\/noticias\/carreno-estrenara-segadora\/#webpage"},"isPartOf":{"@id":"https:\/\/candas365.es\/noticias\/carreno-estrenara-segadora\/#webpage"},"articleSection":"Noticias Carre\u00f1o","dateline":"Publicado el diciembre 13, 2019."},{"@type":"Organization","@id":"https:\/\/candas365.es\/noticias\/#organization","name":"Cand\u00e1s 365","description":"Cand\u00e1s 365 es un diario digital independiente, fundado en 2012, con base en Asturias. Informamos con rigor sobre actualidad, sociedad, cultura y ocio, con una mirada local y global.","url":"https:\/\/candas365.es\/noticias\/","email":"info@candas365.es","telephone":"+34652131393","foundingDate":"2012-06-10","logo":{"@type":"ImageObject","url":"https:\/\/candas365.es\/noticias\/wp-content\/uploads\/2024\/09\/Candas-365-Redes.jpg","@id":"https:\/\/candas365.es\/noticias\/carreno-estrenara-segadora\/#organizationLogo","width":1152,"height":864,"caption":"Cand\u00e1s 365 Redes"},"image":{"@id":"https:\/\/candas365.es\/noticias\/carreno-estrenara-segadora\/#organizationLogo"},"sameAs":["https:\/\/www.facebook.com\/Nachofdezber","https:\/\/x.com\/NabercoDigital","https:\/\/www.instagram.com\/nachofdezber\/","https:\/\/www.youtube.com\/channel\/UCZP-2wLEB9Rv6erhFmqVnvg"],"address":{"@id":"https:\/\/candas365.es\/noticias\/#postaladdress","@type":"PostalAddress","streetAddress":"san antonio 4, san antonio 4","postalCode":"33430","addressLocality":"Cand\u00e1s","addressRegion":"Asturias","addressCountry":"ES"}},{"@type":"Person","@id":"https:\/\/candas365.es\/noticias\/author\/admin\/#author","url":"https:\/\/candas365.es\/noticias\/author\/admin\/","name":"Cand\u00e1s 365","image":{"@type":"ImageObject","@id":"https:\/\/candas365.es\/noticias\/carreno-estrenara-segadora\/#authorImage","url":"https:\/\/secure.gravatar.com\/avatar\/496a8e03d0c493ede1718b7934145dbdf8d89be1036b0eec9544e1094c9de390?s=96&d=mm&r=g","width":96,"height":96,"caption":"Cand\u00e1s 365"},"sameAs":["https:\/\/www.facebook.com\/carrenoactualidad","https:\/\/twitter.com\/nbasturias","https:\/\/www.instagram.com\/nachofdezber\/","https:\/\/www.youtube.com\/channel\/UCZP-2wLEB9Rv6erhFmqVnvg"]},{"@type":"WebPage","@id":"https:\/\/candas365.es\/noticias\/carreno-estrenara-segadora\/#webpage","url":"https:\/\/candas365.es\/noticias\/carreno-estrenara-segadora\/","name":"Carre\u00f1o \u201cestrenar\u00e1\u201d segadora | Cand\u00e1s 365","description":"El Ayuntamiento de Carre\u00f1o, en el marco de la subvenci\u00f3n LEADER impulsa, la mejora el Servicio Municipal de Obras con la dotaci\u00f3n de nueva maquinaria para favorecer el mantenimiento de los espacios p\u00fablicos municipales, entre las que se encuentra una segadora (tractor-cortacesped) de la casa John Deere Tras la presentaci\u00f3n del Proyecto LEADER 2019-2020 \u201cAdquisici\u00f3n","inLanguage":"es-ES","isPartOf":{"@id":"https:\/\/candas365.es\/noticias\/#website"},"breadcrumb":{"@id":"https:\/\/candas365.es\/noticias\/carreno-estrenara-segadora\/#breadcrumblist"},"author":{"@id":"https:\/\/candas365.es\/noticias\/author\/admin\/#author"},"creator":{"@id":"https:\/\/candas365.es\/noticias\/author\/admin\/#author"},"image":{"@type":"ImageObject","url":"https:\/\/candas365.es\/noticias\/wp-content\/uploads\/2019\/12\/Segadora-en-Candas.jpg","@id":"https:\/\/candas365.es\/noticias\/carreno-estrenara-segadora\/#mainImage","width":612,"height":648},"primaryImageOfPage":{"@id":"https:\/\/candas365.es\/noticias\/carreno-estrenara-segadora\/#mainImage"},"datePublished":"2019-12-13T13:19:41+01:00","dateModified":"2019-12-13T13:19:41+01:00"},{"@type":"WebSite","@id":"https:\/\/candas365.es\/noticias\/#website","url":"https:\/\/candas365.es\/noticias\/","name":"Cand\u00e1s 365","alternateName":"Cand\u00e1s 365 Noticias","description":"Actualidad desde Carre\u00f1o para el mundo","inLanguage":"es-ES","publisher":{"@id":"https:\/\/candas365.es\/noticias\/#organization"}}]},"og:locale":"es_ES","og:site_name":"Cand\u00e1s 365","og:type":"article","og:title":"Carre\u00f1o \u201cestrenar\u00e1\u201d segadora | Cand\u00e1s 365","og:description":"El Ayuntamiento de Carre\u00f1o, en el marco de la subvenci\u00f3n LEADER impulsa, la mejora el Servicio Municipal de Obras con la dotaci\u00f3n de nueva maquinaria para favorecer el mantenimiento de los espacios p\u00fablicos municipales, entre las que se encuentra una segadora (tractor-cortacesped) de la casa John Deere Tras la presentaci\u00f3n del Proyecto LEADER 2019-2020 \u201cAdquisici\u00f3n","og:url":"https:\/\/candas365.es\/noticias\/carreno-estrenara-segadora\/","og:image":"https:\/\/candas365.es\/noticias\/wp-content\/uploads\/2019\/12\/Segadora-en-Candas.jpg","og:image:secure_url":"https:\/\/candas365.es\/noticias\/wp-content\/uploads\/2019\/12\/Segadora-en-Candas.jpg","og:image:width":612,"og:image:height":648,"article:published_time":"2019-12-13T13:19:41+00:00","article:modified_time":"2019-12-13T13:19:41+00:00","article:publisher":"https:\/\/www.facebook.com\/Nachofdezber","article:author":"https:\/\/www.facebook.com\/carrenoactualidad","twitter:card":"summary_large_image","twitter:site":"@NabercoDigital","twitter:title":"Carre\u00f1o \u201cestrenar\u00e1\u201d segadora | Cand\u00e1s 365","twitter:description":"El Ayuntamiento de Carre\u00f1o, en el marco de la subvenci\u00f3n LEADER impulsa, la mejora el Servicio Municipal de Obras con la dotaci\u00f3n de nueva maquinaria para favorecer el mantenimiento de los espacios p\u00fablicos municipales, entre las que se encuentra una segadora (tractor-cortacesped) de la casa John Deere Tras la presentaci\u00f3n del Proyecto LEADER 2019-2020 \u201cAdquisici\u00f3n","twitter:creator":"@nbasturias","twitter:image":"https:\/\/candas365.es\/noticias\/wp-content\/uploads\/2019\/12\/Segadora-en-Candas.jpg","twitter:label1":"Escrito por","twitter:data1":"Cand\u00e1s 365","twitter:label2":"Tiempo de lectura estimado","twitter:data2":"2 minutos"},"aioseo_meta_data":{"post_id":"134695","title":null,"description":null,"keywords":null,"keyphrases":null,"primary_term":null,"canonical_url":null,"og_title":null,"og_description":null,"og_object_type":"default","og_image_type":"default","og_image_url":null,"og_image_width":null,"og_image_height":null,"og_image_custom_url":null,"og_image_custom_fields":null,"og_video":null,"og_custom_url":null,"og_article_section":null,"og_article_tags":null,"twitter_use_og":false,"twitter_card":"default","twitter_image_type":"default","twitter_image_url":null,"twitter_image_custom_url":null,"twitter_image_custom_fields":null,"twitter_title":null,"twitter_description":null,"schema":{"blockGraphs":[],"customGraphs":[],"default":{"data":{"Article":[],"Course":[],"Dataset":[],"FAQPage":[],"Movie":[],"Person":[],"Product":[],"ProductReview":[],"Car":[],"Recipe":[],"Service":[],"SoftwareApplication":[],"WebPage":[]},"graphName":"","isEnabled":true},"graphs":[],"defaultGraph":"","defaultPostTypeGraph":""},"schema_type":null,"schema_type_options":null,"pillar_content":false,"robots_default":true,"robots_noindex":false,"robots_noarchive":false,"robots_nosnippet":false,"robots_nofollow":false,"robots_noimageindex":false,"robots_noodp":false,"robots_notranslate":false,"robots_max_snippet":null,"robots_max_videopreview":null,"robots_max_imagepreview":"large","priority":null,"frequency":null,"location":null,"local_seo":null,"seo_analyzer_scan_date":"2025-08-30 19:31:20","breadcrumb_settings":null,"limit_modified_date":false,"reviewed_by":null,"open_ai":null,"ai":null,"created":"2020-12-21 10:49:18","updated":"2025-08-30 19:31:20"},"aioseo_breadcrumb":"<div class=\"aioseo-breadcrumbs\"><span class=\"aioseo-breadcrumb\">\n\t<a href=\"https:\/\/candas365.es\/noticias\" title=\"Home\">Home<\/a>\n<\/span><span class=\"aioseo-breadcrumb-separator\">&ndash;<\/span><span class=\"aioseo-breadcrumb\">\n\t<a href=\"https:\/\/candas365.es\/noticias\/category\/noticias-carreno\/\" title=\"Noticias Carre\u00f1o\">Noticias Carre\u00f1o<\/a>\n<\/span><span class=\"aioseo-breadcrumb-separator\">&ndash;<\/span><span class=\"aioseo-breadcrumb\">\n\tCarre\u00f1o \u201cestrenar\u00e1\u201d segadora\n<\/span><\/div>","aioseo_breadcrumb_json":[{"label":"Home","link":"https:\/\/candas365.es\/noticias"},{"label":"Noticias Carre\u00f1o","link":"https:\/\/candas365.es\/noticias\/category\/noticias-carreno\/"},{"label":"Carre\u00f1o \u201cestrenar\u00e1\u201d segadora","link":"https:\/\/candas365.es\/noticias\/carreno-estrenara-segadora\/"}],"_links":{"self":[{"href":"https:\/\/candas365.es\/noticias\/wp-json\/wp\/v2\/posts\/134695","targetHints":{"allow":["GET"]}}],"collection":[{"href":"https:\/\/candas365.es\/noticias\/wp-json\/wp\/v2\/posts"}],"about":[{"href":"https:\/\/candas365.es\/noticias\/wp-json\/wp\/v2\/types\/post"}],"author":[{"embeddable":true,"href":"https:\/\/candas365.es\/noticias\/wp-json\/wp\/v2\/users\/1"}],"replies":[{"embeddable":true,"href":"https:\/\/candas365.es\/noticias\/wp-json\/wp\/v2\/comments?post=134695"}],"version-history":[{"count":0,"href":"https:\/\/candas365.es\/noticias\/wp-json\/wp\/v2\/posts\/134695\/revisions"}],"wp:featuredmedia":[{"embeddable":true,"href":"https:\/\/candas365.es\/noticias\/wp-json\/wp\/v2\/media\/134696"}],"wp:attachment":[{"href":"https:\/\/candas365.es\/noticias\/wp-json\/wp\/v2\/media?parent=134695"}],"wp:term":[{"taxonomy":"category","embeddable":true,"href":"https:\/\/candas365.es\/noticias\/wp-json\/wp\/v2\/categories?post=134695"},{"taxonomy":"post_tag","embeddable":true,"href":"https:\/\/candas365.es\/noticias\/wp-json\/wp\/v2\/tags?post=134695"}],"curies":[{"name":"wp","href":"https:\/\/api.w.org\/{rel}","templated":true}]}}