{"id":134686,"date":"2019-12-13T09:23:36","date_gmt":"2019-12-13T09:23:36","guid":{"rendered":"http:\/\/candas365.es\/noticias\/?p=134686"},"modified":"2019-12-13T09:23:36","modified_gmt":"2019-12-13T09:23:36","slug":"reabre-el-museo-de-la-biblia-en-munster-con-una-biblia-de-lutero","status":"publish","type":"post","link":"https:\/\/candas365.es\/noticias\/reabre-el-museo-de-la-biblia-en-munster-con-una-biblia-de-lutero\/","title":{"rendered":"Reabre el Museo de la Biblia en M\u00fcnster con una Biblia de Lutero"},"content":{"rendered":"<figure id=\"attachment_134687\" aria-describedby=\"caption-attachment-134687\" style=\"width: 360px\" class=\"wp-caption alignleft\"><img fetchpriority=\"high\" decoding=\"async\" class=\"size-medium wp-image-134687\" src=\"https:\/\/candas365.es\/noticias\/wp-content\/uploads\/2019\/12\/El-Museo-de-la-Biblia-dpa-360x249.jpg\" alt=\"\" width=\"360\" height=\"249\" srcset=\"https:\/\/candas365.es\/noticias\/wp-content\/uploads\/2019\/12\/El-Museo-de-la-Biblia-dpa-360x249.jpg 360w, https:\/\/candas365.es\/noticias\/wp-content\/uploads\/2019\/12\/El-Museo-de-la-Biblia-dpa-655x454.jpg 655w, https:\/\/candas365.es\/noticias\/wp-content\/uploads\/2019\/12\/El-Museo-de-la-Biblia-dpa-768x532.jpg 768w, https:\/\/candas365.es\/noticias\/wp-content\/uploads\/2019\/12\/El-Museo-de-la-Biblia-dpa-218x150.jpg 218w, https:\/\/candas365.es\/noticias\/wp-content\/uploads\/2019\/12\/El-Museo-de-la-Biblia-dpa-696x482.jpg 696w, https:\/\/candas365.es\/noticias\/wp-content\/uploads\/2019\/12\/El-Museo-de-la-Biblia-dpa-607x420.jpg 607w, https:\/\/candas365.es\/noticias\/wp-content\/uploads\/2019\/12\/El-Museo-de-la-Biblia-dpa-100x70.jpg 100w, https:\/\/candas365.es\/noticias\/wp-content\/uploads\/2019\/12\/El-Museo-de-la-Biblia-dpa.jpg 972w\" sizes=\"(max-width: 360px) 100vw, 360px\" \/><figcaption id=\"caption-attachment-134687\" class=\"wp-caption-text\">Foto: Guido Kirchner\/dpa<\/figcaption><\/figure>\n<p>M\u00fcnster (Alemania), 12 dic (dpa) &#8211; El Museo de la Biblia reabrir\u00e1 ma\u00f1ana sus puertas en la Universidad de la ciudad alemana de M\u00fcnster con cerca de 1.500 piezas en exhibici\u00f3n, despu\u00e9s de haber permanecido cerrado durante cinco a\u00f1os y medio por obras de reconstrucci\u00f3n.<\/p>\n<p>Una de las piezas m\u00e1s importantes de la colecci\u00f3n es una Biblia de Lutero con una dedicatoria escrita por el l\u00edder de la reforma en los \u00faltimos d\u00edas de su vida.<\/p>\n<p>Tambi\u00e9n se exponen por primera vez las 650 biblias en lengua antigua de la colecci\u00f3n \u00abWalter Remy\u00bb, la colecci\u00f3n b\u00edblica privada m\u00e1s grande de Europa.<\/p>\n<p>En general, el Museo de la Biblia se centra en el Nuevo Testamento Griego y la Biblia Alemana. A los visitantes se les mostrar\u00e1 la historia de la Biblia sobre la base de los valiosos documentos originales y en el futuro se sumar\u00e1n visitas guiadas con gafas de realidad virtual.<\/p>\n<p>Pero la investigaci\u00f3n tambi\u00e9n encontrar\u00e1 aqu\u00ed una importante reserva de importantes objetos de investigaci\u00f3n, seg\u00fan anunci\u00f3 hoy la Westf\u00e4lische Wilhelms-Universit\u00e4t (Universidad Wilhelm de Westfalia).<\/p>\n<p>Entre otras cosas, los cient\u00edficos del Instituto de Investigaci\u00f3n de Textos del Nuevo Testamento, al que pertenece el Museo de la Biblia, intentan reconstruir la redacci\u00f3n exacta de la versi\u00f3n original de la Biblia con la ayuda de los manuscritos.<\/p>\n<p>Tambi\u00e9n se reconstruy\u00f3 el Museo Arqueol\u00f3gico de la Universidad, situado justo al lado del Museo de la Biblia.<\/p>\n<p>All\u00ed se exhibir\u00e1, entre otros objetos, una gran maqueta de la antigua plaza del mercado del \u00c1gora en Atenas.<\/p>\n<p>Posteriormente ser\u00e1 exhibida la denominada \u00abmomia de M\u00fcnster\u00bb, que actualmente se encuentra a pr\u00e9stamo en Jap\u00f3n y que ha sido reconstruida con gran esmero.<\/p>\n<p>Ambos museos ser\u00e1n reinaugurados en la noche del viernes con una fiesta de apertura.<\/p>\n","protected":false},"excerpt":{"rendered":"<p>M\u00fcnster (Alemania), 12 dic (dpa) &#8211; El Museo de la Biblia reabrir\u00e1 ma\u00f1ana sus puertas en la Universidad de la ciudad alemana de M\u00fcnster con cerca de 1.500 piezas en exhibici\u00f3n, despu\u00e9s de haber permanecido cerrado durante cinco a\u00f1os y medio por obras de reconstrucci\u00f3n. Una de las piezas m\u00e1s importantes de la colecci\u00f3n es<\/p>\n","protected":false},"author":1,"featured_media":134687,"comment_status":"closed","ping_status":"closed","sticky":false,"template":"","format":"standard","meta":{"footnotes":""},"categories":[142],"tags":[],"class_list":{"0":"post-134686","1":"post","2":"type-post","3":"status-publish","4":"format-standard","5":"has-post-thumbnail","7":"category-revista"},"aioseo_notices":[],"aioseo_head":"\n\t\t<!-- All in One SEO Pro 4.9.6.2 - aioseo.com -->\n\t<meta name=\"description\" content=\"M\u00fcnster (Alemania), 12 dic (dpa) - El Museo de la Biblia reabrir\u00e1 ma\u00f1ana sus puertas en la Universidad de la ciudad alemana de M\u00fcnster con cerca de 1.500 piezas en exhibici\u00f3n, despu\u00e9s de haber permanecido cerrado durante cinco a\u00f1os y medio por obras de reconstrucci\u00f3n. Una de las piezas m\u00e1s importantes de la colecci\u00f3n es\" \/>\n\t<meta name=\"robots\" content=\"max-image-preview:large\" \/>\n\t<meta name=\"author\" content=\"Cand\u00e1s 365\"\/>\n\t<meta name=\"google-site-verification\" content=\"UA-32230408-1\" \/>\n\t<meta name=\"msvalidate.01\" content=\"354F3CDFB2DA171B47FBE9ABF1F88D5\" \/>\n\t<meta name=\"keywords\" content=\"revista\" \/>\n\t<link rel=\"canonical\" href=\"https:\/\/candas365.es\/noticias\/reabre-el-museo-de-la-biblia-en-munster-con-una-biblia-de-lutero\/\" \/>\n\t<meta name=\"generator\" content=\"All in One SEO Pro (AIOSEO) 4.9.6.2\" \/>\n\t\t<meta property=\"og:locale\" content=\"es_ES\" \/>\n\t\t<meta property=\"og:site_name\" content=\"Cand\u00e1s 365\" \/>\n\t\t<meta property=\"og:type\" content=\"article\" \/>\n\t\t<meta property=\"og:title\" content=\"Reabre el Museo de la Biblia en M\u00fcnster con una Biblia de Lutero | Cand\u00e1s 365\" \/>\n\t\t<meta property=\"og:description\" content=\"M\u00fcnster (Alemania), 12 dic (dpa) - El Museo de la Biblia reabrir\u00e1 ma\u00f1ana sus puertas en la Universidad de la ciudad alemana de M\u00fcnster con cerca de 1.500 piezas en exhibici\u00f3n, despu\u00e9s de haber permanecido cerrado durante cinco a\u00f1os y medio por obras de reconstrucci\u00f3n. Una de las piezas m\u00e1s importantes de la colecci\u00f3n es\" \/>\n\t\t<meta property=\"og:url\" content=\"https:\/\/candas365.es\/noticias\/reabre-el-museo-de-la-biblia-en-munster-con-una-biblia-de-lutero\/\" \/>\n\t\t<meta property=\"og:image\" content=\"https:\/\/candas365.es\/noticias\/wp-content\/uploads\/2019\/12\/El-Museo-de-la-Biblia-dpa.jpg\" \/>\n\t\t<meta property=\"og:image:secure_url\" content=\"https:\/\/candas365.es\/noticias\/wp-content\/uploads\/2019\/12\/El-Museo-de-la-Biblia-dpa.jpg\" \/>\n\t\t<meta property=\"og:image:width\" content=\"972\" \/>\n\t\t<meta property=\"og:image:height\" content=\"673\" \/>\n\t\t<meta property=\"article:published_time\" content=\"2019-12-13T09:23:36+00:00\" \/>\n\t\t<meta property=\"article:modified_time\" content=\"2019-12-13T09:23:36+00:00\" \/>\n\t\t<meta property=\"article:publisher\" content=\"https:\/\/www.facebook.com\/Nachofdezber\" \/>\n\t\t<meta property=\"article:author\" content=\"https:\/\/www.facebook.com\/carrenoactualidad\" \/>\n\t\t<meta name=\"twitter:card\" content=\"summary_large_image\" \/>\n\t\t<meta name=\"twitter:site\" content=\"@NabercoDigital\" \/>\n\t\t<meta name=\"twitter:title\" content=\"Reabre el Museo de la Biblia en M\u00fcnster con una Biblia de Lutero | Cand\u00e1s 365\" \/>\n\t\t<meta name=\"twitter:description\" content=\"M\u00fcnster (Alemania), 12 dic (dpa) - El Museo de la Biblia reabrir\u00e1 ma\u00f1ana sus puertas en la Universidad de la ciudad alemana de M\u00fcnster con cerca de 1.500 piezas en exhibici\u00f3n, despu\u00e9s de haber permanecido cerrado durante cinco a\u00f1os y medio por obras de reconstrucci\u00f3n. Una de las piezas m\u00e1s importantes de la colecci\u00f3n es\" \/>\n\t\t<meta name=\"twitter:creator\" content=\"@nbasturias\" \/>\n\t\t<meta name=\"twitter:image\" content=\"https:\/\/candas365.es\/noticias\/wp-content\/uploads\/2019\/12\/El-Museo-de-la-Biblia-dpa.jpg\" \/>\n\t\t<meta name=\"twitter:label1\" content=\"Escrito por\" \/>\n\t\t<meta name=\"twitter:data1\" content=\"Cand\u00e1s 365\" \/>\n\t\t<meta name=\"twitter:label2\" content=\"Tiempo de lectura estimado\" \/>\n\t\t<meta name=\"twitter:data2\" content=\"2 minutos\" \/>\n\t\t<script type=\"application\/ld+json\" class=\"aioseo-schema\">\n\t\t\t{\"@context\":\"https:\\\/\\\/schema.org\",\"@graph\":[{\"@type\":\"BreadcrumbList\",\"@id\":\"https:\\\/\\\/candas365.es\\\/noticias\\\/reabre-el-museo-de-la-biblia-en-munster-con-una-biblia-de-lutero\\\/#breadcrumblist\",\"itemListElement\":[{\"@type\":\"ListItem\",\"@id\":\"https:\\\/\\\/candas365.es\\\/noticias#listItem\",\"position\":1,\"name\":\"Home\",\"item\":\"https:\\\/\\\/candas365.es\\\/noticias\",\"nextItem\":{\"@type\":\"ListItem\",\"@id\":\"https:\\\/\\\/candas365.es\\\/noticias\\\/category\\\/revista\\\/#listItem\",\"name\":\"Revista\"}},{\"@type\":\"ListItem\",\"@id\":\"https:\\\/\\\/candas365.es\\\/noticias\\\/category\\\/revista\\\/#listItem\",\"position\":2,\"name\":\"Revista\",\"item\":\"https:\\\/\\\/candas365.es\\\/noticias\\\/category\\\/revista\\\/\",\"nextItem\":{\"@type\":\"ListItem\",\"@id\":\"https:\\\/\\\/candas365.es\\\/noticias\\\/reabre-el-museo-de-la-biblia-en-munster-con-una-biblia-de-lutero\\\/#listItem\",\"name\":\"Reabre el Museo de la Biblia en M\\u00fcnster con una Biblia de Lutero\"},\"previousItem\":{\"@type\":\"ListItem\",\"@id\":\"https:\\\/\\\/candas365.es\\\/noticias#listItem\",\"name\":\"Home\"}},{\"@type\":\"ListItem\",\"@id\":\"https:\\\/\\\/candas365.es\\\/noticias\\\/reabre-el-museo-de-la-biblia-en-munster-con-una-biblia-de-lutero\\\/#listItem\",\"position\":3,\"name\":\"Reabre el Museo de la Biblia en M\\u00fcnster con una Biblia de Lutero\",\"previousItem\":{\"@type\":\"ListItem\",\"@id\":\"https:\\\/\\\/candas365.es\\\/noticias\\\/category\\\/revista\\\/#listItem\",\"name\":\"Revista\"}}]},{\"@type\":\"NewsArticle\",\"@id\":\"https:\\\/\\\/candas365.es\\\/noticias\\\/reabre-el-museo-de-la-biblia-en-munster-con-una-biblia-de-lutero\\\/#newsarticle\",\"name\":\"Reabre el Museo de la Biblia en M\\u00fcnster con una Biblia de Lutero | Cand\\u00e1s 365\",\"headline\":\"Reabre el Museo de la Biblia en M\\u00fcnster con una Biblia de Lutero\",\"author\":{\"@id\":\"https:\\\/\\\/candas365.es\\\/noticias\\\/author\\\/admin\\\/#author\"},\"publisher\":{\"@id\":\"https:\\\/\\\/candas365.es\\\/noticias\\\/#organization\"},\"image\":{\"@type\":\"ImageObject\",\"url\":\"https:\\\/\\\/candas365.es\\\/noticias\\\/wp-content\\\/uploads\\\/2019\\\/12\\\/El-Museo-de-la-Biblia-dpa.jpg\",\"width\":972,\"height\":673,\"caption\":\"Foto: Guido Kirchner\\\/dpa\"},\"datePublished\":\"2019-12-13T09:23:36+01:00\",\"dateModified\":\"2019-12-13T09:23:36+01:00\",\"inLanguage\":\"es-ES\",\"mainEntityOfPage\":{\"@id\":\"https:\\\/\\\/candas365.es\\\/noticias\\\/reabre-el-museo-de-la-biblia-en-munster-con-una-biblia-de-lutero\\\/#webpage\"},\"isPartOf\":{\"@id\":\"https:\\\/\\\/candas365.es\\\/noticias\\\/reabre-el-museo-de-la-biblia-en-munster-con-una-biblia-de-lutero\\\/#webpage\"},\"articleSection\":\"Revista\",\"dateline\":\"Publicado el diciembre 13, 2019.\"},{\"@type\":\"Organization\",\"@id\":\"https:\\\/\\\/candas365.es\\\/noticias\\\/#organization\",\"name\":\"Cand\\u00e1s 365\",\"description\":\"Cand\\u00e1s 365 es un diario digital independiente, fundado en 2012, con base en Asturias. Informamos con rigor sobre actualidad, sociedad, cultura y ocio, con una mirada local y global.\",\"url\":\"https:\\\/\\\/candas365.es\\\/noticias\\\/\",\"email\":\"info@candas365.es\",\"telephone\":\"+34652131393\",\"foundingDate\":\"2012-06-10\",\"logo\":{\"@type\":\"ImageObject\",\"url\":\"https:\\\/\\\/candas365.es\\\/noticias\\\/wp-content\\\/uploads\\\/2024\\\/09\\\/Candas-365-Redes.jpg\",\"@id\":\"https:\\\/\\\/candas365.es\\\/noticias\\\/reabre-el-museo-de-la-biblia-en-munster-con-una-biblia-de-lutero\\\/#organizationLogo\",\"width\":1152,\"height\":864,\"caption\":\"Cand\\u00e1s 365 Redes\"},\"image\":{\"@id\":\"https:\\\/\\\/candas365.es\\\/noticias\\\/reabre-el-museo-de-la-biblia-en-munster-con-una-biblia-de-lutero\\\/#organizationLogo\"},\"sameAs\":[\"https:\\\/\\\/www.facebook.com\\\/Nachofdezber\",\"https:\\\/\\\/x.com\\\/NabercoDigital\",\"https:\\\/\\\/www.instagram.com\\\/nachofdezber\\\/\",\"https:\\\/\\\/www.youtube.com\\\/channel\\\/UCZP-2wLEB9Rv6erhFmqVnvg\"],\"address\":{\"@id\":\"https:\\\/\\\/candas365.es\\\/noticias\\\/#postaladdress\",\"@type\":\"PostalAddress\",\"streetAddress\":\"san antonio 4, san antonio 4\",\"postalCode\":\"33430\",\"addressLocality\":\"Cand\\u00e1s\",\"addressRegion\":\"Asturias\",\"addressCountry\":\"ES\"}},{\"@type\":\"Person\",\"@id\":\"https:\\\/\\\/candas365.es\\\/noticias\\\/author\\\/admin\\\/#author\",\"url\":\"https:\\\/\\\/candas365.es\\\/noticias\\\/author\\\/admin\\\/\",\"name\":\"Cand\\u00e1s 365\",\"image\":{\"@type\":\"ImageObject\",\"@id\":\"https:\\\/\\\/candas365.es\\\/noticias\\\/reabre-el-museo-de-la-biblia-en-munster-con-una-biblia-de-lutero\\\/#authorImage\",\"url\":\"https:\\\/\\\/secure.gravatar.com\\\/avatar\\\/496a8e03d0c493ede1718b7934145dbdf8d89be1036b0eec9544e1094c9de390?s=96&d=mm&r=g\",\"width\":96,\"height\":96,\"caption\":\"Cand\\u00e1s 365\"},\"sameAs\":[\"https:\\\/\\\/www.facebook.com\\\/carrenoactualidad\",\"https:\\\/\\\/twitter.com\\\/nbasturias\",\"https:\\\/\\\/www.instagram.com\\\/nachofdezber\\\/\",\"https:\\\/\\\/www.youtube.com\\\/channel\\\/UCZP-2wLEB9Rv6erhFmqVnvg\"]},{\"@type\":\"WebPage\",\"@id\":\"https:\\\/\\\/candas365.es\\\/noticias\\\/reabre-el-museo-de-la-biblia-en-munster-con-una-biblia-de-lutero\\\/#webpage\",\"url\":\"https:\\\/\\\/candas365.es\\\/noticias\\\/reabre-el-museo-de-la-biblia-en-munster-con-una-biblia-de-lutero\\\/\",\"name\":\"Reabre el Museo de la Biblia en M\\u00fcnster con una Biblia de Lutero | Cand\\u00e1s 365\",\"description\":\"M\\u00fcnster (Alemania), 12 dic (dpa) - El Museo de la Biblia reabrir\\u00e1 ma\\u00f1ana sus puertas en la Universidad de la ciudad alemana de M\\u00fcnster con cerca de 1.500 piezas en exhibici\\u00f3n, despu\\u00e9s de haber permanecido cerrado durante cinco a\\u00f1os y medio por obras de reconstrucci\\u00f3n. Una de las piezas m\\u00e1s importantes de la colecci\\u00f3n es\",\"inLanguage\":\"es-ES\",\"isPartOf\":{\"@id\":\"https:\\\/\\\/candas365.es\\\/noticias\\\/#website\"},\"breadcrumb\":{\"@id\":\"https:\\\/\\\/candas365.es\\\/noticias\\\/reabre-el-museo-de-la-biblia-en-munster-con-una-biblia-de-lutero\\\/#breadcrumblist\"},\"author\":{\"@id\":\"https:\\\/\\\/candas365.es\\\/noticias\\\/author\\\/admin\\\/#author\"},\"creator\":{\"@id\":\"https:\\\/\\\/candas365.es\\\/noticias\\\/author\\\/admin\\\/#author\"},\"image\":{\"@type\":\"ImageObject\",\"url\":\"https:\\\/\\\/candas365.es\\\/noticias\\\/wp-content\\\/uploads\\\/2019\\\/12\\\/El-Museo-de-la-Biblia-dpa.jpg\",\"@id\":\"https:\\\/\\\/candas365.es\\\/noticias\\\/reabre-el-museo-de-la-biblia-en-munster-con-una-biblia-de-lutero\\\/#mainImage\",\"width\":972,\"height\":673,\"caption\":\"Foto: Guido Kirchner\\\/dpa\"},\"primaryImageOfPage\":{\"@id\":\"https:\\\/\\\/candas365.es\\\/noticias\\\/reabre-el-museo-de-la-biblia-en-munster-con-una-biblia-de-lutero\\\/#mainImage\"},\"datePublished\":\"2019-12-13T09:23:36+01:00\",\"dateModified\":\"2019-12-13T09:23:36+01:00\"},{\"@type\":\"WebSite\",\"@id\":\"https:\\\/\\\/candas365.es\\\/noticias\\\/#website\",\"url\":\"https:\\\/\\\/candas365.es\\\/noticias\\\/\",\"name\":\"Cand\\u00e1s 365\",\"alternateName\":\"Cand\\u00e1s 365 Noticias\",\"description\":\"Actualidad desde Carre\\u00f1o para el mundo\",\"inLanguage\":\"es-ES\",\"publisher\":{\"@id\":\"https:\\\/\\\/candas365.es\\\/noticias\\\/#organization\"}}]}\n\t\t<\/script>\n\t\t<!-- All in One SEO Pro -->\r\n\t\t<title>Reabre el Museo de la Biblia en M\u00fcnster con una Biblia de Lutero | Cand\u00e1s 365<\/title>\n\n","aioseo_head_json":{"title":"Reabre el Museo de la Biblia en M\u00fcnster con una Biblia de Lutero | Cand\u00e1s 365","description":"M\u00fcnster (Alemania), 12 dic (dpa) - El Museo de la Biblia reabrir\u00e1 ma\u00f1ana sus puertas en la Universidad de la ciudad alemana de M\u00fcnster con cerca de 1.500 piezas en exhibici\u00f3n, despu\u00e9s de haber permanecido cerrado durante cinco a\u00f1os y medio por obras de reconstrucci\u00f3n. Una de las piezas m\u00e1s importantes de la colecci\u00f3n es","canonical_url":"https:\/\/candas365.es\/noticias\/reabre-el-museo-de-la-biblia-en-munster-con-una-biblia-de-lutero\/","robots":"max-image-preview:large","keywords":"revista","webmasterTools":{"google-site-verification":"UA-32230408-1","msvalidate.01":"354F3CDFB2DA171B47FBE9ABF1F88D5","miscellaneous":""},"schema":{"@context":"https:\/\/schema.org","@graph":[{"@type":"BreadcrumbList","@id":"https:\/\/candas365.es\/noticias\/reabre-el-museo-de-la-biblia-en-munster-con-una-biblia-de-lutero\/#breadcrumblist","itemListElement":[{"@type":"ListItem","@id":"https:\/\/candas365.es\/noticias#listItem","position":1,"name":"Home","item":"https:\/\/candas365.es\/noticias","nextItem":{"@type":"ListItem","@id":"https:\/\/candas365.es\/noticias\/category\/revista\/#listItem","name":"Revista"}},{"@type":"ListItem","@id":"https:\/\/candas365.es\/noticias\/category\/revista\/#listItem","position":2,"name":"Revista","item":"https:\/\/candas365.es\/noticias\/category\/revista\/","nextItem":{"@type":"ListItem","@id":"https:\/\/candas365.es\/noticias\/reabre-el-museo-de-la-biblia-en-munster-con-una-biblia-de-lutero\/#listItem","name":"Reabre el Museo de la Biblia en M\u00fcnster con una Biblia de Lutero"},"previousItem":{"@type":"ListItem","@id":"https:\/\/candas365.es\/noticias#listItem","name":"Home"}},{"@type":"ListItem","@id":"https:\/\/candas365.es\/noticias\/reabre-el-museo-de-la-biblia-en-munster-con-una-biblia-de-lutero\/#listItem","position":3,"name":"Reabre el Museo de la Biblia en M\u00fcnster con una Biblia de Lutero","previousItem":{"@type":"ListItem","@id":"https:\/\/candas365.es\/noticias\/category\/revista\/#listItem","name":"Revista"}}]},{"@type":"NewsArticle","@id":"https:\/\/candas365.es\/noticias\/reabre-el-museo-de-la-biblia-en-munster-con-una-biblia-de-lutero\/#newsarticle","name":"Reabre el Museo de la Biblia en M\u00fcnster con una Biblia de Lutero | Cand\u00e1s 365","headline":"Reabre el Museo de la Biblia en M\u00fcnster con una Biblia de Lutero","author":{"@id":"https:\/\/candas365.es\/noticias\/author\/admin\/#author"},"publisher":{"@id":"https:\/\/candas365.es\/noticias\/#organization"},"image":{"@type":"ImageObject","url":"https:\/\/candas365.es\/noticias\/wp-content\/uploads\/2019\/12\/El-Museo-de-la-Biblia-dpa.jpg","width":972,"height":673,"caption":"Foto: Guido Kirchner\/dpa"},"datePublished":"2019-12-13T09:23:36+01:00","dateModified":"2019-12-13T09:23:36+01:00","inLanguage":"es-ES","mainEntityOfPage":{"@id":"https:\/\/candas365.es\/noticias\/reabre-el-museo-de-la-biblia-en-munster-con-una-biblia-de-lutero\/#webpage"},"isPartOf":{"@id":"https:\/\/candas365.es\/noticias\/reabre-el-museo-de-la-biblia-en-munster-con-una-biblia-de-lutero\/#webpage"},"articleSection":"Revista","dateline":"Publicado el diciembre 13, 2019."},{"@type":"Organization","@id":"https:\/\/candas365.es\/noticias\/#organization","name":"Cand\u00e1s 365","description":"Cand\u00e1s 365 es un diario digital independiente, fundado en 2012, con base en Asturias. Informamos con rigor sobre actualidad, sociedad, cultura y ocio, con una mirada local y global.","url":"https:\/\/candas365.es\/noticias\/","email":"info@candas365.es","telephone":"+34652131393","foundingDate":"2012-06-10","logo":{"@type":"ImageObject","url":"https:\/\/candas365.es\/noticias\/wp-content\/uploads\/2024\/09\/Candas-365-Redes.jpg","@id":"https:\/\/candas365.es\/noticias\/reabre-el-museo-de-la-biblia-en-munster-con-una-biblia-de-lutero\/#organizationLogo","width":1152,"height":864,"caption":"Cand\u00e1s 365 Redes"},"image":{"@id":"https:\/\/candas365.es\/noticias\/reabre-el-museo-de-la-biblia-en-munster-con-una-biblia-de-lutero\/#organizationLogo"},"sameAs":["https:\/\/www.facebook.com\/Nachofdezber","https:\/\/x.com\/NabercoDigital","https:\/\/www.instagram.com\/nachofdezber\/","https:\/\/www.youtube.com\/channel\/UCZP-2wLEB9Rv6erhFmqVnvg"],"address":{"@id":"https:\/\/candas365.es\/noticias\/#postaladdress","@type":"PostalAddress","streetAddress":"san antonio 4, san antonio 4","postalCode":"33430","addressLocality":"Cand\u00e1s","addressRegion":"Asturias","addressCountry":"ES"}},{"@type":"Person","@id":"https:\/\/candas365.es\/noticias\/author\/admin\/#author","url":"https:\/\/candas365.es\/noticias\/author\/admin\/","name":"Cand\u00e1s 365","image":{"@type":"ImageObject","@id":"https:\/\/candas365.es\/noticias\/reabre-el-museo-de-la-biblia-en-munster-con-una-biblia-de-lutero\/#authorImage","url":"https:\/\/secure.gravatar.com\/avatar\/496a8e03d0c493ede1718b7934145dbdf8d89be1036b0eec9544e1094c9de390?s=96&d=mm&r=g","width":96,"height":96,"caption":"Cand\u00e1s 365"},"sameAs":["https:\/\/www.facebook.com\/carrenoactualidad","https:\/\/twitter.com\/nbasturias","https:\/\/www.instagram.com\/nachofdezber\/","https:\/\/www.youtube.com\/channel\/UCZP-2wLEB9Rv6erhFmqVnvg"]},{"@type":"WebPage","@id":"https:\/\/candas365.es\/noticias\/reabre-el-museo-de-la-biblia-en-munster-con-una-biblia-de-lutero\/#webpage","url":"https:\/\/candas365.es\/noticias\/reabre-el-museo-de-la-biblia-en-munster-con-una-biblia-de-lutero\/","name":"Reabre el Museo de la Biblia en M\u00fcnster con una Biblia de Lutero | Cand\u00e1s 365","description":"M\u00fcnster (Alemania), 12 dic (dpa) - El Museo de la Biblia reabrir\u00e1 ma\u00f1ana sus puertas en la Universidad de la ciudad alemana de M\u00fcnster con cerca de 1.500 piezas en exhibici\u00f3n, despu\u00e9s de haber permanecido cerrado durante cinco a\u00f1os y medio por obras de reconstrucci\u00f3n. Una de las piezas m\u00e1s importantes de la colecci\u00f3n es","inLanguage":"es-ES","isPartOf":{"@id":"https:\/\/candas365.es\/noticias\/#website"},"breadcrumb":{"@id":"https:\/\/candas365.es\/noticias\/reabre-el-museo-de-la-biblia-en-munster-con-una-biblia-de-lutero\/#breadcrumblist"},"author":{"@id":"https:\/\/candas365.es\/noticias\/author\/admin\/#author"},"creator":{"@id":"https:\/\/candas365.es\/noticias\/author\/admin\/#author"},"image":{"@type":"ImageObject","url":"https:\/\/candas365.es\/noticias\/wp-content\/uploads\/2019\/12\/El-Museo-de-la-Biblia-dpa.jpg","@id":"https:\/\/candas365.es\/noticias\/reabre-el-museo-de-la-biblia-en-munster-con-una-biblia-de-lutero\/#mainImage","width":972,"height":673,"caption":"Foto: Guido Kirchner\/dpa"},"primaryImageOfPage":{"@id":"https:\/\/candas365.es\/noticias\/reabre-el-museo-de-la-biblia-en-munster-con-una-biblia-de-lutero\/#mainImage"},"datePublished":"2019-12-13T09:23:36+01:00","dateModified":"2019-12-13T09:23:36+01:00"},{"@type":"WebSite","@id":"https:\/\/candas365.es\/noticias\/#website","url":"https:\/\/candas365.es\/noticias\/","name":"Cand\u00e1s 365","alternateName":"Cand\u00e1s 365 Noticias","description":"Actualidad desde Carre\u00f1o para el mundo","inLanguage":"es-ES","publisher":{"@id":"https:\/\/candas365.es\/noticias\/#organization"}}]},"og:locale":"es_ES","og:site_name":"Cand\u00e1s 365","og:type":"article","og:title":"Reabre el Museo de la Biblia en M\u00fcnster con una Biblia de Lutero | Cand\u00e1s 365","og:description":"M\u00fcnster (Alemania), 12 dic (dpa) - El Museo de la Biblia reabrir\u00e1 ma\u00f1ana sus puertas en la Universidad de la ciudad alemana de M\u00fcnster con cerca de 1.500 piezas en exhibici\u00f3n, despu\u00e9s de haber permanecido cerrado durante cinco a\u00f1os y medio por obras de reconstrucci\u00f3n. Una de las piezas m\u00e1s importantes de la colecci\u00f3n es","og:url":"https:\/\/candas365.es\/noticias\/reabre-el-museo-de-la-biblia-en-munster-con-una-biblia-de-lutero\/","og:image":"https:\/\/candas365.es\/noticias\/wp-content\/uploads\/2019\/12\/El-Museo-de-la-Biblia-dpa.jpg","og:image:secure_url":"https:\/\/candas365.es\/noticias\/wp-content\/uploads\/2019\/12\/El-Museo-de-la-Biblia-dpa.jpg","og:image:width":972,"og:image:height":673,"article:published_time":"2019-12-13T09:23:36+00:00","article:modified_time":"2019-12-13T09:23:36+00:00","article:publisher":"https:\/\/www.facebook.com\/Nachofdezber","article:author":"https:\/\/www.facebook.com\/carrenoactualidad","twitter:card":"summary_large_image","twitter:site":"@NabercoDigital","twitter:title":"Reabre el Museo de la Biblia en M\u00fcnster con una Biblia de Lutero | Cand\u00e1s 365","twitter:description":"M\u00fcnster (Alemania), 12 dic (dpa) - El Museo de la Biblia reabrir\u00e1 ma\u00f1ana sus puertas en la Universidad de la ciudad alemana de M\u00fcnster con cerca de 1.500 piezas en exhibici\u00f3n, despu\u00e9s de haber permanecido cerrado durante cinco a\u00f1os y medio por obras de reconstrucci\u00f3n. Una de las piezas m\u00e1s importantes de la colecci\u00f3n es","twitter:creator":"@nbasturias","twitter:image":"https:\/\/candas365.es\/noticias\/wp-content\/uploads\/2019\/12\/El-Museo-de-la-Biblia-dpa.jpg","twitter:label1":"Escrito por","twitter:data1":"Cand\u00e1s 365","twitter:label2":"Tiempo de lectura estimado","twitter:data2":"2 minutos"},"aioseo_meta_data":{"post_id":"134686","title":null,"description":null,"keywords":null,"keyphrases":null,"primary_term":null,"canonical_url":null,"og_title":null,"og_description":null,"og_object_type":"default","og_image_type":"default","og_image_url":null,"og_image_width":null,"og_image_height":null,"og_image_custom_url":null,"og_image_custom_fields":null,"og_video":null,"og_custom_url":null,"og_article_section":null,"og_article_tags":null,"twitter_use_og":false,"twitter_card":"default","twitter_image_type":"default","twitter_image_url":null,"twitter_image_custom_url":null,"twitter_image_custom_fields":null,"twitter_title":null,"twitter_description":null,"schema":{"blockGraphs":[],"customGraphs":[],"default":{"data":{"Article":[],"Course":[],"Dataset":[],"FAQPage":[],"Movie":[],"Person":[],"Product":[],"ProductReview":[],"Car":[],"Recipe":[],"Service":[],"SoftwareApplication":[],"WebPage":[]},"graphName":"","isEnabled":true},"graphs":[],"defaultGraph":"","defaultPostTypeGraph":""},"schema_type":null,"schema_type_options":null,"pillar_content":false,"robots_default":true,"robots_noindex":false,"robots_noarchive":false,"robots_nosnippet":false,"robots_nofollow":false,"robots_noimageindex":false,"robots_noodp":false,"robots_notranslate":false,"robots_max_snippet":null,"robots_max_videopreview":null,"robots_max_imagepreview":"large","priority":null,"frequency":null,"location":null,"local_seo":null,"seo_analyzer_scan_date":"2025-08-30 19:31:18","breadcrumb_settings":null,"limit_modified_date":false,"reviewed_by":null,"open_ai":null,"ai":null,"created":"2020-12-21 10:49:18","updated":"2025-08-30 19:31:18"},"aioseo_breadcrumb":"<div class=\"aioseo-breadcrumbs\"><span class=\"aioseo-breadcrumb\">\n\t<a href=\"https:\/\/candas365.es\/noticias\" title=\"Home\">Home<\/a>\n<\/span><span class=\"aioseo-breadcrumb-separator\">&ndash;<\/span><span class=\"aioseo-breadcrumb\">\n\t<a href=\"https:\/\/candas365.es\/noticias\/category\/revista\/\" title=\"Revista\">Revista<\/a>\n<\/span><span class=\"aioseo-breadcrumb-separator\">&ndash;<\/span><span class=\"aioseo-breadcrumb\">\n\tReabre el Museo de la Biblia en M\u00fcnster con una Biblia de Lutero\n<\/span><\/div>","aioseo_breadcrumb_json":[{"label":"Home","link":"https:\/\/candas365.es\/noticias"},{"label":"Revista","link":"https:\/\/candas365.es\/noticias\/category\/revista\/"},{"label":"Reabre el Museo de la Biblia en M\u00fcnster con una Biblia de Lutero","link":"https:\/\/candas365.es\/noticias\/reabre-el-museo-de-la-biblia-en-munster-con-una-biblia-de-lutero\/"}],"_links":{"self":[{"href":"https:\/\/candas365.es\/noticias\/wp-json\/wp\/v2\/posts\/134686","targetHints":{"allow":["GET"]}}],"collection":[{"href":"https:\/\/candas365.es\/noticias\/wp-json\/wp\/v2\/posts"}],"about":[{"href":"https:\/\/candas365.es\/noticias\/wp-json\/wp\/v2\/types\/post"}],"author":[{"embeddable":true,"href":"https:\/\/candas365.es\/noticias\/wp-json\/wp\/v2\/users\/1"}],"replies":[{"embeddable":true,"href":"https:\/\/candas365.es\/noticias\/wp-json\/wp\/v2\/comments?post=134686"}],"version-history":[{"count":0,"href":"https:\/\/candas365.es\/noticias\/wp-json\/wp\/v2\/posts\/134686\/revisions"}],"wp:featuredmedia":[{"embeddable":true,"href":"https:\/\/candas365.es\/noticias\/wp-json\/wp\/v2\/media\/134687"}],"wp:attachment":[{"href":"https:\/\/candas365.es\/noticias\/wp-json\/wp\/v2\/media?parent=134686"}],"wp:term":[{"taxonomy":"category","embeddable":true,"href":"https:\/\/candas365.es\/noticias\/wp-json\/wp\/v2\/categories?post=134686"},{"taxonomy":"post_tag","embeddable":true,"href":"https:\/\/candas365.es\/noticias\/wp-json\/wp\/v2\/tags?post=134686"}],"curies":[{"name":"wp","href":"https:\/\/api.w.org\/{rel}","templated":true}]}}