{"id":134599,"date":"2019-12-12T19:08:46","date_gmt":"2019-12-12T19:08:46","guid":{"rendered":"http:\/\/candas365.es\/noticias\/?p=134599"},"modified":"2019-12-12T19:08:46","modified_gmt":"2019-12-12T19:08:46","slug":"iu-reclama-que-los-presupuestos-del-2020-de-llanera-no-incluyen-a-cayes","status":"publish","type":"post","link":"https:\/\/candas365.es\/noticias\/iu-reclama-que-los-presupuestos-del-2020-de-llanera-no-incluyen-a-cayes\/","title":{"rendered":"IU reclama que los presupuestos del 2020 de Llanera no incluyen a Cay\u00e9s"},"content":{"rendered":"<div><img fetchpriority=\"high\" decoding=\"async\" class=\"alignleft size-medium wp-image-134600\" src=\"https:\/\/candas365.es\/noticias\/wp-content\/uploads\/2019\/12\/asturias-360x270.jpg\" alt=\"\" width=\"360\" height=\"270\" srcset=\"https:\/\/candas365.es\/noticias\/wp-content\/uploads\/2019\/12\/asturias-360x270.jpg 360w, https:\/\/candas365.es\/noticias\/wp-content\/uploads\/2019\/12\/asturias-640x480.jpg 640w, https:\/\/candas365.es\/noticias\/wp-content\/uploads\/2019\/12\/asturias-768x576.jpg 768w, https:\/\/candas365.es\/noticias\/wp-content\/uploads\/2019\/12\/asturias-696x522.jpg 696w, https:\/\/candas365.es\/noticias\/wp-content\/uploads\/2019\/12\/asturias-560x420.jpg 560w, https:\/\/candas365.es\/noticias\/wp-content\/uploads\/2019\/12\/asturias-80x60.jpg 80w, https:\/\/candas365.es\/noticias\/wp-content\/uploads\/2019\/12\/asturias-265x198.jpg 265w, https:\/\/candas365.es\/noticias\/wp-content\/uploads\/2019\/12\/asturias.jpg 960w\" sizes=\"(max-width: 360px) 100vw, 360px\" \/>El portavoz de IU en Llanera, Gonzalo Bengoa, reclam\u00f3 al alcalde Gerardo Sanz, que deje de jugar con los vecinos de Cay\u00e9s y que asuma que las cuentas del Principado para 2020 no contemplen ninguna partida para la variante de la localidad.<\/div>\n<div><\/div>\n<div>El edil aseguro que el regidor se sit\u00faa como una v\u00edctima cuando en realidad no lo es: \u201cno sabemos qu\u00e9 ha negociado el Alcalde con el Principado. Lo que s\u00ed sabemos es que los municipios plantean sus prioridades en cada negociaci\u00f3n presupuestaria del gobierno auton\u00f3mico. Patalear ahora como si no supiera que no iba a tener ninguna consignaci\u00f3n es una mera actuaci\u00f3n teatral\u201d.<\/div>\n<div><\/div>\n<div>Bengoa asegur\u00f3 que las excusas de Sanz sobre una supuesta \u201cdiscriminaci\u00f3n\u201d de Llanera no se sostienen. \u201cEl Alcalde quiere hacer creer a los vecinos y vecinas que en el reparto de inversiones auton\u00f3micas es una loter\u00eda que cae de forma arbitraria, como si antes de cerrarse nadie le hubiera explicado nada. Hay otras inversiones que s\u00ed se van a hacer y debe explicarlas porque, me temo, lo que ha pasado es que es el propio Alcalde quien ha postergado la inversi\u00f3n en Cay\u00e9s eligiendo otros proyectos\u201d.<\/div>\n<div><\/div>\n<div>El concejal y portavoz de IU en Llanera se\u00f1al\u00f3 que m\u00e1s all\u00e1 de las excusas del regidor, existe una situaci\u00f3n real en la que el Ayuntamiento no puede ser un mero espectador. En este sentido, se mostr\u00f3 satisfecho con que, por fin, equipo de Gobierno est\u00e9 dispuesto a tomar medidas para garantizar un tr\u00e1fico seguro y adecuado a las realidad de Cay\u00e9s. \u201cBienvenido, en IU defendemos desde hace mucho que se tomen medidas de urgencia, aunque sean parciales. La posici\u00f3n de agravio del alcalde no es cre\u00edble porque, si uno lo escucha o lo lee, parece que lo que se ha perdido la obra de ejecuci\u00f3n de la variante y en realidad, y eso lo calla, lo que no viene es la consignaci\u00f3n presupuestaria para la redacci\u00f3n del proyecto. O lo que es lo mismo, de forma interesada para ocultar su mala gesti\u00f3n, trata de hacer recaer en otras instituciones su propia incapacidad\u201d.<\/div>\n","protected":false},"excerpt":{"rendered":"<p>El portavoz de IU en Llanera, Gonzalo Bengoa, reclam\u00f3 al alcalde Gerardo Sanz, que deje de jugar con los vecinos de Cay\u00e9s y que asuma que las cuentas del Principado para 2020 no contemplen ninguna partida para la variante de la localidad. El edil aseguro que el regidor se sit\u00faa como una v\u00edctima cuando en<\/p>\n","protected":false},"author":1,"featured_media":134600,"comment_status":"closed","ping_status":"closed","sticky":false,"template":"","format":"standard","meta":{"footnotes":""},"categories":[7],"tags":[],"class_list":{"0":"post-134599","1":"post","2":"type-post","3":"status-publish","4":"format-standard","5":"has-post-thumbnail","7":"category-asturias"},"aioseo_notices":[],"aioseo_head":"\n\t\t<!-- All in One SEO Pro 4.9.6.2 - aioseo.com -->\n\t<meta name=\"description\" content=\"El portavoz de IU en Llanera, Gonzalo Bengoa, reclam\u00f3 al alcalde Gerardo Sanz, que deje de jugar con los vecinos de Cay\u00e9s y que asuma que las cuentas del Principado para 2020 no contemplen ninguna partida para la variante de la localidad. El edil aseguro que el regidor se sit\u00faa como una v\u00edctima cuando en\" \/>\n\t<meta name=\"robots\" content=\"max-image-preview:large\" \/>\n\t<meta name=\"author\" content=\"Cand\u00e1s 365\"\/>\n\t<meta name=\"google-site-verification\" content=\"UA-32230408-1\" \/>\n\t<meta name=\"msvalidate.01\" content=\"354F3CDFB2DA171B47FBE9ABF1F88D5\" \/>\n\t<meta name=\"keywords\" content=\"asturias\" \/>\n\t<link rel=\"canonical\" href=\"https:\/\/candas365.es\/noticias\/iu-reclama-que-los-presupuestos-del-2020-de-llanera-no-incluyen-a-cayes\/\" \/>\n\t<meta name=\"generator\" content=\"All in One SEO Pro (AIOSEO) 4.9.6.2\" \/>\n\t\t<meta property=\"og:locale\" content=\"es_ES\" \/>\n\t\t<meta property=\"og:site_name\" content=\"Cand\u00e1s 365\" \/>\n\t\t<meta property=\"og:type\" content=\"article\" \/>\n\t\t<meta property=\"og:title\" content=\"IU reclama que los presupuestos del 2020 de Llanera no incluyen a Cay\u00e9s | Cand\u00e1s 365\" \/>\n\t\t<meta property=\"og:description\" content=\"El portavoz de IU en Llanera, Gonzalo Bengoa, reclam\u00f3 al alcalde Gerardo Sanz, que deje de jugar con los vecinos de Cay\u00e9s y que asuma que las cuentas del Principado para 2020 no contemplen ninguna partida para la variante de la localidad. El edil aseguro que el regidor se sit\u00faa como una v\u00edctima cuando en\" \/>\n\t\t<meta property=\"og:url\" content=\"https:\/\/candas365.es\/noticias\/iu-reclama-que-los-presupuestos-del-2020-de-llanera-no-incluyen-a-cayes\/\" \/>\n\t\t<meta property=\"og:image\" content=\"https:\/\/candas365.es\/noticias\/wp-content\/uploads\/2019\/12\/asturias.jpg\" \/>\n\t\t<meta property=\"og:image:secure_url\" content=\"https:\/\/candas365.es\/noticias\/wp-content\/uploads\/2019\/12\/asturias.jpg\" \/>\n\t\t<meta property=\"og:image:width\" content=\"960\" \/>\n\t\t<meta property=\"og:image:height\" content=\"720\" \/>\n\t\t<meta property=\"article:published_time\" content=\"2019-12-12T19:08:46+00:00\" \/>\n\t\t<meta property=\"article:modified_time\" content=\"2019-12-12T19:08:46+00:00\" \/>\n\t\t<meta property=\"article:publisher\" content=\"https:\/\/www.facebook.com\/Nachofdezber\" \/>\n\t\t<meta property=\"article:author\" content=\"https:\/\/www.facebook.com\/carrenoactualidad\" \/>\n\t\t<meta name=\"twitter:card\" content=\"summary_large_image\" \/>\n\t\t<meta name=\"twitter:site\" content=\"@NabercoDigital\" \/>\n\t\t<meta name=\"twitter:title\" content=\"IU reclama que los presupuestos del 2020 de Llanera no incluyen a Cay\u00e9s | Cand\u00e1s 365\" \/>\n\t\t<meta name=\"twitter:description\" content=\"El portavoz de IU en Llanera, Gonzalo Bengoa, reclam\u00f3 al alcalde Gerardo Sanz, que deje de jugar con los vecinos de Cay\u00e9s y que asuma que las cuentas del Principado para 2020 no contemplen ninguna partida para la variante de la localidad. El edil aseguro que el regidor se sit\u00faa como una v\u00edctima cuando en\" \/>\n\t\t<meta name=\"twitter:creator\" content=\"@nbasturias\" \/>\n\t\t<meta name=\"twitter:image\" content=\"https:\/\/candas365.es\/noticias\/wp-content\/uploads\/2019\/12\/asturias.jpg\" \/>\n\t\t<meta name=\"twitter:label1\" content=\"Escrito por\" \/>\n\t\t<meta name=\"twitter:data1\" content=\"Cand\u00e1s 365\" \/>\n\t\t<meta name=\"twitter:label2\" content=\"Tiempo de lectura estimado\" \/>\n\t\t<meta name=\"twitter:data2\" content=\"2 minutos\" \/>\n\t\t<script type=\"application\/ld+json\" class=\"aioseo-schema\">\n\t\t\t{\"@context\":\"https:\\\/\\\/schema.org\",\"@graph\":[{\"@type\":\"BreadcrumbList\",\"@id\":\"https:\\\/\\\/candas365.es\\\/noticias\\\/iu-reclama-que-los-presupuestos-del-2020-de-llanera-no-incluyen-a-cayes\\\/#breadcrumblist\",\"itemListElement\":[{\"@type\":\"ListItem\",\"@id\":\"https:\\\/\\\/candas365.es\\\/noticias#listItem\",\"position\":1,\"name\":\"Home\",\"item\":\"https:\\\/\\\/candas365.es\\\/noticias\",\"nextItem\":{\"@type\":\"ListItem\",\"@id\":\"https:\\\/\\\/candas365.es\\\/noticias\\\/category\\\/asturias\\\/#listItem\",\"name\":\"Asturias\"}},{\"@type\":\"ListItem\",\"@id\":\"https:\\\/\\\/candas365.es\\\/noticias\\\/category\\\/asturias\\\/#listItem\",\"position\":2,\"name\":\"Asturias\",\"item\":\"https:\\\/\\\/candas365.es\\\/noticias\\\/category\\\/asturias\\\/\",\"nextItem\":{\"@type\":\"ListItem\",\"@id\":\"https:\\\/\\\/candas365.es\\\/noticias\\\/iu-reclama-que-los-presupuestos-del-2020-de-llanera-no-incluyen-a-cayes\\\/#listItem\",\"name\":\"IU reclama que los presupuestos del 2020 de Llanera no incluyen a Cay\\u00e9s\"},\"previousItem\":{\"@type\":\"ListItem\",\"@id\":\"https:\\\/\\\/candas365.es\\\/noticias#listItem\",\"name\":\"Home\"}},{\"@type\":\"ListItem\",\"@id\":\"https:\\\/\\\/candas365.es\\\/noticias\\\/iu-reclama-que-los-presupuestos-del-2020-de-llanera-no-incluyen-a-cayes\\\/#listItem\",\"position\":3,\"name\":\"IU reclama que los presupuestos del 2020 de Llanera no incluyen a Cay\\u00e9s\",\"previousItem\":{\"@type\":\"ListItem\",\"@id\":\"https:\\\/\\\/candas365.es\\\/noticias\\\/category\\\/asturias\\\/#listItem\",\"name\":\"Asturias\"}}]},{\"@type\":\"NewsArticle\",\"@id\":\"https:\\\/\\\/candas365.es\\\/noticias\\\/iu-reclama-que-los-presupuestos-del-2020-de-llanera-no-incluyen-a-cayes\\\/#newsarticle\",\"name\":\"IU reclama que los presupuestos del 2020 de Llanera no incluyen a Cay\\u00e9s | Cand\\u00e1s 365\",\"headline\":\"IU reclama que los presupuestos del 2020 de Llanera no incluyen a Cay\\u00e9s\",\"author\":{\"@id\":\"https:\\\/\\\/candas365.es\\\/noticias\\\/author\\\/admin\\\/#author\"},\"publisher\":{\"@id\":\"https:\\\/\\\/candas365.es\\\/noticias\\\/#organization\"},\"image\":{\"@type\":\"ImageObject\",\"url\":\"https:\\\/\\\/candas365.es\\\/noticias\\\/wp-content\\\/uploads\\\/2019\\\/12\\\/asturias.jpg\",\"width\":960,\"height\":720},\"datePublished\":\"2019-12-12T19:08:46+01:00\",\"dateModified\":\"2019-12-12T19:08:46+01:00\",\"inLanguage\":\"es-ES\",\"mainEntityOfPage\":{\"@id\":\"https:\\\/\\\/candas365.es\\\/noticias\\\/iu-reclama-que-los-presupuestos-del-2020-de-llanera-no-incluyen-a-cayes\\\/#webpage\"},\"isPartOf\":{\"@id\":\"https:\\\/\\\/candas365.es\\\/noticias\\\/iu-reclama-que-los-presupuestos-del-2020-de-llanera-no-incluyen-a-cayes\\\/#webpage\"},\"articleSection\":\"Asturias\",\"dateline\":\"Publicado el diciembre 12, 2019.\"},{\"@type\":\"Organization\",\"@id\":\"https:\\\/\\\/candas365.es\\\/noticias\\\/#organization\",\"name\":\"Cand\\u00e1s 365\",\"description\":\"Cand\\u00e1s 365 es un diario digital independiente, fundado en 2012, con base en Asturias. Informamos con rigor sobre actualidad, sociedad, cultura y ocio, con una mirada local y global.\",\"url\":\"https:\\\/\\\/candas365.es\\\/noticias\\\/\",\"email\":\"info@candas365.es\",\"telephone\":\"+34652131393\",\"foundingDate\":\"2012-06-10\",\"logo\":{\"@type\":\"ImageObject\",\"url\":\"https:\\\/\\\/candas365.es\\\/noticias\\\/wp-content\\\/uploads\\\/2024\\\/09\\\/Candas-365-Redes.jpg\",\"@id\":\"https:\\\/\\\/candas365.es\\\/noticias\\\/iu-reclama-que-los-presupuestos-del-2020-de-llanera-no-incluyen-a-cayes\\\/#organizationLogo\",\"width\":1152,\"height\":864,\"caption\":\"Cand\\u00e1s 365 Redes\"},\"image\":{\"@id\":\"https:\\\/\\\/candas365.es\\\/noticias\\\/iu-reclama-que-los-presupuestos-del-2020-de-llanera-no-incluyen-a-cayes\\\/#organizationLogo\"},\"sameAs\":[\"https:\\\/\\\/www.facebook.com\\\/Nachofdezber\",\"https:\\\/\\\/x.com\\\/NabercoDigital\",\"https:\\\/\\\/www.instagram.com\\\/nachofdezber\\\/\",\"https:\\\/\\\/www.youtube.com\\\/channel\\\/UCZP-2wLEB9Rv6erhFmqVnvg\"],\"address\":{\"@id\":\"https:\\\/\\\/candas365.es\\\/noticias\\\/#postaladdress\",\"@type\":\"PostalAddress\",\"streetAddress\":\"san antonio 4, san antonio 4\",\"postalCode\":\"33430\",\"addressLocality\":\"Cand\\u00e1s\",\"addressRegion\":\"Asturias\",\"addressCountry\":\"ES\"}},{\"@type\":\"Person\",\"@id\":\"https:\\\/\\\/candas365.es\\\/noticias\\\/author\\\/admin\\\/#author\",\"url\":\"https:\\\/\\\/candas365.es\\\/noticias\\\/author\\\/admin\\\/\",\"name\":\"Cand\\u00e1s 365\",\"image\":{\"@type\":\"ImageObject\",\"@id\":\"https:\\\/\\\/candas365.es\\\/noticias\\\/iu-reclama-que-los-presupuestos-del-2020-de-llanera-no-incluyen-a-cayes\\\/#authorImage\",\"url\":\"https:\\\/\\\/secure.gravatar.com\\\/avatar\\\/496a8e03d0c493ede1718b7934145dbdf8d89be1036b0eec9544e1094c9de390?s=96&d=mm&r=g\",\"width\":96,\"height\":96,\"caption\":\"Cand\\u00e1s 365\"},\"sameAs\":[\"https:\\\/\\\/www.facebook.com\\\/carrenoactualidad\",\"https:\\\/\\\/twitter.com\\\/nbasturias\",\"https:\\\/\\\/www.instagram.com\\\/nachofdezber\\\/\",\"https:\\\/\\\/www.youtube.com\\\/channel\\\/UCZP-2wLEB9Rv6erhFmqVnvg\"]},{\"@type\":\"WebPage\",\"@id\":\"https:\\\/\\\/candas365.es\\\/noticias\\\/iu-reclama-que-los-presupuestos-del-2020-de-llanera-no-incluyen-a-cayes\\\/#webpage\",\"url\":\"https:\\\/\\\/candas365.es\\\/noticias\\\/iu-reclama-que-los-presupuestos-del-2020-de-llanera-no-incluyen-a-cayes\\\/\",\"name\":\"IU reclama que los presupuestos del 2020 de Llanera no incluyen a Cay\\u00e9s | Cand\\u00e1s 365\",\"description\":\"El portavoz de IU en Llanera, Gonzalo Bengoa, reclam\\u00f3 al alcalde Gerardo Sanz, que deje de jugar con los vecinos de Cay\\u00e9s y que asuma que las cuentas del Principado para 2020 no contemplen ninguna partida para la variante de la localidad. El edil aseguro que el regidor se sit\\u00faa como una v\\u00edctima cuando en\",\"inLanguage\":\"es-ES\",\"isPartOf\":{\"@id\":\"https:\\\/\\\/candas365.es\\\/noticias\\\/#website\"},\"breadcrumb\":{\"@id\":\"https:\\\/\\\/candas365.es\\\/noticias\\\/iu-reclama-que-los-presupuestos-del-2020-de-llanera-no-incluyen-a-cayes\\\/#breadcrumblist\"},\"author\":{\"@id\":\"https:\\\/\\\/candas365.es\\\/noticias\\\/author\\\/admin\\\/#author\"},\"creator\":{\"@id\":\"https:\\\/\\\/candas365.es\\\/noticias\\\/author\\\/admin\\\/#author\"},\"image\":{\"@type\":\"ImageObject\",\"url\":\"https:\\\/\\\/candas365.es\\\/noticias\\\/wp-content\\\/uploads\\\/2019\\\/12\\\/asturias.jpg\",\"@id\":\"https:\\\/\\\/candas365.es\\\/noticias\\\/iu-reclama-que-los-presupuestos-del-2020-de-llanera-no-incluyen-a-cayes\\\/#mainImage\",\"width\":960,\"height\":720},\"primaryImageOfPage\":{\"@id\":\"https:\\\/\\\/candas365.es\\\/noticias\\\/iu-reclama-que-los-presupuestos-del-2020-de-llanera-no-incluyen-a-cayes\\\/#mainImage\"},\"datePublished\":\"2019-12-12T19:08:46+01:00\",\"dateModified\":\"2019-12-12T19:08:46+01:00\"},{\"@type\":\"WebSite\",\"@id\":\"https:\\\/\\\/candas365.es\\\/noticias\\\/#website\",\"url\":\"https:\\\/\\\/candas365.es\\\/noticias\\\/\",\"name\":\"Cand\\u00e1s 365\",\"alternateName\":\"Cand\\u00e1s 365 Noticias\",\"description\":\"Actualidad desde Carre\\u00f1o para el mundo\",\"inLanguage\":\"es-ES\",\"publisher\":{\"@id\":\"https:\\\/\\\/candas365.es\\\/noticias\\\/#organization\"}}]}\n\t\t<\/script>\n\t\t<!-- All in One SEO Pro -->\r\n\t\t<title>IU reclama que los presupuestos del 2020 de Llanera no incluyen a Cay\u00e9s | Cand\u00e1s 365<\/title>\n\n","aioseo_head_json":{"title":"IU reclama que los presupuestos del 2020 de Llanera no incluyen a Cay\u00e9s | Cand\u00e1s 365","description":"El portavoz de IU en Llanera, Gonzalo Bengoa, reclam\u00f3 al alcalde Gerardo Sanz, que deje de jugar con los vecinos de Cay\u00e9s y que asuma que las cuentas del Principado para 2020 no contemplen ninguna partida para la variante de la localidad. El edil aseguro que el regidor se sit\u00faa como una v\u00edctima cuando en","canonical_url":"https:\/\/candas365.es\/noticias\/iu-reclama-que-los-presupuestos-del-2020-de-llanera-no-incluyen-a-cayes\/","robots":"max-image-preview:large","keywords":"asturias","webmasterTools":{"google-site-verification":"UA-32230408-1","msvalidate.01":"354F3CDFB2DA171B47FBE9ABF1F88D5","miscellaneous":""},"schema":{"@context":"https:\/\/schema.org","@graph":[{"@type":"BreadcrumbList","@id":"https:\/\/candas365.es\/noticias\/iu-reclama-que-los-presupuestos-del-2020-de-llanera-no-incluyen-a-cayes\/#breadcrumblist","itemListElement":[{"@type":"ListItem","@id":"https:\/\/candas365.es\/noticias#listItem","position":1,"name":"Home","item":"https:\/\/candas365.es\/noticias","nextItem":{"@type":"ListItem","@id":"https:\/\/candas365.es\/noticias\/category\/asturias\/#listItem","name":"Asturias"}},{"@type":"ListItem","@id":"https:\/\/candas365.es\/noticias\/category\/asturias\/#listItem","position":2,"name":"Asturias","item":"https:\/\/candas365.es\/noticias\/category\/asturias\/","nextItem":{"@type":"ListItem","@id":"https:\/\/candas365.es\/noticias\/iu-reclama-que-los-presupuestos-del-2020-de-llanera-no-incluyen-a-cayes\/#listItem","name":"IU reclama que los presupuestos del 2020 de Llanera no incluyen a Cay\u00e9s"},"previousItem":{"@type":"ListItem","@id":"https:\/\/candas365.es\/noticias#listItem","name":"Home"}},{"@type":"ListItem","@id":"https:\/\/candas365.es\/noticias\/iu-reclama-que-los-presupuestos-del-2020-de-llanera-no-incluyen-a-cayes\/#listItem","position":3,"name":"IU reclama que los presupuestos del 2020 de Llanera no incluyen a Cay\u00e9s","previousItem":{"@type":"ListItem","@id":"https:\/\/candas365.es\/noticias\/category\/asturias\/#listItem","name":"Asturias"}}]},{"@type":"NewsArticle","@id":"https:\/\/candas365.es\/noticias\/iu-reclama-que-los-presupuestos-del-2020-de-llanera-no-incluyen-a-cayes\/#newsarticle","name":"IU reclama que los presupuestos del 2020 de Llanera no incluyen a Cay\u00e9s | Cand\u00e1s 365","headline":"IU reclama que los presupuestos del 2020 de Llanera no incluyen a Cay\u00e9s","author":{"@id":"https:\/\/candas365.es\/noticias\/author\/admin\/#author"},"publisher":{"@id":"https:\/\/candas365.es\/noticias\/#organization"},"image":{"@type":"ImageObject","url":"https:\/\/candas365.es\/noticias\/wp-content\/uploads\/2019\/12\/asturias.jpg","width":960,"height":720},"datePublished":"2019-12-12T19:08:46+01:00","dateModified":"2019-12-12T19:08:46+01:00","inLanguage":"es-ES","mainEntityOfPage":{"@id":"https:\/\/candas365.es\/noticias\/iu-reclama-que-los-presupuestos-del-2020-de-llanera-no-incluyen-a-cayes\/#webpage"},"isPartOf":{"@id":"https:\/\/candas365.es\/noticias\/iu-reclama-que-los-presupuestos-del-2020-de-llanera-no-incluyen-a-cayes\/#webpage"},"articleSection":"Asturias","dateline":"Publicado el diciembre 12, 2019."},{"@type":"Organization","@id":"https:\/\/candas365.es\/noticias\/#organization","name":"Cand\u00e1s 365","description":"Cand\u00e1s 365 es un diario digital independiente, fundado en 2012, con base en Asturias. Informamos con rigor sobre actualidad, sociedad, cultura y ocio, con una mirada local y global.","url":"https:\/\/candas365.es\/noticias\/","email":"info@candas365.es","telephone":"+34652131393","foundingDate":"2012-06-10","logo":{"@type":"ImageObject","url":"https:\/\/candas365.es\/noticias\/wp-content\/uploads\/2024\/09\/Candas-365-Redes.jpg","@id":"https:\/\/candas365.es\/noticias\/iu-reclama-que-los-presupuestos-del-2020-de-llanera-no-incluyen-a-cayes\/#organizationLogo","width":1152,"height":864,"caption":"Cand\u00e1s 365 Redes"},"image":{"@id":"https:\/\/candas365.es\/noticias\/iu-reclama-que-los-presupuestos-del-2020-de-llanera-no-incluyen-a-cayes\/#organizationLogo"},"sameAs":["https:\/\/www.facebook.com\/Nachofdezber","https:\/\/x.com\/NabercoDigital","https:\/\/www.instagram.com\/nachofdezber\/","https:\/\/www.youtube.com\/channel\/UCZP-2wLEB9Rv6erhFmqVnvg"],"address":{"@id":"https:\/\/candas365.es\/noticias\/#postaladdress","@type":"PostalAddress","streetAddress":"san antonio 4, san antonio 4","postalCode":"33430","addressLocality":"Cand\u00e1s","addressRegion":"Asturias","addressCountry":"ES"}},{"@type":"Person","@id":"https:\/\/candas365.es\/noticias\/author\/admin\/#author","url":"https:\/\/candas365.es\/noticias\/author\/admin\/","name":"Cand\u00e1s 365","image":{"@type":"ImageObject","@id":"https:\/\/candas365.es\/noticias\/iu-reclama-que-los-presupuestos-del-2020-de-llanera-no-incluyen-a-cayes\/#authorImage","url":"https:\/\/secure.gravatar.com\/avatar\/496a8e03d0c493ede1718b7934145dbdf8d89be1036b0eec9544e1094c9de390?s=96&d=mm&r=g","width":96,"height":96,"caption":"Cand\u00e1s 365"},"sameAs":["https:\/\/www.facebook.com\/carrenoactualidad","https:\/\/twitter.com\/nbasturias","https:\/\/www.instagram.com\/nachofdezber\/","https:\/\/www.youtube.com\/channel\/UCZP-2wLEB9Rv6erhFmqVnvg"]},{"@type":"WebPage","@id":"https:\/\/candas365.es\/noticias\/iu-reclama-que-los-presupuestos-del-2020-de-llanera-no-incluyen-a-cayes\/#webpage","url":"https:\/\/candas365.es\/noticias\/iu-reclama-que-los-presupuestos-del-2020-de-llanera-no-incluyen-a-cayes\/","name":"IU reclama que los presupuestos del 2020 de Llanera no incluyen a Cay\u00e9s | Cand\u00e1s 365","description":"El portavoz de IU en Llanera, Gonzalo Bengoa, reclam\u00f3 al alcalde Gerardo Sanz, que deje de jugar con los vecinos de Cay\u00e9s y que asuma que las cuentas del Principado para 2020 no contemplen ninguna partida para la variante de la localidad. El edil aseguro que el regidor se sit\u00faa como una v\u00edctima cuando en","inLanguage":"es-ES","isPartOf":{"@id":"https:\/\/candas365.es\/noticias\/#website"},"breadcrumb":{"@id":"https:\/\/candas365.es\/noticias\/iu-reclama-que-los-presupuestos-del-2020-de-llanera-no-incluyen-a-cayes\/#breadcrumblist"},"author":{"@id":"https:\/\/candas365.es\/noticias\/author\/admin\/#author"},"creator":{"@id":"https:\/\/candas365.es\/noticias\/author\/admin\/#author"},"image":{"@type":"ImageObject","url":"https:\/\/candas365.es\/noticias\/wp-content\/uploads\/2019\/12\/asturias.jpg","@id":"https:\/\/candas365.es\/noticias\/iu-reclama-que-los-presupuestos-del-2020-de-llanera-no-incluyen-a-cayes\/#mainImage","width":960,"height":720},"primaryImageOfPage":{"@id":"https:\/\/candas365.es\/noticias\/iu-reclama-que-los-presupuestos-del-2020-de-llanera-no-incluyen-a-cayes\/#mainImage"},"datePublished":"2019-12-12T19:08:46+01:00","dateModified":"2019-12-12T19:08:46+01:00"},{"@type":"WebSite","@id":"https:\/\/candas365.es\/noticias\/#website","url":"https:\/\/candas365.es\/noticias\/","name":"Cand\u00e1s 365","alternateName":"Cand\u00e1s 365 Noticias","description":"Actualidad desde Carre\u00f1o para el mundo","inLanguage":"es-ES","publisher":{"@id":"https:\/\/candas365.es\/noticias\/#organization"}}]},"og:locale":"es_ES","og:site_name":"Cand\u00e1s 365","og:type":"article","og:title":"IU reclama que los presupuestos del 2020 de Llanera no incluyen a Cay\u00e9s | Cand\u00e1s 365","og:description":"El portavoz de IU en Llanera, Gonzalo Bengoa, reclam\u00f3 al alcalde Gerardo Sanz, que deje de jugar con los vecinos de Cay\u00e9s y que asuma que las cuentas del Principado para 2020 no contemplen ninguna partida para la variante de la localidad. El edil aseguro que el regidor se sit\u00faa como una v\u00edctima cuando en","og:url":"https:\/\/candas365.es\/noticias\/iu-reclama-que-los-presupuestos-del-2020-de-llanera-no-incluyen-a-cayes\/","og:image":"https:\/\/candas365.es\/noticias\/wp-content\/uploads\/2019\/12\/asturias.jpg","og:image:secure_url":"https:\/\/candas365.es\/noticias\/wp-content\/uploads\/2019\/12\/asturias.jpg","og:image:width":960,"og:image:height":720,"article:published_time":"2019-12-12T19:08:46+00:00","article:modified_time":"2019-12-12T19:08:46+00:00","article:publisher":"https:\/\/www.facebook.com\/Nachofdezber","article:author":"https:\/\/www.facebook.com\/carrenoactualidad","twitter:card":"summary_large_image","twitter:site":"@NabercoDigital","twitter:title":"IU reclama que los presupuestos del 2020 de Llanera no incluyen a Cay\u00e9s | Cand\u00e1s 365","twitter:description":"El portavoz de IU en Llanera, Gonzalo Bengoa, reclam\u00f3 al alcalde Gerardo Sanz, que deje de jugar con los vecinos de Cay\u00e9s y que asuma que las cuentas del Principado para 2020 no contemplen ninguna partida para la variante de la localidad. El edil aseguro que el regidor se sit\u00faa como una v\u00edctima cuando en","twitter:creator":"@nbasturias","twitter:image":"https:\/\/candas365.es\/noticias\/wp-content\/uploads\/2019\/12\/asturias.jpg","twitter:label1":"Escrito por","twitter:data1":"Cand\u00e1s 365","twitter:label2":"Tiempo de lectura estimado","twitter:data2":"2 minutos"},"aioseo_meta_data":{"post_id":"134599","title":null,"description":null,"keywords":null,"keyphrases":null,"primary_term":null,"canonical_url":null,"og_title":null,"og_description":null,"og_object_type":"default","og_image_type":"default","og_image_url":null,"og_image_width":null,"og_image_height":null,"og_image_custom_url":null,"og_image_custom_fields":null,"og_video":null,"og_custom_url":null,"og_article_section":null,"og_article_tags":null,"twitter_use_og":false,"twitter_card":"default","twitter_image_type":"default","twitter_image_url":null,"twitter_image_custom_url":null,"twitter_image_custom_fields":null,"twitter_title":null,"twitter_description":null,"schema":{"blockGraphs":[],"customGraphs":[],"default":{"data":{"Article":[],"Course":[],"Dataset":[],"FAQPage":[],"Movie":[],"Person":[],"Product":[],"ProductReview":[],"Car":[],"Recipe":[],"Service":[],"SoftwareApplication":[],"WebPage":[]},"graphName":"","isEnabled":true},"graphs":[],"defaultGraph":"","defaultPostTypeGraph":""},"schema_type":null,"schema_type_options":null,"pillar_content":false,"robots_default":true,"robots_noindex":false,"robots_noarchive":false,"robots_nosnippet":false,"robots_nofollow":false,"robots_noimageindex":false,"robots_noodp":false,"robots_notranslate":false,"robots_max_snippet":null,"robots_max_videopreview":null,"robots_max_imagepreview":"large","priority":null,"frequency":null,"location":null,"local_seo":null,"seo_analyzer_scan_date":"2025-08-30 19:23:16","breadcrumb_settings":null,"limit_modified_date":false,"reviewed_by":null,"open_ai":null,"ai":null,"created":"2020-12-21 10:49:24","updated":"2025-08-30 19:23:16"},"aioseo_breadcrumb":"<div class=\"aioseo-breadcrumbs\"><span class=\"aioseo-breadcrumb\">\n\t<a href=\"https:\/\/candas365.es\/noticias\" title=\"Home\">Home<\/a>\n<\/span><span class=\"aioseo-breadcrumb-separator\">&ndash;<\/span><span class=\"aioseo-breadcrumb\">\n\t<a href=\"https:\/\/candas365.es\/noticias\/category\/asturias\/\" title=\"Asturias\">Asturias<\/a>\n<\/span><span class=\"aioseo-breadcrumb-separator\">&ndash;<\/span><span class=\"aioseo-breadcrumb\">\n\tIU reclama que los presupuestos del 2020 de Llanera no incluyen a Cay\u00e9s\n<\/span><\/div>","aioseo_breadcrumb_json":[{"label":"Home","link":"https:\/\/candas365.es\/noticias"},{"label":"Asturias","link":"https:\/\/candas365.es\/noticias\/category\/asturias\/"},{"label":"IU reclama que los presupuestos del 2020 de Llanera no incluyen a Cay\u00e9s","link":"https:\/\/candas365.es\/noticias\/iu-reclama-que-los-presupuestos-del-2020-de-llanera-no-incluyen-a-cayes\/"}],"_links":{"self":[{"href":"https:\/\/candas365.es\/noticias\/wp-json\/wp\/v2\/posts\/134599","targetHints":{"allow":["GET"]}}],"collection":[{"href":"https:\/\/candas365.es\/noticias\/wp-json\/wp\/v2\/posts"}],"about":[{"href":"https:\/\/candas365.es\/noticias\/wp-json\/wp\/v2\/types\/post"}],"author":[{"embeddable":true,"href":"https:\/\/candas365.es\/noticias\/wp-json\/wp\/v2\/users\/1"}],"replies":[{"embeddable":true,"href":"https:\/\/candas365.es\/noticias\/wp-json\/wp\/v2\/comments?post=134599"}],"version-history":[{"count":0,"href":"https:\/\/candas365.es\/noticias\/wp-json\/wp\/v2\/posts\/134599\/revisions"}],"wp:featuredmedia":[{"embeddable":true,"href":"https:\/\/candas365.es\/noticias\/wp-json\/wp\/v2\/media\/134600"}],"wp:attachment":[{"href":"https:\/\/candas365.es\/noticias\/wp-json\/wp\/v2\/media?parent=134599"}],"wp:term":[{"taxonomy":"category","embeddable":true,"href":"https:\/\/candas365.es\/noticias\/wp-json\/wp\/v2\/categories?post=134599"},{"taxonomy":"post_tag","embeddable":true,"href":"https:\/\/candas365.es\/noticias\/wp-json\/wp\/v2\/tags?post=134599"}],"curies":[{"name":"wp","href":"https:\/\/api.w.org\/{rel}","templated":true}]}}