{"id":134590,"date":"2019-12-12T18:17:35","date_gmt":"2019-12-12T18:17:35","guid":{"rendered":"http:\/\/candas365.es\/noticias\/?p=134590"},"modified":"2019-12-12T18:17:35","modified_gmt":"2019-12-12T18:17:35","slug":"la-fundacion-alvargonzalez-acogera-la-muestra-alma-de-pajarita","status":"publish","type":"post","link":"https:\/\/candas365.es\/noticias\/la-fundacion-alvargonzalez-acogera-la-muestra-alma-de-pajarita\/","title":{"rendered":"La Fundaci\u00f3n Alvargonz\u00e1lez acoger\u00e1 la muestra \u00abAlma de pajarita\u00bb"},"content":{"rendered":"<p><img fetchpriority=\"high\" decoding=\"async\" class=\"alignleft size-medium wp-image-134591\" src=\"https:\/\/candas365.es\/noticias\/wp-content\/uploads\/2019\/12\/Anverso-360x172.jpg\" alt=\"\" width=\"360\" height=\"172\" srcset=\"https:\/\/candas365.es\/noticias\/wp-content\/uploads\/2019\/12\/Anverso-360x172.jpg 360w, https:\/\/candas365.es\/noticias\/wp-content\/uploads\/2019\/12\/Anverso-655x313.jpg 655w, https:\/\/candas365.es\/noticias\/wp-content\/uploads\/2019\/12\/Anverso-696x334.jpg 696w, https:\/\/candas365.es\/noticias\/wp-content\/uploads\/2019\/12\/Anverso.jpg 700w\" sizes=\"(max-width: 360px) 100vw, 360px\" \/>Ma\u00f1ana viernes 13 de diciembre a las 19.30 horas abre sus puertas en la Sala de Exposiciones de la Fundaci\u00f3n Alvargonz\u00e1lez la muestra \u00abAlma de pajarita\u00bb, del artista asturiano Emilio Cases.<\/p>\n<p>\u201cSe juntaron un d\u00eda el alma de ni\u00f1o y de adulto, pensador y pensamiento, creador y criatura. Figuras, juegos, paisajes, sentimientos, pensamientos que se funden en una sola idea, transportarnos a ese tiempo de inocencia, de mirada limpia\u201d, explica Cases, que protagoniza la \u00faltima exposici\u00f3n del a\u00f1o en nuestra Sala de Arte.<\/p>\n<p>Esta es la exposici\u00f3n n\u00famero de 290 organizada por la Fundaci\u00f3n Alvargonz\u00e1lez y en la inauguraci\u00f3n de ma\u00f1ana viernes 13 de diciembre a las 19,30 horas intervendr\u00e1 el director de la Fundaci\u00f3n Alvargonz\u00e1lez, Ram\u00f3n Alvargonz\u00e1lez, y el artista Emilio Cases<\/p>\n","protected":false},"excerpt":{"rendered":"<p>Ma\u00f1ana viernes 13 de diciembre a las 19.30 horas abre sus puertas en la Sala de Exposiciones de la Fundaci\u00f3n Alvargonz\u00e1lez la muestra \u00abAlma de pajarita\u00bb, del artista asturiano Emilio Cases. \u201cSe juntaron un d\u00eda el alma de ni\u00f1o y de adulto, pensador y pensamiento, creador y criatura. Figuras, juegos, paisajes, sentimientos, pensamientos que se<\/p>\n","protected":false},"author":1,"featured_media":134591,"comment_status":"closed","ping_status":"closed","sticky":false,"template":"","format":"standard","meta":{"footnotes":""},"categories":[1],"tags":[],"class_list":{"0":"post-134590","1":"post","2":"type-post","3":"status-publish","4":"format-standard","5":"has-post-thumbnail","7":"category-agenda"},"aioseo_notices":[],"aioseo_head":"\n\t\t<!-- All in One SEO Pro 4.9.6.2 - aioseo.com -->\n\t<meta name=\"description\" content=\"Ma\u00f1ana viernes 13 de diciembre a las 19.30 horas abre sus puertas en la Sala de Exposiciones de la Fundaci\u00f3n Alvargonz\u00e1lez la muestra &quot;Alma de pajarita&quot;, del artista asturiano Emilio Cases. \u201cSe juntaron un d\u00eda el alma de ni\u00f1o y de adulto, pensador y pensamiento, creador y criatura. Figuras, juegos, paisajes, sentimientos, pensamientos que se\" \/>\n\t<meta name=\"robots\" content=\"max-image-preview:large\" \/>\n\t<meta name=\"author\" content=\"Cand\u00e1s 365\"\/>\n\t<meta name=\"google-site-verification\" content=\"UA-32230408-1\" \/>\n\t<meta name=\"msvalidate.01\" content=\"354F3CDFB2DA171B47FBE9ABF1F88D5\" \/>\n\t<meta name=\"keywords\" content=\"agenda\" \/>\n\t<link rel=\"canonical\" href=\"https:\/\/candas365.es\/noticias\/la-fundacion-alvargonzalez-acogera-la-muestra-alma-de-pajarita\/\" \/>\n\t<meta name=\"generator\" content=\"All in One SEO Pro (AIOSEO) 4.9.6.2\" \/>\n\t\t<meta property=\"og:locale\" content=\"es_ES\" \/>\n\t\t<meta property=\"og:site_name\" content=\"Cand\u00e1s 365\" \/>\n\t\t<meta property=\"og:type\" content=\"article\" \/>\n\t\t<meta property=\"og:title\" content=\"La Fundaci\u00f3n Alvargonz\u00e1lez acoger\u00e1 la muestra \u00abAlma de pajarita\u00bb | Cand\u00e1s 365\" \/>\n\t\t<meta property=\"og:description\" content=\"Ma\u00f1ana viernes 13 de diciembre a las 19.30 horas abre sus puertas en la Sala de Exposiciones de la Fundaci\u00f3n Alvargonz\u00e1lez la muestra &quot;Alma de pajarita&quot;, del artista asturiano Emilio Cases. \u201cSe juntaron un d\u00eda el alma de ni\u00f1o y de adulto, pensador y pensamiento, creador y criatura. Figuras, juegos, paisajes, sentimientos, pensamientos que se\" \/>\n\t\t<meta property=\"og:url\" content=\"https:\/\/candas365.es\/noticias\/la-fundacion-alvargonzalez-acogera-la-muestra-alma-de-pajarita\/\" \/>\n\t\t<meta property=\"og:image\" content=\"https:\/\/candas365.es\/noticias\/wp-content\/uploads\/2019\/12\/Anverso.jpg\" \/>\n\t\t<meta property=\"og:image:secure_url\" content=\"https:\/\/candas365.es\/noticias\/wp-content\/uploads\/2019\/12\/Anverso.jpg\" \/>\n\t\t<meta property=\"og:image:width\" content=\"700\" \/>\n\t\t<meta property=\"og:image:height\" content=\"334\" \/>\n\t\t<meta property=\"article:published_time\" content=\"2019-12-12T18:17:35+00:00\" \/>\n\t\t<meta property=\"article:modified_time\" content=\"2019-12-12T18:17:35+00:00\" \/>\n\t\t<meta property=\"article:publisher\" content=\"https:\/\/www.facebook.com\/Nachofdezber\" \/>\n\t\t<meta property=\"article:author\" content=\"https:\/\/www.facebook.com\/carrenoactualidad\" \/>\n\t\t<meta name=\"twitter:card\" content=\"summary_large_image\" \/>\n\t\t<meta name=\"twitter:site\" content=\"@NabercoDigital\" \/>\n\t\t<meta name=\"twitter:title\" content=\"La Fundaci\u00f3n Alvargonz\u00e1lez acoger\u00e1 la muestra \u00abAlma de pajarita\u00bb | Cand\u00e1s 365\" \/>\n\t\t<meta name=\"twitter:description\" content=\"Ma\u00f1ana viernes 13 de diciembre a las 19.30 horas abre sus puertas en la Sala de Exposiciones de la Fundaci\u00f3n Alvargonz\u00e1lez la muestra &quot;Alma de pajarita&quot;, del artista asturiano Emilio Cases. \u201cSe juntaron un d\u00eda el alma de ni\u00f1o y de adulto, pensador y pensamiento, creador y criatura. Figuras, juegos, paisajes, sentimientos, pensamientos que se\" \/>\n\t\t<meta name=\"twitter:creator\" content=\"@nbasturias\" \/>\n\t\t<meta name=\"twitter:image\" content=\"https:\/\/candas365.es\/noticias\/wp-content\/uploads\/2019\/12\/Anverso.jpg\" \/>\n\t\t<meta name=\"twitter:label1\" content=\"Escrito por\" \/>\n\t\t<meta name=\"twitter:data1\" content=\"Cand\u00e1s 365\" \/>\n\t\t<meta name=\"twitter:label2\" content=\"Tiempo de lectura estimado\" \/>\n\t\t<meta name=\"twitter:data2\" content=\"1 minuto\" \/>\n\t\t<script type=\"application\/ld+json\" class=\"aioseo-schema\">\n\t\t\t{\"@context\":\"https:\\\/\\\/schema.org\",\"@graph\":[{\"@type\":\"BreadcrumbList\",\"@id\":\"https:\\\/\\\/candas365.es\\\/noticias\\\/la-fundacion-alvargonzalez-acogera-la-muestra-alma-de-pajarita\\\/#breadcrumblist\",\"itemListElement\":[{\"@type\":\"ListItem\",\"@id\":\"https:\\\/\\\/candas365.es\\\/noticias#listItem\",\"position\":1,\"name\":\"Home\",\"item\":\"https:\\\/\\\/candas365.es\\\/noticias\",\"nextItem\":{\"@type\":\"ListItem\",\"@id\":\"https:\\\/\\\/candas365.es\\\/noticias\\\/category\\\/agenda\\\/#listItem\",\"name\":\"Agenda\"}},{\"@type\":\"ListItem\",\"@id\":\"https:\\\/\\\/candas365.es\\\/noticias\\\/category\\\/agenda\\\/#listItem\",\"position\":2,\"name\":\"Agenda\",\"item\":\"https:\\\/\\\/candas365.es\\\/noticias\\\/category\\\/agenda\\\/\",\"nextItem\":{\"@type\":\"ListItem\",\"@id\":\"https:\\\/\\\/candas365.es\\\/noticias\\\/la-fundacion-alvargonzalez-acogera-la-muestra-alma-de-pajarita\\\/#listItem\",\"name\":\"La Fundaci\\u00f3n Alvargonz\\u00e1lez acoger\\u00e1 la muestra \\u00abAlma de pajarita\\u00bb\"},\"previousItem\":{\"@type\":\"ListItem\",\"@id\":\"https:\\\/\\\/candas365.es\\\/noticias#listItem\",\"name\":\"Home\"}},{\"@type\":\"ListItem\",\"@id\":\"https:\\\/\\\/candas365.es\\\/noticias\\\/la-fundacion-alvargonzalez-acogera-la-muestra-alma-de-pajarita\\\/#listItem\",\"position\":3,\"name\":\"La Fundaci\\u00f3n Alvargonz\\u00e1lez acoger\\u00e1 la muestra \\u00abAlma de pajarita\\u00bb\",\"previousItem\":{\"@type\":\"ListItem\",\"@id\":\"https:\\\/\\\/candas365.es\\\/noticias\\\/category\\\/agenda\\\/#listItem\",\"name\":\"Agenda\"}}]},{\"@type\":\"NewsArticle\",\"@id\":\"https:\\\/\\\/candas365.es\\\/noticias\\\/la-fundacion-alvargonzalez-acogera-la-muestra-alma-de-pajarita\\\/#newsarticle\",\"name\":\"La Fundaci\\u00f3n Alvargonz\\u00e1lez acoger\\u00e1 la muestra \\u00abAlma de pajarita\\u00bb | Cand\\u00e1s 365\",\"headline\":\"La Fundaci\\u00f3n Alvargonz\\u00e1lez acoger\\u00e1 la muestra \\u00abAlma de pajarita\\u00bb\",\"author\":{\"@id\":\"https:\\\/\\\/candas365.es\\\/noticias\\\/author\\\/admin\\\/#author\"},\"publisher\":{\"@id\":\"https:\\\/\\\/candas365.es\\\/noticias\\\/#organization\"},\"image\":{\"@type\":\"ImageObject\",\"url\":\"https:\\\/\\\/candas365.es\\\/noticias\\\/wp-content\\\/uploads\\\/2019\\\/12\\\/Anverso.jpg\",\"width\":700,\"height\":334},\"datePublished\":\"2019-12-12T18:17:35+01:00\",\"dateModified\":\"2019-12-12T18:17:35+01:00\",\"inLanguage\":\"es-ES\",\"mainEntityOfPage\":{\"@id\":\"https:\\\/\\\/candas365.es\\\/noticias\\\/la-fundacion-alvargonzalez-acogera-la-muestra-alma-de-pajarita\\\/#webpage\"},\"isPartOf\":{\"@id\":\"https:\\\/\\\/candas365.es\\\/noticias\\\/la-fundacion-alvargonzalez-acogera-la-muestra-alma-de-pajarita\\\/#webpage\"},\"articleSection\":\"Agenda\",\"dateline\":\"Publicado el diciembre 12, 2019.\"},{\"@type\":\"Organization\",\"@id\":\"https:\\\/\\\/candas365.es\\\/noticias\\\/#organization\",\"name\":\"Cand\\u00e1s 365\",\"description\":\"Cand\\u00e1s 365 es un diario digital independiente, fundado en 2012, con base en Asturias. Informamos con rigor sobre actualidad, sociedad, cultura y ocio, con una mirada local y global.\",\"url\":\"https:\\\/\\\/candas365.es\\\/noticias\\\/\",\"email\":\"info@candas365.es\",\"telephone\":\"+34652131393\",\"foundingDate\":\"2012-06-10\",\"logo\":{\"@type\":\"ImageObject\",\"url\":\"https:\\\/\\\/candas365.es\\\/noticias\\\/wp-content\\\/uploads\\\/2024\\\/09\\\/Candas-365-Redes.jpg\",\"@id\":\"https:\\\/\\\/candas365.es\\\/noticias\\\/la-fundacion-alvargonzalez-acogera-la-muestra-alma-de-pajarita\\\/#organizationLogo\",\"width\":1152,\"height\":864,\"caption\":\"Cand\\u00e1s 365 Redes\"},\"image\":{\"@id\":\"https:\\\/\\\/candas365.es\\\/noticias\\\/la-fundacion-alvargonzalez-acogera-la-muestra-alma-de-pajarita\\\/#organizationLogo\"},\"sameAs\":[\"https:\\\/\\\/www.facebook.com\\\/Nachofdezber\",\"https:\\\/\\\/x.com\\\/NabercoDigital\",\"https:\\\/\\\/www.instagram.com\\\/nachofdezber\\\/\",\"https:\\\/\\\/www.youtube.com\\\/channel\\\/UCZP-2wLEB9Rv6erhFmqVnvg\"],\"address\":{\"@id\":\"https:\\\/\\\/candas365.es\\\/noticias\\\/#postaladdress\",\"@type\":\"PostalAddress\",\"streetAddress\":\"san antonio 4, san antonio 4\",\"postalCode\":\"33430\",\"addressLocality\":\"Cand\\u00e1s\",\"addressRegion\":\"Asturias\",\"addressCountry\":\"ES\"}},{\"@type\":\"Person\",\"@id\":\"https:\\\/\\\/candas365.es\\\/noticias\\\/author\\\/admin\\\/#author\",\"url\":\"https:\\\/\\\/candas365.es\\\/noticias\\\/author\\\/admin\\\/\",\"name\":\"Cand\\u00e1s 365\",\"image\":{\"@type\":\"ImageObject\",\"@id\":\"https:\\\/\\\/candas365.es\\\/noticias\\\/la-fundacion-alvargonzalez-acogera-la-muestra-alma-de-pajarita\\\/#authorImage\",\"url\":\"https:\\\/\\\/secure.gravatar.com\\\/avatar\\\/496a8e03d0c493ede1718b7934145dbdf8d89be1036b0eec9544e1094c9de390?s=96&d=mm&r=g\",\"width\":96,\"height\":96,\"caption\":\"Cand\\u00e1s 365\"},\"sameAs\":[\"https:\\\/\\\/www.facebook.com\\\/carrenoactualidad\",\"https:\\\/\\\/twitter.com\\\/nbasturias\",\"https:\\\/\\\/www.instagram.com\\\/nachofdezber\\\/\",\"https:\\\/\\\/www.youtube.com\\\/channel\\\/UCZP-2wLEB9Rv6erhFmqVnvg\"]},{\"@type\":\"WebPage\",\"@id\":\"https:\\\/\\\/candas365.es\\\/noticias\\\/la-fundacion-alvargonzalez-acogera-la-muestra-alma-de-pajarita\\\/#webpage\",\"url\":\"https:\\\/\\\/candas365.es\\\/noticias\\\/la-fundacion-alvargonzalez-acogera-la-muestra-alma-de-pajarita\\\/\",\"name\":\"La Fundaci\\u00f3n Alvargonz\\u00e1lez acoger\\u00e1 la muestra \\u00abAlma de pajarita\\u00bb | Cand\\u00e1s 365\",\"description\":\"Ma\\u00f1ana viernes 13 de diciembre a las 19.30 horas abre sus puertas en la Sala de Exposiciones de la Fundaci\\u00f3n Alvargonz\\u00e1lez la muestra \\\"Alma de pajarita\\\", del artista asturiano Emilio Cases. \\u201cSe juntaron un d\\u00eda el alma de ni\\u00f1o y de adulto, pensador y pensamiento, creador y criatura. Figuras, juegos, paisajes, sentimientos, pensamientos que se\",\"inLanguage\":\"es-ES\",\"isPartOf\":{\"@id\":\"https:\\\/\\\/candas365.es\\\/noticias\\\/#website\"},\"breadcrumb\":{\"@id\":\"https:\\\/\\\/candas365.es\\\/noticias\\\/la-fundacion-alvargonzalez-acogera-la-muestra-alma-de-pajarita\\\/#breadcrumblist\"},\"author\":{\"@id\":\"https:\\\/\\\/candas365.es\\\/noticias\\\/author\\\/admin\\\/#author\"},\"creator\":{\"@id\":\"https:\\\/\\\/candas365.es\\\/noticias\\\/author\\\/admin\\\/#author\"},\"image\":{\"@type\":\"ImageObject\",\"url\":\"https:\\\/\\\/candas365.es\\\/noticias\\\/wp-content\\\/uploads\\\/2019\\\/12\\\/Anverso.jpg\",\"@id\":\"https:\\\/\\\/candas365.es\\\/noticias\\\/la-fundacion-alvargonzalez-acogera-la-muestra-alma-de-pajarita\\\/#mainImage\",\"width\":700,\"height\":334},\"primaryImageOfPage\":{\"@id\":\"https:\\\/\\\/candas365.es\\\/noticias\\\/la-fundacion-alvargonzalez-acogera-la-muestra-alma-de-pajarita\\\/#mainImage\"},\"datePublished\":\"2019-12-12T18:17:35+01:00\",\"dateModified\":\"2019-12-12T18:17:35+01:00\"},{\"@type\":\"WebSite\",\"@id\":\"https:\\\/\\\/candas365.es\\\/noticias\\\/#website\",\"url\":\"https:\\\/\\\/candas365.es\\\/noticias\\\/\",\"name\":\"Cand\\u00e1s 365\",\"alternateName\":\"Cand\\u00e1s 365 Noticias\",\"description\":\"Actualidad desde Carre\\u00f1o para el mundo\",\"inLanguage\":\"es-ES\",\"publisher\":{\"@id\":\"https:\\\/\\\/candas365.es\\\/noticias\\\/#organization\"}}]}\n\t\t<\/script>\n\t\t<!-- All in One SEO Pro -->\r\n\t\t<title>La Fundaci\u00f3n Alvargonz\u00e1lez acoger\u00e1 la muestra \u00abAlma de pajarita\u00bb | Cand\u00e1s 365<\/title>\n\n","aioseo_head_json":{"title":"La Fundaci\u00f3n Alvargonz\u00e1lez acoger\u00e1 la muestra \u00abAlma de pajarita\u00bb | Cand\u00e1s 365","description":"Ma\u00f1ana viernes 13 de diciembre a las 19.30 horas abre sus puertas en la Sala de Exposiciones de la Fundaci\u00f3n Alvargonz\u00e1lez la muestra \"Alma de pajarita\", del artista asturiano Emilio Cases. \u201cSe juntaron un d\u00eda el alma de ni\u00f1o y de adulto, pensador y pensamiento, creador y criatura. Figuras, juegos, paisajes, sentimientos, pensamientos que se","canonical_url":"https:\/\/candas365.es\/noticias\/la-fundacion-alvargonzalez-acogera-la-muestra-alma-de-pajarita\/","robots":"max-image-preview:large","keywords":"agenda","webmasterTools":{"google-site-verification":"UA-32230408-1","msvalidate.01":"354F3CDFB2DA171B47FBE9ABF1F88D5","miscellaneous":""},"schema":{"@context":"https:\/\/schema.org","@graph":[{"@type":"BreadcrumbList","@id":"https:\/\/candas365.es\/noticias\/la-fundacion-alvargonzalez-acogera-la-muestra-alma-de-pajarita\/#breadcrumblist","itemListElement":[{"@type":"ListItem","@id":"https:\/\/candas365.es\/noticias#listItem","position":1,"name":"Home","item":"https:\/\/candas365.es\/noticias","nextItem":{"@type":"ListItem","@id":"https:\/\/candas365.es\/noticias\/category\/agenda\/#listItem","name":"Agenda"}},{"@type":"ListItem","@id":"https:\/\/candas365.es\/noticias\/category\/agenda\/#listItem","position":2,"name":"Agenda","item":"https:\/\/candas365.es\/noticias\/category\/agenda\/","nextItem":{"@type":"ListItem","@id":"https:\/\/candas365.es\/noticias\/la-fundacion-alvargonzalez-acogera-la-muestra-alma-de-pajarita\/#listItem","name":"La Fundaci\u00f3n Alvargonz\u00e1lez acoger\u00e1 la muestra \u00abAlma de pajarita\u00bb"},"previousItem":{"@type":"ListItem","@id":"https:\/\/candas365.es\/noticias#listItem","name":"Home"}},{"@type":"ListItem","@id":"https:\/\/candas365.es\/noticias\/la-fundacion-alvargonzalez-acogera-la-muestra-alma-de-pajarita\/#listItem","position":3,"name":"La Fundaci\u00f3n Alvargonz\u00e1lez acoger\u00e1 la muestra \u00abAlma de pajarita\u00bb","previousItem":{"@type":"ListItem","@id":"https:\/\/candas365.es\/noticias\/category\/agenda\/#listItem","name":"Agenda"}}]},{"@type":"NewsArticle","@id":"https:\/\/candas365.es\/noticias\/la-fundacion-alvargonzalez-acogera-la-muestra-alma-de-pajarita\/#newsarticle","name":"La Fundaci\u00f3n Alvargonz\u00e1lez acoger\u00e1 la muestra \u00abAlma de pajarita\u00bb | Cand\u00e1s 365","headline":"La Fundaci\u00f3n Alvargonz\u00e1lez acoger\u00e1 la muestra \u00abAlma de pajarita\u00bb","author":{"@id":"https:\/\/candas365.es\/noticias\/author\/admin\/#author"},"publisher":{"@id":"https:\/\/candas365.es\/noticias\/#organization"},"image":{"@type":"ImageObject","url":"https:\/\/candas365.es\/noticias\/wp-content\/uploads\/2019\/12\/Anverso.jpg","width":700,"height":334},"datePublished":"2019-12-12T18:17:35+01:00","dateModified":"2019-12-12T18:17:35+01:00","inLanguage":"es-ES","mainEntityOfPage":{"@id":"https:\/\/candas365.es\/noticias\/la-fundacion-alvargonzalez-acogera-la-muestra-alma-de-pajarita\/#webpage"},"isPartOf":{"@id":"https:\/\/candas365.es\/noticias\/la-fundacion-alvargonzalez-acogera-la-muestra-alma-de-pajarita\/#webpage"},"articleSection":"Agenda","dateline":"Publicado el diciembre 12, 2019."},{"@type":"Organization","@id":"https:\/\/candas365.es\/noticias\/#organization","name":"Cand\u00e1s 365","description":"Cand\u00e1s 365 es un diario digital independiente, fundado en 2012, con base en Asturias. Informamos con rigor sobre actualidad, sociedad, cultura y ocio, con una mirada local y global.","url":"https:\/\/candas365.es\/noticias\/","email":"info@candas365.es","telephone":"+34652131393","foundingDate":"2012-06-10","logo":{"@type":"ImageObject","url":"https:\/\/candas365.es\/noticias\/wp-content\/uploads\/2024\/09\/Candas-365-Redes.jpg","@id":"https:\/\/candas365.es\/noticias\/la-fundacion-alvargonzalez-acogera-la-muestra-alma-de-pajarita\/#organizationLogo","width":1152,"height":864,"caption":"Cand\u00e1s 365 Redes"},"image":{"@id":"https:\/\/candas365.es\/noticias\/la-fundacion-alvargonzalez-acogera-la-muestra-alma-de-pajarita\/#organizationLogo"},"sameAs":["https:\/\/www.facebook.com\/Nachofdezber","https:\/\/x.com\/NabercoDigital","https:\/\/www.instagram.com\/nachofdezber\/","https:\/\/www.youtube.com\/channel\/UCZP-2wLEB9Rv6erhFmqVnvg"],"address":{"@id":"https:\/\/candas365.es\/noticias\/#postaladdress","@type":"PostalAddress","streetAddress":"san antonio 4, san antonio 4","postalCode":"33430","addressLocality":"Cand\u00e1s","addressRegion":"Asturias","addressCountry":"ES"}},{"@type":"Person","@id":"https:\/\/candas365.es\/noticias\/author\/admin\/#author","url":"https:\/\/candas365.es\/noticias\/author\/admin\/","name":"Cand\u00e1s 365","image":{"@type":"ImageObject","@id":"https:\/\/candas365.es\/noticias\/la-fundacion-alvargonzalez-acogera-la-muestra-alma-de-pajarita\/#authorImage","url":"https:\/\/secure.gravatar.com\/avatar\/496a8e03d0c493ede1718b7934145dbdf8d89be1036b0eec9544e1094c9de390?s=96&d=mm&r=g","width":96,"height":96,"caption":"Cand\u00e1s 365"},"sameAs":["https:\/\/www.facebook.com\/carrenoactualidad","https:\/\/twitter.com\/nbasturias","https:\/\/www.instagram.com\/nachofdezber\/","https:\/\/www.youtube.com\/channel\/UCZP-2wLEB9Rv6erhFmqVnvg"]},{"@type":"WebPage","@id":"https:\/\/candas365.es\/noticias\/la-fundacion-alvargonzalez-acogera-la-muestra-alma-de-pajarita\/#webpage","url":"https:\/\/candas365.es\/noticias\/la-fundacion-alvargonzalez-acogera-la-muestra-alma-de-pajarita\/","name":"La Fundaci\u00f3n Alvargonz\u00e1lez acoger\u00e1 la muestra \u00abAlma de pajarita\u00bb | Cand\u00e1s 365","description":"Ma\u00f1ana viernes 13 de diciembre a las 19.30 horas abre sus puertas en la Sala de Exposiciones de la Fundaci\u00f3n Alvargonz\u00e1lez la muestra \"Alma de pajarita\", del artista asturiano Emilio Cases. \u201cSe juntaron un d\u00eda el alma de ni\u00f1o y de adulto, pensador y pensamiento, creador y criatura. Figuras, juegos, paisajes, sentimientos, pensamientos que se","inLanguage":"es-ES","isPartOf":{"@id":"https:\/\/candas365.es\/noticias\/#website"},"breadcrumb":{"@id":"https:\/\/candas365.es\/noticias\/la-fundacion-alvargonzalez-acogera-la-muestra-alma-de-pajarita\/#breadcrumblist"},"author":{"@id":"https:\/\/candas365.es\/noticias\/author\/admin\/#author"},"creator":{"@id":"https:\/\/candas365.es\/noticias\/author\/admin\/#author"},"image":{"@type":"ImageObject","url":"https:\/\/candas365.es\/noticias\/wp-content\/uploads\/2019\/12\/Anverso.jpg","@id":"https:\/\/candas365.es\/noticias\/la-fundacion-alvargonzalez-acogera-la-muestra-alma-de-pajarita\/#mainImage","width":700,"height":334},"primaryImageOfPage":{"@id":"https:\/\/candas365.es\/noticias\/la-fundacion-alvargonzalez-acogera-la-muestra-alma-de-pajarita\/#mainImage"},"datePublished":"2019-12-12T18:17:35+01:00","dateModified":"2019-12-12T18:17:35+01:00"},{"@type":"WebSite","@id":"https:\/\/candas365.es\/noticias\/#website","url":"https:\/\/candas365.es\/noticias\/","name":"Cand\u00e1s 365","alternateName":"Cand\u00e1s 365 Noticias","description":"Actualidad desde Carre\u00f1o para el mundo","inLanguage":"es-ES","publisher":{"@id":"https:\/\/candas365.es\/noticias\/#organization"}}]},"og:locale":"es_ES","og:site_name":"Cand\u00e1s 365","og:type":"article","og:title":"La Fundaci\u00f3n Alvargonz\u00e1lez acoger\u00e1 la muestra \u00abAlma de pajarita\u00bb | Cand\u00e1s 365","og:description":"Ma\u00f1ana viernes 13 de diciembre a las 19.30 horas abre sus puertas en la Sala de Exposiciones de la Fundaci\u00f3n Alvargonz\u00e1lez la muestra &quot;Alma de pajarita&quot;, del artista asturiano Emilio Cases. \u201cSe juntaron un d\u00eda el alma de ni\u00f1o y de adulto, pensador y pensamiento, creador y criatura. Figuras, juegos, paisajes, sentimientos, pensamientos que se","og:url":"https:\/\/candas365.es\/noticias\/la-fundacion-alvargonzalez-acogera-la-muestra-alma-de-pajarita\/","og:image":"https:\/\/candas365.es\/noticias\/wp-content\/uploads\/2019\/12\/Anverso.jpg","og:image:secure_url":"https:\/\/candas365.es\/noticias\/wp-content\/uploads\/2019\/12\/Anverso.jpg","og:image:width":700,"og:image:height":334,"article:published_time":"2019-12-12T18:17:35+00:00","article:modified_time":"2019-12-12T18:17:35+00:00","article:publisher":"https:\/\/www.facebook.com\/Nachofdezber","article:author":"https:\/\/www.facebook.com\/carrenoactualidad","twitter:card":"summary_large_image","twitter:site":"@NabercoDigital","twitter:title":"La Fundaci\u00f3n Alvargonz\u00e1lez acoger\u00e1 la muestra \u00abAlma de pajarita\u00bb | Cand\u00e1s 365","twitter:description":"Ma\u00f1ana viernes 13 de diciembre a las 19.30 horas abre sus puertas en la Sala de Exposiciones de la Fundaci\u00f3n Alvargonz\u00e1lez la muestra &quot;Alma de pajarita&quot;, del artista asturiano Emilio Cases. \u201cSe juntaron un d\u00eda el alma de ni\u00f1o y de adulto, pensador y pensamiento, creador y criatura. Figuras, juegos, paisajes, sentimientos, pensamientos que se","twitter:creator":"@nbasturias","twitter:image":"https:\/\/candas365.es\/noticias\/wp-content\/uploads\/2019\/12\/Anverso.jpg","twitter:label1":"Escrito por","twitter:data1":"Cand\u00e1s 365","twitter:label2":"Tiempo de lectura estimado","twitter:data2":"1 minuto"},"aioseo_meta_data":{"post_id":"134590","title":null,"description":null,"keywords":null,"keyphrases":null,"primary_term":null,"canonical_url":null,"og_title":null,"og_description":null,"og_object_type":"default","og_image_type":"default","og_image_url":null,"og_image_width":null,"og_image_height":null,"og_image_custom_url":null,"og_image_custom_fields":null,"og_video":null,"og_custom_url":null,"og_article_section":null,"og_article_tags":null,"twitter_use_og":false,"twitter_card":"default","twitter_image_type":"default","twitter_image_url":null,"twitter_image_custom_url":null,"twitter_image_custom_fields":null,"twitter_title":null,"twitter_description":null,"schema":{"blockGraphs":[],"customGraphs":[],"default":{"data":{"Article":[],"Course":[],"Dataset":[],"FAQPage":[],"Movie":[],"Person":[],"Product":[],"ProductReview":[],"Car":[],"Recipe":[],"Service":[],"SoftwareApplication":[],"WebPage":[]},"graphName":"","isEnabled":true},"graphs":[]},"schema_type":null,"schema_type_options":null,"pillar_content":false,"robots_default":true,"robots_noindex":false,"robots_noarchive":false,"robots_nosnippet":false,"robots_nofollow":false,"robots_noimageindex":false,"robots_noodp":false,"robots_notranslate":false,"robots_max_snippet":null,"robots_max_videopreview":null,"robots_max_imagepreview":"large","priority":null,"frequency":null,"location":null,"local_seo":null,"seo_analyzer_scan_date":"2025-08-30 19:23:14","breadcrumb_settings":null,"limit_modified_date":false,"reviewed_by":null,"open_ai":null,"ai":null,"created":"2020-12-21 10:46:59","updated":"2025-08-30 19:23:14"},"aioseo_breadcrumb":"<div class=\"aioseo-breadcrumbs\"><span class=\"aioseo-breadcrumb\">\n\t<a href=\"https:\/\/candas365.es\/noticias\" title=\"Home\">Home<\/a>\n<\/span><span class=\"aioseo-breadcrumb-separator\">&ndash;<\/span><span class=\"aioseo-breadcrumb\">\n\t<a href=\"https:\/\/candas365.es\/noticias\/category\/agenda\/\" title=\"Agenda\">Agenda<\/a>\n<\/span><span class=\"aioseo-breadcrumb-separator\">&ndash;<\/span><span class=\"aioseo-breadcrumb\">\n\tLa Fundaci\u00f3n Alvargonz\u00e1lez acoger\u00e1 la muestra \u00abAlma de pajarita\u00bb\n<\/span><\/div>","aioseo_breadcrumb_json":[{"label":"Home","link":"https:\/\/candas365.es\/noticias"},{"label":"Agenda","link":"https:\/\/candas365.es\/noticias\/category\/agenda\/"},{"label":"La Fundaci\u00f3n Alvargonz\u00e1lez acoger\u00e1 la muestra \u00abAlma de pajarita\u00bb","link":"https:\/\/candas365.es\/noticias\/la-fundacion-alvargonzalez-acogera-la-muestra-alma-de-pajarita\/"}],"_links":{"self":[{"href":"https:\/\/candas365.es\/noticias\/wp-json\/wp\/v2\/posts\/134590","targetHints":{"allow":["GET"]}}],"collection":[{"href":"https:\/\/candas365.es\/noticias\/wp-json\/wp\/v2\/posts"}],"about":[{"href":"https:\/\/candas365.es\/noticias\/wp-json\/wp\/v2\/types\/post"}],"author":[{"embeddable":true,"href":"https:\/\/candas365.es\/noticias\/wp-json\/wp\/v2\/users\/1"}],"replies":[{"embeddable":true,"href":"https:\/\/candas365.es\/noticias\/wp-json\/wp\/v2\/comments?post=134590"}],"version-history":[{"count":0,"href":"https:\/\/candas365.es\/noticias\/wp-json\/wp\/v2\/posts\/134590\/revisions"}],"wp:featuredmedia":[{"embeddable":true,"href":"https:\/\/candas365.es\/noticias\/wp-json\/wp\/v2\/media\/134591"}],"wp:attachment":[{"href":"https:\/\/candas365.es\/noticias\/wp-json\/wp\/v2\/media?parent=134590"}],"wp:term":[{"taxonomy":"category","embeddable":true,"href":"https:\/\/candas365.es\/noticias\/wp-json\/wp\/v2\/categories?post=134590"},{"taxonomy":"post_tag","embeddable":true,"href":"https:\/\/candas365.es\/noticias\/wp-json\/wp\/v2\/tags?post=134590"}],"curies":[{"name":"wp","href":"https:\/\/api.w.org\/{rel}","templated":true}]}}