{"id":134569,"date":"2019-12-12T12:57:40","date_gmt":"2019-12-12T12:57:40","guid":{"rendered":"http:\/\/candas365.es\/noticias\/?p=134569"},"modified":"2019-12-12T12:57:40","modified_gmt":"2019-12-12T12:57:40","slug":"carreno-lleva-a-cabo-una-actividad-formativa-de-cocina","status":"publish","type":"post","link":"https:\/\/candas365.es\/noticias\/carreno-lleva-a-cabo-una-actividad-formativa-de-cocina\/","title":{"rendered":"Carre\u00f1o lleva a cabo una actividad formativa de cocina"},"content":{"rendered":"<p><img fetchpriority=\"high\" decoding=\"async\" class=\"alignleft size-medium wp-image-134570\" src=\"https:\/\/candas365.es\/noticias\/wp-content\/uploads\/2019\/12\/cocinando-360x270.jpg\" alt=\"\" width=\"360\" height=\"270\" srcset=\"https:\/\/candas365.es\/noticias\/wp-content\/uploads\/2019\/12\/cocinando-360x270.jpg 360w, https:\/\/candas365.es\/noticias\/wp-content\/uploads\/2019\/12\/cocinando-640x480.jpg 640w, https:\/\/candas365.es\/noticias\/wp-content\/uploads\/2019\/12\/cocinando-696x522.jpg 696w, https:\/\/candas365.es\/noticias\/wp-content\/uploads\/2019\/12\/cocinando-560x420.jpg 560w, https:\/\/candas365.es\/noticias\/wp-content\/uploads\/2019\/12\/cocinando-80x60.jpg 80w, https:\/\/candas365.es\/noticias\/wp-content\/uploads\/2019\/12\/cocinando-265x198.jpg 265w, https:\/\/candas365.es\/noticias\/wp-content\/uploads\/2019\/12\/cocinando.jpg 700w\" sizes=\"(max-width: 360px) 100vw, 360px\" \/>El Ayuntamiento de Carre\u00f1o puso en marcha una actividad formativa de cocina en la que se ense\u00f1\u00f3 a los asistentes a elaborar diferentes recetas con chocolate.<\/p>\n<p>La m\u00e1ster class se desarroll\u00f3 en la sede de la Asociaci\u00f3n Vecinal Santiago de Amb\u00e1s.<\/p>\n<p>La sesi\u00f3n formativa tuvo una duraci\u00f3n de 3 horas. Los participantes en el curso tuvieron la oportunidad de presenciar en directo c\u00f3mo se elaboran las recetas de Ana Bel\u00e9n Fern\u00e1ndez, una de las mayores especialistas en chocolate de Asturias.<\/p>\n<p>Su carrera se ha desarrollado principalmente con el maestro chocolatero Tino Helguera en La Casa del Chocolate, en el Paseo de Bego\u00f1a de Gij\u00f3n. En 2010 decidi\u00f3 crear su propia confiter\u00eda, la primera especializada en chocolate de la ciudad.<\/p>\n","protected":false},"excerpt":{"rendered":"<p>El Ayuntamiento de Carre\u00f1o puso en marcha una actividad formativa de cocina en la que se ense\u00f1\u00f3 a los asistentes a elaborar diferentes recetas con chocolate. La m\u00e1ster class se desarroll\u00f3 en la sede de la Asociaci\u00f3n Vecinal Santiago de Amb\u00e1s. La sesi\u00f3n formativa tuvo una duraci\u00f3n de 3 horas. Los participantes en el curso<\/p>\n","protected":false},"author":1,"featured_media":134570,"comment_status":"closed","ping_status":"closed","sticky":false,"template":"","format":"standard","meta":{"footnotes":""},"categories":[2],"tags":[],"class_list":{"0":"post-134569","1":"post","2":"type-post","3":"status-publish","4":"format-standard","5":"has-post-thumbnail","7":"category-noticias-carreno"},"aioseo_notices":[],"aioseo_head":"\n\t\t<!-- All in One SEO Pro 4.9.6.2 - aioseo.com -->\n\t<meta name=\"description\" content=\"El Ayuntamiento de Carre\u00f1o puso en marcha una actividad formativa de cocina en la que se ense\u00f1\u00f3 a los asistentes a elaborar diferentes recetas con chocolate. La m\u00e1ster class se desarroll\u00f3 en la sede de la Asociaci\u00f3n Vecinal Santiago de Amb\u00e1s. La sesi\u00f3n formativa tuvo una duraci\u00f3n de 3 horas. Los participantes en el curso\" \/>\n\t<meta name=\"robots\" content=\"max-image-preview:large\" \/>\n\t<meta name=\"author\" content=\"Cand\u00e1s 365\"\/>\n\t<meta name=\"google-site-verification\" content=\"UA-32230408-1\" \/>\n\t<meta name=\"msvalidate.01\" content=\"354F3CDFB2DA171B47FBE9ABF1F88D5\" \/>\n\t<meta name=\"keywords\" content=\"noticias carre\u00f1o\" \/>\n\t<link rel=\"canonical\" href=\"https:\/\/candas365.es\/noticias\/carreno-lleva-a-cabo-una-actividad-formativa-de-cocina\/\" \/>\n\t<meta name=\"generator\" content=\"All in One SEO Pro (AIOSEO) 4.9.6.2\" \/>\n\t\t<meta property=\"og:locale\" content=\"es_ES\" \/>\n\t\t<meta property=\"og:site_name\" content=\"Cand\u00e1s 365\" \/>\n\t\t<meta property=\"og:type\" content=\"article\" \/>\n\t\t<meta property=\"og:title\" content=\"Carre\u00f1o lleva a cabo una actividad formativa de cocina | Cand\u00e1s 365\" \/>\n\t\t<meta property=\"og:description\" content=\"El Ayuntamiento de Carre\u00f1o puso en marcha una actividad formativa de cocina en la que se ense\u00f1\u00f3 a los asistentes a elaborar diferentes recetas con chocolate. La m\u00e1ster class se desarroll\u00f3 en la sede de la Asociaci\u00f3n Vecinal Santiago de Amb\u00e1s. La sesi\u00f3n formativa tuvo una duraci\u00f3n de 3 horas. Los participantes en el curso\" \/>\n\t\t<meta property=\"og:url\" content=\"https:\/\/candas365.es\/noticias\/carreno-lleva-a-cabo-una-actividad-formativa-de-cocina\/\" \/>\n\t\t<meta property=\"og:image\" content=\"https:\/\/candas365.es\/noticias\/wp-content\/uploads\/2019\/12\/cocinando.jpg\" \/>\n\t\t<meta property=\"og:image:secure_url\" content=\"https:\/\/candas365.es\/noticias\/wp-content\/uploads\/2019\/12\/cocinando.jpg\" \/>\n\t\t<meta property=\"og:image:width\" content=\"700\" \/>\n\t\t<meta property=\"og:image:height\" content=\"525\" \/>\n\t\t<meta property=\"article:published_time\" content=\"2019-12-12T12:57:40+00:00\" \/>\n\t\t<meta property=\"article:modified_time\" content=\"2019-12-12T12:57:40+00:00\" \/>\n\t\t<meta property=\"article:publisher\" content=\"https:\/\/www.facebook.com\/Nachofdezber\" \/>\n\t\t<meta property=\"article:author\" content=\"https:\/\/www.facebook.com\/carrenoactualidad\" \/>\n\t\t<meta name=\"twitter:card\" content=\"summary_large_image\" \/>\n\t\t<meta name=\"twitter:site\" content=\"@NabercoDigital\" \/>\n\t\t<meta name=\"twitter:title\" content=\"Carre\u00f1o lleva a cabo una actividad formativa de cocina | Cand\u00e1s 365\" \/>\n\t\t<meta name=\"twitter:description\" content=\"El Ayuntamiento de Carre\u00f1o puso en marcha una actividad formativa de cocina en la que se ense\u00f1\u00f3 a los asistentes a elaborar diferentes recetas con chocolate. La m\u00e1ster class se desarroll\u00f3 en la sede de la Asociaci\u00f3n Vecinal Santiago de Amb\u00e1s. La sesi\u00f3n formativa tuvo una duraci\u00f3n de 3 horas. Los participantes en el curso\" \/>\n\t\t<meta name=\"twitter:creator\" content=\"@nbasturias\" \/>\n\t\t<meta name=\"twitter:image\" content=\"https:\/\/candas365.es\/noticias\/wp-content\/uploads\/2019\/12\/cocinando.jpg\" \/>\n\t\t<meta name=\"twitter:label1\" content=\"Escrito por\" \/>\n\t\t<meta name=\"twitter:data1\" content=\"Cand\u00e1s 365\" \/>\n\t\t<meta name=\"twitter:label2\" content=\"Tiempo de lectura estimado\" \/>\n\t\t<meta name=\"twitter:data2\" content=\"1 minuto\" \/>\n\t\t<script type=\"application\/ld+json\" class=\"aioseo-schema\">\n\t\t\t{\"@context\":\"https:\\\/\\\/schema.org\",\"@graph\":[{\"@type\":\"BreadcrumbList\",\"@id\":\"https:\\\/\\\/candas365.es\\\/noticias\\\/carreno-lleva-a-cabo-una-actividad-formativa-de-cocina\\\/#breadcrumblist\",\"itemListElement\":[{\"@type\":\"ListItem\",\"@id\":\"https:\\\/\\\/candas365.es\\\/noticias#listItem\",\"position\":1,\"name\":\"Home\",\"item\":\"https:\\\/\\\/candas365.es\\\/noticias\",\"nextItem\":{\"@type\":\"ListItem\",\"@id\":\"https:\\\/\\\/candas365.es\\\/noticias\\\/category\\\/noticias-carreno\\\/#listItem\",\"name\":\"Noticias Carre\\u00f1o\"}},{\"@type\":\"ListItem\",\"@id\":\"https:\\\/\\\/candas365.es\\\/noticias\\\/category\\\/noticias-carreno\\\/#listItem\",\"position\":2,\"name\":\"Noticias Carre\\u00f1o\",\"item\":\"https:\\\/\\\/candas365.es\\\/noticias\\\/category\\\/noticias-carreno\\\/\",\"nextItem\":{\"@type\":\"ListItem\",\"@id\":\"https:\\\/\\\/candas365.es\\\/noticias\\\/carreno-lleva-a-cabo-una-actividad-formativa-de-cocina\\\/#listItem\",\"name\":\"Carre\\u00f1o lleva a cabo una actividad formativa de cocina\"},\"previousItem\":{\"@type\":\"ListItem\",\"@id\":\"https:\\\/\\\/candas365.es\\\/noticias#listItem\",\"name\":\"Home\"}},{\"@type\":\"ListItem\",\"@id\":\"https:\\\/\\\/candas365.es\\\/noticias\\\/carreno-lleva-a-cabo-una-actividad-formativa-de-cocina\\\/#listItem\",\"position\":3,\"name\":\"Carre\\u00f1o lleva a cabo una actividad formativa de cocina\",\"previousItem\":{\"@type\":\"ListItem\",\"@id\":\"https:\\\/\\\/candas365.es\\\/noticias\\\/category\\\/noticias-carreno\\\/#listItem\",\"name\":\"Noticias Carre\\u00f1o\"}}]},{\"@type\":\"NewsArticle\",\"@id\":\"https:\\\/\\\/candas365.es\\\/noticias\\\/carreno-lleva-a-cabo-una-actividad-formativa-de-cocina\\\/#newsarticle\",\"name\":\"Carre\\u00f1o lleva a cabo una actividad formativa de cocina | Cand\\u00e1s 365\",\"headline\":\"Carre\\u00f1o lleva a cabo una actividad formativa de cocina\",\"author\":{\"@id\":\"https:\\\/\\\/candas365.es\\\/noticias\\\/author\\\/admin\\\/#author\"},\"publisher\":{\"@id\":\"https:\\\/\\\/candas365.es\\\/noticias\\\/#organization\"},\"image\":{\"@type\":\"ImageObject\",\"url\":\"https:\\\/\\\/candas365.es\\\/noticias\\\/wp-content\\\/uploads\\\/2019\\\/12\\\/cocinando.jpg\",\"width\":700,\"height\":525},\"datePublished\":\"2019-12-12T12:57:40+01:00\",\"dateModified\":\"2019-12-12T12:57:40+01:00\",\"inLanguage\":\"es-ES\",\"mainEntityOfPage\":{\"@id\":\"https:\\\/\\\/candas365.es\\\/noticias\\\/carreno-lleva-a-cabo-una-actividad-formativa-de-cocina\\\/#webpage\"},\"isPartOf\":{\"@id\":\"https:\\\/\\\/candas365.es\\\/noticias\\\/carreno-lleva-a-cabo-una-actividad-formativa-de-cocina\\\/#webpage\"},\"articleSection\":\"Noticias Carre\\u00f1o\",\"dateline\":\"Publicado el diciembre 12, 2019.\"},{\"@type\":\"Organization\",\"@id\":\"https:\\\/\\\/candas365.es\\\/noticias\\\/#organization\",\"name\":\"Cand\\u00e1s 365\",\"description\":\"Cand\\u00e1s 365 es un diario digital independiente, fundado en 2012, con base en Asturias. Informamos con rigor sobre actualidad, sociedad, cultura y ocio, con una mirada local y global.\",\"url\":\"https:\\\/\\\/candas365.es\\\/noticias\\\/\",\"email\":\"info@candas365.es\",\"telephone\":\"+34652131393\",\"foundingDate\":\"2012-06-10\",\"logo\":{\"@type\":\"ImageObject\",\"url\":\"https:\\\/\\\/candas365.es\\\/noticias\\\/wp-content\\\/uploads\\\/2024\\\/09\\\/Candas-365-Redes.jpg\",\"@id\":\"https:\\\/\\\/candas365.es\\\/noticias\\\/carreno-lleva-a-cabo-una-actividad-formativa-de-cocina\\\/#organizationLogo\",\"width\":1152,\"height\":864,\"caption\":\"Cand\\u00e1s 365 Redes\"},\"image\":{\"@id\":\"https:\\\/\\\/candas365.es\\\/noticias\\\/carreno-lleva-a-cabo-una-actividad-formativa-de-cocina\\\/#organizationLogo\"},\"sameAs\":[\"https:\\\/\\\/www.facebook.com\\\/Nachofdezber\",\"https:\\\/\\\/x.com\\\/NabercoDigital\",\"https:\\\/\\\/www.instagram.com\\\/nachofdezber\\\/\",\"https:\\\/\\\/www.youtube.com\\\/channel\\\/UCZP-2wLEB9Rv6erhFmqVnvg\"],\"address\":{\"@id\":\"https:\\\/\\\/candas365.es\\\/noticias\\\/#postaladdress\",\"@type\":\"PostalAddress\",\"streetAddress\":\"san antonio 4, san antonio 4\",\"postalCode\":\"33430\",\"addressLocality\":\"Cand\\u00e1s\",\"addressRegion\":\"Asturias\",\"addressCountry\":\"ES\"}},{\"@type\":\"Person\",\"@id\":\"https:\\\/\\\/candas365.es\\\/noticias\\\/author\\\/admin\\\/#author\",\"url\":\"https:\\\/\\\/candas365.es\\\/noticias\\\/author\\\/admin\\\/\",\"name\":\"Cand\\u00e1s 365\",\"image\":{\"@type\":\"ImageObject\",\"@id\":\"https:\\\/\\\/candas365.es\\\/noticias\\\/carreno-lleva-a-cabo-una-actividad-formativa-de-cocina\\\/#authorImage\",\"url\":\"https:\\\/\\\/secure.gravatar.com\\\/avatar\\\/496a8e03d0c493ede1718b7934145dbdf8d89be1036b0eec9544e1094c9de390?s=96&d=mm&r=g\",\"width\":96,\"height\":96,\"caption\":\"Cand\\u00e1s 365\"},\"sameAs\":[\"https:\\\/\\\/www.facebook.com\\\/carrenoactualidad\",\"https:\\\/\\\/twitter.com\\\/nbasturias\",\"https:\\\/\\\/www.instagram.com\\\/nachofdezber\\\/\",\"https:\\\/\\\/www.youtube.com\\\/channel\\\/UCZP-2wLEB9Rv6erhFmqVnvg\"]},{\"@type\":\"WebPage\",\"@id\":\"https:\\\/\\\/candas365.es\\\/noticias\\\/carreno-lleva-a-cabo-una-actividad-formativa-de-cocina\\\/#webpage\",\"url\":\"https:\\\/\\\/candas365.es\\\/noticias\\\/carreno-lleva-a-cabo-una-actividad-formativa-de-cocina\\\/\",\"name\":\"Carre\\u00f1o lleva a cabo una actividad formativa de cocina | Cand\\u00e1s 365\",\"description\":\"El Ayuntamiento de Carre\\u00f1o puso en marcha una actividad formativa de cocina en la que se ense\\u00f1\\u00f3 a los asistentes a elaborar diferentes recetas con chocolate. La m\\u00e1ster class se desarroll\\u00f3 en la sede de la Asociaci\\u00f3n Vecinal Santiago de Amb\\u00e1s. La sesi\\u00f3n formativa tuvo una duraci\\u00f3n de 3 horas. Los participantes en el curso\",\"inLanguage\":\"es-ES\",\"isPartOf\":{\"@id\":\"https:\\\/\\\/candas365.es\\\/noticias\\\/#website\"},\"breadcrumb\":{\"@id\":\"https:\\\/\\\/candas365.es\\\/noticias\\\/carreno-lleva-a-cabo-una-actividad-formativa-de-cocina\\\/#breadcrumblist\"},\"author\":{\"@id\":\"https:\\\/\\\/candas365.es\\\/noticias\\\/author\\\/admin\\\/#author\"},\"creator\":{\"@id\":\"https:\\\/\\\/candas365.es\\\/noticias\\\/author\\\/admin\\\/#author\"},\"image\":{\"@type\":\"ImageObject\",\"url\":\"https:\\\/\\\/candas365.es\\\/noticias\\\/wp-content\\\/uploads\\\/2019\\\/12\\\/cocinando.jpg\",\"@id\":\"https:\\\/\\\/candas365.es\\\/noticias\\\/carreno-lleva-a-cabo-una-actividad-formativa-de-cocina\\\/#mainImage\",\"width\":700,\"height\":525},\"primaryImageOfPage\":{\"@id\":\"https:\\\/\\\/candas365.es\\\/noticias\\\/carreno-lleva-a-cabo-una-actividad-formativa-de-cocina\\\/#mainImage\"},\"datePublished\":\"2019-12-12T12:57:40+01:00\",\"dateModified\":\"2019-12-12T12:57:40+01:00\"},{\"@type\":\"WebSite\",\"@id\":\"https:\\\/\\\/candas365.es\\\/noticias\\\/#website\",\"url\":\"https:\\\/\\\/candas365.es\\\/noticias\\\/\",\"name\":\"Cand\\u00e1s 365\",\"alternateName\":\"Cand\\u00e1s 365 Noticias\",\"description\":\"Actualidad desde Carre\\u00f1o para el mundo\",\"inLanguage\":\"es-ES\",\"publisher\":{\"@id\":\"https:\\\/\\\/candas365.es\\\/noticias\\\/#organization\"}}]}\n\t\t<\/script>\n\t\t<!-- All in One SEO Pro -->\r\n\t\t<title>Carre\u00f1o lleva a cabo una actividad formativa de cocina | Cand\u00e1s 365<\/title>\n\n","aioseo_head_json":{"title":"Carre\u00f1o lleva a cabo una actividad formativa de cocina | Cand\u00e1s 365","description":"El Ayuntamiento de Carre\u00f1o puso en marcha una actividad formativa de cocina en la que se ense\u00f1\u00f3 a los asistentes a elaborar diferentes recetas con chocolate. La m\u00e1ster class se desarroll\u00f3 en la sede de la Asociaci\u00f3n Vecinal Santiago de Amb\u00e1s. La sesi\u00f3n formativa tuvo una duraci\u00f3n de 3 horas. Los participantes en el curso","canonical_url":"https:\/\/candas365.es\/noticias\/carreno-lleva-a-cabo-una-actividad-formativa-de-cocina\/","robots":"max-image-preview:large","keywords":"noticias carre\u00f1o","webmasterTools":{"google-site-verification":"UA-32230408-1","msvalidate.01":"354F3CDFB2DA171B47FBE9ABF1F88D5","miscellaneous":""},"schema":{"@context":"https:\/\/schema.org","@graph":[{"@type":"BreadcrumbList","@id":"https:\/\/candas365.es\/noticias\/carreno-lleva-a-cabo-una-actividad-formativa-de-cocina\/#breadcrumblist","itemListElement":[{"@type":"ListItem","@id":"https:\/\/candas365.es\/noticias#listItem","position":1,"name":"Home","item":"https:\/\/candas365.es\/noticias","nextItem":{"@type":"ListItem","@id":"https:\/\/candas365.es\/noticias\/category\/noticias-carreno\/#listItem","name":"Noticias Carre\u00f1o"}},{"@type":"ListItem","@id":"https:\/\/candas365.es\/noticias\/category\/noticias-carreno\/#listItem","position":2,"name":"Noticias Carre\u00f1o","item":"https:\/\/candas365.es\/noticias\/category\/noticias-carreno\/","nextItem":{"@type":"ListItem","@id":"https:\/\/candas365.es\/noticias\/carreno-lleva-a-cabo-una-actividad-formativa-de-cocina\/#listItem","name":"Carre\u00f1o lleva a cabo una actividad formativa de cocina"},"previousItem":{"@type":"ListItem","@id":"https:\/\/candas365.es\/noticias#listItem","name":"Home"}},{"@type":"ListItem","@id":"https:\/\/candas365.es\/noticias\/carreno-lleva-a-cabo-una-actividad-formativa-de-cocina\/#listItem","position":3,"name":"Carre\u00f1o lleva a cabo una actividad formativa de cocina","previousItem":{"@type":"ListItem","@id":"https:\/\/candas365.es\/noticias\/category\/noticias-carreno\/#listItem","name":"Noticias Carre\u00f1o"}}]},{"@type":"NewsArticle","@id":"https:\/\/candas365.es\/noticias\/carreno-lleva-a-cabo-una-actividad-formativa-de-cocina\/#newsarticle","name":"Carre\u00f1o lleva a cabo una actividad formativa de cocina | Cand\u00e1s 365","headline":"Carre\u00f1o lleva a cabo una actividad formativa de cocina","author":{"@id":"https:\/\/candas365.es\/noticias\/author\/admin\/#author"},"publisher":{"@id":"https:\/\/candas365.es\/noticias\/#organization"},"image":{"@type":"ImageObject","url":"https:\/\/candas365.es\/noticias\/wp-content\/uploads\/2019\/12\/cocinando.jpg","width":700,"height":525},"datePublished":"2019-12-12T12:57:40+01:00","dateModified":"2019-12-12T12:57:40+01:00","inLanguage":"es-ES","mainEntityOfPage":{"@id":"https:\/\/candas365.es\/noticias\/carreno-lleva-a-cabo-una-actividad-formativa-de-cocina\/#webpage"},"isPartOf":{"@id":"https:\/\/candas365.es\/noticias\/carreno-lleva-a-cabo-una-actividad-formativa-de-cocina\/#webpage"},"articleSection":"Noticias Carre\u00f1o","dateline":"Publicado el diciembre 12, 2019."},{"@type":"Organization","@id":"https:\/\/candas365.es\/noticias\/#organization","name":"Cand\u00e1s 365","description":"Cand\u00e1s 365 es un diario digital independiente, fundado en 2012, con base en Asturias. Informamos con rigor sobre actualidad, sociedad, cultura y ocio, con una mirada local y global.","url":"https:\/\/candas365.es\/noticias\/","email":"info@candas365.es","telephone":"+34652131393","foundingDate":"2012-06-10","logo":{"@type":"ImageObject","url":"https:\/\/candas365.es\/noticias\/wp-content\/uploads\/2024\/09\/Candas-365-Redes.jpg","@id":"https:\/\/candas365.es\/noticias\/carreno-lleva-a-cabo-una-actividad-formativa-de-cocina\/#organizationLogo","width":1152,"height":864,"caption":"Cand\u00e1s 365 Redes"},"image":{"@id":"https:\/\/candas365.es\/noticias\/carreno-lleva-a-cabo-una-actividad-formativa-de-cocina\/#organizationLogo"},"sameAs":["https:\/\/www.facebook.com\/Nachofdezber","https:\/\/x.com\/NabercoDigital","https:\/\/www.instagram.com\/nachofdezber\/","https:\/\/www.youtube.com\/channel\/UCZP-2wLEB9Rv6erhFmqVnvg"],"address":{"@id":"https:\/\/candas365.es\/noticias\/#postaladdress","@type":"PostalAddress","streetAddress":"san antonio 4, san antonio 4","postalCode":"33430","addressLocality":"Cand\u00e1s","addressRegion":"Asturias","addressCountry":"ES"}},{"@type":"Person","@id":"https:\/\/candas365.es\/noticias\/author\/admin\/#author","url":"https:\/\/candas365.es\/noticias\/author\/admin\/","name":"Cand\u00e1s 365","image":{"@type":"ImageObject","@id":"https:\/\/candas365.es\/noticias\/carreno-lleva-a-cabo-una-actividad-formativa-de-cocina\/#authorImage","url":"https:\/\/secure.gravatar.com\/avatar\/496a8e03d0c493ede1718b7934145dbdf8d89be1036b0eec9544e1094c9de390?s=96&d=mm&r=g","width":96,"height":96,"caption":"Cand\u00e1s 365"},"sameAs":["https:\/\/www.facebook.com\/carrenoactualidad","https:\/\/twitter.com\/nbasturias","https:\/\/www.instagram.com\/nachofdezber\/","https:\/\/www.youtube.com\/channel\/UCZP-2wLEB9Rv6erhFmqVnvg"]},{"@type":"WebPage","@id":"https:\/\/candas365.es\/noticias\/carreno-lleva-a-cabo-una-actividad-formativa-de-cocina\/#webpage","url":"https:\/\/candas365.es\/noticias\/carreno-lleva-a-cabo-una-actividad-formativa-de-cocina\/","name":"Carre\u00f1o lleva a cabo una actividad formativa de cocina | Cand\u00e1s 365","description":"El Ayuntamiento de Carre\u00f1o puso en marcha una actividad formativa de cocina en la que se ense\u00f1\u00f3 a los asistentes a elaborar diferentes recetas con chocolate. La m\u00e1ster class se desarroll\u00f3 en la sede de la Asociaci\u00f3n Vecinal Santiago de Amb\u00e1s. La sesi\u00f3n formativa tuvo una duraci\u00f3n de 3 horas. Los participantes en el curso","inLanguage":"es-ES","isPartOf":{"@id":"https:\/\/candas365.es\/noticias\/#website"},"breadcrumb":{"@id":"https:\/\/candas365.es\/noticias\/carreno-lleva-a-cabo-una-actividad-formativa-de-cocina\/#breadcrumblist"},"author":{"@id":"https:\/\/candas365.es\/noticias\/author\/admin\/#author"},"creator":{"@id":"https:\/\/candas365.es\/noticias\/author\/admin\/#author"},"image":{"@type":"ImageObject","url":"https:\/\/candas365.es\/noticias\/wp-content\/uploads\/2019\/12\/cocinando.jpg","@id":"https:\/\/candas365.es\/noticias\/carreno-lleva-a-cabo-una-actividad-formativa-de-cocina\/#mainImage","width":700,"height":525},"primaryImageOfPage":{"@id":"https:\/\/candas365.es\/noticias\/carreno-lleva-a-cabo-una-actividad-formativa-de-cocina\/#mainImage"},"datePublished":"2019-12-12T12:57:40+01:00","dateModified":"2019-12-12T12:57:40+01:00"},{"@type":"WebSite","@id":"https:\/\/candas365.es\/noticias\/#website","url":"https:\/\/candas365.es\/noticias\/","name":"Cand\u00e1s 365","alternateName":"Cand\u00e1s 365 Noticias","description":"Actualidad desde Carre\u00f1o para el mundo","inLanguage":"es-ES","publisher":{"@id":"https:\/\/candas365.es\/noticias\/#organization"}}]},"og:locale":"es_ES","og:site_name":"Cand\u00e1s 365","og:type":"article","og:title":"Carre\u00f1o lleva a cabo una actividad formativa de cocina | Cand\u00e1s 365","og:description":"El Ayuntamiento de Carre\u00f1o puso en marcha una actividad formativa de cocina en la que se ense\u00f1\u00f3 a los asistentes a elaborar diferentes recetas con chocolate. La m\u00e1ster class se desarroll\u00f3 en la sede de la Asociaci\u00f3n Vecinal Santiago de Amb\u00e1s. La sesi\u00f3n formativa tuvo una duraci\u00f3n de 3 horas. Los participantes en el curso","og:url":"https:\/\/candas365.es\/noticias\/carreno-lleva-a-cabo-una-actividad-formativa-de-cocina\/","og:image":"https:\/\/candas365.es\/noticias\/wp-content\/uploads\/2019\/12\/cocinando.jpg","og:image:secure_url":"https:\/\/candas365.es\/noticias\/wp-content\/uploads\/2019\/12\/cocinando.jpg","og:image:width":700,"og:image:height":525,"article:published_time":"2019-12-12T12:57:40+00:00","article:modified_time":"2019-12-12T12:57:40+00:00","article:publisher":"https:\/\/www.facebook.com\/Nachofdezber","article:author":"https:\/\/www.facebook.com\/carrenoactualidad","twitter:card":"summary_large_image","twitter:site":"@NabercoDigital","twitter:title":"Carre\u00f1o lleva a cabo una actividad formativa de cocina | Cand\u00e1s 365","twitter:description":"El Ayuntamiento de Carre\u00f1o puso en marcha una actividad formativa de cocina en la que se ense\u00f1\u00f3 a los asistentes a elaborar diferentes recetas con chocolate. La m\u00e1ster class se desarroll\u00f3 en la sede de la Asociaci\u00f3n Vecinal Santiago de Amb\u00e1s. La sesi\u00f3n formativa tuvo una duraci\u00f3n de 3 horas. Los participantes en el curso","twitter:creator":"@nbasturias","twitter:image":"https:\/\/candas365.es\/noticias\/wp-content\/uploads\/2019\/12\/cocinando.jpg","twitter:label1":"Escrito por","twitter:data1":"Cand\u00e1s 365","twitter:label2":"Tiempo de lectura estimado","twitter:data2":"1 minuto"},"aioseo_meta_data":{"post_id":"134569","title":null,"description":null,"keywords":null,"keyphrases":null,"primary_term":null,"canonical_url":null,"og_title":null,"og_description":null,"og_object_type":"default","og_image_type":"default","og_image_url":null,"og_image_width":null,"og_image_height":null,"og_image_custom_url":null,"og_image_custom_fields":null,"og_video":null,"og_custom_url":null,"og_article_section":null,"og_article_tags":null,"twitter_use_og":false,"twitter_card":"default","twitter_image_type":"default","twitter_image_url":null,"twitter_image_custom_url":null,"twitter_image_custom_fields":null,"twitter_title":null,"twitter_description":null,"schema":{"blockGraphs":[],"customGraphs":[],"default":{"data":{"Article":[],"Course":[],"Dataset":[],"FAQPage":[],"Movie":[],"Person":[],"Product":[],"ProductReview":[],"Car":[],"Recipe":[],"Service":[],"SoftwareApplication":[],"WebPage":[]},"graphName":"","isEnabled":true},"graphs":[],"defaultGraph":"","defaultPostTypeGraph":""},"schema_type":null,"schema_type_options":null,"pillar_content":false,"robots_default":true,"robots_noindex":false,"robots_noarchive":false,"robots_nosnippet":false,"robots_nofollow":false,"robots_noimageindex":false,"robots_noodp":false,"robots_notranslate":false,"robots_max_snippet":null,"robots_max_videopreview":null,"robots_max_imagepreview":"large","priority":null,"frequency":null,"location":null,"local_seo":null,"seo_analyzer_scan_date":"2025-08-30 19:23:08","breadcrumb_settings":null,"limit_modified_date":false,"reviewed_by":null,"open_ai":null,"ai":null,"created":"2020-12-21 10:49:24","updated":"2025-08-30 19:23:08"},"aioseo_breadcrumb":"<div class=\"aioseo-breadcrumbs\"><span class=\"aioseo-breadcrumb\">\n\t<a href=\"https:\/\/candas365.es\/noticias\" title=\"Home\">Home<\/a>\n<\/span><span class=\"aioseo-breadcrumb-separator\">&ndash;<\/span><span class=\"aioseo-breadcrumb\">\n\t<a href=\"https:\/\/candas365.es\/noticias\/category\/noticias-carreno\/\" title=\"Noticias Carre\u00f1o\">Noticias Carre\u00f1o<\/a>\n<\/span><span class=\"aioseo-breadcrumb-separator\">&ndash;<\/span><span class=\"aioseo-breadcrumb\">\n\tCarre\u00f1o lleva a cabo una actividad formativa de cocina\n<\/span><\/div>","aioseo_breadcrumb_json":[{"label":"Home","link":"https:\/\/candas365.es\/noticias"},{"label":"Noticias Carre\u00f1o","link":"https:\/\/candas365.es\/noticias\/category\/noticias-carreno\/"},{"label":"Carre\u00f1o lleva a cabo una actividad formativa de cocina","link":"https:\/\/candas365.es\/noticias\/carreno-lleva-a-cabo-una-actividad-formativa-de-cocina\/"}],"_links":{"self":[{"href":"https:\/\/candas365.es\/noticias\/wp-json\/wp\/v2\/posts\/134569","targetHints":{"allow":["GET"]}}],"collection":[{"href":"https:\/\/candas365.es\/noticias\/wp-json\/wp\/v2\/posts"}],"about":[{"href":"https:\/\/candas365.es\/noticias\/wp-json\/wp\/v2\/types\/post"}],"author":[{"embeddable":true,"href":"https:\/\/candas365.es\/noticias\/wp-json\/wp\/v2\/users\/1"}],"replies":[{"embeddable":true,"href":"https:\/\/candas365.es\/noticias\/wp-json\/wp\/v2\/comments?post=134569"}],"version-history":[{"count":0,"href":"https:\/\/candas365.es\/noticias\/wp-json\/wp\/v2\/posts\/134569\/revisions"}],"wp:featuredmedia":[{"embeddable":true,"href":"https:\/\/candas365.es\/noticias\/wp-json\/wp\/v2\/media\/134570"}],"wp:attachment":[{"href":"https:\/\/candas365.es\/noticias\/wp-json\/wp\/v2\/media?parent=134569"}],"wp:term":[{"taxonomy":"category","embeddable":true,"href":"https:\/\/candas365.es\/noticias\/wp-json\/wp\/v2\/categories?post=134569"},{"taxonomy":"post_tag","embeddable":true,"href":"https:\/\/candas365.es\/noticias\/wp-json\/wp\/v2\/tags?post=134569"}],"curies":[{"name":"wp","href":"https:\/\/api.w.org\/{rel}","templated":true}]}}