{"id":134547,"date":"2019-12-12T09:01:59","date_gmt":"2019-12-12T09:01:59","guid":{"rendered":"http:\/\/candas365.es\/noticias\/?p=134547"},"modified":"2019-12-12T09:01:59","modified_gmt":"2019-12-12T09:01:59","slug":"muestra-en-berlin-se-centra-en-las-primeras-madonnas-de-rafael","status":"publish","type":"post","link":"https:\/\/candas365.es\/noticias\/muestra-en-berlin-se-centra-en-las-primeras-madonnas-de-rafael\/","title":{"rendered":"Muestra en Berl\u00edn se centra en las primeras Madonnas de Rafael"},"content":{"rendered":"<figure id=\"attachment_134548\" aria-describedby=\"caption-attachment-134548\" style=\"width: 332px\" class=\"wp-caption alignleft\"><img fetchpriority=\"high\" decoding=\"async\" class=\"wp-image-134548 size-medium\" src=\"https:\/\/candas365.es\/noticias\/wp-content\/uploads\/2019\/12\/Muestra-Berlin-dpa-332x300.jpg\" alt=\"\" width=\"332\" height=\"300\" srcset=\"https:\/\/candas365.es\/noticias\/wp-content\/uploads\/2019\/12\/Muestra-Berlin-dpa-332x300.jpg 332w, https:\/\/candas365.es\/noticias\/wp-content\/uploads\/2019\/12\/Muestra-Berlin-dpa-532x480.jpg 532w, https:\/\/candas365.es\/noticias\/wp-content\/uploads\/2019\/12\/Muestra-Berlin-dpa-696x628.jpg 696w, https:\/\/candas365.es\/noticias\/wp-content\/uploads\/2019\/12\/Muestra-Berlin-dpa-465x420.jpg 465w, https:\/\/candas365.es\/noticias\/wp-content\/uploads\/2019\/12\/Muestra-Berlin-dpa.jpg 740w\" sizes=\"(max-width: 332px) 100vw, 332px\" \/><figcaption id=\"caption-attachment-134548\" class=\"wp-caption-text\">Foto: Britta Pedersen\/dpa-Zentralbild\/dpa<\/figcaption><\/figure>\n<p>Berl\u00edn, 11 dic (dpa) &#8211; Berl\u00edn posar\u00e1 detenidamente su mirada en las primeras v\u00edrgenes del pintor italiano Rafael (1483-1520), poco antes del inicio del quinto centenario de la muerte de la estrella del Renacimiento.<\/p>\n<p>Con este fin, la pinacoteca Gem\u00e4ldegalerie de la capital alemana mostrar\u00e1 adem\u00e1s de sus cinco Madonnas, procedentes de sus propios fondos, \u00abLa Virgen de los Claveles\u00bb de la National Gallery de Londres. Ser\u00e1 la primera vez que esta obra salga de la isla brit\u00e1nica desde su compra.<\/p>\n<p>La muestra titulada \u00abRafael en Berl\u00edn. Las v\u00edrgenes de la Gem\u00e4ldegalerie\u00bb ofrece desde este viernes una visi\u00f3n intensiva sobre la obra temprana de Raffaello Sanzio da Urbino, y podr\u00e1 ser visitada hasta el pr\u00f3ximo 26 de abril.<\/p>\n<p>Para Michael Eissenhauer, director general de los Museos Estatales de Berl\u00edn, la exposici\u00f3n permite \u00abmirar al artista de manera bien focalizada y extremadamente concentrada\u00bb, y lo hace antes de que \u00abRafael se convirtiera en Rafael, el pintor estrella de los papas en Roma\u00bb.<\/p>\n<p>Eissenhauer destac\u00f3 que, gracias a la intensa colaboraci\u00f3n entre los museos de Berl\u00edn y la National Gallery, estas obras de las Madonnas pueden contemplarse juntas por primera vez.<\/p>\n<p>Seg\u00fan la curadora Alexandra Enzensberger, la exposici\u00f3n tambi\u00e9n relata la visi\u00f3n berlinesa sobre el artista italiano. La curadora precis\u00f3 que las obras de las v\u00edrgenes fueron adquiridas entre 1821 y 1854.<\/p>\n<p>De acuerdo con Enzensberger, en esta \u00e9poca de la fundaci\u00f3n del museo berlin\u00e9s, el joven Rafael era especialmente codiciado. Incluso \u00abLa Virgen de los Claveles\u00bb fue considerada para su adquisici\u00f3n, pero una eventual compra resultaba demasiado costosa.<\/p>\n<p>La \u00abMadonna Terranova\u00bb, que tambi\u00e9n tiene una presencia dominante en la exposici\u00f3n en Berl\u00edn, cost\u00f3 37.500 t\u00e1leros, la antigua moneda alemana, lo que represent\u00f3 por lejos la compra m\u00e1s cara de la \u00e9poca.<\/p>\n<p>Esta muestra abrir\u00e1 una serie de tres exposiciones vinculadas con Rafael en Berl\u00edn. En enero seguir\u00e1 un ciclo sobre la vida del pintor italiano con grabados de Johannes Riepenhausen (1787-1860), mientras que en febrero se presentar\u00e1n obras maestras del alto representante del Renacimiento en el Kupferstichkabinett o Museo de Grabados y Dibujos.<\/p>\n<p>Por su parte, la National Gallery planea su propia exposici\u00f3n sobre Rafael para oto\u00f1o (boreal) del pr\u00f3ximo a\u00f1o.<\/p>\n","protected":false},"excerpt":{"rendered":"<p>Berl\u00edn, 11 dic (dpa) &#8211; Berl\u00edn posar\u00e1 detenidamente su mirada en las primeras v\u00edrgenes del pintor italiano Rafael (1483-1520), poco antes del inicio del quinto centenario de la muerte de la estrella del Renacimiento. Con este fin, la pinacoteca Gem\u00e4ldegalerie de la capital alemana mostrar\u00e1 adem\u00e1s de sus cinco Madonnas, procedentes de sus propios fondos,<\/p>\n","protected":false},"author":1,"featured_media":134548,"comment_status":"closed","ping_status":"closed","sticky":false,"template":"","format":"standard","meta":{"footnotes":""},"categories":[142],"tags":[],"class_list":{"0":"post-134547","1":"post","2":"type-post","3":"status-publish","4":"format-standard","5":"has-post-thumbnail","7":"category-revista"},"aioseo_notices":[],"aioseo_head":"\n\t\t<!-- All in One SEO Pro 4.9.6.2 - aioseo.com -->\n\t<meta name=\"description\" content=\"Berl\u00edn, 11 dic (dpa) - Berl\u00edn posar\u00e1 detenidamente su mirada en las primeras v\u00edrgenes del pintor italiano Rafael (1483-1520), poco antes del inicio del quinto centenario de la muerte de la estrella del Renacimiento. Con este fin, la pinacoteca Gem\u00e4ldegalerie de la capital alemana mostrar\u00e1 adem\u00e1s de sus cinco Madonnas, procedentes de sus propios fondos,\" \/>\n\t<meta name=\"robots\" content=\"max-image-preview:large\" \/>\n\t<meta name=\"author\" content=\"Cand\u00e1s 365\"\/>\n\t<meta name=\"google-site-verification\" content=\"UA-32230408-1\" \/>\n\t<meta name=\"msvalidate.01\" content=\"354F3CDFB2DA171B47FBE9ABF1F88D5\" \/>\n\t<meta name=\"keywords\" content=\"revista\" \/>\n\t<link rel=\"canonical\" href=\"https:\/\/candas365.es\/noticias\/muestra-en-berlin-se-centra-en-las-primeras-madonnas-de-rafael\/\" \/>\n\t<meta name=\"generator\" content=\"All in One SEO Pro (AIOSEO) 4.9.6.2\" \/>\n\t\t<meta property=\"og:locale\" content=\"es_ES\" \/>\n\t\t<meta property=\"og:site_name\" content=\"Cand\u00e1s 365\" \/>\n\t\t<meta property=\"og:type\" content=\"article\" \/>\n\t\t<meta property=\"og:title\" content=\"Muestra en Berl\u00edn se centra en las primeras Madonnas de Rafael | Cand\u00e1s 365\" \/>\n\t\t<meta property=\"og:description\" content=\"Berl\u00edn, 11 dic (dpa) - Berl\u00edn posar\u00e1 detenidamente su mirada en las primeras v\u00edrgenes del pintor italiano Rafael (1483-1520), poco antes del inicio del quinto centenario de la muerte de la estrella del Renacimiento. Con este fin, la pinacoteca Gem\u00e4ldegalerie de la capital alemana mostrar\u00e1 adem\u00e1s de sus cinco Madonnas, procedentes de sus propios fondos,\" \/>\n\t\t<meta property=\"og:url\" content=\"https:\/\/candas365.es\/noticias\/muestra-en-berlin-se-centra-en-las-primeras-madonnas-de-rafael\/\" \/>\n\t\t<meta property=\"og:image\" content=\"https:\/\/candas365.es\/noticias\/wp-content\/uploads\/2019\/12\/Muestra-Berlin-dpa.jpg\" \/>\n\t\t<meta property=\"og:image:secure_url\" content=\"https:\/\/candas365.es\/noticias\/wp-content\/uploads\/2019\/12\/Muestra-Berlin-dpa.jpg\" \/>\n\t\t<meta property=\"og:image:width\" content=\"740\" \/>\n\t\t<meta property=\"og:image:height\" content=\"668\" \/>\n\t\t<meta property=\"article:published_time\" content=\"2019-12-12T09:01:59+00:00\" \/>\n\t\t<meta property=\"article:modified_time\" content=\"2019-12-12T09:01:59+00:00\" \/>\n\t\t<meta property=\"article:publisher\" content=\"https:\/\/www.facebook.com\/Nachofdezber\" \/>\n\t\t<meta property=\"article:author\" content=\"https:\/\/www.facebook.com\/carrenoactualidad\" \/>\n\t\t<meta name=\"twitter:card\" content=\"summary_large_image\" \/>\n\t\t<meta name=\"twitter:site\" content=\"@NabercoDigital\" \/>\n\t\t<meta name=\"twitter:title\" content=\"Muestra en Berl\u00edn se centra en las primeras Madonnas de Rafael | Cand\u00e1s 365\" \/>\n\t\t<meta name=\"twitter:description\" content=\"Berl\u00edn, 11 dic (dpa) - Berl\u00edn posar\u00e1 detenidamente su mirada en las primeras v\u00edrgenes del pintor italiano Rafael (1483-1520), poco antes del inicio del quinto centenario de la muerte de la estrella del Renacimiento. Con este fin, la pinacoteca Gem\u00e4ldegalerie de la capital alemana mostrar\u00e1 adem\u00e1s de sus cinco Madonnas, procedentes de sus propios fondos,\" \/>\n\t\t<meta name=\"twitter:creator\" content=\"@nbasturias\" \/>\n\t\t<meta name=\"twitter:image\" content=\"https:\/\/candas365.es\/noticias\/wp-content\/uploads\/2019\/12\/Muestra-Berlin-dpa.jpg\" \/>\n\t\t<meta name=\"twitter:label1\" content=\"Escrito por\" \/>\n\t\t<meta name=\"twitter:data1\" content=\"Cand\u00e1s 365\" \/>\n\t\t<meta name=\"twitter:label2\" content=\"Tiempo de lectura estimado\" \/>\n\t\t<meta name=\"twitter:data2\" content=\"2 minutos\" \/>\n\t\t<script type=\"application\/ld+json\" class=\"aioseo-schema\">\n\t\t\t{\"@context\":\"https:\\\/\\\/schema.org\",\"@graph\":[{\"@type\":\"BreadcrumbList\",\"@id\":\"https:\\\/\\\/candas365.es\\\/noticias\\\/muestra-en-berlin-se-centra-en-las-primeras-madonnas-de-rafael\\\/#breadcrumblist\",\"itemListElement\":[{\"@type\":\"ListItem\",\"@id\":\"https:\\\/\\\/candas365.es\\\/noticias#listItem\",\"position\":1,\"name\":\"Home\",\"item\":\"https:\\\/\\\/candas365.es\\\/noticias\",\"nextItem\":{\"@type\":\"ListItem\",\"@id\":\"https:\\\/\\\/candas365.es\\\/noticias\\\/category\\\/revista\\\/#listItem\",\"name\":\"Revista\"}},{\"@type\":\"ListItem\",\"@id\":\"https:\\\/\\\/candas365.es\\\/noticias\\\/category\\\/revista\\\/#listItem\",\"position\":2,\"name\":\"Revista\",\"item\":\"https:\\\/\\\/candas365.es\\\/noticias\\\/category\\\/revista\\\/\",\"nextItem\":{\"@type\":\"ListItem\",\"@id\":\"https:\\\/\\\/candas365.es\\\/noticias\\\/muestra-en-berlin-se-centra-en-las-primeras-madonnas-de-rafael\\\/#listItem\",\"name\":\"Muestra en Berl\\u00edn se centra en las primeras Madonnas de Rafael\"},\"previousItem\":{\"@type\":\"ListItem\",\"@id\":\"https:\\\/\\\/candas365.es\\\/noticias#listItem\",\"name\":\"Home\"}},{\"@type\":\"ListItem\",\"@id\":\"https:\\\/\\\/candas365.es\\\/noticias\\\/muestra-en-berlin-se-centra-en-las-primeras-madonnas-de-rafael\\\/#listItem\",\"position\":3,\"name\":\"Muestra en Berl\\u00edn se centra en las primeras Madonnas de Rafael\",\"previousItem\":{\"@type\":\"ListItem\",\"@id\":\"https:\\\/\\\/candas365.es\\\/noticias\\\/category\\\/revista\\\/#listItem\",\"name\":\"Revista\"}}]},{\"@type\":\"NewsArticle\",\"@id\":\"https:\\\/\\\/candas365.es\\\/noticias\\\/muestra-en-berlin-se-centra-en-las-primeras-madonnas-de-rafael\\\/#newsarticle\",\"name\":\"Muestra en Berl\\u00edn se centra en las primeras Madonnas de Rafael | Cand\\u00e1s 365\",\"headline\":\"Muestra en Berl\\u00edn se centra en las primeras Madonnas de Rafael\",\"author\":{\"@id\":\"https:\\\/\\\/candas365.es\\\/noticias\\\/author\\\/admin\\\/#author\"},\"publisher\":{\"@id\":\"https:\\\/\\\/candas365.es\\\/noticias\\\/#organization\"},\"image\":{\"@type\":\"ImageObject\",\"url\":\"https:\\\/\\\/candas365.es\\\/noticias\\\/wp-content\\\/uploads\\\/2019\\\/12\\\/Muestra-Berlin-dpa.jpg\",\"width\":740,\"height\":668},\"datePublished\":\"2019-12-12T09:01:59+01:00\",\"dateModified\":\"2019-12-12T09:01:59+01:00\",\"inLanguage\":\"es-ES\",\"mainEntityOfPage\":{\"@id\":\"https:\\\/\\\/candas365.es\\\/noticias\\\/muestra-en-berlin-se-centra-en-las-primeras-madonnas-de-rafael\\\/#webpage\"},\"isPartOf\":{\"@id\":\"https:\\\/\\\/candas365.es\\\/noticias\\\/muestra-en-berlin-se-centra-en-las-primeras-madonnas-de-rafael\\\/#webpage\"},\"articleSection\":\"Revista\",\"dateline\":\"Publicado el diciembre 12, 2019.\"},{\"@type\":\"Organization\",\"@id\":\"https:\\\/\\\/candas365.es\\\/noticias\\\/#organization\",\"name\":\"Cand\\u00e1s 365\",\"description\":\"Cand\\u00e1s 365 es un diario digital independiente, fundado en 2012, con base en Asturias. Informamos con rigor sobre actualidad, sociedad, cultura y ocio, con una mirada local y global.\",\"url\":\"https:\\\/\\\/candas365.es\\\/noticias\\\/\",\"email\":\"info@candas365.es\",\"telephone\":\"+34652131393\",\"foundingDate\":\"2012-06-10\",\"logo\":{\"@type\":\"ImageObject\",\"url\":\"https:\\\/\\\/candas365.es\\\/noticias\\\/wp-content\\\/uploads\\\/2024\\\/09\\\/Candas-365-Redes.jpg\",\"@id\":\"https:\\\/\\\/candas365.es\\\/noticias\\\/muestra-en-berlin-se-centra-en-las-primeras-madonnas-de-rafael\\\/#organizationLogo\",\"width\":1152,\"height\":864,\"caption\":\"Cand\\u00e1s 365 Redes\"},\"image\":{\"@id\":\"https:\\\/\\\/candas365.es\\\/noticias\\\/muestra-en-berlin-se-centra-en-las-primeras-madonnas-de-rafael\\\/#organizationLogo\"},\"sameAs\":[\"https:\\\/\\\/www.facebook.com\\\/Nachofdezber\",\"https:\\\/\\\/x.com\\\/NabercoDigital\",\"https:\\\/\\\/www.instagram.com\\\/nachofdezber\\\/\",\"https:\\\/\\\/www.youtube.com\\\/channel\\\/UCZP-2wLEB9Rv6erhFmqVnvg\"],\"address\":{\"@id\":\"https:\\\/\\\/candas365.es\\\/noticias\\\/#postaladdress\",\"@type\":\"PostalAddress\",\"streetAddress\":\"san antonio 4, san antonio 4\",\"postalCode\":\"33430\",\"addressLocality\":\"Cand\\u00e1s\",\"addressRegion\":\"Asturias\",\"addressCountry\":\"ES\"}},{\"@type\":\"Person\",\"@id\":\"https:\\\/\\\/candas365.es\\\/noticias\\\/author\\\/admin\\\/#author\",\"url\":\"https:\\\/\\\/candas365.es\\\/noticias\\\/author\\\/admin\\\/\",\"name\":\"Cand\\u00e1s 365\",\"image\":{\"@type\":\"ImageObject\",\"@id\":\"https:\\\/\\\/candas365.es\\\/noticias\\\/muestra-en-berlin-se-centra-en-las-primeras-madonnas-de-rafael\\\/#authorImage\",\"url\":\"https:\\\/\\\/secure.gravatar.com\\\/avatar\\\/496a8e03d0c493ede1718b7934145dbdf8d89be1036b0eec9544e1094c9de390?s=96&d=mm&r=g\",\"width\":96,\"height\":96,\"caption\":\"Cand\\u00e1s 365\"},\"sameAs\":[\"https:\\\/\\\/www.facebook.com\\\/carrenoactualidad\",\"https:\\\/\\\/twitter.com\\\/nbasturias\",\"https:\\\/\\\/www.instagram.com\\\/nachofdezber\\\/\",\"https:\\\/\\\/www.youtube.com\\\/channel\\\/UCZP-2wLEB9Rv6erhFmqVnvg\"]},{\"@type\":\"WebPage\",\"@id\":\"https:\\\/\\\/candas365.es\\\/noticias\\\/muestra-en-berlin-se-centra-en-las-primeras-madonnas-de-rafael\\\/#webpage\",\"url\":\"https:\\\/\\\/candas365.es\\\/noticias\\\/muestra-en-berlin-se-centra-en-las-primeras-madonnas-de-rafael\\\/\",\"name\":\"Muestra en Berl\\u00edn se centra en las primeras Madonnas de Rafael | Cand\\u00e1s 365\",\"description\":\"Berl\\u00edn, 11 dic (dpa) - Berl\\u00edn posar\\u00e1 detenidamente su mirada en las primeras v\\u00edrgenes del pintor italiano Rafael (1483-1520), poco antes del inicio del quinto centenario de la muerte de la estrella del Renacimiento. Con este fin, la pinacoteca Gem\\u00e4ldegalerie de la capital alemana mostrar\\u00e1 adem\\u00e1s de sus cinco Madonnas, procedentes de sus propios fondos,\",\"inLanguage\":\"es-ES\",\"isPartOf\":{\"@id\":\"https:\\\/\\\/candas365.es\\\/noticias\\\/#website\"},\"breadcrumb\":{\"@id\":\"https:\\\/\\\/candas365.es\\\/noticias\\\/muestra-en-berlin-se-centra-en-las-primeras-madonnas-de-rafael\\\/#breadcrumblist\"},\"author\":{\"@id\":\"https:\\\/\\\/candas365.es\\\/noticias\\\/author\\\/admin\\\/#author\"},\"creator\":{\"@id\":\"https:\\\/\\\/candas365.es\\\/noticias\\\/author\\\/admin\\\/#author\"},\"image\":{\"@type\":\"ImageObject\",\"url\":\"https:\\\/\\\/candas365.es\\\/noticias\\\/wp-content\\\/uploads\\\/2019\\\/12\\\/Muestra-Berlin-dpa.jpg\",\"@id\":\"https:\\\/\\\/candas365.es\\\/noticias\\\/muestra-en-berlin-se-centra-en-las-primeras-madonnas-de-rafael\\\/#mainImage\",\"width\":740,\"height\":668},\"primaryImageOfPage\":{\"@id\":\"https:\\\/\\\/candas365.es\\\/noticias\\\/muestra-en-berlin-se-centra-en-las-primeras-madonnas-de-rafael\\\/#mainImage\"},\"datePublished\":\"2019-12-12T09:01:59+01:00\",\"dateModified\":\"2019-12-12T09:01:59+01:00\"},{\"@type\":\"WebSite\",\"@id\":\"https:\\\/\\\/candas365.es\\\/noticias\\\/#website\",\"url\":\"https:\\\/\\\/candas365.es\\\/noticias\\\/\",\"name\":\"Cand\\u00e1s 365\",\"alternateName\":\"Cand\\u00e1s 365 Noticias\",\"description\":\"Actualidad desde Carre\\u00f1o para el mundo\",\"inLanguage\":\"es-ES\",\"publisher\":{\"@id\":\"https:\\\/\\\/candas365.es\\\/noticias\\\/#organization\"}}]}\n\t\t<\/script>\n\t\t<!-- All in One SEO Pro -->\r\n\t\t<title>Muestra en Berl\u00edn se centra en las primeras Madonnas de Rafael | Cand\u00e1s 365<\/title>\n\n","aioseo_head_json":{"title":"Muestra en Berl\u00edn se centra en las primeras Madonnas de Rafael | Cand\u00e1s 365","description":"Berl\u00edn, 11 dic (dpa) - Berl\u00edn posar\u00e1 detenidamente su mirada en las primeras v\u00edrgenes del pintor italiano Rafael (1483-1520), poco antes del inicio del quinto centenario de la muerte de la estrella del Renacimiento. Con este fin, la pinacoteca Gem\u00e4ldegalerie de la capital alemana mostrar\u00e1 adem\u00e1s de sus cinco Madonnas, procedentes de sus propios fondos,","canonical_url":"https:\/\/candas365.es\/noticias\/muestra-en-berlin-se-centra-en-las-primeras-madonnas-de-rafael\/","robots":"max-image-preview:large","keywords":"revista","webmasterTools":{"google-site-verification":"UA-32230408-1","msvalidate.01":"354F3CDFB2DA171B47FBE9ABF1F88D5","miscellaneous":""},"schema":{"@context":"https:\/\/schema.org","@graph":[{"@type":"BreadcrumbList","@id":"https:\/\/candas365.es\/noticias\/muestra-en-berlin-se-centra-en-las-primeras-madonnas-de-rafael\/#breadcrumblist","itemListElement":[{"@type":"ListItem","@id":"https:\/\/candas365.es\/noticias#listItem","position":1,"name":"Home","item":"https:\/\/candas365.es\/noticias","nextItem":{"@type":"ListItem","@id":"https:\/\/candas365.es\/noticias\/category\/revista\/#listItem","name":"Revista"}},{"@type":"ListItem","@id":"https:\/\/candas365.es\/noticias\/category\/revista\/#listItem","position":2,"name":"Revista","item":"https:\/\/candas365.es\/noticias\/category\/revista\/","nextItem":{"@type":"ListItem","@id":"https:\/\/candas365.es\/noticias\/muestra-en-berlin-se-centra-en-las-primeras-madonnas-de-rafael\/#listItem","name":"Muestra en Berl\u00edn se centra en las primeras Madonnas de Rafael"},"previousItem":{"@type":"ListItem","@id":"https:\/\/candas365.es\/noticias#listItem","name":"Home"}},{"@type":"ListItem","@id":"https:\/\/candas365.es\/noticias\/muestra-en-berlin-se-centra-en-las-primeras-madonnas-de-rafael\/#listItem","position":3,"name":"Muestra en Berl\u00edn se centra en las primeras Madonnas de Rafael","previousItem":{"@type":"ListItem","@id":"https:\/\/candas365.es\/noticias\/category\/revista\/#listItem","name":"Revista"}}]},{"@type":"NewsArticle","@id":"https:\/\/candas365.es\/noticias\/muestra-en-berlin-se-centra-en-las-primeras-madonnas-de-rafael\/#newsarticle","name":"Muestra en Berl\u00edn se centra en las primeras Madonnas de Rafael | Cand\u00e1s 365","headline":"Muestra en Berl\u00edn se centra en las primeras Madonnas de Rafael","author":{"@id":"https:\/\/candas365.es\/noticias\/author\/admin\/#author"},"publisher":{"@id":"https:\/\/candas365.es\/noticias\/#organization"},"image":{"@type":"ImageObject","url":"https:\/\/candas365.es\/noticias\/wp-content\/uploads\/2019\/12\/Muestra-Berlin-dpa.jpg","width":740,"height":668},"datePublished":"2019-12-12T09:01:59+01:00","dateModified":"2019-12-12T09:01:59+01:00","inLanguage":"es-ES","mainEntityOfPage":{"@id":"https:\/\/candas365.es\/noticias\/muestra-en-berlin-se-centra-en-las-primeras-madonnas-de-rafael\/#webpage"},"isPartOf":{"@id":"https:\/\/candas365.es\/noticias\/muestra-en-berlin-se-centra-en-las-primeras-madonnas-de-rafael\/#webpage"},"articleSection":"Revista","dateline":"Publicado el diciembre 12, 2019."},{"@type":"Organization","@id":"https:\/\/candas365.es\/noticias\/#organization","name":"Cand\u00e1s 365","description":"Cand\u00e1s 365 es un diario digital independiente, fundado en 2012, con base en Asturias. Informamos con rigor sobre actualidad, sociedad, cultura y ocio, con una mirada local y global.","url":"https:\/\/candas365.es\/noticias\/","email":"info@candas365.es","telephone":"+34652131393","foundingDate":"2012-06-10","logo":{"@type":"ImageObject","url":"https:\/\/candas365.es\/noticias\/wp-content\/uploads\/2024\/09\/Candas-365-Redes.jpg","@id":"https:\/\/candas365.es\/noticias\/muestra-en-berlin-se-centra-en-las-primeras-madonnas-de-rafael\/#organizationLogo","width":1152,"height":864,"caption":"Cand\u00e1s 365 Redes"},"image":{"@id":"https:\/\/candas365.es\/noticias\/muestra-en-berlin-se-centra-en-las-primeras-madonnas-de-rafael\/#organizationLogo"},"sameAs":["https:\/\/www.facebook.com\/Nachofdezber","https:\/\/x.com\/NabercoDigital","https:\/\/www.instagram.com\/nachofdezber\/","https:\/\/www.youtube.com\/channel\/UCZP-2wLEB9Rv6erhFmqVnvg"],"address":{"@id":"https:\/\/candas365.es\/noticias\/#postaladdress","@type":"PostalAddress","streetAddress":"san antonio 4, san antonio 4","postalCode":"33430","addressLocality":"Cand\u00e1s","addressRegion":"Asturias","addressCountry":"ES"}},{"@type":"Person","@id":"https:\/\/candas365.es\/noticias\/author\/admin\/#author","url":"https:\/\/candas365.es\/noticias\/author\/admin\/","name":"Cand\u00e1s 365","image":{"@type":"ImageObject","@id":"https:\/\/candas365.es\/noticias\/muestra-en-berlin-se-centra-en-las-primeras-madonnas-de-rafael\/#authorImage","url":"https:\/\/secure.gravatar.com\/avatar\/496a8e03d0c493ede1718b7934145dbdf8d89be1036b0eec9544e1094c9de390?s=96&d=mm&r=g","width":96,"height":96,"caption":"Cand\u00e1s 365"},"sameAs":["https:\/\/www.facebook.com\/carrenoactualidad","https:\/\/twitter.com\/nbasturias","https:\/\/www.instagram.com\/nachofdezber\/","https:\/\/www.youtube.com\/channel\/UCZP-2wLEB9Rv6erhFmqVnvg"]},{"@type":"WebPage","@id":"https:\/\/candas365.es\/noticias\/muestra-en-berlin-se-centra-en-las-primeras-madonnas-de-rafael\/#webpage","url":"https:\/\/candas365.es\/noticias\/muestra-en-berlin-se-centra-en-las-primeras-madonnas-de-rafael\/","name":"Muestra en Berl\u00edn se centra en las primeras Madonnas de Rafael | Cand\u00e1s 365","description":"Berl\u00edn, 11 dic (dpa) - Berl\u00edn posar\u00e1 detenidamente su mirada en las primeras v\u00edrgenes del pintor italiano Rafael (1483-1520), poco antes del inicio del quinto centenario de la muerte de la estrella del Renacimiento. Con este fin, la pinacoteca Gem\u00e4ldegalerie de la capital alemana mostrar\u00e1 adem\u00e1s de sus cinco Madonnas, procedentes de sus propios fondos,","inLanguage":"es-ES","isPartOf":{"@id":"https:\/\/candas365.es\/noticias\/#website"},"breadcrumb":{"@id":"https:\/\/candas365.es\/noticias\/muestra-en-berlin-se-centra-en-las-primeras-madonnas-de-rafael\/#breadcrumblist"},"author":{"@id":"https:\/\/candas365.es\/noticias\/author\/admin\/#author"},"creator":{"@id":"https:\/\/candas365.es\/noticias\/author\/admin\/#author"},"image":{"@type":"ImageObject","url":"https:\/\/candas365.es\/noticias\/wp-content\/uploads\/2019\/12\/Muestra-Berlin-dpa.jpg","@id":"https:\/\/candas365.es\/noticias\/muestra-en-berlin-se-centra-en-las-primeras-madonnas-de-rafael\/#mainImage","width":740,"height":668},"primaryImageOfPage":{"@id":"https:\/\/candas365.es\/noticias\/muestra-en-berlin-se-centra-en-las-primeras-madonnas-de-rafael\/#mainImage"},"datePublished":"2019-12-12T09:01:59+01:00","dateModified":"2019-12-12T09:01:59+01:00"},{"@type":"WebSite","@id":"https:\/\/candas365.es\/noticias\/#website","url":"https:\/\/candas365.es\/noticias\/","name":"Cand\u00e1s 365","alternateName":"Cand\u00e1s 365 Noticias","description":"Actualidad desde Carre\u00f1o para el mundo","inLanguage":"es-ES","publisher":{"@id":"https:\/\/candas365.es\/noticias\/#organization"}}]},"og:locale":"es_ES","og:site_name":"Cand\u00e1s 365","og:type":"article","og:title":"Muestra en Berl\u00edn se centra en las primeras Madonnas de Rafael | Cand\u00e1s 365","og:description":"Berl\u00edn, 11 dic (dpa) - Berl\u00edn posar\u00e1 detenidamente su mirada en las primeras v\u00edrgenes del pintor italiano Rafael (1483-1520), poco antes del inicio del quinto centenario de la muerte de la estrella del Renacimiento. Con este fin, la pinacoteca Gem\u00e4ldegalerie de la capital alemana mostrar\u00e1 adem\u00e1s de sus cinco Madonnas, procedentes de sus propios fondos,","og:url":"https:\/\/candas365.es\/noticias\/muestra-en-berlin-se-centra-en-las-primeras-madonnas-de-rafael\/","og:image":"https:\/\/candas365.es\/noticias\/wp-content\/uploads\/2019\/12\/Muestra-Berlin-dpa.jpg","og:image:secure_url":"https:\/\/candas365.es\/noticias\/wp-content\/uploads\/2019\/12\/Muestra-Berlin-dpa.jpg","og:image:width":740,"og:image:height":668,"article:published_time":"2019-12-12T09:01:59+00:00","article:modified_time":"2019-12-12T09:01:59+00:00","article:publisher":"https:\/\/www.facebook.com\/Nachofdezber","article:author":"https:\/\/www.facebook.com\/carrenoactualidad","twitter:card":"summary_large_image","twitter:site":"@NabercoDigital","twitter:title":"Muestra en Berl\u00edn se centra en las primeras Madonnas de Rafael | Cand\u00e1s 365","twitter:description":"Berl\u00edn, 11 dic (dpa) - Berl\u00edn posar\u00e1 detenidamente su mirada en las primeras v\u00edrgenes del pintor italiano Rafael (1483-1520), poco antes del inicio del quinto centenario de la muerte de la estrella del Renacimiento. Con este fin, la pinacoteca Gem\u00e4ldegalerie de la capital alemana mostrar\u00e1 adem\u00e1s de sus cinco Madonnas, procedentes de sus propios fondos,","twitter:creator":"@nbasturias","twitter:image":"https:\/\/candas365.es\/noticias\/wp-content\/uploads\/2019\/12\/Muestra-Berlin-dpa.jpg","twitter:label1":"Escrito por","twitter:data1":"Cand\u00e1s 365","twitter:label2":"Tiempo de lectura estimado","twitter:data2":"2 minutos"},"aioseo_meta_data":{"post_id":"134547","title":null,"description":null,"keywords":null,"keyphrases":null,"primary_term":null,"canonical_url":null,"og_title":null,"og_description":null,"og_object_type":"default","og_image_type":"default","og_image_url":null,"og_image_width":null,"og_image_height":null,"og_image_custom_url":null,"og_image_custom_fields":null,"og_video":null,"og_custom_url":null,"og_article_section":null,"og_article_tags":null,"twitter_use_og":false,"twitter_card":"default","twitter_image_type":"default","twitter_image_url":null,"twitter_image_custom_url":null,"twitter_image_custom_fields":null,"twitter_title":null,"twitter_description":null,"schema":{"blockGraphs":[],"customGraphs":[],"default":{"data":{"Article":[],"Course":[],"Dataset":[],"FAQPage":[],"Movie":[],"Person":[],"Product":[],"ProductReview":[],"Car":[],"Recipe":[],"Service":[],"SoftwareApplication":[],"WebPage":[]},"graphName":"","isEnabled":true},"graphs":[],"defaultGraph":"","defaultPostTypeGraph":""},"schema_type":null,"schema_type_options":null,"pillar_content":false,"robots_default":true,"robots_noindex":false,"robots_noarchive":false,"robots_nosnippet":false,"robots_nofollow":false,"robots_noimageindex":false,"robots_noodp":false,"robots_notranslate":false,"robots_max_snippet":null,"robots_max_videopreview":null,"robots_max_imagepreview":"large","priority":null,"frequency":null,"location":null,"local_seo":null,"seo_analyzer_scan_date":"2025-08-30 19:21:19","breadcrumb_settings":null,"limit_modified_date":false,"reviewed_by":null,"open_ai":null,"ai":null,"created":"2020-12-21 10:49:24","updated":"2025-08-30 19:21:19"},"aioseo_breadcrumb":"<div class=\"aioseo-breadcrumbs\"><span class=\"aioseo-breadcrumb\">\n\t<a href=\"https:\/\/candas365.es\/noticias\" title=\"Home\">Home<\/a>\n<\/span><span class=\"aioseo-breadcrumb-separator\">&ndash;<\/span><span class=\"aioseo-breadcrumb\">\n\t<a href=\"https:\/\/candas365.es\/noticias\/category\/revista\/\" title=\"Revista\">Revista<\/a>\n<\/span><span class=\"aioseo-breadcrumb-separator\">&ndash;<\/span><span class=\"aioseo-breadcrumb\">\n\tMuestra en Berl\u00edn se centra en las primeras Madonnas de Rafael\n<\/span><\/div>","aioseo_breadcrumb_json":[{"label":"Home","link":"https:\/\/candas365.es\/noticias"},{"label":"Revista","link":"https:\/\/candas365.es\/noticias\/category\/revista\/"},{"label":"Muestra en Berl\u00edn se centra en las primeras Madonnas de Rafael","link":"https:\/\/candas365.es\/noticias\/muestra-en-berlin-se-centra-en-las-primeras-madonnas-de-rafael\/"}],"_links":{"self":[{"href":"https:\/\/candas365.es\/noticias\/wp-json\/wp\/v2\/posts\/134547","targetHints":{"allow":["GET"]}}],"collection":[{"href":"https:\/\/candas365.es\/noticias\/wp-json\/wp\/v2\/posts"}],"about":[{"href":"https:\/\/candas365.es\/noticias\/wp-json\/wp\/v2\/types\/post"}],"author":[{"embeddable":true,"href":"https:\/\/candas365.es\/noticias\/wp-json\/wp\/v2\/users\/1"}],"replies":[{"embeddable":true,"href":"https:\/\/candas365.es\/noticias\/wp-json\/wp\/v2\/comments?post=134547"}],"version-history":[{"count":0,"href":"https:\/\/candas365.es\/noticias\/wp-json\/wp\/v2\/posts\/134547\/revisions"}],"wp:featuredmedia":[{"embeddable":true,"href":"https:\/\/candas365.es\/noticias\/wp-json\/wp\/v2\/media\/134548"}],"wp:attachment":[{"href":"https:\/\/candas365.es\/noticias\/wp-json\/wp\/v2\/media?parent=134547"}],"wp:term":[{"taxonomy":"category","embeddable":true,"href":"https:\/\/candas365.es\/noticias\/wp-json\/wp\/v2\/categories?post=134547"},{"taxonomy":"post_tag","embeddable":true,"href":"https:\/\/candas365.es\/noticias\/wp-json\/wp\/v2\/tags?post=134547"}],"curies":[{"name":"wp","href":"https:\/\/api.w.org\/{rel}","templated":true}]}}