{"id":134541,"date":"2019-12-12T08:53:34","date_gmt":"2019-12-12T08:53:34","guid":{"rendered":"http:\/\/candas365.es\/noticias\/?p=134541"},"modified":"2019-12-12T08:53:34","modified_gmt":"2019-12-12T08:53:34","slug":"industria-alemana-advierte-de-metas-climaticas-mas-estrictas-de-la-ue","status":"publish","type":"post","link":"https:\/\/candas365.es\/noticias\/industria-alemana-advierte-de-metas-climaticas-mas-estrictas-de-la-ue\/","title":{"rendered":"Industria alemana advierte de metas clim\u00e1ticas m\u00e1s estrictas de la UE"},"content":{"rendered":"<p><img fetchpriority=\"high\" decoding=\"async\" class=\"alignleft size-medium wp-image-130219\" src=\"https:\/\/candas365.es\/noticias\/wp-content\/uploads\/2019\/09\/industry-611668_960_720-360x184.jpg\" alt=\"\" width=\"360\" height=\"184\" srcset=\"https:\/\/candas365.es\/noticias\/wp-content\/uploads\/2019\/09\/industry-611668_960_720-360x184.jpg 360w, https:\/\/candas365.es\/noticias\/wp-content\/uploads\/2019\/09\/industry-611668_960_720-768x392.jpg 768w, https:\/\/candas365.es\/noticias\/wp-content\/uploads\/2019\/09\/industry-611668_960_720-655x334.jpg 655w, https:\/\/candas365.es\/noticias\/wp-content\/uploads\/2019\/09\/industry-611668_960_720-696x355.jpg 696w, https:\/\/candas365.es\/noticias\/wp-content\/uploads\/2019\/09\/industry-611668_960_720-823x420.jpg 823w, https:\/\/candas365.es\/noticias\/wp-content\/uploads\/2019\/09\/industry-611668_960_720.jpg 960w\" sizes=\"(max-width: 360px) 100vw, 360px\" \/>Berl\u00edn, 11 dic (dpa) &#8211; La industria alemana advirti\u00f3 de metas clim\u00e1ticas m\u00e1s estrictas a nivel de la Uni\u00f3n Europea (UE) para el a\u00f1o 2030.<\/p>\n<p>El presidente de la Federaci\u00f3n de Industrias Alemanas (BDI), Dieter Kempf, indic\u00f3 en declaraciones a dpa que esto conducir\u00e1 a una mayor inseguridad entre consumidores y empresas. \u00abLas constantes elevaciones del nivel del objetivo son veneno para las inversiones a largo plazo\u00bb, asever\u00f3.<\/p>\n<p>La nueva presidenta de la Comisi\u00f3n Europea, la germana Ursula von der Leyen, presenta hoy su plan para una Europa \u00abclim\u00e1ticamente neutra\u00bb para 2050, el llamado \u00abGreen Deal\u00bb (pacto verde).<\/p>\n<p>El objetivo es que para entonces ning\u00fan nuevo gas de efecto invernadero procedente de Europa llegue a la atm\u00f3sfera, a fin de detener el calentamiento global a 1,5 grados cent\u00edgrados.<\/p>\n<p>El \u00abGreen Deal\u00bb tambi\u00e9n tiene una meta intermedia para 2030: hasta entonces las emisiones deber\u00e1n estar entre 50 y 55 por ciento bajo los valores de 1990. Hasta ahora, el objetivo era una reducci\u00f3n de las emisiones de di\u00f3xido de carbono del 40 por ciento hasta 2030.<\/p>\n<p>Kempf critic\u00f3 que el enfoque de la Comisi\u00f3n Europea es demasiado unilateral. \u00abLa capacidad de futuro de Europa no depende solamente de las metas ecol\u00f3gicas del &#8216;Green Deal'\u00bb, advirti\u00f3.<\/p>\n<p>El presidente de la BDI consider\u00f3 que la competitividad internacional debe ser un objetivo igualmente importante, ya que las multimillonarias inversiones necesarias en protecci\u00f3n del clima y del medio ambiente deben ser realizadas por una industria competitiva e innovadora.<\/p>\n<p>Tambi\u00e9n evalu\u00f3 como esencial contar con una amplia disponibilidad de energ\u00eda respetuosa con el medio ambiente en forma de electricidad, gases y combustibles.<\/p>\n<p>\u00abLa energ\u00eda e\u00f3lica y solar local no podr\u00e1 cubrir por su cuenta las futuras necesidades de Europa en energ\u00eda asequible. Europa por lo tanto debe abrirse a nuevos mercados globales\u00bb, indic\u00f3.<\/p>\n","protected":false},"excerpt":{"rendered":"<p>Berl\u00edn, 11 dic (dpa) &#8211; La industria alemana advirti\u00f3 de metas clim\u00e1ticas m\u00e1s estrictas a nivel de la Uni\u00f3n Europea (UE) para el a\u00f1o 2030. El presidente de la Federaci\u00f3n de Industrias Alemanas (BDI), Dieter Kempf, indic\u00f3 en declaraciones a dpa que esto conducir\u00e1 a una mayor inseguridad entre consumidores y empresas. \u00abLas constantes elevaciones<\/p>\n","protected":false},"author":1,"featured_media":130219,"comment_status":"closed","ping_status":"closed","sticky":false,"template":"","format":"standard","meta":{"footnotes":""},"categories":[151],"tags":[],"class_list":{"0":"post-134541","1":"post","2":"type-post","3":"status-publish","4":"format-standard","5":"has-post-thumbnail","7":"category-canal-empresas"},"aioseo_notices":[],"aioseo_head":"\n\t\t<!-- All in One SEO Pro 4.9.6.2 - aioseo.com -->\n\t<meta name=\"description\" content=\"Berl\u00edn, 11 dic (dpa) - La industria alemana advirti\u00f3 de metas clim\u00e1ticas m\u00e1s estrictas a nivel de la Uni\u00f3n Europea (UE) para el a\u00f1o 2030. El presidente de la Federaci\u00f3n de Industrias Alemanas (BDI), Dieter Kempf, indic\u00f3 en declaraciones a dpa que esto conducir\u00e1 a una mayor inseguridad entre consumidores y empresas. &quot;Las constantes elevaciones\" \/>\n\t<meta name=\"robots\" content=\"max-image-preview:large\" \/>\n\t<meta name=\"author\" content=\"Cand\u00e1s 365\"\/>\n\t<meta name=\"google-site-verification\" content=\"UA-32230408-1\" \/>\n\t<meta name=\"msvalidate.01\" content=\"354F3CDFB2DA171B47FBE9ABF1F88D5\" \/>\n\t<meta name=\"keywords\" content=\"canal empresas\" \/>\n\t<link rel=\"canonical\" href=\"https:\/\/candas365.es\/noticias\/industria-alemana-advierte-de-metas-climaticas-mas-estrictas-de-la-ue\/\" \/>\n\t<meta name=\"generator\" content=\"All in One SEO Pro (AIOSEO) 4.9.6.2\" \/>\n\t\t<meta property=\"og:locale\" content=\"es_ES\" \/>\n\t\t<meta property=\"og:site_name\" content=\"Cand\u00e1s 365\" \/>\n\t\t<meta property=\"og:type\" content=\"article\" \/>\n\t\t<meta property=\"og:title\" content=\"Industria alemana advierte de metas clim\u00e1ticas m\u00e1s estrictas de la UE | Cand\u00e1s 365\" \/>\n\t\t<meta property=\"og:description\" content=\"Berl\u00edn, 11 dic (dpa) - La industria alemana advirti\u00f3 de metas clim\u00e1ticas m\u00e1s estrictas a nivel de la Uni\u00f3n Europea (UE) para el a\u00f1o 2030. El presidente de la Federaci\u00f3n de Industrias Alemanas (BDI), Dieter Kempf, indic\u00f3 en declaraciones a dpa que esto conducir\u00e1 a una mayor inseguridad entre consumidores y empresas. &quot;Las constantes elevaciones\" \/>\n\t\t<meta property=\"og:url\" content=\"https:\/\/candas365.es\/noticias\/industria-alemana-advierte-de-metas-climaticas-mas-estrictas-de-la-ue\/\" \/>\n\t\t<meta property=\"og:image\" content=\"https:\/\/candas365.es\/noticias\/wp-content\/uploads\/2019\/09\/industry-611668_960_720.jpg\" \/>\n\t\t<meta property=\"og:image:secure_url\" content=\"https:\/\/candas365.es\/noticias\/wp-content\/uploads\/2019\/09\/industry-611668_960_720.jpg\" \/>\n\t\t<meta property=\"og:image:width\" content=\"960\" \/>\n\t\t<meta property=\"og:image:height\" content=\"490\" \/>\n\t\t<meta property=\"article:published_time\" content=\"2019-12-12T08:53:34+00:00\" \/>\n\t\t<meta property=\"article:modified_time\" content=\"2019-12-12T08:53:34+00:00\" \/>\n\t\t<meta property=\"article:publisher\" content=\"https:\/\/www.facebook.com\/Nachofdezber\" \/>\n\t\t<meta property=\"article:author\" content=\"https:\/\/www.facebook.com\/carrenoactualidad\" \/>\n\t\t<meta name=\"twitter:card\" content=\"summary_large_image\" \/>\n\t\t<meta name=\"twitter:site\" content=\"@NabercoDigital\" \/>\n\t\t<meta name=\"twitter:title\" content=\"Industria alemana advierte de metas clim\u00e1ticas m\u00e1s estrictas de la UE | Cand\u00e1s 365\" \/>\n\t\t<meta name=\"twitter:description\" content=\"Berl\u00edn, 11 dic (dpa) - La industria alemana advirti\u00f3 de metas clim\u00e1ticas m\u00e1s estrictas a nivel de la Uni\u00f3n Europea (UE) para el a\u00f1o 2030. El presidente de la Federaci\u00f3n de Industrias Alemanas (BDI), Dieter Kempf, indic\u00f3 en declaraciones a dpa que esto conducir\u00e1 a una mayor inseguridad entre consumidores y empresas. &quot;Las constantes elevaciones\" \/>\n\t\t<meta name=\"twitter:creator\" content=\"@nbasturias\" \/>\n\t\t<meta name=\"twitter:image\" content=\"https:\/\/candas365.es\/noticias\/wp-content\/uploads\/2019\/09\/industry-611668_960_720.jpg\" \/>\n\t\t<meta name=\"twitter:label1\" content=\"Escrito por\" \/>\n\t\t<meta name=\"twitter:data1\" content=\"Cand\u00e1s 365\" \/>\n\t\t<meta name=\"twitter:label2\" content=\"Tiempo de lectura estimado\" \/>\n\t\t<meta name=\"twitter:data2\" content=\"2 minutos\" \/>\n\t\t<script type=\"application\/ld+json\" class=\"aioseo-schema\">\n\t\t\t{\"@context\":\"https:\\\/\\\/schema.org\",\"@graph\":[{\"@type\":\"BreadcrumbList\",\"@id\":\"https:\\\/\\\/candas365.es\\\/noticias\\\/industria-alemana-advierte-de-metas-climaticas-mas-estrictas-de-la-ue\\\/#breadcrumblist\",\"itemListElement\":[{\"@type\":\"ListItem\",\"@id\":\"https:\\\/\\\/candas365.es\\\/noticias#listItem\",\"position\":1,\"name\":\"Home\",\"item\":\"https:\\\/\\\/candas365.es\\\/noticias\",\"nextItem\":{\"@type\":\"ListItem\",\"@id\":\"https:\\\/\\\/candas365.es\\\/noticias\\\/category\\\/canal-empresas\\\/#listItem\",\"name\":\"Canal Empresas\"}},{\"@type\":\"ListItem\",\"@id\":\"https:\\\/\\\/candas365.es\\\/noticias\\\/category\\\/canal-empresas\\\/#listItem\",\"position\":2,\"name\":\"Canal Empresas\",\"item\":\"https:\\\/\\\/candas365.es\\\/noticias\\\/category\\\/canal-empresas\\\/\",\"nextItem\":{\"@type\":\"ListItem\",\"@id\":\"https:\\\/\\\/candas365.es\\\/noticias\\\/industria-alemana-advierte-de-metas-climaticas-mas-estrictas-de-la-ue\\\/#listItem\",\"name\":\"Industria alemana advierte de metas clim\\u00e1ticas m\\u00e1s estrictas de la UE\"},\"previousItem\":{\"@type\":\"ListItem\",\"@id\":\"https:\\\/\\\/candas365.es\\\/noticias#listItem\",\"name\":\"Home\"}},{\"@type\":\"ListItem\",\"@id\":\"https:\\\/\\\/candas365.es\\\/noticias\\\/industria-alemana-advierte-de-metas-climaticas-mas-estrictas-de-la-ue\\\/#listItem\",\"position\":3,\"name\":\"Industria alemana advierte de metas clim\\u00e1ticas m\\u00e1s estrictas de la UE\",\"previousItem\":{\"@type\":\"ListItem\",\"@id\":\"https:\\\/\\\/candas365.es\\\/noticias\\\/category\\\/canal-empresas\\\/#listItem\",\"name\":\"Canal Empresas\"}}]},{\"@type\":\"NewsArticle\",\"@id\":\"https:\\\/\\\/candas365.es\\\/noticias\\\/industria-alemana-advierte-de-metas-climaticas-mas-estrictas-de-la-ue\\\/#newsarticle\",\"name\":\"Industria alemana advierte de metas clim\\u00e1ticas m\\u00e1s estrictas de la UE | Cand\\u00e1s 365\",\"headline\":\"Industria alemana advierte de metas clim\\u00e1ticas m\\u00e1s estrictas de la UE\",\"author\":{\"@id\":\"https:\\\/\\\/candas365.es\\\/noticias\\\/author\\\/admin\\\/#author\"},\"publisher\":{\"@id\":\"https:\\\/\\\/candas365.es\\\/noticias\\\/#organization\"},\"image\":{\"@type\":\"ImageObject\",\"url\":\"https:\\\/\\\/candas365.es\\\/noticias\\\/wp-content\\\/uploads\\\/2019\\\/09\\\/industry-611668_960_720.jpg\",\"width\":960,\"height\":490},\"datePublished\":\"2019-12-12T08:53:34+01:00\",\"dateModified\":\"2019-12-12T08:53:34+01:00\",\"inLanguage\":\"es-ES\",\"mainEntityOfPage\":{\"@id\":\"https:\\\/\\\/candas365.es\\\/noticias\\\/industria-alemana-advierte-de-metas-climaticas-mas-estrictas-de-la-ue\\\/#webpage\"},\"isPartOf\":{\"@id\":\"https:\\\/\\\/candas365.es\\\/noticias\\\/industria-alemana-advierte-de-metas-climaticas-mas-estrictas-de-la-ue\\\/#webpage\"},\"articleSection\":\"Canal Empresas\",\"dateline\":\"Publicado el diciembre 12, 2019.\"},{\"@type\":\"Organization\",\"@id\":\"https:\\\/\\\/candas365.es\\\/noticias\\\/#organization\",\"name\":\"Cand\\u00e1s 365\",\"description\":\"Cand\\u00e1s 365 es un diario digital independiente, fundado en 2012, con base en Asturias. Informamos con rigor sobre actualidad, sociedad, cultura y ocio, con una mirada local y global.\",\"url\":\"https:\\\/\\\/candas365.es\\\/noticias\\\/\",\"email\":\"info@candas365.es\",\"telephone\":\"+34652131393\",\"foundingDate\":\"2012-06-10\",\"logo\":{\"@type\":\"ImageObject\",\"url\":\"https:\\\/\\\/candas365.es\\\/noticias\\\/wp-content\\\/uploads\\\/2024\\\/09\\\/Candas-365-Redes.jpg\",\"@id\":\"https:\\\/\\\/candas365.es\\\/noticias\\\/industria-alemana-advierte-de-metas-climaticas-mas-estrictas-de-la-ue\\\/#organizationLogo\",\"width\":1152,\"height\":864,\"caption\":\"Cand\\u00e1s 365 Redes\"},\"image\":{\"@id\":\"https:\\\/\\\/candas365.es\\\/noticias\\\/industria-alemana-advierte-de-metas-climaticas-mas-estrictas-de-la-ue\\\/#organizationLogo\"},\"sameAs\":[\"https:\\\/\\\/www.facebook.com\\\/Nachofdezber\",\"https:\\\/\\\/x.com\\\/NabercoDigital\",\"https:\\\/\\\/www.instagram.com\\\/nachofdezber\\\/\",\"https:\\\/\\\/www.youtube.com\\\/channel\\\/UCZP-2wLEB9Rv6erhFmqVnvg\"],\"address\":{\"@id\":\"https:\\\/\\\/candas365.es\\\/noticias\\\/#postaladdress\",\"@type\":\"PostalAddress\",\"streetAddress\":\"san antonio 4, san antonio 4\",\"postalCode\":\"33430\",\"addressLocality\":\"Cand\\u00e1s\",\"addressRegion\":\"Asturias\",\"addressCountry\":\"ES\"}},{\"@type\":\"Person\",\"@id\":\"https:\\\/\\\/candas365.es\\\/noticias\\\/author\\\/admin\\\/#author\",\"url\":\"https:\\\/\\\/candas365.es\\\/noticias\\\/author\\\/admin\\\/\",\"name\":\"Cand\\u00e1s 365\",\"image\":{\"@type\":\"ImageObject\",\"@id\":\"https:\\\/\\\/candas365.es\\\/noticias\\\/industria-alemana-advierte-de-metas-climaticas-mas-estrictas-de-la-ue\\\/#authorImage\",\"url\":\"https:\\\/\\\/secure.gravatar.com\\\/avatar\\\/496a8e03d0c493ede1718b7934145dbdf8d89be1036b0eec9544e1094c9de390?s=96&d=mm&r=g\",\"width\":96,\"height\":96,\"caption\":\"Cand\\u00e1s 365\"},\"sameAs\":[\"https:\\\/\\\/www.facebook.com\\\/carrenoactualidad\",\"https:\\\/\\\/twitter.com\\\/nbasturias\",\"https:\\\/\\\/www.instagram.com\\\/nachofdezber\\\/\",\"https:\\\/\\\/www.youtube.com\\\/channel\\\/UCZP-2wLEB9Rv6erhFmqVnvg\"]},{\"@type\":\"WebPage\",\"@id\":\"https:\\\/\\\/candas365.es\\\/noticias\\\/industria-alemana-advierte-de-metas-climaticas-mas-estrictas-de-la-ue\\\/#webpage\",\"url\":\"https:\\\/\\\/candas365.es\\\/noticias\\\/industria-alemana-advierte-de-metas-climaticas-mas-estrictas-de-la-ue\\\/\",\"name\":\"Industria alemana advierte de metas clim\\u00e1ticas m\\u00e1s estrictas de la UE | Cand\\u00e1s 365\",\"description\":\"Berl\\u00edn, 11 dic (dpa) - La industria alemana advirti\\u00f3 de metas clim\\u00e1ticas m\\u00e1s estrictas a nivel de la Uni\\u00f3n Europea (UE) para el a\\u00f1o 2030. El presidente de la Federaci\\u00f3n de Industrias Alemanas (BDI), Dieter Kempf, indic\\u00f3 en declaraciones a dpa que esto conducir\\u00e1 a una mayor inseguridad entre consumidores y empresas. \\\"Las constantes elevaciones\",\"inLanguage\":\"es-ES\",\"isPartOf\":{\"@id\":\"https:\\\/\\\/candas365.es\\\/noticias\\\/#website\"},\"breadcrumb\":{\"@id\":\"https:\\\/\\\/candas365.es\\\/noticias\\\/industria-alemana-advierte-de-metas-climaticas-mas-estrictas-de-la-ue\\\/#breadcrumblist\"},\"author\":{\"@id\":\"https:\\\/\\\/candas365.es\\\/noticias\\\/author\\\/admin\\\/#author\"},\"creator\":{\"@id\":\"https:\\\/\\\/candas365.es\\\/noticias\\\/author\\\/admin\\\/#author\"},\"image\":{\"@type\":\"ImageObject\",\"url\":\"https:\\\/\\\/candas365.es\\\/noticias\\\/wp-content\\\/uploads\\\/2019\\\/09\\\/industry-611668_960_720.jpg\",\"@id\":\"https:\\\/\\\/candas365.es\\\/noticias\\\/industria-alemana-advierte-de-metas-climaticas-mas-estrictas-de-la-ue\\\/#mainImage\",\"width\":960,\"height\":490},\"primaryImageOfPage\":{\"@id\":\"https:\\\/\\\/candas365.es\\\/noticias\\\/industria-alemana-advierte-de-metas-climaticas-mas-estrictas-de-la-ue\\\/#mainImage\"},\"datePublished\":\"2019-12-12T08:53:34+01:00\",\"dateModified\":\"2019-12-12T08:53:34+01:00\"},{\"@type\":\"WebSite\",\"@id\":\"https:\\\/\\\/candas365.es\\\/noticias\\\/#website\",\"url\":\"https:\\\/\\\/candas365.es\\\/noticias\\\/\",\"name\":\"Cand\\u00e1s 365\",\"alternateName\":\"Cand\\u00e1s 365 Noticias\",\"description\":\"Actualidad desde Carre\\u00f1o para el mundo\",\"inLanguage\":\"es-ES\",\"publisher\":{\"@id\":\"https:\\\/\\\/candas365.es\\\/noticias\\\/#organization\"}}]}\n\t\t<\/script>\n\t\t<!-- All in One SEO Pro -->\r\n\t\t<title>Industria alemana advierte de metas clim\u00e1ticas m\u00e1s estrictas de la UE | Cand\u00e1s 365<\/title>\n\n","aioseo_head_json":{"title":"Industria alemana advierte de metas clim\u00e1ticas m\u00e1s estrictas de la UE | Cand\u00e1s 365","description":"Berl\u00edn, 11 dic (dpa) - La industria alemana advirti\u00f3 de metas clim\u00e1ticas m\u00e1s estrictas a nivel de la Uni\u00f3n Europea (UE) para el a\u00f1o 2030. El presidente de la Federaci\u00f3n de Industrias Alemanas (BDI), Dieter Kempf, indic\u00f3 en declaraciones a dpa que esto conducir\u00e1 a una mayor inseguridad entre consumidores y empresas. \"Las constantes elevaciones","canonical_url":"https:\/\/candas365.es\/noticias\/industria-alemana-advierte-de-metas-climaticas-mas-estrictas-de-la-ue\/","robots":"max-image-preview:large","keywords":"canal empresas","webmasterTools":{"google-site-verification":"UA-32230408-1","msvalidate.01":"354F3CDFB2DA171B47FBE9ABF1F88D5","miscellaneous":""},"schema":{"@context":"https:\/\/schema.org","@graph":[{"@type":"BreadcrumbList","@id":"https:\/\/candas365.es\/noticias\/industria-alemana-advierte-de-metas-climaticas-mas-estrictas-de-la-ue\/#breadcrumblist","itemListElement":[{"@type":"ListItem","@id":"https:\/\/candas365.es\/noticias#listItem","position":1,"name":"Home","item":"https:\/\/candas365.es\/noticias","nextItem":{"@type":"ListItem","@id":"https:\/\/candas365.es\/noticias\/category\/canal-empresas\/#listItem","name":"Canal Empresas"}},{"@type":"ListItem","@id":"https:\/\/candas365.es\/noticias\/category\/canal-empresas\/#listItem","position":2,"name":"Canal Empresas","item":"https:\/\/candas365.es\/noticias\/category\/canal-empresas\/","nextItem":{"@type":"ListItem","@id":"https:\/\/candas365.es\/noticias\/industria-alemana-advierte-de-metas-climaticas-mas-estrictas-de-la-ue\/#listItem","name":"Industria alemana advierte de metas clim\u00e1ticas m\u00e1s estrictas de la UE"},"previousItem":{"@type":"ListItem","@id":"https:\/\/candas365.es\/noticias#listItem","name":"Home"}},{"@type":"ListItem","@id":"https:\/\/candas365.es\/noticias\/industria-alemana-advierte-de-metas-climaticas-mas-estrictas-de-la-ue\/#listItem","position":3,"name":"Industria alemana advierte de metas clim\u00e1ticas m\u00e1s estrictas de la UE","previousItem":{"@type":"ListItem","@id":"https:\/\/candas365.es\/noticias\/category\/canal-empresas\/#listItem","name":"Canal Empresas"}}]},{"@type":"NewsArticle","@id":"https:\/\/candas365.es\/noticias\/industria-alemana-advierte-de-metas-climaticas-mas-estrictas-de-la-ue\/#newsarticle","name":"Industria alemana advierte de metas clim\u00e1ticas m\u00e1s estrictas de la UE | Cand\u00e1s 365","headline":"Industria alemana advierte de metas clim\u00e1ticas m\u00e1s estrictas de la UE","author":{"@id":"https:\/\/candas365.es\/noticias\/author\/admin\/#author"},"publisher":{"@id":"https:\/\/candas365.es\/noticias\/#organization"},"image":{"@type":"ImageObject","url":"https:\/\/candas365.es\/noticias\/wp-content\/uploads\/2019\/09\/industry-611668_960_720.jpg","width":960,"height":490},"datePublished":"2019-12-12T08:53:34+01:00","dateModified":"2019-12-12T08:53:34+01:00","inLanguage":"es-ES","mainEntityOfPage":{"@id":"https:\/\/candas365.es\/noticias\/industria-alemana-advierte-de-metas-climaticas-mas-estrictas-de-la-ue\/#webpage"},"isPartOf":{"@id":"https:\/\/candas365.es\/noticias\/industria-alemana-advierte-de-metas-climaticas-mas-estrictas-de-la-ue\/#webpage"},"articleSection":"Canal Empresas","dateline":"Publicado el diciembre 12, 2019."},{"@type":"Organization","@id":"https:\/\/candas365.es\/noticias\/#organization","name":"Cand\u00e1s 365","description":"Cand\u00e1s 365 es un diario digital independiente, fundado en 2012, con base en Asturias. Informamos con rigor sobre actualidad, sociedad, cultura y ocio, con una mirada local y global.","url":"https:\/\/candas365.es\/noticias\/","email":"info@candas365.es","telephone":"+34652131393","foundingDate":"2012-06-10","logo":{"@type":"ImageObject","url":"https:\/\/candas365.es\/noticias\/wp-content\/uploads\/2024\/09\/Candas-365-Redes.jpg","@id":"https:\/\/candas365.es\/noticias\/industria-alemana-advierte-de-metas-climaticas-mas-estrictas-de-la-ue\/#organizationLogo","width":1152,"height":864,"caption":"Cand\u00e1s 365 Redes"},"image":{"@id":"https:\/\/candas365.es\/noticias\/industria-alemana-advierte-de-metas-climaticas-mas-estrictas-de-la-ue\/#organizationLogo"},"sameAs":["https:\/\/www.facebook.com\/Nachofdezber","https:\/\/x.com\/NabercoDigital","https:\/\/www.instagram.com\/nachofdezber\/","https:\/\/www.youtube.com\/channel\/UCZP-2wLEB9Rv6erhFmqVnvg"],"address":{"@id":"https:\/\/candas365.es\/noticias\/#postaladdress","@type":"PostalAddress","streetAddress":"san antonio 4, san antonio 4","postalCode":"33430","addressLocality":"Cand\u00e1s","addressRegion":"Asturias","addressCountry":"ES"}},{"@type":"Person","@id":"https:\/\/candas365.es\/noticias\/author\/admin\/#author","url":"https:\/\/candas365.es\/noticias\/author\/admin\/","name":"Cand\u00e1s 365","image":{"@type":"ImageObject","@id":"https:\/\/candas365.es\/noticias\/industria-alemana-advierte-de-metas-climaticas-mas-estrictas-de-la-ue\/#authorImage","url":"https:\/\/secure.gravatar.com\/avatar\/496a8e03d0c493ede1718b7934145dbdf8d89be1036b0eec9544e1094c9de390?s=96&d=mm&r=g","width":96,"height":96,"caption":"Cand\u00e1s 365"},"sameAs":["https:\/\/www.facebook.com\/carrenoactualidad","https:\/\/twitter.com\/nbasturias","https:\/\/www.instagram.com\/nachofdezber\/","https:\/\/www.youtube.com\/channel\/UCZP-2wLEB9Rv6erhFmqVnvg"]},{"@type":"WebPage","@id":"https:\/\/candas365.es\/noticias\/industria-alemana-advierte-de-metas-climaticas-mas-estrictas-de-la-ue\/#webpage","url":"https:\/\/candas365.es\/noticias\/industria-alemana-advierte-de-metas-climaticas-mas-estrictas-de-la-ue\/","name":"Industria alemana advierte de metas clim\u00e1ticas m\u00e1s estrictas de la UE | Cand\u00e1s 365","description":"Berl\u00edn, 11 dic (dpa) - La industria alemana advirti\u00f3 de metas clim\u00e1ticas m\u00e1s estrictas a nivel de la Uni\u00f3n Europea (UE) para el a\u00f1o 2030. El presidente de la Federaci\u00f3n de Industrias Alemanas (BDI), Dieter Kempf, indic\u00f3 en declaraciones a dpa que esto conducir\u00e1 a una mayor inseguridad entre consumidores y empresas. \"Las constantes elevaciones","inLanguage":"es-ES","isPartOf":{"@id":"https:\/\/candas365.es\/noticias\/#website"},"breadcrumb":{"@id":"https:\/\/candas365.es\/noticias\/industria-alemana-advierte-de-metas-climaticas-mas-estrictas-de-la-ue\/#breadcrumblist"},"author":{"@id":"https:\/\/candas365.es\/noticias\/author\/admin\/#author"},"creator":{"@id":"https:\/\/candas365.es\/noticias\/author\/admin\/#author"},"image":{"@type":"ImageObject","url":"https:\/\/candas365.es\/noticias\/wp-content\/uploads\/2019\/09\/industry-611668_960_720.jpg","@id":"https:\/\/candas365.es\/noticias\/industria-alemana-advierte-de-metas-climaticas-mas-estrictas-de-la-ue\/#mainImage","width":960,"height":490},"primaryImageOfPage":{"@id":"https:\/\/candas365.es\/noticias\/industria-alemana-advierte-de-metas-climaticas-mas-estrictas-de-la-ue\/#mainImage"},"datePublished":"2019-12-12T08:53:34+01:00","dateModified":"2019-12-12T08:53:34+01:00"},{"@type":"WebSite","@id":"https:\/\/candas365.es\/noticias\/#website","url":"https:\/\/candas365.es\/noticias\/","name":"Cand\u00e1s 365","alternateName":"Cand\u00e1s 365 Noticias","description":"Actualidad desde Carre\u00f1o para el mundo","inLanguage":"es-ES","publisher":{"@id":"https:\/\/candas365.es\/noticias\/#organization"}}]},"og:locale":"es_ES","og:site_name":"Cand\u00e1s 365","og:type":"article","og:title":"Industria alemana advierte de metas clim\u00e1ticas m\u00e1s estrictas de la UE | Cand\u00e1s 365","og:description":"Berl\u00edn, 11 dic (dpa) - La industria alemana advirti\u00f3 de metas clim\u00e1ticas m\u00e1s estrictas a nivel de la Uni\u00f3n Europea (UE) para el a\u00f1o 2030. El presidente de la Federaci\u00f3n de Industrias Alemanas (BDI), Dieter Kempf, indic\u00f3 en declaraciones a dpa que esto conducir\u00e1 a una mayor inseguridad entre consumidores y empresas. &quot;Las constantes elevaciones","og:url":"https:\/\/candas365.es\/noticias\/industria-alemana-advierte-de-metas-climaticas-mas-estrictas-de-la-ue\/","og:image":"https:\/\/candas365.es\/noticias\/wp-content\/uploads\/2019\/09\/industry-611668_960_720.jpg","og:image:secure_url":"https:\/\/candas365.es\/noticias\/wp-content\/uploads\/2019\/09\/industry-611668_960_720.jpg","og:image:width":960,"og:image:height":490,"article:published_time":"2019-12-12T08:53:34+00:00","article:modified_time":"2019-12-12T08:53:34+00:00","article:publisher":"https:\/\/www.facebook.com\/Nachofdezber","article:author":"https:\/\/www.facebook.com\/carrenoactualidad","twitter:card":"summary_large_image","twitter:site":"@NabercoDigital","twitter:title":"Industria alemana advierte de metas clim\u00e1ticas m\u00e1s estrictas de la UE | Cand\u00e1s 365","twitter:description":"Berl\u00edn, 11 dic (dpa) - La industria alemana advirti\u00f3 de metas clim\u00e1ticas m\u00e1s estrictas a nivel de la Uni\u00f3n Europea (UE) para el a\u00f1o 2030. El presidente de la Federaci\u00f3n de Industrias Alemanas (BDI), Dieter Kempf, indic\u00f3 en declaraciones a dpa que esto conducir\u00e1 a una mayor inseguridad entre consumidores y empresas. &quot;Las constantes elevaciones","twitter:creator":"@nbasturias","twitter:image":"https:\/\/candas365.es\/noticias\/wp-content\/uploads\/2019\/09\/industry-611668_960_720.jpg","twitter:label1":"Escrito por","twitter:data1":"Cand\u00e1s 365","twitter:label2":"Tiempo de lectura estimado","twitter:data2":"2 minutos"},"aioseo_meta_data":{"post_id":"134541","title":null,"description":null,"keywords":null,"keyphrases":null,"primary_term":null,"canonical_url":null,"og_title":null,"og_description":null,"og_object_type":"default","og_image_type":"default","og_image_url":null,"og_image_width":null,"og_image_height":null,"og_image_custom_url":null,"og_image_custom_fields":null,"og_video":null,"og_custom_url":null,"og_article_section":null,"og_article_tags":null,"twitter_use_og":false,"twitter_card":"default","twitter_image_type":"default","twitter_image_url":null,"twitter_image_custom_url":null,"twitter_image_custom_fields":null,"twitter_title":null,"twitter_description":null,"schema":{"blockGraphs":[],"customGraphs":[],"default":{"data":{"Article":[],"Course":[],"Dataset":[],"FAQPage":[],"Movie":[],"Person":[],"Product":[],"ProductReview":[],"Car":[],"Recipe":[],"Service":[],"SoftwareApplication":[],"WebPage":[]},"graphName":"","isEnabled":true},"graphs":[],"defaultGraph":"","defaultPostTypeGraph":""},"schema_type":null,"schema_type_options":null,"pillar_content":false,"robots_default":true,"robots_noindex":false,"robots_noarchive":false,"robots_nosnippet":false,"robots_nofollow":false,"robots_noimageindex":false,"robots_noodp":false,"robots_notranslate":false,"robots_max_snippet":null,"robots_max_videopreview":null,"robots_max_imagepreview":"large","priority":null,"frequency":null,"location":null,"local_seo":null,"seo_analyzer_scan_date":"2025-08-30 19:21:16","breadcrumb_settings":null,"limit_modified_date":false,"reviewed_by":null,"open_ai":null,"ai":null,"created":"2020-12-21 10:49:24","updated":"2025-08-30 19:21:16"},"aioseo_breadcrumb":"<div class=\"aioseo-breadcrumbs\"><span class=\"aioseo-breadcrumb\">\n\t<a href=\"https:\/\/candas365.es\/noticias\" title=\"Home\">Home<\/a>\n<\/span><span class=\"aioseo-breadcrumb-separator\">&ndash;<\/span><span class=\"aioseo-breadcrumb\">\n\t<a href=\"https:\/\/candas365.es\/noticias\/category\/canal-empresas\/\" title=\"Canal Empresas\">Canal Empresas<\/a>\n<\/span><span class=\"aioseo-breadcrumb-separator\">&ndash;<\/span><span class=\"aioseo-breadcrumb\">\n\tIndustria alemana advierte de metas clim\u00e1ticas m\u00e1s estrictas de la UE\n<\/span><\/div>","aioseo_breadcrumb_json":[{"label":"Home","link":"https:\/\/candas365.es\/noticias"},{"label":"Canal Empresas","link":"https:\/\/candas365.es\/noticias\/category\/canal-empresas\/"},{"label":"Industria alemana advierte de metas clim\u00e1ticas m\u00e1s estrictas de la UE","link":"https:\/\/candas365.es\/noticias\/industria-alemana-advierte-de-metas-climaticas-mas-estrictas-de-la-ue\/"}],"_links":{"self":[{"href":"https:\/\/candas365.es\/noticias\/wp-json\/wp\/v2\/posts\/134541","targetHints":{"allow":["GET"]}}],"collection":[{"href":"https:\/\/candas365.es\/noticias\/wp-json\/wp\/v2\/posts"}],"about":[{"href":"https:\/\/candas365.es\/noticias\/wp-json\/wp\/v2\/types\/post"}],"author":[{"embeddable":true,"href":"https:\/\/candas365.es\/noticias\/wp-json\/wp\/v2\/users\/1"}],"replies":[{"embeddable":true,"href":"https:\/\/candas365.es\/noticias\/wp-json\/wp\/v2\/comments?post=134541"}],"version-history":[{"count":0,"href":"https:\/\/candas365.es\/noticias\/wp-json\/wp\/v2\/posts\/134541\/revisions"}],"wp:featuredmedia":[{"embeddable":true,"href":"https:\/\/candas365.es\/noticias\/wp-json\/wp\/v2\/media\/130219"}],"wp:attachment":[{"href":"https:\/\/candas365.es\/noticias\/wp-json\/wp\/v2\/media?parent=134541"}],"wp:term":[{"taxonomy":"category","embeddable":true,"href":"https:\/\/candas365.es\/noticias\/wp-json\/wp\/v2\/categories?post=134541"},{"taxonomy":"post_tag","embeddable":true,"href":"https:\/\/candas365.es\/noticias\/wp-json\/wp\/v2\/tags?post=134541"}],"curies":[{"name":"wp","href":"https:\/\/api.w.org\/{rel}","templated":true}]}}