{"id":134473,"date":"2019-12-11T12:25:43","date_gmt":"2019-12-11T12:25:43","guid":{"rendered":"http:\/\/candas365.es\/noticias\/?p=134473"},"modified":"2019-12-11T12:25:43","modified_gmt":"2019-12-11T12:25:43","slug":"viena-celebra-los-250-anos-del-nacimiento-de-beethoven","status":"publish","type":"post","link":"https:\/\/candas365.es\/noticias\/viena-celebra-los-250-anos-del-nacimiento-de-beethoven\/","title":{"rendered":"Viena celebra los 250 a\u00f1os del nacimiento de Beethoven"},"content":{"rendered":"<figure id=\"attachment_134474\" aria-describedby=\"caption-attachment-134474\" style=\"width: 360px\" class=\"wp-caption alignleft\"><img fetchpriority=\"high\" decoding=\"async\" class=\"size-medium wp-image-134474\" src=\"https:\/\/candas365.es\/noticias\/wp-content\/uploads\/2019\/12\/aniversario-nacimiento-de-Beethoven-360x237.jpg\" alt=\"\" width=\"360\" height=\"237\" srcset=\"https:\/\/candas365.es\/noticias\/wp-content\/uploads\/2019\/12\/aniversario-nacimiento-de-Beethoven-360x237.jpg 360w, https:\/\/candas365.es\/noticias\/wp-content\/uploads\/2019\/12\/aniversario-nacimiento-de-Beethoven-655x432.jpg 655w, https:\/\/candas365.es\/noticias\/wp-content\/uploads\/2019\/12\/aniversario-nacimiento-de-Beethoven-768x506.jpg 768w, https:\/\/candas365.es\/noticias\/wp-content\/uploads\/2019\/12\/aniversario-nacimiento-de-Beethoven-696x459.jpg 696w, https:\/\/candas365.es\/noticias\/wp-content\/uploads\/2019\/12\/aniversario-nacimiento-de-Beethoven-637x420.jpg 637w, https:\/\/candas365.es\/noticias\/wp-content\/uploads\/2019\/12\/aniversario-nacimiento-de-Beethoven-741x486.jpg 741w, https:\/\/candas365.es\/noticias\/wp-content\/uploads\/2019\/12\/aniversario-nacimiento-de-Beethoven.jpg 1010w\" sizes=\"(max-width: 360px) 100vw, 360px\" \/><figcaption id=\"caption-attachment-134474\" class=\"wp-caption-text\">Foto: Peter Rigaud\/WienTourismus\/dpa-tmn<\/figcaption><\/figure>\n<p>(dpa) &#8211; Los amantes de la m\u00fasica cl\u00e1sica y los fans de Beethoven no pueden perderse los grandes eventos de 2020. Al cumplirse 250 a\u00f1os del nacimiento del gran compositor, Viena, la ciudad en la que el genio pas\u00f3 gran parte de su vida, tiene previsto ofrecer un amplio programa de conciertos, exhibiciones e instalaciones dedicados a Ludwig van Beethoven.<\/p>\n<p>El Museo de Historia del Arte presenta la exhibici\u00f3n \u00abBeethoven mueve\u00bb, una muestra en la que la m\u00fasica y la persona del compositor confuyen en las artes pl\u00e1sticas. Podr\u00e1 visitarse entre marzo y julio y contar\u00e1, entre tantas obras, con cuadros de Caspar David Friedrich.<\/p>\n<p>La Biblioteca Nacional de Austria presentar\u00e1 la exhibici\u00f3n \u00abBeethoven. Mundo humano y resplandor divino\u00bb desde el 19 diciembre de 2019 hasta abril de 2020. Podr\u00e1n verse manuscritos y originales de cartas del m\u00fasico. Adem\u00e1s, en la Casa de la M\u00fasica habr\u00e1 una instalaci\u00f3n sonora llamada \u00abInside Beethoven\u00bb entre junio y agosto, en la que los visitantes formar\u00e1n parte de un ensemble musical.<\/p>\n<p>Por supuesto que en las salas y escenarios que se desplegar\u00e1n en la ciudad habr\u00e1 innumerables conciertos de Beethoven. La Filarm\u00f3nica de Viena no podr\u00eda faltar en semejante oportunidad y se presentar\u00e1 en la Staatsoper hasta medidados de 2020 con veladas de m\u00fasica de c\u00e1mara.<\/p>\n<p>En la web wien.info podr\u00e1 encontrarse toda la informaci\u00f3n vinculada a los eventos.<\/p>\n<p>Beethoven no naci\u00f3 en Viena. Naci\u00f3 en Bonn a fines de 1770. Sin embargo, en 1792 se mud\u00f3 a la actual capital austr\u00edaca y vivi\u00f3 all\u00ed hasta su muerte en 1827.<\/p>\n","protected":false},"excerpt":{"rendered":"<p>(dpa) &#8211; Los amantes de la m\u00fasica cl\u00e1sica y los fans de Beethoven no pueden perderse los grandes eventos de 2020. Al cumplirse 250 a\u00f1os del nacimiento del gran compositor, Viena, la ciudad en la que el genio pas\u00f3 gran parte de su vida, tiene previsto ofrecer un amplio programa de conciertos, exhibiciones e instalaciones<\/p>\n","protected":false},"author":1,"featured_media":134474,"comment_status":"closed","ping_status":"closed","sticky":false,"template":"","format":"standard","meta":{"footnotes":""},"categories":[142],"tags":[],"class_list":{"0":"post-134473","1":"post","2":"type-post","3":"status-publish","4":"format-standard","5":"has-post-thumbnail","7":"category-revista"},"aioseo_notices":[],"aioseo_head":"\n\t\t<!-- All in One SEO Pro 4.9.6.2 - aioseo.com -->\n\t<meta name=\"description\" content=\"(dpa) - Los amantes de la m\u00fasica cl\u00e1sica y los fans de Beethoven no pueden perderse los grandes eventos de 2020. Al cumplirse 250 a\u00f1os del nacimiento del gran compositor, Viena, la ciudad en la que el genio pas\u00f3 gran parte de su vida, tiene previsto ofrecer un amplio programa de conciertos, exhibiciones e instalaciones\" \/>\n\t<meta name=\"robots\" content=\"max-image-preview:large\" \/>\n\t<meta name=\"author\" content=\"Cand\u00e1s 365\"\/>\n\t<meta name=\"google-site-verification\" content=\"UA-32230408-1\" \/>\n\t<meta name=\"msvalidate.01\" content=\"354F3CDFB2DA171B47FBE9ABF1F88D5\" \/>\n\t<meta name=\"keywords\" content=\"revista\" \/>\n\t<link rel=\"canonical\" href=\"https:\/\/candas365.es\/noticias\/viena-celebra-los-250-anos-del-nacimiento-de-beethoven\/\" \/>\n\t<meta name=\"generator\" content=\"All in One SEO Pro (AIOSEO) 4.9.6.2\" \/>\n\t\t<meta property=\"og:locale\" content=\"es_ES\" \/>\n\t\t<meta property=\"og:site_name\" content=\"Cand\u00e1s 365\" \/>\n\t\t<meta property=\"og:type\" content=\"article\" \/>\n\t\t<meta property=\"og:title\" content=\"Viena celebra los 250 a\u00f1os del nacimiento de Beethoven | Cand\u00e1s 365\" \/>\n\t\t<meta property=\"og:description\" content=\"(dpa) - Los amantes de la m\u00fasica cl\u00e1sica y los fans de Beethoven no pueden perderse los grandes eventos de 2020. Al cumplirse 250 a\u00f1os del nacimiento del gran compositor, Viena, la ciudad en la que el genio pas\u00f3 gran parte de su vida, tiene previsto ofrecer un amplio programa de conciertos, exhibiciones e instalaciones\" \/>\n\t\t<meta property=\"og:url\" content=\"https:\/\/candas365.es\/noticias\/viena-celebra-los-250-anos-del-nacimiento-de-beethoven\/\" \/>\n\t\t<meta property=\"og:image\" content=\"https:\/\/candas365.es\/noticias\/wp-content\/uploads\/2019\/12\/aniversario-nacimiento-de-Beethoven.jpg\" \/>\n\t\t<meta property=\"og:image:secure_url\" content=\"https:\/\/candas365.es\/noticias\/wp-content\/uploads\/2019\/12\/aniversario-nacimiento-de-Beethoven.jpg\" \/>\n\t\t<meta property=\"og:image:width\" content=\"1010\" \/>\n\t\t<meta property=\"og:image:height\" content=\"666\" \/>\n\t\t<meta property=\"article:published_time\" content=\"2019-12-11T12:25:43+00:00\" \/>\n\t\t<meta property=\"article:modified_time\" content=\"2019-12-11T12:25:43+00:00\" \/>\n\t\t<meta property=\"article:publisher\" content=\"https:\/\/www.facebook.com\/Nachofdezber\" \/>\n\t\t<meta property=\"article:author\" content=\"https:\/\/www.facebook.com\/carrenoactualidad\" \/>\n\t\t<meta name=\"twitter:card\" content=\"summary_large_image\" \/>\n\t\t<meta name=\"twitter:site\" content=\"@NabercoDigital\" \/>\n\t\t<meta name=\"twitter:title\" content=\"Viena celebra los 250 a\u00f1os del nacimiento de Beethoven | Cand\u00e1s 365\" \/>\n\t\t<meta name=\"twitter:description\" content=\"(dpa) - Los amantes de la m\u00fasica cl\u00e1sica y los fans de Beethoven no pueden perderse los grandes eventos de 2020. Al cumplirse 250 a\u00f1os del nacimiento del gran compositor, Viena, la ciudad en la que el genio pas\u00f3 gran parte de su vida, tiene previsto ofrecer un amplio programa de conciertos, exhibiciones e instalaciones\" \/>\n\t\t<meta name=\"twitter:creator\" content=\"@nbasturias\" \/>\n\t\t<meta name=\"twitter:image\" content=\"https:\/\/candas365.es\/noticias\/wp-content\/uploads\/2019\/12\/aniversario-nacimiento-de-Beethoven.jpg\" \/>\n\t\t<meta name=\"twitter:label1\" content=\"Escrito por\" \/>\n\t\t<meta name=\"twitter:data1\" content=\"Cand\u00e1s 365\" \/>\n\t\t<meta name=\"twitter:label2\" content=\"Tiempo de lectura estimado\" \/>\n\t\t<meta name=\"twitter:data2\" content=\"1 minuto\" \/>\n\t\t<script type=\"application\/ld+json\" class=\"aioseo-schema\">\n\t\t\t{\"@context\":\"https:\\\/\\\/schema.org\",\"@graph\":[{\"@type\":\"BreadcrumbList\",\"@id\":\"https:\\\/\\\/candas365.es\\\/noticias\\\/viena-celebra-los-250-anos-del-nacimiento-de-beethoven\\\/#breadcrumblist\",\"itemListElement\":[{\"@type\":\"ListItem\",\"@id\":\"https:\\\/\\\/candas365.es\\\/noticias#listItem\",\"position\":1,\"name\":\"Home\",\"item\":\"https:\\\/\\\/candas365.es\\\/noticias\",\"nextItem\":{\"@type\":\"ListItem\",\"@id\":\"https:\\\/\\\/candas365.es\\\/noticias\\\/category\\\/revista\\\/#listItem\",\"name\":\"Revista\"}},{\"@type\":\"ListItem\",\"@id\":\"https:\\\/\\\/candas365.es\\\/noticias\\\/category\\\/revista\\\/#listItem\",\"position\":2,\"name\":\"Revista\",\"item\":\"https:\\\/\\\/candas365.es\\\/noticias\\\/category\\\/revista\\\/\",\"nextItem\":{\"@type\":\"ListItem\",\"@id\":\"https:\\\/\\\/candas365.es\\\/noticias\\\/viena-celebra-los-250-anos-del-nacimiento-de-beethoven\\\/#listItem\",\"name\":\"Viena celebra los 250 a\\u00f1os del nacimiento de Beethoven\"},\"previousItem\":{\"@type\":\"ListItem\",\"@id\":\"https:\\\/\\\/candas365.es\\\/noticias#listItem\",\"name\":\"Home\"}},{\"@type\":\"ListItem\",\"@id\":\"https:\\\/\\\/candas365.es\\\/noticias\\\/viena-celebra-los-250-anos-del-nacimiento-de-beethoven\\\/#listItem\",\"position\":3,\"name\":\"Viena celebra los 250 a\\u00f1os del nacimiento de Beethoven\",\"previousItem\":{\"@type\":\"ListItem\",\"@id\":\"https:\\\/\\\/candas365.es\\\/noticias\\\/category\\\/revista\\\/#listItem\",\"name\":\"Revista\"}}]},{\"@type\":\"NewsArticle\",\"@id\":\"https:\\\/\\\/candas365.es\\\/noticias\\\/viena-celebra-los-250-anos-del-nacimiento-de-beethoven\\\/#newsarticle\",\"name\":\"Viena celebra los 250 a\\u00f1os del nacimiento de Beethoven | Cand\\u00e1s 365\",\"headline\":\"Viena celebra los 250 a\\u00f1os del nacimiento de Beethoven\",\"author\":{\"@id\":\"https:\\\/\\\/candas365.es\\\/noticias\\\/author\\\/admin\\\/#author\"},\"publisher\":{\"@id\":\"https:\\\/\\\/candas365.es\\\/noticias\\\/#organization\"},\"image\":{\"@type\":\"ImageObject\",\"url\":\"https:\\\/\\\/candas365.es\\\/noticias\\\/wp-content\\\/uploads\\\/2019\\\/12\\\/aniversario-nacimiento-de-Beethoven.jpg\",\"width\":1010,\"height\":666,\"caption\":\"Foto: Peter Rigaud\\\/WienTourismus\\\/dpa-tmn\"},\"datePublished\":\"2019-12-11T12:25:43+01:00\",\"dateModified\":\"2019-12-11T12:25:43+01:00\",\"inLanguage\":\"es-ES\",\"mainEntityOfPage\":{\"@id\":\"https:\\\/\\\/candas365.es\\\/noticias\\\/viena-celebra-los-250-anos-del-nacimiento-de-beethoven\\\/#webpage\"},\"isPartOf\":{\"@id\":\"https:\\\/\\\/candas365.es\\\/noticias\\\/viena-celebra-los-250-anos-del-nacimiento-de-beethoven\\\/#webpage\"},\"articleSection\":\"Revista\",\"dateline\":\"Publicado el diciembre 11, 2019.\"},{\"@type\":\"Organization\",\"@id\":\"https:\\\/\\\/candas365.es\\\/noticias\\\/#organization\",\"name\":\"Cand\\u00e1s 365\",\"description\":\"Cand\\u00e1s 365 es un diario digital independiente, fundado en 2012, con base en Asturias. Informamos con rigor sobre actualidad, sociedad, cultura y ocio, con una mirada local y global.\",\"url\":\"https:\\\/\\\/candas365.es\\\/noticias\\\/\",\"email\":\"info@candas365.es\",\"telephone\":\"+34652131393\",\"foundingDate\":\"2012-06-10\",\"logo\":{\"@type\":\"ImageObject\",\"url\":\"https:\\\/\\\/candas365.es\\\/noticias\\\/wp-content\\\/uploads\\\/2024\\\/09\\\/Candas-365-Redes.jpg\",\"@id\":\"https:\\\/\\\/candas365.es\\\/noticias\\\/viena-celebra-los-250-anos-del-nacimiento-de-beethoven\\\/#organizationLogo\",\"width\":1152,\"height\":864,\"caption\":\"Cand\\u00e1s 365 Redes\"},\"image\":{\"@id\":\"https:\\\/\\\/candas365.es\\\/noticias\\\/viena-celebra-los-250-anos-del-nacimiento-de-beethoven\\\/#organizationLogo\"},\"sameAs\":[\"https:\\\/\\\/www.facebook.com\\\/Nachofdezber\",\"https:\\\/\\\/x.com\\\/NabercoDigital\",\"https:\\\/\\\/www.instagram.com\\\/nachofdezber\\\/\",\"https:\\\/\\\/www.youtube.com\\\/channel\\\/UCZP-2wLEB9Rv6erhFmqVnvg\"],\"address\":{\"@id\":\"https:\\\/\\\/candas365.es\\\/noticias\\\/#postaladdress\",\"@type\":\"PostalAddress\",\"streetAddress\":\"san antonio 4, san antonio 4\",\"postalCode\":\"33430\",\"addressLocality\":\"Cand\\u00e1s\",\"addressRegion\":\"Asturias\",\"addressCountry\":\"ES\"}},{\"@type\":\"Person\",\"@id\":\"https:\\\/\\\/candas365.es\\\/noticias\\\/author\\\/admin\\\/#author\",\"url\":\"https:\\\/\\\/candas365.es\\\/noticias\\\/author\\\/admin\\\/\",\"name\":\"Cand\\u00e1s 365\",\"image\":{\"@type\":\"ImageObject\",\"@id\":\"https:\\\/\\\/candas365.es\\\/noticias\\\/viena-celebra-los-250-anos-del-nacimiento-de-beethoven\\\/#authorImage\",\"url\":\"https:\\\/\\\/secure.gravatar.com\\\/avatar\\\/496a8e03d0c493ede1718b7934145dbdf8d89be1036b0eec9544e1094c9de390?s=96&d=mm&r=g\",\"width\":96,\"height\":96,\"caption\":\"Cand\\u00e1s 365\"},\"sameAs\":[\"https:\\\/\\\/www.facebook.com\\\/carrenoactualidad\",\"https:\\\/\\\/twitter.com\\\/nbasturias\",\"https:\\\/\\\/www.instagram.com\\\/nachofdezber\\\/\",\"https:\\\/\\\/www.youtube.com\\\/channel\\\/UCZP-2wLEB9Rv6erhFmqVnvg\"]},{\"@type\":\"WebPage\",\"@id\":\"https:\\\/\\\/candas365.es\\\/noticias\\\/viena-celebra-los-250-anos-del-nacimiento-de-beethoven\\\/#webpage\",\"url\":\"https:\\\/\\\/candas365.es\\\/noticias\\\/viena-celebra-los-250-anos-del-nacimiento-de-beethoven\\\/\",\"name\":\"Viena celebra los 250 a\\u00f1os del nacimiento de Beethoven | Cand\\u00e1s 365\",\"description\":\"(dpa) - Los amantes de la m\\u00fasica cl\\u00e1sica y los fans de Beethoven no pueden perderse los grandes eventos de 2020. Al cumplirse 250 a\\u00f1os del nacimiento del gran compositor, Viena, la ciudad en la que el genio pas\\u00f3 gran parte de su vida, tiene previsto ofrecer un amplio programa de conciertos, exhibiciones e instalaciones\",\"inLanguage\":\"es-ES\",\"isPartOf\":{\"@id\":\"https:\\\/\\\/candas365.es\\\/noticias\\\/#website\"},\"breadcrumb\":{\"@id\":\"https:\\\/\\\/candas365.es\\\/noticias\\\/viena-celebra-los-250-anos-del-nacimiento-de-beethoven\\\/#breadcrumblist\"},\"author\":{\"@id\":\"https:\\\/\\\/candas365.es\\\/noticias\\\/author\\\/admin\\\/#author\"},\"creator\":{\"@id\":\"https:\\\/\\\/candas365.es\\\/noticias\\\/author\\\/admin\\\/#author\"},\"image\":{\"@type\":\"ImageObject\",\"url\":\"https:\\\/\\\/candas365.es\\\/noticias\\\/wp-content\\\/uploads\\\/2019\\\/12\\\/aniversario-nacimiento-de-Beethoven.jpg\",\"@id\":\"https:\\\/\\\/candas365.es\\\/noticias\\\/viena-celebra-los-250-anos-del-nacimiento-de-beethoven\\\/#mainImage\",\"width\":1010,\"height\":666,\"caption\":\"Foto: Peter Rigaud\\\/WienTourismus\\\/dpa-tmn\"},\"primaryImageOfPage\":{\"@id\":\"https:\\\/\\\/candas365.es\\\/noticias\\\/viena-celebra-los-250-anos-del-nacimiento-de-beethoven\\\/#mainImage\"},\"datePublished\":\"2019-12-11T12:25:43+01:00\",\"dateModified\":\"2019-12-11T12:25:43+01:00\"},{\"@type\":\"WebSite\",\"@id\":\"https:\\\/\\\/candas365.es\\\/noticias\\\/#website\",\"url\":\"https:\\\/\\\/candas365.es\\\/noticias\\\/\",\"name\":\"Cand\\u00e1s 365\",\"alternateName\":\"Cand\\u00e1s 365 Noticias\",\"description\":\"Actualidad desde Carre\\u00f1o para el mundo\",\"inLanguage\":\"es-ES\",\"publisher\":{\"@id\":\"https:\\\/\\\/candas365.es\\\/noticias\\\/#organization\"}}]}\n\t\t<\/script>\n\t\t<!-- All in One SEO Pro -->\r\n\t\t<title>Viena celebra los 250 a\u00f1os del nacimiento de Beethoven | Cand\u00e1s 365<\/title>\n\n","aioseo_head_json":{"title":"Viena celebra los 250 a\u00f1os del nacimiento de Beethoven | Cand\u00e1s 365","description":"(dpa) - Los amantes de la m\u00fasica cl\u00e1sica y los fans de Beethoven no pueden perderse los grandes eventos de 2020. Al cumplirse 250 a\u00f1os del nacimiento del gran compositor, Viena, la ciudad en la que el genio pas\u00f3 gran parte de su vida, tiene previsto ofrecer un amplio programa de conciertos, exhibiciones e instalaciones","canonical_url":"https:\/\/candas365.es\/noticias\/viena-celebra-los-250-anos-del-nacimiento-de-beethoven\/","robots":"max-image-preview:large","keywords":"revista","webmasterTools":{"google-site-verification":"UA-32230408-1","msvalidate.01":"354F3CDFB2DA171B47FBE9ABF1F88D5","miscellaneous":""},"schema":{"@context":"https:\/\/schema.org","@graph":[{"@type":"BreadcrumbList","@id":"https:\/\/candas365.es\/noticias\/viena-celebra-los-250-anos-del-nacimiento-de-beethoven\/#breadcrumblist","itemListElement":[{"@type":"ListItem","@id":"https:\/\/candas365.es\/noticias#listItem","position":1,"name":"Home","item":"https:\/\/candas365.es\/noticias","nextItem":{"@type":"ListItem","@id":"https:\/\/candas365.es\/noticias\/category\/revista\/#listItem","name":"Revista"}},{"@type":"ListItem","@id":"https:\/\/candas365.es\/noticias\/category\/revista\/#listItem","position":2,"name":"Revista","item":"https:\/\/candas365.es\/noticias\/category\/revista\/","nextItem":{"@type":"ListItem","@id":"https:\/\/candas365.es\/noticias\/viena-celebra-los-250-anos-del-nacimiento-de-beethoven\/#listItem","name":"Viena celebra los 250 a\u00f1os del nacimiento de Beethoven"},"previousItem":{"@type":"ListItem","@id":"https:\/\/candas365.es\/noticias#listItem","name":"Home"}},{"@type":"ListItem","@id":"https:\/\/candas365.es\/noticias\/viena-celebra-los-250-anos-del-nacimiento-de-beethoven\/#listItem","position":3,"name":"Viena celebra los 250 a\u00f1os del nacimiento de Beethoven","previousItem":{"@type":"ListItem","@id":"https:\/\/candas365.es\/noticias\/category\/revista\/#listItem","name":"Revista"}}]},{"@type":"NewsArticle","@id":"https:\/\/candas365.es\/noticias\/viena-celebra-los-250-anos-del-nacimiento-de-beethoven\/#newsarticle","name":"Viena celebra los 250 a\u00f1os del nacimiento de Beethoven | Cand\u00e1s 365","headline":"Viena celebra los 250 a\u00f1os del nacimiento de Beethoven","author":{"@id":"https:\/\/candas365.es\/noticias\/author\/admin\/#author"},"publisher":{"@id":"https:\/\/candas365.es\/noticias\/#organization"},"image":{"@type":"ImageObject","url":"https:\/\/candas365.es\/noticias\/wp-content\/uploads\/2019\/12\/aniversario-nacimiento-de-Beethoven.jpg","width":1010,"height":666,"caption":"Foto: Peter Rigaud\/WienTourismus\/dpa-tmn"},"datePublished":"2019-12-11T12:25:43+01:00","dateModified":"2019-12-11T12:25:43+01:00","inLanguage":"es-ES","mainEntityOfPage":{"@id":"https:\/\/candas365.es\/noticias\/viena-celebra-los-250-anos-del-nacimiento-de-beethoven\/#webpage"},"isPartOf":{"@id":"https:\/\/candas365.es\/noticias\/viena-celebra-los-250-anos-del-nacimiento-de-beethoven\/#webpage"},"articleSection":"Revista","dateline":"Publicado el diciembre 11, 2019."},{"@type":"Organization","@id":"https:\/\/candas365.es\/noticias\/#organization","name":"Cand\u00e1s 365","description":"Cand\u00e1s 365 es un diario digital independiente, fundado en 2012, con base en Asturias. Informamos con rigor sobre actualidad, sociedad, cultura y ocio, con una mirada local y global.","url":"https:\/\/candas365.es\/noticias\/","email":"info@candas365.es","telephone":"+34652131393","foundingDate":"2012-06-10","logo":{"@type":"ImageObject","url":"https:\/\/candas365.es\/noticias\/wp-content\/uploads\/2024\/09\/Candas-365-Redes.jpg","@id":"https:\/\/candas365.es\/noticias\/viena-celebra-los-250-anos-del-nacimiento-de-beethoven\/#organizationLogo","width":1152,"height":864,"caption":"Cand\u00e1s 365 Redes"},"image":{"@id":"https:\/\/candas365.es\/noticias\/viena-celebra-los-250-anos-del-nacimiento-de-beethoven\/#organizationLogo"},"sameAs":["https:\/\/www.facebook.com\/Nachofdezber","https:\/\/x.com\/NabercoDigital","https:\/\/www.instagram.com\/nachofdezber\/","https:\/\/www.youtube.com\/channel\/UCZP-2wLEB9Rv6erhFmqVnvg"],"address":{"@id":"https:\/\/candas365.es\/noticias\/#postaladdress","@type":"PostalAddress","streetAddress":"san antonio 4, san antonio 4","postalCode":"33430","addressLocality":"Cand\u00e1s","addressRegion":"Asturias","addressCountry":"ES"}},{"@type":"Person","@id":"https:\/\/candas365.es\/noticias\/author\/admin\/#author","url":"https:\/\/candas365.es\/noticias\/author\/admin\/","name":"Cand\u00e1s 365","image":{"@type":"ImageObject","@id":"https:\/\/candas365.es\/noticias\/viena-celebra-los-250-anos-del-nacimiento-de-beethoven\/#authorImage","url":"https:\/\/secure.gravatar.com\/avatar\/496a8e03d0c493ede1718b7934145dbdf8d89be1036b0eec9544e1094c9de390?s=96&d=mm&r=g","width":96,"height":96,"caption":"Cand\u00e1s 365"},"sameAs":["https:\/\/www.facebook.com\/carrenoactualidad","https:\/\/twitter.com\/nbasturias","https:\/\/www.instagram.com\/nachofdezber\/","https:\/\/www.youtube.com\/channel\/UCZP-2wLEB9Rv6erhFmqVnvg"]},{"@type":"WebPage","@id":"https:\/\/candas365.es\/noticias\/viena-celebra-los-250-anos-del-nacimiento-de-beethoven\/#webpage","url":"https:\/\/candas365.es\/noticias\/viena-celebra-los-250-anos-del-nacimiento-de-beethoven\/","name":"Viena celebra los 250 a\u00f1os del nacimiento de Beethoven | Cand\u00e1s 365","description":"(dpa) - Los amantes de la m\u00fasica cl\u00e1sica y los fans de Beethoven no pueden perderse los grandes eventos de 2020. Al cumplirse 250 a\u00f1os del nacimiento del gran compositor, Viena, la ciudad en la que el genio pas\u00f3 gran parte de su vida, tiene previsto ofrecer un amplio programa de conciertos, exhibiciones e instalaciones","inLanguage":"es-ES","isPartOf":{"@id":"https:\/\/candas365.es\/noticias\/#website"},"breadcrumb":{"@id":"https:\/\/candas365.es\/noticias\/viena-celebra-los-250-anos-del-nacimiento-de-beethoven\/#breadcrumblist"},"author":{"@id":"https:\/\/candas365.es\/noticias\/author\/admin\/#author"},"creator":{"@id":"https:\/\/candas365.es\/noticias\/author\/admin\/#author"},"image":{"@type":"ImageObject","url":"https:\/\/candas365.es\/noticias\/wp-content\/uploads\/2019\/12\/aniversario-nacimiento-de-Beethoven.jpg","@id":"https:\/\/candas365.es\/noticias\/viena-celebra-los-250-anos-del-nacimiento-de-beethoven\/#mainImage","width":1010,"height":666,"caption":"Foto: Peter Rigaud\/WienTourismus\/dpa-tmn"},"primaryImageOfPage":{"@id":"https:\/\/candas365.es\/noticias\/viena-celebra-los-250-anos-del-nacimiento-de-beethoven\/#mainImage"},"datePublished":"2019-12-11T12:25:43+01:00","dateModified":"2019-12-11T12:25:43+01:00"},{"@type":"WebSite","@id":"https:\/\/candas365.es\/noticias\/#website","url":"https:\/\/candas365.es\/noticias\/","name":"Cand\u00e1s 365","alternateName":"Cand\u00e1s 365 Noticias","description":"Actualidad desde Carre\u00f1o para el mundo","inLanguage":"es-ES","publisher":{"@id":"https:\/\/candas365.es\/noticias\/#organization"}}]},"og:locale":"es_ES","og:site_name":"Cand\u00e1s 365","og:type":"article","og:title":"Viena celebra los 250 a\u00f1os del nacimiento de Beethoven | Cand\u00e1s 365","og:description":"(dpa) - Los amantes de la m\u00fasica cl\u00e1sica y los fans de Beethoven no pueden perderse los grandes eventos de 2020. Al cumplirse 250 a\u00f1os del nacimiento del gran compositor, Viena, la ciudad en la que el genio pas\u00f3 gran parte de su vida, tiene previsto ofrecer un amplio programa de conciertos, exhibiciones e instalaciones","og:url":"https:\/\/candas365.es\/noticias\/viena-celebra-los-250-anos-del-nacimiento-de-beethoven\/","og:image":"https:\/\/candas365.es\/noticias\/wp-content\/uploads\/2019\/12\/aniversario-nacimiento-de-Beethoven.jpg","og:image:secure_url":"https:\/\/candas365.es\/noticias\/wp-content\/uploads\/2019\/12\/aniversario-nacimiento-de-Beethoven.jpg","og:image:width":1010,"og:image:height":666,"article:published_time":"2019-12-11T12:25:43+00:00","article:modified_time":"2019-12-11T12:25:43+00:00","article:publisher":"https:\/\/www.facebook.com\/Nachofdezber","article:author":"https:\/\/www.facebook.com\/carrenoactualidad","twitter:card":"summary_large_image","twitter:site":"@NabercoDigital","twitter:title":"Viena celebra los 250 a\u00f1os del nacimiento de Beethoven | Cand\u00e1s 365","twitter:description":"(dpa) - Los amantes de la m\u00fasica cl\u00e1sica y los fans de Beethoven no pueden perderse los grandes eventos de 2020. Al cumplirse 250 a\u00f1os del nacimiento del gran compositor, Viena, la ciudad en la que el genio pas\u00f3 gran parte de su vida, tiene previsto ofrecer un amplio programa de conciertos, exhibiciones e instalaciones","twitter:creator":"@nbasturias","twitter:image":"https:\/\/candas365.es\/noticias\/wp-content\/uploads\/2019\/12\/aniversario-nacimiento-de-Beethoven.jpg","twitter:label1":"Escrito por","twitter:data1":"Cand\u00e1s 365","twitter:label2":"Tiempo de lectura estimado","twitter:data2":"1 minuto"},"aioseo_meta_data":{"post_id":"134473","title":null,"description":null,"keywords":null,"keyphrases":null,"primary_term":null,"canonical_url":null,"og_title":null,"og_description":null,"og_object_type":"default","og_image_type":"default","og_image_url":null,"og_image_width":null,"og_image_height":null,"og_image_custom_url":null,"og_image_custom_fields":null,"og_video":null,"og_custom_url":null,"og_article_section":null,"og_article_tags":null,"twitter_use_og":false,"twitter_card":"default","twitter_image_type":"default","twitter_image_url":null,"twitter_image_custom_url":null,"twitter_image_custom_fields":null,"twitter_title":null,"twitter_description":null,"schema":{"blockGraphs":[],"customGraphs":[],"default":{"data":{"Article":[],"Course":[],"Dataset":[],"FAQPage":[],"Movie":[],"Person":[],"Product":[],"ProductReview":[],"Car":[],"Recipe":[],"Service":[],"SoftwareApplication":[],"WebPage":[]},"graphName":"","isEnabled":true},"graphs":[],"defaultGraph":"","defaultPostTypeGraph":""},"schema_type":null,"schema_type_options":null,"pillar_content":false,"robots_default":true,"robots_noindex":false,"robots_noarchive":false,"robots_nosnippet":false,"robots_nofollow":false,"robots_noimageindex":false,"robots_noodp":false,"robots_notranslate":false,"robots_max_snippet":null,"robots_max_videopreview":null,"robots_max_imagepreview":"large","priority":null,"frequency":null,"location":null,"local_seo":null,"seo_analyzer_scan_date":"2025-08-30 19:15:41","breadcrumb_settings":null,"limit_modified_date":false,"reviewed_by":null,"open_ai":null,"ai":null,"created":"2020-12-21 10:49:24","updated":"2025-08-30 19:15:41"},"aioseo_breadcrumb":"<div class=\"aioseo-breadcrumbs\"><span class=\"aioseo-breadcrumb\">\n\t<a href=\"https:\/\/candas365.es\/noticias\" title=\"Home\">Home<\/a>\n<\/span><span class=\"aioseo-breadcrumb-separator\">&ndash;<\/span><span class=\"aioseo-breadcrumb\">\n\t<a href=\"https:\/\/candas365.es\/noticias\/category\/revista\/\" title=\"Revista\">Revista<\/a>\n<\/span><span class=\"aioseo-breadcrumb-separator\">&ndash;<\/span><span class=\"aioseo-breadcrumb\">\n\tViena celebra los 250 a\u00f1os del nacimiento de Beethoven\n<\/span><\/div>","aioseo_breadcrumb_json":[{"label":"Home","link":"https:\/\/candas365.es\/noticias"},{"label":"Revista","link":"https:\/\/candas365.es\/noticias\/category\/revista\/"},{"label":"Viena celebra los 250 a\u00f1os del nacimiento de Beethoven","link":"https:\/\/candas365.es\/noticias\/viena-celebra-los-250-anos-del-nacimiento-de-beethoven\/"}],"_links":{"self":[{"href":"https:\/\/candas365.es\/noticias\/wp-json\/wp\/v2\/posts\/134473","targetHints":{"allow":["GET"]}}],"collection":[{"href":"https:\/\/candas365.es\/noticias\/wp-json\/wp\/v2\/posts"}],"about":[{"href":"https:\/\/candas365.es\/noticias\/wp-json\/wp\/v2\/types\/post"}],"author":[{"embeddable":true,"href":"https:\/\/candas365.es\/noticias\/wp-json\/wp\/v2\/users\/1"}],"replies":[{"embeddable":true,"href":"https:\/\/candas365.es\/noticias\/wp-json\/wp\/v2\/comments?post=134473"}],"version-history":[{"count":0,"href":"https:\/\/candas365.es\/noticias\/wp-json\/wp\/v2\/posts\/134473\/revisions"}],"wp:featuredmedia":[{"embeddable":true,"href":"https:\/\/candas365.es\/noticias\/wp-json\/wp\/v2\/media\/134474"}],"wp:attachment":[{"href":"https:\/\/candas365.es\/noticias\/wp-json\/wp\/v2\/media?parent=134473"}],"wp:term":[{"taxonomy":"category","embeddable":true,"href":"https:\/\/candas365.es\/noticias\/wp-json\/wp\/v2\/categories?post=134473"},{"taxonomy":"post_tag","embeddable":true,"href":"https:\/\/candas365.es\/noticias\/wp-json\/wp\/v2\/tags?post=134473"}],"curies":[{"name":"wp","href":"https:\/\/api.w.org\/{rel}","templated":true}]}}