{"id":134352,"date":"2019-12-09T07:23:27","date_gmt":"2019-12-09T07:23:27","guid":{"rendered":"http:\/\/candas365.es\/noticias\/?p=134352"},"modified":"2019-12-09T07:23:27","modified_gmt":"2019-12-09T07:23:27","slug":"argayo-en-la-senda-peatonal-del-tranqueru","status":"publish","type":"post","link":"https:\/\/candas365.es\/noticias\/argayo-en-la-senda-peatonal-del-tranqueru\/","title":{"rendered":"Argayo en la \u201cSenda peatonal del Tranqueru\u201d"},"content":{"rendered":"<p><img fetchpriority=\"high\" decoding=\"async\" class=\"alignleft size-medium wp-image-134353\" src=\"https:\/\/candas365.es\/noticias\/wp-content\/uploads\/2019\/12\/argayo-xivares-276x300.jpg\" alt=\"\" width=\"276\" height=\"300\" srcset=\"https:\/\/candas365.es\/noticias\/wp-content\/uploads\/2019\/12\/argayo-xivares-276x300.jpg 276w, https:\/\/candas365.es\/noticias\/wp-content\/uploads\/2019\/12\/argayo-xivares-442x480.jpg 442w, https:\/\/candas365.es\/noticias\/wp-content\/uploads\/2019\/12\/argayo-xivares-387x420.jpg 387w, https:\/\/candas365.es\/noticias\/wp-content\/uploads\/2019\/12\/argayo-xivares.jpg 610w\" sizes=\"(max-width: 276px) 100vw, 276px\" \/>El pasado s\u00e1bado 23 de noviembre en un tramo de la Senda Norte, conocida popularmente como la <strong>\u201cSenda peatonal del Tranqueru\u201d<\/strong>, a la altura del inicio de la misma desde Xivares se produjo <strong>un argayo<\/strong>, en el talud que sirve de sostenimiento a dicha senda y que linda en su parte inferior con la zona deportiva de la de urbanizaci\u00f3n privada \u201cPlaya de Xivares\u201d. <strong>Esto fue debido a las fuertes lluvias y temporales que lleva padeciendo la zona durante todo el mes de noviembre<\/strong>.<\/p>\n<p>\u201cDesde la puesta en conocimiento de lo sucedido, a trav\u00e9s de polic\u00eda local, los t\u00e9cnicos municipales del Ayuntamiento de Carre\u00f1o estuvieron trabajando en dar la mejor soluci\u00f3n a la situaci\u00f3n generada por las inclemencias del tiempo. Momentos despu\u00e9s del argayo, la primera acci\u00f3n que se tom\u00f3, dado que persist\u00edan las lluvias y ante la evidente peligrosidad que representaba la situaci\u00f3n de su corte superior, se delimitada la zona mediante un vallado con el interrumpir el tr\u00e1nsito por ese tramo de la Senda. El tr\u00e1nsito contin\u00faa por razones de seguridad interrumpido y debidamente se\u00f1alizado\u201d \u2013 record\u00f3 la Alcaldesa, Amelia Fern\u00e1ndez.<\/p>\n<p>\u201cAl d\u00eda siguiente, domingo, la zona es vuelta a inspeccionar por los t\u00e9cnicos municipales. Se pudo comprobar la entidad del argayo, los da\u00f1os ocasionados por el mismo y el riesgo de su continuidad y extensi\u00f3n, sobre todo si persist\u00edan las lluvias torrenciales que llevaban soportando. Se constat\u00f3 igualmente la comprometida posici\u00f3n que ocupaba, respecto al corte superior del argayo, el colector municipal de saneamiento de Monte Mor\u00eds que discurre por la Senda. Por lo que se dieron instrucciones para que, con medios municipales, se procediera en ese mismo momento a desviar el agua de escorrent\u00eda superficial que llegaba al borde superior de la zona argayada con la realizaci\u00f3n de dos zanjas, una en el camino de servicio por el que se accede a la zona desde la Carretera CE-4, y otra previa al vallado dispuesto en la propia Senda. El objetivo de estos primeros trabajos fue evitar que llegase m\u00e1s agua de escorrent\u00eda para que este no continuase avanzando\u201d \u2013 prosigui\u00f3 Fern\u00e1ndez..<\/p>\n<p>\u201cTras estas primeras actuaciones de urgencia, la Oficina T\u00e9cnica Municipal ha estudiado a fondo la situaci\u00f3n, emitiendo el informe t\u00e9cnico pertinente en el que se determina las actuaciones necesarias a seguir para restituir la zona argayada. Consider\u00e1ndose prioritario el mantenimiento, tanto de la integridad como del servicio, del colector municipal de saneamiento afectado por la situaci\u00f3n. Por ello, estamos acometiendo las actuaciones necesarias para conseguir el sostenimiento de la secci\u00f3n de la Senda que permanece en la zona y as\u00ed evitar la rotura del colector\u201d \u2013 detall\u00f3 la Alcaldesa.<\/p>\n<p>\u201cHemos realizado una tramitaci\u00f3n de emergencia, conforme a lo previsto en el art. 120 de la LCSP (Ley de Contratos del Sector P\u00fablico), para la ejecuci\u00f3n en la parte superior del talud de una entibaci\u00f3n o pantalla a base de una hinca de ra\u00edles de 45 Kg\/m., empotrados en el terreno en vertical y por percusi\u00f3n con medios mec\u00e1nicos, dotados de la longitud necesaria por embridado (aproximadamente 12 m.) hasta su rechazo en roca, ocupando toda la longitud del corte superior (aproximadamente 20 m.) y permitiendo la colocaci\u00f3n de chapas de acero en su parte interior para sostenimiento del talud y el posterior relleno de huecos en su trasd\u00f3s mediante material seleccionado, de forma que el sistema en su conjunto posibilite la consolidaci\u00f3n provisional de la parte de la Senda que a\u00fan no se ha desprendido y del colector municipal. El coste de esta actuaci\u00f3n de emergencia se estima inicialmente en 40.000,00 \u20ac. (IVA incluido), seg\u00fan avance de presupuesto facilitado por la empresa POSADA ORGANIZACI\u00d3N, S. A., consider\u00e1ndose por parte de la Oficina T\u00e9cnica Municipal adecuados presupuesto y empresa para la ejecuci\u00f3n de las obras de emergencia descritas a la mayor brevedad\u201d \u2013 afirm\u00f3 la regidora.<\/p>\n<p>Tal y como recoge el informe del arquitecto municipal para poder afrontar una reparaci\u00f3n definitiva de la Senda del Tranqueru y de los da\u00f1os que este argayo ha causado sobre las instalaciones deportivas de la Urbanizaci\u00f3n \u201cPlaya de Xivares\u201d, habr\u00e1 que determinar previamente la titularidad de la misma, ya que no consta que ese tramo de la Senda Norte se encuentre incluido en el inventario municipal y la actuaci\u00f3n exceder\u00eda inicialmente de las obligaciones de mantenimiento de la infraestructura a que pudiera estar comprometido este Ayuntamiento.<\/p>\n<p>\u201cUna vez consolidemos provisionalmente la senda trabajaremos en la depuraci\u00f3n de responsabilidades. Mantendremos tambi\u00e9n una reuni\u00f3n de trabajo y coordinaci\u00f3n con la Comunidad de Propietarios de la Urbanizaci\u00f3n. Y en cualquier caso, teniendo en cuenta los repetidos episodios de inestabilidad que vienen teniendo lugar sobre diferentes elementos de este tramo de la Senda Norte (t\u00faneles, taludes, muros, visera), consideramos indispensable la elaboraci\u00f3n de un proyecto t\u00e9cnico en el que, previo diagn\u00f3stico de la situaci\u00f3n en toda la infraestructura, se prioricen y dise\u00f1en las actuaciones a ejecutar que resulten necesarias para poder prevenir fen\u00f3menos potenciales de inestabilidad y para que quede convenientemente garantizada la seguridad de la v\u00eda. Igualmente creemos necesario que el proyecto t\u00e9cnico defina las operaciones de mantenimiento preventivo a realizar en el futuro sobre los diferentes elementos de la Senda del Tranqueru, y establezca la intensidad y frecuencia recomendables para ellas\u201d \u2013 concluy\u00f3 Fern\u00e1ndez.<\/p>\n<p>&nbsp;<\/p>\n","protected":false},"excerpt":{"rendered":"<p>El pasado s\u00e1bado 23 de noviembre en un tramo de la Senda Norte, conocida popularmente como la \u201cSenda peatonal del Tranqueru\u201d, a la altura del inicio de la misma desde Xivares se produjo un argayo, en el talud que sirve de sostenimiento a dicha senda y que linda en su parte inferior con la zona<\/p>\n","protected":false},"author":1,"featured_media":134353,"comment_status":"closed","ping_status":"closed","sticky":false,"template":"","format":"standard","meta":{"footnotes":""},"categories":[2],"tags":[],"class_list":{"0":"post-134352","1":"post","2":"type-post","3":"status-publish","4":"format-standard","5":"has-post-thumbnail","7":"category-noticias-carreno"},"aioseo_notices":[],"aioseo_head":"\n\t\t<!-- All in One SEO Pro 4.9.6.2 - aioseo.com -->\n\t<meta name=\"description\" content=\"El pasado s\u00e1bado 23 de noviembre en un tramo de la Senda Norte, conocida popularmente como la \u201cSenda peatonal del Tranqueru\u201d, a la altura del inicio de la misma desde Xivares se produjo un argayo, en el talud que sirve de sostenimiento a dicha senda y que linda en su parte inferior con la zona\" \/>\n\t<meta name=\"robots\" content=\"max-image-preview:large\" \/>\n\t<meta name=\"author\" content=\"Cand\u00e1s 365\"\/>\n\t<meta name=\"google-site-verification\" content=\"UA-32230408-1\" \/>\n\t<meta name=\"msvalidate.01\" content=\"354F3CDFB2DA171B47FBE9ABF1F88D5\" \/>\n\t<meta name=\"keywords\" content=\"noticias carre\u00f1o\" \/>\n\t<link rel=\"canonical\" href=\"https:\/\/candas365.es\/noticias\/argayo-en-la-senda-peatonal-del-tranqueru\/\" \/>\n\t<meta name=\"generator\" content=\"All in One SEO Pro (AIOSEO) 4.9.6.2\" \/>\n\t\t<meta property=\"og:locale\" content=\"es_ES\" \/>\n\t\t<meta property=\"og:site_name\" content=\"Cand\u00e1s 365\" \/>\n\t\t<meta property=\"og:type\" content=\"article\" \/>\n\t\t<meta property=\"og:title\" content=\"Argayo en la \u201cSenda peatonal del Tranqueru\u201d | Cand\u00e1s 365\" \/>\n\t\t<meta property=\"og:description\" content=\"El pasado s\u00e1bado 23 de noviembre en un tramo de la Senda Norte, conocida popularmente como la \u201cSenda peatonal del Tranqueru\u201d, a la altura del inicio de la misma desde Xivares se produjo un argayo, en el talud que sirve de sostenimiento a dicha senda y que linda en su parte inferior con la zona\" \/>\n\t\t<meta property=\"og:url\" content=\"https:\/\/candas365.es\/noticias\/argayo-en-la-senda-peatonal-del-tranqueru\/\" \/>\n\t\t<meta property=\"og:image\" content=\"https:\/\/candas365.es\/noticias\/wp-content\/uploads\/2019\/12\/argayo-xivares.jpg\" \/>\n\t\t<meta property=\"og:image:secure_url\" content=\"https:\/\/candas365.es\/noticias\/wp-content\/uploads\/2019\/12\/argayo-xivares.jpg\" \/>\n\t\t<meta property=\"og:image:width\" content=\"610\" \/>\n\t\t<meta property=\"og:image:height\" content=\"662\" \/>\n\t\t<meta property=\"article:published_time\" content=\"2019-12-09T07:23:27+00:00\" \/>\n\t\t<meta property=\"article:modified_time\" content=\"2019-12-09T07:23:27+00:00\" \/>\n\t\t<meta property=\"article:publisher\" content=\"https:\/\/www.facebook.com\/Nachofdezber\" \/>\n\t\t<meta property=\"article:author\" content=\"https:\/\/www.facebook.com\/carrenoactualidad\" \/>\n\t\t<meta name=\"twitter:card\" content=\"summary_large_image\" \/>\n\t\t<meta name=\"twitter:site\" content=\"@NabercoDigital\" \/>\n\t\t<meta name=\"twitter:title\" content=\"Argayo en la \u201cSenda peatonal del Tranqueru\u201d | Cand\u00e1s 365\" \/>\n\t\t<meta name=\"twitter:description\" content=\"El pasado s\u00e1bado 23 de noviembre en un tramo de la Senda Norte, conocida popularmente como la \u201cSenda peatonal del Tranqueru\u201d, a la altura del inicio de la misma desde Xivares se produjo un argayo, en el talud que sirve de sostenimiento a dicha senda y que linda en su parte inferior con la zona\" \/>\n\t\t<meta name=\"twitter:creator\" content=\"@nbasturias\" \/>\n\t\t<meta name=\"twitter:image\" content=\"https:\/\/candas365.es\/noticias\/wp-content\/uploads\/2019\/12\/argayo-xivares.jpg\" \/>\n\t\t<meta name=\"twitter:label1\" content=\"Escrito por\" \/>\n\t\t<meta name=\"twitter:data1\" content=\"Cand\u00e1s 365\" \/>\n\t\t<meta name=\"twitter:label2\" content=\"Tiempo de lectura estimado\" \/>\n\t\t<meta name=\"twitter:data2\" content=\"5 minutos\" \/>\n\t\t<script type=\"application\/ld+json\" class=\"aioseo-schema\">\n\t\t\t{\"@context\":\"https:\\\/\\\/schema.org\",\"@graph\":[{\"@type\":\"BreadcrumbList\",\"@id\":\"https:\\\/\\\/candas365.es\\\/noticias\\\/argayo-en-la-senda-peatonal-del-tranqueru\\\/#breadcrumblist\",\"itemListElement\":[{\"@type\":\"ListItem\",\"@id\":\"https:\\\/\\\/candas365.es\\\/noticias#listItem\",\"position\":1,\"name\":\"Home\",\"item\":\"https:\\\/\\\/candas365.es\\\/noticias\",\"nextItem\":{\"@type\":\"ListItem\",\"@id\":\"https:\\\/\\\/candas365.es\\\/noticias\\\/category\\\/noticias-carreno\\\/#listItem\",\"name\":\"Noticias Carre\\u00f1o\"}},{\"@type\":\"ListItem\",\"@id\":\"https:\\\/\\\/candas365.es\\\/noticias\\\/category\\\/noticias-carreno\\\/#listItem\",\"position\":2,\"name\":\"Noticias Carre\\u00f1o\",\"item\":\"https:\\\/\\\/candas365.es\\\/noticias\\\/category\\\/noticias-carreno\\\/\",\"nextItem\":{\"@type\":\"ListItem\",\"@id\":\"https:\\\/\\\/candas365.es\\\/noticias\\\/argayo-en-la-senda-peatonal-del-tranqueru\\\/#listItem\",\"name\":\"Argayo en la \\u201cSenda peatonal del Tranqueru\\u201d\"},\"previousItem\":{\"@type\":\"ListItem\",\"@id\":\"https:\\\/\\\/candas365.es\\\/noticias#listItem\",\"name\":\"Home\"}},{\"@type\":\"ListItem\",\"@id\":\"https:\\\/\\\/candas365.es\\\/noticias\\\/argayo-en-la-senda-peatonal-del-tranqueru\\\/#listItem\",\"position\":3,\"name\":\"Argayo en la \\u201cSenda peatonal del Tranqueru\\u201d\",\"previousItem\":{\"@type\":\"ListItem\",\"@id\":\"https:\\\/\\\/candas365.es\\\/noticias\\\/category\\\/noticias-carreno\\\/#listItem\",\"name\":\"Noticias Carre\\u00f1o\"}}]},{\"@type\":\"NewsArticle\",\"@id\":\"https:\\\/\\\/candas365.es\\\/noticias\\\/argayo-en-la-senda-peatonal-del-tranqueru\\\/#newsarticle\",\"name\":\"Argayo en la \\u201cSenda peatonal del Tranqueru\\u201d | Cand\\u00e1s 365\",\"headline\":\"Argayo en la \\u201cSenda peatonal del Tranqueru\\u201d\",\"author\":{\"@id\":\"https:\\\/\\\/candas365.es\\\/noticias\\\/author\\\/admin\\\/#author\"},\"publisher\":{\"@id\":\"https:\\\/\\\/candas365.es\\\/noticias\\\/#organization\"},\"image\":{\"@type\":\"ImageObject\",\"url\":\"https:\\\/\\\/candas365.es\\\/noticias\\\/wp-content\\\/uploads\\\/2019\\\/12\\\/argayo-xivares.jpg\",\"width\":610,\"height\":662},\"datePublished\":\"2019-12-09T07:23:27+01:00\",\"dateModified\":\"2019-12-09T07:23:27+01:00\",\"inLanguage\":\"es-ES\",\"mainEntityOfPage\":{\"@id\":\"https:\\\/\\\/candas365.es\\\/noticias\\\/argayo-en-la-senda-peatonal-del-tranqueru\\\/#webpage\"},\"isPartOf\":{\"@id\":\"https:\\\/\\\/candas365.es\\\/noticias\\\/argayo-en-la-senda-peatonal-del-tranqueru\\\/#webpage\"},\"articleSection\":\"Noticias Carre\\u00f1o\",\"dateline\":\"Publicado el diciembre 9, 2019.\"},{\"@type\":\"Organization\",\"@id\":\"https:\\\/\\\/candas365.es\\\/noticias\\\/#organization\",\"name\":\"Cand\\u00e1s 365\",\"description\":\"Cand\\u00e1s 365 es un diario digital independiente, fundado en 2012, con base en Asturias. Informamos con rigor sobre actualidad, sociedad, cultura y ocio, con una mirada local y global.\",\"url\":\"https:\\\/\\\/candas365.es\\\/noticias\\\/\",\"email\":\"info@candas365.es\",\"telephone\":\"+34652131393\",\"foundingDate\":\"2012-06-10\",\"logo\":{\"@type\":\"ImageObject\",\"url\":\"https:\\\/\\\/candas365.es\\\/noticias\\\/wp-content\\\/uploads\\\/2024\\\/09\\\/Candas-365-Redes.jpg\",\"@id\":\"https:\\\/\\\/candas365.es\\\/noticias\\\/argayo-en-la-senda-peatonal-del-tranqueru\\\/#organizationLogo\",\"width\":1152,\"height\":864,\"caption\":\"Cand\\u00e1s 365 Redes\"},\"image\":{\"@id\":\"https:\\\/\\\/candas365.es\\\/noticias\\\/argayo-en-la-senda-peatonal-del-tranqueru\\\/#organizationLogo\"},\"sameAs\":[\"https:\\\/\\\/www.facebook.com\\\/Nachofdezber\",\"https:\\\/\\\/x.com\\\/NabercoDigital\",\"https:\\\/\\\/www.instagram.com\\\/nachofdezber\\\/\",\"https:\\\/\\\/www.youtube.com\\\/channel\\\/UCZP-2wLEB9Rv6erhFmqVnvg\"],\"address\":{\"@id\":\"https:\\\/\\\/candas365.es\\\/noticias\\\/#postaladdress\",\"@type\":\"PostalAddress\",\"streetAddress\":\"san antonio 4, san antonio 4\",\"postalCode\":\"33430\",\"addressLocality\":\"Cand\\u00e1s\",\"addressRegion\":\"Asturias\",\"addressCountry\":\"ES\"}},{\"@type\":\"Person\",\"@id\":\"https:\\\/\\\/candas365.es\\\/noticias\\\/author\\\/admin\\\/#author\",\"url\":\"https:\\\/\\\/candas365.es\\\/noticias\\\/author\\\/admin\\\/\",\"name\":\"Cand\\u00e1s 365\",\"image\":{\"@type\":\"ImageObject\",\"@id\":\"https:\\\/\\\/candas365.es\\\/noticias\\\/argayo-en-la-senda-peatonal-del-tranqueru\\\/#authorImage\",\"url\":\"https:\\\/\\\/secure.gravatar.com\\\/avatar\\\/496a8e03d0c493ede1718b7934145dbdf8d89be1036b0eec9544e1094c9de390?s=96&d=mm&r=g\",\"width\":96,\"height\":96,\"caption\":\"Cand\\u00e1s 365\"},\"sameAs\":[\"https:\\\/\\\/www.facebook.com\\\/carrenoactualidad\",\"https:\\\/\\\/twitter.com\\\/nbasturias\",\"https:\\\/\\\/www.instagram.com\\\/nachofdezber\\\/\",\"https:\\\/\\\/www.youtube.com\\\/channel\\\/UCZP-2wLEB9Rv6erhFmqVnvg\"]},{\"@type\":\"WebPage\",\"@id\":\"https:\\\/\\\/candas365.es\\\/noticias\\\/argayo-en-la-senda-peatonal-del-tranqueru\\\/#webpage\",\"url\":\"https:\\\/\\\/candas365.es\\\/noticias\\\/argayo-en-la-senda-peatonal-del-tranqueru\\\/\",\"name\":\"Argayo en la \\u201cSenda peatonal del Tranqueru\\u201d | Cand\\u00e1s 365\",\"description\":\"El pasado s\\u00e1bado 23 de noviembre en un tramo de la Senda Norte, conocida popularmente como la \\u201cSenda peatonal del Tranqueru\\u201d, a la altura del inicio de la misma desde Xivares se produjo un argayo, en el talud que sirve de sostenimiento a dicha senda y que linda en su parte inferior con la zona\",\"inLanguage\":\"es-ES\",\"isPartOf\":{\"@id\":\"https:\\\/\\\/candas365.es\\\/noticias\\\/#website\"},\"breadcrumb\":{\"@id\":\"https:\\\/\\\/candas365.es\\\/noticias\\\/argayo-en-la-senda-peatonal-del-tranqueru\\\/#breadcrumblist\"},\"author\":{\"@id\":\"https:\\\/\\\/candas365.es\\\/noticias\\\/author\\\/admin\\\/#author\"},\"creator\":{\"@id\":\"https:\\\/\\\/candas365.es\\\/noticias\\\/author\\\/admin\\\/#author\"},\"image\":{\"@type\":\"ImageObject\",\"url\":\"https:\\\/\\\/candas365.es\\\/noticias\\\/wp-content\\\/uploads\\\/2019\\\/12\\\/argayo-xivares.jpg\",\"@id\":\"https:\\\/\\\/candas365.es\\\/noticias\\\/argayo-en-la-senda-peatonal-del-tranqueru\\\/#mainImage\",\"width\":610,\"height\":662},\"primaryImageOfPage\":{\"@id\":\"https:\\\/\\\/candas365.es\\\/noticias\\\/argayo-en-la-senda-peatonal-del-tranqueru\\\/#mainImage\"},\"datePublished\":\"2019-12-09T07:23:27+01:00\",\"dateModified\":\"2019-12-09T07:23:27+01:00\"},{\"@type\":\"WebSite\",\"@id\":\"https:\\\/\\\/candas365.es\\\/noticias\\\/#website\",\"url\":\"https:\\\/\\\/candas365.es\\\/noticias\\\/\",\"name\":\"Cand\\u00e1s 365\",\"alternateName\":\"Cand\\u00e1s 365 Noticias\",\"description\":\"Actualidad desde Carre\\u00f1o para el mundo\",\"inLanguage\":\"es-ES\",\"publisher\":{\"@id\":\"https:\\\/\\\/candas365.es\\\/noticias\\\/#organization\"}}]}\n\t\t<\/script>\n\t\t<!-- All in One SEO Pro -->\r\n\t\t<title>Argayo en la \u201cSenda peatonal del Tranqueru\u201d | Cand\u00e1s 365<\/title>\n\n","aioseo_head_json":{"title":"Argayo en la \u201cSenda peatonal del Tranqueru\u201d | Cand\u00e1s 365","description":"El pasado s\u00e1bado 23 de noviembre en un tramo de la Senda Norte, conocida popularmente como la \u201cSenda peatonal del Tranqueru\u201d, a la altura del inicio de la misma desde Xivares se produjo un argayo, en el talud que sirve de sostenimiento a dicha senda y que linda en su parte inferior con la zona","canonical_url":"https:\/\/candas365.es\/noticias\/argayo-en-la-senda-peatonal-del-tranqueru\/","robots":"max-image-preview:large","keywords":"noticias carre\u00f1o","webmasterTools":{"google-site-verification":"UA-32230408-1","msvalidate.01":"354F3CDFB2DA171B47FBE9ABF1F88D5","miscellaneous":""},"schema":{"@context":"https:\/\/schema.org","@graph":[{"@type":"BreadcrumbList","@id":"https:\/\/candas365.es\/noticias\/argayo-en-la-senda-peatonal-del-tranqueru\/#breadcrumblist","itemListElement":[{"@type":"ListItem","@id":"https:\/\/candas365.es\/noticias#listItem","position":1,"name":"Home","item":"https:\/\/candas365.es\/noticias","nextItem":{"@type":"ListItem","@id":"https:\/\/candas365.es\/noticias\/category\/noticias-carreno\/#listItem","name":"Noticias Carre\u00f1o"}},{"@type":"ListItem","@id":"https:\/\/candas365.es\/noticias\/category\/noticias-carreno\/#listItem","position":2,"name":"Noticias Carre\u00f1o","item":"https:\/\/candas365.es\/noticias\/category\/noticias-carreno\/","nextItem":{"@type":"ListItem","@id":"https:\/\/candas365.es\/noticias\/argayo-en-la-senda-peatonal-del-tranqueru\/#listItem","name":"Argayo en la \u201cSenda peatonal del Tranqueru\u201d"},"previousItem":{"@type":"ListItem","@id":"https:\/\/candas365.es\/noticias#listItem","name":"Home"}},{"@type":"ListItem","@id":"https:\/\/candas365.es\/noticias\/argayo-en-la-senda-peatonal-del-tranqueru\/#listItem","position":3,"name":"Argayo en la \u201cSenda peatonal del Tranqueru\u201d","previousItem":{"@type":"ListItem","@id":"https:\/\/candas365.es\/noticias\/category\/noticias-carreno\/#listItem","name":"Noticias Carre\u00f1o"}}]},{"@type":"NewsArticle","@id":"https:\/\/candas365.es\/noticias\/argayo-en-la-senda-peatonal-del-tranqueru\/#newsarticle","name":"Argayo en la \u201cSenda peatonal del Tranqueru\u201d | Cand\u00e1s 365","headline":"Argayo en la \u201cSenda peatonal del Tranqueru\u201d","author":{"@id":"https:\/\/candas365.es\/noticias\/author\/admin\/#author"},"publisher":{"@id":"https:\/\/candas365.es\/noticias\/#organization"},"image":{"@type":"ImageObject","url":"https:\/\/candas365.es\/noticias\/wp-content\/uploads\/2019\/12\/argayo-xivares.jpg","width":610,"height":662},"datePublished":"2019-12-09T07:23:27+01:00","dateModified":"2019-12-09T07:23:27+01:00","inLanguage":"es-ES","mainEntityOfPage":{"@id":"https:\/\/candas365.es\/noticias\/argayo-en-la-senda-peatonal-del-tranqueru\/#webpage"},"isPartOf":{"@id":"https:\/\/candas365.es\/noticias\/argayo-en-la-senda-peatonal-del-tranqueru\/#webpage"},"articleSection":"Noticias Carre\u00f1o","dateline":"Publicado el diciembre 9, 2019."},{"@type":"Organization","@id":"https:\/\/candas365.es\/noticias\/#organization","name":"Cand\u00e1s 365","description":"Cand\u00e1s 365 es un diario digital independiente, fundado en 2012, con base en Asturias. Informamos con rigor sobre actualidad, sociedad, cultura y ocio, con una mirada local y global.","url":"https:\/\/candas365.es\/noticias\/","email":"info@candas365.es","telephone":"+34652131393","foundingDate":"2012-06-10","logo":{"@type":"ImageObject","url":"https:\/\/candas365.es\/noticias\/wp-content\/uploads\/2024\/09\/Candas-365-Redes.jpg","@id":"https:\/\/candas365.es\/noticias\/argayo-en-la-senda-peatonal-del-tranqueru\/#organizationLogo","width":1152,"height":864,"caption":"Cand\u00e1s 365 Redes"},"image":{"@id":"https:\/\/candas365.es\/noticias\/argayo-en-la-senda-peatonal-del-tranqueru\/#organizationLogo"},"sameAs":["https:\/\/www.facebook.com\/Nachofdezber","https:\/\/x.com\/NabercoDigital","https:\/\/www.instagram.com\/nachofdezber\/","https:\/\/www.youtube.com\/channel\/UCZP-2wLEB9Rv6erhFmqVnvg"],"address":{"@id":"https:\/\/candas365.es\/noticias\/#postaladdress","@type":"PostalAddress","streetAddress":"san antonio 4, san antonio 4","postalCode":"33430","addressLocality":"Cand\u00e1s","addressRegion":"Asturias","addressCountry":"ES"}},{"@type":"Person","@id":"https:\/\/candas365.es\/noticias\/author\/admin\/#author","url":"https:\/\/candas365.es\/noticias\/author\/admin\/","name":"Cand\u00e1s 365","image":{"@type":"ImageObject","@id":"https:\/\/candas365.es\/noticias\/argayo-en-la-senda-peatonal-del-tranqueru\/#authorImage","url":"https:\/\/secure.gravatar.com\/avatar\/496a8e03d0c493ede1718b7934145dbdf8d89be1036b0eec9544e1094c9de390?s=96&d=mm&r=g","width":96,"height":96,"caption":"Cand\u00e1s 365"},"sameAs":["https:\/\/www.facebook.com\/carrenoactualidad","https:\/\/twitter.com\/nbasturias","https:\/\/www.instagram.com\/nachofdezber\/","https:\/\/www.youtube.com\/channel\/UCZP-2wLEB9Rv6erhFmqVnvg"]},{"@type":"WebPage","@id":"https:\/\/candas365.es\/noticias\/argayo-en-la-senda-peatonal-del-tranqueru\/#webpage","url":"https:\/\/candas365.es\/noticias\/argayo-en-la-senda-peatonal-del-tranqueru\/","name":"Argayo en la \u201cSenda peatonal del Tranqueru\u201d | Cand\u00e1s 365","description":"El pasado s\u00e1bado 23 de noviembre en un tramo de la Senda Norte, conocida popularmente como la \u201cSenda peatonal del Tranqueru\u201d, a la altura del inicio de la misma desde Xivares se produjo un argayo, en el talud que sirve de sostenimiento a dicha senda y que linda en su parte inferior con la zona","inLanguage":"es-ES","isPartOf":{"@id":"https:\/\/candas365.es\/noticias\/#website"},"breadcrumb":{"@id":"https:\/\/candas365.es\/noticias\/argayo-en-la-senda-peatonal-del-tranqueru\/#breadcrumblist"},"author":{"@id":"https:\/\/candas365.es\/noticias\/author\/admin\/#author"},"creator":{"@id":"https:\/\/candas365.es\/noticias\/author\/admin\/#author"},"image":{"@type":"ImageObject","url":"https:\/\/candas365.es\/noticias\/wp-content\/uploads\/2019\/12\/argayo-xivares.jpg","@id":"https:\/\/candas365.es\/noticias\/argayo-en-la-senda-peatonal-del-tranqueru\/#mainImage","width":610,"height":662},"primaryImageOfPage":{"@id":"https:\/\/candas365.es\/noticias\/argayo-en-la-senda-peatonal-del-tranqueru\/#mainImage"},"datePublished":"2019-12-09T07:23:27+01:00","dateModified":"2019-12-09T07:23:27+01:00"},{"@type":"WebSite","@id":"https:\/\/candas365.es\/noticias\/#website","url":"https:\/\/candas365.es\/noticias\/","name":"Cand\u00e1s 365","alternateName":"Cand\u00e1s 365 Noticias","description":"Actualidad desde Carre\u00f1o para el mundo","inLanguage":"es-ES","publisher":{"@id":"https:\/\/candas365.es\/noticias\/#organization"}}]},"og:locale":"es_ES","og:site_name":"Cand\u00e1s 365","og:type":"article","og:title":"Argayo en la \u201cSenda peatonal del Tranqueru\u201d | Cand\u00e1s 365","og:description":"El pasado s\u00e1bado 23 de noviembre en un tramo de la Senda Norte, conocida popularmente como la \u201cSenda peatonal del Tranqueru\u201d, a la altura del inicio de la misma desde Xivares se produjo un argayo, en el talud que sirve de sostenimiento a dicha senda y que linda en su parte inferior con la zona","og:url":"https:\/\/candas365.es\/noticias\/argayo-en-la-senda-peatonal-del-tranqueru\/","og:image":"https:\/\/candas365.es\/noticias\/wp-content\/uploads\/2019\/12\/argayo-xivares.jpg","og:image:secure_url":"https:\/\/candas365.es\/noticias\/wp-content\/uploads\/2019\/12\/argayo-xivares.jpg","og:image:width":610,"og:image:height":662,"article:published_time":"2019-12-09T07:23:27+00:00","article:modified_time":"2019-12-09T07:23:27+00:00","article:publisher":"https:\/\/www.facebook.com\/Nachofdezber","article:author":"https:\/\/www.facebook.com\/carrenoactualidad","twitter:card":"summary_large_image","twitter:site":"@NabercoDigital","twitter:title":"Argayo en la \u201cSenda peatonal del Tranqueru\u201d | Cand\u00e1s 365","twitter:description":"El pasado s\u00e1bado 23 de noviembre en un tramo de la Senda Norte, conocida popularmente como la \u201cSenda peatonal del Tranqueru\u201d, a la altura del inicio de la misma desde Xivares se produjo un argayo, en el talud que sirve de sostenimiento a dicha senda y que linda en su parte inferior con la zona","twitter:creator":"@nbasturias","twitter:image":"https:\/\/candas365.es\/noticias\/wp-content\/uploads\/2019\/12\/argayo-xivares.jpg","twitter:label1":"Escrito por","twitter:data1":"Cand\u00e1s 365","twitter:label2":"Tiempo de lectura estimado","twitter:data2":"5 minutos"},"aioseo_meta_data":{"post_id":"134352","title":null,"description":null,"keywords":null,"keyphrases":null,"primary_term":null,"canonical_url":null,"og_title":null,"og_description":null,"og_object_type":"default","og_image_type":"default","og_image_url":null,"og_image_width":null,"og_image_height":null,"og_image_custom_url":null,"og_image_custom_fields":null,"og_video":null,"og_custom_url":null,"og_article_section":null,"og_article_tags":null,"twitter_use_og":false,"twitter_card":"default","twitter_image_type":"default","twitter_image_url":null,"twitter_image_custom_url":null,"twitter_image_custom_fields":null,"twitter_title":null,"twitter_description":null,"schema":{"blockGraphs":[],"customGraphs":[],"default":{"data":{"Article":[],"Course":[],"Dataset":[],"FAQPage":[],"Movie":[],"Person":[],"Product":[],"ProductReview":[],"Car":[],"Recipe":[],"Service":[],"SoftwareApplication":[],"WebPage":[]},"graphName":"","isEnabled":true},"graphs":[]},"schema_type":null,"schema_type_options":null,"pillar_content":false,"robots_default":true,"robots_noindex":false,"robots_noarchive":false,"robots_nosnippet":false,"robots_nofollow":false,"robots_noimageindex":false,"robots_noodp":false,"robots_notranslate":false,"robots_max_snippet":null,"robots_max_videopreview":null,"robots_max_imagepreview":"large","priority":null,"frequency":null,"location":null,"local_seo":null,"seo_analyzer_scan_date":"2025-08-30 19:07:19","breadcrumb_settings":null,"limit_modified_date":false,"reviewed_by":null,"open_ai":null,"ai":null,"created":"2020-12-21 10:49:35","updated":"2025-08-30 19:07:19"},"aioseo_breadcrumb":"<div class=\"aioseo-breadcrumbs\"><span class=\"aioseo-breadcrumb\">\n\t<a href=\"https:\/\/candas365.es\/noticias\" title=\"Home\">Home<\/a>\n<\/span><span class=\"aioseo-breadcrumb-separator\">&ndash;<\/span><span class=\"aioseo-breadcrumb\">\n\t<a href=\"https:\/\/candas365.es\/noticias\/category\/noticias-carreno\/\" title=\"Noticias Carre\u00f1o\">Noticias Carre\u00f1o<\/a>\n<\/span><span class=\"aioseo-breadcrumb-separator\">&ndash;<\/span><span class=\"aioseo-breadcrumb\">\n\tArgayo en la \u201cSenda peatonal del Tranqueru\u201d\n<\/span><\/div>","aioseo_breadcrumb_json":[{"label":"Home","link":"https:\/\/candas365.es\/noticias"},{"label":"Noticias Carre\u00f1o","link":"https:\/\/candas365.es\/noticias\/category\/noticias-carreno\/"},{"label":"Argayo en la \u201cSenda peatonal del Tranqueru\u201d","link":"https:\/\/candas365.es\/noticias\/argayo-en-la-senda-peatonal-del-tranqueru\/"}],"_links":{"self":[{"href":"https:\/\/candas365.es\/noticias\/wp-json\/wp\/v2\/posts\/134352","targetHints":{"allow":["GET"]}}],"collection":[{"href":"https:\/\/candas365.es\/noticias\/wp-json\/wp\/v2\/posts"}],"about":[{"href":"https:\/\/candas365.es\/noticias\/wp-json\/wp\/v2\/types\/post"}],"author":[{"embeddable":true,"href":"https:\/\/candas365.es\/noticias\/wp-json\/wp\/v2\/users\/1"}],"replies":[{"embeddable":true,"href":"https:\/\/candas365.es\/noticias\/wp-json\/wp\/v2\/comments?post=134352"}],"version-history":[{"count":0,"href":"https:\/\/candas365.es\/noticias\/wp-json\/wp\/v2\/posts\/134352\/revisions"}],"wp:featuredmedia":[{"embeddable":true,"href":"https:\/\/candas365.es\/noticias\/wp-json\/wp\/v2\/media\/134353"}],"wp:attachment":[{"href":"https:\/\/candas365.es\/noticias\/wp-json\/wp\/v2\/media?parent=134352"}],"wp:term":[{"taxonomy":"category","embeddable":true,"href":"https:\/\/candas365.es\/noticias\/wp-json\/wp\/v2\/categories?post=134352"},{"taxonomy":"post_tag","embeddable":true,"href":"https:\/\/candas365.es\/noticias\/wp-json\/wp\/v2\/tags?post=134352"}],"curies":[{"name":"wp","href":"https:\/\/api.w.org\/{rel}","templated":true}]}}