{"id":134349,"date":"2019-12-09T07:17:32","date_gmt":"2019-12-09T07:17:32","guid":{"rendered":"http:\/\/candas365.es\/noticias\/?p=134349"},"modified":"2019-12-09T07:17:32","modified_gmt":"2019-12-09T07:17:32","slug":"obras-en-el-camino-de-la-rexenda","status":"publish","type":"post","link":"https:\/\/candas365.es\/noticias\/obras-en-el-camino-de-la-rexenda\/","title":{"rendered":"Obras en el camino de la Rexenda"},"content":{"rendered":"<p><img fetchpriority=\"high\" decoding=\"async\" class=\"alignleft size-medium wp-image-134350\" src=\"https:\/\/candas365.es\/noticias\/wp-content\/uploads\/2019\/12\/obras-concejo-314x300.jpg\" alt=\"\" width=\"314\" height=\"300\" srcset=\"https:\/\/candas365.es\/noticias\/wp-content\/uploads\/2019\/12\/obras-concejo-314x300.jpg 314w, https:\/\/candas365.es\/noticias\/wp-content\/uploads\/2019\/12\/obras-concejo-502x480.jpg 502w, https:\/\/candas365.es\/noticias\/wp-content\/uploads\/2019\/12\/obras-concejo-439x420.jpg 439w, https:\/\/candas365.es\/noticias\/wp-content\/uploads\/2019\/12\/obras-concejo.jpg 611w\" sizes=\"(max-width: 314px) 100vw, 314px\" \/>Dentro de las actuaciones previstas en el Plan Integral de la Zona Rural 2020 se adjudicaron las obras de mejora del camino p\u00fablico C-399, conocido popularmente como camino de la Rexenda, en la parroquia de Amb\u00e1s.<\/p>\n<p>\u201cEn el marco de los proyectos con cargo al Fondo de Compensaci\u00f3n de COGERSA 2019 la entidad vecinal de Santiago de Amb\u00e1s solicit\u00f3 acometer mejoras en el camino, C-399, el cual aparece en el inventario municipal de caminos como camino de titularidad municipal. El \u00e1mbito de actuaci\u00f3n de la inversi\u00f3n financiada por COGERSA ser\u00e1 la creaci\u00f3n de una escollera y obras de f\u00e1brica que den soluci\u00f3n a los problemas de acumulaci\u00f3n de agua de lluvia de corrent\u00eda superficial en el margen este del camino de la Rexenda\u201d <strong><em>coment\u00f3 Manuel Noceda-Concejal Medio Rural.<\/em><\/strong><\/p>\n<p>\u201cEn uno de sus tramos, a unos 42 metros del entronque de este camino con la carretera del Principado de Asturias CE-6 y a lo largo de un tramo de 17 metros de longitud, detectamos problemas de acumulaci\u00f3n de agua en los terrenos del margen opuesto del camino referido. Acumulaciones de agua que en momentos de lluvias fuertes y\/o persistentes generaban mayores problemas\u201d describi\u00f3 el Edil.<\/p>\n<p>\u201cActuamos sobre un tramo de este camino asfaltado de unos 3 ml de ancho dispuesto a media ladera en un terreno con ligera pendiente de este hacia el oeste. El margen este presenta una cuneta en \u201cv\u201d de hormig\u00f3n al pie de un remate de mamposter\u00eda caliza en seco que se eleva unos 50 m sobre la rasante del terreno de la finca que hay al pie del camino. Dicho murete est\u00e1 interrumpido por una obra de hormig\u00f3n en masa que forma parte de un ca\u00f1o que, atravesando bajo el camino, dispone un registro a unos 13 ml de distancia. Dicho ca\u00f1o parte del fondo de la obra de f\u00e1brica a unos 200 m. de profundidad respecto al camino y est\u00e1 realizado con lo que a priori parece conducci\u00f3n de hormig\u00f3n con 800 mm de di\u00e1metro\u201d relat\u00f3 el responsable de la Zona Rural<\/p>\n<p>\u201cEncargamos a la Oficina T\u00e9cnica Municipal la elaboraci\u00f3n del proyecto de mejora de este camino para su posterior contrataci\u00f3n. Las obras consistieron en rebajar la obra de f\u00e1brica que interrumpe el murete de mamposter\u00eda, enras\u00e1ndola con el terreno mediante corte mec\u00e1nico de tal modo que resulten superficies lo m\u00e1s planas posible. Complementariamente se dispuso de un emparrillado de doble pletina de acero con acabado antioxidante a base de galvanizado en caliente sobre el registro del ca\u00f1o con objeto de mejorar sus condiciones de seguridad\u201d avanz\u00f3 el Concejal<\/p>\n<p>\u201cEn cuanto a la realizaci\u00f3n de la escollera se procedi\u00f3 al desbroce del talud para a continuaci\u00f3n proceder a la localizaci\u00f3n de las conducciones del ca\u00f1o que atraviesa el camino y la de evacuaci\u00f3n de la fuente de El Caley\u00f3n que parten del registro existente en la parcela en la que se ejecut\u00f3 la escollera. Para la ejecuci\u00f3n de su alzado se mantuvo la pendiente del talud existente en la actualidad y no superando la verticalidad de la proporci\u00f3n 1:3 (H:V). El grueso de la escollera construida es de 190 cm., aproximadamente y longitudinalmente recorre el l\u00edmite del camino. La coronaci\u00f3n coincidir\u00e1 con la rasante del aglomerado de \u00e9ste\u201d relat\u00f3 Manuel Noceda.<\/p>\n<p>\u201cEn el punto en el que atraviese el ca\u00f1o de hormig\u00f3n se evitar\u00e1 que los escollos descansen sobre la conducci\u00f3n disponiendo piezas de suficiente tama\u00f1o que apoyen a ambos lados. Finalmente al objeto de proteger el tr\u00e1fico que circule por el camino se prev\u00e9 disponer de una barrera met\u00e1lica tipo bionda, prolong\u00e1ndose m\u00e1s all\u00e1 del espacio de la escollera\u201d finaliz\u00f3 Manuel Noceda.<\/p>\n<p>Las obras fueron realizada por la empresa ANSELMO BANGO OBRAS Y CONTRATAS SL<\/p>\n<p>&nbsp;<\/p>\n","protected":false},"excerpt":{"rendered":"<p>Dentro de las actuaciones previstas en el Plan Integral de la Zona Rural 2020 se adjudicaron las obras de mejora del camino p\u00fablico C-399, conocido popularmente como camino de la Rexenda, en la parroquia de Amb\u00e1s. \u201cEn el marco de los proyectos con cargo al Fondo de Compensaci\u00f3n de COGERSA 2019 la entidad vecinal de<\/p>\n","protected":false},"author":1,"featured_media":134350,"comment_status":"closed","ping_status":"closed","sticky":false,"template":"","format":"standard","meta":{"footnotes":""},"categories":[2],"tags":[],"class_list":{"0":"post-134349","1":"post","2":"type-post","3":"status-publish","4":"format-standard","5":"has-post-thumbnail","7":"category-noticias-carreno"},"aioseo_notices":[],"aioseo_head":"\n\t\t<!-- All in One SEO Pro 4.9.6.2 - aioseo.com -->\n\t<meta name=\"description\" content=\"Dentro de las actuaciones previstas en el Plan Integral de la Zona Rural 2020 se adjudicaron las obras de mejora del camino p\u00fablico C-399, conocido popularmente como camino de la Rexenda, en la parroquia de Amb\u00e1s. \u201cEn el marco de los proyectos con cargo al Fondo de Compensaci\u00f3n de COGERSA 2019 la entidad vecinal de\" \/>\n\t<meta name=\"robots\" content=\"max-image-preview:large\" \/>\n\t<meta name=\"author\" content=\"Cand\u00e1s 365\"\/>\n\t<meta name=\"google-site-verification\" content=\"UA-32230408-1\" \/>\n\t<meta name=\"msvalidate.01\" content=\"354F3CDFB2DA171B47FBE9ABF1F88D5\" \/>\n\t<meta name=\"keywords\" content=\"noticias carre\u00f1o\" \/>\n\t<link rel=\"canonical\" href=\"https:\/\/candas365.es\/noticias\/obras-en-el-camino-de-la-rexenda\/\" \/>\n\t<meta name=\"generator\" content=\"All in One SEO Pro (AIOSEO) 4.9.6.2\" \/>\n\t\t<meta property=\"og:locale\" content=\"es_ES\" \/>\n\t\t<meta property=\"og:site_name\" content=\"Cand\u00e1s 365\" \/>\n\t\t<meta property=\"og:type\" content=\"article\" \/>\n\t\t<meta property=\"og:title\" content=\"Obras en el camino de la Rexenda | Cand\u00e1s 365\" \/>\n\t\t<meta property=\"og:description\" content=\"Dentro de las actuaciones previstas en el Plan Integral de la Zona Rural 2020 se adjudicaron las obras de mejora del camino p\u00fablico C-399, conocido popularmente como camino de la Rexenda, en la parroquia de Amb\u00e1s. \u201cEn el marco de los proyectos con cargo al Fondo de Compensaci\u00f3n de COGERSA 2019 la entidad vecinal de\" \/>\n\t\t<meta property=\"og:url\" content=\"https:\/\/candas365.es\/noticias\/obras-en-el-camino-de-la-rexenda\/\" \/>\n\t\t<meta property=\"og:image\" content=\"https:\/\/candas365.es\/noticias\/wp-content\/uploads\/2019\/12\/obras-concejo.jpg\" \/>\n\t\t<meta property=\"og:image:secure_url\" content=\"https:\/\/candas365.es\/noticias\/wp-content\/uploads\/2019\/12\/obras-concejo.jpg\" \/>\n\t\t<meta property=\"og:image:width\" content=\"611\" \/>\n\t\t<meta property=\"og:image:height\" content=\"584\" \/>\n\t\t<meta property=\"article:published_time\" content=\"2019-12-09T07:17:32+00:00\" \/>\n\t\t<meta property=\"article:modified_time\" content=\"2019-12-09T07:17:32+00:00\" \/>\n\t\t<meta property=\"article:publisher\" content=\"https:\/\/www.facebook.com\/Nachofdezber\" \/>\n\t\t<meta property=\"article:author\" content=\"https:\/\/www.facebook.com\/carrenoactualidad\" \/>\n\t\t<meta name=\"twitter:card\" content=\"summary_large_image\" \/>\n\t\t<meta name=\"twitter:site\" content=\"@NabercoDigital\" \/>\n\t\t<meta name=\"twitter:title\" content=\"Obras en el camino de la Rexenda | Cand\u00e1s 365\" \/>\n\t\t<meta name=\"twitter:description\" content=\"Dentro de las actuaciones previstas en el Plan Integral de la Zona Rural 2020 se adjudicaron las obras de mejora del camino p\u00fablico C-399, conocido popularmente como camino de la Rexenda, en la parroquia de Amb\u00e1s. \u201cEn el marco de los proyectos con cargo al Fondo de Compensaci\u00f3n de COGERSA 2019 la entidad vecinal de\" \/>\n\t\t<meta name=\"twitter:creator\" content=\"@nbasturias\" \/>\n\t\t<meta name=\"twitter:image\" content=\"https:\/\/candas365.es\/noticias\/wp-content\/uploads\/2019\/12\/obras-concejo.jpg\" \/>\n\t\t<meta name=\"twitter:label1\" content=\"Escrito por\" \/>\n\t\t<meta name=\"twitter:data1\" content=\"Cand\u00e1s 365\" \/>\n\t\t<meta name=\"twitter:label2\" content=\"Tiempo de lectura estimado\" \/>\n\t\t<meta name=\"twitter:data2\" content=\"3 minutos\" \/>\n\t\t<script type=\"application\/ld+json\" class=\"aioseo-schema\">\n\t\t\t{\"@context\":\"https:\\\/\\\/schema.org\",\"@graph\":[{\"@type\":\"BreadcrumbList\",\"@id\":\"https:\\\/\\\/candas365.es\\\/noticias\\\/obras-en-el-camino-de-la-rexenda\\\/#breadcrumblist\",\"itemListElement\":[{\"@type\":\"ListItem\",\"@id\":\"https:\\\/\\\/candas365.es\\\/noticias#listItem\",\"position\":1,\"name\":\"Home\",\"item\":\"https:\\\/\\\/candas365.es\\\/noticias\",\"nextItem\":{\"@type\":\"ListItem\",\"@id\":\"https:\\\/\\\/candas365.es\\\/noticias\\\/category\\\/noticias-carreno\\\/#listItem\",\"name\":\"Noticias Carre\\u00f1o\"}},{\"@type\":\"ListItem\",\"@id\":\"https:\\\/\\\/candas365.es\\\/noticias\\\/category\\\/noticias-carreno\\\/#listItem\",\"position\":2,\"name\":\"Noticias Carre\\u00f1o\",\"item\":\"https:\\\/\\\/candas365.es\\\/noticias\\\/category\\\/noticias-carreno\\\/\",\"nextItem\":{\"@type\":\"ListItem\",\"@id\":\"https:\\\/\\\/candas365.es\\\/noticias\\\/obras-en-el-camino-de-la-rexenda\\\/#listItem\",\"name\":\"Obras en el camino de la Rexenda\"},\"previousItem\":{\"@type\":\"ListItem\",\"@id\":\"https:\\\/\\\/candas365.es\\\/noticias#listItem\",\"name\":\"Home\"}},{\"@type\":\"ListItem\",\"@id\":\"https:\\\/\\\/candas365.es\\\/noticias\\\/obras-en-el-camino-de-la-rexenda\\\/#listItem\",\"position\":3,\"name\":\"Obras en el camino de la Rexenda\",\"previousItem\":{\"@type\":\"ListItem\",\"@id\":\"https:\\\/\\\/candas365.es\\\/noticias\\\/category\\\/noticias-carreno\\\/#listItem\",\"name\":\"Noticias Carre\\u00f1o\"}}]},{\"@type\":\"NewsArticle\",\"@id\":\"https:\\\/\\\/candas365.es\\\/noticias\\\/obras-en-el-camino-de-la-rexenda\\\/#newsarticle\",\"name\":\"Obras en el camino de la Rexenda | Cand\\u00e1s 365\",\"headline\":\"Obras en el camino de la Rexenda\",\"author\":{\"@id\":\"https:\\\/\\\/candas365.es\\\/noticias\\\/author\\\/admin\\\/#author\"},\"publisher\":{\"@id\":\"https:\\\/\\\/candas365.es\\\/noticias\\\/#organization\"},\"image\":{\"@type\":\"ImageObject\",\"url\":\"https:\\\/\\\/candas365.es\\\/noticias\\\/wp-content\\\/uploads\\\/2019\\\/12\\\/obras-concejo.jpg\",\"width\":611,\"height\":584},\"datePublished\":\"2019-12-09T07:17:32+01:00\",\"dateModified\":\"2019-12-09T07:17:32+01:00\",\"inLanguage\":\"es-ES\",\"mainEntityOfPage\":{\"@id\":\"https:\\\/\\\/candas365.es\\\/noticias\\\/obras-en-el-camino-de-la-rexenda\\\/#webpage\"},\"isPartOf\":{\"@id\":\"https:\\\/\\\/candas365.es\\\/noticias\\\/obras-en-el-camino-de-la-rexenda\\\/#webpage\"},\"articleSection\":\"Noticias Carre\\u00f1o\",\"dateline\":\"Publicado el diciembre 9, 2019.\"},{\"@type\":\"Organization\",\"@id\":\"https:\\\/\\\/candas365.es\\\/noticias\\\/#organization\",\"name\":\"Cand\\u00e1s 365\",\"description\":\"Cand\\u00e1s 365 es un diario digital independiente, fundado en 2012, con base en Asturias. Informamos con rigor sobre actualidad, sociedad, cultura y ocio, con una mirada local y global.\",\"url\":\"https:\\\/\\\/candas365.es\\\/noticias\\\/\",\"email\":\"info@candas365.es\",\"telephone\":\"+34652131393\",\"foundingDate\":\"2012-06-10\",\"logo\":{\"@type\":\"ImageObject\",\"url\":\"https:\\\/\\\/candas365.es\\\/noticias\\\/wp-content\\\/uploads\\\/2024\\\/09\\\/Candas-365-Redes.jpg\",\"@id\":\"https:\\\/\\\/candas365.es\\\/noticias\\\/obras-en-el-camino-de-la-rexenda\\\/#organizationLogo\",\"width\":1152,\"height\":864,\"caption\":\"Cand\\u00e1s 365 Redes\"},\"image\":{\"@id\":\"https:\\\/\\\/candas365.es\\\/noticias\\\/obras-en-el-camino-de-la-rexenda\\\/#organizationLogo\"},\"sameAs\":[\"https:\\\/\\\/www.facebook.com\\\/Nachofdezber\",\"https:\\\/\\\/x.com\\\/NabercoDigital\",\"https:\\\/\\\/www.instagram.com\\\/nachofdezber\\\/\",\"https:\\\/\\\/www.youtube.com\\\/channel\\\/UCZP-2wLEB9Rv6erhFmqVnvg\"],\"address\":{\"@id\":\"https:\\\/\\\/candas365.es\\\/noticias\\\/#postaladdress\",\"@type\":\"PostalAddress\",\"streetAddress\":\"san antonio 4, san antonio 4\",\"postalCode\":\"33430\",\"addressLocality\":\"Cand\\u00e1s\",\"addressRegion\":\"Asturias\",\"addressCountry\":\"ES\"}},{\"@type\":\"Person\",\"@id\":\"https:\\\/\\\/candas365.es\\\/noticias\\\/author\\\/admin\\\/#author\",\"url\":\"https:\\\/\\\/candas365.es\\\/noticias\\\/author\\\/admin\\\/\",\"name\":\"Cand\\u00e1s 365\",\"image\":{\"@type\":\"ImageObject\",\"@id\":\"https:\\\/\\\/candas365.es\\\/noticias\\\/obras-en-el-camino-de-la-rexenda\\\/#authorImage\",\"url\":\"https:\\\/\\\/secure.gravatar.com\\\/avatar\\\/496a8e03d0c493ede1718b7934145dbdf8d89be1036b0eec9544e1094c9de390?s=96&d=mm&r=g\",\"width\":96,\"height\":96,\"caption\":\"Cand\\u00e1s 365\"},\"sameAs\":[\"https:\\\/\\\/www.facebook.com\\\/carrenoactualidad\",\"https:\\\/\\\/twitter.com\\\/nbasturias\",\"https:\\\/\\\/www.instagram.com\\\/nachofdezber\\\/\",\"https:\\\/\\\/www.youtube.com\\\/channel\\\/UCZP-2wLEB9Rv6erhFmqVnvg\"]},{\"@type\":\"WebPage\",\"@id\":\"https:\\\/\\\/candas365.es\\\/noticias\\\/obras-en-el-camino-de-la-rexenda\\\/#webpage\",\"url\":\"https:\\\/\\\/candas365.es\\\/noticias\\\/obras-en-el-camino-de-la-rexenda\\\/\",\"name\":\"Obras en el camino de la Rexenda | Cand\\u00e1s 365\",\"description\":\"Dentro de las actuaciones previstas en el Plan Integral de la Zona Rural 2020 se adjudicaron las obras de mejora del camino p\\u00fablico C-399, conocido popularmente como camino de la Rexenda, en la parroquia de Amb\\u00e1s. \\u201cEn el marco de los proyectos con cargo al Fondo de Compensaci\\u00f3n de COGERSA 2019 la entidad vecinal de\",\"inLanguage\":\"es-ES\",\"isPartOf\":{\"@id\":\"https:\\\/\\\/candas365.es\\\/noticias\\\/#website\"},\"breadcrumb\":{\"@id\":\"https:\\\/\\\/candas365.es\\\/noticias\\\/obras-en-el-camino-de-la-rexenda\\\/#breadcrumblist\"},\"author\":{\"@id\":\"https:\\\/\\\/candas365.es\\\/noticias\\\/author\\\/admin\\\/#author\"},\"creator\":{\"@id\":\"https:\\\/\\\/candas365.es\\\/noticias\\\/author\\\/admin\\\/#author\"},\"image\":{\"@type\":\"ImageObject\",\"url\":\"https:\\\/\\\/candas365.es\\\/noticias\\\/wp-content\\\/uploads\\\/2019\\\/12\\\/obras-concejo.jpg\",\"@id\":\"https:\\\/\\\/candas365.es\\\/noticias\\\/obras-en-el-camino-de-la-rexenda\\\/#mainImage\",\"width\":611,\"height\":584},\"primaryImageOfPage\":{\"@id\":\"https:\\\/\\\/candas365.es\\\/noticias\\\/obras-en-el-camino-de-la-rexenda\\\/#mainImage\"},\"datePublished\":\"2019-12-09T07:17:32+01:00\",\"dateModified\":\"2019-12-09T07:17:32+01:00\"},{\"@type\":\"WebSite\",\"@id\":\"https:\\\/\\\/candas365.es\\\/noticias\\\/#website\",\"url\":\"https:\\\/\\\/candas365.es\\\/noticias\\\/\",\"name\":\"Cand\\u00e1s 365\",\"alternateName\":\"Cand\\u00e1s 365 Noticias\",\"description\":\"Actualidad desde Carre\\u00f1o para el mundo\",\"inLanguage\":\"es-ES\",\"publisher\":{\"@id\":\"https:\\\/\\\/candas365.es\\\/noticias\\\/#organization\"}}]}\n\t\t<\/script>\n\t\t<!-- All in One SEO Pro -->\r\n\t\t<title>Obras en el camino de la Rexenda | Cand\u00e1s 365<\/title>\n\n","aioseo_head_json":{"title":"Obras en el camino de la Rexenda | Cand\u00e1s 365","description":"Dentro de las actuaciones previstas en el Plan Integral de la Zona Rural 2020 se adjudicaron las obras de mejora del camino p\u00fablico C-399, conocido popularmente como camino de la Rexenda, en la parroquia de Amb\u00e1s. \u201cEn el marco de los proyectos con cargo al Fondo de Compensaci\u00f3n de COGERSA 2019 la entidad vecinal de","canonical_url":"https:\/\/candas365.es\/noticias\/obras-en-el-camino-de-la-rexenda\/","robots":"max-image-preview:large","keywords":"noticias carre\u00f1o","webmasterTools":{"google-site-verification":"UA-32230408-1","msvalidate.01":"354F3CDFB2DA171B47FBE9ABF1F88D5","miscellaneous":""},"schema":{"@context":"https:\/\/schema.org","@graph":[{"@type":"BreadcrumbList","@id":"https:\/\/candas365.es\/noticias\/obras-en-el-camino-de-la-rexenda\/#breadcrumblist","itemListElement":[{"@type":"ListItem","@id":"https:\/\/candas365.es\/noticias#listItem","position":1,"name":"Home","item":"https:\/\/candas365.es\/noticias","nextItem":{"@type":"ListItem","@id":"https:\/\/candas365.es\/noticias\/category\/noticias-carreno\/#listItem","name":"Noticias Carre\u00f1o"}},{"@type":"ListItem","@id":"https:\/\/candas365.es\/noticias\/category\/noticias-carreno\/#listItem","position":2,"name":"Noticias Carre\u00f1o","item":"https:\/\/candas365.es\/noticias\/category\/noticias-carreno\/","nextItem":{"@type":"ListItem","@id":"https:\/\/candas365.es\/noticias\/obras-en-el-camino-de-la-rexenda\/#listItem","name":"Obras en el camino de la Rexenda"},"previousItem":{"@type":"ListItem","@id":"https:\/\/candas365.es\/noticias#listItem","name":"Home"}},{"@type":"ListItem","@id":"https:\/\/candas365.es\/noticias\/obras-en-el-camino-de-la-rexenda\/#listItem","position":3,"name":"Obras en el camino de la Rexenda","previousItem":{"@type":"ListItem","@id":"https:\/\/candas365.es\/noticias\/category\/noticias-carreno\/#listItem","name":"Noticias Carre\u00f1o"}}]},{"@type":"NewsArticle","@id":"https:\/\/candas365.es\/noticias\/obras-en-el-camino-de-la-rexenda\/#newsarticle","name":"Obras en el camino de la Rexenda | Cand\u00e1s 365","headline":"Obras en el camino de la Rexenda","author":{"@id":"https:\/\/candas365.es\/noticias\/author\/admin\/#author"},"publisher":{"@id":"https:\/\/candas365.es\/noticias\/#organization"},"image":{"@type":"ImageObject","url":"https:\/\/candas365.es\/noticias\/wp-content\/uploads\/2019\/12\/obras-concejo.jpg","width":611,"height":584},"datePublished":"2019-12-09T07:17:32+01:00","dateModified":"2019-12-09T07:17:32+01:00","inLanguage":"es-ES","mainEntityOfPage":{"@id":"https:\/\/candas365.es\/noticias\/obras-en-el-camino-de-la-rexenda\/#webpage"},"isPartOf":{"@id":"https:\/\/candas365.es\/noticias\/obras-en-el-camino-de-la-rexenda\/#webpage"},"articleSection":"Noticias Carre\u00f1o","dateline":"Publicado el diciembre 9, 2019."},{"@type":"Organization","@id":"https:\/\/candas365.es\/noticias\/#organization","name":"Cand\u00e1s 365","description":"Cand\u00e1s 365 es un diario digital independiente, fundado en 2012, con base en Asturias. Informamos con rigor sobre actualidad, sociedad, cultura y ocio, con una mirada local y global.","url":"https:\/\/candas365.es\/noticias\/","email":"info@candas365.es","telephone":"+34652131393","foundingDate":"2012-06-10","logo":{"@type":"ImageObject","url":"https:\/\/candas365.es\/noticias\/wp-content\/uploads\/2024\/09\/Candas-365-Redes.jpg","@id":"https:\/\/candas365.es\/noticias\/obras-en-el-camino-de-la-rexenda\/#organizationLogo","width":1152,"height":864,"caption":"Cand\u00e1s 365 Redes"},"image":{"@id":"https:\/\/candas365.es\/noticias\/obras-en-el-camino-de-la-rexenda\/#organizationLogo"},"sameAs":["https:\/\/www.facebook.com\/Nachofdezber","https:\/\/x.com\/NabercoDigital","https:\/\/www.instagram.com\/nachofdezber\/","https:\/\/www.youtube.com\/channel\/UCZP-2wLEB9Rv6erhFmqVnvg"],"address":{"@id":"https:\/\/candas365.es\/noticias\/#postaladdress","@type":"PostalAddress","streetAddress":"san antonio 4, san antonio 4","postalCode":"33430","addressLocality":"Cand\u00e1s","addressRegion":"Asturias","addressCountry":"ES"}},{"@type":"Person","@id":"https:\/\/candas365.es\/noticias\/author\/admin\/#author","url":"https:\/\/candas365.es\/noticias\/author\/admin\/","name":"Cand\u00e1s 365","image":{"@type":"ImageObject","@id":"https:\/\/candas365.es\/noticias\/obras-en-el-camino-de-la-rexenda\/#authorImage","url":"https:\/\/secure.gravatar.com\/avatar\/496a8e03d0c493ede1718b7934145dbdf8d89be1036b0eec9544e1094c9de390?s=96&d=mm&r=g","width":96,"height":96,"caption":"Cand\u00e1s 365"},"sameAs":["https:\/\/www.facebook.com\/carrenoactualidad","https:\/\/twitter.com\/nbasturias","https:\/\/www.instagram.com\/nachofdezber\/","https:\/\/www.youtube.com\/channel\/UCZP-2wLEB9Rv6erhFmqVnvg"]},{"@type":"WebPage","@id":"https:\/\/candas365.es\/noticias\/obras-en-el-camino-de-la-rexenda\/#webpage","url":"https:\/\/candas365.es\/noticias\/obras-en-el-camino-de-la-rexenda\/","name":"Obras en el camino de la Rexenda | Cand\u00e1s 365","description":"Dentro de las actuaciones previstas en el Plan Integral de la Zona Rural 2020 se adjudicaron las obras de mejora del camino p\u00fablico C-399, conocido popularmente como camino de la Rexenda, en la parroquia de Amb\u00e1s. \u201cEn el marco de los proyectos con cargo al Fondo de Compensaci\u00f3n de COGERSA 2019 la entidad vecinal de","inLanguage":"es-ES","isPartOf":{"@id":"https:\/\/candas365.es\/noticias\/#website"},"breadcrumb":{"@id":"https:\/\/candas365.es\/noticias\/obras-en-el-camino-de-la-rexenda\/#breadcrumblist"},"author":{"@id":"https:\/\/candas365.es\/noticias\/author\/admin\/#author"},"creator":{"@id":"https:\/\/candas365.es\/noticias\/author\/admin\/#author"},"image":{"@type":"ImageObject","url":"https:\/\/candas365.es\/noticias\/wp-content\/uploads\/2019\/12\/obras-concejo.jpg","@id":"https:\/\/candas365.es\/noticias\/obras-en-el-camino-de-la-rexenda\/#mainImage","width":611,"height":584},"primaryImageOfPage":{"@id":"https:\/\/candas365.es\/noticias\/obras-en-el-camino-de-la-rexenda\/#mainImage"},"datePublished":"2019-12-09T07:17:32+01:00","dateModified":"2019-12-09T07:17:32+01:00"},{"@type":"WebSite","@id":"https:\/\/candas365.es\/noticias\/#website","url":"https:\/\/candas365.es\/noticias\/","name":"Cand\u00e1s 365","alternateName":"Cand\u00e1s 365 Noticias","description":"Actualidad desde Carre\u00f1o para el mundo","inLanguage":"es-ES","publisher":{"@id":"https:\/\/candas365.es\/noticias\/#organization"}}]},"og:locale":"es_ES","og:site_name":"Cand\u00e1s 365","og:type":"article","og:title":"Obras en el camino de la Rexenda | Cand\u00e1s 365","og:description":"Dentro de las actuaciones previstas en el Plan Integral de la Zona Rural 2020 se adjudicaron las obras de mejora del camino p\u00fablico C-399, conocido popularmente como camino de la Rexenda, en la parroquia de Amb\u00e1s. \u201cEn el marco de los proyectos con cargo al Fondo de Compensaci\u00f3n de COGERSA 2019 la entidad vecinal de","og:url":"https:\/\/candas365.es\/noticias\/obras-en-el-camino-de-la-rexenda\/","og:image":"https:\/\/candas365.es\/noticias\/wp-content\/uploads\/2019\/12\/obras-concejo.jpg","og:image:secure_url":"https:\/\/candas365.es\/noticias\/wp-content\/uploads\/2019\/12\/obras-concejo.jpg","og:image:width":611,"og:image:height":584,"article:published_time":"2019-12-09T07:17:32+00:00","article:modified_time":"2019-12-09T07:17:32+00:00","article:publisher":"https:\/\/www.facebook.com\/Nachofdezber","article:author":"https:\/\/www.facebook.com\/carrenoactualidad","twitter:card":"summary_large_image","twitter:site":"@NabercoDigital","twitter:title":"Obras en el camino de la Rexenda | Cand\u00e1s 365","twitter:description":"Dentro de las actuaciones previstas en el Plan Integral de la Zona Rural 2020 se adjudicaron las obras de mejora del camino p\u00fablico C-399, conocido popularmente como camino de la Rexenda, en la parroquia de Amb\u00e1s. \u201cEn el marco de los proyectos con cargo al Fondo de Compensaci\u00f3n de COGERSA 2019 la entidad vecinal de","twitter:creator":"@nbasturias","twitter:image":"https:\/\/candas365.es\/noticias\/wp-content\/uploads\/2019\/12\/obras-concejo.jpg","twitter:label1":"Escrito por","twitter:data1":"Cand\u00e1s 365","twitter:label2":"Tiempo de lectura estimado","twitter:data2":"3 minutos"},"aioseo_meta_data":{"post_id":"134349","title":null,"description":null,"keywords":null,"keyphrases":null,"primary_term":null,"canonical_url":null,"og_title":null,"og_description":null,"og_object_type":"default","og_image_type":"default","og_image_url":null,"og_image_width":null,"og_image_height":null,"og_image_custom_url":null,"og_image_custom_fields":null,"og_video":null,"og_custom_url":null,"og_article_section":null,"og_article_tags":null,"twitter_use_og":false,"twitter_card":"default","twitter_image_type":"default","twitter_image_url":null,"twitter_image_custom_url":null,"twitter_image_custom_fields":null,"twitter_title":null,"twitter_description":null,"schema":{"blockGraphs":[],"customGraphs":[],"default":{"data":{"Article":[],"Course":[],"Dataset":[],"FAQPage":[],"Movie":[],"Person":[],"Product":[],"ProductReview":[],"Car":[],"Recipe":[],"Service":[],"SoftwareApplication":[],"WebPage":[]},"graphName":"","isEnabled":true},"graphs":[],"defaultGraph":"","defaultPostTypeGraph":""},"schema_type":null,"schema_type_options":null,"pillar_content":false,"robots_default":true,"robots_noindex":false,"robots_noarchive":false,"robots_nosnippet":false,"robots_nofollow":false,"robots_noimageindex":false,"robots_noodp":false,"robots_notranslate":false,"robots_max_snippet":null,"robots_max_videopreview":null,"robots_max_imagepreview":"large","priority":null,"frequency":null,"location":null,"local_seo":null,"seo_analyzer_scan_date":"2025-08-30 19:07:18","breadcrumb_settings":null,"limit_modified_date":false,"reviewed_by":null,"open_ai":null,"ai":null,"created":"2020-12-21 10:49:35","updated":"2025-08-30 19:07:18"},"aioseo_breadcrumb":"<div class=\"aioseo-breadcrumbs\"><span class=\"aioseo-breadcrumb\">\n\t<a href=\"https:\/\/candas365.es\/noticias\" title=\"Home\">Home<\/a>\n<\/span><span class=\"aioseo-breadcrumb-separator\">&ndash;<\/span><span class=\"aioseo-breadcrumb\">\n\t<a href=\"https:\/\/candas365.es\/noticias\/category\/noticias-carreno\/\" title=\"Noticias Carre\u00f1o\">Noticias Carre\u00f1o<\/a>\n<\/span><span class=\"aioseo-breadcrumb-separator\">&ndash;<\/span><span class=\"aioseo-breadcrumb\">\n\tObras en el camino de la Rexenda\n<\/span><\/div>","aioseo_breadcrumb_json":[{"label":"Home","link":"https:\/\/candas365.es\/noticias"},{"label":"Noticias Carre\u00f1o","link":"https:\/\/candas365.es\/noticias\/category\/noticias-carreno\/"},{"label":"Obras en el camino de la Rexenda","link":"https:\/\/candas365.es\/noticias\/obras-en-el-camino-de-la-rexenda\/"}],"_links":{"self":[{"href":"https:\/\/candas365.es\/noticias\/wp-json\/wp\/v2\/posts\/134349","targetHints":{"allow":["GET"]}}],"collection":[{"href":"https:\/\/candas365.es\/noticias\/wp-json\/wp\/v2\/posts"}],"about":[{"href":"https:\/\/candas365.es\/noticias\/wp-json\/wp\/v2\/types\/post"}],"author":[{"embeddable":true,"href":"https:\/\/candas365.es\/noticias\/wp-json\/wp\/v2\/users\/1"}],"replies":[{"embeddable":true,"href":"https:\/\/candas365.es\/noticias\/wp-json\/wp\/v2\/comments?post=134349"}],"version-history":[{"count":0,"href":"https:\/\/candas365.es\/noticias\/wp-json\/wp\/v2\/posts\/134349\/revisions"}],"wp:featuredmedia":[{"embeddable":true,"href":"https:\/\/candas365.es\/noticias\/wp-json\/wp\/v2\/media\/134350"}],"wp:attachment":[{"href":"https:\/\/candas365.es\/noticias\/wp-json\/wp\/v2\/media?parent=134349"}],"wp:term":[{"taxonomy":"category","embeddable":true,"href":"https:\/\/candas365.es\/noticias\/wp-json\/wp\/v2\/categories?post=134349"},{"taxonomy":"post_tag","embeddable":true,"href":"https:\/\/candas365.es\/noticias\/wp-json\/wp\/v2\/tags?post=134349"}],"curies":[{"name":"wp","href":"https:\/\/api.w.org\/{rel}","templated":true}]}}