{"id":134343,"date":"2019-12-09T07:03:40","date_gmt":"2019-12-09T07:03:40","guid":{"rendered":"http:\/\/candas365.es\/noticias\/?p=134343"},"modified":"2019-12-09T07:03:40","modified_gmt":"2019-12-09T07:03:40","slug":"acondicionamiento-del-dolmen-de-les-huelgues-de-san-pablo","status":"publish","type":"post","link":"https:\/\/candas365.es\/noticias\/acondicionamiento-del-dolmen-de-les-huelgues-de-san-pablo\/","title":{"rendered":"Acondicionamiento del Dolmen de Les Huelgues de San Pablo"},"content":{"rendered":"<p><img fetchpriority=\"high\" decoding=\"async\" class=\"alignleft size-medium wp-image-134344\" src=\"https:\/\/candas365.es\/noticias\/wp-content\/uploads\/2019\/12\/f6-0c59-4242-225x300.jpg\" alt=\"\" width=\"225\" height=\"300\" srcset=\"https:\/\/candas365.es\/noticias\/wp-content\/uploads\/2019\/12\/f6-0c59-4242-225x300.jpg 225w, https:\/\/candas365.es\/noticias\/wp-content\/uploads\/2019\/12\/f6-0c59-4242-360x480.jpg 360w, https:\/\/candas365.es\/noticias\/wp-content\/uploads\/2019\/12\/f6-0c59-4242-768x1024.jpg 768w, https:\/\/candas365.es\/noticias\/wp-content\/uploads\/2019\/12\/f6-0c59-4242-696x928.jpg 696w, https:\/\/candas365.es\/noticias\/wp-content\/uploads\/2019\/12\/f6-0c59-4242-315x420.jpg 315w, https:\/\/candas365.es\/noticias\/wp-content\/uploads\/2019\/12\/f6-0c59-4242.jpg 960w\" sizes=\"(max-width: 225px) 100vw, 225px\" \/>Bajo la supervisi\u00f3n de la Direcci\u00f3n General de Patrimonio dieron comienzo las obras de mejora y acondicionamiento del Dolmen de Les Huelgues de San Pablo en la Necr\u00f3polis Tumular del Monte Areo.<\/p>\n<p>\u201cEl Dolmen de San Pablo fue v\u00edctima de actos vand\u00e1licos que le ocasionaron da\u00f1os. Cualquier acci\u00f3n de mejora en el entorno de la necr\u00f3polis debe ser autorizada y supervisada por la Consejer\u00eda de Cultura, por lo que una vez vista la necesidad de acometer una serie de mejoras en el bien, elaboramos una memoria descriptiva de las mismas desde la Oficina T\u00e9cnica Municipal. La propuesta enviada a la Direcci\u00f3n de Patrimonio se trat\u00f3 en la Comisi\u00f3n Permanente del Consejo de Patrimonio Cultural de Asturias. Tras la autorizaci\u00f3n por el \u00f3rgano competente y la visita in situ del arque\u00f3logo Jos\u00e9 Antonio Fern\u00e1ndez-C\u00f3rdoba P\u00e9rez, se concretaron los trabajos y ha dado comienzo bajo su supervisi\u00f3n\u201d \u2013 explic\u00f3 la Alcaldesa, Amelia Fern\u00e1ndez.<\/p>\n<p>El Monte Areo se extiende en el l\u00edmite de los concejos de Carre\u00f1o y Gijon. Es un monte de unos 7 km de longitud y cuya cota m\u00e1xima se sit\u00faa en los 264 metros. Distribuidos por su superficie, acoge, un amplio conjunto de t\u00famulos y d\u00f3lmenes, de una antig\u00fcedad de cinco mil a tres mil a\u00f1os, los cuales constituyen la necr\u00f3polis tumular neol\u00edtica m\u00e1s grande de Asturias y de Espa\u00f1a, adem\u00e1s de la m\u00e1s estudiada.<\/p>\n<p>En la actualidad existen m\u00e1s de treinta t\u00famulos funerarios del Neol\u00edtico repartidos por la mitad de la ladera y la cima, en dos zonas, una en El Valle denominada \u201cCierru Los Llanos\u201d y la otra en Guimar\u00e1n, \u201cLes H\u00fcelgues de San Pablo\u201d, lo que nos da a entender las grandes connotaciones sagradas en la zona desde hace varios milenios. De estos treinta y cinco t\u00famulos, 2 han sido excavados, permaneciendo a la vista, siendo uno de ellos, el de San Pablo, en el que est\u00e1 prevista la actuaci\u00f3n.<\/p>\n<p>La Necr\u00f3polis megal\u00edtica del Monte Areo fue catalogada como Bien de Inter\u00e9s Cultural el 26 de junio de 1997.<\/p>\n<p>El acceso al Dolmen est\u00e1 compuesto por una empalizada de madera que hace de sujeci\u00f3n de los taludes laterales de la trinchera. Con el paso de los a\u00f1os y las inclemencias del tiempo se hace necesario su reparaci\u00f3n para evitar el desprendimiento de los taludes y as\u00ed evitar posibles da\u00f1os en el \u00e1rea arqueol\u00f3gica o a las personas.<\/p>\n<p>Las obras comprender\u00e1n las siguientes fases y secuencia:<\/p>\n<ul>\n<li>Desmontaje manual de la estructura de madera, mediante peque\u00f1os bataches para evitar la ca\u00edda de la tierra del talud y la rotura de la l\u00e1mina geotextil protectora.<\/li>\n<li>Cribado de la tierra desprendida del talud. Limpieza de la zona, reposici\u00f3n de l\u00e1mina geotextil protectora, con especial cuidado de respetar la capa de l\u00e1mina geotextil que no se encuentre da\u00f1ada.<\/li>\n<li>Apretura de peque\u00f1a zanja para empotrado de estructura met\u00e1lica (realizada a medida) y de madera. Preparaci\u00f3n de canaleta para recogida de agua en el trasd\u00f3s.<\/li>\n<li>Colocaci\u00f3n de bastidor met\u00e1lico que servir\u00e1 de posterior anclaje a la empalizada de madera. Colocaci\u00f3n de la madera.<\/li>\n<li>Hormigonado de la zanja.<\/li>\n<li>Reposici\u00f3n de geotextil si es necesario. Colocaci\u00f3n de tubo para drenaje de agua del trasd\u00f3s con salida a la cuneta.<\/li>\n<li>Impermeabilizaci\u00f3n posterior de la madera, relleno con grava filtrante.<\/li>\n<\/ul>\n<p>\u201cLos trabajos, tanto la construcci\u00f3n de la estructura met\u00e1lica como su colocaci\u00f3n, y el resto de las obras est\u00e1n realizadas, siempre bajo la supervisi\u00f3n del t\u00e9cnico especialista en la materia, por personal municipal perteneciente al Servicio de Obras\u201d \u2013 recalc\u00f3 la Alcaldesa.<\/p>\n<p>\u201cVemos buena disposici\u00f3n regional implic\u00e1ndose desde Cultura con la puesta en valor de la necr\u00f3polis. Seguimos insistiendo en la necesidad de retornar la cooperaci\u00f3n de las dos administraciones en la conservaci\u00f3n y mantenimiento del Monte Areo en materia cultural y tambi\u00e9n de prevenci\u00f3n y extinci\u00f3n de incendios. Dicho monte tiene unos 7 km de longitud y su m\u00e1xima cota se sit\u00faa en los 264 metros. En \u00e9l, hay montes privados y de propiedad municipal, que pertenecen al Consistorio de Carre\u00f1o por cesiones de Patrimonio del Estado y por adjudicaciones en el proceso de concentraci\u00f3n parcelaria que en su d\u00eda se realiz\u00f3 desde la Consejer\u00eda. Tambi\u00e9n alberga espacios p\u00fablicos destinados a recreo, como el \u00e1rea recreativa, y \u00e1reas dolm\u00e9nicas p\u00fablicas\u201d \u2013 se\u00f1al\u00f3 Fern\u00e1ndez.<\/p>\n<p>\u201cDado que las comunidades aut\u00f3nomas tienen la competencia en materia de prevenci\u00f3n y extinci\u00f3n de incendios, y que desde las administraciones p\u00fablicas, se deben crear cortafuegos, mantener limpios y desbrozados los montes, e impulsar la educaci\u00f3n medioambiental, entre otras acciones, desde el gobierno local se traslad\u00f3 al Director una valoraci\u00f3n econ\u00f3mica de los trabajos necesarios que incluyen la limpieza de 38.280 metros cuadrados de cunetas y rasanteado de las plataformas de acceso al citado monte, y el extendido de una caga de grava \u2013 cemento con una dotaci\u00f3n de un 4 % de cemento para mejorar los accesos y prevenir los incendios en el Areo\u201d \u2013 explic\u00f3 la Alcaldesa.<\/p>\n<p>\u201cSe trata de un monte extenso, en el \u00e1rea central de Asturias, con espacios p\u00fablicos y privados, que abarca dos t\u00e9rminos municipales, Carre\u00f1o y Gij\u00f3n, y que tiene aprovechamientos forestales y un alto inter\u00e9s cultural. Prevenir los incendios y poner en valor la necr\u00f3polis situada en el Areo, la mayor de Asturias\u200b y una de las mayores de Espa\u00f1a son sus cuatro km2 de superficie total con la existencia de elementos funerarios con una antig\u00fcedad de cinco mil a tres mil a\u00f1os en el caso de los d\u00f3lmenes debe ser un esfuerzo compartido\u201d \u2013concluy\u00f3 la regidora.<\/p>\n<p>&nbsp;<\/p>\n","protected":false},"excerpt":{"rendered":"<p>Bajo la supervisi\u00f3n de la Direcci\u00f3n General de Patrimonio dieron comienzo las obras de mejora y acondicionamiento del Dolmen de Les Huelgues de San Pablo en la Necr\u00f3polis Tumular del Monte Areo. \u201cEl Dolmen de San Pablo fue v\u00edctima de actos vand\u00e1licos que le ocasionaron da\u00f1os. Cualquier acci\u00f3n de mejora en el entorno de la<\/p>\n","protected":false},"author":1,"featured_media":134344,"comment_status":"closed","ping_status":"closed","sticky":false,"template":"","format":"standard","meta":{"footnotes":""},"categories":[2],"tags":[],"class_list":{"0":"post-134343","1":"post","2":"type-post","3":"status-publish","4":"format-standard","5":"has-post-thumbnail","7":"category-noticias-carreno"},"aioseo_notices":[],"aioseo_head":"\n\t\t<!-- All in One SEO Pro 4.9.6.2 - aioseo.com -->\n\t<meta name=\"description\" content=\"Bajo la supervisi\u00f3n de la Direcci\u00f3n General de Patrimonio dieron comienzo las obras de mejora y acondicionamiento del Dolmen de Les Huelgues de San Pablo en la Necr\u00f3polis Tumular del Monte Areo. \u201cEl Dolmen de San Pablo fue v\u00edctima de actos vand\u00e1licos que le ocasionaron da\u00f1os. Cualquier acci\u00f3n de mejora en el entorno de la\" \/>\n\t<meta name=\"robots\" content=\"max-image-preview:large\" \/>\n\t<meta name=\"author\" content=\"Cand\u00e1s 365\"\/>\n\t<meta name=\"google-site-verification\" content=\"UA-32230408-1\" \/>\n\t<meta name=\"msvalidate.01\" content=\"354F3CDFB2DA171B47FBE9ABF1F88D5\" \/>\n\t<meta name=\"keywords\" content=\"noticias carre\u00f1o\" \/>\n\t<link rel=\"canonical\" href=\"https:\/\/candas365.es\/noticias\/acondicionamiento-del-dolmen-de-les-huelgues-de-san-pablo\/\" \/>\n\t<meta name=\"generator\" content=\"All in One SEO Pro (AIOSEO) 4.9.6.2\" \/>\n\t\t<meta property=\"og:locale\" content=\"es_ES\" \/>\n\t\t<meta property=\"og:site_name\" content=\"Cand\u00e1s 365\" \/>\n\t\t<meta property=\"og:type\" content=\"article\" \/>\n\t\t<meta property=\"og:title\" content=\"Acondicionamiento del Dolmen de Les Huelgues de San Pablo | Cand\u00e1s 365\" \/>\n\t\t<meta property=\"og:description\" content=\"Bajo la supervisi\u00f3n de la Direcci\u00f3n General de Patrimonio dieron comienzo las obras de mejora y acondicionamiento del Dolmen de Les Huelgues de San Pablo en la Necr\u00f3polis Tumular del Monte Areo. \u201cEl Dolmen de San Pablo fue v\u00edctima de actos vand\u00e1licos que le ocasionaron da\u00f1os. Cualquier acci\u00f3n de mejora en el entorno de la\" \/>\n\t\t<meta property=\"og:url\" content=\"https:\/\/candas365.es\/noticias\/acondicionamiento-del-dolmen-de-les-huelgues-de-san-pablo\/\" \/>\n\t\t<meta property=\"og:image\" content=\"https:\/\/candas365.es\/noticias\/wp-content\/uploads\/2019\/12\/f6-0c59-4242.jpg\" \/>\n\t\t<meta property=\"og:image:secure_url\" content=\"https:\/\/candas365.es\/noticias\/wp-content\/uploads\/2019\/12\/f6-0c59-4242.jpg\" \/>\n\t\t<meta property=\"og:image:width\" content=\"960\" \/>\n\t\t<meta property=\"og:image:height\" content=\"1280\" \/>\n\t\t<meta property=\"article:published_time\" content=\"2019-12-09T07:03:40+00:00\" \/>\n\t\t<meta property=\"article:modified_time\" content=\"2019-12-09T07:03:40+00:00\" \/>\n\t\t<meta property=\"article:publisher\" content=\"https:\/\/www.facebook.com\/Nachofdezber\" \/>\n\t\t<meta property=\"article:author\" content=\"https:\/\/www.facebook.com\/carrenoactualidad\" \/>\n\t\t<meta name=\"twitter:card\" content=\"summary_large_image\" \/>\n\t\t<meta name=\"twitter:site\" content=\"@NabercoDigital\" \/>\n\t\t<meta name=\"twitter:title\" content=\"Acondicionamiento del Dolmen de Les Huelgues de San Pablo | Cand\u00e1s 365\" \/>\n\t\t<meta name=\"twitter:description\" content=\"Bajo la supervisi\u00f3n de la Direcci\u00f3n General de Patrimonio dieron comienzo las obras de mejora y acondicionamiento del Dolmen de Les Huelgues de San Pablo en la Necr\u00f3polis Tumular del Monte Areo. \u201cEl Dolmen de San Pablo fue v\u00edctima de actos vand\u00e1licos que le ocasionaron da\u00f1os. Cualquier acci\u00f3n de mejora en el entorno de la\" \/>\n\t\t<meta name=\"twitter:creator\" content=\"@nbasturias\" \/>\n\t\t<meta name=\"twitter:image\" content=\"https:\/\/candas365.es\/noticias\/wp-content\/uploads\/2019\/12\/f6-0c59-4242.jpg\" \/>\n\t\t<meta name=\"twitter:label1\" content=\"Escrito por\" \/>\n\t\t<meta name=\"twitter:data1\" content=\"Cand\u00e1s 365\" \/>\n\t\t<meta name=\"twitter:label2\" content=\"Tiempo de lectura estimado\" \/>\n\t\t<meta name=\"twitter:data2\" content=\"5 minutos\" \/>\n\t\t<script type=\"application\/ld+json\" class=\"aioseo-schema\">\n\t\t\t{\"@context\":\"https:\\\/\\\/schema.org\",\"@graph\":[{\"@type\":\"BreadcrumbList\",\"@id\":\"https:\\\/\\\/candas365.es\\\/noticias\\\/acondicionamiento-del-dolmen-de-les-huelgues-de-san-pablo\\\/#breadcrumblist\",\"itemListElement\":[{\"@type\":\"ListItem\",\"@id\":\"https:\\\/\\\/candas365.es\\\/noticias#listItem\",\"position\":1,\"name\":\"Home\",\"item\":\"https:\\\/\\\/candas365.es\\\/noticias\",\"nextItem\":{\"@type\":\"ListItem\",\"@id\":\"https:\\\/\\\/candas365.es\\\/noticias\\\/category\\\/noticias-carreno\\\/#listItem\",\"name\":\"Noticias Carre\\u00f1o\"}},{\"@type\":\"ListItem\",\"@id\":\"https:\\\/\\\/candas365.es\\\/noticias\\\/category\\\/noticias-carreno\\\/#listItem\",\"position\":2,\"name\":\"Noticias Carre\\u00f1o\",\"item\":\"https:\\\/\\\/candas365.es\\\/noticias\\\/category\\\/noticias-carreno\\\/\",\"nextItem\":{\"@type\":\"ListItem\",\"@id\":\"https:\\\/\\\/candas365.es\\\/noticias\\\/acondicionamiento-del-dolmen-de-les-huelgues-de-san-pablo\\\/#listItem\",\"name\":\"Acondicionamiento del Dolmen de Les Huelgues de San Pablo\"},\"previousItem\":{\"@type\":\"ListItem\",\"@id\":\"https:\\\/\\\/candas365.es\\\/noticias#listItem\",\"name\":\"Home\"}},{\"@type\":\"ListItem\",\"@id\":\"https:\\\/\\\/candas365.es\\\/noticias\\\/acondicionamiento-del-dolmen-de-les-huelgues-de-san-pablo\\\/#listItem\",\"position\":3,\"name\":\"Acondicionamiento del Dolmen de Les Huelgues de San Pablo\",\"previousItem\":{\"@type\":\"ListItem\",\"@id\":\"https:\\\/\\\/candas365.es\\\/noticias\\\/category\\\/noticias-carreno\\\/#listItem\",\"name\":\"Noticias Carre\\u00f1o\"}}]},{\"@type\":\"NewsArticle\",\"@id\":\"https:\\\/\\\/candas365.es\\\/noticias\\\/acondicionamiento-del-dolmen-de-les-huelgues-de-san-pablo\\\/#newsarticle\",\"name\":\"Acondicionamiento del Dolmen de Les Huelgues de San Pablo | Cand\\u00e1s 365\",\"headline\":\"Acondicionamiento del Dolmen de Les Huelgues de San Pablo\",\"author\":{\"@id\":\"https:\\\/\\\/candas365.es\\\/noticias\\\/author\\\/admin\\\/#author\"},\"publisher\":{\"@id\":\"https:\\\/\\\/candas365.es\\\/noticias\\\/#organization\"},\"image\":{\"@type\":\"ImageObject\",\"url\":\"https:\\\/\\\/candas365.es\\\/noticias\\\/wp-content\\\/uploads\\\/2019\\\/12\\\/f6-0c59-4242.jpg\",\"width\":960,\"height\":1280},\"datePublished\":\"2019-12-09T07:03:40+01:00\",\"dateModified\":\"2019-12-09T07:03:40+01:00\",\"inLanguage\":\"es-ES\",\"mainEntityOfPage\":{\"@id\":\"https:\\\/\\\/candas365.es\\\/noticias\\\/acondicionamiento-del-dolmen-de-les-huelgues-de-san-pablo\\\/#webpage\"},\"isPartOf\":{\"@id\":\"https:\\\/\\\/candas365.es\\\/noticias\\\/acondicionamiento-del-dolmen-de-les-huelgues-de-san-pablo\\\/#webpage\"},\"articleSection\":\"Noticias Carre\\u00f1o\",\"dateline\":\"Publicado el diciembre 9, 2019.\"},{\"@type\":\"Organization\",\"@id\":\"https:\\\/\\\/candas365.es\\\/noticias\\\/#organization\",\"name\":\"Cand\\u00e1s 365\",\"description\":\"Cand\\u00e1s 365 es un diario digital independiente, fundado en 2012, con base en Asturias. Informamos con rigor sobre actualidad, sociedad, cultura y ocio, con una mirada local y global.\",\"url\":\"https:\\\/\\\/candas365.es\\\/noticias\\\/\",\"email\":\"info@candas365.es\",\"telephone\":\"+34652131393\",\"foundingDate\":\"2012-06-10\",\"logo\":{\"@type\":\"ImageObject\",\"url\":\"https:\\\/\\\/candas365.es\\\/noticias\\\/wp-content\\\/uploads\\\/2024\\\/09\\\/Candas-365-Redes.jpg\",\"@id\":\"https:\\\/\\\/candas365.es\\\/noticias\\\/acondicionamiento-del-dolmen-de-les-huelgues-de-san-pablo\\\/#organizationLogo\",\"width\":1152,\"height\":864,\"caption\":\"Cand\\u00e1s 365 Redes\"},\"image\":{\"@id\":\"https:\\\/\\\/candas365.es\\\/noticias\\\/acondicionamiento-del-dolmen-de-les-huelgues-de-san-pablo\\\/#organizationLogo\"},\"sameAs\":[\"https:\\\/\\\/www.facebook.com\\\/Nachofdezber\",\"https:\\\/\\\/x.com\\\/NabercoDigital\",\"https:\\\/\\\/www.instagram.com\\\/nachofdezber\\\/\",\"https:\\\/\\\/www.youtube.com\\\/channel\\\/UCZP-2wLEB9Rv6erhFmqVnvg\"],\"address\":{\"@id\":\"https:\\\/\\\/candas365.es\\\/noticias\\\/#postaladdress\",\"@type\":\"PostalAddress\",\"streetAddress\":\"san antonio 4, san antonio 4\",\"postalCode\":\"33430\",\"addressLocality\":\"Cand\\u00e1s\",\"addressRegion\":\"Asturias\",\"addressCountry\":\"ES\"}},{\"@type\":\"Person\",\"@id\":\"https:\\\/\\\/candas365.es\\\/noticias\\\/author\\\/admin\\\/#author\",\"url\":\"https:\\\/\\\/candas365.es\\\/noticias\\\/author\\\/admin\\\/\",\"name\":\"Cand\\u00e1s 365\",\"image\":{\"@type\":\"ImageObject\",\"@id\":\"https:\\\/\\\/candas365.es\\\/noticias\\\/acondicionamiento-del-dolmen-de-les-huelgues-de-san-pablo\\\/#authorImage\",\"url\":\"https:\\\/\\\/secure.gravatar.com\\\/avatar\\\/496a8e03d0c493ede1718b7934145dbdf8d89be1036b0eec9544e1094c9de390?s=96&d=mm&r=g\",\"width\":96,\"height\":96,\"caption\":\"Cand\\u00e1s 365\"},\"sameAs\":[\"https:\\\/\\\/www.facebook.com\\\/carrenoactualidad\",\"https:\\\/\\\/twitter.com\\\/nbasturias\",\"https:\\\/\\\/www.instagram.com\\\/nachofdezber\\\/\",\"https:\\\/\\\/www.youtube.com\\\/channel\\\/UCZP-2wLEB9Rv6erhFmqVnvg\"]},{\"@type\":\"WebPage\",\"@id\":\"https:\\\/\\\/candas365.es\\\/noticias\\\/acondicionamiento-del-dolmen-de-les-huelgues-de-san-pablo\\\/#webpage\",\"url\":\"https:\\\/\\\/candas365.es\\\/noticias\\\/acondicionamiento-del-dolmen-de-les-huelgues-de-san-pablo\\\/\",\"name\":\"Acondicionamiento del Dolmen de Les Huelgues de San Pablo | Cand\\u00e1s 365\",\"description\":\"Bajo la supervisi\\u00f3n de la Direcci\\u00f3n General de Patrimonio dieron comienzo las obras de mejora y acondicionamiento del Dolmen de Les Huelgues de San Pablo en la Necr\\u00f3polis Tumular del Monte Areo. \\u201cEl Dolmen de San Pablo fue v\\u00edctima de actos vand\\u00e1licos que le ocasionaron da\\u00f1os. Cualquier acci\\u00f3n de mejora en el entorno de la\",\"inLanguage\":\"es-ES\",\"isPartOf\":{\"@id\":\"https:\\\/\\\/candas365.es\\\/noticias\\\/#website\"},\"breadcrumb\":{\"@id\":\"https:\\\/\\\/candas365.es\\\/noticias\\\/acondicionamiento-del-dolmen-de-les-huelgues-de-san-pablo\\\/#breadcrumblist\"},\"author\":{\"@id\":\"https:\\\/\\\/candas365.es\\\/noticias\\\/author\\\/admin\\\/#author\"},\"creator\":{\"@id\":\"https:\\\/\\\/candas365.es\\\/noticias\\\/author\\\/admin\\\/#author\"},\"image\":{\"@type\":\"ImageObject\",\"url\":\"https:\\\/\\\/candas365.es\\\/noticias\\\/wp-content\\\/uploads\\\/2019\\\/12\\\/f6-0c59-4242.jpg\",\"@id\":\"https:\\\/\\\/candas365.es\\\/noticias\\\/acondicionamiento-del-dolmen-de-les-huelgues-de-san-pablo\\\/#mainImage\",\"width\":960,\"height\":1280},\"primaryImageOfPage\":{\"@id\":\"https:\\\/\\\/candas365.es\\\/noticias\\\/acondicionamiento-del-dolmen-de-les-huelgues-de-san-pablo\\\/#mainImage\"},\"datePublished\":\"2019-12-09T07:03:40+01:00\",\"dateModified\":\"2019-12-09T07:03:40+01:00\"},{\"@type\":\"WebSite\",\"@id\":\"https:\\\/\\\/candas365.es\\\/noticias\\\/#website\",\"url\":\"https:\\\/\\\/candas365.es\\\/noticias\\\/\",\"name\":\"Cand\\u00e1s 365\",\"alternateName\":\"Cand\\u00e1s 365 Noticias\",\"description\":\"Actualidad desde Carre\\u00f1o para el mundo\",\"inLanguage\":\"es-ES\",\"publisher\":{\"@id\":\"https:\\\/\\\/candas365.es\\\/noticias\\\/#organization\"}}]}\n\t\t<\/script>\n\t\t<!-- All in One SEO Pro -->\r\n\t\t<title>Acondicionamiento del Dolmen de Les Huelgues de San Pablo | Cand\u00e1s 365<\/title>\n\n","aioseo_head_json":{"title":"Acondicionamiento del Dolmen de Les Huelgues de San Pablo | Cand\u00e1s 365","description":"Bajo la supervisi\u00f3n de la Direcci\u00f3n General de Patrimonio dieron comienzo las obras de mejora y acondicionamiento del Dolmen de Les Huelgues de San Pablo en la Necr\u00f3polis Tumular del Monte Areo. \u201cEl Dolmen de San Pablo fue v\u00edctima de actos vand\u00e1licos que le ocasionaron da\u00f1os. Cualquier acci\u00f3n de mejora en el entorno de la","canonical_url":"https:\/\/candas365.es\/noticias\/acondicionamiento-del-dolmen-de-les-huelgues-de-san-pablo\/","robots":"max-image-preview:large","keywords":"noticias carre\u00f1o","webmasterTools":{"google-site-verification":"UA-32230408-1","msvalidate.01":"354F3CDFB2DA171B47FBE9ABF1F88D5","miscellaneous":""},"schema":{"@context":"https:\/\/schema.org","@graph":[{"@type":"BreadcrumbList","@id":"https:\/\/candas365.es\/noticias\/acondicionamiento-del-dolmen-de-les-huelgues-de-san-pablo\/#breadcrumblist","itemListElement":[{"@type":"ListItem","@id":"https:\/\/candas365.es\/noticias#listItem","position":1,"name":"Home","item":"https:\/\/candas365.es\/noticias","nextItem":{"@type":"ListItem","@id":"https:\/\/candas365.es\/noticias\/category\/noticias-carreno\/#listItem","name":"Noticias Carre\u00f1o"}},{"@type":"ListItem","@id":"https:\/\/candas365.es\/noticias\/category\/noticias-carreno\/#listItem","position":2,"name":"Noticias Carre\u00f1o","item":"https:\/\/candas365.es\/noticias\/category\/noticias-carreno\/","nextItem":{"@type":"ListItem","@id":"https:\/\/candas365.es\/noticias\/acondicionamiento-del-dolmen-de-les-huelgues-de-san-pablo\/#listItem","name":"Acondicionamiento del Dolmen de Les Huelgues de San Pablo"},"previousItem":{"@type":"ListItem","@id":"https:\/\/candas365.es\/noticias#listItem","name":"Home"}},{"@type":"ListItem","@id":"https:\/\/candas365.es\/noticias\/acondicionamiento-del-dolmen-de-les-huelgues-de-san-pablo\/#listItem","position":3,"name":"Acondicionamiento del Dolmen de Les Huelgues de San Pablo","previousItem":{"@type":"ListItem","@id":"https:\/\/candas365.es\/noticias\/category\/noticias-carreno\/#listItem","name":"Noticias Carre\u00f1o"}}]},{"@type":"NewsArticle","@id":"https:\/\/candas365.es\/noticias\/acondicionamiento-del-dolmen-de-les-huelgues-de-san-pablo\/#newsarticle","name":"Acondicionamiento del Dolmen de Les Huelgues de San Pablo | Cand\u00e1s 365","headline":"Acondicionamiento del Dolmen de Les Huelgues de San Pablo","author":{"@id":"https:\/\/candas365.es\/noticias\/author\/admin\/#author"},"publisher":{"@id":"https:\/\/candas365.es\/noticias\/#organization"},"image":{"@type":"ImageObject","url":"https:\/\/candas365.es\/noticias\/wp-content\/uploads\/2019\/12\/f6-0c59-4242.jpg","width":960,"height":1280},"datePublished":"2019-12-09T07:03:40+01:00","dateModified":"2019-12-09T07:03:40+01:00","inLanguage":"es-ES","mainEntityOfPage":{"@id":"https:\/\/candas365.es\/noticias\/acondicionamiento-del-dolmen-de-les-huelgues-de-san-pablo\/#webpage"},"isPartOf":{"@id":"https:\/\/candas365.es\/noticias\/acondicionamiento-del-dolmen-de-les-huelgues-de-san-pablo\/#webpage"},"articleSection":"Noticias Carre\u00f1o","dateline":"Publicado el diciembre 9, 2019."},{"@type":"Organization","@id":"https:\/\/candas365.es\/noticias\/#organization","name":"Cand\u00e1s 365","description":"Cand\u00e1s 365 es un diario digital independiente, fundado en 2012, con base en Asturias. Informamos con rigor sobre actualidad, sociedad, cultura y ocio, con una mirada local y global.","url":"https:\/\/candas365.es\/noticias\/","email":"info@candas365.es","telephone":"+34652131393","foundingDate":"2012-06-10","logo":{"@type":"ImageObject","url":"https:\/\/candas365.es\/noticias\/wp-content\/uploads\/2024\/09\/Candas-365-Redes.jpg","@id":"https:\/\/candas365.es\/noticias\/acondicionamiento-del-dolmen-de-les-huelgues-de-san-pablo\/#organizationLogo","width":1152,"height":864,"caption":"Cand\u00e1s 365 Redes"},"image":{"@id":"https:\/\/candas365.es\/noticias\/acondicionamiento-del-dolmen-de-les-huelgues-de-san-pablo\/#organizationLogo"},"sameAs":["https:\/\/www.facebook.com\/Nachofdezber","https:\/\/x.com\/NabercoDigital","https:\/\/www.instagram.com\/nachofdezber\/","https:\/\/www.youtube.com\/channel\/UCZP-2wLEB9Rv6erhFmqVnvg"],"address":{"@id":"https:\/\/candas365.es\/noticias\/#postaladdress","@type":"PostalAddress","streetAddress":"san antonio 4, san antonio 4","postalCode":"33430","addressLocality":"Cand\u00e1s","addressRegion":"Asturias","addressCountry":"ES"}},{"@type":"Person","@id":"https:\/\/candas365.es\/noticias\/author\/admin\/#author","url":"https:\/\/candas365.es\/noticias\/author\/admin\/","name":"Cand\u00e1s 365","image":{"@type":"ImageObject","@id":"https:\/\/candas365.es\/noticias\/acondicionamiento-del-dolmen-de-les-huelgues-de-san-pablo\/#authorImage","url":"https:\/\/secure.gravatar.com\/avatar\/496a8e03d0c493ede1718b7934145dbdf8d89be1036b0eec9544e1094c9de390?s=96&d=mm&r=g","width":96,"height":96,"caption":"Cand\u00e1s 365"},"sameAs":["https:\/\/www.facebook.com\/carrenoactualidad","https:\/\/twitter.com\/nbasturias","https:\/\/www.instagram.com\/nachofdezber\/","https:\/\/www.youtube.com\/channel\/UCZP-2wLEB9Rv6erhFmqVnvg"]},{"@type":"WebPage","@id":"https:\/\/candas365.es\/noticias\/acondicionamiento-del-dolmen-de-les-huelgues-de-san-pablo\/#webpage","url":"https:\/\/candas365.es\/noticias\/acondicionamiento-del-dolmen-de-les-huelgues-de-san-pablo\/","name":"Acondicionamiento del Dolmen de Les Huelgues de San Pablo | Cand\u00e1s 365","description":"Bajo la supervisi\u00f3n de la Direcci\u00f3n General de Patrimonio dieron comienzo las obras de mejora y acondicionamiento del Dolmen de Les Huelgues de San Pablo en la Necr\u00f3polis Tumular del Monte Areo. \u201cEl Dolmen de San Pablo fue v\u00edctima de actos vand\u00e1licos que le ocasionaron da\u00f1os. Cualquier acci\u00f3n de mejora en el entorno de la","inLanguage":"es-ES","isPartOf":{"@id":"https:\/\/candas365.es\/noticias\/#website"},"breadcrumb":{"@id":"https:\/\/candas365.es\/noticias\/acondicionamiento-del-dolmen-de-les-huelgues-de-san-pablo\/#breadcrumblist"},"author":{"@id":"https:\/\/candas365.es\/noticias\/author\/admin\/#author"},"creator":{"@id":"https:\/\/candas365.es\/noticias\/author\/admin\/#author"},"image":{"@type":"ImageObject","url":"https:\/\/candas365.es\/noticias\/wp-content\/uploads\/2019\/12\/f6-0c59-4242.jpg","@id":"https:\/\/candas365.es\/noticias\/acondicionamiento-del-dolmen-de-les-huelgues-de-san-pablo\/#mainImage","width":960,"height":1280},"primaryImageOfPage":{"@id":"https:\/\/candas365.es\/noticias\/acondicionamiento-del-dolmen-de-les-huelgues-de-san-pablo\/#mainImage"},"datePublished":"2019-12-09T07:03:40+01:00","dateModified":"2019-12-09T07:03:40+01:00"},{"@type":"WebSite","@id":"https:\/\/candas365.es\/noticias\/#website","url":"https:\/\/candas365.es\/noticias\/","name":"Cand\u00e1s 365","alternateName":"Cand\u00e1s 365 Noticias","description":"Actualidad desde Carre\u00f1o para el mundo","inLanguage":"es-ES","publisher":{"@id":"https:\/\/candas365.es\/noticias\/#organization"}}]},"og:locale":"es_ES","og:site_name":"Cand\u00e1s 365","og:type":"article","og:title":"Acondicionamiento del Dolmen de Les Huelgues de San Pablo | Cand\u00e1s 365","og:description":"Bajo la supervisi\u00f3n de la Direcci\u00f3n General de Patrimonio dieron comienzo las obras de mejora y acondicionamiento del Dolmen de Les Huelgues de San Pablo en la Necr\u00f3polis Tumular del Monte Areo. \u201cEl Dolmen de San Pablo fue v\u00edctima de actos vand\u00e1licos que le ocasionaron da\u00f1os. Cualquier acci\u00f3n de mejora en el entorno de la","og:url":"https:\/\/candas365.es\/noticias\/acondicionamiento-del-dolmen-de-les-huelgues-de-san-pablo\/","og:image":"https:\/\/candas365.es\/noticias\/wp-content\/uploads\/2019\/12\/f6-0c59-4242.jpg","og:image:secure_url":"https:\/\/candas365.es\/noticias\/wp-content\/uploads\/2019\/12\/f6-0c59-4242.jpg","og:image:width":960,"og:image:height":1280,"article:published_time":"2019-12-09T07:03:40+00:00","article:modified_time":"2019-12-09T07:03:40+00:00","article:publisher":"https:\/\/www.facebook.com\/Nachofdezber","article:author":"https:\/\/www.facebook.com\/carrenoactualidad","twitter:card":"summary_large_image","twitter:site":"@NabercoDigital","twitter:title":"Acondicionamiento del Dolmen de Les Huelgues de San Pablo | Cand\u00e1s 365","twitter:description":"Bajo la supervisi\u00f3n de la Direcci\u00f3n General de Patrimonio dieron comienzo las obras de mejora y acondicionamiento del Dolmen de Les Huelgues de San Pablo en la Necr\u00f3polis Tumular del Monte Areo. \u201cEl Dolmen de San Pablo fue v\u00edctima de actos vand\u00e1licos que le ocasionaron da\u00f1os. Cualquier acci\u00f3n de mejora en el entorno de la","twitter:creator":"@nbasturias","twitter:image":"https:\/\/candas365.es\/noticias\/wp-content\/uploads\/2019\/12\/f6-0c59-4242.jpg","twitter:label1":"Escrito por","twitter:data1":"Cand\u00e1s 365","twitter:label2":"Tiempo de lectura estimado","twitter:data2":"5 minutos"},"aioseo_meta_data":{"post_id":"134343","title":null,"description":null,"keywords":null,"keyphrases":null,"primary_term":null,"canonical_url":null,"og_title":null,"og_description":null,"og_object_type":"default","og_image_type":"default","og_image_url":null,"og_image_width":null,"og_image_height":null,"og_image_custom_url":null,"og_image_custom_fields":null,"og_video":null,"og_custom_url":null,"og_article_section":null,"og_article_tags":null,"twitter_use_og":false,"twitter_card":"default","twitter_image_type":"default","twitter_image_url":null,"twitter_image_custom_url":null,"twitter_image_custom_fields":null,"twitter_title":null,"twitter_description":null,"schema":{"blockGraphs":[],"customGraphs":[],"default":{"data":{"Article":[],"Course":[],"Dataset":[],"FAQPage":[],"Movie":[],"Person":[],"Product":[],"ProductReview":[],"Car":[],"Recipe":[],"Service":[],"SoftwareApplication":[],"WebPage":[]},"graphName":"","isEnabled":true},"graphs":[],"defaultGraph":"","defaultPostTypeGraph":""},"schema_type":null,"schema_type_options":null,"pillar_content":false,"robots_default":true,"robots_noindex":false,"robots_noarchive":false,"robots_nosnippet":false,"robots_nofollow":false,"robots_noimageindex":false,"robots_noodp":false,"robots_notranslate":false,"robots_max_snippet":null,"robots_max_videopreview":null,"robots_max_imagepreview":"large","priority":null,"frequency":null,"location":null,"local_seo":null,"seo_analyzer_scan_date":"2025-08-30 19:07:16","breadcrumb_settings":null,"limit_modified_date":false,"reviewed_by":null,"open_ai":null,"ai":null,"created":"2020-12-21 10:49:35","updated":"2025-08-30 19:07:16"},"aioseo_breadcrumb":"<div class=\"aioseo-breadcrumbs\"><span class=\"aioseo-breadcrumb\">\n\t<a href=\"https:\/\/candas365.es\/noticias\" title=\"Home\">Home<\/a>\n<\/span><span class=\"aioseo-breadcrumb-separator\">&ndash;<\/span><span class=\"aioseo-breadcrumb\">\n\t<a href=\"https:\/\/candas365.es\/noticias\/category\/noticias-carreno\/\" title=\"Noticias Carre\u00f1o\">Noticias Carre\u00f1o<\/a>\n<\/span><span class=\"aioseo-breadcrumb-separator\">&ndash;<\/span><span class=\"aioseo-breadcrumb\">\n\tAcondicionamiento del Dolmen de Les Huelgues de San Pablo\n<\/span><\/div>","aioseo_breadcrumb_json":[{"label":"Home","link":"https:\/\/candas365.es\/noticias"},{"label":"Noticias Carre\u00f1o","link":"https:\/\/candas365.es\/noticias\/category\/noticias-carreno\/"},{"label":"Acondicionamiento del Dolmen de Les Huelgues de San Pablo","link":"https:\/\/candas365.es\/noticias\/acondicionamiento-del-dolmen-de-les-huelgues-de-san-pablo\/"}],"_links":{"self":[{"href":"https:\/\/candas365.es\/noticias\/wp-json\/wp\/v2\/posts\/134343","targetHints":{"allow":["GET"]}}],"collection":[{"href":"https:\/\/candas365.es\/noticias\/wp-json\/wp\/v2\/posts"}],"about":[{"href":"https:\/\/candas365.es\/noticias\/wp-json\/wp\/v2\/types\/post"}],"author":[{"embeddable":true,"href":"https:\/\/candas365.es\/noticias\/wp-json\/wp\/v2\/users\/1"}],"replies":[{"embeddable":true,"href":"https:\/\/candas365.es\/noticias\/wp-json\/wp\/v2\/comments?post=134343"}],"version-history":[{"count":0,"href":"https:\/\/candas365.es\/noticias\/wp-json\/wp\/v2\/posts\/134343\/revisions"}],"wp:featuredmedia":[{"embeddable":true,"href":"https:\/\/candas365.es\/noticias\/wp-json\/wp\/v2\/media\/134344"}],"wp:attachment":[{"href":"https:\/\/candas365.es\/noticias\/wp-json\/wp\/v2\/media?parent=134343"}],"wp:term":[{"taxonomy":"category","embeddable":true,"href":"https:\/\/candas365.es\/noticias\/wp-json\/wp\/v2\/categories?post=134343"},{"taxonomy":"post_tag","embeddable":true,"href":"https:\/\/candas365.es\/noticias\/wp-json\/wp\/v2\/tags?post=134343"}],"curies":[{"name":"wp","href":"https:\/\/api.w.org\/{rel}","templated":true}]}}