{"id":134060,"date":"2019-12-04T04:54:17","date_gmt":"2019-12-04T04:54:17","guid":{"rendered":"http:\/\/candas365.es\/noticias\/?p=134060"},"modified":"2019-12-04T04:54:17","modified_gmt":"2019-12-04T04:54:17","slug":"waldschmidt-no-cierra-las-puertas-al-bayern-munich","status":"publish","type":"post","link":"https:\/\/candas365.es\/noticias\/waldschmidt-no-cierra-las-puertas-al-bayern-munich\/","title":{"rendered":"Waldschmidt no cierra las puertas al Bayern M\u00fanich"},"content":{"rendered":"<figure id=\"attachment_134061\" aria-describedby=\"caption-attachment-134061\" style=\"width: 360px\" class=\"wp-caption alignleft\"><img fetchpriority=\"high\" decoding=\"async\" class=\"size-medium wp-image-134061\" src=\"https:\/\/candas365.es\/noticias\/wp-content\/uploads\/2019\/12\/Waldschmidt-360x275.jpg\" alt=\"\" width=\"360\" height=\"275\" srcset=\"https:\/\/candas365.es\/noticias\/wp-content\/uploads\/2019\/12\/Waldschmidt-360x275.jpg 360w, https:\/\/candas365.es\/noticias\/wp-content\/uploads\/2019\/12\/Waldschmidt-629x480.jpg 629w, https:\/\/candas365.es\/noticias\/wp-content\/uploads\/2019\/12\/Waldschmidt-768x586.jpg 768w, https:\/\/candas365.es\/noticias\/wp-content\/uploads\/2019\/12\/Waldschmidt-696x531.jpg 696w, https:\/\/candas365.es\/noticias\/wp-content\/uploads\/2019\/12\/Waldschmidt-550x420.jpg 550w, https:\/\/candas365.es\/noticias\/wp-content\/uploads\/2019\/12\/Waldschmidt-80x60.jpg 80w, https:\/\/candas365.es\/noticias\/wp-content\/uploads\/2019\/12\/Waldschmidt.jpg 884w\" sizes=\"(max-width: 360px) 100vw, 360px\" \/><figcaption id=\"caption-attachment-134061\" class=\"wp-caption-text\">Foto: Patrick Seeger\/dpa<\/figcaption><\/figure>\n<p>Friburgo, 3 dic (dpa) &#8211; El delantero de la selecci\u00f3n alemana de f\u00fatbol Luca Waldschmidt ve posible su futura incorporaci\u00f3n al Bayern M\u00fanich, seg\u00fan reconoce en una entrevista publicada hoy en el portal online \u00abt-online.de\u00bb.<\/p>\n<p>\u00abEste es el club m\u00e1s grande y exitoso de Alemania. Jugar con este club ser\u00eda algo muy especial\u00bb, dijo el atacante de 23 a\u00f1os actualmente lesionado. \u00abPero este es un tema que no tuve en cuenta hasta ahora\u00bb, a\u00f1adi\u00f3.<\/p>\n<p>Adem\u00e1s del campe\u00f3n alem\u00e1n, Waldschmidt tambi\u00e9n piensa que \u00abel Real Madrid es genial\u00bb, porque le gusta jugar con zapatillas de f\u00fatbol blancas y porque tiene debilidad por el color blanco. Su compa\u00f1ero de selecci\u00f3n Toni Kroos juega en el Real Madrid.<\/p>\n<p>Waldschmidt se lesion\u00f3 a mediados de noviembre en el partido contra Bielorrusia clasificatorio para la Eurocopa 2020, en el que Alemania venci\u00f3 4-0, tras entrar en el campo en el minuto 84 para sustituir a Serge Gnabry.<\/p>\n<p>El delantero sufri\u00f3 una fractura facial al chocar con el portero bielorruso Alexander Gutor, que hizo necesario pasar por el quir\u00f3fano. En el choque tambi\u00e9n se vieron afectados la rodilla y el tobillo.<\/p>\n<p>\u00abTodav\u00eda no est\u00e1 todo en orden, pero la rodilla y el tobillo se est\u00e1n curando bien. En este momento, mi principal preocupaci\u00f3n es que no haya secuelas en la cara y que los huesos queden completamente bien\u00bb, dijo Waldschmidt.<\/p>\n","protected":false},"excerpt":{"rendered":"<p>Friburgo, 3 dic (dpa) &#8211; El delantero de la selecci\u00f3n alemana de f\u00fatbol Luca Waldschmidt ve posible su futura incorporaci\u00f3n al Bayern M\u00fanich, seg\u00fan reconoce en una entrevista publicada hoy en el portal online \u00abt-online.de\u00bb. \u00abEste es el club m\u00e1s grande y exitoso de Alemania. Jugar con este club ser\u00eda algo muy especial\u00bb, dijo el<\/p>\n","protected":false},"author":1,"featured_media":134061,"comment_status":"closed","ping_status":"closed","sticky":false,"template":"","format":"standard","meta":{"footnotes":""},"categories":[319],"tags":[],"class_list":{"0":"post-134060","1":"post","2":"type-post","3":"status-publish","4":"format-standard","5":"has-post-thumbnail","7":"category-deporte"},"aioseo_notices":[],"aioseo_head":"\n\t\t<!-- All in One SEO Pro 4.9.6.2 - aioseo.com -->\n\t<meta name=\"description\" content=\"Friburgo, 3 dic (dpa) - El delantero de la selecci\u00f3n alemana de f\u00fatbol Luca Waldschmidt ve posible su futura incorporaci\u00f3n al Bayern M\u00fanich, seg\u00fan reconoce en una entrevista publicada hoy en el portal online &quot;t-online.de&quot;. &quot;Este es el club m\u00e1s grande y exitoso de Alemania. Jugar con este club ser\u00eda algo muy especial&quot;, dijo el\" \/>\n\t<meta name=\"robots\" content=\"max-image-preview:large\" \/>\n\t<meta name=\"author\" content=\"Cand\u00e1s 365\"\/>\n\t<meta name=\"google-site-verification\" content=\"UA-32230408-1\" \/>\n\t<meta name=\"msvalidate.01\" content=\"354F3CDFB2DA171B47FBE9ABF1F88D5\" \/>\n\t<meta name=\"keywords\" content=\"deporte\" \/>\n\t<link rel=\"canonical\" href=\"https:\/\/candas365.es\/noticias\/waldschmidt-no-cierra-las-puertas-al-bayern-munich\/\" \/>\n\t<meta name=\"generator\" content=\"All in One SEO Pro (AIOSEO) 4.9.6.2\" \/>\n\t\t<meta property=\"og:locale\" content=\"es_ES\" \/>\n\t\t<meta property=\"og:site_name\" content=\"Cand\u00e1s 365\" \/>\n\t\t<meta property=\"og:type\" content=\"article\" \/>\n\t\t<meta property=\"og:title\" content=\"Waldschmidt no cierra las puertas al Bayern M\u00fanich | Cand\u00e1s 365\" \/>\n\t\t<meta property=\"og:description\" content=\"Friburgo, 3 dic (dpa) - El delantero de la selecci\u00f3n alemana de f\u00fatbol Luca Waldschmidt ve posible su futura incorporaci\u00f3n al Bayern M\u00fanich, seg\u00fan reconoce en una entrevista publicada hoy en el portal online &quot;t-online.de&quot;. &quot;Este es el club m\u00e1s grande y exitoso de Alemania. Jugar con este club ser\u00eda algo muy especial&quot;, dijo el\" \/>\n\t\t<meta property=\"og:url\" content=\"https:\/\/candas365.es\/noticias\/waldschmidt-no-cierra-las-puertas-al-bayern-munich\/\" \/>\n\t\t<meta property=\"og:image\" content=\"https:\/\/candas365.es\/noticias\/wp-content\/uploads\/2019\/12\/Waldschmidt.jpg\" \/>\n\t\t<meta property=\"og:image:secure_url\" content=\"https:\/\/candas365.es\/noticias\/wp-content\/uploads\/2019\/12\/Waldschmidt.jpg\" \/>\n\t\t<meta property=\"og:image:width\" content=\"884\" \/>\n\t\t<meta property=\"og:image:height\" content=\"675\" \/>\n\t\t<meta property=\"article:published_time\" content=\"2019-12-04T04:54:17+00:00\" \/>\n\t\t<meta property=\"article:modified_time\" content=\"2019-12-04T04:54:17+00:00\" \/>\n\t\t<meta property=\"article:publisher\" content=\"https:\/\/www.facebook.com\/Nachofdezber\" \/>\n\t\t<meta property=\"article:author\" content=\"https:\/\/www.facebook.com\/carrenoactualidad\" \/>\n\t\t<meta name=\"twitter:card\" content=\"summary_large_image\" \/>\n\t\t<meta name=\"twitter:site\" content=\"@NabercoDigital\" \/>\n\t\t<meta name=\"twitter:title\" content=\"Waldschmidt no cierra las puertas al Bayern M\u00fanich | Cand\u00e1s 365\" \/>\n\t\t<meta name=\"twitter:description\" content=\"Friburgo, 3 dic (dpa) - El delantero de la selecci\u00f3n alemana de f\u00fatbol Luca Waldschmidt ve posible su futura incorporaci\u00f3n al Bayern M\u00fanich, seg\u00fan reconoce en una entrevista publicada hoy en el portal online &quot;t-online.de&quot;. &quot;Este es el club m\u00e1s grande y exitoso de Alemania. Jugar con este club ser\u00eda algo muy especial&quot;, dijo el\" \/>\n\t\t<meta name=\"twitter:creator\" content=\"@nbasturias\" \/>\n\t\t<meta name=\"twitter:image\" content=\"https:\/\/candas365.es\/noticias\/wp-content\/uploads\/2019\/12\/Waldschmidt.jpg\" \/>\n\t\t<meta name=\"twitter:label1\" content=\"Escrito por\" \/>\n\t\t<meta name=\"twitter:data1\" content=\"Cand\u00e1s 365\" \/>\n\t\t<meta name=\"twitter:label2\" content=\"Tiempo de lectura estimado\" \/>\n\t\t<meta name=\"twitter:data2\" content=\"1 minuto\" \/>\n\t\t<script type=\"application\/ld+json\" class=\"aioseo-schema\">\n\t\t\t{\"@context\":\"https:\\\/\\\/schema.org\",\"@graph\":[{\"@type\":\"BreadcrumbList\",\"@id\":\"https:\\\/\\\/candas365.es\\\/noticias\\\/waldschmidt-no-cierra-las-puertas-al-bayern-munich\\\/#breadcrumblist\",\"itemListElement\":[{\"@type\":\"ListItem\",\"@id\":\"https:\\\/\\\/candas365.es\\\/noticias#listItem\",\"position\":1,\"name\":\"Home\",\"item\":\"https:\\\/\\\/candas365.es\\\/noticias\",\"nextItem\":{\"@type\":\"ListItem\",\"@id\":\"https:\\\/\\\/candas365.es\\\/noticias\\\/category\\\/deporte\\\/#listItem\",\"name\":\"Deporte\"}},{\"@type\":\"ListItem\",\"@id\":\"https:\\\/\\\/candas365.es\\\/noticias\\\/category\\\/deporte\\\/#listItem\",\"position\":2,\"name\":\"Deporte\",\"item\":\"https:\\\/\\\/candas365.es\\\/noticias\\\/category\\\/deporte\\\/\",\"nextItem\":{\"@type\":\"ListItem\",\"@id\":\"https:\\\/\\\/candas365.es\\\/noticias\\\/waldschmidt-no-cierra-las-puertas-al-bayern-munich\\\/#listItem\",\"name\":\"Waldschmidt no cierra las puertas al Bayern M\\u00fanich\"},\"previousItem\":{\"@type\":\"ListItem\",\"@id\":\"https:\\\/\\\/candas365.es\\\/noticias#listItem\",\"name\":\"Home\"}},{\"@type\":\"ListItem\",\"@id\":\"https:\\\/\\\/candas365.es\\\/noticias\\\/waldschmidt-no-cierra-las-puertas-al-bayern-munich\\\/#listItem\",\"position\":3,\"name\":\"Waldschmidt no cierra las puertas al Bayern M\\u00fanich\",\"previousItem\":{\"@type\":\"ListItem\",\"@id\":\"https:\\\/\\\/candas365.es\\\/noticias\\\/category\\\/deporte\\\/#listItem\",\"name\":\"Deporte\"}}]},{\"@type\":\"NewsArticle\",\"@id\":\"https:\\\/\\\/candas365.es\\\/noticias\\\/waldschmidt-no-cierra-las-puertas-al-bayern-munich\\\/#newsarticle\",\"name\":\"Waldschmidt no cierra las puertas al Bayern M\\u00fanich | Cand\\u00e1s 365\",\"headline\":\"Waldschmidt no cierra las puertas al Bayern M\\u00fanich\",\"author\":{\"@id\":\"https:\\\/\\\/candas365.es\\\/noticias\\\/author\\\/admin\\\/#author\"},\"publisher\":{\"@id\":\"https:\\\/\\\/candas365.es\\\/noticias\\\/#organization\"},\"image\":{\"@type\":\"ImageObject\",\"url\":\"https:\\\/\\\/candas365.es\\\/noticias\\\/wp-content\\\/uploads\\\/2019\\\/12\\\/Waldschmidt.jpg\",\"width\":884,\"height\":675,\"caption\":\"Foto: Patrick Seeger\\\/dpa\"},\"datePublished\":\"2019-12-04T04:54:17+01:00\",\"dateModified\":\"2019-12-04T04:54:17+01:00\",\"inLanguage\":\"es-ES\",\"mainEntityOfPage\":{\"@id\":\"https:\\\/\\\/candas365.es\\\/noticias\\\/waldschmidt-no-cierra-las-puertas-al-bayern-munich\\\/#webpage\"},\"isPartOf\":{\"@id\":\"https:\\\/\\\/candas365.es\\\/noticias\\\/waldschmidt-no-cierra-las-puertas-al-bayern-munich\\\/#webpage\"},\"articleSection\":\"Deporte\",\"dateline\":\"Publicado el diciembre 4, 2019.\"},{\"@type\":\"Organization\",\"@id\":\"https:\\\/\\\/candas365.es\\\/noticias\\\/#organization\",\"name\":\"Cand\\u00e1s 365\",\"description\":\"Cand\\u00e1s 365 es un diario digital independiente, fundado en 2012, con base en Asturias. Informamos con rigor sobre actualidad, sociedad, cultura y ocio, con una mirada local y global.\",\"url\":\"https:\\\/\\\/candas365.es\\\/noticias\\\/\",\"email\":\"info@candas365.es\",\"telephone\":\"+34652131393\",\"foundingDate\":\"2012-06-10\",\"logo\":{\"@type\":\"ImageObject\",\"url\":\"https:\\\/\\\/candas365.es\\\/noticias\\\/wp-content\\\/uploads\\\/2024\\\/09\\\/Candas-365-Redes.jpg\",\"@id\":\"https:\\\/\\\/candas365.es\\\/noticias\\\/waldschmidt-no-cierra-las-puertas-al-bayern-munich\\\/#organizationLogo\",\"width\":1152,\"height\":864,\"caption\":\"Cand\\u00e1s 365 Redes\"},\"image\":{\"@id\":\"https:\\\/\\\/candas365.es\\\/noticias\\\/waldschmidt-no-cierra-las-puertas-al-bayern-munich\\\/#organizationLogo\"},\"sameAs\":[\"https:\\\/\\\/www.facebook.com\\\/Nachofdezber\",\"https:\\\/\\\/x.com\\\/NabercoDigital\",\"https:\\\/\\\/www.instagram.com\\\/nachofdezber\\\/\",\"https:\\\/\\\/www.youtube.com\\\/channel\\\/UCZP-2wLEB9Rv6erhFmqVnvg\"],\"address\":{\"@id\":\"https:\\\/\\\/candas365.es\\\/noticias\\\/#postaladdress\",\"@type\":\"PostalAddress\",\"streetAddress\":\"san antonio 4, san antonio 4\",\"postalCode\":\"33430\",\"addressLocality\":\"Cand\\u00e1s\",\"addressRegion\":\"Asturias\",\"addressCountry\":\"ES\"}},{\"@type\":\"Person\",\"@id\":\"https:\\\/\\\/candas365.es\\\/noticias\\\/author\\\/admin\\\/#author\",\"url\":\"https:\\\/\\\/candas365.es\\\/noticias\\\/author\\\/admin\\\/\",\"name\":\"Cand\\u00e1s 365\",\"image\":{\"@type\":\"ImageObject\",\"@id\":\"https:\\\/\\\/candas365.es\\\/noticias\\\/waldschmidt-no-cierra-las-puertas-al-bayern-munich\\\/#authorImage\",\"url\":\"https:\\\/\\\/secure.gravatar.com\\\/avatar\\\/496a8e03d0c493ede1718b7934145dbdf8d89be1036b0eec9544e1094c9de390?s=96&d=mm&r=g\",\"width\":96,\"height\":96,\"caption\":\"Cand\\u00e1s 365\"},\"sameAs\":[\"https:\\\/\\\/www.facebook.com\\\/carrenoactualidad\",\"https:\\\/\\\/twitter.com\\\/nbasturias\",\"https:\\\/\\\/www.instagram.com\\\/nachofdezber\\\/\",\"https:\\\/\\\/www.youtube.com\\\/channel\\\/UCZP-2wLEB9Rv6erhFmqVnvg\"]},{\"@type\":\"WebPage\",\"@id\":\"https:\\\/\\\/candas365.es\\\/noticias\\\/waldschmidt-no-cierra-las-puertas-al-bayern-munich\\\/#webpage\",\"url\":\"https:\\\/\\\/candas365.es\\\/noticias\\\/waldschmidt-no-cierra-las-puertas-al-bayern-munich\\\/\",\"name\":\"Waldschmidt no cierra las puertas al Bayern M\\u00fanich | Cand\\u00e1s 365\",\"description\":\"Friburgo, 3 dic (dpa) - El delantero de la selecci\\u00f3n alemana de f\\u00fatbol Luca Waldschmidt ve posible su futura incorporaci\\u00f3n al Bayern M\\u00fanich, seg\\u00fan reconoce en una entrevista publicada hoy en el portal online \\\"t-online.de\\\". \\\"Este es el club m\\u00e1s grande y exitoso de Alemania. Jugar con este club ser\\u00eda algo muy especial\\\", dijo el\",\"inLanguage\":\"es-ES\",\"isPartOf\":{\"@id\":\"https:\\\/\\\/candas365.es\\\/noticias\\\/#website\"},\"breadcrumb\":{\"@id\":\"https:\\\/\\\/candas365.es\\\/noticias\\\/waldschmidt-no-cierra-las-puertas-al-bayern-munich\\\/#breadcrumblist\"},\"author\":{\"@id\":\"https:\\\/\\\/candas365.es\\\/noticias\\\/author\\\/admin\\\/#author\"},\"creator\":{\"@id\":\"https:\\\/\\\/candas365.es\\\/noticias\\\/author\\\/admin\\\/#author\"},\"image\":{\"@type\":\"ImageObject\",\"url\":\"https:\\\/\\\/candas365.es\\\/noticias\\\/wp-content\\\/uploads\\\/2019\\\/12\\\/Waldschmidt.jpg\",\"@id\":\"https:\\\/\\\/candas365.es\\\/noticias\\\/waldschmidt-no-cierra-las-puertas-al-bayern-munich\\\/#mainImage\",\"width\":884,\"height\":675,\"caption\":\"Foto: Patrick Seeger\\\/dpa\"},\"primaryImageOfPage\":{\"@id\":\"https:\\\/\\\/candas365.es\\\/noticias\\\/waldschmidt-no-cierra-las-puertas-al-bayern-munich\\\/#mainImage\"},\"datePublished\":\"2019-12-04T04:54:17+01:00\",\"dateModified\":\"2019-12-04T04:54:17+01:00\"},{\"@type\":\"WebSite\",\"@id\":\"https:\\\/\\\/candas365.es\\\/noticias\\\/#website\",\"url\":\"https:\\\/\\\/candas365.es\\\/noticias\\\/\",\"name\":\"Cand\\u00e1s 365\",\"alternateName\":\"Cand\\u00e1s 365 Noticias\",\"description\":\"Actualidad desde Carre\\u00f1o para el mundo\",\"inLanguage\":\"es-ES\",\"publisher\":{\"@id\":\"https:\\\/\\\/candas365.es\\\/noticias\\\/#organization\"}}]}\n\t\t<\/script>\n\t\t<!-- All in One SEO Pro -->\r\n\t\t<title>Waldschmidt no cierra las puertas al Bayern M\u00fanich | Cand\u00e1s 365<\/title>\n\n","aioseo_head_json":{"title":"Waldschmidt no cierra las puertas al Bayern M\u00fanich | Cand\u00e1s 365","description":"Friburgo, 3 dic (dpa) - El delantero de la selecci\u00f3n alemana de f\u00fatbol Luca Waldschmidt ve posible su futura incorporaci\u00f3n al Bayern M\u00fanich, seg\u00fan reconoce en una entrevista publicada hoy en el portal online \"t-online.de\". \"Este es el club m\u00e1s grande y exitoso de Alemania. Jugar con este club ser\u00eda algo muy especial\", dijo el","canonical_url":"https:\/\/candas365.es\/noticias\/waldschmidt-no-cierra-las-puertas-al-bayern-munich\/","robots":"max-image-preview:large","keywords":"deporte","webmasterTools":{"google-site-verification":"UA-32230408-1","msvalidate.01":"354F3CDFB2DA171B47FBE9ABF1F88D5","miscellaneous":""},"schema":{"@context":"https:\/\/schema.org","@graph":[{"@type":"BreadcrumbList","@id":"https:\/\/candas365.es\/noticias\/waldschmidt-no-cierra-las-puertas-al-bayern-munich\/#breadcrumblist","itemListElement":[{"@type":"ListItem","@id":"https:\/\/candas365.es\/noticias#listItem","position":1,"name":"Home","item":"https:\/\/candas365.es\/noticias","nextItem":{"@type":"ListItem","@id":"https:\/\/candas365.es\/noticias\/category\/deporte\/#listItem","name":"Deporte"}},{"@type":"ListItem","@id":"https:\/\/candas365.es\/noticias\/category\/deporte\/#listItem","position":2,"name":"Deporte","item":"https:\/\/candas365.es\/noticias\/category\/deporte\/","nextItem":{"@type":"ListItem","@id":"https:\/\/candas365.es\/noticias\/waldschmidt-no-cierra-las-puertas-al-bayern-munich\/#listItem","name":"Waldschmidt no cierra las puertas al Bayern M\u00fanich"},"previousItem":{"@type":"ListItem","@id":"https:\/\/candas365.es\/noticias#listItem","name":"Home"}},{"@type":"ListItem","@id":"https:\/\/candas365.es\/noticias\/waldschmidt-no-cierra-las-puertas-al-bayern-munich\/#listItem","position":3,"name":"Waldschmidt no cierra las puertas al Bayern M\u00fanich","previousItem":{"@type":"ListItem","@id":"https:\/\/candas365.es\/noticias\/category\/deporte\/#listItem","name":"Deporte"}}]},{"@type":"NewsArticle","@id":"https:\/\/candas365.es\/noticias\/waldschmidt-no-cierra-las-puertas-al-bayern-munich\/#newsarticle","name":"Waldschmidt no cierra las puertas al Bayern M\u00fanich | Cand\u00e1s 365","headline":"Waldschmidt no cierra las puertas al Bayern M\u00fanich","author":{"@id":"https:\/\/candas365.es\/noticias\/author\/admin\/#author"},"publisher":{"@id":"https:\/\/candas365.es\/noticias\/#organization"},"image":{"@type":"ImageObject","url":"https:\/\/candas365.es\/noticias\/wp-content\/uploads\/2019\/12\/Waldschmidt.jpg","width":884,"height":675,"caption":"Foto: Patrick Seeger\/dpa"},"datePublished":"2019-12-04T04:54:17+01:00","dateModified":"2019-12-04T04:54:17+01:00","inLanguage":"es-ES","mainEntityOfPage":{"@id":"https:\/\/candas365.es\/noticias\/waldschmidt-no-cierra-las-puertas-al-bayern-munich\/#webpage"},"isPartOf":{"@id":"https:\/\/candas365.es\/noticias\/waldschmidt-no-cierra-las-puertas-al-bayern-munich\/#webpage"},"articleSection":"Deporte","dateline":"Publicado el diciembre 4, 2019."},{"@type":"Organization","@id":"https:\/\/candas365.es\/noticias\/#organization","name":"Cand\u00e1s 365","description":"Cand\u00e1s 365 es un diario digital independiente, fundado en 2012, con base en Asturias. Informamos con rigor sobre actualidad, sociedad, cultura y ocio, con una mirada local y global.","url":"https:\/\/candas365.es\/noticias\/","email":"info@candas365.es","telephone":"+34652131393","foundingDate":"2012-06-10","logo":{"@type":"ImageObject","url":"https:\/\/candas365.es\/noticias\/wp-content\/uploads\/2024\/09\/Candas-365-Redes.jpg","@id":"https:\/\/candas365.es\/noticias\/waldschmidt-no-cierra-las-puertas-al-bayern-munich\/#organizationLogo","width":1152,"height":864,"caption":"Cand\u00e1s 365 Redes"},"image":{"@id":"https:\/\/candas365.es\/noticias\/waldschmidt-no-cierra-las-puertas-al-bayern-munich\/#organizationLogo"},"sameAs":["https:\/\/www.facebook.com\/Nachofdezber","https:\/\/x.com\/NabercoDigital","https:\/\/www.instagram.com\/nachofdezber\/","https:\/\/www.youtube.com\/channel\/UCZP-2wLEB9Rv6erhFmqVnvg"],"address":{"@id":"https:\/\/candas365.es\/noticias\/#postaladdress","@type":"PostalAddress","streetAddress":"san antonio 4, san antonio 4","postalCode":"33430","addressLocality":"Cand\u00e1s","addressRegion":"Asturias","addressCountry":"ES"}},{"@type":"Person","@id":"https:\/\/candas365.es\/noticias\/author\/admin\/#author","url":"https:\/\/candas365.es\/noticias\/author\/admin\/","name":"Cand\u00e1s 365","image":{"@type":"ImageObject","@id":"https:\/\/candas365.es\/noticias\/waldschmidt-no-cierra-las-puertas-al-bayern-munich\/#authorImage","url":"https:\/\/secure.gravatar.com\/avatar\/496a8e03d0c493ede1718b7934145dbdf8d89be1036b0eec9544e1094c9de390?s=96&d=mm&r=g","width":96,"height":96,"caption":"Cand\u00e1s 365"},"sameAs":["https:\/\/www.facebook.com\/carrenoactualidad","https:\/\/twitter.com\/nbasturias","https:\/\/www.instagram.com\/nachofdezber\/","https:\/\/www.youtube.com\/channel\/UCZP-2wLEB9Rv6erhFmqVnvg"]},{"@type":"WebPage","@id":"https:\/\/candas365.es\/noticias\/waldschmidt-no-cierra-las-puertas-al-bayern-munich\/#webpage","url":"https:\/\/candas365.es\/noticias\/waldschmidt-no-cierra-las-puertas-al-bayern-munich\/","name":"Waldschmidt no cierra las puertas al Bayern M\u00fanich | Cand\u00e1s 365","description":"Friburgo, 3 dic (dpa) - El delantero de la selecci\u00f3n alemana de f\u00fatbol Luca Waldschmidt ve posible su futura incorporaci\u00f3n al Bayern M\u00fanich, seg\u00fan reconoce en una entrevista publicada hoy en el portal online \"t-online.de\". \"Este es el club m\u00e1s grande y exitoso de Alemania. Jugar con este club ser\u00eda algo muy especial\", dijo el","inLanguage":"es-ES","isPartOf":{"@id":"https:\/\/candas365.es\/noticias\/#website"},"breadcrumb":{"@id":"https:\/\/candas365.es\/noticias\/waldschmidt-no-cierra-las-puertas-al-bayern-munich\/#breadcrumblist"},"author":{"@id":"https:\/\/candas365.es\/noticias\/author\/admin\/#author"},"creator":{"@id":"https:\/\/candas365.es\/noticias\/author\/admin\/#author"},"image":{"@type":"ImageObject","url":"https:\/\/candas365.es\/noticias\/wp-content\/uploads\/2019\/12\/Waldschmidt.jpg","@id":"https:\/\/candas365.es\/noticias\/waldschmidt-no-cierra-las-puertas-al-bayern-munich\/#mainImage","width":884,"height":675,"caption":"Foto: Patrick Seeger\/dpa"},"primaryImageOfPage":{"@id":"https:\/\/candas365.es\/noticias\/waldschmidt-no-cierra-las-puertas-al-bayern-munich\/#mainImage"},"datePublished":"2019-12-04T04:54:17+01:00","dateModified":"2019-12-04T04:54:17+01:00"},{"@type":"WebSite","@id":"https:\/\/candas365.es\/noticias\/#website","url":"https:\/\/candas365.es\/noticias\/","name":"Cand\u00e1s 365","alternateName":"Cand\u00e1s 365 Noticias","description":"Actualidad desde Carre\u00f1o para el mundo","inLanguage":"es-ES","publisher":{"@id":"https:\/\/candas365.es\/noticias\/#organization"}}]},"og:locale":"es_ES","og:site_name":"Cand\u00e1s 365","og:type":"article","og:title":"Waldschmidt no cierra las puertas al Bayern M\u00fanich | Cand\u00e1s 365","og:description":"Friburgo, 3 dic (dpa) - El delantero de la selecci\u00f3n alemana de f\u00fatbol Luca Waldschmidt ve posible su futura incorporaci\u00f3n al Bayern M\u00fanich, seg\u00fan reconoce en una entrevista publicada hoy en el portal online &quot;t-online.de&quot;. &quot;Este es el club m\u00e1s grande y exitoso de Alemania. Jugar con este club ser\u00eda algo muy especial&quot;, dijo el","og:url":"https:\/\/candas365.es\/noticias\/waldschmidt-no-cierra-las-puertas-al-bayern-munich\/","og:image":"https:\/\/candas365.es\/noticias\/wp-content\/uploads\/2019\/12\/Waldschmidt.jpg","og:image:secure_url":"https:\/\/candas365.es\/noticias\/wp-content\/uploads\/2019\/12\/Waldschmidt.jpg","og:image:width":884,"og:image:height":675,"article:published_time":"2019-12-04T04:54:17+00:00","article:modified_time":"2019-12-04T04:54:17+00:00","article:publisher":"https:\/\/www.facebook.com\/Nachofdezber","article:author":"https:\/\/www.facebook.com\/carrenoactualidad","twitter:card":"summary_large_image","twitter:site":"@NabercoDigital","twitter:title":"Waldschmidt no cierra las puertas al Bayern M\u00fanich | Cand\u00e1s 365","twitter:description":"Friburgo, 3 dic (dpa) - El delantero de la selecci\u00f3n alemana de f\u00fatbol Luca Waldschmidt ve posible su futura incorporaci\u00f3n al Bayern M\u00fanich, seg\u00fan reconoce en una entrevista publicada hoy en el portal online &quot;t-online.de&quot;. &quot;Este es el club m\u00e1s grande y exitoso de Alemania. Jugar con este club ser\u00eda algo muy especial&quot;, dijo el","twitter:creator":"@nbasturias","twitter:image":"https:\/\/candas365.es\/noticias\/wp-content\/uploads\/2019\/12\/Waldschmidt.jpg","twitter:label1":"Escrito por","twitter:data1":"Cand\u00e1s 365","twitter:label2":"Tiempo de lectura estimado","twitter:data2":"1 minuto"},"aioseo_meta_data":{"post_id":"134060","title":null,"description":null,"keywords":null,"keyphrases":null,"primary_term":null,"canonical_url":null,"og_title":null,"og_description":null,"og_object_type":"default","og_image_type":"default","og_image_url":null,"og_image_width":null,"og_image_height":null,"og_image_custom_url":null,"og_image_custom_fields":null,"og_video":null,"og_custom_url":null,"og_article_section":null,"og_article_tags":null,"twitter_use_og":false,"twitter_card":"default","twitter_image_type":"default","twitter_image_url":null,"twitter_image_custom_url":null,"twitter_image_custom_fields":null,"twitter_title":null,"twitter_description":null,"schema":{"blockGraphs":[],"customGraphs":[],"default":{"data":{"Article":[],"Course":[],"Dataset":[],"FAQPage":[],"Movie":[],"Person":[],"Product":[],"ProductReview":[],"Car":[],"Recipe":[],"Service":[],"SoftwareApplication":[],"WebPage":[]},"graphName":"","isEnabled":true},"graphs":[],"defaultGraph":"","defaultPostTypeGraph":""},"schema_type":null,"schema_type_options":null,"pillar_content":false,"robots_default":true,"robots_noindex":false,"robots_noarchive":false,"robots_nosnippet":false,"robots_nofollow":false,"robots_noimageindex":false,"robots_noodp":false,"robots_notranslate":false,"robots_max_snippet":null,"robots_max_videopreview":null,"robots_max_imagepreview":"large","priority":null,"frequency":null,"location":null,"local_seo":null,"seo_analyzer_scan_date":"2025-08-30 18:49:15","breadcrumb_settings":null,"limit_modified_date":false,"reviewed_by":null,"open_ai":null,"ai":null,"created":"2020-12-21 10:49:52","updated":"2025-08-30 18:49:15"},"aioseo_breadcrumb":"<div class=\"aioseo-breadcrumbs\"><span class=\"aioseo-breadcrumb\">\n\t<a href=\"https:\/\/candas365.es\/noticias\" title=\"Home\">Home<\/a>\n<\/span><span class=\"aioseo-breadcrumb-separator\">&ndash;<\/span><span class=\"aioseo-breadcrumb\">\n\t<a href=\"https:\/\/candas365.es\/noticias\/category\/deporte\/\" title=\"Deporte\">Deporte<\/a>\n<\/span><span class=\"aioseo-breadcrumb-separator\">&ndash;<\/span><span class=\"aioseo-breadcrumb\">\n\tWaldschmidt no cierra las puertas al Bayern M\u00fanich\n<\/span><\/div>","aioseo_breadcrumb_json":[{"label":"Home","link":"https:\/\/candas365.es\/noticias"},{"label":"Deporte","link":"https:\/\/candas365.es\/noticias\/category\/deporte\/"},{"label":"Waldschmidt no cierra las puertas al Bayern M\u00fanich","link":"https:\/\/candas365.es\/noticias\/waldschmidt-no-cierra-las-puertas-al-bayern-munich\/"}],"_links":{"self":[{"href":"https:\/\/candas365.es\/noticias\/wp-json\/wp\/v2\/posts\/134060","targetHints":{"allow":["GET"]}}],"collection":[{"href":"https:\/\/candas365.es\/noticias\/wp-json\/wp\/v2\/posts"}],"about":[{"href":"https:\/\/candas365.es\/noticias\/wp-json\/wp\/v2\/types\/post"}],"author":[{"embeddable":true,"href":"https:\/\/candas365.es\/noticias\/wp-json\/wp\/v2\/users\/1"}],"replies":[{"embeddable":true,"href":"https:\/\/candas365.es\/noticias\/wp-json\/wp\/v2\/comments?post=134060"}],"version-history":[{"count":0,"href":"https:\/\/candas365.es\/noticias\/wp-json\/wp\/v2\/posts\/134060\/revisions"}],"wp:featuredmedia":[{"embeddable":true,"href":"https:\/\/candas365.es\/noticias\/wp-json\/wp\/v2\/media\/134061"}],"wp:attachment":[{"href":"https:\/\/candas365.es\/noticias\/wp-json\/wp\/v2\/media?parent=134060"}],"wp:term":[{"taxonomy":"category","embeddable":true,"href":"https:\/\/candas365.es\/noticias\/wp-json\/wp\/v2\/categories?post=134060"},{"taxonomy":"post_tag","embeddable":true,"href":"https:\/\/candas365.es\/noticias\/wp-json\/wp\/v2\/tags?post=134060"}],"curies":[{"name":"wp","href":"https:\/\/api.w.org\/{rel}","templated":true}]}}