{"id":134021,"date":"2019-12-03T07:01:56","date_gmt":"2019-12-03T07:01:56","guid":{"rendered":"http:\/\/candas365.es\/noticias\/?p=134021"},"modified":"2019-12-03T07:01:56","modified_gmt":"2019-12-03T07:01:56","slug":"coman-feliz-en-el-bayern","status":"publish","type":"post","link":"https:\/\/candas365.es\/noticias\/coman-feliz-en-el-bayern\/","title":{"rendered":"Coman feliz en el Bayern"},"content":{"rendered":"<figure id=\"attachment_134022\" aria-describedby=\"caption-attachment-134022\" style=\"width: 360px\" class=\"wp-caption alignleft\"><img fetchpriority=\"high\" decoding=\"async\" class=\"size-medium wp-image-134022\" src=\"https:\/\/candas365.es\/noticias\/wp-content\/uploads\/2019\/12\/Coman-dpa-360x242.jpg\" alt=\"\" width=\"360\" height=\"242\" srcset=\"https:\/\/candas365.es\/noticias\/wp-content\/uploads\/2019\/12\/Coman-dpa-360x242.jpg 360w, https:\/\/candas365.es\/noticias\/wp-content\/uploads\/2019\/12\/Coman-dpa-655x440.jpg 655w, https:\/\/candas365.es\/noticias\/wp-content\/uploads\/2019\/12\/Coman-dpa-768x516.jpg 768w, https:\/\/candas365.es\/noticias\/wp-content\/uploads\/2019\/12\/Coman-dpa-696x468.jpg 696w, https:\/\/candas365.es\/noticias\/wp-content\/uploads\/2019\/12\/Coman-dpa-625x420.jpg 625w, https:\/\/candas365.es\/noticias\/wp-content\/uploads\/2019\/12\/Coman-dpa.jpg 989w\" sizes=\"(max-width: 360px) 100vw, 360px\" \/><figcaption id=\"caption-attachment-134022\" class=\"wp-caption-text\">Foto: Matthias Balk\/dpa<\/figcaption><\/figure>\n<p>M\u00fanich, 2 dic (dpa) &#8211; El delantero franc\u00e9s del Bayern <strong>Kingsley Coma<\/strong>n sigue viendo claramente su futuro en M\u00fanich, seg\u00fan declar\u00f3 en una entrevista publicada por la revista \u00ab51\u00bb del club campe\u00f3n del f\u00fatbol alem\u00e1n.<\/p>\n<p>\u00abEstoy seguro de que me quedar\u00e9 en el Bayern durante mucho tiempo: la ciudad es genial, el club es muy bueno, ganamos t\u00edtulos, solo nos falta la Liga de Campeones. Aparte del tiempo, yo no cambiar\u00eda nada\u00bb, dijo el joven jugador franc\u00e9s.<\/p>\n<p>Coman tiene un contrato con el campe\u00f3n r\u00e9cord del f\u00fatbol germano hasta junio de 2023. Si lo cumple, habr\u00e1 jugado en el club b\u00e1varo durante ocho a\u00f1os.<\/p>\n<p>Al pregunt\u00e1rsele sobre las doce temporadas con el Bayern de su compatriota Franck Rib\u00e9ry, el internacional franc\u00e9s dijo: \u00abPor supuesto que puedo imaginarme pasar doce a\u00f1os aqu\u00ed como Franck\u00bb.<\/p>\n<p>El galo de 23 a\u00f1os, cuya familia es oriunda de la regi\u00f3n francesa de ultramar Guadalupe, se siente \u00abmuy, muy c\u00f3modo\u00bb en M\u00fanich, como \u00e9l mismo dijo.<\/p>\n<p><strong>\u00abEl Bayern y M\u00fanich se han convertido en una parte importante de mi vida\u00bb<\/strong>, afirm\u00f3 Coman, quien confes\u00f3 que, despu\u00e9s de haber sido baja dos veces debido a una rotura de los ligamentos de la sindesmosis, hab\u00eda tenido miedo de no poder volver alcanzar el nivel necesario.<\/p>\n<p>\u00abIncluso hoy tengo la sensaci\u00f3n de que todav\u00eda me falta un poco, de que puedo seguir mejorando. Pero la seguridad en el juego la recuper\u00e9 totalmente\u00bb, subray\u00f3 Coman.<\/p>\n","protected":false},"excerpt":{"rendered":"<p>M\u00fanich, 2 dic (dpa) &#8211; El delantero franc\u00e9s del Bayern Kingsley Coman sigue viendo claramente su futuro en M\u00fanich, seg\u00fan declar\u00f3 en una entrevista publicada por la revista \u00ab51\u00bb del club campe\u00f3n del f\u00fatbol alem\u00e1n. \u00abEstoy seguro de que me quedar\u00e9 en el Bayern durante mucho tiempo: la ciudad es genial, el club es muy<\/p>\n","protected":false},"author":1,"featured_media":134022,"comment_status":"closed","ping_status":"closed","sticky":false,"template":"","format":"standard","meta":{"footnotes":""},"categories":[319],"tags":[],"class_list":{"0":"post-134021","1":"post","2":"type-post","3":"status-publish","4":"format-standard","5":"has-post-thumbnail","7":"category-deporte"},"aioseo_notices":[],"aioseo_head":"\n\t\t<!-- All in One SEO Pro 4.9.6.2 - aioseo.com -->\n\t<meta name=\"description\" content=\"M\u00fanich, 2 dic (dpa) - El delantero franc\u00e9s del Bayern Kingsley Coman sigue viendo claramente su futuro en M\u00fanich, seg\u00fan declar\u00f3 en una entrevista publicada por la revista &quot;51&quot; del club campe\u00f3n del f\u00fatbol alem\u00e1n. &quot;Estoy seguro de que me quedar\u00e9 en el Bayern durante mucho tiempo: la ciudad es genial, el club es muy\" \/>\n\t<meta name=\"robots\" content=\"max-image-preview:large\" \/>\n\t<meta name=\"author\" content=\"Cand\u00e1s 365\"\/>\n\t<meta name=\"google-site-verification\" content=\"UA-32230408-1\" \/>\n\t<meta name=\"msvalidate.01\" content=\"354F3CDFB2DA171B47FBE9ABF1F88D5\" \/>\n\t<meta name=\"keywords\" content=\"deporte\" \/>\n\t<link rel=\"canonical\" href=\"https:\/\/candas365.es\/noticias\/coman-feliz-en-el-bayern\/\" \/>\n\t<meta name=\"generator\" content=\"All in One SEO Pro (AIOSEO) 4.9.6.2\" \/>\n\t\t<meta property=\"og:locale\" content=\"es_ES\" \/>\n\t\t<meta property=\"og:site_name\" content=\"Cand\u00e1s 365\" \/>\n\t\t<meta property=\"og:type\" content=\"article\" \/>\n\t\t<meta property=\"og:title\" content=\"Coman feliz en el Bayern | Cand\u00e1s 365\" \/>\n\t\t<meta property=\"og:description\" content=\"M\u00fanich, 2 dic (dpa) - El delantero franc\u00e9s del Bayern Kingsley Coman sigue viendo claramente su futuro en M\u00fanich, seg\u00fan declar\u00f3 en una entrevista publicada por la revista &quot;51&quot; del club campe\u00f3n del f\u00fatbol alem\u00e1n. &quot;Estoy seguro de que me quedar\u00e9 en el Bayern durante mucho tiempo: la ciudad es genial, el club es muy\" \/>\n\t\t<meta property=\"og:url\" content=\"https:\/\/candas365.es\/noticias\/coman-feliz-en-el-bayern\/\" \/>\n\t\t<meta property=\"og:image\" content=\"https:\/\/candas365.es\/noticias\/wp-content\/uploads\/2019\/12\/Coman-dpa.jpg\" \/>\n\t\t<meta property=\"og:image:secure_url\" content=\"https:\/\/candas365.es\/noticias\/wp-content\/uploads\/2019\/12\/Coman-dpa.jpg\" \/>\n\t\t<meta property=\"og:image:width\" content=\"989\" \/>\n\t\t<meta property=\"og:image:height\" content=\"665\" \/>\n\t\t<meta property=\"article:published_time\" content=\"2019-12-03T07:01:56+00:00\" \/>\n\t\t<meta property=\"article:modified_time\" content=\"2019-12-03T07:01:56+00:00\" \/>\n\t\t<meta property=\"article:publisher\" content=\"https:\/\/www.facebook.com\/Nachofdezber\" \/>\n\t\t<meta property=\"article:author\" content=\"https:\/\/www.facebook.com\/carrenoactualidad\" \/>\n\t\t<meta name=\"twitter:card\" content=\"summary_large_image\" \/>\n\t\t<meta name=\"twitter:site\" content=\"@NabercoDigital\" \/>\n\t\t<meta name=\"twitter:title\" content=\"Coman feliz en el Bayern | Cand\u00e1s 365\" \/>\n\t\t<meta name=\"twitter:description\" content=\"M\u00fanich, 2 dic (dpa) - El delantero franc\u00e9s del Bayern Kingsley Coman sigue viendo claramente su futuro en M\u00fanich, seg\u00fan declar\u00f3 en una entrevista publicada por la revista &quot;51&quot; del club campe\u00f3n del f\u00fatbol alem\u00e1n. &quot;Estoy seguro de que me quedar\u00e9 en el Bayern durante mucho tiempo: la ciudad es genial, el club es muy\" \/>\n\t\t<meta name=\"twitter:creator\" content=\"@nbasturias\" \/>\n\t\t<meta name=\"twitter:image\" content=\"https:\/\/candas365.es\/noticias\/wp-content\/uploads\/2019\/12\/Coman-dpa.jpg\" \/>\n\t\t<meta name=\"twitter:label1\" content=\"Escrito por\" \/>\n\t\t<meta name=\"twitter:data1\" content=\"Cand\u00e1s 365\" \/>\n\t\t<meta name=\"twitter:label2\" content=\"Tiempo de lectura estimado\" \/>\n\t\t<meta name=\"twitter:data2\" content=\"1 minuto\" \/>\n\t\t<script type=\"application\/ld+json\" class=\"aioseo-schema\">\n\t\t\t{\"@context\":\"https:\\\/\\\/schema.org\",\"@graph\":[{\"@type\":\"BreadcrumbList\",\"@id\":\"https:\\\/\\\/candas365.es\\\/noticias\\\/coman-feliz-en-el-bayern\\\/#breadcrumblist\",\"itemListElement\":[{\"@type\":\"ListItem\",\"@id\":\"https:\\\/\\\/candas365.es\\\/noticias#listItem\",\"position\":1,\"name\":\"Home\",\"item\":\"https:\\\/\\\/candas365.es\\\/noticias\",\"nextItem\":{\"@type\":\"ListItem\",\"@id\":\"https:\\\/\\\/candas365.es\\\/noticias\\\/category\\\/deporte\\\/#listItem\",\"name\":\"Deporte\"}},{\"@type\":\"ListItem\",\"@id\":\"https:\\\/\\\/candas365.es\\\/noticias\\\/category\\\/deporte\\\/#listItem\",\"position\":2,\"name\":\"Deporte\",\"item\":\"https:\\\/\\\/candas365.es\\\/noticias\\\/category\\\/deporte\\\/\",\"nextItem\":{\"@type\":\"ListItem\",\"@id\":\"https:\\\/\\\/candas365.es\\\/noticias\\\/coman-feliz-en-el-bayern\\\/#listItem\",\"name\":\"Coman feliz en el Bayern\"},\"previousItem\":{\"@type\":\"ListItem\",\"@id\":\"https:\\\/\\\/candas365.es\\\/noticias#listItem\",\"name\":\"Home\"}},{\"@type\":\"ListItem\",\"@id\":\"https:\\\/\\\/candas365.es\\\/noticias\\\/coman-feliz-en-el-bayern\\\/#listItem\",\"position\":3,\"name\":\"Coman feliz en el Bayern\",\"previousItem\":{\"@type\":\"ListItem\",\"@id\":\"https:\\\/\\\/candas365.es\\\/noticias\\\/category\\\/deporte\\\/#listItem\",\"name\":\"Deporte\"}}]},{\"@type\":\"NewsArticle\",\"@id\":\"https:\\\/\\\/candas365.es\\\/noticias\\\/coman-feliz-en-el-bayern\\\/#newsarticle\",\"name\":\"Coman feliz en el Bayern | Cand\\u00e1s 365\",\"headline\":\"Coman feliz en el Bayern\",\"author\":{\"@id\":\"https:\\\/\\\/candas365.es\\\/noticias\\\/author\\\/admin\\\/#author\"},\"publisher\":{\"@id\":\"https:\\\/\\\/candas365.es\\\/noticias\\\/#organization\"},\"image\":{\"@type\":\"ImageObject\",\"url\":\"https:\\\/\\\/candas365.es\\\/noticias\\\/wp-content\\\/uploads\\\/2019\\\/12\\\/Coman-dpa.jpg\",\"width\":989,\"height\":665,\"caption\":\"Foto: Matthias Balk\\\/dpa\"},\"datePublished\":\"2019-12-03T07:01:56+01:00\",\"dateModified\":\"2019-12-03T07:01:56+01:00\",\"inLanguage\":\"es-ES\",\"mainEntityOfPage\":{\"@id\":\"https:\\\/\\\/candas365.es\\\/noticias\\\/coman-feliz-en-el-bayern\\\/#webpage\"},\"isPartOf\":{\"@id\":\"https:\\\/\\\/candas365.es\\\/noticias\\\/coman-feliz-en-el-bayern\\\/#webpage\"},\"articleSection\":\"Deporte\",\"dateline\":\"Publicado el diciembre 3, 2019.\"},{\"@type\":\"Organization\",\"@id\":\"https:\\\/\\\/candas365.es\\\/noticias\\\/#organization\",\"name\":\"Cand\\u00e1s 365\",\"description\":\"Cand\\u00e1s 365 es un diario digital independiente, fundado en 2012, con base en Asturias. Informamos con rigor sobre actualidad, sociedad, cultura y ocio, con una mirada local y global.\",\"url\":\"https:\\\/\\\/candas365.es\\\/noticias\\\/\",\"email\":\"info@candas365.es\",\"telephone\":\"+34652131393\",\"foundingDate\":\"2012-06-10\",\"logo\":{\"@type\":\"ImageObject\",\"url\":\"https:\\\/\\\/candas365.es\\\/noticias\\\/wp-content\\\/uploads\\\/2024\\\/09\\\/Candas-365-Redes.jpg\",\"@id\":\"https:\\\/\\\/candas365.es\\\/noticias\\\/coman-feliz-en-el-bayern\\\/#organizationLogo\",\"width\":1152,\"height\":864,\"caption\":\"Cand\\u00e1s 365 Redes\"},\"image\":{\"@id\":\"https:\\\/\\\/candas365.es\\\/noticias\\\/coman-feliz-en-el-bayern\\\/#organizationLogo\"},\"sameAs\":[\"https:\\\/\\\/www.facebook.com\\\/Nachofdezber\",\"https:\\\/\\\/x.com\\\/NabercoDigital\",\"https:\\\/\\\/www.instagram.com\\\/nachofdezber\\\/\",\"https:\\\/\\\/www.youtube.com\\\/channel\\\/UCZP-2wLEB9Rv6erhFmqVnvg\"],\"address\":{\"@id\":\"https:\\\/\\\/candas365.es\\\/noticias\\\/#postaladdress\",\"@type\":\"PostalAddress\",\"streetAddress\":\"san antonio 4, san antonio 4\",\"postalCode\":\"33430\",\"addressLocality\":\"Cand\\u00e1s\",\"addressRegion\":\"Asturias\",\"addressCountry\":\"ES\"}},{\"@type\":\"Person\",\"@id\":\"https:\\\/\\\/candas365.es\\\/noticias\\\/author\\\/admin\\\/#author\",\"url\":\"https:\\\/\\\/candas365.es\\\/noticias\\\/author\\\/admin\\\/\",\"name\":\"Cand\\u00e1s 365\",\"image\":{\"@type\":\"ImageObject\",\"@id\":\"https:\\\/\\\/candas365.es\\\/noticias\\\/coman-feliz-en-el-bayern\\\/#authorImage\",\"url\":\"https:\\\/\\\/secure.gravatar.com\\\/avatar\\\/496a8e03d0c493ede1718b7934145dbdf8d89be1036b0eec9544e1094c9de390?s=96&d=mm&r=g\",\"width\":96,\"height\":96,\"caption\":\"Cand\\u00e1s 365\"},\"sameAs\":[\"https:\\\/\\\/www.facebook.com\\\/carrenoactualidad\",\"https:\\\/\\\/twitter.com\\\/nbasturias\",\"https:\\\/\\\/www.instagram.com\\\/nachofdezber\\\/\",\"https:\\\/\\\/www.youtube.com\\\/channel\\\/UCZP-2wLEB9Rv6erhFmqVnvg\"]},{\"@type\":\"WebPage\",\"@id\":\"https:\\\/\\\/candas365.es\\\/noticias\\\/coman-feliz-en-el-bayern\\\/#webpage\",\"url\":\"https:\\\/\\\/candas365.es\\\/noticias\\\/coman-feliz-en-el-bayern\\\/\",\"name\":\"Coman feliz en el Bayern | Cand\\u00e1s 365\",\"description\":\"M\\u00fanich, 2 dic (dpa) - El delantero franc\\u00e9s del Bayern Kingsley Coman sigue viendo claramente su futuro en M\\u00fanich, seg\\u00fan declar\\u00f3 en una entrevista publicada por la revista \\\"51\\\" del club campe\\u00f3n del f\\u00fatbol alem\\u00e1n. \\\"Estoy seguro de que me quedar\\u00e9 en el Bayern durante mucho tiempo: la ciudad es genial, el club es muy\",\"inLanguage\":\"es-ES\",\"isPartOf\":{\"@id\":\"https:\\\/\\\/candas365.es\\\/noticias\\\/#website\"},\"breadcrumb\":{\"@id\":\"https:\\\/\\\/candas365.es\\\/noticias\\\/coman-feliz-en-el-bayern\\\/#breadcrumblist\"},\"author\":{\"@id\":\"https:\\\/\\\/candas365.es\\\/noticias\\\/author\\\/admin\\\/#author\"},\"creator\":{\"@id\":\"https:\\\/\\\/candas365.es\\\/noticias\\\/author\\\/admin\\\/#author\"},\"image\":{\"@type\":\"ImageObject\",\"url\":\"https:\\\/\\\/candas365.es\\\/noticias\\\/wp-content\\\/uploads\\\/2019\\\/12\\\/Coman-dpa.jpg\",\"@id\":\"https:\\\/\\\/candas365.es\\\/noticias\\\/coman-feliz-en-el-bayern\\\/#mainImage\",\"width\":989,\"height\":665,\"caption\":\"Foto: Matthias Balk\\\/dpa\"},\"primaryImageOfPage\":{\"@id\":\"https:\\\/\\\/candas365.es\\\/noticias\\\/coman-feliz-en-el-bayern\\\/#mainImage\"},\"datePublished\":\"2019-12-03T07:01:56+01:00\",\"dateModified\":\"2019-12-03T07:01:56+01:00\"},{\"@type\":\"WebSite\",\"@id\":\"https:\\\/\\\/candas365.es\\\/noticias\\\/#website\",\"url\":\"https:\\\/\\\/candas365.es\\\/noticias\\\/\",\"name\":\"Cand\\u00e1s 365\",\"alternateName\":\"Cand\\u00e1s 365 Noticias\",\"description\":\"Actualidad desde Carre\\u00f1o para el mundo\",\"inLanguage\":\"es-ES\",\"publisher\":{\"@id\":\"https:\\\/\\\/candas365.es\\\/noticias\\\/#organization\"}}]}\n\t\t<\/script>\n\t\t<!-- All in One SEO Pro -->\r\n\t\t<title>Coman feliz en el Bayern | Cand\u00e1s 365<\/title>\n\n","aioseo_head_json":{"title":"Coman feliz en el Bayern | Cand\u00e1s 365","description":"M\u00fanich, 2 dic (dpa) - El delantero franc\u00e9s del Bayern Kingsley Coman sigue viendo claramente su futuro en M\u00fanich, seg\u00fan declar\u00f3 en una entrevista publicada por la revista \"51\" del club campe\u00f3n del f\u00fatbol alem\u00e1n. \"Estoy seguro de que me quedar\u00e9 en el Bayern durante mucho tiempo: la ciudad es genial, el club es muy","canonical_url":"https:\/\/candas365.es\/noticias\/coman-feliz-en-el-bayern\/","robots":"max-image-preview:large","keywords":"deporte","webmasterTools":{"google-site-verification":"UA-32230408-1","msvalidate.01":"354F3CDFB2DA171B47FBE9ABF1F88D5","miscellaneous":""},"schema":{"@context":"https:\/\/schema.org","@graph":[{"@type":"BreadcrumbList","@id":"https:\/\/candas365.es\/noticias\/coman-feliz-en-el-bayern\/#breadcrumblist","itemListElement":[{"@type":"ListItem","@id":"https:\/\/candas365.es\/noticias#listItem","position":1,"name":"Home","item":"https:\/\/candas365.es\/noticias","nextItem":{"@type":"ListItem","@id":"https:\/\/candas365.es\/noticias\/category\/deporte\/#listItem","name":"Deporte"}},{"@type":"ListItem","@id":"https:\/\/candas365.es\/noticias\/category\/deporte\/#listItem","position":2,"name":"Deporte","item":"https:\/\/candas365.es\/noticias\/category\/deporte\/","nextItem":{"@type":"ListItem","@id":"https:\/\/candas365.es\/noticias\/coman-feliz-en-el-bayern\/#listItem","name":"Coman feliz en el Bayern"},"previousItem":{"@type":"ListItem","@id":"https:\/\/candas365.es\/noticias#listItem","name":"Home"}},{"@type":"ListItem","@id":"https:\/\/candas365.es\/noticias\/coman-feliz-en-el-bayern\/#listItem","position":3,"name":"Coman feliz en el Bayern","previousItem":{"@type":"ListItem","@id":"https:\/\/candas365.es\/noticias\/category\/deporte\/#listItem","name":"Deporte"}}]},{"@type":"NewsArticle","@id":"https:\/\/candas365.es\/noticias\/coman-feliz-en-el-bayern\/#newsarticle","name":"Coman feliz en el Bayern | Cand\u00e1s 365","headline":"Coman feliz en el Bayern","author":{"@id":"https:\/\/candas365.es\/noticias\/author\/admin\/#author"},"publisher":{"@id":"https:\/\/candas365.es\/noticias\/#organization"},"image":{"@type":"ImageObject","url":"https:\/\/candas365.es\/noticias\/wp-content\/uploads\/2019\/12\/Coman-dpa.jpg","width":989,"height":665,"caption":"Foto: Matthias Balk\/dpa"},"datePublished":"2019-12-03T07:01:56+01:00","dateModified":"2019-12-03T07:01:56+01:00","inLanguage":"es-ES","mainEntityOfPage":{"@id":"https:\/\/candas365.es\/noticias\/coman-feliz-en-el-bayern\/#webpage"},"isPartOf":{"@id":"https:\/\/candas365.es\/noticias\/coman-feliz-en-el-bayern\/#webpage"},"articleSection":"Deporte","dateline":"Publicado el diciembre 3, 2019."},{"@type":"Organization","@id":"https:\/\/candas365.es\/noticias\/#organization","name":"Cand\u00e1s 365","description":"Cand\u00e1s 365 es un diario digital independiente, fundado en 2012, con base en Asturias. Informamos con rigor sobre actualidad, sociedad, cultura y ocio, con una mirada local y global.","url":"https:\/\/candas365.es\/noticias\/","email":"info@candas365.es","telephone":"+34652131393","foundingDate":"2012-06-10","logo":{"@type":"ImageObject","url":"https:\/\/candas365.es\/noticias\/wp-content\/uploads\/2024\/09\/Candas-365-Redes.jpg","@id":"https:\/\/candas365.es\/noticias\/coman-feliz-en-el-bayern\/#organizationLogo","width":1152,"height":864,"caption":"Cand\u00e1s 365 Redes"},"image":{"@id":"https:\/\/candas365.es\/noticias\/coman-feliz-en-el-bayern\/#organizationLogo"},"sameAs":["https:\/\/www.facebook.com\/Nachofdezber","https:\/\/x.com\/NabercoDigital","https:\/\/www.instagram.com\/nachofdezber\/","https:\/\/www.youtube.com\/channel\/UCZP-2wLEB9Rv6erhFmqVnvg"],"address":{"@id":"https:\/\/candas365.es\/noticias\/#postaladdress","@type":"PostalAddress","streetAddress":"san antonio 4, san antonio 4","postalCode":"33430","addressLocality":"Cand\u00e1s","addressRegion":"Asturias","addressCountry":"ES"}},{"@type":"Person","@id":"https:\/\/candas365.es\/noticias\/author\/admin\/#author","url":"https:\/\/candas365.es\/noticias\/author\/admin\/","name":"Cand\u00e1s 365","image":{"@type":"ImageObject","@id":"https:\/\/candas365.es\/noticias\/coman-feliz-en-el-bayern\/#authorImage","url":"https:\/\/secure.gravatar.com\/avatar\/496a8e03d0c493ede1718b7934145dbdf8d89be1036b0eec9544e1094c9de390?s=96&d=mm&r=g","width":96,"height":96,"caption":"Cand\u00e1s 365"},"sameAs":["https:\/\/www.facebook.com\/carrenoactualidad","https:\/\/twitter.com\/nbasturias","https:\/\/www.instagram.com\/nachofdezber\/","https:\/\/www.youtube.com\/channel\/UCZP-2wLEB9Rv6erhFmqVnvg"]},{"@type":"WebPage","@id":"https:\/\/candas365.es\/noticias\/coman-feliz-en-el-bayern\/#webpage","url":"https:\/\/candas365.es\/noticias\/coman-feliz-en-el-bayern\/","name":"Coman feliz en el Bayern | Cand\u00e1s 365","description":"M\u00fanich, 2 dic (dpa) - El delantero franc\u00e9s del Bayern Kingsley Coman sigue viendo claramente su futuro en M\u00fanich, seg\u00fan declar\u00f3 en una entrevista publicada por la revista \"51\" del club campe\u00f3n del f\u00fatbol alem\u00e1n. \"Estoy seguro de que me quedar\u00e9 en el Bayern durante mucho tiempo: la ciudad es genial, el club es muy","inLanguage":"es-ES","isPartOf":{"@id":"https:\/\/candas365.es\/noticias\/#website"},"breadcrumb":{"@id":"https:\/\/candas365.es\/noticias\/coman-feliz-en-el-bayern\/#breadcrumblist"},"author":{"@id":"https:\/\/candas365.es\/noticias\/author\/admin\/#author"},"creator":{"@id":"https:\/\/candas365.es\/noticias\/author\/admin\/#author"},"image":{"@type":"ImageObject","url":"https:\/\/candas365.es\/noticias\/wp-content\/uploads\/2019\/12\/Coman-dpa.jpg","@id":"https:\/\/candas365.es\/noticias\/coman-feliz-en-el-bayern\/#mainImage","width":989,"height":665,"caption":"Foto: Matthias Balk\/dpa"},"primaryImageOfPage":{"@id":"https:\/\/candas365.es\/noticias\/coman-feliz-en-el-bayern\/#mainImage"},"datePublished":"2019-12-03T07:01:56+01:00","dateModified":"2019-12-03T07:01:56+01:00"},{"@type":"WebSite","@id":"https:\/\/candas365.es\/noticias\/#website","url":"https:\/\/candas365.es\/noticias\/","name":"Cand\u00e1s 365","alternateName":"Cand\u00e1s 365 Noticias","description":"Actualidad desde Carre\u00f1o para el mundo","inLanguage":"es-ES","publisher":{"@id":"https:\/\/candas365.es\/noticias\/#organization"}}]},"og:locale":"es_ES","og:site_name":"Cand\u00e1s 365","og:type":"article","og:title":"Coman feliz en el Bayern | Cand\u00e1s 365","og:description":"M\u00fanich, 2 dic (dpa) - El delantero franc\u00e9s del Bayern Kingsley Coman sigue viendo claramente su futuro en M\u00fanich, seg\u00fan declar\u00f3 en una entrevista publicada por la revista &quot;51&quot; del club campe\u00f3n del f\u00fatbol alem\u00e1n. &quot;Estoy seguro de que me quedar\u00e9 en el Bayern durante mucho tiempo: la ciudad es genial, el club es muy","og:url":"https:\/\/candas365.es\/noticias\/coman-feliz-en-el-bayern\/","og:image":"https:\/\/candas365.es\/noticias\/wp-content\/uploads\/2019\/12\/Coman-dpa.jpg","og:image:secure_url":"https:\/\/candas365.es\/noticias\/wp-content\/uploads\/2019\/12\/Coman-dpa.jpg","og:image:width":989,"og:image:height":665,"article:published_time":"2019-12-03T07:01:56+00:00","article:modified_time":"2019-12-03T07:01:56+00:00","article:publisher":"https:\/\/www.facebook.com\/Nachofdezber","article:author":"https:\/\/www.facebook.com\/carrenoactualidad","twitter:card":"summary_large_image","twitter:site":"@NabercoDigital","twitter:title":"Coman feliz en el Bayern | Cand\u00e1s 365","twitter:description":"M\u00fanich, 2 dic (dpa) - El delantero franc\u00e9s del Bayern Kingsley Coman sigue viendo claramente su futuro en M\u00fanich, seg\u00fan declar\u00f3 en una entrevista publicada por la revista &quot;51&quot; del club campe\u00f3n del f\u00fatbol alem\u00e1n. &quot;Estoy seguro de que me quedar\u00e9 en el Bayern durante mucho tiempo: la ciudad es genial, el club es muy","twitter:creator":"@nbasturias","twitter:image":"https:\/\/candas365.es\/noticias\/wp-content\/uploads\/2019\/12\/Coman-dpa.jpg","twitter:label1":"Escrito por","twitter:data1":"Cand\u00e1s 365","twitter:label2":"Tiempo de lectura estimado","twitter:data2":"1 minuto"},"aioseo_meta_data":{"post_id":"134021","title":null,"description":null,"keywords":null,"keyphrases":null,"primary_term":null,"canonical_url":null,"og_title":null,"og_description":null,"og_object_type":"default","og_image_type":"default","og_image_url":null,"og_image_width":null,"og_image_height":null,"og_image_custom_url":null,"og_image_custom_fields":null,"og_video":null,"og_custom_url":null,"og_article_section":null,"og_article_tags":null,"twitter_use_og":false,"twitter_card":"default","twitter_image_type":"default","twitter_image_url":null,"twitter_image_custom_url":null,"twitter_image_custom_fields":null,"twitter_title":null,"twitter_description":null,"schema":{"blockGraphs":[],"customGraphs":[],"default":{"data":{"Article":[],"Course":[],"Dataset":[],"FAQPage":[],"Movie":[],"Person":[],"Product":[],"ProductReview":[],"Car":[],"Recipe":[],"Service":[],"SoftwareApplication":[],"WebPage":[]},"graphName":"","isEnabled":true},"graphs":[],"defaultGraph":"","defaultPostTypeGraph":""},"schema_type":null,"schema_type_options":null,"pillar_content":false,"robots_default":true,"robots_noindex":false,"robots_noarchive":false,"robots_nosnippet":false,"robots_nofollow":false,"robots_noimageindex":false,"robots_noodp":false,"robots_notranslate":false,"robots_max_snippet":null,"robots_max_videopreview":null,"robots_max_imagepreview":"large","priority":null,"frequency":null,"location":null,"local_seo":null,"seo_analyzer_scan_date":"2025-08-30 18:45:22","breadcrumb_settings":null,"limit_modified_date":false,"reviewed_by":null,"open_ai":null,"ai":null,"created":"2020-12-21 10:49:52","updated":"2025-08-30 18:45:22"},"aioseo_breadcrumb":"<div class=\"aioseo-breadcrumbs\"><span class=\"aioseo-breadcrumb\">\n\t<a href=\"https:\/\/candas365.es\/noticias\" title=\"Home\">Home<\/a>\n<\/span><span class=\"aioseo-breadcrumb-separator\">&ndash;<\/span><span class=\"aioseo-breadcrumb\">\n\t<a href=\"https:\/\/candas365.es\/noticias\/category\/deporte\/\" title=\"Deporte\">Deporte<\/a>\n<\/span><span class=\"aioseo-breadcrumb-separator\">&ndash;<\/span><span class=\"aioseo-breadcrumb\">\n\tComan feliz en el Bayern\n<\/span><\/div>","aioseo_breadcrumb_json":[{"label":"Home","link":"https:\/\/candas365.es\/noticias"},{"label":"Deporte","link":"https:\/\/candas365.es\/noticias\/category\/deporte\/"},{"label":"Coman feliz en el Bayern","link":"https:\/\/candas365.es\/noticias\/coman-feliz-en-el-bayern\/"}],"_links":{"self":[{"href":"https:\/\/candas365.es\/noticias\/wp-json\/wp\/v2\/posts\/134021","targetHints":{"allow":["GET"]}}],"collection":[{"href":"https:\/\/candas365.es\/noticias\/wp-json\/wp\/v2\/posts"}],"about":[{"href":"https:\/\/candas365.es\/noticias\/wp-json\/wp\/v2\/types\/post"}],"author":[{"embeddable":true,"href":"https:\/\/candas365.es\/noticias\/wp-json\/wp\/v2\/users\/1"}],"replies":[{"embeddable":true,"href":"https:\/\/candas365.es\/noticias\/wp-json\/wp\/v2\/comments?post=134021"}],"version-history":[{"count":0,"href":"https:\/\/candas365.es\/noticias\/wp-json\/wp\/v2\/posts\/134021\/revisions"}],"wp:featuredmedia":[{"embeddable":true,"href":"https:\/\/candas365.es\/noticias\/wp-json\/wp\/v2\/media\/134022"}],"wp:attachment":[{"href":"https:\/\/candas365.es\/noticias\/wp-json\/wp\/v2\/media?parent=134021"}],"wp:term":[{"taxonomy":"category","embeddable":true,"href":"https:\/\/candas365.es\/noticias\/wp-json\/wp\/v2\/categories?post=134021"},{"taxonomy":"post_tag","embeddable":true,"href":"https:\/\/candas365.es\/noticias\/wp-json\/wp\/v2\/tags?post=134021"}],"curies":[{"name":"wp","href":"https:\/\/api.w.org\/{rel}","templated":true}]}}