{"id":133966,"date":"2019-12-02T17:02:18","date_gmt":"2019-12-02T17:02:18","guid":{"rendered":"http:\/\/candas365.es\/noticias\/?p=133966"},"modified":"2019-12-02T17:02:18","modified_gmt":"2019-12-02T17:02:18","slug":"laboral-ciudad-de-la-cultura-acoge-la-exposicion-la-palabra-inacabada","status":"publish","type":"post","link":"https:\/\/candas365.es\/noticias\/laboral-ciudad-de-la-cultura-acoge-la-exposicion-la-palabra-inacabada\/","title":{"rendered":"Laboral Ciudad de la Cultura acoge la exposici\u00f3n \u00abLa palabra inacabada\u00bb"},"content":{"rendered":"<p><img fetchpriority=\"high\" decoding=\"async\" class=\"alignleft size-medium wp-image-133967\" src=\"https:\/\/candas365.es\/noticias\/wp-content\/uploads\/2019\/12\/ndp-122021219-360x222.jpg\" alt=\"\" width=\"360\" height=\"222\" srcset=\"https:\/\/candas365.es\/noticias\/wp-content\/uploads\/2019\/12\/ndp-122021219-360x222.jpg 360w, https:\/\/candas365.es\/noticias\/wp-content\/uploads\/2019\/12\/ndp-122021219-655x404.jpg 655w, https:\/\/candas365.es\/noticias\/wp-content\/uploads\/2019\/12\/ndp-122021219-696x430.jpg 696w, https:\/\/candas365.es\/noticias\/wp-content\/uploads\/2019\/12\/ndp-122021219-680x420.jpg 680w, https:\/\/candas365.es\/noticias\/wp-content\/uploads\/2019\/12\/ndp-122021219-356x220.jpg 356w, https:\/\/candas365.es\/noticias\/wp-content\/uploads\/2019\/12\/ndp-122021219.jpg 708w\" sizes=\"(max-width: 360px) 100vw, 360px\" \/>Laboral Ciudad de la Cultura inaugura este jueves 5 de diciembre, a las 19:00 horas, <em><strong>La palabra inacaba<\/strong><\/em>, una exposici\u00f3n del poeta visual Garc\u00eda de Marina que cuenta con la colaboraci\u00f3n del Instituto Cervantes, del Belgrade Photo Month y de Acci\u00f3n Cultural Espa\u00f1ola.<\/p>\n<p>La muestra, que se podr\u00e1 visitar hasta el pr\u00f3ximo 12 de enero en la Iglesia de la Laboral, explora la relaci\u00f3n entre el lenguaje visual y el lenguaje escrito, en un proyecto que habla sobre la construcci\u00f3n del lenguaje, las diferentes lenguas, la comunicaci\u00f3n, la identidad, el enriquecimiento cultural y los l\u00edmites de su utilizaci\u00f3n.<\/p>\n<p>A trav\u00e9s de 32 fotograf\u00edas Garc\u00eda de Marina pone de manifiesto el poder de la imaginaci\u00f3n, donde cada idea, formulada desde la conceptualizaci\u00f3n y el minimalismo, se plantea como un coloquio entre obra y espectador, como un acto mediante el cual la idea, plasmada a trav\u00e9s de simbolismos, queda finalizada en el pensamiento del individuo.<\/p>\n<p>Las obras del creador asturiano establecen, entre otras, conexiones con El Quijote de Miguel de Cervantes, con la obra de Raymond Queneau Ejercicios de Estilo, con las reuniones que se celebraban a diario en el desparecido Caf\u00e9 Cyrano de Par\u00eds (lugar de reuni\u00f3n de artistas y creadores encabezadas por el autor del Manifiesto Surrealista, el franc\u00e9s Andr\u00e9 Breton) o con la problem\u00e1tica de la participaci\u00f3n de Espa\u00f1a en la Exposici\u00f3n Internacional de Nueva York de 1939 a causa del desenlace de la Guerra Civil Espa\u00f1ola.<\/p>\n<p>\u201cEn el trabajo de Garc\u00eda de Marina, el doble, el aparecido y el fantasma suponen reelaboraciones, naturalezas muertas, objetos ya no encontrados sino manufacturados a partir de la disciplina del juego, la estrategia del comentario, el car\u00e1cter contaminante de la imaginaci\u00f3n y de los s\u00edmbolos\u201d, destaca el escritor Ricardo Men\u00e9ndez Salm\u00f3n en uno de los textos del cat\u00e1logo de la muestra.<\/p>\n<p>\u201cA Brossa y a Garc\u00eda de Marina no s\u00f3lo los emparenta la imagen y la poes\u00eda; uno, el catal\u00e1n, lo hizo todo, desde la velocidad de la imagen, a la paciencia de la poes\u00eda. Y al asturiano lo distingue c\u00f3mo combina ambos ritmos y se acerca a su hermano Joan Brossa por la delicadeza. Est\u00e1n emparentados (o emparenta2) por la delicadeza\u201d, reflexionaba el escritor y periodista Juan Cruz en el cat\u00e1logo de su anterior exposici\u00f3n, Dialo2, que reuni\u00f3 obras del artista visual catal\u00e1n y del asturiano en el Museo Barjola. En el mismo volumen, Gl\u00f2ria Bordons, en ese momento vicepresidenta de la Fundaci\u00f3n Brossa, a\u00f1ad\u00eda que \u201cGarc\u00eda de Marina se sit\u00faa, pues, en la constelaci\u00f3n brossiana, tanto por la imaginaci\u00f3n para crear su mundo de objetos reflexivos como por el mismo acto de provocar unos di\u00e1logos desconocidos e inquietantes que cada espectador debe construir\u201d.<\/p>\n<p>La palabra inacaba, con entrada gratuita, se inaugura el pr\u00f3ximo jueves de 5 diciembre, a las 19:00 horas, en la Iglesia de la Laboral. Se podr\u00e1 visitar hasta el 12 de enero de 12:00 a 14:00 y de 16:30 a 19:30 horas, excepto los d\u00edas 24, 25 y 31 de diciembre y 1, 5 (en horario vespertino) y 6 de enero.<\/p>\n<p>La muestra fue presentada en la Sede del Instituto Cervantes de Belgrado el pasado marzo y ya est\u00e1 confirmada su exhibici\u00f3n en los Institutos Cervantes de Budapest y Lisboa y en la Gallery Art 133 en Toronto.<\/p>\n","protected":false},"excerpt":{"rendered":"<p>Laboral Ciudad de la Cultura inaugura este jueves 5 de diciembre, a las 19:00 horas, La palabra inacaba, una exposici\u00f3n del poeta visual Garc\u00eda de Marina que cuenta con la colaboraci\u00f3n del Instituto Cervantes, del Belgrade Photo Month y de Acci\u00f3n Cultural Espa\u00f1ola. La muestra, que se podr\u00e1 visitar hasta el pr\u00f3ximo 12 de enero<\/p>\n","protected":false},"author":1,"featured_media":133967,"comment_status":"closed","ping_status":"closed","sticky":false,"template":"","format":"standard","meta":{"footnotes":""},"categories":[1],"tags":[],"class_list":{"0":"post-133966","1":"post","2":"type-post","3":"status-publish","4":"format-standard","5":"has-post-thumbnail","7":"category-agenda"},"aioseo_notices":[],"aioseo_head":"\n\t\t<!-- All in One SEO Pro 4.9.6.2 - aioseo.com -->\n\t<meta name=\"description\" content=\"Laboral Ciudad de la Cultura inaugura este jueves 5 de diciembre, a las 19:00 horas, La palabra inacaba, una exposici\u00f3n del poeta visual Garc\u00eda de Marina que cuenta con la colaboraci\u00f3n del Instituto Cervantes, del Belgrade Photo Month y de Acci\u00f3n Cultural Espa\u00f1ola. La muestra, que se podr\u00e1 visitar hasta el pr\u00f3ximo 12 de enero\" \/>\n\t<meta name=\"robots\" content=\"max-image-preview:large\" \/>\n\t<meta name=\"author\" content=\"Cand\u00e1s 365\"\/>\n\t<meta name=\"google-site-verification\" content=\"UA-32230408-1\" \/>\n\t<meta name=\"msvalidate.01\" content=\"354F3CDFB2DA171B47FBE9ABF1F88D5\" \/>\n\t<meta name=\"keywords\" content=\"agenda\" \/>\n\t<link rel=\"canonical\" href=\"https:\/\/candas365.es\/noticias\/laboral-ciudad-de-la-cultura-acoge-la-exposicion-la-palabra-inacabada\/\" \/>\n\t<meta name=\"generator\" content=\"All in One SEO Pro (AIOSEO) 4.9.6.2\" \/>\n\t\t<meta property=\"og:locale\" content=\"es_ES\" \/>\n\t\t<meta property=\"og:site_name\" content=\"Cand\u00e1s 365\" \/>\n\t\t<meta property=\"og:type\" content=\"article\" \/>\n\t\t<meta property=\"og:title\" content=\"Laboral Ciudad de la Cultura acoge la exposici\u00f3n \u00abLa palabra inacabada\u00bb | Cand\u00e1s 365\" \/>\n\t\t<meta property=\"og:description\" content=\"Laboral Ciudad de la Cultura inaugura este jueves 5 de diciembre, a las 19:00 horas, La palabra inacaba, una exposici\u00f3n del poeta visual Garc\u00eda de Marina que cuenta con la colaboraci\u00f3n del Instituto Cervantes, del Belgrade Photo Month y de Acci\u00f3n Cultural Espa\u00f1ola. La muestra, que se podr\u00e1 visitar hasta el pr\u00f3ximo 12 de enero\" \/>\n\t\t<meta property=\"og:url\" content=\"https:\/\/candas365.es\/noticias\/laboral-ciudad-de-la-cultura-acoge-la-exposicion-la-palabra-inacabada\/\" \/>\n\t\t<meta property=\"og:image\" content=\"https:\/\/candas365.es\/noticias\/wp-content\/uploads\/2019\/12\/ndp-122021219.jpg\" \/>\n\t\t<meta property=\"og:image:secure_url\" content=\"https:\/\/candas365.es\/noticias\/wp-content\/uploads\/2019\/12\/ndp-122021219.jpg\" \/>\n\t\t<meta property=\"og:image:width\" content=\"708\" \/>\n\t\t<meta property=\"og:image:height\" content=\"437\" \/>\n\t\t<meta property=\"article:published_time\" content=\"2019-12-02T17:02:18+00:00\" \/>\n\t\t<meta property=\"article:modified_time\" content=\"2019-12-02T17:02:18+00:00\" \/>\n\t\t<meta property=\"article:publisher\" content=\"https:\/\/www.facebook.com\/Nachofdezber\" \/>\n\t\t<meta property=\"article:author\" content=\"https:\/\/www.facebook.com\/carrenoactualidad\" \/>\n\t\t<meta name=\"twitter:card\" content=\"summary_large_image\" \/>\n\t\t<meta name=\"twitter:site\" content=\"@NabercoDigital\" \/>\n\t\t<meta name=\"twitter:title\" content=\"Laboral Ciudad de la Cultura acoge la exposici\u00f3n \u00abLa palabra inacabada\u00bb | Cand\u00e1s 365\" \/>\n\t\t<meta name=\"twitter:description\" content=\"Laboral Ciudad de la Cultura inaugura este jueves 5 de diciembre, a las 19:00 horas, La palabra inacaba, una exposici\u00f3n del poeta visual Garc\u00eda de Marina que cuenta con la colaboraci\u00f3n del Instituto Cervantes, del Belgrade Photo Month y de Acci\u00f3n Cultural Espa\u00f1ola. La muestra, que se podr\u00e1 visitar hasta el pr\u00f3ximo 12 de enero\" \/>\n\t\t<meta name=\"twitter:creator\" content=\"@nbasturias\" \/>\n\t\t<meta name=\"twitter:image\" content=\"https:\/\/candas365.es\/noticias\/wp-content\/uploads\/2019\/12\/ndp-122021219.jpg\" \/>\n\t\t<meta name=\"twitter:label1\" content=\"Escrito por\" \/>\n\t\t<meta name=\"twitter:data1\" content=\"Cand\u00e1s 365\" \/>\n\t\t<meta name=\"twitter:label2\" content=\"Tiempo de lectura estimado\" \/>\n\t\t<meta name=\"twitter:data2\" content=\"3 minutos\" \/>\n\t\t<script type=\"application\/ld+json\" class=\"aioseo-schema\">\n\t\t\t{\"@context\":\"https:\\\/\\\/schema.org\",\"@graph\":[{\"@type\":\"BreadcrumbList\",\"@id\":\"https:\\\/\\\/candas365.es\\\/noticias\\\/laboral-ciudad-de-la-cultura-acoge-la-exposicion-la-palabra-inacabada\\\/#breadcrumblist\",\"itemListElement\":[{\"@type\":\"ListItem\",\"@id\":\"https:\\\/\\\/candas365.es\\\/noticias#listItem\",\"position\":1,\"name\":\"Home\",\"item\":\"https:\\\/\\\/candas365.es\\\/noticias\",\"nextItem\":{\"@type\":\"ListItem\",\"@id\":\"https:\\\/\\\/candas365.es\\\/noticias\\\/category\\\/agenda\\\/#listItem\",\"name\":\"Agenda\"}},{\"@type\":\"ListItem\",\"@id\":\"https:\\\/\\\/candas365.es\\\/noticias\\\/category\\\/agenda\\\/#listItem\",\"position\":2,\"name\":\"Agenda\",\"item\":\"https:\\\/\\\/candas365.es\\\/noticias\\\/category\\\/agenda\\\/\",\"nextItem\":{\"@type\":\"ListItem\",\"@id\":\"https:\\\/\\\/candas365.es\\\/noticias\\\/laboral-ciudad-de-la-cultura-acoge-la-exposicion-la-palabra-inacabada\\\/#listItem\",\"name\":\"Laboral Ciudad de la Cultura acoge la exposici\\u00f3n \\u00abLa palabra inacabada\\u00bb\"},\"previousItem\":{\"@type\":\"ListItem\",\"@id\":\"https:\\\/\\\/candas365.es\\\/noticias#listItem\",\"name\":\"Home\"}},{\"@type\":\"ListItem\",\"@id\":\"https:\\\/\\\/candas365.es\\\/noticias\\\/laboral-ciudad-de-la-cultura-acoge-la-exposicion-la-palabra-inacabada\\\/#listItem\",\"position\":3,\"name\":\"Laboral Ciudad de la Cultura acoge la exposici\\u00f3n \\u00abLa palabra inacabada\\u00bb\",\"previousItem\":{\"@type\":\"ListItem\",\"@id\":\"https:\\\/\\\/candas365.es\\\/noticias\\\/category\\\/agenda\\\/#listItem\",\"name\":\"Agenda\"}}]},{\"@type\":\"NewsArticle\",\"@id\":\"https:\\\/\\\/candas365.es\\\/noticias\\\/laboral-ciudad-de-la-cultura-acoge-la-exposicion-la-palabra-inacabada\\\/#newsarticle\",\"name\":\"Laboral Ciudad de la Cultura acoge la exposici\\u00f3n \\u00abLa palabra inacabada\\u00bb | Cand\\u00e1s 365\",\"headline\":\"Laboral Ciudad de la Cultura acoge la exposici\\u00f3n \\u00abLa palabra inacabada\\u00bb\",\"author\":{\"@id\":\"https:\\\/\\\/candas365.es\\\/noticias\\\/author\\\/admin\\\/#author\"},\"publisher\":{\"@id\":\"https:\\\/\\\/candas365.es\\\/noticias\\\/#organization\"},\"image\":{\"@type\":\"ImageObject\",\"url\":\"https:\\\/\\\/candas365.es\\\/noticias\\\/wp-content\\\/uploads\\\/2019\\\/12\\\/ndp-122021219.jpg\",\"width\":708,\"height\":437},\"datePublished\":\"2019-12-02T17:02:18+01:00\",\"dateModified\":\"2019-12-02T17:02:18+01:00\",\"inLanguage\":\"es-ES\",\"mainEntityOfPage\":{\"@id\":\"https:\\\/\\\/candas365.es\\\/noticias\\\/laboral-ciudad-de-la-cultura-acoge-la-exposicion-la-palabra-inacabada\\\/#webpage\"},\"isPartOf\":{\"@id\":\"https:\\\/\\\/candas365.es\\\/noticias\\\/laboral-ciudad-de-la-cultura-acoge-la-exposicion-la-palabra-inacabada\\\/#webpage\"},\"articleSection\":\"Agenda\",\"dateline\":\"Publicado el diciembre 2, 2019.\"},{\"@type\":\"Organization\",\"@id\":\"https:\\\/\\\/candas365.es\\\/noticias\\\/#organization\",\"name\":\"Cand\\u00e1s 365\",\"description\":\"Cand\\u00e1s 365 es un diario digital independiente, fundado en 2012, con base en Asturias. Informamos con rigor sobre actualidad, sociedad, cultura y ocio, con una mirada local y global.\",\"url\":\"https:\\\/\\\/candas365.es\\\/noticias\\\/\",\"email\":\"info@candas365.es\",\"telephone\":\"+34652131393\",\"foundingDate\":\"2012-06-10\",\"logo\":{\"@type\":\"ImageObject\",\"url\":\"https:\\\/\\\/candas365.es\\\/noticias\\\/wp-content\\\/uploads\\\/2024\\\/09\\\/Candas-365-Redes.jpg\",\"@id\":\"https:\\\/\\\/candas365.es\\\/noticias\\\/laboral-ciudad-de-la-cultura-acoge-la-exposicion-la-palabra-inacabada\\\/#organizationLogo\",\"width\":1152,\"height\":864,\"caption\":\"Cand\\u00e1s 365 Redes\"},\"image\":{\"@id\":\"https:\\\/\\\/candas365.es\\\/noticias\\\/laboral-ciudad-de-la-cultura-acoge-la-exposicion-la-palabra-inacabada\\\/#organizationLogo\"},\"sameAs\":[\"https:\\\/\\\/www.facebook.com\\\/Nachofdezber\",\"https:\\\/\\\/x.com\\\/NabercoDigital\",\"https:\\\/\\\/www.instagram.com\\\/nachofdezber\\\/\",\"https:\\\/\\\/www.youtube.com\\\/channel\\\/UCZP-2wLEB9Rv6erhFmqVnvg\"],\"address\":{\"@id\":\"https:\\\/\\\/candas365.es\\\/noticias\\\/#postaladdress\",\"@type\":\"PostalAddress\",\"streetAddress\":\"san antonio 4, san antonio 4\",\"postalCode\":\"33430\",\"addressLocality\":\"Cand\\u00e1s\",\"addressRegion\":\"Asturias\",\"addressCountry\":\"ES\"}},{\"@type\":\"Person\",\"@id\":\"https:\\\/\\\/candas365.es\\\/noticias\\\/author\\\/admin\\\/#author\",\"url\":\"https:\\\/\\\/candas365.es\\\/noticias\\\/author\\\/admin\\\/\",\"name\":\"Cand\\u00e1s 365\",\"image\":{\"@type\":\"ImageObject\",\"@id\":\"https:\\\/\\\/candas365.es\\\/noticias\\\/laboral-ciudad-de-la-cultura-acoge-la-exposicion-la-palabra-inacabada\\\/#authorImage\",\"url\":\"https:\\\/\\\/secure.gravatar.com\\\/avatar\\\/496a8e03d0c493ede1718b7934145dbdf8d89be1036b0eec9544e1094c9de390?s=96&d=mm&r=g\",\"width\":96,\"height\":96,\"caption\":\"Cand\\u00e1s 365\"},\"sameAs\":[\"https:\\\/\\\/www.facebook.com\\\/carrenoactualidad\",\"https:\\\/\\\/twitter.com\\\/nbasturias\",\"https:\\\/\\\/www.instagram.com\\\/nachofdezber\\\/\",\"https:\\\/\\\/www.youtube.com\\\/channel\\\/UCZP-2wLEB9Rv6erhFmqVnvg\"]},{\"@type\":\"WebPage\",\"@id\":\"https:\\\/\\\/candas365.es\\\/noticias\\\/laboral-ciudad-de-la-cultura-acoge-la-exposicion-la-palabra-inacabada\\\/#webpage\",\"url\":\"https:\\\/\\\/candas365.es\\\/noticias\\\/laboral-ciudad-de-la-cultura-acoge-la-exposicion-la-palabra-inacabada\\\/\",\"name\":\"Laboral Ciudad de la Cultura acoge la exposici\\u00f3n \\u00abLa palabra inacabada\\u00bb | Cand\\u00e1s 365\",\"description\":\"Laboral Ciudad de la Cultura inaugura este jueves 5 de diciembre, a las 19:00 horas, La palabra inacaba, una exposici\\u00f3n del poeta visual Garc\\u00eda de Marina que cuenta con la colaboraci\\u00f3n del Instituto Cervantes, del Belgrade Photo Month y de Acci\\u00f3n Cultural Espa\\u00f1ola. La muestra, que se podr\\u00e1 visitar hasta el pr\\u00f3ximo 12 de enero\",\"inLanguage\":\"es-ES\",\"isPartOf\":{\"@id\":\"https:\\\/\\\/candas365.es\\\/noticias\\\/#website\"},\"breadcrumb\":{\"@id\":\"https:\\\/\\\/candas365.es\\\/noticias\\\/laboral-ciudad-de-la-cultura-acoge-la-exposicion-la-palabra-inacabada\\\/#breadcrumblist\"},\"author\":{\"@id\":\"https:\\\/\\\/candas365.es\\\/noticias\\\/author\\\/admin\\\/#author\"},\"creator\":{\"@id\":\"https:\\\/\\\/candas365.es\\\/noticias\\\/author\\\/admin\\\/#author\"},\"image\":{\"@type\":\"ImageObject\",\"url\":\"https:\\\/\\\/candas365.es\\\/noticias\\\/wp-content\\\/uploads\\\/2019\\\/12\\\/ndp-122021219.jpg\",\"@id\":\"https:\\\/\\\/candas365.es\\\/noticias\\\/laboral-ciudad-de-la-cultura-acoge-la-exposicion-la-palabra-inacabada\\\/#mainImage\",\"width\":708,\"height\":437},\"primaryImageOfPage\":{\"@id\":\"https:\\\/\\\/candas365.es\\\/noticias\\\/laboral-ciudad-de-la-cultura-acoge-la-exposicion-la-palabra-inacabada\\\/#mainImage\"},\"datePublished\":\"2019-12-02T17:02:18+01:00\",\"dateModified\":\"2019-12-02T17:02:18+01:00\"},{\"@type\":\"WebSite\",\"@id\":\"https:\\\/\\\/candas365.es\\\/noticias\\\/#website\",\"url\":\"https:\\\/\\\/candas365.es\\\/noticias\\\/\",\"name\":\"Cand\\u00e1s 365\",\"alternateName\":\"Cand\\u00e1s 365 Noticias\",\"description\":\"Actualidad desde Carre\\u00f1o para el mundo\",\"inLanguage\":\"es-ES\",\"publisher\":{\"@id\":\"https:\\\/\\\/candas365.es\\\/noticias\\\/#organization\"}}]}\n\t\t<\/script>\n\t\t<!-- All in One SEO Pro -->\r\n\t\t<title>Laboral Ciudad de la Cultura acoge la exposici\u00f3n \u00abLa palabra inacabada\u00bb | Cand\u00e1s 365<\/title>\n\n","aioseo_head_json":{"title":"Laboral Ciudad de la Cultura acoge la exposici\u00f3n \u00abLa palabra inacabada\u00bb | Cand\u00e1s 365","description":"Laboral Ciudad de la Cultura inaugura este jueves 5 de diciembre, a las 19:00 horas, La palabra inacaba, una exposici\u00f3n del poeta visual Garc\u00eda de Marina que cuenta con la colaboraci\u00f3n del Instituto Cervantes, del Belgrade Photo Month y de Acci\u00f3n Cultural Espa\u00f1ola. La muestra, que se podr\u00e1 visitar hasta el pr\u00f3ximo 12 de enero","canonical_url":"https:\/\/candas365.es\/noticias\/laboral-ciudad-de-la-cultura-acoge-la-exposicion-la-palabra-inacabada\/","robots":"max-image-preview:large","keywords":"agenda","webmasterTools":{"google-site-verification":"UA-32230408-1","msvalidate.01":"354F3CDFB2DA171B47FBE9ABF1F88D5","miscellaneous":""},"schema":{"@context":"https:\/\/schema.org","@graph":[{"@type":"BreadcrumbList","@id":"https:\/\/candas365.es\/noticias\/laboral-ciudad-de-la-cultura-acoge-la-exposicion-la-palabra-inacabada\/#breadcrumblist","itemListElement":[{"@type":"ListItem","@id":"https:\/\/candas365.es\/noticias#listItem","position":1,"name":"Home","item":"https:\/\/candas365.es\/noticias","nextItem":{"@type":"ListItem","@id":"https:\/\/candas365.es\/noticias\/category\/agenda\/#listItem","name":"Agenda"}},{"@type":"ListItem","@id":"https:\/\/candas365.es\/noticias\/category\/agenda\/#listItem","position":2,"name":"Agenda","item":"https:\/\/candas365.es\/noticias\/category\/agenda\/","nextItem":{"@type":"ListItem","@id":"https:\/\/candas365.es\/noticias\/laboral-ciudad-de-la-cultura-acoge-la-exposicion-la-palabra-inacabada\/#listItem","name":"Laboral Ciudad de la Cultura acoge la exposici\u00f3n \u00abLa palabra inacabada\u00bb"},"previousItem":{"@type":"ListItem","@id":"https:\/\/candas365.es\/noticias#listItem","name":"Home"}},{"@type":"ListItem","@id":"https:\/\/candas365.es\/noticias\/laboral-ciudad-de-la-cultura-acoge-la-exposicion-la-palabra-inacabada\/#listItem","position":3,"name":"Laboral Ciudad de la Cultura acoge la exposici\u00f3n \u00abLa palabra inacabada\u00bb","previousItem":{"@type":"ListItem","@id":"https:\/\/candas365.es\/noticias\/category\/agenda\/#listItem","name":"Agenda"}}]},{"@type":"NewsArticle","@id":"https:\/\/candas365.es\/noticias\/laboral-ciudad-de-la-cultura-acoge-la-exposicion-la-palabra-inacabada\/#newsarticle","name":"Laboral Ciudad de la Cultura acoge la exposici\u00f3n \u00abLa palabra inacabada\u00bb | Cand\u00e1s 365","headline":"Laboral Ciudad de la Cultura acoge la exposici\u00f3n \u00abLa palabra inacabada\u00bb","author":{"@id":"https:\/\/candas365.es\/noticias\/author\/admin\/#author"},"publisher":{"@id":"https:\/\/candas365.es\/noticias\/#organization"},"image":{"@type":"ImageObject","url":"https:\/\/candas365.es\/noticias\/wp-content\/uploads\/2019\/12\/ndp-122021219.jpg","width":708,"height":437},"datePublished":"2019-12-02T17:02:18+01:00","dateModified":"2019-12-02T17:02:18+01:00","inLanguage":"es-ES","mainEntityOfPage":{"@id":"https:\/\/candas365.es\/noticias\/laboral-ciudad-de-la-cultura-acoge-la-exposicion-la-palabra-inacabada\/#webpage"},"isPartOf":{"@id":"https:\/\/candas365.es\/noticias\/laboral-ciudad-de-la-cultura-acoge-la-exposicion-la-palabra-inacabada\/#webpage"},"articleSection":"Agenda","dateline":"Publicado el diciembre 2, 2019."},{"@type":"Organization","@id":"https:\/\/candas365.es\/noticias\/#organization","name":"Cand\u00e1s 365","description":"Cand\u00e1s 365 es un diario digital independiente, fundado en 2012, con base en Asturias. Informamos con rigor sobre actualidad, sociedad, cultura y ocio, con una mirada local y global.","url":"https:\/\/candas365.es\/noticias\/","email":"info@candas365.es","telephone":"+34652131393","foundingDate":"2012-06-10","logo":{"@type":"ImageObject","url":"https:\/\/candas365.es\/noticias\/wp-content\/uploads\/2024\/09\/Candas-365-Redes.jpg","@id":"https:\/\/candas365.es\/noticias\/laboral-ciudad-de-la-cultura-acoge-la-exposicion-la-palabra-inacabada\/#organizationLogo","width":1152,"height":864,"caption":"Cand\u00e1s 365 Redes"},"image":{"@id":"https:\/\/candas365.es\/noticias\/laboral-ciudad-de-la-cultura-acoge-la-exposicion-la-palabra-inacabada\/#organizationLogo"},"sameAs":["https:\/\/www.facebook.com\/Nachofdezber","https:\/\/x.com\/NabercoDigital","https:\/\/www.instagram.com\/nachofdezber\/","https:\/\/www.youtube.com\/channel\/UCZP-2wLEB9Rv6erhFmqVnvg"],"address":{"@id":"https:\/\/candas365.es\/noticias\/#postaladdress","@type":"PostalAddress","streetAddress":"san antonio 4, san antonio 4","postalCode":"33430","addressLocality":"Cand\u00e1s","addressRegion":"Asturias","addressCountry":"ES"}},{"@type":"Person","@id":"https:\/\/candas365.es\/noticias\/author\/admin\/#author","url":"https:\/\/candas365.es\/noticias\/author\/admin\/","name":"Cand\u00e1s 365","image":{"@type":"ImageObject","@id":"https:\/\/candas365.es\/noticias\/laboral-ciudad-de-la-cultura-acoge-la-exposicion-la-palabra-inacabada\/#authorImage","url":"https:\/\/secure.gravatar.com\/avatar\/496a8e03d0c493ede1718b7934145dbdf8d89be1036b0eec9544e1094c9de390?s=96&d=mm&r=g","width":96,"height":96,"caption":"Cand\u00e1s 365"},"sameAs":["https:\/\/www.facebook.com\/carrenoactualidad","https:\/\/twitter.com\/nbasturias","https:\/\/www.instagram.com\/nachofdezber\/","https:\/\/www.youtube.com\/channel\/UCZP-2wLEB9Rv6erhFmqVnvg"]},{"@type":"WebPage","@id":"https:\/\/candas365.es\/noticias\/laboral-ciudad-de-la-cultura-acoge-la-exposicion-la-palabra-inacabada\/#webpage","url":"https:\/\/candas365.es\/noticias\/laboral-ciudad-de-la-cultura-acoge-la-exposicion-la-palabra-inacabada\/","name":"Laboral Ciudad de la Cultura acoge la exposici\u00f3n \u00abLa palabra inacabada\u00bb | Cand\u00e1s 365","description":"Laboral Ciudad de la Cultura inaugura este jueves 5 de diciembre, a las 19:00 horas, La palabra inacaba, una exposici\u00f3n del poeta visual Garc\u00eda de Marina que cuenta con la colaboraci\u00f3n del Instituto Cervantes, del Belgrade Photo Month y de Acci\u00f3n Cultural Espa\u00f1ola. La muestra, que se podr\u00e1 visitar hasta el pr\u00f3ximo 12 de enero","inLanguage":"es-ES","isPartOf":{"@id":"https:\/\/candas365.es\/noticias\/#website"},"breadcrumb":{"@id":"https:\/\/candas365.es\/noticias\/laboral-ciudad-de-la-cultura-acoge-la-exposicion-la-palabra-inacabada\/#breadcrumblist"},"author":{"@id":"https:\/\/candas365.es\/noticias\/author\/admin\/#author"},"creator":{"@id":"https:\/\/candas365.es\/noticias\/author\/admin\/#author"},"image":{"@type":"ImageObject","url":"https:\/\/candas365.es\/noticias\/wp-content\/uploads\/2019\/12\/ndp-122021219.jpg","@id":"https:\/\/candas365.es\/noticias\/laboral-ciudad-de-la-cultura-acoge-la-exposicion-la-palabra-inacabada\/#mainImage","width":708,"height":437},"primaryImageOfPage":{"@id":"https:\/\/candas365.es\/noticias\/laboral-ciudad-de-la-cultura-acoge-la-exposicion-la-palabra-inacabada\/#mainImage"},"datePublished":"2019-12-02T17:02:18+01:00","dateModified":"2019-12-02T17:02:18+01:00"},{"@type":"WebSite","@id":"https:\/\/candas365.es\/noticias\/#website","url":"https:\/\/candas365.es\/noticias\/","name":"Cand\u00e1s 365","alternateName":"Cand\u00e1s 365 Noticias","description":"Actualidad desde Carre\u00f1o para el mundo","inLanguage":"es-ES","publisher":{"@id":"https:\/\/candas365.es\/noticias\/#organization"}}]},"og:locale":"es_ES","og:site_name":"Cand\u00e1s 365","og:type":"article","og:title":"Laboral Ciudad de la Cultura acoge la exposici\u00f3n \u00abLa palabra inacabada\u00bb | Cand\u00e1s 365","og:description":"Laboral Ciudad de la Cultura inaugura este jueves 5 de diciembre, a las 19:00 horas, La palabra inacaba, una exposici\u00f3n del poeta visual Garc\u00eda de Marina que cuenta con la colaboraci\u00f3n del Instituto Cervantes, del Belgrade Photo Month y de Acci\u00f3n Cultural Espa\u00f1ola. La muestra, que se podr\u00e1 visitar hasta el pr\u00f3ximo 12 de enero","og:url":"https:\/\/candas365.es\/noticias\/laboral-ciudad-de-la-cultura-acoge-la-exposicion-la-palabra-inacabada\/","og:image":"https:\/\/candas365.es\/noticias\/wp-content\/uploads\/2019\/12\/ndp-122021219.jpg","og:image:secure_url":"https:\/\/candas365.es\/noticias\/wp-content\/uploads\/2019\/12\/ndp-122021219.jpg","og:image:width":708,"og:image:height":437,"article:published_time":"2019-12-02T17:02:18+00:00","article:modified_time":"2019-12-02T17:02:18+00:00","article:publisher":"https:\/\/www.facebook.com\/Nachofdezber","article:author":"https:\/\/www.facebook.com\/carrenoactualidad","twitter:card":"summary_large_image","twitter:site":"@NabercoDigital","twitter:title":"Laboral Ciudad de la Cultura acoge la exposici\u00f3n \u00abLa palabra inacabada\u00bb | Cand\u00e1s 365","twitter:description":"Laboral Ciudad de la Cultura inaugura este jueves 5 de diciembre, a las 19:00 horas, La palabra inacaba, una exposici\u00f3n del poeta visual Garc\u00eda de Marina que cuenta con la colaboraci\u00f3n del Instituto Cervantes, del Belgrade Photo Month y de Acci\u00f3n Cultural Espa\u00f1ola. La muestra, que se podr\u00e1 visitar hasta el pr\u00f3ximo 12 de enero","twitter:creator":"@nbasturias","twitter:image":"https:\/\/candas365.es\/noticias\/wp-content\/uploads\/2019\/12\/ndp-122021219.jpg","twitter:label1":"Escrito por","twitter:data1":"Cand\u00e1s 365","twitter:label2":"Tiempo de lectura estimado","twitter:data2":"3 minutos"},"aioseo_meta_data":{"post_id":"133966","title":null,"description":null,"keywords":null,"keyphrases":null,"primary_term":null,"canonical_url":null,"og_title":null,"og_description":null,"og_object_type":"default","og_image_type":"default","og_image_url":null,"og_image_width":null,"og_image_height":null,"og_image_custom_url":null,"og_image_custom_fields":null,"og_video":null,"og_custom_url":null,"og_article_section":null,"og_article_tags":null,"twitter_use_og":false,"twitter_card":"default","twitter_image_type":"default","twitter_image_url":null,"twitter_image_custom_url":null,"twitter_image_custom_fields":null,"twitter_title":null,"twitter_description":null,"schema":{"blockGraphs":[],"customGraphs":[],"default":{"data":{"Article":[],"Course":[],"Dataset":[],"FAQPage":[],"Movie":[],"Person":[],"Product":[],"ProductReview":[],"Car":[],"Recipe":[],"Service":[],"SoftwareApplication":[],"WebPage":[]},"graphName":"","isEnabled":true},"graphs":[],"defaultGraph":"","defaultPostTypeGraph":""},"schema_type":null,"schema_type_options":null,"pillar_content":false,"robots_default":true,"robots_noindex":false,"robots_noarchive":false,"robots_nosnippet":false,"robots_nofollow":false,"robots_noimageindex":false,"robots_noodp":false,"robots_notranslate":false,"robots_max_snippet":null,"robots_max_videopreview":null,"robots_max_imagepreview":"large","priority":null,"frequency":null,"location":null,"local_seo":null,"seo_analyzer_scan_date":"2025-08-30 18:41:23","breadcrumb_settings":null,"limit_modified_date":false,"reviewed_by":null,"open_ai":null,"ai":null,"created":"2020-12-21 10:49:52","updated":"2025-08-30 18:41:23"},"aioseo_breadcrumb":"<div class=\"aioseo-breadcrumbs\"><span class=\"aioseo-breadcrumb\">\n\t<a href=\"https:\/\/candas365.es\/noticias\" title=\"Home\">Home<\/a>\n<\/span><span class=\"aioseo-breadcrumb-separator\">&ndash;<\/span><span class=\"aioseo-breadcrumb\">\n\t<a href=\"https:\/\/candas365.es\/noticias\/category\/agenda\/\" title=\"Agenda\">Agenda<\/a>\n<\/span><span class=\"aioseo-breadcrumb-separator\">&ndash;<\/span><span class=\"aioseo-breadcrumb\">\n\tLaboral Ciudad de la Cultura acoge la exposici\u00f3n \u00abLa palabra inacabada\u00bb\n<\/span><\/div>","aioseo_breadcrumb_json":[{"label":"Home","link":"https:\/\/candas365.es\/noticias"},{"label":"Agenda","link":"https:\/\/candas365.es\/noticias\/category\/agenda\/"},{"label":"Laboral Ciudad de la Cultura acoge la exposici\u00f3n \u00abLa palabra inacabada\u00bb","link":"https:\/\/candas365.es\/noticias\/laboral-ciudad-de-la-cultura-acoge-la-exposicion-la-palabra-inacabada\/"}],"_links":{"self":[{"href":"https:\/\/candas365.es\/noticias\/wp-json\/wp\/v2\/posts\/133966","targetHints":{"allow":["GET"]}}],"collection":[{"href":"https:\/\/candas365.es\/noticias\/wp-json\/wp\/v2\/posts"}],"about":[{"href":"https:\/\/candas365.es\/noticias\/wp-json\/wp\/v2\/types\/post"}],"author":[{"embeddable":true,"href":"https:\/\/candas365.es\/noticias\/wp-json\/wp\/v2\/users\/1"}],"replies":[{"embeddable":true,"href":"https:\/\/candas365.es\/noticias\/wp-json\/wp\/v2\/comments?post=133966"}],"version-history":[{"count":0,"href":"https:\/\/candas365.es\/noticias\/wp-json\/wp\/v2\/posts\/133966\/revisions"}],"wp:featuredmedia":[{"embeddable":true,"href":"https:\/\/candas365.es\/noticias\/wp-json\/wp\/v2\/media\/133967"}],"wp:attachment":[{"href":"https:\/\/candas365.es\/noticias\/wp-json\/wp\/v2\/media?parent=133966"}],"wp:term":[{"taxonomy":"category","embeddable":true,"href":"https:\/\/candas365.es\/noticias\/wp-json\/wp\/v2\/categories?post=133966"},{"taxonomy":"post_tag","embeddable":true,"href":"https:\/\/candas365.es\/noticias\/wp-json\/wp\/v2\/tags?post=133966"}],"curies":[{"name":"wp","href":"https:\/\/api.w.org\/{rel}","templated":true}]}}