{"id":133588,"date":"2019-11-25T03:48:39","date_gmt":"2019-11-25T03:48:39","guid":{"rendered":"http:\/\/candas365.es\/noticias\/?p=133588"},"modified":"2019-11-25T03:48:39","modified_gmt":"2019-11-25T03:48:39","slug":"los-jugadores-del-bayern-ilusionados-con-flick","status":"publish","type":"post","link":"https:\/\/candas365.es\/noticias\/los-jugadores-del-bayern-ilusionados-con-flick\/","title":{"rendered":"Los jugadores del Bayern \u201cilusionados\u201d con Flick"},"content":{"rendered":"<figure id=\"attachment_133589\" aria-describedby=\"caption-attachment-133589\" style=\"width: 360px\" class=\"wp-caption alignleft\"><img fetchpriority=\"high\" decoding=\"async\" class=\"wp-image-133589 size-medium\" src=\"https:\/\/candas365.es\/noticias\/wp-content\/uploads\/2019\/11\/Flick-360x236.jpg\" alt=\"\" width=\"360\" height=\"236\" srcset=\"https:\/\/candas365.es\/noticias\/wp-content\/uploads\/2019\/11\/Flick-360x236.jpg 360w, https:\/\/candas365.es\/noticias\/wp-content\/uploads\/2019\/11\/Flick-655x429.jpg 655w, https:\/\/candas365.es\/noticias\/wp-content\/uploads\/2019\/11\/Flick-768x503.jpg 768w, https:\/\/candas365.es\/noticias\/wp-content\/uploads\/2019\/11\/Flick-696x456.jpg 696w, https:\/\/candas365.es\/noticias\/wp-content\/uploads\/2019\/11\/Flick-642x420.jpg 642w, https:\/\/candas365.es\/noticias\/wp-content\/uploads\/2019\/11\/Flick-741x486.jpg 741w, https:\/\/candas365.es\/noticias\/wp-content\/uploads\/2019\/11\/Flick.jpg 929w\" sizes=\"(max-width: 360px) 100vw, 360px\" \/><figcaption id=\"caption-attachment-133589\" class=\"wp-caption-text\">El entrenador interino del Bayern M\u00fanich, Hansi Flick Foto: Marius Becker\/dpa<\/figcaption><\/figure>\n<p>D\u00fcsseldorf (Alemania), 24 nov (dpa) &#8211; La actuaci\u00f3n del Bayern M\u00fanich en D\u00fcsseldorf fue una se\u00f1al m\u00e1s que contundente por parte de los jugadores del equipo b\u00e1varo en su alegato a favor de cambiar la situaci\u00f3n interina del t\u00e9cnico Hansi Flick por una permanente.<\/p>\n<p>\u00abEst\u00e1 todo dicho, no tengo nada que a\u00f1adir\u00bb, dijo el delantero Serge Gnabry despu\u00e9s del 4-0 este s\u00e1bado ante el Fortuna D\u00fcsseldorf con respecto a la continuidad del entrenador.<\/p>\n<p>Tres partidos, tres victorias, diez goles a favor y ninguno en contra: el balance de Flick como sucesor de Niko Kovac no muestra fisuras y al menos hasta fin de a\u00f1o permanecer\u00e1 en el cargo.<\/p>\n<p>El ex director deportivo de la Asociaci\u00f3n Alemana de F\u00fatbol (DFB) y ayudante del seleccionador alem\u00e1n Joachim L\u00f6w en el Mundial de Brasil 2014 ya cosech\u00f3 los primeros elogios tras el triunfo del Bayern M\u00fanich ante el archirrival Borussia Dortmund por 4-0 hace dos semanas.<\/p>\n<p>\u00abDefinitivamente es m\u00e1s divertido. Tenemos mucho m\u00e1s control que antes\u00bb, dijo el capit\u00e1n Manuel Neuer. \u00abPor supuesto, tambi\u00e9n estamos m\u00e1s arriba en la tabla y eso es bueno para nosotros\u00bb, agreg\u00f3 el portero.<\/p>\n<p>Tambi\u00e9n Josuha Kimmich se manifest\u00f3 muy optimismta y favor de la t\u00e1ctica del actual entrenador.<\/p>\n<p>\u00abNos sentimos m\u00e1s fuertes y confiados que al principio. Es m\u00e1s dif\u00edcil jugar siempre con diez jugadores en lugar de ganar el bal\u00f3n ofensivamente y estar a 20 o 30 metros de la porter\u00eda\u00bb, dijo el defensor alem\u00e1n.<\/p>\n<p>Flick, en tanto, no oculta sus ganas de seguir al frente del conjunto muniqu\u00e9s. \u00abPuedo imaginar muchas cosas y me gusta trabajar con el equipo\u00bb, declar\u00f3 el ex jugador del Bayern M\u00fanich.<\/p>\n<p>\u00abEl club tiene tiempo para pensar, mientras yo intento hacer bien mi trabajo. Y puedo hacerlo\u00bb, destac\u00f3 el t\u00e9cnico.<\/p>\n<p>Probablemente pueda hacerlo mejor que otros, pese a que una y otra vez resuene el nombre del entrenador argentino Mauricio Pochettino, recientemente despedido del Tottenham Hotspur ingl\u00e9s.<\/p>\n<p>Los rumores podr\u00edan acallarse en los pr\u00f3ximos d\u00edas, si los b\u00e1varos vuelven a convencer el martes en la Liga de Campeones ante la Estrella Roja Belgrado.<\/p>\n<p>En la Bundesliga, el campe\u00f3n alem\u00e1n volvi\u00f3 a acercarse al l\u00edder Borussia M\u00f6nchengladbach tras las sorprendentes p\u00e9rdidas de puntos de sus competidores directos Dortmund (3-3 contra Paderborn) y M\u00f6nchengladbach (2-0 ante el Uni\u00f3n Berl\u00edn).<\/p>\n<p>\u00abPara el Bayern fue un fin de semana como lo so\u00f1amos\u00bb, dijo Thomas M\u00fcller, quien con Flick volvi\u00f3 a sentir alegr\u00eda en el juego. La participaci\u00f3n en los goles de Benjamin Pavard (5&#8242;), Corentin Tolisso (27&#8242;), Serge Gnabry (34&#8242;) y Coutinho (70&#8242;).<\/p>\n<p>M\u00fcller fue el factor decisivo en la ofensiva del Bayern, en la que Robert Lewandowski se qued\u00f3 sin goles por primera vez esta temporada despu\u00e9s de 16 goles en once partidos.<\/p>\n<p>\u00abEn alg\u00fan momento ten\u00eda que ocurrir\u00bb, dijo el jugador polaco de 31 a\u00f1os. Su sonrisa tambi\u00e9n pone de manifiesto que el Bayern M\u00fanich mira el futuro nuevamente con optimismo.<\/p>\n<p><i class=\"lang-es\"><span class=\" readonly\" title=\"\">Por Carsten Lappe (dpa)<\/span><\/i><\/p>\n<p>&nbsp;<\/p>\n","protected":false},"excerpt":{"rendered":"<p>D\u00fcsseldorf (Alemania), 24 nov (dpa) &#8211; La actuaci\u00f3n del Bayern M\u00fanich en D\u00fcsseldorf fue una se\u00f1al m\u00e1s que contundente por parte de los jugadores del equipo b\u00e1varo en su alegato a favor de cambiar la situaci\u00f3n interina del t\u00e9cnico Hansi Flick por una permanente. \u00abEst\u00e1 todo dicho, no tengo nada que a\u00f1adir\u00bb, dijo el delantero<\/p>\n","protected":false},"author":1,"featured_media":133589,"comment_status":"closed","ping_status":"closed","sticky":false,"template":"","format":"standard","meta":{"footnotes":""},"categories":[319],"tags":[],"class_list":{"0":"post-133588","1":"post","2":"type-post","3":"status-publish","4":"format-standard","5":"has-post-thumbnail","7":"category-deporte"},"aioseo_notices":[],"aioseo_head":"\n\t\t<!-- All in One SEO Pro 4.9.6.2 - aioseo.com -->\n\t<meta name=\"description\" content=\"D\u00fcsseldorf (Alemania), 24 nov (dpa) - La actuaci\u00f3n del Bayern M\u00fanich en D\u00fcsseldorf fue una se\u00f1al m\u00e1s que contundente por parte de los jugadores del equipo b\u00e1varo en su alegato a favor de cambiar la situaci\u00f3n interina del t\u00e9cnico Hansi Flick por una permanente. &quot;Est\u00e1 todo dicho, no tengo nada que a\u00f1adir&quot;, dijo el delantero\" \/>\n\t<meta name=\"robots\" content=\"max-image-preview:large\" \/>\n\t<meta name=\"author\" content=\"Cand\u00e1s 365\"\/>\n\t<meta name=\"google-site-verification\" content=\"UA-32230408-1\" \/>\n\t<meta name=\"msvalidate.01\" content=\"354F3CDFB2DA171B47FBE9ABF1F88D5\" \/>\n\t<meta name=\"keywords\" content=\"deporte\" \/>\n\t<link rel=\"canonical\" href=\"https:\/\/candas365.es\/noticias\/los-jugadores-del-bayern-ilusionados-con-flick\/\" \/>\n\t<meta name=\"generator\" content=\"All in One SEO Pro (AIOSEO) 4.9.6.2\" \/>\n\t\t<meta property=\"og:locale\" content=\"es_ES\" \/>\n\t\t<meta property=\"og:site_name\" content=\"Cand\u00e1s 365\" \/>\n\t\t<meta property=\"og:type\" content=\"article\" \/>\n\t\t<meta property=\"og:title\" content=\"Los jugadores del Bayern \u201cilusionados\u201d con Flick | Cand\u00e1s 365\" \/>\n\t\t<meta property=\"og:description\" content=\"D\u00fcsseldorf (Alemania), 24 nov (dpa) - La actuaci\u00f3n del Bayern M\u00fanich en D\u00fcsseldorf fue una se\u00f1al m\u00e1s que contundente por parte de los jugadores del equipo b\u00e1varo en su alegato a favor de cambiar la situaci\u00f3n interina del t\u00e9cnico Hansi Flick por una permanente. &quot;Est\u00e1 todo dicho, no tengo nada que a\u00f1adir&quot;, dijo el delantero\" \/>\n\t\t<meta property=\"og:url\" content=\"https:\/\/candas365.es\/noticias\/los-jugadores-del-bayern-ilusionados-con-flick\/\" \/>\n\t\t<meta property=\"og:image\" content=\"https:\/\/candas365.es\/noticias\/wp-content\/uploads\/2019\/11\/Flick.jpg\" \/>\n\t\t<meta property=\"og:image:secure_url\" content=\"https:\/\/candas365.es\/noticias\/wp-content\/uploads\/2019\/11\/Flick.jpg\" \/>\n\t\t<meta property=\"og:image:width\" content=\"929\" \/>\n\t\t<meta property=\"og:image:height\" content=\"608\" \/>\n\t\t<meta property=\"article:published_time\" content=\"2019-11-25T03:48:39+00:00\" \/>\n\t\t<meta property=\"article:modified_time\" content=\"2019-11-25T03:48:39+00:00\" \/>\n\t\t<meta property=\"article:publisher\" content=\"https:\/\/www.facebook.com\/Nachofdezber\" \/>\n\t\t<meta property=\"article:author\" content=\"https:\/\/www.facebook.com\/carrenoactualidad\" \/>\n\t\t<meta name=\"twitter:card\" content=\"summary_large_image\" \/>\n\t\t<meta name=\"twitter:site\" content=\"@NabercoDigital\" \/>\n\t\t<meta name=\"twitter:title\" content=\"Los jugadores del Bayern \u201cilusionados\u201d con Flick | Cand\u00e1s 365\" \/>\n\t\t<meta name=\"twitter:description\" content=\"D\u00fcsseldorf (Alemania), 24 nov (dpa) - La actuaci\u00f3n del Bayern M\u00fanich en D\u00fcsseldorf fue una se\u00f1al m\u00e1s que contundente por parte de los jugadores del equipo b\u00e1varo en su alegato a favor de cambiar la situaci\u00f3n interina del t\u00e9cnico Hansi Flick por una permanente. &quot;Est\u00e1 todo dicho, no tengo nada que a\u00f1adir&quot;, dijo el delantero\" \/>\n\t\t<meta name=\"twitter:creator\" content=\"@nbasturias\" \/>\n\t\t<meta name=\"twitter:image\" content=\"https:\/\/candas365.es\/noticias\/wp-content\/uploads\/2019\/11\/Flick.jpg\" \/>\n\t\t<meta name=\"twitter:label1\" content=\"Escrito por\" \/>\n\t\t<meta name=\"twitter:data1\" content=\"Cand\u00e1s 365\" \/>\n\t\t<meta name=\"twitter:label2\" content=\"Tiempo de lectura estimado\" \/>\n\t\t<meta name=\"twitter:data2\" content=\"3 minutos\" \/>\n\t\t<script type=\"application\/ld+json\" class=\"aioseo-schema\">\n\t\t\t{\"@context\":\"https:\\\/\\\/schema.org\",\"@graph\":[{\"@type\":\"BreadcrumbList\",\"@id\":\"https:\\\/\\\/candas365.es\\\/noticias\\\/los-jugadores-del-bayern-ilusionados-con-flick\\\/#breadcrumblist\",\"itemListElement\":[{\"@type\":\"ListItem\",\"@id\":\"https:\\\/\\\/candas365.es\\\/noticias#listItem\",\"position\":1,\"name\":\"Home\",\"item\":\"https:\\\/\\\/candas365.es\\\/noticias\",\"nextItem\":{\"@type\":\"ListItem\",\"@id\":\"https:\\\/\\\/candas365.es\\\/noticias\\\/category\\\/deporte\\\/#listItem\",\"name\":\"Deporte\"}},{\"@type\":\"ListItem\",\"@id\":\"https:\\\/\\\/candas365.es\\\/noticias\\\/category\\\/deporte\\\/#listItem\",\"position\":2,\"name\":\"Deporte\",\"item\":\"https:\\\/\\\/candas365.es\\\/noticias\\\/category\\\/deporte\\\/\",\"nextItem\":{\"@type\":\"ListItem\",\"@id\":\"https:\\\/\\\/candas365.es\\\/noticias\\\/los-jugadores-del-bayern-ilusionados-con-flick\\\/#listItem\",\"name\":\"Los jugadores del Bayern \\u201cilusionados\\u201d con Flick\"},\"previousItem\":{\"@type\":\"ListItem\",\"@id\":\"https:\\\/\\\/candas365.es\\\/noticias#listItem\",\"name\":\"Home\"}},{\"@type\":\"ListItem\",\"@id\":\"https:\\\/\\\/candas365.es\\\/noticias\\\/los-jugadores-del-bayern-ilusionados-con-flick\\\/#listItem\",\"position\":3,\"name\":\"Los jugadores del Bayern \\u201cilusionados\\u201d con Flick\",\"previousItem\":{\"@type\":\"ListItem\",\"@id\":\"https:\\\/\\\/candas365.es\\\/noticias\\\/category\\\/deporte\\\/#listItem\",\"name\":\"Deporte\"}}]},{\"@type\":\"NewsArticle\",\"@id\":\"https:\\\/\\\/candas365.es\\\/noticias\\\/los-jugadores-del-bayern-ilusionados-con-flick\\\/#newsarticle\",\"name\":\"Los jugadores del Bayern \\u201cilusionados\\u201d con Flick | Cand\\u00e1s 365\",\"headline\":\"Los jugadores del Bayern \\u201cilusionados\\u201d con Flick\",\"author\":{\"@id\":\"https:\\\/\\\/candas365.es\\\/noticias\\\/author\\\/admin\\\/#author\"},\"publisher\":{\"@id\":\"https:\\\/\\\/candas365.es\\\/noticias\\\/#organization\"},\"image\":{\"@type\":\"ImageObject\",\"url\":\"https:\\\/\\\/candas365.es\\\/noticias\\\/wp-content\\\/uploads\\\/2019\\\/11\\\/Flick.jpg\",\"width\":929,\"height\":608,\"caption\":\"El entrenador interino del Bayern M\\u00fanich, Hansi Flick Foto: Marius Becker\\\/dpa\"},\"datePublished\":\"2019-11-25T03:48:39+01:00\",\"dateModified\":\"2019-11-25T03:48:39+01:00\",\"inLanguage\":\"es-ES\",\"mainEntityOfPage\":{\"@id\":\"https:\\\/\\\/candas365.es\\\/noticias\\\/los-jugadores-del-bayern-ilusionados-con-flick\\\/#webpage\"},\"isPartOf\":{\"@id\":\"https:\\\/\\\/candas365.es\\\/noticias\\\/los-jugadores-del-bayern-ilusionados-con-flick\\\/#webpage\"},\"articleSection\":\"Deporte\",\"dateline\":\"Publicado el noviembre 25, 2019.\"},{\"@type\":\"Organization\",\"@id\":\"https:\\\/\\\/candas365.es\\\/noticias\\\/#organization\",\"name\":\"Cand\\u00e1s 365\",\"description\":\"Cand\\u00e1s 365 es un diario digital independiente, fundado en 2012, con base en Asturias. Informamos con rigor sobre actualidad, sociedad, cultura y ocio, con una mirada local y global.\",\"url\":\"https:\\\/\\\/candas365.es\\\/noticias\\\/\",\"email\":\"info@candas365.es\",\"telephone\":\"+34652131393\",\"foundingDate\":\"2012-06-10\",\"logo\":{\"@type\":\"ImageObject\",\"url\":\"https:\\\/\\\/candas365.es\\\/noticias\\\/wp-content\\\/uploads\\\/2024\\\/09\\\/Candas-365-Redes.jpg\",\"@id\":\"https:\\\/\\\/candas365.es\\\/noticias\\\/los-jugadores-del-bayern-ilusionados-con-flick\\\/#organizationLogo\",\"width\":1152,\"height\":864,\"caption\":\"Cand\\u00e1s 365 Redes\"},\"image\":{\"@id\":\"https:\\\/\\\/candas365.es\\\/noticias\\\/los-jugadores-del-bayern-ilusionados-con-flick\\\/#organizationLogo\"},\"sameAs\":[\"https:\\\/\\\/www.facebook.com\\\/Nachofdezber\",\"https:\\\/\\\/x.com\\\/NabercoDigital\",\"https:\\\/\\\/www.instagram.com\\\/nachofdezber\\\/\",\"https:\\\/\\\/www.youtube.com\\\/channel\\\/UCZP-2wLEB9Rv6erhFmqVnvg\"],\"address\":{\"@id\":\"https:\\\/\\\/candas365.es\\\/noticias\\\/#postaladdress\",\"@type\":\"PostalAddress\",\"streetAddress\":\"san antonio 4, san antonio 4\",\"postalCode\":\"33430\",\"addressLocality\":\"Cand\\u00e1s\",\"addressRegion\":\"Asturias\",\"addressCountry\":\"ES\"}},{\"@type\":\"Person\",\"@id\":\"https:\\\/\\\/candas365.es\\\/noticias\\\/author\\\/admin\\\/#author\",\"url\":\"https:\\\/\\\/candas365.es\\\/noticias\\\/author\\\/admin\\\/\",\"name\":\"Cand\\u00e1s 365\",\"image\":{\"@type\":\"ImageObject\",\"@id\":\"https:\\\/\\\/candas365.es\\\/noticias\\\/los-jugadores-del-bayern-ilusionados-con-flick\\\/#authorImage\",\"url\":\"https:\\\/\\\/secure.gravatar.com\\\/avatar\\\/496a8e03d0c493ede1718b7934145dbdf8d89be1036b0eec9544e1094c9de390?s=96&d=mm&r=g\",\"width\":96,\"height\":96,\"caption\":\"Cand\\u00e1s 365\"},\"sameAs\":[\"https:\\\/\\\/www.facebook.com\\\/carrenoactualidad\",\"https:\\\/\\\/twitter.com\\\/nbasturias\",\"https:\\\/\\\/www.instagram.com\\\/nachofdezber\\\/\",\"https:\\\/\\\/www.youtube.com\\\/channel\\\/UCZP-2wLEB9Rv6erhFmqVnvg\"]},{\"@type\":\"WebPage\",\"@id\":\"https:\\\/\\\/candas365.es\\\/noticias\\\/los-jugadores-del-bayern-ilusionados-con-flick\\\/#webpage\",\"url\":\"https:\\\/\\\/candas365.es\\\/noticias\\\/los-jugadores-del-bayern-ilusionados-con-flick\\\/\",\"name\":\"Los jugadores del Bayern \\u201cilusionados\\u201d con Flick | Cand\\u00e1s 365\",\"description\":\"D\\u00fcsseldorf (Alemania), 24 nov (dpa) - La actuaci\\u00f3n del Bayern M\\u00fanich en D\\u00fcsseldorf fue una se\\u00f1al m\\u00e1s que contundente por parte de los jugadores del equipo b\\u00e1varo en su alegato a favor de cambiar la situaci\\u00f3n interina del t\\u00e9cnico Hansi Flick por una permanente. \\\"Est\\u00e1 todo dicho, no tengo nada que a\\u00f1adir\\\", dijo el delantero\",\"inLanguage\":\"es-ES\",\"isPartOf\":{\"@id\":\"https:\\\/\\\/candas365.es\\\/noticias\\\/#website\"},\"breadcrumb\":{\"@id\":\"https:\\\/\\\/candas365.es\\\/noticias\\\/los-jugadores-del-bayern-ilusionados-con-flick\\\/#breadcrumblist\"},\"author\":{\"@id\":\"https:\\\/\\\/candas365.es\\\/noticias\\\/author\\\/admin\\\/#author\"},\"creator\":{\"@id\":\"https:\\\/\\\/candas365.es\\\/noticias\\\/author\\\/admin\\\/#author\"},\"image\":{\"@type\":\"ImageObject\",\"url\":\"https:\\\/\\\/candas365.es\\\/noticias\\\/wp-content\\\/uploads\\\/2019\\\/11\\\/Flick.jpg\",\"@id\":\"https:\\\/\\\/candas365.es\\\/noticias\\\/los-jugadores-del-bayern-ilusionados-con-flick\\\/#mainImage\",\"width\":929,\"height\":608,\"caption\":\"El entrenador interino del Bayern M\\u00fanich, Hansi Flick Foto: Marius Becker\\\/dpa\"},\"primaryImageOfPage\":{\"@id\":\"https:\\\/\\\/candas365.es\\\/noticias\\\/los-jugadores-del-bayern-ilusionados-con-flick\\\/#mainImage\"},\"datePublished\":\"2019-11-25T03:48:39+01:00\",\"dateModified\":\"2019-11-25T03:48:39+01:00\"},{\"@type\":\"WebSite\",\"@id\":\"https:\\\/\\\/candas365.es\\\/noticias\\\/#website\",\"url\":\"https:\\\/\\\/candas365.es\\\/noticias\\\/\",\"name\":\"Cand\\u00e1s 365\",\"alternateName\":\"Cand\\u00e1s 365 Noticias\",\"description\":\"Actualidad desde Carre\\u00f1o para el mundo\",\"inLanguage\":\"es-ES\",\"publisher\":{\"@id\":\"https:\\\/\\\/candas365.es\\\/noticias\\\/#organization\"}}]}\n\t\t<\/script>\n\t\t<!-- All in One SEO Pro -->\r\n\t\t<title>Los jugadores del Bayern \u201cilusionados\u201d con Flick | Cand\u00e1s 365<\/title>\n\n","aioseo_head_json":{"title":"Los jugadores del Bayern \u201cilusionados\u201d con Flick | Cand\u00e1s 365","description":"D\u00fcsseldorf (Alemania), 24 nov (dpa) - La actuaci\u00f3n del Bayern M\u00fanich en D\u00fcsseldorf fue una se\u00f1al m\u00e1s que contundente por parte de los jugadores del equipo b\u00e1varo en su alegato a favor de cambiar la situaci\u00f3n interina del t\u00e9cnico Hansi Flick por una permanente. \"Est\u00e1 todo dicho, no tengo nada que a\u00f1adir\", dijo el delantero","canonical_url":"https:\/\/candas365.es\/noticias\/los-jugadores-del-bayern-ilusionados-con-flick\/","robots":"max-image-preview:large","keywords":"deporte","webmasterTools":{"google-site-verification":"UA-32230408-1","msvalidate.01":"354F3CDFB2DA171B47FBE9ABF1F88D5","miscellaneous":""},"schema":{"@context":"https:\/\/schema.org","@graph":[{"@type":"BreadcrumbList","@id":"https:\/\/candas365.es\/noticias\/los-jugadores-del-bayern-ilusionados-con-flick\/#breadcrumblist","itemListElement":[{"@type":"ListItem","@id":"https:\/\/candas365.es\/noticias#listItem","position":1,"name":"Home","item":"https:\/\/candas365.es\/noticias","nextItem":{"@type":"ListItem","@id":"https:\/\/candas365.es\/noticias\/category\/deporte\/#listItem","name":"Deporte"}},{"@type":"ListItem","@id":"https:\/\/candas365.es\/noticias\/category\/deporte\/#listItem","position":2,"name":"Deporte","item":"https:\/\/candas365.es\/noticias\/category\/deporte\/","nextItem":{"@type":"ListItem","@id":"https:\/\/candas365.es\/noticias\/los-jugadores-del-bayern-ilusionados-con-flick\/#listItem","name":"Los jugadores del Bayern \u201cilusionados\u201d con Flick"},"previousItem":{"@type":"ListItem","@id":"https:\/\/candas365.es\/noticias#listItem","name":"Home"}},{"@type":"ListItem","@id":"https:\/\/candas365.es\/noticias\/los-jugadores-del-bayern-ilusionados-con-flick\/#listItem","position":3,"name":"Los jugadores del Bayern \u201cilusionados\u201d con Flick","previousItem":{"@type":"ListItem","@id":"https:\/\/candas365.es\/noticias\/category\/deporte\/#listItem","name":"Deporte"}}]},{"@type":"NewsArticle","@id":"https:\/\/candas365.es\/noticias\/los-jugadores-del-bayern-ilusionados-con-flick\/#newsarticle","name":"Los jugadores del Bayern \u201cilusionados\u201d con Flick | Cand\u00e1s 365","headline":"Los jugadores del Bayern \u201cilusionados\u201d con Flick","author":{"@id":"https:\/\/candas365.es\/noticias\/author\/admin\/#author"},"publisher":{"@id":"https:\/\/candas365.es\/noticias\/#organization"},"image":{"@type":"ImageObject","url":"https:\/\/candas365.es\/noticias\/wp-content\/uploads\/2019\/11\/Flick.jpg","width":929,"height":608,"caption":"El entrenador interino del Bayern M\u00fanich, Hansi Flick Foto: Marius Becker\/dpa"},"datePublished":"2019-11-25T03:48:39+01:00","dateModified":"2019-11-25T03:48:39+01:00","inLanguage":"es-ES","mainEntityOfPage":{"@id":"https:\/\/candas365.es\/noticias\/los-jugadores-del-bayern-ilusionados-con-flick\/#webpage"},"isPartOf":{"@id":"https:\/\/candas365.es\/noticias\/los-jugadores-del-bayern-ilusionados-con-flick\/#webpage"},"articleSection":"Deporte","dateline":"Publicado el noviembre 25, 2019."},{"@type":"Organization","@id":"https:\/\/candas365.es\/noticias\/#organization","name":"Cand\u00e1s 365","description":"Cand\u00e1s 365 es un diario digital independiente, fundado en 2012, con base en Asturias. Informamos con rigor sobre actualidad, sociedad, cultura y ocio, con una mirada local y global.","url":"https:\/\/candas365.es\/noticias\/","email":"info@candas365.es","telephone":"+34652131393","foundingDate":"2012-06-10","logo":{"@type":"ImageObject","url":"https:\/\/candas365.es\/noticias\/wp-content\/uploads\/2024\/09\/Candas-365-Redes.jpg","@id":"https:\/\/candas365.es\/noticias\/los-jugadores-del-bayern-ilusionados-con-flick\/#organizationLogo","width":1152,"height":864,"caption":"Cand\u00e1s 365 Redes"},"image":{"@id":"https:\/\/candas365.es\/noticias\/los-jugadores-del-bayern-ilusionados-con-flick\/#organizationLogo"},"sameAs":["https:\/\/www.facebook.com\/Nachofdezber","https:\/\/x.com\/NabercoDigital","https:\/\/www.instagram.com\/nachofdezber\/","https:\/\/www.youtube.com\/channel\/UCZP-2wLEB9Rv6erhFmqVnvg"],"address":{"@id":"https:\/\/candas365.es\/noticias\/#postaladdress","@type":"PostalAddress","streetAddress":"san antonio 4, san antonio 4","postalCode":"33430","addressLocality":"Cand\u00e1s","addressRegion":"Asturias","addressCountry":"ES"}},{"@type":"Person","@id":"https:\/\/candas365.es\/noticias\/author\/admin\/#author","url":"https:\/\/candas365.es\/noticias\/author\/admin\/","name":"Cand\u00e1s 365","image":{"@type":"ImageObject","@id":"https:\/\/candas365.es\/noticias\/los-jugadores-del-bayern-ilusionados-con-flick\/#authorImage","url":"https:\/\/secure.gravatar.com\/avatar\/496a8e03d0c493ede1718b7934145dbdf8d89be1036b0eec9544e1094c9de390?s=96&d=mm&r=g","width":96,"height":96,"caption":"Cand\u00e1s 365"},"sameAs":["https:\/\/www.facebook.com\/carrenoactualidad","https:\/\/twitter.com\/nbasturias","https:\/\/www.instagram.com\/nachofdezber\/","https:\/\/www.youtube.com\/channel\/UCZP-2wLEB9Rv6erhFmqVnvg"]},{"@type":"WebPage","@id":"https:\/\/candas365.es\/noticias\/los-jugadores-del-bayern-ilusionados-con-flick\/#webpage","url":"https:\/\/candas365.es\/noticias\/los-jugadores-del-bayern-ilusionados-con-flick\/","name":"Los jugadores del Bayern \u201cilusionados\u201d con Flick | Cand\u00e1s 365","description":"D\u00fcsseldorf (Alemania), 24 nov (dpa) - La actuaci\u00f3n del Bayern M\u00fanich en D\u00fcsseldorf fue una se\u00f1al m\u00e1s que contundente por parte de los jugadores del equipo b\u00e1varo en su alegato a favor de cambiar la situaci\u00f3n interina del t\u00e9cnico Hansi Flick por una permanente. \"Est\u00e1 todo dicho, no tengo nada que a\u00f1adir\", dijo el delantero","inLanguage":"es-ES","isPartOf":{"@id":"https:\/\/candas365.es\/noticias\/#website"},"breadcrumb":{"@id":"https:\/\/candas365.es\/noticias\/los-jugadores-del-bayern-ilusionados-con-flick\/#breadcrumblist"},"author":{"@id":"https:\/\/candas365.es\/noticias\/author\/admin\/#author"},"creator":{"@id":"https:\/\/candas365.es\/noticias\/author\/admin\/#author"},"image":{"@type":"ImageObject","url":"https:\/\/candas365.es\/noticias\/wp-content\/uploads\/2019\/11\/Flick.jpg","@id":"https:\/\/candas365.es\/noticias\/los-jugadores-del-bayern-ilusionados-con-flick\/#mainImage","width":929,"height":608,"caption":"El entrenador interino del Bayern M\u00fanich, Hansi Flick Foto: Marius Becker\/dpa"},"primaryImageOfPage":{"@id":"https:\/\/candas365.es\/noticias\/los-jugadores-del-bayern-ilusionados-con-flick\/#mainImage"},"datePublished":"2019-11-25T03:48:39+01:00","dateModified":"2019-11-25T03:48:39+01:00"},{"@type":"WebSite","@id":"https:\/\/candas365.es\/noticias\/#website","url":"https:\/\/candas365.es\/noticias\/","name":"Cand\u00e1s 365","alternateName":"Cand\u00e1s 365 Noticias","description":"Actualidad desde Carre\u00f1o para el mundo","inLanguage":"es-ES","publisher":{"@id":"https:\/\/candas365.es\/noticias\/#organization"}}]},"og:locale":"es_ES","og:site_name":"Cand\u00e1s 365","og:type":"article","og:title":"Los jugadores del Bayern \u201cilusionados\u201d con Flick | Cand\u00e1s 365","og:description":"D\u00fcsseldorf (Alemania), 24 nov (dpa) - La actuaci\u00f3n del Bayern M\u00fanich en D\u00fcsseldorf fue una se\u00f1al m\u00e1s que contundente por parte de los jugadores del equipo b\u00e1varo en su alegato a favor de cambiar la situaci\u00f3n interina del t\u00e9cnico Hansi Flick por una permanente. &quot;Est\u00e1 todo dicho, no tengo nada que a\u00f1adir&quot;, dijo el delantero","og:url":"https:\/\/candas365.es\/noticias\/los-jugadores-del-bayern-ilusionados-con-flick\/","og:image":"https:\/\/candas365.es\/noticias\/wp-content\/uploads\/2019\/11\/Flick.jpg","og:image:secure_url":"https:\/\/candas365.es\/noticias\/wp-content\/uploads\/2019\/11\/Flick.jpg","og:image:width":929,"og:image:height":608,"article:published_time":"2019-11-25T03:48:39+00:00","article:modified_time":"2019-11-25T03:48:39+00:00","article:publisher":"https:\/\/www.facebook.com\/Nachofdezber","article:author":"https:\/\/www.facebook.com\/carrenoactualidad","twitter:card":"summary_large_image","twitter:site":"@NabercoDigital","twitter:title":"Los jugadores del Bayern \u201cilusionados\u201d con Flick | Cand\u00e1s 365","twitter:description":"D\u00fcsseldorf (Alemania), 24 nov (dpa) - La actuaci\u00f3n del Bayern M\u00fanich en D\u00fcsseldorf fue una se\u00f1al m\u00e1s que contundente por parte de los jugadores del equipo b\u00e1varo en su alegato a favor de cambiar la situaci\u00f3n interina del t\u00e9cnico Hansi Flick por una permanente. &quot;Est\u00e1 todo dicho, no tengo nada que a\u00f1adir&quot;, dijo el delantero","twitter:creator":"@nbasturias","twitter:image":"https:\/\/candas365.es\/noticias\/wp-content\/uploads\/2019\/11\/Flick.jpg","twitter:label1":"Escrito por","twitter:data1":"Cand\u00e1s 365","twitter:label2":"Tiempo de lectura estimado","twitter:data2":"3 minutos"},"aioseo_meta_data":{"post_id":"133588","title":null,"description":null,"keywords":null,"keyphrases":null,"primary_term":null,"canonical_url":null,"og_title":null,"og_description":null,"og_object_type":"default","og_image_type":"default","og_image_url":null,"og_image_width":null,"og_image_height":null,"og_image_custom_url":null,"og_image_custom_fields":null,"og_video":null,"og_custom_url":null,"og_article_section":null,"og_article_tags":null,"twitter_use_og":false,"twitter_card":"default","twitter_image_type":"default","twitter_image_url":null,"twitter_image_custom_url":null,"twitter_image_custom_fields":null,"twitter_title":null,"twitter_description":null,"schema":{"blockGraphs":[],"customGraphs":[],"default":{"data":{"Article":[],"Course":[],"Dataset":[],"FAQPage":[],"Movie":[],"Person":[],"Product":[],"ProductReview":[],"Car":[],"Recipe":[],"Service":[],"SoftwareApplication":[],"WebPage":[]},"graphName":"","isEnabled":true},"graphs":[],"defaultGraph":"","defaultPostTypeGraph":""},"schema_type":null,"schema_type_options":null,"pillar_content":false,"robots_default":true,"robots_noindex":false,"robots_noarchive":false,"robots_nosnippet":false,"robots_nofollow":false,"robots_noimageindex":false,"robots_noodp":false,"robots_notranslate":false,"robots_max_snippet":null,"robots_max_videopreview":null,"robots_max_imagepreview":"large","priority":null,"frequency":null,"location":null,"local_seo":null,"seo_analyzer_scan_date":"2025-08-30 18:15:13","breadcrumb_settings":null,"limit_modified_date":false,"reviewed_by":null,"open_ai":null,"ai":null,"created":"2020-12-21 10:50:10","updated":"2025-08-30 18:15:13"},"aioseo_breadcrumb":"<div class=\"aioseo-breadcrumbs\"><span class=\"aioseo-breadcrumb\">\n\t<a href=\"https:\/\/candas365.es\/noticias\" title=\"Home\">Home<\/a>\n<\/span><span class=\"aioseo-breadcrumb-separator\">&ndash;<\/span><span class=\"aioseo-breadcrumb\">\n\t<a href=\"https:\/\/candas365.es\/noticias\/category\/deporte\/\" title=\"Deporte\">Deporte<\/a>\n<\/span><span class=\"aioseo-breadcrumb-separator\">&ndash;<\/span><span class=\"aioseo-breadcrumb\">\n\tLos jugadores del Bayern \u201cilusionados\u201d con Flick\n<\/span><\/div>","aioseo_breadcrumb_json":[{"label":"Home","link":"https:\/\/candas365.es\/noticias"},{"label":"Deporte","link":"https:\/\/candas365.es\/noticias\/category\/deporte\/"},{"label":"Los jugadores del Bayern \u201cilusionados\u201d con Flick","link":"https:\/\/candas365.es\/noticias\/los-jugadores-del-bayern-ilusionados-con-flick\/"}],"_links":{"self":[{"href":"https:\/\/candas365.es\/noticias\/wp-json\/wp\/v2\/posts\/133588","targetHints":{"allow":["GET"]}}],"collection":[{"href":"https:\/\/candas365.es\/noticias\/wp-json\/wp\/v2\/posts"}],"about":[{"href":"https:\/\/candas365.es\/noticias\/wp-json\/wp\/v2\/types\/post"}],"author":[{"embeddable":true,"href":"https:\/\/candas365.es\/noticias\/wp-json\/wp\/v2\/users\/1"}],"replies":[{"embeddable":true,"href":"https:\/\/candas365.es\/noticias\/wp-json\/wp\/v2\/comments?post=133588"}],"version-history":[{"count":0,"href":"https:\/\/candas365.es\/noticias\/wp-json\/wp\/v2\/posts\/133588\/revisions"}],"wp:featuredmedia":[{"embeddable":true,"href":"https:\/\/candas365.es\/noticias\/wp-json\/wp\/v2\/media\/133589"}],"wp:attachment":[{"href":"https:\/\/candas365.es\/noticias\/wp-json\/wp\/v2\/media?parent=133588"}],"wp:term":[{"taxonomy":"category","embeddable":true,"href":"https:\/\/candas365.es\/noticias\/wp-json\/wp\/v2\/categories?post=133588"},{"taxonomy":"post_tag","embeddable":true,"href":"https:\/\/candas365.es\/noticias\/wp-json\/wp\/v2\/tags?post=133588"}],"curies":[{"name":"wp","href":"https:\/\/api.w.org\/{rel}","templated":true}]}}