{"id":133107,"date":"2019-11-15T02:58:10","date_gmt":"2019-11-15T02:58:10","guid":{"rendered":"http:\/\/candas365.es\/noticias\/?p=133107"},"modified":"2019-11-15T05:00:59","modified_gmt":"2019-11-15T05:00:59","slug":"riesgo-de-aludes-en-la-zona-de-picos-de-europa","status":"publish","type":"post","link":"https:\/\/candas365.es\/noticias\/riesgo-de-aludes-en-la-zona-de-picos-de-europa\/","title":{"rendered":"Riesgo de aludes en la zona de Picos de Europa"},"content":{"rendered":"<p><img fetchpriority=\"high\" decoding=\"async\" class=\"size-medium wp-image-5754 alignleft\" src=\"https:\/\/candas365.es\/noticias\/wp-content\/uploads\/2014\/12\/nieve-360x238.jpg\" alt=\"\" width=\"360\" height=\"238\" srcset=\"https:\/\/candas365.es\/noticias\/wp-content\/uploads\/2014\/12\/nieve.jpg 360w, https:\/\/candas365.es\/noticias\/wp-content\/uploads\/2014\/12\/nieve-150x99.jpg 150w, https:\/\/candas365.es\/noticias\/wp-content\/uploads\/2014\/12\/nieve-84x55.jpg 84w\" sizes=\"(max-width: 360px) 100vw, 360px\" \/>La Agencia Estatal de Meteorolog\u00eda (AEMET) ha emitido un aviso espec\u00edfico para los pr\u00f3ximos d\u00edas, desde las 00.00 horas de hoy viernes 15 de noviembre hasta las 12 horas del lunes 18 de noviembre, por peligro de aludes en los Picos de Europa.<\/p>\n<p>Seg\u00fan AEMET en las pr\u00f3ximas horas y a lo largo del fin de semana, la persistencia de las nevadas dar\u00e1 lugar a que se acumulen espesores importantes, que se ir\u00e1n sumando a los ya existentes y es muy probable que superen localmente los 80-100 cm por encima de los 1.200 metros.<\/p>\n<p>Esto incrementar\u00e1 notablemente el peligro de desencadenamiento de aludes de nieve reciente sin cohesi\u00f3n, tanto espont\u00e1neos como provocados de forma accidental. Dichos aludes podr\u00e1n causar da\u00f1os a personas e infraestructuras, incluyendo la red viaria, y se pueden producir a cualquier hora del d\u00eda (incluso durante la noche) en todas las orientaciones y a cualquier cota, aunque se estima que su tama\u00f1o y frecuencia ir\u00e1 en aumento a mayor altitud. Las laderas m\u00e1s propicias ser\u00e1n las de pendiente superior a 35o.<\/p>\n<p>Por encima de 1.800-2.000 metros, el peligro de aludes aumenta por el problema adicional de nieve venteada, pues cabe esperar que a partir de dichas altitudes los intensos vientos que acompa\u00f1an a las nevadas est\u00e9n formando acumulaciones de sotavento y numerosas placas, as\u00ed como cornisas en las crestas y cordales.<\/p>\n<p>El nivel de peligro se mantendr\u00e1 estacionario durante el viernes y el s\u00e1bado, o ir\u00e1 aumentando a medida que se produzcan nuevas precipitaciones.<\/p>\n<p>En estas condiciones, desde el Servicio de Emergencias del Principado de Asturias (SEPA) se advierte que es especialmente peligroso realizar recorridos a pie por la alta monta\u00f1a, as\u00ed como la pr\u00e1ctica de deportes invernales como el esqu\u00ed de traves\u00eda o la escalda en hielo.<\/p>\n","protected":false},"excerpt":{"rendered":"<p>La Agencia Estatal de Meteorolog\u00eda (AEMET) ha emitido un aviso espec\u00edfico para los pr\u00f3ximos d\u00edas, desde las 00.00 horas de hoy viernes 15 de noviembre hasta las 12 horas del lunes 18 de noviembre, por peligro de aludes en los Picos de Europa. Seg\u00fan AEMET en las pr\u00f3ximas horas y a lo largo del fin<\/p>\n","protected":false},"author":1,"featured_media":89243,"comment_status":"closed","ping_status":"closed","sticky":false,"template":"","format":"standard","meta":{"footnotes":""},"categories":[1],"tags":[],"class_list":{"0":"post-133107","1":"post","2":"type-post","3":"status-publish","4":"format-standard","5":"has-post-thumbnail","7":"category-agenda"},"aioseo_notices":[],"aioseo_head":"\n\t\t<!-- All in One SEO Pro 4.9.6.2 - aioseo.com -->\n\t<meta name=\"description\" content=\"La Agencia Estatal de Meteorolog\u00eda (AEMET) ha emitido un aviso espec\u00edfico para los pr\u00f3ximos d\u00edas, desde las 00.00 horas de hoy viernes 15 de noviembre hasta las 12 horas del lunes 18 de noviembre, por peligro de aludes en los Picos de Europa. Seg\u00fan AEMET en las pr\u00f3ximas horas y a lo largo del fin\" \/>\n\t<meta name=\"robots\" content=\"max-image-preview:large\" \/>\n\t<meta name=\"author\" content=\"Cand\u00e1s 365\"\/>\n\t<meta name=\"google-site-verification\" content=\"UA-32230408-1\" \/>\n\t<meta name=\"msvalidate.01\" content=\"354F3CDFB2DA171B47FBE9ABF1F88D5\" \/>\n\t<meta name=\"keywords\" content=\"agenda\" \/>\n\t<link rel=\"canonical\" href=\"https:\/\/candas365.es\/noticias\/riesgo-de-aludes-en-la-zona-de-picos-de-europa\/\" \/>\n\t<meta name=\"generator\" content=\"All in One SEO Pro (AIOSEO) 4.9.6.2\" \/>\n\t\t<meta property=\"og:locale\" content=\"es_ES\" \/>\n\t\t<meta property=\"og:site_name\" content=\"Cand\u00e1s 365\" \/>\n\t\t<meta property=\"og:type\" content=\"article\" \/>\n\t\t<meta property=\"og:title\" content=\"Riesgo de aludes en la zona de Picos de Europa | Cand\u00e1s 365\" \/>\n\t\t<meta property=\"og:description\" content=\"La Agencia Estatal de Meteorolog\u00eda (AEMET) ha emitido un aviso espec\u00edfico para los pr\u00f3ximos d\u00edas, desde las 00.00 horas de hoy viernes 15 de noviembre hasta las 12 horas del lunes 18 de noviembre, por peligro de aludes en los Picos de Europa. Seg\u00fan AEMET en las pr\u00f3ximas horas y a lo largo del fin\" \/>\n\t\t<meta property=\"og:url\" content=\"https:\/\/candas365.es\/noticias\/riesgo-de-aludes-en-la-zona-de-picos-de-europa\/\" \/>\n\t\t<meta property=\"og:image\" content=\"https:\/\/candas365.es\/noticias\/wp-content\/uploads\/2018\/02\/snow-3130501_1280.jpg\" \/>\n\t\t<meta property=\"og:image:secure_url\" content=\"https:\/\/candas365.es\/noticias\/wp-content\/uploads\/2018\/02\/snow-3130501_1280.jpg\" \/>\n\t\t<meta property=\"og:image:width\" content=\"1280\" \/>\n\t\t<meta property=\"og:image:height\" content=\"853\" \/>\n\t\t<meta property=\"article:published_time\" content=\"2019-11-15T02:58:10+00:00\" \/>\n\t\t<meta property=\"article:modified_time\" content=\"2019-11-15T05:00:59+00:00\" \/>\n\t\t<meta property=\"article:publisher\" content=\"https:\/\/www.facebook.com\/Nachofdezber\" \/>\n\t\t<meta property=\"article:author\" content=\"https:\/\/www.facebook.com\/carrenoactualidad\" \/>\n\t\t<meta name=\"twitter:card\" content=\"summary_large_image\" \/>\n\t\t<meta name=\"twitter:site\" content=\"@NabercoDigital\" \/>\n\t\t<meta name=\"twitter:title\" content=\"Riesgo de aludes en la zona de Picos de Europa | Cand\u00e1s 365\" \/>\n\t\t<meta name=\"twitter:description\" content=\"La Agencia Estatal de Meteorolog\u00eda (AEMET) ha emitido un aviso espec\u00edfico para los pr\u00f3ximos d\u00edas, desde las 00.00 horas de hoy viernes 15 de noviembre hasta las 12 horas del lunes 18 de noviembre, por peligro de aludes en los Picos de Europa. Seg\u00fan AEMET en las pr\u00f3ximas horas y a lo largo del fin\" \/>\n\t\t<meta name=\"twitter:creator\" content=\"@nbasturias\" \/>\n\t\t<meta name=\"twitter:image\" content=\"https:\/\/candas365.es\/noticias\/wp-content\/uploads\/2018\/02\/snow-3130501_1280.jpg\" \/>\n\t\t<meta name=\"twitter:label1\" content=\"Escrito por\" \/>\n\t\t<meta name=\"twitter:data1\" content=\"Cand\u00e1s 365\" \/>\n\t\t<meta name=\"twitter:label2\" content=\"Tiempo de lectura estimado\" \/>\n\t\t<meta name=\"twitter:data2\" content=\"2 minutos\" \/>\n\t\t<script type=\"application\/ld+json\" class=\"aioseo-schema\">\n\t\t\t{\"@context\":\"https:\\\/\\\/schema.org\",\"@graph\":[{\"@type\":\"BreadcrumbList\",\"@id\":\"https:\\\/\\\/candas365.es\\\/noticias\\\/riesgo-de-aludes-en-la-zona-de-picos-de-europa\\\/#breadcrumblist\",\"itemListElement\":[{\"@type\":\"ListItem\",\"@id\":\"https:\\\/\\\/candas365.es\\\/noticias#listItem\",\"position\":1,\"name\":\"Home\",\"item\":\"https:\\\/\\\/candas365.es\\\/noticias\",\"nextItem\":{\"@type\":\"ListItem\",\"@id\":\"https:\\\/\\\/candas365.es\\\/noticias\\\/category\\\/agenda\\\/#listItem\",\"name\":\"Agenda\"}},{\"@type\":\"ListItem\",\"@id\":\"https:\\\/\\\/candas365.es\\\/noticias\\\/category\\\/agenda\\\/#listItem\",\"position\":2,\"name\":\"Agenda\",\"item\":\"https:\\\/\\\/candas365.es\\\/noticias\\\/category\\\/agenda\\\/\",\"nextItem\":{\"@type\":\"ListItem\",\"@id\":\"https:\\\/\\\/candas365.es\\\/noticias\\\/riesgo-de-aludes-en-la-zona-de-picos-de-europa\\\/#listItem\",\"name\":\"Riesgo de aludes en la zona de Picos de Europa\"},\"previousItem\":{\"@type\":\"ListItem\",\"@id\":\"https:\\\/\\\/candas365.es\\\/noticias#listItem\",\"name\":\"Home\"}},{\"@type\":\"ListItem\",\"@id\":\"https:\\\/\\\/candas365.es\\\/noticias\\\/riesgo-de-aludes-en-la-zona-de-picos-de-europa\\\/#listItem\",\"position\":3,\"name\":\"Riesgo de aludes en la zona de Picos de Europa\",\"previousItem\":{\"@type\":\"ListItem\",\"@id\":\"https:\\\/\\\/candas365.es\\\/noticias\\\/category\\\/agenda\\\/#listItem\",\"name\":\"Agenda\"}}]},{\"@type\":\"NewsArticle\",\"@id\":\"https:\\\/\\\/candas365.es\\\/noticias\\\/riesgo-de-aludes-en-la-zona-de-picos-de-europa\\\/#newsarticle\",\"name\":\"Riesgo de aludes en la zona de Picos de Europa | Cand\\u00e1s 365\",\"headline\":\"Riesgo de aludes en la zona de Picos de Europa\",\"author\":{\"@id\":\"https:\\\/\\\/candas365.es\\\/noticias\\\/author\\\/admin\\\/#author\"},\"publisher\":{\"@id\":\"https:\\\/\\\/candas365.es\\\/noticias\\\/#organization\"},\"image\":{\"@type\":\"ImageObject\",\"url\":\"https:\\\/\\\/candas365.es\\\/noticias\\\/wp-content\\\/uploads\\\/2018\\\/02\\\/snow-3130501_1280.jpg\",\"width\":1280,\"height\":853},\"datePublished\":\"2019-11-15T02:58:10+01:00\",\"dateModified\":\"2019-11-15T05:00:59+01:00\",\"inLanguage\":\"es-ES\",\"mainEntityOfPage\":{\"@id\":\"https:\\\/\\\/candas365.es\\\/noticias\\\/riesgo-de-aludes-en-la-zona-de-picos-de-europa\\\/#webpage\"},\"isPartOf\":{\"@id\":\"https:\\\/\\\/candas365.es\\\/noticias\\\/riesgo-de-aludes-en-la-zona-de-picos-de-europa\\\/#webpage\"},\"articleSection\":\"Agenda\",\"dateline\":\"Publicado el noviembre 15, 2019.\"},{\"@type\":\"Organization\",\"@id\":\"https:\\\/\\\/candas365.es\\\/noticias\\\/#organization\",\"name\":\"Cand\\u00e1s 365\",\"description\":\"Cand\\u00e1s 365 es un diario digital independiente, fundado en 2012, con base en Asturias. Informamos con rigor sobre actualidad, sociedad, cultura y ocio, con una mirada local y global.\",\"url\":\"https:\\\/\\\/candas365.es\\\/noticias\\\/\",\"email\":\"info@candas365.es\",\"telephone\":\"+34652131393\",\"foundingDate\":\"2012-06-10\",\"logo\":{\"@type\":\"ImageObject\",\"url\":\"https:\\\/\\\/candas365.es\\\/noticias\\\/wp-content\\\/uploads\\\/2024\\\/09\\\/Candas-365-Redes.jpg\",\"@id\":\"https:\\\/\\\/candas365.es\\\/noticias\\\/riesgo-de-aludes-en-la-zona-de-picos-de-europa\\\/#organizationLogo\",\"width\":1152,\"height\":864,\"caption\":\"Cand\\u00e1s 365 Redes\"},\"image\":{\"@id\":\"https:\\\/\\\/candas365.es\\\/noticias\\\/riesgo-de-aludes-en-la-zona-de-picos-de-europa\\\/#organizationLogo\"},\"sameAs\":[\"https:\\\/\\\/www.facebook.com\\\/Nachofdezber\",\"https:\\\/\\\/x.com\\\/NabercoDigital\",\"https:\\\/\\\/www.instagram.com\\\/nachofdezber\\\/\",\"https:\\\/\\\/www.youtube.com\\\/channel\\\/UCZP-2wLEB9Rv6erhFmqVnvg\"],\"address\":{\"@id\":\"https:\\\/\\\/candas365.es\\\/noticias\\\/#postaladdress\",\"@type\":\"PostalAddress\",\"streetAddress\":\"san antonio 4, san antonio 4\",\"postalCode\":\"33430\",\"addressLocality\":\"Cand\\u00e1s\",\"addressRegion\":\"Asturias\",\"addressCountry\":\"ES\"}},{\"@type\":\"Person\",\"@id\":\"https:\\\/\\\/candas365.es\\\/noticias\\\/author\\\/admin\\\/#author\",\"url\":\"https:\\\/\\\/candas365.es\\\/noticias\\\/author\\\/admin\\\/\",\"name\":\"Cand\\u00e1s 365\",\"image\":{\"@type\":\"ImageObject\",\"@id\":\"https:\\\/\\\/candas365.es\\\/noticias\\\/riesgo-de-aludes-en-la-zona-de-picos-de-europa\\\/#authorImage\",\"url\":\"https:\\\/\\\/secure.gravatar.com\\\/avatar\\\/496a8e03d0c493ede1718b7934145dbdf8d89be1036b0eec9544e1094c9de390?s=96&d=mm&r=g\",\"width\":96,\"height\":96,\"caption\":\"Cand\\u00e1s 365\"},\"sameAs\":[\"https:\\\/\\\/www.facebook.com\\\/carrenoactualidad\",\"https:\\\/\\\/twitter.com\\\/nbasturias\",\"https:\\\/\\\/www.instagram.com\\\/nachofdezber\\\/\",\"https:\\\/\\\/www.youtube.com\\\/channel\\\/UCZP-2wLEB9Rv6erhFmqVnvg\"]},{\"@type\":\"WebPage\",\"@id\":\"https:\\\/\\\/candas365.es\\\/noticias\\\/riesgo-de-aludes-en-la-zona-de-picos-de-europa\\\/#webpage\",\"url\":\"https:\\\/\\\/candas365.es\\\/noticias\\\/riesgo-de-aludes-en-la-zona-de-picos-de-europa\\\/\",\"name\":\"Riesgo de aludes en la zona de Picos de Europa | Cand\\u00e1s 365\",\"description\":\"La Agencia Estatal de Meteorolog\\u00eda (AEMET) ha emitido un aviso espec\\u00edfico para los pr\\u00f3ximos d\\u00edas, desde las 00.00 horas de hoy viernes 15 de noviembre hasta las 12 horas del lunes 18 de noviembre, por peligro de aludes en los Picos de Europa. Seg\\u00fan AEMET en las pr\\u00f3ximas horas y a lo largo del fin\",\"inLanguage\":\"es-ES\",\"isPartOf\":{\"@id\":\"https:\\\/\\\/candas365.es\\\/noticias\\\/#website\"},\"breadcrumb\":{\"@id\":\"https:\\\/\\\/candas365.es\\\/noticias\\\/riesgo-de-aludes-en-la-zona-de-picos-de-europa\\\/#breadcrumblist\"},\"author\":{\"@id\":\"https:\\\/\\\/candas365.es\\\/noticias\\\/author\\\/admin\\\/#author\"},\"creator\":{\"@id\":\"https:\\\/\\\/candas365.es\\\/noticias\\\/author\\\/admin\\\/#author\"},\"image\":{\"@type\":\"ImageObject\",\"url\":\"https:\\\/\\\/candas365.es\\\/noticias\\\/wp-content\\\/uploads\\\/2018\\\/02\\\/snow-3130501_1280.jpg\",\"@id\":\"https:\\\/\\\/candas365.es\\\/noticias\\\/riesgo-de-aludes-en-la-zona-de-picos-de-europa\\\/#mainImage\",\"width\":1280,\"height\":853},\"primaryImageOfPage\":{\"@id\":\"https:\\\/\\\/candas365.es\\\/noticias\\\/riesgo-de-aludes-en-la-zona-de-picos-de-europa\\\/#mainImage\"},\"datePublished\":\"2019-11-15T02:58:10+01:00\",\"dateModified\":\"2019-11-15T05:00:59+01:00\"},{\"@type\":\"WebSite\",\"@id\":\"https:\\\/\\\/candas365.es\\\/noticias\\\/#website\",\"url\":\"https:\\\/\\\/candas365.es\\\/noticias\\\/\",\"name\":\"Cand\\u00e1s 365\",\"alternateName\":\"Cand\\u00e1s 365 Noticias\",\"description\":\"Actualidad desde Carre\\u00f1o para el mundo\",\"inLanguage\":\"es-ES\",\"publisher\":{\"@id\":\"https:\\\/\\\/candas365.es\\\/noticias\\\/#organization\"}}]}\n\t\t<\/script>\n\t\t<!-- All in One SEO Pro -->\r\n\t\t<title>Riesgo de aludes en la zona de Picos de Europa | Cand\u00e1s 365<\/title>\n\n","aioseo_head_json":{"title":"Riesgo de aludes en la zona de Picos de Europa | Cand\u00e1s 365","description":"La Agencia Estatal de Meteorolog\u00eda (AEMET) ha emitido un aviso espec\u00edfico para los pr\u00f3ximos d\u00edas, desde las 00.00 horas de hoy viernes 15 de noviembre hasta las 12 horas del lunes 18 de noviembre, por peligro de aludes en los Picos de Europa. Seg\u00fan AEMET en las pr\u00f3ximas horas y a lo largo del fin","canonical_url":"https:\/\/candas365.es\/noticias\/riesgo-de-aludes-en-la-zona-de-picos-de-europa\/","robots":"max-image-preview:large","keywords":"agenda","webmasterTools":{"google-site-verification":"UA-32230408-1","msvalidate.01":"354F3CDFB2DA171B47FBE9ABF1F88D5","miscellaneous":""},"schema":{"@context":"https:\/\/schema.org","@graph":[{"@type":"BreadcrumbList","@id":"https:\/\/candas365.es\/noticias\/riesgo-de-aludes-en-la-zona-de-picos-de-europa\/#breadcrumblist","itemListElement":[{"@type":"ListItem","@id":"https:\/\/candas365.es\/noticias#listItem","position":1,"name":"Home","item":"https:\/\/candas365.es\/noticias","nextItem":{"@type":"ListItem","@id":"https:\/\/candas365.es\/noticias\/category\/agenda\/#listItem","name":"Agenda"}},{"@type":"ListItem","@id":"https:\/\/candas365.es\/noticias\/category\/agenda\/#listItem","position":2,"name":"Agenda","item":"https:\/\/candas365.es\/noticias\/category\/agenda\/","nextItem":{"@type":"ListItem","@id":"https:\/\/candas365.es\/noticias\/riesgo-de-aludes-en-la-zona-de-picos-de-europa\/#listItem","name":"Riesgo de aludes en la zona de Picos de Europa"},"previousItem":{"@type":"ListItem","@id":"https:\/\/candas365.es\/noticias#listItem","name":"Home"}},{"@type":"ListItem","@id":"https:\/\/candas365.es\/noticias\/riesgo-de-aludes-en-la-zona-de-picos-de-europa\/#listItem","position":3,"name":"Riesgo de aludes en la zona de Picos de Europa","previousItem":{"@type":"ListItem","@id":"https:\/\/candas365.es\/noticias\/category\/agenda\/#listItem","name":"Agenda"}}]},{"@type":"NewsArticle","@id":"https:\/\/candas365.es\/noticias\/riesgo-de-aludes-en-la-zona-de-picos-de-europa\/#newsarticle","name":"Riesgo de aludes en la zona de Picos de Europa | Cand\u00e1s 365","headline":"Riesgo de aludes en la zona de Picos de Europa","author":{"@id":"https:\/\/candas365.es\/noticias\/author\/admin\/#author"},"publisher":{"@id":"https:\/\/candas365.es\/noticias\/#organization"},"image":{"@type":"ImageObject","url":"https:\/\/candas365.es\/noticias\/wp-content\/uploads\/2018\/02\/snow-3130501_1280.jpg","width":1280,"height":853},"datePublished":"2019-11-15T02:58:10+01:00","dateModified":"2019-11-15T05:00:59+01:00","inLanguage":"es-ES","mainEntityOfPage":{"@id":"https:\/\/candas365.es\/noticias\/riesgo-de-aludes-en-la-zona-de-picos-de-europa\/#webpage"},"isPartOf":{"@id":"https:\/\/candas365.es\/noticias\/riesgo-de-aludes-en-la-zona-de-picos-de-europa\/#webpage"},"articleSection":"Agenda","dateline":"Publicado el noviembre 15, 2019."},{"@type":"Organization","@id":"https:\/\/candas365.es\/noticias\/#organization","name":"Cand\u00e1s 365","description":"Cand\u00e1s 365 es un diario digital independiente, fundado en 2012, con base en Asturias. Informamos con rigor sobre actualidad, sociedad, cultura y ocio, con una mirada local y global.","url":"https:\/\/candas365.es\/noticias\/","email":"info@candas365.es","telephone":"+34652131393","foundingDate":"2012-06-10","logo":{"@type":"ImageObject","url":"https:\/\/candas365.es\/noticias\/wp-content\/uploads\/2024\/09\/Candas-365-Redes.jpg","@id":"https:\/\/candas365.es\/noticias\/riesgo-de-aludes-en-la-zona-de-picos-de-europa\/#organizationLogo","width":1152,"height":864,"caption":"Cand\u00e1s 365 Redes"},"image":{"@id":"https:\/\/candas365.es\/noticias\/riesgo-de-aludes-en-la-zona-de-picos-de-europa\/#organizationLogo"},"sameAs":["https:\/\/www.facebook.com\/Nachofdezber","https:\/\/x.com\/NabercoDigital","https:\/\/www.instagram.com\/nachofdezber\/","https:\/\/www.youtube.com\/channel\/UCZP-2wLEB9Rv6erhFmqVnvg"],"address":{"@id":"https:\/\/candas365.es\/noticias\/#postaladdress","@type":"PostalAddress","streetAddress":"san antonio 4, san antonio 4","postalCode":"33430","addressLocality":"Cand\u00e1s","addressRegion":"Asturias","addressCountry":"ES"}},{"@type":"Person","@id":"https:\/\/candas365.es\/noticias\/author\/admin\/#author","url":"https:\/\/candas365.es\/noticias\/author\/admin\/","name":"Cand\u00e1s 365","image":{"@type":"ImageObject","@id":"https:\/\/candas365.es\/noticias\/riesgo-de-aludes-en-la-zona-de-picos-de-europa\/#authorImage","url":"https:\/\/secure.gravatar.com\/avatar\/496a8e03d0c493ede1718b7934145dbdf8d89be1036b0eec9544e1094c9de390?s=96&d=mm&r=g","width":96,"height":96,"caption":"Cand\u00e1s 365"},"sameAs":["https:\/\/www.facebook.com\/carrenoactualidad","https:\/\/twitter.com\/nbasturias","https:\/\/www.instagram.com\/nachofdezber\/","https:\/\/www.youtube.com\/channel\/UCZP-2wLEB9Rv6erhFmqVnvg"]},{"@type":"WebPage","@id":"https:\/\/candas365.es\/noticias\/riesgo-de-aludes-en-la-zona-de-picos-de-europa\/#webpage","url":"https:\/\/candas365.es\/noticias\/riesgo-de-aludes-en-la-zona-de-picos-de-europa\/","name":"Riesgo de aludes en la zona de Picos de Europa | Cand\u00e1s 365","description":"La Agencia Estatal de Meteorolog\u00eda (AEMET) ha emitido un aviso espec\u00edfico para los pr\u00f3ximos d\u00edas, desde las 00.00 horas de hoy viernes 15 de noviembre hasta las 12 horas del lunes 18 de noviembre, por peligro de aludes en los Picos de Europa. Seg\u00fan AEMET en las pr\u00f3ximas horas y a lo largo del fin","inLanguage":"es-ES","isPartOf":{"@id":"https:\/\/candas365.es\/noticias\/#website"},"breadcrumb":{"@id":"https:\/\/candas365.es\/noticias\/riesgo-de-aludes-en-la-zona-de-picos-de-europa\/#breadcrumblist"},"author":{"@id":"https:\/\/candas365.es\/noticias\/author\/admin\/#author"},"creator":{"@id":"https:\/\/candas365.es\/noticias\/author\/admin\/#author"},"image":{"@type":"ImageObject","url":"https:\/\/candas365.es\/noticias\/wp-content\/uploads\/2018\/02\/snow-3130501_1280.jpg","@id":"https:\/\/candas365.es\/noticias\/riesgo-de-aludes-en-la-zona-de-picos-de-europa\/#mainImage","width":1280,"height":853},"primaryImageOfPage":{"@id":"https:\/\/candas365.es\/noticias\/riesgo-de-aludes-en-la-zona-de-picos-de-europa\/#mainImage"},"datePublished":"2019-11-15T02:58:10+01:00","dateModified":"2019-11-15T05:00:59+01:00"},{"@type":"WebSite","@id":"https:\/\/candas365.es\/noticias\/#website","url":"https:\/\/candas365.es\/noticias\/","name":"Cand\u00e1s 365","alternateName":"Cand\u00e1s 365 Noticias","description":"Actualidad desde Carre\u00f1o para el mundo","inLanguage":"es-ES","publisher":{"@id":"https:\/\/candas365.es\/noticias\/#organization"}}]},"og:locale":"es_ES","og:site_name":"Cand\u00e1s 365","og:type":"article","og:title":"Riesgo de aludes en la zona de Picos de Europa | Cand\u00e1s 365","og:description":"La Agencia Estatal de Meteorolog\u00eda (AEMET) ha emitido un aviso espec\u00edfico para los pr\u00f3ximos d\u00edas, desde las 00.00 horas de hoy viernes 15 de noviembre hasta las 12 horas del lunes 18 de noviembre, por peligro de aludes en los Picos de Europa. Seg\u00fan AEMET en las pr\u00f3ximas horas y a lo largo del fin","og:url":"https:\/\/candas365.es\/noticias\/riesgo-de-aludes-en-la-zona-de-picos-de-europa\/","og:image":"https:\/\/candas365.es\/noticias\/wp-content\/uploads\/2018\/02\/snow-3130501_1280.jpg","og:image:secure_url":"https:\/\/candas365.es\/noticias\/wp-content\/uploads\/2018\/02\/snow-3130501_1280.jpg","og:image:width":1280,"og:image:height":853,"article:published_time":"2019-11-15T02:58:10+00:00","article:modified_time":"2019-11-15T05:00:59+00:00","article:publisher":"https:\/\/www.facebook.com\/Nachofdezber","article:author":"https:\/\/www.facebook.com\/carrenoactualidad","twitter:card":"summary_large_image","twitter:site":"@NabercoDigital","twitter:title":"Riesgo de aludes en la zona de Picos de Europa | Cand\u00e1s 365","twitter:description":"La Agencia Estatal de Meteorolog\u00eda (AEMET) ha emitido un aviso espec\u00edfico para los pr\u00f3ximos d\u00edas, desde las 00.00 horas de hoy viernes 15 de noviembre hasta las 12 horas del lunes 18 de noviembre, por peligro de aludes en los Picos de Europa. Seg\u00fan AEMET en las pr\u00f3ximas horas y a lo largo del fin","twitter:creator":"@nbasturias","twitter:image":"https:\/\/candas365.es\/noticias\/wp-content\/uploads\/2018\/02\/snow-3130501_1280.jpg","twitter:label1":"Escrito por","twitter:data1":"Cand\u00e1s 365","twitter:label2":"Tiempo de lectura estimado","twitter:data2":"2 minutos"},"aioseo_meta_data":{"post_id":"133107","title":null,"description":null,"keywords":null,"keyphrases":null,"primary_term":null,"canonical_url":null,"og_title":null,"og_description":null,"og_object_type":"default","og_image_type":"default","og_image_url":null,"og_image_width":null,"og_image_height":null,"og_image_custom_url":null,"og_image_custom_fields":null,"og_video":null,"og_custom_url":null,"og_article_section":null,"og_article_tags":null,"twitter_use_og":false,"twitter_card":"default","twitter_image_type":"default","twitter_image_url":null,"twitter_image_custom_url":null,"twitter_image_custom_fields":null,"twitter_title":null,"twitter_description":null,"schema":{"blockGraphs":[],"customGraphs":[],"default":{"data":{"Article":[],"Course":[],"Dataset":[],"FAQPage":[],"Movie":[],"Person":[],"Product":[],"ProductReview":[],"Car":[],"Recipe":[],"Service":[],"SoftwareApplication":[],"WebPage":[]},"graphName":"","isEnabled":true},"graphs":[],"defaultGraph":"","defaultPostTypeGraph":""},"schema_type":null,"schema_type_options":null,"pillar_content":false,"robots_default":true,"robots_noindex":false,"robots_noarchive":false,"robots_nosnippet":false,"robots_nofollow":false,"robots_noimageindex":false,"robots_noodp":false,"robots_notranslate":false,"robots_max_snippet":null,"robots_max_videopreview":null,"robots_max_imagepreview":"large","priority":null,"frequency":null,"location":null,"local_seo":null,"seo_analyzer_scan_date":"2025-08-30 17:36:20","breadcrumb_settings":null,"limit_modified_date":false,"reviewed_by":null,"open_ai":null,"ai":null,"created":"2020-12-21 10:50:31","updated":"2025-08-30 17:36:20"},"aioseo_breadcrumb":"<div class=\"aioseo-breadcrumbs\"><span class=\"aioseo-breadcrumb\">\n\t<a href=\"https:\/\/candas365.es\/noticias\" title=\"Home\">Home<\/a>\n<\/span><span class=\"aioseo-breadcrumb-separator\">&ndash;<\/span><span class=\"aioseo-breadcrumb\">\n\t<a href=\"https:\/\/candas365.es\/noticias\/category\/agenda\/\" title=\"Agenda\">Agenda<\/a>\n<\/span><span class=\"aioseo-breadcrumb-separator\">&ndash;<\/span><span class=\"aioseo-breadcrumb\">\n\tRiesgo de aludes en la zona de Picos de Europa\n<\/span><\/div>","aioseo_breadcrumb_json":[{"label":"Home","link":"https:\/\/candas365.es\/noticias"},{"label":"Agenda","link":"https:\/\/candas365.es\/noticias\/category\/agenda\/"},{"label":"Riesgo de aludes en la zona de Picos de Europa","link":"https:\/\/candas365.es\/noticias\/riesgo-de-aludes-en-la-zona-de-picos-de-europa\/"}],"_links":{"self":[{"href":"https:\/\/candas365.es\/noticias\/wp-json\/wp\/v2\/posts\/133107","targetHints":{"allow":["GET"]}}],"collection":[{"href":"https:\/\/candas365.es\/noticias\/wp-json\/wp\/v2\/posts"}],"about":[{"href":"https:\/\/candas365.es\/noticias\/wp-json\/wp\/v2\/types\/post"}],"author":[{"embeddable":true,"href":"https:\/\/candas365.es\/noticias\/wp-json\/wp\/v2\/users\/1"}],"replies":[{"embeddable":true,"href":"https:\/\/candas365.es\/noticias\/wp-json\/wp\/v2\/comments?post=133107"}],"version-history":[{"count":0,"href":"https:\/\/candas365.es\/noticias\/wp-json\/wp\/v2\/posts\/133107\/revisions"}],"wp:featuredmedia":[{"embeddable":true,"href":"https:\/\/candas365.es\/noticias\/wp-json\/wp\/v2\/media\/89243"}],"wp:attachment":[{"href":"https:\/\/candas365.es\/noticias\/wp-json\/wp\/v2\/media?parent=133107"}],"wp:term":[{"taxonomy":"category","embeddable":true,"href":"https:\/\/candas365.es\/noticias\/wp-json\/wp\/v2\/categories?post=133107"},{"taxonomy":"post_tag","embeddable":true,"href":"https:\/\/candas365.es\/noticias\/wp-json\/wp\/v2\/tags?post=133107"}],"curies":[{"name":"wp","href":"https:\/\/api.w.org\/{rel}","templated":true}]}}