{"id":132965,"date":"2019-11-12T11:26:35","date_gmt":"2019-11-12T11:26:35","guid":{"rendered":"http:\/\/candas365.es\/noticias\/?p=132965"},"modified":"2019-11-12T11:26:35","modified_gmt":"2019-11-12T11:26:35","slug":"adjudicado-en-carreno-el-alquiler-de-fotocopiadoras-e-impresion","status":"publish","type":"post","link":"https:\/\/candas365.es\/noticias\/adjudicado-en-carreno-el-alquiler-de-fotocopiadoras-e-impresion\/","title":{"rendered":"Adjudicado en Carre\u00f1o el alquiler de fotocopiadoras e impresi\u00f3n"},"content":{"rendered":"<p><strong><img fetchpriority=\"high\" decoding=\"async\" class=\"alignleft size-medium wp-image-6453\" src=\"https:\/\/candas365.es\/noticias\/wp-content\/uploads\/2015\/01\/ayuntamiento-360x270.jpg\" alt=\"\" width=\"360\" height=\"270\" srcset=\"https:\/\/candas365.es\/noticias\/wp-content\/uploads\/2015\/01\/ayuntamiento-360x270.jpg 360w, https:\/\/candas365.es\/noticias\/wp-content\/uploads\/2015\/01\/ayuntamiento-640x480.jpg 640w, https:\/\/candas365.es\/noticias\/wp-content\/uploads\/2015\/01\/ayuntamiento-768x576.jpg 768w, https:\/\/candas365.es\/noticias\/wp-content\/uploads\/2015\/01\/ayuntamiento-150x113.jpg 150w, https:\/\/candas365.es\/noticias\/wp-content\/uploads\/2015\/01\/ayuntamiento-450x338.jpg 450w, https:\/\/candas365.es\/noticias\/wp-content\/uploads\/2015\/01\/ayuntamiento-80x60.jpg 80w, https:\/\/candas365.es\/noticias\/wp-content\/uploads\/2015\/01\/ayuntamiento-265x198.jpg 265w, https:\/\/candas365.es\/noticias\/wp-content\/uploads\/2015\/01\/ayuntamiento-696x522.jpg 696w, https:\/\/candas365.es\/noticias\/wp-content\/uploads\/2015\/01\/ayuntamiento-560x420.jpg 560w, https:\/\/candas365.es\/noticias\/wp-content\/uploads\/2015\/01\/ayuntamiento-90x67.jpg 90w, https:\/\/candas365.es\/noticias\/wp-content\/uploads\/2015\/01\/ayuntamiento.jpg 800w\" sizes=\"(max-width: 360px) 100vw, 360px\" \/>La nueva adjudicaci\u00f3n<\/strong> del suministro de m\u00e1quinas de impresi\u00f3n, fotocopiado y escaneado en r\u00e9gimen de arrendamiento para las diferentes dependencias y servicios del Ayuntamiento de Carre\u00f1o <strong>supondr\u00e1 un ahorro a las arcas municipales cuantificado de 6.000 \u20ac<\/strong> (concretamente 5.927,60 \u20ac) <strong>en 48 meses<\/strong>.<\/p>\n<p>Encuadrado dentro del <strong>Plan Anual de Contrataci\u00f3n Municipal, el Ayuntamiento de Carre\u00f1o<\/strong> ha adjudicado el suministro de un parque de equipos <em>multifunci\u00f3n impresi\u00f3n, fotocopiado y escaneado en r\u00e9gimen de arrendamiento<\/em>, as\u00ed como su mantenimiento de las distintas dependencias del Consistorio por un per\u00edodo de cuatro a\u00f1os.<\/p>\n<p>La adjudicaci\u00f3n de este suministro tiene por objeto la prestaci\u00f3n de un sistema integral de impresi\u00f3n que cubra las necesidades del Ayuntamiento en todas sus \u00e1reas con el fin de proporcionar a la entidad local un parque de equipos multifunci\u00f3n\/impresoras para todas las dependencias mediante el arrendamiento de las impresoras, equipos multifunci\u00f3n y plotter; proporcionar y gestionar la reposici\u00f3n de consumibles; proporcionar un sistema de mantenimiento y garant\u00eda de los equipos durante la duraci\u00f3n del contrato.<\/p>\n<p>\u201cEl servicio inform\u00e1tico municipal se encarg\u00f3 de la elaboraci\u00f3n de los Pliegos de Condiciones T\u00e9cnicas que ha regido el proceso de licitaci\u00f3n, un procedimiento abierto simplificado. Tras el cual, el suministro de impresi\u00f3n, fotocopiado y escaneado en r\u00e9gimen de arrendamiento as\u00ed como su mantenimiento ha sido adjudicado a la empresa del sector Ofim\u00e1tica Noreste, S. L. (OFINOR) por un importe final de 81.942,60 \u20ac para el total de los 48 meses objeto del contrato, al ser esta la oferta m\u00e1s ventajosa en t\u00e9rminos de calidad-precio\u201d se\u00f1al\u00f3 <strong><em>Juanjo Fern\u00e1ndez-Concejal de Innovaci\u00f3n y Promoci\u00f3n Econ\u00f3mica<\/em><\/strong>.<\/p>\n<p>\u201cEn el importe adjudicado se incluye por un lado, una parte fija anual correspondiente al equipamiento como tal; y una variable en funci\u00f3n del n\u00famero de copias realizadas, que cubrir\u00e1 el servicio de mantenimiento integral. Debido a las caracter\u00edsticas del suministro a contratar y la imposibilidad de conocer con exactitud el n\u00famero de copias que se van a realizar, se ha estimado un n\u00famero orientativo, que en el caso de las copias en blanco y negro ser\u00e1 de 520.000 copias anuales, mientras que en el caso de las copias en color ser\u00e1 de 120.000 copias anuales. Adjudic\u00e1ndose el coste de las mismas 0,00569 \u20ac la unidad de la copia en B\/N; y la copia en color a 0,04235\u20ac\u201d se\u00f1al\u00f3 el Concejal.<\/p>\n<p>\u201cAs\u00ed como la totalidad de los gastos que a la persona adjudicataria le suponga la realizaci\u00f3n del contrato. Como son los gastos generales, seguros, transporte, desplazamientos de personal a su cargo, piezas, repuestos, hardware, software, consumibles (excepto el papel), revisi\u00f3n y reparaci\u00f3n de los equipamientos, puesta en marcha, instalaci\u00f3n y configuraci\u00f3n,\u2026 Todos los equipos ser\u00e1n completamente nuevos e incorporar\u00e1n una tarjeta de Red Ethernet, adem\u00e1s de disponer de drivers compatibles con Windows 10, Windows 2008 Server, Windows 2012 Server, Windows 2016 Server, Windows 2019 Server y Citrix. Y deber\u00e1n cumplir la norma Energy Star o equivalente en materia de ahorro energ\u00e9tico\u201d describi\u00f3 el edil Responsable del \u00c1rea.<\/p>\n<p>\u201cTanto para las copias en blanco y negro como en color, si el n\u00famero de copias realizadas en el a\u00f1o es superior al n\u00famero orientativo estimado, la empresa adjudicataria facturar\u00e1 las copias de exceso al precio ofertado para cada una de las tipolog\u00edas de copias. Si el n\u00famero de ejemplares realizadas al a\u00f1o es inferior al n\u00famero orientativo estimado, se descontar\u00e1 de la siguiente factura el resultado de multiplicar la diferencia del n\u00famero de copias hasta llegar a la estimaci\u00f3n por al precio ofertado paca tipolog\u00eda de copia. Esta regularizaci\u00f3n de excesos\/defectos de la facturaci\u00f3n se practicar\u00e1 con car\u00e1cter anual\u201d finaliz\u00f3 Fern\u00e1ndez.<\/p>\n<p>&nbsp;<\/p>\n","protected":false},"excerpt":{"rendered":"<p>La nueva adjudicaci\u00f3n del suministro de m\u00e1quinas de impresi\u00f3n, fotocopiado y escaneado en r\u00e9gimen de arrendamiento para las diferentes dependencias y servicios del Ayuntamiento de Carre\u00f1o supondr\u00e1 un ahorro a las arcas municipales cuantificado de 6.000 \u20ac (concretamente 5.927,60 \u20ac) en 48 meses. Encuadrado dentro del Plan Anual de Contrataci\u00f3n Municipal, el Ayuntamiento de Carre\u00f1o<\/p>\n","protected":false},"author":1,"featured_media":6453,"comment_status":"closed","ping_status":"closed","sticky":false,"template":"","format":"standard","meta":{"footnotes":""},"categories":[2],"tags":[],"class_list":{"0":"post-132965","1":"post","2":"type-post","3":"status-publish","4":"format-standard","5":"has-post-thumbnail","7":"category-noticias-carreno"},"aioseo_notices":[],"aioseo_head":"\n\t\t<!-- All in One SEO Pro 4.9.6.2 - aioseo.com -->\n\t<meta name=\"description\" content=\"La nueva adjudicaci\u00f3n del suministro de m\u00e1quinas de impresi\u00f3n, fotocopiado y escaneado en r\u00e9gimen de arrendamiento para las diferentes dependencias y servicios del Ayuntamiento de Carre\u00f1o supondr\u00e1 un ahorro a las arcas municipales cuantificado de 6.000 \u20ac (concretamente 5.927,60 \u20ac) en 48 meses. Encuadrado dentro del Plan Anual de Contrataci\u00f3n Municipal, el Ayuntamiento de Carre\u00f1o\" \/>\n\t<meta name=\"robots\" content=\"max-image-preview:large\" \/>\n\t<meta name=\"author\" content=\"Cand\u00e1s 365\"\/>\n\t<meta name=\"google-site-verification\" content=\"UA-32230408-1\" \/>\n\t<meta name=\"msvalidate.01\" content=\"354F3CDFB2DA171B47FBE9ABF1F88D5\" \/>\n\t<meta name=\"keywords\" content=\"noticias carre\u00f1o\" \/>\n\t<link rel=\"canonical\" href=\"https:\/\/candas365.es\/noticias\/adjudicado-en-carreno-el-alquiler-de-fotocopiadoras-e-impresion\/\" \/>\n\t<meta name=\"generator\" content=\"All in One SEO Pro (AIOSEO) 4.9.6.2\" \/>\n\t\t<meta property=\"og:locale\" content=\"es_ES\" \/>\n\t\t<meta property=\"og:site_name\" content=\"Cand\u00e1s 365\" \/>\n\t\t<meta property=\"og:type\" content=\"article\" \/>\n\t\t<meta property=\"og:title\" content=\"Adjudicado en Carre\u00f1o el alquiler de fotocopiadoras e impresi\u00f3n | Cand\u00e1s 365\" \/>\n\t\t<meta property=\"og:description\" content=\"La nueva adjudicaci\u00f3n del suministro de m\u00e1quinas de impresi\u00f3n, fotocopiado y escaneado en r\u00e9gimen de arrendamiento para las diferentes dependencias y servicios del Ayuntamiento de Carre\u00f1o supondr\u00e1 un ahorro a las arcas municipales cuantificado de 6.000 \u20ac (concretamente 5.927,60 \u20ac) en 48 meses. Encuadrado dentro del Plan Anual de Contrataci\u00f3n Municipal, el Ayuntamiento de Carre\u00f1o\" \/>\n\t\t<meta property=\"og:url\" content=\"https:\/\/candas365.es\/noticias\/adjudicado-en-carreno-el-alquiler-de-fotocopiadoras-e-impresion\/\" \/>\n\t\t<meta property=\"og:image\" content=\"https:\/\/candas365.es\/noticias\/wp-content\/uploads\/2015\/01\/ayuntamiento.jpg\" \/>\n\t\t<meta property=\"og:image:secure_url\" content=\"https:\/\/candas365.es\/noticias\/wp-content\/uploads\/2015\/01\/ayuntamiento.jpg\" \/>\n\t\t<meta property=\"og:image:width\" content=\"800\" \/>\n\t\t<meta property=\"og:image:height\" content=\"600\" \/>\n\t\t<meta property=\"article:published_time\" content=\"2019-11-12T11:26:35+00:00\" \/>\n\t\t<meta property=\"article:modified_time\" content=\"2019-11-12T11:26:35+00:00\" \/>\n\t\t<meta property=\"article:publisher\" content=\"https:\/\/www.facebook.com\/Nachofdezber\" \/>\n\t\t<meta property=\"article:author\" content=\"https:\/\/www.facebook.com\/carrenoactualidad\" \/>\n\t\t<meta name=\"twitter:card\" content=\"summary_large_image\" \/>\n\t\t<meta name=\"twitter:site\" content=\"@NabercoDigital\" \/>\n\t\t<meta name=\"twitter:title\" content=\"Adjudicado en Carre\u00f1o el alquiler de fotocopiadoras e impresi\u00f3n | Cand\u00e1s 365\" \/>\n\t\t<meta name=\"twitter:description\" content=\"La nueva adjudicaci\u00f3n del suministro de m\u00e1quinas de impresi\u00f3n, fotocopiado y escaneado en r\u00e9gimen de arrendamiento para las diferentes dependencias y servicios del Ayuntamiento de Carre\u00f1o supondr\u00e1 un ahorro a las arcas municipales cuantificado de 6.000 \u20ac (concretamente 5.927,60 \u20ac) en 48 meses. Encuadrado dentro del Plan Anual de Contrataci\u00f3n Municipal, el Ayuntamiento de Carre\u00f1o\" \/>\n\t\t<meta name=\"twitter:creator\" content=\"@nbasturias\" \/>\n\t\t<meta name=\"twitter:image\" content=\"https:\/\/candas365.es\/noticias\/wp-content\/uploads\/2015\/01\/ayuntamiento.jpg\" \/>\n\t\t<meta name=\"twitter:label1\" content=\"Escrito por\" \/>\n\t\t<meta name=\"twitter:data1\" content=\"Cand\u00e1s 365\" \/>\n\t\t<meta name=\"twitter:label2\" content=\"Tiempo de lectura estimado\" \/>\n\t\t<meta name=\"twitter:data2\" content=\"3 minutos\" \/>\n\t\t<script type=\"application\/ld+json\" class=\"aioseo-schema\">\n\t\t\t{\"@context\":\"https:\\\/\\\/schema.org\",\"@graph\":[{\"@type\":\"BreadcrumbList\",\"@id\":\"https:\\\/\\\/candas365.es\\\/noticias\\\/adjudicado-en-carreno-el-alquiler-de-fotocopiadoras-e-impresion\\\/#breadcrumblist\",\"itemListElement\":[{\"@type\":\"ListItem\",\"@id\":\"https:\\\/\\\/candas365.es\\\/noticias#listItem\",\"position\":1,\"name\":\"Home\",\"item\":\"https:\\\/\\\/candas365.es\\\/noticias\",\"nextItem\":{\"@type\":\"ListItem\",\"@id\":\"https:\\\/\\\/candas365.es\\\/noticias\\\/category\\\/noticias-carreno\\\/#listItem\",\"name\":\"Noticias Carre\\u00f1o\"}},{\"@type\":\"ListItem\",\"@id\":\"https:\\\/\\\/candas365.es\\\/noticias\\\/category\\\/noticias-carreno\\\/#listItem\",\"position\":2,\"name\":\"Noticias Carre\\u00f1o\",\"item\":\"https:\\\/\\\/candas365.es\\\/noticias\\\/category\\\/noticias-carreno\\\/\",\"nextItem\":{\"@type\":\"ListItem\",\"@id\":\"https:\\\/\\\/candas365.es\\\/noticias\\\/adjudicado-en-carreno-el-alquiler-de-fotocopiadoras-e-impresion\\\/#listItem\",\"name\":\"Adjudicado en Carre\\u00f1o el alquiler de fotocopiadoras e impresi\\u00f3n\"},\"previousItem\":{\"@type\":\"ListItem\",\"@id\":\"https:\\\/\\\/candas365.es\\\/noticias#listItem\",\"name\":\"Home\"}},{\"@type\":\"ListItem\",\"@id\":\"https:\\\/\\\/candas365.es\\\/noticias\\\/adjudicado-en-carreno-el-alquiler-de-fotocopiadoras-e-impresion\\\/#listItem\",\"position\":3,\"name\":\"Adjudicado en Carre\\u00f1o el alquiler de fotocopiadoras e impresi\\u00f3n\",\"previousItem\":{\"@type\":\"ListItem\",\"@id\":\"https:\\\/\\\/candas365.es\\\/noticias\\\/category\\\/noticias-carreno\\\/#listItem\",\"name\":\"Noticias Carre\\u00f1o\"}}]},{\"@type\":\"NewsArticle\",\"@id\":\"https:\\\/\\\/candas365.es\\\/noticias\\\/adjudicado-en-carreno-el-alquiler-de-fotocopiadoras-e-impresion\\\/#newsarticle\",\"name\":\"Adjudicado en Carre\\u00f1o el alquiler de fotocopiadoras e impresi\\u00f3n | Cand\\u00e1s 365\",\"headline\":\"Adjudicado en Carre\\u00f1o el alquiler de fotocopiadoras e impresi\\u00f3n\",\"author\":{\"@id\":\"https:\\\/\\\/candas365.es\\\/noticias\\\/author\\\/admin\\\/#author\"},\"publisher\":{\"@id\":\"https:\\\/\\\/candas365.es\\\/noticias\\\/#organization\"},\"image\":{\"@type\":\"ImageObject\",\"url\":\"https:\\\/\\\/candas365.es\\\/noticias\\\/wp-content\\\/uploads\\\/2015\\\/01\\\/ayuntamiento.jpg\",\"width\":800,\"height\":600,\"caption\":\"Carre\\u00f1o\"},\"datePublished\":\"2019-11-12T11:26:35+01:00\",\"dateModified\":\"2019-11-12T11:26:35+01:00\",\"inLanguage\":\"es-ES\",\"mainEntityOfPage\":{\"@id\":\"https:\\\/\\\/candas365.es\\\/noticias\\\/adjudicado-en-carreno-el-alquiler-de-fotocopiadoras-e-impresion\\\/#webpage\"},\"isPartOf\":{\"@id\":\"https:\\\/\\\/candas365.es\\\/noticias\\\/adjudicado-en-carreno-el-alquiler-de-fotocopiadoras-e-impresion\\\/#webpage\"},\"articleSection\":\"Noticias Carre\\u00f1o\",\"dateline\":\"Publicado el noviembre 12, 2019.\"},{\"@type\":\"Organization\",\"@id\":\"https:\\\/\\\/candas365.es\\\/noticias\\\/#organization\",\"name\":\"Cand\\u00e1s 365\",\"description\":\"Cand\\u00e1s 365 es un diario digital independiente, fundado en 2012, con base en Asturias. Informamos con rigor sobre actualidad, sociedad, cultura y ocio, con una mirada local y global.\",\"url\":\"https:\\\/\\\/candas365.es\\\/noticias\\\/\",\"email\":\"info@candas365.es\",\"telephone\":\"+34652131393\",\"foundingDate\":\"2012-06-10\",\"logo\":{\"@type\":\"ImageObject\",\"url\":\"https:\\\/\\\/candas365.es\\\/noticias\\\/wp-content\\\/uploads\\\/2024\\\/09\\\/Candas-365-Redes.jpg\",\"@id\":\"https:\\\/\\\/candas365.es\\\/noticias\\\/adjudicado-en-carreno-el-alquiler-de-fotocopiadoras-e-impresion\\\/#organizationLogo\",\"width\":1152,\"height\":864,\"caption\":\"Cand\\u00e1s 365 Redes\"},\"image\":{\"@id\":\"https:\\\/\\\/candas365.es\\\/noticias\\\/adjudicado-en-carreno-el-alquiler-de-fotocopiadoras-e-impresion\\\/#organizationLogo\"},\"sameAs\":[\"https:\\\/\\\/www.facebook.com\\\/Nachofdezber\",\"https:\\\/\\\/x.com\\\/NabercoDigital\",\"https:\\\/\\\/www.instagram.com\\\/nachofdezber\\\/\",\"https:\\\/\\\/www.youtube.com\\\/channel\\\/UCZP-2wLEB9Rv6erhFmqVnvg\"],\"address\":{\"@id\":\"https:\\\/\\\/candas365.es\\\/noticias\\\/#postaladdress\",\"@type\":\"PostalAddress\",\"streetAddress\":\"san antonio 4, san antonio 4\",\"postalCode\":\"33430\",\"addressLocality\":\"Cand\\u00e1s\",\"addressRegion\":\"Asturias\",\"addressCountry\":\"ES\"}},{\"@type\":\"Person\",\"@id\":\"https:\\\/\\\/candas365.es\\\/noticias\\\/author\\\/admin\\\/#author\",\"url\":\"https:\\\/\\\/candas365.es\\\/noticias\\\/author\\\/admin\\\/\",\"name\":\"Cand\\u00e1s 365\",\"image\":{\"@type\":\"ImageObject\",\"@id\":\"https:\\\/\\\/candas365.es\\\/noticias\\\/adjudicado-en-carreno-el-alquiler-de-fotocopiadoras-e-impresion\\\/#authorImage\",\"url\":\"https:\\\/\\\/secure.gravatar.com\\\/avatar\\\/496a8e03d0c493ede1718b7934145dbdf8d89be1036b0eec9544e1094c9de390?s=96&d=mm&r=g\",\"width\":96,\"height\":96,\"caption\":\"Cand\\u00e1s 365\"},\"sameAs\":[\"https:\\\/\\\/www.facebook.com\\\/carrenoactualidad\",\"https:\\\/\\\/twitter.com\\\/nbasturias\",\"https:\\\/\\\/www.instagram.com\\\/nachofdezber\\\/\",\"https:\\\/\\\/www.youtube.com\\\/channel\\\/UCZP-2wLEB9Rv6erhFmqVnvg\"]},{\"@type\":\"WebPage\",\"@id\":\"https:\\\/\\\/candas365.es\\\/noticias\\\/adjudicado-en-carreno-el-alquiler-de-fotocopiadoras-e-impresion\\\/#webpage\",\"url\":\"https:\\\/\\\/candas365.es\\\/noticias\\\/adjudicado-en-carreno-el-alquiler-de-fotocopiadoras-e-impresion\\\/\",\"name\":\"Adjudicado en Carre\\u00f1o el alquiler de fotocopiadoras e impresi\\u00f3n | Cand\\u00e1s 365\",\"description\":\"La nueva adjudicaci\\u00f3n del suministro de m\\u00e1quinas de impresi\\u00f3n, fotocopiado y escaneado en r\\u00e9gimen de arrendamiento para las diferentes dependencias y servicios del Ayuntamiento de Carre\\u00f1o supondr\\u00e1 un ahorro a las arcas municipales cuantificado de 6.000 \\u20ac (concretamente 5.927,60 \\u20ac) en 48 meses. Encuadrado dentro del Plan Anual de Contrataci\\u00f3n Municipal, el Ayuntamiento de Carre\\u00f1o\",\"inLanguage\":\"es-ES\",\"isPartOf\":{\"@id\":\"https:\\\/\\\/candas365.es\\\/noticias\\\/#website\"},\"breadcrumb\":{\"@id\":\"https:\\\/\\\/candas365.es\\\/noticias\\\/adjudicado-en-carreno-el-alquiler-de-fotocopiadoras-e-impresion\\\/#breadcrumblist\"},\"author\":{\"@id\":\"https:\\\/\\\/candas365.es\\\/noticias\\\/author\\\/admin\\\/#author\"},\"creator\":{\"@id\":\"https:\\\/\\\/candas365.es\\\/noticias\\\/author\\\/admin\\\/#author\"},\"image\":{\"@type\":\"ImageObject\",\"url\":\"https:\\\/\\\/candas365.es\\\/noticias\\\/wp-content\\\/uploads\\\/2015\\\/01\\\/ayuntamiento.jpg\",\"@id\":\"https:\\\/\\\/candas365.es\\\/noticias\\\/adjudicado-en-carreno-el-alquiler-de-fotocopiadoras-e-impresion\\\/#mainImage\",\"width\":800,\"height\":600,\"caption\":\"Carre\\u00f1o\"},\"primaryImageOfPage\":{\"@id\":\"https:\\\/\\\/candas365.es\\\/noticias\\\/adjudicado-en-carreno-el-alquiler-de-fotocopiadoras-e-impresion\\\/#mainImage\"},\"datePublished\":\"2019-11-12T11:26:35+01:00\",\"dateModified\":\"2019-11-12T11:26:35+01:00\"},{\"@type\":\"WebSite\",\"@id\":\"https:\\\/\\\/candas365.es\\\/noticias\\\/#website\",\"url\":\"https:\\\/\\\/candas365.es\\\/noticias\\\/\",\"name\":\"Cand\\u00e1s 365\",\"alternateName\":\"Cand\\u00e1s 365 Noticias\",\"description\":\"Actualidad desde Carre\\u00f1o para el mundo\",\"inLanguage\":\"es-ES\",\"publisher\":{\"@id\":\"https:\\\/\\\/candas365.es\\\/noticias\\\/#organization\"}}]}\n\t\t<\/script>\n\t\t<!-- All in One SEO Pro -->\r\n\t\t<title>Adjudicado en Carre\u00f1o el alquiler de fotocopiadoras e impresi\u00f3n | Cand\u00e1s 365<\/title>\n\n","aioseo_head_json":{"title":"Adjudicado en Carre\u00f1o el alquiler de fotocopiadoras e impresi\u00f3n | Cand\u00e1s 365","description":"La nueva adjudicaci\u00f3n del suministro de m\u00e1quinas de impresi\u00f3n, fotocopiado y escaneado en r\u00e9gimen de arrendamiento para las diferentes dependencias y servicios del Ayuntamiento de Carre\u00f1o supondr\u00e1 un ahorro a las arcas municipales cuantificado de 6.000 \u20ac (concretamente 5.927,60 \u20ac) en 48 meses. Encuadrado dentro del Plan Anual de Contrataci\u00f3n Municipal, el Ayuntamiento de Carre\u00f1o","canonical_url":"https:\/\/candas365.es\/noticias\/adjudicado-en-carreno-el-alquiler-de-fotocopiadoras-e-impresion\/","robots":"max-image-preview:large","keywords":"noticias carre\u00f1o","webmasterTools":{"google-site-verification":"UA-32230408-1","msvalidate.01":"354F3CDFB2DA171B47FBE9ABF1F88D5","miscellaneous":""},"schema":{"@context":"https:\/\/schema.org","@graph":[{"@type":"BreadcrumbList","@id":"https:\/\/candas365.es\/noticias\/adjudicado-en-carreno-el-alquiler-de-fotocopiadoras-e-impresion\/#breadcrumblist","itemListElement":[{"@type":"ListItem","@id":"https:\/\/candas365.es\/noticias#listItem","position":1,"name":"Home","item":"https:\/\/candas365.es\/noticias","nextItem":{"@type":"ListItem","@id":"https:\/\/candas365.es\/noticias\/category\/noticias-carreno\/#listItem","name":"Noticias Carre\u00f1o"}},{"@type":"ListItem","@id":"https:\/\/candas365.es\/noticias\/category\/noticias-carreno\/#listItem","position":2,"name":"Noticias Carre\u00f1o","item":"https:\/\/candas365.es\/noticias\/category\/noticias-carreno\/","nextItem":{"@type":"ListItem","@id":"https:\/\/candas365.es\/noticias\/adjudicado-en-carreno-el-alquiler-de-fotocopiadoras-e-impresion\/#listItem","name":"Adjudicado en Carre\u00f1o el alquiler de fotocopiadoras e impresi\u00f3n"},"previousItem":{"@type":"ListItem","@id":"https:\/\/candas365.es\/noticias#listItem","name":"Home"}},{"@type":"ListItem","@id":"https:\/\/candas365.es\/noticias\/adjudicado-en-carreno-el-alquiler-de-fotocopiadoras-e-impresion\/#listItem","position":3,"name":"Adjudicado en Carre\u00f1o el alquiler de fotocopiadoras e impresi\u00f3n","previousItem":{"@type":"ListItem","@id":"https:\/\/candas365.es\/noticias\/category\/noticias-carreno\/#listItem","name":"Noticias Carre\u00f1o"}}]},{"@type":"NewsArticle","@id":"https:\/\/candas365.es\/noticias\/adjudicado-en-carreno-el-alquiler-de-fotocopiadoras-e-impresion\/#newsarticle","name":"Adjudicado en Carre\u00f1o el alquiler de fotocopiadoras e impresi\u00f3n | Cand\u00e1s 365","headline":"Adjudicado en Carre\u00f1o el alquiler de fotocopiadoras e impresi\u00f3n","author":{"@id":"https:\/\/candas365.es\/noticias\/author\/admin\/#author"},"publisher":{"@id":"https:\/\/candas365.es\/noticias\/#organization"},"image":{"@type":"ImageObject","url":"https:\/\/candas365.es\/noticias\/wp-content\/uploads\/2015\/01\/ayuntamiento.jpg","width":800,"height":600,"caption":"Carre\u00f1o"},"datePublished":"2019-11-12T11:26:35+01:00","dateModified":"2019-11-12T11:26:35+01:00","inLanguage":"es-ES","mainEntityOfPage":{"@id":"https:\/\/candas365.es\/noticias\/adjudicado-en-carreno-el-alquiler-de-fotocopiadoras-e-impresion\/#webpage"},"isPartOf":{"@id":"https:\/\/candas365.es\/noticias\/adjudicado-en-carreno-el-alquiler-de-fotocopiadoras-e-impresion\/#webpage"},"articleSection":"Noticias Carre\u00f1o","dateline":"Publicado el noviembre 12, 2019."},{"@type":"Organization","@id":"https:\/\/candas365.es\/noticias\/#organization","name":"Cand\u00e1s 365","description":"Cand\u00e1s 365 es un diario digital independiente, fundado en 2012, con base en Asturias. Informamos con rigor sobre actualidad, sociedad, cultura y ocio, con una mirada local y global.","url":"https:\/\/candas365.es\/noticias\/","email":"info@candas365.es","telephone":"+34652131393","foundingDate":"2012-06-10","logo":{"@type":"ImageObject","url":"https:\/\/candas365.es\/noticias\/wp-content\/uploads\/2024\/09\/Candas-365-Redes.jpg","@id":"https:\/\/candas365.es\/noticias\/adjudicado-en-carreno-el-alquiler-de-fotocopiadoras-e-impresion\/#organizationLogo","width":1152,"height":864,"caption":"Cand\u00e1s 365 Redes"},"image":{"@id":"https:\/\/candas365.es\/noticias\/adjudicado-en-carreno-el-alquiler-de-fotocopiadoras-e-impresion\/#organizationLogo"},"sameAs":["https:\/\/www.facebook.com\/Nachofdezber","https:\/\/x.com\/NabercoDigital","https:\/\/www.instagram.com\/nachofdezber\/","https:\/\/www.youtube.com\/channel\/UCZP-2wLEB9Rv6erhFmqVnvg"],"address":{"@id":"https:\/\/candas365.es\/noticias\/#postaladdress","@type":"PostalAddress","streetAddress":"san antonio 4, san antonio 4","postalCode":"33430","addressLocality":"Cand\u00e1s","addressRegion":"Asturias","addressCountry":"ES"}},{"@type":"Person","@id":"https:\/\/candas365.es\/noticias\/author\/admin\/#author","url":"https:\/\/candas365.es\/noticias\/author\/admin\/","name":"Cand\u00e1s 365","image":{"@type":"ImageObject","@id":"https:\/\/candas365.es\/noticias\/adjudicado-en-carreno-el-alquiler-de-fotocopiadoras-e-impresion\/#authorImage","url":"https:\/\/secure.gravatar.com\/avatar\/496a8e03d0c493ede1718b7934145dbdf8d89be1036b0eec9544e1094c9de390?s=96&d=mm&r=g","width":96,"height":96,"caption":"Cand\u00e1s 365"},"sameAs":["https:\/\/www.facebook.com\/carrenoactualidad","https:\/\/twitter.com\/nbasturias","https:\/\/www.instagram.com\/nachofdezber\/","https:\/\/www.youtube.com\/channel\/UCZP-2wLEB9Rv6erhFmqVnvg"]},{"@type":"WebPage","@id":"https:\/\/candas365.es\/noticias\/adjudicado-en-carreno-el-alquiler-de-fotocopiadoras-e-impresion\/#webpage","url":"https:\/\/candas365.es\/noticias\/adjudicado-en-carreno-el-alquiler-de-fotocopiadoras-e-impresion\/","name":"Adjudicado en Carre\u00f1o el alquiler de fotocopiadoras e impresi\u00f3n | Cand\u00e1s 365","description":"La nueva adjudicaci\u00f3n del suministro de m\u00e1quinas de impresi\u00f3n, fotocopiado y escaneado en r\u00e9gimen de arrendamiento para las diferentes dependencias y servicios del Ayuntamiento de Carre\u00f1o supondr\u00e1 un ahorro a las arcas municipales cuantificado de 6.000 \u20ac (concretamente 5.927,60 \u20ac) en 48 meses. Encuadrado dentro del Plan Anual de Contrataci\u00f3n Municipal, el Ayuntamiento de Carre\u00f1o","inLanguage":"es-ES","isPartOf":{"@id":"https:\/\/candas365.es\/noticias\/#website"},"breadcrumb":{"@id":"https:\/\/candas365.es\/noticias\/adjudicado-en-carreno-el-alquiler-de-fotocopiadoras-e-impresion\/#breadcrumblist"},"author":{"@id":"https:\/\/candas365.es\/noticias\/author\/admin\/#author"},"creator":{"@id":"https:\/\/candas365.es\/noticias\/author\/admin\/#author"},"image":{"@type":"ImageObject","url":"https:\/\/candas365.es\/noticias\/wp-content\/uploads\/2015\/01\/ayuntamiento.jpg","@id":"https:\/\/candas365.es\/noticias\/adjudicado-en-carreno-el-alquiler-de-fotocopiadoras-e-impresion\/#mainImage","width":800,"height":600,"caption":"Carre\u00f1o"},"primaryImageOfPage":{"@id":"https:\/\/candas365.es\/noticias\/adjudicado-en-carreno-el-alquiler-de-fotocopiadoras-e-impresion\/#mainImage"},"datePublished":"2019-11-12T11:26:35+01:00","dateModified":"2019-11-12T11:26:35+01:00"},{"@type":"WebSite","@id":"https:\/\/candas365.es\/noticias\/#website","url":"https:\/\/candas365.es\/noticias\/","name":"Cand\u00e1s 365","alternateName":"Cand\u00e1s 365 Noticias","description":"Actualidad desde Carre\u00f1o para el mundo","inLanguage":"es-ES","publisher":{"@id":"https:\/\/candas365.es\/noticias\/#organization"}}]},"og:locale":"es_ES","og:site_name":"Cand\u00e1s 365","og:type":"article","og:title":"Adjudicado en Carre\u00f1o el alquiler de fotocopiadoras e impresi\u00f3n | Cand\u00e1s 365","og:description":"La nueva adjudicaci\u00f3n del suministro de m\u00e1quinas de impresi\u00f3n, fotocopiado y escaneado en r\u00e9gimen de arrendamiento para las diferentes dependencias y servicios del Ayuntamiento de Carre\u00f1o supondr\u00e1 un ahorro a las arcas municipales cuantificado de 6.000 \u20ac (concretamente 5.927,60 \u20ac) en 48 meses. Encuadrado dentro del Plan Anual de Contrataci\u00f3n Municipal, el Ayuntamiento de Carre\u00f1o","og:url":"https:\/\/candas365.es\/noticias\/adjudicado-en-carreno-el-alquiler-de-fotocopiadoras-e-impresion\/","og:image":"https:\/\/candas365.es\/noticias\/wp-content\/uploads\/2015\/01\/ayuntamiento.jpg","og:image:secure_url":"https:\/\/candas365.es\/noticias\/wp-content\/uploads\/2015\/01\/ayuntamiento.jpg","og:image:width":800,"og:image:height":600,"article:published_time":"2019-11-12T11:26:35+00:00","article:modified_time":"2019-11-12T11:26:35+00:00","article:publisher":"https:\/\/www.facebook.com\/Nachofdezber","article:author":"https:\/\/www.facebook.com\/carrenoactualidad","twitter:card":"summary_large_image","twitter:site":"@NabercoDigital","twitter:title":"Adjudicado en Carre\u00f1o el alquiler de fotocopiadoras e impresi\u00f3n | Cand\u00e1s 365","twitter:description":"La nueva adjudicaci\u00f3n del suministro de m\u00e1quinas de impresi\u00f3n, fotocopiado y escaneado en r\u00e9gimen de arrendamiento para las diferentes dependencias y servicios del Ayuntamiento de Carre\u00f1o supondr\u00e1 un ahorro a las arcas municipales cuantificado de 6.000 \u20ac (concretamente 5.927,60 \u20ac) en 48 meses. Encuadrado dentro del Plan Anual de Contrataci\u00f3n Municipal, el Ayuntamiento de Carre\u00f1o","twitter:creator":"@nbasturias","twitter:image":"https:\/\/candas365.es\/noticias\/wp-content\/uploads\/2015\/01\/ayuntamiento.jpg","twitter:label1":"Escrito por","twitter:data1":"Cand\u00e1s 365","twitter:label2":"Tiempo de lectura estimado","twitter:data2":"3 minutos"},"aioseo_meta_data":{"post_id":"132965","title":null,"description":null,"keywords":null,"keyphrases":null,"primary_term":null,"canonical_url":null,"og_title":null,"og_description":null,"og_object_type":"default","og_image_type":"default","og_image_url":null,"og_image_width":null,"og_image_height":null,"og_image_custom_url":null,"og_image_custom_fields":null,"og_video":null,"og_custom_url":null,"og_article_section":null,"og_article_tags":null,"twitter_use_og":false,"twitter_card":"default","twitter_image_type":"default","twitter_image_url":null,"twitter_image_custom_url":null,"twitter_image_custom_fields":null,"twitter_title":null,"twitter_description":null,"schema":{"blockGraphs":[],"customGraphs":[],"default":{"data":{"Article":[],"Course":[],"Dataset":[],"FAQPage":[],"Movie":[],"Person":[],"Product":[],"ProductReview":[],"Car":[],"Recipe":[],"Service":[],"SoftwareApplication":[],"WebPage":[]},"graphName":"","isEnabled":true},"graphs":[],"defaultGraph":"","defaultPostTypeGraph":""},"schema_type":null,"schema_type_options":null,"pillar_content":false,"robots_default":true,"robots_noindex":false,"robots_noarchive":false,"robots_nosnippet":false,"robots_nofollow":false,"robots_noimageindex":false,"robots_noodp":false,"robots_notranslate":false,"robots_max_snippet":null,"robots_max_videopreview":null,"robots_max_imagepreview":"large","priority":null,"frequency":null,"location":null,"local_seo":null,"seo_analyzer_scan_date":"2025-08-30 17:26:14","breadcrumb_settings":null,"limit_modified_date":false,"reviewed_by":null,"open_ai":null,"ai":null,"created":"2020-12-21 10:50:41","updated":"2025-08-30 17:26:14"},"aioseo_breadcrumb":"<div class=\"aioseo-breadcrumbs\"><span class=\"aioseo-breadcrumb\">\n\t<a href=\"https:\/\/candas365.es\/noticias\" title=\"Home\">Home<\/a>\n<\/span><span class=\"aioseo-breadcrumb-separator\">&ndash;<\/span><span class=\"aioseo-breadcrumb\">\n\t<a href=\"https:\/\/candas365.es\/noticias\/category\/noticias-carreno\/\" title=\"Noticias Carre\u00f1o\">Noticias Carre\u00f1o<\/a>\n<\/span><span class=\"aioseo-breadcrumb-separator\">&ndash;<\/span><span class=\"aioseo-breadcrumb\">\n\tAdjudicado en Carre\u00f1o el alquiler de fotocopiadoras e impresi\u00f3n\n<\/span><\/div>","aioseo_breadcrumb_json":[{"label":"Home","link":"https:\/\/candas365.es\/noticias"},{"label":"Noticias Carre\u00f1o","link":"https:\/\/candas365.es\/noticias\/category\/noticias-carreno\/"},{"label":"Adjudicado en Carre\u00f1o el alquiler de fotocopiadoras e impresi\u00f3n","link":"https:\/\/candas365.es\/noticias\/adjudicado-en-carreno-el-alquiler-de-fotocopiadoras-e-impresion\/"}],"_links":{"self":[{"href":"https:\/\/candas365.es\/noticias\/wp-json\/wp\/v2\/posts\/132965","targetHints":{"allow":["GET"]}}],"collection":[{"href":"https:\/\/candas365.es\/noticias\/wp-json\/wp\/v2\/posts"}],"about":[{"href":"https:\/\/candas365.es\/noticias\/wp-json\/wp\/v2\/types\/post"}],"author":[{"embeddable":true,"href":"https:\/\/candas365.es\/noticias\/wp-json\/wp\/v2\/users\/1"}],"replies":[{"embeddable":true,"href":"https:\/\/candas365.es\/noticias\/wp-json\/wp\/v2\/comments?post=132965"}],"version-history":[{"count":0,"href":"https:\/\/candas365.es\/noticias\/wp-json\/wp\/v2\/posts\/132965\/revisions"}],"wp:featuredmedia":[{"embeddable":true,"href":"https:\/\/candas365.es\/noticias\/wp-json\/wp\/v2\/media\/6453"}],"wp:attachment":[{"href":"https:\/\/candas365.es\/noticias\/wp-json\/wp\/v2\/media?parent=132965"}],"wp:term":[{"taxonomy":"category","embeddable":true,"href":"https:\/\/candas365.es\/noticias\/wp-json\/wp\/v2\/categories?post=132965"},{"taxonomy":"post_tag","embeddable":true,"href":"https:\/\/candas365.es\/noticias\/wp-json\/wp\/v2\/tags?post=132965"}],"curies":[{"name":"wp","href":"https:\/\/api.w.org\/{rel}","templated":true}]}}