{"id":132226,"date":"2019-10-30T19:15:33","date_gmt":"2019-10-30T19:15:33","guid":{"rendered":"http:\/\/candas365.es\/noticias\/?p=132226"},"modified":"2019-10-30T19:15:33","modified_gmt":"2019-10-30T19:15:33","slug":"carreno-trasladara-al-pleno-municipal-una-actualizacion-de-tasas-y-precios-publicos-para-el-2020","status":"publish","type":"post","link":"https:\/\/candas365.es\/noticias\/carreno-trasladara-al-pleno-municipal-una-actualizacion-de-tasas-y-precios-publicos-para-el-2020\/","title":{"rendered":"Carre\u00f1o trasladar\u00e1 al pleno municipal una actualizaci\u00f3n de tasas y precios p\u00fablicos para el 2020"},"content":{"rendered":"<p><img fetchpriority=\"high\" decoding=\"async\" class=\"alignleft size-medium wp-image-6453\" src=\"https:\/\/candas365.es\/noticias\/wp-content\/uploads\/2015\/01\/ayuntamiento-360x270.jpg\" alt=\"\" width=\"360\" height=\"270\" srcset=\"https:\/\/candas365.es\/noticias\/wp-content\/uploads\/2015\/01\/ayuntamiento-360x270.jpg 360w, https:\/\/candas365.es\/noticias\/wp-content\/uploads\/2015\/01\/ayuntamiento-640x480.jpg 640w, https:\/\/candas365.es\/noticias\/wp-content\/uploads\/2015\/01\/ayuntamiento-768x576.jpg 768w, https:\/\/candas365.es\/noticias\/wp-content\/uploads\/2015\/01\/ayuntamiento-150x113.jpg 150w, https:\/\/candas365.es\/noticias\/wp-content\/uploads\/2015\/01\/ayuntamiento-450x338.jpg 450w, https:\/\/candas365.es\/noticias\/wp-content\/uploads\/2015\/01\/ayuntamiento-80x60.jpg 80w, https:\/\/candas365.es\/noticias\/wp-content\/uploads\/2015\/01\/ayuntamiento-265x198.jpg 265w, https:\/\/candas365.es\/noticias\/wp-content\/uploads\/2015\/01\/ayuntamiento-696x522.jpg 696w, https:\/\/candas365.es\/noticias\/wp-content\/uploads\/2015\/01\/ayuntamiento-560x420.jpg 560w, https:\/\/candas365.es\/noticias\/wp-content\/uploads\/2015\/01\/ayuntamiento-90x67.jpg 90w, https:\/\/candas365.es\/noticias\/wp-content\/uploads\/2015\/01\/ayuntamiento.jpg 800w\" sizes=\"(max-width: 360px) 100vw, 360px\" \/>Las tasas y precios p\u00fablicos llevan 5 a\u00f1os congelados en Carre\u00f1o, durante estos a\u00f1os los servicios que presta el Ayuntamiento se han ido incrementado en coste con subidas y actualizaciones de IPC.<\/p>\n<p>El consistorio viene asumiendo en solitario el aumento de dichos costes y ha llegado el momento de abordar una m\u00ednima revisi\u00f3n y por lo tanto, una actualizaci\u00f3n de los mismos, que \u00fanicamente responde al objetivo que nos impone la legislaci\u00f3n vigente de tratar de cubrir el coste de los servicios que se vienen prestando.<\/p>\n<p>La ley de Estabilidad Presupuestaria obliga a los Ayuntamientos a que los servicios que prestan sean auto suficientes, por ello planteamos actualizar los precios de manera que se reduzcan las p\u00e9rdidas que genera darlos al erario p\u00fablico. Hablamos de servicios como el agua, alcantarillado y basura. En el caso de alcantarillado pasar\u00eda de una cuota de 0,155367 a 0,155677 en uso dom\u00e9stico, en el agua de una cuota de 0,472429 a 0,481877 en uso dom\u00e9stico y la basura pasar\u00eda de una tarifa de 14,70 de car\u00e1cter dom\u00e9stico al 15,30 lo que supone un incremento 0,60 euros al trimestre ( es decir la variaci\u00f3n en los recibos de las casas ser\u00e1 de 2,40 euros al a\u00f1o).<\/p>\n<p>Otros servicios, se mantendr\u00e1n congelados como son:<\/p>\n<ul>\n<li>Escuela de M\u00fasica<\/li>\n<li>Servicio de Ayuda a Domicilio y tele asistencia<\/li>\n<li>Concesi\u00f3n de licencias de auto taxis<\/li>\n<li>Tasa por licencia de apertura de establecimientos<\/li>\n<li>Servicio de utilizaci\u00f3n del mercado municipal<br \/>\nestacionamiento de veh\u00edculos en aparcamientos p\u00fablicos<\/li>\n<li>Retirada de la v\u00eda p\u00fablica de veh\u00edculos<\/li>\n<li>Transporte escolar<\/li>\n<li>Servicios educativos en las escuelas infantiles<\/li>\n<li>Comedor en centros educativos<\/li>\n<\/ul>\n<p>\u00abNuestro planteamiento sigue siendo el mismo, y no pasa por sangrar al vecindario con subidas de precios como algunos partidos pretenden hacer ver, simplemente es una actualizaci\u00f3n de tasas y precios p\u00fablicos, y el ajuste es necesario para cumplir con la Ley de estabilidad Presupuestaria. Todos los servicios que se prestan seguir\u00e1n siendo a\u00fan deficitarios, algo que asumimos desde el gobierno, porque lo que buscamos es un equilibrio, y no cargar costes al vecindario. Y muchos servicios seguir\u00e1n congelados y\/o bonificados. Se aprobaron las actualizaciones m\u00ednimas de algunos\u00bb coment\u00f3 la edil de Hacienda Paula Cuervo.<\/p>\n<p>Lo que el equipo de gobierno plante\u00f3 esta ma\u00f1ana a la comisi\u00f3n para su dictamen y aprobaci\u00f3n definitiva en el pleno ordinario de ma\u00f1ana, jueves, fue una propuesta en base a lo planteado en una primera comisi\u00f3n celebrada el pasado viernes 25 de octubre.<\/p>\n<p>\u00abDesde un primer momento, quisimos presentar una propuesta abierta al debate con el resto de fuerzas pol\u00edticas, para llegar a un acuerdo equilibrado en el concepto de tasas y precios p\u00fablicos, de ah\u00ed que se plantear\u00e1 una segunda comisi\u00f3n, la celebrada esta ma\u00f1ana, donde finalmente ultimamos la misma y la sometimos a votaci\u00f3n para elevarla al Pleno de ma\u00f1ana.<\/p>\n<p>En este \u00faltimo a\u00f1o, venimos trabajando en un Plan de mejora de la Contrataci\u00f3n Municipal, en este plan ha habido avances que nos han permitido contratar diversos servicios, reduciendo con ello el gasto corriente.<\/p>\n<p>Gracias a que con el nuevo plan de Contrataci\u00f3n Municipal somos m\u00e1s eficientes vamos ahorrar y el Ayuntamiento podr\u00e1 soportar seguir soportando el coste real de los servicios que se presta, con una m\u00ednima actualizaci\u00f3n para el bolsillo del contribuyente. La recaudaci\u00f3n por los servicios ni de lejos cubre el coste real que paga o le cuesta al Ayuntamiento. \u00bb . explic\u00f3 la edil.<\/p>\n<p>\u00abEl Gobierno siempre ha seguido una l\u00ednea en lo que a tasas y precios p\u00fablicos se refiere, y a\u00f1o a a\u00f1o se hab\u00edan ido actualizando seg\u00fan IPC. En los \u00faltimos 5 a\u00f1os estas actualizaciones se vieron congeladas debido que muchos a\u00f1os el IPC era bajo o incluso negativo, y se sigui\u00f3 una pol\u00edtica de congelaci\u00f3n de los mismos. Para este 2020, actualizaremos conforme al 2%.\u00bb &#8211; prosiguio Paula Cuervo.<\/p>\n","protected":false},"excerpt":{"rendered":"<p>Las tasas y precios p\u00fablicos llevan 5 a\u00f1os congelados en Carre\u00f1o, durante estos a\u00f1os los servicios que presta el Ayuntamiento se han ido incrementado en coste con subidas y actualizaciones de IPC. El consistorio viene asumiendo en solitario el aumento de dichos costes y ha llegado el momento de abordar una m\u00ednima revisi\u00f3n y por<\/p>\n","protected":false},"author":1,"featured_media":6453,"comment_status":"closed","ping_status":"closed","sticky":false,"template":"","format":"standard","meta":{"footnotes":""},"categories":[2],"tags":[],"class_list":{"0":"post-132226","1":"post","2":"type-post","3":"status-publish","4":"format-standard","5":"has-post-thumbnail","7":"category-noticias-carreno"},"aioseo_notices":[],"aioseo_head":"\n\t\t<!-- All in One SEO Pro 4.9.6.2 - aioseo.com -->\n\t<meta name=\"description\" content=\"Las tasas y precios p\u00fablicos llevan 5 a\u00f1os congelados en Carre\u00f1o, durante estos a\u00f1os los servicios que presta el Ayuntamiento se han ido incrementado en coste con subidas y actualizaciones de IPC. El consistorio viene asumiendo en solitario el aumento de dichos costes y ha llegado el momento de abordar una m\u00ednima revisi\u00f3n y por\" \/>\n\t<meta name=\"robots\" content=\"max-image-preview:large\" \/>\n\t<meta name=\"author\" content=\"Cand\u00e1s 365\"\/>\n\t<meta name=\"google-site-verification\" content=\"UA-32230408-1\" \/>\n\t<meta name=\"msvalidate.01\" content=\"354F3CDFB2DA171B47FBE9ABF1F88D5\" \/>\n\t<meta name=\"keywords\" content=\"noticias carre\u00f1o\" \/>\n\t<link rel=\"canonical\" href=\"https:\/\/candas365.es\/noticias\/carreno-trasladara-al-pleno-municipal-una-actualizacion-de-tasas-y-precios-publicos-para-el-2020\/\" \/>\n\t<meta name=\"generator\" content=\"All in One SEO Pro (AIOSEO) 4.9.6.2\" \/>\n\t\t<meta property=\"og:locale\" content=\"es_ES\" \/>\n\t\t<meta property=\"og:site_name\" content=\"Cand\u00e1s 365\" \/>\n\t\t<meta property=\"og:type\" content=\"article\" \/>\n\t\t<meta property=\"og:title\" content=\"Carre\u00f1o trasladar\u00e1 al pleno municipal una actualizaci\u00f3n de tasas y precios p\u00fablicos para el 2020 | Cand\u00e1s 365\" \/>\n\t\t<meta property=\"og:description\" content=\"Las tasas y precios p\u00fablicos llevan 5 a\u00f1os congelados en Carre\u00f1o, durante estos a\u00f1os los servicios que presta el Ayuntamiento se han ido incrementado en coste con subidas y actualizaciones de IPC. El consistorio viene asumiendo en solitario el aumento de dichos costes y ha llegado el momento de abordar una m\u00ednima revisi\u00f3n y por\" \/>\n\t\t<meta property=\"og:url\" content=\"https:\/\/candas365.es\/noticias\/carreno-trasladara-al-pleno-municipal-una-actualizacion-de-tasas-y-precios-publicos-para-el-2020\/\" \/>\n\t\t<meta property=\"og:image\" content=\"https:\/\/candas365.es\/noticias\/wp-content\/uploads\/2015\/01\/ayuntamiento.jpg\" \/>\n\t\t<meta property=\"og:image:secure_url\" content=\"https:\/\/candas365.es\/noticias\/wp-content\/uploads\/2015\/01\/ayuntamiento.jpg\" \/>\n\t\t<meta property=\"og:image:width\" content=\"800\" \/>\n\t\t<meta property=\"og:image:height\" content=\"600\" \/>\n\t\t<meta property=\"article:published_time\" content=\"2019-10-30T19:15:33+00:00\" \/>\n\t\t<meta property=\"article:modified_time\" content=\"2019-10-30T19:15:33+00:00\" \/>\n\t\t<meta property=\"article:publisher\" content=\"https:\/\/www.facebook.com\/Nachofdezber\" \/>\n\t\t<meta property=\"article:author\" content=\"https:\/\/www.facebook.com\/carrenoactualidad\" \/>\n\t\t<meta name=\"twitter:card\" content=\"summary_large_image\" \/>\n\t\t<meta name=\"twitter:site\" content=\"@NabercoDigital\" \/>\n\t\t<meta name=\"twitter:title\" content=\"Carre\u00f1o trasladar\u00e1 al pleno municipal una actualizaci\u00f3n de tasas y precios p\u00fablicos para el 2020 | Cand\u00e1s 365\" \/>\n\t\t<meta name=\"twitter:description\" content=\"Las tasas y precios p\u00fablicos llevan 5 a\u00f1os congelados en Carre\u00f1o, durante estos a\u00f1os los servicios que presta el Ayuntamiento se han ido incrementado en coste con subidas y actualizaciones de IPC. El consistorio viene asumiendo en solitario el aumento de dichos costes y ha llegado el momento de abordar una m\u00ednima revisi\u00f3n y por\" \/>\n\t\t<meta name=\"twitter:creator\" content=\"@nbasturias\" \/>\n\t\t<meta name=\"twitter:image\" content=\"https:\/\/candas365.es\/noticias\/wp-content\/uploads\/2015\/01\/ayuntamiento.jpg\" \/>\n\t\t<meta name=\"twitter:label1\" content=\"Escrito por\" \/>\n\t\t<meta name=\"twitter:data1\" content=\"Cand\u00e1s 365\" \/>\n\t\t<meta name=\"twitter:label2\" content=\"Tiempo de lectura estimado\" \/>\n\t\t<meta name=\"twitter:data2\" content=\"3 minutos\" \/>\n\t\t<script type=\"application\/ld+json\" class=\"aioseo-schema\">\n\t\t\t{\"@context\":\"https:\\\/\\\/schema.org\",\"@graph\":[{\"@type\":\"BreadcrumbList\",\"@id\":\"https:\\\/\\\/candas365.es\\\/noticias\\\/carreno-trasladara-al-pleno-municipal-una-actualizacion-de-tasas-y-precios-publicos-para-el-2020\\\/#breadcrumblist\",\"itemListElement\":[{\"@type\":\"ListItem\",\"@id\":\"https:\\\/\\\/candas365.es\\\/noticias#listItem\",\"position\":1,\"name\":\"Home\",\"item\":\"https:\\\/\\\/candas365.es\\\/noticias\",\"nextItem\":{\"@type\":\"ListItem\",\"@id\":\"https:\\\/\\\/candas365.es\\\/noticias\\\/category\\\/noticias-carreno\\\/#listItem\",\"name\":\"Noticias Carre\\u00f1o\"}},{\"@type\":\"ListItem\",\"@id\":\"https:\\\/\\\/candas365.es\\\/noticias\\\/category\\\/noticias-carreno\\\/#listItem\",\"position\":2,\"name\":\"Noticias Carre\\u00f1o\",\"item\":\"https:\\\/\\\/candas365.es\\\/noticias\\\/category\\\/noticias-carreno\\\/\",\"nextItem\":{\"@type\":\"ListItem\",\"@id\":\"https:\\\/\\\/candas365.es\\\/noticias\\\/carreno-trasladara-al-pleno-municipal-una-actualizacion-de-tasas-y-precios-publicos-para-el-2020\\\/#listItem\",\"name\":\"Carre\\u00f1o trasladar\\u00e1 al pleno municipal una actualizaci\\u00f3n de tasas y precios p\\u00fablicos para el 2020\"},\"previousItem\":{\"@type\":\"ListItem\",\"@id\":\"https:\\\/\\\/candas365.es\\\/noticias#listItem\",\"name\":\"Home\"}},{\"@type\":\"ListItem\",\"@id\":\"https:\\\/\\\/candas365.es\\\/noticias\\\/carreno-trasladara-al-pleno-municipal-una-actualizacion-de-tasas-y-precios-publicos-para-el-2020\\\/#listItem\",\"position\":3,\"name\":\"Carre\\u00f1o trasladar\\u00e1 al pleno municipal una actualizaci\\u00f3n de tasas y precios p\\u00fablicos para el 2020\",\"previousItem\":{\"@type\":\"ListItem\",\"@id\":\"https:\\\/\\\/candas365.es\\\/noticias\\\/category\\\/noticias-carreno\\\/#listItem\",\"name\":\"Noticias Carre\\u00f1o\"}}]},{\"@type\":\"NewsArticle\",\"@id\":\"https:\\\/\\\/candas365.es\\\/noticias\\\/carreno-trasladara-al-pleno-municipal-una-actualizacion-de-tasas-y-precios-publicos-para-el-2020\\\/#newsarticle\",\"name\":\"Carre\\u00f1o trasladar\\u00e1 al pleno municipal una actualizaci\\u00f3n de tasas y precios p\\u00fablicos para el 2020 | Cand\\u00e1s 365\",\"headline\":\"Carre\\u00f1o trasladar\\u00e1 al pleno municipal una actualizaci\\u00f3n de tasas y precios p\\u00fablicos para el 2020\",\"author\":{\"@id\":\"https:\\\/\\\/candas365.es\\\/noticias\\\/author\\\/admin\\\/#author\"},\"publisher\":{\"@id\":\"https:\\\/\\\/candas365.es\\\/noticias\\\/#organization\"},\"image\":{\"@type\":\"ImageObject\",\"url\":\"https:\\\/\\\/candas365.es\\\/noticias\\\/wp-content\\\/uploads\\\/2015\\\/01\\\/ayuntamiento.jpg\",\"width\":800,\"height\":600,\"caption\":\"Carre\\u00f1o\"},\"datePublished\":\"2019-10-30T19:15:33+01:00\",\"dateModified\":\"2019-10-30T19:15:33+01:00\",\"inLanguage\":\"es-ES\",\"mainEntityOfPage\":{\"@id\":\"https:\\\/\\\/candas365.es\\\/noticias\\\/carreno-trasladara-al-pleno-municipal-una-actualizacion-de-tasas-y-precios-publicos-para-el-2020\\\/#webpage\"},\"isPartOf\":{\"@id\":\"https:\\\/\\\/candas365.es\\\/noticias\\\/carreno-trasladara-al-pleno-municipal-una-actualizacion-de-tasas-y-precios-publicos-para-el-2020\\\/#webpage\"},\"articleSection\":\"Noticias Carre\\u00f1o\",\"dateline\":\"Publicado el octubre 30, 2019.\"},{\"@type\":\"Organization\",\"@id\":\"https:\\\/\\\/candas365.es\\\/noticias\\\/#organization\",\"name\":\"Cand\\u00e1s 365\",\"description\":\"Cand\\u00e1s 365 es un diario digital independiente, fundado en 2012, con base en Asturias. Informamos con rigor sobre actualidad, sociedad, cultura y ocio, con una mirada local y global.\",\"url\":\"https:\\\/\\\/candas365.es\\\/noticias\\\/\",\"email\":\"info@candas365.es\",\"telephone\":\"+34652131393\",\"foundingDate\":\"2012-06-10\",\"logo\":{\"@type\":\"ImageObject\",\"url\":\"https:\\\/\\\/candas365.es\\\/noticias\\\/wp-content\\\/uploads\\\/2024\\\/09\\\/Candas-365-Redes.jpg\",\"@id\":\"https:\\\/\\\/candas365.es\\\/noticias\\\/carreno-trasladara-al-pleno-municipal-una-actualizacion-de-tasas-y-precios-publicos-para-el-2020\\\/#organizationLogo\",\"width\":1152,\"height\":864,\"caption\":\"Cand\\u00e1s 365 Redes\"},\"image\":{\"@id\":\"https:\\\/\\\/candas365.es\\\/noticias\\\/carreno-trasladara-al-pleno-municipal-una-actualizacion-de-tasas-y-precios-publicos-para-el-2020\\\/#organizationLogo\"},\"sameAs\":[\"https:\\\/\\\/www.facebook.com\\\/Nachofdezber\",\"https:\\\/\\\/x.com\\\/NabercoDigital\",\"https:\\\/\\\/www.instagram.com\\\/nachofdezber\\\/\",\"https:\\\/\\\/www.youtube.com\\\/channel\\\/UCZP-2wLEB9Rv6erhFmqVnvg\"],\"address\":{\"@id\":\"https:\\\/\\\/candas365.es\\\/noticias\\\/#postaladdress\",\"@type\":\"PostalAddress\",\"streetAddress\":\"san antonio 4, san antonio 4\",\"postalCode\":\"33430\",\"addressLocality\":\"Cand\\u00e1s\",\"addressRegion\":\"Asturias\",\"addressCountry\":\"ES\"}},{\"@type\":\"Person\",\"@id\":\"https:\\\/\\\/candas365.es\\\/noticias\\\/author\\\/admin\\\/#author\",\"url\":\"https:\\\/\\\/candas365.es\\\/noticias\\\/author\\\/admin\\\/\",\"name\":\"Cand\\u00e1s 365\",\"image\":{\"@type\":\"ImageObject\",\"@id\":\"https:\\\/\\\/candas365.es\\\/noticias\\\/carreno-trasladara-al-pleno-municipal-una-actualizacion-de-tasas-y-precios-publicos-para-el-2020\\\/#authorImage\",\"url\":\"https:\\\/\\\/secure.gravatar.com\\\/avatar\\\/496a8e03d0c493ede1718b7934145dbdf8d89be1036b0eec9544e1094c9de390?s=96&d=mm&r=g\",\"width\":96,\"height\":96,\"caption\":\"Cand\\u00e1s 365\"},\"sameAs\":[\"https:\\\/\\\/www.facebook.com\\\/carrenoactualidad\",\"https:\\\/\\\/twitter.com\\\/nbasturias\",\"https:\\\/\\\/www.instagram.com\\\/nachofdezber\\\/\",\"https:\\\/\\\/www.youtube.com\\\/channel\\\/UCZP-2wLEB9Rv6erhFmqVnvg\"]},{\"@type\":\"WebPage\",\"@id\":\"https:\\\/\\\/candas365.es\\\/noticias\\\/carreno-trasladara-al-pleno-municipal-una-actualizacion-de-tasas-y-precios-publicos-para-el-2020\\\/#webpage\",\"url\":\"https:\\\/\\\/candas365.es\\\/noticias\\\/carreno-trasladara-al-pleno-municipal-una-actualizacion-de-tasas-y-precios-publicos-para-el-2020\\\/\",\"name\":\"Carre\\u00f1o trasladar\\u00e1 al pleno municipal una actualizaci\\u00f3n de tasas y precios p\\u00fablicos para el 2020 | Cand\\u00e1s 365\",\"description\":\"Las tasas y precios p\\u00fablicos llevan 5 a\\u00f1os congelados en Carre\\u00f1o, durante estos a\\u00f1os los servicios que presta el Ayuntamiento se han ido incrementado en coste con subidas y actualizaciones de IPC. El consistorio viene asumiendo en solitario el aumento de dichos costes y ha llegado el momento de abordar una m\\u00ednima revisi\\u00f3n y por\",\"inLanguage\":\"es-ES\",\"isPartOf\":{\"@id\":\"https:\\\/\\\/candas365.es\\\/noticias\\\/#website\"},\"breadcrumb\":{\"@id\":\"https:\\\/\\\/candas365.es\\\/noticias\\\/carreno-trasladara-al-pleno-municipal-una-actualizacion-de-tasas-y-precios-publicos-para-el-2020\\\/#breadcrumblist\"},\"author\":{\"@id\":\"https:\\\/\\\/candas365.es\\\/noticias\\\/author\\\/admin\\\/#author\"},\"creator\":{\"@id\":\"https:\\\/\\\/candas365.es\\\/noticias\\\/author\\\/admin\\\/#author\"},\"image\":{\"@type\":\"ImageObject\",\"url\":\"https:\\\/\\\/candas365.es\\\/noticias\\\/wp-content\\\/uploads\\\/2015\\\/01\\\/ayuntamiento.jpg\",\"@id\":\"https:\\\/\\\/candas365.es\\\/noticias\\\/carreno-trasladara-al-pleno-municipal-una-actualizacion-de-tasas-y-precios-publicos-para-el-2020\\\/#mainImage\",\"width\":800,\"height\":600,\"caption\":\"Carre\\u00f1o\"},\"primaryImageOfPage\":{\"@id\":\"https:\\\/\\\/candas365.es\\\/noticias\\\/carreno-trasladara-al-pleno-municipal-una-actualizacion-de-tasas-y-precios-publicos-para-el-2020\\\/#mainImage\"},\"datePublished\":\"2019-10-30T19:15:33+01:00\",\"dateModified\":\"2019-10-30T19:15:33+01:00\"},{\"@type\":\"WebSite\",\"@id\":\"https:\\\/\\\/candas365.es\\\/noticias\\\/#website\",\"url\":\"https:\\\/\\\/candas365.es\\\/noticias\\\/\",\"name\":\"Cand\\u00e1s 365\",\"alternateName\":\"Cand\\u00e1s 365 Noticias\",\"description\":\"Actualidad desde Carre\\u00f1o para el mundo\",\"inLanguage\":\"es-ES\",\"publisher\":{\"@id\":\"https:\\\/\\\/candas365.es\\\/noticias\\\/#organization\"}}]}\n\t\t<\/script>\n\t\t<!-- All in One SEO Pro -->\r\n\t\t<title>Carre\u00f1o trasladar\u00e1 al pleno municipal una actualizaci\u00f3n de tasas y precios p\u00fablicos para el 2020 | Cand\u00e1s 365<\/title>\n\n","aioseo_head_json":{"title":"Carre\u00f1o trasladar\u00e1 al pleno municipal una actualizaci\u00f3n de tasas y precios p\u00fablicos para el 2020 | Cand\u00e1s 365","description":"Las tasas y precios p\u00fablicos llevan 5 a\u00f1os congelados en Carre\u00f1o, durante estos a\u00f1os los servicios que presta el Ayuntamiento se han ido incrementado en coste con subidas y actualizaciones de IPC. El consistorio viene asumiendo en solitario el aumento de dichos costes y ha llegado el momento de abordar una m\u00ednima revisi\u00f3n y por","canonical_url":"https:\/\/candas365.es\/noticias\/carreno-trasladara-al-pleno-municipal-una-actualizacion-de-tasas-y-precios-publicos-para-el-2020\/","robots":"max-image-preview:large","keywords":"noticias carre\u00f1o","webmasterTools":{"google-site-verification":"UA-32230408-1","msvalidate.01":"354F3CDFB2DA171B47FBE9ABF1F88D5","miscellaneous":""},"schema":{"@context":"https:\/\/schema.org","@graph":[{"@type":"BreadcrumbList","@id":"https:\/\/candas365.es\/noticias\/carreno-trasladara-al-pleno-municipal-una-actualizacion-de-tasas-y-precios-publicos-para-el-2020\/#breadcrumblist","itemListElement":[{"@type":"ListItem","@id":"https:\/\/candas365.es\/noticias#listItem","position":1,"name":"Home","item":"https:\/\/candas365.es\/noticias","nextItem":{"@type":"ListItem","@id":"https:\/\/candas365.es\/noticias\/category\/noticias-carreno\/#listItem","name":"Noticias Carre\u00f1o"}},{"@type":"ListItem","@id":"https:\/\/candas365.es\/noticias\/category\/noticias-carreno\/#listItem","position":2,"name":"Noticias Carre\u00f1o","item":"https:\/\/candas365.es\/noticias\/category\/noticias-carreno\/","nextItem":{"@type":"ListItem","@id":"https:\/\/candas365.es\/noticias\/carreno-trasladara-al-pleno-municipal-una-actualizacion-de-tasas-y-precios-publicos-para-el-2020\/#listItem","name":"Carre\u00f1o trasladar\u00e1 al pleno municipal una actualizaci\u00f3n de tasas y precios p\u00fablicos para el 2020"},"previousItem":{"@type":"ListItem","@id":"https:\/\/candas365.es\/noticias#listItem","name":"Home"}},{"@type":"ListItem","@id":"https:\/\/candas365.es\/noticias\/carreno-trasladara-al-pleno-municipal-una-actualizacion-de-tasas-y-precios-publicos-para-el-2020\/#listItem","position":3,"name":"Carre\u00f1o trasladar\u00e1 al pleno municipal una actualizaci\u00f3n de tasas y precios p\u00fablicos para el 2020","previousItem":{"@type":"ListItem","@id":"https:\/\/candas365.es\/noticias\/category\/noticias-carreno\/#listItem","name":"Noticias Carre\u00f1o"}}]},{"@type":"NewsArticle","@id":"https:\/\/candas365.es\/noticias\/carreno-trasladara-al-pleno-municipal-una-actualizacion-de-tasas-y-precios-publicos-para-el-2020\/#newsarticle","name":"Carre\u00f1o trasladar\u00e1 al pleno municipal una actualizaci\u00f3n de tasas y precios p\u00fablicos para el 2020 | Cand\u00e1s 365","headline":"Carre\u00f1o trasladar\u00e1 al pleno municipal una actualizaci\u00f3n de tasas y precios p\u00fablicos para el 2020","author":{"@id":"https:\/\/candas365.es\/noticias\/author\/admin\/#author"},"publisher":{"@id":"https:\/\/candas365.es\/noticias\/#organization"},"image":{"@type":"ImageObject","url":"https:\/\/candas365.es\/noticias\/wp-content\/uploads\/2015\/01\/ayuntamiento.jpg","width":800,"height":600,"caption":"Carre\u00f1o"},"datePublished":"2019-10-30T19:15:33+01:00","dateModified":"2019-10-30T19:15:33+01:00","inLanguage":"es-ES","mainEntityOfPage":{"@id":"https:\/\/candas365.es\/noticias\/carreno-trasladara-al-pleno-municipal-una-actualizacion-de-tasas-y-precios-publicos-para-el-2020\/#webpage"},"isPartOf":{"@id":"https:\/\/candas365.es\/noticias\/carreno-trasladara-al-pleno-municipal-una-actualizacion-de-tasas-y-precios-publicos-para-el-2020\/#webpage"},"articleSection":"Noticias Carre\u00f1o","dateline":"Publicado el octubre 30, 2019."},{"@type":"Organization","@id":"https:\/\/candas365.es\/noticias\/#organization","name":"Cand\u00e1s 365","description":"Cand\u00e1s 365 es un diario digital independiente, fundado en 2012, con base en Asturias. Informamos con rigor sobre actualidad, sociedad, cultura y ocio, con una mirada local y global.","url":"https:\/\/candas365.es\/noticias\/","email":"info@candas365.es","telephone":"+34652131393","foundingDate":"2012-06-10","logo":{"@type":"ImageObject","url":"https:\/\/candas365.es\/noticias\/wp-content\/uploads\/2024\/09\/Candas-365-Redes.jpg","@id":"https:\/\/candas365.es\/noticias\/carreno-trasladara-al-pleno-municipal-una-actualizacion-de-tasas-y-precios-publicos-para-el-2020\/#organizationLogo","width":1152,"height":864,"caption":"Cand\u00e1s 365 Redes"},"image":{"@id":"https:\/\/candas365.es\/noticias\/carreno-trasladara-al-pleno-municipal-una-actualizacion-de-tasas-y-precios-publicos-para-el-2020\/#organizationLogo"},"sameAs":["https:\/\/www.facebook.com\/Nachofdezber","https:\/\/x.com\/NabercoDigital","https:\/\/www.instagram.com\/nachofdezber\/","https:\/\/www.youtube.com\/channel\/UCZP-2wLEB9Rv6erhFmqVnvg"],"address":{"@id":"https:\/\/candas365.es\/noticias\/#postaladdress","@type":"PostalAddress","streetAddress":"san antonio 4, san antonio 4","postalCode":"33430","addressLocality":"Cand\u00e1s","addressRegion":"Asturias","addressCountry":"ES"}},{"@type":"Person","@id":"https:\/\/candas365.es\/noticias\/author\/admin\/#author","url":"https:\/\/candas365.es\/noticias\/author\/admin\/","name":"Cand\u00e1s 365","image":{"@type":"ImageObject","@id":"https:\/\/candas365.es\/noticias\/carreno-trasladara-al-pleno-municipal-una-actualizacion-de-tasas-y-precios-publicos-para-el-2020\/#authorImage","url":"https:\/\/secure.gravatar.com\/avatar\/496a8e03d0c493ede1718b7934145dbdf8d89be1036b0eec9544e1094c9de390?s=96&d=mm&r=g","width":96,"height":96,"caption":"Cand\u00e1s 365"},"sameAs":["https:\/\/www.facebook.com\/carrenoactualidad","https:\/\/twitter.com\/nbasturias","https:\/\/www.instagram.com\/nachofdezber\/","https:\/\/www.youtube.com\/channel\/UCZP-2wLEB9Rv6erhFmqVnvg"]},{"@type":"WebPage","@id":"https:\/\/candas365.es\/noticias\/carreno-trasladara-al-pleno-municipal-una-actualizacion-de-tasas-y-precios-publicos-para-el-2020\/#webpage","url":"https:\/\/candas365.es\/noticias\/carreno-trasladara-al-pleno-municipal-una-actualizacion-de-tasas-y-precios-publicos-para-el-2020\/","name":"Carre\u00f1o trasladar\u00e1 al pleno municipal una actualizaci\u00f3n de tasas y precios p\u00fablicos para el 2020 | Cand\u00e1s 365","description":"Las tasas y precios p\u00fablicos llevan 5 a\u00f1os congelados en Carre\u00f1o, durante estos a\u00f1os los servicios que presta el Ayuntamiento se han ido incrementado en coste con subidas y actualizaciones de IPC. El consistorio viene asumiendo en solitario el aumento de dichos costes y ha llegado el momento de abordar una m\u00ednima revisi\u00f3n y por","inLanguage":"es-ES","isPartOf":{"@id":"https:\/\/candas365.es\/noticias\/#website"},"breadcrumb":{"@id":"https:\/\/candas365.es\/noticias\/carreno-trasladara-al-pleno-municipal-una-actualizacion-de-tasas-y-precios-publicos-para-el-2020\/#breadcrumblist"},"author":{"@id":"https:\/\/candas365.es\/noticias\/author\/admin\/#author"},"creator":{"@id":"https:\/\/candas365.es\/noticias\/author\/admin\/#author"},"image":{"@type":"ImageObject","url":"https:\/\/candas365.es\/noticias\/wp-content\/uploads\/2015\/01\/ayuntamiento.jpg","@id":"https:\/\/candas365.es\/noticias\/carreno-trasladara-al-pleno-municipal-una-actualizacion-de-tasas-y-precios-publicos-para-el-2020\/#mainImage","width":800,"height":600,"caption":"Carre\u00f1o"},"primaryImageOfPage":{"@id":"https:\/\/candas365.es\/noticias\/carreno-trasladara-al-pleno-municipal-una-actualizacion-de-tasas-y-precios-publicos-para-el-2020\/#mainImage"},"datePublished":"2019-10-30T19:15:33+01:00","dateModified":"2019-10-30T19:15:33+01:00"},{"@type":"WebSite","@id":"https:\/\/candas365.es\/noticias\/#website","url":"https:\/\/candas365.es\/noticias\/","name":"Cand\u00e1s 365","alternateName":"Cand\u00e1s 365 Noticias","description":"Actualidad desde Carre\u00f1o para el mundo","inLanguage":"es-ES","publisher":{"@id":"https:\/\/candas365.es\/noticias\/#organization"}}]},"og:locale":"es_ES","og:site_name":"Cand\u00e1s 365","og:type":"article","og:title":"Carre\u00f1o trasladar\u00e1 al pleno municipal una actualizaci\u00f3n de tasas y precios p\u00fablicos para el 2020 | Cand\u00e1s 365","og:description":"Las tasas y precios p\u00fablicos llevan 5 a\u00f1os congelados en Carre\u00f1o, durante estos a\u00f1os los servicios que presta el Ayuntamiento se han ido incrementado en coste con subidas y actualizaciones de IPC. El consistorio viene asumiendo en solitario el aumento de dichos costes y ha llegado el momento de abordar una m\u00ednima revisi\u00f3n y por","og:url":"https:\/\/candas365.es\/noticias\/carreno-trasladara-al-pleno-municipal-una-actualizacion-de-tasas-y-precios-publicos-para-el-2020\/","og:image":"https:\/\/candas365.es\/noticias\/wp-content\/uploads\/2015\/01\/ayuntamiento.jpg","og:image:secure_url":"https:\/\/candas365.es\/noticias\/wp-content\/uploads\/2015\/01\/ayuntamiento.jpg","og:image:width":800,"og:image:height":600,"article:published_time":"2019-10-30T19:15:33+00:00","article:modified_time":"2019-10-30T19:15:33+00:00","article:publisher":"https:\/\/www.facebook.com\/Nachofdezber","article:author":"https:\/\/www.facebook.com\/carrenoactualidad","twitter:card":"summary_large_image","twitter:site":"@NabercoDigital","twitter:title":"Carre\u00f1o trasladar\u00e1 al pleno municipal una actualizaci\u00f3n de tasas y precios p\u00fablicos para el 2020 | Cand\u00e1s 365","twitter:description":"Las tasas y precios p\u00fablicos llevan 5 a\u00f1os congelados en Carre\u00f1o, durante estos a\u00f1os los servicios que presta el Ayuntamiento se han ido incrementado en coste con subidas y actualizaciones de IPC. El consistorio viene asumiendo en solitario el aumento de dichos costes y ha llegado el momento de abordar una m\u00ednima revisi\u00f3n y por","twitter:creator":"@nbasturias","twitter:image":"https:\/\/candas365.es\/noticias\/wp-content\/uploads\/2015\/01\/ayuntamiento.jpg","twitter:label1":"Escrito por","twitter:data1":"Cand\u00e1s 365","twitter:label2":"Tiempo de lectura estimado","twitter:data2":"3 minutos"},"aioseo_meta_data":{"post_id":"132226","title":null,"description":null,"keywords":null,"keyphrases":null,"primary_term":null,"canonical_url":null,"og_title":null,"og_description":null,"og_object_type":"default","og_image_type":"default","og_image_url":null,"og_image_width":null,"og_image_height":null,"og_image_custom_url":null,"og_image_custom_fields":null,"og_video":null,"og_custom_url":null,"og_article_section":null,"og_article_tags":null,"twitter_use_og":false,"twitter_card":"default","twitter_image_type":"default","twitter_image_url":null,"twitter_image_custom_url":null,"twitter_image_custom_fields":null,"twitter_title":null,"twitter_description":null,"schema":{"blockGraphs":[],"customGraphs":[],"default":{"data":{"Article":[],"Course":[],"Dataset":[],"FAQPage":[],"Movie":[],"Person":[],"Product":[],"ProductReview":[],"Car":[],"Recipe":[],"Service":[],"SoftwareApplication":[],"WebPage":[]},"graphName":"","isEnabled":true},"graphs":[],"defaultGraph":"","defaultPostTypeGraph":""},"schema_type":null,"schema_type_options":null,"pillar_content":false,"robots_default":true,"robots_noindex":false,"robots_noarchive":false,"robots_nosnippet":false,"robots_nofollow":false,"robots_noimageindex":false,"robots_noodp":false,"robots_notranslate":false,"robots_max_snippet":null,"robots_max_videopreview":null,"robots_max_imagepreview":"large","priority":null,"frequency":null,"location":null,"local_seo":null,"seo_analyzer_scan_date":"2025-08-30 16:37:17","breadcrumb_settings":null,"limit_modified_date":false,"reviewed_by":null,"open_ai":null,"ai":null,"created":"2020-12-21 10:51:03","updated":"2025-08-30 16:37:17"},"aioseo_breadcrumb":"<div class=\"aioseo-breadcrumbs\"><span class=\"aioseo-breadcrumb\">\n\t<a href=\"https:\/\/candas365.es\/noticias\" title=\"Home\">Home<\/a>\n<\/span><span class=\"aioseo-breadcrumb-separator\">&ndash;<\/span><span class=\"aioseo-breadcrumb\">\n\t<a href=\"https:\/\/candas365.es\/noticias\/category\/noticias-carreno\/\" title=\"Noticias Carre\u00f1o\">Noticias Carre\u00f1o<\/a>\n<\/span><span class=\"aioseo-breadcrumb-separator\">&ndash;<\/span><span class=\"aioseo-breadcrumb\">\n\tCarre\u00f1o trasladar\u00e1 al pleno municipal una actualizaci\u00f3n de tasas y precios p\u00fablicos para el 2020\n<\/span><\/div>","aioseo_breadcrumb_json":[{"label":"Home","link":"https:\/\/candas365.es\/noticias"},{"label":"Noticias Carre\u00f1o","link":"https:\/\/candas365.es\/noticias\/category\/noticias-carreno\/"},{"label":"Carre\u00f1o trasladar\u00e1 al pleno municipal una actualizaci\u00f3n de tasas y precios p\u00fablicos para el 2020","link":"https:\/\/candas365.es\/noticias\/carreno-trasladara-al-pleno-municipal-una-actualizacion-de-tasas-y-precios-publicos-para-el-2020\/"}],"_links":{"self":[{"href":"https:\/\/candas365.es\/noticias\/wp-json\/wp\/v2\/posts\/132226","targetHints":{"allow":["GET"]}}],"collection":[{"href":"https:\/\/candas365.es\/noticias\/wp-json\/wp\/v2\/posts"}],"about":[{"href":"https:\/\/candas365.es\/noticias\/wp-json\/wp\/v2\/types\/post"}],"author":[{"embeddable":true,"href":"https:\/\/candas365.es\/noticias\/wp-json\/wp\/v2\/users\/1"}],"replies":[{"embeddable":true,"href":"https:\/\/candas365.es\/noticias\/wp-json\/wp\/v2\/comments?post=132226"}],"version-history":[{"count":0,"href":"https:\/\/candas365.es\/noticias\/wp-json\/wp\/v2\/posts\/132226\/revisions"}],"wp:featuredmedia":[{"embeddable":true,"href":"https:\/\/candas365.es\/noticias\/wp-json\/wp\/v2\/media\/6453"}],"wp:attachment":[{"href":"https:\/\/candas365.es\/noticias\/wp-json\/wp\/v2\/media?parent=132226"}],"wp:term":[{"taxonomy":"category","embeddable":true,"href":"https:\/\/candas365.es\/noticias\/wp-json\/wp\/v2\/categories?post=132226"},{"taxonomy":"post_tag","embeddable":true,"href":"https:\/\/candas365.es\/noticias\/wp-json\/wp\/v2\/tags?post=132226"}],"curies":[{"name":"wp","href":"https:\/\/api.w.org\/{rel}","templated":true}]}}