{"id":131911,"date":"2019-10-25T19:13:27","date_gmt":"2019-10-25T19:13:27","guid":{"rendered":"http:\/\/candas365.es\/noticias\/?p=131911"},"modified":"2019-10-25T19:18:05","modified_gmt":"2019-10-25T19:18:05","slug":"exposicion-estructuras-de-rafael-navarro","status":"publish","type":"post","link":"https:\/\/candas365.es\/noticias\/exposicion-estructuras-de-rafael-navarro\/","title":{"rendered":"Exposici\u00f3n \u00abEstructuras\u00bb de Rafael Navarro"},"content":{"rendered":"<p><img fetchpriority=\"high\" decoding=\"async\" class=\"alignleft size-medium wp-image-131912\" src=\"https:\/\/candas365.es\/noticias\/wp-content\/uploads\/2019\/10\/Estructuras-de-Rafael-Navarro-305x300.jpg\" alt=\"\" width=\"305\" height=\"300\" srcset=\"https:\/\/candas365.es\/noticias\/wp-content\/uploads\/2019\/10\/Estructuras-de-Rafael-Navarro-305x300.jpg 305w, https:\/\/candas365.es\/noticias\/wp-content\/uploads\/2019\/10\/Estructuras-de-Rafael-Navarro.jpg 420w\" sizes=\"(max-width: 305px) 100vw, 305px\" \/>En la historia de la fotograf\u00eda espa\u00f1ola el nombre y el trabajo de Rafael Navarro representa uno de los pilares indiscutibles, un camino que nos lleva desde el clasicismo hasta lo contempor\u00e1neo. Por su obra y por su mirada, por su mismo tiempo, caminan los nombres m\u00e1s grandes de la fotograf\u00eda universal, desde Eikoe Hosoe hasta Edward Weston, desde Harry Callahan hasta Ralph Gibson. Y es que Navarro, gran viajero, es tambi\u00e9n, a la vez, testigo y protagonista del viaje que la fotograf\u00eda ha realizado en apenas unas d\u00e9cadas desde la nada al todo.<\/p>\n<p>Estructuras no es una muestra antol\u00f3gica, pues no est\u00e1n presentes todas sus series, pero si re\u00fane algunos de sus trabajos m\u00e1s significativos dentro de las dos ramas m\u00e1s definidas de su copiosa producci\u00f3n: el cuerpo y la abstracci\u00f3n. El cuerpo desde los fragmentos m\u00e1s l\u00edricos hasta que se convierte en un paisaje, en el mundo; la abstracci\u00f3n desde el uso del movimiento, de la sombra, de la repetici\u00f3n, del fragmento, hasta la esencialidad del color. Mas de 50 a\u00f1os de la mejor fotograf\u00eda del siglo XX y XXI seleccionadas solamente entre ocho de sus series m\u00e1s significativas, desde 1975 hasta 2011.<\/p>\n<p>Del 10 de octubre al 12 de enero en el Centro Niemeyer.<\/p>\n<p><strong>Foto y nota: Ayuntamiento de Avil\u00e9s\u00a0<\/strong><\/p>\n","protected":false},"excerpt":{"rendered":"<p>En la historia de la fotograf\u00eda espa\u00f1ola el nombre y el trabajo de Rafael Navarro representa uno de los pilares indiscutibles, un camino que nos lleva desde el clasicismo hasta lo contempor\u00e1neo. Por su obra y por su mirada, por su mismo tiempo, caminan los nombres m\u00e1s grandes de la fotograf\u00eda universal, desde Eikoe Hosoe<\/p>\n","protected":false},"author":1,"featured_media":131912,"comment_status":"closed","ping_status":"closed","sticky":false,"template":"","format":"standard","meta":{"footnotes":""},"categories":[1],"tags":[],"class_list":{"0":"post-131911","1":"post","2":"type-post","3":"status-publish","4":"format-standard","5":"has-post-thumbnail","7":"category-agenda"},"aioseo_notices":[],"aioseo_head":"\n\t\t<!-- All in One SEO Pro 4.9.6.2 - aioseo.com -->\n\t<meta name=\"description\" content=\"En la historia de la fotograf\u00eda espa\u00f1ola el nombre y el trabajo de Rafael Navarro representa uno de los pilares indiscutibles, un camino que nos lleva desde el clasicismo hasta lo contempor\u00e1neo. Por su obra y por su mirada, por su mismo tiempo, caminan los nombres m\u00e1s grandes de la fotograf\u00eda universal, desde Eikoe Hosoe\" \/>\n\t<meta name=\"robots\" content=\"max-image-preview:large\" \/>\n\t<meta name=\"author\" content=\"Cand\u00e1s 365\"\/>\n\t<meta name=\"google-site-verification\" content=\"UA-32230408-1\" \/>\n\t<meta name=\"msvalidate.01\" content=\"354F3CDFB2DA171B47FBE9ABF1F88D5\" \/>\n\t<meta name=\"keywords\" content=\"agenda\" \/>\n\t<link rel=\"canonical\" href=\"https:\/\/candas365.es\/noticias\/exposicion-estructuras-de-rafael-navarro\/\" \/>\n\t<meta name=\"generator\" content=\"All in One SEO Pro (AIOSEO) 4.9.6.2\" \/>\n\t\t<meta property=\"og:locale\" content=\"es_ES\" \/>\n\t\t<meta property=\"og:site_name\" content=\"Cand\u00e1s 365\" \/>\n\t\t<meta property=\"og:type\" content=\"article\" \/>\n\t\t<meta property=\"og:title\" content=\"Exposici\u00f3n \u00abEstructuras\u00bb de Rafael Navarro | Cand\u00e1s 365\" \/>\n\t\t<meta property=\"og:description\" content=\"En la historia de la fotograf\u00eda espa\u00f1ola el nombre y el trabajo de Rafael Navarro representa uno de los pilares indiscutibles, un camino que nos lleva desde el clasicismo hasta lo contempor\u00e1neo. Por su obra y por su mirada, por su mismo tiempo, caminan los nombres m\u00e1s grandes de la fotograf\u00eda universal, desde Eikoe Hosoe\" \/>\n\t\t<meta property=\"og:url\" content=\"https:\/\/candas365.es\/noticias\/exposicion-estructuras-de-rafael-navarro\/\" \/>\n\t\t<meta property=\"og:image\" content=\"https:\/\/candas365.es\/noticias\/wp-content\/uploads\/2019\/10\/Estructuras-de-Rafael-Navarro.jpg\" \/>\n\t\t<meta property=\"og:image:secure_url\" content=\"https:\/\/candas365.es\/noticias\/wp-content\/uploads\/2019\/10\/Estructuras-de-Rafael-Navarro.jpg\" \/>\n\t\t<meta property=\"og:image:width\" content=\"420\" \/>\n\t\t<meta property=\"og:image:height\" content=\"413\" \/>\n\t\t<meta property=\"article:published_time\" content=\"2019-10-25T19:13:27+00:00\" \/>\n\t\t<meta property=\"article:modified_time\" content=\"2019-10-25T19:18:05+00:00\" \/>\n\t\t<meta property=\"article:publisher\" content=\"https:\/\/www.facebook.com\/Nachofdezber\" \/>\n\t\t<meta property=\"article:author\" content=\"https:\/\/www.facebook.com\/carrenoactualidad\" \/>\n\t\t<meta name=\"twitter:card\" content=\"summary_large_image\" \/>\n\t\t<meta name=\"twitter:site\" content=\"@NabercoDigital\" \/>\n\t\t<meta name=\"twitter:title\" content=\"Exposici\u00f3n \u00abEstructuras\u00bb de Rafael Navarro | Cand\u00e1s 365\" \/>\n\t\t<meta name=\"twitter:description\" content=\"En la historia de la fotograf\u00eda espa\u00f1ola el nombre y el trabajo de Rafael Navarro representa uno de los pilares indiscutibles, un camino que nos lleva desde el clasicismo hasta lo contempor\u00e1neo. Por su obra y por su mirada, por su mismo tiempo, caminan los nombres m\u00e1s grandes de la fotograf\u00eda universal, desde Eikoe Hosoe\" \/>\n\t\t<meta name=\"twitter:creator\" content=\"@nbasturias\" \/>\n\t\t<meta name=\"twitter:image\" content=\"https:\/\/candas365.es\/noticias\/wp-content\/uploads\/2019\/10\/Estructuras-de-Rafael-Navarro.jpg\" \/>\n\t\t<meta name=\"twitter:label1\" content=\"Escrito por\" \/>\n\t\t<meta name=\"twitter:data1\" content=\"Cand\u00e1s 365\" \/>\n\t\t<meta name=\"twitter:label2\" content=\"Tiempo de lectura estimado\" \/>\n\t\t<meta name=\"twitter:data2\" content=\"1 minuto\" \/>\n\t\t<script type=\"application\/ld+json\" class=\"aioseo-schema\">\n\t\t\t{\"@context\":\"https:\\\/\\\/schema.org\",\"@graph\":[{\"@type\":\"BreadcrumbList\",\"@id\":\"https:\\\/\\\/candas365.es\\\/noticias\\\/exposicion-estructuras-de-rafael-navarro\\\/#breadcrumblist\",\"itemListElement\":[{\"@type\":\"ListItem\",\"@id\":\"https:\\\/\\\/candas365.es\\\/noticias#listItem\",\"position\":1,\"name\":\"Home\",\"item\":\"https:\\\/\\\/candas365.es\\\/noticias\",\"nextItem\":{\"@type\":\"ListItem\",\"@id\":\"https:\\\/\\\/candas365.es\\\/noticias\\\/category\\\/agenda\\\/#listItem\",\"name\":\"Agenda\"}},{\"@type\":\"ListItem\",\"@id\":\"https:\\\/\\\/candas365.es\\\/noticias\\\/category\\\/agenda\\\/#listItem\",\"position\":2,\"name\":\"Agenda\",\"item\":\"https:\\\/\\\/candas365.es\\\/noticias\\\/category\\\/agenda\\\/\",\"nextItem\":{\"@type\":\"ListItem\",\"@id\":\"https:\\\/\\\/candas365.es\\\/noticias\\\/exposicion-estructuras-de-rafael-navarro\\\/#listItem\",\"name\":\"Exposici\\u00f3n \\u00abEstructuras\\u00bb de Rafael Navarro\"},\"previousItem\":{\"@type\":\"ListItem\",\"@id\":\"https:\\\/\\\/candas365.es\\\/noticias#listItem\",\"name\":\"Home\"}},{\"@type\":\"ListItem\",\"@id\":\"https:\\\/\\\/candas365.es\\\/noticias\\\/exposicion-estructuras-de-rafael-navarro\\\/#listItem\",\"position\":3,\"name\":\"Exposici\\u00f3n \\u00abEstructuras\\u00bb de Rafael Navarro\",\"previousItem\":{\"@type\":\"ListItem\",\"@id\":\"https:\\\/\\\/candas365.es\\\/noticias\\\/category\\\/agenda\\\/#listItem\",\"name\":\"Agenda\"}}]},{\"@type\":\"NewsArticle\",\"@id\":\"https:\\\/\\\/candas365.es\\\/noticias\\\/exposicion-estructuras-de-rafael-navarro\\\/#newsarticle\",\"name\":\"Exposici\\u00f3n \\u00abEstructuras\\u00bb de Rafael Navarro | Cand\\u00e1s 365\",\"headline\":\"Exposici\\u00f3n \\u00abEstructuras\\u00bb de Rafael Navarro\",\"author\":{\"@id\":\"https:\\\/\\\/candas365.es\\\/noticias\\\/author\\\/admin\\\/#author\"},\"publisher\":{\"@id\":\"https:\\\/\\\/candas365.es\\\/noticias\\\/#organization\"},\"image\":{\"@type\":\"ImageObject\",\"url\":\"https:\\\/\\\/candas365.es\\\/noticias\\\/wp-content\\\/uploads\\\/2019\\\/10\\\/Estructuras-de-Rafael-Navarro.jpg\",\"width\":420,\"height\":413},\"datePublished\":\"2019-10-25T19:13:27+02:00\",\"dateModified\":\"2019-10-25T19:18:05+02:00\",\"inLanguage\":\"es-ES\",\"mainEntityOfPage\":{\"@id\":\"https:\\\/\\\/candas365.es\\\/noticias\\\/exposicion-estructuras-de-rafael-navarro\\\/#webpage\"},\"isPartOf\":{\"@id\":\"https:\\\/\\\/candas365.es\\\/noticias\\\/exposicion-estructuras-de-rafael-navarro\\\/#webpage\"},\"articleSection\":\"Agenda\",\"dateline\":\"Publicado el octubre 25, 2019.\"},{\"@type\":\"Organization\",\"@id\":\"https:\\\/\\\/candas365.es\\\/noticias\\\/#organization\",\"name\":\"Cand\\u00e1s 365\",\"description\":\"Cand\\u00e1s 365 es un diario digital independiente, fundado en 2012, con base en Asturias. Informamos con rigor sobre actualidad, sociedad, cultura y ocio, con una mirada local y global.\",\"url\":\"https:\\\/\\\/candas365.es\\\/noticias\\\/\",\"email\":\"info@candas365.es\",\"telephone\":\"+34652131393\",\"foundingDate\":\"2012-06-10\",\"logo\":{\"@type\":\"ImageObject\",\"url\":\"https:\\\/\\\/candas365.es\\\/noticias\\\/wp-content\\\/uploads\\\/2024\\\/09\\\/Candas-365-Redes.jpg\",\"@id\":\"https:\\\/\\\/candas365.es\\\/noticias\\\/exposicion-estructuras-de-rafael-navarro\\\/#organizationLogo\",\"width\":1152,\"height\":864,\"caption\":\"Cand\\u00e1s 365 Redes\"},\"image\":{\"@id\":\"https:\\\/\\\/candas365.es\\\/noticias\\\/exposicion-estructuras-de-rafael-navarro\\\/#organizationLogo\"},\"sameAs\":[\"https:\\\/\\\/www.facebook.com\\\/Nachofdezber\",\"https:\\\/\\\/x.com\\\/NabercoDigital\",\"https:\\\/\\\/www.instagram.com\\\/nachofdezber\\\/\",\"https:\\\/\\\/www.youtube.com\\\/channel\\\/UCZP-2wLEB9Rv6erhFmqVnvg\"],\"address\":{\"@id\":\"https:\\\/\\\/candas365.es\\\/noticias\\\/#postaladdress\",\"@type\":\"PostalAddress\",\"streetAddress\":\"san antonio 4, san antonio 4\",\"postalCode\":\"33430\",\"addressLocality\":\"Cand\\u00e1s\",\"addressRegion\":\"Asturias\",\"addressCountry\":\"ES\"}},{\"@type\":\"Person\",\"@id\":\"https:\\\/\\\/candas365.es\\\/noticias\\\/author\\\/admin\\\/#author\",\"url\":\"https:\\\/\\\/candas365.es\\\/noticias\\\/author\\\/admin\\\/\",\"name\":\"Cand\\u00e1s 365\",\"image\":{\"@type\":\"ImageObject\",\"@id\":\"https:\\\/\\\/candas365.es\\\/noticias\\\/exposicion-estructuras-de-rafael-navarro\\\/#authorImage\",\"url\":\"https:\\\/\\\/secure.gravatar.com\\\/avatar\\\/496a8e03d0c493ede1718b7934145dbdf8d89be1036b0eec9544e1094c9de390?s=96&d=mm&r=g\",\"width\":96,\"height\":96,\"caption\":\"Cand\\u00e1s 365\"},\"sameAs\":[\"https:\\\/\\\/www.facebook.com\\\/carrenoactualidad\",\"https:\\\/\\\/twitter.com\\\/nbasturias\",\"https:\\\/\\\/www.instagram.com\\\/nachofdezber\\\/\",\"https:\\\/\\\/www.youtube.com\\\/channel\\\/UCZP-2wLEB9Rv6erhFmqVnvg\"]},{\"@type\":\"WebPage\",\"@id\":\"https:\\\/\\\/candas365.es\\\/noticias\\\/exposicion-estructuras-de-rafael-navarro\\\/#webpage\",\"url\":\"https:\\\/\\\/candas365.es\\\/noticias\\\/exposicion-estructuras-de-rafael-navarro\\\/\",\"name\":\"Exposici\\u00f3n \\u00abEstructuras\\u00bb de Rafael Navarro | Cand\\u00e1s 365\",\"description\":\"En la historia de la fotograf\\u00eda espa\\u00f1ola el nombre y el trabajo de Rafael Navarro representa uno de los pilares indiscutibles, un camino que nos lleva desde el clasicismo hasta lo contempor\\u00e1neo. Por su obra y por su mirada, por su mismo tiempo, caminan los nombres m\\u00e1s grandes de la fotograf\\u00eda universal, desde Eikoe Hosoe\",\"inLanguage\":\"es-ES\",\"isPartOf\":{\"@id\":\"https:\\\/\\\/candas365.es\\\/noticias\\\/#website\"},\"breadcrumb\":{\"@id\":\"https:\\\/\\\/candas365.es\\\/noticias\\\/exposicion-estructuras-de-rafael-navarro\\\/#breadcrumblist\"},\"author\":{\"@id\":\"https:\\\/\\\/candas365.es\\\/noticias\\\/author\\\/admin\\\/#author\"},\"creator\":{\"@id\":\"https:\\\/\\\/candas365.es\\\/noticias\\\/author\\\/admin\\\/#author\"},\"image\":{\"@type\":\"ImageObject\",\"url\":\"https:\\\/\\\/candas365.es\\\/noticias\\\/wp-content\\\/uploads\\\/2019\\\/10\\\/Estructuras-de-Rafael-Navarro.jpg\",\"@id\":\"https:\\\/\\\/candas365.es\\\/noticias\\\/exposicion-estructuras-de-rafael-navarro\\\/#mainImage\",\"width\":420,\"height\":413},\"primaryImageOfPage\":{\"@id\":\"https:\\\/\\\/candas365.es\\\/noticias\\\/exposicion-estructuras-de-rafael-navarro\\\/#mainImage\"},\"datePublished\":\"2019-10-25T19:13:27+02:00\",\"dateModified\":\"2019-10-25T19:18:05+02:00\"},{\"@type\":\"WebSite\",\"@id\":\"https:\\\/\\\/candas365.es\\\/noticias\\\/#website\",\"url\":\"https:\\\/\\\/candas365.es\\\/noticias\\\/\",\"name\":\"Cand\\u00e1s 365\",\"alternateName\":\"Cand\\u00e1s 365 Noticias\",\"description\":\"Actualidad desde Carre\\u00f1o para el mundo\",\"inLanguage\":\"es-ES\",\"publisher\":{\"@id\":\"https:\\\/\\\/candas365.es\\\/noticias\\\/#organization\"}}]}\n\t\t<\/script>\n\t\t<!-- All in One SEO Pro -->\r\n\t\t<title>Exposici\u00f3n \u00abEstructuras\u00bb de Rafael Navarro | Cand\u00e1s 365<\/title>\n\n","aioseo_head_json":{"title":"Exposici\u00f3n \u00abEstructuras\u00bb de Rafael Navarro | Cand\u00e1s 365","description":"En la historia de la fotograf\u00eda espa\u00f1ola el nombre y el trabajo de Rafael Navarro representa uno de los pilares indiscutibles, un camino que nos lleva desde el clasicismo hasta lo contempor\u00e1neo. Por su obra y por su mirada, por su mismo tiempo, caminan los nombres m\u00e1s grandes de la fotograf\u00eda universal, desde Eikoe Hosoe","canonical_url":"https:\/\/candas365.es\/noticias\/exposicion-estructuras-de-rafael-navarro\/","robots":"max-image-preview:large","keywords":"agenda","webmasterTools":{"google-site-verification":"UA-32230408-1","msvalidate.01":"354F3CDFB2DA171B47FBE9ABF1F88D5","miscellaneous":""},"schema":{"@context":"https:\/\/schema.org","@graph":[{"@type":"BreadcrumbList","@id":"https:\/\/candas365.es\/noticias\/exposicion-estructuras-de-rafael-navarro\/#breadcrumblist","itemListElement":[{"@type":"ListItem","@id":"https:\/\/candas365.es\/noticias#listItem","position":1,"name":"Home","item":"https:\/\/candas365.es\/noticias","nextItem":{"@type":"ListItem","@id":"https:\/\/candas365.es\/noticias\/category\/agenda\/#listItem","name":"Agenda"}},{"@type":"ListItem","@id":"https:\/\/candas365.es\/noticias\/category\/agenda\/#listItem","position":2,"name":"Agenda","item":"https:\/\/candas365.es\/noticias\/category\/agenda\/","nextItem":{"@type":"ListItem","@id":"https:\/\/candas365.es\/noticias\/exposicion-estructuras-de-rafael-navarro\/#listItem","name":"Exposici\u00f3n \u00abEstructuras\u00bb de Rafael Navarro"},"previousItem":{"@type":"ListItem","@id":"https:\/\/candas365.es\/noticias#listItem","name":"Home"}},{"@type":"ListItem","@id":"https:\/\/candas365.es\/noticias\/exposicion-estructuras-de-rafael-navarro\/#listItem","position":3,"name":"Exposici\u00f3n \u00abEstructuras\u00bb de Rafael Navarro","previousItem":{"@type":"ListItem","@id":"https:\/\/candas365.es\/noticias\/category\/agenda\/#listItem","name":"Agenda"}}]},{"@type":"NewsArticle","@id":"https:\/\/candas365.es\/noticias\/exposicion-estructuras-de-rafael-navarro\/#newsarticle","name":"Exposici\u00f3n \u00abEstructuras\u00bb de Rafael Navarro | Cand\u00e1s 365","headline":"Exposici\u00f3n \u00abEstructuras\u00bb de Rafael Navarro","author":{"@id":"https:\/\/candas365.es\/noticias\/author\/admin\/#author"},"publisher":{"@id":"https:\/\/candas365.es\/noticias\/#organization"},"image":{"@type":"ImageObject","url":"https:\/\/candas365.es\/noticias\/wp-content\/uploads\/2019\/10\/Estructuras-de-Rafael-Navarro.jpg","width":420,"height":413},"datePublished":"2019-10-25T19:13:27+02:00","dateModified":"2019-10-25T19:18:05+02:00","inLanguage":"es-ES","mainEntityOfPage":{"@id":"https:\/\/candas365.es\/noticias\/exposicion-estructuras-de-rafael-navarro\/#webpage"},"isPartOf":{"@id":"https:\/\/candas365.es\/noticias\/exposicion-estructuras-de-rafael-navarro\/#webpage"},"articleSection":"Agenda","dateline":"Publicado el octubre 25, 2019."},{"@type":"Organization","@id":"https:\/\/candas365.es\/noticias\/#organization","name":"Cand\u00e1s 365","description":"Cand\u00e1s 365 es un diario digital independiente, fundado en 2012, con base en Asturias. Informamos con rigor sobre actualidad, sociedad, cultura y ocio, con una mirada local y global.","url":"https:\/\/candas365.es\/noticias\/","email":"info@candas365.es","telephone":"+34652131393","foundingDate":"2012-06-10","logo":{"@type":"ImageObject","url":"https:\/\/candas365.es\/noticias\/wp-content\/uploads\/2024\/09\/Candas-365-Redes.jpg","@id":"https:\/\/candas365.es\/noticias\/exposicion-estructuras-de-rafael-navarro\/#organizationLogo","width":1152,"height":864,"caption":"Cand\u00e1s 365 Redes"},"image":{"@id":"https:\/\/candas365.es\/noticias\/exposicion-estructuras-de-rafael-navarro\/#organizationLogo"},"sameAs":["https:\/\/www.facebook.com\/Nachofdezber","https:\/\/x.com\/NabercoDigital","https:\/\/www.instagram.com\/nachofdezber\/","https:\/\/www.youtube.com\/channel\/UCZP-2wLEB9Rv6erhFmqVnvg"],"address":{"@id":"https:\/\/candas365.es\/noticias\/#postaladdress","@type":"PostalAddress","streetAddress":"san antonio 4, san antonio 4","postalCode":"33430","addressLocality":"Cand\u00e1s","addressRegion":"Asturias","addressCountry":"ES"}},{"@type":"Person","@id":"https:\/\/candas365.es\/noticias\/author\/admin\/#author","url":"https:\/\/candas365.es\/noticias\/author\/admin\/","name":"Cand\u00e1s 365","image":{"@type":"ImageObject","@id":"https:\/\/candas365.es\/noticias\/exposicion-estructuras-de-rafael-navarro\/#authorImage","url":"https:\/\/secure.gravatar.com\/avatar\/496a8e03d0c493ede1718b7934145dbdf8d89be1036b0eec9544e1094c9de390?s=96&d=mm&r=g","width":96,"height":96,"caption":"Cand\u00e1s 365"},"sameAs":["https:\/\/www.facebook.com\/carrenoactualidad","https:\/\/twitter.com\/nbasturias","https:\/\/www.instagram.com\/nachofdezber\/","https:\/\/www.youtube.com\/channel\/UCZP-2wLEB9Rv6erhFmqVnvg"]},{"@type":"WebPage","@id":"https:\/\/candas365.es\/noticias\/exposicion-estructuras-de-rafael-navarro\/#webpage","url":"https:\/\/candas365.es\/noticias\/exposicion-estructuras-de-rafael-navarro\/","name":"Exposici\u00f3n \u00abEstructuras\u00bb de Rafael Navarro | Cand\u00e1s 365","description":"En la historia de la fotograf\u00eda espa\u00f1ola el nombre y el trabajo de Rafael Navarro representa uno de los pilares indiscutibles, un camino que nos lleva desde el clasicismo hasta lo contempor\u00e1neo. Por su obra y por su mirada, por su mismo tiempo, caminan los nombres m\u00e1s grandes de la fotograf\u00eda universal, desde Eikoe Hosoe","inLanguage":"es-ES","isPartOf":{"@id":"https:\/\/candas365.es\/noticias\/#website"},"breadcrumb":{"@id":"https:\/\/candas365.es\/noticias\/exposicion-estructuras-de-rafael-navarro\/#breadcrumblist"},"author":{"@id":"https:\/\/candas365.es\/noticias\/author\/admin\/#author"},"creator":{"@id":"https:\/\/candas365.es\/noticias\/author\/admin\/#author"},"image":{"@type":"ImageObject","url":"https:\/\/candas365.es\/noticias\/wp-content\/uploads\/2019\/10\/Estructuras-de-Rafael-Navarro.jpg","@id":"https:\/\/candas365.es\/noticias\/exposicion-estructuras-de-rafael-navarro\/#mainImage","width":420,"height":413},"primaryImageOfPage":{"@id":"https:\/\/candas365.es\/noticias\/exposicion-estructuras-de-rafael-navarro\/#mainImage"},"datePublished":"2019-10-25T19:13:27+02:00","dateModified":"2019-10-25T19:18:05+02:00"},{"@type":"WebSite","@id":"https:\/\/candas365.es\/noticias\/#website","url":"https:\/\/candas365.es\/noticias\/","name":"Cand\u00e1s 365","alternateName":"Cand\u00e1s 365 Noticias","description":"Actualidad desde Carre\u00f1o para el mundo","inLanguage":"es-ES","publisher":{"@id":"https:\/\/candas365.es\/noticias\/#organization"}}]},"og:locale":"es_ES","og:site_name":"Cand\u00e1s 365","og:type":"article","og:title":"Exposici\u00f3n \u00abEstructuras\u00bb de Rafael Navarro | Cand\u00e1s 365","og:description":"En la historia de la fotograf\u00eda espa\u00f1ola el nombre y el trabajo de Rafael Navarro representa uno de los pilares indiscutibles, un camino que nos lleva desde el clasicismo hasta lo contempor\u00e1neo. Por su obra y por su mirada, por su mismo tiempo, caminan los nombres m\u00e1s grandes de la fotograf\u00eda universal, desde Eikoe Hosoe","og:url":"https:\/\/candas365.es\/noticias\/exposicion-estructuras-de-rafael-navarro\/","og:image":"https:\/\/candas365.es\/noticias\/wp-content\/uploads\/2019\/10\/Estructuras-de-Rafael-Navarro.jpg","og:image:secure_url":"https:\/\/candas365.es\/noticias\/wp-content\/uploads\/2019\/10\/Estructuras-de-Rafael-Navarro.jpg","og:image:width":420,"og:image:height":413,"article:published_time":"2019-10-25T19:13:27+00:00","article:modified_time":"2019-10-25T19:18:05+00:00","article:publisher":"https:\/\/www.facebook.com\/Nachofdezber","article:author":"https:\/\/www.facebook.com\/carrenoactualidad","twitter:card":"summary_large_image","twitter:site":"@NabercoDigital","twitter:title":"Exposici\u00f3n \u00abEstructuras\u00bb de Rafael Navarro | Cand\u00e1s 365","twitter:description":"En la historia de la fotograf\u00eda espa\u00f1ola el nombre y el trabajo de Rafael Navarro representa uno de los pilares indiscutibles, un camino que nos lleva desde el clasicismo hasta lo contempor\u00e1neo. Por su obra y por su mirada, por su mismo tiempo, caminan los nombres m\u00e1s grandes de la fotograf\u00eda universal, desde Eikoe Hosoe","twitter:creator":"@nbasturias","twitter:image":"https:\/\/candas365.es\/noticias\/wp-content\/uploads\/2019\/10\/Estructuras-de-Rafael-Navarro.jpg","twitter:label1":"Escrito por","twitter:data1":"Cand\u00e1s 365","twitter:label2":"Tiempo de lectura estimado","twitter:data2":"1 minuto"},"aioseo_meta_data":{"post_id":"131911","title":null,"description":null,"keywords":null,"keyphrases":null,"primary_term":null,"canonical_url":null,"og_title":null,"og_description":null,"og_object_type":"default","og_image_type":"default","og_image_url":null,"og_image_width":null,"og_image_height":null,"og_image_custom_url":null,"og_image_custom_fields":null,"og_video":null,"og_custom_url":null,"og_article_section":null,"og_article_tags":null,"twitter_use_og":false,"twitter_card":"default","twitter_image_type":"default","twitter_image_url":null,"twitter_image_custom_url":null,"twitter_image_custom_fields":null,"twitter_title":null,"twitter_description":null,"schema":{"blockGraphs":[],"customGraphs":[],"default":{"data":{"Article":[],"Course":[],"Dataset":[],"FAQPage":[],"Movie":[],"Person":[],"Product":[],"ProductReview":[],"Car":[],"Recipe":[],"Service":[],"SoftwareApplication":[],"WebPage":[]},"graphName":"","isEnabled":true},"graphs":[],"defaultGraph":"","defaultPostTypeGraph":""},"schema_type":null,"schema_type_options":null,"pillar_content":false,"robots_default":true,"robots_noindex":false,"robots_noarchive":false,"robots_nosnippet":false,"robots_nofollow":false,"robots_noimageindex":false,"robots_noodp":false,"robots_notranslate":false,"robots_max_snippet":null,"robots_max_videopreview":null,"robots_max_imagepreview":"large","priority":null,"frequency":null,"location":null,"local_seo":null,"seo_analyzer_scan_date":"2025-08-30 16:13:16","breadcrumb_settings":null,"limit_modified_date":false,"reviewed_by":null,"open_ai":null,"ai":null,"created":"2020-12-21 10:51:17","updated":"2025-08-30 16:13:16"},"aioseo_breadcrumb":"<div class=\"aioseo-breadcrumbs\"><span class=\"aioseo-breadcrumb\">\n\t<a href=\"https:\/\/candas365.es\/noticias\" title=\"Home\">Home<\/a>\n<\/span><span class=\"aioseo-breadcrumb-separator\">&ndash;<\/span><span class=\"aioseo-breadcrumb\">\n\t<a href=\"https:\/\/candas365.es\/noticias\/category\/agenda\/\" title=\"Agenda\">Agenda<\/a>\n<\/span><span class=\"aioseo-breadcrumb-separator\">&ndash;<\/span><span class=\"aioseo-breadcrumb\">\n\tExposici\u00f3n \u00abEstructuras\u00bb de Rafael Navarro\n<\/span><\/div>","aioseo_breadcrumb_json":[{"label":"Home","link":"https:\/\/candas365.es\/noticias"},{"label":"Agenda","link":"https:\/\/candas365.es\/noticias\/category\/agenda\/"},{"label":"Exposici\u00f3n \u00abEstructuras\u00bb de Rafael Navarro","link":"https:\/\/candas365.es\/noticias\/exposicion-estructuras-de-rafael-navarro\/"}],"_links":{"self":[{"href":"https:\/\/candas365.es\/noticias\/wp-json\/wp\/v2\/posts\/131911","targetHints":{"allow":["GET"]}}],"collection":[{"href":"https:\/\/candas365.es\/noticias\/wp-json\/wp\/v2\/posts"}],"about":[{"href":"https:\/\/candas365.es\/noticias\/wp-json\/wp\/v2\/types\/post"}],"author":[{"embeddable":true,"href":"https:\/\/candas365.es\/noticias\/wp-json\/wp\/v2\/users\/1"}],"replies":[{"embeddable":true,"href":"https:\/\/candas365.es\/noticias\/wp-json\/wp\/v2\/comments?post=131911"}],"version-history":[{"count":0,"href":"https:\/\/candas365.es\/noticias\/wp-json\/wp\/v2\/posts\/131911\/revisions"}],"wp:featuredmedia":[{"embeddable":true,"href":"https:\/\/candas365.es\/noticias\/wp-json\/wp\/v2\/media\/131912"}],"wp:attachment":[{"href":"https:\/\/candas365.es\/noticias\/wp-json\/wp\/v2\/media?parent=131911"}],"wp:term":[{"taxonomy":"category","embeddable":true,"href":"https:\/\/candas365.es\/noticias\/wp-json\/wp\/v2\/categories?post=131911"},{"taxonomy":"post_tag","embeddable":true,"href":"https:\/\/candas365.es\/noticias\/wp-json\/wp\/v2\/tags?post=131911"}],"curies":[{"name":"wp","href":"https:\/\/api.w.org\/{rel}","templated":true}]}}