{"id":131741,"date":"2019-10-23T12:05:54","date_gmt":"2019-10-23T12:05:54","guid":{"rendered":"http:\/\/candas365.es\/noticias\/?p=131741"},"modified":"2019-10-23T12:05:54","modified_gmt":"2019-10-23T12:05:54","slug":"laboral-cinemateca-reune-a-tres-de-los-realizadores-mas-representativos-del-cine-espanol","status":"publish","type":"post","link":"https:\/\/candas365.es\/noticias\/laboral-cinemateca-reune-a-tres-de-los-realizadores-mas-representativos-del-cine-espanol\/","title":{"rendered":"Laboral Cinemateca re\u00fane a tres de los realizadores m\u00e1s representativos del cine espa\u00f1ol"},"content":{"rendered":"<p><img fetchpriority=\"high\" decoding=\"async\" class=\"alignleft size-medium wp-image-99225\" src=\"https:\/\/candas365.es\/noticias\/wp-content\/uploads\/2018\/06\/cine-767864_960_720-360x254.jpg\" alt=\"\" width=\"360\" height=\"254\" srcset=\"https:\/\/candas365.es\/noticias\/wp-content\/uploads\/2018\/06\/cine-767864_960_720-360x254.jpg 360w, https:\/\/candas365.es\/noticias\/wp-content\/uploads\/2018\/06\/cine-767864_960_720-768x542.jpg 768w, https:\/\/candas365.es\/noticias\/wp-content\/uploads\/2018\/06\/cine-767864_960_720-655x463.jpg 655w, https:\/\/candas365.es\/noticias\/wp-content\/uploads\/2018\/06\/cine-767864_960_720-100x70.jpg 100w, https:\/\/candas365.es\/noticias\/wp-content\/uploads\/2018\/06\/cine-767864_960_720-696x492.jpg 696w, https:\/\/candas365.es\/noticias\/wp-content\/uploads\/2018\/06\/cine-767864_960_720-595x420.jpg 595w, https:\/\/candas365.es\/noticias\/wp-content\/uploads\/2018\/06\/cine-767864_960_720.jpg 960w\" sizes=\"(max-width: 360px) 100vw, 360px\" \/>Laboral Cinemateca re\u00fane este trimestre a tres de los realizadores m\u00e1s representativos del cine de autor espa\u00f1ol que han sido premiados en destacados festivales internacionales y que han recibido el aplauso un\u00e1nime de cr\u00edtica y p\u00fablico con sus \u00faltimos proyectos. Es el caso del gallego Oliver Laxe que recibi\u00f3 el premio Un Certain Regard en el Festival de Cannes por su trabajo en Lo que arde, una pel\u00edcula rodada en gallego, entre Galicia y Asturias, con la que Laxe vuelve a sus or\u00edgenes para reivindicar la supervivencia de lo rural.<\/p>\n<p>La virgen de agosto es el quinto largometraje de Jon\u00e1s Trueba, que coescribe junto a su protagonista Itsaso Arana. En el film, Arana da vida a Eva, una treinta\u00f1era que busca su camino mientras deambula por un Madrid estival lleno de encuentros fortuitos, oportunidades y, sobre todo, verbenas. La pel\u00edcula obtuvo el premio FIPRESCI y Menci\u00f3n Especial del Jurado en Karlovy Vary y acaba de alzarse con los premios a mejor guion y mejor actriz en el Festival Cinespa\u00f1a de Toulouse.<\/p>\n<p>La barcelonesa Neus Ball\u00fas se confirma como una de las directoras espa\u00f1olas de referencia con su segundo largometraje, El viaje de Marta, una historia de maduraci\u00f3n personal y una reflexi\u00f3n sobre el turismo y la mirada occidental sobre \u00c1frica que llega a Laboral Cinemateca tras pasar por la Berlinale, M\u00e1laga o Londres. Neus Ball\u00fas mantendr\u00e1 un encuentro con el p\u00fablico el d\u00eda 8 de noviembre en el que hablar\u00e1 sobre su particular m\u00e9todo de trabajo, donde ficci\u00f3n y realidad se confunden. Su anterior pel\u00edcula, La plaga, obtuvo numerosos reconocimientos internacionales, siendo finalista a los premios Lux del Parlamento Europeo, nominada a los Premios del Cine Europeo y a cuatro Premios Gaud\u00ed.<\/p>\n<p>La nueva programaci\u00f3n para los pr\u00f3ximos meses incluye tambi\u00e9n t\u00edtulos que han cosechado grandes \u00e9xitos en los circuitos de festivales de todo el mundo como el thriller on\u00edrico Una tierra imaginada (A land imagined) de Yeo Siew Hua, un thriller que se sumerge en el submundo de los trabajadores ilegales de Singapur y que ha sido galardonado con el Leopardo de Oro en el Festival de Locarno, o Par\u00e1sitos (Parasite) de Bong Jonn-Ho, Palma de Oro en Cannes y una de las pel\u00edculas m\u00e1s esperadas del a\u00f1o, fascinante alegor\u00eda sobre las relaciones humanas y la lucha de clases.<\/p>\n<p>El Paraninfo de la Laboral acoger\u00e1 la proyecci\u00f3n de filmes recientemente estrenados en salas como la explosiva e ir\u00f3nica Comportarse como adultos, del Premio Donosti Costa-Gavras, sobre la crisis de la deuda griega de 2015 y las tormentosas negociaciones del gobierno heleno y la Troika; Sauvage, \u00f3pera prima de Camille Vidal-Naquet que aborda sin medias tintas el mundo de la prostituci\u00f3n masculina en Francia, o Buscando la perfecci\u00f3n, un sorprendente ensayo cinematogr\u00e1fico en el que Julien Faraut se sirve de las im\u00e1genes en 16 mm del tenista John McEnroe filmadas por Gil de Kermadec en los a\u00f1os 70 para realizar un estudio del cuerpo, el movimiento y el tiempo en el cine.<\/p>\n<p>Abre la programaci\u00f3n este viernes G\u00e9nesis, una aproximaci\u00f3n al amor adolescente con toques autobiogr\u00e1ficos del realizador canadiense Philippe Lesage, gran triunfador en la pasada Seminci de Valladolid donde se alz\u00f3 con la Espiga de Oro a mejor pel\u00edcula y los premios a mejor director y mejor actor. Tras su presentaci\u00f3n en la Semana de la Cr\u00edtica de Venecia, se estrena en Asturias M, de Yolande Zaubermman, donde la directora se sumerge en un mundo opaco y completamente masculino, el de las comunidades jud\u00edas ortodoxas, para perseguir un delito de abuso de menores. Se estrena, adem\u00e1s, la \u00f3pera prima del disc\u00edpulo del cineasta ruso Alexander Sokurov, Alexander Zolotukhin, que presenta A russian youth, la historia de un soldado ruso en la I Guerra Mundial que se queda ciego en la primera batalla y debe asumir un nuevo trabajo: interceptar aviones enemigos utilizando su sentido auditivo. A russian youth tuvo su estreno mundial en el F\u00f3rum de Berl\u00edn el pasado febrero y es una de las pel\u00edculas m\u00e1s aclamadas por la cr\u00edtica internacional.<\/p>\n<p>El programa incluye, adem\u00e1s, la proyecci\u00f3n del segundo largometraje del chino Bi Gan tras la brillante Kaili Blues, Largo viaje hacia la noche, una experiencia cinematogr\u00e1fica \u00fanica que coloca al espectador en una dimensi\u00f3n entre lo on\u00edrico y lo recordado llev\u00e1ndolo incluso a experimentar la tridimensionalidad que vive el protagonista. Competan la programaci\u00f3n el cine dirigido especialmente para el p\u00fablico infantil y juvenil con la pel\u00edcula Elcano y Magallanes, la primera vuelta al mundo y la selecci\u00f3n de cortos de animaci\u00f3n Peque\u00f1os de cine, la proyecci\u00f3n de cuatro cortometrajes que forman parte del cat\u00e1logo de distribuci\u00f3n de Laboral Cinemateca y dos sesiones del programa BAFTA Shorts 2019, en las que podr\u00e1n verse los mejores cortos brit\u00e1nicos del a\u00f1o.<\/p>\n<p>Todas las proyecciones tienen un precio general de 4\u20ac y reducido de 3\u20ac para los socios del Club Cultura Asturias y Carn\u00e9 Joven y para los usuarios del Pasaporte Cultural, miembros de la comunidad de la Universidad de Oviedo y convenio CAPSA. Las entradas pueden adquirirse en la Recepci\u00f3n de Laboral Ciudad de la Cultura en Gij\u00f3n, en el Centro de Informaci\u00f3n Tur\u00edstica del Principado de Oviedo, en el Centro Niemeyer en Avil\u00e9s, en entradas.liberbank.es, en el tel\u00e9fono 902 106 601, en la red de cajeros Liberbank y en la propia web de Laboral Cinemateca.<\/p>\n","protected":false},"excerpt":{"rendered":"<p>Laboral Cinemateca re\u00fane este trimestre a tres de los realizadores m\u00e1s representativos del cine de autor espa\u00f1ol que han sido premiados en destacados festivales internacionales y que han recibido el aplauso un\u00e1nime de cr\u00edtica y p\u00fablico con sus \u00faltimos proyectos. Es el caso del gallego Oliver Laxe que recibi\u00f3 el premio Un Certain Regard en<\/p>\n","protected":false},"author":1,"featured_media":99225,"comment_status":"closed","ping_status":"closed","sticky":false,"template":"","format":"standard","meta":{"footnotes":""},"categories":[1],"tags":[],"class_list":{"0":"post-131741","1":"post","2":"type-post","3":"status-publish","4":"format-standard","5":"has-post-thumbnail","7":"category-agenda"},"aioseo_notices":[],"aioseo_head":"\n\t\t<!-- All in One SEO Pro 4.9.6.2 - aioseo.com -->\n\t<meta name=\"description\" content=\"Laboral Cinemateca re\u00fane este trimestre a tres de los realizadores m\u00e1s representativos del cine de autor espa\u00f1ol que han sido premiados en destacados festivales internacionales y que han recibido el aplauso un\u00e1nime de cr\u00edtica y p\u00fablico con sus \u00faltimos proyectos. Es el caso del gallego Oliver Laxe que recibi\u00f3 el premio Un Certain Regard en\" \/>\n\t<meta name=\"robots\" content=\"max-image-preview:large\" \/>\n\t<meta name=\"author\" content=\"Cand\u00e1s 365\"\/>\n\t<meta name=\"google-site-verification\" content=\"UA-32230408-1\" \/>\n\t<meta name=\"msvalidate.01\" content=\"354F3CDFB2DA171B47FBE9ABF1F88D5\" \/>\n\t<meta name=\"keywords\" content=\"agenda\" \/>\n\t<link rel=\"canonical\" href=\"https:\/\/candas365.es\/noticias\/laboral-cinemateca-reune-a-tres-de-los-realizadores-mas-representativos-del-cine-espanol\/\" \/>\n\t<meta name=\"generator\" content=\"All in One SEO Pro (AIOSEO) 4.9.6.2\" \/>\n\t\t<meta property=\"og:locale\" content=\"es_ES\" \/>\n\t\t<meta property=\"og:site_name\" content=\"Cand\u00e1s 365\" \/>\n\t\t<meta property=\"og:type\" content=\"article\" \/>\n\t\t<meta property=\"og:title\" content=\"Laboral Cinemateca re\u00fane a tres de los realizadores m\u00e1s representativos del cine espa\u00f1ol | Cand\u00e1s 365\" \/>\n\t\t<meta property=\"og:description\" content=\"Laboral Cinemateca re\u00fane este trimestre a tres de los realizadores m\u00e1s representativos del cine de autor espa\u00f1ol que han sido premiados en destacados festivales internacionales y que han recibido el aplauso un\u00e1nime de cr\u00edtica y p\u00fablico con sus \u00faltimos proyectos. Es el caso del gallego Oliver Laxe que recibi\u00f3 el premio Un Certain Regard en\" \/>\n\t\t<meta property=\"og:url\" content=\"https:\/\/candas365.es\/noticias\/laboral-cinemateca-reune-a-tres-de-los-realizadores-mas-representativos-del-cine-espanol\/\" \/>\n\t\t<meta property=\"og:image\" content=\"https:\/\/candas365.es\/noticias\/wp-content\/uploads\/2018\/06\/cine-767864_960_720.jpg\" \/>\n\t\t<meta property=\"og:image:secure_url\" content=\"https:\/\/candas365.es\/noticias\/wp-content\/uploads\/2018\/06\/cine-767864_960_720.jpg\" \/>\n\t\t<meta property=\"og:image:width\" content=\"960\" \/>\n\t\t<meta property=\"og:image:height\" content=\"678\" \/>\n\t\t<meta property=\"article:published_time\" content=\"2019-10-23T12:05:54+00:00\" \/>\n\t\t<meta property=\"article:modified_time\" content=\"2019-10-23T12:05:54+00:00\" \/>\n\t\t<meta property=\"article:publisher\" content=\"https:\/\/www.facebook.com\/Nachofdezber\" \/>\n\t\t<meta property=\"article:author\" content=\"https:\/\/www.facebook.com\/carrenoactualidad\" \/>\n\t\t<meta name=\"twitter:card\" content=\"summary_large_image\" \/>\n\t\t<meta name=\"twitter:site\" content=\"@NabercoDigital\" \/>\n\t\t<meta name=\"twitter:title\" content=\"Laboral Cinemateca re\u00fane a tres de los realizadores m\u00e1s representativos del cine espa\u00f1ol | Cand\u00e1s 365\" \/>\n\t\t<meta name=\"twitter:description\" content=\"Laboral Cinemateca re\u00fane este trimestre a tres de los realizadores m\u00e1s representativos del cine de autor espa\u00f1ol que han sido premiados en destacados festivales internacionales y que han recibido el aplauso un\u00e1nime de cr\u00edtica y p\u00fablico con sus \u00faltimos proyectos. Es el caso del gallego Oliver Laxe que recibi\u00f3 el premio Un Certain Regard en\" \/>\n\t\t<meta name=\"twitter:creator\" content=\"@nbasturias\" \/>\n\t\t<meta name=\"twitter:image\" content=\"https:\/\/candas365.es\/noticias\/wp-content\/uploads\/2018\/06\/cine-767864_960_720.jpg\" \/>\n\t\t<meta name=\"twitter:label1\" content=\"Escrito por\" \/>\n\t\t<meta name=\"twitter:data1\" content=\"Cand\u00e1s 365\" \/>\n\t\t<meta name=\"twitter:label2\" content=\"Tiempo de lectura estimado\" \/>\n\t\t<meta name=\"twitter:data2\" content=\"5 minutos\" \/>\n\t\t<script type=\"application\/ld+json\" class=\"aioseo-schema\">\n\t\t\t{\"@context\":\"https:\\\/\\\/schema.org\",\"@graph\":[{\"@type\":\"BreadcrumbList\",\"@id\":\"https:\\\/\\\/candas365.es\\\/noticias\\\/laboral-cinemateca-reune-a-tres-de-los-realizadores-mas-representativos-del-cine-espanol\\\/#breadcrumblist\",\"itemListElement\":[{\"@type\":\"ListItem\",\"@id\":\"https:\\\/\\\/candas365.es\\\/noticias#listItem\",\"position\":1,\"name\":\"Home\",\"item\":\"https:\\\/\\\/candas365.es\\\/noticias\",\"nextItem\":{\"@type\":\"ListItem\",\"@id\":\"https:\\\/\\\/candas365.es\\\/noticias\\\/category\\\/agenda\\\/#listItem\",\"name\":\"Agenda\"}},{\"@type\":\"ListItem\",\"@id\":\"https:\\\/\\\/candas365.es\\\/noticias\\\/category\\\/agenda\\\/#listItem\",\"position\":2,\"name\":\"Agenda\",\"item\":\"https:\\\/\\\/candas365.es\\\/noticias\\\/category\\\/agenda\\\/\",\"nextItem\":{\"@type\":\"ListItem\",\"@id\":\"https:\\\/\\\/candas365.es\\\/noticias\\\/laboral-cinemateca-reune-a-tres-de-los-realizadores-mas-representativos-del-cine-espanol\\\/#listItem\",\"name\":\"Laboral Cinemateca re\\u00fane a tres de los realizadores m\\u00e1s representativos del cine espa\\u00f1ol\"},\"previousItem\":{\"@type\":\"ListItem\",\"@id\":\"https:\\\/\\\/candas365.es\\\/noticias#listItem\",\"name\":\"Home\"}},{\"@type\":\"ListItem\",\"@id\":\"https:\\\/\\\/candas365.es\\\/noticias\\\/laboral-cinemateca-reune-a-tres-de-los-realizadores-mas-representativos-del-cine-espanol\\\/#listItem\",\"position\":3,\"name\":\"Laboral Cinemateca re\\u00fane a tres de los realizadores m\\u00e1s representativos del cine espa\\u00f1ol\",\"previousItem\":{\"@type\":\"ListItem\",\"@id\":\"https:\\\/\\\/candas365.es\\\/noticias\\\/category\\\/agenda\\\/#listItem\",\"name\":\"Agenda\"}}]},{\"@type\":\"NewsArticle\",\"@id\":\"https:\\\/\\\/candas365.es\\\/noticias\\\/laboral-cinemateca-reune-a-tres-de-los-realizadores-mas-representativos-del-cine-espanol\\\/#newsarticle\",\"name\":\"Laboral Cinemateca re\\u00fane a tres de los realizadores m\\u00e1s representativos del cine espa\\u00f1ol | Cand\\u00e1s 365\",\"headline\":\"Laboral Cinemateca re\\u00fane a tres de los realizadores m\\u00e1s representativos del cine espa\\u00f1ol\",\"author\":{\"@id\":\"https:\\\/\\\/candas365.es\\\/noticias\\\/author\\\/admin\\\/#author\"},\"publisher\":{\"@id\":\"https:\\\/\\\/candas365.es\\\/noticias\\\/#organization\"},\"image\":{\"@type\":\"ImageObject\",\"url\":\"https:\\\/\\\/candas365.es\\\/noticias\\\/wp-content\\\/uploads\\\/2018\\\/06\\\/cine-767864_960_720.jpg\",\"width\":960,\"height\":678},\"datePublished\":\"2019-10-23T12:05:54+02:00\",\"dateModified\":\"2019-10-23T12:05:54+02:00\",\"inLanguage\":\"es-ES\",\"mainEntityOfPage\":{\"@id\":\"https:\\\/\\\/candas365.es\\\/noticias\\\/laboral-cinemateca-reune-a-tres-de-los-realizadores-mas-representativos-del-cine-espanol\\\/#webpage\"},\"isPartOf\":{\"@id\":\"https:\\\/\\\/candas365.es\\\/noticias\\\/laboral-cinemateca-reune-a-tres-de-los-realizadores-mas-representativos-del-cine-espanol\\\/#webpage\"},\"articleSection\":\"Agenda\",\"dateline\":\"Publicado el octubre 23, 2019.\"},{\"@type\":\"Organization\",\"@id\":\"https:\\\/\\\/candas365.es\\\/noticias\\\/#organization\",\"name\":\"Cand\\u00e1s 365\",\"description\":\"Cand\\u00e1s 365 es un diario digital independiente, fundado en 2012, con base en Asturias. Informamos con rigor sobre actualidad, sociedad, cultura y ocio, con una mirada local y global.\",\"url\":\"https:\\\/\\\/candas365.es\\\/noticias\\\/\",\"email\":\"info@candas365.es\",\"telephone\":\"+34652131393\",\"foundingDate\":\"2012-06-10\",\"logo\":{\"@type\":\"ImageObject\",\"url\":\"https:\\\/\\\/candas365.es\\\/noticias\\\/wp-content\\\/uploads\\\/2024\\\/09\\\/Candas-365-Redes.jpg\",\"@id\":\"https:\\\/\\\/candas365.es\\\/noticias\\\/laboral-cinemateca-reune-a-tres-de-los-realizadores-mas-representativos-del-cine-espanol\\\/#organizationLogo\",\"width\":1152,\"height\":864,\"caption\":\"Cand\\u00e1s 365 Redes\"},\"image\":{\"@id\":\"https:\\\/\\\/candas365.es\\\/noticias\\\/laboral-cinemateca-reune-a-tres-de-los-realizadores-mas-representativos-del-cine-espanol\\\/#organizationLogo\"},\"sameAs\":[\"https:\\\/\\\/www.facebook.com\\\/Nachofdezber\",\"https:\\\/\\\/x.com\\\/NabercoDigital\",\"https:\\\/\\\/www.instagram.com\\\/nachofdezber\\\/\",\"https:\\\/\\\/www.youtube.com\\\/channel\\\/UCZP-2wLEB9Rv6erhFmqVnvg\"],\"address\":{\"@id\":\"https:\\\/\\\/candas365.es\\\/noticias\\\/#postaladdress\",\"@type\":\"PostalAddress\",\"streetAddress\":\"san antonio 4, san antonio 4\",\"postalCode\":\"33430\",\"addressLocality\":\"Cand\\u00e1s\",\"addressRegion\":\"Asturias\",\"addressCountry\":\"ES\"}},{\"@type\":\"Person\",\"@id\":\"https:\\\/\\\/candas365.es\\\/noticias\\\/author\\\/admin\\\/#author\",\"url\":\"https:\\\/\\\/candas365.es\\\/noticias\\\/author\\\/admin\\\/\",\"name\":\"Cand\\u00e1s 365\",\"image\":{\"@type\":\"ImageObject\",\"@id\":\"https:\\\/\\\/candas365.es\\\/noticias\\\/laboral-cinemateca-reune-a-tres-de-los-realizadores-mas-representativos-del-cine-espanol\\\/#authorImage\",\"url\":\"https:\\\/\\\/secure.gravatar.com\\\/avatar\\\/496a8e03d0c493ede1718b7934145dbdf8d89be1036b0eec9544e1094c9de390?s=96&d=mm&r=g\",\"width\":96,\"height\":96,\"caption\":\"Cand\\u00e1s 365\"},\"sameAs\":[\"https:\\\/\\\/www.facebook.com\\\/carrenoactualidad\",\"https:\\\/\\\/twitter.com\\\/nbasturias\",\"https:\\\/\\\/www.instagram.com\\\/nachofdezber\\\/\",\"https:\\\/\\\/www.youtube.com\\\/channel\\\/UCZP-2wLEB9Rv6erhFmqVnvg\"]},{\"@type\":\"WebPage\",\"@id\":\"https:\\\/\\\/candas365.es\\\/noticias\\\/laboral-cinemateca-reune-a-tres-de-los-realizadores-mas-representativos-del-cine-espanol\\\/#webpage\",\"url\":\"https:\\\/\\\/candas365.es\\\/noticias\\\/laboral-cinemateca-reune-a-tres-de-los-realizadores-mas-representativos-del-cine-espanol\\\/\",\"name\":\"Laboral Cinemateca re\\u00fane a tres de los realizadores m\\u00e1s representativos del cine espa\\u00f1ol | Cand\\u00e1s 365\",\"description\":\"Laboral Cinemateca re\\u00fane este trimestre a tres de los realizadores m\\u00e1s representativos del cine de autor espa\\u00f1ol que han sido premiados en destacados festivales internacionales y que han recibido el aplauso un\\u00e1nime de cr\\u00edtica y p\\u00fablico con sus \\u00faltimos proyectos. Es el caso del gallego Oliver Laxe que recibi\\u00f3 el premio Un Certain Regard en\",\"inLanguage\":\"es-ES\",\"isPartOf\":{\"@id\":\"https:\\\/\\\/candas365.es\\\/noticias\\\/#website\"},\"breadcrumb\":{\"@id\":\"https:\\\/\\\/candas365.es\\\/noticias\\\/laboral-cinemateca-reune-a-tres-de-los-realizadores-mas-representativos-del-cine-espanol\\\/#breadcrumblist\"},\"author\":{\"@id\":\"https:\\\/\\\/candas365.es\\\/noticias\\\/author\\\/admin\\\/#author\"},\"creator\":{\"@id\":\"https:\\\/\\\/candas365.es\\\/noticias\\\/author\\\/admin\\\/#author\"},\"image\":{\"@type\":\"ImageObject\",\"url\":\"https:\\\/\\\/candas365.es\\\/noticias\\\/wp-content\\\/uploads\\\/2018\\\/06\\\/cine-767864_960_720.jpg\",\"@id\":\"https:\\\/\\\/candas365.es\\\/noticias\\\/laboral-cinemateca-reune-a-tres-de-los-realizadores-mas-representativos-del-cine-espanol\\\/#mainImage\",\"width\":960,\"height\":678},\"primaryImageOfPage\":{\"@id\":\"https:\\\/\\\/candas365.es\\\/noticias\\\/laboral-cinemateca-reune-a-tres-de-los-realizadores-mas-representativos-del-cine-espanol\\\/#mainImage\"},\"datePublished\":\"2019-10-23T12:05:54+02:00\",\"dateModified\":\"2019-10-23T12:05:54+02:00\"},{\"@type\":\"WebSite\",\"@id\":\"https:\\\/\\\/candas365.es\\\/noticias\\\/#website\",\"url\":\"https:\\\/\\\/candas365.es\\\/noticias\\\/\",\"name\":\"Cand\\u00e1s 365\",\"alternateName\":\"Cand\\u00e1s 365 Noticias\",\"description\":\"Actualidad desde Carre\\u00f1o para el mundo\",\"inLanguage\":\"es-ES\",\"publisher\":{\"@id\":\"https:\\\/\\\/candas365.es\\\/noticias\\\/#organization\"}}]}\n\t\t<\/script>\n\t\t<!-- All in One SEO Pro -->\r\n\t\t<title>Laboral Cinemateca re\u00fane a tres de los realizadores m\u00e1s representativos del cine espa\u00f1ol | Cand\u00e1s 365<\/title>\n\n","aioseo_head_json":{"title":"Laboral Cinemateca re\u00fane a tres de los realizadores m\u00e1s representativos del cine espa\u00f1ol | Cand\u00e1s 365","description":"Laboral Cinemateca re\u00fane este trimestre a tres de los realizadores m\u00e1s representativos del cine de autor espa\u00f1ol que han sido premiados en destacados festivales internacionales y que han recibido el aplauso un\u00e1nime de cr\u00edtica y p\u00fablico con sus \u00faltimos proyectos. Es el caso del gallego Oliver Laxe que recibi\u00f3 el premio Un Certain Regard en","canonical_url":"https:\/\/candas365.es\/noticias\/laboral-cinemateca-reune-a-tres-de-los-realizadores-mas-representativos-del-cine-espanol\/","robots":"max-image-preview:large","keywords":"agenda","webmasterTools":{"google-site-verification":"UA-32230408-1","msvalidate.01":"354F3CDFB2DA171B47FBE9ABF1F88D5","miscellaneous":""},"schema":{"@context":"https:\/\/schema.org","@graph":[{"@type":"BreadcrumbList","@id":"https:\/\/candas365.es\/noticias\/laboral-cinemateca-reune-a-tres-de-los-realizadores-mas-representativos-del-cine-espanol\/#breadcrumblist","itemListElement":[{"@type":"ListItem","@id":"https:\/\/candas365.es\/noticias#listItem","position":1,"name":"Home","item":"https:\/\/candas365.es\/noticias","nextItem":{"@type":"ListItem","@id":"https:\/\/candas365.es\/noticias\/category\/agenda\/#listItem","name":"Agenda"}},{"@type":"ListItem","@id":"https:\/\/candas365.es\/noticias\/category\/agenda\/#listItem","position":2,"name":"Agenda","item":"https:\/\/candas365.es\/noticias\/category\/agenda\/","nextItem":{"@type":"ListItem","@id":"https:\/\/candas365.es\/noticias\/laboral-cinemateca-reune-a-tres-de-los-realizadores-mas-representativos-del-cine-espanol\/#listItem","name":"Laboral Cinemateca re\u00fane a tres de los realizadores m\u00e1s representativos del cine espa\u00f1ol"},"previousItem":{"@type":"ListItem","@id":"https:\/\/candas365.es\/noticias#listItem","name":"Home"}},{"@type":"ListItem","@id":"https:\/\/candas365.es\/noticias\/laboral-cinemateca-reune-a-tres-de-los-realizadores-mas-representativos-del-cine-espanol\/#listItem","position":3,"name":"Laboral Cinemateca re\u00fane a tres de los realizadores m\u00e1s representativos del cine espa\u00f1ol","previousItem":{"@type":"ListItem","@id":"https:\/\/candas365.es\/noticias\/category\/agenda\/#listItem","name":"Agenda"}}]},{"@type":"NewsArticle","@id":"https:\/\/candas365.es\/noticias\/laboral-cinemateca-reune-a-tres-de-los-realizadores-mas-representativos-del-cine-espanol\/#newsarticle","name":"Laboral Cinemateca re\u00fane a tres de los realizadores m\u00e1s representativos del cine espa\u00f1ol | Cand\u00e1s 365","headline":"Laboral Cinemateca re\u00fane a tres de los realizadores m\u00e1s representativos del cine espa\u00f1ol","author":{"@id":"https:\/\/candas365.es\/noticias\/author\/admin\/#author"},"publisher":{"@id":"https:\/\/candas365.es\/noticias\/#organization"},"image":{"@type":"ImageObject","url":"https:\/\/candas365.es\/noticias\/wp-content\/uploads\/2018\/06\/cine-767864_960_720.jpg","width":960,"height":678},"datePublished":"2019-10-23T12:05:54+02:00","dateModified":"2019-10-23T12:05:54+02:00","inLanguage":"es-ES","mainEntityOfPage":{"@id":"https:\/\/candas365.es\/noticias\/laboral-cinemateca-reune-a-tres-de-los-realizadores-mas-representativos-del-cine-espanol\/#webpage"},"isPartOf":{"@id":"https:\/\/candas365.es\/noticias\/laboral-cinemateca-reune-a-tres-de-los-realizadores-mas-representativos-del-cine-espanol\/#webpage"},"articleSection":"Agenda","dateline":"Publicado el octubre 23, 2019."},{"@type":"Organization","@id":"https:\/\/candas365.es\/noticias\/#organization","name":"Cand\u00e1s 365","description":"Cand\u00e1s 365 es un diario digital independiente, fundado en 2012, con base en Asturias. Informamos con rigor sobre actualidad, sociedad, cultura y ocio, con una mirada local y global.","url":"https:\/\/candas365.es\/noticias\/","email":"info@candas365.es","telephone":"+34652131393","foundingDate":"2012-06-10","logo":{"@type":"ImageObject","url":"https:\/\/candas365.es\/noticias\/wp-content\/uploads\/2024\/09\/Candas-365-Redes.jpg","@id":"https:\/\/candas365.es\/noticias\/laboral-cinemateca-reune-a-tres-de-los-realizadores-mas-representativos-del-cine-espanol\/#organizationLogo","width":1152,"height":864,"caption":"Cand\u00e1s 365 Redes"},"image":{"@id":"https:\/\/candas365.es\/noticias\/laboral-cinemateca-reune-a-tres-de-los-realizadores-mas-representativos-del-cine-espanol\/#organizationLogo"},"sameAs":["https:\/\/www.facebook.com\/Nachofdezber","https:\/\/x.com\/NabercoDigital","https:\/\/www.instagram.com\/nachofdezber\/","https:\/\/www.youtube.com\/channel\/UCZP-2wLEB9Rv6erhFmqVnvg"],"address":{"@id":"https:\/\/candas365.es\/noticias\/#postaladdress","@type":"PostalAddress","streetAddress":"san antonio 4, san antonio 4","postalCode":"33430","addressLocality":"Cand\u00e1s","addressRegion":"Asturias","addressCountry":"ES"}},{"@type":"Person","@id":"https:\/\/candas365.es\/noticias\/author\/admin\/#author","url":"https:\/\/candas365.es\/noticias\/author\/admin\/","name":"Cand\u00e1s 365","image":{"@type":"ImageObject","@id":"https:\/\/candas365.es\/noticias\/laboral-cinemateca-reune-a-tres-de-los-realizadores-mas-representativos-del-cine-espanol\/#authorImage","url":"https:\/\/secure.gravatar.com\/avatar\/496a8e03d0c493ede1718b7934145dbdf8d89be1036b0eec9544e1094c9de390?s=96&d=mm&r=g","width":96,"height":96,"caption":"Cand\u00e1s 365"},"sameAs":["https:\/\/www.facebook.com\/carrenoactualidad","https:\/\/twitter.com\/nbasturias","https:\/\/www.instagram.com\/nachofdezber\/","https:\/\/www.youtube.com\/channel\/UCZP-2wLEB9Rv6erhFmqVnvg"]},{"@type":"WebPage","@id":"https:\/\/candas365.es\/noticias\/laboral-cinemateca-reune-a-tres-de-los-realizadores-mas-representativos-del-cine-espanol\/#webpage","url":"https:\/\/candas365.es\/noticias\/laboral-cinemateca-reune-a-tres-de-los-realizadores-mas-representativos-del-cine-espanol\/","name":"Laboral Cinemateca re\u00fane a tres de los realizadores m\u00e1s representativos del cine espa\u00f1ol | Cand\u00e1s 365","description":"Laboral Cinemateca re\u00fane este trimestre a tres de los realizadores m\u00e1s representativos del cine de autor espa\u00f1ol que han sido premiados en destacados festivales internacionales y que han recibido el aplauso un\u00e1nime de cr\u00edtica y p\u00fablico con sus \u00faltimos proyectos. Es el caso del gallego Oliver Laxe que recibi\u00f3 el premio Un Certain Regard en","inLanguage":"es-ES","isPartOf":{"@id":"https:\/\/candas365.es\/noticias\/#website"},"breadcrumb":{"@id":"https:\/\/candas365.es\/noticias\/laboral-cinemateca-reune-a-tres-de-los-realizadores-mas-representativos-del-cine-espanol\/#breadcrumblist"},"author":{"@id":"https:\/\/candas365.es\/noticias\/author\/admin\/#author"},"creator":{"@id":"https:\/\/candas365.es\/noticias\/author\/admin\/#author"},"image":{"@type":"ImageObject","url":"https:\/\/candas365.es\/noticias\/wp-content\/uploads\/2018\/06\/cine-767864_960_720.jpg","@id":"https:\/\/candas365.es\/noticias\/laboral-cinemateca-reune-a-tres-de-los-realizadores-mas-representativos-del-cine-espanol\/#mainImage","width":960,"height":678},"primaryImageOfPage":{"@id":"https:\/\/candas365.es\/noticias\/laboral-cinemateca-reune-a-tres-de-los-realizadores-mas-representativos-del-cine-espanol\/#mainImage"},"datePublished":"2019-10-23T12:05:54+02:00","dateModified":"2019-10-23T12:05:54+02:00"},{"@type":"WebSite","@id":"https:\/\/candas365.es\/noticias\/#website","url":"https:\/\/candas365.es\/noticias\/","name":"Cand\u00e1s 365","alternateName":"Cand\u00e1s 365 Noticias","description":"Actualidad desde Carre\u00f1o para el mundo","inLanguage":"es-ES","publisher":{"@id":"https:\/\/candas365.es\/noticias\/#organization"}}]},"og:locale":"es_ES","og:site_name":"Cand\u00e1s 365","og:type":"article","og:title":"Laboral Cinemateca re\u00fane a tres de los realizadores m\u00e1s representativos del cine espa\u00f1ol | Cand\u00e1s 365","og:description":"Laboral Cinemateca re\u00fane este trimestre a tres de los realizadores m\u00e1s representativos del cine de autor espa\u00f1ol que han sido premiados en destacados festivales internacionales y que han recibido el aplauso un\u00e1nime de cr\u00edtica y p\u00fablico con sus \u00faltimos proyectos. Es el caso del gallego Oliver Laxe que recibi\u00f3 el premio Un Certain Regard en","og:url":"https:\/\/candas365.es\/noticias\/laboral-cinemateca-reune-a-tres-de-los-realizadores-mas-representativos-del-cine-espanol\/","og:image":"https:\/\/candas365.es\/noticias\/wp-content\/uploads\/2018\/06\/cine-767864_960_720.jpg","og:image:secure_url":"https:\/\/candas365.es\/noticias\/wp-content\/uploads\/2018\/06\/cine-767864_960_720.jpg","og:image:width":960,"og:image:height":678,"article:published_time":"2019-10-23T12:05:54+00:00","article:modified_time":"2019-10-23T12:05:54+00:00","article:publisher":"https:\/\/www.facebook.com\/Nachofdezber","article:author":"https:\/\/www.facebook.com\/carrenoactualidad","twitter:card":"summary_large_image","twitter:site":"@NabercoDigital","twitter:title":"Laboral Cinemateca re\u00fane a tres de los realizadores m\u00e1s representativos del cine espa\u00f1ol | Cand\u00e1s 365","twitter:description":"Laboral Cinemateca re\u00fane este trimestre a tres de los realizadores m\u00e1s representativos del cine de autor espa\u00f1ol que han sido premiados en destacados festivales internacionales y que han recibido el aplauso un\u00e1nime de cr\u00edtica y p\u00fablico con sus \u00faltimos proyectos. Es el caso del gallego Oliver Laxe que recibi\u00f3 el premio Un Certain Regard en","twitter:creator":"@nbasturias","twitter:image":"https:\/\/candas365.es\/noticias\/wp-content\/uploads\/2018\/06\/cine-767864_960_720.jpg","twitter:label1":"Escrito por","twitter:data1":"Cand\u00e1s 365","twitter:label2":"Tiempo de lectura estimado","twitter:data2":"5 minutos"},"aioseo_meta_data":{"post_id":"131741","title":null,"description":null,"keywords":null,"keyphrases":null,"primary_term":null,"canonical_url":null,"og_title":null,"og_description":null,"og_object_type":"default","og_image_type":"default","og_image_url":null,"og_image_width":null,"og_image_height":null,"og_image_custom_url":null,"og_image_custom_fields":null,"og_video":null,"og_custom_url":null,"og_article_section":null,"og_article_tags":null,"twitter_use_og":false,"twitter_card":"default","twitter_image_type":"default","twitter_image_url":null,"twitter_image_custom_url":null,"twitter_image_custom_fields":null,"twitter_title":null,"twitter_description":null,"schema":{"blockGraphs":[],"customGraphs":[],"default":{"data":{"Article":[],"Course":[],"Dataset":[],"FAQPage":[],"Movie":[],"Person":[],"Product":[],"ProductReview":[],"Car":[],"Recipe":[],"Service":[],"SoftwareApplication":[],"WebPage":[]},"graphName":"","isEnabled":true},"graphs":[],"defaultGraph":"","defaultPostTypeGraph":""},"schema_type":null,"schema_type_options":null,"pillar_content":false,"robots_default":true,"robots_noindex":false,"robots_noarchive":false,"robots_nosnippet":false,"robots_nofollow":false,"robots_noimageindex":false,"robots_noodp":false,"robots_notranslate":false,"robots_max_snippet":null,"robots_max_videopreview":null,"robots_max_imagepreview":"large","priority":null,"frequency":null,"location":null,"local_seo":null,"seo_analyzer_scan_date":"2025-08-30 16:02:06","breadcrumb_settings":null,"limit_modified_date":false,"reviewed_by":null,"open_ai":null,"ai":null,"created":"2020-12-21 10:51:23","updated":"2025-08-30 16:02:06"},"aioseo_breadcrumb":"<div class=\"aioseo-breadcrumbs\"><span class=\"aioseo-breadcrumb\">\n\t<a href=\"https:\/\/candas365.es\/noticias\" title=\"Home\">Home<\/a>\n<\/span><span class=\"aioseo-breadcrumb-separator\">&ndash;<\/span><span class=\"aioseo-breadcrumb\">\n\t<a href=\"https:\/\/candas365.es\/noticias\/category\/agenda\/\" title=\"Agenda\">Agenda<\/a>\n<\/span><span class=\"aioseo-breadcrumb-separator\">&ndash;<\/span><span class=\"aioseo-breadcrumb\">\n\tLaboral Cinemateca re\u00fane a tres de los realizadores m\u00e1s representativos del cine espa\u00f1ol\n<\/span><\/div>","aioseo_breadcrumb_json":[{"label":"Home","link":"https:\/\/candas365.es\/noticias"},{"label":"Agenda","link":"https:\/\/candas365.es\/noticias\/category\/agenda\/"},{"label":"Laboral Cinemateca re\u00fane a tres de los realizadores m\u00e1s representativos del cine espa\u00f1ol","link":"https:\/\/candas365.es\/noticias\/laboral-cinemateca-reune-a-tres-de-los-realizadores-mas-representativos-del-cine-espanol\/"}],"_links":{"self":[{"href":"https:\/\/candas365.es\/noticias\/wp-json\/wp\/v2\/posts\/131741","targetHints":{"allow":["GET"]}}],"collection":[{"href":"https:\/\/candas365.es\/noticias\/wp-json\/wp\/v2\/posts"}],"about":[{"href":"https:\/\/candas365.es\/noticias\/wp-json\/wp\/v2\/types\/post"}],"author":[{"embeddable":true,"href":"https:\/\/candas365.es\/noticias\/wp-json\/wp\/v2\/users\/1"}],"replies":[{"embeddable":true,"href":"https:\/\/candas365.es\/noticias\/wp-json\/wp\/v2\/comments?post=131741"}],"version-history":[{"count":0,"href":"https:\/\/candas365.es\/noticias\/wp-json\/wp\/v2\/posts\/131741\/revisions"}],"wp:featuredmedia":[{"embeddable":true,"href":"https:\/\/candas365.es\/noticias\/wp-json\/wp\/v2\/media\/99225"}],"wp:attachment":[{"href":"https:\/\/candas365.es\/noticias\/wp-json\/wp\/v2\/media?parent=131741"}],"wp:term":[{"taxonomy":"category","embeddable":true,"href":"https:\/\/candas365.es\/noticias\/wp-json\/wp\/v2\/categories?post=131741"},{"taxonomy":"post_tag","embeddable":true,"href":"https:\/\/candas365.es\/noticias\/wp-json\/wp\/v2\/tags?post=131741"}],"curies":[{"name":"wp","href":"https:\/\/api.w.org\/{rel}","templated":true}]}}