{"id":131670,"date":"2019-10-22T04:21:28","date_gmt":"2019-10-22T04:21:28","guid":{"rendered":"http:\/\/candas365.es\/noticias\/?p=131670"},"modified":"2019-10-22T04:21:28","modified_gmt":"2019-10-22T04:21:28","slug":"el-teatro-de-la-laboral-acoge-los-musicales-de-annie-y-jekyll-hyde","status":"publish","type":"post","link":"https:\/\/candas365.es\/noticias\/el-teatro-de-la-laboral-acoge-los-musicales-de-annie-y-jekyll-hyde\/","title":{"rendered":"El Teatro de la Laboral acoge los musicales de Annie y Jekyll &#038; Hyde"},"content":{"rendered":"<p><img fetchpriority=\"high\" decoding=\"async\" class=\"alignleft size-medium wp-image-80268\" src=\"https:\/\/candas365.es\/noticias\/wp-content\/uploads\/2017\/09\/Laboral-360x239.jpg\" alt=\"\" width=\"360\" height=\"239\" srcset=\"https:\/\/candas365.es\/noticias\/wp-content\/uploads\/2017\/09\/Laboral-360x239.jpg 360w, https:\/\/candas365.es\/noticias\/wp-content\/uploads\/2017\/09\/Laboral-768x511.jpg 768w, https:\/\/candas365.es\/noticias\/wp-content\/uploads\/2017\/09\/Laboral-655x435.jpg 655w, https:\/\/candas365.es\/noticias\/wp-content\/uploads\/2017\/09\/Laboral-696x463.jpg 696w, https:\/\/candas365.es\/noticias\/wp-content\/uploads\/2017\/09\/Laboral-1068x710.jpg 1068w, https:\/\/candas365.es\/noticias\/wp-content\/uploads\/2017\/09\/Laboral-632x420.jpg 632w, https:\/\/candas365.es\/noticias\/wp-content\/uploads\/2017\/09\/Laboral-84x55.jpg 84w, https:\/\/candas365.es\/noticias\/wp-content\/uploads\/2017\/09\/Laboral.jpg 1280w\" sizes=\"(max-width: 360px) 100vw, 360px\" \/>Del 25 al 27 de octubre el Teatro de la Laboral acoge los musicales de Annie y de Jekyll &amp; Hyde, ambos bajo la direcci\u00f3n y adaptaci\u00f3n de Tom\u00e1s Padilla.<\/p>\n<p>El p\u00fablico se trasladar\u00e1 al Nuevo York de los a\u00f1os 30 a trav\u00e9s de la escenograf\u00eda e iluminaci\u00f3n de Annie, el musical, con canciones y melod\u00edas inolvidables como Ma\u00f1ana (Tomorrow). En la obra, Annie es una peque\u00f1a hu\u00e9rfana que vive en el orfanato que dirige la malvada Miss Hannighan. Una tarde la secretaria personal de Oliver Warbucks visita el orfanato para elegir a una hu\u00e9rfana, Annie, que pasar\u00e1 las vacaciones de Navidad en la casa del billonario. Pese a la actitud brusca y gru\u00f1ona del Sr. Warbucks, Annie consigue llegar a su coraz\u00f3n y al de todos los que habitan en esa majestuosa mansi\u00f3n.<\/p>\n<p>Annie, el musical se representar\u00e1 en la Laboral el viernes 25 y s\u00e1bado 27, a las 17:00 horas, y el domingo 27 de octubre, a las 12:00 h.<\/p>\n<p>El musical de Jekyll &amp; Hyde se adentra en la dualidad primaria del hombre, con una ambientaci\u00f3n en el Londres de la \u00e9poca victoriana. Basado en la novela El extra\u00f1o caso del Dr. Jekyll y Mr. Hyde de Robert Louis Stevenson, su protagonista representa la lucha entre la raz\u00f3n y el instinto, entre el bien y el mal que habita en cada uno de nosotros.<\/p>\n<p>Jekyll &amp; Hyde, el musical se sit\u00faa en la \u00f3rbita de espect\u00e1culos cl\u00e1sicos del g\u00e9nero, con una atm\u00f3sfera tenebrosa y efectos especiales creados para esta producci\u00f3n que sorprender\u00e1n por su realismo. El Teatro de la Laboral acoger\u00e1 tres funciones de este espect\u00e1culo el viernes 25 y s\u00e1bado 26, a las 21:00 horas, y el domingo 27 de octubre, a las 17:00 h.<\/p>\n<p>Las localidades para Annie, el musical est\u00e1n disponibles a un precio de 28 \u20ac para foso, 24 \u20ac para las filas de 1 a 10 del patio de butacas, de 20 \u20ac para palcos y las filas de 11 a 20 del patio de butacas y de 18 \u20ac para anfiteatro. Para Jekyll &amp; Hyde, el musical, se pueden adquirir a 50 \u20ac para foso, 45 \u20ac para las filas de 1 a 10 del patio de butacas, de 39 euros para palcos y las filas de 11 a 20 del patio de butacas y de 28 \u20ac para anfiteatro<\/p>\n<p>Las entradas para ambos espect\u00e1culos se pueden adquirir en la Recepci\u00f3n de la Laboral, en el Centro Niemeyer en Avil\u00e9s, en la Oficina de Informaci\u00f3n Tur\u00edstica de Asturias en Oviedo, en la web entradas.liberbank.es, en el tel\u00e9fono 902 106 601, en la red de cajeros Liberbank y en la propia web de la Laboral (laboralciudaddelacultura.com).<\/p>\n","protected":false},"excerpt":{"rendered":"<p>Del 25 al 27 de octubre el Teatro de la Laboral acoge los musicales de Annie y de Jekyll &amp; Hyde, ambos bajo la direcci\u00f3n y adaptaci\u00f3n de Tom\u00e1s Padilla. El p\u00fablico se trasladar\u00e1 al Nuevo York de los a\u00f1os 30 a trav\u00e9s de la escenograf\u00eda e iluminaci\u00f3n de Annie, el musical, con canciones y<\/p>\n","protected":false},"author":1,"featured_media":80268,"comment_status":"closed","ping_status":"closed","sticky":false,"template":"","format":"standard","meta":{"footnotes":""},"categories":[1],"tags":[],"class_list":{"0":"post-131670","1":"post","2":"type-post","3":"status-publish","4":"format-standard","5":"has-post-thumbnail","7":"category-agenda"},"aioseo_notices":[],"aioseo_head":"\n\t\t<!-- All in One SEO Pro 4.9.6.2 - aioseo.com -->\n\t<meta name=\"description\" content=\"Del 25 al 27 de octubre el Teatro de la Laboral acoge los musicales de Annie y de Jekyll &amp; Hyde, ambos bajo la direcci\u00f3n y adaptaci\u00f3n de Tom\u00e1s Padilla. El p\u00fablico se trasladar\u00e1 al Nuevo York de los a\u00f1os 30 a trav\u00e9s de la escenograf\u00eda e iluminaci\u00f3n de Annie, el musical, con canciones y\" \/>\n\t<meta name=\"robots\" content=\"max-image-preview:large\" \/>\n\t<meta name=\"author\" content=\"Cand\u00e1s 365\"\/>\n\t<meta name=\"google-site-verification\" content=\"UA-32230408-1\" \/>\n\t<meta name=\"msvalidate.01\" content=\"354F3CDFB2DA171B47FBE9ABF1F88D5\" \/>\n\t<meta name=\"keywords\" content=\"agenda\" \/>\n\t<link rel=\"canonical\" href=\"https:\/\/candas365.es\/noticias\/el-teatro-de-la-laboral-acoge-los-musicales-de-annie-y-jekyll-hyde\/\" \/>\n\t<meta name=\"generator\" content=\"All in One SEO Pro (AIOSEO) 4.9.6.2\" \/>\n\t\t<meta property=\"og:locale\" content=\"es_ES\" \/>\n\t\t<meta property=\"og:site_name\" content=\"Cand\u00e1s 365\" \/>\n\t\t<meta property=\"og:type\" content=\"article\" \/>\n\t\t<meta property=\"og:title\" content=\"El Teatro de la Laboral acoge los musicales de Annie y Jekyll &amp; Hyde | Cand\u00e1s 365\" \/>\n\t\t<meta property=\"og:description\" content=\"Del 25 al 27 de octubre el Teatro de la Laboral acoge los musicales de Annie y de Jekyll &amp; Hyde, ambos bajo la direcci\u00f3n y adaptaci\u00f3n de Tom\u00e1s Padilla. El p\u00fablico se trasladar\u00e1 al Nuevo York de los a\u00f1os 30 a trav\u00e9s de la escenograf\u00eda e iluminaci\u00f3n de Annie, el musical, con canciones y\" \/>\n\t\t<meta property=\"og:url\" content=\"https:\/\/candas365.es\/noticias\/el-teatro-de-la-laboral-acoge-los-musicales-de-annie-y-jekyll-hyde\/\" \/>\n\t\t<meta property=\"og:image\" content=\"https:\/\/candas365.es\/noticias\/wp-content\/uploads\/2017\/09\/Laboral.jpg\" \/>\n\t\t<meta property=\"og:image:secure_url\" content=\"https:\/\/candas365.es\/noticias\/wp-content\/uploads\/2017\/09\/Laboral.jpg\" \/>\n\t\t<meta property=\"og:image:width\" content=\"1280\" \/>\n\t\t<meta property=\"og:image:height\" content=\"851\" \/>\n\t\t<meta property=\"article:published_time\" content=\"2019-10-22T04:21:28+00:00\" \/>\n\t\t<meta property=\"article:modified_time\" content=\"2019-10-22T04:21:28+00:00\" \/>\n\t\t<meta property=\"article:publisher\" content=\"https:\/\/www.facebook.com\/Nachofdezber\" \/>\n\t\t<meta property=\"article:author\" content=\"https:\/\/www.facebook.com\/carrenoactualidad\" \/>\n\t\t<meta name=\"twitter:card\" content=\"summary_large_image\" \/>\n\t\t<meta name=\"twitter:site\" content=\"@NabercoDigital\" \/>\n\t\t<meta name=\"twitter:title\" content=\"El Teatro de la Laboral acoge los musicales de Annie y Jekyll &amp; Hyde | Cand\u00e1s 365\" \/>\n\t\t<meta name=\"twitter:description\" content=\"Del 25 al 27 de octubre el Teatro de la Laboral acoge los musicales de Annie y de Jekyll &amp; Hyde, ambos bajo la direcci\u00f3n y adaptaci\u00f3n de Tom\u00e1s Padilla. El p\u00fablico se trasladar\u00e1 al Nuevo York de los a\u00f1os 30 a trav\u00e9s de la escenograf\u00eda e iluminaci\u00f3n de Annie, el musical, con canciones y\" \/>\n\t\t<meta name=\"twitter:creator\" content=\"@nbasturias\" \/>\n\t\t<meta name=\"twitter:image\" content=\"https:\/\/candas365.es\/noticias\/wp-content\/uploads\/2017\/09\/Laboral.jpg\" \/>\n\t\t<meta name=\"twitter:label1\" content=\"Escrito por\" \/>\n\t\t<meta name=\"twitter:data1\" content=\"Cand\u00e1s 365\" \/>\n\t\t<meta name=\"twitter:label2\" content=\"Tiempo de lectura estimado\" \/>\n\t\t<meta name=\"twitter:data2\" content=\"2 minutos\" \/>\n\t\t<script type=\"application\/ld+json\" class=\"aioseo-schema\">\n\t\t\t{\"@context\":\"https:\\\/\\\/schema.org\",\"@graph\":[{\"@type\":\"BreadcrumbList\",\"@id\":\"https:\\\/\\\/candas365.es\\\/noticias\\\/el-teatro-de-la-laboral-acoge-los-musicales-de-annie-y-jekyll-hyde\\\/#breadcrumblist\",\"itemListElement\":[{\"@type\":\"ListItem\",\"@id\":\"https:\\\/\\\/candas365.es\\\/noticias#listItem\",\"position\":1,\"name\":\"Home\",\"item\":\"https:\\\/\\\/candas365.es\\\/noticias\",\"nextItem\":{\"@type\":\"ListItem\",\"@id\":\"https:\\\/\\\/candas365.es\\\/noticias\\\/category\\\/agenda\\\/#listItem\",\"name\":\"Agenda\"}},{\"@type\":\"ListItem\",\"@id\":\"https:\\\/\\\/candas365.es\\\/noticias\\\/category\\\/agenda\\\/#listItem\",\"position\":2,\"name\":\"Agenda\",\"item\":\"https:\\\/\\\/candas365.es\\\/noticias\\\/category\\\/agenda\\\/\",\"nextItem\":{\"@type\":\"ListItem\",\"@id\":\"https:\\\/\\\/candas365.es\\\/noticias\\\/el-teatro-de-la-laboral-acoge-los-musicales-de-annie-y-jekyll-hyde\\\/#listItem\",\"name\":\"El Teatro de la Laboral acoge los musicales de Annie y Jekyll &#038; Hyde\"},\"previousItem\":{\"@type\":\"ListItem\",\"@id\":\"https:\\\/\\\/candas365.es\\\/noticias#listItem\",\"name\":\"Home\"}},{\"@type\":\"ListItem\",\"@id\":\"https:\\\/\\\/candas365.es\\\/noticias\\\/el-teatro-de-la-laboral-acoge-los-musicales-de-annie-y-jekyll-hyde\\\/#listItem\",\"position\":3,\"name\":\"El Teatro de la Laboral acoge los musicales de Annie y Jekyll &#038; Hyde\",\"previousItem\":{\"@type\":\"ListItem\",\"@id\":\"https:\\\/\\\/candas365.es\\\/noticias\\\/category\\\/agenda\\\/#listItem\",\"name\":\"Agenda\"}}]},{\"@type\":\"NewsArticle\",\"@id\":\"https:\\\/\\\/candas365.es\\\/noticias\\\/el-teatro-de-la-laboral-acoge-los-musicales-de-annie-y-jekyll-hyde\\\/#newsarticle\",\"name\":\"El Teatro de la Laboral acoge los musicales de Annie y Jekyll & Hyde | Cand\\u00e1s 365\",\"headline\":\"El Teatro de la Laboral acoge los musicales de Annie y Jekyll &#038; Hyde\",\"author\":{\"@id\":\"https:\\\/\\\/candas365.es\\\/noticias\\\/author\\\/admin\\\/#author\"},\"publisher\":{\"@id\":\"https:\\\/\\\/candas365.es\\\/noticias\\\/#organization\"},\"image\":{\"@type\":\"ImageObject\",\"url\":\"https:\\\/\\\/candas365.es\\\/noticias\\\/wp-content\\\/uploads\\\/2017\\\/09\\\/Laboral.jpg\",\"width\":1280,\"height\":851},\"datePublished\":\"2019-10-22T04:21:28+02:00\",\"dateModified\":\"2019-10-22T04:21:28+02:00\",\"inLanguage\":\"es-ES\",\"mainEntityOfPage\":{\"@id\":\"https:\\\/\\\/candas365.es\\\/noticias\\\/el-teatro-de-la-laboral-acoge-los-musicales-de-annie-y-jekyll-hyde\\\/#webpage\"},\"isPartOf\":{\"@id\":\"https:\\\/\\\/candas365.es\\\/noticias\\\/el-teatro-de-la-laboral-acoge-los-musicales-de-annie-y-jekyll-hyde\\\/#webpage\"},\"articleSection\":\"Agenda\",\"dateline\":\"Publicado el octubre 22, 2019.\"},{\"@type\":\"Organization\",\"@id\":\"https:\\\/\\\/candas365.es\\\/noticias\\\/#organization\",\"name\":\"Cand\\u00e1s 365\",\"description\":\"Cand\\u00e1s 365 es un diario digital independiente, fundado en 2012, con base en Asturias. Informamos con rigor sobre actualidad, sociedad, cultura y ocio, con una mirada local y global.\",\"url\":\"https:\\\/\\\/candas365.es\\\/noticias\\\/\",\"email\":\"info@candas365.es\",\"telephone\":\"+34652131393\",\"foundingDate\":\"2012-06-10\",\"logo\":{\"@type\":\"ImageObject\",\"url\":\"https:\\\/\\\/candas365.es\\\/noticias\\\/wp-content\\\/uploads\\\/2024\\\/09\\\/Candas-365-Redes.jpg\",\"@id\":\"https:\\\/\\\/candas365.es\\\/noticias\\\/el-teatro-de-la-laboral-acoge-los-musicales-de-annie-y-jekyll-hyde\\\/#organizationLogo\",\"width\":1152,\"height\":864,\"caption\":\"Cand\\u00e1s 365 Redes\"},\"image\":{\"@id\":\"https:\\\/\\\/candas365.es\\\/noticias\\\/el-teatro-de-la-laboral-acoge-los-musicales-de-annie-y-jekyll-hyde\\\/#organizationLogo\"},\"sameAs\":[\"https:\\\/\\\/www.facebook.com\\\/Nachofdezber\",\"https:\\\/\\\/x.com\\\/NabercoDigital\",\"https:\\\/\\\/www.instagram.com\\\/nachofdezber\\\/\",\"https:\\\/\\\/www.youtube.com\\\/channel\\\/UCZP-2wLEB9Rv6erhFmqVnvg\"],\"address\":{\"@id\":\"https:\\\/\\\/candas365.es\\\/noticias\\\/#postaladdress\",\"@type\":\"PostalAddress\",\"streetAddress\":\"san antonio 4, san antonio 4\",\"postalCode\":\"33430\",\"addressLocality\":\"Cand\\u00e1s\",\"addressRegion\":\"Asturias\",\"addressCountry\":\"ES\"}},{\"@type\":\"Person\",\"@id\":\"https:\\\/\\\/candas365.es\\\/noticias\\\/author\\\/admin\\\/#author\",\"url\":\"https:\\\/\\\/candas365.es\\\/noticias\\\/author\\\/admin\\\/\",\"name\":\"Cand\\u00e1s 365\",\"image\":{\"@type\":\"ImageObject\",\"@id\":\"https:\\\/\\\/candas365.es\\\/noticias\\\/el-teatro-de-la-laboral-acoge-los-musicales-de-annie-y-jekyll-hyde\\\/#authorImage\",\"url\":\"https:\\\/\\\/secure.gravatar.com\\\/avatar\\\/496a8e03d0c493ede1718b7934145dbdf8d89be1036b0eec9544e1094c9de390?s=96&d=mm&r=g\",\"width\":96,\"height\":96,\"caption\":\"Cand\\u00e1s 365\"},\"sameAs\":[\"https:\\\/\\\/www.facebook.com\\\/carrenoactualidad\",\"https:\\\/\\\/twitter.com\\\/nbasturias\",\"https:\\\/\\\/www.instagram.com\\\/nachofdezber\\\/\",\"https:\\\/\\\/www.youtube.com\\\/channel\\\/UCZP-2wLEB9Rv6erhFmqVnvg\"]},{\"@type\":\"WebPage\",\"@id\":\"https:\\\/\\\/candas365.es\\\/noticias\\\/el-teatro-de-la-laboral-acoge-los-musicales-de-annie-y-jekyll-hyde\\\/#webpage\",\"url\":\"https:\\\/\\\/candas365.es\\\/noticias\\\/el-teatro-de-la-laboral-acoge-los-musicales-de-annie-y-jekyll-hyde\\\/\",\"name\":\"El Teatro de la Laboral acoge los musicales de Annie y Jekyll & Hyde | Cand\\u00e1s 365\",\"description\":\"Del 25 al 27 de octubre el Teatro de la Laboral acoge los musicales de Annie y de Jekyll & Hyde, ambos bajo la direcci\\u00f3n y adaptaci\\u00f3n de Tom\\u00e1s Padilla. El p\\u00fablico se trasladar\\u00e1 al Nuevo York de los a\\u00f1os 30 a trav\\u00e9s de la escenograf\\u00eda e iluminaci\\u00f3n de Annie, el musical, con canciones y\",\"inLanguage\":\"es-ES\",\"isPartOf\":{\"@id\":\"https:\\\/\\\/candas365.es\\\/noticias\\\/#website\"},\"breadcrumb\":{\"@id\":\"https:\\\/\\\/candas365.es\\\/noticias\\\/el-teatro-de-la-laboral-acoge-los-musicales-de-annie-y-jekyll-hyde\\\/#breadcrumblist\"},\"author\":{\"@id\":\"https:\\\/\\\/candas365.es\\\/noticias\\\/author\\\/admin\\\/#author\"},\"creator\":{\"@id\":\"https:\\\/\\\/candas365.es\\\/noticias\\\/author\\\/admin\\\/#author\"},\"image\":{\"@type\":\"ImageObject\",\"url\":\"https:\\\/\\\/candas365.es\\\/noticias\\\/wp-content\\\/uploads\\\/2017\\\/09\\\/Laboral.jpg\",\"@id\":\"https:\\\/\\\/candas365.es\\\/noticias\\\/el-teatro-de-la-laboral-acoge-los-musicales-de-annie-y-jekyll-hyde\\\/#mainImage\",\"width\":1280,\"height\":851},\"primaryImageOfPage\":{\"@id\":\"https:\\\/\\\/candas365.es\\\/noticias\\\/el-teatro-de-la-laboral-acoge-los-musicales-de-annie-y-jekyll-hyde\\\/#mainImage\"},\"datePublished\":\"2019-10-22T04:21:28+02:00\",\"dateModified\":\"2019-10-22T04:21:28+02:00\"},{\"@type\":\"WebSite\",\"@id\":\"https:\\\/\\\/candas365.es\\\/noticias\\\/#website\",\"url\":\"https:\\\/\\\/candas365.es\\\/noticias\\\/\",\"name\":\"Cand\\u00e1s 365\",\"alternateName\":\"Cand\\u00e1s 365 Noticias\",\"description\":\"Actualidad desde Carre\\u00f1o para el mundo\",\"inLanguage\":\"es-ES\",\"publisher\":{\"@id\":\"https:\\\/\\\/candas365.es\\\/noticias\\\/#organization\"}}]}\n\t\t<\/script>\n\t\t<!-- All in One SEO Pro -->\r\n\t\t<title>El Teatro de la Laboral acoge los musicales de Annie y Jekyll &amp; Hyde | Cand\u00e1s 365<\/title>\n\n","aioseo_head_json":{"title":"El Teatro de la Laboral acoge los musicales de Annie y Jekyll & Hyde | Cand\u00e1s 365","description":"Del 25 al 27 de octubre el Teatro de la Laboral acoge los musicales de Annie y de Jekyll & Hyde, ambos bajo la direcci\u00f3n y adaptaci\u00f3n de Tom\u00e1s Padilla. El p\u00fablico se trasladar\u00e1 al Nuevo York de los a\u00f1os 30 a trav\u00e9s de la escenograf\u00eda e iluminaci\u00f3n de Annie, el musical, con canciones y","canonical_url":"https:\/\/candas365.es\/noticias\/el-teatro-de-la-laboral-acoge-los-musicales-de-annie-y-jekyll-hyde\/","robots":"max-image-preview:large","keywords":"agenda","webmasterTools":{"google-site-verification":"UA-32230408-1","msvalidate.01":"354F3CDFB2DA171B47FBE9ABF1F88D5","miscellaneous":""},"schema":{"@context":"https:\/\/schema.org","@graph":[{"@type":"BreadcrumbList","@id":"https:\/\/candas365.es\/noticias\/el-teatro-de-la-laboral-acoge-los-musicales-de-annie-y-jekyll-hyde\/#breadcrumblist","itemListElement":[{"@type":"ListItem","@id":"https:\/\/candas365.es\/noticias#listItem","position":1,"name":"Home","item":"https:\/\/candas365.es\/noticias","nextItem":{"@type":"ListItem","@id":"https:\/\/candas365.es\/noticias\/category\/agenda\/#listItem","name":"Agenda"}},{"@type":"ListItem","@id":"https:\/\/candas365.es\/noticias\/category\/agenda\/#listItem","position":2,"name":"Agenda","item":"https:\/\/candas365.es\/noticias\/category\/agenda\/","nextItem":{"@type":"ListItem","@id":"https:\/\/candas365.es\/noticias\/el-teatro-de-la-laboral-acoge-los-musicales-de-annie-y-jekyll-hyde\/#listItem","name":"El Teatro de la Laboral acoge los musicales de Annie y Jekyll &#038; Hyde"},"previousItem":{"@type":"ListItem","@id":"https:\/\/candas365.es\/noticias#listItem","name":"Home"}},{"@type":"ListItem","@id":"https:\/\/candas365.es\/noticias\/el-teatro-de-la-laboral-acoge-los-musicales-de-annie-y-jekyll-hyde\/#listItem","position":3,"name":"El Teatro de la Laboral acoge los musicales de Annie y Jekyll &#038; Hyde","previousItem":{"@type":"ListItem","@id":"https:\/\/candas365.es\/noticias\/category\/agenda\/#listItem","name":"Agenda"}}]},{"@type":"NewsArticle","@id":"https:\/\/candas365.es\/noticias\/el-teatro-de-la-laboral-acoge-los-musicales-de-annie-y-jekyll-hyde\/#newsarticle","name":"El Teatro de la Laboral acoge los musicales de Annie y Jekyll & Hyde | Cand\u00e1s 365","headline":"El Teatro de la Laboral acoge los musicales de Annie y Jekyll &#038; Hyde","author":{"@id":"https:\/\/candas365.es\/noticias\/author\/admin\/#author"},"publisher":{"@id":"https:\/\/candas365.es\/noticias\/#organization"},"image":{"@type":"ImageObject","url":"https:\/\/candas365.es\/noticias\/wp-content\/uploads\/2017\/09\/Laboral.jpg","width":1280,"height":851},"datePublished":"2019-10-22T04:21:28+02:00","dateModified":"2019-10-22T04:21:28+02:00","inLanguage":"es-ES","mainEntityOfPage":{"@id":"https:\/\/candas365.es\/noticias\/el-teatro-de-la-laboral-acoge-los-musicales-de-annie-y-jekyll-hyde\/#webpage"},"isPartOf":{"@id":"https:\/\/candas365.es\/noticias\/el-teatro-de-la-laboral-acoge-los-musicales-de-annie-y-jekyll-hyde\/#webpage"},"articleSection":"Agenda","dateline":"Publicado el octubre 22, 2019."},{"@type":"Organization","@id":"https:\/\/candas365.es\/noticias\/#organization","name":"Cand\u00e1s 365","description":"Cand\u00e1s 365 es un diario digital independiente, fundado en 2012, con base en Asturias. Informamos con rigor sobre actualidad, sociedad, cultura y ocio, con una mirada local y global.","url":"https:\/\/candas365.es\/noticias\/","email":"info@candas365.es","telephone":"+34652131393","foundingDate":"2012-06-10","logo":{"@type":"ImageObject","url":"https:\/\/candas365.es\/noticias\/wp-content\/uploads\/2024\/09\/Candas-365-Redes.jpg","@id":"https:\/\/candas365.es\/noticias\/el-teatro-de-la-laboral-acoge-los-musicales-de-annie-y-jekyll-hyde\/#organizationLogo","width":1152,"height":864,"caption":"Cand\u00e1s 365 Redes"},"image":{"@id":"https:\/\/candas365.es\/noticias\/el-teatro-de-la-laboral-acoge-los-musicales-de-annie-y-jekyll-hyde\/#organizationLogo"},"sameAs":["https:\/\/www.facebook.com\/Nachofdezber","https:\/\/x.com\/NabercoDigital","https:\/\/www.instagram.com\/nachofdezber\/","https:\/\/www.youtube.com\/channel\/UCZP-2wLEB9Rv6erhFmqVnvg"],"address":{"@id":"https:\/\/candas365.es\/noticias\/#postaladdress","@type":"PostalAddress","streetAddress":"san antonio 4, san antonio 4","postalCode":"33430","addressLocality":"Cand\u00e1s","addressRegion":"Asturias","addressCountry":"ES"}},{"@type":"Person","@id":"https:\/\/candas365.es\/noticias\/author\/admin\/#author","url":"https:\/\/candas365.es\/noticias\/author\/admin\/","name":"Cand\u00e1s 365","image":{"@type":"ImageObject","@id":"https:\/\/candas365.es\/noticias\/el-teatro-de-la-laboral-acoge-los-musicales-de-annie-y-jekyll-hyde\/#authorImage","url":"https:\/\/secure.gravatar.com\/avatar\/496a8e03d0c493ede1718b7934145dbdf8d89be1036b0eec9544e1094c9de390?s=96&d=mm&r=g","width":96,"height":96,"caption":"Cand\u00e1s 365"},"sameAs":["https:\/\/www.facebook.com\/carrenoactualidad","https:\/\/twitter.com\/nbasturias","https:\/\/www.instagram.com\/nachofdezber\/","https:\/\/www.youtube.com\/channel\/UCZP-2wLEB9Rv6erhFmqVnvg"]},{"@type":"WebPage","@id":"https:\/\/candas365.es\/noticias\/el-teatro-de-la-laboral-acoge-los-musicales-de-annie-y-jekyll-hyde\/#webpage","url":"https:\/\/candas365.es\/noticias\/el-teatro-de-la-laboral-acoge-los-musicales-de-annie-y-jekyll-hyde\/","name":"El Teatro de la Laboral acoge los musicales de Annie y Jekyll & Hyde | Cand\u00e1s 365","description":"Del 25 al 27 de octubre el Teatro de la Laboral acoge los musicales de Annie y de Jekyll & Hyde, ambos bajo la direcci\u00f3n y adaptaci\u00f3n de Tom\u00e1s Padilla. El p\u00fablico se trasladar\u00e1 al Nuevo York de los a\u00f1os 30 a trav\u00e9s de la escenograf\u00eda e iluminaci\u00f3n de Annie, el musical, con canciones y","inLanguage":"es-ES","isPartOf":{"@id":"https:\/\/candas365.es\/noticias\/#website"},"breadcrumb":{"@id":"https:\/\/candas365.es\/noticias\/el-teatro-de-la-laboral-acoge-los-musicales-de-annie-y-jekyll-hyde\/#breadcrumblist"},"author":{"@id":"https:\/\/candas365.es\/noticias\/author\/admin\/#author"},"creator":{"@id":"https:\/\/candas365.es\/noticias\/author\/admin\/#author"},"image":{"@type":"ImageObject","url":"https:\/\/candas365.es\/noticias\/wp-content\/uploads\/2017\/09\/Laboral.jpg","@id":"https:\/\/candas365.es\/noticias\/el-teatro-de-la-laboral-acoge-los-musicales-de-annie-y-jekyll-hyde\/#mainImage","width":1280,"height":851},"primaryImageOfPage":{"@id":"https:\/\/candas365.es\/noticias\/el-teatro-de-la-laboral-acoge-los-musicales-de-annie-y-jekyll-hyde\/#mainImage"},"datePublished":"2019-10-22T04:21:28+02:00","dateModified":"2019-10-22T04:21:28+02:00"},{"@type":"WebSite","@id":"https:\/\/candas365.es\/noticias\/#website","url":"https:\/\/candas365.es\/noticias\/","name":"Cand\u00e1s 365","alternateName":"Cand\u00e1s 365 Noticias","description":"Actualidad desde Carre\u00f1o para el mundo","inLanguage":"es-ES","publisher":{"@id":"https:\/\/candas365.es\/noticias\/#organization"}}]},"og:locale":"es_ES","og:site_name":"Cand\u00e1s 365","og:type":"article","og:title":"El Teatro de la Laboral acoge los musicales de Annie y Jekyll &amp; Hyde | Cand\u00e1s 365","og:description":"Del 25 al 27 de octubre el Teatro de la Laboral acoge los musicales de Annie y de Jekyll &amp; Hyde, ambos bajo la direcci\u00f3n y adaptaci\u00f3n de Tom\u00e1s Padilla. El p\u00fablico se trasladar\u00e1 al Nuevo York de los a\u00f1os 30 a trav\u00e9s de la escenograf\u00eda e iluminaci\u00f3n de Annie, el musical, con canciones y","og:url":"https:\/\/candas365.es\/noticias\/el-teatro-de-la-laboral-acoge-los-musicales-de-annie-y-jekyll-hyde\/","og:image":"https:\/\/candas365.es\/noticias\/wp-content\/uploads\/2017\/09\/Laboral.jpg","og:image:secure_url":"https:\/\/candas365.es\/noticias\/wp-content\/uploads\/2017\/09\/Laboral.jpg","og:image:width":1280,"og:image:height":851,"article:published_time":"2019-10-22T04:21:28+00:00","article:modified_time":"2019-10-22T04:21:28+00:00","article:publisher":"https:\/\/www.facebook.com\/Nachofdezber","article:author":"https:\/\/www.facebook.com\/carrenoactualidad","twitter:card":"summary_large_image","twitter:site":"@NabercoDigital","twitter:title":"El Teatro de la Laboral acoge los musicales de Annie y Jekyll &amp; Hyde | Cand\u00e1s 365","twitter:description":"Del 25 al 27 de octubre el Teatro de la Laboral acoge los musicales de Annie y de Jekyll &amp; Hyde, ambos bajo la direcci\u00f3n y adaptaci\u00f3n de Tom\u00e1s Padilla. El p\u00fablico se trasladar\u00e1 al Nuevo York de los a\u00f1os 30 a trav\u00e9s de la escenograf\u00eda e iluminaci\u00f3n de Annie, el musical, con canciones y","twitter:creator":"@nbasturias","twitter:image":"https:\/\/candas365.es\/noticias\/wp-content\/uploads\/2017\/09\/Laboral.jpg","twitter:label1":"Escrito por","twitter:data1":"Cand\u00e1s 365","twitter:label2":"Tiempo de lectura estimado","twitter:data2":"2 minutos"},"aioseo_meta_data":{"post_id":"131670","title":null,"description":null,"keywords":null,"keyphrases":null,"primary_term":null,"canonical_url":null,"og_title":null,"og_description":null,"og_object_type":"default","og_image_type":"default","og_image_url":null,"og_image_width":null,"og_image_height":null,"og_image_custom_url":null,"og_image_custom_fields":null,"og_video":null,"og_custom_url":null,"og_article_section":null,"og_article_tags":null,"twitter_use_og":false,"twitter_card":"default","twitter_image_type":"default","twitter_image_url":null,"twitter_image_custom_url":null,"twitter_image_custom_fields":null,"twitter_title":null,"twitter_description":null,"schema":{"blockGraphs":[],"customGraphs":[],"default":{"data":{"Article":[],"Course":[],"Dataset":[],"FAQPage":[],"Movie":[],"Person":[],"Product":[],"ProductReview":[],"Car":[],"Recipe":[],"Service":[],"SoftwareApplication":[],"WebPage":[]},"graphName":"","isEnabled":true},"graphs":[],"defaultGraph":"","defaultPostTypeGraph":""},"schema_type":null,"schema_type_options":null,"pillar_content":false,"robots_default":true,"robots_noindex":false,"robots_noarchive":false,"robots_nosnippet":false,"robots_nofollow":false,"robots_noimageindex":false,"robots_noodp":false,"robots_notranslate":false,"robots_max_snippet":null,"robots_max_videopreview":null,"robots_max_imagepreview":"large","priority":null,"frequency":null,"location":null,"local_seo":null,"seo_analyzer_scan_date":"2025-08-30 15:57:09","breadcrumb_settings":null,"limit_modified_date":false,"reviewed_by":null,"open_ai":null,"ai":null,"created":"2020-12-21 10:51:23","updated":"2025-08-30 15:57:09"},"aioseo_breadcrumb":"<div class=\"aioseo-breadcrumbs\"><span class=\"aioseo-breadcrumb\">\n\t<a href=\"https:\/\/candas365.es\/noticias\" title=\"Home\">Home<\/a>\n<\/span><span class=\"aioseo-breadcrumb-separator\">&ndash;<\/span><span class=\"aioseo-breadcrumb\">\n\t<a href=\"https:\/\/candas365.es\/noticias\/category\/agenda\/\" title=\"Agenda\">Agenda<\/a>\n<\/span><span class=\"aioseo-breadcrumb-separator\">&ndash;<\/span><span class=\"aioseo-breadcrumb\">\n\tEl Teatro de la Laboral acoge los musicales de Annie y Jekyll &amp; Hyde\n<\/span><\/div>","aioseo_breadcrumb_json":[{"label":"Home","link":"https:\/\/candas365.es\/noticias"},{"label":"Agenda","link":"https:\/\/candas365.es\/noticias\/category\/agenda\/"},{"label":"El Teatro de la Laboral acoge los musicales de Annie y Jekyll &#038; Hyde","link":"https:\/\/candas365.es\/noticias\/el-teatro-de-la-laboral-acoge-los-musicales-de-annie-y-jekyll-hyde\/"}],"_links":{"self":[{"href":"https:\/\/candas365.es\/noticias\/wp-json\/wp\/v2\/posts\/131670","targetHints":{"allow":["GET"]}}],"collection":[{"href":"https:\/\/candas365.es\/noticias\/wp-json\/wp\/v2\/posts"}],"about":[{"href":"https:\/\/candas365.es\/noticias\/wp-json\/wp\/v2\/types\/post"}],"author":[{"embeddable":true,"href":"https:\/\/candas365.es\/noticias\/wp-json\/wp\/v2\/users\/1"}],"replies":[{"embeddable":true,"href":"https:\/\/candas365.es\/noticias\/wp-json\/wp\/v2\/comments?post=131670"}],"version-history":[{"count":0,"href":"https:\/\/candas365.es\/noticias\/wp-json\/wp\/v2\/posts\/131670\/revisions"}],"wp:featuredmedia":[{"embeddable":true,"href":"https:\/\/candas365.es\/noticias\/wp-json\/wp\/v2\/media\/80268"}],"wp:attachment":[{"href":"https:\/\/candas365.es\/noticias\/wp-json\/wp\/v2\/media?parent=131670"}],"wp:term":[{"taxonomy":"category","embeddable":true,"href":"https:\/\/candas365.es\/noticias\/wp-json\/wp\/v2\/categories?post=131670"},{"taxonomy":"post_tag","embeddable":true,"href":"https:\/\/candas365.es\/noticias\/wp-json\/wp\/v2\/tags?post=131670"}],"curies":[{"name":"wp","href":"https:\/\/api.w.org\/{rel}","templated":true}]}}