{"id":131666,"date":"2019-10-22T03:14:05","date_gmt":"2019-10-22T03:14:05","guid":{"rendered":"http:\/\/candas365.es\/noticias\/?p=131666"},"modified":"2019-10-22T03:14:05","modified_gmt":"2019-10-22T03:14:05","slug":"hoeness-pide-al-bayern-mas-goles","status":"publish","type":"post","link":"https:\/\/candas365.es\/noticias\/hoeness-pide-al-bayern-mas-goles\/","title":{"rendered":"Hoeness pide al Bayern m\u00e1s goles"},"content":{"rendered":"<p><img fetchpriority=\"high\" decoding=\"async\" class=\"alignleft size-medium wp-image-94574\" src=\"https:\/\/candas365.es\/noticias\/wp-content\/uploads\/2018\/04\/arena-1181668_960_720-360x240.jpg\" alt=\"\" width=\"360\" height=\"240\" srcset=\"https:\/\/candas365.es\/noticias\/wp-content\/uploads\/2018\/04\/arena-1181668_960_720-360x240.jpg 360w, https:\/\/candas365.es\/noticias\/wp-content\/uploads\/2018\/04\/arena-1181668_960_720-768x512.jpg 768w, https:\/\/candas365.es\/noticias\/wp-content\/uploads\/2018\/04\/arena-1181668_960_720-655x437.jpg 655w, https:\/\/candas365.es\/noticias\/wp-content\/uploads\/2018\/04\/arena-1181668_960_720-696x464.jpg 696w, https:\/\/candas365.es\/noticias\/wp-content\/uploads\/2018\/04\/arena-1181668_960_720-630x420.jpg 630w, https:\/\/candas365.es\/noticias\/wp-content\/uploads\/2018\/04\/arena-1181668_960_720.jpg 960w\" sizes=\"(max-width: 360px) 100vw, 360px\" \/>M\u00fanich\/Atenas, 21 oct (dpa) &#8211; El directivo del club Bayern M\u00fanich, Uli Hoeness, pidi\u00f3 hoy a sus jugadores que se concentren m\u00e1s, sobre todo en la ofensiva, tras dos desilusiones en la Bundesliga.<\/p>\n<p>\u00abEsa es la actitud\u00bb, dijo el presidente del club b\u00e1varo en el aeropuerto de M\u00fanich. \u00abHay que jugarse por entero por los goles\u00bb, a\u00f1adi\u00f3.<\/p>\n<p>En el 2-2 del s\u00e1bado en Augsburgo, el campe\u00f3n r\u00e9cord perdi\u00f3 varias oportunidades. \u00abMe preocupar\u00eda si no tuvi\u00e9ramos oportunidades. No me suelo preocupar si hacemos pr\u00e1cticas de tiro contra figuras de barro como en Augsburgo\u00bb, indic\u00f3.<\/p>\n<p>\u00abNo jugamos mal, pero no lo hacemos de forma lo suficientemente consecuente. Tenemos incre\u00edbles oportunidades de gol, pero no los metemos\u00bb, subray\u00f3 Hoeness antes del tercer partido de la fase de grupos de la Champions League que se jugar\u00e1 ma\u00f1ana contra el Olympiacos de El Pireo.<\/p>\n<p>El presidente saliente del club de M\u00fanich tampoco se hace problemas por la defensa a pesar de la ausencia de Niklas S\u00fcle. Sin un jefe la defensa \u00abse construye m\u00e1s o menos sola\u00bb, dijo, apelando a un puesto como titular para Javi Mart\u00ednez.<\/p>\n<p>\u00abEn mi opini\u00f3n, nuestro problema con la defensa se resolver\u00e1 cuando Mart\u00ednez juegue como seis. De esa forma nos meter\u00e1n menos goles en el futuro\u00bb, a\u00f1adi\u00f3.<\/p>\n<p>Despu\u00e9s de dos victorias al inicio de la Champions League, los b\u00e1varos podr\u00edan dar con un \u00e9xito m\u00e1s un gran paso en direcci\u00f3n a los octavos de final.<\/p>\n<p>\u00abYa sufrimos una advertencia, eso est\u00e1 claro\u00bb, opin\u00f3 el director deportivo del Bayern, Hasan Salihamidzic, que al igual que Hoeness pidi\u00f3 a su equipo que aproveche mejor las oportunidades. Record\u00f3 asimismo el 7-2 ante el finalista del a\u00f1o anterior, el Tottenham Hotspur.<\/p>\n<p>\u00abPor supuesto que la referencia es el juego en Tottenham, hacia eso hay que orientarse\u00bb, apunt\u00f3.<\/p>\n","protected":false},"excerpt":{"rendered":"<p>M\u00fanich\/Atenas, 21 oct (dpa) &#8211; El directivo del club Bayern M\u00fanich, Uli Hoeness, pidi\u00f3 hoy a sus jugadores que se concentren m\u00e1s, sobre todo en la ofensiva, tras dos desilusiones en la Bundesliga. \u00abEsa es la actitud\u00bb, dijo el presidente del club b\u00e1varo en el aeropuerto de M\u00fanich. \u00abHay que jugarse por entero por los<\/p>\n","protected":false},"author":1,"featured_media":94574,"comment_status":"closed","ping_status":"closed","sticky":false,"template":"","format":"standard","meta":{"footnotes":""},"categories":[319],"tags":[],"class_list":{"0":"post-131666","1":"post","2":"type-post","3":"status-publish","4":"format-standard","5":"has-post-thumbnail","7":"category-deporte"},"aioseo_notices":[],"aioseo_head":"\n\t\t<!-- All in One SEO Pro 4.9.6.2 - aioseo.com -->\n\t<meta name=\"description\" content=\"M\u00fanich\/Atenas, 21 oct (dpa) - El directivo del club Bayern M\u00fanich, Uli Hoeness, pidi\u00f3 hoy a sus jugadores que se concentren m\u00e1s, sobre todo en la ofensiva, tras dos desilusiones en la Bundesliga. &quot;Esa es la actitud&quot;, dijo el presidente del club b\u00e1varo en el aeropuerto de M\u00fanich. &quot;Hay que jugarse por entero por los\" \/>\n\t<meta name=\"robots\" content=\"max-image-preview:large\" \/>\n\t<meta name=\"author\" content=\"Cand\u00e1s 365\"\/>\n\t<meta name=\"google-site-verification\" content=\"UA-32230408-1\" \/>\n\t<meta name=\"msvalidate.01\" content=\"354F3CDFB2DA171B47FBE9ABF1F88D5\" \/>\n\t<meta name=\"keywords\" content=\"deporte\" \/>\n\t<link rel=\"canonical\" href=\"https:\/\/candas365.es\/noticias\/hoeness-pide-al-bayern-mas-goles\/\" \/>\n\t<meta name=\"generator\" content=\"All in One SEO Pro (AIOSEO) 4.9.6.2\" \/>\n\t\t<meta property=\"og:locale\" content=\"es_ES\" \/>\n\t\t<meta property=\"og:site_name\" content=\"Cand\u00e1s 365\" \/>\n\t\t<meta property=\"og:type\" content=\"article\" \/>\n\t\t<meta property=\"og:title\" content=\"Hoeness pide al Bayern m\u00e1s goles | Cand\u00e1s 365\" \/>\n\t\t<meta property=\"og:description\" content=\"M\u00fanich\/Atenas, 21 oct (dpa) - El directivo del club Bayern M\u00fanich, Uli Hoeness, pidi\u00f3 hoy a sus jugadores que se concentren m\u00e1s, sobre todo en la ofensiva, tras dos desilusiones en la Bundesliga. &quot;Esa es la actitud&quot;, dijo el presidente del club b\u00e1varo en el aeropuerto de M\u00fanich. &quot;Hay que jugarse por entero por los\" \/>\n\t\t<meta property=\"og:url\" content=\"https:\/\/candas365.es\/noticias\/hoeness-pide-al-bayern-mas-goles\/\" \/>\n\t\t<meta property=\"og:image\" content=\"https:\/\/candas365.es\/noticias\/wp-content\/uploads\/2018\/04\/arena-1181668_960_720.jpg\" \/>\n\t\t<meta property=\"og:image:secure_url\" content=\"https:\/\/candas365.es\/noticias\/wp-content\/uploads\/2018\/04\/arena-1181668_960_720.jpg\" \/>\n\t\t<meta property=\"og:image:width\" content=\"960\" \/>\n\t\t<meta property=\"og:image:height\" content=\"640\" \/>\n\t\t<meta property=\"article:published_time\" content=\"2019-10-22T03:14:05+00:00\" \/>\n\t\t<meta property=\"article:modified_time\" content=\"2019-10-22T03:14:05+00:00\" \/>\n\t\t<meta property=\"article:publisher\" content=\"https:\/\/www.facebook.com\/Nachofdezber\" \/>\n\t\t<meta property=\"article:author\" content=\"https:\/\/www.facebook.com\/carrenoactualidad\" \/>\n\t\t<meta name=\"twitter:card\" content=\"summary_large_image\" \/>\n\t\t<meta name=\"twitter:site\" content=\"@NabercoDigital\" \/>\n\t\t<meta name=\"twitter:title\" content=\"Hoeness pide al Bayern m\u00e1s goles | Cand\u00e1s 365\" \/>\n\t\t<meta name=\"twitter:description\" content=\"M\u00fanich\/Atenas, 21 oct (dpa) - El directivo del club Bayern M\u00fanich, Uli Hoeness, pidi\u00f3 hoy a sus jugadores que se concentren m\u00e1s, sobre todo en la ofensiva, tras dos desilusiones en la Bundesliga. &quot;Esa es la actitud&quot;, dijo el presidente del club b\u00e1varo en el aeropuerto de M\u00fanich. &quot;Hay que jugarse por entero por los\" \/>\n\t\t<meta name=\"twitter:creator\" content=\"@nbasturias\" \/>\n\t\t<meta name=\"twitter:image\" content=\"https:\/\/candas365.es\/noticias\/wp-content\/uploads\/2018\/04\/arena-1181668_960_720.jpg\" \/>\n\t\t<meta name=\"twitter:label1\" content=\"Escrito por\" \/>\n\t\t<meta name=\"twitter:data1\" content=\"Cand\u00e1s 365\" \/>\n\t\t<meta name=\"twitter:label2\" content=\"Tiempo de lectura estimado\" \/>\n\t\t<meta name=\"twitter:data2\" content=\"2 minutos\" \/>\n\t\t<script type=\"application\/ld+json\" class=\"aioseo-schema\">\n\t\t\t{\"@context\":\"https:\\\/\\\/schema.org\",\"@graph\":[{\"@type\":\"BreadcrumbList\",\"@id\":\"https:\\\/\\\/candas365.es\\\/noticias\\\/hoeness-pide-al-bayern-mas-goles\\\/#breadcrumblist\",\"itemListElement\":[{\"@type\":\"ListItem\",\"@id\":\"https:\\\/\\\/candas365.es\\\/noticias#listItem\",\"position\":1,\"name\":\"Home\",\"item\":\"https:\\\/\\\/candas365.es\\\/noticias\",\"nextItem\":{\"@type\":\"ListItem\",\"@id\":\"https:\\\/\\\/candas365.es\\\/noticias\\\/category\\\/deporte\\\/#listItem\",\"name\":\"Deporte\"}},{\"@type\":\"ListItem\",\"@id\":\"https:\\\/\\\/candas365.es\\\/noticias\\\/category\\\/deporte\\\/#listItem\",\"position\":2,\"name\":\"Deporte\",\"item\":\"https:\\\/\\\/candas365.es\\\/noticias\\\/category\\\/deporte\\\/\",\"nextItem\":{\"@type\":\"ListItem\",\"@id\":\"https:\\\/\\\/candas365.es\\\/noticias\\\/hoeness-pide-al-bayern-mas-goles\\\/#listItem\",\"name\":\"Hoeness pide al Bayern m\\u00e1s goles\"},\"previousItem\":{\"@type\":\"ListItem\",\"@id\":\"https:\\\/\\\/candas365.es\\\/noticias#listItem\",\"name\":\"Home\"}},{\"@type\":\"ListItem\",\"@id\":\"https:\\\/\\\/candas365.es\\\/noticias\\\/hoeness-pide-al-bayern-mas-goles\\\/#listItem\",\"position\":3,\"name\":\"Hoeness pide al Bayern m\\u00e1s goles\",\"previousItem\":{\"@type\":\"ListItem\",\"@id\":\"https:\\\/\\\/candas365.es\\\/noticias\\\/category\\\/deporte\\\/#listItem\",\"name\":\"Deporte\"}}]},{\"@type\":\"NewsArticle\",\"@id\":\"https:\\\/\\\/candas365.es\\\/noticias\\\/hoeness-pide-al-bayern-mas-goles\\\/#newsarticle\",\"name\":\"Hoeness pide al Bayern m\\u00e1s goles | Cand\\u00e1s 365\",\"headline\":\"Hoeness pide al Bayern m\\u00e1s goles\",\"author\":{\"@id\":\"https:\\\/\\\/candas365.es\\\/noticias\\\/author\\\/admin\\\/#author\"},\"publisher\":{\"@id\":\"https:\\\/\\\/candas365.es\\\/noticias\\\/#organization\"},\"image\":{\"@type\":\"ImageObject\",\"url\":\"https:\\\/\\\/candas365.es\\\/noticias\\\/wp-content\\\/uploads\\\/2018\\\/04\\\/arena-1181668_960_720.jpg\",\"width\":960,\"height\":640},\"datePublished\":\"2019-10-22T03:14:05+02:00\",\"dateModified\":\"2019-10-22T03:14:05+02:00\",\"inLanguage\":\"es-ES\",\"mainEntityOfPage\":{\"@id\":\"https:\\\/\\\/candas365.es\\\/noticias\\\/hoeness-pide-al-bayern-mas-goles\\\/#webpage\"},\"isPartOf\":{\"@id\":\"https:\\\/\\\/candas365.es\\\/noticias\\\/hoeness-pide-al-bayern-mas-goles\\\/#webpage\"},\"articleSection\":\"Deporte\",\"dateline\":\"Publicado el octubre 22, 2019.\"},{\"@type\":\"Organization\",\"@id\":\"https:\\\/\\\/candas365.es\\\/noticias\\\/#organization\",\"name\":\"Cand\\u00e1s 365\",\"description\":\"Cand\\u00e1s 365 es un diario digital independiente, fundado en 2012, con base en Asturias. Informamos con rigor sobre actualidad, sociedad, cultura y ocio, con una mirada local y global.\",\"url\":\"https:\\\/\\\/candas365.es\\\/noticias\\\/\",\"email\":\"info@candas365.es\",\"telephone\":\"+34652131393\",\"foundingDate\":\"2012-06-10\",\"logo\":{\"@type\":\"ImageObject\",\"url\":\"https:\\\/\\\/candas365.es\\\/noticias\\\/wp-content\\\/uploads\\\/2024\\\/09\\\/Candas-365-Redes.jpg\",\"@id\":\"https:\\\/\\\/candas365.es\\\/noticias\\\/hoeness-pide-al-bayern-mas-goles\\\/#organizationLogo\",\"width\":1152,\"height\":864,\"caption\":\"Cand\\u00e1s 365 Redes\"},\"image\":{\"@id\":\"https:\\\/\\\/candas365.es\\\/noticias\\\/hoeness-pide-al-bayern-mas-goles\\\/#organizationLogo\"},\"sameAs\":[\"https:\\\/\\\/www.facebook.com\\\/Nachofdezber\",\"https:\\\/\\\/x.com\\\/NabercoDigital\",\"https:\\\/\\\/www.instagram.com\\\/nachofdezber\\\/\",\"https:\\\/\\\/www.youtube.com\\\/channel\\\/UCZP-2wLEB9Rv6erhFmqVnvg\"],\"address\":{\"@id\":\"https:\\\/\\\/candas365.es\\\/noticias\\\/#postaladdress\",\"@type\":\"PostalAddress\",\"streetAddress\":\"san antonio 4, san antonio 4\",\"postalCode\":\"33430\",\"addressLocality\":\"Cand\\u00e1s\",\"addressRegion\":\"Asturias\",\"addressCountry\":\"ES\"}},{\"@type\":\"Person\",\"@id\":\"https:\\\/\\\/candas365.es\\\/noticias\\\/author\\\/admin\\\/#author\",\"url\":\"https:\\\/\\\/candas365.es\\\/noticias\\\/author\\\/admin\\\/\",\"name\":\"Cand\\u00e1s 365\",\"image\":{\"@type\":\"ImageObject\",\"@id\":\"https:\\\/\\\/candas365.es\\\/noticias\\\/hoeness-pide-al-bayern-mas-goles\\\/#authorImage\",\"url\":\"https:\\\/\\\/secure.gravatar.com\\\/avatar\\\/496a8e03d0c493ede1718b7934145dbdf8d89be1036b0eec9544e1094c9de390?s=96&d=mm&r=g\",\"width\":96,\"height\":96,\"caption\":\"Cand\\u00e1s 365\"},\"sameAs\":[\"https:\\\/\\\/www.facebook.com\\\/carrenoactualidad\",\"https:\\\/\\\/twitter.com\\\/nbasturias\",\"https:\\\/\\\/www.instagram.com\\\/nachofdezber\\\/\",\"https:\\\/\\\/www.youtube.com\\\/channel\\\/UCZP-2wLEB9Rv6erhFmqVnvg\"]},{\"@type\":\"WebPage\",\"@id\":\"https:\\\/\\\/candas365.es\\\/noticias\\\/hoeness-pide-al-bayern-mas-goles\\\/#webpage\",\"url\":\"https:\\\/\\\/candas365.es\\\/noticias\\\/hoeness-pide-al-bayern-mas-goles\\\/\",\"name\":\"Hoeness pide al Bayern m\\u00e1s goles | Cand\\u00e1s 365\",\"description\":\"M\\u00fanich\\\/Atenas, 21 oct (dpa) - El directivo del club Bayern M\\u00fanich, Uli Hoeness, pidi\\u00f3 hoy a sus jugadores que se concentren m\\u00e1s, sobre todo en la ofensiva, tras dos desilusiones en la Bundesliga. \\\"Esa es la actitud\\\", dijo el presidente del club b\\u00e1varo en el aeropuerto de M\\u00fanich. \\\"Hay que jugarse por entero por los\",\"inLanguage\":\"es-ES\",\"isPartOf\":{\"@id\":\"https:\\\/\\\/candas365.es\\\/noticias\\\/#website\"},\"breadcrumb\":{\"@id\":\"https:\\\/\\\/candas365.es\\\/noticias\\\/hoeness-pide-al-bayern-mas-goles\\\/#breadcrumblist\"},\"author\":{\"@id\":\"https:\\\/\\\/candas365.es\\\/noticias\\\/author\\\/admin\\\/#author\"},\"creator\":{\"@id\":\"https:\\\/\\\/candas365.es\\\/noticias\\\/author\\\/admin\\\/#author\"},\"image\":{\"@type\":\"ImageObject\",\"url\":\"https:\\\/\\\/candas365.es\\\/noticias\\\/wp-content\\\/uploads\\\/2018\\\/04\\\/arena-1181668_960_720.jpg\",\"@id\":\"https:\\\/\\\/candas365.es\\\/noticias\\\/hoeness-pide-al-bayern-mas-goles\\\/#mainImage\",\"width\":960,\"height\":640},\"primaryImageOfPage\":{\"@id\":\"https:\\\/\\\/candas365.es\\\/noticias\\\/hoeness-pide-al-bayern-mas-goles\\\/#mainImage\"},\"datePublished\":\"2019-10-22T03:14:05+02:00\",\"dateModified\":\"2019-10-22T03:14:05+02:00\"},{\"@type\":\"WebSite\",\"@id\":\"https:\\\/\\\/candas365.es\\\/noticias\\\/#website\",\"url\":\"https:\\\/\\\/candas365.es\\\/noticias\\\/\",\"name\":\"Cand\\u00e1s 365\",\"alternateName\":\"Cand\\u00e1s 365 Noticias\",\"description\":\"Actualidad desde Carre\\u00f1o para el mundo\",\"inLanguage\":\"es-ES\",\"publisher\":{\"@id\":\"https:\\\/\\\/candas365.es\\\/noticias\\\/#organization\"}}]}\n\t\t<\/script>\n\t\t<!-- All in One SEO Pro -->\r\n\t\t<title>Hoeness pide al Bayern m\u00e1s goles | Cand\u00e1s 365<\/title>\n\n","aioseo_head_json":{"title":"Hoeness pide al Bayern m\u00e1s goles | Cand\u00e1s 365","description":"M\u00fanich\/Atenas, 21 oct (dpa) - El directivo del club Bayern M\u00fanich, Uli Hoeness, pidi\u00f3 hoy a sus jugadores que se concentren m\u00e1s, sobre todo en la ofensiva, tras dos desilusiones en la Bundesliga. \"Esa es la actitud\", dijo el presidente del club b\u00e1varo en el aeropuerto de M\u00fanich. \"Hay que jugarse por entero por los","canonical_url":"https:\/\/candas365.es\/noticias\/hoeness-pide-al-bayern-mas-goles\/","robots":"max-image-preview:large","keywords":"deporte","webmasterTools":{"google-site-verification":"UA-32230408-1","msvalidate.01":"354F3CDFB2DA171B47FBE9ABF1F88D5","miscellaneous":""},"schema":{"@context":"https:\/\/schema.org","@graph":[{"@type":"BreadcrumbList","@id":"https:\/\/candas365.es\/noticias\/hoeness-pide-al-bayern-mas-goles\/#breadcrumblist","itemListElement":[{"@type":"ListItem","@id":"https:\/\/candas365.es\/noticias#listItem","position":1,"name":"Home","item":"https:\/\/candas365.es\/noticias","nextItem":{"@type":"ListItem","@id":"https:\/\/candas365.es\/noticias\/category\/deporte\/#listItem","name":"Deporte"}},{"@type":"ListItem","@id":"https:\/\/candas365.es\/noticias\/category\/deporte\/#listItem","position":2,"name":"Deporte","item":"https:\/\/candas365.es\/noticias\/category\/deporte\/","nextItem":{"@type":"ListItem","@id":"https:\/\/candas365.es\/noticias\/hoeness-pide-al-bayern-mas-goles\/#listItem","name":"Hoeness pide al Bayern m\u00e1s goles"},"previousItem":{"@type":"ListItem","@id":"https:\/\/candas365.es\/noticias#listItem","name":"Home"}},{"@type":"ListItem","@id":"https:\/\/candas365.es\/noticias\/hoeness-pide-al-bayern-mas-goles\/#listItem","position":3,"name":"Hoeness pide al Bayern m\u00e1s goles","previousItem":{"@type":"ListItem","@id":"https:\/\/candas365.es\/noticias\/category\/deporte\/#listItem","name":"Deporte"}}]},{"@type":"NewsArticle","@id":"https:\/\/candas365.es\/noticias\/hoeness-pide-al-bayern-mas-goles\/#newsarticle","name":"Hoeness pide al Bayern m\u00e1s goles | Cand\u00e1s 365","headline":"Hoeness pide al Bayern m\u00e1s goles","author":{"@id":"https:\/\/candas365.es\/noticias\/author\/admin\/#author"},"publisher":{"@id":"https:\/\/candas365.es\/noticias\/#organization"},"image":{"@type":"ImageObject","url":"https:\/\/candas365.es\/noticias\/wp-content\/uploads\/2018\/04\/arena-1181668_960_720.jpg","width":960,"height":640},"datePublished":"2019-10-22T03:14:05+02:00","dateModified":"2019-10-22T03:14:05+02:00","inLanguage":"es-ES","mainEntityOfPage":{"@id":"https:\/\/candas365.es\/noticias\/hoeness-pide-al-bayern-mas-goles\/#webpage"},"isPartOf":{"@id":"https:\/\/candas365.es\/noticias\/hoeness-pide-al-bayern-mas-goles\/#webpage"},"articleSection":"Deporte","dateline":"Publicado el octubre 22, 2019."},{"@type":"Organization","@id":"https:\/\/candas365.es\/noticias\/#organization","name":"Cand\u00e1s 365","description":"Cand\u00e1s 365 es un diario digital independiente, fundado en 2012, con base en Asturias. Informamos con rigor sobre actualidad, sociedad, cultura y ocio, con una mirada local y global.","url":"https:\/\/candas365.es\/noticias\/","email":"info@candas365.es","telephone":"+34652131393","foundingDate":"2012-06-10","logo":{"@type":"ImageObject","url":"https:\/\/candas365.es\/noticias\/wp-content\/uploads\/2024\/09\/Candas-365-Redes.jpg","@id":"https:\/\/candas365.es\/noticias\/hoeness-pide-al-bayern-mas-goles\/#organizationLogo","width":1152,"height":864,"caption":"Cand\u00e1s 365 Redes"},"image":{"@id":"https:\/\/candas365.es\/noticias\/hoeness-pide-al-bayern-mas-goles\/#organizationLogo"},"sameAs":["https:\/\/www.facebook.com\/Nachofdezber","https:\/\/x.com\/NabercoDigital","https:\/\/www.instagram.com\/nachofdezber\/","https:\/\/www.youtube.com\/channel\/UCZP-2wLEB9Rv6erhFmqVnvg"],"address":{"@id":"https:\/\/candas365.es\/noticias\/#postaladdress","@type":"PostalAddress","streetAddress":"san antonio 4, san antonio 4","postalCode":"33430","addressLocality":"Cand\u00e1s","addressRegion":"Asturias","addressCountry":"ES"}},{"@type":"Person","@id":"https:\/\/candas365.es\/noticias\/author\/admin\/#author","url":"https:\/\/candas365.es\/noticias\/author\/admin\/","name":"Cand\u00e1s 365","image":{"@type":"ImageObject","@id":"https:\/\/candas365.es\/noticias\/hoeness-pide-al-bayern-mas-goles\/#authorImage","url":"https:\/\/secure.gravatar.com\/avatar\/496a8e03d0c493ede1718b7934145dbdf8d89be1036b0eec9544e1094c9de390?s=96&d=mm&r=g","width":96,"height":96,"caption":"Cand\u00e1s 365"},"sameAs":["https:\/\/www.facebook.com\/carrenoactualidad","https:\/\/twitter.com\/nbasturias","https:\/\/www.instagram.com\/nachofdezber\/","https:\/\/www.youtube.com\/channel\/UCZP-2wLEB9Rv6erhFmqVnvg"]},{"@type":"WebPage","@id":"https:\/\/candas365.es\/noticias\/hoeness-pide-al-bayern-mas-goles\/#webpage","url":"https:\/\/candas365.es\/noticias\/hoeness-pide-al-bayern-mas-goles\/","name":"Hoeness pide al Bayern m\u00e1s goles | Cand\u00e1s 365","description":"M\u00fanich\/Atenas, 21 oct (dpa) - El directivo del club Bayern M\u00fanich, Uli Hoeness, pidi\u00f3 hoy a sus jugadores que se concentren m\u00e1s, sobre todo en la ofensiva, tras dos desilusiones en la Bundesliga. \"Esa es la actitud\", dijo el presidente del club b\u00e1varo en el aeropuerto de M\u00fanich. \"Hay que jugarse por entero por los","inLanguage":"es-ES","isPartOf":{"@id":"https:\/\/candas365.es\/noticias\/#website"},"breadcrumb":{"@id":"https:\/\/candas365.es\/noticias\/hoeness-pide-al-bayern-mas-goles\/#breadcrumblist"},"author":{"@id":"https:\/\/candas365.es\/noticias\/author\/admin\/#author"},"creator":{"@id":"https:\/\/candas365.es\/noticias\/author\/admin\/#author"},"image":{"@type":"ImageObject","url":"https:\/\/candas365.es\/noticias\/wp-content\/uploads\/2018\/04\/arena-1181668_960_720.jpg","@id":"https:\/\/candas365.es\/noticias\/hoeness-pide-al-bayern-mas-goles\/#mainImage","width":960,"height":640},"primaryImageOfPage":{"@id":"https:\/\/candas365.es\/noticias\/hoeness-pide-al-bayern-mas-goles\/#mainImage"},"datePublished":"2019-10-22T03:14:05+02:00","dateModified":"2019-10-22T03:14:05+02:00"},{"@type":"WebSite","@id":"https:\/\/candas365.es\/noticias\/#website","url":"https:\/\/candas365.es\/noticias\/","name":"Cand\u00e1s 365","alternateName":"Cand\u00e1s 365 Noticias","description":"Actualidad desde Carre\u00f1o para el mundo","inLanguage":"es-ES","publisher":{"@id":"https:\/\/candas365.es\/noticias\/#organization"}}]},"og:locale":"es_ES","og:site_name":"Cand\u00e1s 365","og:type":"article","og:title":"Hoeness pide al Bayern m\u00e1s goles | Cand\u00e1s 365","og:description":"M\u00fanich\/Atenas, 21 oct (dpa) - El directivo del club Bayern M\u00fanich, Uli Hoeness, pidi\u00f3 hoy a sus jugadores que se concentren m\u00e1s, sobre todo en la ofensiva, tras dos desilusiones en la Bundesliga. &quot;Esa es la actitud&quot;, dijo el presidente del club b\u00e1varo en el aeropuerto de M\u00fanich. &quot;Hay que jugarse por entero por los","og:url":"https:\/\/candas365.es\/noticias\/hoeness-pide-al-bayern-mas-goles\/","og:image":"https:\/\/candas365.es\/noticias\/wp-content\/uploads\/2018\/04\/arena-1181668_960_720.jpg","og:image:secure_url":"https:\/\/candas365.es\/noticias\/wp-content\/uploads\/2018\/04\/arena-1181668_960_720.jpg","og:image:width":960,"og:image:height":640,"article:published_time":"2019-10-22T03:14:05+00:00","article:modified_time":"2019-10-22T03:14:05+00:00","article:publisher":"https:\/\/www.facebook.com\/Nachofdezber","article:author":"https:\/\/www.facebook.com\/carrenoactualidad","twitter:card":"summary_large_image","twitter:site":"@NabercoDigital","twitter:title":"Hoeness pide al Bayern m\u00e1s goles | Cand\u00e1s 365","twitter:description":"M\u00fanich\/Atenas, 21 oct (dpa) - El directivo del club Bayern M\u00fanich, Uli Hoeness, pidi\u00f3 hoy a sus jugadores que se concentren m\u00e1s, sobre todo en la ofensiva, tras dos desilusiones en la Bundesliga. &quot;Esa es la actitud&quot;, dijo el presidente del club b\u00e1varo en el aeropuerto de M\u00fanich. &quot;Hay que jugarse por entero por los","twitter:creator":"@nbasturias","twitter:image":"https:\/\/candas365.es\/noticias\/wp-content\/uploads\/2018\/04\/arena-1181668_960_720.jpg","twitter:label1":"Escrito por","twitter:data1":"Cand\u00e1s 365","twitter:label2":"Tiempo de lectura estimado","twitter:data2":"2 minutos"},"aioseo_meta_data":{"post_id":"131666","title":null,"description":null,"keywords":null,"keyphrases":null,"primary_term":null,"canonical_url":null,"og_title":null,"og_description":null,"og_object_type":"default","og_image_type":"default","og_image_url":null,"og_image_width":null,"og_image_height":null,"og_image_custom_url":null,"og_image_custom_fields":null,"og_video":null,"og_custom_url":null,"og_article_section":null,"og_article_tags":null,"twitter_use_og":false,"twitter_card":"default","twitter_image_type":"default","twitter_image_url":null,"twitter_image_custom_url":null,"twitter_image_custom_fields":null,"twitter_title":null,"twitter_description":null,"schema":{"blockGraphs":[],"customGraphs":[],"default":{"data":{"Article":[],"Course":[],"Dataset":[],"FAQPage":[],"Movie":[],"Person":[],"Product":[],"ProductReview":[],"Car":[],"Recipe":[],"Service":[],"SoftwareApplication":[],"WebPage":[]},"graphName":"","isEnabled":true},"graphs":[],"defaultGraph":"","defaultPostTypeGraph":""},"schema_type":null,"schema_type_options":null,"pillar_content":false,"robots_default":true,"robots_noindex":false,"robots_noarchive":false,"robots_nosnippet":false,"robots_nofollow":false,"robots_noimageindex":false,"robots_noodp":false,"robots_notranslate":false,"robots_max_snippet":null,"robots_max_videopreview":null,"robots_max_imagepreview":"large","priority":null,"frequency":null,"location":null,"local_seo":null,"seo_analyzer_scan_date":"2025-08-30 15:57:08","breadcrumb_settings":null,"limit_modified_date":false,"reviewed_by":null,"open_ai":null,"ai":null,"created":"2020-12-21 10:51:23","updated":"2025-08-30 15:57:08"},"aioseo_breadcrumb":"<div class=\"aioseo-breadcrumbs\"><span class=\"aioseo-breadcrumb\">\n\t<a href=\"https:\/\/candas365.es\/noticias\" title=\"Home\">Home<\/a>\n<\/span><span class=\"aioseo-breadcrumb-separator\">&ndash;<\/span><span class=\"aioseo-breadcrumb\">\n\t<a href=\"https:\/\/candas365.es\/noticias\/category\/deporte\/\" title=\"Deporte\">Deporte<\/a>\n<\/span><span class=\"aioseo-breadcrumb-separator\">&ndash;<\/span><span class=\"aioseo-breadcrumb\">\n\tHoeness pide al Bayern m\u00e1s goles\n<\/span><\/div>","aioseo_breadcrumb_json":[{"label":"Home","link":"https:\/\/candas365.es\/noticias"},{"label":"Deporte","link":"https:\/\/candas365.es\/noticias\/category\/deporte\/"},{"label":"Hoeness pide al Bayern m\u00e1s goles","link":"https:\/\/candas365.es\/noticias\/hoeness-pide-al-bayern-mas-goles\/"}],"_links":{"self":[{"href":"https:\/\/candas365.es\/noticias\/wp-json\/wp\/v2\/posts\/131666","targetHints":{"allow":["GET"]}}],"collection":[{"href":"https:\/\/candas365.es\/noticias\/wp-json\/wp\/v2\/posts"}],"about":[{"href":"https:\/\/candas365.es\/noticias\/wp-json\/wp\/v2\/types\/post"}],"author":[{"embeddable":true,"href":"https:\/\/candas365.es\/noticias\/wp-json\/wp\/v2\/users\/1"}],"replies":[{"embeddable":true,"href":"https:\/\/candas365.es\/noticias\/wp-json\/wp\/v2\/comments?post=131666"}],"version-history":[{"count":0,"href":"https:\/\/candas365.es\/noticias\/wp-json\/wp\/v2\/posts\/131666\/revisions"}],"wp:featuredmedia":[{"embeddable":true,"href":"https:\/\/candas365.es\/noticias\/wp-json\/wp\/v2\/media\/94574"}],"wp:attachment":[{"href":"https:\/\/candas365.es\/noticias\/wp-json\/wp\/v2\/media?parent=131666"}],"wp:term":[{"taxonomy":"category","embeddable":true,"href":"https:\/\/candas365.es\/noticias\/wp-json\/wp\/v2\/categories?post=131666"},{"taxonomy":"post_tag","embeddable":true,"href":"https:\/\/candas365.es\/noticias\/wp-json\/wp\/v2\/tags?post=131666"}],"curies":[{"name":"wp","href":"https:\/\/api.w.org\/{rel}","templated":true}]}}