{"id":131621,"date":"2019-10-21T03:54:03","date_gmt":"2019-10-21T03:54:03","guid":{"rendered":"http:\/\/candas365.es\/noticias\/?p=131621"},"modified":"2019-10-21T03:54:03","modified_gmt":"2019-10-21T03:54:03","slug":"union-berlin-suma-confianza-para-enfrentarse-al-bayern-munich","status":"publish","type":"post","link":"https:\/\/candas365.es\/noticias\/union-berlin-suma-confianza-para-enfrentarse-al-bayern-munich\/","title":{"rendered":"Union Berl\u00edn \u201csuma confianza\u201d para enfrentarse al Bayern M\u00fanich"},"content":{"rendered":"<p><img fetchpriority=\"high\" decoding=\"async\" class=\"alignleft size-medium wp-image-98026\" src=\"https:\/\/candas365.es\/noticias\/wp-content\/uploads\/2018\/06\/football-1406106_960_720-1-360x241.jpg\" alt=\"\" width=\"360\" height=\"241\" srcset=\"https:\/\/candas365.es\/noticias\/wp-content\/uploads\/2018\/06\/football-1406106_960_720-1-360x241.jpg 360w, https:\/\/candas365.es\/noticias\/wp-content\/uploads\/2018\/06\/football-1406106_960_720-1-768x514.jpg 768w, https:\/\/candas365.es\/noticias\/wp-content\/uploads\/2018\/06\/football-1406106_960_720-1-655x439.jpg 655w, https:\/\/candas365.es\/noticias\/wp-content\/uploads\/2018\/06\/football-1406106_960_720-1-696x466.jpg 696w, https:\/\/candas365.es\/noticias\/wp-content\/uploads\/2018\/06\/football-1406106_960_720-1-627x420.jpg 627w, https:\/\/candas365.es\/noticias\/wp-content\/uploads\/2018\/06\/football-1406106_960_720-1.jpg 960w\" sizes=\"(max-width: 360px) 100vw, 360px\" \/>Berl\u00edn, 20 oct (dpa) &#8211; Inmediatamente despu\u00e9s quebrar la racha de derrotas, el Union Berl\u00edn le mostr\u00f3 los dientes al campe\u00f3n alem\u00e1n Bayern M\u00fanich de cara al pr\u00f3ximo enfrentamiento por la novena fecha de la Bundesliga.<\/p>\n<p>\u00abLa pr\u00f3xima semana tambi\u00e9n venceremos a los b\u00e1varos\u00bb, asegur\u00f3 el defensor Keven Schlotterbeck tras el 2-0 contra el Friburgo el s\u00e1bado.<\/p>\n<p>El recientemente ascendido Union Berl\u00edn, que gan\u00f3 por primera vez despu\u00e9s de cuatro derrotas, logr\u00f3 alejarse de la zona de descenso y pretende ahora molestar a los b\u00e1varos el pr\u00f3ximo s\u00e1bado.<\/p>\n<p>\u00abPara muchos es la primera vez en M\u00fanich, vamos a ir all\u00ed con espuma en la boca\u00bb, dijo Schlotterbeck.<\/p>\n<p>La segunda victoria de la temporada contra un Friburgo ofensivamente decepcionante le devolvi\u00f3 a los berlineses mucha confianza.<\/p>\n<p>Por primera vez, no encajaron ning\u00fan gol en contra y no cometieron errores graves. Los jugadores desplegaron todo su talento, tal como lo hicieron en los mejores momentos de la segunda liga: mucha agresividad en los duelos, una enorme voluntad de correr y balones largos pusieron en aprieto al rival del sur.<\/p>\n<p>\u00bfPero ser\u00e1 suficiente para M\u00fanich? \u00abEllos necesitan un d\u00eda muy malo y nosotros necesitamos uno muy, muy bueno\u00bb, destac\u00f3 Christopher Trimmel. \u00abPero no puedes ir all\u00ed y asustarte\u00bb, recalc\u00f3 el capit\u00e1n del Uni\u00f3n Berl\u00edn.<\/p>\n<p>Por supuesto que el equipo del m\u00faltiple campe\u00f3n alem\u00e1n es \u00abmuy, muy bueno, incluso en el banquillo\u00bb, admiti\u00f3 Trimmel.<\/p>\n<p>Pero tambi\u00e9n qued\u00f3 demostrado que el imbatible equipo b\u00e1varo de los \u00faltimos campeonatos tambi\u00e9n es vulnerable, entre otros con el d\u00e9bil 2-2 del s\u00e1bado ante el Augsburgo.<\/p>\n<p>Los berlineses est\u00e1n a\u00fan muy lejos de complicarle la vida a los mejores equipos de la Bundesliga. La segunda victoria en casa, sin embargo, fue un gran alivio para el conjunto capitalino.<\/p>\n<p>\u00abFue una gran actuaci\u00f3n de mi equipo, y finalmente fue recompensado. Esto es decisivo para el futuro del campeonato\u00bb, dijo el entrenador Urs Fischer.<\/p>\n<p>Los goles de Marius B\u00fclter (25&#8242;) y del dan\u00e9s Marcus Ingvartsen (84&#8242;) lograron colocar al equipo en el tercio inferior de la tabla con siete puntos.<\/p>\n<p>Seg\u00fan Fischer no es un motivo para celebrar, pero destac\u00f3 la importancia del triunfo.<\/p>\n<p>\u00abNo significa que las cosas vayan a seguir saliendo tan bien. Hay que seguir trabajando y estar bien preparados para el pr\u00f3ximo partido\u00bb, afirm\u00f3.<\/p>\n<p><i class=\"lang-es\"><span class=\" readonly\" title=\"\">Por Thomas Wolfer (dpa)<\/span><\/i><\/p>\n<p>&nbsp;<\/p>\n","protected":false},"excerpt":{"rendered":"<p>Berl\u00edn, 20 oct (dpa) &#8211; Inmediatamente despu\u00e9s quebrar la racha de derrotas, el Union Berl\u00edn le mostr\u00f3 los dientes al campe\u00f3n alem\u00e1n Bayern M\u00fanich de cara al pr\u00f3ximo enfrentamiento por la novena fecha de la Bundesliga. \u00abLa pr\u00f3xima semana tambi\u00e9n venceremos a los b\u00e1varos\u00bb, asegur\u00f3 el defensor Keven Schlotterbeck tras el 2-0 contra el Friburgo<\/p>\n","protected":false},"author":1,"featured_media":98026,"comment_status":"closed","ping_status":"closed","sticky":false,"template":"","format":"standard","meta":{"footnotes":""},"categories":[319],"tags":[],"class_list":{"0":"post-131621","1":"post","2":"type-post","3":"status-publish","4":"format-standard","5":"has-post-thumbnail","7":"category-deporte"},"aioseo_notices":[],"aioseo_head":"\n\t\t<!-- All in One SEO Pro 4.9.6.2 - aioseo.com -->\n\t<meta name=\"description\" content=\"Berl\u00edn, 20 oct (dpa) - Inmediatamente despu\u00e9s quebrar la racha de derrotas, el Union Berl\u00edn le mostr\u00f3 los dientes al campe\u00f3n alem\u00e1n Bayern M\u00fanich de cara al pr\u00f3ximo enfrentamiento por la novena fecha de la Bundesliga. &quot;La pr\u00f3xima semana tambi\u00e9n venceremos a los b\u00e1varos&quot;, asegur\u00f3 el defensor Keven Schlotterbeck tras el 2-0 contra el Friburgo\" \/>\n\t<meta name=\"robots\" content=\"max-image-preview:large\" \/>\n\t<meta name=\"author\" content=\"Cand\u00e1s 365\"\/>\n\t<meta name=\"google-site-verification\" content=\"UA-32230408-1\" \/>\n\t<meta name=\"msvalidate.01\" content=\"354F3CDFB2DA171B47FBE9ABF1F88D5\" \/>\n\t<meta name=\"keywords\" content=\"deporte\" \/>\n\t<link rel=\"canonical\" href=\"https:\/\/candas365.es\/noticias\/union-berlin-suma-confianza-para-enfrentarse-al-bayern-munich\/\" \/>\n\t<meta name=\"generator\" content=\"All in One SEO Pro (AIOSEO) 4.9.6.2\" \/>\n\t\t<meta property=\"og:locale\" content=\"es_ES\" \/>\n\t\t<meta property=\"og:site_name\" content=\"Cand\u00e1s 365\" \/>\n\t\t<meta property=\"og:type\" content=\"article\" \/>\n\t\t<meta property=\"og:title\" content=\"Union Berl\u00edn \u201csuma confianza\u201d para enfrentarse al Bayern M\u00fanich | Cand\u00e1s 365\" \/>\n\t\t<meta property=\"og:description\" content=\"Berl\u00edn, 20 oct (dpa) - Inmediatamente despu\u00e9s quebrar la racha de derrotas, el Union Berl\u00edn le mostr\u00f3 los dientes al campe\u00f3n alem\u00e1n Bayern M\u00fanich de cara al pr\u00f3ximo enfrentamiento por la novena fecha de la Bundesliga. &quot;La pr\u00f3xima semana tambi\u00e9n venceremos a los b\u00e1varos&quot;, asegur\u00f3 el defensor Keven Schlotterbeck tras el 2-0 contra el Friburgo\" \/>\n\t\t<meta property=\"og:url\" content=\"https:\/\/candas365.es\/noticias\/union-berlin-suma-confianza-para-enfrentarse-al-bayern-munich\/\" \/>\n\t\t<meta property=\"og:image\" content=\"https:\/\/candas365.es\/noticias\/wp-content\/uploads\/2018\/06\/football-1406106_960_720-1.jpg\" \/>\n\t\t<meta property=\"og:image:secure_url\" content=\"https:\/\/candas365.es\/noticias\/wp-content\/uploads\/2018\/06\/football-1406106_960_720-1.jpg\" \/>\n\t\t<meta property=\"og:image:width\" content=\"960\" \/>\n\t\t<meta property=\"og:image:height\" content=\"643\" \/>\n\t\t<meta property=\"article:published_time\" content=\"2019-10-21T03:54:03+00:00\" \/>\n\t\t<meta property=\"article:modified_time\" content=\"2019-10-21T03:54:03+00:00\" \/>\n\t\t<meta property=\"article:publisher\" content=\"https:\/\/www.facebook.com\/Nachofdezber\" \/>\n\t\t<meta property=\"article:author\" content=\"https:\/\/www.facebook.com\/carrenoactualidad\" \/>\n\t\t<meta name=\"twitter:card\" content=\"summary_large_image\" \/>\n\t\t<meta name=\"twitter:site\" content=\"@NabercoDigital\" \/>\n\t\t<meta name=\"twitter:title\" content=\"Union Berl\u00edn \u201csuma confianza\u201d para enfrentarse al Bayern M\u00fanich | Cand\u00e1s 365\" \/>\n\t\t<meta name=\"twitter:description\" content=\"Berl\u00edn, 20 oct (dpa) - Inmediatamente despu\u00e9s quebrar la racha de derrotas, el Union Berl\u00edn le mostr\u00f3 los dientes al campe\u00f3n alem\u00e1n Bayern M\u00fanich de cara al pr\u00f3ximo enfrentamiento por la novena fecha de la Bundesliga. &quot;La pr\u00f3xima semana tambi\u00e9n venceremos a los b\u00e1varos&quot;, asegur\u00f3 el defensor Keven Schlotterbeck tras el 2-0 contra el Friburgo\" \/>\n\t\t<meta name=\"twitter:creator\" content=\"@nbasturias\" \/>\n\t\t<meta name=\"twitter:image\" content=\"https:\/\/candas365.es\/noticias\/wp-content\/uploads\/2018\/06\/football-1406106_960_720-1.jpg\" \/>\n\t\t<meta name=\"twitter:label1\" content=\"Escrito por\" \/>\n\t\t<meta name=\"twitter:data1\" content=\"Cand\u00e1s 365\" \/>\n\t\t<meta name=\"twitter:label2\" content=\"Tiempo de lectura estimado\" \/>\n\t\t<meta name=\"twitter:data2\" content=\"2 minutos\" \/>\n\t\t<script type=\"application\/ld+json\" class=\"aioseo-schema\">\n\t\t\t{\"@context\":\"https:\\\/\\\/schema.org\",\"@graph\":[{\"@type\":\"BreadcrumbList\",\"@id\":\"https:\\\/\\\/candas365.es\\\/noticias\\\/union-berlin-suma-confianza-para-enfrentarse-al-bayern-munich\\\/#breadcrumblist\",\"itemListElement\":[{\"@type\":\"ListItem\",\"@id\":\"https:\\\/\\\/candas365.es\\\/noticias#listItem\",\"position\":1,\"name\":\"Home\",\"item\":\"https:\\\/\\\/candas365.es\\\/noticias\",\"nextItem\":{\"@type\":\"ListItem\",\"@id\":\"https:\\\/\\\/candas365.es\\\/noticias\\\/category\\\/deporte\\\/#listItem\",\"name\":\"Deporte\"}},{\"@type\":\"ListItem\",\"@id\":\"https:\\\/\\\/candas365.es\\\/noticias\\\/category\\\/deporte\\\/#listItem\",\"position\":2,\"name\":\"Deporte\",\"item\":\"https:\\\/\\\/candas365.es\\\/noticias\\\/category\\\/deporte\\\/\",\"nextItem\":{\"@type\":\"ListItem\",\"@id\":\"https:\\\/\\\/candas365.es\\\/noticias\\\/union-berlin-suma-confianza-para-enfrentarse-al-bayern-munich\\\/#listItem\",\"name\":\"Union Berl\\u00edn \\u201csuma confianza\\u201d para enfrentarse al Bayern M\\u00fanich\"},\"previousItem\":{\"@type\":\"ListItem\",\"@id\":\"https:\\\/\\\/candas365.es\\\/noticias#listItem\",\"name\":\"Home\"}},{\"@type\":\"ListItem\",\"@id\":\"https:\\\/\\\/candas365.es\\\/noticias\\\/union-berlin-suma-confianza-para-enfrentarse-al-bayern-munich\\\/#listItem\",\"position\":3,\"name\":\"Union Berl\\u00edn \\u201csuma confianza\\u201d para enfrentarse al Bayern M\\u00fanich\",\"previousItem\":{\"@type\":\"ListItem\",\"@id\":\"https:\\\/\\\/candas365.es\\\/noticias\\\/category\\\/deporte\\\/#listItem\",\"name\":\"Deporte\"}}]},{\"@type\":\"NewsArticle\",\"@id\":\"https:\\\/\\\/candas365.es\\\/noticias\\\/union-berlin-suma-confianza-para-enfrentarse-al-bayern-munich\\\/#newsarticle\",\"name\":\"Union Berl\\u00edn \\u201csuma confianza\\u201d para enfrentarse al Bayern M\\u00fanich | Cand\\u00e1s 365\",\"headline\":\"Union Berl\\u00edn \\u201csuma confianza\\u201d para enfrentarse al Bayern M\\u00fanich\",\"author\":{\"@id\":\"https:\\\/\\\/candas365.es\\\/noticias\\\/author\\\/admin\\\/#author\"},\"publisher\":{\"@id\":\"https:\\\/\\\/candas365.es\\\/noticias\\\/#organization\"},\"image\":{\"@type\":\"ImageObject\",\"url\":\"https:\\\/\\\/candas365.es\\\/noticias\\\/wp-content\\\/uploads\\\/2018\\\/06\\\/football-1406106_960_720-1.jpg\",\"width\":960,\"height\":643},\"datePublished\":\"2019-10-21T03:54:03+02:00\",\"dateModified\":\"2019-10-21T03:54:03+02:00\",\"inLanguage\":\"es-ES\",\"mainEntityOfPage\":{\"@id\":\"https:\\\/\\\/candas365.es\\\/noticias\\\/union-berlin-suma-confianza-para-enfrentarse-al-bayern-munich\\\/#webpage\"},\"isPartOf\":{\"@id\":\"https:\\\/\\\/candas365.es\\\/noticias\\\/union-berlin-suma-confianza-para-enfrentarse-al-bayern-munich\\\/#webpage\"},\"articleSection\":\"Deporte\",\"dateline\":\"Publicado el octubre 21, 2019.\"},{\"@type\":\"Organization\",\"@id\":\"https:\\\/\\\/candas365.es\\\/noticias\\\/#organization\",\"name\":\"Cand\\u00e1s 365\",\"description\":\"Cand\\u00e1s 365 es un diario digital independiente, fundado en 2012, con base en Asturias. Informamos con rigor sobre actualidad, sociedad, cultura y ocio, con una mirada local y global.\",\"url\":\"https:\\\/\\\/candas365.es\\\/noticias\\\/\",\"email\":\"info@candas365.es\",\"telephone\":\"+34652131393\",\"foundingDate\":\"2012-06-10\",\"logo\":{\"@type\":\"ImageObject\",\"url\":\"https:\\\/\\\/candas365.es\\\/noticias\\\/wp-content\\\/uploads\\\/2024\\\/09\\\/Candas-365-Redes.jpg\",\"@id\":\"https:\\\/\\\/candas365.es\\\/noticias\\\/union-berlin-suma-confianza-para-enfrentarse-al-bayern-munich\\\/#organizationLogo\",\"width\":1152,\"height\":864,\"caption\":\"Cand\\u00e1s 365 Redes\"},\"image\":{\"@id\":\"https:\\\/\\\/candas365.es\\\/noticias\\\/union-berlin-suma-confianza-para-enfrentarse-al-bayern-munich\\\/#organizationLogo\"},\"sameAs\":[\"https:\\\/\\\/www.facebook.com\\\/Nachofdezber\",\"https:\\\/\\\/x.com\\\/NabercoDigital\",\"https:\\\/\\\/www.instagram.com\\\/nachofdezber\\\/\",\"https:\\\/\\\/www.youtube.com\\\/channel\\\/UCZP-2wLEB9Rv6erhFmqVnvg\"],\"address\":{\"@id\":\"https:\\\/\\\/candas365.es\\\/noticias\\\/#postaladdress\",\"@type\":\"PostalAddress\",\"streetAddress\":\"san antonio 4, san antonio 4\",\"postalCode\":\"33430\",\"addressLocality\":\"Cand\\u00e1s\",\"addressRegion\":\"Asturias\",\"addressCountry\":\"ES\"}},{\"@type\":\"Person\",\"@id\":\"https:\\\/\\\/candas365.es\\\/noticias\\\/author\\\/admin\\\/#author\",\"url\":\"https:\\\/\\\/candas365.es\\\/noticias\\\/author\\\/admin\\\/\",\"name\":\"Cand\\u00e1s 365\",\"image\":{\"@type\":\"ImageObject\",\"@id\":\"https:\\\/\\\/candas365.es\\\/noticias\\\/union-berlin-suma-confianza-para-enfrentarse-al-bayern-munich\\\/#authorImage\",\"url\":\"https:\\\/\\\/secure.gravatar.com\\\/avatar\\\/496a8e03d0c493ede1718b7934145dbdf8d89be1036b0eec9544e1094c9de390?s=96&d=mm&r=g\",\"width\":96,\"height\":96,\"caption\":\"Cand\\u00e1s 365\"},\"sameAs\":[\"https:\\\/\\\/www.facebook.com\\\/carrenoactualidad\",\"https:\\\/\\\/twitter.com\\\/nbasturias\",\"https:\\\/\\\/www.instagram.com\\\/nachofdezber\\\/\",\"https:\\\/\\\/www.youtube.com\\\/channel\\\/UCZP-2wLEB9Rv6erhFmqVnvg\"]},{\"@type\":\"WebPage\",\"@id\":\"https:\\\/\\\/candas365.es\\\/noticias\\\/union-berlin-suma-confianza-para-enfrentarse-al-bayern-munich\\\/#webpage\",\"url\":\"https:\\\/\\\/candas365.es\\\/noticias\\\/union-berlin-suma-confianza-para-enfrentarse-al-bayern-munich\\\/\",\"name\":\"Union Berl\\u00edn \\u201csuma confianza\\u201d para enfrentarse al Bayern M\\u00fanich | Cand\\u00e1s 365\",\"description\":\"Berl\\u00edn, 20 oct (dpa) - Inmediatamente despu\\u00e9s quebrar la racha de derrotas, el Union Berl\\u00edn le mostr\\u00f3 los dientes al campe\\u00f3n alem\\u00e1n Bayern M\\u00fanich de cara al pr\\u00f3ximo enfrentamiento por la novena fecha de la Bundesliga. \\\"La pr\\u00f3xima semana tambi\\u00e9n venceremos a los b\\u00e1varos\\\", asegur\\u00f3 el defensor Keven Schlotterbeck tras el 2-0 contra el Friburgo\",\"inLanguage\":\"es-ES\",\"isPartOf\":{\"@id\":\"https:\\\/\\\/candas365.es\\\/noticias\\\/#website\"},\"breadcrumb\":{\"@id\":\"https:\\\/\\\/candas365.es\\\/noticias\\\/union-berlin-suma-confianza-para-enfrentarse-al-bayern-munich\\\/#breadcrumblist\"},\"author\":{\"@id\":\"https:\\\/\\\/candas365.es\\\/noticias\\\/author\\\/admin\\\/#author\"},\"creator\":{\"@id\":\"https:\\\/\\\/candas365.es\\\/noticias\\\/author\\\/admin\\\/#author\"},\"image\":{\"@type\":\"ImageObject\",\"url\":\"https:\\\/\\\/candas365.es\\\/noticias\\\/wp-content\\\/uploads\\\/2018\\\/06\\\/football-1406106_960_720-1.jpg\",\"@id\":\"https:\\\/\\\/candas365.es\\\/noticias\\\/union-berlin-suma-confianza-para-enfrentarse-al-bayern-munich\\\/#mainImage\",\"width\":960,\"height\":643},\"primaryImageOfPage\":{\"@id\":\"https:\\\/\\\/candas365.es\\\/noticias\\\/union-berlin-suma-confianza-para-enfrentarse-al-bayern-munich\\\/#mainImage\"},\"datePublished\":\"2019-10-21T03:54:03+02:00\",\"dateModified\":\"2019-10-21T03:54:03+02:00\"},{\"@type\":\"WebSite\",\"@id\":\"https:\\\/\\\/candas365.es\\\/noticias\\\/#website\",\"url\":\"https:\\\/\\\/candas365.es\\\/noticias\\\/\",\"name\":\"Cand\\u00e1s 365\",\"alternateName\":\"Cand\\u00e1s 365 Noticias\",\"description\":\"Actualidad desde Carre\\u00f1o para el mundo\",\"inLanguage\":\"es-ES\",\"publisher\":{\"@id\":\"https:\\\/\\\/candas365.es\\\/noticias\\\/#organization\"}}]}\n\t\t<\/script>\n\t\t<!-- All in One SEO Pro -->\r\n\t\t<title>Union Berl\u00edn \u201csuma confianza\u201d para enfrentarse al Bayern M\u00fanich | Cand\u00e1s 365<\/title>\n\n","aioseo_head_json":{"title":"Union Berl\u00edn \u201csuma confianza\u201d para enfrentarse al Bayern M\u00fanich | Cand\u00e1s 365","description":"Berl\u00edn, 20 oct (dpa) - Inmediatamente despu\u00e9s quebrar la racha de derrotas, el Union Berl\u00edn le mostr\u00f3 los dientes al campe\u00f3n alem\u00e1n Bayern M\u00fanich de cara al pr\u00f3ximo enfrentamiento por la novena fecha de la Bundesliga. \"La pr\u00f3xima semana tambi\u00e9n venceremos a los b\u00e1varos\", asegur\u00f3 el defensor Keven Schlotterbeck tras el 2-0 contra el Friburgo","canonical_url":"https:\/\/candas365.es\/noticias\/union-berlin-suma-confianza-para-enfrentarse-al-bayern-munich\/","robots":"max-image-preview:large","keywords":"deporte","webmasterTools":{"google-site-verification":"UA-32230408-1","msvalidate.01":"354F3CDFB2DA171B47FBE9ABF1F88D5","miscellaneous":""},"schema":{"@context":"https:\/\/schema.org","@graph":[{"@type":"BreadcrumbList","@id":"https:\/\/candas365.es\/noticias\/union-berlin-suma-confianza-para-enfrentarse-al-bayern-munich\/#breadcrumblist","itemListElement":[{"@type":"ListItem","@id":"https:\/\/candas365.es\/noticias#listItem","position":1,"name":"Home","item":"https:\/\/candas365.es\/noticias","nextItem":{"@type":"ListItem","@id":"https:\/\/candas365.es\/noticias\/category\/deporte\/#listItem","name":"Deporte"}},{"@type":"ListItem","@id":"https:\/\/candas365.es\/noticias\/category\/deporte\/#listItem","position":2,"name":"Deporte","item":"https:\/\/candas365.es\/noticias\/category\/deporte\/","nextItem":{"@type":"ListItem","@id":"https:\/\/candas365.es\/noticias\/union-berlin-suma-confianza-para-enfrentarse-al-bayern-munich\/#listItem","name":"Union Berl\u00edn \u201csuma confianza\u201d para enfrentarse al Bayern M\u00fanich"},"previousItem":{"@type":"ListItem","@id":"https:\/\/candas365.es\/noticias#listItem","name":"Home"}},{"@type":"ListItem","@id":"https:\/\/candas365.es\/noticias\/union-berlin-suma-confianza-para-enfrentarse-al-bayern-munich\/#listItem","position":3,"name":"Union Berl\u00edn \u201csuma confianza\u201d para enfrentarse al Bayern M\u00fanich","previousItem":{"@type":"ListItem","@id":"https:\/\/candas365.es\/noticias\/category\/deporte\/#listItem","name":"Deporte"}}]},{"@type":"NewsArticle","@id":"https:\/\/candas365.es\/noticias\/union-berlin-suma-confianza-para-enfrentarse-al-bayern-munich\/#newsarticle","name":"Union Berl\u00edn \u201csuma confianza\u201d para enfrentarse al Bayern M\u00fanich | Cand\u00e1s 365","headline":"Union Berl\u00edn \u201csuma confianza\u201d para enfrentarse al Bayern M\u00fanich","author":{"@id":"https:\/\/candas365.es\/noticias\/author\/admin\/#author"},"publisher":{"@id":"https:\/\/candas365.es\/noticias\/#organization"},"image":{"@type":"ImageObject","url":"https:\/\/candas365.es\/noticias\/wp-content\/uploads\/2018\/06\/football-1406106_960_720-1.jpg","width":960,"height":643},"datePublished":"2019-10-21T03:54:03+02:00","dateModified":"2019-10-21T03:54:03+02:00","inLanguage":"es-ES","mainEntityOfPage":{"@id":"https:\/\/candas365.es\/noticias\/union-berlin-suma-confianza-para-enfrentarse-al-bayern-munich\/#webpage"},"isPartOf":{"@id":"https:\/\/candas365.es\/noticias\/union-berlin-suma-confianza-para-enfrentarse-al-bayern-munich\/#webpage"},"articleSection":"Deporte","dateline":"Publicado el octubre 21, 2019."},{"@type":"Organization","@id":"https:\/\/candas365.es\/noticias\/#organization","name":"Cand\u00e1s 365","description":"Cand\u00e1s 365 es un diario digital independiente, fundado en 2012, con base en Asturias. Informamos con rigor sobre actualidad, sociedad, cultura y ocio, con una mirada local y global.","url":"https:\/\/candas365.es\/noticias\/","email":"info@candas365.es","telephone":"+34652131393","foundingDate":"2012-06-10","logo":{"@type":"ImageObject","url":"https:\/\/candas365.es\/noticias\/wp-content\/uploads\/2024\/09\/Candas-365-Redes.jpg","@id":"https:\/\/candas365.es\/noticias\/union-berlin-suma-confianza-para-enfrentarse-al-bayern-munich\/#organizationLogo","width":1152,"height":864,"caption":"Cand\u00e1s 365 Redes"},"image":{"@id":"https:\/\/candas365.es\/noticias\/union-berlin-suma-confianza-para-enfrentarse-al-bayern-munich\/#organizationLogo"},"sameAs":["https:\/\/www.facebook.com\/Nachofdezber","https:\/\/x.com\/NabercoDigital","https:\/\/www.instagram.com\/nachofdezber\/","https:\/\/www.youtube.com\/channel\/UCZP-2wLEB9Rv6erhFmqVnvg"],"address":{"@id":"https:\/\/candas365.es\/noticias\/#postaladdress","@type":"PostalAddress","streetAddress":"san antonio 4, san antonio 4","postalCode":"33430","addressLocality":"Cand\u00e1s","addressRegion":"Asturias","addressCountry":"ES"}},{"@type":"Person","@id":"https:\/\/candas365.es\/noticias\/author\/admin\/#author","url":"https:\/\/candas365.es\/noticias\/author\/admin\/","name":"Cand\u00e1s 365","image":{"@type":"ImageObject","@id":"https:\/\/candas365.es\/noticias\/union-berlin-suma-confianza-para-enfrentarse-al-bayern-munich\/#authorImage","url":"https:\/\/secure.gravatar.com\/avatar\/496a8e03d0c493ede1718b7934145dbdf8d89be1036b0eec9544e1094c9de390?s=96&d=mm&r=g","width":96,"height":96,"caption":"Cand\u00e1s 365"},"sameAs":["https:\/\/www.facebook.com\/carrenoactualidad","https:\/\/twitter.com\/nbasturias","https:\/\/www.instagram.com\/nachofdezber\/","https:\/\/www.youtube.com\/channel\/UCZP-2wLEB9Rv6erhFmqVnvg"]},{"@type":"WebPage","@id":"https:\/\/candas365.es\/noticias\/union-berlin-suma-confianza-para-enfrentarse-al-bayern-munich\/#webpage","url":"https:\/\/candas365.es\/noticias\/union-berlin-suma-confianza-para-enfrentarse-al-bayern-munich\/","name":"Union Berl\u00edn \u201csuma confianza\u201d para enfrentarse al Bayern M\u00fanich | Cand\u00e1s 365","description":"Berl\u00edn, 20 oct (dpa) - Inmediatamente despu\u00e9s quebrar la racha de derrotas, el Union Berl\u00edn le mostr\u00f3 los dientes al campe\u00f3n alem\u00e1n Bayern M\u00fanich de cara al pr\u00f3ximo enfrentamiento por la novena fecha de la Bundesliga. \"La pr\u00f3xima semana tambi\u00e9n venceremos a los b\u00e1varos\", asegur\u00f3 el defensor Keven Schlotterbeck tras el 2-0 contra el Friburgo","inLanguage":"es-ES","isPartOf":{"@id":"https:\/\/candas365.es\/noticias\/#website"},"breadcrumb":{"@id":"https:\/\/candas365.es\/noticias\/union-berlin-suma-confianza-para-enfrentarse-al-bayern-munich\/#breadcrumblist"},"author":{"@id":"https:\/\/candas365.es\/noticias\/author\/admin\/#author"},"creator":{"@id":"https:\/\/candas365.es\/noticias\/author\/admin\/#author"},"image":{"@type":"ImageObject","url":"https:\/\/candas365.es\/noticias\/wp-content\/uploads\/2018\/06\/football-1406106_960_720-1.jpg","@id":"https:\/\/candas365.es\/noticias\/union-berlin-suma-confianza-para-enfrentarse-al-bayern-munich\/#mainImage","width":960,"height":643},"primaryImageOfPage":{"@id":"https:\/\/candas365.es\/noticias\/union-berlin-suma-confianza-para-enfrentarse-al-bayern-munich\/#mainImage"},"datePublished":"2019-10-21T03:54:03+02:00","dateModified":"2019-10-21T03:54:03+02:00"},{"@type":"WebSite","@id":"https:\/\/candas365.es\/noticias\/#website","url":"https:\/\/candas365.es\/noticias\/","name":"Cand\u00e1s 365","alternateName":"Cand\u00e1s 365 Noticias","description":"Actualidad desde Carre\u00f1o para el mundo","inLanguage":"es-ES","publisher":{"@id":"https:\/\/candas365.es\/noticias\/#organization"}}]},"og:locale":"es_ES","og:site_name":"Cand\u00e1s 365","og:type":"article","og:title":"Union Berl\u00edn \u201csuma confianza\u201d para enfrentarse al Bayern M\u00fanich | Cand\u00e1s 365","og:description":"Berl\u00edn, 20 oct (dpa) - Inmediatamente despu\u00e9s quebrar la racha de derrotas, el Union Berl\u00edn le mostr\u00f3 los dientes al campe\u00f3n alem\u00e1n Bayern M\u00fanich de cara al pr\u00f3ximo enfrentamiento por la novena fecha de la Bundesliga. &quot;La pr\u00f3xima semana tambi\u00e9n venceremos a los b\u00e1varos&quot;, asegur\u00f3 el defensor Keven Schlotterbeck tras el 2-0 contra el Friburgo","og:url":"https:\/\/candas365.es\/noticias\/union-berlin-suma-confianza-para-enfrentarse-al-bayern-munich\/","og:image":"https:\/\/candas365.es\/noticias\/wp-content\/uploads\/2018\/06\/football-1406106_960_720-1.jpg","og:image:secure_url":"https:\/\/candas365.es\/noticias\/wp-content\/uploads\/2018\/06\/football-1406106_960_720-1.jpg","og:image:width":960,"og:image:height":643,"article:published_time":"2019-10-21T03:54:03+00:00","article:modified_time":"2019-10-21T03:54:03+00:00","article:publisher":"https:\/\/www.facebook.com\/Nachofdezber","article:author":"https:\/\/www.facebook.com\/carrenoactualidad","twitter:card":"summary_large_image","twitter:site":"@NabercoDigital","twitter:title":"Union Berl\u00edn \u201csuma confianza\u201d para enfrentarse al Bayern M\u00fanich | Cand\u00e1s 365","twitter:description":"Berl\u00edn, 20 oct (dpa) - Inmediatamente despu\u00e9s quebrar la racha de derrotas, el Union Berl\u00edn le mostr\u00f3 los dientes al campe\u00f3n alem\u00e1n Bayern M\u00fanich de cara al pr\u00f3ximo enfrentamiento por la novena fecha de la Bundesliga. &quot;La pr\u00f3xima semana tambi\u00e9n venceremos a los b\u00e1varos&quot;, asegur\u00f3 el defensor Keven Schlotterbeck tras el 2-0 contra el Friburgo","twitter:creator":"@nbasturias","twitter:image":"https:\/\/candas365.es\/noticias\/wp-content\/uploads\/2018\/06\/football-1406106_960_720-1.jpg","twitter:label1":"Escrito por","twitter:data1":"Cand\u00e1s 365","twitter:label2":"Tiempo de lectura estimado","twitter:data2":"2 minutos"},"aioseo_meta_data":{"post_id":"131621","title":null,"description":null,"keywords":null,"keyphrases":null,"primary_term":null,"canonical_url":null,"og_title":null,"og_description":null,"og_object_type":"default","og_image_type":"default","og_image_url":null,"og_image_width":null,"og_image_height":null,"og_image_custom_url":null,"og_image_custom_fields":null,"og_video":null,"og_custom_url":null,"og_article_section":null,"og_article_tags":null,"twitter_use_og":false,"twitter_card":"default","twitter_image_type":"default","twitter_image_url":null,"twitter_image_custom_url":null,"twitter_image_custom_fields":null,"twitter_title":null,"twitter_description":null,"schema":{"blockGraphs":[],"customGraphs":[],"default":{"data":{"Article":[],"Course":[],"Dataset":[],"FAQPage":[],"Movie":[],"Person":[],"Product":[],"ProductReview":[],"Car":[],"Recipe":[],"Service":[],"SoftwareApplication":[],"WebPage":[]},"graphName":"","isEnabled":true},"graphs":[],"defaultGraph":"","defaultPostTypeGraph":""},"schema_type":null,"schema_type_options":null,"pillar_content":false,"robots_default":true,"robots_noindex":false,"robots_noarchive":false,"robots_nosnippet":false,"robots_nofollow":false,"robots_noimageindex":false,"robots_noodp":false,"robots_notranslate":false,"robots_max_snippet":null,"robots_max_videopreview":null,"robots_max_imagepreview":"large","priority":null,"frequency":null,"location":null,"local_seo":null,"seo_analyzer_scan_date":"2025-08-30 15:54:00","breadcrumb_settings":null,"limit_modified_date":false,"reviewed_by":null,"open_ai":null,"ai":null,"created":"2020-12-21 10:51:33","updated":"2025-08-30 15:54:00"},"aioseo_breadcrumb":"<div class=\"aioseo-breadcrumbs\"><span class=\"aioseo-breadcrumb\">\n\t<a href=\"https:\/\/candas365.es\/noticias\" title=\"Home\">Home<\/a>\n<\/span><span class=\"aioseo-breadcrumb-separator\">&ndash;<\/span><span class=\"aioseo-breadcrumb\">\n\t<a href=\"https:\/\/candas365.es\/noticias\/category\/deporte\/\" title=\"Deporte\">Deporte<\/a>\n<\/span><span class=\"aioseo-breadcrumb-separator\">&ndash;<\/span><span class=\"aioseo-breadcrumb\">\n\tUnion Berl\u00edn \u201csuma confianza\u201d para enfrentarse al Bayern M\u00fanich\n<\/span><\/div>","aioseo_breadcrumb_json":[{"label":"Home","link":"https:\/\/candas365.es\/noticias"},{"label":"Deporte","link":"https:\/\/candas365.es\/noticias\/category\/deporte\/"},{"label":"Union Berl\u00edn \u201csuma confianza\u201d para enfrentarse al Bayern M\u00fanich","link":"https:\/\/candas365.es\/noticias\/union-berlin-suma-confianza-para-enfrentarse-al-bayern-munich\/"}],"_links":{"self":[{"href":"https:\/\/candas365.es\/noticias\/wp-json\/wp\/v2\/posts\/131621","targetHints":{"allow":["GET"]}}],"collection":[{"href":"https:\/\/candas365.es\/noticias\/wp-json\/wp\/v2\/posts"}],"about":[{"href":"https:\/\/candas365.es\/noticias\/wp-json\/wp\/v2\/types\/post"}],"author":[{"embeddable":true,"href":"https:\/\/candas365.es\/noticias\/wp-json\/wp\/v2\/users\/1"}],"replies":[{"embeddable":true,"href":"https:\/\/candas365.es\/noticias\/wp-json\/wp\/v2\/comments?post=131621"}],"version-history":[{"count":0,"href":"https:\/\/candas365.es\/noticias\/wp-json\/wp\/v2\/posts\/131621\/revisions"}],"wp:featuredmedia":[{"embeddable":true,"href":"https:\/\/candas365.es\/noticias\/wp-json\/wp\/v2\/media\/98026"}],"wp:attachment":[{"href":"https:\/\/candas365.es\/noticias\/wp-json\/wp\/v2\/media?parent=131621"}],"wp:term":[{"taxonomy":"category","embeddable":true,"href":"https:\/\/candas365.es\/noticias\/wp-json\/wp\/v2\/categories?post=131621"},{"taxonomy":"post_tag","embeddable":true,"href":"https:\/\/candas365.es\/noticias\/wp-json\/wp\/v2\/tags?post=131621"}],"curies":[{"name":"wp","href":"https:\/\/api.w.org\/{rel}","templated":true}]}}