{"id":131615,"date":"2019-10-21T03:48:45","date_gmt":"2019-10-21T03:48:45","guid":{"rendered":"http:\/\/candas365.es\/noticias\/?p=131615"},"modified":"2019-10-21T03:48:45","modified_gmt":"2019-10-21T03:48:45","slug":"la-lesion-y-baja-de-sule-pone-en-aprietos-a-low","status":"publish","type":"post","link":"https:\/\/candas365.es\/noticias\/la-lesion-y-baja-de-sule-pone-en-aprietos-a-low\/","title":{"rendered":"La lesi\u00f3n y baja de S\u00fcle pone en aprietos a L\u00f6w"},"content":{"rendered":"<figure id=\"attachment_131616\" aria-describedby=\"caption-attachment-131616\" style=\"width: 360px\" class=\"wp-caption alignleft\"><img fetchpriority=\"high\" decoding=\"async\" class=\"size-medium wp-image-131616\" src=\"https:\/\/candas365.es\/noticias\/wp-content\/uploads\/2019\/10\/Sule-lesionado-360x236.jpg\" alt=\"\" width=\"360\" height=\"236\" srcset=\"https:\/\/candas365.es\/noticias\/wp-content\/uploads\/2019\/10\/Sule-lesionado-360x236.jpg 360w, https:\/\/candas365.es\/noticias\/wp-content\/uploads\/2019\/10\/Sule-lesionado-768x503.jpg 768w, https:\/\/candas365.es\/noticias\/wp-content\/uploads\/2019\/10\/Sule-lesionado-655x429.jpg 655w, https:\/\/candas365.es\/noticias\/wp-content\/uploads\/2019\/10\/Sule-lesionado-696x456.jpg 696w, https:\/\/candas365.es\/noticias\/wp-content\/uploads\/2019\/10\/Sule-lesionado-741x486.jpg 741w, https:\/\/candas365.es\/noticias\/wp-content\/uploads\/2019\/10\/Sule-lesionado-641x420.jpg 641w, https:\/\/candas365.es\/noticias\/wp-content\/uploads\/2019\/10\/Sule-lesionado.jpg 1007w\" sizes=\"(max-width: 360px) 100vw, 360px\" \/><figcaption id=\"caption-attachment-131616\" class=\"wp-caption-text\">S\u00fcle sufri\u00f3 una rotura de ligamento y ser\u00e1 baja durante meses. Foto: Matthias Balk\/dpa<\/figcaption><\/figure>\n<p>M\u00fanich, 20 oct (dpa) &#8211; El grito de dolor de Niklas S\u00fcle no s\u00f3lo despert\u00f3 los peores temores en el Bayern M\u00fanich, que hoy confirm\u00f3 que el internacional alem\u00e1n sufri\u00f3 una rotura de ligamento cruzado de la rodilla izquierda y ser\u00e1 baja durante meses.<\/p>\n<p>Las im\u00e1genes tambi\u00e9n alarmaron a Joachim L\u00f6w. A ocho meses del inicio de la Eurocopa 2020, la prolongada ausencia del jefe de la defensa golpea a\u00fan m\u00e1s al seleccionador nacional que al m\u00faltiple campe\u00f3n b\u00e1varo, que sigue bien equipado, tanto cualitativa como cuantitativamente.<\/p>\n<p>\u00abEs una noticia muy amarga\u00bb, dijo L\u00f6w a trav\u00e9s de un comunicado de prensa de la Asociaci\u00f3n Alemana de F\u00fatbol (DFB).<\/p>\n<p>S\u00fcle se lesion\u00f3 el s\u00e1bado durante el partido ante el Augsburgo que culmin\u00f3 con un empate por 2-2 y debe ser operado de inmediato.<\/p>\n<p>Adem\u00e1s de los prontos deseos de recuperaci\u00f3n en nombre de \u00abtodos\u00bb, el t\u00e9cnico alem\u00e1n admiti\u00f3 que la ausencia de S\u00fcle es \u00abdolorosa y perjudica la reestructuraci\u00f3n y el desarrollo del joven equipo nacional\u00bb.<\/p>\n<p>Tras un cambio radical, los mejores centrales con los que cuenta L\u00f6w son Matthias Ginter, Antonio R\u00fcdiger, Jonathan Tah, Niklas Stark y Robin Koch, a quien el t\u00e9cnico acaba de ascender a internacional.<\/p>\n<p>\u00abNiklas forma parte de la generaci\u00f3n de jugadores j\u00f3venes a los que damos mucho espacio en el contexto de la reconstrucci\u00f3n del equipo. Formaba parte de nuestra planificaci\u00f3n y tuvo apariciones regulares tanto en su club como con nosotros\u00bb, dijo L\u00f6w.<\/p>\n<p>El t\u00e9cnico del Bayern M\u00fanich, Niko Kovac, manifest\u00f3 su preocupaci\u00f3n con respecto a la gravedad de la lesi\u00f3n inmediatamente despu\u00e9s del partido. Si bien la lesi\u00f3n no afect\u00f3 otras partes de la rodilla, el bolet\u00edn m\u00e9dico del Bayern M\u00fanich confirm\u00f3 la ruptura del ligamento cruzado y una cirug\u00eda inmediata.<\/p>\n<p>Hace cinco a\u00f1os, durante su paso por el Hoffenheim, S\u00fcle ya hab\u00eda sufrido una rotura de ligamento cruzado en la misma rodilla izquierda. En aquel momento necesit\u00f3 203 d\u00edas para recuperarse y regresar al ruedo.<\/p>\n<p>La lesi\u00f3n del defensor pone a L\u00f6w en una situaci\u00f3n de emergencia, por lo que ahora debe reconsiderar el regreso de Mats Hummels, quien se hab\u00eda retirado de la selecci\u00f3n en marzo.<\/p>\n<p>El t\u00e9cnico germano tendr\u00e1 que enfrentarse a un nuevo debate p\u00fablico sobre el jefe de defensa del Borussia Dortmund, de 30 a\u00f1os.<\/p>\n<p>Hummels, que integr\u00f3 el equipo campe\u00f3n del mundo 2014, estar\u00eda listo para un regreso. \u00abSi me permitieran volver a ponerme alguna vez la camiseta alemana no me resistir\u00eda\u00bb, dijo recientemente en una entrevista con la revista \u00abKicker\u00bb.<\/p>\n<p>Pero independientemente de Hummels, con la ausencia de S\u00fcle, el t\u00e9cnico germano deber\u00e1 cerrar otro gran hueco, tras la p\u00e9rdida de Leroy San\u00e9 debido a una rotura del ligamento cruzado al comienzo de la temporada. El delantero del Manchester City, de 23 a\u00f1os, no regresar\u00e1 hasta la primavera (boreal), unos meses antes de la Eurocopa 2020.<\/p>\n<p>Habr\u00e1 que ver entonces si San\u00e9 estar\u00e1 en plena forma antes de que comience el torneo europeo a mediados de junio.<\/p>\n<p>Para S\u00fcle, la carrera contra el tiempo ser\u00e1 a\u00fan m\u00e1s complicada. Normalmente, una ruptura del ligamento cruzado significa al menos seis meses fuera de competencia.<\/p>\n<p>\u00abEstoy seguro de que luchar\u00e1 para volver\u00bb, dijo L\u00f6w. \u00abPero ahora no le presionaremos en absoluto y seguiremos apoy\u00e1ndolo lo mejor que podamos, \u00e9l lo sabe\u00bb, agreg\u00f3.<\/p>\n<p>&nbsp;<\/p>\n","protected":false},"excerpt":{"rendered":"<p>M\u00fanich, 20 oct (dpa) &#8211; El grito de dolor de Niklas S\u00fcle no s\u00f3lo despert\u00f3 los peores temores en el Bayern M\u00fanich, que hoy confirm\u00f3 que el internacional alem\u00e1n sufri\u00f3 una rotura de ligamento cruzado de la rodilla izquierda y ser\u00e1 baja durante meses. Las im\u00e1genes tambi\u00e9n alarmaron a Joachim L\u00f6w. A ocho meses del<\/p>\n","protected":false},"author":1,"featured_media":131616,"comment_status":"closed","ping_status":"closed","sticky":false,"template":"","format":"standard","meta":{"footnotes":""},"categories":[319],"tags":[],"class_list":{"0":"post-131615","1":"post","2":"type-post","3":"status-publish","4":"format-standard","5":"has-post-thumbnail","7":"category-deporte"},"aioseo_notices":[],"aioseo_head":"\n\t\t<!-- All in One SEO Pro 4.9.6.2 - aioseo.com -->\n\t<meta name=\"description\" content=\"M\u00fanich, 20 oct (dpa) - El grito de dolor de Niklas S\u00fcle no s\u00f3lo despert\u00f3 los peores temores en el Bayern M\u00fanich, que hoy confirm\u00f3 que el internacional alem\u00e1n sufri\u00f3 una rotura de ligamento cruzado de la rodilla izquierda y ser\u00e1 baja durante meses. Las im\u00e1genes tambi\u00e9n alarmaron a Joachim L\u00f6w. A ocho meses del\" \/>\n\t<meta name=\"robots\" content=\"max-image-preview:large\" \/>\n\t<meta name=\"author\" content=\"Cand\u00e1s 365\"\/>\n\t<meta name=\"google-site-verification\" content=\"UA-32230408-1\" \/>\n\t<meta name=\"msvalidate.01\" content=\"354F3CDFB2DA171B47FBE9ABF1F88D5\" \/>\n\t<meta name=\"keywords\" content=\"deporte\" \/>\n\t<link rel=\"canonical\" href=\"https:\/\/candas365.es\/noticias\/la-lesion-y-baja-de-sule-pone-en-aprietos-a-low\/\" \/>\n\t<meta name=\"generator\" content=\"All in One SEO Pro (AIOSEO) 4.9.6.2\" \/>\n\t\t<meta property=\"og:locale\" content=\"es_ES\" \/>\n\t\t<meta property=\"og:site_name\" content=\"Cand\u00e1s 365\" \/>\n\t\t<meta property=\"og:type\" content=\"article\" \/>\n\t\t<meta property=\"og:title\" content=\"La lesi\u00f3n y baja de S\u00fcle pone en aprietos a L\u00f6w | Cand\u00e1s 365\" \/>\n\t\t<meta property=\"og:description\" content=\"M\u00fanich, 20 oct (dpa) - El grito de dolor de Niklas S\u00fcle no s\u00f3lo despert\u00f3 los peores temores en el Bayern M\u00fanich, que hoy confirm\u00f3 que el internacional alem\u00e1n sufri\u00f3 una rotura de ligamento cruzado de la rodilla izquierda y ser\u00e1 baja durante meses. Las im\u00e1genes tambi\u00e9n alarmaron a Joachim L\u00f6w. A ocho meses del\" \/>\n\t\t<meta property=\"og:url\" content=\"https:\/\/candas365.es\/noticias\/la-lesion-y-baja-de-sule-pone-en-aprietos-a-low\/\" \/>\n\t\t<meta property=\"og:image\" content=\"https:\/\/candas365.es\/noticias\/wp-content\/uploads\/2019\/10\/Sule-lesionado.jpg\" \/>\n\t\t<meta property=\"og:image:secure_url\" content=\"https:\/\/candas365.es\/noticias\/wp-content\/uploads\/2019\/10\/Sule-lesionado.jpg\" \/>\n\t\t<meta property=\"og:image:width\" content=\"1007\" \/>\n\t\t<meta property=\"og:image:height\" content=\"660\" \/>\n\t\t<meta property=\"article:published_time\" content=\"2019-10-21T03:48:45+00:00\" \/>\n\t\t<meta property=\"article:modified_time\" content=\"2019-10-21T03:48:45+00:00\" \/>\n\t\t<meta property=\"article:publisher\" content=\"https:\/\/www.facebook.com\/Nachofdezber\" \/>\n\t\t<meta property=\"article:author\" content=\"https:\/\/www.facebook.com\/carrenoactualidad\" \/>\n\t\t<meta name=\"twitter:card\" content=\"summary_large_image\" \/>\n\t\t<meta name=\"twitter:site\" content=\"@NabercoDigital\" \/>\n\t\t<meta name=\"twitter:title\" content=\"La lesi\u00f3n y baja de S\u00fcle pone en aprietos a L\u00f6w | Cand\u00e1s 365\" \/>\n\t\t<meta name=\"twitter:description\" content=\"M\u00fanich, 20 oct (dpa) - El grito de dolor de Niklas S\u00fcle no s\u00f3lo despert\u00f3 los peores temores en el Bayern M\u00fanich, que hoy confirm\u00f3 que el internacional alem\u00e1n sufri\u00f3 una rotura de ligamento cruzado de la rodilla izquierda y ser\u00e1 baja durante meses. Las im\u00e1genes tambi\u00e9n alarmaron a Joachim L\u00f6w. A ocho meses del\" \/>\n\t\t<meta name=\"twitter:creator\" content=\"@nbasturias\" \/>\n\t\t<meta name=\"twitter:image\" content=\"https:\/\/candas365.es\/noticias\/wp-content\/uploads\/2019\/10\/Sule-lesionado.jpg\" \/>\n\t\t<meta name=\"twitter:label1\" content=\"Escrito por\" \/>\n\t\t<meta name=\"twitter:data1\" content=\"Cand\u00e1s 365\" \/>\n\t\t<meta name=\"twitter:label2\" content=\"Tiempo de lectura estimado\" \/>\n\t\t<meta name=\"twitter:data2\" content=\"3 minutos\" \/>\n\t\t<script type=\"application\/ld+json\" class=\"aioseo-schema\">\n\t\t\t{\"@context\":\"https:\\\/\\\/schema.org\",\"@graph\":[{\"@type\":\"BreadcrumbList\",\"@id\":\"https:\\\/\\\/candas365.es\\\/noticias\\\/la-lesion-y-baja-de-sule-pone-en-aprietos-a-low\\\/#breadcrumblist\",\"itemListElement\":[{\"@type\":\"ListItem\",\"@id\":\"https:\\\/\\\/candas365.es\\\/noticias#listItem\",\"position\":1,\"name\":\"Home\",\"item\":\"https:\\\/\\\/candas365.es\\\/noticias\",\"nextItem\":{\"@type\":\"ListItem\",\"@id\":\"https:\\\/\\\/candas365.es\\\/noticias\\\/category\\\/deporte\\\/#listItem\",\"name\":\"Deporte\"}},{\"@type\":\"ListItem\",\"@id\":\"https:\\\/\\\/candas365.es\\\/noticias\\\/category\\\/deporte\\\/#listItem\",\"position\":2,\"name\":\"Deporte\",\"item\":\"https:\\\/\\\/candas365.es\\\/noticias\\\/category\\\/deporte\\\/\",\"nextItem\":{\"@type\":\"ListItem\",\"@id\":\"https:\\\/\\\/candas365.es\\\/noticias\\\/la-lesion-y-baja-de-sule-pone-en-aprietos-a-low\\\/#listItem\",\"name\":\"La lesi\\u00f3n y baja de S\\u00fcle pone en aprietos a L\\u00f6w\"},\"previousItem\":{\"@type\":\"ListItem\",\"@id\":\"https:\\\/\\\/candas365.es\\\/noticias#listItem\",\"name\":\"Home\"}},{\"@type\":\"ListItem\",\"@id\":\"https:\\\/\\\/candas365.es\\\/noticias\\\/la-lesion-y-baja-de-sule-pone-en-aprietos-a-low\\\/#listItem\",\"position\":3,\"name\":\"La lesi\\u00f3n y baja de S\\u00fcle pone en aprietos a L\\u00f6w\",\"previousItem\":{\"@type\":\"ListItem\",\"@id\":\"https:\\\/\\\/candas365.es\\\/noticias\\\/category\\\/deporte\\\/#listItem\",\"name\":\"Deporte\"}}]},{\"@type\":\"NewsArticle\",\"@id\":\"https:\\\/\\\/candas365.es\\\/noticias\\\/la-lesion-y-baja-de-sule-pone-en-aprietos-a-low\\\/#newsarticle\",\"name\":\"La lesi\\u00f3n y baja de S\\u00fcle pone en aprietos a L\\u00f6w | Cand\\u00e1s 365\",\"headline\":\"La lesi\\u00f3n y baja de S\\u00fcle pone en aprietos a L\\u00f6w\",\"author\":{\"@id\":\"https:\\\/\\\/candas365.es\\\/noticias\\\/author\\\/admin\\\/#author\"},\"publisher\":{\"@id\":\"https:\\\/\\\/candas365.es\\\/noticias\\\/#organization\"},\"image\":{\"@type\":\"ImageObject\",\"url\":\"https:\\\/\\\/candas365.es\\\/noticias\\\/wp-content\\\/uploads\\\/2019\\\/10\\\/Sule-lesionado.jpg\",\"width\":1007,\"height\":660,\"caption\":\"S\\u00fcle sufri\\u00f3 una rotura de ligamento y ser\\u00e1 baja durante meses. Foto: Matthias Balk\\\/dpa\"},\"datePublished\":\"2019-10-21T03:48:45+02:00\",\"dateModified\":\"2019-10-21T03:48:45+02:00\",\"inLanguage\":\"es-ES\",\"mainEntityOfPage\":{\"@id\":\"https:\\\/\\\/candas365.es\\\/noticias\\\/la-lesion-y-baja-de-sule-pone-en-aprietos-a-low\\\/#webpage\"},\"isPartOf\":{\"@id\":\"https:\\\/\\\/candas365.es\\\/noticias\\\/la-lesion-y-baja-de-sule-pone-en-aprietos-a-low\\\/#webpage\"},\"articleSection\":\"Deporte\",\"dateline\":\"Publicado el octubre 21, 2019.\"},{\"@type\":\"Organization\",\"@id\":\"https:\\\/\\\/candas365.es\\\/noticias\\\/#organization\",\"name\":\"Cand\\u00e1s 365\",\"description\":\"Cand\\u00e1s 365 es un diario digital independiente, fundado en 2012, con base en Asturias. Informamos con rigor sobre actualidad, sociedad, cultura y ocio, con una mirada local y global.\",\"url\":\"https:\\\/\\\/candas365.es\\\/noticias\\\/\",\"email\":\"info@candas365.es\",\"telephone\":\"+34652131393\",\"foundingDate\":\"2012-06-10\",\"logo\":{\"@type\":\"ImageObject\",\"url\":\"https:\\\/\\\/candas365.es\\\/noticias\\\/wp-content\\\/uploads\\\/2024\\\/09\\\/Candas-365-Redes.jpg\",\"@id\":\"https:\\\/\\\/candas365.es\\\/noticias\\\/la-lesion-y-baja-de-sule-pone-en-aprietos-a-low\\\/#organizationLogo\",\"width\":1152,\"height\":864,\"caption\":\"Cand\\u00e1s 365 Redes\"},\"image\":{\"@id\":\"https:\\\/\\\/candas365.es\\\/noticias\\\/la-lesion-y-baja-de-sule-pone-en-aprietos-a-low\\\/#organizationLogo\"},\"sameAs\":[\"https:\\\/\\\/www.facebook.com\\\/Nachofdezber\",\"https:\\\/\\\/x.com\\\/NabercoDigital\",\"https:\\\/\\\/www.instagram.com\\\/nachofdezber\\\/\",\"https:\\\/\\\/www.youtube.com\\\/channel\\\/UCZP-2wLEB9Rv6erhFmqVnvg\"],\"address\":{\"@id\":\"https:\\\/\\\/candas365.es\\\/noticias\\\/#postaladdress\",\"@type\":\"PostalAddress\",\"streetAddress\":\"san antonio 4, san antonio 4\",\"postalCode\":\"33430\",\"addressLocality\":\"Cand\\u00e1s\",\"addressRegion\":\"Asturias\",\"addressCountry\":\"ES\"}},{\"@type\":\"Person\",\"@id\":\"https:\\\/\\\/candas365.es\\\/noticias\\\/author\\\/admin\\\/#author\",\"url\":\"https:\\\/\\\/candas365.es\\\/noticias\\\/author\\\/admin\\\/\",\"name\":\"Cand\\u00e1s 365\",\"image\":{\"@type\":\"ImageObject\",\"@id\":\"https:\\\/\\\/candas365.es\\\/noticias\\\/la-lesion-y-baja-de-sule-pone-en-aprietos-a-low\\\/#authorImage\",\"url\":\"https:\\\/\\\/secure.gravatar.com\\\/avatar\\\/496a8e03d0c493ede1718b7934145dbdf8d89be1036b0eec9544e1094c9de390?s=96&d=mm&r=g\",\"width\":96,\"height\":96,\"caption\":\"Cand\\u00e1s 365\"},\"sameAs\":[\"https:\\\/\\\/www.facebook.com\\\/carrenoactualidad\",\"https:\\\/\\\/twitter.com\\\/nbasturias\",\"https:\\\/\\\/www.instagram.com\\\/nachofdezber\\\/\",\"https:\\\/\\\/www.youtube.com\\\/channel\\\/UCZP-2wLEB9Rv6erhFmqVnvg\"]},{\"@type\":\"WebPage\",\"@id\":\"https:\\\/\\\/candas365.es\\\/noticias\\\/la-lesion-y-baja-de-sule-pone-en-aprietos-a-low\\\/#webpage\",\"url\":\"https:\\\/\\\/candas365.es\\\/noticias\\\/la-lesion-y-baja-de-sule-pone-en-aprietos-a-low\\\/\",\"name\":\"La lesi\\u00f3n y baja de S\\u00fcle pone en aprietos a L\\u00f6w | Cand\\u00e1s 365\",\"description\":\"M\\u00fanich, 20 oct (dpa) - El grito de dolor de Niklas S\\u00fcle no s\\u00f3lo despert\\u00f3 los peores temores en el Bayern M\\u00fanich, que hoy confirm\\u00f3 que el internacional alem\\u00e1n sufri\\u00f3 una rotura de ligamento cruzado de la rodilla izquierda y ser\\u00e1 baja durante meses. Las im\\u00e1genes tambi\\u00e9n alarmaron a Joachim L\\u00f6w. A ocho meses del\",\"inLanguage\":\"es-ES\",\"isPartOf\":{\"@id\":\"https:\\\/\\\/candas365.es\\\/noticias\\\/#website\"},\"breadcrumb\":{\"@id\":\"https:\\\/\\\/candas365.es\\\/noticias\\\/la-lesion-y-baja-de-sule-pone-en-aprietos-a-low\\\/#breadcrumblist\"},\"author\":{\"@id\":\"https:\\\/\\\/candas365.es\\\/noticias\\\/author\\\/admin\\\/#author\"},\"creator\":{\"@id\":\"https:\\\/\\\/candas365.es\\\/noticias\\\/author\\\/admin\\\/#author\"},\"image\":{\"@type\":\"ImageObject\",\"url\":\"https:\\\/\\\/candas365.es\\\/noticias\\\/wp-content\\\/uploads\\\/2019\\\/10\\\/Sule-lesionado.jpg\",\"@id\":\"https:\\\/\\\/candas365.es\\\/noticias\\\/la-lesion-y-baja-de-sule-pone-en-aprietos-a-low\\\/#mainImage\",\"width\":1007,\"height\":660,\"caption\":\"S\\u00fcle sufri\\u00f3 una rotura de ligamento y ser\\u00e1 baja durante meses. Foto: Matthias Balk\\\/dpa\"},\"primaryImageOfPage\":{\"@id\":\"https:\\\/\\\/candas365.es\\\/noticias\\\/la-lesion-y-baja-de-sule-pone-en-aprietos-a-low\\\/#mainImage\"},\"datePublished\":\"2019-10-21T03:48:45+02:00\",\"dateModified\":\"2019-10-21T03:48:45+02:00\"},{\"@type\":\"WebSite\",\"@id\":\"https:\\\/\\\/candas365.es\\\/noticias\\\/#website\",\"url\":\"https:\\\/\\\/candas365.es\\\/noticias\\\/\",\"name\":\"Cand\\u00e1s 365\",\"alternateName\":\"Cand\\u00e1s 365 Noticias\",\"description\":\"Actualidad desde Carre\\u00f1o para el mundo\",\"inLanguage\":\"es-ES\",\"publisher\":{\"@id\":\"https:\\\/\\\/candas365.es\\\/noticias\\\/#organization\"}}]}\n\t\t<\/script>\n\t\t<!-- All in One SEO Pro -->\r\n\t\t<title>La lesi\u00f3n y baja de S\u00fcle pone en aprietos a L\u00f6w | Cand\u00e1s 365<\/title>\n\n","aioseo_head_json":{"title":"La lesi\u00f3n y baja de S\u00fcle pone en aprietos a L\u00f6w | Cand\u00e1s 365","description":"M\u00fanich, 20 oct (dpa) - El grito de dolor de Niklas S\u00fcle no s\u00f3lo despert\u00f3 los peores temores en el Bayern M\u00fanich, que hoy confirm\u00f3 que el internacional alem\u00e1n sufri\u00f3 una rotura de ligamento cruzado de la rodilla izquierda y ser\u00e1 baja durante meses. Las im\u00e1genes tambi\u00e9n alarmaron a Joachim L\u00f6w. A ocho meses del","canonical_url":"https:\/\/candas365.es\/noticias\/la-lesion-y-baja-de-sule-pone-en-aprietos-a-low\/","robots":"max-image-preview:large","keywords":"deporte","webmasterTools":{"google-site-verification":"UA-32230408-1","msvalidate.01":"354F3CDFB2DA171B47FBE9ABF1F88D5","miscellaneous":""},"schema":{"@context":"https:\/\/schema.org","@graph":[{"@type":"BreadcrumbList","@id":"https:\/\/candas365.es\/noticias\/la-lesion-y-baja-de-sule-pone-en-aprietos-a-low\/#breadcrumblist","itemListElement":[{"@type":"ListItem","@id":"https:\/\/candas365.es\/noticias#listItem","position":1,"name":"Home","item":"https:\/\/candas365.es\/noticias","nextItem":{"@type":"ListItem","@id":"https:\/\/candas365.es\/noticias\/category\/deporte\/#listItem","name":"Deporte"}},{"@type":"ListItem","@id":"https:\/\/candas365.es\/noticias\/category\/deporte\/#listItem","position":2,"name":"Deporte","item":"https:\/\/candas365.es\/noticias\/category\/deporte\/","nextItem":{"@type":"ListItem","@id":"https:\/\/candas365.es\/noticias\/la-lesion-y-baja-de-sule-pone-en-aprietos-a-low\/#listItem","name":"La lesi\u00f3n y baja de S\u00fcle pone en aprietos a L\u00f6w"},"previousItem":{"@type":"ListItem","@id":"https:\/\/candas365.es\/noticias#listItem","name":"Home"}},{"@type":"ListItem","@id":"https:\/\/candas365.es\/noticias\/la-lesion-y-baja-de-sule-pone-en-aprietos-a-low\/#listItem","position":3,"name":"La lesi\u00f3n y baja de S\u00fcle pone en aprietos a L\u00f6w","previousItem":{"@type":"ListItem","@id":"https:\/\/candas365.es\/noticias\/category\/deporte\/#listItem","name":"Deporte"}}]},{"@type":"NewsArticle","@id":"https:\/\/candas365.es\/noticias\/la-lesion-y-baja-de-sule-pone-en-aprietos-a-low\/#newsarticle","name":"La lesi\u00f3n y baja de S\u00fcle pone en aprietos a L\u00f6w | Cand\u00e1s 365","headline":"La lesi\u00f3n y baja de S\u00fcle pone en aprietos a L\u00f6w","author":{"@id":"https:\/\/candas365.es\/noticias\/author\/admin\/#author"},"publisher":{"@id":"https:\/\/candas365.es\/noticias\/#organization"},"image":{"@type":"ImageObject","url":"https:\/\/candas365.es\/noticias\/wp-content\/uploads\/2019\/10\/Sule-lesionado.jpg","width":1007,"height":660,"caption":"S\u00fcle sufri\u00f3 una rotura de ligamento y ser\u00e1 baja durante meses. Foto: Matthias Balk\/dpa"},"datePublished":"2019-10-21T03:48:45+02:00","dateModified":"2019-10-21T03:48:45+02:00","inLanguage":"es-ES","mainEntityOfPage":{"@id":"https:\/\/candas365.es\/noticias\/la-lesion-y-baja-de-sule-pone-en-aprietos-a-low\/#webpage"},"isPartOf":{"@id":"https:\/\/candas365.es\/noticias\/la-lesion-y-baja-de-sule-pone-en-aprietos-a-low\/#webpage"},"articleSection":"Deporte","dateline":"Publicado el octubre 21, 2019."},{"@type":"Organization","@id":"https:\/\/candas365.es\/noticias\/#organization","name":"Cand\u00e1s 365","description":"Cand\u00e1s 365 es un diario digital independiente, fundado en 2012, con base en Asturias. Informamos con rigor sobre actualidad, sociedad, cultura y ocio, con una mirada local y global.","url":"https:\/\/candas365.es\/noticias\/","email":"info@candas365.es","telephone":"+34652131393","foundingDate":"2012-06-10","logo":{"@type":"ImageObject","url":"https:\/\/candas365.es\/noticias\/wp-content\/uploads\/2024\/09\/Candas-365-Redes.jpg","@id":"https:\/\/candas365.es\/noticias\/la-lesion-y-baja-de-sule-pone-en-aprietos-a-low\/#organizationLogo","width":1152,"height":864,"caption":"Cand\u00e1s 365 Redes"},"image":{"@id":"https:\/\/candas365.es\/noticias\/la-lesion-y-baja-de-sule-pone-en-aprietos-a-low\/#organizationLogo"},"sameAs":["https:\/\/www.facebook.com\/Nachofdezber","https:\/\/x.com\/NabercoDigital","https:\/\/www.instagram.com\/nachofdezber\/","https:\/\/www.youtube.com\/channel\/UCZP-2wLEB9Rv6erhFmqVnvg"],"address":{"@id":"https:\/\/candas365.es\/noticias\/#postaladdress","@type":"PostalAddress","streetAddress":"san antonio 4, san antonio 4","postalCode":"33430","addressLocality":"Cand\u00e1s","addressRegion":"Asturias","addressCountry":"ES"}},{"@type":"Person","@id":"https:\/\/candas365.es\/noticias\/author\/admin\/#author","url":"https:\/\/candas365.es\/noticias\/author\/admin\/","name":"Cand\u00e1s 365","image":{"@type":"ImageObject","@id":"https:\/\/candas365.es\/noticias\/la-lesion-y-baja-de-sule-pone-en-aprietos-a-low\/#authorImage","url":"https:\/\/secure.gravatar.com\/avatar\/496a8e03d0c493ede1718b7934145dbdf8d89be1036b0eec9544e1094c9de390?s=96&d=mm&r=g","width":96,"height":96,"caption":"Cand\u00e1s 365"},"sameAs":["https:\/\/www.facebook.com\/carrenoactualidad","https:\/\/twitter.com\/nbasturias","https:\/\/www.instagram.com\/nachofdezber\/","https:\/\/www.youtube.com\/channel\/UCZP-2wLEB9Rv6erhFmqVnvg"]},{"@type":"WebPage","@id":"https:\/\/candas365.es\/noticias\/la-lesion-y-baja-de-sule-pone-en-aprietos-a-low\/#webpage","url":"https:\/\/candas365.es\/noticias\/la-lesion-y-baja-de-sule-pone-en-aprietos-a-low\/","name":"La lesi\u00f3n y baja de S\u00fcle pone en aprietos a L\u00f6w | Cand\u00e1s 365","description":"M\u00fanich, 20 oct (dpa) - El grito de dolor de Niklas S\u00fcle no s\u00f3lo despert\u00f3 los peores temores en el Bayern M\u00fanich, que hoy confirm\u00f3 que el internacional alem\u00e1n sufri\u00f3 una rotura de ligamento cruzado de la rodilla izquierda y ser\u00e1 baja durante meses. Las im\u00e1genes tambi\u00e9n alarmaron a Joachim L\u00f6w. A ocho meses del","inLanguage":"es-ES","isPartOf":{"@id":"https:\/\/candas365.es\/noticias\/#website"},"breadcrumb":{"@id":"https:\/\/candas365.es\/noticias\/la-lesion-y-baja-de-sule-pone-en-aprietos-a-low\/#breadcrumblist"},"author":{"@id":"https:\/\/candas365.es\/noticias\/author\/admin\/#author"},"creator":{"@id":"https:\/\/candas365.es\/noticias\/author\/admin\/#author"},"image":{"@type":"ImageObject","url":"https:\/\/candas365.es\/noticias\/wp-content\/uploads\/2019\/10\/Sule-lesionado.jpg","@id":"https:\/\/candas365.es\/noticias\/la-lesion-y-baja-de-sule-pone-en-aprietos-a-low\/#mainImage","width":1007,"height":660,"caption":"S\u00fcle sufri\u00f3 una rotura de ligamento y ser\u00e1 baja durante meses. Foto: Matthias Balk\/dpa"},"primaryImageOfPage":{"@id":"https:\/\/candas365.es\/noticias\/la-lesion-y-baja-de-sule-pone-en-aprietos-a-low\/#mainImage"},"datePublished":"2019-10-21T03:48:45+02:00","dateModified":"2019-10-21T03:48:45+02:00"},{"@type":"WebSite","@id":"https:\/\/candas365.es\/noticias\/#website","url":"https:\/\/candas365.es\/noticias\/","name":"Cand\u00e1s 365","alternateName":"Cand\u00e1s 365 Noticias","description":"Actualidad desde Carre\u00f1o para el mundo","inLanguage":"es-ES","publisher":{"@id":"https:\/\/candas365.es\/noticias\/#organization"}}]},"og:locale":"es_ES","og:site_name":"Cand\u00e1s 365","og:type":"article","og:title":"La lesi\u00f3n y baja de S\u00fcle pone en aprietos a L\u00f6w | Cand\u00e1s 365","og:description":"M\u00fanich, 20 oct (dpa) - El grito de dolor de Niklas S\u00fcle no s\u00f3lo despert\u00f3 los peores temores en el Bayern M\u00fanich, que hoy confirm\u00f3 que el internacional alem\u00e1n sufri\u00f3 una rotura de ligamento cruzado de la rodilla izquierda y ser\u00e1 baja durante meses. Las im\u00e1genes tambi\u00e9n alarmaron a Joachim L\u00f6w. A ocho meses del","og:url":"https:\/\/candas365.es\/noticias\/la-lesion-y-baja-de-sule-pone-en-aprietos-a-low\/","og:image":"https:\/\/candas365.es\/noticias\/wp-content\/uploads\/2019\/10\/Sule-lesionado.jpg","og:image:secure_url":"https:\/\/candas365.es\/noticias\/wp-content\/uploads\/2019\/10\/Sule-lesionado.jpg","og:image:width":1007,"og:image:height":660,"article:published_time":"2019-10-21T03:48:45+00:00","article:modified_time":"2019-10-21T03:48:45+00:00","article:publisher":"https:\/\/www.facebook.com\/Nachofdezber","article:author":"https:\/\/www.facebook.com\/carrenoactualidad","twitter:card":"summary_large_image","twitter:site":"@NabercoDigital","twitter:title":"La lesi\u00f3n y baja de S\u00fcle pone en aprietos a L\u00f6w | Cand\u00e1s 365","twitter:description":"M\u00fanich, 20 oct (dpa) - El grito de dolor de Niklas S\u00fcle no s\u00f3lo despert\u00f3 los peores temores en el Bayern M\u00fanich, que hoy confirm\u00f3 que el internacional alem\u00e1n sufri\u00f3 una rotura de ligamento cruzado de la rodilla izquierda y ser\u00e1 baja durante meses. Las im\u00e1genes tambi\u00e9n alarmaron a Joachim L\u00f6w. A ocho meses del","twitter:creator":"@nbasturias","twitter:image":"https:\/\/candas365.es\/noticias\/wp-content\/uploads\/2019\/10\/Sule-lesionado.jpg","twitter:label1":"Escrito por","twitter:data1":"Cand\u00e1s 365","twitter:label2":"Tiempo de lectura estimado","twitter:data2":"3 minutos"},"aioseo_meta_data":{"post_id":"131615","title":null,"description":null,"keywords":null,"keyphrases":null,"primary_term":null,"canonical_url":null,"og_title":null,"og_description":null,"og_object_type":"default","og_image_type":"default","og_image_url":null,"og_image_width":null,"og_image_height":null,"og_image_custom_url":null,"og_image_custom_fields":null,"og_video":null,"og_custom_url":null,"og_article_section":null,"og_article_tags":null,"twitter_use_og":false,"twitter_card":"default","twitter_image_type":"default","twitter_image_url":null,"twitter_image_custom_url":null,"twitter_image_custom_fields":null,"twitter_title":null,"twitter_description":null,"schema":{"blockGraphs":[],"customGraphs":[],"default":{"data":{"Article":[],"Course":[],"Dataset":[],"FAQPage":[],"Movie":[],"Person":[],"Product":[],"ProductReview":[],"Car":[],"Recipe":[],"Service":[],"SoftwareApplication":[],"WebPage":[]},"graphName":"","isEnabled":true},"graphs":[]},"schema_type":null,"schema_type_options":null,"pillar_content":false,"robots_default":true,"robots_noindex":false,"robots_noarchive":false,"robots_nosnippet":false,"robots_nofollow":false,"robots_noimageindex":false,"robots_noodp":false,"robots_notranslate":false,"robots_max_snippet":null,"robots_max_videopreview":null,"robots_max_imagepreview":"large","priority":null,"frequency":null,"location":null,"local_seo":null,"seo_analyzer_scan_date":"2025-08-30 15:52:07","breadcrumb_settings":null,"limit_modified_date":false,"reviewed_by":null,"open_ai":null,"ai":null,"created":"2020-12-21 10:51:33","updated":"2025-08-30 15:52:07"},"aioseo_breadcrumb":"<div class=\"aioseo-breadcrumbs\"><span class=\"aioseo-breadcrumb\">\n\t<a href=\"https:\/\/candas365.es\/noticias\" title=\"Home\">Home<\/a>\n<\/span><span class=\"aioseo-breadcrumb-separator\">&ndash;<\/span><span class=\"aioseo-breadcrumb\">\n\t<a href=\"https:\/\/candas365.es\/noticias\/category\/deporte\/\" title=\"Deporte\">Deporte<\/a>\n<\/span><span class=\"aioseo-breadcrumb-separator\">&ndash;<\/span><span class=\"aioseo-breadcrumb\">\n\tLa lesi\u00f3n y baja de S\u00fcle pone en aprietos a L\u00f6w\n<\/span><\/div>","aioseo_breadcrumb_json":[{"label":"Home","link":"https:\/\/candas365.es\/noticias"},{"label":"Deporte","link":"https:\/\/candas365.es\/noticias\/category\/deporte\/"},{"label":"La lesi\u00f3n y baja de S\u00fcle pone en aprietos a L\u00f6w","link":"https:\/\/candas365.es\/noticias\/la-lesion-y-baja-de-sule-pone-en-aprietos-a-low\/"}],"_links":{"self":[{"href":"https:\/\/candas365.es\/noticias\/wp-json\/wp\/v2\/posts\/131615","targetHints":{"allow":["GET"]}}],"collection":[{"href":"https:\/\/candas365.es\/noticias\/wp-json\/wp\/v2\/posts"}],"about":[{"href":"https:\/\/candas365.es\/noticias\/wp-json\/wp\/v2\/types\/post"}],"author":[{"embeddable":true,"href":"https:\/\/candas365.es\/noticias\/wp-json\/wp\/v2\/users\/1"}],"replies":[{"embeddable":true,"href":"https:\/\/candas365.es\/noticias\/wp-json\/wp\/v2\/comments?post=131615"}],"version-history":[{"count":0,"href":"https:\/\/candas365.es\/noticias\/wp-json\/wp\/v2\/posts\/131615\/revisions"}],"wp:featuredmedia":[{"embeddable":true,"href":"https:\/\/candas365.es\/noticias\/wp-json\/wp\/v2\/media\/131616"}],"wp:attachment":[{"href":"https:\/\/candas365.es\/noticias\/wp-json\/wp\/v2\/media?parent=131615"}],"wp:term":[{"taxonomy":"category","embeddable":true,"href":"https:\/\/candas365.es\/noticias\/wp-json\/wp\/v2\/categories?post=131615"},{"taxonomy":"post_tag","embeddable":true,"href":"https:\/\/candas365.es\/noticias\/wp-json\/wp\/v2\/tags?post=131615"}],"curies":[{"name":"wp","href":"https:\/\/api.w.org\/{rel}","templated":true}]}}