{"id":131513,"date":"2019-10-18T15:05:10","date_gmt":"2019-10-18T15:05:10","guid":{"rendered":"http:\/\/candas365.es\/noticias\/?p=131513"},"modified":"2019-10-24T12:48:59","modified_gmt":"2019-10-24T12:48:59","slug":"la-segunda-juventud-de-santi-cazorla","status":"publish","type":"post","link":"https:\/\/candas365.es\/noticias\/la-segunda-juventud-de-santi-cazorla\/","title":{"rendered":"La segunda juventud de Santi Cazorla"},"content":{"rendered":"<figure id=\"attachment_131514\" aria-describedby=\"caption-attachment-131514\" style=\"width: 360px\" class=\"wp-caption alignleft\"><img fetchpriority=\"high\" decoding=\"async\" class=\"size-medium wp-image-131514\" src=\"https:\/\/candas365.es\/noticias\/wp-content\/uploads\/2019\/10\/Santi-Cazorla-360x241.jpg\" alt=\"\" width=\"360\" height=\"241\" srcset=\"https:\/\/candas365.es\/noticias\/wp-content\/uploads\/2019\/10\/Santi-Cazorla-360x241.jpg 360w, https:\/\/candas365.es\/noticias\/wp-content\/uploads\/2019\/10\/Santi-Cazorla-768x514.jpg 768w, https:\/\/candas365.es\/noticias\/wp-content\/uploads\/2019\/10\/Santi-Cazorla-655x439.jpg 655w, https:\/\/candas365.es\/noticias\/wp-content\/uploads\/2019\/10\/Santi-Cazorla-696x466.jpg 696w, https:\/\/candas365.es\/noticias\/wp-content\/uploads\/2019\/10\/Santi-Cazorla-627x420.jpg 627w, https:\/\/candas365.es\/noticias\/wp-content\/uploads\/2019\/10\/Santi-Cazorla.jpg 820w\" sizes=\"(max-width: 360px) 100vw, 360px\" \/><figcaption id=\"caption-attachment-131514\" class=\"wp-caption-text\">\u00abSanti Cazorla\u00bb byRonnie Macdonald (CC BY 2.0)<\/figcaption><\/figure>\n<p>El asturiano <strong>Santi Cazorla<\/strong> est\u00e1 viviendo una segunda juventud en el Villarreal CF. A sus casi 35 a\u00f1os, ha encontrado en el club castellonense una segunda oportunidad de reencontrarse con el f\u00fatbol, y el menudo centrocampista no la ha desaprovechado.<\/p>\n<p>En su \u00faltima etapa como futbolista del Arsenal, Santi Cazorla apenas pudo disputar encuentros oficiales por culpa de las lesiones. Antes de fichar por el Villarreal CF, incluso un m\u00e9dico aconsej\u00f3 al futbolista desistir de su intento de retornar a la \u00e9lite, pero tras un largo proceso de rehabilitaci\u00f3n y la ayuda del club, el jugador de Lugo de Llanera ha vuelto a ser el que era.<\/p>\n<p>Tras luchar la temporada pasada por eludir el descenso de categor\u00eda, este nuevo curso est\u00e1 luchando porque su club vuelva a jugar competiciones europeas, objetivo real de la entidad presidida por Fernando Roig. Ahora mismo el equipo marcha en mitad de la tabla clasificatoria, a tan solo dos puntos de la zona europea. De hecho,\u00a0<strong><a href=\"https:\/\/www.betfair.es\/sport\/football\/la-liga-espa%C3%B1ola\/117\" target=\"_blank\" rel=\"noopener noreferrer\"><span style=\"color: #ff6600;\">puedes hacer apuestas en la Liga espa\u00f1ola<\/span><\/a><\/strong> a que el Villarreal CF logra entrar en las 6 primeras posiciones, y s\u00ed lo consigue, gran parte del m\u00e9rito ser\u00e1 de Santi Cazorla, clave en el engranaje de su t\u00e9cnico Javier Calleja, que le ha otorgado la manija del centro del campo, alej\u00e1ndole de la banda derecha, donde interven\u00eda menos en el juego ofensivo de su equipo. Y es que el equipo castellonense se ha reforzado a consciencia formando un bloque \u00a0muy competitivo a su alrededor, lo que invita a pensar que acabar\u00e1 en zona europea.<\/p>\n<h2><strong>Vuelta a la selecci\u00f3n espa\u00f1ola<\/strong><\/h2>\n<p><iframe src=\"https:\/\/www.youtube.com\/embed\/8WXd4OE5UfM\" width=\"655\" height=\"480\" frameborder=\"0\" allowfullscreen=\"allowfullscreen\"><span data-mce-type=\"bookmark\" style=\"display: inline-block; width: 0px; overflow: hidden; line-height: 0;\" class=\"mce_SELRES_start\">\ufeff<\/span><\/iframe><\/p>\n<p>El extraordinario rendimiento de Santi Cazorla no ha pasado desapercibido para el seleccionador nacional, el cual no ha dudado en incluirle para los dos \u00faltimos compromisos oficiales de Espa\u00f1a frente a Noruega y Suecia.<\/p>\n<p>Fue suplente en ambos, y tan solo goz\u00f3 de minutos ante Noruega en el primer partido, pero el simple hecho de regresar a una convocatoria con 34 a\u00f1os, habla por s\u00ed solo del gran nivel que est\u00e1 demostrando el centrocampista asturiano. Es pronto para aventurarse con que Santi Cazorla est\u00e9 en la lista definitiva de cara a la Eurocopa 2020, y el propio jugador lo tiene claro a la hora de no fijarse metas a largo plazo, sino\u00a0<span style=\"color: #ff6600;\"><strong><a style=\"color: #ff6600;\" href=\"https:\/\/www.mundodeportivo.com\/futbol\/eurocopa\/20191013\/47948957747\/cazorla-la-eurocopa-pienso-en-el-dia-a-dia.html\" target=\"_blank\" rel=\"noopener noreferrer\">disfrutar del momento y del d\u00eda a d\u00eda<\/a><\/strong><\/span>.<\/p>\n<h2><strong>Su futuro seguir\u00e1 ligado al mundo del f\u00fatbol<\/strong><\/h2>\n<p>Todav\u00eda es pronto para saber cu\u00e1ndo decidir\u00e1 el asturiano colgar las botas. Por el momento, parece que tiene cuerda para rato, y, aunque juega con dolor, nada le impide seguir disfrutando vestido de corto cada fin de semana.<\/p>\n<p>En una entrevista concedida hace poco afirm\u00f3 que cuando se retire le gustar\u00eda seguir ligado al mundo del f\u00fatbol, pero no como entrenador,\u00a0<span style=\"color: #ff6600;\"><strong><a style=\"color: #ff6600;\" href=\"https:\/\/www.lasprovincias.es\/deportes\/futbol\/santi-cazorla-duro-20191007002843-ntvo.html\" target=\"_blank\" rel=\"noopener noreferrer\">sino formando parte de la direcci\u00f3n deportiva<\/a><\/strong><\/span>. Santi Cazorla se define como un \u201cenfermo de ver f\u00fatbol\u201d, en especial en seguir a j\u00f3venes promesas, entre las que el futbolista destaca a su compa\u00f1ero Pau Torres como futuro central de Espa\u00f1a, y Ferr\u00e1n Torres, la perla del Valencia CF que deslumbra con la selecci\u00f3n sub-21.<\/p>\n<p>Seguiremos disfrutando de ver jugar al f\u00fatbol a este fant\u00e1stico futbolista asturiano, y esperamos que triunfe tanto con su equipo como con su selecci\u00f3n, en esta sorprendente pero muy merecida vuelta al combinado nacional dirigido por Robert Moreno.<\/p>\n","protected":false},"excerpt":{"rendered":"<p>El asturiano Santi Cazorla est\u00e1 viviendo una segunda juventud en el Villarreal CF. A sus casi 35 a\u00f1os, ha encontrado en el club castellonense una segunda oportunidad de reencontrarse con el f\u00fatbol, y el menudo centrocampista no la ha desaprovechado. En su \u00faltima etapa como futbolista del Arsenal, Santi Cazorla apenas pudo disputar encuentros oficiales<\/p>\n","protected":false},"author":1,"featured_media":131514,"comment_status":"closed","ping_status":"closed","sticky":false,"template":"","format":"standard","meta":{"footnotes":""},"categories":[319],"tags":[],"class_list":{"0":"post-131513","1":"post","2":"type-post","3":"status-publish","4":"format-standard","5":"has-post-thumbnail","7":"category-deporte"},"aioseo_notices":[],"aioseo_head":"\n\t\t<!-- All in One SEO Pro 4.9.6.2 - aioseo.com -->\n\t<meta name=\"description\" content=\"El asturiano Santi Cazorla est\u00e1 viviendo una segunda juventud en el Villarreal CF. A sus casi 35 a\u00f1os, ha encontrado en el club castellonense una segunda oportunidad de reencontrarse con el f\u00fatbol, y el menudo centrocampista no la ha desaprovechado. En su \u00faltima etapa como futbolista del Arsenal, Santi Cazorla apenas pudo disputar encuentros oficiales\" \/>\n\t<meta name=\"robots\" content=\"max-image-preview:large\" \/>\n\t<meta name=\"author\" content=\"Cand\u00e1s 365\"\/>\n\t<meta name=\"google-site-verification\" content=\"UA-32230408-1\" \/>\n\t<meta name=\"msvalidate.01\" content=\"354F3CDFB2DA171B47FBE9ABF1F88D5\" \/>\n\t<meta name=\"keywords\" content=\"deporte\" \/>\n\t<link rel=\"canonical\" href=\"https:\/\/candas365.es\/noticias\/la-segunda-juventud-de-santi-cazorla\/\" \/>\n\t<meta name=\"generator\" content=\"All in One SEO Pro (AIOSEO) 4.9.6.2\" \/>\n\t\t<meta property=\"og:locale\" content=\"es_ES\" \/>\n\t\t<meta property=\"og:site_name\" content=\"Cand\u00e1s 365\" \/>\n\t\t<meta property=\"og:type\" content=\"article\" \/>\n\t\t<meta property=\"og:title\" content=\"La segunda juventud de Santi Cazorla | Cand\u00e1s 365\" \/>\n\t\t<meta property=\"og:description\" content=\"El asturiano Santi Cazorla est\u00e1 viviendo una segunda juventud en el Villarreal CF. A sus casi 35 a\u00f1os, ha encontrado en el club castellonense una segunda oportunidad de reencontrarse con el f\u00fatbol, y el menudo centrocampista no la ha desaprovechado. En su \u00faltima etapa como futbolista del Arsenal, Santi Cazorla apenas pudo disputar encuentros oficiales\" \/>\n\t\t<meta property=\"og:url\" content=\"https:\/\/candas365.es\/noticias\/la-segunda-juventud-de-santi-cazorla\/\" \/>\n\t\t<meta property=\"og:image\" content=\"https:\/\/candas365.es\/noticias\/wp-content\/uploads\/2019\/10\/Santi-Cazorla.jpg\" \/>\n\t\t<meta property=\"og:image:secure_url\" content=\"https:\/\/candas365.es\/noticias\/wp-content\/uploads\/2019\/10\/Santi-Cazorla.jpg\" \/>\n\t\t<meta property=\"og:image:width\" content=\"820\" \/>\n\t\t<meta property=\"og:image:height\" content=\"549\" \/>\n\t\t<meta property=\"article:published_time\" content=\"2019-10-18T15:05:10+00:00\" \/>\n\t\t<meta property=\"article:modified_time\" content=\"2019-10-24T12:48:59+00:00\" \/>\n\t\t<meta property=\"article:publisher\" content=\"https:\/\/www.facebook.com\/Nachofdezber\" \/>\n\t\t<meta property=\"article:author\" content=\"https:\/\/www.facebook.com\/carrenoactualidad\" \/>\n\t\t<meta name=\"twitter:card\" content=\"summary_large_image\" \/>\n\t\t<meta name=\"twitter:site\" content=\"@NabercoDigital\" \/>\n\t\t<meta name=\"twitter:title\" content=\"La segunda juventud de Santi Cazorla | Cand\u00e1s 365\" \/>\n\t\t<meta name=\"twitter:description\" content=\"El asturiano Santi Cazorla est\u00e1 viviendo una segunda juventud en el Villarreal CF. A sus casi 35 a\u00f1os, ha encontrado en el club castellonense una segunda oportunidad de reencontrarse con el f\u00fatbol, y el menudo centrocampista no la ha desaprovechado. En su \u00faltima etapa como futbolista del Arsenal, Santi Cazorla apenas pudo disputar encuentros oficiales\" \/>\n\t\t<meta name=\"twitter:creator\" content=\"@nbasturias\" \/>\n\t\t<meta name=\"twitter:image\" content=\"https:\/\/candas365.es\/noticias\/wp-content\/uploads\/2019\/10\/Santi-Cazorla.jpg\" \/>\n\t\t<meta name=\"twitter:label1\" content=\"Escrito por\" \/>\n\t\t<meta name=\"twitter:data1\" content=\"Cand\u00e1s 365\" \/>\n\t\t<meta name=\"twitter:label2\" content=\"Tiempo de lectura estimado\" \/>\n\t\t<meta name=\"twitter:data2\" content=\"3 minutos\" \/>\n\t\t<script type=\"application\/ld+json\" class=\"aioseo-schema\">\n\t\t\t{\"@context\":\"https:\\\/\\\/schema.org\",\"@graph\":[{\"@type\":\"BreadcrumbList\",\"@id\":\"https:\\\/\\\/candas365.es\\\/noticias\\\/la-segunda-juventud-de-santi-cazorla\\\/#breadcrumblist\",\"itemListElement\":[{\"@type\":\"ListItem\",\"@id\":\"https:\\\/\\\/candas365.es\\\/noticias#listItem\",\"position\":1,\"name\":\"Home\",\"item\":\"https:\\\/\\\/candas365.es\\\/noticias\",\"nextItem\":{\"@type\":\"ListItem\",\"@id\":\"https:\\\/\\\/candas365.es\\\/noticias\\\/category\\\/deporte\\\/#listItem\",\"name\":\"Deporte\"}},{\"@type\":\"ListItem\",\"@id\":\"https:\\\/\\\/candas365.es\\\/noticias\\\/category\\\/deporte\\\/#listItem\",\"position\":2,\"name\":\"Deporte\",\"item\":\"https:\\\/\\\/candas365.es\\\/noticias\\\/category\\\/deporte\\\/\",\"nextItem\":{\"@type\":\"ListItem\",\"@id\":\"https:\\\/\\\/candas365.es\\\/noticias\\\/la-segunda-juventud-de-santi-cazorla\\\/#listItem\",\"name\":\"La segunda juventud de Santi Cazorla\"},\"previousItem\":{\"@type\":\"ListItem\",\"@id\":\"https:\\\/\\\/candas365.es\\\/noticias#listItem\",\"name\":\"Home\"}},{\"@type\":\"ListItem\",\"@id\":\"https:\\\/\\\/candas365.es\\\/noticias\\\/la-segunda-juventud-de-santi-cazorla\\\/#listItem\",\"position\":3,\"name\":\"La segunda juventud de Santi Cazorla\",\"previousItem\":{\"@type\":\"ListItem\",\"@id\":\"https:\\\/\\\/candas365.es\\\/noticias\\\/category\\\/deporte\\\/#listItem\",\"name\":\"Deporte\"}}]},{\"@type\":\"NewsArticle\",\"@id\":\"https:\\\/\\\/candas365.es\\\/noticias\\\/la-segunda-juventud-de-santi-cazorla\\\/#newsarticle\",\"name\":\"La segunda juventud de Santi Cazorla | Cand\\u00e1s 365\",\"headline\":\"La segunda juventud de Santi Cazorla\",\"author\":{\"@id\":\"https:\\\/\\\/candas365.es\\\/noticias\\\/author\\\/admin\\\/#author\"},\"publisher\":{\"@id\":\"https:\\\/\\\/candas365.es\\\/noticias\\\/#organization\"},\"image\":{\"@type\":\"ImageObject\",\"url\":\"https:\\\/\\\/candas365.es\\\/noticias\\\/wp-content\\\/uploads\\\/2019\\\/10\\\/Santi-Cazorla.jpg\",\"width\":820,\"height\":549,\"caption\":\"\\\"Santi Cazorla\\\" byRonnie Macdonald (CC BY 2.0)\"},\"datePublished\":\"2019-10-18T15:05:10+02:00\",\"dateModified\":\"2019-10-24T12:48:59+02:00\",\"inLanguage\":\"es-ES\",\"mainEntityOfPage\":{\"@id\":\"https:\\\/\\\/candas365.es\\\/noticias\\\/la-segunda-juventud-de-santi-cazorla\\\/#webpage\"},\"isPartOf\":{\"@id\":\"https:\\\/\\\/candas365.es\\\/noticias\\\/la-segunda-juventud-de-santi-cazorla\\\/#webpage\"},\"articleSection\":\"Deporte\",\"dateline\":\"Publicado el octubre 18, 2019.\"},{\"@type\":\"Organization\",\"@id\":\"https:\\\/\\\/candas365.es\\\/noticias\\\/#organization\",\"name\":\"Cand\\u00e1s 365\",\"description\":\"Cand\\u00e1s 365 es un diario digital independiente, fundado en 2012, con base en Asturias. Informamos con rigor sobre actualidad, sociedad, cultura y ocio, con una mirada local y global.\",\"url\":\"https:\\\/\\\/candas365.es\\\/noticias\\\/\",\"email\":\"info@candas365.es\",\"telephone\":\"+34652131393\",\"foundingDate\":\"2012-06-10\",\"logo\":{\"@type\":\"ImageObject\",\"url\":\"https:\\\/\\\/candas365.es\\\/noticias\\\/wp-content\\\/uploads\\\/2024\\\/09\\\/Candas-365-Redes.jpg\",\"@id\":\"https:\\\/\\\/candas365.es\\\/noticias\\\/la-segunda-juventud-de-santi-cazorla\\\/#organizationLogo\",\"width\":1152,\"height\":864,\"caption\":\"Cand\\u00e1s 365 Redes\"},\"image\":{\"@id\":\"https:\\\/\\\/candas365.es\\\/noticias\\\/la-segunda-juventud-de-santi-cazorla\\\/#organizationLogo\"},\"sameAs\":[\"https:\\\/\\\/www.facebook.com\\\/Nachofdezber\",\"https:\\\/\\\/x.com\\\/NabercoDigital\",\"https:\\\/\\\/www.instagram.com\\\/nachofdezber\\\/\",\"https:\\\/\\\/www.youtube.com\\\/channel\\\/UCZP-2wLEB9Rv6erhFmqVnvg\"],\"address\":{\"@id\":\"https:\\\/\\\/candas365.es\\\/noticias\\\/#postaladdress\",\"@type\":\"PostalAddress\",\"streetAddress\":\"san antonio 4, san antonio 4\",\"postalCode\":\"33430\",\"addressLocality\":\"Cand\\u00e1s\",\"addressRegion\":\"Asturias\",\"addressCountry\":\"ES\"}},{\"@type\":\"Person\",\"@id\":\"https:\\\/\\\/candas365.es\\\/noticias\\\/author\\\/admin\\\/#author\",\"url\":\"https:\\\/\\\/candas365.es\\\/noticias\\\/author\\\/admin\\\/\",\"name\":\"Cand\\u00e1s 365\",\"image\":{\"@type\":\"ImageObject\",\"@id\":\"https:\\\/\\\/candas365.es\\\/noticias\\\/la-segunda-juventud-de-santi-cazorla\\\/#authorImage\",\"url\":\"https:\\\/\\\/secure.gravatar.com\\\/avatar\\\/496a8e03d0c493ede1718b7934145dbdf8d89be1036b0eec9544e1094c9de390?s=96&d=mm&r=g\",\"width\":96,\"height\":96,\"caption\":\"Cand\\u00e1s 365\"},\"sameAs\":[\"https:\\\/\\\/www.facebook.com\\\/carrenoactualidad\",\"https:\\\/\\\/twitter.com\\\/nbasturias\",\"https:\\\/\\\/www.instagram.com\\\/nachofdezber\\\/\",\"https:\\\/\\\/www.youtube.com\\\/channel\\\/UCZP-2wLEB9Rv6erhFmqVnvg\"]},{\"@type\":\"WebPage\",\"@id\":\"https:\\\/\\\/candas365.es\\\/noticias\\\/la-segunda-juventud-de-santi-cazorla\\\/#webpage\",\"url\":\"https:\\\/\\\/candas365.es\\\/noticias\\\/la-segunda-juventud-de-santi-cazorla\\\/\",\"name\":\"La segunda juventud de Santi Cazorla | Cand\\u00e1s 365\",\"description\":\"El asturiano Santi Cazorla est\\u00e1 viviendo una segunda juventud en el Villarreal CF. A sus casi 35 a\\u00f1os, ha encontrado en el club castellonense una segunda oportunidad de reencontrarse con el f\\u00fatbol, y el menudo centrocampista no la ha desaprovechado. En su \\u00faltima etapa como futbolista del Arsenal, Santi Cazorla apenas pudo disputar encuentros oficiales\",\"inLanguage\":\"es-ES\",\"isPartOf\":{\"@id\":\"https:\\\/\\\/candas365.es\\\/noticias\\\/#website\"},\"breadcrumb\":{\"@id\":\"https:\\\/\\\/candas365.es\\\/noticias\\\/la-segunda-juventud-de-santi-cazorla\\\/#breadcrumblist\"},\"author\":{\"@id\":\"https:\\\/\\\/candas365.es\\\/noticias\\\/author\\\/admin\\\/#author\"},\"creator\":{\"@id\":\"https:\\\/\\\/candas365.es\\\/noticias\\\/author\\\/admin\\\/#author\"},\"image\":{\"@type\":\"ImageObject\",\"url\":\"https:\\\/\\\/candas365.es\\\/noticias\\\/wp-content\\\/uploads\\\/2019\\\/10\\\/Santi-Cazorla.jpg\",\"@id\":\"https:\\\/\\\/candas365.es\\\/noticias\\\/la-segunda-juventud-de-santi-cazorla\\\/#mainImage\",\"width\":820,\"height\":549,\"caption\":\"\\\"Santi Cazorla\\\" byRonnie Macdonald (CC BY 2.0)\"},\"primaryImageOfPage\":{\"@id\":\"https:\\\/\\\/candas365.es\\\/noticias\\\/la-segunda-juventud-de-santi-cazorla\\\/#mainImage\"},\"datePublished\":\"2019-10-18T15:05:10+02:00\",\"dateModified\":\"2019-10-24T12:48:59+02:00\"},{\"@type\":\"WebSite\",\"@id\":\"https:\\\/\\\/candas365.es\\\/noticias\\\/#website\",\"url\":\"https:\\\/\\\/candas365.es\\\/noticias\\\/\",\"name\":\"Cand\\u00e1s 365\",\"alternateName\":\"Cand\\u00e1s 365 Noticias\",\"description\":\"Actualidad desde Carre\\u00f1o para el mundo\",\"inLanguage\":\"es-ES\",\"publisher\":{\"@id\":\"https:\\\/\\\/candas365.es\\\/noticias\\\/#organization\"}}]}\n\t\t<\/script>\n\t\t<!-- All in One SEO Pro -->\r\n\t\t<title>La segunda juventud de Santi Cazorla | Cand\u00e1s 365<\/title>\n\n","aioseo_head_json":{"title":"La segunda juventud de Santi Cazorla | Cand\u00e1s 365","description":"El asturiano Santi Cazorla est\u00e1 viviendo una segunda juventud en el Villarreal CF. A sus casi 35 a\u00f1os, ha encontrado en el club castellonense una segunda oportunidad de reencontrarse con el f\u00fatbol, y el menudo centrocampista no la ha desaprovechado. En su \u00faltima etapa como futbolista del Arsenal, Santi Cazorla apenas pudo disputar encuentros oficiales","canonical_url":"https:\/\/candas365.es\/noticias\/la-segunda-juventud-de-santi-cazorla\/","robots":"max-image-preview:large","keywords":"deporte","webmasterTools":{"google-site-verification":"UA-32230408-1","msvalidate.01":"354F3CDFB2DA171B47FBE9ABF1F88D5","miscellaneous":""},"schema":{"@context":"https:\/\/schema.org","@graph":[{"@type":"BreadcrumbList","@id":"https:\/\/candas365.es\/noticias\/la-segunda-juventud-de-santi-cazorla\/#breadcrumblist","itemListElement":[{"@type":"ListItem","@id":"https:\/\/candas365.es\/noticias#listItem","position":1,"name":"Home","item":"https:\/\/candas365.es\/noticias","nextItem":{"@type":"ListItem","@id":"https:\/\/candas365.es\/noticias\/category\/deporte\/#listItem","name":"Deporte"}},{"@type":"ListItem","@id":"https:\/\/candas365.es\/noticias\/category\/deporte\/#listItem","position":2,"name":"Deporte","item":"https:\/\/candas365.es\/noticias\/category\/deporte\/","nextItem":{"@type":"ListItem","@id":"https:\/\/candas365.es\/noticias\/la-segunda-juventud-de-santi-cazorla\/#listItem","name":"La segunda juventud de Santi Cazorla"},"previousItem":{"@type":"ListItem","@id":"https:\/\/candas365.es\/noticias#listItem","name":"Home"}},{"@type":"ListItem","@id":"https:\/\/candas365.es\/noticias\/la-segunda-juventud-de-santi-cazorla\/#listItem","position":3,"name":"La segunda juventud de Santi Cazorla","previousItem":{"@type":"ListItem","@id":"https:\/\/candas365.es\/noticias\/category\/deporte\/#listItem","name":"Deporte"}}]},{"@type":"NewsArticle","@id":"https:\/\/candas365.es\/noticias\/la-segunda-juventud-de-santi-cazorla\/#newsarticle","name":"La segunda juventud de Santi Cazorla | Cand\u00e1s 365","headline":"La segunda juventud de Santi Cazorla","author":{"@id":"https:\/\/candas365.es\/noticias\/author\/admin\/#author"},"publisher":{"@id":"https:\/\/candas365.es\/noticias\/#organization"},"image":{"@type":"ImageObject","url":"https:\/\/candas365.es\/noticias\/wp-content\/uploads\/2019\/10\/Santi-Cazorla.jpg","width":820,"height":549,"caption":"\"Santi Cazorla\" byRonnie Macdonald (CC BY 2.0)"},"datePublished":"2019-10-18T15:05:10+02:00","dateModified":"2019-10-24T12:48:59+02:00","inLanguage":"es-ES","mainEntityOfPage":{"@id":"https:\/\/candas365.es\/noticias\/la-segunda-juventud-de-santi-cazorla\/#webpage"},"isPartOf":{"@id":"https:\/\/candas365.es\/noticias\/la-segunda-juventud-de-santi-cazorla\/#webpage"},"articleSection":"Deporte","dateline":"Publicado el octubre 18, 2019."},{"@type":"Organization","@id":"https:\/\/candas365.es\/noticias\/#organization","name":"Cand\u00e1s 365","description":"Cand\u00e1s 365 es un diario digital independiente, fundado en 2012, con base en Asturias. Informamos con rigor sobre actualidad, sociedad, cultura y ocio, con una mirada local y global.","url":"https:\/\/candas365.es\/noticias\/","email":"info@candas365.es","telephone":"+34652131393","foundingDate":"2012-06-10","logo":{"@type":"ImageObject","url":"https:\/\/candas365.es\/noticias\/wp-content\/uploads\/2024\/09\/Candas-365-Redes.jpg","@id":"https:\/\/candas365.es\/noticias\/la-segunda-juventud-de-santi-cazorla\/#organizationLogo","width":1152,"height":864,"caption":"Cand\u00e1s 365 Redes"},"image":{"@id":"https:\/\/candas365.es\/noticias\/la-segunda-juventud-de-santi-cazorla\/#organizationLogo"},"sameAs":["https:\/\/www.facebook.com\/Nachofdezber","https:\/\/x.com\/NabercoDigital","https:\/\/www.instagram.com\/nachofdezber\/","https:\/\/www.youtube.com\/channel\/UCZP-2wLEB9Rv6erhFmqVnvg"],"address":{"@id":"https:\/\/candas365.es\/noticias\/#postaladdress","@type":"PostalAddress","streetAddress":"san antonio 4, san antonio 4","postalCode":"33430","addressLocality":"Cand\u00e1s","addressRegion":"Asturias","addressCountry":"ES"}},{"@type":"Person","@id":"https:\/\/candas365.es\/noticias\/author\/admin\/#author","url":"https:\/\/candas365.es\/noticias\/author\/admin\/","name":"Cand\u00e1s 365","image":{"@type":"ImageObject","@id":"https:\/\/candas365.es\/noticias\/la-segunda-juventud-de-santi-cazorla\/#authorImage","url":"https:\/\/secure.gravatar.com\/avatar\/496a8e03d0c493ede1718b7934145dbdf8d89be1036b0eec9544e1094c9de390?s=96&d=mm&r=g","width":96,"height":96,"caption":"Cand\u00e1s 365"},"sameAs":["https:\/\/www.facebook.com\/carrenoactualidad","https:\/\/twitter.com\/nbasturias","https:\/\/www.instagram.com\/nachofdezber\/","https:\/\/www.youtube.com\/channel\/UCZP-2wLEB9Rv6erhFmqVnvg"]},{"@type":"WebPage","@id":"https:\/\/candas365.es\/noticias\/la-segunda-juventud-de-santi-cazorla\/#webpage","url":"https:\/\/candas365.es\/noticias\/la-segunda-juventud-de-santi-cazorla\/","name":"La segunda juventud de Santi Cazorla | Cand\u00e1s 365","description":"El asturiano Santi Cazorla est\u00e1 viviendo una segunda juventud en el Villarreal CF. A sus casi 35 a\u00f1os, ha encontrado en el club castellonense una segunda oportunidad de reencontrarse con el f\u00fatbol, y el menudo centrocampista no la ha desaprovechado. En su \u00faltima etapa como futbolista del Arsenal, Santi Cazorla apenas pudo disputar encuentros oficiales","inLanguage":"es-ES","isPartOf":{"@id":"https:\/\/candas365.es\/noticias\/#website"},"breadcrumb":{"@id":"https:\/\/candas365.es\/noticias\/la-segunda-juventud-de-santi-cazorla\/#breadcrumblist"},"author":{"@id":"https:\/\/candas365.es\/noticias\/author\/admin\/#author"},"creator":{"@id":"https:\/\/candas365.es\/noticias\/author\/admin\/#author"},"image":{"@type":"ImageObject","url":"https:\/\/candas365.es\/noticias\/wp-content\/uploads\/2019\/10\/Santi-Cazorla.jpg","@id":"https:\/\/candas365.es\/noticias\/la-segunda-juventud-de-santi-cazorla\/#mainImage","width":820,"height":549,"caption":"\"Santi Cazorla\" byRonnie Macdonald (CC BY 2.0)"},"primaryImageOfPage":{"@id":"https:\/\/candas365.es\/noticias\/la-segunda-juventud-de-santi-cazorla\/#mainImage"},"datePublished":"2019-10-18T15:05:10+02:00","dateModified":"2019-10-24T12:48:59+02:00"},{"@type":"WebSite","@id":"https:\/\/candas365.es\/noticias\/#website","url":"https:\/\/candas365.es\/noticias\/","name":"Cand\u00e1s 365","alternateName":"Cand\u00e1s 365 Noticias","description":"Actualidad desde Carre\u00f1o para el mundo","inLanguage":"es-ES","publisher":{"@id":"https:\/\/candas365.es\/noticias\/#organization"}}]},"og:locale":"es_ES","og:site_name":"Cand\u00e1s 365","og:type":"article","og:title":"La segunda juventud de Santi Cazorla | Cand\u00e1s 365","og:description":"El asturiano Santi Cazorla est\u00e1 viviendo una segunda juventud en el Villarreal CF. A sus casi 35 a\u00f1os, ha encontrado en el club castellonense una segunda oportunidad de reencontrarse con el f\u00fatbol, y el menudo centrocampista no la ha desaprovechado. En su \u00faltima etapa como futbolista del Arsenal, Santi Cazorla apenas pudo disputar encuentros oficiales","og:url":"https:\/\/candas365.es\/noticias\/la-segunda-juventud-de-santi-cazorla\/","og:image":"https:\/\/candas365.es\/noticias\/wp-content\/uploads\/2019\/10\/Santi-Cazorla.jpg","og:image:secure_url":"https:\/\/candas365.es\/noticias\/wp-content\/uploads\/2019\/10\/Santi-Cazorla.jpg","og:image:width":820,"og:image:height":549,"article:published_time":"2019-10-18T15:05:10+00:00","article:modified_time":"2019-10-24T12:48:59+00:00","article:publisher":"https:\/\/www.facebook.com\/Nachofdezber","article:author":"https:\/\/www.facebook.com\/carrenoactualidad","twitter:card":"summary_large_image","twitter:site":"@NabercoDigital","twitter:title":"La segunda juventud de Santi Cazorla | Cand\u00e1s 365","twitter:description":"El asturiano Santi Cazorla est\u00e1 viviendo una segunda juventud en el Villarreal CF. A sus casi 35 a\u00f1os, ha encontrado en el club castellonense una segunda oportunidad de reencontrarse con el f\u00fatbol, y el menudo centrocampista no la ha desaprovechado. En su \u00faltima etapa como futbolista del Arsenal, Santi Cazorla apenas pudo disputar encuentros oficiales","twitter:creator":"@nbasturias","twitter:image":"https:\/\/candas365.es\/noticias\/wp-content\/uploads\/2019\/10\/Santi-Cazorla.jpg","twitter:label1":"Escrito por","twitter:data1":"Cand\u00e1s 365","twitter:label2":"Tiempo de lectura estimado","twitter:data2":"3 minutos"},"aioseo_meta_data":{"post_id":"131513","title":null,"description":null,"keywords":null,"keyphrases":null,"primary_term":null,"canonical_url":null,"og_title":null,"og_description":null,"og_object_type":"default","og_image_type":"default","og_image_url":null,"og_image_width":null,"og_image_height":null,"og_image_custom_url":null,"og_image_custom_fields":null,"og_video":null,"og_custom_url":null,"og_article_section":null,"og_article_tags":null,"twitter_use_og":false,"twitter_card":"default","twitter_image_type":"default","twitter_image_url":null,"twitter_image_custom_url":null,"twitter_image_custom_fields":null,"twitter_title":null,"twitter_description":null,"schema":{"blockGraphs":[],"customGraphs":[],"default":{"data":{"Article":[],"Course":[],"Dataset":[],"FAQPage":[],"Movie":[],"Person":[],"Product":[],"ProductReview":[],"Car":[],"Recipe":[],"Service":[],"SoftwareApplication":[],"WebPage":[]},"graphName":"","isEnabled":true},"graphs":[]},"schema_type":null,"schema_type_options":null,"pillar_content":false,"robots_default":true,"robots_noindex":false,"robots_noarchive":false,"robots_nosnippet":false,"robots_nofollow":false,"robots_noimageindex":false,"robots_noodp":false,"robots_notranslate":false,"robots_max_snippet":null,"robots_max_videopreview":null,"robots_max_imagepreview":"large","priority":null,"frequency":null,"location":null,"local_seo":null,"seo_analyzer_scan_date":"2025-08-30 15:45:10","breadcrumb_settings":null,"limit_modified_date":false,"reviewed_by":null,"open_ai":null,"ai":null,"created":"2020-12-21 10:51:33","updated":"2025-08-30 15:45:10"},"aioseo_breadcrumb":"<div class=\"aioseo-breadcrumbs\"><span class=\"aioseo-breadcrumb\">\n\t<a href=\"https:\/\/candas365.es\/noticias\" title=\"Home\">Home<\/a>\n<\/span><span class=\"aioseo-breadcrumb-separator\">&ndash;<\/span><span class=\"aioseo-breadcrumb\">\n\t<a href=\"https:\/\/candas365.es\/noticias\/category\/deporte\/\" title=\"Deporte\">Deporte<\/a>\n<\/span><span class=\"aioseo-breadcrumb-separator\">&ndash;<\/span><span class=\"aioseo-breadcrumb\">\n\tLa segunda juventud de Santi Cazorla\n<\/span><\/div>","aioseo_breadcrumb_json":[{"label":"Home","link":"https:\/\/candas365.es\/noticias"},{"label":"Deporte","link":"https:\/\/candas365.es\/noticias\/category\/deporte\/"},{"label":"La segunda juventud de Santi Cazorla","link":"https:\/\/candas365.es\/noticias\/la-segunda-juventud-de-santi-cazorla\/"}],"_links":{"self":[{"href":"https:\/\/candas365.es\/noticias\/wp-json\/wp\/v2\/posts\/131513","targetHints":{"allow":["GET"]}}],"collection":[{"href":"https:\/\/candas365.es\/noticias\/wp-json\/wp\/v2\/posts"}],"about":[{"href":"https:\/\/candas365.es\/noticias\/wp-json\/wp\/v2\/types\/post"}],"author":[{"embeddable":true,"href":"https:\/\/candas365.es\/noticias\/wp-json\/wp\/v2\/users\/1"}],"replies":[{"embeddable":true,"href":"https:\/\/candas365.es\/noticias\/wp-json\/wp\/v2\/comments?post=131513"}],"version-history":[{"count":0,"href":"https:\/\/candas365.es\/noticias\/wp-json\/wp\/v2\/posts\/131513\/revisions"}],"wp:featuredmedia":[{"embeddable":true,"href":"https:\/\/candas365.es\/noticias\/wp-json\/wp\/v2\/media\/131514"}],"wp:attachment":[{"href":"https:\/\/candas365.es\/noticias\/wp-json\/wp\/v2\/media?parent=131513"}],"wp:term":[{"taxonomy":"category","embeddable":true,"href":"https:\/\/candas365.es\/noticias\/wp-json\/wp\/v2\/categories?post=131513"},{"taxonomy":"post_tag","embeddable":true,"href":"https:\/\/candas365.es\/noticias\/wp-json\/wp\/v2\/tags?post=131513"}],"curies":[{"name":"wp","href":"https:\/\/api.w.org\/{rel}","templated":true}]}}