{"id":131104,"date":"2019-10-09T17:13:27","date_gmt":"2019-10-09T17:13:27","guid":{"rendered":"http:\/\/candas365.es\/noticias\/?p=131104"},"modified":"2019-10-09T17:13:27","modified_gmt":"2019-10-09T17:13:27","slug":"carreno-contara-con-nuevos-equipamientos-deportivos-para-la-practica-del-ciclismo","status":"publish","type":"post","link":"https:\/\/candas365.es\/noticias\/carreno-contara-con-nuevos-equipamientos-deportivos-para-la-practica-del-ciclismo\/","title":{"rendered":"Carre\u00f1o contar\u00e1 con nuevos equipamientos deportivos para la pr\u00e1ctica del ciclismo"},"content":{"rendered":"<p><img fetchpriority=\"high\" decoding=\"async\" class=\"alignleft size-medium wp-image-131105\" src=\"https:\/\/candas365.es\/noticias\/wp-content\/uploads\/2019\/10\/ciclismo-360x240.jpg\" alt=\"\" width=\"360\" height=\"240\" srcset=\"https:\/\/candas365.es\/noticias\/wp-content\/uploads\/2019\/10\/ciclismo-360x240.jpg 360w, https:\/\/candas365.es\/noticias\/wp-content\/uploads\/2019\/10\/ciclismo-768x512.jpg 768w, https:\/\/candas365.es\/noticias\/wp-content\/uploads\/2019\/10\/ciclismo-655x437.jpg 655w, https:\/\/candas365.es\/noticias\/wp-content\/uploads\/2019\/10\/ciclismo-696x464.jpg 696w, https:\/\/candas365.es\/noticias\/wp-content\/uploads\/2019\/10\/ciclismo-630x420.jpg 630w, https:\/\/candas365.es\/noticias\/wp-content\/uploads\/2019\/10\/ciclismo.jpg 960w\" sizes=\"(max-width: 360px) 100vw, 360px\" \/>La alcaldesa de Carre\u00f1o, Amelia Fern\u00e1ndez, anunci\u00f3 este mi\u00e9rcoles mediante un comunicado de prensa que el Ayuntamiento de Carre\u00f1o, en el marco de la subvenci\u00f3n LEADER, dotar\u00e1 a dos instalaciones deportivas municipales con nuevas infraestructuras que favorecer\u00e1n la pr\u00e1ctica del ciclismo en el concejo.<\/p>\n<p style=\"font-weight: 400;\">Tras la presentaci\u00f3n del Proyecto \u201cAdquisici\u00f3n de equipamiento deportivo para centros municipales\u201d a la convocatoria de los Fondos Leader 2019, la Consejer\u00eda de Desarrollo Rural y Recursos Naturales ha concedido una subvenci\u00f3n de cerca de 7.000 \u20ac a tal fin.<\/p>\n<p style=\"font-weight: 400;\">El proyecto subvencionado contempla\u00a0la adquisici\u00f3n e instalaci\u00f3n de equipamientos para el fomento del ciclismo, y en particular para la promoci\u00f3n de la pr\u00e1ctica de la bicicleta de monta\u00f1a (BTT).<\/p>\n<p style=\"font-weight: 400;\">\u00abLos Fondos LEADER son un instrumento de desarrollo territorial a nivel local, que contribuye al desarrollo territorial equilibrado de las zonas rurales.\u00a0 La aplicaci\u00f3n de este tipo de estrategias de desarrollo local LEADER tiene como objetivo principal reforzar la coherencia territorial y contribuir al desarrollo sostenible a largo plazo. Estas ayudas recogidas est\u00e1n cofinanciadas por el Fondo Europeo Agr\u00edcola de Desarrollo Rural, el Gobierno del Principado de Asturias, y el Ministerio de Agricultura, Alimentaci\u00f3n y Medio Ambiente\u00bb\u00a0se\u00f1al\u00f3 David Garc\u00eda, edil de Deportes.<\/p>\n<p style=\"font-weight: 400;\">\n","protected":false},"excerpt":{"rendered":"<p>La alcaldesa de Carre\u00f1o, Amelia Fern\u00e1ndez, anunci\u00f3 este mi\u00e9rcoles mediante un comunicado de prensa que el Ayuntamiento de Carre\u00f1o, en el marco de la subvenci\u00f3n LEADER, dotar\u00e1 a dos instalaciones deportivas municipales con nuevas infraestructuras que favorecer\u00e1n la pr\u00e1ctica del ciclismo en el concejo. Tras la presentaci\u00f3n del Proyecto \u201cAdquisici\u00f3n de equipamiento deportivo para centros<\/p>\n","protected":false},"author":1,"featured_media":131105,"comment_status":"closed","ping_status":"closed","sticky":false,"template":"","format":"standard","meta":{"footnotes":""},"categories":[2],"tags":[],"class_list":{"0":"post-131104","1":"post","2":"type-post","3":"status-publish","4":"format-standard","5":"has-post-thumbnail","7":"category-noticias-carreno"},"aioseo_notices":[],"aioseo_head":"\n\t\t<!-- All in One SEO Pro 4.9.6.2 - aioseo.com -->\n\t<meta name=\"description\" content=\"La alcaldesa de Carre\u00f1o, Amelia Fern\u00e1ndez, anunci\u00f3 este mi\u00e9rcoles mediante un comunicado de prensa que el Ayuntamiento de Carre\u00f1o, en el marco de la subvenci\u00f3n LEADER, dotar\u00e1 a dos instalaciones deportivas municipales con nuevas infraestructuras que favorecer\u00e1n la pr\u00e1ctica del ciclismo en el concejo. Tras la presentaci\u00f3n del Proyecto \u201cAdquisici\u00f3n de equipamiento deportivo para centros\" \/>\n\t<meta name=\"robots\" content=\"max-image-preview:large\" \/>\n\t<meta name=\"author\" content=\"Cand\u00e1s 365\"\/>\n\t<meta name=\"google-site-verification\" content=\"UA-32230408-1\" \/>\n\t<meta name=\"msvalidate.01\" content=\"354F3CDFB2DA171B47FBE9ABF1F88D5\" \/>\n\t<meta name=\"keywords\" content=\"noticias carre\u00f1o\" \/>\n\t<link rel=\"canonical\" href=\"https:\/\/candas365.es\/noticias\/carreno-contara-con-nuevos-equipamientos-deportivos-para-la-practica-del-ciclismo\/\" \/>\n\t<meta name=\"generator\" content=\"All in One SEO Pro (AIOSEO) 4.9.6.2\" \/>\n\t\t<meta property=\"og:locale\" content=\"es_ES\" \/>\n\t\t<meta property=\"og:site_name\" content=\"Cand\u00e1s 365\" \/>\n\t\t<meta property=\"og:type\" content=\"article\" \/>\n\t\t<meta property=\"og:title\" content=\"Carre\u00f1o contar\u00e1 con nuevos equipamientos deportivos para la pr\u00e1ctica del ciclismo | Cand\u00e1s 365\" \/>\n\t\t<meta property=\"og:description\" content=\"La alcaldesa de Carre\u00f1o, Amelia Fern\u00e1ndez, anunci\u00f3 este mi\u00e9rcoles mediante un comunicado de prensa que el Ayuntamiento de Carre\u00f1o, en el marco de la subvenci\u00f3n LEADER, dotar\u00e1 a dos instalaciones deportivas municipales con nuevas infraestructuras que favorecer\u00e1n la pr\u00e1ctica del ciclismo en el concejo. Tras la presentaci\u00f3n del Proyecto \u201cAdquisici\u00f3n de equipamiento deportivo para centros\" \/>\n\t\t<meta property=\"og:url\" content=\"https:\/\/candas365.es\/noticias\/carreno-contara-con-nuevos-equipamientos-deportivos-para-la-practica-del-ciclismo\/\" \/>\n\t\t<meta property=\"og:image\" content=\"https:\/\/candas365.es\/noticias\/wp-content\/uploads\/2019\/10\/ciclismo.jpg\" \/>\n\t\t<meta property=\"og:image:secure_url\" content=\"https:\/\/candas365.es\/noticias\/wp-content\/uploads\/2019\/10\/ciclismo.jpg\" \/>\n\t\t<meta property=\"og:image:width\" content=\"960\" \/>\n\t\t<meta property=\"og:image:height\" content=\"640\" \/>\n\t\t<meta property=\"article:published_time\" content=\"2019-10-09T17:13:27+00:00\" \/>\n\t\t<meta property=\"article:modified_time\" content=\"2019-10-09T17:13:27+00:00\" \/>\n\t\t<meta property=\"article:publisher\" content=\"https:\/\/www.facebook.com\/Nachofdezber\" \/>\n\t\t<meta property=\"article:author\" content=\"https:\/\/www.facebook.com\/carrenoactualidad\" \/>\n\t\t<meta name=\"twitter:card\" content=\"summary_large_image\" \/>\n\t\t<meta name=\"twitter:site\" content=\"@NabercoDigital\" \/>\n\t\t<meta name=\"twitter:title\" content=\"Carre\u00f1o contar\u00e1 con nuevos equipamientos deportivos para la pr\u00e1ctica del ciclismo | Cand\u00e1s 365\" \/>\n\t\t<meta name=\"twitter:description\" content=\"La alcaldesa de Carre\u00f1o, Amelia Fern\u00e1ndez, anunci\u00f3 este mi\u00e9rcoles mediante un comunicado de prensa que el Ayuntamiento de Carre\u00f1o, en el marco de la subvenci\u00f3n LEADER, dotar\u00e1 a dos instalaciones deportivas municipales con nuevas infraestructuras que favorecer\u00e1n la pr\u00e1ctica del ciclismo en el concejo. Tras la presentaci\u00f3n del Proyecto \u201cAdquisici\u00f3n de equipamiento deportivo para centros\" \/>\n\t\t<meta name=\"twitter:creator\" content=\"@nbasturias\" \/>\n\t\t<meta name=\"twitter:image\" content=\"https:\/\/candas365.es\/noticias\/wp-content\/uploads\/2019\/10\/ciclismo.jpg\" \/>\n\t\t<meta name=\"twitter:label1\" content=\"Escrito por\" \/>\n\t\t<meta name=\"twitter:data1\" content=\"Cand\u00e1s 365\" \/>\n\t\t<meta name=\"twitter:label2\" content=\"Tiempo de lectura estimado\" \/>\n\t\t<meta name=\"twitter:data2\" content=\"1 minuto\" \/>\n\t\t<script type=\"application\/ld+json\" class=\"aioseo-schema\">\n\t\t\t{\"@context\":\"https:\\\/\\\/schema.org\",\"@graph\":[{\"@type\":\"BreadcrumbList\",\"@id\":\"https:\\\/\\\/candas365.es\\\/noticias\\\/carreno-contara-con-nuevos-equipamientos-deportivos-para-la-practica-del-ciclismo\\\/#breadcrumblist\",\"itemListElement\":[{\"@type\":\"ListItem\",\"@id\":\"https:\\\/\\\/candas365.es\\\/noticias#listItem\",\"position\":1,\"name\":\"Home\",\"item\":\"https:\\\/\\\/candas365.es\\\/noticias\",\"nextItem\":{\"@type\":\"ListItem\",\"@id\":\"https:\\\/\\\/candas365.es\\\/noticias\\\/category\\\/noticias-carreno\\\/#listItem\",\"name\":\"Noticias Carre\\u00f1o\"}},{\"@type\":\"ListItem\",\"@id\":\"https:\\\/\\\/candas365.es\\\/noticias\\\/category\\\/noticias-carreno\\\/#listItem\",\"position\":2,\"name\":\"Noticias Carre\\u00f1o\",\"item\":\"https:\\\/\\\/candas365.es\\\/noticias\\\/category\\\/noticias-carreno\\\/\",\"nextItem\":{\"@type\":\"ListItem\",\"@id\":\"https:\\\/\\\/candas365.es\\\/noticias\\\/carreno-contara-con-nuevos-equipamientos-deportivos-para-la-practica-del-ciclismo\\\/#listItem\",\"name\":\"Carre\\u00f1o contar\\u00e1 con nuevos equipamientos deportivos para la pr\\u00e1ctica del ciclismo\"},\"previousItem\":{\"@type\":\"ListItem\",\"@id\":\"https:\\\/\\\/candas365.es\\\/noticias#listItem\",\"name\":\"Home\"}},{\"@type\":\"ListItem\",\"@id\":\"https:\\\/\\\/candas365.es\\\/noticias\\\/carreno-contara-con-nuevos-equipamientos-deportivos-para-la-practica-del-ciclismo\\\/#listItem\",\"position\":3,\"name\":\"Carre\\u00f1o contar\\u00e1 con nuevos equipamientos deportivos para la pr\\u00e1ctica del ciclismo\",\"previousItem\":{\"@type\":\"ListItem\",\"@id\":\"https:\\\/\\\/candas365.es\\\/noticias\\\/category\\\/noticias-carreno\\\/#listItem\",\"name\":\"Noticias Carre\\u00f1o\"}}]},{\"@type\":\"NewsArticle\",\"@id\":\"https:\\\/\\\/candas365.es\\\/noticias\\\/carreno-contara-con-nuevos-equipamientos-deportivos-para-la-practica-del-ciclismo\\\/#newsarticle\",\"name\":\"Carre\\u00f1o contar\\u00e1 con nuevos equipamientos deportivos para la pr\\u00e1ctica del ciclismo | Cand\\u00e1s 365\",\"headline\":\"Carre\\u00f1o contar\\u00e1 con nuevos equipamientos deportivos para la pr\\u00e1ctica del ciclismo\",\"author\":{\"@id\":\"https:\\\/\\\/candas365.es\\\/noticias\\\/author\\\/admin\\\/#author\"},\"publisher\":{\"@id\":\"https:\\\/\\\/candas365.es\\\/noticias\\\/#organization\"},\"image\":{\"@type\":\"ImageObject\",\"url\":\"https:\\\/\\\/candas365.es\\\/noticias\\\/wp-content\\\/uploads\\\/2019\\\/10\\\/ciclismo.jpg\",\"width\":960,\"height\":640},\"datePublished\":\"2019-10-09T17:13:27+02:00\",\"dateModified\":\"2019-10-09T17:13:27+02:00\",\"inLanguage\":\"es-ES\",\"mainEntityOfPage\":{\"@id\":\"https:\\\/\\\/candas365.es\\\/noticias\\\/carreno-contara-con-nuevos-equipamientos-deportivos-para-la-practica-del-ciclismo\\\/#webpage\"},\"isPartOf\":{\"@id\":\"https:\\\/\\\/candas365.es\\\/noticias\\\/carreno-contara-con-nuevos-equipamientos-deportivos-para-la-practica-del-ciclismo\\\/#webpage\"},\"articleSection\":\"Noticias Carre\\u00f1o\",\"dateline\":\"Publicado el octubre 9, 2019.\"},{\"@type\":\"Organization\",\"@id\":\"https:\\\/\\\/candas365.es\\\/noticias\\\/#organization\",\"name\":\"Cand\\u00e1s 365\",\"description\":\"Cand\\u00e1s 365 es un diario digital independiente, fundado en 2012, con base en Asturias. Informamos con rigor sobre actualidad, sociedad, cultura y ocio, con una mirada local y global.\",\"url\":\"https:\\\/\\\/candas365.es\\\/noticias\\\/\",\"email\":\"info@candas365.es\",\"telephone\":\"+34652131393\",\"foundingDate\":\"2012-06-10\",\"logo\":{\"@type\":\"ImageObject\",\"url\":\"https:\\\/\\\/candas365.es\\\/noticias\\\/wp-content\\\/uploads\\\/2024\\\/09\\\/Candas-365-Redes.jpg\",\"@id\":\"https:\\\/\\\/candas365.es\\\/noticias\\\/carreno-contara-con-nuevos-equipamientos-deportivos-para-la-practica-del-ciclismo\\\/#organizationLogo\",\"width\":1152,\"height\":864,\"caption\":\"Cand\\u00e1s 365 Redes\"},\"image\":{\"@id\":\"https:\\\/\\\/candas365.es\\\/noticias\\\/carreno-contara-con-nuevos-equipamientos-deportivos-para-la-practica-del-ciclismo\\\/#organizationLogo\"},\"sameAs\":[\"https:\\\/\\\/www.facebook.com\\\/Nachofdezber\",\"https:\\\/\\\/x.com\\\/NabercoDigital\",\"https:\\\/\\\/www.instagram.com\\\/nachofdezber\\\/\",\"https:\\\/\\\/www.youtube.com\\\/channel\\\/UCZP-2wLEB9Rv6erhFmqVnvg\"],\"address\":{\"@id\":\"https:\\\/\\\/candas365.es\\\/noticias\\\/#postaladdress\",\"@type\":\"PostalAddress\",\"streetAddress\":\"san antonio 4, san antonio 4\",\"postalCode\":\"33430\",\"addressLocality\":\"Cand\\u00e1s\",\"addressRegion\":\"Asturias\",\"addressCountry\":\"ES\"}},{\"@type\":\"Person\",\"@id\":\"https:\\\/\\\/candas365.es\\\/noticias\\\/author\\\/admin\\\/#author\",\"url\":\"https:\\\/\\\/candas365.es\\\/noticias\\\/author\\\/admin\\\/\",\"name\":\"Cand\\u00e1s 365\",\"image\":{\"@type\":\"ImageObject\",\"@id\":\"https:\\\/\\\/candas365.es\\\/noticias\\\/carreno-contara-con-nuevos-equipamientos-deportivos-para-la-practica-del-ciclismo\\\/#authorImage\",\"url\":\"https:\\\/\\\/secure.gravatar.com\\\/avatar\\\/496a8e03d0c493ede1718b7934145dbdf8d89be1036b0eec9544e1094c9de390?s=96&d=mm&r=g\",\"width\":96,\"height\":96,\"caption\":\"Cand\\u00e1s 365\"},\"sameAs\":[\"https:\\\/\\\/www.facebook.com\\\/carrenoactualidad\",\"https:\\\/\\\/twitter.com\\\/nbasturias\",\"https:\\\/\\\/www.instagram.com\\\/nachofdezber\\\/\",\"https:\\\/\\\/www.youtube.com\\\/channel\\\/UCZP-2wLEB9Rv6erhFmqVnvg\"]},{\"@type\":\"WebPage\",\"@id\":\"https:\\\/\\\/candas365.es\\\/noticias\\\/carreno-contara-con-nuevos-equipamientos-deportivos-para-la-practica-del-ciclismo\\\/#webpage\",\"url\":\"https:\\\/\\\/candas365.es\\\/noticias\\\/carreno-contara-con-nuevos-equipamientos-deportivos-para-la-practica-del-ciclismo\\\/\",\"name\":\"Carre\\u00f1o contar\\u00e1 con nuevos equipamientos deportivos para la pr\\u00e1ctica del ciclismo | Cand\\u00e1s 365\",\"description\":\"La alcaldesa de Carre\\u00f1o, Amelia Fern\\u00e1ndez, anunci\\u00f3 este mi\\u00e9rcoles mediante un comunicado de prensa que el Ayuntamiento de Carre\\u00f1o, en el marco de la subvenci\\u00f3n LEADER, dotar\\u00e1 a dos instalaciones deportivas municipales con nuevas infraestructuras que favorecer\\u00e1n la pr\\u00e1ctica del ciclismo en el concejo. Tras la presentaci\\u00f3n del Proyecto \\u201cAdquisici\\u00f3n de equipamiento deportivo para centros\",\"inLanguage\":\"es-ES\",\"isPartOf\":{\"@id\":\"https:\\\/\\\/candas365.es\\\/noticias\\\/#website\"},\"breadcrumb\":{\"@id\":\"https:\\\/\\\/candas365.es\\\/noticias\\\/carreno-contara-con-nuevos-equipamientos-deportivos-para-la-practica-del-ciclismo\\\/#breadcrumblist\"},\"author\":{\"@id\":\"https:\\\/\\\/candas365.es\\\/noticias\\\/author\\\/admin\\\/#author\"},\"creator\":{\"@id\":\"https:\\\/\\\/candas365.es\\\/noticias\\\/author\\\/admin\\\/#author\"},\"image\":{\"@type\":\"ImageObject\",\"url\":\"https:\\\/\\\/candas365.es\\\/noticias\\\/wp-content\\\/uploads\\\/2019\\\/10\\\/ciclismo.jpg\",\"@id\":\"https:\\\/\\\/candas365.es\\\/noticias\\\/carreno-contara-con-nuevos-equipamientos-deportivos-para-la-practica-del-ciclismo\\\/#mainImage\",\"width\":960,\"height\":640},\"primaryImageOfPage\":{\"@id\":\"https:\\\/\\\/candas365.es\\\/noticias\\\/carreno-contara-con-nuevos-equipamientos-deportivos-para-la-practica-del-ciclismo\\\/#mainImage\"},\"datePublished\":\"2019-10-09T17:13:27+02:00\",\"dateModified\":\"2019-10-09T17:13:27+02:00\"},{\"@type\":\"WebSite\",\"@id\":\"https:\\\/\\\/candas365.es\\\/noticias\\\/#website\",\"url\":\"https:\\\/\\\/candas365.es\\\/noticias\\\/\",\"name\":\"Cand\\u00e1s 365\",\"alternateName\":\"Cand\\u00e1s 365 Noticias\",\"description\":\"Actualidad desde Carre\\u00f1o para el mundo\",\"inLanguage\":\"es-ES\",\"publisher\":{\"@id\":\"https:\\\/\\\/candas365.es\\\/noticias\\\/#organization\"}}]}\n\t\t<\/script>\n\t\t<!-- All in One SEO Pro -->\r\n\t\t<title>Carre\u00f1o contar\u00e1 con nuevos equipamientos deportivos para la pr\u00e1ctica del ciclismo | Cand\u00e1s 365<\/title>\n\n","aioseo_head_json":{"title":"Carre\u00f1o contar\u00e1 con nuevos equipamientos deportivos para la pr\u00e1ctica del ciclismo | Cand\u00e1s 365","description":"La alcaldesa de Carre\u00f1o, Amelia Fern\u00e1ndez, anunci\u00f3 este mi\u00e9rcoles mediante un comunicado de prensa que el Ayuntamiento de Carre\u00f1o, en el marco de la subvenci\u00f3n LEADER, dotar\u00e1 a dos instalaciones deportivas municipales con nuevas infraestructuras que favorecer\u00e1n la pr\u00e1ctica del ciclismo en el concejo. Tras la presentaci\u00f3n del Proyecto \u201cAdquisici\u00f3n de equipamiento deportivo para centros","canonical_url":"https:\/\/candas365.es\/noticias\/carreno-contara-con-nuevos-equipamientos-deportivos-para-la-practica-del-ciclismo\/","robots":"max-image-preview:large","keywords":"noticias carre\u00f1o","webmasterTools":{"google-site-verification":"UA-32230408-1","msvalidate.01":"354F3CDFB2DA171B47FBE9ABF1F88D5","miscellaneous":""},"schema":{"@context":"https:\/\/schema.org","@graph":[{"@type":"BreadcrumbList","@id":"https:\/\/candas365.es\/noticias\/carreno-contara-con-nuevos-equipamientos-deportivos-para-la-practica-del-ciclismo\/#breadcrumblist","itemListElement":[{"@type":"ListItem","@id":"https:\/\/candas365.es\/noticias#listItem","position":1,"name":"Home","item":"https:\/\/candas365.es\/noticias","nextItem":{"@type":"ListItem","@id":"https:\/\/candas365.es\/noticias\/category\/noticias-carreno\/#listItem","name":"Noticias Carre\u00f1o"}},{"@type":"ListItem","@id":"https:\/\/candas365.es\/noticias\/category\/noticias-carreno\/#listItem","position":2,"name":"Noticias Carre\u00f1o","item":"https:\/\/candas365.es\/noticias\/category\/noticias-carreno\/","nextItem":{"@type":"ListItem","@id":"https:\/\/candas365.es\/noticias\/carreno-contara-con-nuevos-equipamientos-deportivos-para-la-practica-del-ciclismo\/#listItem","name":"Carre\u00f1o contar\u00e1 con nuevos equipamientos deportivos para la pr\u00e1ctica del ciclismo"},"previousItem":{"@type":"ListItem","@id":"https:\/\/candas365.es\/noticias#listItem","name":"Home"}},{"@type":"ListItem","@id":"https:\/\/candas365.es\/noticias\/carreno-contara-con-nuevos-equipamientos-deportivos-para-la-practica-del-ciclismo\/#listItem","position":3,"name":"Carre\u00f1o contar\u00e1 con nuevos equipamientos deportivos para la pr\u00e1ctica del ciclismo","previousItem":{"@type":"ListItem","@id":"https:\/\/candas365.es\/noticias\/category\/noticias-carreno\/#listItem","name":"Noticias Carre\u00f1o"}}]},{"@type":"NewsArticle","@id":"https:\/\/candas365.es\/noticias\/carreno-contara-con-nuevos-equipamientos-deportivos-para-la-practica-del-ciclismo\/#newsarticle","name":"Carre\u00f1o contar\u00e1 con nuevos equipamientos deportivos para la pr\u00e1ctica del ciclismo | Cand\u00e1s 365","headline":"Carre\u00f1o contar\u00e1 con nuevos equipamientos deportivos para la pr\u00e1ctica del ciclismo","author":{"@id":"https:\/\/candas365.es\/noticias\/author\/admin\/#author"},"publisher":{"@id":"https:\/\/candas365.es\/noticias\/#organization"},"image":{"@type":"ImageObject","url":"https:\/\/candas365.es\/noticias\/wp-content\/uploads\/2019\/10\/ciclismo.jpg","width":960,"height":640},"datePublished":"2019-10-09T17:13:27+02:00","dateModified":"2019-10-09T17:13:27+02:00","inLanguage":"es-ES","mainEntityOfPage":{"@id":"https:\/\/candas365.es\/noticias\/carreno-contara-con-nuevos-equipamientos-deportivos-para-la-practica-del-ciclismo\/#webpage"},"isPartOf":{"@id":"https:\/\/candas365.es\/noticias\/carreno-contara-con-nuevos-equipamientos-deportivos-para-la-practica-del-ciclismo\/#webpage"},"articleSection":"Noticias Carre\u00f1o","dateline":"Publicado el octubre 9, 2019."},{"@type":"Organization","@id":"https:\/\/candas365.es\/noticias\/#organization","name":"Cand\u00e1s 365","description":"Cand\u00e1s 365 es un diario digital independiente, fundado en 2012, con base en Asturias. Informamos con rigor sobre actualidad, sociedad, cultura y ocio, con una mirada local y global.","url":"https:\/\/candas365.es\/noticias\/","email":"info@candas365.es","telephone":"+34652131393","foundingDate":"2012-06-10","logo":{"@type":"ImageObject","url":"https:\/\/candas365.es\/noticias\/wp-content\/uploads\/2024\/09\/Candas-365-Redes.jpg","@id":"https:\/\/candas365.es\/noticias\/carreno-contara-con-nuevos-equipamientos-deportivos-para-la-practica-del-ciclismo\/#organizationLogo","width":1152,"height":864,"caption":"Cand\u00e1s 365 Redes"},"image":{"@id":"https:\/\/candas365.es\/noticias\/carreno-contara-con-nuevos-equipamientos-deportivos-para-la-practica-del-ciclismo\/#organizationLogo"},"sameAs":["https:\/\/www.facebook.com\/Nachofdezber","https:\/\/x.com\/NabercoDigital","https:\/\/www.instagram.com\/nachofdezber\/","https:\/\/www.youtube.com\/channel\/UCZP-2wLEB9Rv6erhFmqVnvg"],"address":{"@id":"https:\/\/candas365.es\/noticias\/#postaladdress","@type":"PostalAddress","streetAddress":"san antonio 4, san antonio 4","postalCode":"33430","addressLocality":"Cand\u00e1s","addressRegion":"Asturias","addressCountry":"ES"}},{"@type":"Person","@id":"https:\/\/candas365.es\/noticias\/author\/admin\/#author","url":"https:\/\/candas365.es\/noticias\/author\/admin\/","name":"Cand\u00e1s 365","image":{"@type":"ImageObject","@id":"https:\/\/candas365.es\/noticias\/carreno-contara-con-nuevos-equipamientos-deportivos-para-la-practica-del-ciclismo\/#authorImage","url":"https:\/\/secure.gravatar.com\/avatar\/496a8e03d0c493ede1718b7934145dbdf8d89be1036b0eec9544e1094c9de390?s=96&d=mm&r=g","width":96,"height":96,"caption":"Cand\u00e1s 365"},"sameAs":["https:\/\/www.facebook.com\/carrenoactualidad","https:\/\/twitter.com\/nbasturias","https:\/\/www.instagram.com\/nachofdezber\/","https:\/\/www.youtube.com\/channel\/UCZP-2wLEB9Rv6erhFmqVnvg"]},{"@type":"WebPage","@id":"https:\/\/candas365.es\/noticias\/carreno-contara-con-nuevos-equipamientos-deportivos-para-la-practica-del-ciclismo\/#webpage","url":"https:\/\/candas365.es\/noticias\/carreno-contara-con-nuevos-equipamientos-deportivos-para-la-practica-del-ciclismo\/","name":"Carre\u00f1o contar\u00e1 con nuevos equipamientos deportivos para la pr\u00e1ctica del ciclismo | Cand\u00e1s 365","description":"La alcaldesa de Carre\u00f1o, Amelia Fern\u00e1ndez, anunci\u00f3 este mi\u00e9rcoles mediante un comunicado de prensa que el Ayuntamiento de Carre\u00f1o, en el marco de la subvenci\u00f3n LEADER, dotar\u00e1 a dos instalaciones deportivas municipales con nuevas infraestructuras que favorecer\u00e1n la pr\u00e1ctica del ciclismo en el concejo. Tras la presentaci\u00f3n del Proyecto \u201cAdquisici\u00f3n de equipamiento deportivo para centros","inLanguage":"es-ES","isPartOf":{"@id":"https:\/\/candas365.es\/noticias\/#website"},"breadcrumb":{"@id":"https:\/\/candas365.es\/noticias\/carreno-contara-con-nuevos-equipamientos-deportivos-para-la-practica-del-ciclismo\/#breadcrumblist"},"author":{"@id":"https:\/\/candas365.es\/noticias\/author\/admin\/#author"},"creator":{"@id":"https:\/\/candas365.es\/noticias\/author\/admin\/#author"},"image":{"@type":"ImageObject","url":"https:\/\/candas365.es\/noticias\/wp-content\/uploads\/2019\/10\/ciclismo.jpg","@id":"https:\/\/candas365.es\/noticias\/carreno-contara-con-nuevos-equipamientos-deportivos-para-la-practica-del-ciclismo\/#mainImage","width":960,"height":640},"primaryImageOfPage":{"@id":"https:\/\/candas365.es\/noticias\/carreno-contara-con-nuevos-equipamientos-deportivos-para-la-practica-del-ciclismo\/#mainImage"},"datePublished":"2019-10-09T17:13:27+02:00","dateModified":"2019-10-09T17:13:27+02:00"},{"@type":"WebSite","@id":"https:\/\/candas365.es\/noticias\/#website","url":"https:\/\/candas365.es\/noticias\/","name":"Cand\u00e1s 365","alternateName":"Cand\u00e1s 365 Noticias","description":"Actualidad desde Carre\u00f1o para el mundo","inLanguage":"es-ES","publisher":{"@id":"https:\/\/candas365.es\/noticias\/#organization"}}]},"og:locale":"es_ES","og:site_name":"Cand\u00e1s 365","og:type":"article","og:title":"Carre\u00f1o contar\u00e1 con nuevos equipamientos deportivos para la pr\u00e1ctica del ciclismo | Cand\u00e1s 365","og:description":"La alcaldesa de Carre\u00f1o, Amelia Fern\u00e1ndez, anunci\u00f3 este mi\u00e9rcoles mediante un comunicado de prensa que el Ayuntamiento de Carre\u00f1o, en el marco de la subvenci\u00f3n LEADER, dotar\u00e1 a dos instalaciones deportivas municipales con nuevas infraestructuras que favorecer\u00e1n la pr\u00e1ctica del ciclismo en el concejo. Tras la presentaci\u00f3n del Proyecto \u201cAdquisici\u00f3n de equipamiento deportivo para centros","og:url":"https:\/\/candas365.es\/noticias\/carreno-contara-con-nuevos-equipamientos-deportivos-para-la-practica-del-ciclismo\/","og:image":"https:\/\/candas365.es\/noticias\/wp-content\/uploads\/2019\/10\/ciclismo.jpg","og:image:secure_url":"https:\/\/candas365.es\/noticias\/wp-content\/uploads\/2019\/10\/ciclismo.jpg","og:image:width":960,"og:image:height":640,"article:published_time":"2019-10-09T17:13:27+00:00","article:modified_time":"2019-10-09T17:13:27+00:00","article:publisher":"https:\/\/www.facebook.com\/Nachofdezber","article:author":"https:\/\/www.facebook.com\/carrenoactualidad","twitter:card":"summary_large_image","twitter:site":"@NabercoDigital","twitter:title":"Carre\u00f1o contar\u00e1 con nuevos equipamientos deportivos para la pr\u00e1ctica del ciclismo | Cand\u00e1s 365","twitter:description":"La alcaldesa de Carre\u00f1o, Amelia Fern\u00e1ndez, anunci\u00f3 este mi\u00e9rcoles mediante un comunicado de prensa que el Ayuntamiento de Carre\u00f1o, en el marco de la subvenci\u00f3n LEADER, dotar\u00e1 a dos instalaciones deportivas municipales con nuevas infraestructuras que favorecer\u00e1n la pr\u00e1ctica del ciclismo en el concejo. Tras la presentaci\u00f3n del Proyecto \u201cAdquisici\u00f3n de equipamiento deportivo para centros","twitter:creator":"@nbasturias","twitter:image":"https:\/\/candas365.es\/noticias\/wp-content\/uploads\/2019\/10\/ciclismo.jpg","twitter:label1":"Escrito por","twitter:data1":"Cand\u00e1s 365","twitter:label2":"Tiempo de lectura estimado","twitter:data2":"1 minuto"},"aioseo_meta_data":{"post_id":"131104","title":null,"description":null,"keywords":null,"keyphrases":null,"primary_term":null,"canonical_url":null,"og_title":null,"og_description":null,"og_object_type":"default","og_image_type":"default","og_image_url":null,"og_image_width":null,"og_image_height":null,"og_image_custom_url":null,"og_image_custom_fields":null,"og_video":null,"og_custom_url":null,"og_article_section":null,"og_article_tags":null,"twitter_use_og":false,"twitter_card":"default","twitter_image_type":"default","twitter_image_url":null,"twitter_image_custom_url":null,"twitter_image_custom_fields":null,"twitter_title":null,"twitter_description":null,"schema":{"blockGraphs":[],"customGraphs":[],"default":{"data":{"Article":[],"Course":[],"Dataset":[],"FAQPage":[],"Movie":[],"Person":[],"Product":[],"ProductReview":[],"Car":[],"Recipe":[],"Service":[],"SoftwareApplication":[],"WebPage":[]},"graphName":"","isEnabled":true},"graphs":[]},"schema_type":null,"schema_type_options":null,"pillar_content":false,"robots_default":true,"robots_noindex":false,"robots_noarchive":false,"robots_nosnippet":false,"robots_nofollow":false,"robots_noimageindex":false,"robots_noodp":false,"robots_notranslate":false,"robots_max_snippet":null,"robots_max_videopreview":null,"robots_max_imagepreview":"large","priority":null,"frequency":null,"location":null,"local_seo":null,"seo_analyzer_scan_date":"2025-08-30 15:11:19","breadcrumb_settings":null,"limit_modified_date":false,"reviewed_by":null,"open_ai":null,"ai":null,"created":"2020-12-21 10:51:50","updated":"2025-08-30 15:11:19"},"aioseo_breadcrumb":"<div class=\"aioseo-breadcrumbs\"><span class=\"aioseo-breadcrumb\">\n\t<a href=\"https:\/\/candas365.es\/noticias\" title=\"Home\">Home<\/a>\n<\/span><span class=\"aioseo-breadcrumb-separator\">&ndash;<\/span><span class=\"aioseo-breadcrumb\">\n\t<a href=\"https:\/\/candas365.es\/noticias\/category\/noticias-carreno\/\" title=\"Noticias Carre\u00f1o\">Noticias Carre\u00f1o<\/a>\n<\/span><span class=\"aioseo-breadcrumb-separator\">&ndash;<\/span><span class=\"aioseo-breadcrumb\">\n\tCarre\u00f1o contar\u00e1 con nuevos equipamientos deportivos para la pr\u00e1ctica del ciclismo\n<\/span><\/div>","aioseo_breadcrumb_json":[{"label":"Home","link":"https:\/\/candas365.es\/noticias"},{"label":"Noticias Carre\u00f1o","link":"https:\/\/candas365.es\/noticias\/category\/noticias-carreno\/"},{"label":"Carre\u00f1o contar\u00e1 con nuevos equipamientos deportivos para la pr\u00e1ctica del ciclismo","link":"https:\/\/candas365.es\/noticias\/carreno-contara-con-nuevos-equipamientos-deportivos-para-la-practica-del-ciclismo\/"}],"_links":{"self":[{"href":"https:\/\/candas365.es\/noticias\/wp-json\/wp\/v2\/posts\/131104","targetHints":{"allow":["GET"]}}],"collection":[{"href":"https:\/\/candas365.es\/noticias\/wp-json\/wp\/v2\/posts"}],"about":[{"href":"https:\/\/candas365.es\/noticias\/wp-json\/wp\/v2\/types\/post"}],"author":[{"embeddable":true,"href":"https:\/\/candas365.es\/noticias\/wp-json\/wp\/v2\/users\/1"}],"replies":[{"embeddable":true,"href":"https:\/\/candas365.es\/noticias\/wp-json\/wp\/v2\/comments?post=131104"}],"version-history":[{"count":0,"href":"https:\/\/candas365.es\/noticias\/wp-json\/wp\/v2\/posts\/131104\/revisions"}],"wp:featuredmedia":[{"embeddable":true,"href":"https:\/\/candas365.es\/noticias\/wp-json\/wp\/v2\/media\/131105"}],"wp:attachment":[{"href":"https:\/\/candas365.es\/noticias\/wp-json\/wp\/v2\/media?parent=131104"}],"wp:term":[{"taxonomy":"category","embeddable":true,"href":"https:\/\/candas365.es\/noticias\/wp-json\/wp\/v2\/categories?post=131104"},{"taxonomy":"post_tag","embeddable":true,"href":"https:\/\/candas365.es\/noticias\/wp-json\/wp\/v2\/tags?post=131104"}],"curies":[{"name":"wp","href":"https:\/\/api.w.org\/{rel}","templated":true}]}}