{"id":131078,"date":"2019-10-08T19:16:04","date_gmt":"2019-10-08T19:16:04","guid":{"rendered":"http:\/\/candas365.es\/noticias\/?p=131078"},"modified":"2019-10-08T19:16:04","modified_gmt":"2019-10-08T19:16:04","slug":"alemania-se-enfrentara-a-argentina-con-13-bajas","status":"publish","type":"post","link":"https:\/\/candas365.es\/noticias\/alemania-se-enfrentara-a-argentina-con-13-bajas\/","title":{"rendered":"Alemania se enfrentar\u00e1 a Argentina con 13 bajas"},"content":{"rendered":"<p><img fetchpriority=\"high\" decoding=\"async\" class=\"alignleft size-medium wp-image-98026\" src=\"https:\/\/candas365.es\/noticias\/wp-content\/uploads\/2018\/06\/football-1406106_960_720-1-360x241.jpg\" alt=\"\" width=\"360\" height=\"241\" srcset=\"https:\/\/candas365.es\/noticias\/wp-content\/uploads\/2018\/06\/football-1406106_960_720-1-360x241.jpg 360w, https:\/\/candas365.es\/noticias\/wp-content\/uploads\/2018\/06\/football-1406106_960_720-1-768x514.jpg 768w, https:\/\/candas365.es\/noticias\/wp-content\/uploads\/2018\/06\/football-1406106_960_720-1-655x439.jpg 655w, https:\/\/candas365.es\/noticias\/wp-content\/uploads\/2018\/06\/football-1406106_960_720-1-696x466.jpg 696w, https:\/\/candas365.es\/noticias\/wp-content\/uploads\/2018\/06\/football-1406106_960_720-1-627x420.jpg 627w, https:\/\/candas365.es\/noticias\/wp-content\/uploads\/2018\/06\/football-1406106_960_720-1.jpg 960w\" sizes=\"(max-width: 360px) 100vw, 360px\" \/>Dortmund, 8 oct (dpa) &#8211; La situaci\u00f3n en la selecci\u00f3n alemana de f\u00fatbol, con 13 bajas actuales y de cara al partido amistoso de ma\u00f1ana en Dortmund contra Argentina, se fue complicando.<\/p>\n<p>Luego de diez bajas por lesiones, tampoco estar\u00e1n en el once inicial Timo Werner del Leipzig (gripe), Jonathan Tah del Leverkusen (resfr\u00edo) y Ilkay G\u00fcndogan del Manchester City (lesi\u00f3n muscular), comunic\u00f3 hoy el entrenador alem\u00e1n, Joachim L\u00f6w.<\/p>\n<p>Por lo tanto, suman 13 los jugadores de los que el t\u00e9cnico no podr\u00e1 disponer. \u00abPocas o ninguna vez tuve tantas bajas\u00bb, coment\u00f3.<\/p>\n<p>Tambi\u00e9n est\u00e1 en duda Marco Reus. El jugador del Dortmund padece problemas en la rodilla. \u00abNo es nada estructural ni preocupante. Participar\u00e1 en el \u00faltimo entrenamiento. Ah\u00ed veremos si tiene sentido que juegue\u00bb, sostuvo L\u00f6w.<\/p>\n<p>Werner llegar\u00e1 el mi\u00e9rcoles a Dortmund y luego participar\u00e1 en la preperaci\u00f3n del partido clasificatorio a la Eurocopa 2020 que Alemania jugar\u00e1 el domingo en Tallin ante Estonia. L\u00f6w espera que tambi\u00e9n G\u00fcndogan pueda estar en ese encuentro.<\/p>\n<p>El t\u00e9cnico anunci\u00f3 que por primera vez integrar\u00e1n el once inicial Niklas Stark del Hertha Berl\u00edn y el delantero del Friburgo Luca Waldschmidt.<\/p>\n<p>\u00abSu hora ser\u00e1 ma\u00f1ana\u00bb, dijo L\u00f6w al defensor Stark, que integra la selecci\u00f3n desde marzo pero a\u00fan no jug\u00f3 ning\u00fan partido. Tambi\u00e9n para Waldschmidt el partido contra Argentina ser\u00e1 el debut.<\/p>\n<p>\u00abEl resultado no es lo m\u00e1s importante. Tenemos que tratar de dar lo mejor de nosotros\u00bb, se\u00f1al\u00f3 el t\u00e9cnico sobre el encuentro.<\/p>\n<p>El director deportivo de la Asociaci\u00f3n Alemana de F\u00fatbol, Oliver Bierhoff, a su vez, coment\u00f3 sobre la cantidad de lesionados: \u00abEsto ofrece la posibilidad de probar a uno u otro a lo largo de los 90 minutos\u00bb.<\/p>\n<p>El ex delantero incluso destac\u00f3 un aspecto positivo de tantas bajas: \u00abMuchas veces pasa que cinco o seis jugadores regresan decepcionados. Eso ahora no nos pasar\u00e1\u00bb.<\/p>\n<p>Adem\u00e1s de incluir a Stark y Waldschmidt en el once inicial, L\u00f6w convoc\u00f3 a la selecci\u00f3n a Robin Koch del Friburgo, Sebastian Rudy del Hoffenheim, Suat Serdar del Schalke y Nadiem Amiri del Bayer Leverkusen.<\/p>\n<p>\u00abL\u00f3gicamente tambi\u00e9n es una buena oportunidad para aprender de un rival tan renombrado\u00bb, dijo el entrenador sobre Argentina, que jugar\u00e1 sin el suspendido astro Lionel Messi. \u00abArgentina es un rival fuerte y gan\u00f3 su \u00faltimo partido contra M\u00e9xico por 4-0\u00bb, subray\u00f3.<\/p>\n<p>Por lo dem\u00e1s, el t\u00e9cnico alem\u00e1n decidi\u00f3 darle al arquero del Barcelona Marc-Andr\u00e9 ter Stegen la oportunidad solicitada de estar en el once inicial ante Argentina.<\/p>\n<p>Respecto del debate entre los porteros Manuel Neuer y ter Stegen, L\u00f6w fue breve: \u00abNo hay mucho qu\u00e9 decir. Manu manifest\u00f3 su decepci\u00f3n, que es comprensible, y le confirm\u00e9 su participaci\u00f3n ante Argentina. Manu, en tanto, jugar\u00e1 contra Estonia\u00bb.<\/p>\n","protected":false},"excerpt":{"rendered":"<p>Dortmund, 8 oct (dpa) &#8211; La situaci\u00f3n en la selecci\u00f3n alemana de f\u00fatbol, con 13 bajas actuales y de cara al partido amistoso de ma\u00f1ana en Dortmund contra Argentina, se fue complicando. Luego de diez bajas por lesiones, tampoco estar\u00e1n en el once inicial Timo Werner del Leipzig (gripe), Jonathan Tah del Leverkusen (resfr\u00edo) y<\/p>\n","protected":false},"author":1,"featured_media":98026,"comment_status":"closed","ping_status":"closed","sticky":false,"template":"","format":"standard","meta":{"footnotes":""},"categories":[319],"tags":[],"class_list":{"0":"post-131078","1":"post","2":"type-post","3":"status-publish","4":"format-standard","5":"has-post-thumbnail","7":"category-deporte"},"aioseo_notices":[],"aioseo_head":"\n\t\t<!-- All in One SEO Pro 4.9.6.2 - aioseo.com -->\n\t<meta name=\"description\" content=\"Dortmund, 8 oct (dpa) - La situaci\u00f3n en la selecci\u00f3n alemana de f\u00fatbol, con 13 bajas actuales y de cara al partido amistoso de ma\u00f1ana en Dortmund contra Argentina, se fue complicando. Luego de diez bajas por lesiones, tampoco estar\u00e1n en el once inicial Timo Werner del Leipzig (gripe), Jonathan Tah del Leverkusen (resfr\u00edo) y\" \/>\n\t<meta name=\"robots\" content=\"max-image-preview:large\" \/>\n\t<meta name=\"author\" content=\"Cand\u00e1s 365\"\/>\n\t<meta name=\"google-site-verification\" content=\"UA-32230408-1\" \/>\n\t<meta name=\"msvalidate.01\" content=\"354F3CDFB2DA171B47FBE9ABF1F88D5\" \/>\n\t<meta name=\"keywords\" content=\"deporte\" \/>\n\t<link rel=\"canonical\" href=\"https:\/\/candas365.es\/noticias\/alemania-se-enfrentara-a-argentina-con-13-bajas\/\" \/>\n\t<meta name=\"generator\" content=\"All in One SEO Pro (AIOSEO) 4.9.6.2\" \/>\n\t\t<meta property=\"og:locale\" content=\"es_ES\" \/>\n\t\t<meta property=\"og:site_name\" content=\"Cand\u00e1s 365\" \/>\n\t\t<meta property=\"og:type\" content=\"article\" \/>\n\t\t<meta property=\"og:title\" content=\"Alemania se enfrentar\u00e1 a Argentina con 13 bajas | Cand\u00e1s 365\" \/>\n\t\t<meta property=\"og:description\" content=\"Dortmund, 8 oct (dpa) - La situaci\u00f3n en la selecci\u00f3n alemana de f\u00fatbol, con 13 bajas actuales y de cara al partido amistoso de ma\u00f1ana en Dortmund contra Argentina, se fue complicando. Luego de diez bajas por lesiones, tampoco estar\u00e1n en el once inicial Timo Werner del Leipzig (gripe), Jonathan Tah del Leverkusen (resfr\u00edo) y\" \/>\n\t\t<meta property=\"og:url\" content=\"https:\/\/candas365.es\/noticias\/alemania-se-enfrentara-a-argentina-con-13-bajas\/\" \/>\n\t\t<meta property=\"og:image\" content=\"https:\/\/candas365.es\/noticias\/wp-content\/uploads\/2018\/06\/football-1406106_960_720-1.jpg\" \/>\n\t\t<meta property=\"og:image:secure_url\" content=\"https:\/\/candas365.es\/noticias\/wp-content\/uploads\/2018\/06\/football-1406106_960_720-1.jpg\" \/>\n\t\t<meta property=\"og:image:width\" content=\"960\" \/>\n\t\t<meta property=\"og:image:height\" content=\"643\" \/>\n\t\t<meta property=\"article:published_time\" content=\"2019-10-08T19:16:04+00:00\" \/>\n\t\t<meta property=\"article:modified_time\" content=\"2019-10-08T19:16:04+00:00\" \/>\n\t\t<meta property=\"article:publisher\" content=\"https:\/\/www.facebook.com\/Nachofdezber\" \/>\n\t\t<meta property=\"article:author\" content=\"https:\/\/www.facebook.com\/carrenoactualidad\" \/>\n\t\t<meta name=\"twitter:card\" content=\"summary_large_image\" \/>\n\t\t<meta name=\"twitter:site\" content=\"@NabercoDigital\" \/>\n\t\t<meta name=\"twitter:title\" content=\"Alemania se enfrentar\u00e1 a Argentina con 13 bajas | Cand\u00e1s 365\" \/>\n\t\t<meta name=\"twitter:description\" content=\"Dortmund, 8 oct (dpa) - La situaci\u00f3n en la selecci\u00f3n alemana de f\u00fatbol, con 13 bajas actuales y de cara al partido amistoso de ma\u00f1ana en Dortmund contra Argentina, se fue complicando. Luego de diez bajas por lesiones, tampoco estar\u00e1n en el once inicial Timo Werner del Leipzig (gripe), Jonathan Tah del Leverkusen (resfr\u00edo) y\" \/>\n\t\t<meta name=\"twitter:creator\" content=\"@nbasturias\" \/>\n\t\t<meta name=\"twitter:image\" content=\"https:\/\/candas365.es\/noticias\/wp-content\/uploads\/2018\/06\/football-1406106_960_720-1.jpg\" \/>\n\t\t<meta name=\"twitter:label1\" content=\"Escrito por\" \/>\n\t\t<meta name=\"twitter:data1\" content=\"Cand\u00e1s 365\" \/>\n\t\t<meta name=\"twitter:label2\" content=\"Tiempo de lectura estimado\" \/>\n\t\t<meta name=\"twitter:data2\" content=\"2 minutos\" \/>\n\t\t<script type=\"application\/ld+json\" class=\"aioseo-schema\">\n\t\t\t{\"@context\":\"https:\\\/\\\/schema.org\",\"@graph\":[{\"@type\":\"BreadcrumbList\",\"@id\":\"https:\\\/\\\/candas365.es\\\/noticias\\\/alemania-se-enfrentara-a-argentina-con-13-bajas\\\/#breadcrumblist\",\"itemListElement\":[{\"@type\":\"ListItem\",\"@id\":\"https:\\\/\\\/candas365.es\\\/noticias#listItem\",\"position\":1,\"name\":\"Home\",\"item\":\"https:\\\/\\\/candas365.es\\\/noticias\",\"nextItem\":{\"@type\":\"ListItem\",\"@id\":\"https:\\\/\\\/candas365.es\\\/noticias\\\/category\\\/deporte\\\/#listItem\",\"name\":\"Deporte\"}},{\"@type\":\"ListItem\",\"@id\":\"https:\\\/\\\/candas365.es\\\/noticias\\\/category\\\/deporte\\\/#listItem\",\"position\":2,\"name\":\"Deporte\",\"item\":\"https:\\\/\\\/candas365.es\\\/noticias\\\/category\\\/deporte\\\/\",\"nextItem\":{\"@type\":\"ListItem\",\"@id\":\"https:\\\/\\\/candas365.es\\\/noticias\\\/alemania-se-enfrentara-a-argentina-con-13-bajas\\\/#listItem\",\"name\":\"Alemania se enfrentar\\u00e1 a Argentina con 13 bajas\"},\"previousItem\":{\"@type\":\"ListItem\",\"@id\":\"https:\\\/\\\/candas365.es\\\/noticias#listItem\",\"name\":\"Home\"}},{\"@type\":\"ListItem\",\"@id\":\"https:\\\/\\\/candas365.es\\\/noticias\\\/alemania-se-enfrentara-a-argentina-con-13-bajas\\\/#listItem\",\"position\":3,\"name\":\"Alemania se enfrentar\\u00e1 a Argentina con 13 bajas\",\"previousItem\":{\"@type\":\"ListItem\",\"@id\":\"https:\\\/\\\/candas365.es\\\/noticias\\\/category\\\/deporte\\\/#listItem\",\"name\":\"Deporte\"}}]},{\"@type\":\"NewsArticle\",\"@id\":\"https:\\\/\\\/candas365.es\\\/noticias\\\/alemania-se-enfrentara-a-argentina-con-13-bajas\\\/#newsarticle\",\"name\":\"Alemania se enfrentar\\u00e1 a Argentina con 13 bajas | Cand\\u00e1s 365\",\"headline\":\"Alemania se enfrentar\\u00e1 a Argentina con 13 bajas\",\"author\":{\"@id\":\"https:\\\/\\\/candas365.es\\\/noticias\\\/author\\\/admin\\\/#author\"},\"publisher\":{\"@id\":\"https:\\\/\\\/candas365.es\\\/noticias\\\/#organization\"},\"image\":{\"@type\":\"ImageObject\",\"url\":\"https:\\\/\\\/candas365.es\\\/noticias\\\/wp-content\\\/uploads\\\/2018\\\/06\\\/football-1406106_960_720-1.jpg\",\"width\":960,\"height\":643},\"datePublished\":\"2019-10-08T19:16:04+02:00\",\"dateModified\":\"2019-10-08T19:16:04+02:00\",\"inLanguage\":\"es-ES\",\"mainEntityOfPage\":{\"@id\":\"https:\\\/\\\/candas365.es\\\/noticias\\\/alemania-se-enfrentara-a-argentina-con-13-bajas\\\/#webpage\"},\"isPartOf\":{\"@id\":\"https:\\\/\\\/candas365.es\\\/noticias\\\/alemania-se-enfrentara-a-argentina-con-13-bajas\\\/#webpage\"},\"articleSection\":\"Deporte\",\"dateline\":\"Publicado el octubre 8, 2019.\"},{\"@type\":\"Organization\",\"@id\":\"https:\\\/\\\/candas365.es\\\/noticias\\\/#organization\",\"name\":\"Cand\\u00e1s 365\",\"description\":\"Cand\\u00e1s 365 es un diario digital independiente, fundado en 2012, con base en Asturias. Informamos con rigor sobre actualidad, sociedad, cultura y ocio, con una mirada local y global.\",\"url\":\"https:\\\/\\\/candas365.es\\\/noticias\\\/\",\"email\":\"info@candas365.es\",\"telephone\":\"+34652131393\",\"foundingDate\":\"2012-06-10\",\"logo\":{\"@type\":\"ImageObject\",\"url\":\"https:\\\/\\\/candas365.es\\\/noticias\\\/wp-content\\\/uploads\\\/2024\\\/09\\\/Candas-365-Redes.jpg\",\"@id\":\"https:\\\/\\\/candas365.es\\\/noticias\\\/alemania-se-enfrentara-a-argentina-con-13-bajas\\\/#organizationLogo\",\"width\":1152,\"height\":864,\"caption\":\"Cand\\u00e1s 365 Redes\"},\"image\":{\"@id\":\"https:\\\/\\\/candas365.es\\\/noticias\\\/alemania-se-enfrentara-a-argentina-con-13-bajas\\\/#organizationLogo\"},\"sameAs\":[\"https:\\\/\\\/www.facebook.com\\\/Nachofdezber\",\"https:\\\/\\\/x.com\\\/NabercoDigital\",\"https:\\\/\\\/www.instagram.com\\\/nachofdezber\\\/\",\"https:\\\/\\\/www.youtube.com\\\/channel\\\/UCZP-2wLEB9Rv6erhFmqVnvg\"],\"address\":{\"@id\":\"https:\\\/\\\/candas365.es\\\/noticias\\\/#postaladdress\",\"@type\":\"PostalAddress\",\"streetAddress\":\"san antonio 4, san antonio 4\",\"postalCode\":\"33430\",\"addressLocality\":\"Cand\\u00e1s\",\"addressRegion\":\"Asturias\",\"addressCountry\":\"ES\"}},{\"@type\":\"Person\",\"@id\":\"https:\\\/\\\/candas365.es\\\/noticias\\\/author\\\/admin\\\/#author\",\"url\":\"https:\\\/\\\/candas365.es\\\/noticias\\\/author\\\/admin\\\/\",\"name\":\"Cand\\u00e1s 365\",\"image\":{\"@type\":\"ImageObject\",\"@id\":\"https:\\\/\\\/candas365.es\\\/noticias\\\/alemania-se-enfrentara-a-argentina-con-13-bajas\\\/#authorImage\",\"url\":\"https:\\\/\\\/secure.gravatar.com\\\/avatar\\\/496a8e03d0c493ede1718b7934145dbdf8d89be1036b0eec9544e1094c9de390?s=96&d=mm&r=g\",\"width\":96,\"height\":96,\"caption\":\"Cand\\u00e1s 365\"},\"sameAs\":[\"https:\\\/\\\/www.facebook.com\\\/carrenoactualidad\",\"https:\\\/\\\/twitter.com\\\/nbasturias\",\"https:\\\/\\\/www.instagram.com\\\/nachofdezber\\\/\",\"https:\\\/\\\/www.youtube.com\\\/channel\\\/UCZP-2wLEB9Rv6erhFmqVnvg\"]},{\"@type\":\"WebPage\",\"@id\":\"https:\\\/\\\/candas365.es\\\/noticias\\\/alemania-se-enfrentara-a-argentina-con-13-bajas\\\/#webpage\",\"url\":\"https:\\\/\\\/candas365.es\\\/noticias\\\/alemania-se-enfrentara-a-argentina-con-13-bajas\\\/\",\"name\":\"Alemania se enfrentar\\u00e1 a Argentina con 13 bajas | Cand\\u00e1s 365\",\"description\":\"Dortmund, 8 oct (dpa) - La situaci\\u00f3n en la selecci\\u00f3n alemana de f\\u00fatbol, con 13 bajas actuales y de cara al partido amistoso de ma\\u00f1ana en Dortmund contra Argentina, se fue complicando. Luego de diez bajas por lesiones, tampoco estar\\u00e1n en el once inicial Timo Werner del Leipzig (gripe), Jonathan Tah del Leverkusen (resfr\\u00edo) y\",\"inLanguage\":\"es-ES\",\"isPartOf\":{\"@id\":\"https:\\\/\\\/candas365.es\\\/noticias\\\/#website\"},\"breadcrumb\":{\"@id\":\"https:\\\/\\\/candas365.es\\\/noticias\\\/alemania-se-enfrentara-a-argentina-con-13-bajas\\\/#breadcrumblist\"},\"author\":{\"@id\":\"https:\\\/\\\/candas365.es\\\/noticias\\\/author\\\/admin\\\/#author\"},\"creator\":{\"@id\":\"https:\\\/\\\/candas365.es\\\/noticias\\\/author\\\/admin\\\/#author\"},\"image\":{\"@type\":\"ImageObject\",\"url\":\"https:\\\/\\\/candas365.es\\\/noticias\\\/wp-content\\\/uploads\\\/2018\\\/06\\\/football-1406106_960_720-1.jpg\",\"@id\":\"https:\\\/\\\/candas365.es\\\/noticias\\\/alemania-se-enfrentara-a-argentina-con-13-bajas\\\/#mainImage\",\"width\":960,\"height\":643},\"primaryImageOfPage\":{\"@id\":\"https:\\\/\\\/candas365.es\\\/noticias\\\/alemania-se-enfrentara-a-argentina-con-13-bajas\\\/#mainImage\"},\"datePublished\":\"2019-10-08T19:16:04+02:00\",\"dateModified\":\"2019-10-08T19:16:04+02:00\"},{\"@type\":\"WebSite\",\"@id\":\"https:\\\/\\\/candas365.es\\\/noticias\\\/#website\",\"url\":\"https:\\\/\\\/candas365.es\\\/noticias\\\/\",\"name\":\"Cand\\u00e1s 365\",\"alternateName\":\"Cand\\u00e1s 365 Noticias\",\"description\":\"Actualidad desde Carre\\u00f1o para el mundo\",\"inLanguage\":\"es-ES\",\"publisher\":{\"@id\":\"https:\\\/\\\/candas365.es\\\/noticias\\\/#organization\"}}]}\n\t\t<\/script>\n\t\t<!-- All in One SEO Pro -->\r\n\t\t<title>Alemania se enfrentar\u00e1 a Argentina con 13 bajas | Cand\u00e1s 365<\/title>\n\n","aioseo_head_json":{"title":"Alemania se enfrentar\u00e1 a Argentina con 13 bajas | Cand\u00e1s 365","description":"Dortmund, 8 oct (dpa) - La situaci\u00f3n en la selecci\u00f3n alemana de f\u00fatbol, con 13 bajas actuales y de cara al partido amistoso de ma\u00f1ana en Dortmund contra Argentina, se fue complicando. Luego de diez bajas por lesiones, tampoco estar\u00e1n en el once inicial Timo Werner del Leipzig (gripe), Jonathan Tah del Leverkusen (resfr\u00edo) y","canonical_url":"https:\/\/candas365.es\/noticias\/alemania-se-enfrentara-a-argentina-con-13-bajas\/","robots":"max-image-preview:large","keywords":"deporte","webmasterTools":{"google-site-verification":"UA-32230408-1","msvalidate.01":"354F3CDFB2DA171B47FBE9ABF1F88D5","miscellaneous":""},"schema":{"@context":"https:\/\/schema.org","@graph":[{"@type":"BreadcrumbList","@id":"https:\/\/candas365.es\/noticias\/alemania-se-enfrentara-a-argentina-con-13-bajas\/#breadcrumblist","itemListElement":[{"@type":"ListItem","@id":"https:\/\/candas365.es\/noticias#listItem","position":1,"name":"Home","item":"https:\/\/candas365.es\/noticias","nextItem":{"@type":"ListItem","@id":"https:\/\/candas365.es\/noticias\/category\/deporte\/#listItem","name":"Deporte"}},{"@type":"ListItem","@id":"https:\/\/candas365.es\/noticias\/category\/deporte\/#listItem","position":2,"name":"Deporte","item":"https:\/\/candas365.es\/noticias\/category\/deporte\/","nextItem":{"@type":"ListItem","@id":"https:\/\/candas365.es\/noticias\/alemania-se-enfrentara-a-argentina-con-13-bajas\/#listItem","name":"Alemania se enfrentar\u00e1 a Argentina con 13 bajas"},"previousItem":{"@type":"ListItem","@id":"https:\/\/candas365.es\/noticias#listItem","name":"Home"}},{"@type":"ListItem","@id":"https:\/\/candas365.es\/noticias\/alemania-se-enfrentara-a-argentina-con-13-bajas\/#listItem","position":3,"name":"Alemania se enfrentar\u00e1 a Argentina con 13 bajas","previousItem":{"@type":"ListItem","@id":"https:\/\/candas365.es\/noticias\/category\/deporte\/#listItem","name":"Deporte"}}]},{"@type":"NewsArticle","@id":"https:\/\/candas365.es\/noticias\/alemania-se-enfrentara-a-argentina-con-13-bajas\/#newsarticle","name":"Alemania se enfrentar\u00e1 a Argentina con 13 bajas | Cand\u00e1s 365","headline":"Alemania se enfrentar\u00e1 a Argentina con 13 bajas","author":{"@id":"https:\/\/candas365.es\/noticias\/author\/admin\/#author"},"publisher":{"@id":"https:\/\/candas365.es\/noticias\/#organization"},"image":{"@type":"ImageObject","url":"https:\/\/candas365.es\/noticias\/wp-content\/uploads\/2018\/06\/football-1406106_960_720-1.jpg","width":960,"height":643},"datePublished":"2019-10-08T19:16:04+02:00","dateModified":"2019-10-08T19:16:04+02:00","inLanguage":"es-ES","mainEntityOfPage":{"@id":"https:\/\/candas365.es\/noticias\/alemania-se-enfrentara-a-argentina-con-13-bajas\/#webpage"},"isPartOf":{"@id":"https:\/\/candas365.es\/noticias\/alemania-se-enfrentara-a-argentina-con-13-bajas\/#webpage"},"articleSection":"Deporte","dateline":"Publicado el octubre 8, 2019."},{"@type":"Organization","@id":"https:\/\/candas365.es\/noticias\/#organization","name":"Cand\u00e1s 365","description":"Cand\u00e1s 365 es un diario digital independiente, fundado en 2012, con base en Asturias. Informamos con rigor sobre actualidad, sociedad, cultura y ocio, con una mirada local y global.","url":"https:\/\/candas365.es\/noticias\/","email":"info@candas365.es","telephone":"+34652131393","foundingDate":"2012-06-10","logo":{"@type":"ImageObject","url":"https:\/\/candas365.es\/noticias\/wp-content\/uploads\/2024\/09\/Candas-365-Redes.jpg","@id":"https:\/\/candas365.es\/noticias\/alemania-se-enfrentara-a-argentina-con-13-bajas\/#organizationLogo","width":1152,"height":864,"caption":"Cand\u00e1s 365 Redes"},"image":{"@id":"https:\/\/candas365.es\/noticias\/alemania-se-enfrentara-a-argentina-con-13-bajas\/#organizationLogo"},"sameAs":["https:\/\/www.facebook.com\/Nachofdezber","https:\/\/x.com\/NabercoDigital","https:\/\/www.instagram.com\/nachofdezber\/","https:\/\/www.youtube.com\/channel\/UCZP-2wLEB9Rv6erhFmqVnvg"],"address":{"@id":"https:\/\/candas365.es\/noticias\/#postaladdress","@type":"PostalAddress","streetAddress":"san antonio 4, san antonio 4","postalCode":"33430","addressLocality":"Cand\u00e1s","addressRegion":"Asturias","addressCountry":"ES"}},{"@type":"Person","@id":"https:\/\/candas365.es\/noticias\/author\/admin\/#author","url":"https:\/\/candas365.es\/noticias\/author\/admin\/","name":"Cand\u00e1s 365","image":{"@type":"ImageObject","@id":"https:\/\/candas365.es\/noticias\/alemania-se-enfrentara-a-argentina-con-13-bajas\/#authorImage","url":"https:\/\/secure.gravatar.com\/avatar\/496a8e03d0c493ede1718b7934145dbdf8d89be1036b0eec9544e1094c9de390?s=96&d=mm&r=g","width":96,"height":96,"caption":"Cand\u00e1s 365"},"sameAs":["https:\/\/www.facebook.com\/carrenoactualidad","https:\/\/twitter.com\/nbasturias","https:\/\/www.instagram.com\/nachofdezber\/","https:\/\/www.youtube.com\/channel\/UCZP-2wLEB9Rv6erhFmqVnvg"]},{"@type":"WebPage","@id":"https:\/\/candas365.es\/noticias\/alemania-se-enfrentara-a-argentina-con-13-bajas\/#webpage","url":"https:\/\/candas365.es\/noticias\/alemania-se-enfrentara-a-argentina-con-13-bajas\/","name":"Alemania se enfrentar\u00e1 a Argentina con 13 bajas | Cand\u00e1s 365","description":"Dortmund, 8 oct (dpa) - La situaci\u00f3n en la selecci\u00f3n alemana de f\u00fatbol, con 13 bajas actuales y de cara al partido amistoso de ma\u00f1ana en Dortmund contra Argentina, se fue complicando. Luego de diez bajas por lesiones, tampoco estar\u00e1n en el once inicial Timo Werner del Leipzig (gripe), Jonathan Tah del Leverkusen (resfr\u00edo) y","inLanguage":"es-ES","isPartOf":{"@id":"https:\/\/candas365.es\/noticias\/#website"},"breadcrumb":{"@id":"https:\/\/candas365.es\/noticias\/alemania-se-enfrentara-a-argentina-con-13-bajas\/#breadcrumblist"},"author":{"@id":"https:\/\/candas365.es\/noticias\/author\/admin\/#author"},"creator":{"@id":"https:\/\/candas365.es\/noticias\/author\/admin\/#author"},"image":{"@type":"ImageObject","url":"https:\/\/candas365.es\/noticias\/wp-content\/uploads\/2018\/06\/football-1406106_960_720-1.jpg","@id":"https:\/\/candas365.es\/noticias\/alemania-se-enfrentara-a-argentina-con-13-bajas\/#mainImage","width":960,"height":643},"primaryImageOfPage":{"@id":"https:\/\/candas365.es\/noticias\/alemania-se-enfrentara-a-argentina-con-13-bajas\/#mainImage"},"datePublished":"2019-10-08T19:16:04+02:00","dateModified":"2019-10-08T19:16:04+02:00"},{"@type":"WebSite","@id":"https:\/\/candas365.es\/noticias\/#website","url":"https:\/\/candas365.es\/noticias\/","name":"Cand\u00e1s 365","alternateName":"Cand\u00e1s 365 Noticias","description":"Actualidad desde Carre\u00f1o para el mundo","inLanguage":"es-ES","publisher":{"@id":"https:\/\/candas365.es\/noticias\/#organization"}}]},"og:locale":"es_ES","og:site_name":"Cand\u00e1s 365","og:type":"article","og:title":"Alemania se enfrentar\u00e1 a Argentina con 13 bajas | Cand\u00e1s 365","og:description":"Dortmund, 8 oct (dpa) - La situaci\u00f3n en la selecci\u00f3n alemana de f\u00fatbol, con 13 bajas actuales y de cara al partido amistoso de ma\u00f1ana en Dortmund contra Argentina, se fue complicando. Luego de diez bajas por lesiones, tampoco estar\u00e1n en el once inicial Timo Werner del Leipzig (gripe), Jonathan Tah del Leverkusen (resfr\u00edo) y","og:url":"https:\/\/candas365.es\/noticias\/alemania-se-enfrentara-a-argentina-con-13-bajas\/","og:image":"https:\/\/candas365.es\/noticias\/wp-content\/uploads\/2018\/06\/football-1406106_960_720-1.jpg","og:image:secure_url":"https:\/\/candas365.es\/noticias\/wp-content\/uploads\/2018\/06\/football-1406106_960_720-1.jpg","og:image:width":960,"og:image:height":643,"article:published_time":"2019-10-08T19:16:04+00:00","article:modified_time":"2019-10-08T19:16:04+00:00","article:publisher":"https:\/\/www.facebook.com\/Nachofdezber","article:author":"https:\/\/www.facebook.com\/carrenoactualidad","twitter:card":"summary_large_image","twitter:site":"@NabercoDigital","twitter:title":"Alemania se enfrentar\u00e1 a Argentina con 13 bajas | Cand\u00e1s 365","twitter:description":"Dortmund, 8 oct (dpa) - La situaci\u00f3n en la selecci\u00f3n alemana de f\u00fatbol, con 13 bajas actuales y de cara al partido amistoso de ma\u00f1ana en Dortmund contra Argentina, se fue complicando. Luego de diez bajas por lesiones, tampoco estar\u00e1n en el once inicial Timo Werner del Leipzig (gripe), Jonathan Tah del Leverkusen (resfr\u00edo) y","twitter:creator":"@nbasturias","twitter:image":"https:\/\/candas365.es\/noticias\/wp-content\/uploads\/2018\/06\/football-1406106_960_720-1.jpg","twitter:label1":"Escrito por","twitter:data1":"Cand\u00e1s 365","twitter:label2":"Tiempo de lectura estimado","twitter:data2":"2 minutos"},"aioseo_meta_data":{"post_id":"131078","title":null,"description":null,"keywords":null,"keyphrases":null,"primary_term":null,"canonical_url":null,"og_title":null,"og_description":null,"og_object_type":"default","og_image_type":"default","og_image_url":null,"og_image_width":null,"og_image_height":null,"og_image_custom_url":null,"og_image_custom_fields":null,"og_video":null,"og_custom_url":null,"og_article_section":null,"og_article_tags":null,"twitter_use_og":false,"twitter_card":"default","twitter_image_type":"default","twitter_image_url":null,"twitter_image_custom_url":null,"twitter_image_custom_fields":null,"twitter_title":null,"twitter_description":null,"schema":{"blockGraphs":[],"customGraphs":[],"default":{"data":{"Article":[],"Course":[],"Dataset":[],"FAQPage":[],"Movie":[],"Person":[],"Product":[],"ProductReview":[],"Car":[],"Recipe":[],"Service":[],"SoftwareApplication":[],"WebPage":[]},"graphName":"","isEnabled":true},"graphs":[],"defaultGraph":"","defaultPostTypeGraph":""},"schema_type":null,"schema_type_options":null,"pillar_content":false,"robots_default":true,"robots_noindex":false,"robots_noarchive":false,"robots_nosnippet":false,"robots_nofollow":false,"robots_noimageindex":false,"robots_noodp":false,"robots_notranslate":false,"robots_max_snippet":null,"robots_max_videopreview":null,"robots_max_imagepreview":"large","priority":null,"frequency":null,"location":null,"local_seo":null,"seo_analyzer_scan_date":"2025-08-30 15:09:39","breadcrumb_settings":null,"limit_modified_date":false,"reviewed_by":null,"open_ai":null,"ai":null,"created":"2020-12-21 10:51:56","updated":"2025-08-30 15:09:39"},"aioseo_breadcrumb":"<div class=\"aioseo-breadcrumbs\"><span class=\"aioseo-breadcrumb\">\n\t<a href=\"https:\/\/candas365.es\/noticias\" title=\"Home\">Home<\/a>\n<\/span><span class=\"aioseo-breadcrumb-separator\">&ndash;<\/span><span class=\"aioseo-breadcrumb\">\n\t<a href=\"https:\/\/candas365.es\/noticias\/category\/deporte\/\" title=\"Deporte\">Deporte<\/a>\n<\/span><span class=\"aioseo-breadcrumb-separator\">&ndash;<\/span><span class=\"aioseo-breadcrumb\">\n\tAlemania se enfrentar\u00e1 a Argentina con 13 bajas\n<\/span><\/div>","aioseo_breadcrumb_json":[{"label":"Home","link":"https:\/\/candas365.es\/noticias"},{"label":"Deporte","link":"https:\/\/candas365.es\/noticias\/category\/deporte\/"},{"label":"Alemania se enfrentar\u00e1 a Argentina con 13 bajas","link":"https:\/\/candas365.es\/noticias\/alemania-se-enfrentara-a-argentina-con-13-bajas\/"}],"_links":{"self":[{"href":"https:\/\/candas365.es\/noticias\/wp-json\/wp\/v2\/posts\/131078","targetHints":{"allow":["GET"]}}],"collection":[{"href":"https:\/\/candas365.es\/noticias\/wp-json\/wp\/v2\/posts"}],"about":[{"href":"https:\/\/candas365.es\/noticias\/wp-json\/wp\/v2\/types\/post"}],"author":[{"embeddable":true,"href":"https:\/\/candas365.es\/noticias\/wp-json\/wp\/v2\/users\/1"}],"replies":[{"embeddable":true,"href":"https:\/\/candas365.es\/noticias\/wp-json\/wp\/v2\/comments?post=131078"}],"version-history":[{"count":0,"href":"https:\/\/candas365.es\/noticias\/wp-json\/wp\/v2\/posts\/131078\/revisions"}],"wp:featuredmedia":[{"embeddable":true,"href":"https:\/\/candas365.es\/noticias\/wp-json\/wp\/v2\/media\/98026"}],"wp:attachment":[{"href":"https:\/\/candas365.es\/noticias\/wp-json\/wp\/v2\/media?parent=131078"}],"wp:term":[{"taxonomy":"category","embeddable":true,"href":"https:\/\/candas365.es\/noticias\/wp-json\/wp\/v2\/categories?post=131078"},{"taxonomy":"post_tag","embeddable":true,"href":"https:\/\/candas365.es\/noticias\/wp-json\/wp\/v2\/tags?post=131078"}],"curies":[{"name":"wp","href":"https:\/\/api.w.org\/{rel}","templated":true}]}}