{"id":131064,"date":"2019-10-08T18:28:59","date_gmt":"2019-10-08T18:28:59","guid":{"rendered":"http:\/\/candas365.es\/noticias\/?p=131064"},"modified":"2019-10-08T18:28:59","modified_gmt":"2019-10-08T18:28:59","slug":"carreno-ofrecera-ayudas-para-el-pago-de-suministros-energeticos","status":"publish","type":"post","link":"https:\/\/candas365.es\/noticias\/carreno-ofrecera-ayudas-para-el-pago-de-suministros-energeticos\/","title":{"rendered":"Carre\u00f1o ofrecer\u00e1 ayudas para el pago de suministros energ\u00e9ticos"},"content":{"rendered":"<p><img fetchpriority=\"high\" decoding=\"async\" class=\"alignleft size-medium wp-image-6453\" src=\"https:\/\/candas365.es\/noticias\/wp-content\/uploads\/2015\/01\/ayuntamiento-360x270.jpg\" alt=\"\" width=\"360\" height=\"270\" srcset=\"https:\/\/candas365.es\/noticias\/wp-content\/uploads\/2015\/01\/ayuntamiento-360x270.jpg 360w, https:\/\/candas365.es\/noticias\/wp-content\/uploads\/2015\/01\/ayuntamiento-640x480.jpg 640w, https:\/\/candas365.es\/noticias\/wp-content\/uploads\/2015\/01\/ayuntamiento-768x576.jpg 768w, https:\/\/candas365.es\/noticias\/wp-content\/uploads\/2015\/01\/ayuntamiento-150x113.jpg 150w, https:\/\/candas365.es\/noticias\/wp-content\/uploads\/2015\/01\/ayuntamiento-450x338.jpg 450w, https:\/\/candas365.es\/noticias\/wp-content\/uploads\/2015\/01\/ayuntamiento-80x60.jpg 80w, https:\/\/candas365.es\/noticias\/wp-content\/uploads\/2015\/01\/ayuntamiento-265x198.jpg 265w, https:\/\/candas365.es\/noticias\/wp-content\/uploads\/2015\/01\/ayuntamiento-696x522.jpg 696w, https:\/\/candas365.es\/noticias\/wp-content\/uploads\/2015\/01\/ayuntamiento-560x420.jpg 560w, https:\/\/candas365.es\/noticias\/wp-content\/uploads\/2015\/01\/ayuntamiento-90x67.jpg 90w, https:\/\/candas365.es\/noticias\/wp-content\/uploads\/2015\/01\/ayuntamiento.jpg 800w\" sizes=\"(max-width: 360px) 100vw, 360px\" \/>La alcaldesa de Carre\u00f1o, Amelia Fern\u00e1ndez, anunci\u00f3 este martes mediante un comunicado de prensa que dentro del Convenio de financiaci\u00f3n del Plan Concertado de Prestaciones Sociales B\u00e1sicas firmado por el Principado de Asturias y el Ayuntamiento de Carre\u00f1o para el ejercicio 2019, se contemplan las ayudas para el pago de suministros energ\u00e9ticos por importe de\u00a0<b>22.050 euros<\/b>\u00a0para el a\u00f1o en curso.<\/p>\n<p style=\"font-weight: 400;\">\u201cLa pobreza energ\u00e9tica es una consecuencia m\u00e1s de la grave crisis social y econ\u00f3mica que hemos estado padeciendo. Se define como aquella situaci\u00f3n que sufren los hogares cuyos miembros son incapaces de pagar una cantidad de servicios de la energ\u00eda suficientes para la satisfacci\u00f3n de sus necesidades dom\u00e9sticas y\/o se ven obligados a destinar una parte excesiva de sus ingresos al pago de la factura energ\u00e9tica de sus viviendas\u201d\u00a0avanz\u00f3 Mar\u00eda Rosa Nodal- Concejala de Bienestar Social.<\/p>\n<p style=\"font-weight: 400;\">\u201cAdem\u00e1s del compromiso pol\u00edtico necesario para atender estas necesidades varios son los estudios que avalan la necesidad de esta convocatoria de ayudas. As\u00ed por ejemplo el informe de la Asociaci\u00f3n de Ciencias Ambientales (ACA) habla de varios millones de personas con enormes dificultades para hacer frente al recibo de la luz al final de mes, debiendo dar prioridad o elegir\u00a0 entre qu\u00e9 cuestiones b\u00e1sicas de subsistencia, muy unidas al desarrollo de una vida digna, pueden permitirse o cu\u00e1les no. A ello hay que sumarle el dato que facilita el INE en la encuesta de condiciones de vida, la cual se\u00f1ala que el 9% de los hogares de nuestro pa\u00eds no pueden mantener su casa a una temperatura adecuada, con los riesgos que ello comporta especialmente para las personas m\u00e1s vulnerables como son la poblaci\u00f3n infantil, la tercera edad o las personas enfermas\u201d\u00a0&#8211; prosigui\u00f3 la concejala.<\/p>\n<p style=\"font-weight: 400;\">\u201cFrente a las situaciones de vulnerabilidad existen diferentes posicionamientos, mirar a otro lado o adoptar medidas estructurales como las tomadas en el Consistorio carre\u00f1ense, con el \u00e1nimo de paliar situaciones dram\u00e1ticas. El objetivo es apoyar a personas con escasos recursos econ\u00f3micos en el pago de los recibos de luz, gas, carb\u00f3n o le\u00f1a, o cualquier elemento relacionado con la energ\u00eda\u201d\u00a0&#8211; se\u00f1al\u00f3 Nodal.<\/p>\n<p style=\"font-weight: 400;\">La convocatoria de estas Ayudas al Suministro Energ\u00e9tico, que podr\u00e1n solicitarse a partir de este martes, 8 de octubre, y est\u00e1 destinada a personas o unidades familiares que carezcan de recursos suficientes para satisfacer unos servicios energ\u00e9ticos m\u00ednimos.<\/p>\n","protected":false},"excerpt":{"rendered":"<p>La alcaldesa de Carre\u00f1o, Amelia Fern\u00e1ndez, anunci\u00f3 este martes mediante un comunicado de prensa que dentro del Convenio de financiaci\u00f3n del Plan Concertado de Prestaciones Sociales B\u00e1sicas firmado por el Principado de Asturias y el Ayuntamiento de Carre\u00f1o para el ejercicio 2019, se contemplan las ayudas para el pago de suministros energ\u00e9ticos por importe de\u00a022.050<\/p>\n","protected":false},"author":1,"featured_media":6453,"comment_status":"closed","ping_status":"closed","sticky":false,"template":"","format":"standard","meta":{"footnotes":""},"categories":[2],"tags":[],"class_list":{"0":"post-131064","1":"post","2":"type-post","3":"status-publish","4":"format-standard","5":"has-post-thumbnail","7":"category-noticias-carreno"},"aioseo_notices":[],"aioseo_head":"\n\t\t<!-- All in One SEO Pro 4.9.6.2 - aioseo.com -->\n\t<meta name=\"description\" content=\"La alcaldesa de Carre\u00f1o, Amelia Fern\u00e1ndez, anunci\u00f3 este martes mediante un comunicado de prensa que dentro del Convenio de financiaci\u00f3n del Plan Concertado de Prestaciones Sociales B\u00e1sicas firmado por el Principado de Asturias y el Ayuntamiento de Carre\u00f1o para el ejercicio 2019, se contemplan las ayudas para el pago de suministros energ\u00e9ticos por importe de 22.050\" \/>\n\t<meta name=\"robots\" content=\"max-image-preview:large\" \/>\n\t<meta name=\"author\" content=\"Cand\u00e1s 365\"\/>\n\t<meta name=\"google-site-verification\" content=\"UA-32230408-1\" \/>\n\t<meta name=\"msvalidate.01\" content=\"354F3CDFB2DA171B47FBE9ABF1F88D5\" \/>\n\t<meta name=\"keywords\" content=\"noticias carre\u00f1o\" \/>\n\t<link rel=\"canonical\" href=\"https:\/\/candas365.es\/noticias\/carreno-ofrecera-ayudas-para-el-pago-de-suministros-energeticos\/\" \/>\n\t<meta name=\"generator\" content=\"All in One SEO Pro (AIOSEO) 4.9.6.2\" \/>\n\t\t<meta property=\"og:locale\" content=\"es_ES\" \/>\n\t\t<meta property=\"og:site_name\" content=\"Cand\u00e1s 365\" \/>\n\t\t<meta property=\"og:type\" content=\"article\" \/>\n\t\t<meta property=\"og:title\" content=\"Carre\u00f1o ofrecer\u00e1 ayudas para el pago de suministros energ\u00e9ticos | Cand\u00e1s 365\" \/>\n\t\t<meta property=\"og:description\" content=\"La alcaldesa de Carre\u00f1o, Amelia Fern\u00e1ndez, anunci\u00f3 este martes mediante un comunicado de prensa que dentro del Convenio de financiaci\u00f3n del Plan Concertado de Prestaciones Sociales B\u00e1sicas firmado por el Principado de Asturias y el Ayuntamiento de Carre\u00f1o para el ejercicio 2019, se contemplan las ayudas para el pago de suministros energ\u00e9ticos por importe de 22.050\" \/>\n\t\t<meta property=\"og:url\" content=\"https:\/\/candas365.es\/noticias\/carreno-ofrecera-ayudas-para-el-pago-de-suministros-energeticos\/\" \/>\n\t\t<meta property=\"og:image\" content=\"https:\/\/candas365.es\/noticias\/wp-content\/uploads\/2015\/01\/ayuntamiento.jpg\" \/>\n\t\t<meta property=\"og:image:secure_url\" content=\"https:\/\/candas365.es\/noticias\/wp-content\/uploads\/2015\/01\/ayuntamiento.jpg\" \/>\n\t\t<meta property=\"og:image:width\" content=\"800\" \/>\n\t\t<meta property=\"og:image:height\" content=\"600\" \/>\n\t\t<meta property=\"article:published_time\" content=\"2019-10-08T18:28:59+00:00\" \/>\n\t\t<meta property=\"article:modified_time\" content=\"2019-10-08T18:28:59+00:00\" \/>\n\t\t<meta property=\"article:publisher\" content=\"https:\/\/www.facebook.com\/Nachofdezber\" \/>\n\t\t<meta property=\"article:author\" content=\"https:\/\/www.facebook.com\/carrenoactualidad\" \/>\n\t\t<meta name=\"twitter:card\" content=\"summary_large_image\" \/>\n\t\t<meta name=\"twitter:site\" content=\"@NabercoDigital\" \/>\n\t\t<meta name=\"twitter:title\" content=\"Carre\u00f1o ofrecer\u00e1 ayudas para el pago de suministros energ\u00e9ticos | Cand\u00e1s 365\" \/>\n\t\t<meta name=\"twitter:description\" content=\"La alcaldesa de Carre\u00f1o, Amelia Fern\u00e1ndez, anunci\u00f3 este martes mediante un comunicado de prensa que dentro del Convenio de financiaci\u00f3n del Plan Concertado de Prestaciones Sociales B\u00e1sicas firmado por el Principado de Asturias y el Ayuntamiento de Carre\u00f1o para el ejercicio 2019, se contemplan las ayudas para el pago de suministros energ\u00e9ticos por importe de 22.050\" \/>\n\t\t<meta name=\"twitter:creator\" content=\"@nbasturias\" \/>\n\t\t<meta name=\"twitter:image\" content=\"https:\/\/candas365.es\/noticias\/wp-content\/uploads\/2015\/01\/ayuntamiento.jpg\" \/>\n\t\t<meta name=\"twitter:label1\" content=\"Escrito por\" \/>\n\t\t<meta name=\"twitter:data1\" content=\"Cand\u00e1s 365\" \/>\n\t\t<meta name=\"twitter:label2\" content=\"Tiempo de lectura estimado\" \/>\n\t\t<meta name=\"twitter:data2\" content=\"2 minutos\" \/>\n\t\t<script type=\"application\/ld+json\" class=\"aioseo-schema\">\n\t\t\t{\"@context\":\"https:\\\/\\\/schema.org\",\"@graph\":[{\"@type\":\"BreadcrumbList\",\"@id\":\"https:\\\/\\\/candas365.es\\\/noticias\\\/carreno-ofrecera-ayudas-para-el-pago-de-suministros-energeticos\\\/#breadcrumblist\",\"itemListElement\":[{\"@type\":\"ListItem\",\"@id\":\"https:\\\/\\\/candas365.es\\\/noticias#listItem\",\"position\":1,\"name\":\"Home\",\"item\":\"https:\\\/\\\/candas365.es\\\/noticias\",\"nextItem\":{\"@type\":\"ListItem\",\"@id\":\"https:\\\/\\\/candas365.es\\\/noticias\\\/category\\\/noticias-carreno\\\/#listItem\",\"name\":\"Noticias Carre\\u00f1o\"}},{\"@type\":\"ListItem\",\"@id\":\"https:\\\/\\\/candas365.es\\\/noticias\\\/category\\\/noticias-carreno\\\/#listItem\",\"position\":2,\"name\":\"Noticias Carre\\u00f1o\",\"item\":\"https:\\\/\\\/candas365.es\\\/noticias\\\/category\\\/noticias-carreno\\\/\",\"nextItem\":{\"@type\":\"ListItem\",\"@id\":\"https:\\\/\\\/candas365.es\\\/noticias\\\/carreno-ofrecera-ayudas-para-el-pago-de-suministros-energeticos\\\/#listItem\",\"name\":\"Carre\\u00f1o ofrecer\\u00e1 ayudas para el pago de suministros energ\\u00e9ticos\"},\"previousItem\":{\"@type\":\"ListItem\",\"@id\":\"https:\\\/\\\/candas365.es\\\/noticias#listItem\",\"name\":\"Home\"}},{\"@type\":\"ListItem\",\"@id\":\"https:\\\/\\\/candas365.es\\\/noticias\\\/carreno-ofrecera-ayudas-para-el-pago-de-suministros-energeticos\\\/#listItem\",\"position\":3,\"name\":\"Carre\\u00f1o ofrecer\\u00e1 ayudas para el pago de suministros energ\\u00e9ticos\",\"previousItem\":{\"@type\":\"ListItem\",\"@id\":\"https:\\\/\\\/candas365.es\\\/noticias\\\/category\\\/noticias-carreno\\\/#listItem\",\"name\":\"Noticias Carre\\u00f1o\"}}]},{\"@type\":\"NewsArticle\",\"@id\":\"https:\\\/\\\/candas365.es\\\/noticias\\\/carreno-ofrecera-ayudas-para-el-pago-de-suministros-energeticos\\\/#newsarticle\",\"name\":\"Carre\\u00f1o ofrecer\\u00e1 ayudas para el pago de suministros energ\\u00e9ticos | Cand\\u00e1s 365\",\"headline\":\"Carre\\u00f1o ofrecer\\u00e1 ayudas para el pago de suministros energ\\u00e9ticos\",\"author\":{\"@id\":\"https:\\\/\\\/candas365.es\\\/noticias\\\/author\\\/admin\\\/#author\"},\"publisher\":{\"@id\":\"https:\\\/\\\/candas365.es\\\/noticias\\\/#organization\"},\"image\":{\"@type\":\"ImageObject\",\"url\":\"https:\\\/\\\/candas365.es\\\/noticias\\\/wp-content\\\/uploads\\\/2015\\\/01\\\/ayuntamiento.jpg\",\"width\":800,\"height\":600,\"caption\":\"Carre\\u00f1o\"},\"datePublished\":\"2019-10-08T18:28:59+02:00\",\"dateModified\":\"2019-10-08T18:28:59+02:00\",\"inLanguage\":\"es-ES\",\"mainEntityOfPage\":{\"@id\":\"https:\\\/\\\/candas365.es\\\/noticias\\\/carreno-ofrecera-ayudas-para-el-pago-de-suministros-energeticos\\\/#webpage\"},\"isPartOf\":{\"@id\":\"https:\\\/\\\/candas365.es\\\/noticias\\\/carreno-ofrecera-ayudas-para-el-pago-de-suministros-energeticos\\\/#webpage\"},\"articleSection\":\"Noticias Carre\\u00f1o\",\"dateline\":\"Publicado el octubre 8, 2019.\"},{\"@type\":\"Organization\",\"@id\":\"https:\\\/\\\/candas365.es\\\/noticias\\\/#organization\",\"name\":\"Cand\\u00e1s 365\",\"description\":\"Cand\\u00e1s 365 es un diario digital independiente, fundado en 2012, con base en Asturias. Informamos con rigor sobre actualidad, sociedad, cultura y ocio, con una mirada local y global.\",\"url\":\"https:\\\/\\\/candas365.es\\\/noticias\\\/\",\"email\":\"info@candas365.es\",\"telephone\":\"+34652131393\",\"foundingDate\":\"2012-06-10\",\"logo\":{\"@type\":\"ImageObject\",\"url\":\"https:\\\/\\\/candas365.es\\\/noticias\\\/wp-content\\\/uploads\\\/2024\\\/09\\\/Candas-365-Redes.jpg\",\"@id\":\"https:\\\/\\\/candas365.es\\\/noticias\\\/carreno-ofrecera-ayudas-para-el-pago-de-suministros-energeticos\\\/#organizationLogo\",\"width\":1152,\"height\":864,\"caption\":\"Cand\\u00e1s 365 Redes\"},\"image\":{\"@id\":\"https:\\\/\\\/candas365.es\\\/noticias\\\/carreno-ofrecera-ayudas-para-el-pago-de-suministros-energeticos\\\/#organizationLogo\"},\"sameAs\":[\"https:\\\/\\\/www.facebook.com\\\/Nachofdezber\",\"https:\\\/\\\/x.com\\\/NabercoDigital\",\"https:\\\/\\\/www.instagram.com\\\/nachofdezber\\\/\",\"https:\\\/\\\/www.youtube.com\\\/channel\\\/UCZP-2wLEB9Rv6erhFmqVnvg\"],\"address\":{\"@id\":\"https:\\\/\\\/candas365.es\\\/noticias\\\/#postaladdress\",\"@type\":\"PostalAddress\",\"streetAddress\":\"san antonio 4, san antonio 4\",\"postalCode\":\"33430\",\"addressLocality\":\"Cand\\u00e1s\",\"addressRegion\":\"Asturias\",\"addressCountry\":\"ES\"}},{\"@type\":\"Person\",\"@id\":\"https:\\\/\\\/candas365.es\\\/noticias\\\/author\\\/admin\\\/#author\",\"url\":\"https:\\\/\\\/candas365.es\\\/noticias\\\/author\\\/admin\\\/\",\"name\":\"Cand\\u00e1s 365\",\"image\":{\"@type\":\"ImageObject\",\"@id\":\"https:\\\/\\\/candas365.es\\\/noticias\\\/carreno-ofrecera-ayudas-para-el-pago-de-suministros-energeticos\\\/#authorImage\",\"url\":\"https:\\\/\\\/secure.gravatar.com\\\/avatar\\\/496a8e03d0c493ede1718b7934145dbdf8d89be1036b0eec9544e1094c9de390?s=96&d=mm&r=g\",\"width\":96,\"height\":96,\"caption\":\"Cand\\u00e1s 365\"},\"sameAs\":[\"https:\\\/\\\/www.facebook.com\\\/carrenoactualidad\",\"https:\\\/\\\/twitter.com\\\/nbasturias\",\"https:\\\/\\\/www.instagram.com\\\/nachofdezber\\\/\",\"https:\\\/\\\/www.youtube.com\\\/channel\\\/UCZP-2wLEB9Rv6erhFmqVnvg\"]},{\"@type\":\"WebPage\",\"@id\":\"https:\\\/\\\/candas365.es\\\/noticias\\\/carreno-ofrecera-ayudas-para-el-pago-de-suministros-energeticos\\\/#webpage\",\"url\":\"https:\\\/\\\/candas365.es\\\/noticias\\\/carreno-ofrecera-ayudas-para-el-pago-de-suministros-energeticos\\\/\",\"name\":\"Carre\\u00f1o ofrecer\\u00e1 ayudas para el pago de suministros energ\\u00e9ticos | Cand\\u00e1s 365\",\"description\":\"La alcaldesa de Carre\\u00f1o, Amelia Fern\\u00e1ndez, anunci\\u00f3 este martes mediante un comunicado de prensa que dentro del Convenio de financiaci\\u00f3n del Plan Concertado de Prestaciones Sociales B\\u00e1sicas firmado por el Principado de Asturias y el Ayuntamiento de Carre\\u00f1o para el ejercicio 2019, se contemplan las ayudas para el pago de suministros energ\\u00e9ticos por importe de 22.050\",\"inLanguage\":\"es-ES\",\"isPartOf\":{\"@id\":\"https:\\\/\\\/candas365.es\\\/noticias\\\/#website\"},\"breadcrumb\":{\"@id\":\"https:\\\/\\\/candas365.es\\\/noticias\\\/carreno-ofrecera-ayudas-para-el-pago-de-suministros-energeticos\\\/#breadcrumblist\"},\"author\":{\"@id\":\"https:\\\/\\\/candas365.es\\\/noticias\\\/author\\\/admin\\\/#author\"},\"creator\":{\"@id\":\"https:\\\/\\\/candas365.es\\\/noticias\\\/author\\\/admin\\\/#author\"},\"image\":{\"@type\":\"ImageObject\",\"url\":\"https:\\\/\\\/candas365.es\\\/noticias\\\/wp-content\\\/uploads\\\/2015\\\/01\\\/ayuntamiento.jpg\",\"@id\":\"https:\\\/\\\/candas365.es\\\/noticias\\\/carreno-ofrecera-ayudas-para-el-pago-de-suministros-energeticos\\\/#mainImage\",\"width\":800,\"height\":600,\"caption\":\"Carre\\u00f1o\"},\"primaryImageOfPage\":{\"@id\":\"https:\\\/\\\/candas365.es\\\/noticias\\\/carreno-ofrecera-ayudas-para-el-pago-de-suministros-energeticos\\\/#mainImage\"},\"datePublished\":\"2019-10-08T18:28:59+02:00\",\"dateModified\":\"2019-10-08T18:28:59+02:00\"},{\"@type\":\"WebSite\",\"@id\":\"https:\\\/\\\/candas365.es\\\/noticias\\\/#website\",\"url\":\"https:\\\/\\\/candas365.es\\\/noticias\\\/\",\"name\":\"Cand\\u00e1s 365\",\"alternateName\":\"Cand\\u00e1s 365 Noticias\",\"description\":\"Actualidad desde Carre\\u00f1o para el mundo\",\"inLanguage\":\"es-ES\",\"publisher\":{\"@id\":\"https:\\\/\\\/candas365.es\\\/noticias\\\/#organization\"}}]}\n\t\t<\/script>\n\t\t<!-- All in One SEO Pro -->\r\n\t\t<title>Carre\u00f1o ofrecer\u00e1 ayudas para el pago de suministros energ\u00e9ticos | Cand\u00e1s 365<\/title>\n\n","aioseo_head_json":{"title":"Carre\u00f1o ofrecer\u00e1 ayudas para el pago de suministros energ\u00e9ticos | Cand\u00e1s 365","description":"La alcaldesa de Carre\u00f1o, Amelia Fern\u00e1ndez, anunci\u00f3 este martes mediante un comunicado de prensa que dentro del Convenio de financiaci\u00f3n del Plan Concertado de Prestaciones Sociales B\u00e1sicas firmado por el Principado de Asturias y el Ayuntamiento de Carre\u00f1o para el ejercicio 2019, se contemplan las ayudas para el pago de suministros energ\u00e9ticos por importe de 22.050","canonical_url":"https:\/\/candas365.es\/noticias\/carreno-ofrecera-ayudas-para-el-pago-de-suministros-energeticos\/","robots":"max-image-preview:large","keywords":"noticias carre\u00f1o","webmasterTools":{"google-site-verification":"UA-32230408-1","msvalidate.01":"354F3CDFB2DA171B47FBE9ABF1F88D5","miscellaneous":""},"schema":{"@context":"https:\/\/schema.org","@graph":[{"@type":"BreadcrumbList","@id":"https:\/\/candas365.es\/noticias\/carreno-ofrecera-ayudas-para-el-pago-de-suministros-energeticos\/#breadcrumblist","itemListElement":[{"@type":"ListItem","@id":"https:\/\/candas365.es\/noticias#listItem","position":1,"name":"Home","item":"https:\/\/candas365.es\/noticias","nextItem":{"@type":"ListItem","@id":"https:\/\/candas365.es\/noticias\/category\/noticias-carreno\/#listItem","name":"Noticias Carre\u00f1o"}},{"@type":"ListItem","@id":"https:\/\/candas365.es\/noticias\/category\/noticias-carreno\/#listItem","position":2,"name":"Noticias Carre\u00f1o","item":"https:\/\/candas365.es\/noticias\/category\/noticias-carreno\/","nextItem":{"@type":"ListItem","@id":"https:\/\/candas365.es\/noticias\/carreno-ofrecera-ayudas-para-el-pago-de-suministros-energeticos\/#listItem","name":"Carre\u00f1o ofrecer\u00e1 ayudas para el pago de suministros energ\u00e9ticos"},"previousItem":{"@type":"ListItem","@id":"https:\/\/candas365.es\/noticias#listItem","name":"Home"}},{"@type":"ListItem","@id":"https:\/\/candas365.es\/noticias\/carreno-ofrecera-ayudas-para-el-pago-de-suministros-energeticos\/#listItem","position":3,"name":"Carre\u00f1o ofrecer\u00e1 ayudas para el pago de suministros energ\u00e9ticos","previousItem":{"@type":"ListItem","@id":"https:\/\/candas365.es\/noticias\/category\/noticias-carreno\/#listItem","name":"Noticias Carre\u00f1o"}}]},{"@type":"NewsArticle","@id":"https:\/\/candas365.es\/noticias\/carreno-ofrecera-ayudas-para-el-pago-de-suministros-energeticos\/#newsarticle","name":"Carre\u00f1o ofrecer\u00e1 ayudas para el pago de suministros energ\u00e9ticos | Cand\u00e1s 365","headline":"Carre\u00f1o ofrecer\u00e1 ayudas para el pago de suministros energ\u00e9ticos","author":{"@id":"https:\/\/candas365.es\/noticias\/author\/admin\/#author"},"publisher":{"@id":"https:\/\/candas365.es\/noticias\/#organization"},"image":{"@type":"ImageObject","url":"https:\/\/candas365.es\/noticias\/wp-content\/uploads\/2015\/01\/ayuntamiento.jpg","width":800,"height":600,"caption":"Carre\u00f1o"},"datePublished":"2019-10-08T18:28:59+02:00","dateModified":"2019-10-08T18:28:59+02:00","inLanguage":"es-ES","mainEntityOfPage":{"@id":"https:\/\/candas365.es\/noticias\/carreno-ofrecera-ayudas-para-el-pago-de-suministros-energeticos\/#webpage"},"isPartOf":{"@id":"https:\/\/candas365.es\/noticias\/carreno-ofrecera-ayudas-para-el-pago-de-suministros-energeticos\/#webpage"},"articleSection":"Noticias Carre\u00f1o","dateline":"Publicado el octubre 8, 2019."},{"@type":"Organization","@id":"https:\/\/candas365.es\/noticias\/#organization","name":"Cand\u00e1s 365","description":"Cand\u00e1s 365 es un diario digital independiente, fundado en 2012, con base en Asturias. Informamos con rigor sobre actualidad, sociedad, cultura y ocio, con una mirada local y global.","url":"https:\/\/candas365.es\/noticias\/","email":"info@candas365.es","telephone":"+34652131393","foundingDate":"2012-06-10","logo":{"@type":"ImageObject","url":"https:\/\/candas365.es\/noticias\/wp-content\/uploads\/2024\/09\/Candas-365-Redes.jpg","@id":"https:\/\/candas365.es\/noticias\/carreno-ofrecera-ayudas-para-el-pago-de-suministros-energeticos\/#organizationLogo","width":1152,"height":864,"caption":"Cand\u00e1s 365 Redes"},"image":{"@id":"https:\/\/candas365.es\/noticias\/carreno-ofrecera-ayudas-para-el-pago-de-suministros-energeticos\/#organizationLogo"},"sameAs":["https:\/\/www.facebook.com\/Nachofdezber","https:\/\/x.com\/NabercoDigital","https:\/\/www.instagram.com\/nachofdezber\/","https:\/\/www.youtube.com\/channel\/UCZP-2wLEB9Rv6erhFmqVnvg"],"address":{"@id":"https:\/\/candas365.es\/noticias\/#postaladdress","@type":"PostalAddress","streetAddress":"san antonio 4, san antonio 4","postalCode":"33430","addressLocality":"Cand\u00e1s","addressRegion":"Asturias","addressCountry":"ES"}},{"@type":"Person","@id":"https:\/\/candas365.es\/noticias\/author\/admin\/#author","url":"https:\/\/candas365.es\/noticias\/author\/admin\/","name":"Cand\u00e1s 365","image":{"@type":"ImageObject","@id":"https:\/\/candas365.es\/noticias\/carreno-ofrecera-ayudas-para-el-pago-de-suministros-energeticos\/#authorImage","url":"https:\/\/secure.gravatar.com\/avatar\/496a8e03d0c493ede1718b7934145dbdf8d89be1036b0eec9544e1094c9de390?s=96&d=mm&r=g","width":96,"height":96,"caption":"Cand\u00e1s 365"},"sameAs":["https:\/\/www.facebook.com\/carrenoactualidad","https:\/\/twitter.com\/nbasturias","https:\/\/www.instagram.com\/nachofdezber\/","https:\/\/www.youtube.com\/channel\/UCZP-2wLEB9Rv6erhFmqVnvg"]},{"@type":"WebPage","@id":"https:\/\/candas365.es\/noticias\/carreno-ofrecera-ayudas-para-el-pago-de-suministros-energeticos\/#webpage","url":"https:\/\/candas365.es\/noticias\/carreno-ofrecera-ayudas-para-el-pago-de-suministros-energeticos\/","name":"Carre\u00f1o ofrecer\u00e1 ayudas para el pago de suministros energ\u00e9ticos | Cand\u00e1s 365","description":"La alcaldesa de Carre\u00f1o, Amelia Fern\u00e1ndez, anunci\u00f3 este martes mediante un comunicado de prensa que dentro del Convenio de financiaci\u00f3n del Plan Concertado de Prestaciones Sociales B\u00e1sicas firmado por el Principado de Asturias y el Ayuntamiento de Carre\u00f1o para el ejercicio 2019, se contemplan las ayudas para el pago de suministros energ\u00e9ticos por importe de 22.050","inLanguage":"es-ES","isPartOf":{"@id":"https:\/\/candas365.es\/noticias\/#website"},"breadcrumb":{"@id":"https:\/\/candas365.es\/noticias\/carreno-ofrecera-ayudas-para-el-pago-de-suministros-energeticos\/#breadcrumblist"},"author":{"@id":"https:\/\/candas365.es\/noticias\/author\/admin\/#author"},"creator":{"@id":"https:\/\/candas365.es\/noticias\/author\/admin\/#author"},"image":{"@type":"ImageObject","url":"https:\/\/candas365.es\/noticias\/wp-content\/uploads\/2015\/01\/ayuntamiento.jpg","@id":"https:\/\/candas365.es\/noticias\/carreno-ofrecera-ayudas-para-el-pago-de-suministros-energeticos\/#mainImage","width":800,"height":600,"caption":"Carre\u00f1o"},"primaryImageOfPage":{"@id":"https:\/\/candas365.es\/noticias\/carreno-ofrecera-ayudas-para-el-pago-de-suministros-energeticos\/#mainImage"},"datePublished":"2019-10-08T18:28:59+02:00","dateModified":"2019-10-08T18:28:59+02:00"},{"@type":"WebSite","@id":"https:\/\/candas365.es\/noticias\/#website","url":"https:\/\/candas365.es\/noticias\/","name":"Cand\u00e1s 365","alternateName":"Cand\u00e1s 365 Noticias","description":"Actualidad desde Carre\u00f1o para el mundo","inLanguage":"es-ES","publisher":{"@id":"https:\/\/candas365.es\/noticias\/#organization"}}]},"og:locale":"es_ES","og:site_name":"Cand\u00e1s 365","og:type":"article","og:title":"Carre\u00f1o ofrecer\u00e1 ayudas para el pago de suministros energ\u00e9ticos | Cand\u00e1s 365","og:description":"La alcaldesa de Carre\u00f1o, Amelia Fern\u00e1ndez, anunci\u00f3 este martes mediante un comunicado de prensa que dentro del Convenio de financiaci\u00f3n del Plan Concertado de Prestaciones Sociales B\u00e1sicas firmado por el Principado de Asturias y el Ayuntamiento de Carre\u00f1o para el ejercicio 2019, se contemplan las ayudas para el pago de suministros energ\u00e9ticos por importe de 22.050","og:url":"https:\/\/candas365.es\/noticias\/carreno-ofrecera-ayudas-para-el-pago-de-suministros-energeticos\/","og:image":"https:\/\/candas365.es\/noticias\/wp-content\/uploads\/2015\/01\/ayuntamiento.jpg","og:image:secure_url":"https:\/\/candas365.es\/noticias\/wp-content\/uploads\/2015\/01\/ayuntamiento.jpg","og:image:width":800,"og:image:height":600,"article:published_time":"2019-10-08T18:28:59+00:00","article:modified_time":"2019-10-08T18:28:59+00:00","article:publisher":"https:\/\/www.facebook.com\/Nachofdezber","article:author":"https:\/\/www.facebook.com\/carrenoactualidad","twitter:card":"summary_large_image","twitter:site":"@NabercoDigital","twitter:title":"Carre\u00f1o ofrecer\u00e1 ayudas para el pago de suministros energ\u00e9ticos | Cand\u00e1s 365","twitter:description":"La alcaldesa de Carre\u00f1o, Amelia Fern\u00e1ndez, anunci\u00f3 este martes mediante un comunicado de prensa que dentro del Convenio de financiaci\u00f3n del Plan Concertado de Prestaciones Sociales B\u00e1sicas firmado por el Principado de Asturias y el Ayuntamiento de Carre\u00f1o para el ejercicio 2019, se contemplan las ayudas para el pago de suministros energ\u00e9ticos por importe de 22.050","twitter:creator":"@nbasturias","twitter:image":"https:\/\/candas365.es\/noticias\/wp-content\/uploads\/2015\/01\/ayuntamiento.jpg","twitter:label1":"Escrito por","twitter:data1":"Cand\u00e1s 365","twitter:label2":"Tiempo de lectura estimado","twitter:data2":"2 minutos"},"aioseo_meta_data":{"post_id":"131064","title":null,"description":null,"keywords":null,"keyphrases":null,"primary_term":null,"canonical_url":null,"og_title":null,"og_description":null,"og_object_type":"default","og_image_type":"default","og_image_url":null,"og_image_width":null,"og_image_height":null,"og_image_custom_url":null,"og_image_custom_fields":null,"og_video":null,"og_custom_url":null,"og_article_section":null,"og_article_tags":null,"twitter_use_og":false,"twitter_card":"default","twitter_image_type":"default","twitter_image_url":null,"twitter_image_custom_url":null,"twitter_image_custom_fields":null,"twitter_title":null,"twitter_description":null,"schema":{"blockGraphs":[],"customGraphs":[],"default":{"data":{"Article":[],"Course":[],"Dataset":[],"FAQPage":[],"Movie":[],"Person":[],"Product":[],"ProductReview":[],"Car":[],"Recipe":[],"Service":[],"SoftwareApplication":[],"WebPage":[]},"graphName":"","isEnabled":true},"graphs":[],"defaultGraph":"","defaultPostTypeGraph":""},"schema_type":null,"schema_type_options":null,"pillar_content":false,"robots_default":true,"robots_noindex":false,"robots_noarchive":false,"robots_nosnippet":false,"robots_nofollow":false,"robots_noimageindex":false,"robots_noodp":false,"robots_notranslate":false,"robots_max_snippet":null,"robots_max_videopreview":null,"robots_max_imagepreview":"large","priority":null,"frequency":null,"location":null,"local_seo":null,"seo_analyzer_scan_date":"2025-08-30 15:09:20","breadcrumb_settings":null,"limit_modified_date":false,"reviewed_by":null,"open_ai":null,"ai":null,"created":"2020-12-21 10:51:56","updated":"2025-08-30 15:09:20"},"aioseo_breadcrumb":"<div class=\"aioseo-breadcrumbs\"><span class=\"aioseo-breadcrumb\">\n\t<a href=\"https:\/\/candas365.es\/noticias\" title=\"Home\">Home<\/a>\n<\/span><span class=\"aioseo-breadcrumb-separator\">&ndash;<\/span><span class=\"aioseo-breadcrumb\">\n\t<a href=\"https:\/\/candas365.es\/noticias\/category\/noticias-carreno\/\" title=\"Noticias Carre\u00f1o\">Noticias Carre\u00f1o<\/a>\n<\/span><span class=\"aioseo-breadcrumb-separator\">&ndash;<\/span><span class=\"aioseo-breadcrumb\">\n\tCarre\u00f1o ofrecer\u00e1 ayudas para el pago de suministros energ\u00e9ticos\n<\/span><\/div>","aioseo_breadcrumb_json":[{"label":"Home","link":"https:\/\/candas365.es\/noticias"},{"label":"Noticias Carre\u00f1o","link":"https:\/\/candas365.es\/noticias\/category\/noticias-carreno\/"},{"label":"Carre\u00f1o ofrecer\u00e1 ayudas para el pago de suministros energ\u00e9ticos","link":"https:\/\/candas365.es\/noticias\/carreno-ofrecera-ayudas-para-el-pago-de-suministros-energeticos\/"}],"_links":{"self":[{"href":"https:\/\/candas365.es\/noticias\/wp-json\/wp\/v2\/posts\/131064","targetHints":{"allow":["GET"]}}],"collection":[{"href":"https:\/\/candas365.es\/noticias\/wp-json\/wp\/v2\/posts"}],"about":[{"href":"https:\/\/candas365.es\/noticias\/wp-json\/wp\/v2\/types\/post"}],"author":[{"embeddable":true,"href":"https:\/\/candas365.es\/noticias\/wp-json\/wp\/v2\/users\/1"}],"replies":[{"embeddable":true,"href":"https:\/\/candas365.es\/noticias\/wp-json\/wp\/v2\/comments?post=131064"}],"version-history":[{"count":0,"href":"https:\/\/candas365.es\/noticias\/wp-json\/wp\/v2\/posts\/131064\/revisions"}],"wp:featuredmedia":[{"embeddable":true,"href":"https:\/\/candas365.es\/noticias\/wp-json\/wp\/v2\/media\/6453"}],"wp:attachment":[{"href":"https:\/\/candas365.es\/noticias\/wp-json\/wp\/v2\/media?parent=131064"}],"wp:term":[{"taxonomy":"category","embeddable":true,"href":"https:\/\/candas365.es\/noticias\/wp-json\/wp\/v2\/categories?post=131064"},{"taxonomy":"post_tag","embeddable":true,"href":"https:\/\/candas365.es\/noticias\/wp-json\/wp\/v2\/tags?post=131064"}],"curies":[{"name":"wp","href":"https:\/\/api.w.org\/{rel}","templated":true}]}}